{"id":1032813,"date":"2019-06-28T01:01:09","date_gmt":"2019-06-28T01:01:09","guid":{"rendered":"https:\/\/www.eldigitaldeasturias.com\/noticias\/?p=1032813"},"modified":"2019-06-28T01:01:09","modified_gmt":"2019-06-28T01:01:09","slug":"gijon-impulsa-y-la-milla-del-conocimiento-referente-empresarial-del-suroeste-de-europa","status":"publish","type":"post","link":"https:\/\/www.eldigitaldeasturias.com\/noticias\/gijon-impulsa-y-la-milla-del-conocimiento-referente-empresarial-del-suroeste-de-europa\/","title":{"rendered":"Gij\u00f3n Impulsa y La Milla del Conocimiento: referente empresarial del suroeste de Europa"},"content":{"rendered":"<p><img loading=\"lazy\" decoding=\"async\" class=\"alignleft size-medium wp-image-1032814\" src=\"https:\/\/www.eldigitaldeasturias.com\/noticias\/wp-content\/uploads\/2019\/06\/1561560523_Fotograf_a_Milla_2013-360x239.jpg\" alt=\"\" width=\"360\" height=\"239\" srcset=\"https:\/\/www.eldigitaldeasturias.com\/noticias\/wp-content\/uploads\/2019\/06\/1561560523_Fotograf_a_Milla_2013-360x239.jpg 360w, https:\/\/www.eldigitaldeasturias.com\/noticias\/wp-content\/uploads\/2019\/06\/1561560523_Fotograf_a_Milla_2013-768x511.jpg 768w, https:\/\/www.eldigitaldeasturias.com\/noticias\/wp-content\/uploads\/2019\/06\/1561560523_Fotograf_a_Milla_2013-650x432.jpg 650w, https:\/\/www.eldigitaldeasturias.com\/noticias\/wp-content\/uploads\/2019\/06\/1561560523_Fotograf_a_Milla_2013-1536x1020.jpg 1536w, https:\/\/www.eldigitaldeasturias.com\/noticias\/wp-content\/uploads\/2019\/06\/1561560523_Fotograf_a_Milla_2013-1024x681.jpg 1024w, https:\/\/www.eldigitaldeasturias.com\/noticias\/wp-content\/uploads\/2019\/06\/1561560523_Fotograf_a_Milla_2013-675x450.jpg 675w\" sizes=\"auto, (max-width: 360px) 100vw, 360px\" \/>En el a\u00f1o 2000 se inaugur\u00f3 el Parque Cient\u00edfico Tecnol\u00f3gico de Gij\u00f3n, el primero de nuestro pa\u00eds impulsado enteramente por iniciativa consistorial (Gij\u00f3n Impulsa). Con\u00a0<strong>171 empresas<\/strong>, m\u00e1s de\u00a0<strong>4.200 trabajadores<\/strong>\u00a0y una\u00a0<strong>facturaci\u00f3n global que supera los 1.700 millones de euros<\/strong>, acoge el ambicioso proyecto empresarial \u2018la Milla del Conocimiento\u2019. Ubicada dentro del distrito este de Gij\u00f3n, acoge a empresas e instituciones p\u00fablicas donde la tecnolog\u00eda y la ciencia conviven con el arte y la cultura. Actualmente se halla inmersa en un\u00a0<strong>proyecto de ampliaci\u00f3n<\/strong>\u00a0de 220.000 m2 en el que se prev\u00e9 duplicar su espacio actual y transformarlo en uno de los\u00a0<strong>distritos de innovaci\u00f3n de referencia en el sur de Europa<\/strong>\u00a0que d\u00e9 respuesta al<strong>\u00a0empleado tecnol\u00f3gico del futuro y\u00a0<\/strong>donde grandes multinacionales puedan desarrollar<strong>\u00a0proyectos de alto impacto<\/strong>. Esta ampliaci\u00f3n pretende pasar de la creaci\u00f3n\u00a0<strong>de \u2018espacios-recinto\u2019 a \u2018espacios-tejido\u2019<\/strong>, m\u00e1s flexibles y funcionales, acorde a los nuevos modelos de empresa y su crecimiento.<\/p>\n<p>La realidad es que\u00a0<strong>Espa\u00f1a est\u00e1 por delante de pa\u00edses como Alemania o Reino Unido<\/strong>\u00a0como contexto favorable al emprendimiento, seg\u00fan el Informe Mundial GEM 2018\/2019 (Global Entrepreneurship Monitor), y\u00a0<strong>encabeza la paridad<\/strong>\u00a0en el entorno emprendedor europeo.<\/p>\n<p>Adem\u00e1s, el \u00faltimo estudio realizado por la Fundaci\u00f3n Cotec para la Innovaci\u00f3n y el Instituto Valenciano de Investigaciones Econ\u00f3micas (Ivie),\u00a0<strong>Asturias ocupa el quinto lugar como regi\u00f3n d\u00f3nde se facilita, atrae y retiene el talento<\/strong>, en un ranking de 17 comunidades aut\u00f3nomas. Asimismo, Asturias ha sido reconocida como\u00a0<strong>\u00abRegi\u00f3n Emprendedora Europea 2019\u00bb (REE) por el Comit\u00e9 de las Regiones de la Uni\u00f3n Europea<\/strong>\u00a0que contempla cada a\u00f1o a tres territorios europeos que muestren una estrategia destacada e innovadora en materia de emprendimiento.<\/p>\n<p>\u00abComo Centro Tecnol\u00f3gico hemos tenido la ocasi\u00f3n de conocer de primera mano ecosistemas de innovaci\u00f3n en muy diversos pa\u00edses y de colaborar con muchos de ellos. Por otro lado, tenemos la gran suerte de ser parte del ecosistema de innovaci\u00f3n de la Milla del Conocimiento y, lo que estamos construyendo entre todos y la evoluci\u00f3n que vemos a\u00f1o a a\u00f1o, nos recuerda a muchos de esos casos de \u00e9xito que hemos visto en otros lugares. Estamos experimentando el nacimiento de un referente europeo\u00bb, indica Pablo Coca, Director de Negocio y Operaciones CTIC Centro Tecnol\u00f3gico.<\/p>\n<h4><strong>Las claves de la Milla del Conocimiento: innovaci\u00f3n, intercambio de conocimiento y calidad de vida<\/strong><\/h4>\n<p>En este marco, se ha creado un centro de emprendimiento e innovaci\u00f3n abierta que se ha consolidado como uno de los <strong>ecosistemas referentes en el suroeste de Europa:\u00a0<span style=\"color: #ff6600;\"><a style=\"color: #ff6600;\" href=\"https:\/\/impulsa.gijon.es\/noticias\/show\/38329-nace-startup-community\" target=\"_blank\" rel=\"nofollow noopener noreferrer\">Comunidad<\/a><\/span>\u00a0Milla del Conocimiento<\/strong>, una comunidad de empresas ubicadas en las incubadoras de Impulsa (p\u00fablicas y privadas) y el resto de infraestructuras del propio ecosistema del\u00a0<span style=\"color: #ff6600;\"><strong><a style=\"color: #ff6600;\" href=\"https:\/\/impulsa.gijon.es\/page\/10936-parque-cientifico-tecnologico-de-gijon\" target=\"_blank\" rel=\"nofollow noopener noreferrer\">Espacio Tecnol\u00f3gico Campus<\/a><\/strong><\/span>\u00a0de Gij\u00f3n.<\/p>\n<p>\u201cLos principales prop\u00f3sitos de la Comunidad Milla del Conocimiento son\u00a0<strong>fortalecer la comunidad emprendedora<\/strong>, creando y fomentando un entorno de atracci\u00f3n y desarrollo de\u00a0<strong>talento local, nacional e internacional<\/strong>; as\u00ed como descentralizar los principales polos de emprendimiento en nuestro pa\u00eds, ofreciendo un amplio abanico de oportunidades en la\u00a0<strong>punta de lanza de la innovaci\u00f3n y la tecnolog\u00eda, con unos niveles de alta calidad de vida<\/strong>\u00a0y costes m\u00e1s bajos que no pueden compararse a otras ciudades m\u00e1s masificadas\u201d apunta Marta Gonz\u00e1lez, coordinadora de la Comunidad Milla del Conocimiento.<\/p>\n<p>Actualmente forman parte del ecosistema proyectos de los siguientes sectores: audiovisual. consultor\u00eda y asesor\u00eda, electr\u00f3nica y telecomunicaciones, construcci\u00f3n, energ\u00eda y medio ambiente, ingenier\u00eda y dise\u00f1o industrial, medicina y biociencias, organismos y asociaciones, TIC, transportes y log\u00edstica y servicios de diferentes tipos. Algunos de los proyectos m\u00e1s innovadores que forman parte de la comunidad son, entre otras,\u00a0<span style=\"color: #ff6600;\"><strong><a style=\"color: #ff6600;\" href=\"https:\/\/www.waldenmedical.com\/\" target=\"_blank\" rel=\"nofollow noopener noreferrer\">Walden Medical<\/a><\/strong><\/span>, es una empresa de neurotecnolog\u00eda que est\u00e1 desarrollando sistemas de neuromodulaci\u00f3n para el tratamiento de des\u00f3rdenes vinculados al sistema nervioso;\u00a0<span style=\"color: #ff6600;\"><strong><a style=\"color: #ff6600;\" href=\"http:\/\/www.triditive.com\/\" target=\"_blank\" rel=\"nofollow noopener noreferrer\">Triditive<\/a><\/strong><\/span>, es un centro de fabricaci\u00f3n aditiva en serie de piezas en metal y pol\u00edmeros que adem\u00e1s desarrolla maquinaria industrial automatizada para la producci\u00f3n de lotes de piezas finales;\u00a0<span style=\"color: #ff6600;\"><strong><a style=\"color: #ff6600;\" href=\"https:\/\/svmac.es\/es\/\" target=\"_blank\" rel=\"nofollow noopener noreferrer\">SVAMC<\/a><\/strong><\/span>, es una compa\u00f1\u00eda que dise\u00f1a, desarrolla y fabrica una nueva generaci\u00f3n de maquinaria para agricultura de precisi\u00f3n que contribuya a la sostenibilidad econ\u00f3mica y medioambiental;\u00a0<span style=\"color: #ff6600;\"><strong><a style=\"color: #ff6600;\" href=\"https:\/\/www.microviable.com\/\" target=\"_blank\" rel=\"nofollow noopener noreferrer\">Microviable<\/a><\/strong><\/span>, ofrece soluciones en el \u00e1mbito de la microbiota intestinal mediante el desarrollo de nuevos bioterap\u00e9uticos que permiten mejorar la calidad de vida;\u00a0<span style=\"color: #ff6600;\"><strong><a style=\"color: #ff6600;\" href=\"https:\/\/sotysolar.es\/\" target=\"_blank\" rel=\"nofollow noopener noreferrer\">Sotysolar<\/a><\/strong><\/span>\u00a0compa\u00f1\u00eda especializada en energ\u00eda procedente del sol y en autoconsumo el\u00e9ctrico; en\u00a0<span style=\"color: #ff6600;\"><strong><a style=\"color: #ff6600;\" href=\"https:\/\/www.spodha.com\/\" target=\"_blank\" rel=\"nofollow noopener noreferrer\">Human Analytics<\/a><\/strong><\/span>, cuentan con herramientas como un l\u00e1piz medidor que ayuda a los facultativos a medir la sensibilidad del dolor de los pacientes o\u00a0<a href=\"https:\/\/zapiens.ai\/\" target=\"_blank\" rel=\"nofollow noopener noreferrer\"><span style=\"color: #ff6600;\"><strong>Zapiens,<\/strong><\/span><\/a> un sistema de inteligencia colectiva que permite almacenar y compartir el conocimiento de un grupo.<\/p>\n<p>Mar\u00eda Gonz\u00e1lez, COO y cofundadora de<span style=\"color: #ff6600;\"><strong>\u00a0<a style=\"color: #ff6600;\" href=\"https:\/\/routive.com\/\" target=\"_blank\" rel=\"nofollow noopener noreferrer\">Routive<\/a><\/strong><\/span>, startup que forma parte del ecosistema resalta que \u201cNuestra aventura empresarial comenz\u00f3 en Londres, pero volvimos a Gij\u00f3n porque las facilidades y el apoyo que encontramos en La Milla del Conocimiento fueron vitales, no solo para nuestra supervivencia como compa\u00f1\u00eda sino tambi\u00e9n para conocer a otra gente que pasaba por lo mismo por lo que nosotros est\u00e1bamos viviendo a diario. Actualmente trabajamos d\u00eda a d\u00eda en la incubadora de Impulsa junto a empresas con las que colaboramos, aprendemos y nos relacionamos a trav\u00e9s de la Comunidad de la Milla del Conocimiento que est\u00e1 consiguiendo ser un nexo de uni\u00f3n entre las empresas de este polo tecnol\u00f3gico\u201d.<\/p>\n<h3><strong>Apoyo integral a los proyectos de innovaci\u00f3n\u00a0<\/strong><\/h3>\n<p>Gij\u00f3n Impulsa proporciona a los proyectos de innovaci\u00f3n que forman parte del ecosistema diferentes modalidades de apoyo, como espacios f\u00edsicos a trav\u00e9s de una <strong>infraestructura de m\u00e1s de\u00a0<\/strong><strong>18.000 m2<\/strong>\u00a0divididas en espacios coworking, oficinas, naves nido, talleres, laboratorios, etc.<\/p>\n<p>Tambi\u00e9n se\u00a0<strong>ayuda en la financiaci\u00f3n<\/strong>\u00a0de todas aquellas ideas que cuenten con suficiente talento para consolidarse, pero necesitan una ayuda al iniciar su actividad. Este impulso proviene del Ayuntamiento de Gij\u00f3n, que se ha convertido en la\u00a0<strong>primera entidad municipal de Espa\u00f1a<\/strong>\u00a0<strong>en utilizar<\/strong>\u00a0-desde 2010- el\u00a0<strong>capital riesgo para promocionar el desarrollo econ\u00f3mico a trav\u00e9s de la capitalizaci\u00f3n de proyectos empresariales innovadores<\/strong>. Esta iniciativa pionera ha contribuido a que puedan comenzar y consolidarse en el mercado\u00a0<strong>m\u00e1s de 61 empresas que han generado 530 puestos de trabajo<\/strong>.<\/p>\n<p>\u201cLa Milla del Conocimiento de Gij\u00f3n es en s\u00ed mismo un \u00f3rgano vivo formado por diversos agentes en los que la cooperaci\u00f3n p\u00fablico-privada alcanza cotas de eficiencia muy elevadas. Una de las consecuencias de mayor aportaci\u00f3n de valor de la Milla es la generaci\u00f3n de un ecosistema en el que los emprendedores encuentran el\u00a0<strong>h\u00e1bitat id\u00f3neo<\/strong>\u00a0para la creaci\u00f3n y desarrollo de proyectos empresariales, a modo de aceleradora de empresas, con acceso inmediato a espacios f\u00edsicos, apoyo tecnol\u00f3gico, asesoramiento avanzado, financiaci\u00f3n, networking o formaci\u00f3n\u201d, destaca Jes\u00fas Torres, Consejero Delegado de Torsa Capital, gestora del capital semilla y capital riesgo del ecosistema.<\/p>\n<p>&nbsp;<\/p>\n","protected":false},"excerpt":{"rendered":"<p>En el a\u00f1o 2000 se inaugur\u00f3 el Parque Cient\u00edfico Tecnol\u00f3gico de Gij\u00f3n, el primero de nuestro pa\u00eds impulsado enteramente por iniciativa consistorial (Gij\u00f3n Impulsa). Con\u00a0171 empresas, m\u00e1s de\u00a04.200 trabajadores\u00a0y una\u00a0facturaci\u00f3n global que supera los 1.700 millones de euros, acoge el ambicioso proyecto empresarial \u2018la Milla del Conocimiento\u2019. Ubicada dentro del distrito este de Gij\u00f3n, acoge [&hellip;]<\/p>\n","protected":false},"author":1,"featured_media":1032814,"comment_status":"open","ping_status":"closed","sticky":false,"template":"","format":"standard","meta":{"footnotes":""},"categories":[219],"tags":[],"class_list":["post-1032813","post","type-post","status-publish","format-standard","has-post-thumbnail","hentry","category-negocios-y-empresas"],"aioseo_notices":[],"aioseo_head":"\n\t\t<!-- All in One SEO Pro 4.9.6.2 - aioseo.com -->\n\t<meta name=\"description\" content=\"En el a\u00f1o 2000 se inaugur\u00f3 el Parque Cient\u00edfico Tecnol\u00f3gico de Gij\u00f3n, el primero de nuestro pa\u00eds impulsado enteramente por iniciativa consistorial (Gij\u00f3n Impulsa). Con 171 empresas, m\u00e1s de 4.200 trabajadores y una facturaci\u00f3n global que supera los 1.700 millones de euros, acoge el ambicioso proyecto empresarial \u2018la Milla del Conocimiento\u2019. Ubicada dentro del distrito este de Gij\u00f3n, acoge\" \/>\n\t<meta name=\"robots\" content=\"max-image-preview:large\" \/>\n\t<meta name=\"author\" content=\"El Digital de Asturias\"\/>\n\t<meta name=\"google-site-verification\" content=\"UA-38556648-1\" \/>\n\t<meta name=\"msvalidate.01\" content=\"7dfe9f3f1b24437ab69f4f2559babe99\" \/>\n\t<meta name=\"keywords\" content=\"negocios y empresas\" \/>\n\t<link rel=\"canonical\" href=\"https:\/\/www.eldigitaldeasturias.com\/noticias\/gijon-impulsa-y-la-milla-del-conocimiento-referente-empresarial-del-suroeste-de-europa\/\" \/>\n\t<meta name=\"generator\" content=\"All in One SEO Pro (AIOSEO) 4.9.6.2\" \/>\n\t\t<meta property=\"og:locale\" content=\"es_ES\" \/>\n\t\t<meta property=\"og:site_name\" content=\"El Digital de Asturias\" \/>\n\t\t<meta property=\"og:type\" content=\"article\" \/>\n\t\t<meta property=\"og:title\" content=\"Gij\u00f3n Impulsa y La Milla del Conocimiento: referente empresarial del suroeste de Europa - El Digital de Asturias\" \/>\n\t\t<meta property=\"og:description\" content=\"En el a\u00f1o 2000 se inaugur\u00f3 el Parque Cient\u00edfico Tecnol\u00f3gico de Gij\u00f3n, el primero de nuestro pa\u00eds impulsado enteramente por iniciativa consistorial (Gij\u00f3n Impulsa). Con 171 empresas, m\u00e1s de 4.200 trabajadores y una facturaci\u00f3n global que supera los 1.700 millones de euros, acoge el ambicioso proyecto empresarial \u2018la Milla del Conocimiento\u2019. Ubicada dentro del distrito este de Gij\u00f3n, acoge\" \/>\n\t\t<meta property=\"og:url\" content=\"https:\/\/www.eldigitaldeasturias.com\/noticias\/gijon-impulsa-y-la-milla-del-conocimiento-referente-empresarial-del-suroeste-de-europa\/\" \/>\n\t\t<meta property=\"og:image\" content=\"https:\/\/www.eldigitaldeasturias.com\/noticias\/wp-content\/uploads\/2019\/06\/1561560523_Fotograf_a_Milla_2013.jpg\" \/>\n\t\t<meta property=\"og:image:secure_url\" content=\"https:\/\/www.eldigitaldeasturias.com\/noticias\/wp-content\/uploads\/2019\/06\/1561560523_Fotograf_a_Milla_2013.jpg\" \/>\n\t\t<meta property=\"og:image:width\" content=\"2300\" \/>\n\t\t<meta property=\"og:image:height\" content=\"1530\" \/>\n\t\t<meta property=\"article:tag\" content=\"negocios y empresas\" \/>\n\t\t<meta property=\"article:published_time\" content=\"2019-06-28T01:01:09+00:00\" \/>\n\t\t<meta property=\"article:modified_time\" content=\"2019-06-28T01:01:09+00:00\" \/>\n\t\t<meta property=\"article:publisher\" content=\"https:\/\/facebook.com\/eldigitaldeasturias\" \/>\n\t\t<meta name=\"twitter:card\" content=\"summary_large_image\" \/>\n\t\t<meta name=\"twitter:title\" content=\"Gij\u00f3n Impulsa y La Milla del Conocimiento: referente empresarial del suroeste de Europa - El Digital de Asturias\" \/>\n\t\t<meta name=\"twitter:description\" content=\"En el a\u00f1o 2000 se inaugur\u00f3 el Parque Cient\u00edfico Tecnol\u00f3gico de Gij\u00f3n, el primero de nuestro pa\u00eds impulsado enteramente por iniciativa consistorial (Gij\u00f3n Impulsa). Con 171 empresas, m\u00e1s de 4.200 trabajadores y una facturaci\u00f3n global que supera los 1.700 millones de euros, acoge el ambicioso proyecto empresarial \u2018la Milla del Conocimiento\u2019. Ubicada dentro del distrito este de Gij\u00f3n, acoge\" \/>\n\t\t<meta name=\"twitter:image\" content=\"https:\/\/www.eldigitaldeasturias.com\/noticias\/wp-content\/uploads\/2019\/06\/1561560523_Fotograf_a_Milla_2013.jpg\" \/>\n\t\t<meta name=\"twitter:label1\" content=\"Escrito por\" \/>\n\t\t<meta name=\"twitter:data1\" content=\"El Digital de Asturias\" \/>\n\t\t<meta name=\"twitter:label2\" content=\"Tiempo de lectura estimado\" \/>\n\t\t<meta name=\"twitter:data2\" content=\"6 minutos\" \/>\n\t\t<script type=\"application\/ld+json\" class=\"aioseo-schema\">\n\t\t\t{\"@context\":\"https:\\\/\\\/schema.org\",\"@graph\":[{\"@type\":\"BlogPosting\",\"@id\":\"https:\\\/\\\/www.eldigitaldeasturias.com\\\/noticias\\\/gijon-impulsa-y-la-milla-del-conocimiento-referente-empresarial-del-suroeste-de-europa\\\/#blogposting\",\"name\":\"Gij\\u00f3n Impulsa y La Milla del Conocimiento: referente empresarial del suroeste de Europa - El Digital de Asturias\",\"headline\":\"Gij\\u00f3n Impulsa y La Milla del Conocimiento: referente empresarial del suroeste de Europa\",\"author\":{\"@id\":\"https:\\\/\\\/www.eldigitaldeasturias.com\\\/noticias\\\/author\\\/admin\\\/#author\"},\"publisher\":{\"@id\":\"https:\\\/\\\/www.eldigitaldeasturias.com\\\/noticias\\\/#organization\"},\"image\":{\"@type\":\"ImageObject\",\"url\":\"https:\\\/\\\/www.eldigitaldeasturias.com\\\/noticias\\\/wp-content\\\/uploads\\\/2019\\\/06\\\/1561560523_Fotograf_a_Milla_2013.jpg\",\"width\":2300,\"height\":1530},\"datePublished\":\"2019-06-28T01:01:09+02:00\",\"dateModified\":\"2019-06-28T01:01:09+02:00\",\"inLanguage\":\"es-ES\",\"mainEntityOfPage\":{\"@id\":\"https:\\\/\\\/www.eldigitaldeasturias.com\\\/noticias\\\/gijon-impulsa-y-la-milla-del-conocimiento-referente-empresarial-del-suroeste-de-europa\\\/#webpage\"},\"isPartOf\":{\"@id\":\"https:\\\/\\\/www.eldigitaldeasturias.com\\\/noticias\\\/gijon-impulsa-y-la-milla-del-conocimiento-referente-empresarial-del-suroeste-de-europa\\\/#webpage\"},\"articleSection\":\"Negocios y Empresas\"},{\"@type\":\"BreadcrumbList\",\"@id\":\"https:\\\/\\\/www.eldigitaldeasturias.com\\\/noticias\\\/gijon-impulsa-y-la-milla-del-conocimiento-referente-empresarial-del-suroeste-de-europa\\\/#breadcrumblist\",\"itemListElement\":[{\"@type\":\"ListItem\",\"@id\":\"https:\\\/\\\/www.eldigitaldeasturias.com\\\/noticias#listItem\",\"position\":1,\"name\":\"Home\",\"item\":\"https:\\\/\\\/www.eldigitaldeasturias.com\\\/noticias\",\"nextItem\":{\"@type\":\"ListItem\",\"@id\":\"https:\\\/\\\/www.eldigitaldeasturias.com\\\/noticias\\\/category\\\/negocios-y-empresas\\\/#listItem\",\"name\":\"Negocios y Empresas\"}},{\"@type\":\"ListItem\",\"@id\":\"https:\\\/\\\/www.eldigitaldeasturias.com\\\/noticias\\\/category\\\/negocios-y-empresas\\\/#listItem\",\"position\":2,\"name\":\"Negocios y Empresas\",\"item\":\"https:\\\/\\\/www.eldigitaldeasturias.com\\\/noticias\\\/category\\\/negocios-y-empresas\\\/\",\"nextItem\":{\"@type\":\"ListItem\",\"@id\":\"https:\\\/\\\/www.eldigitaldeasturias.com\\\/noticias\\\/gijon-impulsa-y-la-milla-del-conocimiento-referente-empresarial-del-suroeste-de-europa\\\/#listItem\",\"name\":\"Gij\\u00f3n Impulsa y La Milla del Conocimiento: referente empresarial del suroeste de Europa\"},\"previousItem\":{\"@type\":\"ListItem\",\"@id\":\"https:\\\/\\\/www.eldigitaldeasturias.com\\\/noticias#listItem\",\"name\":\"Home\"}},{\"@type\":\"ListItem\",\"@id\":\"https:\\\/\\\/www.eldigitaldeasturias.com\\\/noticias\\\/gijon-impulsa-y-la-milla-del-conocimiento-referente-empresarial-del-suroeste-de-europa\\\/#listItem\",\"position\":3,\"name\":\"Gij\\u00f3n Impulsa y La Milla del Conocimiento: referente empresarial del suroeste de Europa\",\"previousItem\":{\"@type\":\"ListItem\",\"@id\":\"https:\\\/\\\/www.eldigitaldeasturias.com\\\/noticias\\\/category\\\/negocios-y-empresas\\\/#listItem\",\"name\":\"Negocios y Empresas\"}}]},{\"@type\":\"Organization\",\"@id\":\"https:\\\/\\\/www.eldigitaldeasturias.com\\\/noticias\\\/#organization\",\"name\":\"El Digital de Asturias\",\"description\":\"Hemeroteca\",\"url\":\"https:\\\/\\\/www.eldigitaldeasturias.com\\\/noticias\\\/\",\"email\":\"info@eldigitaldeasturias.com\",\"telephone\":\"+34652131393\",\"logo\":{\"@type\":\"ImageObject\",\"url\":\"https:\\\/\\\/www.eldigitaldeasturias.com\\\/noticias\\\/wp-content\\\/uploads\\\/2020\\\/12\\\/EDA.jpg\",\"@id\":\"https:\\\/\\\/www.eldigitaldeasturias.com\\\/noticias\\\/gijon-impulsa-y-la-milla-del-conocimiento-referente-empresarial-del-suroeste-de-europa\\\/#organizationLogo\",\"width\":649,\"height\":297},\"image\":{\"@id\":\"https:\\\/\\\/www.eldigitaldeasturias.com\\\/noticias\\\/gijon-impulsa-y-la-milla-del-conocimiento-referente-empresarial-del-suroeste-de-europa\\\/#organizationLogo\"},\"sameAs\":[\"https:\\\/\\\/facebook.com\\\/eldigitaldeasturias\",\"https:\\\/\\\/www.youtube.com\\\/channel\\\/UCZP-2wLEB9Rv6erhFmqVnvg\"],\"address\":{\"@id\":\"https:\\\/\\\/www.eldigitaldeasturias.com\\\/noticias\\\/#postaladdress\",\"@type\":\"PostalAddress\",\"streetAddress\":\"san antonio 4,\",\"postalCode\":\"33430\",\"addressLocality\":\"Cand\\u00e1s\",\"addressRegion\":\"Asturias\",\"addressCountry\":\"ES\"}},{\"@type\":\"Person\",\"@id\":\"https:\\\/\\\/www.eldigitaldeasturias.com\\\/noticias\\\/author\\\/admin\\\/#author\",\"url\":\"https:\\\/\\\/www.eldigitaldeasturias.com\\\/noticias\\\/author\\\/admin\\\/\",\"name\":\"El Digital de Asturias\",\"image\":{\"@type\":\"ImageObject\",\"@id\":\"https:\\\/\\\/www.eldigitaldeasturias.com\\\/noticias\\\/gijon-impulsa-y-la-milla-del-conocimiento-referente-empresarial-del-suroeste-de-europa\\\/#authorImage\",\"url\":\"https:\\\/\\\/www.eldigitaldeasturias.com\\\/noticias\\\/wp-content\\\/litespeed\\\/avatar\\\/18677e78aa0546b92d9dbf31ec7d7668.jpg?ver=1777290358\",\"width\":96,\"height\":96,\"caption\":\"El Digital de Asturias\"}},{\"@type\":\"WebPage\",\"@id\":\"https:\\\/\\\/www.eldigitaldeasturias.com\\\/noticias\\\/gijon-impulsa-y-la-milla-del-conocimiento-referente-empresarial-del-suroeste-de-europa\\\/#webpage\",\"url\":\"https:\\\/\\\/www.eldigitaldeasturias.com\\\/noticias\\\/gijon-impulsa-y-la-milla-del-conocimiento-referente-empresarial-del-suroeste-de-europa\\\/\",\"name\":\"Gij\\u00f3n Impulsa y La Milla del Conocimiento: referente empresarial del suroeste de Europa - El Digital de Asturias\",\"description\":\"En el a\\u00f1o 2000 se inaugur\\u00f3 el Parque Cient\\u00edfico Tecnol\\u00f3gico de Gij\\u00f3n, el primero de nuestro pa\\u00eds impulsado enteramente por iniciativa consistorial (Gij\\u00f3n Impulsa). Con 171 empresas, m\\u00e1s de 4.200 trabajadores y una facturaci\\u00f3n global que supera los 1.700 millones de euros, acoge el ambicioso proyecto empresarial \\u2018la Milla del Conocimiento\\u2019. Ubicada dentro del distrito este de Gij\\u00f3n, acoge\",\"inLanguage\":\"es-ES\",\"isPartOf\":{\"@id\":\"https:\\\/\\\/www.eldigitaldeasturias.com\\\/noticias\\\/#website\"},\"breadcrumb\":{\"@id\":\"https:\\\/\\\/www.eldigitaldeasturias.com\\\/noticias\\\/gijon-impulsa-y-la-milla-del-conocimiento-referente-empresarial-del-suroeste-de-europa\\\/#breadcrumblist\"},\"author\":{\"@id\":\"https:\\\/\\\/www.eldigitaldeasturias.com\\\/noticias\\\/author\\\/admin\\\/#author\"},\"creator\":{\"@id\":\"https:\\\/\\\/www.eldigitaldeasturias.com\\\/noticias\\\/author\\\/admin\\\/#author\"},\"image\":{\"@type\":\"ImageObject\",\"url\":\"https:\\\/\\\/www.eldigitaldeasturias.com\\\/noticias\\\/wp-content\\\/uploads\\\/2019\\\/06\\\/1561560523_Fotograf_a_Milla_2013.jpg\",\"@id\":\"https:\\\/\\\/www.eldigitaldeasturias.com\\\/noticias\\\/gijon-impulsa-y-la-milla-del-conocimiento-referente-empresarial-del-suroeste-de-europa\\\/#mainImage\",\"width\":2300,\"height\":1530},\"primaryImageOfPage\":{\"@id\":\"https:\\\/\\\/www.eldigitaldeasturias.com\\\/noticias\\\/gijon-impulsa-y-la-milla-del-conocimiento-referente-empresarial-del-suroeste-de-europa\\\/#mainImage\"},\"datePublished\":\"2019-06-28T01:01:09+02:00\",\"dateModified\":\"2019-06-28T01:01:09+02:00\"},{\"@type\":\"WebSite\",\"@id\":\"https:\\\/\\\/www.eldigitaldeasturias.com\\\/noticias\\\/#website\",\"url\":\"https:\\\/\\\/www.eldigitaldeasturias.com\\\/noticias\\\/\",\"name\":\"El Digital de Asturias - Diario de actualidad y noticias\",\"alternateName\":\"El Digital de Asturias - Diario de actualidad y noticias\",\"description\":\"Hemeroteca\",\"inLanguage\":\"es-ES\",\"publisher\":{\"@id\":\"https:\\\/\\\/www.eldigitaldeasturias.com\\\/noticias\\\/#organization\"}}]}\n\t\t<\/script>\n\t\t<!-- All in One SEO Pro -->\r\n\t\t<title>Gij\u00f3n Impulsa y La Milla del Conocimiento: referente empresarial del suroeste de Europa - El Digital de Asturias<\/title>\n\n","aioseo_head_json":{"title":"Gij\u00f3n Impulsa y La Milla del Conocimiento: referente empresarial del suroeste de Europa - El Digital de Asturias","description":"En el a\u00f1o 2000 se inaugur\u00f3 el Parque Cient\u00edfico Tecnol\u00f3gico de Gij\u00f3n, el primero de nuestro pa\u00eds impulsado enteramente por iniciativa consistorial (Gij\u00f3n Impulsa). Con 171 empresas, m\u00e1s de 4.200 trabajadores y una facturaci\u00f3n global que supera los 1.700 millones de euros, acoge el ambicioso proyecto empresarial \u2018la Milla del Conocimiento\u2019. Ubicada dentro del distrito este de Gij\u00f3n, acoge","canonical_url":"https:\/\/www.eldigitaldeasturias.com\/noticias\/gijon-impulsa-y-la-milla-del-conocimiento-referente-empresarial-del-suroeste-de-europa\/","robots":"max-image-preview:large","keywords":"negocios y empresas","webmasterTools":{"google-site-verification":"UA-38556648-1","msvalidate.01":"7dfe9f3f1b24437ab69f4f2559babe99","miscellaneous":""},"schema":{"@context":"https:\/\/schema.org","@graph":[{"@type":"BlogPosting","@id":"https:\/\/www.eldigitaldeasturias.com\/noticias\/gijon-impulsa-y-la-milla-del-conocimiento-referente-empresarial-del-suroeste-de-europa\/#blogposting","name":"Gij\u00f3n Impulsa y La Milla del Conocimiento: referente empresarial del suroeste de Europa - El Digital de Asturias","headline":"Gij\u00f3n Impulsa y La Milla del Conocimiento: referente empresarial del suroeste de Europa","author":{"@id":"https:\/\/www.eldigitaldeasturias.com\/noticias\/author\/admin\/#author"},"publisher":{"@id":"https:\/\/www.eldigitaldeasturias.com\/noticias\/#organization"},"image":{"@type":"ImageObject","url":"https:\/\/www.eldigitaldeasturias.com\/noticias\/wp-content\/uploads\/2019\/06\/1561560523_Fotograf_a_Milla_2013.jpg","width":2300,"height":1530},"datePublished":"2019-06-28T01:01:09+02:00","dateModified":"2019-06-28T01:01:09+02:00","inLanguage":"es-ES","mainEntityOfPage":{"@id":"https:\/\/www.eldigitaldeasturias.com\/noticias\/gijon-impulsa-y-la-milla-del-conocimiento-referente-empresarial-del-suroeste-de-europa\/#webpage"},"isPartOf":{"@id":"https:\/\/www.eldigitaldeasturias.com\/noticias\/gijon-impulsa-y-la-milla-del-conocimiento-referente-empresarial-del-suroeste-de-europa\/#webpage"},"articleSection":"Negocios y Empresas"},{"@type":"BreadcrumbList","@id":"https:\/\/www.eldigitaldeasturias.com\/noticias\/gijon-impulsa-y-la-milla-del-conocimiento-referente-empresarial-del-suroeste-de-europa\/#breadcrumblist","itemListElement":[{"@type":"ListItem","@id":"https:\/\/www.eldigitaldeasturias.com\/noticias#listItem","position":1,"name":"Home","item":"https:\/\/www.eldigitaldeasturias.com\/noticias","nextItem":{"@type":"ListItem","@id":"https:\/\/www.eldigitaldeasturias.com\/noticias\/category\/negocios-y-empresas\/#listItem","name":"Negocios y Empresas"}},{"@type":"ListItem","@id":"https:\/\/www.eldigitaldeasturias.com\/noticias\/category\/negocios-y-empresas\/#listItem","position":2,"name":"Negocios y Empresas","item":"https:\/\/www.eldigitaldeasturias.com\/noticias\/category\/negocios-y-empresas\/","nextItem":{"@type":"ListItem","@id":"https:\/\/www.eldigitaldeasturias.com\/noticias\/gijon-impulsa-y-la-milla-del-conocimiento-referente-empresarial-del-suroeste-de-europa\/#listItem","name":"Gij\u00f3n Impulsa y La Milla del Conocimiento: referente empresarial del suroeste de Europa"},"previousItem":{"@type":"ListItem","@id":"https:\/\/www.eldigitaldeasturias.com\/noticias#listItem","name":"Home"}},{"@type":"ListItem","@id":"https:\/\/www.eldigitaldeasturias.com\/noticias\/gijon-impulsa-y-la-milla-del-conocimiento-referente-empresarial-del-suroeste-de-europa\/#listItem","position":3,"name":"Gij\u00f3n Impulsa y La Milla del Conocimiento: referente empresarial del suroeste de Europa","previousItem":{"@type":"ListItem","@id":"https:\/\/www.eldigitaldeasturias.com\/noticias\/category\/negocios-y-empresas\/#listItem","name":"Negocios y Empresas"}}]},{"@type":"Organization","@id":"https:\/\/www.eldigitaldeasturias.com\/noticias\/#organization","name":"El Digital de Asturias","description":"Hemeroteca","url":"https:\/\/www.eldigitaldeasturias.com\/noticias\/","email":"info@eldigitaldeasturias.com","telephone":"+34652131393","logo":{"@type":"ImageObject","url":"https:\/\/www.eldigitaldeasturias.com\/noticias\/wp-content\/uploads\/2020\/12\/EDA.jpg","@id":"https:\/\/www.eldigitaldeasturias.com\/noticias\/gijon-impulsa-y-la-milla-del-conocimiento-referente-empresarial-del-suroeste-de-europa\/#organizationLogo","width":649,"height":297},"image":{"@id":"https:\/\/www.eldigitaldeasturias.com\/noticias\/gijon-impulsa-y-la-milla-del-conocimiento-referente-empresarial-del-suroeste-de-europa\/#organizationLogo"},"sameAs":["https:\/\/facebook.com\/eldigitaldeasturias","https:\/\/www.youtube.com\/channel\/UCZP-2wLEB9Rv6erhFmqVnvg"],"address":{"@id":"https:\/\/www.eldigitaldeasturias.com\/noticias\/#postaladdress","@type":"PostalAddress","streetAddress":"san antonio 4,","postalCode":"33430","addressLocality":"Cand\u00e1s","addressRegion":"Asturias","addressCountry":"ES"}},{"@type":"Person","@id":"https:\/\/www.eldigitaldeasturias.com\/noticias\/author\/admin\/#author","url":"https:\/\/www.eldigitaldeasturias.com\/noticias\/author\/admin\/","name":"El Digital de Asturias","image":{"@type":"ImageObject","@id":"https:\/\/www.eldigitaldeasturias.com\/noticias\/gijon-impulsa-y-la-milla-del-conocimiento-referente-empresarial-del-suroeste-de-europa\/#authorImage","url":"https:\/\/www.eldigitaldeasturias.com\/noticias\/wp-content\/litespeed\/avatar\/18677e78aa0546b92d9dbf31ec7d7668.jpg?ver=1777290358","width":96,"height":96,"caption":"El Digital de Asturias"}},{"@type":"WebPage","@id":"https:\/\/www.eldigitaldeasturias.com\/noticias\/gijon-impulsa-y-la-milla-del-conocimiento-referente-empresarial-del-suroeste-de-europa\/#webpage","url":"https:\/\/www.eldigitaldeasturias.com\/noticias\/gijon-impulsa-y-la-milla-del-conocimiento-referente-empresarial-del-suroeste-de-europa\/","name":"Gij\u00f3n Impulsa y La Milla del Conocimiento: referente empresarial del suroeste de Europa - El Digital de Asturias","description":"En el a\u00f1o 2000 se inaugur\u00f3 el Parque Cient\u00edfico Tecnol\u00f3gico de Gij\u00f3n, el primero de nuestro pa\u00eds impulsado enteramente por iniciativa consistorial (Gij\u00f3n Impulsa). Con 171 empresas, m\u00e1s de 4.200 trabajadores y una facturaci\u00f3n global que supera los 1.700 millones de euros, acoge el ambicioso proyecto empresarial \u2018la Milla del Conocimiento\u2019. Ubicada dentro del distrito este de Gij\u00f3n, acoge","inLanguage":"es-ES","isPartOf":{"@id":"https:\/\/www.eldigitaldeasturias.com\/noticias\/#website"},"breadcrumb":{"@id":"https:\/\/www.eldigitaldeasturias.com\/noticias\/gijon-impulsa-y-la-milla-del-conocimiento-referente-empresarial-del-suroeste-de-europa\/#breadcrumblist"},"author":{"@id":"https:\/\/www.eldigitaldeasturias.com\/noticias\/author\/admin\/#author"},"creator":{"@id":"https:\/\/www.eldigitaldeasturias.com\/noticias\/author\/admin\/#author"},"image":{"@type":"ImageObject","url":"https:\/\/www.eldigitaldeasturias.com\/noticias\/wp-content\/uploads\/2019\/06\/1561560523_Fotograf_a_Milla_2013.jpg","@id":"https:\/\/www.eldigitaldeasturias.com\/noticias\/gijon-impulsa-y-la-milla-del-conocimiento-referente-empresarial-del-suroeste-de-europa\/#mainImage","width":2300,"height":1530},"primaryImageOfPage":{"@id":"https:\/\/www.eldigitaldeasturias.com\/noticias\/gijon-impulsa-y-la-milla-del-conocimiento-referente-empresarial-del-suroeste-de-europa\/#mainImage"},"datePublished":"2019-06-28T01:01:09+02:00","dateModified":"2019-06-28T01:01:09+02:00"},{"@type":"WebSite","@id":"https:\/\/www.eldigitaldeasturias.com\/noticias\/#website","url":"https:\/\/www.eldigitaldeasturias.com\/noticias\/","name":"El Digital de Asturias - Diario de actualidad y noticias","alternateName":"El Digital de Asturias - Diario de actualidad y noticias","description":"Hemeroteca","inLanguage":"es-ES","publisher":{"@id":"https:\/\/www.eldigitaldeasturias.com\/noticias\/#organization"}}]},"og:locale":"es_ES","og:site_name":"El Digital de Asturias","og:type":"article","og:title":"Gij\u00f3n Impulsa y La Milla del Conocimiento: referente empresarial del suroeste de Europa - El Digital de Asturias","og:description":"En el a\u00f1o 2000 se inaugur\u00f3 el Parque Cient\u00edfico Tecnol\u00f3gico de Gij\u00f3n, el primero de nuestro pa\u00eds impulsado enteramente por iniciativa consistorial (Gij\u00f3n Impulsa). Con 171 empresas, m\u00e1s de 4.200 trabajadores y una facturaci\u00f3n global que supera los 1.700 millones de euros, acoge el ambicioso proyecto empresarial \u2018la Milla del Conocimiento\u2019. Ubicada dentro del distrito este de Gij\u00f3n, acoge","og:url":"https:\/\/www.eldigitaldeasturias.com\/noticias\/gijon-impulsa-y-la-milla-del-conocimiento-referente-empresarial-del-suroeste-de-europa\/","og:image":"https:\/\/www.eldigitaldeasturias.com\/noticias\/wp-content\/uploads\/2019\/06\/1561560523_Fotograf_a_Milla_2013.jpg","og:image:secure_url":"https:\/\/www.eldigitaldeasturias.com\/noticias\/wp-content\/uploads\/2019\/06\/1561560523_Fotograf_a_Milla_2013.jpg","og:image:width":2300,"og:image:height":1530,"article:tag":["negocios y empresas"],"article:published_time":"2019-06-28T01:01:09+00:00","article:modified_time":"2019-06-28T01:01:09+00:00","article:publisher":"https:\/\/facebook.com\/eldigitaldeasturias","twitter:card":"summary_large_image","twitter:title":"Gij\u00f3n Impulsa y La Milla del Conocimiento: referente empresarial del suroeste de Europa - El Digital de Asturias","twitter:description":"En el a\u00f1o 2000 se inaugur\u00f3 el Parque Cient\u00edfico Tecnol\u00f3gico de Gij\u00f3n, el primero de nuestro pa\u00eds impulsado enteramente por iniciativa consistorial (Gij\u00f3n Impulsa). Con 171 empresas, m\u00e1s de 4.200 trabajadores y una facturaci\u00f3n global que supera los 1.700 millones de euros, acoge el ambicioso proyecto empresarial \u2018la Milla del Conocimiento\u2019. Ubicada dentro del distrito este de Gij\u00f3n, acoge","twitter:image":"https:\/\/www.eldigitaldeasturias.com\/noticias\/wp-content\/uploads\/2019\/06\/1561560523_Fotograf_a_Milla_2013.jpg","twitter:label1":"Escrito por","twitter:data1":"El Digital de Asturias","twitter:label2":"Tiempo de lectura estimado","twitter:data2":"6 minutos"},"aioseo_meta_data":{"post_id":"1032813","title":null,"description":null,"keywords":null,"keyphrases":null,"primary_term":null,"canonical_url":null,"og_title":null,"og_description":null,"og_object_type":"default","og_image_type":"default","og_image_url":null,"og_image_width":null,"og_image_height":null,"og_image_custom_url":null,"og_image_custom_fields":null,"og_video":null,"og_custom_url":null,"og_article_section":null,"og_article_tags":null,"twitter_use_og":false,"twitter_card":"default","twitter_image_type":"default","twitter_image_url":null,"twitter_image_custom_url":null,"twitter_image_custom_fields":null,"twitter_title":null,"twitter_description":null,"schema":{"blockGraphs":[],"customGraphs":[],"default":{"data":{"Article":[],"Course":[],"Dataset":[],"FAQPage":[],"Movie":[],"Person":[],"Product":[],"ProductReview":[],"Car":[],"Recipe":[],"Service":[],"SoftwareApplication":[],"WebPage":[]},"graphName":"","isEnabled":true},"graphs":[],"defaultGraph":"","defaultPostTypeGraph":""},"schema_type":null,"schema_type_options":null,"pillar_content":false,"robots_default":true,"robots_noindex":false,"robots_noarchive":false,"robots_nosnippet":false,"robots_nofollow":false,"robots_noimageindex":false,"robots_noodp":false,"robots_notranslate":false,"robots_max_snippet":null,"robots_max_videopreview":null,"robots_max_imagepreview":"large","priority":null,"frequency":null,"local_seo":null,"seo_analyzer_scan_date":"2025-10-21 21:09:07","breadcrumb_settings":null,"limit_modified_date":false,"open_ai":null,"ai":null,"created":"2020-12-21 11:09:49","updated":"2025-10-21 21:09:07"},"aioseo_breadcrumb":"<div class=\"aioseo-breadcrumbs\"><span class=\"aioseo-breadcrumb\">\n\t<a href=\"https:\/\/www.eldigitaldeasturias.com\/noticias\" title=\"Home\">Home<\/a>\n<\/span><span class=\"aioseo-breadcrumb-separator\">\u2013<\/span><span class=\"aioseo-breadcrumb\">\n\t<a href=\"https:\/\/www.eldigitaldeasturias.com\/noticias\/category\/negocios-y-empresas\/\" title=\"Negocios y Empresas\">Negocios y Empresas<\/a>\n<\/span><span class=\"aioseo-breadcrumb-separator\">\u2013<\/span><span class=\"aioseo-breadcrumb\">\n\t<a href=\"https:\/\/www.eldigitaldeasturias.com\/noticias\/gijon-impulsa-y-la-milla-del-conocimiento-referente-empresarial-del-suroeste-de-europa\/\" title=\"Gij\u00f3n Impulsa y La Milla del Conocimiento: referente empresarial del suroeste de Europa\">Gij\u00f3n Impulsa y La Milla del Conocimiento: referente empresarial del suroeste de Europa<\/a>\n<\/span><\/div>","aioseo_breadcrumb_json":[{"label":"Home","link":"https:\/\/www.eldigitaldeasturias.com\/noticias"},{"label":"Negocios y Empresas","link":"https:\/\/www.eldigitaldeasturias.com\/noticias\/category\/negocios-y-empresas\/"},{"label":"Gij\u00f3n Impulsa y La Milla del Conocimiento: referente empresarial del suroeste de Europa","link":"https:\/\/www.eldigitaldeasturias.com\/noticias\/gijon-impulsa-y-la-milla-del-conocimiento-referente-empresarial-del-suroeste-de-europa\/"}],"_links":{"self":[{"href":"https:\/\/www.eldigitaldeasturias.com\/noticias\/wp-json\/wp\/v2\/posts\/1032813","targetHints":{"allow":["GET"]}}],"collection":[{"href":"https:\/\/www.eldigitaldeasturias.com\/noticias\/wp-json\/wp\/v2\/posts"}],"about":[{"href":"https:\/\/www.eldigitaldeasturias.com\/noticias\/wp-json\/wp\/v2\/types\/post"}],"author":[{"embeddable":true,"href":"https:\/\/www.eldigitaldeasturias.com\/noticias\/wp-json\/wp\/v2\/users\/1"}],"replies":[{"embeddable":true,"href":"https:\/\/www.eldigitaldeasturias.com\/noticias\/wp-json\/wp\/v2\/comments?post=1032813"}],"version-history":[{"count":0,"href":"https:\/\/www.eldigitaldeasturias.com\/noticias\/wp-json\/wp\/v2\/posts\/1032813\/revisions"}],"wp:featuredmedia":[{"embeddable":true,"href":"https:\/\/www.eldigitaldeasturias.com\/noticias\/wp-json\/wp\/v2\/media\/1032814"}],"wp:attachment":[{"href":"https:\/\/www.eldigitaldeasturias.com\/noticias\/wp-json\/wp\/v2\/media?parent=1032813"}],"wp:term":[{"taxonomy":"category","embeddable":true,"href":"https:\/\/www.eldigitaldeasturias.com\/noticias\/wp-json\/wp\/v2\/categories?post=1032813"},{"taxonomy":"post_tag","embeddable":true,"href":"https:\/\/www.eldigitaldeasturias.com\/noticias\/wp-json\/wp\/v2\/tags?post=1032813"}],"curies":[{"name":"wp","href":"https:\/\/api.w.org\/{rel}","templated":true}]}}