{"id":1032626,"date":"2019-06-26T22:44:34","date_gmt":"2019-06-26T22:44:34","guid":{"rendered":"https:\/\/www.eldigitaldeasturias.com\/noticias\/?p=1032626"},"modified":"2019-06-26T22:44:34","modified_gmt":"2019-06-26T22:44:34","slug":"convocado-el-premio-alimentos-de-espana-mejores-quesos-2019","status":"publish","type":"post","link":"https:\/\/www.eldigitaldeasturias.com\/noticias\/convocado-el-premio-alimentos-de-espana-mejores-quesos-2019\/","title":{"rendered":"Convocado el premio \u00abAlimentos de Espa\u00f1a Mejores Quesos 2019\u00bb"},"content":{"rendered":"<p><img loading=\"lazy\" decoding=\"async\" class=\"alignleft size-medium wp-image-1032627\" src=\"https:\/\/www.eldigitaldeasturias.com\/noticias\/wp-content\/uploads\/2019\/06\/260619-Quesos-360x239.jpg\" alt=\"\" width=\"360\" height=\"239\" srcset=\"https:\/\/www.eldigitaldeasturias.com\/noticias\/wp-content\/uploads\/2019\/06\/260619-Quesos-360x239.jpg 360w, https:\/\/www.eldigitaldeasturias.com\/noticias\/wp-content\/uploads\/2019\/06\/260619-Quesos.jpg 512w\" sizes=\"auto, (max-width: 360px) 100vw, 360px\" \/>El Ministerio de Agricultura, Pesca y Alimentaci\u00f3n ha convocado el premio \u00abAlimentos de Espa\u00f1a Mejores Quesos 2019\u00bb, que tiene como objetivo promocionar el queso de calidad.<\/p>\n<p>\u200bEl extracto de Orden por el que se anuncia la convocatoria de este galard\u00f3n ha sido publicado en el Bolet\u00edn Oficial del Estado (BOE) y recoge los requisitos para participar en estos premios que se han convocado para cinco modalidades: \u00abAlimentos de Espa\u00f1a Mejor Queso de Vaca\u00bb, \u00abAlimentos de Espa\u00f1a Mejor Queso de Oveja\u00bb, \u00abAlimentos de Espa\u00f1a Mejor Queso de Cabra\u00bb, \u00abAlimentos de Espa\u00f1a Mejor Queso de Mezcla\u00bb y \u00abAlimentos de Espa\u00f1a Mejor Queso con Mohos o Queso Azul\u00bb.<\/p>\n<p>Podr\u00e1n participar en el premio <strong>quienes ostenten la titularidad de establecimientos autorizados para la elaboraci\u00f3n de quesos<\/strong> seg\u00fan lo recogido en la legislaci\u00f3n vigente.<\/p>\n<p><strong>Los elaboradores de quesos podr\u00e1n concursar a una o varias modalidades<\/strong>, pero solamente podr\u00e1n participar con una muestra por modalidad. Los quesos presentados al premio ser\u00e1n de elaboraci\u00f3n propia del concursante que deber\u00e1 justificar la elaboraci\u00f3n anual de un n\u00famero m\u00ednimo de 2.000 piezas o 3.000 kilos.<\/p>\n<p><strong>El plazo de presentaci\u00f3n de solicitudes ser\u00e1 de tres meses contados a partir del 27 de junio.<\/strong><\/p>\n<p>&nbsp;<\/p>\n","protected":false},"excerpt":{"rendered":"<p>El Ministerio de Agricultura, Pesca y Alimentaci\u00f3n ha convocado el premio \u00abAlimentos de Espa\u00f1a Mejores Quesos 2019\u00bb, que tiene como objetivo promocionar el queso de calidad. \u200bEl extracto de Orden por el que se anuncia la convocatoria de este galard\u00f3n ha sido publicado en el Bolet\u00edn Oficial del Estado (BOE) y recoge los requisitos para [&hellip;]<\/p>\n","protected":false},"author":1,"featured_media":1032627,"comment_status":"open","ping_status":"closed","sticky":false,"template":"","format":"standard","meta":{"footnotes":""},"categories":[219],"tags":[],"class_list":["post-1032626","post","type-post","status-publish","format-standard","has-post-thumbnail","hentry","category-negocios-y-empresas"],"aioseo_notices":[],"aioseo_head":"\n\t\t<!-- All in One SEO Pro 4.9.6.2 - aioseo.com -->\n\t<meta name=\"description\" content=\"El Ministerio de Agricultura, Pesca y Alimentaci\u00f3n ha convocado el premio &quot;Alimentos de Espa\u00f1a Mejores Quesos 2019&quot;, que tiene como objetivo promocionar el queso de calidad. \u200bEl extracto de Orden por el que se anuncia la convocatoria de este galard\u00f3n ha sido publicado en el Bolet\u00edn Oficial del Estado (BOE) y recoge los requisitos para\" \/>\n\t<meta name=\"robots\" content=\"max-image-preview:large\" \/>\n\t<meta name=\"author\" content=\"El Digital de Asturias\"\/>\n\t<meta name=\"google-site-verification\" content=\"UA-38556648-1\" \/>\n\t<meta name=\"msvalidate.01\" content=\"7dfe9f3f1b24437ab69f4f2559babe99\" \/>\n\t<meta name=\"keywords\" content=\"negocios y empresas\" \/>\n\t<link rel=\"canonical\" href=\"https:\/\/www.eldigitaldeasturias.com\/noticias\/convocado-el-premio-alimentos-de-espana-mejores-quesos-2019\/\" \/>\n\t<meta name=\"generator\" content=\"All in One SEO Pro (AIOSEO) 4.9.6.2\" \/>\n\t\t<meta property=\"og:locale\" content=\"es_ES\" \/>\n\t\t<meta property=\"og:site_name\" content=\"El Digital de Asturias\" \/>\n\t\t<meta property=\"og:type\" content=\"article\" \/>\n\t\t<meta property=\"og:title\" content=\"Convocado el premio \u00abAlimentos de Espa\u00f1a Mejores Quesos 2019\u00bb - El Digital de Asturias\" \/>\n\t\t<meta property=\"og:description\" content=\"El Ministerio de Agricultura, Pesca y Alimentaci\u00f3n ha convocado el premio &quot;Alimentos de Espa\u00f1a Mejores Quesos 2019&quot;, que tiene como objetivo promocionar el queso de calidad. \u200bEl extracto de Orden por el que se anuncia la convocatoria de este galard\u00f3n ha sido publicado en el Bolet\u00edn Oficial del Estado (BOE) y recoge los requisitos para\" \/>\n\t\t<meta property=\"og:url\" content=\"https:\/\/www.eldigitaldeasturias.com\/noticias\/convocado-el-premio-alimentos-de-espana-mejores-quesos-2019\/\" \/>\n\t\t<meta property=\"og:image\" content=\"https:\/\/www.eldigitaldeasturias.com\/noticias\/wp-content\/uploads\/2019\/06\/260619-Quesos.jpg\" \/>\n\t\t<meta property=\"og:image:secure_url\" content=\"https:\/\/www.eldigitaldeasturias.com\/noticias\/wp-content\/uploads\/2019\/06\/260619-Quesos.jpg\" \/>\n\t\t<meta property=\"og:image:width\" content=\"512\" \/>\n\t\t<meta property=\"og:image:height\" content=\"340\" \/>\n\t\t<meta property=\"article:tag\" content=\"negocios y empresas\" \/>\n\t\t<meta property=\"article:published_time\" content=\"2019-06-26T22:44:34+00:00\" \/>\n\t\t<meta property=\"article:modified_time\" content=\"2019-06-26T22:44:34+00:00\" \/>\n\t\t<meta property=\"article:publisher\" content=\"https:\/\/facebook.com\/eldigitaldeasturias\" \/>\n\t\t<meta name=\"twitter:card\" content=\"summary_large_image\" \/>\n\t\t<meta name=\"twitter:title\" content=\"Convocado el premio \u00abAlimentos de Espa\u00f1a Mejores Quesos 2019\u00bb - El Digital de Asturias\" \/>\n\t\t<meta name=\"twitter:description\" content=\"El Ministerio de Agricultura, Pesca y Alimentaci\u00f3n ha convocado el premio &quot;Alimentos de Espa\u00f1a Mejores Quesos 2019&quot;, que tiene como objetivo promocionar el queso de calidad. \u200bEl extracto de Orden por el que se anuncia la convocatoria de este galard\u00f3n ha sido publicado en el Bolet\u00edn Oficial del Estado (BOE) y recoge los requisitos para\" \/>\n\t\t<meta name=\"twitter:image\" content=\"https:\/\/www.eldigitaldeasturias.com\/noticias\/wp-content\/uploads\/2019\/06\/260619-Quesos.jpg\" \/>\n\t\t<meta name=\"twitter:label1\" content=\"Escrito por\" \/>\n\t\t<meta name=\"twitter:data1\" content=\"El Digital de Asturias\" \/>\n\t\t<meta name=\"twitter:label2\" content=\"Tiempo de lectura estimado\" \/>\n\t\t<meta name=\"twitter:data2\" content=\"1 minuto\" \/>\n\t\t<script type=\"application\/ld+json\" class=\"aioseo-schema\">\n\t\t\t{\"@context\":\"https:\\\/\\\/schema.org\",\"@graph\":[{\"@type\":\"BlogPosting\",\"@id\":\"https:\\\/\\\/www.eldigitaldeasturias.com\\\/noticias\\\/convocado-el-premio-alimentos-de-espana-mejores-quesos-2019\\\/#blogposting\",\"name\":\"Convocado el premio \\u00abAlimentos de Espa\\u00f1a Mejores Quesos 2019\\u00bb - El Digital de Asturias\",\"headline\":\"Convocado el premio \\u00abAlimentos de Espa\\u00f1a Mejores Quesos 2019\\u00bb\",\"author\":{\"@id\":\"https:\\\/\\\/www.eldigitaldeasturias.com\\\/noticias\\\/author\\\/admin\\\/#author\"},\"publisher\":{\"@id\":\"https:\\\/\\\/www.eldigitaldeasturias.com\\\/noticias\\\/#organization\"},\"image\":{\"@type\":\"ImageObject\",\"url\":\"https:\\\/\\\/www.eldigitaldeasturias.com\\\/noticias\\\/wp-content\\\/uploads\\\/2019\\\/06\\\/260619-Quesos.jpg\",\"width\":512,\"height\":340},\"datePublished\":\"2019-06-26T22:44:34+02:00\",\"dateModified\":\"2019-06-26T22:44:34+02:00\",\"inLanguage\":\"es-ES\",\"mainEntityOfPage\":{\"@id\":\"https:\\\/\\\/www.eldigitaldeasturias.com\\\/noticias\\\/convocado-el-premio-alimentos-de-espana-mejores-quesos-2019\\\/#webpage\"},\"isPartOf\":{\"@id\":\"https:\\\/\\\/www.eldigitaldeasturias.com\\\/noticias\\\/convocado-el-premio-alimentos-de-espana-mejores-quesos-2019\\\/#webpage\"},\"articleSection\":\"Negocios y Empresas\"},{\"@type\":\"BreadcrumbList\",\"@id\":\"https:\\\/\\\/www.eldigitaldeasturias.com\\\/noticias\\\/convocado-el-premio-alimentos-de-espana-mejores-quesos-2019\\\/#breadcrumblist\",\"itemListElement\":[{\"@type\":\"ListItem\",\"@id\":\"https:\\\/\\\/www.eldigitaldeasturias.com\\\/noticias#listItem\",\"position\":1,\"name\":\"Home\",\"item\":\"https:\\\/\\\/www.eldigitaldeasturias.com\\\/noticias\",\"nextItem\":{\"@type\":\"ListItem\",\"@id\":\"https:\\\/\\\/www.eldigitaldeasturias.com\\\/noticias\\\/category\\\/negocios-y-empresas\\\/#listItem\",\"name\":\"Negocios y Empresas\"}},{\"@type\":\"ListItem\",\"@id\":\"https:\\\/\\\/www.eldigitaldeasturias.com\\\/noticias\\\/category\\\/negocios-y-empresas\\\/#listItem\",\"position\":2,\"name\":\"Negocios y Empresas\",\"item\":\"https:\\\/\\\/www.eldigitaldeasturias.com\\\/noticias\\\/category\\\/negocios-y-empresas\\\/\",\"nextItem\":{\"@type\":\"ListItem\",\"@id\":\"https:\\\/\\\/www.eldigitaldeasturias.com\\\/noticias\\\/convocado-el-premio-alimentos-de-espana-mejores-quesos-2019\\\/#listItem\",\"name\":\"Convocado el premio \\u00abAlimentos de Espa\\u00f1a Mejores Quesos 2019\\u00bb\"},\"previousItem\":{\"@type\":\"ListItem\",\"@id\":\"https:\\\/\\\/www.eldigitaldeasturias.com\\\/noticias#listItem\",\"name\":\"Home\"}},{\"@type\":\"ListItem\",\"@id\":\"https:\\\/\\\/www.eldigitaldeasturias.com\\\/noticias\\\/convocado-el-premio-alimentos-de-espana-mejores-quesos-2019\\\/#listItem\",\"position\":3,\"name\":\"Convocado el premio \\u00abAlimentos de Espa\\u00f1a Mejores Quesos 2019\\u00bb\",\"previousItem\":{\"@type\":\"ListItem\",\"@id\":\"https:\\\/\\\/www.eldigitaldeasturias.com\\\/noticias\\\/category\\\/negocios-y-empresas\\\/#listItem\",\"name\":\"Negocios y Empresas\"}}]},{\"@type\":\"Organization\",\"@id\":\"https:\\\/\\\/www.eldigitaldeasturias.com\\\/noticias\\\/#organization\",\"name\":\"El Digital de Asturias\",\"description\":\"Hemeroteca\",\"url\":\"https:\\\/\\\/www.eldigitaldeasturias.com\\\/noticias\\\/\",\"email\":\"info@eldigitaldeasturias.com\",\"telephone\":\"+34652131393\",\"logo\":{\"@type\":\"ImageObject\",\"url\":\"https:\\\/\\\/www.eldigitaldeasturias.com\\\/noticias\\\/wp-content\\\/uploads\\\/2020\\\/12\\\/EDA.jpg\",\"@id\":\"https:\\\/\\\/www.eldigitaldeasturias.com\\\/noticias\\\/convocado-el-premio-alimentos-de-espana-mejores-quesos-2019\\\/#organizationLogo\",\"width\":649,\"height\":297},\"image\":{\"@id\":\"https:\\\/\\\/www.eldigitaldeasturias.com\\\/noticias\\\/convocado-el-premio-alimentos-de-espana-mejores-quesos-2019\\\/#organizationLogo\"},\"sameAs\":[\"https:\\\/\\\/facebook.com\\\/eldigitaldeasturias\",\"https:\\\/\\\/www.youtube.com\\\/channel\\\/UCZP-2wLEB9Rv6erhFmqVnvg\"],\"address\":{\"@id\":\"https:\\\/\\\/www.eldigitaldeasturias.com\\\/noticias\\\/#postaladdress\",\"@type\":\"PostalAddress\",\"streetAddress\":\"san antonio 4,\",\"postalCode\":\"33430\",\"addressLocality\":\"Cand\\u00e1s\",\"addressRegion\":\"Asturias\",\"addressCountry\":\"ES\"}},{\"@type\":\"Person\",\"@id\":\"https:\\\/\\\/www.eldigitaldeasturias.com\\\/noticias\\\/author\\\/admin\\\/#author\",\"url\":\"https:\\\/\\\/www.eldigitaldeasturias.com\\\/noticias\\\/author\\\/admin\\\/\",\"name\":\"El Digital de Asturias\",\"image\":{\"@type\":\"ImageObject\",\"@id\":\"https:\\\/\\\/www.eldigitaldeasturias.com\\\/noticias\\\/convocado-el-premio-alimentos-de-espana-mejores-quesos-2019\\\/#authorImage\",\"url\":\"https:\\\/\\\/www.eldigitaldeasturias.com\\\/noticias\\\/wp-content\\\/litespeed\\\/avatar\\\/18677e78aa0546b92d9dbf31ec7d7668.jpg?ver=1777290358\",\"width\":96,\"height\":96,\"caption\":\"El Digital de Asturias\"}},{\"@type\":\"WebPage\",\"@id\":\"https:\\\/\\\/www.eldigitaldeasturias.com\\\/noticias\\\/convocado-el-premio-alimentos-de-espana-mejores-quesos-2019\\\/#webpage\",\"url\":\"https:\\\/\\\/www.eldigitaldeasturias.com\\\/noticias\\\/convocado-el-premio-alimentos-de-espana-mejores-quesos-2019\\\/\",\"name\":\"Convocado el premio \\u00abAlimentos de Espa\\u00f1a Mejores Quesos 2019\\u00bb - El Digital de Asturias\",\"description\":\"El Ministerio de Agricultura, Pesca y Alimentaci\\u00f3n ha convocado el premio \\\"Alimentos de Espa\\u00f1a Mejores Quesos 2019\\\", que tiene como objetivo promocionar el queso de calidad. \\u200bEl extracto de Orden por el que se anuncia la convocatoria de este galard\\u00f3n ha sido publicado en el Bolet\\u00edn Oficial del Estado (BOE) y recoge los requisitos para\",\"inLanguage\":\"es-ES\",\"isPartOf\":{\"@id\":\"https:\\\/\\\/www.eldigitaldeasturias.com\\\/noticias\\\/#website\"},\"breadcrumb\":{\"@id\":\"https:\\\/\\\/www.eldigitaldeasturias.com\\\/noticias\\\/convocado-el-premio-alimentos-de-espana-mejores-quesos-2019\\\/#breadcrumblist\"},\"author\":{\"@id\":\"https:\\\/\\\/www.eldigitaldeasturias.com\\\/noticias\\\/author\\\/admin\\\/#author\"},\"creator\":{\"@id\":\"https:\\\/\\\/www.eldigitaldeasturias.com\\\/noticias\\\/author\\\/admin\\\/#author\"},\"image\":{\"@type\":\"ImageObject\",\"url\":\"https:\\\/\\\/www.eldigitaldeasturias.com\\\/noticias\\\/wp-content\\\/uploads\\\/2019\\\/06\\\/260619-Quesos.jpg\",\"@id\":\"https:\\\/\\\/www.eldigitaldeasturias.com\\\/noticias\\\/convocado-el-premio-alimentos-de-espana-mejores-quesos-2019\\\/#mainImage\",\"width\":512,\"height\":340},\"primaryImageOfPage\":{\"@id\":\"https:\\\/\\\/www.eldigitaldeasturias.com\\\/noticias\\\/convocado-el-premio-alimentos-de-espana-mejores-quesos-2019\\\/#mainImage\"},\"datePublished\":\"2019-06-26T22:44:34+02:00\",\"dateModified\":\"2019-06-26T22:44:34+02:00\"},{\"@type\":\"WebSite\",\"@id\":\"https:\\\/\\\/www.eldigitaldeasturias.com\\\/noticias\\\/#website\",\"url\":\"https:\\\/\\\/www.eldigitaldeasturias.com\\\/noticias\\\/\",\"name\":\"El Digital de Asturias - Diario de actualidad y noticias\",\"alternateName\":\"El Digital de Asturias - Diario de actualidad y noticias\",\"description\":\"Hemeroteca\",\"inLanguage\":\"es-ES\",\"publisher\":{\"@id\":\"https:\\\/\\\/www.eldigitaldeasturias.com\\\/noticias\\\/#organization\"}}]}\n\t\t<\/script>\n\t\t<!-- All in One SEO Pro -->\r\n\t\t<title>Convocado el premio \u00abAlimentos de Espa\u00f1a Mejores Quesos 2019\u00bb - El Digital de Asturias<\/title>\n\n","aioseo_head_json":{"title":"Convocado el premio \u00abAlimentos de Espa\u00f1a Mejores Quesos 2019\u00bb - El Digital de Asturias","description":"El Ministerio de Agricultura, Pesca y Alimentaci\u00f3n ha convocado el premio \"Alimentos de Espa\u00f1a Mejores Quesos 2019\", que tiene como objetivo promocionar el queso de calidad. \u200bEl extracto de Orden por el que se anuncia la convocatoria de este galard\u00f3n ha sido publicado en el Bolet\u00edn Oficial del Estado (BOE) y recoge los requisitos para","canonical_url":"https:\/\/www.eldigitaldeasturias.com\/noticias\/convocado-el-premio-alimentos-de-espana-mejores-quesos-2019\/","robots":"max-image-preview:large","keywords":"negocios y empresas","webmasterTools":{"google-site-verification":"UA-38556648-1","msvalidate.01":"7dfe9f3f1b24437ab69f4f2559babe99","miscellaneous":""},"schema":{"@context":"https:\/\/schema.org","@graph":[{"@type":"BlogPosting","@id":"https:\/\/www.eldigitaldeasturias.com\/noticias\/convocado-el-premio-alimentos-de-espana-mejores-quesos-2019\/#blogposting","name":"Convocado el premio \u00abAlimentos de Espa\u00f1a Mejores Quesos 2019\u00bb - El Digital de Asturias","headline":"Convocado el premio \u00abAlimentos de Espa\u00f1a Mejores Quesos 2019\u00bb","author":{"@id":"https:\/\/www.eldigitaldeasturias.com\/noticias\/author\/admin\/#author"},"publisher":{"@id":"https:\/\/www.eldigitaldeasturias.com\/noticias\/#organization"},"image":{"@type":"ImageObject","url":"https:\/\/www.eldigitaldeasturias.com\/noticias\/wp-content\/uploads\/2019\/06\/260619-Quesos.jpg","width":512,"height":340},"datePublished":"2019-06-26T22:44:34+02:00","dateModified":"2019-06-26T22:44:34+02:00","inLanguage":"es-ES","mainEntityOfPage":{"@id":"https:\/\/www.eldigitaldeasturias.com\/noticias\/convocado-el-premio-alimentos-de-espana-mejores-quesos-2019\/#webpage"},"isPartOf":{"@id":"https:\/\/www.eldigitaldeasturias.com\/noticias\/convocado-el-premio-alimentos-de-espana-mejores-quesos-2019\/#webpage"},"articleSection":"Negocios y Empresas"},{"@type":"BreadcrumbList","@id":"https:\/\/www.eldigitaldeasturias.com\/noticias\/convocado-el-premio-alimentos-de-espana-mejores-quesos-2019\/#breadcrumblist","itemListElement":[{"@type":"ListItem","@id":"https:\/\/www.eldigitaldeasturias.com\/noticias#listItem","position":1,"name":"Home","item":"https:\/\/www.eldigitaldeasturias.com\/noticias","nextItem":{"@type":"ListItem","@id":"https:\/\/www.eldigitaldeasturias.com\/noticias\/category\/negocios-y-empresas\/#listItem","name":"Negocios y Empresas"}},{"@type":"ListItem","@id":"https:\/\/www.eldigitaldeasturias.com\/noticias\/category\/negocios-y-empresas\/#listItem","position":2,"name":"Negocios y Empresas","item":"https:\/\/www.eldigitaldeasturias.com\/noticias\/category\/negocios-y-empresas\/","nextItem":{"@type":"ListItem","@id":"https:\/\/www.eldigitaldeasturias.com\/noticias\/convocado-el-premio-alimentos-de-espana-mejores-quesos-2019\/#listItem","name":"Convocado el premio \u00abAlimentos de Espa\u00f1a Mejores Quesos 2019\u00bb"},"previousItem":{"@type":"ListItem","@id":"https:\/\/www.eldigitaldeasturias.com\/noticias#listItem","name":"Home"}},{"@type":"ListItem","@id":"https:\/\/www.eldigitaldeasturias.com\/noticias\/convocado-el-premio-alimentos-de-espana-mejores-quesos-2019\/#listItem","position":3,"name":"Convocado el premio \u00abAlimentos de Espa\u00f1a Mejores Quesos 2019\u00bb","previousItem":{"@type":"ListItem","@id":"https:\/\/www.eldigitaldeasturias.com\/noticias\/category\/negocios-y-empresas\/#listItem","name":"Negocios y Empresas"}}]},{"@type":"Organization","@id":"https:\/\/www.eldigitaldeasturias.com\/noticias\/#organization","name":"El Digital de Asturias","description":"Hemeroteca","url":"https:\/\/www.eldigitaldeasturias.com\/noticias\/","email":"info@eldigitaldeasturias.com","telephone":"+34652131393","logo":{"@type":"ImageObject","url":"https:\/\/www.eldigitaldeasturias.com\/noticias\/wp-content\/uploads\/2020\/12\/EDA.jpg","@id":"https:\/\/www.eldigitaldeasturias.com\/noticias\/convocado-el-premio-alimentos-de-espana-mejores-quesos-2019\/#organizationLogo","width":649,"height":297},"image":{"@id":"https:\/\/www.eldigitaldeasturias.com\/noticias\/convocado-el-premio-alimentos-de-espana-mejores-quesos-2019\/#organizationLogo"},"sameAs":["https:\/\/facebook.com\/eldigitaldeasturias","https:\/\/www.youtube.com\/channel\/UCZP-2wLEB9Rv6erhFmqVnvg"],"address":{"@id":"https:\/\/www.eldigitaldeasturias.com\/noticias\/#postaladdress","@type":"PostalAddress","streetAddress":"san antonio 4,","postalCode":"33430","addressLocality":"Cand\u00e1s","addressRegion":"Asturias","addressCountry":"ES"}},{"@type":"Person","@id":"https:\/\/www.eldigitaldeasturias.com\/noticias\/author\/admin\/#author","url":"https:\/\/www.eldigitaldeasturias.com\/noticias\/author\/admin\/","name":"El Digital de Asturias","image":{"@type":"ImageObject","@id":"https:\/\/www.eldigitaldeasturias.com\/noticias\/convocado-el-premio-alimentos-de-espana-mejores-quesos-2019\/#authorImage","url":"https:\/\/www.eldigitaldeasturias.com\/noticias\/wp-content\/litespeed\/avatar\/18677e78aa0546b92d9dbf31ec7d7668.jpg?ver=1777290358","width":96,"height":96,"caption":"El Digital de Asturias"}},{"@type":"WebPage","@id":"https:\/\/www.eldigitaldeasturias.com\/noticias\/convocado-el-premio-alimentos-de-espana-mejores-quesos-2019\/#webpage","url":"https:\/\/www.eldigitaldeasturias.com\/noticias\/convocado-el-premio-alimentos-de-espana-mejores-quesos-2019\/","name":"Convocado el premio \u00abAlimentos de Espa\u00f1a Mejores Quesos 2019\u00bb - El Digital de Asturias","description":"El Ministerio de Agricultura, Pesca y Alimentaci\u00f3n ha convocado el premio \"Alimentos de Espa\u00f1a Mejores Quesos 2019\", que tiene como objetivo promocionar el queso de calidad. \u200bEl extracto de Orden por el que se anuncia la convocatoria de este galard\u00f3n ha sido publicado en el Bolet\u00edn Oficial del Estado (BOE) y recoge los requisitos para","inLanguage":"es-ES","isPartOf":{"@id":"https:\/\/www.eldigitaldeasturias.com\/noticias\/#website"},"breadcrumb":{"@id":"https:\/\/www.eldigitaldeasturias.com\/noticias\/convocado-el-premio-alimentos-de-espana-mejores-quesos-2019\/#breadcrumblist"},"author":{"@id":"https:\/\/www.eldigitaldeasturias.com\/noticias\/author\/admin\/#author"},"creator":{"@id":"https:\/\/www.eldigitaldeasturias.com\/noticias\/author\/admin\/#author"},"image":{"@type":"ImageObject","url":"https:\/\/www.eldigitaldeasturias.com\/noticias\/wp-content\/uploads\/2019\/06\/260619-Quesos.jpg","@id":"https:\/\/www.eldigitaldeasturias.com\/noticias\/convocado-el-premio-alimentos-de-espana-mejores-quesos-2019\/#mainImage","width":512,"height":340},"primaryImageOfPage":{"@id":"https:\/\/www.eldigitaldeasturias.com\/noticias\/convocado-el-premio-alimentos-de-espana-mejores-quesos-2019\/#mainImage"},"datePublished":"2019-06-26T22:44:34+02:00","dateModified":"2019-06-26T22:44:34+02:00"},{"@type":"WebSite","@id":"https:\/\/www.eldigitaldeasturias.com\/noticias\/#website","url":"https:\/\/www.eldigitaldeasturias.com\/noticias\/","name":"El Digital de Asturias - Diario de actualidad y noticias","alternateName":"El Digital de Asturias - Diario de actualidad y noticias","description":"Hemeroteca","inLanguage":"es-ES","publisher":{"@id":"https:\/\/www.eldigitaldeasturias.com\/noticias\/#organization"}}]},"og:locale":"es_ES","og:site_name":"El Digital de Asturias","og:type":"article","og:title":"Convocado el premio \u00abAlimentos de Espa\u00f1a Mejores Quesos 2019\u00bb - El Digital de Asturias","og:description":"El Ministerio de Agricultura, Pesca y Alimentaci\u00f3n ha convocado el premio &quot;Alimentos de Espa\u00f1a Mejores Quesos 2019&quot;, que tiene como objetivo promocionar el queso de calidad. \u200bEl extracto de Orden por el que se anuncia la convocatoria de este galard\u00f3n ha sido publicado en el Bolet\u00edn Oficial del Estado (BOE) y recoge los requisitos para","og:url":"https:\/\/www.eldigitaldeasturias.com\/noticias\/convocado-el-premio-alimentos-de-espana-mejores-quesos-2019\/","og:image":"https:\/\/www.eldigitaldeasturias.com\/noticias\/wp-content\/uploads\/2019\/06\/260619-Quesos.jpg","og:image:secure_url":"https:\/\/www.eldigitaldeasturias.com\/noticias\/wp-content\/uploads\/2019\/06\/260619-Quesos.jpg","og:image:width":512,"og:image:height":340,"article:tag":["negocios y empresas"],"article:published_time":"2019-06-26T22:44:34+00:00","article:modified_time":"2019-06-26T22:44:34+00:00","article:publisher":"https:\/\/facebook.com\/eldigitaldeasturias","twitter:card":"summary_large_image","twitter:title":"Convocado el premio \u00abAlimentos de Espa\u00f1a Mejores Quesos 2019\u00bb - El Digital de Asturias","twitter:description":"El Ministerio de Agricultura, Pesca y Alimentaci\u00f3n ha convocado el premio &quot;Alimentos de Espa\u00f1a Mejores Quesos 2019&quot;, que tiene como objetivo promocionar el queso de calidad. \u200bEl extracto de Orden por el que se anuncia la convocatoria de este galard\u00f3n ha sido publicado en el Bolet\u00edn Oficial del Estado (BOE) y recoge los requisitos para","twitter:image":"https:\/\/www.eldigitaldeasturias.com\/noticias\/wp-content\/uploads\/2019\/06\/260619-Quesos.jpg","twitter:label1":"Escrito por","twitter:data1":"El Digital de Asturias","twitter:label2":"Tiempo de lectura estimado","twitter:data2":"1 minuto"},"aioseo_meta_data":{"post_id":"1032626","title":null,"description":null,"keywords":null,"keyphrases":null,"primary_term":null,"canonical_url":null,"og_title":null,"og_description":null,"og_object_type":"default","og_image_type":"default","og_image_url":null,"og_image_width":null,"og_image_height":null,"og_image_custom_url":null,"og_image_custom_fields":null,"og_video":null,"og_custom_url":null,"og_article_section":null,"og_article_tags":null,"twitter_use_og":false,"twitter_card":"default","twitter_image_type":"default","twitter_image_url":null,"twitter_image_custom_url":null,"twitter_image_custom_fields":null,"twitter_title":null,"twitter_description":null,"schema":{"blockGraphs":[],"customGraphs":[],"default":{"data":{"Article":[],"Course":[],"Dataset":[],"FAQPage":[],"Movie":[],"Person":[],"Product":[],"ProductReview":[],"Car":[],"Recipe":[],"Service":[],"SoftwareApplication":[],"WebPage":[]},"graphName":"","isEnabled":true},"graphs":[],"defaultGraph":"","defaultPostTypeGraph":""},"schema_type":null,"schema_type_options":null,"pillar_content":false,"robots_default":true,"robots_noindex":false,"robots_noarchive":false,"robots_nosnippet":false,"robots_nofollow":false,"robots_noimageindex":false,"robots_noodp":false,"robots_notranslate":false,"robots_max_snippet":null,"robots_max_videopreview":null,"robots_max_imagepreview":"large","priority":null,"frequency":null,"local_seo":null,"seo_analyzer_scan_date":"2025-10-21 20:18:41","breadcrumb_settings":null,"limit_modified_date":false,"open_ai":null,"ai":null,"created":"2020-12-21 11:09:50","updated":"2025-10-21 20:18:41"},"aioseo_breadcrumb":"<div class=\"aioseo-breadcrumbs\"><span class=\"aioseo-breadcrumb\">\n\t<a href=\"https:\/\/www.eldigitaldeasturias.com\/noticias\" title=\"Home\">Home<\/a>\n<\/span><span class=\"aioseo-breadcrumb-separator\">\u2013<\/span><span class=\"aioseo-breadcrumb\">\n\t<a href=\"https:\/\/www.eldigitaldeasturias.com\/noticias\/category\/negocios-y-empresas\/\" title=\"Negocios y Empresas\">Negocios y Empresas<\/a>\n<\/span><span class=\"aioseo-breadcrumb-separator\">\u2013<\/span><span class=\"aioseo-breadcrumb\">\n\t<a href=\"https:\/\/www.eldigitaldeasturias.com\/noticias\/convocado-el-premio-alimentos-de-espana-mejores-quesos-2019\/\" title=\"Convocado el premio \u00abAlimentos de Espa\u00f1a Mejores Quesos 2019\u00bb\">Convocado el premio \u00abAlimentos de Espa\u00f1a Mejores Quesos 2019\u00bb<\/a>\n<\/span><\/div>","aioseo_breadcrumb_json":[{"label":"Home","link":"https:\/\/www.eldigitaldeasturias.com\/noticias"},{"label":"Negocios y Empresas","link":"https:\/\/www.eldigitaldeasturias.com\/noticias\/category\/negocios-y-empresas\/"},{"label":"Convocado el premio \u00abAlimentos de Espa\u00f1a Mejores Quesos 2019\u00bb","link":"https:\/\/www.eldigitaldeasturias.com\/noticias\/convocado-el-premio-alimentos-de-espana-mejores-quesos-2019\/"}],"_links":{"self":[{"href":"https:\/\/www.eldigitaldeasturias.com\/noticias\/wp-json\/wp\/v2\/posts\/1032626","targetHints":{"allow":["GET"]}}],"collection":[{"href":"https:\/\/www.eldigitaldeasturias.com\/noticias\/wp-json\/wp\/v2\/posts"}],"about":[{"href":"https:\/\/www.eldigitaldeasturias.com\/noticias\/wp-json\/wp\/v2\/types\/post"}],"author":[{"embeddable":true,"href":"https:\/\/www.eldigitaldeasturias.com\/noticias\/wp-json\/wp\/v2\/users\/1"}],"replies":[{"embeddable":true,"href":"https:\/\/www.eldigitaldeasturias.com\/noticias\/wp-json\/wp\/v2\/comments?post=1032626"}],"version-history":[{"count":0,"href":"https:\/\/www.eldigitaldeasturias.com\/noticias\/wp-json\/wp\/v2\/posts\/1032626\/revisions"}],"wp:featuredmedia":[{"embeddable":true,"href":"https:\/\/www.eldigitaldeasturias.com\/noticias\/wp-json\/wp\/v2\/media\/1032627"}],"wp:attachment":[{"href":"https:\/\/www.eldigitaldeasturias.com\/noticias\/wp-json\/wp\/v2\/media?parent=1032626"}],"wp:term":[{"taxonomy":"category","embeddable":true,"href":"https:\/\/www.eldigitaldeasturias.com\/noticias\/wp-json\/wp\/v2\/categories?post=1032626"},{"taxonomy":"post_tag","embeddable":true,"href":"https:\/\/www.eldigitaldeasturias.com\/noticias\/wp-json\/wp\/v2\/tags?post=1032626"}],"curies":[{"name":"wp","href":"https:\/\/api.w.org\/{rel}","templated":true}]}}