{"id":1032501,"date":"2019-06-26T10:30:21","date_gmt":"2019-06-26T10:30:21","guid":{"rendered":"https:\/\/www.eldigitaldeasturias.com\/noticias\/?p=1032501"},"modified":"2020-09-30T19:12:32","modified_gmt":"2020-09-30T19:12:32","slug":"la-evolucion-del-periodismo","status":"publish","type":"post","link":"https:\/\/www.eldigitaldeasturias.com\/noticias\/la-evolucion-del-periodismo\/","title":{"rendered":"La evoluci\u00f3n del periodismo"},"content":{"rendered":"<p><img loading=\"lazy\" decoding=\"async\" class=\"alignleft size-medium wp-image-1032502\" src=\"https:\/\/www.eldigitaldeasturias.com\/noticias\/wp-content\/uploads\/2019\/06\/periodismo-digital-360x206.jpg\" alt=\"\" width=\"360\" height=\"206\" srcset=\"https:\/\/www.eldigitaldeasturias.com\/noticias\/wp-content\/uploads\/2019\/06\/periodismo-digital-360x206.jpg 360w, https:\/\/www.eldigitaldeasturias.com\/noticias\/wp-content\/uploads\/2019\/06\/periodismo-digital-768x439.jpg 768w, https:\/\/www.eldigitaldeasturias.com\/noticias\/wp-content\/uploads\/2019\/06\/periodismo-digital-650x372.jpg 650w, https:\/\/www.eldigitaldeasturias.com\/noticias\/wp-content\/uploads\/2019\/06\/periodismo-digital.jpg 960w\" sizes=\"auto, (max-width: 360px) 100vw, 360px\" \/>Hacer periodismo en esta \u00e9poca, no es cualquier cosa, ya que, durante la \u00faltima d\u00e9cada, se ha producido una transformaci\u00f3n r\u00e1pida de lo que se conoc\u00eda como el \u201cperiodismo tradicional\u201d al \u201cperiodismo digital\u201d. Ciertamente, la era digital no s\u00f3lo ha obligado a los medios de comunicaci\u00f3n a reestructurarse y mirar hacia nuevos horizontes en aras de no quedarse de \u00faltimos en la fila, sino que, adem\u00e1s, con el nacimiento de la digitalizaci\u00f3n, el periodismo no s\u00f3lo se ha transformado, sino que tambi\u00e9n ha evolucionado.<\/p>\n<p>Y, \u00bfpor qu\u00e9 digo que el periodismo ha evolucionado? Pues ha evolucionado porque se ha expandido a nuevas formas y m\u00e9todos de comunicaci\u00f3n que requieren mayor inmediatez. Adem\u00e1s, esto no lo estamos inventando, los hechos hablan por s\u00ed solos, puesto que, el periodismo digital sigue sinti\u00e9ndose como una \u201cnovedad\u201d en el mundo, una criatura reci\u00e9n nacida, pero que en muy poco tiempo ha conseguido pasar por encima de su mayor competidor, el gigante de la prensa en papel, el cual gozaba de una audiencia y difusi\u00f3n considerable hasta hace pocos a\u00f1os.<\/p>\n<p>Hoy en d\u00eda, los mejores peri\u00f3dicos de Espa\u00f1a y tambi\u00e9n del mundo, tienen su propia aplicaci\u00f3n que se puede descargar en los m\u00f3viles, tienen su versi\u00f3n digital bien completa a trav\u00e9s del Internet y tambi\u00e9n est\u00e1n presenten en las redes sociales. En pocas palabras, las compa\u00f1\u00edas de medios de comunicaci\u00f3n se han visto en la necesidad de digitalizarse para poder seguir manteniendo su audiencia.<\/p>\n<p>Cada vez son menos las personas que van cada ma\u00f1ana a comprar la prensa. Actualmente, la gente, incluso por comodidad, lee las noticias a trav\u00e9s del m\u00f3vil, o simplemente desde su ordenador en cualquier momento del d\u00eda.<\/p>\n<p>Por otra parte, con el surgimiento del periodismo digital, cualquier ciudadano, sin necesidad de escribir para ning\u00fan peri\u00f3dico y sin necesidad de ser periodista titulado, puede ejercer funciones de periodista. Es decir, en el contexto social que estamos viviendo, la proliferaci\u00f3n de p\u00e1ginas web, blogs, peri\u00f3dicos digitales, entre muchos otros formatos, es abundante. Estos son nuevos canales por los cuales, la gente puede informar sin necesidad de ser un periodista profesional, ya que, los usuarios que est\u00e1n detr\u00e1s son, en su gran mayor\u00eda, ciudadanos an\u00f3nimos. Adem\u00e1s, hoy en d\u00eda, cualquier ciudadano puede hacer eco de una informaci\u00f3n y difundirla a trav\u00e9s de las redes sociales, bien sea Twitter, Facebook e incluso Instagram.<\/p>\n<p>No obstante, para entender c\u00f3mo ha evolucionado el periodismo, tambi\u00e9n es importante mencionar algunas de las \u201cventajas\u201d m\u00e1s importantes de la digitalizaci\u00f3n.<\/p>\n<p>La primera y m\u00e1s f\u00e1cil de deducir es <strong><em>la instantaneidad<\/em><\/strong>, es decir, la capacidad de informar en el momento: Si ocurre un hecho de \u00faltima hora, los peri\u00f3dicos digitales se har\u00e1n eco en seguida de la noticia, mientras que los peri\u00f3dicos tradicionales, en la mayor\u00eda de los casos, podr\u00e1n anunciar la noticia en la edici\u00f3n impresa del d\u00eda siguiente.<\/p>\n<p><strong><em>La cobertura a tiempo real<\/em><\/strong>, es decir, la informaci\u00f3n se difunde con mayor rapidez, al momento de un acontecimiento.<\/p>\n<p><strong><em>La interactividad<\/em><\/strong> de sus p\u00e1ginas web y en sus art\u00edculos. En esta era digital, los dise\u00f1os de las p\u00e1ginas web de los peri\u00f3dicos son din\u00e1micos y ayudan a encontrar la informaci\u00f3n m\u00e1s f\u00e1cilmente. Incluso, la mayor\u00eda tienen buscadores en su p\u00e1gina de portada para que la gente pueda, a trav\u00e9s del uso de palabras claves, encontrar directamente la informaci\u00f3n que desea leer.<\/p>\n<p>Sin embargo, todo ello tambi\u00e9n significa que el periodista digital debe asumir varios roles que anteriormente pertenec\u00edan a diferentes trabajadores, lo que le exige mayor preparaci\u00f3n y dedicaci\u00f3n, un crecimiento en el n\u00famero de labores, que en la gran mayor\u00eda de casos no ver\u00e1 reflejado en su salario final.<\/p>\n<p>Es decir, el periodista de hoy en d\u00eda debe ser multifuncional. Debe ser capaz de buscar la informaci\u00f3n, tomar fotos, grabar videos, escribir, editar y comunicar a trav\u00e9s de las diferentes redes sociales lo que est\u00e1 ocurriendo. Por esto, en definitiva, podemos asegurar que el periodismo ha evolucionado y con esta evoluci\u00f3n tambi\u00e9n se ha transformado la comunicaci\u00f3n y la forma de hacer periodismo para quienes tenemos la responsabilidad de llevar informaci\u00f3n en esta era de la digitalizaci\u00f3n.<\/p>\n<p>&nbsp;<\/p>\n<p>&nbsp;<\/p>\n","protected":false},"excerpt":{"rendered":"<p>Hacer periodismo en esta \u00e9poca, no es cualquier cosa, ya que, durante la \u00faltima d\u00e9cada, se ha producido una transformaci\u00f3n r\u00e1pida de lo que se conoc\u00eda como el \u201cperiodismo tradicional\u201d al \u201cperiodismo digital\u201d. Ciertamente, la era digital no s\u00f3lo ha obligado a los medios de comunicaci\u00f3n a reestructurarse y mirar hacia nuevos horizontes en aras [&hellip;]<\/p>\n","protected":false},"author":1,"featured_media":1032502,"comment_status":"open","ping_status":"closed","sticky":false,"template":"","format":"standard","meta":{"footnotes":""},"categories":[219],"tags":[],"class_list":["post-1032501","post","type-post","status-publish","format-standard","has-post-thumbnail","hentry","category-negocios-y-empresas"],"aioseo_notices":[],"aioseo_head":"\n\t\t<!-- All in One SEO Pro 4.9.6.2 - aioseo.com -->\n\t<meta name=\"description\" content=\"Hacer periodismo en esta \u00e9poca, no es cualquier cosa, ya que, durante la \u00faltima d\u00e9cada, se ha producido una transformaci\u00f3n r\u00e1pida de lo que se conoc\u00eda como el \u201cperiodismo tradicional\u201d al \u201cperiodismo digital\u201d. Ciertamente, la era digital no s\u00f3lo ha obligado a los medios de comunicaci\u00f3n a reestructurarse y mirar hacia nuevos horizontes en aras\" \/>\n\t<meta name=\"robots\" content=\"max-image-preview:large\" \/>\n\t<meta name=\"author\" content=\"El Digital de Asturias\"\/>\n\t<meta name=\"google-site-verification\" content=\"UA-38556648-1\" \/>\n\t<meta name=\"msvalidate.01\" content=\"7dfe9f3f1b24437ab69f4f2559babe99\" \/>\n\t<meta name=\"keywords\" content=\"negocios y empresas\" \/>\n\t<link rel=\"canonical\" href=\"https:\/\/www.eldigitaldeasturias.com\/noticias\/la-evolucion-del-periodismo\/\" \/>\n\t<meta name=\"generator\" content=\"All in One SEO Pro (AIOSEO) 4.9.6.2\" \/>\n\t\t<meta property=\"og:locale\" content=\"es_ES\" \/>\n\t\t<meta property=\"og:site_name\" content=\"El Digital de Asturias\" \/>\n\t\t<meta property=\"og:type\" content=\"article\" \/>\n\t\t<meta property=\"og:title\" content=\"La evoluci\u00f3n del periodismo - El Digital de Asturias\" \/>\n\t\t<meta property=\"og:description\" content=\"Hacer periodismo en esta \u00e9poca, no es cualquier cosa, ya que, durante la \u00faltima d\u00e9cada, se ha producido una transformaci\u00f3n r\u00e1pida de lo que se conoc\u00eda como el \u201cperiodismo tradicional\u201d al \u201cperiodismo digital\u201d. Ciertamente, la era digital no s\u00f3lo ha obligado a los medios de comunicaci\u00f3n a reestructurarse y mirar hacia nuevos horizontes en aras\" \/>\n\t\t<meta property=\"og:url\" content=\"https:\/\/www.eldigitaldeasturias.com\/noticias\/la-evolucion-del-periodismo\/\" \/>\n\t\t<meta property=\"og:image\" content=\"https:\/\/www.eldigitaldeasturias.com\/noticias\/wp-content\/uploads\/2019\/06\/periodismo-digital.jpg\" \/>\n\t\t<meta property=\"og:image:secure_url\" content=\"https:\/\/www.eldigitaldeasturias.com\/noticias\/wp-content\/uploads\/2019\/06\/periodismo-digital.jpg\" \/>\n\t\t<meta property=\"og:image:width\" content=\"960\" \/>\n\t\t<meta property=\"og:image:height\" content=\"549\" \/>\n\t\t<meta property=\"article:tag\" content=\"negocios y empresas\" \/>\n\t\t<meta property=\"article:published_time\" content=\"2019-06-26T10:30:21+00:00\" \/>\n\t\t<meta property=\"article:modified_time\" content=\"2020-09-30T19:12:32+00:00\" \/>\n\t\t<meta property=\"article:publisher\" content=\"https:\/\/facebook.com\/eldigitaldeasturias\" \/>\n\t\t<meta name=\"twitter:card\" content=\"summary_large_image\" \/>\n\t\t<meta name=\"twitter:title\" content=\"La evoluci\u00f3n del periodismo - El Digital de Asturias\" \/>\n\t\t<meta name=\"twitter:description\" content=\"Hacer periodismo en esta \u00e9poca, no es cualquier cosa, ya que, durante la \u00faltima d\u00e9cada, se ha producido una transformaci\u00f3n r\u00e1pida de lo que se conoc\u00eda como el \u201cperiodismo tradicional\u201d al \u201cperiodismo digital\u201d. Ciertamente, la era digital no s\u00f3lo ha obligado a los medios de comunicaci\u00f3n a reestructurarse y mirar hacia nuevos horizontes en aras\" \/>\n\t\t<meta name=\"twitter:image\" content=\"https:\/\/www.eldigitaldeasturias.com\/noticias\/wp-content\/uploads\/2019\/06\/periodismo-digital.jpg\" \/>\n\t\t<meta name=\"twitter:label1\" content=\"Escrito por\" \/>\n\t\t<meta name=\"twitter:data1\" content=\"El Digital de Asturias\" \/>\n\t\t<meta name=\"twitter:label2\" content=\"Tiempo de lectura estimado\" \/>\n\t\t<meta name=\"twitter:data2\" content=\"4 minutos\" \/>\n\t\t<script type=\"application\/ld+json\" class=\"aioseo-schema\">\n\t\t\t{\"@context\":\"https:\\\/\\\/schema.org\",\"@graph\":[{\"@type\":\"BlogPosting\",\"@id\":\"https:\\\/\\\/www.eldigitaldeasturias.com\\\/noticias\\\/la-evolucion-del-periodismo\\\/#blogposting\",\"name\":\"La evoluci\\u00f3n del periodismo - El Digital de Asturias\",\"headline\":\"La evoluci\\u00f3n del periodismo\",\"author\":{\"@id\":\"https:\\\/\\\/www.eldigitaldeasturias.com\\\/noticias\\\/author\\\/admin\\\/#author\"},\"publisher\":{\"@id\":\"https:\\\/\\\/www.eldigitaldeasturias.com\\\/noticias\\\/#organization\"},\"image\":{\"@type\":\"ImageObject\",\"url\":\"https:\\\/\\\/www.eldigitaldeasturias.com\\\/noticias\\\/wp-content\\\/uploads\\\/2019\\\/06\\\/periodismo-digital.jpg\",\"width\":960,\"height\":549},\"datePublished\":\"2019-06-26T10:30:21+02:00\",\"dateModified\":\"2020-09-30T19:12:32+02:00\",\"inLanguage\":\"es-ES\",\"mainEntityOfPage\":{\"@id\":\"https:\\\/\\\/www.eldigitaldeasturias.com\\\/noticias\\\/la-evolucion-del-periodismo\\\/#webpage\"},\"isPartOf\":{\"@id\":\"https:\\\/\\\/www.eldigitaldeasturias.com\\\/noticias\\\/la-evolucion-del-periodismo\\\/#webpage\"},\"articleSection\":\"Negocios y Empresas\"},{\"@type\":\"BreadcrumbList\",\"@id\":\"https:\\\/\\\/www.eldigitaldeasturias.com\\\/noticias\\\/la-evolucion-del-periodismo\\\/#breadcrumblist\",\"itemListElement\":[{\"@type\":\"ListItem\",\"@id\":\"https:\\\/\\\/www.eldigitaldeasturias.com\\\/noticias#listItem\",\"position\":1,\"name\":\"Home\",\"item\":\"https:\\\/\\\/www.eldigitaldeasturias.com\\\/noticias\",\"nextItem\":{\"@type\":\"ListItem\",\"@id\":\"https:\\\/\\\/www.eldigitaldeasturias.com\\\/noticias\\\/category\\\/negocios-y-empresas\\\/#listItem\",\"name\":\"Negocios y Empresas\"}},{\"@type\":\"ListItem\",\"@id\":\"https:\\\/\\\/www.eldigitaldeasturias.com\\\/noticias\\\/category\\\/negocios-y-empresas\\\/#listItem\",\"position\":2,\"name\":\"Negocios y Empresas\",\"item\":\"https:\\\/\\\/www.eldigitaldeasturias.com\\\/noticias\\\/category\\\/negocios-y-empresas\\\/\",\"nextItem\":{\"@type\":\"ListItem\",\"@id\":\"https:\\\/\\\/www.eldigitaldeasturias.com\\\/noticias\\\/la-evolucion-del-periodismo\\\/#listItem\",\"name\":\"La evoluci\\u00f3n del periodismo\"},\"previousItem\":{\"@type\":\"ListItem\",\"@id\":\"https:\\\/\\\/www.eldigitaldeasturias.com\\\/noticias#listItem\",\"name\":\"Home\"}},{\"@type\":\"ListItem\",\"@id\":\"https:\\\/\\\/www.eldigitaldeasturias.com\\\/noticias\\\/la-evolucion-del-periodismo\\\/#listItem\",\"position\":3,\"name\":\"La evoluci\\u00f3n del periodismo\",\"previousItem\":{\"@type\":\"ListItem\",\"@id\":\"https:\\\/\\\/www.eldigitaldeasturias.com\\\/noticias\\\/category\\\/negocios-y-empresas\\\/#listItem\",\"name\":\"Negocios y Empresas\"}}]},{\"@type\":\"Organization\",\"@id\":\"https:\\\/\\\/www.eldigitaldeasturias.com\\\/noticias\\\/#organization\",\"name\":\"El Digital de Asturias\",\"description\":\"Hemeroteca\",\"url\":\"https:\\\/\\\/www.eldigitaldeasturias.com\\\/noticias\\\/\",\"email\":\"info@eldigitaldeasturias.com\",\"telephone\":\"+34652131393\",\"logo\":{\"@type\":\"ImageObject\",\"url\":\"https:\\\/\\\/www.eldigitaldeasturias.com\\\/noticias\\\/wp-content\\\/uploads\\\/2020\\\/12\\\/EDA.jpg\",\"@id\":\"https:\\\/\\\/www.eldigitaldeasturias.com\\\/noticias\\\/la-evolucion-del-periodismo\\\/#organizationLogo\",\"width\":649,\"height\":297},\"image\":{\"@id\":\"https:\\\/\\\/www.eldigitaldeasturias.com\\\/noticias\\\/la-evolucion-del-periodismo\\\/#organizationLogo\"},\"sameAs\":[\"https:\\\/\\\/facebook.com\\\/eldigitaldeasturias\",\"https:\\\/\\\/www.youtube.com\\\/channel\\\/UCZP-2wLEB9Rv6erhFmqVnvg\"],\"address\":{\"@id\":\"https:\\\/\\\/www.eldigitaldeasturias.com\\\/noticias\\\/#postaladdress\",\"@type\":\"PostalAddress\",\"streetAddress\":\"san antonio 4,\",\"postalCode\":\"33430\",\"addressLocality\":\"Cand\\u00e1s\",\"addressRegion\":\"Asturias\",\"addressCountry\":\"ES\"}},{\"@type\":\"Person\",\"@id\":\"https:\\\/\\\/www.eldigitaldeasturias.com\\\/noticias\\\/author\\\/admin\\\/#author\",\"url\":\"https:\\\/\\\/www.eldigitaldeasturias.com\\\/noticias\\\/author\\\/admin\\\/\",\"name\":\"El Digital de Asturias\",\"image\":{\"@type\":\"ImageObject\",\"@id\":\"https:\\\/\\\/www.eldigitaldeasturias.com\\\/noticias\\\/la-evolucion-del-periodismo\\\/#authorImage\",\"url\":\"https:\\\/\\\/www.eldigitaldeasturias.com\\\/noticias\\\/wp-content\\\/litespeed\\\/avatar\\\/18677e78aa0546b92d9dbf31ec7d7668.jpg?ver=1777290358\",\"width\":96,\"height\":96,\"caption\":\"El Digital de Asturias\"}},{\"@type\":\"WebPage\",\"@id\":\"https:\\\/\\\/www.eldigitaldeasturias.com\\\/noticias\\\/la-evolucion-del-periodismo\\\/#webpage\",\"url\":\"https:\\\/\\\/www.eldigitaldeasturias.com\\\/noticias\\\/la-evolucion-del-periodismo\\\/\",\"name\":\"La evoluci\\u00f3n del periodismo - El Digital de Asturias\",\"description\":\"Hacer periodismo en esta \\u00e9poca, no es cualquier cosa, ya que, durante la \\u00faltima d\\u00e9cada, se ha producido una transformaci\\u00f3n r\\u00e1pida de lo que se conoc\\u00eda como el \\u201cperiodismo tradicional\\u201d al \\u201cperiodismo digital\\u201d. Ciertamente, la era digital no s\\u00f3lo ha obligado a los medios de comunicaci\\u00f3n a reestructurarse y mirar hacia nuevos horizontes en aras\",\"inLanguage\":\"es-ES\",\"isPartOf\":{\"@id\":\"https:\\\/\\\/www.eldigitaldeasturias.com\\\/noticias\\\/#website\"},\"breadcrumb\":{\"@id\":\"https:\\\/\\\/www.eldigitaldeasturias.com\\\/noticias\\\/la-evolucion-del-periodismo\\\/#breadcrumblist\"},\"author\":{\"@id\":\"https:\\\/\\\/www.eldigitaldeasturias.com\\\/noticias\\\/author\\\/admin\\\/#author\"},\"creator\":{\"@id\":\"https:\\\/\\\/www.eldigitaldeasturias.com\\\/noticias\\\/author\\\/admin\\\/#author\"},\"image\":{\"@type\":\"ImageObject\",\"url\":\"https:\\\/\\\/www.eldigitaldeasturias.com\\\/noticias\\\/wp-content\\\/uploads\\\/2019\\\/06\\\/periodismo-digital.jpg\",\"@id\":\"https:\\\/\\\/www.eldigitaldeasturias.com\\\/noticias\\\/la-evolucion-del-periodismo\\\/#mainImage\",\"width\":960,\"height\":549},\"primaryImageOfPage\":{\"@id\":\"https:\\\/\\\/www.eldigitaldeasturias.com\\\/noticias\\\/la-evolucion-del-periodismo\\\/#mainImage\"},\"datePublished\":\"2019-06-26T10:30:21+02:00\",\"dateModified\":\"2020-09-30T19:12:32+02:00\"},{\"@type\":\"WebSite\",\"@id\":\"https:\\\/\\\/www.eldigitaldeasturias.com\\\/noticias\\\/#website\",\"url\":\"https:\\\/\\\/www.eldigitaldeasturias.com\\\/noticias\\\/\",\"name\":\"El Digital de Asturias - Diario de actualidad y noticias\",\"alternateName\":\"El Digital de Asturias - Diario de actualidad y noticias\",\"description\":\"Hemeroteca\",\"inLanguage\":\"es-ES\",\"publisher\":{\"@id\":\"https:\\\/\\\/www.eldigitaldeasturias.com\\\/noticias\\\/#organization\"}}]}\n\t\t<\/script>\n\t\t<!-- All in One SEO Pro -->\r\n\t\t<title>La evoluci\u00f3n del periodismo - El Digital de Asturias<\/title>\n\n","aioseo_head_json":{"title":"La evoluci\u00f3n del periodismo - El Digital de Asturias","description":"Hacer periodismo en esta \u00e9poca, no es cualquier cosa, ya que, durante la \u00faltima d\u00e9cada, se ha producido una transformaci\u00f3n r\u00e1pida de lo que se conoc\u00eda como el \u201cperiodismo tradicional\u201d al \u201cperiodismo digital\u201d. Ciertamente, la era digital no s\u00f3lo ha obligado a los medios de comunicaci\u00f3n a reestructurarse y mirar hacia nuevos horizontes en aras","canonical_url":"https:\/\/www.eldigitaldeasturias.com\/noticias\/la-evolucion-del-periodismo\/","robots":"max-image-preview:large","keywords":"negocios y empresas","webmasterTools":{"google-site-verification":"UA-38556648-1","msvalidate.01":"7dfe9f3f1b24437ab69f4f2559babe99","miscellaneous":""},"schema":{"@context":"https:\/\/schema.org","@graph":[{"@type":"BlogPosting","@id":"https:\/\/www.eldigitaldeasturias.com\/noticias\/la-evolucion-del-periodismo\/#blogposting","name":"La evoluci\u00f3n del periodismo - El Digital de Asturias","headline":"La evoluci\u00f3n del periodismo","author":{"@id":"https:\/\/www.eldigitaldeasturias.com\/noticias\/author\/admin\/#author"},"publisher":{"@id":"https:\/\/www.eldigitaldeasturias.com\/noticias\/#organization"},"image":{"@type":"ImageObject","url":"https:\/\/www.eldigitaldeasturias.com\/noticias\/wp-content\/uploads\/2019\/06\/periodismo-digital.jpg","width":960,"height":549},"datePublished":"2019-06-26T10:30:21+02:00","dateModified":"2020-09-30T19:12:32+02:00","inLanguage":"es-ES","mainEntityOfPage":{"@id":"https:\/\/www.eldigitaldeasturias.com\/noticias\/la-evolucion-del-periodismo\/#webpage"},"isPartOf":{"@id":"https:\/\/www.eldigitaldeasturias.com\/noticias\/la-evolucion-del-periodismo\/#webpage"},"articleSection":"Negocios y Empresas"},{"@type":"BreadcrumbList","@id":"https:\/\/www.eldigitaldeasturias.com\/noticias\/la-evolucion-del-periodismo\/#breadcrumblist","itemListElement":[{"@type":"ListItem","@id":"https:\/\/www.eldigitaldeasturias.com\/noticias#listItem","position":1,"name":"Home","item":"https:\/\/www.eldigitaldeasturias.com\/noticias","nextItem":{"@type":"ListItem","@id":"https:\/\/www.eldigitaldeasturias.com\/noticias\/category\/negocios-y-empresas\/#listItem","name":"Negocios y Empresas"}},{"@type":"ListItem","@id":"https:\/\/www.eldigitaldeasturias.com\/noticias\/category\/negocios-y-empresas\/#listItem","position":2,"name":"Negocios y Empresas","item":"https:\/\/www.eldigitaldeasturias.com\/noticias\/category\/negocios-y-empresas\/","nextItem":{"@type":"ListItem","@id":"https:\/\/www.eldigitaldeasturias.com\/noticias\/la-evolucion-del-periodismo\/#listItem","name":"La evoluci\u00f3n del periodismo"},"previousItem":{"@type":"ListItem","@id":"https:\/\/www.eldigitaldeasturias.com\/noticias#listItem","name":"Home"}},{"@type":"ListItem","@id":"https:\/\/www.eldigitaldeasturias.com\/noticias\/la-evolucion-del-periodismo\/#listItem","position":3,"name":"La evoluci\u00f3n del periodismo","previousItem":{"@type":"ListItem","@id":"https:\/\/www.eldigitaldeasturias.com\/noticias\/category\/negocios-y-empresas\/#listItem","name":"Negocios y Empresas"}}]},{"@type":"Organization","@id":"https:\/\/www.eldigitaldeasturias.com\/noticias\/#organization","name":"El Digital de Asturias","description":"Hemeroteca","url":"https:\/\/www.eldigitaldeasturias.com\/noticias\/","email":"info@eldigitaldeasturias.com","telephone":"+34652131393","logo":{"@type":"ImageObject","url":"https:\/\/www.eldigitaldeasturias.com\/noticias\/wp-content\/uploads\/2020\/12\/EDA.jpg","@id":"https:\/\/www.eldigitaldeasturias.com\/noticias\/la-evolucion-del-periodismo\/#organizationLogo","width":649,"height":297},"image":{"@id":"https:\/\/www.eldigitaldeasturias.com\/noticias\/la-evolucion-del-periodismo\/#organizationLogo"},"sameAs":["https:\/\/facebook.com\/eldigitaldeasturias","https:\/\/www.youtube.com\/channel\/UCZP-2wLEB9Rv6erhFmqVnvg"],"address":{"@id":"https:\/\/www.eldigitaldeasturias.com\/noticias\/#postaladdress","@type":"PostalAddress","streetAddress":"san antonio 4,","postalCode":"33430","addressLocality":"Cand\u00e1s","addressRegion":"Asturias","addressCountry":"ES"}},{"@type":"Person","@id":"https:\/\/www.eldigitaldeasturias.com\/noticias\/author\/admin\/#author","url":"https:\/\/www.eldigitaldeasturias.com\/noticias\/author\/admin\/","name":"El Digital de Asturias","image":{"@type":"ImageObject","@id":"https:\/\/www.eldigitaldeasturias.com\/noticias\/la-evolucion-del-periodismo\/#authorImage","url":"https:\/\/www.eldigitaldeasturias.com\/noticias\/wp-content\/litespeed\/avatar\/18677e78aa0546b92d9dbf31ec7d7668.jpg?ver=1777290358","width":96,"height":96,"caption":"El Digital de Asturias"}},{"@type":"WebPage","@id":"https:\/\/www.eldigitaldeasturias.com\/noticias\/la-evolucion-del-periodismo\/#webpage","url":"https:\/\/www.eldigitaldeasturias.com\/noticias\/la-evolucion-del-periodismo\/","name":"La evoluci\u00f3n del periodismo - El Digital de Asturias","description":"Hacer periodismo en esta \u00e9poca, no es cualquier cosa, ya que, durante la \u00faltima d\u00e9cada, se ha producido una transformaci\u00f3n r\u00e1pida de lo que se conoc\u00eda como el \u201cperiodismo tradicional\u201d al \u201cperiodismo digital\u201d. Ciertamente, la era digital no s\u00f3lo ha obligado a los medios de comunicaci\u00f3n a reestructurarse y mirar hacia nuevos horizontes en aras","inLanguage":"es-ES","isPartOf":{"@id":"https:\/\/www.eldigitaldeasturias.com\/noticias\/#website"},"breadcrumb":{"@id":"https:\/\/www.eldigitaldeasturias.com\/noticias\/la-evolucion-del-periodismo\/#breadcrumblist"},"author":{"@id":"https:\/\/www.eldigitaldeasturias.com\/noticias\/author\/admin\/#author"},"creator":{"@id":"https:\/\/www.eldigitaldeasturias.com\/noticias\/author\/admin\/#author"},"image":{"@type":"ImageObject","url":"https:\/\/www.eldigitaldeasturias.com\/noticias\/wp-content\/uploads\/2019\/06\/periodismo-digital.jpg","@id":"https:\/\/www.eldigitaldeasturias.com\/noticias\/la-evolucion-del-periodismo\/#mainImage","width":960,"height":549},"primaryImageOfPage":{"@id":"https:\/\/www.eldigitaldeasturias.com\/noticias\/la-evolucion-del-periodismo\/#mainImage"},"datePublished":"2019-06-26T10:30:21+02:00","dateModified":"2020-09-30T19:12:32+02:00"},{"@type":"WebSite","@id":"https:\/\/www.eldigitaldeasturias.com\/noticias\/#website","url":"https:\/\/www.eldigitaldeasturias.com\/noticias\/","name":"El Digital de Asturias - Diario de actualidad y noticias","alternateName":"El Digital de Asturias - Diario de actualidad y noticias","description":"Hemeroteca","inLanguage":"es-ES","publisher":{"@id":"https:\/\/www.eldigitaldeasturias.com\/noticias\/#organization"}}]},"og:locale":"es_ES","og:site_name":"El Digital de Asturias","og:type":"article","og:title":"La evoluci\u00f3n del periodismo - El Digital de Asturias","og:description":"Hacer periodismo en esta \u00e9poca, no es cualquier cosa, ya que, durante la \u00faltima d\u00e9cada, se ha producido una transformaci\u00f3n r\u00e1pida de lo que se conoc\u00eda como el \u201cperiodismo tradicional\u201d al \u201cperiodismo digital\u201d. Ciertamente, la era digital no s\u00f3lo ha obligado a los medios de comunicaci\u00f3n a reestructurarse y mirar hacia nuevos horizontes en aras","og:url":"https:\/\/www.eldigitaldeasturias.com\/noticias\/la-evolucion-del-periodismo\/","og:image":"https:\/\/www.eldigitaldeasturias.com\/noticias\/wp-content\/uploads\/2019\/06\/periodismo-digital.jpg","og:image:secure_url":"https:\/\/www.eldigitaldeasturias.com\/noticias\/wp-content\/uploads\/2019\/06\/periodismo-digital.jpg","og:image:width":960,"og:image:height":549,"article:tag":["negocios y empresas"],"article:published_time":"2019-06-26T10:30:21+00:00","article:modified_time":"2020-09-30T19:12:32+00:00","article:publisher":"https:\/\/facebook.com\/eldigitaldeasturias","twitter:card":"summary_large_image","twitter:title":"La evoluci\u00f3n del periodismo - El Digital de Asturias","twitter:description":"Hacer periodismo en esta \u00e9poca, no es cualquier cosa, ya que, durante la \u00faltima d\u00e9cada, se ha producido una transformaci\u00f3n r\u00e1pida de lo que se conoc\u00eda como el \u201cperiodismo tradicional\u201d al \u201cperiodismo digital\u201d. Ciertamente, la era digital no s\u00f3lo ha obligado a los medios de comunicaci\u00f3n a reestructurarse y mirar hacia nuevos horizontes en aras","twitter:image":"https:\/\/www.eldigitaldeasturias.com\/noticias\/wp-content\/uploads\/2019\/06\/periodismo-digital.jpg","twitter:label1":"Escrito por","twitter:data1":"El Digital de Asturias","twitter:label2":"Tiempo de lectura estimado","twitter:data2":"4 minutos"},"aioseo_meta_data":{"post_id":"1032501","title":null,"description":"","keywords":"","keyphrases":null,"primary_term":null,"canonical_url":"","og_title":null,"og_description":null,"og_object_type":"default","og_image_type":"default","og_image_url":null,"og_image_width":null,"og_image_height":null,"og_image_custom_url":null,"og_image_custom_fields":null,"og_video":null,"og_custom_url":null,"og_article_section":null,"og_article_tags":null,"twitter_use_og":false,"twitter_card":"default","twitter_image_type":"default","twitter_image_url":null,"twitter_image_custom_url":null,"twitter_image_custom_fields":null,"twitter_title":null,"twitter_description":null,"schema":{"blockGraphs":[],"customGraphs":[],"default":{"data":{"Article":[],"Course":[],"Dataset":[],"FAQPage":[],"Movie":[],"Person":[],"Product":[],"ProductReview":[],"Car":[],"Recipe":[],"Service":[],"SoftwareApplication":[],"WebPage":[]},"graphName":"","isEnabled":true},"graphs":[],"defaultGraph":"","defaultPostTypeGraph":""},"schema_type":null,"schema_type_options":null,"pillar_content":false,"robots_default":true,"robots_noindex":false,"robots_noarchive":false,"robots_nosnippet":false,"robots_nofollow":false,"robots_noimageindex":false,"robots_noodp":false,"robots_notranslate":false,"robots_max_snippet":null,"robots_max_videopreview":null,"robots_max_imagepreview":"large","priority":null,"frequency":"default","local_seo":null,"seo_analyzer_scan_date":"2025-10-21 19:48:17","breadcrumb_settings":null,"limit_modified_date":false,"open_ai":null,"ai":null,"created":"2020-12-21 11:09:59","updated":"2025-10-21 19:48:17"},"aioseo_breadcrumb":"<div class=\"aioseo-breadcrumbs\"><span class=\"aioseo-breadcrumb\">\n\t<a href=\"https:\/\/www.eldigitaldeasturias.com\/noticias\" title=\"Home\">Home<\/a>\n<\/span><span class=\"aioseo-breadcrumb-separator\">\u2013<\/span><span class=\"aioseo-breadcrumb\">\n\t<a href=\"https:\/\/www.eldigitaldeasturias.com\/noticias\/category\/negocios-y-empresas\/\" title=\"Negocios y Empresas\">Negocios y Empresas<\/a>\n<\/span><span class=\"aioseo-breadcrumb-separator\">\u2013<\/span><span class=\"aioseo-breadcrumb\">\n\t<a href=\"https:\/\/www.eldigitaldeasturias.com\/noticias\/la-evolucion-del-periodismo\/\" title=\"La evoluci\u00f3n del periodismo\">La evoluci\u00f3n del periodismo<\/a>\n<\/span><\/div>","aioseo_breadcrumb_json":[{"label":"Home","link":"https:\/\/www.eldigitaldeasturias.com\/noticias"},{"label":"Negocios y Empresas","link":"https:\/\/www.eldigitaldeasturias.com\/noticias\/category\/negocios-y-empresas\/"},{"label":"La evoluci\u00f3n del periodismo","link":"https:\/\/www.eldigitaldeasturias.com\/noticias\/la-evolucion-del-periodismo\/"}],"_links":{"self":[{"href":"https:\/\/www.eldigitaldeasturias.com\/noticias\/wp-json\/wp\/v2\/posts\/1032501","targetHints":{"allow":["GET"]}}],"collection":[{"href":"https:\/\/www.eldigitaldeasturias.com\/noticias\/wp-json\/wp\/v2\/posts"}],"about":[{"href":"https:\/\/www.eldigitaldeasturias.com\/noticias\/wp-json\/wp\/v2\/types\/post"}],"author":[{"embeddable":true,"href":"https:\/\/www.eldigitaldeasturias.com\/noticias\/wp-json\/wp\/v2\/users\/1"}],"replies":[{"embeddable":true,"href":"https:\/\/www.eldigitaldeasturias.com\/noticias\/wp-json\/wp\/v2\/comments?post=1032501"}],"version-history":[{"count":0,"href":"https:\/\/www.eldigitaldeasturias.com\/noticias\/wp-json\/wp\/v2\/posts\/1032501\/revisions"}],"wp:featuredmedia":[{"embeddable":true,"href":"https:\/\/www.eldigitaldeasturias.com\/noticias\/wp-json\/wp\/v2\/media\/1032502"}],"wp:attachment":[{"href":"https:\/\/www.eldigitaldeasturias.com\/noticias\/wp-json\/wp\/v2\/media?parent=1032501"}],"wp:term":[{"taxonomy":"category","embeddable":true,"href":"https:\/\/www.eldigitaldeasturias.com\/noticias\/wp-json\/wp\/v2\/categories?post=1032501"},{"taxonomy":"post_tag","embeddable":true,"href":"https:\/\/www.eldigitaldeasturias.com\/noticias\/wp-json\/wp\/v2\/tags?post=1032501"}],"curies":[{"name":"wp","href":"https:\/\/api.w.org\/{rel}","templated":true}]}}