{"id":1032262,"date":"2019-06-23T21:13:34","date_gmt":"2019-06-23T21:13:34","guid":{"rendered":"https:\/\/www.eldigitaldeasturias.com\/noticias\/?p=1032262"},"modified":"2019-06-23T21:13:34","modified_gmt":"2019-06-23T21:13:34","slug":"pizarro-volvera-a-llevar-el-14-en-su-camiseta-del-werder-bremen","status":"publish","type":"post","link":"https:\/\/www.eldigitaldeasturias.com\/noticias\/pizarro-volvera-a-llevar-el-14-en-su-camiseta-del-werder-bremen\/","title":{"rendered":"Pizarro volver\u00e1 a llevar el 14 en su camiseta del Werder Bremen"},"content":{"rendered":"<p><img loading=\"lazy\" decoding=\"async\" class=\"alignleft size-medium wp-image-985209\" src=\"https:\/\/www.eldigitaldeasturias.com\/noticias\/wp-content\/uploads\/2018\/06\/football-1406106_960_720-360x241.jpg\" alt=\"\" width=\"360\" height=\"241\" srcset=\"https:\/\/www.eldigitaldeasturias.com\/noticias\/wp-content\/uploads\/2018\/06\/football-1406106_960_720-360x241.jpg 360w, https:\/\/www.eldigitaldeasturias.com\/noticias\/wp-content\/uploads\/2018\/06\/football-1406106_960_720-448x300.jpg 448w, https:\/\/www.eldigitaldeasturias.com\/noticias\/wp-content\/uploads\/2018\/06\/football-1406106_960_720-768x514.jpg 768w, https:\/\/www.eldigitaldeasturias.com\/noticias\/wp-content\/uploads\/2018\/06\/football-1406106_960_720-690x462.jpg 690w, https:\/\/www.eldigitaldeasturias.com\/noticias\/wp-content\/uploads\/2018\/06\/football-1406106_960_720-20x13.jpg 20w, https:\/\/www.eldigitaldeasturias.com\/noticias\/wp-content\/uploads\/2018\/06\/football-1406106_960_720.jpg 960w\" sizes=\"auto, (max-width: 360px) 100vw, 360px\" \/>Bremen (Alemania), 23 jun (dpa) &#8211; El futbolista peruano Claudio Pizarro, \u00edcono del club germano Werder Bremen, volver\u00e1 a vestir en la pr\u00f3xima temporada de la Bundesliga la camiseta con el n\u00famero 14 en su espalda.<\/p>\n<p>El delantero sudamericano utiliz\u00f3 durante el \u00faltimo tiempo el cuatro, pero tras la partida de Ole K\u00e4uper al Carl Zeiss Jena, el n\u00famero preferido del segundo goleador extranjero m\u00e1s exitoso en la historia de la Bundesliga volvi\u00f3 a quedar vacante.<\/p>\n<p>Pizarro jug\u00f3 durante nueve a\u00f1os en el Bayern M\u00fanich con la camiseta n\u00famero 14, as\u00ed como tambi\u00e9n en su tercera etapa en el Werder entre 2015 y 2017 y en el seleccionado nacional peruano. Adem\u00e1s, el club dio a conocer que Milot Rashica llevar\u00e1 el n\u00famero siete en lugar del 11.<\/p>\n<p>&nbsp;<\/p>\n","protected":false},"excerpt":{"rendered":"<p>Bremen (Alemania), 23 jun (dpa) &#8211; El futbolista peruano Claudio Pizarro, \u00edcono del club germano Werder Bremen, volver\u00e1 a vestir en la pr\u00f3xima temporada de la Bundesliga la camiseta con el n\u00famero 14 en su espalda. El delantero sudamericano utiliz\u00f3 durante el \u00faltimo tiempo el cuatro, pero tras la partida de Ole K\u00e4uper al Carl [&hellip;]<\/p>\n","protected":false},"author":1,"featured_media":985209,"comment_status":"open","ping_status":"closed","sticky":false,"template":"","format":"standard","meta":{"footnotes":""},"categories":[190],"tags":[],"class_list":["post-1032262","post","type-post","status-publish","format-standard","has-post-thumbnail","hentry","category-deportes"],"aioseo_notices":[],"aioseo_head":"\n\t\t<!-- All in One SEO Pro 4.9.6.2 - aioseo.com -->\n\t<meta name=\"description\" content=\"Bremen (Alemania), 23 jun (dpa) - El futbolista peruano Claudio Pizarro, \u00edcono del club germano Werder Bremen, volver\u00e1 a vestir en la pr\u00f3xima temporada de la Bundesliga la camiseta con el n\u00famero 14 en su espalda. El delantero sudamericano utiliz\u00f3 durante el \u00faltimo tiempo el cuatro, pero tras la partida de Ole K\u00e4uper al Carl\" \/>\n\t<meta name=\"robots\" content=\"max-image-preview:large\" \/>\n\t<meta name=\"author\" content=\"El Digital de Asturias\"\/>\n\t<meta name=\"google-site-verification\" content=\"UA-38556648-1\" \/>\n\t<meta name=\"msvalidate.01\" content=\"7dfe9f3f1b24437ab69f4f2559babe99\" \/>\n\t<meta name=\"keywords\" content=\"deportes\" \/>\n\t<link rel=\"canonical\" href=\"https:\/\/www.eldigitaldeasturias.com\/noticias\/pizarro-volvera-a-llevar-el-14-en-su-camiseta-del-werder-bremen\/\" \/>\n\t<meta name=\"generator\" content=\"All in One SEO Pro (AIOSEO) 4.9.6.2\" \/>\n\t\t<meta property=\"og:locale\" content=\"es_ES\" \/>\n\t\t<meta property=\"og:site_name\" content=\"El Digital de Asturias\" \/>\n\t\t<meta property=\"og:type\" content=\"article\" \/>\n\t\t<meta property=\"og:title\" content=\"Pizarro volver\u00e1 a llevar el 14 en su camiseta del Werder Bremen - El Digital de Asturias\" \/>\n\t\t<meta property=\"og:description\" content=\"Bremen (Alemania), 23 jun (dpa) - El futbolista peruano Claudio Pizarro, \u00edcono del club germano Werder Bremen, volver\u00e1 a vestir en la pr\u00f3xima temporada de la Bundesliga la camiseta con el n\u00famero 14 en su espalda. El delantero sudamericano utiliz\u00f3 durante el \u00faltimo tiempo el cuatro, pero tras la partida de Ole K\u00e4uper al Carl\" \/>\n\t\t<meta property=\"og:url\" content=\"https:\/\/www.eldigitaldeasturias.com\/noticias\/pizarro-volvera-a-llevar-el-14-en-su-camiseta-del-werder-bremen\/\" \/>\n\t\t<meta property=\"og:image\" content=\"https:\/\/www.eldigitaldeasturias.com\/noticias\/wp-content\/uploads\/2018\/06\/football-1406106_960_720.jpg\" \/>\n\t\t<meta property=\"og:image:secure_url\" content=\"https:\/\/www.eldigitaldeasturias.com\/noticias\/wp-content\/uploads\/2018\/06\/football-1406106_960_720.jpg\" \/>\n\t\t<meta property=\"og:image:width\" content=\"960\" \/>\n\t\t<meta property=\"og:image:height\" content=\"643\" \/>\n\t\t<meta property=\"article:tag\" content=\"deportes\" \/>\n\t\t<meta property=\"article:published_time\" content=\"2019-06-23T21:13:34+00:00\" \/>\n\t\t<meta property=\"article:modified_time\" content=\"2019-06-23T21:13:34+00:00\" \/>\n\t\t<meta property=\"article:publisher\" content=\"https:\/\/facebook.com\/eldigitaldeasturias\" \/>\n\t\t<meta name=\"twitter:card\" content=\"summary_large_image\" \/>\n\t\t<meta name=\"twitter:title\" content=\"Pizarro volver\u00e1 a llevar el 14 en su camiseta del Werder Bremen - El Digital de Asturias\" \/>\n\t\t<meta name=\"twitter:description\" content=\"Bremen (Alemania), 23 jun (dpa) - El futbolista peruano Claudio Pizarro, \u00edcono del club germano Werder Bremen, volver\u00e1 a vestir en la pr\u00f3xima temporada de la Bundesliga la camiseta con el n\u00famero 14 en su espalda. El delantero sudamericano utiliz\u00f3 durante el \u00faltimo tiempo el cuatro, pero tras la partida de Ole K\u00e4uper al Carl\" \/>\n\t\t<meta name=\"twitter:image\" content=\"https:\/\/www.eldigitaldeasturias.com\/noticias\/wp-content\/uploads\/2018\/06\/football-1406106_960_720.jpg\" \/>\n\t\t<meta name=\"twitter:label1\" content=\"Escrito por\" \/>\n\t\t<meta name=\"twitter:data1\" content=\"El Digital de Asturias\" \/>\n\t\t<meta name=\"twitter:label2\" content=\"Tiempo de lectura estimado\" \/>\n\t\t<meta name=\"twitter:data2\" content=\"1 minuto\" \/>\n\t\t<script type=\"application\/ld+json\" class=\"aioseo-schema\">\n\t\t\t{\"@context\":\"https:\\\/\\\/schema.org\",\"@graph\":[{\"@type\":\"BlogPosting\",\"@id\":\"https:\\\/\\\/www.eldigitaldeasturias.com\\\/noticias\\\/pizarro-volvera-a-llevar-el-14-en-su-camiseta-del-werder-bremen\\\/#blogposting\",\"name\":\"Pizarro volver\\u00e1 a llevar el 14 en su camiseta del Werder Bremen - El Digital de Asturias\",\"headline\":\"Pizarro volver\\u00e1 a llevar el 14 en su camiseta del Werder Bremen\",\"author\":{\"@id\":\"https:\\\/\\\/www.eldigitaldeasturias.com\\\/noticias\\\/author\\\/admin\\\/#author\"},\"publisher\":{\"@id\":\"https:\\\/\\\/www.eldigitaldeasturias.com\\\/noticias\\\/#organization\"},\"image\":{\"@type\":\"ImageObject\",\"url\":\"https:\\\/\\\/www.eldigitaldeasturias.com\\\/noticias\\\/wp-content\\\/uploads\\\/2018\\\/06\\\/football-1406106_960_720.jpg\",\"width\":960,\"height\":643},\"datePublished\":\"2019-06-23T21:13:34+02:00\",\"dateModified\":\"2019-06-23T21:13:34+02:00\",\"inLanguage\":\"es-ES\",\"mainEntityOfPage\":{\"@id\":\"https:\\\/\\\/www.eldigitaldeasturias.com\\\/noticias\\\/pizarro-volvera-a-llevar-el-14-en-su-camiseta-del-werder-bremen\\\/#webpage\"},\"isPartOf\":{\"@id\":\"https:\\\/\\\/www.eldigitaldeasturias.com\\\/noticias\\\/pizarro-volvera-a-llevar-el-14-en-su-camiseta-del-werder-bremen\\\/#webpage\"},\"articleSection\":\"Deportes\"},{\"@type\":\"BreadcrumbList\",\"@id\":\"https:\\\/\\\/www.eldigitaldeasturias.com\\\/noticias\\\/pizarro-volvera-a-llevar-el-14-en-su-camiseta-del-werder-bremen\\\/#breadcrumblist\",\"itemListElement\":[{\"@type\":\"ListItem\",\"@id\":\"https:\\\/\\\/www.eldigitaldeasturias.com\\\/noticias#listItem\",\"position\":1,\"name\":\"Home\",\"item\":\"https:\\\/\\\/www.eldigitaldeasturias.com\\\/noticias\",\"nextItem\":{\"@type\":\"ListItem\",\"@id\":\"https:\\\/\\\/www.eldigitaldeasturias.com\\\/noticias\\\/category\\\/deportes\\\/#listItem\",\"name\":\"Deportes\"}},{\"@type\":\"ListItem\",\"@id\":\"https:\\\/\\\/www.eldigitaldeasturias.com\\\/noticias\\\/category\\\/deportes\\\/#listItem\",\"position\":2,\"name\":\"Deportes\",\"item\":\"https:\\\/\\\/www.eldigitaldeasturias.com\\\/noticias\\\/category\\\/deportes\\\/\",\"nextItem\":{\"@type\":\"ListItem\",\"@id\":\"https:\\\/\\\/www.eldigitaldeasturias.com\\\/noticias\\\/pizarro-volvera-a-llevar-el-14-en-su-camiseta-del-werder-bremen\\\/#listItem\",\"name\":\"Pizarro volver\\u00e1 a llevar el 14 en su camiseta del Werder Bremen\"},\"previousItem\":{\"@type\":\"ListItem\",\"@id\":\"https:\\\/\\\/www.eldigitaldeasturias.com\\\/noticias#listItem\",\"name\":\"Home\"}},{\"@type\":\"ListItem\",\"@id\":\"https:\\\/\\\/www.eldigitaldeasturias.com\\\/noticias\\\/pizarro-volvera-a-llevar-el-14-en-su-camiseta-del-werder-bremen\\\/#listItem\",\"position\":3,\"name\":\"Pizarro volver\\u00e1 a llevar el 14 en su camiseta del Werder Bremen\",\"previousItem\":{\"@type\":\"ListItem\",\"@id\":\"https:\\\/\\\/www.eldigitaldeasturias.com\\\/noticias\\\/category\\\/deportes\\\/#listItem\",\"name\":\"Deportes\"}}]},{\"@type\":\"Organization\",\"@id\":\"https:\\\/\\\/www.eldigitaldeasturias.com\\\/noticias\\\/#organization\",\"name\":\"El Digital de Asturias\",\"description\":\"Hemeroteca\",\"url\":\"https:\\\/\\\/www.eldigitaldeasturias.com\\\/noticias\\\/\",\"email\":\"info@eldigitaldeasturias.com\",\"telephone\":\"+34652131393\",\"logo\":{\"@type\":\"ImageObject\",\"url\":\"https:\\\/\\\/www.eldigitaldeasturias.com\\\/noticias\\\/wp-content\\\/uploads\\\/2020\\\/12\\\/EDA.jpg\",\"@id\":\"https:\\\/\\\/www.eldigitaldeasturias.com\\\/noticias\\\/pizarro-volvera-a-llevar-el-14-en-su-camiseta-del-werder-bremen\\\/#organizationLogo\",\"width\":649,\"height\":297},\"image\":{\"@id\":\"https:\\\/\\\/www.eldigitaldeasturias.com\\\/noticias\\\/pizarro-volvera-a-llevar-el-14-en-su-camiseta-del-werder-bremen\\\/#organizationLogo\"},\"sameAs\":[\"https:\\\/\\\/facebook.com\\\/eldigitaldeasturias\",\"https:\\\/\\\/www.youtube.com\\\/channel\\\/UCZP-2wLEB9Rv6erhFmqVnvg\"],\"address\":{\"@id\":\"https:\\\/\\\/www.eldigitaldeasturias.com\\\/noticias\\\/#postaladdress\",\"@type\":\"PostalAddress\",\"streetAddress\":\"san antonio 4,\",\"postalCode\":\"33430\",\"addressLocality\":\"Cand\\u00e1s\",\"addressRegion\":\"Asturias\",\"addressCountry\":\"ES\"}},{\"@type\":\"Person\",\"@id\":\"https:\\\/\\\/www.eldigitaldeasturias.com\\\/noticias\\\/author\\\/admin\\\/#author\",\"url\":\"https:\\\/\\\/www.eldigitaldeasturias.com\\\/noticias\\\/author\\\/admin\\\/\",\"name\":\"El Digital de Asturias\",\"image\":{\"@type\":\"ImageObject\",\"@id\":\"https:\\\/\\\/www.eldigitaldeasturias.com\\\/noticias\\\/pizarro-volvera-a-llevar-el-14-en-su-camiseta-del-werder-bremen\\\/#authorImage\",\"url\":\"https:\\\/\\\/www.eldigitaldeasturias.com\\\/noticias\\\/wp-content\\\/litespeed\\\/avatar\\\/18677e78aa0546b92d9dbf31ec7d7668.jpg?ver=1776685526\",\"width\":96,\"height\":96,\"caption\":\"El Digital de Asturias\"}},{\"@type\":\"WebPage\",\"@id\":\"https:\\\/\\\/www.eldigitaldeasturias.com\\\/noticias\\\/pizarro-volvera-a-llevar-el-14-en-su-camiseta-del-werder-bremen\\\/#webpage\",\"url\":\"https:\\\/\\\/www.eldigitaldeasturias.com\\\/noticias\\\/pizarro-volvera-a-llevar-el-14-en-su-camiseta-del-werder-bremen\\\/\",\"name\":\"Pizarro volver\\u00e1 a llevar el 14 en su camiseta del Werder Bremen - El Digital de Asturias\",\"description\":\"Bremen (Alemania), 23 jun (dpa) - El futbolista peruano Claudio Pizarro, \\u00edcono del club germano Werder Bremen, volver\\u00e1 a vestir en la pr\\u00f3xima temporada de la Bundesliga la camiseta con el n\\u00famero 14 en su espalda. El delantero sudamericano utiliz\\u00f3 durante el \\u00faltimo tiempo el cuatro, pero tras la partida de Ole K\\u00e4uper al Carl\",\"inLanguage\":\"es-ES\",\"isPartOf\":{\"@id\":\"https:\\\/\\\/www.eldigitaldeasturias.com\\\/noticias\\\/#website\"},\"breadcrumb\":{\"@id\":\"https:\\\/\\\/www.eldigitaldeasturias.com\\\/noticias\\\/pizarro-volvera-a-llevar-el-14-en-su-camiseta-del-werder-bremen\\\/#breadcrumblist\"},\"author\":{\"@id\":\"https:\\\/\\\/www.eldigitaldeasturias.com\\\/noticias\\\/author\\\/admin\\\/#author\"},\"creator\":{\"@id\":\"https:\\\/\\\/www.eldigitaldeasturias.com\\\/noticias\\\/author\\\/admin\\\/#author\"},\"image\":{\"@type\":\"ImageObject\",\"url\":\"https:\\\/\\\/www.eldigitaldeasturias.com\\\/noticias\\\/wp-content\\\/uploads\\\/2018\\\/06\\\/football-1406106_960_720.jpg\",\"@id\":\"https:\\\/\\\/www.eldigitaldeasturias.com\\\/noticias\\\/pizarro-volvera-a-llevar-el-14-en-su-camiseta-del-werder-bremen\\\/#mainImage\",\"width\":960,\"height\":643},\"primaryImageOfPage\":{\"@id\":\"https:\\\/\\\/www.eldigitaldeasturias.com\\\/noticias\\\/pizarro-volvera-a-llevar-el-14-en-su-camiseta-del-werder-bremen\\\/#mainImage\"},\"datePublished\":\"2019-06-23T21:13:34+02:00\",\"dateModified\":\"2019-06-23T21:13:34+02:00\"},{\"@type\":\"WebSite\",\"@id\":\"https:\\\/\\\/www.eldigitaldeasturias.com\\\/noticias\\\/#website\",\"url\":\"https:\\\/\\\/www.eldigitaldeasturias.com\\\/noticias\\\/\",\"name\":\"El Digital de Asturias - Diario de actualidad y noticias\",\"alternateName\":\"El Digital de Asturias - Diario de actualidad y noticias\",\"description\":\"Hemeroteca\",\"inLanguage\":\"es-ES\",\"publisher\":{\"@id\":\"https:\\\/\\\/www.eldigitaldeasturias.com\\\/noticias\\\/#organization\"}}]}\n\t\t<\/script>\n\t\t<!-- All in One SEO Pro -->\r\n\t\t<title>Pizarro volver\u00e1 a llevar el 14 en su camiseta del Werder Bremen - El Digital de Asturias<\/title>\n\n","aioseo_head_json":{"title":"Pizarro volver\u00e1 a llevar el 14 en su camiseta del Werder Bremen - El Digital de Asturias","description":"Bremen (Alemania), 23 jun (dpa) - El futbolista peruano Claudio Pizarro, \u00edcono del club germano Werder Bremen, volver\u00e1 a vestir en la pr\u00f3xima temporada de la Bundesliga la camiseta con el n\u00famero 14 en su espalda. El delantero sudamericano utiliz\u00f3 durante el \u00faltimo tiempo el cuatro, pero tras la partida de Ole K\u00e4uper al Carl","canonical_url":"https:\/\/www.eldigitaldeasturias.com\/noticias\/pizarro-volvera-a-llevar-el-14-en-su-camiseta-del-werder-bremen\/","robots":"max-image-preview:large","keywords":"deportes","webmasterTools":{"google-site-verification":"UA-38556648-1","msvalidate.01":"7dfe9f3f1b24437ab69f4f2559babe99","miscellaneous":""},"schema":{"@context":"https:\/\/schema.org","@graph":[{"@type":"BlogPosting","@id":"https:\/\/www.eldigitaldeasturias.com\/noticias\/pizarro-volvera-a-llevar-el-14-en-su-camiseta-del-werder-bremen\/#blogposting","name":"Pizarro volver\u00e1 a llevar el 14 en su camiseta del Werder Bremen - El Digital de Asturias","headline":"Pizarro volver\u00e1 a llevar el 14 en su camiseta del Werder Bremen","author":{"@id":"https:\/\/www.eldigitaldeasturias.com\/noticias\/author\/admin\/#author"},"publisher":{"@id":"https:\/\/www.eldigitaldeasturias.com\/noticias\/#organization"},"image":{"@type":"ImageObject","url":"https:\/\/www.eldigitaldeasturias.com\/noticias\/wp-content\/uploads\/2018\/06\/football-1406106_960_720.jpg","width":960,"height":643},"datePublished":"2019-06-23T21:13:34+02:00","dateModified":"2019-06-23T21:13:34+02:00","inLanguage":"es-ES","mainEntityOfPage":{"@id":"https:\/\/www.eldigitaldeasturias.com\/noticias\/pizarro-volvera-a-llevar-el-14-en-su-camiseta-del-werder-bremen\/#webpage"},"isPartOf":{"@id":"https:\/\/www.eldigitaldeasturias.com\/noticias\/pizarro-volvera-a-llevar-el-14-en-su-camiseta-del-werder-bremen\/#webpage"},"articleSection":"Deportes"},{"@type":"BreadcrumbList","@id":"https:\/\/www.eldigitaldeasturias.com\/noticias\/pizarro-volvera-a-llevar-el-14-en-su-camiseta-del-werder-bremen\/#breadcrumblist","itemListElement":[{"@type":"ListItem","@id":"https:\/\/www.eldigitaldeasturias.com\/noticias#listItem","position":1,"name":"Home","item":"https:\/\/www.eldigitaldeasturias.com\/noticias","nextItem":{"@type":"ListItem","@id":"https:\/\/www.eldigitaldeasturias.com\/noticias\/category\/deportes\/#listItem","name":"Deportes"}},{"@type":"ListItem","@id":"https:\/\/www.eldigitaldeasturias.com\/noticias\/category\/deportes\/#listItem","position":2,"name":"Deportes","item":"https:\/\/www.eldigitaldeasturias.com\/noticias\/category\/deportes\/","nextItem":{"@type":"ListItem","@id":"https:\/\/www.eldigitaldeasturias.com\/noticias\/pizarro-volvera-a-llevar-el-14-en-su-camiseta-del-werder-bremen\/#listItem","name":"Pizarro volver\u00e1 a llevar el 14 en su camiseta del Werder Bremen"},"previousItem":{"@type":"ListItem","@id":"https:\/\/www.eldigitaldeasturias.com\/noticias#listItem","name":"Home"}},{"@type":"ListItem","@id":"https:\/\/www.eldigitaldeasturias.com\/noticias\/pizarro-volvera-a-llevar-el-14-en-su-camiseta-del-werder-bremen\/#listItem","position":3,"name":"Pizarro volver\u00e1 a llevar el 14 en su camiseta del Werder Bremen","previousItem":{"@type":"ListItem","@id":"https:\/\/www.eldigitaldeasturias.com\/noticias\/category\/deportes\/#listItem","name":"Deportes"}}]},{"@type":"Organization","@id":"https:\/\/www.eldigitaldeasturias.com\/noticias\/#organization","name":"El Digital de Asturias","description":"Hemeroteca","url":"https:\/\/www.eldigitaldeasturias.com\/noticias\/","email":"info@eldigitaldeasturias.com","telephone":"+34652131393","logo":{"@type":"ImageObject","url":"https:\/\/www.eldigitaldeasturias.com\/noticias\/wp-content\/uploads\/2020\/12\/EDA.jpg","@id":"https:\/\/www.eldigitaldeasturias.com\/noticias\/pizarro-volvera-a-llevar-el-14-en-su-camiseta-del-werder-bremen\/#organizationLogo","width":649,"height":297},"image":{"@id":"https:\/\/www.eldigitaldeasturias.com\/noticias\/pizarro-volvera-a-llevar-el-14-en-su-camiseta-del-werder-bremen\/#organizationLogo"},"sameAs":["https:\/\/facebook.com\/eldigitaldeasturias","https:\/\/www.youtube.com\/channel\/UCZP-2wLEB9Rv6erhFmqVnvg"],"address":{"@id":"https:\/\/www.eldigitaldeasturias.com\/noticias\/#postaladdress","@type":"PostalAddress","streetAddress":"san antonio 4,","postalCode":"33430","addressLocality":"Cand\u00e1s","addressRegion":"Asturias","addressCountry":"ES"}},{"@type":"Person","@id":"https:\/\/www.eldigitaldeasturias.com\/noticias\/author\/admin\/#author","url":"https:\/\/www.eldigitaldeasturias.com\/noticias\/author\/admin\/","name":"El Digital de Asturias","image":{"@type":"ImageObject","@id":"https:\/\/www.eldigitaldeasturias.com\/noticias\/pizarro-volvera-a-llevar-el-14-en-su-camiseta-del-werder-bremen\/#authorImage","url":"https:\/\/www.eldigitaldeasturias.com\/noticias\/wp-content\/litespeed\/avatar\/18677e78aa0546b92d9dbf31ec7d7668.jpg?ver=1776685526","width":96,"height":96,"caption":"El Digital de Asturias"}},{"@type":"WebPage","@id":"https:\/\/www.eldigitaldeasturias.com\/noticias\/pizarro-volvera-a-llevar-el-14-en-su-camiseta-del-werder-bremen\/#webpage","url":"https:\/\/www.eldigitaldeasturias.com\/noticias\/pizarro-volvera-a-llevar-el-14-en-su-camiseta-del-werder-bremen\/","name":"Pizarro volver\u00e1 a llevar el 14 en su camiseta del Werder Bremen - El Digital de Asturias","description":"Bremen (Alemania), 23 jun (dpa) - El futbolista peruano Claudio Pizarro, \u00edcono del club germano Werder Bremen, volver\u00e1 a vestir en la pr\u00f3xima temporada de la Bundesliga la camiseta con el n\u00famero 14 en su espalda. El delantero sudamericano utiliz\u00f3 durante el \u00faltimo tiempo el cuatro, pero tras la partida de Ole K\u00e4uper al Carl","inLanguage":"es-ES","isPartOf":{"@id":"https:\/\/www.eldigitaldeasturias.com\/noticias\/#website"},"breadcrumb":{"@id":"https:\/\/www.eldigitaldeasturias.com\/noticias\/pizarro-volvera-a-llevar-el-14-en-su-camiseta-del-werder-bremen\/#breadcrumblist"},"author":{"@id":"https:\/\/www.eldigitaldeasturias.com\/noticias\/author\/admin\/#author"},"creator":{"@id":"https:\/\/www.eldigitaldeasturias.com\/noticias\/author\/admin\/#author"},"image":{"@type":"ImageObject","url":"https:\/\/www.eldigitaldeasturias.com\/noticias\/wp-content\/uploads\/2018\/06\/football-1406106_960_720.jpg","@id":"https:\/\/www.eldigitaldeasturias.com\/noticias\/pizarro-volvera-a-llevar-el-14-en-su-camiseta-del-werder-bremen\/#mainImage","width":960,"height":643},"primaryImageOfPage":{"@id":"https:\/\/www.eldigitaldeasturias.com\/noticias\/pizarro-volvera-a-llevar-el-14-en-su-camiseta-del-werder-bremen\/#mainImage"},"datePublished":"2019-06-23T21:13:34+02:00","dateModified":"2019-06-23T21:13:34+02:00"},{"@type":"WebSite","@id":"https:\/\/www.eldigitaldeasturias.com\/noticias\/#website","url":"https:\/\/www.eldigitaldeasturias.com\/noticias\/","name":"El Digital de Asturias - Diario de actualidad y noticias","alternateName":"El Digital de Asturias - Diario de actualidad y noticias","description":"Hemeroteca","inLanguage":"es-ES","publisher":{"@id":"https:\/\/www.eldigitaldeasturias.com\/noticias\/#organization"}}]},"og:locale":"es_ES","og:site_name":"El Digital de Asturias","og:type":"article","og:title":"Pizarro volver\u00e1 a llevar el 14 en su camiseta del Werder Bremen - El Digital de Asturias","og:description":"Bremen (Alemania), 23 jun (dpa) - El futbolista peruano Claudio Pizarro, \u00edcono del club germano Werder Bremen, volver\u00e1 a vestir en la pr\u00f3xima temporada de la Bundesliga la camiseta con el n\u00famero 14 en su espalda. El delantero sudamericano utiliz\u00f3 durante el \u00faltimo tiempo el cuatro, pero tras la partida de Ole K\u00e4uper al Carl","og:url":"https:\/\/www.eldigitaldeasturias.com\/noticias\/pizarro-volvera-a-llevar-el-14-en-su-camiseta-del-werder-bremen\/","og:image":"https:\/\/www.eldigitaldeasturias.com\/noticias\/wp-content\/uploads\/2018\/06\/football-1406106_960_720.jpg","og:image:secure_url":"https:\/\/www.eldigitaldeasturias.com\/noticias\/wp-content\/uploads\/2018\/06\/football-1406106_960_720.jpg","og:image:width":960,"og:image:height":643,"article:tag":["deportes"],"article:published_time":"2019-06-23T21:13:34+00:00","article:modified_time":"2019-06-23T21:13:34+00:00","article:publisher":"https:\/\/facebook.com\/eldigitaldeasturias","twitter:card":"summary_large_image","twitter:title":"Pizarro volver\u00e1 a llevar el 14 en su camiseta del Werder Bremen - El Digital de Asturias","twitter:description":"Bremen (Alemania), 23 jun (dpa) - El futbolista peruano Claudio Pizarro, \u00edcono del club germano Werder Bremen, volver\u00e1 a vestir en la pr\u00f3xima temporada de la Bundesliga la camiseta con el n\u00famero 14 en su espalda. El delantero sudamericano utiliz\u00f3 durante el \u00faltimo tiempo el cuatro, pero tras la partida de Ole K\u00e4uper al Carl","twitter:image":"https:\/\/www.eldigitaldeasturias.com\/noticias\/wp-content\/uploads\/2018\/06\/football-1406106_960_720.jpg","twitter:label1":"Escrito por","twitter:data1":"El Digital de Asturias","twitter:label2":"Tiempo de lectura estimado","twitter:data2":"1 minuto"},"aioseo_meta_data":{"post_id":"1032262","title":null,"description":null,"keywords":null,"keyphrases":null,"primary_term":null,"canonical_url":null,"og_title":null,"og_description":null,"og_object_type":"default","og_image_type":"default","og_image_url":null,"og_image_width":null,"og_image_height":null,"og_image_custom_url":null,"og_image_custom_fields":null,"og_video":null,"og_custom_url":null,"og_article_section":null,"og_article_tags":null,"twitter_use_og":false,"twitter_card":"default","twitter_image_type":"default","twitter_image_url":null,"twitter_image_custom_url":null,"twitter_image_custom_fields":null,"twitter_title":null,"twitter_description":null,"schema":{"blockGraphs":[],"customGraphs":[],"default":{"data":{"Article":[],"Course":[],"Dataset":[],"FAQPage":[],"Movie":[],"Person":[],"Product":[],"ProductReview":[],"Car":[],"Recipe":[],"Service":[],"SoftwareApplication":[],"WebPage":[]},"graphName":"","isEnabled":true},"graphs":[],"defaultGraph":"","defaultPostTypeGraph":""},"schema_type":null,"schema_type_options":null,"pillar_content":false,"robots_default":true,"robots_noindex":false,"robots_noarchive":false,"robots_nosnippet":false,"robots_nofollow":false,"robots_noimageindex":false,"robots_noodp":false,"robots_notranslate":false,"robots_max_snippet":null,"robots_max_videopreview":null,"robots_max_imagepreview":"large","priority":null,"frequency":null,"local_seo":null,"seo_analyzer_scan_date":"2025-10-18 21:30:13","breadcrumb_settings":null,"limit_modified_date":false,"open_ai":null,"ai":null,"created":"2020-12-21 11:10:00","updated":"2025-10-18 21:30:13"},"aioseo_breadcrumb":"<div class=\"aioseo-breadcrumbs\"><span class=\"aioseo-breadcrumb\">\n\t<a href=\"https:\/\/www.eldigitaldeasturias.com\/noticias\" title=\"Home\">Home<\/a>\n<\/span><span class=\"aioseo-breadcrumb-separator\">\u2013<\/span><span class=\"aioseo-breadcrumb\">\n\t<a href=\"https:\/\/www.eldigitaldeasturias.com\/noticias\/category\/deportes\/\" title=\"Deportes\">Deportes<\/a>\n<\/span><span class=\"aioseo-breadcrumb-separator\">\u2013<\/span><span class=\"aioseo-breadcrumb\">\n\t<a href=\"https:\/\/www.eldigitaldeasturias.com\/noticias\/pizarro-volvera-a-llevar-el-14-en-su-camiseta-del-werder-bremen\/\" title=\"Pizarro volver\u00e1 a llevar el 14 en su camiseta del Werder Bremen\">Pizarro volver\u00e1 a llevar el 14 en su camiseta del Werder Bremen<\/a>\n<\/span><\/div>","aioseo_breadcrumb_json":[{"label":"Home","link":"https:\/\/www.eldigitaldeasturias.com\/noticias"},{"label":"Deportes","link":"https:\/\/www.eldigitaldeasturias.com\/noticias\/category\/deportes\/"},{"label":"Pizarro volver\u00e1 a llevar el 14 en su camiseta del Werder Bremen","link":"https:\/\/www.eldigitaldeasturias.com\/noticias\/pizarro-volvera-a-llevar-el-14-en-su-camiseta-del-werder-bremen\/"}],"_links":{"self":[{"href":"https:\/\/www.eldigitaldeasturias.com\/noticias\/wp-json\/wp\/v2\/posts\/1032262","targetHints":{"allow":["GET"]}}],"collection":[{"href":"https:\/\/www.eldigitaldeasturias.com\/noticias\/wp-json\/wp\/v2\/posts"}],"about":[{"href":"https:\/\/www.eldigitaldeasturias.com\/noticias\/wp-json\/wp\/v2\/types\/post"}],"author":[{"embeddable":true,"href":"https:\/\/www.eldigitaldeasturias.com\/noticias\/wp-json\/wp\/v2\/users\/1"}],"replies":[{"embeddable":true,"href":"https:\/\/www.eldigitaldeasturias.com\/noticias\/wp-json\/wp\/v2\/comments?post=1032262"}],"version-history":[{"count":0,"href":"https:\/\/www.eldigitaldeasturias.com\/noticias\/wp-json\/wp\/v2\/posts\/1032262\/revisions"}],"wp:featuredmedia":[{"embeddable":true,"href":"https:\/\/www.eldigitaldeasturias.com\/noticias\/wp-json\/wp\/v2\/media\/985209"}],"wp:attachment":[{"href":"https:\/\/www.eldigitaldeasturias.com\/noticias\/wp-json\/wp\/v2\/media?parent=1032262"}],"wp:term":[{"taxonomy":"category","embeddable":true,"href":"https:\/\/www.eldigitaldeasturias.com\/noticias\/wp-json\/wp\/v2\/categories?post=1032262"},{"taxonomy":"post_tag","embeddable":true,"href":"https:\/\/www.eldigitaldeasturias.com\/noticias\/wp-json\/wp\/v2\/tags?post=1032262"}],"curies":[{"name":"wp","href":"https:\/\/api.w.org\/{rel}","templated":true}]}}