{"id":1032205,"date":"2019-06-23T14:44:07","date_gmt":"2019-06-23T14:44:07","guid":{"rendered":"https:\/\/www.eldigitaldeasturias.com\/noticias\/?p=1032205"},"modified":"2019-06-23T14:44:07","modified_gmt":"2019-06-23T14:44:07","slug":"federer-gana-por-decima-vez-el-torneo-de-halle-en-westfalia","status":"publish","type":"post","link":"https:\/\/www.eldigitaldeasturias.com\/noticias\/federer-gana-por-decima-vez-el-torneo-de-halle-en-westfalia\/","title":{"rendered":"Federer gana por d\u00e9cima vez el torneo de Halle en Westfalia"},"content":{"rendered":"<p><img loading=\"lazy\" decoding=\"async\" class=\"alignleft size-medium wp-image-1032206\" src=\"https:\/\/www.eldigitaldeasturias.com\/noticias\/wp-content\/uploads\/2019\/06\/Federer-360x246.jpg\" alt=\"\" width=\"360\" height=\"246\" srcset=\"https:\/\/www.eldigitaldeasturias.com\/noticias\/wp-content\/uploads\/2019\/06\/Federer-360x246.jpg 360w, https:\/\/www.eldigitaldeasturias.com\/noticias\/wp-content\/uploads\/2019\/06\/Federer-768x525.jpg 768w, https:\/\/www.eldigitaldeasturias.com\/noticias\/wp-content\/uploads\/2019\/06\/Federer-650x445.jpg 650w, https:\/\/www.eldigitaldeasturias.com\/noticias\/wp-content\/uploads\/2019\/06\/Federer.jpg 915w\" sizes=\"auto, (max-width: 360px) 100vw, 360px\" \/>Halle en Westfalia (Alemania), 23 jun (dpa) &#8211; El suizo Roger Federer se adjudic\u00f3 por d\u00e9cima vez el torneo de tenis de Halle en Westfalia y logr\u00f3 as\u00ed otro r\u00e9cord en su carrera, tras vencer hoy al belga David Goffin por 7-6 (7-2), 6-1.<\/p>\n<p>Federer, que mantiene el r\u00e9cord de t\u00edtulos individuales en torneos del Grand Slam, desde hoy tambi\u00e9n ostenta el primer puesto entre los tenistas que m\u00e1s veces ganaron el certamen sobre hierba que se disputa en el oeste de Alemania, dotado con 2,2 millones de euros (2,51 millones de d\u00f3lares).<\/p>\n<p>El suizo gan\u00f3 respectivamente ocho veces los torneos de Wimbledon y Dibai y se alz\u00f3 con el t\u00edtulo en nueve ocasiones en Basilea.<\/p>\n<p>El torneo de Halle en Westfalia sirve tambi\u00e9n de preparaci\u00f3n de cara al cl\u00e1sico sobre hierba de Wimbledon, que comienza el 1 de julio.<\/p>\n<p><em>Foto: Friso Gentsch\/dpa<\/em><\/p>\n<p>&nbsp;<\/p>\n","protected":false},"excerpt":{"rendered":"<p>Halle en Westfalia (Alemania), 23 jun (dpa) &#8211; El suizo Roger Federer se adjudic\u00f3 por d\u00e9cima vez el torneo de tenis de Halle en Westfalia y logr\u00f3 as\u00ed otro r\u00e9cord en su carrera, tras vencer hoy al belga David Goffin por 7-6 (7-2), 6-1. Federer, que mantiene el r\u00e9cord de t\u00edtulos individuales en torneos del [&hellip;]<\/p>\n","protected":false},"author":1,"featured_media":1032206,"comment_status":"open","ping_status":"closed","sticky":false,"template":"","format":"standard","meta":{"footnotes":""},"categories":[190],"tags":[],"class_list":["post-1032205","post","type-post","status-publish","format-standard","has-post-thumbnail","hentry","category-deportes"],"aioseo_notices":[],"aioseo_head":"\n\t\t<!-- All in One SEO Pro 4.9.6.2 - aioseo.com -->\n\t<meta name=\"description\" content=\"Halle en Westfalia (Alemania), 23 jun (dpa) - El suizo Roger Federer se adjudic\u00f3 por d\u00e9cima vez el torneo de tenis de Halle en Westfalia y logr\u00f3 as\u00ed otro r\u00e9cord en su carrera, tras vencer hoy al belga David Goffin por 7-6 (7-2), 6-1. Federer, que mantiene el r\u00e9cord de t\u00edtulos individuales en torneos del\" \/>\n\t<meta name=\"robots\" content=\"max-image-preview:large\" \/>\n\t<meta name=\"author\" content=\"El Digital de Asturias\"\/>\n\t<meta name=\"google-site-verification\" content=\"UA-38556648-1\" \/>\n\t<meta name=\"msvalidate.01\" content=\"7dfe9f3f1b24437ab69f4f2559babe99\" \/>\n\t<meta name=\"keywords\" content=\"deportes\" \/>\n\t<link rel=\"canonical\" href=\"https:\/\/www.eldigitaldeasturias.com\/noticias\/federer-gana-por-decima-vez-el-torneo-de-halle-en-westfalia\/\" \/>\n\t<meta name=\"generator\" content=\"All in One SEO Pro (AIOSEO) 4.9.6.2\" \/>\n\t\t<meta property=\"og:locale\" content=\"es_ES\" \/>\n\t\t<meta property=\"og:site_name\" content=\"El Digital de Asturias\" \/>\n\t\t<meta property=\"og:type\" content=\"article\" \/>\n\t\t<meta property=\"og:title\" content=\"Federer gana por d\u00e9cima vez el torneo de Halle en Westfalia - El Digital de Asturias\" \/>\n\t\t<meta property=\"og:description\" content=\"Halle en Westfalia (Alemania), 23 jun (dpa) - El suizo Roger Federer se adjudic\u00f3 por d\u00e9cima vez el torneo de tenis de Halle en Westfalia y logr\u00f3 as\u00ed otro r\u00e9cord en su carrera, tras vencer hoy al belga David Goffin por 7-6 (7-2), 6-1. Federer, que mantiene el r\u00e9cord de t\u00edtulos individuales en torneos del\" \/>\n\t\t<meta property=\"og:url\" content=\"https:\/\/www.eldigitaldeasturias.com\/noticias\/federer-gana-por-decima-vez-el-torneo-de-halle-en-westfalia\/\" \/>\n\t\t<meta property=\"og:image\" content=\"https:\/\/www.eldigitaldeasturias.com\/noticias\/wp-content\/uploads\/2019\/06\/Federer.jpg\" \/>\n\t\t<meta property=\"og:image:secure_url\" content=\"https:\/\/www.eldigitaldeasturias.com\/noticias\/wp-content\/uploads\/2019\/06\/Federer.jpg\" \/>\n\t\t<meta property=\"og:image:width\" content=\"915\" \/>\n\t\t<meta property=\"og:image:height\" content=\"626\" \/>\n\t\t<meta property=\"article:tag\" content=\"deportes\" \/>\n\t\t<meta property=\"article:published_time\" content=\"2019-06-23T14:44:07+00:00\" \/>\n\t\t<meta property=\"article:modified_time\" content=\"2019-06-23T14:44:07+00:00\" \/>\n\t\t<meta property=\"article:publisher\" content=\"https:\/\/facebook.com\/eldigitaldeasturias\" \/>\n\t\t<meta name=\"twitter:card\" content=\"summary_large_image\" \/>\n\t\t<meta name=\"twitter:title\" content=\"Federer gana por d\u00e9cima vez el torneo de Halle en Westfalia - El Digital de Asturias\" \/>\n\t\t<meta name=\"twitter:description\" content=\"Halle en Westfalia (Alemania), 23 jun (dpa) - El suizo Roger Federer se adjudic\u00f3 por d\u00e9cima vez el torneo de tenis de Halle en Westfalia y logr\u00f3 as\u00ed otro r\u00e9cord en su carrera, tras vencer hoy al belga David Goffin por 7-6 (7-2), 6-1. Federer, que mantiene el r\u00e9cord de t\u00edtulos individuales en torneos del\" \/>\n\t\t<meta name=\"twitter:image\" content=\"https:\/\/www.eldigitaldeasturias.com\/noticias\/wp-content\/uploads\/2019\/06\/Federer.jpg\" \/>\n\t\t<meta name=\"twitter:label1\" content=\"Escrito por\" \/>\n\t\t<meta name=\"twitter:data1\" content=\"El Digital de Asturias\" \/>\n\t\t<meta name=\"twitter:label2\" content=\"Tiempo de lectura estimado\" \/>\n\t\t<meta name=\"twitter:data2\" content=\"1 minuto\" \/>\n\t\t<script type=\"application\/ld+json\" class=\"aioseo-schema\">\n\t\t\t{\"@context\":\"https:\\\/\\\/schema.org\",\"@graph\":[{\"@type\":\"BlogPosting\",\"@id\":\"https:\\\/\\\/www.eldigitaldeasturias.com\\\/noticias\\\/federer-gana-por-decima-vez-el-torneo-de-halle-en-westfalia\\\/#blogposting\",\"name\":\"Federer gana por d\\u00e9cima vez el torneo de Halle en Westfalia - El Digital de Asturias\",\"headline\":\"Federer gana por d\\u00e9cima vez el torneo de Halle en Westfalia\",\"author\":{\"@id\":\"https:\\\/\\\/www.eldigitaldeasturias.com\\\/noticias\\\/author\\\/admin\\\/#author\"},\"publisher\":{\"@id\":\"https:\\\/\\\/www.eldigitaldeasturias.com\\\/noticias\\\/#organization\"},\"image\":{\"@type\":\"ImageObject\",\"url\":\"https:\\\/\\\/www.eldigitaldeasturias.com\\\/noticias\\\/wp-content\\\/uploads\\\/2019\\\/06\\\/Federer.jpg\",\"width\":915,\"height\":626},\"datePublished\":\"2019-06-23T14:44:07+02:00\",\"dateModified\":\"2019-06-23T14:44:07+02:00\",\"inLanguage\":\"es-ES\",\"mainEntityOfPage\":{\"@id\":\"https:\\\/\\\/www.eldigitaldeasturias.com\\\/noticias\\\/federer-gana-por-decima-vez-el-torneo-de-halle-en-westfalia\\\/#webpage\"},\"isPartOf\":{\"@id\":\"https:\\\/\\\/www.eldigitaldeasturias.com\\\/noticias\\\/federer-gana-por-decima-vez-el-torneo-de-halle-en-westfalia\\\/#webpage\"},\"articleSection\":\"Deportes\"},{\"@type\":\"BreadcrumbList\",\"@id\":\"https:\\\/\\\/www.eldigitaldeasturias.com\\\/noticias\\\/federer-gana-por-decima-vez-el-torneo-de-halle-en-westfalia\\\/#breadcrumblist\",\"itemListElement\":[{\"@type\":\"ListItem\",\"@id\":\"https:\\\/\\\/www.eldigitaldeasturias.com\\\/noticias#listItem\",\"position\":1,\"name\":\"Home\",\"item\":\"https:\\\/\\\/www.eldigitaldeasturias.com\\\/noticias\",\"nextItem\":{\"@type\":\"ListItem\",\"@id\":\"https:\\\/\\\/www.eldigitaldeasturias.com\\\/noticias\\\/category\\\/deportes\\\/#listItem\",\"name\":\"Deportes\"}},{\"@type\":\"ListItem\",\"@id\":\"https:\\\/\\\/www.eldigitaldeasturias.com\\\/noticias\\\/category\\\/deportes\\\/#listItem\",\"position\":2,\"name\":\"Deportes\",\"item\":\"https:\\\/\\\/www.eldigitaldeasturias.com\\\/noticias\\\/category\\\/deportes\\\/\",\"nextItem\":{\"@type\":\"ListItem\",\"@id\":\"https:\\\/\\\/www.eldigitaldeasturias.com\\\/noticias\\\/federer-gana-por-decima-vez-el-torneo-de-halle-en-westfalia\\\/#listItem\",\"name\":\"Federer gana por d\\u00e9cima vez el torneo de Halle en Westfalia\"},\"previousItem\":{\"@type\":\"ListItem\",\"@id\":\"https:\\\/\\\/www.eldigitaldeasturias.com\\\/noticias#listItem\",\"name\":\"Home\"}},{\"@type\":\"ListItem\",\"@id\":\"https:\\\/\\\/www.eldigitaldeasturias.com\\\/noticias\\\/federer-gana-por-decima-vez-el-torneo-de-halle-en-westfalia\\\/#listItem\",\"position\":3,\"name\":\"Federer gana por d\\u00e9cima vez el torneo de Halle en Westfalia\",\"previousItem\":{\"@type\":\"ListItem\",\"@id\":\"https:\\\/\\\/www.eldigitaldeasturias.com\\\/noticias\\\/category\\\/deportes\\\/#listItem\",\"name\":\"Deportes\"}}]},{\"@type\":\"Organization\",\"@id\":\"https:\\\/\\\/www.eldigitaldeasturias.com\\\/noticias\\\/#organization\",\"name\":\"El Digital de Asturias\",\"description\":\"Hemeroteca\",\"url\":\"https:\\\/\\\/www.eldigitaldeasturias.com\\\/noticias\\\/\",\"email\":\"info@eldigitaldeasturias.com\",\"telephone\":\"+34652131393\",\"logo\":{\"@type\":\"ImageObject\",\"url\":\"https:\\\/\\\/www.eldigitaldeasturias.com\\\/noticias\\\/wp-content\\\/uploads\\\/2020\\\/12\\\/EDA.jpg\",\"@id\":\"https:\\\/\\\/www.eldigitaldeasturias.com\\\/noticias\\\/federer-gana-por-decima-vez-el-torneo-de-halle-en-westfalia\\\/#organizationLogo\",\"width\":649,\"height\":297},\"image\":{\"@id\":\"https:\\\/\\\/www.eldigitaldeasturias.com\\\/noticias\\\/federer-gana-por-decima-vez-el-torneo-de-halle-en-westfalia\\\/#organizationLogo\"},\"sameAs\":[\"https:\\\/\\\/facebook.com\\\/eldigitaldeasturias\",\"https:\\\/\\\/www.youtube.com\\\/channel\\\/UCZP-2wLEB9Rv6erhFmqVnvg\"],\"address\":{\"@id\":\"https:\\\/\\\/www.eldigitaldeasturias.com\\\/noticias\\\/#postaladdress\",\"@type\":\"PostalAddress\",\"streetAddress\":\"san antonio 4,\",\"postalCode\":\"33430\",\"addressLocality\":\"Cand\\u00e1s\",\"addressRegion\":\"Asturias\",\"addressCountry\":\"ES\"}},{\"@type\":\"Person\",\"@id\":\"https:\\\/\\\/www.eldigitaldeasturias.com\\\/noticias\\\/author\\\/admin\\\/#author\",\"url\":\"https:\\\/\\\/www.eldigitaldeasturias.com\\\/noticias\\\/author\\\/admin\\\/\",\"name\":\"El Digital de Asturias\",\"image\":{\"@type\":\"ImageObject\",\"@id\":\"https:\\\/\\\/www.eldigitaldeasturias.com\\\/noticias\\\/federer-gana-por-decima-vez-el-torneo-de-halle-en-westfalia\\\/#authorImage\",\"url\":\"https:\\\/\\\/www.eldigitaldeasturias.com\\\/noticias\\\/wp-content\\\/litespeed\\\/avatar\\\/18677e78aa0546b92d9dbf31ec7d7668.jpg?ver=1776685526\",\"width\":96,\"height\":96,\"caption\":\"El Digital de Asturias\"}},{\"@type\":\"WebPage\",\"@id\":\"https:\\\/\\\/www.eldigitaldeasturias.com\\\/noticias\\\/federer-gana-por-decima-vez-el-torneo-de-halle-en-westfalia\\\/#webpage\",\"url\":\"https:\\\/\\\/www.eldigitaldeasturias.com\\\/noticias\\\/federer-gana-por-decima-vez-el-torneo-de-halle-en-westfalia\\\/\",\"name\":\"Federer gana por d\\u00e9cima vez el torneo de Halle en Westfalia - El Digital de Asturias\",\"description\":\"Halle en Westfalia (Alemania), 23 jun (dpa) - El suizo Roger Federer se adjudic\\u00f3 por d\\u00e9cima vez el torneo de tenis de Halle en Westfalia y logr\\u00f3 as\\u00ed otro r\\u00e9cord en su carrera, tras vencer hoy al belga David Goffin por 7-6 (7-2), 6-1. Federer, que mantiene el r\\u00e9cord de t\\u00edtulos individuales en torneos del\",\"inLanguage\":\"es-ES\",\"isPartOf\":{\"@id\":\"https:\\\/\\\/www.eldigitaldeasturias.com\\\/noticias\\\/#website\"},\"breadcrumb\":{\"@id\":\"https:\\\/\\\/www.eldigitaldeasturias.com\\\/noticias\\\/federer-gana-por-decima-vez-el-torneo-de-halle-en-westfalia\\\/#breadcrumblist\"},\"author\":{\"@id\":\"https:\\\/\\\/www.eldigitaldeasturias.com\\\/noticias\\\/author\\\/admin\\\/#author\"},\"creator\":{\"@id\":\"https:\\\/\\\/www.eldigitaldeasturias.com\\\/noticias\\\/author\\\/admin\\\/#author\"},\"image\":{\"@type\":\"ImageObject\",\"url\":\"https:\\\/\\\/www.eldigitaldeasturias.com\\\/noticias\\\/wp-content\\\/uploads\\\/2019\\\/06\\\/Federer.jpg\",\"@id\":\"https:\\\/\\\/www.eldigitaldeasturias.com\\\/noticias\\\/federer-gana-por-decima-vez-el-torneo-de-halle-en-westfalia\\\/#mainImage\",\"width\":915,\"height\":626},\"primaryImageOfPage\":{\"@id\":\"https:\\\/\\\/www.eldigitaldeasturias.com\\\/noticias\\\/federer-gana-por-decima-vez-el-torneo-de-halle-en-westfalia\\\/#mainImage\"},\"datePublished\":\"2019-06-23T14:44:07+02:00\",\"dateModified\":\"2019-06-23T14:44:07+02:00\"},{\"@type\":\"WebSite\",\"@id\":\"https:\\\/\\\/www.eldigitaldeasturias.com\\\/noticias\\\/#website\",\"url\":\"https:\\\/\\\/www.eldigitaldeasturias.com\\\/noticias\\\/\",\"name\":\"El Digital de Asturias - Diario de actualidad y noticias\",\"alternateName\":\"El Digital de Asturias - Diario de actualidad y noticias\",\"description\":\"Hemeroteca\",\"inLanguage\":\"es-ES\",\"publisher\":{\"@id\":\"https:\\\/\\\/www.eldigitaldeasturias.com\\\/noticias\\\/#organization\"}}]}\n\t\t<\/script>\n\t\t<!-- All in One SEO Pro -->\r\n\t\t<title>Federer gana por d\u00e9cima vez el torneo de Halle en Westfalia - El Digital de Asturias<\/title>\n\n","aioseo_head_json":{"title":"Federer gana por d\u00e9cima vez el torneo de Halle en Westfalia - El Digital de Asturias","description":"Halle en Westfalia (Alemania), 23 jun (dpa) - El suizo Roger Federer se adjudic\u00f3 por d\u00e9cima vez el torneo de tenis de Halle en Westfalia y logr\u00f3 as\u00ed otro r\u00e9cord en su carrera, tras vencer hoy al belga David Goffin por 7-6 (7-2), 6-1. Federer, que mantiene el r\u00e9cord de t\u00edtulos individuales en torneos del","canonical_url":"https:\/\/www.eldigitaldeasturias.com\/noticias\/federer-gana-por-decima-vez-el-torneo-de-halle-en-westfalia\/","robots":"max-image-preview:large","keywords":"deportes","webmasterTools":{"google-site-verification":"UA-38556648-1","msvalidate.01":"7dfe9f3f1b24437ab69f4f2559babe99","miscellaneous":""},"schema":{"@context":"https:\/\/schema.org","@graph":[{"@type":"BlogPosting","@id":"https:\/\/www.eldigitaldeasturias.com\/noticias\/federer-gana-por-decima-vez-el-torneo-de-halle-en-westfalia\/#blogposting","name":"Federer gana por d\u00e9cima vez el torneo de Halle en Westfalia - El Digital de Asturias","headline":"Federer gana por d\u00e9cima vez el torneo de Halle en Westfalia","author":{"@id":"https:\/\/www.eldigitaldeasturias.com\/noticias\/author\/admin\/#author"},"publisher":{"@id":"https:\/\/www.eldigitaldeasturias.com\/noticias\/#organization"},"image":{"@type":"ImageObject","url":"https:\/\/www.eldigitaldeasturias.com\/noticias\/wp-content\/uploads\/2019\/06\/Federer.jpg","width":915,"height":626},"datePublished":"2019-06-23T14:44:07+02:00","dateModified":"2019-06-23T14:44:07+02:00","inLanguage":"es-ES","mainEntityOfPage":{"@id":"https:\/\/www.eldigitaldeasturias.com\/noticias\/federer-gana-por-decima-vez-el-torneo-de-halle-en-westfalia\/#webpage"},"isPartOf":{"@id":"https:\/\/www.eldigitaldeasturias.com\/noticias\/federer-gana-por-decima-vez-el-torneo-de-halle-en-westfalia\/#webpage"},"articleSection":"Deportes"},{"@type":"BreadcrumbList","@id":"https:\/\/www.eldigitaldeasturias.com\/noticias\/federer-gana-por-decima-vez-el-torneo-de-halle-en-westfalia\/#breadcrumblist","itemListElement":[{"@type":"ListItem","@id":"https:\/\/www.eldigitaldeasturias.com\/noticias#listItem","position":1,"name":"Home","item":"https:\/\/www.eldigitaldeasturias.com\/noticias","nextItem":{"@type":"ListItem","@id":"https:\/\/www.eldigitaldeasturias.com\/noticias\/category\/deportes\/#listItem","name":"Deportes"}},{"@type":"ListItem","@id":"https:\/\/www.eldigitaldeasturias.com\/noticias\/category\/deportes\/#listItem","position":2,"name":"Deportes","item":"https:\/\/www.eldigitaldeasturias.com\/noticias\/category\/deportes\/","nextItem":{"@type":"ListItem","@id":"https:\/\/www.eldigitaldeasturias.com\/noticias\/federer-gana-por-decima-vez-el-torneo-de-halle-en-westfalia\/#listItem","name":"Federer gana por d\u00e9cima vez el torneo de Halle en Westfalia"},"previousItem":{"@type":"ListItem","@id":"https:\/\/www.eldigitaldeasturias.com\/noticias#listItem","name":"Home"}},{"@type":"ListItem","@id":"https:\/\/www.eldigitaldeasturias.com\/noticias\/federer-gana-por-decima-vez-el-torneo-de-halle-en-westfalia\/#listItem","position":3,"name":"Federer gana por d\u00e9cima vez el torneo de Halle en Westfalia","previousItem":{"@type":"ListItem","@id":"https:\/\/www.eldigitaldeasturias.com\/noticias\/category\/deportes\/#listItem","name":"Deportes"}}]},{"@type":"Organization","@id":"https:\/\/www.eldigitaldeasturias.com\/noticias\/#organization","name":"El Digital de Asturias","description":"Hemeroteca","url":"https:\/\/www.eldigitaldeasturias.com\/noticias\/","email":"info@eldigitaldeasturias.com","telephone":"+34652131393","logo":{"@type":"ImageObject","url":"https:\/\/www.eldigitaldeasturias.com\/noticias\/wp-content\/uploads\/2020\/12\/EDA.jpg","@id":"https:\/\/www.eldigitaldeasturias.com\/noticias\/federer-gana-por-decima-vez-el-torneo-de-halle-en-westfalia\/#organizationLogo","width":649,"height":297},"image":{"@id":"https:\/\/www.eldigitaldeasturias.com\/noticias\/federer-gana-por-decima-vez-el-torneo-de-halle-en-westfalia\/#organizationLogo"},"sameAs":["https:\/\/facebook.com\/eldigitaldeasturias","https:\/\/www.youtube.com\/channel\/UCZP-2wLEB9Rv6erhFmqVnvg"],"address":{"@id":"https:\/\/www.eldigitaldeasturias.com\/noticias\/#postaladdress","@type":"PostalAddress","streetAddress":"san antonio 4,","postalCode":"33430","addressLocality":"Cand\u00e1s","addressRegion":"Asturias","addressCountry":"ES"}},{"@type":"Person","@id":"https:\/\/www.eldigitaldeasturias.com\/noticias\/author\/admin\/#author","url":"https:\/\/www.eldigitaldeasturias.com\/noticias\/author\/admin\/","name":"El Digital de Asturias","image":{"@type":"ImageObject","@id":"https:\/\/www.eldigitaldeasturias.com\/noticias\/federer-gana-por-decima-vez-el-torneo-de-halle-en-westfalia\/#authorImage","url":"https:\/\/www.eldigitaldeasturias.com\/noticias\/wp-content\/litespeed\/avatar\/18677e78aa0546b92d9dbf31ec7d7668.jpg?ver=1776685526","width":96,"height":96,"caption":"El Digital de Asturias"}},{"@type":"WebPage","@id":"https:\/\/www.eldigitaldeasturias.com\/noticias\/federer-gana-por-decima-vez-el-torneo-de-halle-en-westfalia\/#webpage","url":"https:\/\/www.eldigitaldeasturias.com\/noticias\/federer-gana-por-decima-vez-el-torneo-de-halle-en-westfalia\/","name":"Federer gana por d\u00e9cima vez el torneo de Halle en Westfalia - El Digital de Asturias","description":"Halle en Westfalia (Alemania), 23 jun (dpa) - El suizo Roger Federer se adjudic\u00f3 por d\u00e9cima vez el torneo de tenis de Halle en Westfalia y logr\u00f3 as\u00ed otro r\u00e9cord en su carrera, tras vencer hoy al belga David Goffin por 7-6 (7-2), 6-1. Federer, que mantiene el r\u00e9cord de t\u00edtulos individuales en torneos del","inLanguage":"es-ES","isPartOf":{"@id":"https:\/\/www.eldigitaldeasturias.com\/noticias\/#website"},"breadcrumb":{"@id":"https:\/\/www.eldigitaldeasturias.com\/noticias\/federer-gana-por-decima-vez-el-torneo-de-halle-en-westfalia\/#breadcrumblist"},"author":{"@id":"https:\/\/www.eldigitaldeasturias.com\/noticias\/author\/admin\/#author"},"creator":{"@id":"https:\/\/www.eldigitaldeasturias.com\/noticias\/author\/admin\/#author"},"image":{"@type":"ImageObject","url":"https:\/\/www.eldigitaldeasturias.com\/noticias\/wp-content\/uploads\/2019\/06\/Federer.jpg","@id":"https:\/\/www.eldigitaldeasturias.com\/noticias\/federer-gana-por-decima-vez-el-torneo-de-halle-en-westfalia\/#mainImage","width":915,"height":626},"primaryImageOfPage":{"@id":"https:\/\/www.eldigitaldeasturias.com\/noticias\/federer-gana-por-decima-vez-el-torneo-de-halle-en-westfalia\/#mainImage"},"datePublished":"2019-06-23T14:44:07+02:00","dateModified":"2019-06-23T14:44:07+02:00"},{"@type":"WebSite","@id":"https:\/\/www.eldigitaldeasturias.com\/noticias\/#website","url":"https:\/\/www.eldigitaldeasturias.com\/noticias\/","name":"El Digital de Asturias - Diario de actualidad y noticias","alternateName":"El Digital de Asturias - Diario de actualidad y noticias","description":"Hemeroteca","inLanguage":"es-ES","publisher":{"@id":"https:\/\/www.eldigitaldeasturias.com\/noticias\/#organization"}}]},"og:locale":"es_ES","og:site_name":"El Digital de Asturias","og:type":"article","og:title":"Federer gana por d\u00e9cima vez el torneo de Halle en Westfalia - El Digital de Asturias","og:description":"Halle en Westfalia (Alemania), 23 jun (dpa) - El suizo Roger Federer se adjudic\u00f3 por d\u00e9cima vez el torneo de tenis de Halle en Westfalia y logr\u00f3 as\u00ed otro r\u00e9cord en su carrera, tras vencer hoy al belga David Goffin por 7-6 (7-2), 6-1. Federer, que mantiene el r\u00e9cord de t\u00edtulos individuales en torneos del","og:url":"https:\/\/www.eldigitaldeasturias.com\/noticias\/federer-gana-por-decima-vez-el-torneo-de-halle-en-westfalia\/","og:image":"https:\/\/www.eldigitaldeasturias.com\/noticias\/wp-content\/uploads\/2019\/06\/Federer.jpg","og:image:secure_url":"https:\/\/www.eldigitaldeasturias.com\/noticias\/wp-content\/uploads\/2019\/06\/Federer.jpg","og:image:width":915,"og:image:height":626,"article:tag":["deportes"],"article:published_time":"2019-06-23T14:44:07+00:00","article:modified_time":"2019-06-23T14:44:07+00:00","article:publisher":"https:\/\/facebook.com\/eldigitaldeasturias","twitter:card":"summary_large_image","twitter:title":"Federer gana por d\u00e9cima vez el torneo de Halle en Westfalia - El Digital de Asturias","twitter:description":"Halle en Westfalia (Alemania), 23 jun (dpa) - El suizo Roger Federer se adjudic\u00f3 por d\u00e9cima vez el torneo de tenis de Halle en Westfalia y logr\u00f3 as\u00ed otro r\u00e9cord en su carrera, tras vencer hoy al belga David Goffin por 7-6 (7-2), 6-1. Federer, que mantiene el r\u00e9cord de t\u00edtulos individuales en torneos del","twitter:image":"https:\/\/www.eldigitaldeasturias.com\/noticias\/wp-content\/uploads\/2019\/06\/Federer.jpg","twitter:label1":"Escrito por","twitter:data1":"El Digital de Asturias","twitter:label2":"Tiempo de lectura estimado","twitter:data2":"1 minuto"},"aioseo_meta_data":{"post_id":"1032205","title":null,"description":null,"keywords":null,"keyphrases":null,"primary_term":null,"canonical_url":null,"og_title":null,"og_description":null,"og_object_type":"default","og_image_type":"default","og_image_url":null,"og_image_width":null,"og_image_height":null,"og_image_custom_url":null,"og_image_custom_fields":null,"og_video":null,"og_custom_url":null,"og_article_section":null,"og_article_tags":null,"twitter_use_og":false,"twitter_card":"default","twitter_image_type":"default","twitter_image_url":null,"twitter_image_custom_url":null,"twitter_image_custom_fields":null,"twitter_title":null,"twitter_description":null,"schema":{"blockGraphs":[],"customGraphs":[],"default":{"data":{"Article":[],"Course":[],"Dataset":[],"FAQPage":[],"Movie":[],"Person":[],"Product":[],"ProductReview":[],"Car":[],"Recipe":[],"Service":[],"SoftwareApplication":[],"WebPage":[]},"graphName":"","isEnabled":true},"graphs":[],"defaultGraph":"","defaultPostTypeGraph":""},"schema_type":null,"schema_type_options":null,"pillar_content":false,"robots_default":true,"robots_noindex":false,"robots_noarchive":false,"robots_nosnippet":false,"robots_nofollow":false,"robots_noimageindex":false,"robots_noodp":false,"robots_notranslate":false,"robots_max_snippet":null,"robots_max_videopreview":null,"robots_max_imagepreview":"large","priority":null,"frequency":null,"local_seo":null,"seo_analyzer_scan_date":"2025-10-18 21:18:07","breadcrumb_settings":null,"limit_modified_date":false,"open_ai":null,"ai":null,"created":"2020-12-21 11:10:00","updated":"2025-10-18 21:18:07"},"aioseo_breadcrumb":"<div class=\"aioseo-breadcrumbs\"><span class=\"aioseo-breadcrumb\">\n\t<a href=\"https:\/\/www.eldigitaldeasturias.com\/noticias\" title=\"Home\">Home<\/a>\n<\/span><span class=\"aioseo-breadcrumb-separator\">\u2013<\/span><span class=\"aioseo-breadcrumb\">\n\t<a href=\"https:\/\/www.eldigitaldeasturias.com\/noticias\/category\/deportes\/\" title=\"Deportes\">Deportes<\/a>\n<\/span><span class=\"aioseo-breadcrumb-separator\">\u2013<\/span><span class=\"aioseo-breadcrumb\">\n\t<a href=\"https:\/\/www.eldigitaldeasturias.com\/noticias\/federer-gana-por-decima-vez-el-torneo-de-halle-en-westfalia\/\" title=\"Federer gana por d\u00e9cima vez el torneo de Halle en Westfalia\">Federer gana por d\u00e9cima vez el torneo de Halle en Westfalia<\/a>\n<\/span><\/div>","aioseo_breadcrumb_json":[{"label":"Home","link":"https:\/\/www.eldigitaldeasturias.com\/noticias"},{"label":"Deportes","link":"https:\/\/www.eldigitaldeasturias.com\/noticias\/category\/deportes\/"},{"label":"Federer gana por d\u00e9cima vez el torneo de Halle en Westfalia","link":"https:\/\/www.eldigitaldeasturias.com\/noticias\/federer-gana-por-decima-vez-el-torneo-de-halle-en-westfalia\/"}],"_links":{"self":[{"href":"https:\/\/www.eldigitaldeasturias.com\/noticias\/wp-json\/wp\/v2\/posts\/1032205","targetHints":{"allow":["GET"]}}],"collection":[{"href":"https:\/\/www.eldigitaldeasturias.com\/noticias\/wp-json\/wp\/v2\/posts"}],"about":[{"href":"https:\/\/www.eldigitaldeasturias.com\/noticias\/wp-json\/wp\/v2\/types\/post"}],"author":[{"embeddable":true,"href":"https:\/\/www.eldigitaldeasturias.com\/noticias\/wp-json\/wp\/v2\/users\/1"}],"replies":[{"embeddable":true,"href":"https:\/\/www.eldigitaldeasturias.com\/noticias\/wp-json\/wp\/v2\/comments?post=1032205"}],"version-history":[{"count":0,"href":"https:\/\/www.eldigitaldeasturias.com\/noticias\/wp-json\/wp\/v2\/posts\/1032205\/revisions"}],"wp:featuredmedia":[{"embeddable":true,"href":"https:\/\/www.eldigitaldeasturias.com\/noticias\/wp-json\/wp\/v2\/media\/1032206"}],"wp:attachment":[{"href":"https:\/\/www.eldigitaldeasturias.com\/noticias\/wp-json\/wp\/v2\/media?parent=1032205"}],"wp:term":[{"taxonomy":"category","embeddable":true,"href":"https:\/\/www.eldigitaldeasturias.com\/noticias\/wp-json\/wp\/v2\/categories?post=1032205"},{"taxonomy":"post_tag","embeddable":true,"href":"https:\/\/www.eldigitaldeasturias.com\/noticias\/wp-json\/wp\/v2\/tags?post=1032205"}],"curies":[{"name":"wp","href":"https:\/\/api.w.org\/{rel}","templated":true}]}}