{"id":1032200,"date":"2019-06-23T14:14:28","date_gmt":"2019-06-23T14:14:28","guid":{"rendered":"https:\/\/www.eldigitaldeasturias.com\/noticias\/?p=1032200"},"modified":"2019-06-23T14:14:28","modified_gmt":"2019-06-23T14:14:28","slug":"la-semana-de-kiel-comienza-con-mas-de-un-millon-de-personas","status":"publish","type":"post","link":"https:\/\/www.eldigitaldeasturias.com\/noticias\/la-semana-de-kiel-comienza-con-mas-de-un-millon-de-personas\/","title":{"rendered":"La Semana de Kiel comienza con m\u00e1s de un mill\u00f3n de personas"},"content":{"rendered":"<p><img loading=\"lazy\" decoding=\"async\" class=\"alignleft size-medium wp-image-1032201\" src=\"https:\/\/www.eldigitaldeasturias.com\/noticias\/wp-content\/uploads\/2019\/06\/Semana-de-Kiel-360x241.jpg\" alt=\"\" width=\"360\" height=\"241\" srcset=\"https:\/\/www.eldigitaldeasturias.com\/noticias\/wp-content\/uploads\/2019\/06\/Semana-de-Kiel-360x241.jpg 360w, https:\/\/www.eldigitaldeasturias.com\/noticias\/wp-content\/uploads\/2019\/06\/Semana-de-Kiel-768x515.jpg 768w, https:\/\/www.eldigitaldeasturias.com\/noticias\/wp-content\/uploads\/2019\/06\/Semana-de-Kiel-650x436.jpg 650w, https:\/\/www.eldigitaldeasturias.com\/noticias\/wp-content\/uploads\/2019\/06\/Semana-de-Kiel-675x450.jpg 675w, https:\/\/www.eldigitaldeasturias.com\/noticias\/wp-content\/uploads\/2019\/06\/Semana-de-Kiel.jpg 1004w\" sizes=\"auto, (max-width: 360px) 100vw, 360px\" \/>Kiel (Alemania), 23 jun (dpa) &#8211; Con un clima inmejorable, la 125.<strong> Semana de Kiel<\/strong> (Kieler Woche) atrajo en el fin de semana inicial a numerosos visitantes a la capital del estado alem\u00e1n norte\u00f1o de Schleswig-Holstein, a orillas del mar B\u00e1ltico.<\/p>\n<p>De acuerdo con los datos brindados por la ciudad germana, desde el viernes llegaron m\u00e1s de un mill\u00f3n de personas para la mayor fiesta veraniega en el norte de Europa.<\/p>\n<p>\u00abMucho sol, suficiente viento y una buena cantidad de rostros felices: el primer fin de semana fue un \u00e9xito absoluto\u00bb, sostuvo el alcalde de Kiel, Ulf K\u00e4mpfer.<\/p>\n<p>La Semana de Kiel, que es considerada <strong>uno de los mayores acontecimientos del deporte de vela a nivel mundial<\/strong>, se realiza desde finales del siglo XIX.<\/p>\n<p>La ministra alemana para la Familia, Franziska Giffey, dio la tradicional se\u00f1al de salida el s\u00e1bado por la noche en la plaza del ayuntamiento junto con K\u00e4mpfer, el primer ministro del estado federado de Schleswig-Holstein, Daniel G\u00fcnther y el presidente del Parlamento regional o Landtag, Klaus Schlie.<\/p>\n<p>Hasta el domingo de la pr\u00f3xima semana se espera que pasen por la ciudad alemana unos tres millones de visitantes en el marco de la Semana de Kiel.<\/p>\n<p><em>Foto: Frank Molter\/dpa<\/em><\/p>\n<p>&nbsp;<\/p>\n","protected":false},"excerpt":{"rendered":"<p>Kiel (Alemania), 23 jun (dpa) &#8211; Con un clima inmejorable, la 125. Semana de Kiel (Kieler Woche) atrajo en el fin de semana inicial a numerosos visitantes a la capital del estado alem\u00e1n norte\u00f1o de Schleswig-Holstein, a orillas del mar B\u00e1ltico. De acuerdo con los datos brindados por la ciudad germana, desde el viernes llegaron [&hellip;]<\/p>\n","protected":false},"author":1,"featured_media":1032201,"comment_status":"open","ping_status":"closed","sticky":false,"template":"","format":"standard","meta":{"footnotes":""},"categories":[190],"tags":[],"class_list":["post-1032200","post","type-post","status-publish","format-standard","has-post-thumbnail","hentry","category-deportes"],"aioseo_notices":[],"aioseo_head":"\n\t\t<!-- All in One SEO Pro 4.9.6.2 - aioseo.com -->\n\t<meta name=\"description\" content=\"Kiel (Alemania), 23 jun (dpa) - Con un clima inmejorable, la 125. Semana de Kiel (Kieler Woche) atrajo en el fin de semana inicial a numerosos visitantes a la capital del estado alem\u00e1n norte\u00f1o de Schleswig-Holstein, a orillas del mar B\u00e1ltico. De acuerdo con los datos brindados por la ciudad germana, desde el viernes llegaron\" \/>\n\t<meta name=\"robots\" content=\"max-image-preview:large\" \/>\n\t<meta name=\"author\" content=\"El Digital de Asturias\"\/>\n\t<meta name=\"google-site-verification\" content=\"UA-38556648-1\" \/>\n\t<meta name=\"msvalidate.01\" content=\"7dfe9f3f1b24437ab69f4f2559babe99\" \/>\n\t<meta name=\"keywords\" content=\"deportes\" \/>\n\t<link rel=\"canonical\" href=\"https:\/\/www.eldigitaldeasturias.com\/noticias\/la-semana-de-kiel-comienza-con-mas-de-un-millon-de-personas\/\" \/>\n\t<meta name=\"generator\" content=\"All in One SEO Pro (AIOSEO) 4.9.6.2\" \/>\n\t\t<meta property=\"og:locale\" content=\"es_ES\" \/>\n\t\t<meta property=\"og:site_name\" content=\"El Digital de Asturias\" \/>\n\t\t<meta property=\"og:type\" content=\"article\" \/>\n\t\t<meta property=\"og:title\" content=\"La Semana de Kiel comienza con m\u00e1s de un mill\u00f3n de personas - El Digital de Asturias\" \/>\n\t\t<meta property=\"og:description\" content=\"Kiel (Alemania), 23 jun (dpa) - Con un clima inmejorable, la 125. Semana de Kiel (Kieler Woche) atrajo en el fin de semana inicial a numerosos visitantes a la capital del estado alem\u00e1n norte\u00f1o de Schleswig-Holstein, a orillas del mar B\u00e1ltico. De acuerdo con los datos brindados por la ciudad germana, desde el viernes llegaron\" \/>\n\t\t<meta property=\"og:url\" content=\"https:\/\/www.eldigitaldeasturias.com\/noticias\/la-semana-de-kiel-comienza-con-mas-de-un-millon-de-personas\/\" \/>\n\t\t<meta property=\"og:image\" content=\"https:\/\/www.eldigitaldeasturias.com\/noticias\/wp-content\/uploads\/2019\/06\/Semana-de-Kiel.jpg\" \/>\n\t\t<meta property=\"og:image:secure_url\" content=\"https:\/\/www.eldigitaldeasturias.com\/noticias\/wp-content\/uploads\/2019\/06\/Semana-de-Kiel.jpg\" \/>\n\t\t<meta property=\"og:image:width\" content=\"1004\" \/>\n\t\t<meta property=\"og:image:height\" content=\"673\" \/>\n\t\t<meta property=\"article:tag\" content=\"deportes\" \/>\n\t\t<meta property=\"article:published_time\" content=\"2019-06-23T14:14:28+00:00\" \/>\n\t\t<meta property=\"article:modified_time\" content=\"2019-06-23T14:14:28+00:00\" \/>\n\t\t<meta property=\"article:publisher\" content=\"https:\/\/facebook.com\/eldigitaldeasturias\" \/>\n\t\t<meta name=\"twitter:card\" content=\"summary_large_image\" \/>\n\t\t<meta name=\"twitter:title\" content=\"La Semana de Kiel comienza con m\u00e1s de un mill\u00f3n de personas - El Digital de Asturias\" \/>\n\t\t<meta name=\"twitter:description\" content=\"Kiel (Alemania), 23 jun (dpa) - Con un clima inmejorable, la 125. Semana de Kiel (Kieler Woche) atrajo en el fin de semana inicial a numerosos visitantes a la capital del estado alem\u00e1n norte\u00f1o de Schleswig-Holstein, a orillas del mar B\u00e1ltico. De acuerdo con los datos brindados por la ciudad germana, desde el viernes llegaron\" \/>\n\t\t<meta name=\"twitter:image\" content=\"https:\/\/www.eldigitaldeasturias.com\/noticias\/wp-content\/uploads\/2019\/06\/Semana-de-Kiel.jpg\" \/>\n\t\t<meta name=\"twitter:label1\" content=\"Escrito por\" \/>\n\t\t<meta name=\"twitter:data1\" content=\"El Digital de Asturias\" \/>\n\t\t<meta name=\"twitter:label2\" content=\"Tiempo de lectura estimado\" \/>\n\t\t<meta name=\"twitter:data2\" content=\"1 minuto\" \/>\n\t\t<script type=\"application\/ld+json\" class=\"aioseo-schema\">\n\t\t\t{\"@context\":\"https:\\\/\\\/schema.org\",\"@graph\":[{\"@type\":\"BlogPosting\",\"@id\":\"https:\\\/\\\/www.eldigitaldeasturias.com\\\/noticias\\\/la-semana-de-kiel-comienza-con-mas-de-un-millon-de-personas\\\/#blogposting\",\"name\":\"La Semana de Kiel comienza con m\\u00e1s de un mill\\u00f3n de personas - El Digital de Asturias\",\"headline\":\"La Semana de Kiel comienza con m\\u00e1s de un mill\\u00f3n de personas\",\"author\":{\"@id\":\"https:\\\/\\\/www.eldigitaldeasturias.com\\\/noticias\\\/author\\\/admin\\\/#author\"},\"publisher\":{\"@id\":\"https:\\\/\\\/www.eldigitaldeasturias.com\\\/noticias\\\/#organization\"},\"image\":{\"@type\":\"ImageObject\",\"url\":\"https:\\\/\\\/www.eldigitaldeasturias.com\\\/noticias\\\/wp-content\\\/uploads\\\/2019\\\/06\\\/Semana-de-Kiel.jpg\",\"width\":1004,\"height\":673},\"datePublished\":\"2019-06-23T14:14:28+02:00\",\"dateModified\":\"2019-06-23T14:14:28+02:00\",\"inLanguage\":\"es-ES\",\"mainEntityOfPage\":{\"@id\":\"https:\\\/\\\/www.eldigitaldeasturias.com\\\/noticias\\\/la-semana-de-kiel-comienza-con-mas-de-un-millon-de-personas\\\/#webpage\"},\"isPartOf\":{\"@id\":\"https:\\\/\\\/www.eldigitaldeasturias.com\\\/noticias\\\/la-semana-de-kiel-comienza-con-mas-de-un-millon-de-personas\\\/#webpage\"},\"articleSection\":\"Deportes\"},{\"@type\":\"BreadcrumbList\",\"@id\":\"https:\\\/\\\/www.eldigitaldeasturias.com\\\/noticias\\\/la-semana-de-kiel-comienza-con-mas-de-un-millon-de-personas\\\/#breadcrumblist\",\"itemListElement\":[{\"@type\":\"ListItem\",\"@id\":\"https:\\\/\\\/www.eldigitaldeasturias.com\\\/noticias#listItem\",\"position\":1,\"name\":\"Home\",\"item\":\"https:\\\/\\\/www.eldigitaldeasturias.com\\\/noticias\",\"nextItem\":{\"@type\":\"ListItem\",\"@id\":\"https:\\\/\\\/www.eldigitaldeasturias.com\\\/noticias\\\/category\\\/deportes\\\/#listItem\",\"name\":\"Deportes\"}},{\"@type\":\"ListItem\",\"@id\":\"https:\\\/\\\/www.eldigitaldeasturias.com\\\/noticias\\\/category\\\/deportes\\\/#listItem\",\"position\":2,\"name\":\"Deportes\",\"item\":\"https:\\\/\\\/www.eldigitaldeasturias.com\\\/noticias\\\/category\\\/deportes\\\/\",\"nextItem\":{\"@type\":\"ListItem\",\"@id\":\"https:\\\/\\\/www.eldigitaldeasturias.com\\\/noticias\\\/la-semana-de-kiel-comienza-con-mas-de-un-millon-de-personas\\\/#listItem\",\"name\":\"La Semana de Kiel comienza con m\\u00e1s de un mill\\u00f3n de personas\"},\"previousItem\":{\"@type\":\"ListItem\",\"@id\":\"https:\\\/\\\/www.eldigitaldeasturias.com\\\/noticias#listItem\",\"name\":\"Home\"}},{\"@type\":\"ListItem\",\"@id\":\"https:\\\/\\\/www.eldigitaldeasturias.com\\\/noticias\\\/la-semana-de-kiel-comienza-con-mas-de-un-millon-de-personas\\\/#listItem\",\"position\":3,\"name\":\"La Semana de Kiel comienza con m\\u00e1s de un mill\\u00f3n de personas\",\"previousItem\":{\"@type\":\"ListItem\",\"@id\":\"https:\\\/\\\/www.eldigitaldeasturias.com\\\/noticias\\\/category\\\/deportes\\\/#listItem\",\"name\":\"Deportes\"}}]},{\"@type\":\"Organization\",\"@id\":\"https:\\\/\\\/www.eldigitaldeasturias.com\\\/noticias\\\/#organization\",\"name\":\"El Digital de Asturias\",\"description\":\"Hemeroteca\",\"url\":\"https:\\\/\\\/www.eldigitaldeasturias.com\\\/noticias\\\/\",\"email\":\"info@eldigitaldeasturias.com\",\"telephone\":\"+34652131393\",\"logo\":{\"@type\":\"ImageObject\",\"url\":\"https:\\\/\\\/www.eldigitaldeasturias.com\\\/noticias\\\/wp-content\\\/uploads\\\/2020\\\/12\\\/EDA.jpg\",\"@id\":\"https:\\\/\\\/www.eldigitaldeasturias.com\\\/noticias\\\/la-semana-de-kiel-comienza-con-mas-de-un-millon-de-personas\\\/#organizationLogo\",\"width\":649,\"height\":297},\"image\":{\"@id\":\"https:\\\/\\\/www.eldigitaldeasturias.com\\\/noticias\\\/la-semana-de-kiel-comienza-con-mas-de-un-millon-de-personas\\\/#organizationLogo\"},\"sameAs\":[\"https:\\\/\\\/facebook.com\\\/eldigitaldeasturias\",\"https:\\\/\\\/www.youtube.com\\\/channel\\\/UCZP-2wLEB9Rv6erhFmqVnvg\"],\"address\":{\"@id\":\"https:\\\/\\\/www.eldigitaldeasturias.com\\\/noticias\\\/#postaladdress\",\"@type\":\"PostalAddress\",\"streetAddress\":\"san antonio 4,\",\"postalCode\":\"33430\",\"addressLocality\":\"Cand\\u00e1s\",\"addressRegion\":\"Asturias\",\"addressCountry\":\"ES\"}},{\"@type\":\"Person\",\"@id\":\"https:\\\/\\\/www.eldigitaldeasturias.com\\\/noticias\\\/author\\\/admin\\\/#author\",\"url\":\"https:\\\/\\\/www.eldigitaldeasturias.com\\\/noticias\\\/author\\\/admin\\\/\",\"name\":\"El Digital de Asturias\",\"image\":{\"@type\":\"ImageObject\",\"@id\":\"https:\\\/\\\/www.eldigitaldeasturias.com\\\/noticias\\\/la-semana-de-kiel-comienza-con-mas-de-un-millon-de-personas\\\/#authorImage\",\"url\":\"https:\\\/\\\/www.eldigitaldeasturias.com\\\/noticias\\\/wp-content\\\/litespeed\\\/avatar\\\/18677e78aa0546b92d9dbf31ec7d7668.jpg?ver=1776685526\",\"width\":96,\"height\":96,\"caption\":\"El Digital de Asturias\"}},{\"@type\":\"WebPage\",\"@id\":\"https:\\\/\\\/www.eldigitaldeasturias.com\\\/noticias\\\/la-semana-de-kiel-comienza-con-mas-de-un-millon-de-personas\\\/#webpage\",\"url\":\"https:\\\/\\\/www.eldigitaldeasturias.com\\\/noticias\\\/la-semana-de-kiel-comienza-con-mas-de-un-millon-de-personas\\\/\",\"name\":\"La Semana de Kiel comienza con m\\u00e1s de un mill\\u00f3n de personas - El Digital de Asturias\",\"description\":\"Kiel (Alemania), 23 jun (dpa) - Con un clima inmejorable, la 125. Semana de Kiel (Kieler Woche) atrajo en el fin de semana inicial a numerosos visitantes a la capital del estado alem\\u00e1n norte\\u00f1o de Schleswig-Holstein, a orillas del mar B\\u00e1ltico. De acuerdo con los datos brindados por la ciudad germana, desde el viernes llegaron\",\"inLanguage\":\"es-ES\",\"isPartOf\":{\"@id\":\"https:\\\/\\\/www.eldigitaldeasturias.com\\\/noticias\\\/#website\"},\"breadcrumb\":{\"@id\":\"https:\\\/\\\/www.eldigitaldeasturias.com\\\/noticias\\\/la-semana-de-kiel-comienza-con-mas-de-un-millon-de-personas\\\/#breadcrumblist\"},\"author\":{\"@id\":\"https:\\\/\\\/www.eldigitaldeasturias.com\\\/noticias\\\/author\\\/admin\\\/#author\"},\"creator\":{\"@id\":\"https:\\\/\\\/www.eldigitaldeasturias.com\\\/noticias\\\/author\\\/admin\\\/#author\"},\"image\":{\"@type\":\"ImageObject\",\"url\":\"https:\\\/\\\/www.eldigitaldeasturias.com\\\/noticias\\\/wp-content\\\/uploads\\\/2019\\\/06\\\/Semana-de-Kiel.jpg\",\"@id\":\"https:\\\/\\\/www.eldigitaldeasturias.com\\\/noticias\\\/la-semana-de-kiel-comienza-con-mas-de-un-millon-de-personas\\\/#mainImage\",\"width\":1004,\"height\":673},\"primaryImageOfPage\":{\"@id\":\"https:\\\/\\\/www.eldigitaldeasturias.com\\\/noticias\\\/la-semana-de-kiel-comienza-con-mas-de-un-millon-de-personas\\\/#mainImage\"},\"datePublished\":\"2019-06-23T14:14:28+02:00\",\"dateModified\":\"2019-06-23T14:14:28+02:00\"},{\"@type\":\"WebSite\",\"@id\":\"https:\\\/\\\/www.eldigitaldeasturias.com\\\/noticias\\\/#website\",\"url\":\"https:\\\/\\\/www.eldigitaldeasturias.com\\\/noticias\\\/\",\"name\":\"El Digital de Asturias - Diario de actualidad y noticias\",\"alternateName\":\"El Digital de Asturias - Diario de actualidad y noticias\",\"description\":\"Hemeroteca\",\"inLanguage\":\"es-ES\",\"publisher\":{\"@id\":\"https:\\\/\\\/www.eldigitaldeasturias.com\\\/noticias\\\/#organization\"}}]}\n\t\t<\/script>\n\t\t<!-- All in One SEO Pro -->\r\n\t\t<title>La Semana de Kiel comienza con m\u00e1s de un mill\u00f3n de personas - El Digital de Asturias<\/title>\n\n","aioseo_head_json":{"title":"La Semana de Kiel comienza con m\u00e1s de un mill\u00f3n de personas - El Digital de Asturias","description":"Kiel (Alemania), 23 jun (dpa) - Con un clima inmejorable, la 125. Semana de Kiel (Kieler Woche) atrajo en el fin de semana inicial a numerosos visitantes a la capital del estado alem\u00e1n norte\u00f1o de Schleswig-Holstein, a orillas del mar B\u00e1ltico. De acuerdo con los datos brindados por la ciudad germana, desde el viernes llegaron","canonical_url":"https:\/\/www.eldigitaldeasturias.com\/noticias\/la-semana-de-kiel-comienza-con-mas-de-un-millon-de-personas\/","robots":"max-image-preview:large","keywords":"deportes","webmasterTools":{"google-site-verification":"UA-38556648-1","msvalidate.01":"7dfe9f3f1b24437ab69f4f2559babe99","miscellaneous":""},"schema":{"@context":"https:\/\/schema.org","@graph":[{"@type":"BlogPosting","@id":"https:\/\/www.eldigitaldeasturias.com\/noticias\/la-semana-de-kiel-comienza-con-mas-de-un-millon-de-personas\/#blogposting","name":"La Semana de Kiel comienza con m\u00e1s de un mill\u00f3n de personas - El Digital de Asturias","headline":"La Semana de Kiel comienza con m\u00e1s de un mill\u00f3n de personas","author":{"@id":"https:\/\/www.eldigitaldeasturias.com\/noticias\/author\/admin\/#author"},"publisher":{"@id":"https:\/\/www.eldigitaldeasturias.com\/noticias\/#organization"},"image":{"@type":"ImageObject","url":"https:\/\/www.eldigitaldeasturias.com\/noticias\/wp-content\/uploads\/2019\/06\/Semana-de-Kiel.jpg","width":1004,"height":673},"datePublished":"2019-06-23T14:14:28+02:00","dateModified":"2019-06-23T14:14:28+02:00","inLanguage":"es-ES","mainEntityOfPage":{"@id":"https:\/\/www.eldigitaldeasturias.com\/noticias\/la-semana-de-kiel-comienza-con-mas-de-un-millon-de-personas\/#webpage"},"isPartOf":{"@id":"https:\/\/www.eldigitaldeasturias.com\/noticias\/la-semana-de-kiel-comienza-con-mas-de-un-millon-de-personas\/#webpage"},"articleSection":"Deportes"},{"@type":"BreadcrumbList","@id":"https:\/\/www.eldigitaldeasturias.com\/noticias\/la-semana-de-kiel-comienza-con-mas-de-un-millon-de-personas\/#breadcrumblist","itemListElement":[{"@type":"ListItem","@id":"https:\/\/www.eldigitaldeasturias.com\/noticias#listItem","position":1,"name":"Home","item":"https:\/\/www.eldigitaldeasturias.com\/noticias","nextItem":{"@type":"ListItem","@id":"https:\/\/www.eldigitaldeasturias.com\/noticias\/category\/deportes\/#listItem","name":"Deportes"}},{"@type":"ListItem","@id":"https:\/\/www.eldigitaldeasturias.com\/noticias\/category\/deportes\/#listItem","position":2,"name":"Deportes","item":"https:\/\/www.eldigitaldeasturias.com\/noticias\/category\/deportes\/","nextItem":{"@type":"ListItem","@id":"https:\/\/www.eldigitaldeasturias.com\/noticias\/la-semana-de-kiel-comienza-con-mas-de-un-millon-de-personas\/#listItem","name":"La Semana de Kiel comienza con m\u00e1s de un mill\u00f3n de personas"},"previousItem":{"@type":"ListItem","@id":"https:\/\/www.eldigitaldeasturias.com\/noticias#listItem","name":"Home"}},{"@type":"ListItem","@id":"https:\/\/www.eldigitaldeasturias.com\/noticias\/la-semana-de-kiel-comienza-con-mas-de-un-millon-de-personas\/#listItem","position":3,"name":"La Semana de Kiel comienza con m\u00e1s de un mill\u00f3n de personas","previousItem":{"@type":"ListItem","@id":"https:\/\/www.eldigitaldeasturias.com\/noticias\/category\/deportes\/#listItem","name":"Deportes"}}]},{"@type":"Organization","@id":"https:\/\/www.eldigitaldeasturias.com\/noticias\/#organization","name":"El Digital de Asturias","description":"Hemeroteca","url":"https:\/\/www.eldigitaldeasturias.com\/noticias\/","email":"info@eldigitaldeasturias.com","telephone":"+34652131393","logo":{"@type":"ImageObject","url":"https:\/\/www.eldigitaldeasturias.com\/noticias\/wp-content\/uploads\/2020\/12\/EDA.jpg","@id":"https:\/\/www.eldigitaldeasturias.com\/noticias\/la-semana-de-kiel-comienza-con-mas-de-un-millon-de-personas\/#organizationLogo","width":649,"height":297},"image":{"@id":"https:\/\/www.eldigitaldeasturias.com\/noticias\/la-semana-de-kiel-comienza-con-mas-de-un-millon-de-personas\/#organizationLogo"},"sameAs":["https:\/\/facebook.com\/eldigitaldeasturias","https:\/\/www.youtube.com\/channel\/UCZP-2wLEB9Rv6erhFmqVnvg"],"address":{"@id":"https:\/\/www.eldigitaldeasturias.com\/noticias\/#postaladdress","@type":"PostalAddress","streetAddress":"san antonio 4,","postalCode":"33430","addressLocality":"Cand\u00e1s","addressRegion":"Asturias","addressCountry":"ES"}},{"@type":"Person","@id":"https:\/\/www.eldigitaldeasturias.com\/noticias\/author\/admin\/#author","url":"https:\/\/www.eldigitaldeasturias.com\/noticias\/author\/admin\/","name":"El Digital de Asturias","image":{"@type":"ImageObject","@id":"https:\/\/www.eldigitaldeasturias.com\/noticias\/la-semana-de-kiel-comienza-con-mas-de-un-millon-de-personas\/#authorImage","url":"https:\/\/www.eldigitaldeasturias.com\/noticias\/wp-content\/litespeed\/avatar\/18677e78aa0546b92d9dbf31ec7d7668.jpg?ver=1776685526","width":96,"height":96,"caption":"El Digital de Asturias"}},{"@type":"WebPage","@id":"https:\/\/www.eldigitaldeasturias.com\/noticias\/la-semana-de-kiel-comienza-con-mas-de-un-millon-de-personas\/#webpage","url":"https:\/\/www.eldigitaldeasturias.com\/noticias\/la-semana-de-kiel-comienza-con-mas-de-un-millon-de-personas\/","name":"La Semana de Kiel comienza con m\u00e1s de un mill\u00f3n de personas - El Digital de Asturias","description":"Kiel (Alemania), 23 jun (dpa) - Con un clima inmejorable, la 125. Semana de Kiel (Kieler Woche) atrajo en el fin de semana inicial a numerosos visitantes a la capital del estado alem\u00e1n norte\u00f1o de Schleswig-Holstein, a orillas del mar B\u00e1ltico. De acuerdo con los datos brindados por la ciudad germana, desde el viernes llegaron","inLanguage":"es-ES","isPartOf":{"@id":"https:\/\/www.eldigitaldeasturias.com\/noticias\/#website"},"breadcrumb":{"@id":"https:\/\/www.eldigitaldeasturias.com\/noticias\/la-semana-de-kiel-comienza-con-mas-de-un-millon-de-personas\/#breadcrumblist"},"author":{"@id":"https:\/\/www.eldigitaldeasturias.com\/noticias\/author\/admin\/#author"},"creator":{"@id":"https:\/\/www.eldigitaldeasturias.com\/noticias\/author\/admin\/#author"},"image":{"@type":"ImageObject","url":"https:\/\/www.eldigitaldeasturias.com\/noticias\/wp-content\/uploads\/2019\/06\/Semana-de-Kiel.jpg","@id":"https:\/\/www.eldigitaldeasturias.com\/noticias\/la-semana-de-kiel-comienza-con-mas-de-un-millon-de-personas\/#mainImage","width":1004,"height":673},"primaryImageOfPage":{"@id":"https:\/\/www.eldigitaldeasturias.com\/noticias\/la-semana-de-kiel-comienza-con-mas-de-un-millon-de-personas\/#mainImage"},"datePublished":"2019-06-23T14:14:28+02:00","dateModified":"2019-06-23T14:14:28+02:00"},{"@type":"WebSite","@id":"https:\/\/www.eldigitaldeasturias.com\/noticias\/#website","url":"https:\/\/www.eldigitaldeasturias.com\/noticias\/","name":"El Digital de Asturias - Diario de actualidad y noticias","alternateName":"El Digital de Asturias - Diario de actualidad y noticias","description":"Hemeroteca","inLanguage":"es-ES","publisher":{"@id":"https:\/\/www.eldigitaldeasturias.com\/noticias\/#organization"}}]},"og:locale":"es_ES","og:site_name":"El Digital de Asturias","og:type":"article","og:title":"La Semana de Kiel comienza con m\u00e1s de un mill\u00f3n de personas - El Digital de Asturias","og:description":"Kiel (Alemania), 23 jun (dpa) - Con un clima inmejorable, la 125. Semana de Kiel (Kieler Woche) atrajo en el fin de semana inicial a numerosos visitantes a la capital del estado alem\u00e1n norte\u00f1o de Schleswig-Holstein, a orillas del mar B\u00e1ltico. De acuerdo con los datos brindados por la ciudad germana, desde el viernes llegaron","og:url":"https:\/\/www.eldigitaldeasturias.com\/noticias\/la-semana-de-kiel-comienza-con-mas-de-un-millon-de-personas\/","og:image":"https:\/\/www.eldigitaldeasturias.com\/noticias\/wp-content\/uploads\/2019\/06\/Semana-de-Kiel.jpg","og:image:secure_url":"https:\/\/www.eldigitaldeasturias.com\/noticias\/wp-content\/uploads\/2019\/06\/Semana-de-Kiel.jpg","og:image:width":1004,"og:image:height":673,"article:tag":["deportes"],"article:published_time":"2019-06-23T14:14:28+00:00","article:modified_time":"2019-06-23T14:14:28+00:00","article:publisher":"https:\/\/facebook.com\/eldigitaldeasturias","twitter:card":"summary_large_image","twitter:title":"La Semana de Kiel comienza con m\u00e1s de un mill\u00f3n de personas - El Digital de Asturias","twitter:description":"Kiel (Alemania), 23 jun (dpa) - Con un clima inmejorable, la 125. Semana de Kiel (Kieler Woche) atrajo en el fin de semana inicial a numerosos visitantes a la capital del estado alem\u00e1n norte\u00f1o de Schleswig-Holstein, a orillas del mar B\u00e1ltico. De acuerdo con los datos brindados por la ciudad germana, desde el viernes llegaron","twitter:image":"https:\/\/www.eldigitaldeasturias.com\/noticias\/wp-content\/uploads\/2019\/06\/Semana-de-Kiel.jpg","twitter:label1":"Escrito por","twitter:data1":"El Digital de Asturias","twitter:label2":"Tiempo de lectura estimado","twitter:data2":"1 minuto"},"aioseo_meta_data":{"post_id":"1032200","title":null,"description":null,"keywords":null,"keyphrases":null,"primary_term":null,"canonical_url":null,"og_title":null,"og_description":null,"og_object_type":"default","og_image_type":"default","og_image_url":null,"og_image_width":null,"og_image_height":null,"og_image_custom_url":null,"og_image_custom_fields":null,"og_video":null,"og_custom_url":null,"og_article_section":null,"og_article_tags":null,"twitter_use_og":false,"twitter_card":"default","twitter_image_type":"default","twitter_image_url":null,"twitter_image_custom_url":null,"twitter_image_custom_fields":null,"twitter_title":null,"twitter_description":null,"schema":{"blockGraphs":[],"customGraphs":[],"default":{"data":{"Article":[],"Course":[],"Dataset":[],"FAQPage":[],"Movie":[],"Person":[],"Product":[],"ProductReview":[],"Car":[],"Recipe":[],"Service":[],"SoftwareApplication":[],"WebPage":[]},"graphName":"","isEnabled":true},"graphs":[]},"schema_type":null,"schema_type_options":null,"pillar_content":false,"robots_default":true,"robots_noindex":false,"robots_noarchive":false,"robots_nosnippet":false,"robots_nofollow":false,"robots_noimageindex":false,"robots_noodp":false,"robots_notranslate":false,"robots_max_snippet":null,"robots_max_videopreview":null,"robots_max_imagepreview":"large","priority":null,"frequency":null,"local_seo":null,"seo_analyzer_scan_date":"2025-10-18 21:18:06","breadcrumb_settings":null,"limit_modified_date":false,"open_ai":null,"ai":null,"created":"2020-12-21 11:10:00","updated":"2025-10-18 21:18:06"},"aioseo_breadcrumb":"<div class=\"aioseo-breadcrumbs\"><span class=\"aioseo-breadcrumb\">\n\t<a href=\"https:\/\/www.eldigitaldeasturias.com\/noticias\" title=\"Home\">Home<\/a>\n<\/span><span class=\"aioseo-breadcrumb-separator\">\u2013<\/span><span class=\"aioseo-breadcrumb\">\n\t<a href=\"https:\/\/www.eldigitaldeasturias.com\/noticias\/category\/deportes\/\" title=\"Deportes\">Deportes<\/a>\n<\/span><span class=\"aioseo-breadcrumb-separator\">\u2013<\/span><span class=\"aioseo-breadcrumb\">\n\t<a href=\"https:\/\/www.eldigitaldeasturias.com\/noticias\/la-semana-de-kiel-comienza-con-mas-de-un-millon-de-personas\/\" title=\"La Semana de Kiel comienza con m\u00e1s de un mill\u00f3n de personas\">La Semana de Kiel comienza con m\u00e1s de un mill\u00f3n de personas<\/a>\n<\/span><\/div>","aioseo_breadcrumb_json":[{"label":"Home","link":"https:\/\/www.eldigitaldeasturias.com\/noticias"},{"label":"Deportes","link":"https:\/\/www.eldigitaldeasturias.com\/noticias\/category\/deportes\/"},{"label":"La Semana de Kiel comienza con m\u00e1s de un mill\u00f3n de personas","link":"https:\/\/www.eldigitaldeasturias.com\/noticias\/la-semana-de-kiel-comienza-con-mas-de-un-millon-de-personas\/"}],"_links":{"self":[{"href":"https:\/\/www.eldigitaldeasturias.com\/noticias\/wp-json\/wp\/v2\/posts\/1032200","targetHints":{"allow":["GET"]}}],"collection":[{"href":"https:\/\/www.eldigitaldeasturias.com\/noticias\/wp-json\/wp\/v2\/posts"}],"about":[{"href":"https:\/\/www.eldigitaldeasturias.com\/noticias\/wp-json\/wp\/v2\/types\/post"}],"author":[{"embeddable":true,"href":"https:\/\/www.eldigitaldeasturias.com\/noticias\/wp-json\/wp\/v2\/users\/1"}],"replies":[{"embeddable":true,"href":"https:\/\/www.eldigitaldeasturias.com\/noticias\/wp-json\/wp\/v2\/comments?post=1032200"}],"version-history":[{"count":0,"href":"https:\/\/www.eldigitaldeasturias.com\/noticias\/wp-json\/wp\/v2\/posts\/1032200\/revisions"}],"wp:featuredmedia":[{"embeddable":true,"href":"https:\/\/www.eldigitaldeasturias.com\/noticias\/wp-json\/wp\/v2\/media\/1032201"}],"wp:attachment":[{"href":"https:\/\/www.eldigitaldeasturias.com\/noticias\/wp-json\/wp\/v2\/media?parent=1032200"}],"wp:term":[{"taxonomy":"category","embeddable":true,"href":"https:\/\/www.eldigitaldeasturias.com\/noticias\/wp-json\/wp\/v2\/categories?post=1032200"},{"taxonomy":"post_tag","embeddable":true,"href":"https:\/\/www.eldigitaldeasturias.com\/noticias\/wp-json\/wp\/v2\/tags?post=1032200"}],"curies":[{"name":"wp","href":"https:\/\/api.w.org\/{rel}","templated":true}]}}