{"id":1032167,"date":"2019-06-22T21:58:25","date_gmt":"2019-06-22T21:58:25","guid":{"rendered":"https:\/\/www.eldigitaldeasturias.com\/noticias\/?p=1032167"},"modified":"2019-06-22T21:58:25","modified_gmt":"2019-06-22T21:58:25","slug":"campeonato-de-europa-sub-21-espana-muestra-su-mejor-version","status":"publish","type":"post","link":"https:\/\/www.eldigitaldeasturias.com\/noticias\/campeonato-de-europa-sub-21-espana-muestra-su-mejor-version\/","title":{"rendered":"Campeonato de Europa Sub-21: Espa\u00f1a muestra su mejor versi\u00f3n"},"content":{"rendered":"<p><img loading=\"lazy\" decoding=\"async\" class=\"alignleft size-medium wp-image-1032168\" src=\"https:\/\/www.eldigitaldeasturias.com\/noticias\/wp-content\/uploads\/2019\/06\/La-Roja-sub21-360x240.jpg\" alt=\"\" width=\"360\" height=\"240\" srcset=\"https:\/\/www.eldigitaldeasturias.com\/noticias\/wp-content\/uploads\/2019\/06\/La-Roja-sub21-360x240.jpg 360w, https:\/\/www.eldigitaldeasturias.com\/noticias\/wp-content\/uploads\/2019\/06\/La-Roja-sub21-768x511.jpg 768w, https:\/\/www.eldigitaldeasturias.com\/noticias\/wp-content\/uploads\/2019\/06\/La-Roja-sub21-650x433.jpg 650w, https:\/\/www.eldigitaldeasturias.com\/noticias\/wp-content\/uploads\/2019\/06\/La-Roja-sub21-675x450.jpg 675w, https:\/\/www.eldigitaldeasturias.com\/noticias\/wp-content\/uploads\/2019\/06\/La-Roja-sub21.jpg 1009w\" sizes=\"auto, (max-width: 360px) 100vw, 360px\" \/>MADRID, 22 Jun. 2019 (Europa Press) &#8211; La selecci\u00f3n espa\u00f1ola Sub-21 se ha clasificado para las semifinales del Campeonato de Europa y para los Juegos Ol\u00edmpicos de Tokyo 2020 despu\u00e9s de imponerse este s\u00e1bado a Polonia (5-0) en la tercera jornada de la fase de grupos gracias a un sensacional partido que permite a Espa\u00f1a pelear por el t\u00edtulo continental.<\/p>\n<p>El equipo de Luis de la Fuente roz\u00f3 la perfecci\u00f3n en Bolonia. La &#8216;Rojita&#8217; firm\u00f3 una primera parte sobresaliente e hizo los deberes antes del descanso. Espa\u00f1a deb\u00eda ganar por tres goles de diferencia para salvar cualquier escollo y cumpli\u00f3 con creces gracias a las dianas de Pablo Fornals, Mikel Oyarzabal y Fabi\u00e1n Ruiz.<\/p>\n<p>La salida en tromba de los espa\u00f1oles fue demasiado para los polacos, que llegaba invictos a la cita. En apenas cuarto de hora, Espa\u00f1a gener\u00f3 seis ocasiones claras de gol, entre ellas dos disparos de Fabi\u00e1n a la mism\u00edsima escuadra. Olmo, Mer\u00e9 y Fornals avisaron antes de que \u00e9ste \u00faltimo abriese la cuenta con un remate en el coraz\u00f3n del \u00e1rea.<\/p>\n<p>El flamante jugador del West Ham se meti\u00f3 con piller\u00eda en el \u00fanico hueco tras un pase de Aar\u00f3n y allan\u00f3 la empresa a los suyos. El carrusel de oportunidades no termin\u00f3 ah\u00ed y a la media hora, Fab\u00edan volvi\u00f3 a reclamar los focos con un lanzamiento de 30 metros. El resultado empezaba a ser corto e injusto para una Espa\u00f1a que estaba firmando sus mejores minutos del \u00faltimo lustro.<\/p>\n<p>Oyarzabal fue quien dio tranquilidad con el 2-0 tras un pase exquisito de Ceballos, uno de los hombres del partido. El madridista, cuya actuaci\u00f3n har\u00e1 dudar a Zidane, fue el mejor jugador del encuentro y form\u00f3 una pareja letal con Fabi\u00e1n, a quien conoce bien de su etapa en el Betis. El ahora jugador del N\u00e1poles remat\u00f3 a Polonia con un golazo desde fuera del \u00e1rea.<\/p>\n<p>Un disparo con arco mare\u00f3 a Grabara y dio cr\u00e9dito a la selecci\u00f3n espa\u00f1ola, que ya ten\u00eda todo el trabajo hecho pero pod\u00eda verlo empa\u00f1ado si Italia -que jugaba a la vez- les superaba en n\u00famero de goles. Y eso ocurri\u00f3 durante varios minutos del encuentro hasta que, bien metida la segunda mitad, Ceballos marc\u00f3 el mejor gol del campeonato con un libre directo magistral.<\/p>\n<p>Mayoral complet\u00f3 la goleada no sin antes una buena parada de Sivera que hubiese complicado todo por el dichoso &#8216;gol-average&#8217;. Espa\u00f1a cerr\u00f3 su presencia en &#8216;semis&#8217; para el pr\u00f3ximo jueves y consigui\u00f3 el billete para los Juegos de Tokyo tras su ausencia en R\u00edo 2016. La selecci\u00f3n nacional ser\u00e1 una de las representantes europeas en la cita ol\u00edmpica del pr\u00f3ximo verano en la capital nipona.<\/p>\n<h3>FICHA T\u00c9CNICA.<\/h3>\n<p>RESULTADO: ESPA\u00d1A, 5 &#8211; POLONIA, 0 (3-0, al descanso).<\/p>\n<p>ALINEACIONES.<\/p>\n<p>ESPA\u00d1A: Sivera; Aguirregabiria, Unai N\u00fa\u00f1ez, Jorge Mere, Aar\u00f3n; Ceballos (Vallejo, min.88), Marc Roca, Fabi\u00e1n (Mikel Merino, min.75), Fornals; Dani Olmo y Oyarzabal (Mayoral, min.59).<\/p>\n<p>POLONIA: Grabara; Gumny, Fila (Piotrowski, min.46), Wieteska, Bielik; Pestka, Dziczek, Zurkowski (Placheta, min.71), Michalak; Szymanski y Buksa (Swiderski, min.55).<\/p>\n<p>&#8211;GOLES:<\/p>\n<p>1 &#8211; 0, min.17, Fornals.<\/p>\n<p>2 &#8211; 0, min.35, Oyarzabal.<\/p>\n<p>3 &#8211; 0, min.40, Fabi\u00e1n.<\/p>\n<p>4 &#8211; 0, min.71, Ceballos.<\/p>\n<p>5 &#8211; 0, min.90, Mayoral.<\/p>\n<p>\u00c1RBITRO: Bobby Madden (ESC). Amonest\u00f3 con tarjeta amarilla a Marc Roca (min.78) en Espa\u00f1a y a Wieteska (min.65), Bielik (min.70), Piotrowski (min.83) y Pestka (min.90).<\/p>\n<p>ESTADIO: Renato Dall&#8217;Ara de Bolonia. 3.122 espectadores.<\/p>\n<p><em>Foto: Massimo Paolone\/Lapresse via ZUMA Press\/dpa<\/em><\/p>\n<p>&nbsp;<\/p>\n","protected":false},"excerpt":{"rendered":"<p>MADRID, 22 Jun. 2019 (Europa Press) &#8211; La selecci\u00f3n espa\u00f1ola Sub-21 se ha clasificado para las semifinales del Campeonato de Europa y para los Juegos Ol\u00edmpicos de Tokyo 2020 despu\u00e9s de imponerse este s\u00e1bado a Polonia (5-0) en la tercera jornada de la fase de grupos gracias a un sensacional partido que permite a Espa\u00f1a [&hellip;]<\/p>\n","protected":false},"author":1,"featured_media":1032168,"comment_status":"open","ping_status":"closed","sticky":false,"template":"","format":"standard","meta":{"footnotes":""},"categories":[190],"tags":[],"class_list":["post-1032167","post","type-post","status-publish","format-standard","has-post-thumbnail","hentry","category-deportes"],"aioseo_notices":[],"aioseo_head":"\n\t\t<!-- All in One SEO Pro 4.9.6.2 - aioseo.com -->\n\t<meta name=\"description\" content=\"MADRID, 22 Jun. 2019 (Europa Press) - La selecci\u00f3n espa\u00f1ola Sub-21 se ha clasificado para las semifinales del Campeonato de Europa y para los Juegos Ol\u00edmpicos de Tokyo 2020 despu\u00e9s de imponerse este s\u00e1bado a Polonia (5-0) en la tercera jornada de la fase de grupos gracias a un sensacional partido que permite a Espa\u00f1a\" \/>\n\t<meta name=\"robots\" content=\"max-image-preview:large\" \/>\n\t<meta name=\"author\" content=\"El Digital de Asturias\"\/>\n\t<meta name=\"google-site-verification\" content=\"UA-38556648-1\" \/>\n\t<meta name=\"msvalidate.01\" content=\"7dfe9f3f1b24437ab69f4f2559babe99\" \/>\n\t<meta name=\"keywords\" content=\"deportes\" \/>\n\t<link rel=\"canonical\" href=\"https:\/\/www.eldigitaldeasturias.com\/noticias\/campeonato-de-europa-sub-21-espana-muestra-su-mejor-version\/\" \/>\n\t<meta name=\"generator\" content=\"All in One SEO Pro (AIOSEO) 4.9.6.2\" \/>\n\t\t<meta property=\"og:locale\" content=\"es_ES\" \/>\n\t\t<meta property=\"og:site_name\" content=\"El Digital de Asturias\" \/>\n\t\t<meta property=\"og:type\" content=\"article\" \/>\n\t\t<meta property=\"og:title\" content=\"Campeonato de Europa Sub-21: Espa\u00f1a muestra su mejor versi\u00f3n - El Digital de Asturias\" \/>\n\t\t<meta property=\"og:description\" content=\"MADRID, 22 Jun. 2019 (Europa Press) - La selecci\u00f3n espa\u00f1ola Sub-21 se ha clasificado para las semifinales del Campeonato de Europa y para los Juegos Ol\u00edmpicos de Tokyo 2020 despu\u00e9s de imponerse este s\u00e1bado a Polonia (5-0) en la tercera jornada de la fase de grupos gracias a un sensacional partido que permite a Espa\u00f1a\" \/>\n\t\t<meta property=\"og:url\" content=\"https:\/\/www.eldigitaldeasturias.com\/noticias\/campeonato-de-europa-sub-21-espana-muestra-su-mejor-version\/\" \/>\n\t\t<meta property=\"og:image\" content=\"https:\/\/www.eldigitaldeasturias.com\/noticias\/wp-content\/uploads\/2019\/06\/La-Roja-sub21.jpg\" \/>\n\t\t<meta property=\"og:image:secure_url\" content=\"https:\/\/www.eldigitaldeasturias.com\/noticias\/wp-content\/uploads\/2019\/06\/La-Roja-sub21.jpg\" \/>\n\t\t<meta property=\"og:image:width\" content=\"1009\" \/>\n\t\t<meta property=\"og:image:height\" content=\"672\" \/>\n\t\t<meta property=\"article:tag\" content=\"deportes\" \/>\n\t\t<meta property=\"article:published_time\" content=\"2019-06-22T21:58:25+00:00\" \/>\n\t\t<meta property=\"article:modified_time\" content=\"2019-06-22T21:58:25+00:00\" \/>\n\t\t<meta property=\"article:publisher\" content=\"https:\/\/facebook.com\/eldigitaldeasturias\" \/>\n\t\t<meta name=\"twitter:card\" content=\"summary_large_image\" \/>\n\t\t<meta name=\"twitter:title\" content=\"Campeonato de Europa Sub-21: Espa\u00f1a muestra su mejor versi\u00f3n - El Digital de Asturias\" \/>\n\t\t<meta name=\"twitter:description\" content=\"MADRID, 22 Jun. 2019 (Europa Press) - La selecci\u00f3n espa\u00f1ola Sub-21 se ha clasificado para las semifinales del Campeonato de Europa y para los Juegos Ol\u00edmpicos de Tokyo 2020 despu\u00e9s de imponerse este s\u00e1bado a Polonia (5-0) en la tercera jornada de la fase de grupos gracias a un sensacional partido que permite a Espa\u00f1a\" \/>\n\t\t<meta name=\"twitter:image\" content=\"https:\/\/www.eldigitaldeasturias.com\/noticias\/wp-content\/uploads\/2019\/06\/La-Roja-sub21.jpg\" \/>\n\t\t<meta name=\"twitter:label1\" content=\"Escrito por\" \/>\n\t\t<meta name=\"twitter:data1\" content=\"El Digital de Asturias\" \/>\n\t\t<meta name=\"twitter:label2\" content=\"Tiempo de lectura estimado\" \/>\n\t\t<meta name=\"twitter:data2\" content=\"3 minutos\" \/>\n\t\t<script type=\"application\/ld+json\" class=\"aioseo-schema\">\n\t\t\t{\"@context\":\"https:\\\/\\\/schema.org\",\"@graph\":[{\"@type\":\"BlogPosting\",\"@id\":\"https:\\\/\\\/www.eldigitaldeasturias.com\\\/noticias\\\/campeonato-de-europa-sub-21-espana-muestra-su-mejor-version\\\/#blogposting\",\"name\":\"Campeonato de Europa Sub-21: Espa\\u00f1a muestra su mejor versi\\u00f3n - El Digital de Asturias\",\"headline\":\"Campeonato de Europa Sub-21: Espa\\u00f1a muestra su mejor versi\\u00f3n\",\"author\":{\"@id\":\"https:\\\/\\\/www.eldigitaldeasturias.com\\\/noticias\\\/author\\\/admin\\\/#author\"},\"publisher\":{\"@id\":\"https:\\\/\\\/www.eldigitaldeasturias.com\\\/noticias\\\/#organization\"},\"image\":{\"@type\":\"ImageObject\",\"url\":\"https:\\\/\\\/www.eldigitaldeasturias.com\\\/noticias\\\/wp-content\\\/uploads\\\/2019\\\/06\\\/La-Roja-sub21.jpg\",\"width\":1009,\"height\":672},\"datePublished\":\"2019-06-22T21:58:25+02:00\",\"dateModified\":\"2019-06-22T21:58:25+02:00\",\"inLanguage\":\"es-ES\",\"mainEntityOfPage\":{\"@id\":\"https:\\\/\\\/www.eldigitaldeasturias.com\\\/noticias\\\/campeonato-de-europa-sub-21-espana-muestra-su-mejor-version\\\/#webpage\"},\"isPartOf\":{\"@id\":\"https:\\\/\\\/www.eldigitaldeasturias.com\\\/noticias\\\/campeonato-de-europa-sub-21-espana-muestra-su-mejor-version\\\/#webpage\"},\"articleSection\":\"Deportes\"},{\"@type\":\"BreadcrumbList\",\"@id\":\"https:\\\/\\\/www.eldigitaldeasturias.com\\\/noticias\\\/campeonato-de-europa-sub-21-espana-muestra-su-mejor-version\\\/#breadcrumblist\",\"itemListElement\":[{\"@type\":\"ListItem\",\"@id\":\"https:\\\/\\\/www.eldigitaldeasturias.com\\\/noticias#listItem\",\"position\":1,\"name\":\"Home\",\"item\":\"https:\\\/\\\/www.eldigitaldeasturias.com\\\/noticias\",\"nextItem\":{\"@type\":\"ListItem\",\"@id\":\"https:\\\/\\\/www.eldigitaldeasturias.com\\\/noticias\\\/category\\\/deportes\\\/#listItem\",\"name\":\"Deportes\"}},{\"@type\":\"ListItem\",\"@id\":\"https:\\\/\\\/www.eldigitaldeasturias.com\\\/noticias\\\/category\\\/deportes\\\/#listItem\",\"position\":2,\"name\":\"Deportes\",\"item\":\"https:\\\/\\\/www.eldigitaldeasturias.com\\\/noticias\\\/category\\\/deportes\\\/\",\"nextItem\":{\"@type\":\"ListItem\",\"@id\":\"https:\\\/\\\/www.eldigitaldeasturias.com\\\/noticias\\\/campeonato-de-europa-sub-21-espana-muestra-su-mejor-version\\\/#listItem\",\"name\":\"Campeonato de Europa Sub-21: Espa\\u00f1a muestra su mejor versi\\u00f3n\"},\"previousItem\":{\"@type\":\"ListItem\",\"@id\":\"https:\\\/\\\/www.eldigitaldeasturias.com\\\/noticias#listItem\",\"name\":\"Home\"}},{\"@type\":\"ListItem\",\"@id\":\"https:\\\/\\\/www.eldigitaldeasturias.com\\\/noticias\\\/campeonato-de-europa-sub-21-espana-muestra-su-mejor-version\\\/#listItem\",\"position\":3,\"name\":\"Campeonato de Europa Sub-21: Espa\\u00f1a muestra su mejor versi\\u00f3n\",\"previousItem\":{\"@type\":\"ListItem\",\"@id\":\"https:\\\/\\\/www.eldigitaldeasturias.com\\\/noticias\\\/category\\\/deportes\\\/#listItem\",\"name\":\"Deportes\"}}]},{\"@type\":\"Organization\",\"@id\":\"https:\\\/\\\/www.eldigitaldeasturias.com\\\/noticias\\\/#organization\",\"name\":\"El Digital de Asturias\",\"description\":\"Hemeroteca\",\"url\":\"https:\\\/\\\/www.eldigitaldeasturias.com\\\/noticias\\\/\",\"email\":\"info@eldigitaldeasturias.com\",\"telephone\":\"+34652131393\",\"logo\":{\"@type\":\"ImageObject\",\"url\":\"https:\\\/\\\/www.eldigitaldeasturias.com\\\/noticias\\\/wp-content\\\/uploads\\\/2020\\\/12\\\/EDA.jpg\",\"@id\":\"https:\\\/\\\/www.eldigitaldeasturias.com\\\/noticias\\\/campeonato-de-europa-sub-21-espana-muestra-su-mejor-version\\\/#organizationLogo\",\"width\":649,\"height\":297},\"image\":{\"@id\":\"https:\\\/\\\/www.eldigitaldeasturias.com\\\/noticias\\\/campeonato-de-europa-sub-21-espana-muestra-su-mejor-version\\\/#organizationLogo\"},\"sameAs\":[\"https:\\\/\\\/facebook.com\\\/eldigitaldeasturias\",\"https:\\\/\\\/www.youtube.com\\\/channel\\\/UCZP-2wLEB9Rv6erhFmqVnvg\"],\"address\":{\"@id\":\"https:\\\/\\\/www.eldigitaldeasturias.com\\\/noticias\\\/#postaladdress\",\"@type\":\"PostalAddress\",\"streetAddress\":\"san antonio 4,\",\"postalCode\":\"33430\",\"addressLocality\":\"Cand\\u00e1s\",\"addressRegion\":\"Asturias\",\"addressCountry\":\"ES\"}},{\"@type\":\"Person\",\"@id\":\"https:\\\/\\\/www.eldigitaldeasturias.com\\\/noticias\\\/author\\\/admin\\\/#author\",\"url\":\"https:\\\/\\\/www.eldigitaldeasturias.com\\\/noticias\\\/author\\\/admin\\\/\",\"name\":\"El Digital de Asturias\",\"image\":{\"@type\":\"ImageObject\",\"@id\":\"https:\\\/\\\/www.eldigitaldeasturias.com\\\/noticias\\\/campeonato-de-europa-sub-21-espana-muestra-su-mejor-version\\\/#authorImage\",\"url\":\"https:\\\/\\\/www.eldigitaldeasturias.com\\\/noticias\\\/wp-content\\\/litespeed\\\/avatar\\\/18677e78aa0546b92d9dbf31ec7d7668.jpg?ver=1776685526\",\"width\":96,\"height\":96,\"caption\":\"El Digital de Asturias\"}},{\"@type\":\"WebPage\",\"@id\":\"https:\\\/\\\/www.eldigitaldeasturias.com\\\/noticias\\\/campeonato-de-europa-sub-21-espana-muestra-su-mejor-version\\\/#webpage\",\"url\":\"https:\\\/\\\/www.eldigitaldeasturias.com\\\/noticias\\\/campeonato-de-europa-sub-21-espana-muestra-su-mejor-version\\\/\",\"name\":\"Campeonato de Europa Sub-21: Espa\\u00f1a muestra su mejor versi\\u00f3n - El Digital de Asturias\",\"description\":\"MADRID, 22 Jun. 2019 (Europa Press) - La selecci\\u00f3n espa\\u00f1ola Sub-21 se ha clasificado para las semifinales del Campeonato de Europa y para los Juegos Ol\\u00edmpicos de Tokyo 2020 despu\\u00e9s de imponerse este s\\u00e1bado a Polonia (5-0) en la tercera jornada de la fase de grupos gracias a un sensacional partido que permite a Espa\\u00f1a\",\"inLanguage\":\"es-ES\",\"isPartOf\":{\"@id\":\"https:\\\/\\\/www.eldigitaldeasturias.com\\\/noticias\\\/#website\"},\"breadcrumb\":{\"@id\":\"https:\\\/\\\/www.eldigitaldeasturias.com\\\/noticias\\\/campeonato-de-europa-sub-21-espana-muestra-su-mejor-version\\\/#breadcrumblist\"},\"author\":{\"@id\":\"https:\\\/\\\/www.eldigitaldeasturias.com\\\/noticias\\\/author\\\/admin\\\/#author\"},\"creator\":{\"@id\":\"https:\\\/\\\/www.eldigitaldeasturias.com\\\/noticias\\\/author\\\/admin\\\/#author\"},\"image\":{\"@type\":\"ImageObject\",\"url\":\"https:\\\/\\\/www.eldigitaldeasturias.com\\\/noticias\\\/wp-content\\\/uploads\\\/2019\\\/06\\\/La-Roja-sub21.jpg\",\"@id\":\"https:\\\/\\\/www.eldigitaldeasturias.com\\\/noticias\\\/campeonato-de-europa-sub-21-espana-muestra-su-mejor-version\\\/#mainImage\",\"width\":1009,\"height\":672},\"primaryImageOfPage\":{\"@id\":\"https:\\\/\\\/www.eldigitaldeasturias.com\\\/noticias\\\/campeonato-de-europa-sub-21-espana-muestra-su-mejor-version\\\/#mainImage\"},\"datePublished\":\"2019-06-22T21:58:25+02:00\",\"dateModified\":\"2019-06-22T21:58:25+02:00\"},{\"@type\":\"WebSite\",\"@id\":\"https:\\\/\\\/www.eldigitaldeasturias.com\\\/noticias\\\/#website\",\"url\":\"https:\\\/\\\/www.eldigitaldeasturias.com\\\/noticias\\\/\",\"name\":\"El Digital de Asturias - Diario de actualidad y noticias\",\"alternateName\":\"El Digital de Asturias - Diario de actualidad y noticias\",\"description\":\"Hemeroteca\",\"inLanguage\":\"es-ES\",\"publisher\":{\"@id\":\"https:\\\/\\\/www.eldigitaldeasturias.com\\\/noticias\\\/#organization\"}}]}\n\t\t<\/script>\n\t\t<!-- All in One SEO Pro -->\r\n\t\t<title>Campeonato de Europa Sub-21: Espa\u00f1a muestra su mejor versi\u00f3n - El Digital de Asturias<\/title>\n\n","aioseo_head_json":{"title":"Campeonato de Europa Sub-21: Espa\u00f1a muestra su mejor versi\u00f3n - El Digital de Asturias","description":"MADRID, 22 Jun. 2019 (Europa Press) - La selecci\u00f3n espa\u00f1ola Sub-21 se ha clasificado para las semifinales del Campeonato de Europa y para los Juegos Ol\u00edmpicos de Tokyo 2020 despu\u00e9s de imponerse este s\u00e1bado a Polonia (5-0) en la tercera jornada de la fase de grupos gracias a un sensacional partido que permite a Espa\u00f1a","canonical_url":"https:\/\/www.eldigitaldeasturias.com\/noticias\/campeonato-de-europa-sub-21-espana-muestra-su-mejor-version\/","robots":"max-image-preview:large","keywords":"deportes","webmasterTools":{"google-site-verification":"UA-38556648-1","msvalidate.01":"7dfe9f3f1b24437ab69f4f2559babe99","miscellaneous":""},"schema":{"@context":"https:\/\/schema.org","@graph":[{"@type":"BlogPosting","@id":"https:\/\/www.eldigitaldeasturias.com\/noticias\/campeonato-de-europa-sub-21-espana-muestra-su-mejor-version\/#blogposting","name":"Campeonato de Europa Sub-21: Espa\u00f1a muestra su mejor versi\u00f3n - El Digital de Asturias","headline":"Campeonato de Europa Sub-21: Espa\u00f1a muestra su mejor versi\u00f3n","author":{"@id":"https:\/\/www.eldigitaldeasturias.com\/noticias\/author\/admin\/#author"},"publisher":{"@id":"https:\/\/www.eldigitaldeasturias.com\/noticias\/#organization"},"image":{"@type":"ImageObject","url":"https:\/\/www.eldigitaldeasturias.com\/noticias\/wp-content\/uploads\/2019\/06\/La-Roja-sub21.jpg","width":1009,"height":672},"datePublished":"2019-06-22T21:58:25+02:00","dateModified":"2019-06-22T21:58:25+02:00","inLanguage":"es-ES","mainEntityOfPage":{"@id":"https:\/\/www.eldigitaldeasturias.com\/noticias\/campeonato-de-europa-sub-21-espana-muestra-su-mejor-version\/#webpage"},"isPartOf":{"@id":"https:\/\/www.eldigitaldeasturias.com\/noticias\/campeonato-de-europa-sub-21-espana-muestra-su-mejor-version\/#webpage"},"articleSection":"Deportes"},{"@type":"BreadcrumbList","@id":"https:\/\/www.eldigitaldeasturias.com\/noticias\/campeonato-de-europa-sub-21-espana-muestra-su-mejor-version\/#breadcrumblist","itemListElement":[{"@type":"ListItem","@id":"https:\/\/www.eldigitaldeasturias.com\/noticias#listItem","position":1,"name":"Home","item":"https:\/\/www.eldigitaldeasturias.com\/noticias","nextItem":{"@type":"ListItem","@id":"https:\/\/www.eldigitaldeasturias.com\/noticias\/category\/deportes\/#listItem","name":"Deportes"}},{"@type":"ListItem","@id":"https:\/\/www.eldigitaldeasturias.com\/noticias\/category\/deportes\/#listItem","position":2,"name":"Deportes","item":"https:\/\/www.eldigitaldeasturias.com\/noticias\/category\/deportes\/","nextItem":{"@type":"ListItem","@id":"https:\/\/www.eldigitaldeasturias.com\/noticias\/campeonato-de-europa-sub-21-espana-muestra-su-mejor-version\/#listItem","name":"Campeonato de Europa Sub-21: Espa\u00f1a muestra su mejor versi\u00f3n"},"previousItem":{"@type":"ListItem","@id":"https:\/\/www.eldigitaldeasturias.com\/noticias#listItem","name":"Home"}},{"@type":"ListItem","@id":"https:\/\/www.eldigitaldeasturias.com\/noticias\/campeonato-de-europa-sub-21-espana-muestra-su-mejor-version\/#listItem","position":3,"name":"Campeonato de Europa Sub-21: Espa\u00f1a muestra su mejor versi\u00f3n","previousItem":{"@type":"ListItem","@id":"https:\/\/www.eldigitaldeasturias.com\/noticias\/category\/deportes\/#listItem","name":"Deportes"}}]},{"@type":"Organization","@id":"https:\/\/www.eldigitaldeasturias.com\/noticias\/#organization","name":"El Digital de Asturias","description":"Hemeroteca","url":"https:\/\/www.eldigitaldeasturias.com\/noticias\/","email":"info@eldigitaldeasturias.com","telephone":"+34652131393","logo":{"@type":"ImageObject","url":"https:\/\/www.eldigitaldeasturias.com\/noticias\/wp-content\/uploads\/2020\/12\/EDA.jpg","@id":"https:\/\/www.eldigitaldeasturias.com\/noticias\/campeonato-de-europa-sub-21-espana-muestra-su-mejor-version\/#organizationLogo","width":649,"height":297},"image":{"@id":"https:\/\/www.eldigitaldeasturias.com\/noticias\/campeonato-de-europa-sub-21-espana-muestra-su-mejor-version\/#organizationLogo"},"sameAs":["https:\/\/facebook.com\/eldigitaldeasturias","https:\/\/www.youtube.com\/channel\/UCZP-2wLEB9Rv6erhFmqVnvg"],"address":{"@id":"https:\/\/www.eldigitaldeasturias.com\/noticias\/#postaladdress","@type":"PostalAddress","streetAddress":"san antonio 4,","postalCode":"33430","addressLocality":"Cand\u00e1s","addressRegion":"Asturias","addressCountry":"ES"}},{"@type":"Person","@id":"https:\/\/www.eldigitaldeasturias.com\/noticias\/author\/admin\/#author","url":"https:\/\/www.eldigitaldeasturias.com\/noticias\/author\/admin\/","name":"El Digital de Asturias","image":{"@type":"ImageObject","@id":"https:\/\/www.eldigitaldeasturias.com\/noticias\/campeonato-de-europa-sub-21-espana-muestra-su-mejor-version\/#authorImage","url":"https:\/\/www.eldigitaldeasturias.com\/noticias\/wp-content\/litespeed\/avatar\/18677e78aa0546b92d9dbf31ec7d7668.jpg?ver=1776685526","width":96,"height":96,"caption":"El Digital de Asturias"}},{"@type":"WebPage","@id":"https:\/\/www.eldigitaldeasturias.com\/noticias\/campeonato-de-europa-sub-21-espana-muestra-su-mejor-version\/#webpage","url":"https:\/\/www.eldigitaldeasturias.com\/noticias\/campeonato-de-europa-sub-21-espana-muestra-su-mejor-version\/","name":"Campeonato de Europa Sub-21: Espa\u00f1a muestra su mejor versi\u00f3n - El Digital de Asturias","description":"MADRID, 22 Jun. 2019 (Europa Press) - La selecci\u00f3n espa\u00f1ola Sub-21 se ha clasificado para las semifinales del Campeonato de Europa y para los Juegos Ol\u00edmpicos de Tokyo 2020 despu\u00e9s de imponerse este s\u00e1bado a Polonia (5-0) en la tercera jornada de la fase de grupos gracias a un sensacional partido que permite a Espa\u00f1a","inLanguage":"es-ES","isPartOf":{"@id":"https:\/\/www.eldigitaldeasturias.com\/noticias\/#website"},"breadcrumb":{"@id":"https:\/\/www.eldigitaldeasturias.com\/noticias\/campeonato-de-europa-sub-21-espana-muestra-su-mejor-version\/#breadcrumblist"},"author":{"@id":"https:\/\/www.eldigitaldeasturias.com\/noticias\/author\/admin\/#author"},"creator":{"@id":"https:\/\/www.eldigitaldeasturias.com\/noticias\/author\/admin\/#author"},"image":{"@type":"ImageObject","url":"https:\/\/www.eldigitaldeasturias.com\/noticias\/wp-content\/uploads\/2019\/06\/La-Roja-sub21.jpg","@id":"https:\/\/www.eldigitaldeasturias.com\/noticias\/campeonato-de-europa-sub-21-espana-muestra-su-mejor-version\/#mainImage","width":1009,"height":672},"primaryImageOfPage":{"@id":"https:\/\/www.eldigitaldeasturias.com\/noticias\/campeonato-de-europa-sub-21-espana-muestra-su-mejor-version\/#mainImage"},"datePublished":"2019-06-22T21:58:25+02:00","dateModified":"2019-06-22T21:58:25+02:00"},{"@type":"WebSite","@id":"https:\/\/www.eldigitaldeasturias.com\/noticias\/#website","url":"https:\/\/www.eldigitaldeasturias.com\/noticias\/","name":"El Digital de Asturias - Diario de actualidad y noticias","alternateName":"El Digital de Asturias - Diario de actualidad y noticias","description":"Hemeroteca","inLanguage":"es-ES","publisher":{"@id":"https:\/\/www.eldigitaldeasturias.com\/noticias\/#organization"}}]},"og:locale":"es_ES","og:site_name":"El Digital de Asturias","og:type":"article","og:title":"Campeonato de Europa Sub-21: Espa\u00f1a muestra su mejor versi\u00f3n - El Digital de Asturias","og:description":"MADRID, 22 Jun. 2019 (Europa Press) - La selecci\u00f3n espa\u00f1ola Sub-21 se ha clasificado para las semifinales del Campeonato de Europa y para los Juegos Ol\u00edmpicos de Tokyo 2020 despu\u00e9s de imponerse este s\u00e1bado a Polonia (5-0) en la tercera jornada de la fase de grupos gracias a un sensacional partido que permite a Espa\u00f1a","og:url":"https:\/\/www.eldigitaldeasturias.com\/noticias\/campeonato-de-europa-sub-21-espana-muestra-su-mejor-version\/","og:image":"https:\/\/www.eldigitaldeasturias.com\/noticias\/wp-content\/uploads\/2019\/06\/La-Roja-sub21.jpg","og:image:secure_url":"https:\/\/www.eldigitaldeasturias.com\/noticias\/wp-content\/uploads\/2019\/06\/La-Roja-sub21.jpg","og:image:width":1009,"og:image:height":672,"article:tag":["deportes"],"article:published_time":"2019-06-22T21:58:25+00:00","article:modified_time":"2019-06-22T21:58:25+00:00","article:publisher":"https:\/\/facebook.com\/eldigitaldeasturias","twitter:card":"summary_large_image","twitter:title":"Campeonato de Europa Sub-21: Espa\u00f1a muestra su mejor versi\u00f3n - El Digital de Asturias","twitter:description":"MADRID, 22 Jun. 2019 (Europa Press) - La selecci\u00f3n espa\u00f1ola Sub-21 se ha clasificado para las semifinales del Campeonato de Europa y para los Juegos Ol\u00edmpicos de Tokyo 2020 despu\u00e9s de imponerse este s\u00e1bado a Polonia (5-0) en la tercera jornada de la fase de grupos gracias a un sensacional partido que permite a Espa\u00f1a","twitter:image":"https:\/\/www.eldigitaldeasturias.com\/noticias\/wp-content\/uploads\/2019\/06\/La-Roja-sub21.jpg","twitter:label1":"Escrito por","twitter:data1":"El Digital de Asturias","twitter:label2":"Tiempo de lectura estimado","twitter:data2":"3 minutos"},"aioseo_meta_data":{"post_id":"1032167","title":null,"description":null,"keywords":null,"keyphrases":null,"primary_term":null,"canonical_url":null,"og_title":null,"og_description":null,"og_object_type":"default","og_image_type":"default","og_image_url":null,"og_image_width":null,"og_image_height":null,"og_image_custom_url":null,"og_image_custom_fields":null,"og_video":null,"og_custom_url":null,"og_article_section":null,"og_article_tags":null,"twitter_use_og":false,"twitter_card":"default","twitter_image_type":"default","twitter_image_url":null,"twitter_image_custom_url":null,"twitter_image_custom_fields":null,"twitter_title":null,"twitter_description":null,"schema":{"blockGraphs":[],"customGraphs":[],"default":{"data":{"Article":[],"Course":[],"Dataset":[],"FAQPage":[],"Movie":[],"Person":[],"Product":[],"ProductReview":[],"Car":[],"Recipe":[],"Service":[],"SoftwareApplication":[],"WebPage":[]},"graphName":"","isEnabled":true},"graphs":[],"defaultGraph":"","defaultPostTypeGraph":""},"schema_type":null,"schema_type_options":null,"pillar_content":false,"robots_default":true,"robots_noindex":false,"robots_noarchive":false,"robots_nosnippet":false,"robots_nofollow":false,"robots_noimageindex":false,"robots_noodp":false,"robots_notranslate":false,"robots_max_snippet":null,"robots_max_videopreview":null,"robots_max_imagepreview":"large","priority":null,"frequency":null,"local_seo":null,"seo_analyzer_scan_date":"2025-10-18 21:09:12","breadcrumb_settings":null,"limit_modified_date":false,"open_ai":null,"ai":null,"created":"2020-12-21 11:10:06","updated":"2025-10-18 21:09:12"},"aioseo_breadcrumb":"<div class=\"aioseo-breadcrumbs\"><span class=\"aioseo-breadcrumb\">\n\t<a href=\"https:\/\/www.eldigitaldeasturias.com\/noticias\" title=\"Home\">Home<\/a>\n<\/span><span class=\"aioseo-breadcrumb-separator\">\u2013<\/span><span class=\"aioseo-breadcrumb\">\n\t<a href=\"https:\/\/www.eldigitaldeasturias.com\/noticias\/category\/deportes\/\" title=\"Deportes\">Deportes<\/a>\n<\/span><span class=\"aioseo-breadcrumb-separator\">\u2013<\/span><span class=\"aioseo-breadcrumb\">\n\t<a href=\"https:\/\/www.eldigitaldeasturias.com\/noticias\/campeonato-de-europa-sub-21-espana-muestra-su-mejor-version\/\" title=\"Campeonato de Europa Sub-21: Espa\u00f1a muestra su mejor versi\u00f3n\">Campeonato de Europa Sub-21: Espa\u00f1a muestra su mejor versi\u00f3n<\/a>\n<\/span><\/div>","aioseo_breadcrumb_json":[{"label":"Home","link":"https:\/\/www.eldigitaldeasturias.com\/noticias"},{"label":"Deportes","link":"https:\/\/www.eldigitaldeasturias.com\/noticias\/category\/deportes\/"},{"label":"Campeonato de Europa Sub-21: Espa\u00f1a muestra su mejor versi\u00f3n","link":"https:\/\/www.eldigitaldeasturias.com\/noticias\/campeonato-de-europa-sub-21-espana-muestra-su-mejor-version\/"}],"_links":{"self":[{"href":"https:\/\/www.eldigitaldeasturias.com\/noticias\/wp-json\/wp\/v2\/posts\/1032167","targetHints":{"allow":["GET"]}}],"collection":[{"href":"https:\/\/www.eldigitaldeasturias.com\/noticias\/wp-json\/wp\/v2\/posts"}],"about":[{"href":"https:\/\/www.eldigitaldeasturias.com\/noticias\/wp-json\/wp\/v2\/types\/post"}],"author":[{"embeddable":true,"href":"https:\/\/www.eldigitaldeasturias.com\/noticias\/wp-json\/wp\/v2\/users\/1"}],"replies":[{"embeddable":true,"href":"https:\/\/www.eldigitaldeasturias.com\/noticias\/wp-json\/wp\/v2\/comments?post=1032167"}],"version-history":[{"count":0,"href":"https:\/\/www.eldigitaldeasturias.com\/noticias\/wp-json\/wp\/v2\/posts\/1032167\/revisions"}],"wp:featuredmedia":[{"embeddable":true,"href":"https:\/\/www.eldigitaldeasturias.com\/noticias\/wp-json\/wp\/v2\/media\/1032168"}],"wp:attachment":[{"href":"https:\/\/www.eldigitaldeasturias.com\/noticias\/wp-json\/wp\/v2\/media?parent=1032167"}],"wp:term":[{"taxonomy":"category","embeddable":true,"href":"https:\/\/www.eldigitaldeasturias.com\/noticias\/wp-json\/wp\/v2\/categories?post=1032167"},{"taxonomy":"post_tag","embeddable":true,"href":"https:\/\/www.eldigitaldeasturias.com\/noticias\/wp-json\/wp\/v2\/tags?post=1032167"}],"curies":[{"name":"wp","href":"https:\/\/api.w.org\/{rel}","templated":true}]}}