{"id":1031961,"date":"2019-06-22T08:30:28","date_gmt":"2019-06-22T08:30:28","guid":{"rendered":"https:\/\/www.eldigitaldeasturias.com\/noticias\/?p=1031961"},"modified":"2019-06-22T08:30:28","modified_gmt":"2019-06-22T08:30:28","slug":"todos-los-ojos-miraran-a-vettel-en-francia","status":"publish","type":"post","link":"https:\/\/www.eldigitaldeasturias.com\/noticias\/todos-los-ojos-miraran-a-vettel-en-francia\/","title":{"rendered":"Todos los ojos mirar\u00e1n a Vettel en Francia"},"content":{"rendered":"<p><img loading=\"lazy\" decoding=\"async\" class=\"alignleft size-medium wp-image-972685\" src=\"https:\/\/www.eldigitaldeasturias.com\/noticias\/wp-content\/uploads\/2018\/03\/formula-1-630147_1280-360x239.jpg\" alt=\"\" width=\"360\" height=\"239\" srcset=\"https:\/\/www.eldigitaldeasturias.com\/noticias\/wp-content\/uploads\/2018\/03\/formula-1-630147_1280-360x239.jpg 360w, https:\/\/www.eldigitaldeasturias.com\/noticias\/wp-content\/uploads\/2018\/03\/formula-1-630147_1280-451x300.jpg 451w, https:\/\/www.eldigitaldeasturias.com\/noticias\/wp-content\/uploads\/2018\/03\/formula-1-630147_1280-768x511.jpg 768w, https:\/\/www.eldigitaldeasturias.com\/noticias\/wp-content\/uploads\/2018\/03\/formula-1-630147_1280-690x459.jpg 690w, https:\/\/www.eldigitaldeasturias.com\/noticias\/wp-content\/uploads\/2018\/03\/formula-1-630147_1280-1024x681.jpg 1024w, https:\/\/www.eldigitaldeasturias.com\/noticias\/wp-content\/uploads\/2018\/03\/formula-1-630147_1280-20x13.jpg 20w, https:\/\/www.eldigitaldeasturias.com\/noticias\/wp-content\/uploads\/2018\/03\/formula-1-630147_1280.jpg 1280w\" sizes=\"auto, (max-width: 360px) 100vw, 360px\" \/>Le Castellet (Francia), 21 jun (dpa) &#8211; La vida del piloto alem\u00e1n de F\u00f3rmula 1 Sebastian Vettel transcurre estos d\u00edas entre el amor, la incertidumbre y la ira. La reciente boda secreta con su novia Hanna sell\u00f3 su felicidad en el \u00e1mbito privado, pero al mismo tiempo el corredor de Ferrari est\u00e1 preocupado por su magro desempe\u00f1o el plano laboral.<\/p>\n<p>Durante el octavo Gran Premio de F\u00f3rmula 1 de la temporada, que se correr\u00e1 este domingo en el sur de Francia, el piloto germano de 31 a\u00f1os estar\u00e1 m\u00e1s que nunca bajo observaci\u00f3n.<\/p>\n<p>No hay duda de que para Vettel estos no son los d\u00edas de trabajo m\u00e1s agradables en sus doce a\u00f1os de competencia en la F\u00f3rmula 1. El cuatro veces campe\u00f3n del mundo habla abiertamente de lo lejana que se ha convertido para \u00e9l la serie de carreras y de cu\u00e1nto anhela m\u00e1s libertad dentro y fuera del circuito.<\/p>\n<p>Esta manifestaci\u00f3n se debe sin duda a la decepci\u00f3n de Vettel por la falta de potencia de su Ferrari, aunque pese a todo el piloto afirma no sentirse frustrado. El germano ocupa actualmente el tercer lugar en la clasificaci\u00f3n, a 62 puntos de la estrella de Mercedes, el brit\u00e1nico Lewis Hamilton.<\/p>\n<p>A pesar de algunas innovaciones t\u00e9cnicas en su b\u00f3lido, tampoco hoy durante la primera sesi\u00f3n de entrenamientos en el circuito Paul Ricard las Ferrari pudieron seguir el ritmo de las poderosas \u00abflechas de plata\u00bb.<\/p>\n<p>Y todo esto ocurre paralelamente a los reclamos de Ferrari para que la Federaci\u00f3n Mundial de Automovilismo (FIA) revoque la penalizaci\u00f3n que sufri\u00f3 el piloto alem\u00e1n en el Gran Premio de Canad\u00e1. Vettel fue sancionado por una dura maniobra contra Hamilton en Montreal y perdi\u00f3 la victoria ante su rival de Mercedes.<\/p>\n<p>Una mirada hacia el incidente en Montreal muestra al mismo tiempo todas las facetas del debate que se encendi\u00f3 en torno de la figura de Vettel. Su disgusto por haber sido penalizado con cinco segundos tras desviarse sobre el c\u00e9sped mientras lideraba la carrera y forzar a Hamilton a arrimarse muy cerca del muro provocaron una disputa sobre las reglas y el papel de los comisionados de la carrera.<\/p>\n<p>El violento arrebato de ira de Vettel tras la penalizaci\u00f3n tambi\u00e9n plante\u00f3 la pregunta de hasta qu\u00e9 punto los deportistas pueden manifestar sus sentimientos en p\u00fablico. \u00abMostrar emociones es humano\u00bb, dijo el piloto germano, quien a menudo tambi\u00e9n recibe aplausos por darse a conocer tan apasionadamente.<\/p>\n<p>Sin embargo, su error al volante, que fue lo que hizo que todo el asunto empezara a rodar, tambi\u00e9n alimenta dudas sobre la resistencia al estr\u00e9s del corredor.<\/p>\n<p>\u00abHemos vuelto a ver que cuando la presi\u00f3n en el duelo entre \u00e9l y Lewis est\u00e1 ah\u00ed, entonces Vettel comete esos errores\u00bb, dijo el ex campe\u00f3n del mundo Nico Rosberg.<\/p>\n<p>Por su parte, el portal especializado \u00abmotorsport.com\u00bb provoc\u00f3 antes de la carrera francesa con el titular: \u00ab\u00bfDeber\u00eda Ferrari abandonar a Vettel, que es propenso a los errores?\u00bb<\/p>\n<p>Entretanto, desde su boda ya hay especulaciones de que un Vettel ofendido podr\u00eda retirarse a la vida privada antes de la finalizaci\u00f3n de su contrato a finales de 2020.<\/p>\n<p><em>Por Christian Hollmann (dpa)<\/em><\/p>\n<p>&nbsp;<\/p>\n","protected":false},"excerpt":{"rendered":"<p>Le Castellet (Francia), 21 jun (dpa) &#8211; La vida del piloto alem\u00e1n de F\u00f3rmula 1 Sebastian Vettel transcurre estos d\u00edas entre el amor, la incertidumbre y la ira. La reciente boda secreta con su novia Hanna sell\u00f3 su felicidad en el \u00e1mbito privado, pero al mismo tiempo el corredor de Ferrari est\u00e1 preocupado por su [&hellip;]<\/p>\n","protected":false},"author":1,"featured_media":972685,"comment_status":"open","ping_status":"closed","sticky":false,"template":"","format":"standard","meta":{"footnotes":""},"categories":[190],"tags":[],"class_list":["post-1031961","post","type-post","status-publish","format-standard","has-post-thumbnail","hentry","category-deportes"],"aioseo_notices":[],"aioseo_head":"\n\t\t<!-- All in One SEO Pro 4.9.6.2 - aioseo.com -->\n\t<meta name=\"description\" content=\"Le Castellet (Francia), 21 jun (dpa) - La vida del piloto alem\u00e1n de F\u00f3rmula 1 Sebastian Vettel transcurre estos d\u00edas entre el amor, la incertidumbre y la ira. La reciente boda secreta con su novia Hanna sell\u00f3 su felicidad en el \u00e1mbito privado, pero al mismo tiempo el corredor de Ferrari est\u00e1 preocupado por su\" \/>\n\t<meta name=\"robots\" content=\"max-image-preview:large\" \/>\n\t<meta name=\"author\" content=\"El Digital de Asturias\"\/>\n\t<meta name=\"google-site-verification\" content=\"UA-38556648-1\" \/>\n\t<meta name=\"msvalidate.01\" content=\"7dfe9f3f1b24437ab69f4f2559babe99\" \/>\n\t<meta name=\"keywords\" content=\"deportes\" \/>\n\t<link rel=\"canonical\" href=\"https:\/\/www.eldigitaldeasturias.com\/noticias\/todos-los-ojos-miraran-a-vettel-en-francia\/\" \/>\n\t<meta name=\"generator\" content=\"All in One SEO Pro (AIOSEO) 4.9.6.2\" \/>\n\t\t<meta property=\"og:locale\" content=\"es_ES\" \/>\n\t\t<meta property=\"og:site_name\" content=\"El Digital de Asturias\" \/>\n\t\t<meta property=\"og:type\" content=\"article\" \/>\n\t\t<meta property=\"og:title\" content=\"Todos los ojos mirar\u00e1n a Vettel en Francia - El Digital de Asturias\" \/>\n\t\t<meta property=\"og:description\" content=\"Le Castellet (Francia), 21 jun (dpa) - La vida del piloto alem\u00e1n de F\u00f3rmula 1 Sebastian Vettel transcurre estos d\u00edas entre el amor, la incertidumbre y la ira. La reciente boda secreta con su novia Hanna sell\u00f3 su felicidad en el \u00e1mbito privado, pero al mismo tiempo el corredor de Ferrari est\u00e1 preocupado por su\" \/>\n\t\t<meta property=\"og:url\" content=\"https:\/\/www.eldigitaldeasturias.com\/noticias\/todos-los-ojos-miraran-a-vettel-en-francia\/\" \/>\n\t\t<meta property=\"og:image\" content=\"https:\/\/www.eldigitaldeasturias.com\/noticias\/wp-content\/uploads\/2018\/03\/formula-1-630147_1280.jpg\" \/>\n\t\t<meta property=\"og:image:secure_url\" content=\"https:\/\/www.eldigitaldeasturias.com\/noticias\/wp-content\/uploads\/2018\/03\/formula-1-630147_1280.jpg\" \/>\n\t\t<meta property=\"og:image:width\" content=\"1280\" \/>\n\t\t<meta property=\"og:image:height\" content=\"851\" \/>\n\t\t<meta property=\"article:tag\" content=\"deportes\" \/>\n\t\t<meta property=\"article:published_time\" content=\"2019-06-22T08:30:28+00:00\" \/>\n\t\t<meta property=\"article:modified_time\" content=\"2019-06-22T08:30:28+00:00\" \/>\n\t\t<meta property=\"article:publisher\" content=\"https:\/\/facebook.com\/eldigitaldeasturias\" \/>\n\t\t<meta name=\"twitter:card\" content=\"summary_large_image\" \/>\n\t\t<meta name=\"twitter:title\" content=\"Todos los ojos mirar\u00e1n a Vettel en Francia - El Digital de Asturias\" \/>\n\t\t<meta name=\"twitter:description\" content=\"Le Castellet (Francia), 21 jun (dpa) - La vida del piloto alem\u00e1n de F\u00f3rmula 1 Sebastian Vettel transcurre estos d\u00edas entre el amor, la incertidumbre y la ira. La reciente boda secreta con su novia Hanna sell\u00f3 su felicidad en el \u00e1mbito privado, pero al mismo tiempo el corredor de Ferrari est\u00e1 preocupado por su\" \/>\n\t\t<meta name=\"twitter:image\" content=\"https:\/\/www.eldigitaldeasturias.com\/noticias\/wp-content\/uploads\/2018\/03\/formula-1-630147_1280.jpg\" \/>\n\t\t<meta name=\"twitter:label1\" content=\"Escrito por\" \/>\n\t\t<meta name=\"twitter:data1\" content=\"El Digital de Asturias\" \/>\n\t\t<meta name=\"twitter:label2\" content=\"Tiempo de lectura estimado\" \/>\n\t\t<meta name=\"twitter:data2\" content=\"3 minutos\" \/>\n\t\t<script type=\"application\/ld+json\" class=\"aioseo-schema\">\n\t\t\t{\"@context\":\"https:\\\/\\\/schema.org\",\"@graph\":[{\"@type\":\"BlogPosting\",\"@id\":\"https:\\\/\\\/www.eldigitaldeasturias.com\\\/noticias\\\/todos-los-ojos-miraran-a-vettel-en-francia\\\/#blogposting\",\"name\":\"Todos los ojos mirar\\u00e1n a Vettel en Francia - El Digital de Asturias\",\"headline\":\"Todos los ojos mirar\\u00e1n a Vettel en Francia\",\"author\":{\"@id\":\"https:\\\/\\\/www.eldigitaldeasturias.com\\\/noticias\\\/author\\\/admin\\\/#author\"},\"publisher\":{\"@id\":\"https:\\\/\\\/www.eldigitaldeasturias.com\\\/noticias\\\/#organization\"},\"image\":{\"@type\":\"ImageObject\",\"url\":\"https:\\\/\\\/www.eldigitaldeasturias.com\\\/noticias\\\/wp-content\\\/uploads\\\/2018\\\/03\\\/formula-1-630147_1280.jpg\",\"width\":1280,\"height\":851},\"datePublished\":\"2019-06-22T08:30:28+02:00\",\"dateModified\":\"2019-06-22T08:30:28+02:00\",\"inLanguage\":\"es-ES\",\"mainEntityOfPage\":{\"@id\":\"https:\\\/\\\/www.eldigitaldeasturias.com\\\/noticias\\\/todos-los-ojos-miraran-a-vettel-en-francia\\\/#webpage\"},\"isPartOf\":{\"@id\":\"https:\\\/\\\/www.eldigitaldeasturias.com\\\/noticias\\\/todos-los-ojos-miraran-a-vettel-en-francia\\\/#webpage\"},\"articleSection\":\"Deportes\"},{\"@type\":\"BreadcrumbList\",\"@id\":\"https:\\\/\\\/www.eldigitaldeasturias.com\\\/noticias\\\/todos-los-ojos-miraran-a-vettel-en-francia\\\/#breadcrumblist\",\"itemListElement\":[{\"@type\":\"ListItem\",\"@id\":\"https:\\\/\\\/www.eldigitaldeasturias.com\\\/noticias#listItem\",\"position\":1,\"name\":\"Home\",\"item\":\"https:\\\/\\\/www.eldigitaldeasturias.com\\\/noticias\",\"nextItem\":{\"@type\":\"ListItem\",\"@id\":\"https:\\\/\\\/www.eldigitaldeasturias.com\\\/noticias\\\/category\\\/deportes\\\/#listItem\",\"name\":\"Deportes\"}},{\"@type\":\"ListItem\",\"@id\":\"https:\\\/\\\/www.eldigitaldeasturias.com\\\/noticias\\\/category\\\/deportes\\\/#listItem\",\"position\":2,\"name\":\"Deportes\",\"item\":\"https:\\\/\\\/www.eldigitaldeasturias.com\\\/noticias\\\/category\\\/deportes\\\/\",\"nextItem\":{\"@type\":\"ListItem\",\"@id\":\"https:\\\/\\\/www.eldigitaldeasturias.com\\\/noticias\\\/todos-los-ojos-miraran-a-vettel-en-francia\\\/#listItem\",\"name\":\"Todos los ojos mirar\\u00e1n a Vettel en Francia\"},\"previousItem\":{\"@type\":\"ListItem\",\"@id\":\"https:\\\/\\\/www.eldigitaldeasturias.com\\\/noticias#listItem\",\"name\":\"Home\"}},{\"@type\":\"ListItem\",\"@id\":\"https:\\\/\\\/www.eldigitaldeasturias.com\\\/noticias\\\/todos-los-ojos-miraran-a-vettel-en-francia\\\/#listItem\",\"position\":3,\"name\":\"Todos los ojos mirar\\u00e1n a Vettel en Francia\",\"previousItem\":{\"@type\":\"ListItem\",\"@id\":\"https:\\\/\\\/www.eldigitaldeasturias.com\\\/noticias\\\/category\\\/deportes\\\/#listItem\",\"name\":\"Deportes\"}}]},{\"@type\":\"Organization\",\"@id\":\"https:\\\/\\\/www.eldigitaldeasturias.com\\\/noticias\\\/#organization\",\"name\":\"El Digital de Asturias\",\"description\":\"Hemeroteca\",\"url\":\"https:\\\/\\\/www.eldigitaldeasturias.com\\\/noticias\\\/\",\"email\":\"info@eldigitaldeasturias.com\",\"telephone\":\"+34652131393\",\"logo\":{\"@type\":\"ImageObject\",\"url\":\"https:\\\/\\\/www.eldigitaldeasturias.com\\\/noticias\\\/wp-content\\\/uploads\\\/2020\\\/12\\\/EDA.jpg\",\"@id\":\"https:\\\/\\\/www.eldigitaldeasturias.com\\\/noticias\\\/todos-los-ojos-miraran-a-vettel-en-francia\\\/#organizationLogo\",\"width\":649,\"height\":297},\"image\":{\"@id\":\"https:\\\/\\\/www.eldigitaldeasturias.com\\\/noticias\\\/todos-los-ojos-miraran-a-vettel-en-francia\\\/#organizationLogo\"},\"sameAs\":[\"https:\\\/\\\/facebook.com\\\/eldigitaldeasturias\",\"https:\\\/\\\/www.youtube.com\\\/channel\\\/UCZP-2wLEB9Rv6erhFmqVnvg\"],\"address\":{\"@id\":\"https:\\\/\\\/www.eldigitaldeasturias.com\\\/noticias\\\/#postaladdress\",\"@type\":\"PostalAddress\",\"streetAddress\":\"san antonio 4,\",\"postalCode\":\"33430\",\"addressLocality\":\"Cand\\u00e1s\",\"addressRegion\":\"Asturias\",\"addressCountry\":\"ES\"}},{\"@type\":\"Person\",\"@id\":\"https:\\\/\\\/www.eldigitaldeasturias.com\\\/noticias\\\/author\\\/admin\\\/#author\",\"url\":\"https:\\\/\\\/www.eldigitaldeasturias.com\\\/noticias\\\/author\\\/admin\\\/\",\"name\":\"El Digital de Asturias\",\"image\":{\"@type\":\"ImageObject\",\"@id\":\"https:\\\/\\\/www.eldigitaldeasturias.com\\\/noticias\\\/todos-los-ojos-miraran-a-vettel-en-francia\\\/#authorImage\",\"url\":\"https:\\\/\\\/www.eldigitaldeasturias.com\\\/noticias\\\/wp-content\\\/litespeed\\\/avatar\\\/18677e78aa0546b92d9dbf31ec7d7668.jpg?ver=1776685526\",\"width\":96,\"height\":96,\"caption\":\"El Digital de Asturias\"}},{\"@type\":\"WebPage\",\"@id\":\"https:\\\/\\\/www.eldigitaldeasturias.com\\\/noticias\\\/todos-los-ojos-miraran-a-vettel-en-francia\\\/#webpage\",\"url\":\"https:\\\/\\\/www.eldigitaldeasturias.com\\\/noticias\\\/todos-los-ojos-miraran-a-vettel-en-francia\\\/\",\"name\":\"Todos los ojos mirar\\u00e1n a Vettel en Francia - El Digital de Asturias\",\"description\":\"Le Castellet (Francia), 21 jun (dpa) - La vida del piloto alem\\u00e1n de F\\u00f3rmula 1 Sebastian Vettel transcurre estos d\\u00edas entre el amor, la incertidumbre y la ira. La reciente boda secreta con su novia Hanna sell\\u00f3 su felicidad en el \\u00e1mbito privado, pero al mismo tiempo el corredor de Ferrari est\\u00e1 preocupado por su\",\"inLanguage\":\"es-ES\",\"isPartOf\":{\"@id\":\"https:\\\/\\\/www.eldigitaldeasturias.com\\\/noticias\\\/#website\"},\"breadcrumb\":{\"@id\":\"https:\\\/\\\/www.eldigitaldeasturias.com\\\/noticias\\\/todos-los-ojos-miraran-a-vettel-en-francia\\\/#breadcrumblist\"},\"author\":{\"@id\":\"https:\\\/\\\/www.eldigitaldeasturias.com\\\/noticias\\\/author\\\/admin\\\/#author\"},\"creator\":{\"@id\":\"https:\\\/\\\/www.eldigitaldeasturias.com\\\/noticias\\\/author\\\/admin\\\/#author\"},\"image\":{\"@type\":\"ImageObject\",\"url\":\"https:\\\/\\\/www.eldigitaldeasturias.com\\\/noticias\\\/wp-content\\\/uploads\\\/2018\\\/03\\\/formula-1-630147_1280.jpg\",\"@id\":\"https:\\\/\\\/www.eldigitaldeasturias.com\\\/noticias\\\/todos-los-ojos-miraran-a-vettel-en-francia\\\/#mainImage\",\"width\":1280,\"height\":851},\"primaryImageOfPage\":{\"@id\":\"https:\\\/\\\/www.eldigitaldeasturias.com\\\/noticias\\\/todos-los-ojos-miraran-a-vettel-en-francia\\\/#mainImage\"},\"datePublished\":\"2019-06-22T08:30:28+02:00\",\"dateModified\":\"2019-06-22T08:30:28+02:00\"},{\"@type\":\"WebSite\",\"@id\":\"https:\\\/\\\/www.eldigitaldeasturias.com\\\/noticias\\\/#website\",\"url\":\"https:\\\/\\\/www.eldigitaldeasturias.com\\\/noticias\\\/\",\"name\":\"El Digital de Asturias - Diario de actualidad y noticias\",\"alternateName\":\"El Digital de Asturias - Diario de actualidad y noticias\",\"description\":\"Hemeroteca\",\"inLanguage\":\"es-ES\",\"publisher\":{\"@id\":\"https:\\\/\\\/www.eldigitaldeasturias.com\\\/noticias\\\/#organization\"}}]}\n\t\t<\/script>\n\t\t<!-- All in One SEO Pro -->\r\n\t\t<title>Todos los ojos mirar\u00e1n a Vettel en Francia - El Digital de Asturias<\/title>\n\n","aioseo_head_json":{"title":"Todos los ojos mirar\u00e1n a Vettel en Francia - El Digital de Asturias","description":"Le Castellet (Francia), 21 jun (dpa) - La vida del piloto alem\u00e1n de F\u00f3rmula 1 Sebastian Vettel transcurre estos d\u00edas entre el amor, la incertidumbre y la ira. La reciente boda secreta con su novia Hanna sell\u00f3 su felicidad en el \u00e1mbito privado, pero al mismo tiempo el corredor de Ferrari est\u00e1 preocupado por su","canonical_url":"https:\/\/www.eldigitaldeasturias.com\/noticias\/todos-los-ojos-miraran-a-vettel-en-francia\/","robots":"max-image-preview:large","keywords":"deportes","webmasterTools":{"google-site-verification":"UA-38556648-1","msvalidate.01":"7dfe9f3f1b24437ab69f4f2559babe99","miscellaneous":""},"schema":{"@context":"https:\/\/schema.org","@graph":[{"@type":"BlogPosting","@id":"https:\/\/www.eldigitaldeasturias.com\/noticias\/todos-los-ojos-miraran-a-vettel-en-francia\/#blogposting","name":"Todos los ojos mirar\u00e1n a Vettel en Francia - El Digital de Asturias","headline":"Todos los ojos mirar\u00e1n a Vettel en Francia","author":{"@id":"https:\/\/www.eldigitaldeasturias.com\/noticias\/author\/admin\/#author"},"publisher":{"@id":"https:\/\/www.eldigitaldeasturias.com\/noticias\/#organization"},"image":{"@type":"ImageObject","url":"https:\/\/www.eldigitaldeasturias.com\/noticias\/wp-content\/uploads\/2018\/03\/formula-1-630147_1280.jpg","width":1280,"height":851},"datePublished":"2019-06-22T08:30:28+02:00","dateModified":"2019-06-22T08:30:28+02:00","inLanguage":"es-ES","mainEntityOfPage":{"@id":"https:\/\/www.eldigitaldeasturias.com\/noticias\/todos-los-ojos-miraran-a-vettel-en-francia\/#webpage"},"isPartOf":{"@id":"https:\/\/www.eldigitaldeasturias.com\/noticias\/todos-los-ojos-miraran-a-vettel-en-francia\/#webpage"},"articleSection":"Deportes"},{"@type":"BreadcrumbList","@id":"https:\/\/www.eldigitaldeasturias.com\/noticias\/todos-los-ojos-miraran-a-vettel-en-francia\/#breadcrumblist","itemListElement":[{"@type":"ListItem","@id":"https:\/\/www.eldigitaldeasturias.com\/noticias#listItem","position":1,"name":"Home","item":"https:\/\/www.eldigitaldeasturias.com\/noticias","nextItem":{"@type":"ListItem","@id":"https:\/\/www.eldigitaldeasturias.com\/noticias\/category\/deportes\/#listItem","name":"Deportes"}},{"@type":"ListItem","@id":"https:\/\/www.eldigitaldeasturias.com\/noticias\/category\/deportes\/#listItem","position":2,"name":"Deportes","item":"https:\/\/www.eldigitaldeasturias.com\/noticias\/category\/deportes\/","nextItem":{"@type":"ListItem","@id":"https:\/\/www.eldigitaldeasturias.com\/noticias\/todos-los-ojos-miraran-a-vettel-en-francia\/#listItem","name":"Todos los ojos mirar\u00e1n a Vettel en Francia"},"previousItem":{"@type":"ListItem","@id":"https:\/\/www.eldigitaldeasturias.com\/noticias#listItem","name":"Home"}},{"@type":"ListItem","@id":"https:\/\/www.eldigitaldeasturias.com\/noticias\/todos-los-ojos-miraran-a-vettel-en-francia\/#listItem","position":3,"name":"Todos los ojos mirar\u00e1n a Vettel en Francia","previousItem":{"@type":"ListItem","@id":"https:\/\/www.eldigitaldeasturias.com\/noticias\/category\/deportes\/#listItem","name":"Deportes"}}]},{"@type":"Organization","@id":"https:\/\/www.eldigitaldeasturias.com\/noticias\/#organization","name":"El Digital de Asturias","description":"Hemeroteca","url":"https:\/\/www.eldigitaldeasturias.com\/noticias\/","email":"info@eldigitaldeasturias.com","telephone":"+34652131393","logo":{"@type":"ImageObject","url":"https:\/\/www.eldigitaldeasturias.com\/noticias\/wp-content\/uploads\/2020\/12\/EDA.jpg","@id":"https:\/\/www.eldigitaldeasturias.com\/noticias\/todos-los-ojos-miraran-a-vettel-en-francia\/#organizationLogo","width":649,"height":297},"image":{"@id":"https:\/\/www.eldigitaldeasturias.com\/noticias\/todos-los-ojos-miraran-a-vettel-en-francia\/#organizationLogo"},"sameAs":["https:\/\/facebook.com\/eldigitaldeasturias","https:\/\/www.youtube.com\/channel\/UCZP-2wLEB9Rv6erhFmqVnvg"],"address":{"@id":"https:\/\/www.eldigitaldeasturias.com\/noticias\/#postaladdress","@type":"PostalAddress","streetAddress":"san antonio 4,","postalCode":"33430","addressLocality":"Cand\u00e1s","addressRegion":"Asturias","addressCountry":"ES"}},{"@type":"Person","@id":"https:\/\/www.eldigitaldeasturias.com\/noticias\/author\/admin\/#author","url":"https:\/\/www.eldigitaldeasturias.com\/noticias\/author\/admin\/","name":"El Digital de Asturias","image":{"@type":"ImageObject","@id":"https:\/\/www.eldigitaldeasturias.com\/noticias\/todos-los-ojos-miraran-a-vettel-en-francia\/#authorImage","url":"https:\/\/www.eldigitaldeasturias.com\/noticias\/wp-content\/litespeed\/avatar\/18677e78aa0546b92d9dbf31ec7d7668.jpg?ver=1776685526","width":96,"height":96,"caption":"El Digital de Asturias"}},{"@type":"WebPage","@id":"https:\/\/www.eldigitaldeasturias.com\/noticias\/todos-los-ojos-miraran-a-vettel-en-francia\/#webpage","url":"https:\/\/www.eldigitaldeasturias.com\/noticias\/todos-los-ojos-miraran-a-vettel-en-francia\/","name":"Todos los ojos mirar\u00e1n a Vettel en Francia - El Digital de Asturias","description":"Le Castellet (Francia), 21 jun (dpa) - La vida del piloto alem\u00e1n de F\u00f3rmula 1 Sebastian Vettel transcurre estos d\u00edas entre el amor, la incertidumbre y la ira. La reciente boda secreta con su novia Hanna sell\u00f3 su felicidad en el \u00e1mbito privado, pero al mismo tiempo el corredor de Ferrari est\u00e1 preocupado por su","inLanguage":"es-ES","isPartOf":{"@id":"https:\/\/www.eldigitaldeasturias.com\/noticias\/#website"},"breadcrumb":{"@id":"https:\/\/www.eldigitaldeasturias.com\/noticias\/todos-los-ojos-miraran-a-vettel-en-francia\/#breadcrumblist"},"author":{"@id":"https:\/\/www.eldigitaldeasturias.com\/noticias\/author\/admin\/#author"},"creator":{"@id":"https:\/\/www.eldigitaldeasturias.com\/noticias\/author\/admin\/#author"},"image":{"@type":"ImageObject","url":"https:\/\/www.eldigitaldeasturias.com\/noticias\/wp-content\/uploads\/2018\/03\/formula-1-630147_1280.jpg","@id":"https:\/\/www.eldigitaldeasturias.com\/noticias\/todos-los-ojos-miraran-a-vettel-en-francia\/#mainImage","width":1280,"height":851},"primaryImageOfPage":{"@id":"https:\/\/www.eldigitaldeasturias.com\/noticias\/todos-los-ojos-miraran-a-vettel-en-francia\/#mainImage"},"datePublished":"2019-06-22T08:30:28+02:00","dateModified":"2019-06-22T08:30:28+02:00"},{"@type":"WebSite","@id":"https:\/\/www.eldigitaldeasturias.com\/noticias\/#website","url":"https:\/\/www.eldigitaldeasturias.com\/noticias\/","name":"El Digital de Asturias - Diario de actualidad y noticias","alternateName":"El Digital de Asturias - Diario de actualidad y noticias","description":"Hemeroteca","inLanguage":"es-ES","publisher":{"@id":"https:\/\/www.eldigitaldeasturias.com\/noticias\/#organization"}}]},"og:locale":"es_ES","og:site_name":"El Digital de Asturias","og:type":"article","og:title":"Todos los ojos mirar\u00e1n a Vettel en Francia - El Digital de Asturias","og:description":"Le Castellet (Francia), 21 jun (dpa) - La vida del piloto alem\u00e1n de F\u00f3rmula 1 Sebastian Vettel transcurre estos d\u00edas entre el amor, la incertidumbre y la ira. La reciente boda secreta con su novia Hanna sell\u00f3 su felicidad en el \u00e1mbito privado, pero al mismo tiempo el corredor de Ferrari est\u00e1 preocupado por su","og:url":"https:\/\/www.eldigitaldeasturias.com\/noticias\/todos-los-ojos-miraran-a-vettel-en-francia\/","og:image":"https:\/\/www.eldigitaldeasturias.com\/noticias\/wp-content\/uploads\/2018\/03\/formula-1-630147_1280.jpg","og:image:secure_url":"https:\/\/www.eldigitaldeasturias.com\/noticias\/wp-content\/uploads\/2018\/03\/formula-1-630147_1280.jpg","og:image:width":1280,"og:image:height":851,"article:tag":["deportes"],"article:published_time":"2019-06-22T08:30:28+00:00","article:modified_time":"2019-06-22T08:30:28+00:00","article:publisher":"https:\/\/facebook.com\/eldigitaldeasturias","twitter:card":"summary_large_image","twitter:title":"Todos los ojos mirar\u00e1n a Vettel en Francia - El Digital de Asturias","twitter:description":"Le Castellet (Francia), 21 jun (dpa) - La vida del piloto alem\u00e1n de F\u00f3rmula 1 Sebastian Vettel transcurre estos d\u00edas entre el amor, la incertidumbre y la ira. La reciente boda secreta con su novia Hanna sell\u00f3 su felicidad en el \u00e1mbito privado, pero al mismo tiempo el corredor de Ferrari est\u00e1 preocupado por su","twitter:image":"https:\/\/www.eldigitaldeasturias.com\/noticias\/wp-content\/uploads\/2018\/03\/formula-1-630147_1280.jpg","twitter:label1":"Escrito por","twitter:data1":"El Digital de Asturias","twitter:label2":"Tiempo de lectura estimado","twitter:data2":"3 minutos"},"aioseo_meta_data":{"post_id":"1031961","title":null,"description":null,"keywords":null,"keyphrases":null,"primary_term":null,"canonical_url":null,"og_title":null,"og_description":null,"og_object_type":"default","og_image_type":"default","og_image_url":null,"og_image_width":null,"og_image_height":null,"og_image_custom_url":null,"og_image_custom_fields":null,"og_video":null,"og_custom_url":null,"og_article_section":null,"og_article_tags":null,"twitter_use_og":false,"twitter_card":"default","twitter_image_type":"default","twitter_image_url":null,"twitter_image_custom_url":null,"twitter_image_custom_fields":null,"twitter_title":null,"twitter_description":null,"schema":{"blockGraphs":[],"customGraphs":[],"default":{"data":{"Article":[],"Course":[],"Dataset":[],"FAQPage":[],"Movie":[],"Person":[],"Product":[],"ProductReview":[],"Car":[],"Recipe":[],"Service":[],"SoftwareApplication":[],"WebPage":[]},"graphName":"","isEnabled":true},"graphs":[],"defaultGraph":"","defaultPostTypeGraph":""},"schema_type":null,"schema_type_options":null,"pillar_content":false,"robots_default":true,"robots_noindex":false,"robots_noarchive":false,"robots_nosnippet":false,"robots_nofollow":false,"robots_noimageindex":false,"robots_noodp":false,"robots_notranslate":false,"robots_max_snippet":null,"robots_max_videopreview":null,"robots_max_imagepreview":"large","priority":null,"frequency":null,"local_seo":null,"seo_analyzer_scan_date":"2025-10-18 20:29:08","breadcrumb_settings":null,"limit_modified_date":false,"open_ai":null,"ai":null,"created":"2020-12-21 11:10:07","updated":"2025-10-18 20:29:08"},"aioseo_breadcrumb":"<div class=\"aioseo-breadcrumbs\"><span class=\"aioseo-breadcrumb\">\n\t<a href=\"https:\/\/www.eldigitaldeasturias.com\/noticias\" title=\"Home\">Home<\/a>\n<\/span><span class=\"aioseo-breadcrumb-separator\">\u2013<\/span><span class=\"aioseo-breadcrumb\">\n\t<a href=\"https:\/\/www.eldigitaldeasturias.com\/noticias\/category\/deportes\/\" title=\"Deportes\">Deportes<\/a>\n<\/span><span class=\"aioseo-breadcrumb-separator\">\u2013<\/span><span class=\"aioseo-breadcrumb\">\n\t<a href=\"https:\/\/www.eldigitaldeasturias.com\/noticias\/todos-los-ojos-miraran-a-vettel-en-francia\/\" title=\"Todos los ojos mirar\u00e1n a Vettel en Francia\">Todos los ojos mirar\u00e1n a Vettel en Francia<\/a>\n<\/span><\/div>","aioseo_breadcrumb_json":[{"label":"Home","link":"https:\/\/www.eldigitaldeasturias.com\/noticias"},{"label":"Deportes","link":"https:\/\/www.eldigitaldeasturias.com\/noticias\/category\/deportes\/"},{"label":"Todos los ojos mirar\u00e1n a Vettel en Francia","link":"https:\/\/www.eldigitaldeasturias.com\/noticias\/todos-los-ojos-miraran-a-vettel-en-francia\/"}],"_links":{"self":[{"href":"https:\/\/www.eldigitaldeasturias.com\/noticias\/wp-json\/wp\/v2\/posts\/1031961","targetHints":{"allow":["GET"]}}],"collection":[{"href":"https:\/\/www.eldigitaldeasturias.com\/noticias\/wp-json\/wp\/v2\/posts"}],"about":[{"href":"https:\/\/www.eldigitaldeasturias.com\/noticias\/wp-json\/wp\/v2\/types\/post"}],"author":[{"embeddable":true,"href":"https:\/\/www.eldigitaldeasturias.com\/noticias\/wp-json\/wp\/v2\/users\/1"}],"replies":[{"embeddable":true,"href":"https:\/\/www.eldigitaldeasturias.com\/noticias\/wp-json\/wp\/v2\/comments?post=1031961"}],"version-history":[{"count":0,"href":"https:\/\/www.eldigitaldeasturias.com\/noticias\/wp-json\/wp\/v2\/posts\/1031961\/revisions"}],"wp:featuredmedia":[{"embeddable":true,"href":"https:\/\/www.eldigitaldeasturias.com\/noticias\/wp-json\/wp\/v2\/media\/972685"}],"wp:attachment":[{"href":"https:\/\/www.eldigitaldeasturias.com\/noticias\/wp-json\/wp\/v2\/media?parent=1031961"}],"wp:term":[{"taxonomy":"category","embeddable":true,"href":"https:\/\/www.eldigitaldeasturias.com\/noticias\/wp-json\/wp\/v2\/categories?post=1031961"},{"taxonomy":"post_tag","embeddable":true,"href":"https:\/\/www.eldigitaldeasturias.com\/noticias\/wp-json\/wp\/v2\/tags?post=1031961"}],"curies":[{"name":"wp","href":"https:\/\/api.w.org\/{rel}","templated":true}]}}