{"id":1031949,"date":"2019-06-22T08:08:45","date_gmt":"2019-06-22T08:08:45","guid":{"rendered":"https:\/\/www.eldigitaldeasturias.com\/noticias\/?p=1031949"},"modified":"2019-06-22T08:08:45","modified_gmt":"2019-06-22T08:08:45","slug":"peter-altmaier-se-reune-con-el-fundador-de-huawei-en-china","status":"publish","type":"post","link":"https:\/\/www.eldigitaldeasturias.com\/noticias\/peter-altmaier-se-reune-con-el-fundador-de-huawei-en-china\/","title":{"rendered":"Peter Altmaier se re\u00fane con el fundador de Huawei en China"},"content":{"rendered":"<p><img loading=\"lazy\" decoding=\"async\" class=\"alignleft size-medium wp-image-1031950\" src=\"https:\/\/www.eldigitaldeasturias.com\/noticias\/wp-content\/uploads\/2019\/06\/Peter-Altmaier-360x233.jpg\" alt=\"\" width=\"360\" height=\"233\" srcset=\"https:\/\/www.eldigitaldeasturias.com\/noticias\/wp-content\/uploads\/2019\/06\/Peter-Altmaier-360x233.jpg 360w, https:\/\/www.eldigitaldeasturias.com\/noticias\/wp-content\/uploads\/2019\/06\/Peter-Altmaier-768x497.jpg 768w, https:\/\/www.eldigitaldeasturias.com\/noticias\/wp-content\/uploads\/2019\/06\/Peter-Altmaier-650x420.jpg 650w, https:\/\/www.eldigitaldeasturias.com\/noticias\/wp-content\/uploads\/2019\/06\/Peter-Altmaier.jpg 999w\" sizes=\"auto, (max-width: 360px) 100vw, 360px\" \/>Shanghai, 21 jun (dpa) &#8211; El ministro alem\u00e1n de Econom\u00eda, Peter Altmaier, se reuni\u00f3 hoy en Shanghai con Ren Zhengfei, fundador del gigante chino de las telecomunicaciones Huawei, uno de los puntos controvertidos en la disputa comercial entre Estados Unidos y China, informaron fuentes allegadas a la delegaci\u00f3n germana.<\/p>\n<p>Estados Unidos contempla la t\u00e9cnica de Huawei como un riesgo de seguridad y advierte al respecto a sus socios. El presidente estadounidense, Donald Trump, coloc\u00f3 en marzo pasado a Huawei en una lista negra de empresas, cuyas relaciones comerciales con socios estadounidenses son sometidas a estrictos controles.<\/p>\n<p>Entre otros temas, Altmaier ten\u00eda previsto aclarar con Zhengfei los requisitos de seguridad de Alemania para montar la red de telefon\u00eda m\u00f3vil en base al veloz est\u00e1ndar 5G.<\/p>\n<p>El ministro germano indic\u00f3 que se tratar\u00eda de una \u00abreuni\u00f3n muy normal\u00bb, que ten\u00eda lugar por petici\u00f3n del proveedor chino.<\/p>\n<p>\u00abEs l\u00f3gico que una empresa que opera en Alemania en semejante dimensiones presente su visi\u00f3n del tema al ministro responsable\u00bb, se\u00f1al\u00f3 Altmaier a dpa antes del encuentro con Zhengfei.<\/p>\n<p>\u00abTambi\u00e9n una empresa alemana importante tendr\u00eda que tener derecho a acceder a los Gobiernos de otros pa\u00edses\u00bb, agreg\u00f3.<\/p>\n<p>Huawei, l\u00edder en el negocio de redes de telefon\u00eda m\u00f3vil, espera tener oportunidad de expansi\u00f3n en Alemania participando en el equipamiento con tecnolog\u00eda 5G.<\/p>\n<p>Estado Unidos advirti\u00f3 a Alemania y a otros pa\u00edses sobre el uso de equipos de telecomunicaciones de la marca Huawei por temor al espionaje. La reacci\u00f3n de Alemania al respecto podr\u00eda tener efecto sobre otros pa\u00edses.<\/p>\n<p><em>Foto: Christophe Gateau\/dpa<\/em><\/p>\n<p>&nbsp;<\/p>\n","protected":false},"excerpt":{"rendered":"<p>Shanghai, 21 jun (dpa) &#8211; El ministro alem\u00e1n de Econom\u00eda, Peter Altmaier, se reuni\u00f3 hoy en Shanghai con Ren Zhengfei, fundador del gigante chino de las telecomunicaciones Huawei, uno de los puntos controvertidos en la disputa comercial entre Estados Unidos y China, informaron fuentes allegadas a la delegaci\u00f3n germana. Estados Unidos contempla la t\u00e9cnica de [&hellip;]<\/p>\n","protected":false},"author":1,"featured_media":1031950,"comment_status":"open","ping_status":"closed","sticky":false,"template":"","format":"standard","meta":{"footnotes":""},"categories":[219],"tags":[],"class_list":["post-1031949","post","type-post","status-publish","format-standard","has-post-thumbnail","hentry","category-negocios-y-empresas"],"aioseo_notices":[],"aioseo_head":"\n\t\t<!-- All in One SEO Pro 4.9.6.2 - aioseo.com -->\n\t<meta name=\"description\" content=\"Shanghai, 21 jun (dpa) - El ministro alem\u00e1n de Econom\u00eda, Peter Altmaier, se reuni\u00f3 hoy en Shanghai con Ren Zhengfei, fundador del gigante chino de las telecomunicaciones Huawei, uno de los puntos controvertidos en la disputa comercial entre Estados Unidos y China, informaron fuentes allegadas a la delegaci\u00f3n germana. Estados Unidos contempla la t\u00e9cnica de\" \/>\n\t<meta name=\"robots\" content=\"max-image-preview:large\" \/>\n\t<meta name=\"author\" content=\"El Digital de Asturias\"\/>\n\t<meta name=\"google-site-verification\" content=\"UA-38556648-1\" \/>\n\t<meta name=\"msvalidate.01\" content=\"7dfe9f3f1b24437ab69f4f2559babe99\" \/>\n\t<meta name=\"keywords\" content=\"negocios y empresas\" \/>\n\t<link rel=\"canonical\" href=\"https:\/\/www.eldigitaldeasturias.com\/noticias\/peter-altmaier-se-reune-con-el-fundador-de-huawei-en-china\/\" \/>\n\t<meta name=\"generator\" content=\"All in One SEO Pro (AIOSEO) 4.9.6.2\" \/>\n\t\t<meta property=\"og:locale\" content=\"es_ES\" \/>\n\t\t<meta property=\"og:site_name\" content=\"El Digital de Asturias\" \/>\n\t\t<meta property=\"og:type\" content=\"article\" \/>\n\t\t<meta property=\"og:title\" content=\"Peter Altmaier se re\u00fane con el fundador de Huawei en China - El Digital de Asturias\" \/>\n\t\t<meta property=\"og:description\" content=\"Shanghai, 21 jun (dpa) - El ministro alem\u00e1n de Econom\u00eda, Peter Altmaier, se reuni\u00f3 hoy en Shanghai con Ren Zhengfei, fundador del gigante chino de las telecomunicaciones Huawei, uno de los puntos controvertidos en la disputa comercial entre Estados Unidos y China, informaron fuentes allegadas a la delegaci\u00f3n germana. Estados Unidos contempla la t\u00e9cnica de\" \/>\n\t\t<meta property=\"og:url\" content=\"https:\/\/www.eldigitaldeasturias.com\/noticias\/peter-altmaier-se-reune-con-el-fundador-de-huawei-en-china\/\" \/>\n\t\t<meta property=\"og:image\" content=\"https:\/\/www.eldigitaldeasturias.com\/noticias\/wp-content\/uploads\/2019\/06\/Peter-Altmaier.jpg\" \/>\n\t\t<meta property=\"og:image:secure_url\" content=\"https:\/\/www.eldigitaldeasturias.com\/noticias\/wp-content\/uploads\/2019\/06\/Peter-Altmaier.jpg\" \/>\n\t\t<meta property=\"og:image:width\" content=\"999\" \/>\n\t\t<meta property=\"og:image:height\" content=\"646\" \/>\n\t\t<meta property=\"article:tag\" content=\"negocios y empresas\" \/>\n\t\t<meta property=\"article:published_time\" content=\"2019-06-22T08:08:45+00:00\" \/>\n\t\t<meta property=\"article:modified_time\" content=\"2019-06-22T08:08:45+00:00\" \/>\n\t\t<meta property=\"article:publisher\" content=\"https:\/\/facebook.com\/eldigitaldeasturias\" \/>\n\t\t<meta name=\"twitter:card\" content=\"summary_large_image\" \/>\n\t\t<meta name=\"twitter:title\" content=\"Peter Altmaier se re\u00fane con el fundador de Huawei en China - El Digital de Asturias\" \/>\n\t\t<meta name=\"twitter:description\" content=\"Shanghai, 21 jun (dpa) - El ministro alem\u00e1n de Econom\u00eda, Peter Altmaier, se reuni\u00f3 hoy en Shanghai con Ren Zhengfei, fundador del gigante chino de las telecomunicaciones Huawei, uno de los puntos controvertidos en la disputa comercial entre Estados Unidos y China, informaron fuentes allegadas a la delegaci\u00f3n germana. Estados Unidos contempla la t\u00e9cnica de\" \/>\n\t\t<meta name=\"twitter:image\" content=\"https:\/\/www.eldigitaldeasturias.com\/noticias\/wp-content\/uploads\/2019\/06\/Peter-Altmaier.jpg\" \/>\n\t\t<meta name=\"twitter:label1\" content=\"Escrito por\" \/>\n\t\t<meta name=\"twitter:data1\" content=\"El Digital de Asturias\" \/>\n\t\t<meta name=\"twitter:label2\" content=\"Tiempo de lectura estimado\" \/>\n\t\t<meta name=\"twitter:data2\" content=\"1 minuto\" \/>\n\t\t<script type=\"application\/ld+json\" class=\"aioseo-schema\">\n\t\t\t{\"@context\":\"https:\\\/\\\/schema.org\",\"@graph\":[{\"@type\":\"BlogPosting\",\"@id\":\"https:\\\/\\\/www.eldigitaldeasturias.com\\\/noticias\\\/peter-altmaier-se-reune-con-el-fundador-de-huawei-en-china\\\/#blogposting\",\"name\":\"Peter Altmaier se re\\u00fane con el fundador de Huawei en China - El Digital de Asturias\",\"headline\":\"Peter Altmaier se re\\u00fane con el fundador de Huawei en China\",\"author\":{\"@id\":\"https:\\\/\\\/www.eldigitaldeasturias.com\\\/noticias\\\/author\\\/admin\\\/#author\"},\"publisher\":{\"@id\":\"https:\\\/\\\/www.eldigitaldeasturias.com\\\/noticias\\\/#organization\"},\"image\":{\"@type\":\"ImageObject\",\"url\":\"https:\\\/\\\/www.eldigitaldeasturias.com\\\/noticias\\\/wp-content\\\/uploads\\\/2019\\\/06\\\/Peter-Altmaier.jpg\",\"width\":999,\"height\":646},\"datePublished\":\"2019-06-22T08:08:45+02:00\",\"dateModified\":\"2019-06-22T08:08:45+02:00\",\"inLanguage\":\"es-ES\",\"mainEntityOfPage\":{\"@id\":\"https:\\\/\\\/www.eldigitaldeasturias.com\\\/noticias\\\/peter-altmaier-se-reune-con-el-fundador-de-huawei-en-china\\\/#webpage\"},\"isPartOf\":{\"@id\":\"https:\\\/\\\/www.eldigitaldeasturias.com\\\/noticias\\\/peter-altmaier-se-reune-con-el-fundador-de-huawei-en-china\\\/#webpage\"},\"articleSection\":\"Negocios y Empresas\"},{\"@type\":\"BreadcrumbList\",\"@id\":\"https:\\\/\\\/www.eldigitaldeasturias.com\\\/noticias\\\/peter-altmaier-se-reune-con-el-fundador-de-huawei-en-china\\\/#breadcrumblist\",\"itemListElement\":[{\"@type\":\"ListItem\",\"@id\":\"https:\\\/\\\/www.eldigitaldeasturias.com\\\/noticias#listItem\",\"position\":1,\"name\":\"Home\",\"item\":\"https:\\\/\\\/www.eldigitaldeasturias.com\\\/noticias\",\"nextItem\":{\"@type\":\"ListItem\",\"@id\":\"https:\\\/\\\/www.eldigitaldeasturias.com\\\/noticias\\\/category\\\/negocios-y-empresas\\\/#listItem\",\"name\":\"Negocios y Empresas\"}},{\"@type\":\"ListItem\",\"@id\":\"https:\\\/\\\/www.eldigitaldeasturias.com\\\/noticias\\\/category\\\/negocios-y-empresas\\\/#listItem\",\"position\":2,\"name\":\"Negocios y Empresas\",\"item\":\"https:\\\/\\\/www.eldigitaldeasturias.com\\\/noticias\\\/category\\\/negocios-y-empresas\\\/\",\"nextItem\":{\"@type\":\"ListItem\",\"@id\":\"https:\\\/\\\/www.eldigitaldeasturias.com\\\/noticias\\\/peter-altmaier-se-reune-con-el-fundador-de-huawei-en-china\\\/#listItem\",\"name\":\"Peter Altmaier se re\\u00fane con el fundador de Huawei en China\"},\"previousItem\":{\"@type\":\"ListItem\",\"@id\":\"https:\\\/\\\/www.eldigitaldeasturias.com\\\/noticias#listItem\",\"name\":\"Home\"}},{\"@type\":\"ListItem\",\"@id\":\"https:\\\/\\\/www.eldigitaldeasturias.com\\\/noticias\\\/peter-altmaier-se-reune-con-el-fundador-de-huawei-en-china\\\/#listItem\",\"position\":3,\"name\":\"Peter Altmaier se re\\u00fane con el fundador de Huawei en China\",\"previousItem\":{\"@type\":\"ListItem\",\"@id\":\"https:\\\/\\\/www.eldigitaldeasturias.com\\\/noticias\\\/category\\\/negocios-y-empresas\\\/#listItem\",\"name\":\"Negocios y Empresas\"}}]},{\"@type\":\"Organization\",\"@id\":\"https:\\\/\\\/www.eldigitaldeasturias.com\\\/noticias\\\/#organization\",\"name\":\"El Digital de Asturias\",\"description\":\"Hemeroteca\",\"url\":\"https:\\\/\\\/www.eldigitaldeasturias.com\\\/noticias\\\/\",\"email\":\"info@eldigitaldeasturias.com\",\"telephone\":\"+34652131393\",\"logo\":{\"@type\":\"ImageObject\",\"url\":\"https:\\\/\\\/www.eldigitaldeasturias.com\\\/noticias\\\/wp-content\\\/uploads\\\/2020\\\/12\\\/EDA.jpg\",\"@id\":\"https:\\\/\\\/www.eldigitaldeasturias.com\\\/noticias\\\/peter-altmaier-se-reune-con-el-fundador-de-huawei-en-china\\\/#organizationLogo\",\"width\":649,\"height\":297},\"image\":{\"@id\":\"https:\\\/\\\/www.eldigitaldeasturias.com\\\/noticias\\\/peter-altmaier-se-reune-con-el-fundador-de-huawei-en-china\\\/#organizationLogo\"},\"sameAs\":[\"https:\\\/\\\/facebook.com\\\/eldigitaldeasturias\",\"https:\\\/\\\/www.youtube.com\\\/channel\\\/UCZP-2wLEB9Rv6erhFmqVnvg\"],\"address\":{\"@id\":\"https:\\\/\\\/www.eldigitaldeasturias.com\\\/noticias\\\/#postaladdress\",\"@type\":\"PostalAddress\",\"streetAddress\":\"san antonio 4,\",\"postalCode\":\"33430\",\"addressLocality\":\"Cand\\u00e1s\",\"addressRegion\":\"Asturias\",\"addressCountry\":\"ES\"}},{\"@type\":\"Person\",\"@id\":\"https:\\\/\\\/www.eldigitaldeasturias.com\\\/noticias\\\/author\\\/admin\\\/#author\",\"url\":\"https:\\\/\\\/www.eldigitaldeasturias.com\\\/noticias\\\/author\\\/admin\\\/\",\"name\":\"El Digital de Asturias\",\"image\":{\"@type\":\"ImageObject\",\"@id\":\"https:\\\/\\\/www.eldigitaldeasturias.com\\\/noticias\\\/peter-altmaier-se-reune-con-el-fundador-de-huawei-en-china\\\/#authorImage\",\"url\":\"https:\\\/\\\/www.eldigitaldeasturias.com\\\/noticias\\\/wp-content\\\/litespeed\\\/avatar\\\/18677e78aa0546b92d9dbf31ec7d7668.jpg?ver=1777290358\",\"width\":96,\"height\":96,\"caption\":\"El Digital de Asturias\"}},{\"@type\":\"WebPage\",\"@id\":\"https:\\\/\\\/www.eldigitaldeasturias.com\\\/noticias\\\/peter-altmaier-se-reune-con-el-fundador-de-huawei-en-china\\\/#webpage\",\"url\":\"https:\\\/\\\/www.eldigitaldeasturias.com\\\/noticias\\\/peter-altmaier-se-reune-con-el-fundador-de-huawei-en-china\\\/\",\"name\":\"Peter Altmaier se re\\u00fane con el fundador de Huawei en China - El Digital de Asturias\",\"description\":\"Shanghai, 21 jun (dpa) - El ministro alem\\u00e1n de Econom\\u00eda, Peter Altmaier, se reuni\\u00f3 hoy en Shanghai con Ren Zhengfei, fundador del gigante chino de las telecomunicaciones Huawei, uno de los puntos controvertidos en la disputa comercial entre Estados Unidos y China, informaron fuentes allegadas a la delegaci\\u00f3n germana. Estados Unidos contempla la t\\u00e9cnica de\",\"inLanguage\":\"es-ES\",\"isPartOf\":{\"@id\":\"https:\\\/\\\/www.eldigitaldeasturias.com\\\/noticias\\\/#website\"},\"breadcrumb\":{\"@id\":\"https:\\\/\\\/www.eldigitaldeasturias.com\\\/noticias\\\/peter-altmaier-se-reune-con-el-fundador-de-huawei-en-china\\\/#breadcrumblist\"},\"author\":{\"@id\":\"https:\\\/\\\/www.eldigitaldeasturias.com\\\/noticias\\\/author\\\/admin\\\/#author\"},\"creator\":{\"@id\":\"https:\\\/\\\/www.eldigitaldeasturias.com\\\/noticias\\\/author\\\/admin\\\/#author\"},\"image\":{\"@type\":\"ImageObject\",\"url\":\"https:\\\/\\\/www.eldigitaldeasturias.com\\\/noticias\\\/wp-content\\\/uploads\\\/2019\\\/06\\\/Peter-Altmaier.jpg\",\"@id\":\"https:\\\/\\\/www.eldigitaldeasturias.com\\\/noticias\\\/peter-altmaier-se-reune-con-el-fundador-de-huawei-en-china\\\/#mainImage\",\"width\":999,\"height\":646},\"primaryImageOfPage\":{\"@id\":\"https:\\\/\\\/www.eldigitaldeasturias.com\\\/noticias\\\/peter-altmaier-se-reune-con-el-fundador-de-huawei-en-china\\\/#mainImage\"},\"datePublished\":\"2019-06-22T08:08:45+02:00\",\"dateModified\":\"2019-06-22T08:08:45+02:00\"},{\"@type\":\"WebSite\",\"@id\":\"https:\\\/\\\/www.eldigitaldeasturias.com\\\/noticias\\\/#website\",\"url\":\"https:\\\/\\\/www.eldigitaldeasturias.com\\\/noticias\\\/\",\"name\":\"El Digital de Asturias - Diario de actualidad y noticias\",\"alternateName\":\"El Digital de Asturias - Diario de actualidad y noticias\",\"description\":\"Hemeroteca\",\"inLanguage\":\"es-ES\",\"publisher\":{\"@id\":\"https:\\\/\\\/www.eldigitaldeasturias.com\\\/noticias\\\/#organization\"}}]}\n\t\t<\/script>\n\t\t<!-- All in One SEO Pro -->\r\n\t\t<title>Peter Altmaier se re\u00fane con el fundador de Huawei en China - El Digital de Asturias<\/title>\n\n","aioseo_head_json":{"title":"Peter Altmaier se re\u00fane con el fundador de Huawei en China - El Digital de Asturias","description":"Shanghai, 21 jun (dpa) - El ministro alem\u00e1n de Econom\u00eda, Peter Altmaier, se reuni\u00f3 hoy en Shanghai con Ren Zhengfei, fundador del gigante chino de las telecomunicaciones Huawei, uno de los puntos controvertidos en la disputa comercial entre Estados Unidos y China, informaron fuentes allegadas a la delegaci\u00f3n germana. Estados Unidos contempla la t\u00e9cnica de","canonical_url":"https:\/\/www.eldigitaldeasturias.com\/noticias\/peter-altmaier-se-reune-con-el-fundador-de-huawei-en-china\/","robots":"max-image-preview:large","keywords":"negocios y empresas","webmasterTools":{"google-site-verification":"UA-38556648-1","msvalidate.01":"7dfe9f3f1b24437ab69f4f2559babe99","miscellaneous":""},"schema":{"@context":"https:\/\/schema.org","@graph":[{"@type":"BlogPosting","@id":"https:\/\/www.eldigitaldeasturias.com\/noticias\/peter-altmaier-se-reune-con-el-fundador-de-huawei-en-china\/#blogposting","name":"Peter Altmaier se re\u00fane con el fundador de Huawei en China - El Digital de Asturias","headline":"Peter Altmaier se re\u00fane con el fundador de Huawei en China","author":{"@id":"https:\/\/www.eldigitaldeasturias.com\/noticias\/author\/admin\/#author"},"publisher":{"@id":"https:\/\/www.eldigitaldeasturias.com\/noticias\/#organization"},"image":{"@type":"ImageObject","url":"https:\/\/www.eldigitaldeasturias.com\/noticias\/wp-content\/uploads\/2019\/06\/Peter-Altmaier.jpg","width":999,"height":646},"datePublished":"2019-06-22T08:08:45+02:00","dateModified":"2019-06-22T08:08:45+02:00","inLanguage":"es-ES","mainEntityOfPage":{"@id":"https:\/\/www.eldigitaldeasturias.com\/noticias\/peter-altmaier-se-reune-con-el-fundador-de-huawei-en-china\/#webpage"},"isPartOf":{"@id":"https:\/\/www.eldigitaldeasturias.com\/noticias\/peter-altmaier-se-reune-con-el-fundador-de-huawei-en-china\/#webpage"},"articleSection":"Negocios y Empresas"},{"@type":"BreadcrumbList","@id":"https:\/\/www.eldigitaldeasturias.com\/noticias\/peter-altmaier-se-reune-con-el-fundador-de-huawei-en-china\/#breadcrumblist","itemListElement":[{"@type":"ListItem","@id":"https:\/\/www.eldigitaldeasturias.com\/noticias#listItem","position":1,"name":"Home","item":"https:\/\/www.eldigitaldeasturias.com\/noticias","nextItem":{"@type":"ListItem","@id":"https:\/\/www.eldigitaldeasturias.com\/noticias\/category\/negocios-y-empresas\/#listItem","name":"Negocios y Empresas"}},{"@type":"ListItem","@id":"https:\/\/www.eldigitaldeasturias.com\/noticias\/category\/negocios-y-empresas\/#listItem","position":2,"name":"Negocios y Empresas","item":"https:\/\/www.eldigitaldeasturias.com\/noticias\/category\/negocios-y-empresas\/","nextItem":{"@type":"ListItem","@id":"https:\/\/www.eldigitaldeasturias.com\/noticias\/peter-altmaier-se-reune-con-el-fundador-de-huawei-en-china\/#listItem","name":"Peter Altmaier se re\u00fane con el fundador de Huawei en China"},"previousItem":{"@type":"ListItem","@id":"https:\/\/www.eldigitaldeasturias.com\/noticias#listItem","name":"Home"}},{"@type":"ListItem","@id":"https:\/\/www.eldigitaldeasturias.com\/noticias\/peter-altmaier-se-reune-con-el-fundador-de-huawei-en-china\/#listItem","position":3,"name":"Peter Altmaier se re\u00fane con el fundador de Huawei en China","previousItem":{"@type":"ListItem","@id":"https:\/\/www.eldigitaldeasturias.com\/noticias\/category\/negocios-y-empresas\/#listItem","name":"Negocios y Empresas"}}]},{"@type":"Organization","@id":"https:\/\/www.eldigitaldeasturias.com\/noticias\/#organization","name":"El Digital de Asturias","description":"Hemeroteca","url":"https:\/\/www.eldigitaldeasturias.com\/noticias\/","email":"info@eldigitaldeasturias.com","telephone":"+34652131393","logo":{"@type":"ImageObject","url":"https:\/\/www.eldigitaldeasturias.com\/noticias\/wp-content\/uploads\/2020\/12\/EDA.jpg","@id":"https:\/\/www.eldigitaldeasturias.com\/noticias\/peter-altmaier-se-reune-con-el-fundador-de-huawei-en-china\/#organizationLogo","width":649,"height":297},"image":{"@id":"https:\/\/www.eldigitaldeasturias.com\/noticias\/peter-altmaier-se-reune-con-el-fundador-de-huawei-en-china\/#organizationLogo"},"sameAs":["https:\/\/facebook.com\/eldigitaldeasturias","https:\/\/www.youtube.com\/channel\/UCZP-2wLEB9Rv6erhFmqVnvg"],"address":{"@id":"https:\/\/www.eldigitaldeasturias.com\/noticias\/#postaladdress","@type":"PostalAddress","streetAddress":"san antonio 4,","postalCode":"33430","addressLocality":"Cand\u00e1s","addressRegion":"Asturias","addressCountry":"ES"}},{"@type":"Person","@id":"https:\/\/www.eldigitaldeasturias.com\/noticias\/author\/admin\/#author","url":"https:\/\/www.eldigitaldeasturias.com\/noticias\/author\/admin\/","name":"El Digital de Asturias","image":{"@type":"ImageObject","@id":"https:\/\/www.eldigitaldeasturias.com\/noticias\/peter-altmaier-se-reune-con-el-fundador-de-huawei-en-china\/#authorImage","url":"https:\/\/www.eldigitaldeasturias.com\/noticias\/wp-content\/litespeed\/avatar\/18677e78aa0546b92d9dbf31ec7d7668.jpg?ver=1777290358","width":96,"height":96,"caption":"El Digital de Asturias"}},{"@type":"WebPage","@id":"https:\/\/www.eldigitaldeasturias.com\/noticias\/peter-altmaier-se-reune-con-el-fundador-de-huawei-en-china\/#webpage","url":"https:\/\/www.eldigitaldeasturias.com\/noticias\/peter-altmaier-se-reune-con-el-fundador-de-huawei-en-china\/","name":"Peter Altmaier se re\u00fane con el fundador de Huawei en China - El Digital de Asturias","description":"Shanghai, 21 jun (dpa) - El ministro alem\u00e1n de Econom\u00eda, Peter Altmaier, se reuni\u00f3 hoy en Shanghai con Ren Zhengfei, fundador del gigante chino de las telecomunicaciones Huawei, uno de los puntos controvertidos en la disputa comercial entre Estados Unidos y China, informaron fuentes allegadas a la delegaci\u00f3n germana. Estados Unidos contempla la t\u00e9cnica de","inLanguage":"es-ES","isPartOf":{"@id":"https:\/\/www.eldigitaldeasturias.com\/noticias\/#website"},"breadcrumb":{"@id":"https:\/\/www.eldigitaldeasturias.com\/noticias\/peter-altmaier-se-reune-con-el-fundador-de-huawei-en-china\/#breadcrumblist"},"author":{"@id":"https:\/\/www.eldigitaldeasturias.com\/noticias\/author\/admin\/#author"},"creator":{"@id":"https:\/\/www.eldigitaldeasturias.com\/noticias\/author\/admin\/#author"},"image":{"@type":"ImageObject","url":"https:\/\/www.eldigitaldeasturias.com\/noticias\/wp-content\/uploads\/2019\/06\/Peter-Altmaier.jpg","@id":"https:\/\/www.eldigitaldeasturias.com\/noticias\/peter-altmaier-se-reune-con-el-fundador-de-huawei-en-china\/#mainImage","width":999,"height":646},"primaryImageOfPage":{"@id":"https:\/\/www.eldigitaldeasturias.com\/noticias\/peter-altmaier-se-reune-con-el-fundador-de-huawei-en-china\/#mainImage"},"datePublished":"2019-06-22T08:08:45+02:00","dateModified":"2019-06-22T08:08:45+02:00"},{"@type":"WebSite","@id":"https:\/\/www.eldigitaldeasturias.com\/noticias\/#website","url":"https:\/\/www.eldigitaldeasturias.com\/noticias\/","name":"El Digital de Asturias - Diario de actualidad y noticias","alternateName":"El Digital de Asturias - Diario de actualidad y noticias","description":"Hemeroteca","inLanguage":"es-ES","publisher":{"@id":"https:\/\/www.eldigitaldeasturias.com\/noticias\/#organization"}}]},"og:locale":"es_ES","og:site_name":"El Digital de Asturias","og:type":"article","og:title":"Peter Altmaier se re\u00fane con el fundador de Huawei en China - El Digital de Asturias","og:description":"Shanghai, 21 jun (dpa) - El ministro alem\u00e1n de Econom\u00eda, Peter Altmaier, se reuni\u00f3 hoy en Shanghai con Ren Zhengfei, fundador del gigante chino de las telecomunicaciones Huawei, uno de los puntos controvertidos en la disputa comercial entre Estados Unidos y China, informaron fuentes allegadas a la delegaci\u00f3n germana. Estados Unidos contempla la t\u00e9cnica de","og:url":"https:\/\/www.eldigitaldeasturias.com\/noticias\/peter-altmaier-se-reune-con-el-fundador-de-huawei-en-china\/","og:image":"https:\/\/www.eldigitaldeasturias.com\/noticias\/wp-content\/uploads\/2019\/06\/Peter-Altmaier.jpg","og:image:secure_url":"https:\/\/www.eldigitaldeasturias.com\/noticias\/wp-content\/uploads\/2019\/06\/Peter-Altmaier.jpg","og:image:width":999,"og:image:height":646,"article:tag":["negocios y empresas"],"article:published_time":"2019-06-22T08:08:45+00:00","article:modified_time":"2019-06-22T08:08:45+00:00","article:publisher":"https:\/\/facebook.com\/eldigitaldeasturias","twitter:card":"summary_large_image","twitter:title":"Peter Altmaier se re\u00fane con el fundador de Huawei en China - El Digital de Asturias","twitter:description":"Shanghai, 21 jun (dpa) - El ministro alem\u00e1n de Econom\u00eda, Peter Altmaier, se reuni\u00f3 hoy en Shanghai con Ren Zhengfei, fundador del gigante chino de las telecomunicaciones Huawei, uno de los puntos controvertidos en la disputa comercial entre Estados Unidos y China, informaron fuentes allegadas a la delegaci\u00f3n germana. Estados Unidos contempla la t\u00e9cnica de","twitter:image":"https:\/\/www.eldigitaldeasturias.com\/noticias\/wp-content\/uploads\/2019\/06\/Peter-Altmaier.jpg","twitter:label1":"Escrito por","twitter:data1":"El Digital de Asturias","twitter:label2":"Tiempo de lectura estimado","twitter:data2":"1 minuto"},"aioseo_meta_data":{"post_id":"1031949","title":null,"description":null,"keywords":null,"keyphrases":null,"primary_term":null,"canonical_url":null,"og_title":null,"og_description":null,"og_object_type":"default","og_image_type":"default","og_image_url":null,"og_image_width":null,"og_image_height":null,"og_image_custom_url":null,"og_image_custom_fields":null,"og_video":null,"og_custom_url":null,"og_article_section":null,"og_article_tags":null,"twitter_use_og":false,"twitter_card":"default","twitter_image_type":"default","twitter_image_url":null,"twitter_image_custom_url":null,"twitter_image_custom_fields":null,"twitter_title":null,"twitter_description":null,"schema":{"blockGraphs":[],"customGraphs":[],"default":{"data":{"Article":[],"Course":[],"Dataset":[],"FAQPage":[],"Movie":[],"Person":[],"Product":[],"ProductReview":[],"Car":[],"Recipe":[],"Service":[],"SoftwareApplication":[],"WebPage":[]},"graphName":"","isEnabled":true},"graphs":[],"defaultGraph":"","defaultPostTypeGraph":""},"schema_type":null,"schema_type_options":null,"pillar_content":false,"robots_default":true,"robots_noindex":false,"robots_noarchive":false,"robots_nosnippet":false,"robots_nofollow":false,"robots_noimageindex":false,"robots_noodp":false,"robots_notranslate":false,"robots_max_snippet":null,"robots_max_videopreview":null,"robots_max_imagepreview":"large","priority":null,"frequency":null,"local_seo":null,"seo_analyzer_scan_date":"2025-10-18 20:27:15","breadcrumb_settings":null,"limit_modified_date":false,"open_ai":null,"ai":null,"created":"2020-12-21 11:10:07","updated":"2025-10-18 20:27:15"},"aioseo_breadcrumb":"<div class=\"aioseo-breadcrumbs\"><span class=\"aioseo-breadcrumb\">\n\t<a href=\"https:\/\/www.eldigitaldeasturias.com\/noticias\" title=\"Home\">Home<\/a>\n<\/span><span class=\"aioseo-breadcrumb-separator\">\u2013<\/span><span class=\"aioseo-breadcrumb\">\n\t<a href=\"https:\/\/www.eldigitaldeasturias.com\/noticias\/category\/negocios-y-empresas\/\" title=\"Negocios y Empresas\">Negocios y Empresas<\/a>\n<\/span><span class=\"aioseo-breadcrumb-separator\">\u2013<\/span><span class=\"aioseo-breadcrumb\">\n\t<a href=\"https:\/\/www.eldigitaldeasturias.com\/noticias\/peter-altmaier-se-reune-con-el-fundador-de-huawei-en-china\/\" title=\"Peter Altmaier se re\u00fane con el fundador de Huawei en China\">Peter Altmaier se re\u00fane con el fundador de Huawei en China<\/a>\n<\/span><\/div>","aioseo_breadcrumb_json":[{"label":"Home","link":"https:\/\/www.eldigitaldeasturias.com\/noticias"},{"label":"Negocios y Empresas","link":"https:\/\/www.eldigitaldeasturias.com\/noticias\/category\/negocios-y-empresas\/"},{"label":"Peter Altmaier se re\u00fane con el fundador de Huawei en China","link":"https:\/\/www.eldigitaldeasturias.com\/noticias\/peter-altmaier-se-reune-con-el-fundador-de-huawei-en-china\/"}],"_links":{"self":[{"href":"https:\/\/www.eldigitaldeasturias.com\/noticias\/wp-json\/wp\/v2\/posts\/1031949","targetHints":{"allow":["GET"]}}],"collection":[{"href":"https:\/\/www.eldigitaldeasturias.com\/noticias\/wp-json\/wp\/v2\/posts"}],"about":[{"href":"https:\/\/www.eldigitaldeasturias.com\/noticias\/wp-json\/wp\/v2\/types\/post"}],"author":[{"embeddable":true,"href":"https:\/\/www.eldigitaldeasturias.com\/noticias\/wp-json\/wp\/v2\/users\/1"}],"replies":[{"embeddable":true,"href":"https:\/\/www.eldigitaldeasturias.com\/noticias\/wp-json\/wp\/v2\/comments?post=1031949"}],"version-history":[{"count":0,"href":"https:\/\/www.eldigitaldeasturias.com\/noticias\/wp-json\/wp\/v2\/posts\/1031949\/revisions"}],"wp:featuredmedia":[{"embeddable":true,"href":"https:\/\/www.eldigitaldeasturias.com\/noticias\/wp-json\/wp\/v2\/media\/1031950"}],"wp:attachment":[{"href":"https:\/\/www.eldigitaldeasturias.com\/noticias\/wp-json\/wp\/v2\/media?parent=1031949"}],"wp:term":[{"taxonomy":"category","embeddable":true,"href":"https:\/\/www.eldigitaldeasturias.com\/noticias\/wp-json\/wp\/v2\/categories?post=1031949"},{"taxonomy":"post_tag","embeddable":true,"href":"https:\/\/www.eldigitaldeasturias.com\/noticias\/wp-json\/wp\/v2\/tags?post=1031949"}],"curies":[{"name":"wp","href":"https:\/\/api.w.org\/{rel}","templated":true}]}}