{"id":1031840,"date":"2019-06-20T21:41:33","date_gmt":"2019-06-20T21:41:33","guid":{"rendered":"https:\/\/www.eldigitaldeasturias.com\/noticias\/?p=1031840"},"modified":"2019-06-20T21:41:33","modified_gmt":"2019-06-20T21:41:33","slug":"play-off-de-ascenso-el-depor-mas-cerca-de-volver-a-primera","status":"publish","type":"post","link":"https:\/\/www.eldigitaldeasturias.com\/noticias\/play-off-de-ascenso-el-depor-mas-cerca-de-volver-a-primera\/","title":{"rendered":"Play-off de ascenso: El D\u00e9por m\u00e1s cerca de volver a Primera"},"content":{"rendered":"<p><img loading=\"lazy\" decoding=\"async\" class=\"alignleft size-medium wp-image-1031841\" src=\"https:\/\/www.eldigitaldeasturias.com\/noticias\/wp-content\/uploads\/2019\/06\/Depor-futbol-360x261.jpg\" alt=\"\" width=\"360\" height=\"261\" srcset=\"https:\/\/www.eldigitaldeasturias.com\/noticias\/wp-content\/uploads\/2019\/06\/Depor-futbol-360x261.jpg 360w, https:\/\/www.eldigitaldeasturias.com\/noticias\/wp-content\/uploads\/2019\/06\/Depor-futbol-768x557.jpg 768w, https:\/\/www.eldigitaldeasturias.com\/noticias\/wp-content\/uploads\/2019\/06\/Depor-futbol-650x472.jpg 650w, https:\/\/www.eldigitaldeasturias.com\/noticias\/wp-content\/uploads\/2019\/06\/Depor-futbol.jpg 889w\" sizes=\"auto, (max-width: 360px) 100vw, 360px\" \/>MADRID, 20 Jun. 2019 (Europa Press) &#8211;\u00a0El Deportivo de la Coru\u00f1a dio un paso de gigante este jueves para volver a Primera Divisi\u00f3n despu\u00e9s de imponerse al Mallorca (2-0) en el primer partido de la final del &#8216;play-off&#8217; de ascenso gracias a los goles de Fede Cartabia, en la primera mitad, y de Quique Gonz\u00e1lez en la recta final, despu\u00e9s de que el \u00e1rbitro asistente le diese emoci\u00f3n a la jugada esperando m\u00e1s de un minuto para conceder el segundo gol.<\/p>\n<p>El cuadro de Jos\u00e9 Luis Mart\u00ed fue mejor y lo reflej\u00f3 en el verde desde bien pronto con un carrusel de ocasiones. El conjunto deportivista, que ocup\u00f3 la \u00faltima plaza de la fase de promoci\u00f3n, ha llegado como un tiro a la pelea definitiva y lo est\u00e1 demostrando. Este jueves, ante su p\u00fablico, se acerc\u00f3 a la \u00e9lite con un partido muy completo y ante un rival menguado al jugar con diez toda la segunda mitad.<\/p>\n<p>Los gallegos enviaron el primer aviso al cuarto de hora con un derechazo de Carlos Fern\u00e1ndez que se march\u00f3 rozando el palo. Ra\u00edllo replic\u00f3 en el \u00e1rea contraria con un cabezazo potente, pero el dominio era blanquiazul. La escuadra y el cartab\u00f3n de Fede Cartabia fueron el mejor argumento de los coru\u00f1eses, sobre todo cuando el jugador argentino se solt\u00f3 la melena.<\/p>\n<p>Primero con un centro que fue un regalo y no pudo rematar Quique y despu\u00e9s con una falta exquisita que sorprendi\u00f3 al bueno de Reina. El zurdazo se col\u00f3 por toda la escuadra y puso en franca ventaja a los suyos. Para colmo del Mallorca, todo fue a su contra tan s\u00f3lo unos minutos despu\u00e9s. Al 1-0 se le sum\u00f3 la entrada salvaje -e involuntaria- de Pedraza a Berganti\u00f1os.<\/p>\n<p>El defensa del D\u00e9por tuvo que abandonar el terreno de juego ba\u00f1ado en sangre y Pedraza fue expulsado con roja directa. El cielo de Riazor se nubl\u00f3 para el equipo de Vicente Moreno, cuya actitud pas\u00f3 a ser \u00fanicamente defensiva pese a los cambios de la segunda mitad. Budimir pudo haber cambiado el curso del partido, pero su \u00fanico lanzamiento se fue a las nubes.<\/p>\n<p>Entre tanto, el Deportivo lo hab\u00eda intentado con un remate de Carlos Fern\u00e1ndez, algo desviado tras un regalo de Sa\u00fal, y sigui\u00f3 embotellando al conjunto balear hasta que Fede Cartabia -otra vez- puso un bal\u00f3n con m\u00fasica al coraz\u00f3n del \u00e1rea. Quique remat\u00f3 y Ra\u00edllo intent\u00f3 sacarla, pero el cuero sobrepas\u00f3 la l\u00ednea de fondo sin discusi\u00f3n.<\/p>\n<p>A falta de VAR, el colegiado tuvo que dialogar con su asistente durante un minuto para tomar la decisi\u00f3n. El Mallorca, que se hart\u00f3 a protestar, no llega a entender por qu\u00e9 el linier levant\u00f3 el bander\u00edn si finalmente concedi\u00f3 gol al Deportivo. El 2-0 deja al D\u00e9por en franca ventaja, pero un triunfo por el mismo resultado este domingo ser\u00eda suficiente para que los bermellones volviesen a Primera.<\/p>\n<h4>FICHA T\u00c9CNICA.<\/h4>\n<p>RESULTADO: DEPORTIVO CORU\u00d1A, 2 &#8211; MALLORCA, 0 (1-0, al descanso).<\/p>\n<p>ALINEACIONES.<\/p>\n<p>DEPORTIVO: Dani Gim\u00e9nez; B\u00f3veda, Duarte, Somma (David Sim\u00f3n, min.46), Sa\u00fal Garc\u00eda, Cartabia (Borja Valle, min.83), Berganti\u00f1os (Vicente G\u00f3mez, min.42), Exp\u00f3sito, Pedro S\u00e1nchez; Carlos Fern\u00e1ndez y Quique Gonz\u00e1lez.<\/p>\n<p>MALLORCA: Reina; Joan Sastre, Valjent, Ra\u00edllo, Estupi\u00f1\u00e1n; Leo Su\u00e1rez (Baba, min.52), Pedraza, Salva Sevilla (Fran G\u00e1mez, min.79), Dani Rodr\u00edguez; Lago Junior y Abd\u00f3n Prats (Budimir, min.64).<\/p>\n<p>GOLES:<\/p>\n<p>1 &#8211; 0, min.37, Cartabia.<\/p>\n<p>2 &#8211; 0, min.80, Quique Gonz\u00e1lez.<\/p>\n<p>\u00c1RBITRO: Trujillo Su\u00e1rez (C.Tinerfe\u00f1o). Amonest\u00f3 con tarjeta amarilla a Sastre (min.45), Leo Su\u00e1rez (min.45), Lago Junior (min.54), Reina (min.80) y Ra\u00edllo (min.91) en el Mallorca y a Edu Exp\u00f3sito (min.45) y Pedro S\u00e1nchez (min.66), en el Deportivo. Expuls\u00f3 con roja directa a Pedraza (min.40) en el Mallorca.<\/p>\n<p>ESTADIO: Abanca-Riazor.<\/p>\n<p><em>Foto: LALIGA \/ Europa Press<\/em><\/p>\n<p>&nbsp;<\/p>\n","protected":false},"excerpt":{"rendered":"<p>MADRID, 20 Jun. 2019 (Europa Press) &#8211;\u00a0El Deportivo de la Coru\u00f1a dio un paso de gigante este jueves para volver a Primera Divisi\u00f3n despu\u00e9s de imponerse al Mallorca (2-0) en el primer partido de la final del &#8216;play-off&#8217; de ascenso gracias a los goles de Fede Cartabia, en la primera mitad, y de Quique Gonz\u00e1lez [&hellip;]<\/p>\n","protected":false},"author":1,"featured_media":1031841,"comment_status":"open","ping_status":"closed","sticky":false,"template":"","format":"standard","meta":{"footnotes":""},"categories":[190],"tags":[],"class_list":["post-1031840","post","type-post","status-publish","format-standard","has-post-thumbnail","hentry","category-deportes"],"aioseo_notices":[],"aioseo_head":"\n\t\t<!-- All in One SEO Pro 4.9.6.2 - aioseo.com -->\n\t<meta name=\"description\" content=\"MADRID, 20 Jun. 2019 (Europa Press) - El Deportivo de la Coru\u00f1a dio un paso de gigante este jueves para volver a Primera Divisi\u00f3n despu\u00e9s de imponerse al Mallorca (2-0) en el primer partido de la final del &#039;play-off&#039; de ascenso gracias a los goles de Fede Cartabia, en la primera mitad, y de Quique Gonz\u00e1lez\" \/>\n\t<meta name=\"robots\" content=\"max-image-preview:large\" \/>\n\t<meta name=\"author\" content=\"El Digital de Asturias\"\/>\n\t<meta name=\"google-site-verification\" content=\"UA-38556648-1\" \/>\n\t<meta name=\"msvalidate.01\" content=\"7dfe9f3f1b24437ab69f4f2559babe99\" \/>\n\t<meta name=\"keywords\" content=\"deportes\" \/>\n\t<link rel=\"canonical\" href=\"https:\/\/www.eldigitaldeasturias.com\/noticias\/play-off-de-ascenso-el-depor-mas-cerca-de-volver-a-primera\/\" \/>\n\t<meta name=\"generator\" content=\"All in One SEO Pro (AIOSEO) 4.9.6.2\" \/>\n\t\t<meta property=\"og:locale\" content=\"es_ES\" \/>\n\t\t<meta property=\"og:site_name\" content=\"El Digital de Asturias\" \/>\n\t\t<meta property=\"og:type\" content=\"article\" \/>\n\t\t<meta property=\"og:title\" content=\"Play-off de ascenso: El D\u00e9por m\u00e1s cerca de volver a Primera - El Digital de Asturias\" \/>\n\t\t<meta property=\"og:description\" content=\"MADRID, 20 Jun. 2019 (Europa Press) - El Deportivo de la Coru\u00f1a dio un paso de gigante este jueves para volver a Primera Divisi\u00f3n despu\u00e9s de imponerse al Mallorca (2-0) en el primer partido de la final del &#039;play-off&#039; de ascenso gracias a los goles de Fede Cartabia, en la primera mitad, y de Quique Gonz\u00e1lez\" \/>\n\t\t<meta property=\"og:url\" content=\"https:\/\/www.eldigitaldeasturias.com\/noticias\/play-off-de-ascenso-el-depor-mas-cerca-de-volver-a-primera\/\" \/>\n\t\t<meta property=\"og:image\" content=\"https:\/\/www.eldigitaldeasturias.com\/noticias\/wp-content\/uploads\/2019\/06\/Depor-futbol.jpg\" \/>\n\t\t<meta property=\"og:image:secure_url\" content=\"https:\/\/www.eldigitaldeasturias.com\/noticias\/wp-content\/uploads\/2019\/06\/Depor-futbol.jpg\" \/>\n\t\t<meta property=\"og:image:width\" content=\"889\" \/>\n\t\t<meta property=\"og:image:height\" content=\"645\" \/>\n\t\t<meta property=\"article:tag\" content=\"deportes\" \/>\n\t\t<meta property=\"article:published_time\" content=\"2019-06-20T21:41:33+00:00\" \/>\n\t\t<meta property=\"article:modified_time\" content=\"2019-06-20T21:41:33+00:00\" \/>\n\t\t<meta property=\"article:publisher\" content=\"https:\/\/facebook.com\/eldigitaldeasturias\" \/>\n\t\t<meta name=\"twitter:card\" content=\"summary_large_image\" \/>\n\t\t<meta name=\"twitter:title\" content=\"Play-off de ascenso: El D\u00e9por m\u00e1s cerca de volver a Primera - El Digital de Asturias\" \/>\n\t\t<meta name=\"twitter:description\" content=\"MADRID, 20 Jun. 2019 (Europa Press) - El Deportivo de la Coru\u00f1a dio un paso de gigante este jueves para volver a Primera Divisi\u00f3n despu\u00e9s de imponerse al Mallorca (2-0) en el primer partido de la final del &#039;play-off&#039; de ascenso gracias a los goles de Fede Cartabia, en la primera mitad, y de Quique Gonz\u00e1lez\" \/>\n\t\t<meta name=\"twitter:image\" content=\"https:\/\/www.eldigitaldeasturias.com\/noticias\/wp-content\/uploads\/2019\/06\/Depor-futbol.jpg\" \/>\n\t\t<meta name=\"twitter:label1\" content=\"Escrito por\" \/>\n\t\t<meta name=\"twitter:data1\" content=\"El Digital de Asturias\" \/>\n\t\t<meta name=\"twitter:label2\" content=\"Tiempo de lectura estimado\" \/>\n\t\t<meta name=\"twitter:data2\" content=\"3 minutos\" \/>\n\t\t<script type=\"application\/ld+json\" class=\"aioseo-schema\">\n\t\t\t{\"@context\":\"https:\\\/\\\/schema.org\",\"@graph\":[{\"@type\":\"BlogPosting\",\"@id\":\"https:\\\/\\\/www.eldigitaldeasturias.com\\\/noticias\\\/play-off-de-ascenso-el-depor-mas-cerca-de-volver-a-primera\\\/#blogposting\",\"name\":\"Play-off de ascenso: El D\\u00e9por m\\u00e1s cerca de volver a Primera - El Digital de Asturias\",\"headline\":\"Play-off de ascenso: El D\\u00e9por m\\u00e1s cerca de volver a Primera\",\"author\":{\"@id\":\"https:\\\/\\\/www.eldigitaldeasturias.com\\\/noticias\\\/author\\\/admin\\\/#author\"},\"publisher\":{\"@id\":\"https:\\\/\\\/www.eldigitaldeasturias.com\\\/noticias\\\/#organization\"},\"image\":{\"@type\":\"ImageObject\",\"url\":\"https:\\\/\\\/www.eldigitaldeasturias.com\\\/noticias\\\/wp-content\\\/uploads\\\/2019\\\/06\\\/Depor-futbol.jpg\",\"width\":889,\"height\":645},\"datePublished\":\"2019-06-20T21:41:33+02:00\",\"dateModified\":\"2019-06-20T21:41:33+02:00\",\"inLanguage\":\"es-ES\",\"mainEntityOfPage\":{\"@id\":\"https:\\\/\\\/www.eldigitaldeasturias.com\\\/noticias\\\/play-off-de-ascenso-el-depor-mas-cerca-de-volver-a-primera\\\/#webpage\"},\"isPartOf\":{\"@id\":\"https:\\\/\\\/www.eldigitaldeasturias.com\\\/noticias\\\/play-off-de-ascenso-el-depor-mas-cerca-de-volver-a-primera\\\/#webpage\"},\"articleSection\":\"Deportes\"},{\"@type\":\"BreadcrumbList\",\"@id\":\"https:\\\/\\\/www.eldigitaldeasturias.com\\\/noticias\\\/play-off-de-ascenso-el-depor-mas-cerca-de-volver-a-primera\\\/#breadcrumblist\",\"itemListElement\":[{\"@type\":\"ListItem\",\"@id\":\"https:\\\/\\\/www.eldigitaldeasturias.com\\\/noticias#listItem\",\"position\":1,\"name\":\"Home\",\"item\":\"https:\\\/\\\/www.eldigitaldeasturias.com\\\/noticias\",\"nextItem\":{\"@type\":\"ListItem\",\"@id\":\"https:\\\/\\\/www.eldigitaldeasturias.com\\\/noticias\\\/category\\\/deportes\\\/#listItem\",\"name\":\"Deportes\"}},{\"@type\":\"ListItem\",\"@id\":\"https:\\\/\\\/www.eldigitaldeasturias.com\\\/noticias\\\/category\\\/deportes\\\/#listItem\",\"position\":2,\"name\":\"Deportes\",\"item\":\"https:\\\/\\\/www.eldigitaldeasturias.com\\\/noticias\\\/category\\\/deportes\\\/\",\"nextItem\":{\"@type\":\"ListItem\",\"@id\":\"https:\\\/\\\/www.eldigitaldeasturias.com\\\/noticias\\\/play-off-de-ascenso-el-depor-mas-cerca-de-volver-a-primera\\\/#listItem\",\"name\":\"Play-off de ascenso: El D\\u00e9por m\\u00e1s cerca de volver a Primera\"},\"previousItem\":{\"@type\":\"ListItem\",\"@id\":\"https:\\\/\\\/www.eldigitaldeasturias.com\\\/noticias#listItem\",\"name\":\"Home\"}},{\"@type\":\"ListItem\",\"@id\":\"https:\\\/\\\/www.eldigitaldeasturias.com\\\/noticias\\\/play-off-de-ascenso-el-depor-mas-cerca-de-volver-a-primera\\\/#listItem\",\"position\":3,\"name\":\"Play-off de ascenso: El D\\u00e9por m\\u00e1s cerca de volver a Primera\",\"previousItem\":{\"@type\":\"ListItem\",\"@id\":\"https:\\\/\\\/www.eldigitaldeasturias.com\\\/noticias\\\/category\\\/deportes\\\/#listItem\",\"name\":\"Deportes\"}}]},{\"@type\":\"Organization\",\"@id\":\"https:\\\/\\\/www.eldigitaldeasturias.com\\\/noticias\\\/#organization\",\"name\":\"El Digital de Asturias\",\"description\":\"Hemeroteca\",\"url\":\"https:\\\/\\\/www.eldigitaldeasturias.com\\\/noticias\\\/\",\"email\":\"info@eldigitaldeasturias.com\",\"telephone\":\"+34652131393\",\"logo\":{\"@type\":\"ImageObject\",\"url\":\"https:\\\/\\\/www.eldigitaldeasturias.com\\\/noticias\\\/wp-content\\\/uploads\\\/2020\\\/12\\\/EDA.jpg\",\"@id\":\"https:\\\/\\\/www.eldigitaldeasturias.com\\\/noticias\\\/play-off-de-ascenso-el-depor-mas-cerca-de-volver-a-primera\\\/#organizationLogo\",\"width\":649,\"height\":297},\"image\":{\"@id\":\"https:\\\/\\\/www.eldigitaldeasturias.com\\\/noticias\\\/play-off-de-ascenso-el-depor-mas-cerca-de-volver-a-primera\\\/#organizationLogo\"},\"sameAs\":[\"https:\\\/\\\/facebook.com\\\/eldigitaldeasturias\",\"https:\\\/\\\/www.youtube.com\\\/channel\\\/UCZP-2wLEB9Rv6erhFmqVnvg\"],\"address\":{\"@id\":\"https:\\\/\\\/www.eldigitaldeasturias.com\\\/noticias\\\/#postaladdress\",\"@type\":\"PostalAddress\",\"streetAddress\":\"san antonio 4,\",\"postalCode\":\"33430\",\"addressLocality\":\"Cand\\u00e1s\",\"addressRegion\":\"Asturias\",\"addressCountry\":\"ES\"}},{\"@type\":\"Person\",\"@id\":\"https:\\\/\\\/www.eldigitaldeasturias.com\\\/noticias\\\/author\\\/admin\\\/#author\",\"url\":\"https:\\\/\\\/www.eldigitaldeasturias.com\\\/noticias\\\/author\\\/admin\\\/\",\"name\":\"El Digital de Asturias\",\"image\":{\"@type\":\"ImageObject\",\"@id\":\"https:\\\/\\\/www.eldigitaldeasturias.com\\\/noticias\\\/play-off-de-ascenso-el-depor-mas-cerca-de-volver-a-primera\\\/#authorImage\",\"url\":\"https:\\\/\\\/www.eldigitaldeasturias.com\\\/noticias\\\/wp-content\\\/litespeed\\\/avatar\\\/18677e78aa0546b92d9dbf31ec7d7668.jpg?ver=1776685526\",\"width\":96,\"height\":96,\"caption\":\"El Digital de Asturias\"}},{\"@type\":\"WebPage\",\"@id\":\"https:\\\/\\\/www.eldigitaldeasturias.com\\\/noticias\\\/play-off-de-ascenso-el-depor-mas-cerca-de-volver-a-primera\\\/#webpage\",\"url\":\"https:\\\/\\\/www.eldigitaldeasturias.com\\\/noticias\\\/play-off-de-ascenso-el-depor-mas-cerca-de-volver-a-primera\\\/\",\"name\":\"Play-off de ascenso: El D\\u00e9por m\\u00e1s cerca de volver a Primera - El Digital de Asturias\",\"description\":\"MADRID, 20 Jun. 2019 (Europa Press) - El Deportivo de la Coru\\u00f1a dio un paso de gigante este jueves para volver a Primera Divisi\\u00f3n despu\\u00e9s de imponerse al Mallorca (2-0) en el primer partido de la final del 'play-off' de ascenso gracias a los goles de Fede Cartabia, en la primera mitad, y de Quique Gonz\\u00e1lez\",\"inLanguage\":\"es-ES\",\"isPartOf\":{\"@id\":\"https:\\\/\\\/www.eldigitaldeasturias.com\\\/noticias\\\/#website\"},\"breadcrumb\":{\"@id\":\"https:\\\/\\\/www.eldigitaldeasturias.com\\\/noticias\\\/play-off-de-ascenso-el-depor-mas-cerca-de-volver-a-primera\\\/#breadcrumblist\"},\"author\":{\"@id\":\"https:\\\/\\\/www.eldigitaldeasturias.com\\\/noticias\\\/author\\\/admin\\\/#author\"},\"creator\":{\"@id\":\"https:\\\/\\\/www.eldigitaldeasturias.com\\\/noticias\\\/author\\\/admin\\\/#author\"},\"image\":{\"@type\":\"ImageObject\",\"url\":\"https:\\\/\\\/www.eldigitaldeasturias.com\\\/noticias\\\/wp-content\\\/uploads\\\/2019\\\/06\\\/Depor-futbol.jpg\",\"@id\":\"https:\\\/\\\/www.eldigitaldeasturias.com\\\/noticias\\\/play-off-de-ascenso-el-depor-mas-cerca-de-volver-a-primera\\\/#mainImage\",\"width\":889,\"height\":645},\"primaryImageOfPage\":{\"@id\":\"https:\\\/\\\/www.eldigitaldeasturias.com\\\/noticias\\\/play-off-de-ascenso-el-depor-mas-cerca-de-volver-a-primera\\\/#mainImage\"},\"datePublished\":\"2019-06-20T21:41:33+02:00\",\"dateModified\":\"2019-06-20T21:41:33+02:00\"},{\"@type\":\"WebSite\",\"@id\":\"https:\\\/\\\/www.eldigitaldeasturias.com\\\/noticias\\\/#website\",\"url\":\"https:\\\/\\\/www.eldigitaldeasturias.com\\\/noticias\\\/\",\"name\":\"El Digital de Asturias - Diario de actualidad y noticias\",\"alternateName\":\"El Digital de Asturias - Diario de actualidad y noticias\",\"description\":\"Hemeroteca\",\"inLanguage\":\"es-ES\",\"publisher\":{\"@id\":\"https:\\\/\\\/www.eldigitaldeasturias.com\\\/noticias\\\/#organization\"}}]}\n\t\t<\/script>\n\t\t<!-- All in One SEO Pro -->\r\n\t\t<title>Play-off de ascenso: El D\u00e9por m\u00e1s cerca de volver a Primera - El Digital de Asturias<\/title>\n\n","aioseo_head_json":{"title":"Play-off de ascenso: El D\u00e9por m\u00e1s cerca de volver a Primera - El Digital de Asturias","description":"MADRID, 20 Jun. 2019 (Europa Press) - El Deportivo de la Coru\u00f1a dio un paso de gigante este jueves para volver a Primera Divisi\u00f3n despu\u00e9s de imponerse al Mallorca (2-0) en el primer partido de la final del 'play-off' de ascenso gracias a los goles de Fede Cartabia, en la primera mitad, y de Quique Gonz\u00e1lez","canonical_url":"https:\/\/www.eldigitaldeasturias.com\/noticias\/play-off-de-ascenso-el-depor-mas-cerca-de-volver-a-primera\/","robots":"max-image-preview:large","keywords":"deportes","webmasterTools":{"google-site-verification":"UA-38556648-1","msvalidate.01":"7dfe9f3f1b24437ab69f4f2559babe99","miscellaneous":""},"schema":{"@context":"https:\/\/schema.org","@graph":[{"@type":"BlogPosting","@id":"https:\/\/www.eldigitaldeasturias.com\/noticias\/play-off-de-ascenso-el-depor-mas-cerca-de-volver-a-primera\/#blogposting","name":"Play-off de ascenso: El D\u00e9por m\u00e1s cerca de volver a Primera - El Digital de Asturias","headline":"Play-off de ascenso: El D\u00e9por m\u00e1s cerca de volver a Primera","author":{"@id":"https:\/\/www.eldigitaldeasturias.com\/noticias\/author\/admin\/#author"},"publisher":{"@id":"https:\/\/www.eldigitaldeasturias.com\/noticias\/#organization"},"image":{"@type":"ImageObject","url":"https:\/\/www.eldigitaldeasturias.com\/noticias\/wp-content\/uploads\/2019\/06\/Depor-futbol.jpg","width":889,"height":645},"datePublished":"2019-06-20T21:41:33+02:00","dateModified":"2019-06-20T21:41:33+02:00","inLanguage":"es-ES","mainEntityOfPage":{"@id":"https:\/\/www.eldigitaldeasturias.com\/noticias\/play-off-de-ascenso-el-depor-mas-cerca-de-volver-a-primera\/#webpage"},"isPartOf":{"@id":"https:\/\/www.eldigitaldeasturias.com\/noticias\/play-off-de-ascenso-el-depor-mas-cerca-de-volver-a-primera\/#webpage"},"articleSection":"Deportes"},{"@type":"BreadcrumbList","@id":"https:\/\/www.eldigitaldeasturias.com\/noticias\/play-off-de-ascenso-el-depor-mas-cerca-de-volver-a-primera\/#breadcrumblist","itemListElement":[{"@type":"ListItem","@id":"https:\/\/www.eldigitaldeasturias.com\/noticias#listItem","position":1,"name":"Home","item":"https:\/\/www.eldigitaldeasturias.com\/noticias","nextItem":{"@type":"ListItem","@id":"https:\/\/www.eldigitaldeasturias.com\/noticias\/category\/deportes\/#listItem","name":"Deportes"}},{"@type":"ListItem","@id":"https:\/\/www.eldigitaldeasturias.com\/noticias\/category\/deportes\/#listItem","position":2,"name":"Deportes","item":"https:\/\/www.eldigitaldeasturias.com\/noticias\/category\/deportes\/","nextItem":{"@type":"ListItem","@id":"https:\/\/www.eldigitaldeasturias.com\/noticias\/play-off-de-ascenso-el-depor-mas-cerca-de-volver-a-primera\/#listItem","name":"Play-off de ascenso: El D\u00e9por m\u00e1s cerca de volver a Primera"},"previousItem":{"@type":"ListItem","@id":"https:\/\/www.eldigitaldeasturias.com\/noticias#listItem","name":"Home"}},{"@type":"ListItem","@id":"https:\/\/www.eldigitaldeasturias.com\/noticias\/play-off-de-ascenso-el-depor-mas-cerca-de-volver-a-primera\/#listItem","position":3,"name":"Play-off de ascenso: El D\u00e9por m\u00e1s cerca de volver a Primera","previousItem":{"@type":"ListItem","@id":"https:\/\/www.eldigitaldeasturias.com\/noticias\/category\/deportes\/#listItem","name":"Deportes"}}]},{"@type":"Organization","@id":"https:\/\/www.eldigitaldeasturias.com\/noticias\/#organization","name":"El Digital de Asturias","description":"Hemeroteca","url":"https:\/\/www.eldigitaldeasturias.com\/noticias\/","email":"info@eldigitaldeasturias.com","telephone":"+34652131393","logo":{"@type":"ImageObject","url":"https:\/\/www.eldigitaldeasturias.com\/noticias\/wp-content\/uploads\/2020\/12\/EDA.jpg","@id":"https:\/\/www.eldigitaldeasturias.com\/noticias\/play-off-de-ascenso-el-depor-mas-cerca-de-volver-a-primera\/#organizationLogo","width":649,"height":297},"image":{"@id":"https:\/\/www.eldigitaldeasturias.com\/noticias\/play-off-de-ascenso-el-depor-mas-cerca-de-volver-a-primera\/#organizationLogo"},"sameAs":["https:\/\/facebook.com\/eldigitaldeasturias","https:\/\/www.youtube.com\/channel\/UCZP-2wLEB9Rv6erhFmqVnvg"],"address":{"@id":"https:\/\/www.eldigitaldeasturias.com\/noticias\/#postaladdress","@type":"PostalAddress","streetAddress":"san antonio 4,","postalCode":"33430","addressLocality":"Cand\u00e1s","addressRegion":"Asturias","addressCountry":"ES"}},{"@type":"Person","@id":"https:\/\/www.eldigitaldeasturias.com\/noticias\/author\/admin\/#author","url":"https:\/\/www.eldigitaldeasturias.com\/noticias\/author\/admin\/","name":"El Digital de Asturias","image":{"@type":"ImageObject","@id":"https:\/\/www.eldigitaldeasturias.com\/noticias\/play-off-de-ascenso-el-depor-mas-cerca-de-volver-a-primera\/#authorImage","url":"https:\/\/www.eldigitaldeasturias.com\/noticias\/wp-content\/litespeed\/avatar\/18677e78aa0546b92d9dbf31ec7d7668.jpg?ver=1776685526","width":96,"height":96,"caption":"El Digital de Asturias"}},{"@type":"WebPage","@id":"https:\/\/www.eldigitaldeasturias.com\/noticias\/play-off-de-ascenso-el-depor-mas-cerca-de-volver-a-primera\/#webpage","url":"https:\/\/www.eldigitaldeasturias.com\/noticias\/play-off-de-ascenso-el-depor-mas-cerca-de-volver-a-primera\/","name":"Play-off de ascenso: El D\u00e9por m\u00e1s cerca de volver a Primera - El Digital de Asturias","description":"MADRID, 20 Jun. 2019 (Europa Press) - El Deportivo de la Coru\u00f1a dio un paso de gigante este jueves para volver a Primera Divisi\u00f3n despu\u00e9s de imponerse al Mallorca (2-0) en el primer partido de la final del 'play-off' de ascenso gracias a los goles de Fede Cartabia, en la primera mitad, y de Quique Gonz\u00e1lez","inLanguage":"es-ES","isPartOf":{"@id":"https:\/\/www.eldigitaldeasturias.com\/noticias\/#website"},"breadcrumb":{"@id":"https:\/\/www.eldigitaldeasturias.com\/noticias\/play-off-de-ascenso-el-depor-mas-cerca-de-volver-a-primera\/#breadcrumblist"},"author":{"@id":"https:\/\/www.eldigitaldeasturias.com\/noticias\/author\/admin\/#author"},"creator":{"@id":"https:\/\/www.eldigitaldeasturias.com\/noticias\/author\/admin\/#author"},"image":{"@type":"ImageObject","url":"https:\/\/www.eldigitaldeasturias.com\/noticias\/wp-content\/uploads\/2019\/06\/Depor-futbol.jpg","@id":"https:\/\/www.eldigitaldeasturias.com\/noticias\/play-off-de-ascenso-el-depor-mas-cerca-de-volver-a-primera\/#mainImage","width":889,"height":645},"primaryImageOfPage":{"@id":"https:\/\/www.eldigitaldeasturias.com\/noticias\/play-off-de-ascenso-el-depor-mas-cerca-de-volver-a-primera\/#mainImage"},"datePublished":"2019-06-20T21:41:33+02:00","dateModified":"2019-06-20T21:41:33+02:00"},{"@type":"WebSite","@id":"https:\/\/www.eldigitaldeasturias.com\/noticias\/#website","url":"https:\/\/www.eldigitaldeasturias.com\/noticias\/","name":"El Digital de Asturias - Diario de actualidad y noticias","alternateName":"El Digital de Asturias - Diario de actualidad y noticias","description":"Hemeroteca","inLanguage":"es-ES","publisher":{"@id":"https:\/\/www.eldigitaldeasturias.com\/noticias\/#organization"}}]},"og:locale":"es_ES","og:site_name":"El Digital de Asturias","og:type":"article","og:title":"Play-off de ascenso: El D\u00e9por m\u00e1s cerca de volver a Primera - El Digital de Asturias","og:description":"MADRID, 20 Jun. 2019 (Europa Press) - El Deportivo de la Coru\u00f1a dio un paso de gigante este jueves para volver a Primera Divisi\u00f3n despu\u00e9s de imponerse al Mallorca (2-0) en el primer partido de la final del 'play-off' de ascenso gracias a los goles de Fede Cartabia, en la primera mitad, y de Quique Gonz\u00e1lez","og:url":"https:\/\/www.eldigitaldeasturias.com\/noticias\/play-off-de-ascenso-el-depor-mas-cerca-de-volver-a-primera\/","og:image":"https:\/\/www.eldigitaldeasturias.com\/noticias\/wp-content\/uploads\/2019\/06\/Depor-futbol.jpg","og:image:secure_url":"https:\/\/www.eldigitaldeasturias.com\/noticias\/wp-content\/uploads\/2019\/06\/Depor-futbol.jpg","og:image:width":889,"og:image:height":645,"article:tag":["deportes"],"article:published_time":"2019-06-20T21:41:33+00:00","article:modified_time":"2019-06-20T21:41:33+00:00","article:publisher":"https:\/\/facebook.com\/eldigitaldeasturias","twitter:card":"summary_large_image","twitter:title":"Play-off de ascenso: El D\u00e9por m\u00e1s cerca de volver a Primera - El Digital de Asturias","twitter:description":"MADRID, 20 Jun. 2019 (Europa Press) - El Deportivo de la Coru\u00f1a dio un paso de gigante este jueves para volver a Primera Divisi\u00f3n despu\u00e9s de imponerse al Mallorca (2-0) en el primer partido de la final del 'play-off' de ascenso gracias a los goles de Fede Cartabia, en la primera mitad, y de Quique Gonz\u00e1lez","twitter:image":"https:\/\/www.eldigitaldeasturias.com\/noticias\/wp-content\/uploads\/2019\/06\/Depor-futbol.jpg","twitter:label1":"Escrito por","twitter:data1":"El Digital de Asturias","twitter:label2":"Tiempo de lectura estimado","twitter:data2":"3 minutos"},"aioseo_meta_data":{"post_id":"1031840","title":null,"description":null,"keywords":null,"keyphrases":null,"primary_term":null,"canonical_url":null,"og_title":null,"og_description":null,"og_object_type":"default","og_image_type":"default","og_image_url":null,"og_image_width":null,"og_image_height":null,"og_image_custom_url":null,"og_image_custom_fields":null,"og_video":null,"og_custom_url":null,"og_article_section":null,"og_article_tags":null,"twitter_use_og":false,"twitter_card":"default","twitter_image_type":"default","twitter_image_url":null,"twitter_image_custom_url":null,"twitter_image_custom_fields":null,"twitter_title":null,"twitter_description":null,"schema":{"blockGraphs":[],"customGraphs":[],"default":{"data":{"Article":[],"Course":[],"Dataset":[],"FAQPage":[],"Movie":[],"Person":[],"Product":[],"ProductReview":[],"Car":[],"Recipe":[],"Service":[],"SoftwareApplication":[],"WebPage":[]},"graphName":"","isEnabled":true},"graphs":[],"defaultGraph":"","defaultPostTypeGraph":""},"schema_type":null,"schema_type_options":null,"pillar_content":false,"robots_default":true,"robots_noindex":false,"robots_noarchive":false,"robots_nosnippet":false,"robots_nofollow":false,"robots_noimageindex":false,"robots_noodp":false,"robots_notranslate":false,"robots_max_snippet":null,"robots_max_videopreview":null,"robots_max_imagepreview":"large","priority":null,"frequency":null,"local_seo":null,"seo_analyzer_scan_date":"2025-10-18 20:07:10","breadcrumb_settings":null,"limit_modified_date":false,"open_ai":null,"ai":null,"created":"2020-12-21 11:10:07","updated":"2025-10-18 20:07:10"},"aioseo_breadcrumb":"<div class=\"aioseo-breadcrumbs\"><span class=\"aioseo-breadcrumb\">\n\t<a href=\"https:\/\/www.eldigitaldeasturias.com\/noticias\" title=\"Home\">Home<\/a>\n<\/span><span class=\"aioseo-breadcrumb-separator\">\u2013<\/span><span class=\"aioseo-breadcrumb\">\n\t<a href=\"https:\/\/www.eldigitaldeasturias.com\/noticias\/category\/deportes\/\" title=\"Deportes\">Deportes<\/a>\n<\/span><span class=\"aioseo-breadcrumb-separator\">\u2013<\/span><span class=\"aioseo-breadcrumb\">\n\t<a href=\"https:\/\/www.eldigitaldeasturias.com\/noticias\/play-off-de-ascenso-el-depor-mas-cerca-de-volver-a-primera\/\" title=\"Play-off de ascenso: El D\u00e9por m\u00e1s cerca de volver a Primera\">Play-off de ascenso: El D\u00e9por m\u00e1s cerca de volver a Primera<\/a>\n<\/span><\/div>","aioseo_breadcrumb_json":[{"label":"Home","link":"https:\/\/www.eldigitaldeasturias.com\/noticias"},{"label":"Deportes","link":"https:\/\/www.eldigitaldeasturias.com\/noticias\/category\/deportes\/"},{"label":"Play-off de ascenso: El D\u00e9por m\u00e1s cerca de volver a Primera","link":"https:\/\/www.eldigitaldeasturias.com\/noticias\/play-off-de-ascenso-el-depor-mas-cerca-de-volver-a-primera\/"}],"_links":{"self":[{"href":"https:\/\/www.eldigitaldeasturias.com\/noticias\/wp-json\/wp\/v2\/posts\/1031840","targetHints":{"allow":["GET"]}}],"collection":[{"href":"https:\/\/www.eldigitaldeasturias.com\/noticias\/wp-json\/wp\/v2\/posts"}],"about":[{"href":"https:\/\/www.eldigitaldeasturias.com\/noticias\/wp-json\/wp\/v2\/types\/post"}],"author":[{"embeddable":true,"href":"https:\/\/www.eldigitaldeasturias.com\/noticias\/wp-json\/wp\/v2\/users\/1"}],"replies":[{"embeddable":true,"href":"https:\/\/www.eldigitaldeasturias.com\/noticias\/wp-json\/wp\/v2\/comments?post=1031840"}],"version-history":[{"count":0,"href":"https:\/\/www.eldigitaldeasturias.com\/noticias\/wp-json\/wp\/v2\/posts\/1031840\/revisions"}],"wp:featuredmedia":[{"embeddable":true,"href":"https:\/\/www.eldigitaldeasturias.com\/noticias\/wp-json\/wp\/v2\/media\/1031841"}],"wp:attachment":[{"href":"https:\/\/www.eldigitaldeasturias.com\/noticias\/wp-json\/wp\/v2\/media?parent=1031840"}],"wp:term":[{"taxonomy":"category","embeddable":true,"href":"https:\/\/www.eldigitaldeasturias.com\/noticias\/wp-json\/wp\/v2\/categories?post=1031840"},{"taxonomy":"post_tag","embeddable":true,"href":"https:\/\/www.eldigitaldeasturias.com\/noticias\/wp-json\/wp\/v2\/tags?post=1031840"}],"curies":[{"name":"wp","href":"https:\/\/api.w.org\/{rel}","templated":true}]}}