{"id":1031824,"date":"2019-06-20T20:37:49","date_gmt":"2019-06-20T20:37:49","guid":{"rendered":"https:\/\/www.eldigitaldeasturias.com\/noticias\/?p=1031824"},"modified":"2019-06-20T20:37:49","modified_gmt":"2019-06-20T20:37:49","slug":"hans-joachim-watzke-jugaremos-para-ganar-el-campeonato","status":"publish","type":"post","link":"https:\/\/www.eldigitaldeasturias.com\/noticias\/hans-joachim-watzke-jugaremos-para-ganar-el-campeonato\/","title":{"rendered":"Hans-Joachim Watzke: \u00abJugaremos para ganar el campeonato\u00bb"},"content":{"rendered":"<p><img loading=\"lazy\" decoding=\"async\" class=\"alignleft size-medium wp-image-988327\" src=\"https:\/\/www.eldigitaldeasturias.com\/noticias\/wp-content\/uploads\/2018\/07\/football-fans-797383_960_720-335x320.jpg\" alt=\"\" width=\"335\" height=\"320\" srcset=\"https:\/\/www.eldigitaldeasturias.com\/noticias\/wp-content\/uploads\/2018\/07\/football-fans-797383_960_720-335x320.jpg 335w, https:\/\/www.eldigitaldeasturias.com\/noticias\/wp-content\/uploads\/2018\/07\/football-fans-797383_960_720-502x480.jpg 502w, https:\/\/www.eldigitaldeasturias.com\/noticias\/wp-content\/uploads\/2018\/07\/football-fans-797383_960_720-396x377.jpg 396w, https:\/\/www.eldigitaldeasturias.com\/noticias\/wp-content\/uploads\/2018\/07\/football-fans-797383_960_720.jpg 753w\" sizes=\"auto, (max-width: 335px) 100vw, 335px\" \/>Dortmund (Alemania), 20 jun (dpa) &#8211; Hans-Joachim Watzke, gerente del <strong>Borussia Dortmund<\/strong>, tiene claro el objetivo del subcampe\u00f3n de la liga alemana de f\u00fatbol: \u00abNos vamos a lanzar a la temporada con la premisa de jugar sin peros para ganar el campeonato alem\u00e1n\u00bb, dijo Watzke al diario \u00abRuhr Nachrichten\u00bb.<\/p>\n<p>\u00abYa estamos esperando la nueva temporada\u00bb, agreg\u00f3 Watzke luego de que el Dortmund llegase ayer a un acuerdo con el Bayern M\u00fanich, actual campe\u00f3n de la Bundesliga, por el pase de Mats Hummels.<\/p>\n<p><strong>Dormund pagar\u00e1 m\u00e1s de 30 millones de euros por el defensa Hummels<\/strong>, campe\u00f3n con Alemania en 2014, y ya lleva gastados casi 125 millones de euros (141 millones de d\u00f3lares) en las nuevas incorporaciones de cara a la pr\u00f3xima temporada.<\/p>\n<p>&nbsp;<\/p>\n","protected":false},"excerpt":{"rendered":"<p>Dortmund (Alemania), 20 jun (dpa) &#8211; Hans-Joachim Watzke, gerente del Borussia Dortmund, tiene claro el objetivo del subcampe\u00f3n de la liga alemana de f\u00fatbol: \u00abNos vamos a lanzar a la temporada con la premisa de jugar sin peros para ganar el campeonato alem\u00e1n\u00bb, dijo Watzke al diario \u00abRuhr Nachrichten\u00bb. \u00abYa estamos esperando la nueva temporada\u00bb, [&hellip;]<\/p>\n","protected":false},"author":1,"featured_media":988327,"comment_status":"open","ping_status":"closed","sticky":false,"template":"","format":"standard","meta":{"footnotes":""},"categories":[190],"tags":[],"class_list":["post-1031824","post","type-post","status-publish","format-standard","has-post-thumbnail","hentry","category-deportes"],"aioseo_notices":[],"aioseo_head":"\n\t\t<!-- All in One SEO Pro 4.9.6.2 - aioseo.com -->\n\t<meta name=\"description\" content=\"Dortmund (Alemania), 20 jun (dpa) - Hans-Joachim Watzke, gerente del Borussia Dortmund, tiene claro el objetivo del subcampe\u00f3n de la liga alemana de f\u00fatbol: &quot;Nos vamos a lanzar a la temporada con la premisa de jugar sin peros para ganar el campeonato alem\u00e1n&quot;, dijo Watzke al diario &quot;Ruhr Nachrichten&quot;. &quot;Ya estamos esperando la nueva temporada&quot;,\" \/>\n\t<meta name=\"robots\" content=\"max-image-preview:large\" \/>\n\t<meta name=\"author\" content=\"El Digital de Asturias\"\/>\n\t<meta name=\"google-site-verification\" content=\"UA-38556648-1\" \/>\n\t<meta name=\"msvalidate.01\" content=\"7dfe9f3f1b24437ab69f4f2559babe99\" \/>\n\t<meta name=\"keywords\" content=\"deportes\" \/>\n\t<link rel=\"canonical\" href=\"https:\/\/www.eldigitaldeasturias.com\/noticias\/hans-joachim-watzke-jugaremos-para-ganar-el-campeonato\/\" \/>\n\t<meta name=\"generator\" content=\"All in One SEO Pro (AIOSEO) 4.9.6.2\" \/>\n\t\t<meta property=\"og:locale\" content=\"es_ES\" \/>\n\t\t<meta property=\"og:site_name\" content=\"El Digital de Asturias\" \/>\n\t\t<meta property=\"og:type\" content=\"article\" \/>\n\t\t<meta property=\"og:title\" content=\"Hans-Joachim Watzke: \u00abJugaremos para ganar el campeonato\u00bb - El Digital de Asturias\" \/>\n\t\t<meta property=\"og:description\" content=\"Dortmund (Alemania), 20 jun (dpa) - Hans-Joachim Watzke, gerente del Borussia Dortmund, tiene claro el objetivo del subcampe\u00f3n de la liga alemana de f\u00fatbol: &quot;Nos vamos a lanzar a la temporada con la premisa de jugar sin peros para ganar el campeonato alem\u00e1n&quot;, dijo Watzke al diario &quot;Ruhr Nachrichten&quot;. &quot;Ya estamos esperando la nueva temporada&quot;,\" \/>\n\t\t<meta property=\"og:url\" content=\"https:\/\/www.eldigitaldeasturias.com\/noticias\/hans-joachim-watzke-jugaremos-para-ganar-el-campeonato\/\" \/>\n\t\t<meta property=\"og:image\" content=\"https:\/\/www.eldigitaldeasturias.com\/noticias\/wp-content\/uploads\/2018\/07\/football-fans-797383_960_720.jpg\" \/>\n\t\t<meta property=\"og:image:secure_url\" content=\"https:\/\/www.eldigitaldeasturias.com\/noticias\/wp-content\/uploads\/2018\/07\/football-fans-797383_960_720.jpg\" \/>\n\t\t<meta property=\"og:image:width\" content=\"753\" \/>\n\t\t<meta property=\"og:image:height\" content=\"720\" \/>\n\t\t<meta property=\"article:tag\" content=\"deportes\" \/>\n\t\t<meta property=\"article:published_time\" content=\"2019-06-20T20:37:49+00:00\" \/>\n\t\t<meta property=\"article:modified_time\" content=\"2019-06-20T20:37:49+00:00\" \/>\n\t\t<meta property=\"article:publisher\" content=\"https:\/\/facebook.com\/eldigitaldeasturias\" \/>\n\t\t<meta name=\"twitter:card\" content=\"summary_large_image\" \/>\n\t\t<meta name=\"twitter:title\" content=\"Hans-Joachim Watzke: \u00abJugaremos para ganar el campeonato\u00bb - El Digital de Asturias\" \/>\n\t\t<meta name=\"twitter:description\" content=\"Dortmund (Alemania), 20 jun (dpa) - Hans-Joachim Watzke, gerente del Borussia Dortmund, tiene claro el objetivo del subcampe\u00f3n de la liga alemana de f\u00fatbol: &quot;Nos vamos a lanzar a la temporada con la premisa de jugar sin peros para ganar el campeonato alem\u00e1n&quot;, dijo Watzke al diario &quot;Ruhr Nachrichten&quot;. &quot;Ya estamos esperando la nueva temporada&quot;,\" \/>\n\t\t<meta name=\"twitter:image\" content=\"https:\/\/www.eldigitaldeasturias.com\/noticias\/wp-content\/uploads\/2018\/07\/football-fans-797383_960_720.jpg\" \/>\n\t\t<meta name=\"twitter:label1\" content=\"Escrito por\" \/>\n\t\t<meta name=\"twitter:data1\" content=\"El Digital de Asturias\" \/>\n\t\t<meta name=\"twitter:label2\" content=\"Tiempo de lectura estimado\" \/>\n\t\t<meta name=\"twitter:data2\" content=\"1 minuto\" \/>\n\t\t<script type=\"application\/ld+json\" class=\"aioseo-schema\">\n\t\t\t{\"@context\":\"https:\\\/\\\/schema.org\",\"@graph\":[{\"@type\":\"BlogPosting\",\"@id\":\"https:\\\/\\\/www.eldigitaldeasturias.com\\\/noticias\\\/hans-joachim-watzke-jugaremos-para-ganar-el-campeonato\\\/#blogposting\",\"name\":\"Hans-Joachim Watzke: \\u00abJugaremos para ganar el campeonato\\u00bb - El Digital de Asturias\",\"headline\":\"Hans-Joachim Watzke: \\u00abJugaremos para ganar el campeonato\\u00bb\",\"author\":{\"@id\":\"https:\\\/\\\/www.eldigitaldeasturias.com\\\/noticias\\\/author\\\/admin\\\/#author\"},\"publisher\":{\"@id\":\"https:\\\/\\\/www.eldigitaldeasturias.com\\\/noticias\\\/#organization\"},\"image\":{\"@type\":\"ImageObject\",\"url\":\"https:\\\/\\\/www.eldigitaldeasturias.com\\\/noticias\\\/wp-content\\\/uploads\\\/2018\\\/07\\\/football-fans-797383_960_720.jpg\",\"width\":753,\"height\":720},\"datePublished\":\"2019-06-20T20:37:49+02:00\",\"dateModified\":\"2019-06-20T20:37:49+02:00\",\"inLanguage\":\"es-ES\",\"mainEntityOfPage\":{\"@id\":\"https:\\\/\\\/www.eldigitaldeasturias.com\\\/noticias\\\/hans-joachim-watzke-jugaremos-para-ganar-el-campeonato\\\/#webpage\"},\"isPartOf\":{\"@id\":\"https:\\\/\\\/www.eldigitaldeasturias.com\\\/noticias\\\/hans-joachim-watzke-jugaremos-para-ganar-el-campeonato\\\/#webpage\"},\"articleSection\":\"Deportes\"},{\"@type\":\"BreadcrumbList\",\"@id\":\"https:\\\/\\\/www.eldigitaldeasturias.com\\\/noticias\\\/hans-joachim-watzke-jugaremos-para-ganar-el-campeonato\\\/#breadcrumblist\",\"itemListElement\":[{\"@type\":\"ListItem\",\"@id\":\"https:\\\/\\\/www.eldigitaldeasturias.com\\\/noticias#listItem\",\"position\":1,\"name\":\"Home\",\"item\":\"https:\\\/\\\/www.eldigitaldeasturias.com\\\/noticias\",\"nextItem\":{\"@type\":\"ListItem\",\"@id\":\"https:\\\/\\\/www.eldigitaldeasturias.com\\\/noticias\\\/category\\\/deportes\\\/#listItem\",\"name\":\"Deportes\"}},{\"@type\":\"ListItem\",\"@id\":\"https:\\\/\\\/www.eldigitaldeasturias.com\\\/noticias\\\/category\\\/deportes\\\/#listItem\",\"position\":2,\"name\":\"Deportes\",\"item\":\"https:\\\/\\\/www.eldigitaldeasturias.com\\\/noticias\\\/category\\\/deportes\\\/\",\"nextItem\":{\"@type\":\"ListItem\",\"@id\":\"https:\\\/\\\/www.eldigitaldeasturias.com\\\/noticias\\\/hans-joachim-watzke-jugaremos-para-ganar-el-campeonato\\\/#listItem\",\"name\":\"Hans-Joachim Watzke: \\u00abJugaremos para ganar el campeonato\\u00bb\"},\"previousItem\":{\"@type\":\"ListItem\",\"@id\":\"https:\\\/\\\/www.eldigitaldeasturias.com\\\/noticias#listItem\",\"name\":\"Home\"}},{\"@type\":\"ListItem\",\"@id\":\"https:\\\/\\\/www.eldigitaldeasturias.com\\\/noticias\\\/hans-joachim-watzke-jugaremos-para-ganar-el-campeonato\\\/#listItem\",\"position\":3,\"name\":\"Hans-Joachim Watzke: \\u00abJugaremos para ganar el campeonato\\u00bb\",\"previousItem\":{\"@type\":\"ListItem\",\"@id\":\"https:\\\/\\\/www.eldigitaldeasturias.com\\\/noticias\\\/category\\\/deportes\\\/#listItem\",\"name\":\"Deportes\"}}]},{\"@type\":\"Organization\",\"@id\":\"https:\\\/\\\/www.eldigitaldeasturias.com\\\/noticias\\\/#organization\",\"name\":\"El Digital de Asturias\",\"description\":\"Hemeroteca\",\"url\":\"https:\\\/\\\/www.eldigitaldeasturias.com\\\/noticias\\\/\",\"email\":\"info@eldigitaldeasturias.com\",\"telephone\":\"+34652131393\",\"logo\":{\"@type\":\"ImageObject\",\"url\":\"https:\\\/\\\/www.eldigitaldeasturias.com\\\/noticias\\\/wp-content\\\/uploads\\\/2020\\\/12\\\/EDA.jpg\",\"@id\":\"https:\\\/\\\/www.eldigitaldeasturias.com\\\/noticias\\\/hans-joachim-watzke-jugaremos-para-ganar-el-campeonato\\\/#organizationLogo\",\"width\":649,\"height\":297},\"image\":{\"@id\":\"https:\\\/\\\/www.eldigitaldeasturias.com\\\/noticias\\\/hans-joachim-watzke-jugaremos-para-ganar-el-campeonato\\\/#organizationLogo\"},\"sameAs\":[\"https:\\\/\\\/facebook.com\\\/eldigitaldeasturias\",\"https:\\\/\\\/www.youtube.com\\\/channel\\\/UCZP-2wLEB9Rv6erhFmqVnvg\"],\"address\":{\"@id\":\"https:\\\/\\\/www.eldigitaldeasturias.com\\\/noticias\\\/#postaladdress\",\"@type\":\"PostalAddress\",\"streetAddress\":\"san antonio 4,\",\"postalCode\":\"33430\",\"addressLocality\":\"Cand\\u00e1s\",\"addressRegion\":\"Asturias\",\"addressCountry\":\"ES\"}},{\"@type\":\"Person\",\"@id\":\"https:\\\/\\\/www.eldigitaldeasturias.com\\\/noticias\\\/author\\\/admin\\\/#author\",\"url\":\"https:\\\/\\\/www.eldigitaldeasturias.com\\\/noticias\\\/author\\\/admin\\\/\",\"name\":\"El Digital de Asturias\",\"image\":{\"@type\":\"ImageObject\",\"@id\":\"https:\\\/\\\/www.eldigitaldeasturias.com\\\/noticias\\\/hans-joachim-watzke-jugaremos-para-ganar-el-campeonato\\\/#authorImage\",\"url\":\"https:\\\/\\\/www.eldigitaldeasturias.com\\\/noticias\\\/wp-content\\\/litespeed\\\/avatar\\\/18677e78aa0546b92d9dbf31ec7d7668.jpg?ver=1777290358\",\"width\":96,\"height\":96,\"caption\":\"El Digital de Asturias\"}},{\"@type\":\"WebPage\",\"@id\":\"https:\\\/\\\/www.eldigitaldeasturias.com\\\/noticias\\\/hans-joachim-watzke-jugaremos-para-ganar-el-campeonato\\\/#webpage\",\"url\":\"https:\\\/\\\/www.eldigitaldeasturias.com\\\/noticias\\\/hans-joachim-watzke-jugaremos-para-ganar-el-campeonato\\\/\",\"name\":\"Hans-Joachim Watzke: \\u00abJugaremos para ganar el campeonato\\u00bb - El Digital de Asturias\",\"description\":\"Dortmund (Alemania), 20 jun (dpa) - Hans-Joachim Watzke, gerente del Borussia Dortmund, tiene claro el objetivo del subcampe\\u00f3n de la liga alemana de f\\u00fatbol: \\\"Nos vamos a lanzar a la temporada con la premisa de jugar sin peros para ganar el campeonato alem\\u00e1n\\\", dijo Watzke al diario \\\"Ruhr Nachrichten\\\". \\\"Ya estamos esperando la nueva temporada\\\",\",\"inLanguage\":\"es-ES\",\"isPartOf\":{\"@id\":\"https:\\\/\\\/www.eldigitaldeasturias.com\\\/noticias\\\/#website\"},\"breadcrumb\":{\"@id\":\"https:\\\/\\\/www.eldigitaldeasturias.com\\\/noticias\\\/hans-joachim-watzke-jugaremos-para-ganar-el-campeonato\\\/#breadcrumblist\"},\"author\":{\"@id\":\"https:\\\/\\\/www.eldigitaldeasturias.com\\\/noticias\\\/author\\\/admin\\\/#author\"},\"creator\":{\"@id\":\"https:\\\/\\\/www.eldigitaldeasturias.com\\\/noticias\\\/author\\\/admin\\\/#author\"},\"image\":{\"@type\":\"ImageObject\",\"url\":\"https:\\\/\\\/www.eldigitaldeasturias.com\\\/noticias\\\/wp-content\\\/uploads\\\/2018\\\/07\\\/football-fans-797383_960_720.jpg\",\"@id\":\"https:\\\/\\\/www.eldigitaldeasturias.com\\\/noticias\\\/hans-joachim-watzke-jugaremos-para-ganar-el-campeonato\\\/#mainImage\",\"width\":753,\"height\":720},\"primaryImageOfPage\":{\"@id\":\"https:\\\/\\\/www.eldigitaldeasturias.com\\\/noticias\\\/hans-joachim-watzke-jugaremos-para-ganar-el-campeonato\\\/#mainImage\"},\"datePublished\":\"2019-06-20T20:37:49+02:00\",\"dateModified\":\"2019-06-20T20:37:49+02:00\"},{\"@type\":\"WebSite\",\"@id\":\"https:\\\/\\\/www.eldigitaldeasturias.com\\\/noticias\\\/#website\",\"url\":\"https:\\\/\\\/www.eldigitaldeasturias.com\\\/noticias\\\/\",\"name\":\"El Digital de Asturias - Diario de actualidad y noticias\",\"alternateName\":\"El Digital de Asturias - Diario de actualidad y noticias\",\"description\":\"Hemeroteca\",\"inLanguage\":\"es-ES\",\"publisher\":{\"@id\":\"https:\\\/\\\/www.eldigitaldeasturias.com\\\/noticias\\\/#organization\"}}]}\n\t\t<\/script>\n\t\t<!-- All in One SEO Pro -->\r\n\t\t<title>Hans-Joachim Watzke: \u00abJugaremos para ganar el campeonato\u00bb - El Digital de Asturias<\/title>\n\n","aioseo_head_json":{"title":"Hans-Joachim Watzke: \u00abJugaremos para ganar el campeonato\u00bb - El Digital de Asturias","description":"Dortmund (Alemania), 20 jun (dpa) - Hans-Joachim Watzke, gerente del Borussia Dortmund, tiene claro el objetivo del subcampe\u00f3n de la liga alemana de f\u00fatbol: \"Nos vamos a lanzar a la temporada con la premisa de jugar sin peros para ganar el campeonato alem\u00e1n\", dijo Watzke al diario \"Ruhr Nachrichten\". \"Ya estamos esperando la nueva temporada\",","canonical_url":"https:\/\/www.eldigitaldeasturias.com\/noticias\/hans-joachim-watzke-jugaremos-para-ganar-el-campeonato\/","robots":"max-image-preview:large","keywords":"deportes","webmasterTools":{"google-site-verification":"UA-38556648-1","msvalidate.01":"7dfe9f3f1b24437ab69f4f2559babe99","miscellaneous":""},"schema":{"@context":"https:\/\/schema.org","@graph":[{"@type":"BlogPosting","@id":"https:\/\/www.eldigitaldeasturias.com\/noticias\/hans-joachim-watzke-jugaremos-para-ganar-el-campeonato\/#blogposting","name":"Hans-Joachim Watzke: \u00abJugaremos para ganar el campeonato\u00bb - El Digital de Asturias","headline":"Hans-Joachim Watzke: \u00abJugaremos para ganar el campeonato\u00bb","author":{"@id":"https:\/\/www.eldigitaldeasturias.com\/noticias\/author\/admin\/#author"},"publisher":{"@id":"https:\/\/www.eldigitaldeasturias.com\/noticias\/#organization"},"image":{"@type":"ImageObject","url":"https:\/\/www.eldigitaldeasturias.com\/noticias\/wp-content\/uploads\/2018\/07\/football-fans-797383_960_720.jpg","width":753,"height":720},"datePublished":"2019-06-20T20:37:49+02:00","dateModified":"2019-06-20T20:37:49+02:00","inLanguage":"es-ES","mainEntityOfPage":{"@id":"https:\/\/www.eldigitaldeasturias.com\/noticias\/hans-joachim-watzke-jugaremos-para-ganar-el-campeonato\/#webpage"},"isPartOf":{"@id":"https:\/\/www.eldigitaldeasturias.com\/noticias\/hans-joachim-watzke-jugaremos-para-ganar-el-campeonato\/#webpage"},"articleSection":"Deportes"},{"@type":"BreadcrumbList","@id":"https:\/\/www.eldigitaldeasturias.com\/noticias\/hans-joachim-watzke-jugaremos-para-ganar-el-campeonato\/#breadcrumblist","itemListElement":[{"@type":"ListItem","@id":"https:\/\/www.eldigitaldeasturias.com\/noticias#listItem","position":1,"name":"Home","item":"https:\/\/www.eldigitaldeasturias.com\/noticias","nextItem":{"@type":"ListItem","@id":"https:\/\/www.eldigitaldeasturias.com\/noticias\/category\/deportes\/#listItem","name":"Deportes"}},{"@type":"ListItem","@id":"https:\/\/www.eldigitaldeasturias.com\/noticias\/category\/deportes\/#listItem","position":2,"name":"Deportes","item":"https:\/\/www.eldigitaldeasturias.com\/noticias\/category\/deportes\/","nextItem":{"@type":"ListItem","@id":"https:\/\/www.eldigitaldeasturias.com\/noticias\/hans-joachim-watzke-jugaremos-para-ganar-el-campeonato\/#listItem","name":"Hans-Joachim Watzke: \u00abJugaremos para ganar el campeonato\u00bb"},"previousItem":{"@type":"ListItem","@id":"https:\/\/www.eldigitaldeasturias.com\/noticias#listItem","name":"Home"}},{"@type":"ListItem","@id":"https:\/\/www.eldigitaldeasturias.com\/noticias\/hans-joachim-watzke-jugaremos-para-ganar-el-campeonato\/#listItem","position":3,"name":"Hans-Joachim Watzke: \u00abJugaremos para ganar el campeonato\u00bb","previousItem":{"@type":"ListItem","@id":"https:\/\/www.eldigitaldeasturias.com\/noticias\/category\/deportes\/#listItem","name":"Deportes"}}]},{"@type":"Organization","@id":"https:\/\/www.eldigitaldeasturias.com\/noticias\/#organization","name":"El Digital de Asturias","description":"Hemeroteca","url":"https:\/\/www.eldigitaldeasturias.com\/noticias\/","email":"info@eldigitaldeasturias.com","telephone":"+34652131393","logo":{"@type":"ImageObject","url":"https:\/\/www.eldigitaldeasturias.com\/noticias\/wp-content\/uploads\/2020\/12\/EDA.jpg","@id":"https:\/\/www.eldigitaldeasturias.com\/noticias\/hans-joachim-watzke-jugaremos-para-ganar-el-campeonato\/#organizationLogo","width":649,"height":297},"image":{"@id":"https:\/\/www.eldigitaldeasturias.com\/noticias\/hans-joachim-watzke-jugaremos-para-ganar-el-campeonato\/#organizationLogo"},"sameAs":["https:\/\/facebook.com\/eldigitaldeasturias","https:\/\/www.youtube.com\/channel\/UCZP-2wLEB9Rv6erhFmqVnvg"],"address":{"@id":"https:\/\/www.eldigitaldeasturias.com\/noticias\/#postaladdress","@type":"PostalAddress","streetAddress":"san antonio 4,","postalCode":"33430","addressLocality":"Cand\u00e1s","addressRegion":"Asturias","addressCountry":"ES"}},{"@type":"Person","@id":"https:\/\/www.eldigitaldeasturias.com\/noticias\/author\/admin\/#author","url":"https:\/\/www.eldigitaldeasturias.com\/noticias\/author\/admin\/","name":"El Digital de Asturias","image":{"@type":"ImageObject","@id":"https:\/\/www.eldigitaldeasturias.com\/noticias\/hans-joachim-watzke-jugaremos-para-ganar-el-campeonato\/#authorImage","url":"https:\/\/www.eldigitaldeasturias.com\/noticias\/wp-content\/litespeed\/avatar\/18677e78aa0546b92d9dbf31ec7d7668.jpg?ver=1777290358","width":96,"height":96,"caption":"El Digital de Asturias"}},{"@type":"WebPage","@id":"https:\/\/www.eldigitaldeasturias.com\/noticias\/hans-joachim-watzke-jugaremos-para-ganar-el-campeonato\/#webpage","url":"https:\/\/www.eldigitaldeasturias.com\/noticias\/hans-joachim-watzke-jugaremos-para-ganar-el-campeonato\/","name":"Hans-Joachim Watzke: \u00abJugaremos para ganar el campeonato\u00bb - El Digital de Asturias","description":"Dortmund (Alemania), 20 jun (dpa) - Hans-Joachim Watzke, gerente del Borussia Dortmund, tiene claro el objetivo del subcampe\u00f3n de la liga alemana de f\u00fatbol: \"Nos vamos a lanzar a la temporada con la premisa de jugar sin peros para ganar el campeonato alem\u00e1n\", dijo Watzke al diario \"Ruhr Nachrichten\". \"Ya estamos esperando la nueva temporada\",","inLanguage":"es-ES","isPartOf":{"@id":"https:\/\/www.eldigitaldeasturias.com\/noticias\/#website"},"breadcrumb":{"@id":"https:\/\/www.eldigitaldeasturias.com\/noticias\/hans-joachim-watzke-jugaremos-para-ganar-el-campeonato\/#breadcrumblist"},"author":{"@id":"https:\/\/www.eldigitaldeasturias.com\/noticias\/author\/admin\/#author"},"creator":{"@id":"https:\/\/www.eldigitaldeasturias.com\/noticias\/author\/admin\/#author"},"image":{"@type":"ImageObject","url":"https:\/\/www.eldigitaldeasturias.com\/noticias\/wp-content\/uploads\/2018\/07\/football-fans-797383_960_720.jpg","@id":"https:\/\/www.eldigitaldeasturias.com\/noticias\/hans-joachim-watzke-jugaremos-para-ganar-el-campeonato\/#mainImage","width":753,"height":720},"primaryImageOfPage":{"@id":"https:\/\/www.eldigitaldeasturias.com\/noticias\/hans-joachim-watzke-jugaremos-para-ganar-el-campeonato\/#mainImage"},"datePublished":"2019-06-20T20:37:49+02:00","dateModified":"2019-06-20T20:37:49+02:00"},{"@type":"WebSite","@id":"https:\/\/www.eldigitaldeasturias.com\/noticias\/#website","url":"https:\/\/www.eldigitaldeasturias.com\/noticias\/","name":"El Digital de Asturias - Diario de actualidad y noticias","alternateName":"El Digital de Asturias - Diario de actualidad y noticias","description":"Hemeroteca","inLanguage":"es-ES","publisher":{"@id":"https:\/\/www.eldigitaldeasturias.com\/noticias\/#organization"}}]},"og:locale":"es_ES","og:site_name":"El Digital de Asturias","og:type":"article","og:title":"Hans-Joachim Watzke: \u00abJugaremos para ganar el campeonato\u00bb - El Digital de Asturias","og:description":"Dortmund (Alemania), 20 jun (dpa) - Hans-Joachim Watzke, gerente del Borussia Dortmund, tiene claro el objetivo del subcampe\u00f3n de la liga alemana de f\u00fatbol: &quot;Nos vamos a lanzar a la temporada con la premisa de jugar sin peros para ganar el campeonato alem\u00e1n&quot;, dijo Watzke al diario &quot;Ruhr Nachrichten&quot;. &quot;Ya estamos esperando la nueva temporada&quot;,","og:url":"https:\/\/www.eldigitaldeasturias.com\/noticias\/hans-joachim-watzke-jugaremos-para-ganar-el-campeonato\/","og:image":"https:\/\/www.eldigitaldeasturias.com\/noticias\/wp-content\/uploads\/2018\/07\/football-fans-797383_960_720.jpg","og:image:secure_url":"https:\/\/www.eldigitaldeasturias.com\/noticias\/wp-content\/uploads\/2018\/07\/football-fans-797383_960_720.jpg","og:image:width":753,"og:image:height":720,"article:tag":["deportes"],"article:published_time":"2019-06-20T20:37:49+00:00","article:modified_time":"2019-06-20T20:37:49+00:00","article:publisher":"https:\/\/facebook.com\/eldigitaldeasturias","twitter:card":"summary_large_image","twitter:title":"Hans-Joachim Watzke: \u00abJugaremos para ganar el campeonato\u00bb - El Digital de Asturias","twitter:description":"Dortmund (Alemania), 20 jun (dpa) - Hans-Joachim Watzke, gerente del Borussia Dortmund, tiene claro el objetivo del subcampe\u00f3n de la liga alemana de f\u00fatbol: &quot;Nos vamos a lanzar a la temporada con la premisa de jugar sin peros para ganar el campeonato alem\u00e1n&quot;, dijo Watzke al diario &quot;Ruhr Nachrichten&quot;. &quot;Ya estamos esperando la nueva temporada&quot;,","twitter:image":"https:\/\/www.eldigitaldeasturias.com\/noticias\/wp-content\/uploads\/2018\/07\/football-fans-797383_960_720.jpg","twitter:label1":"Escrito por","twitter:data1":"El Digital de Asturias","twitter:label2":"Tiempo de lectura estimado","twitter:data2":"1 minuto"},"aioseo_meta_data":{"post_id":"1031824","title":null,"description":null,"keywords":null,"keyphrases":null,"primary_term":null,"canonical_url":null,"og_title":null,"og_description":null,"og_object_type":"default","og_image_type":"default","og_image_url":null,"og_image_width":null,"og_image_height":null,"og_image_custom_url":null,"og_image_custom_fields":null,"og_video":null,"og_custom_url":null,"og_article_section":null,"og_article_tags":null,"twitter_use_og":false,"twitter_card":"default","twitter_image_type":"default","twitter_image_url":null,"twitter_image_custom_url":null,"twitter_image_custom_fields":null,"twitter_title":null,"twitter_description":null,"schema":{"blockGraphs":[],"customGraphs":[],"default":{"data":{"Article":[],"Course":[],"Dataset":[],"FAQPage":[],"Movie":[],"Person":[],"Product":[],"ProductReview":[],"Car":[],"Recipe":[],"Service":[],"SoftwareApplication":[],"WebPage":[]},"graphName":"","isEnabled":true},"graphs":[],"defaultGraph":"","defaultPostTypeGraph":""},"schema_type":null,"schema_type_options":null,"pillar_content":false,"robots_default":true,"robots_noindex":false,"robots_noarchive":false,"robots_nosnippet":false,"robots_nofollow":false,"robots_noimageindex":false,"robots_noodp":false,"robots_notranslate":false,"robots_max_snippet":null,"robots_max_videopreview":null,"robots_max_imagepreview":"large","priority":null,"frequency":null,"local_seo":null,"seo_analyzer_scan_date":"2025-10-18 20:03:08","breadcrumb_settings":null,"limit_modified_date":false,"open_ai":null,"ai":null,"created":"2020-12-21 11:10:13","updated":"2025-10-18 20:03:08"},"aioseo_breadcrumb":"<div class=\"aioseo-breadcrumbs\"><span class=\"aioseo-breadcrumb\">\n\t<a href=\"https:\/\/www.eldigitaldeasturias.com\/noticias\" title=\"Home\">Home<\/a>\n<\/span><span class=\"aioseo-breadcrumb-separator\">\u2013<\/span><span class=\"aioseo-breadcrumb\">\n\t<a href=\"https:\/\/www.eldigitaldeasturias.com\/noticias\/category\/deportes\/\" title=\"Deportes\">Deportes<\/a>\n<\/span><span class=\"aioseo-breadcrumb-separator\">\u2013<\/span><span class=\"aioseo-breadcrumb\">\n\t<a href=\"https:\/\/www.eldigitaldeasturias.com\/noticias\/hans-joachim-watzke-jugaremos-para-ganar-el-campeonato\/\" title=\"Hans-Joachim Watzke: \u00abJugaremos para ganar el campeonato\u00bb\">Hans-Joachim Watzke: \u00abJugaremos para ganar el campeonato\u00bb<\/a>\n<\/span><\/div>","aioseo_breadcrumb_json":[{"label":"Home","link":"https:\/\/www.eldigitaldeasturias.com\/noticias"},{"label":"Deportes","link":"https:\/\/www.eldigitaldeasturias.com\/noticias\/category\/deportes\/"},{"label":"Hans-Joachim Watzke: \u00abJugaremos para ganar el campeonato\u00bb","link":"https:\/\/www.eldigitaldeasturias.com\/noticias\/hans-joachim-watzke-jugaremos-para-ganar-el-campeonato\/"}],"_links":{"self":[{"href":"https:\/\/www.eldigitaldeasturias.com\/noticias\/wp-json\/wp\/v2\/posts\/1031824","targetHints":{"allow":["GET"]}}],"collection":[{"href":"https:\/\/www.eldigitaldeasturias.com\/noticias\/wp-json\/wp\/v2\/posts"}],"about":[{"href":"https:\/\/www.eldigitaldeasturias.com\/noticias\/wp-json\/wp\/v2\/types\/post"}],"author":[{"embeddable":true,"href":"https:\/\/www.eldigitaldeasturias.com\/noticias\/wp-json\/wp\/v2\/users\/1"}],"replies":[{"embeddable":true,"href":"https:\/\/www.eldigitaldeasturias.com\/noticias\/wp-json\/wp\/v2\/comments?post=1031824"}],"version-history":[{"count":0,"href":"https:\/\/www.eldigitaldeasturias.com\/noticias\/wp-json\/wp\/v2\/posts\/1031824\/revisions"}],"wp:featuredmedia":[{"embeddable":true,"href":"https:\/\/www.eldigitaldeasturias.com\/noticias\/wp-json\/wp\/v2\/media\/988327"}],"wp:attachment":[{"href":"https:\/\/www.eldigitaldeasturias.com\/noticias\/wp-json\/wp\/v2\/media?parent=1031824"}],"wp:term":[{"taxonomy":"category","embeddable":true,"href":"https:\/\/www.eldigitaldeasturias.com\/noticias\/wp-json\/wp\/v2\/categories?post=1031824"},{"taxonomy":"post_tag","embeddable":true,"href":"https:\/\/www.eldigitaldeasturias.com\/noticias\/wp-json\/wp\/v2\/tags?post=1031824"}],"curies":[{"name":"wp","href":"https:\/\/api.w.org\/{rel}","templated":true}]}}