{"id":1031774,"date":"2019-06-20T15:11:22","date_gmt":"2019-06-20T15:11:22","guid":{"rendered":"https:\/\/www.eldigitaldeasturias.com\/noticias\/?p=1031774"},"modified":"2019-06-20T15:11:22","modified_gmt":"2019-06-20T15:11:22","slug":"la-comision-europea-autoriza-la-adquisicion-de-parques-reunidos-por-eqt","status":"publish","type":"post","link":"https:\/\/www.eldigitaldeasturias.com\/noticias\/la-comision-europea-autoriza-la-adquisicion-de-parques-reunidos-por-eqt\/","title":{"rendered":"La Comisi\u00f3n Europea autoriza la adquisici\u00f3n de Parques Reunidos por EQT"},"content":{"rendered":"<p><img loading=\"lazy\" decoding=\"async\" class=\"alignleft size-medium wp-image-983320\" src=\"https:\/\/www.eldigitaldeasturias.com\/noticias\/wp-content\/uploads\/2018\/06\/blue-1283011_960_720-360x252.jpg\" alt=\"\" width=\"360\" height=\"252\" srcset=\"https:\/\/www.eldigitaldeasturias.com\/noticias\/wp-content\/uploads\/2018\/06\/blue-1283011_960_720-360x252.jpg 360w, https:\/\/www.eldigitaldeasturias.com\/noticias\/wp-content\/uploads\/2018\/06\/blue-1283011_960_720-429x300.jpg 429w, https:\/\/www.eldigitaldeasturias.com\/noticias\/wp-content\/uploads\/2018\/06\/blue-1283011_960_720-768x537.jpg 768w, https:\/\/www.eldigitaldeasturias.com\/noticias\/wp-content\/uploads\/2018\/06\/blue-1283011_960_720-687x480.jpg 687w, https:\/\/www.eldigitaldeasturias.com\/noticias\/wp-content\/uploads\/2018\/06\/blue-1283011_960_720-20x14.jpg 20w, https:\/\/www.eldigitaldeasturias.com\/noticias\/wp-content\/uploads\/2018\/06\/blue-1283011_960_720.jpg 960w\" sizes=\"auto, (max-width: 360px) 100vw, 360px\" \/>La <strong>Comisi\u00f3n Europea<\/strong> ha aprobado, de conformidad con el Reglamento sobre concentraciones de la UE, la adquisici\u00f3n de Parques Reunidos Servicios Centrales S.A. (\u00abParques Reunidos\u00bb) de Espa\u00f1a por <strong>EQT Fund Management S.\u00e0 r.l<\/strong>. (\u00abEQT\u00bb) de Luxemburgo. Parques Reunidos opera a escala mundial como gestor de parques de ocio (parques tem\u00e1ticos, zool\u00f3gicos, parques marinos, parques de agua, centros de espect\u00e1culos interiores y otras atracciones).<\/p>\n<p>EQT se dedica a inversiones en infraestructuras o en activos o negocios relacionados con las infraestructuras, principalmente en Europa y Norteam\u00e9rica.<\/p>\n<p>La Comisi\u00f3n concluy\u00f3 que la adquisici\u00f3n propuesta no plantear\u00eda problemas de competencia, habida cuenta de la ausencia de solapamientos y de v\u00ednculos verticales entre las actividades de las empresas.<\/p>\n<p>La operaci\u00f3n se examin\u00f3 en el marco del procedimiento simplificado de examen de las concentraciones.<\/p>\n<p>Se puede obtener m\u00e1s informaci\u00f3n en el sitio web de la Comisi\u00f3n sobre\u00a0<span class=\"x_MsoHyperlink\"><a href=\"http:\/\/ec.europa.eu\/competition\/index_en.html\" target=\"_blank\" rel=\"nofollow noopener noreferrer\" data-auth=\"NotApplicable\"><span style=\"color: #ff6600;\"><strong>competencia<\/strong><\/span><\/a><\/span>\u00a0y en el <span class=\"x_MsoHyperlink\"><a href=\"http:\/\/ec.europa.eu\/competition\/elojade\/isef\/index.cfm\" target=\"_blank\" rel=\"nofollow noopener noreferrer\" data-auth=\"NotApplicable\"><span style=\"color: #ff6600;\"><strong>registro<\/strong><\/span><\/a><\/span>\u00a0de asuntos p\u00fablicos con el n\u00famero de asunto\u00a0<span style=\"color: #ff6600;\"><strong><span class=\"x_MsoHyperlink\"><a style=\"color: #ff6600;\" href=\"http:\/\/ec.europa.eu\/competition\/elojade\/isef\/case_details.cfm?proc_code=2_M_9392\" target=\"_blank\" rel=\"nofollow noopener noreferrer\" data-auth=\"NotApplicable\">M.9392<\/a><\/span><\/strong><\/span>.<\/p>\n","protected":false},"excerpt":{"rendered":"<p>La Comisi\u00f3n Europea ha aprobado, de conformidad con el Reglamento sobre concentraciones de la UE, la adquisici\u00f3n de Parques Reunidos Servicios Centrales S.A. (\u00abParques Reunidos\u00bb) de Espa\u00f1a por EQT Fund Management S.\u00e0 r.l. (\u00abEQT\u00bb) de Luxemburgo. Parques Reunidos opera a escala mundial como gestor de parques de ocio (parques tem\u00e1ticos, zool\u00f3gicos, parques marinos, parques de [&hellip;]<\/p>\n","protected":false},"author":1,"featured_media":983320,"comment_status":"open","ping_status":"closed","sticky":false,"template":"","format":"standard","meta":{"footnotes":""},"categories":[219],"tags":[],"class_list":["post-1031774","post","type-post","status-publish","format-standard","has-post-thumbnail","hentry","category-negocios-y-empresas"],"aioseo_notices":[],"aioseo_head":"\n\t\t<!-- All in One SEO Pro 4.9.6.2 - aioseo.com -->\n\t<meta name=\"description\" content=\"La Comisi\u00f3n Europea ha aprobado, de conformidad con el Reglamento sobre concentraciones de la UE, la adquisici\u00f3n de Parques Reunidos Servicios Centrales S.A. (\u00abParques Reunidos\u00bb) de Espa\u00f1a por EQT Fund Management S.\u00e0 r.l. (\u00abEQT\u00bb) de Luxemburgo. Parques Reunidos opera a escala mundial como gestor de parques de ocio (parques tem\u00e1ticos, zool\u00f3gicos, parques marinos, parques de\" \/>\n\t<meta name=\"robots\" content=\"max-image-preview:large\" \/>\n\t<meta name=\"author\" content=\"El Digital de Asturias\"\/>\n\t<meta name=\"google-site-verification\" content=\"UA-38556648-1\" \/>\n\t<meta name=\"msvalidate.01\" content=\"7dfe9f3f1b24437ab69f4f2559babe99\" \/>\n\t<meta name=\"keywords\" content=\"negocios y empresas\" \/>\n\t<link rel=\"canonical\" href=\"https:\/\/www.eldigitaldeasturias.com\/noticias\/la-comision-europea-autoriza-la-adquisicion-de-parques-reunidos-por-eqt\/\" \/>\n\t<meta name=\"generator\" content=\"All in One SEO Pro (AIOSEO) 4.9.6.2\" \/>\n\t\t<meta property=\"og:locale\" content=\"es_ES\" \/>\n\t\t<meta property=\"og:site_name\" content=\"El Digital de Asturias\" \/>\n\t\t<meta property=\"og:type\" content=\"article\" \/>\n\t\t<meta property=\"og:title\" content=\"La Comisi\u00f3n Europea autoriza la adquisici\u00f3n de Parques Reunidos por EQT - El Digital de Asturias\" \/>\n\t\t<meta property=\"og:description\" content=\"La Comisi\u00f3n Europea ha aprobado, de conformidad con el Reglamento sobre concentraciones de la UE, la adquisici\u00f3n de Parques Reunidos Servicios Centrales S.A. (\u00abParques Reunidos\u00bb) de Espa\u00f1a por EQT Fund Management S.\u00e0 r.l. (\u00abEQT\u00bb) de Luxemburgo. Parques Reunidos opera a escala mundial como gestor de parques de ocio (parques tem\u00e1ticos, zool\u00f3gicos, parques marinos, parques de\" \/>\n\t\t<meta property=\"og:url\" content=\"https:\/\/www.eldigitaldeasturias.com\/noticias\/la-comision-europea-autoriza-la-adquisicion-de-parques-reunidos-por-eqt\/\" \/>\n\t\t<meta property=\"og:image\" content=\"https:\/\/www.eldigitaldeasturias.com\/noticias\/wp-content\/uploads\/2018\/06\/blue-1283011_960_720.jpg\" \/>\n\t\t<meta property=\"og:image:secure_url\" content=\"https:\/\/www.eldigitaldeasturias.com\/noticias\/wp-content\/uploads\/2018\/06\/blue-1283011_960_720.jpg\" \/>\n\t\t<meta property=\"og:image:width\" content=\"960\" \/>\n\t\t<meta property=\"og:image:height\" content=\"671\" \/>\n\t\t<meta property=\"article:tag\" content=\"negocios y empresas\" \/>\n\t\t<meta property=\"article:published_time\" content=\"2019-06-20T15:11:22+00:00\" \/>\n\t\t<meta property=\"article:modified_time\" content=\"2019-06-20T15:11:22+00:00\" \/>\n\t\t<meta property=\"article:publisher\" content=\"https:\/\/facebook.com\/eldigitaldeasturias\" \/>\n\t\t<meta name=\"twitter:card\" content=\"summary_large_image\" \/>\n\t\t<meta name=\"twitter:title\" content=\"La Comisi\u00f3n Europea autoriza la adquisici\u00f3n de Parques Reunidos por EQT - El Digital de Asturias\" \/>\n\t\t<meta name=\"twitter:description\" content=\"La Comisi\u00f3n Europea ha aprobado, de conformidad con el Reglamento sobre concentraciones de la UE, la adquisici\u00f3n de Parques Reunidos Servicios Centrales S.A. (\u00abParques Reunidos\u00bb) de Espa\u00f1a por EQT Fund Management S.\u00e0 r.l. (\u00abEQT\u00bb) de Luxemburgo. Parques Reunidos opera a escala mundial como gestor de parques de ocio (parques tem\u00e1ticos, zool\u00f3gicos, parques marinos, parques de\" \/>\n\t\t<meta name=\"twitter:image\" content=\"https:\/\/www.eldigitaldeasturias.com\/noticias\/wp-content\/uploads\/2018\/06\/blue-1283011_960_720.jpg\" \/>\n\t\t<meta name=\"twitter:label1\" content=\"Escrito por\" \/>\n\t\t<meta name=\"twitter:data1\" content=\"El Digital de Asturias\" \/>\n\t\t<meta name=\"twitter:label2\" content=\"Tiempo de lectura estimado\" \/>\n\t\t<meta name=\"twitter:data2\" content=\"1 minuto\" \/>\n\t\t<script type=\"application\/ld+json\" class=\"aioseo-schema\">\n\t\t\t{\"@context\":\"https:\\\/\\\/schema.org\",\"@graph\":[{\"@type\":\"BlogPosting\",\"@id\":\"https:\\\/\\\/www.eldigitaldeasturias.com\\\/noticias\\\/la-comision-europea-autoriza-la-adquisicion-de-parques-reunidos-por-eqt\\\/#blogposting\",\"name\":\"La Comisi\\u00f3n Europea autoriza la adquisici\\u00f3n de Parques Reunidos por EQT - El Digital de Asturias\",\"headline\":\"La Comisi\\u00f3n Europea autoriza la adquisici\\u00f3n de Parques Reunidos por EQT\",\"author\":{\"@id\":\"https:\\\/\\\/www.eldigitaldeasturias.com\\\/noticias\\\/author\\\/admin\\\/#author\"},\"publisher\":{\"@id\":\"https:\\\/\\\/www.eldigitaldeasturias.com\\\/noticias\\\/#organization\"},\"image\":{\"@type\":\"ImageObject\",\"url\":\"https:\\\/\\\/www.eldigitaldeasturias.com\\\/noticias\\\/wp-content\\\/uploads\\\/2018\\\/06\\\/blue-1283011_960_720.jpg\",\"width\":960,\"height\":671},\"datePublished\":\"2019-06-20T15:11:22+02:00\",\"dateModified\":\"2019-06-20T15:11:22+02:00\",\"inLanguage\":\"es-ES\",\"mainEntityOfPage\":{\"@id\":\"https:\\\/\\\/www.eldigitaldeasturias.com\\\/noticias\\\/la-comision-europea-autoriza-la-adquisicion-de-parques-reunidos-por-eqt\\\/#webpage\"},\"isPartOf\":{\"@id\":\"https:\\\/\\\/www.eldigitaldeasturias.com\\\/noticias\\\/la-comision-europea-autoriza-la-adquisicion-de-parques-reunidos-por-eqt\\\/#webpage\"},\"articleSection\":\"Negocios y Empresas\"},{\"@type\":\"BreadcrumbList\",\"@id\":\"https:\\\/\\\/www.eldigitaldeasturias.com\\\/noticias\\\/la-comision-europea-autoriza-la-adquisicion-de-parques-reunidos-por-eqt\\\/#breadcrumblist\",\"itemListElement\":[{\"@type\":\"ListItem\",\"@id\":\"https:\\\/\\\/www.eldigitaldeasturias.com\\\/noticias#listItem\",\"position\":1,\"name\":\"Home\",\"item\":\"https:\\\/\\\/www.eldigitaldeasturias.com\\\/noticias\",\"nextItem\":{\"@type\":\"ListItem\",\"@id\":\"https:\\\/\\\/www.eldigitaldeasturias.com\\\/noticias\\\/category\\\/negocios-y-empresas\\\/#listItem\",\"name\":\"Negocios y Empresas\"}},{\"@type\":\"ListItem\",\"@id\":\"https:\\\/\\\/www.eldigitaldeasturias.com\\\/noticias\\\/category\\\/negocios-y-empresas\\\/#listItem\",\"position\":2,\"name\":\"Negocios y Empresas\",\"item\":\"https:\\\/\\\/www.eldigitaldeasturias.com\\\/noticias\\\/category\\\/negocios-y-empresas\\\/\",\"nextItem\":{\"@type\":\"ListItem\",\"@id\":\"https:\\\/\\\/www.eldigitaldeasturias.com\\\/noticias\\\/la-comision-europea-autoriza-la-adquisicion-de-parques-reunidos-por-eqt\\\/#listItem\",\"name\":\"La Comisi\\u00f3n Europea autoriza la adquisici\\u00f3n de Parques Reunidos por EQT\"},\"previousItem\":{\"@type\":\"ListItem\",\"@id\":\"https:\\\/\\\/www.eldigitaldeasturias.com\\\/noticias#listItem\",\"name\":\"Home\"}},{\"@type\":\"ListItem\",\"@id\":\"https:\\\/\\\/www.eldigitaldeasturias.com\\\/noticias\\\/la-comision-europea-autoriza-la-adquisicion-de-parques-reunidos-por-eqt\\\/#listItem\",\"position\":3,\"name\":\"La Comisi\\u00f3n Europea autoriza la adquisici\\u00f3n de Parques Reunidos por EQT\",\"previousItem\":{\"@type\":\"ListItem\",\"@id\":\"https:\\\/\\\/www.eldigitaldeasturias.com\\\/noticias\\\/category\\\/negocios-y-empresas\\\/#listItem\",\"name\":\"Negocios y Empresas\"}}]},{\"@type\":\"Organization\",\"@id\":\"https:\\\/\\\/www.eldigitaldeasturias.com\\\/noticias\\\/#organization\",\"name\":\"El Digital de Asturias\",\"description\":\"Hemeroteca\",\"url\":\"https:\\\/\\\/www.eldigitaldeasturias.com\\\/noticias\\\/\",\"email\":\"info@eldigitaldeasturias.com\",\"telephone\":\"+34652131393\",\"logo\":{\"@type\":\"ImageObject\",\"url\":\"https:\\\/\\\/www.eldigitaldeasturias.com\\\/noticias\\\/wp-content\\\/uploads\\\/2020\\\/12\\\/EDA.jpg\",\"@id\":\"https:\\\/\\\/www.eldigitaldeasturias.com\\\/noticias\\\/la-comision-europea-autoriza-la-adquisicion-de-parques-reunidos-por-eqt\\\/#organizationLogo\",\"width\":649,\"height\":297},\"image\":{\"@id\":\"https:\\\/\\\/www.eldigitaldeasturias.com\\\/noticias\\\/la-comision-europea-autoriza-la-adquisicion-de-parques-reunidos-por-eqt\\\/#organizationLogo\"},\"sameAs\":[\"https:\\\/\\\/facebook.com\\\/eldigitaldeasturias\",\"https:\\\/\\\/www.youtube.com\\\/channel\\\/UCZP-2wLEB9Rv6erhFmqVnvg\"],\"address\":{\"@id\":\"https:\\\/\\\/www.eldigitaldeasturias.com\\\/noticias\\\/#postaladdress\",\"@type\":\"PostalAddress\",\"streetAddress\":\"san antonio 4,\",\"postalCode\":\"33430\",\"addressLocality\":\"Cand\\u00e1s\",\"addressRegion\":\"Asturias\",\"addressCountry\":\"ES\"}},{\"@type\":\"Person\",\"@id\":\"https:\\\/\\\/www.eldigitaldeasturias.com\\\/noticias\\\/author\\\/admin\\\/#author\",\"url\":\"https:\\\/\\\/www.eldigitaldeasturias.com\\\/noticias\\\/author\\\/admin\\\/\",\"name\":\"El Digital de Asturias\",\"image\":{\"@type\":\"ImageObject\",\"@id\":\"https:\\\/\\\/www.eldigitaldeasturias.com\\\/noticias\\\/la-comision-europea-autoriza-la-adquisicion-de-parques-reunidos-por-eqt\\\/#authorImage\",\"url\":\"https:\\\/\\\/www.eldigitaldeasturias.com\\\/noticias\\\/wp-content\\\/litespeed\\\/avatar\\\/18677e78aa0546b92d9dbf31ec7d7668.jpg?ver=1777290358\",\"width\":96,\"height\":96,\"caption\":\"El Digital de Asturias\"}},{\"@type\":\"WebPage\",\"@id\":\"https:\\\/\\\/www.eldigitaldeasturias.com\\\/noticias\\\/la-comision-europea-autoriza-la-adquisicion-de-parques-reunidos-por-eqt\\\/#webpage\",\"url\":\"https:\\\/\\\/www.eldigitaldeasturias.com\\\/noticias\\\/la-comision-europea-autoriza-la-adquisicion-de-parques-reunidos-por-eqt\\\/\",\"name\":\"La Comisi\\u00f3n Europea autoriza la adquisici\\u00f3n de Parques Reunidos por EQT - El Digital de Asturias\",\"description\":\"La Comisi\\u00f3n Europea ha aprobado, de conformidad con el Reglamento sobre concentraciones de la UE, la adquisici\\u00f3n de Parques Reunidos Servicios Centrales S.A. (\\u00abParques Reunidos\\u00bb) de Espa\\u00f1a por EQT Fund Management S.\\u00e0 r.l. (\\u00abEQT\\u00bb) de Luxemburgo. Parques Reunidos opera a escala mundial como gestor de parques de ocio (parques tem\\u00e1ticos, zool\\u00f3gicos, parques marinos, parques de\",\"inLanguage\":\"es-ES\",\"isPartOf\":{\"@id\":\"https:\\\/\\\/www.eldigitaldeasturias.com\\\/noticias\\\/#website\"},\"breadcrumb\":{\"@id\":\"https:\\\/\\\/www.eldigitaldeasturias.com\\\/noticias\\\/la-comision-europea-autoriza-la-adquisicion-de-parques-reunidos-por-eqt\\\/#breadcrumblist\"},\"author\":{\"@id\":\"https:\\\/\\\/www.eldigitaldeasturias.com\\\/noticias\\\/author\\\/admin\\\/#author\"},\"creator\":{\"@id\":\"https:\\\/\\\/www.eldigitaldeasturias.com\\\/noticias\\\/author\\\/admin\\\/#author\"},\"image\":{\"@type\":\"ImageObject\",\"url\":\"https:\\\/\\\/www.eldigitaldeasturias.com\\\/noticias\\\/wp-content\\\/uploads\\\/2018\\\/06\\\/blue-1283011_960_720.jpg\",\"@id\":\"https:\\\/\\\/www.eldigitaldeasturias.com\\\/noticias\\\/la-comision-europea-autoriza-la-adquisicion-de-parques-reunidos-por-eqt\\\/#mainImage\",\"width\":960,\"height\":671},\"primaryImageOfPage\":{\"@id\":\"https:\\\/\\\/www.eldigitaldeasturias.com\\\/noticias\\\/la-comision-europea-autoriza-la-adquisicion-de-parques-reunidos-por-eqt\\\/#mainImage\"},\"datePublished\":\"2019-06-20T15:11:22+02:00\",\"dateModified\":\"2019-06-20T15:11:22+02:00\"},{\"@type\":\"WebSite\",\"@id\":\"https:\\\/\\\/www.eldigitaldeasturias.com\\\/noticias\\\/#website\",\"url\":\"https:\\\/\\\/www.eldigitaldeasturias.com\\\/noticias\\\/\",\"name\":\"El Digital de Asturias - Diario de actualidad y noticias\",\"alternateName\":\"El Digital de Asturias - Diario de actualidad y noticias\",\"description\":\"Hemeroteca\",\"inLanguage\":\"es-ES\",\"publisher\":{\"@id\":\"https:\\\/\\\/www.eldigitaldeasturias.com\\\/noticias\\\/#organization\"}}]}\n\t\t<\/script>\n\t\t<!-- All in One SEO Pro -->\r\n\t\t<title>La Comisi\u00f3n Europea autoriza la adquisici\u00f3n de Parques Reunidos por EQT - El Digital de Asturias<\/title>\n\n","aioseo_head_json":{"title":"La Comisi\u00f3n Europea autoriza la adquisici\u00f3n de Parques Reunidos por EQT - El Digital de Asturias","description":"La Comisi\u00f3n Europea ha aprobado, de conformidad con el Reglamento sobre concentraciones de la UE, la adquisici\u00f3n de Parques Reunidos Servicios Centrales S.A. (\u00abParques Reunidos\u00bb) de Espa\u00f1a por EQT Fund Management S.\u00e0 r.l. (\u00abEQT\u00bb) de Luxemburgo. Parques Reunidos opera a escala mundial como gestor de parques de ocio (parques tem\u00e1ticos, zool\u00f3gicos, parques marinos, parques de","canonical_url":"https:\/\/www.eldigitaldeasturias.com\/noticias\/la-comision-europea-autoriza-la-adquisicion-de-parques-reunidos-por-eqt\/","robots":"max-image-preview:large","keywords":"negocios y empresas","webmasterTools":{"google-site-verification":"UA-38556648-1","msvalidate.01":"7dfe9f3f1b24437ab69f4f2559babe99","miscellaneous":""},"schema":{"@context":"https:\/\/schema.org","@graph":[{"@type":"BlogPosting","@id":"https:\/\/www.eldigitaldeasturias.com\/noticias\/la-comision-europea-autoriza-la-adquisicion-de-parques-reunidos-por-eqt\/#blogposting","name":"La Comisi\u00f3n Europea autoriza la adquisici\u00f3n de Parques Reunidos por EQT - El Digital de Asturias","headline":"La Comisi\u00f3n Europea autoriza la adquisici\u00f3n de Parques Reunidos por EQT","author":{"@id":"https:\/\/www.eldigitaldeasturias.com\/noticias\/author\/admin\/#author"},"publisher":{"@id":"https:\/\/www.eldigitaldeasturias.com\/noticias\/#organization"},"image":{"@type":"ImageObject","url":"https:\/\/www.eldigitaldeasturias.com\/noticias\/wp-content\/uploads\/2018\/06\/blue-1283011_960_720.jpg","width":960,"height":671},"datePublished":"2019-06-20T15:11:22+02:00","dateModified":"2019-06-20T15:11:22+02:00","inLanguage":"es-ES","mainEntityOfPage":{"@id":"https:\/\/www.eldigitaldeasturias.com\/noticias\/la-comision-europea-autoriza-la-adquisicion-de-parques-reunidos-por-eqt\/#webpage"},"isPartOf":{"@id":"https:\/\/www.eldigitaldeasturias.com\/noticias\/la-comision-europea-autoriza-la-adquisicion-de-parques-reunidos-por-eqt\/#webpage"},"articleSection":"Negocios y Empresas"},{"@type":"BreadcrumbList","@id":"https:\/\/www.eldigitaldeasturias.com\/noticias\/la-comision-europea-autoriza-la-adquisicion-de-parques-reunidos-por-eqt\/#breadcrumblist","itemListElement":[{"@type":"ListItem","@id":"https:\/\/www.eldigitaldeasturias.com\/noticias#listItem","position":1,"name":"Home","item":"https:\/\/www.eldigitaldeasturias.com\/noticias","nextItem":{"@type":"ListItem","@id":"https:\/\/www.eldigitaldeasturias.com\/noticias\/category\/negocios-y-empresas\/#listItem","name":"Negocios y Empresas"}},{"@type":"ListItem","@id":"https:\/\/www.eldigitaldeasturias.com\/noticias\/category\/negocios-y-empresas\/#listItem","position":2,"name":"Negocios y Empresas","item":"https:\/\/www.eldigitaldeasturias.com\/noticias\/category\/negocios-y-empresas\/","nextItem":{"@type":"ListItem","@id":"https:\/\/www.eldigitaldeasturias.com\/noticias\/la-comision-europea-autoriza-la-adquisicion-de-parques-reunidos-por-eqt\/#listItem","name":"La Comisi\u00f3n Europea autoriza la adquisici\u00f3n de Parques Reunidos por EQT"},"previousItem":{"@type":"ListItem","@id":"https:\/\/www.eldigitaldeasturias.com\/noticias#listItem","name":"Home"}},{"@type":"ListItem","@id":"https:\/\/www.eldigitaldeasturias.com\/noticias\/la-comision-europea-autoriza-la-adquisicion-de-parques-reunidos-por-eqt\/#listItem","position":3,"name":"La Comisi\u00f3n Europea autoriza la adquisici\u00f3n de Parques Reunidos por EQT","previousItem":{"@type":"ListItem","@id":"https:\/\/www.eldigitaldeasturias.com\/noticias\/category\/negocios-y-empresas\/#listItem","name":"Negocios y Empresas"}}]},{"@type":"Organization","@id":"https:\/\/www.eldigitaldeasturias.com\/noticias\/#organization","name":"El Digital de Asturias","description":"Hemeroteca","url":"https:\/\/www.eldigitaldeasturias.com\/noticias\/","email":"info@eldigitaldeasturias.com","telephone":"+34652131393","logo":{"@type":"ImageObject","url":"https:\/\/www.eldigitaldeasturias.com\/noticias\/wp-content\/uploads\/2020\/12\/EDA.jpg","@id":"https:\/\/www.eldigitaldeasturias.com\/noticias\/la-comision-europea-autoriza-la-adquisicion-de-parques-reunidos-por-eqt\/#organizationLogo","width":649,"height":297},"image":{"@id":"https:\/\/www.eldigitaldeasturias.com\/noticias\/la-comision-europea-autoriza-la-adquisicion-de-parques-reunidos-por-eqt\/#organizationLogo"},"sameAs":["https:\/\/facebook.com\/eldigitaldeasturias","https:\/\/www.youtube.com\/channel\/UCZP-2wLEB9Rv6erhFmqVnvg"],"address":{"@id":"https:\/\/www.eldigitaldeasturias.com\/noticias\/#postaladdress","@type":"PostalAddress","streetAddress":"san antonio 4,","postalCode":"33430","addressLocality":"Cand\u00e1s","addressRegion":"Asturias","addressCountry":"ES"}},{"@type":"Person","@id":"https:\/\/www.eldigitaldeasturias.com\/noticias\/author\/admin\/#author","url":"https:\/\/www.eldigitaldeasturias.com\/noticias\/author\/admin\/","name":"El Digital de Asturias","image":{"@type":"ImageObject","@id":"https:\/\/www.eldigitaldeasturias.com\/noticias\/la-comision-europea-autoriza-la-adquisicion-de-parques-reunidos-por-eqt\/#authorImage","url":"https:\/\/www.eldigitaldeasturias.com\/noticias\/wp-content\/litespeed\/avatar\/18677e78aa0546b92d9dbf31ec7d7668.jpg?ver=1777290358","width":96,"height":96,"caption":"El Digital de Asturias"}},{"@type":"WebPage","@id":"https:\/\/www.eldigitaldeasturias.com\/noticias\/la-comision-europea-autoriza-la-adquisicion-de-parques-reunidos-por-eqt\/#webpage","url":"https:\/\/www.eldigitaldeasturias.com\/noticias\/la-comision-europea-autoriza-la-adquisicion-de-parques-reunidos-por-eqt\/","name":"La Comisi\u00f3n Europea autoriza la adquisici\u00f3n de Parques Reunidos por EQT - El Digital de Asturias","description":"La Comisi\u00f3n Europea ha aprobado, de conformidad con el Reglamento sobre concentraciones de la UE, la adquisici\u00f3n de Parques Reunidos Servicios Centrales S.A. (\u00abParques Reunidos\u00bb) de Espa\u00f1a por EQT Fund Management S.\u00e0 r.l. (\u00abEQT\u00bb) de Luxemburgo. Parques Reunidos opera a escala mundial como gestor de parques de ocio (parques tem\u00e1ticos, zool\u00f3gicos, parques marinos, parques de","inLanguage":"es-ES","isPartOf":{"@id":"https:\/\/www.eldigitaldeasturias.com\/noticias\/#website"},"breadcrumb":{"@id":"https:\/\/www.eldigitaldeasturias.com\/noticias\/la-comision-europea-autoriza-la-adquisicion-de-parques-reunidos-por-eqt\/#breadcrumblist"},"author":{"@id":"https:\/\/www.eldigitaldeasturias.com\/noticias\/author\/admin\/#author"},"creator":{"@id":"https:\/\/www.eldigitaldeasturias.com\/noticias\/author\/admin\/#author"},"image":{"@type":"ImageObject","url":"https:\/\/www.eldigitaldeasturias.com\/noticias\/wp-content\/uploads\/2018\/06\/blue-1283011_960_720.jpg","@id":"https:\/\/www.eldigitaldeasturias.com\/noticias\/la-comision-europea-autoriza-la-adquisicion-de-parques-reunidos-por-eqt\/#mainImage","width":960,"height":671},"primaryImageOfPage":{"@id":"https:\/\/www.eldigitaldeasturias.com\/noticias\/la-comision-europea-autoriza-la-adquisicion-de-parques-reunidos-por-eqt\/#mainImage"},"datePublished":"2019-06-20T15:11:22+02:00","dateModified":"2019-06-20T15:11:22+02:00"},{"@type":"WebSite","@id":"https:\/\/www.eldigitaldeasturias.com\/noticias\/#website","url":"https:\/\/www.eldigitaldeasturias.com\/noticias\/","name":"El Digital de Asturias - Diario de actualidad y noticias","alternateName":"El Digital de Asturias - Diario de actualidad y noticias","description":"Hemeroteca","inLanguage":"es-ES","publisher":{"@id":"https:\/\/www.eldigitaldeasturias.com\/noticias\/#organization"}}]},"og:locale":"es_ES","og:site_name":"El Digital de Asturias","og:type":"article","og:title":"La Comisi\u00f3n Europea autoriza la adquisici\u00f3n de Parques Reunidos por EQT - El Digital de Asturias","og:description":"La Comisi\u00f3n Europea ha aprobado, de conformidad con el Reglamento sobre concentraciones de la UE, la adquisici\u00f3n de Parques Reunidos Servicios Centrales S.A. (\u00abParques Reunidos\u00bb) de Espa\u00f1a por EQT Fund Management S.\u00e0 r.l. (\u00abEQT\u00bb) de Luxemburgo. Parques Reunidos opera a escala mundial como gestor de parques de ocio (parques tem\u00e1ticos, zool\u00f3gicos, parques marinos, parques de","og:url":"https:\/\/www.eldigitaldeasturias.com\/noticias\/la-comision-europea-autoriza-la-adquisicion-de-parques-reunidos-por-eqt\/","og:image":"https:\/\/www.eldigitaldeasturias.com\/noticias\/wp-content\/uploads\/2018\/06\/blue-1283011_960_720.jpg","og:image:secure_url":"https:\/\/www.eldigitaldeasturias.com\/noticias\/wp-content\/uploads\/2018\/06\/blue-1283011_960_720.jpg","og:image:width":960,"og:image:height":671,"article:tag":["negocios y empresas"],"article:published_time":"2019-06-20T15:11:22+00:00","article:modified_time":"2019-06-20T15:11:22+00:00","article:publisher":"https:\/\/facebook.com\/eldigitaldeasturias","twitter:card":"summary_large_image","twitter:title":"La Comisi\u00f3n Europea autoriza la adquisici\u00f3n de Parques Reunidos por EQT - El Digital de Asturias","twitter:description":"La Comisi\u00f3n Europea ha aprobado, de conformidad con el Reglamento sobre concentraciones de la UE, la adquisici\u00f3n de Parques Reunidos Servicios Centrales S.A. (\u00abParques Reunidos\u00bb) de Espa\u00f1a por EQT Fund Management S.\u00e0 r.l. (\u00abEQT\u00bb) de Luxemburgo. Parques Reunidos opera a escala mundial como gestor de parques de ocio (parques tem\u00e1ticos, zool\u00f3gicos, parques marinos, parques de","twitter:image":"https:\/\/www.eldigitaldeasturias.com\/noticias\/wp-content\/uploads\/2018\/06\/blue-1283011_960_720.jpg","twitter:label1":"Escrito por","twitter:data1":"El Digital de Asturias","twitter:label2":"Tiempo de lectura estimado","twitter:data2":"1 minuto"},"aioseo_meta_data":{"post_id":"1031774","title":null,"description":null,"keywords":null,"keyphrases":null,"primary_term":null,"canonical_url":null,"og_title":null,"og_description":null,"og_object_type":"default","og_image_type":"default","og_image_url":null,"og_image_width":null,"og_image_height":null,"og_image_custom_url":null,"og_image_custom_fields":null,"og_video":null,"og_custom_url":null,"og_article_section":null,"og_article_tags":null,"twitter_use_og":false,"twitter_card":"default","twitter_image_type":"default","twitter_image_url":null,"twitter_image_custom_url":null,"twitter_image_custom_fields":null,"twitter_title":null,"twitter_description":null,"schema":{"blockGraphs":[],"customGraphs":[],"default":{"data":{"Article":[],"Course":[],"Dataset":[],"FAQPage":[],"Movie":[],"Person":[],"Product":[],"ProductReview":[],"Car":[],"Recipe":[],"Service":[],"SoftwareApplication":[],"WebPage":[]},"graphName":"","isEnabled":true},"graphs":[],"defaultGraph":"","defaultPostTypeGraph":""},"schema_type":null,"schema_type_options":null,"pillar_content":false,"robots_default":true,"robots_noindex":false,"robots_noarchive":false,"robots_nosnippet":false,"robots_nofollow":false,"robots_noimageindex":false,"robots_noodp":false,"robots_notranslate":false,"robots_max_snippet":null,"robots_max_videopreview":null,"robots_max_imagepreview":"large","priority":null,"frequency":null,"local_seo":null,"seo_analyzer_scan_date":"2025-10-18 19:55:07","breadcrumb_settings":null,"limit_modified_date":false,"open_ai":null,"ai":null,"created":"2020-12-21 11:10:13","updated":"2025-10-18 19:55:07"},"aioseo_breadcrumb":"<div class=\"aioseo-breadcrumbs\"><span class=\"aioseo-breadcrumb\">\n\t<a href=\"https:\/\/www.eldigitaldeasturias.com\/noticias\" title=\"Home\">Home<\/a>\n<\/span><span class=\"aioseo-breadcrumb-separator\">\u2013<\/span><span class=\"aioseo-breadcrumb\">\n\t<a href=\"https:\/\/www.eldigitaldeasturias.com\/noticias\/category\/negocios-y-empresas\/\" title=\"Negocios y Empresas\">Negocios y Empresas<\/a>\n<\/span><span class=\"aioseo-breadcrumb-separator\">\u2013<\/span><span class=\"aioseo-breadcrumb\">\n\t<a href=\"https:\/\/www.eldigitaldeasturias.com\/noticias\/la-comision-europea-autoriza-la-adquisicion-de-parques-reunidos-por-eqt\/\" title=\"La Comisi\u00f3n Europea autoriza la adquisici\u00f3n de Parques Reunidos por EQT\">La Comisi\u00f3n Europea autoriza la adquisici\u00f3n de Parques Reunidos por EQT<\/a>\n<\/span><\/div>","aioseo_breadcrumb_json":[{"label":"Home","link":"https:\/\/www.eldigitaldeasturias.com\/noticias"},{"label":"Negocios y Empresas","link":"https:\/\/www.eldigitaldeasturias.com\/noticias\/category\/negocios-y-empresas\/"},{"label":"La Comisi\u00f3n Europea autoriza la adquisici\u00f3n de Parques Reunidos por EQT","link":"https:\/\/www.eldigitaldeasturias.com\/noticias\/la-comision-europea-autoriza-la-adquisicion-de-parques-reunidos-por-eqt\/"}],"_links":{"self":[{"href":"https:\/\/www.eldigitaldeasturias.com\/noticias\/wp-json\/wp\/v2\/posts\/1031774","targetHints":{"allow":["GET"]}}],"collection":[{"href":"https:\/\/www.eldigitaldeasturias.com\/noticias\/wp-json\/wp\/v2\/posts"}],"about":[{"href":"https:\/\/www.eldigitaldeasturias.com\/noticias\/wp-json\/wp\/v2\/types\/post"}],"author":[{"embeddable":true,"href":"https:\/\/www.eldigitaldeasturias.com\/noticias\/wp-json\/wp\/v2\/users\/1"}],"replies":[{"embeddable":true,"href":"https:\/\/www.eldigitaldeasturias.com\/noticias\/wp-json\/wp\/v2\/comments?post=1031774"}],"version-history":[{"count":0,"href":"https:\/\/www.eldigitaldeasturias.com\/noticias\/wp-json\/wp\/v2\/posts\/1031774\/revisions"}],"wp:featuredmedia":[{"embeddable":true,"href":"https:\/\/www.eldigitaldeasturias.com\/noticias\/wp-json\/wp\/v2\/media\/983320"}],"wp:attachment":[{"href":"https:\/\/www.eldigitaldeasturias.com\/noticias\/wp-json\/wp\/v2\/media?parent=1031774"}],"wp:term":[{"taxonomy":"category","embeddable":true,"href":"https:\/\/www.eldigitaldeasturias.com\/noticias\/wp-json\/wp\/v2\/categories?post=1031774"},{"taxonomy":"post_tag","embeddable":true,"href":"https:\/\/www.eldigitaldeasturias.com\/noticias\/wp-json\/wp\/v2\/tags?post=1031774"}],"curies":[{"name":"wp","href":"https:\/\/api.w.org\/{rel}","templated":true}]}}