{"id":1031616,"date":"2019-06-19T19:22:39","date_gmt":"2019-06-19T19:22:39","guid":{"rendered":"https:\/\/www.eldigitaldeasturias.com\/noticias\/?p=1031616"},"modified":"2019-06-19T19:22:39","modified_gmt":"2019-06-19T19:22:39","slug":"mats-hummels-regresa-al-borussia-dortmund","status":"publish","type":"post","link":"https:\/\/www.eldigitaldeasturias.com\/noticias\/mats-hummels-regresa-al-borussia-dortmund\/","title":{"rendered":"Mats Hummels regresa al Borussia Dortmund"},"content":{"rendered":"<p><img loading=\"lazy\" decoding=\"async\" class=\"alignleft size-medium wp-image-988327\" src=\"https:\/\/www.eldigitaldeasturias.com\/noticias\/wp-content\/uploads\/2018\/07\/football-fans-797383_960_720-335x320.jpg\" alt=\"\" width=\"335\" height=\"320\" srcset=\"https:\/\/www.eldigitaldeasturias.com\/noticias\/wp-content\/uploads\/2018\/07\/football-fans-797383_960_720-335x320.jpg 335w, https:\/\/www.eldigitaldeasturias.com\/noticias\/wp-content\/uploads\/2018\/07\/football-fans-797383_960_720-502x480.jpg 502w, https:\/\/www.eldigitaldeasturias.com\/noticias\/wp-content\/uploads\/2018\/07\/football-fans-797383_960_720-396x377.jpg 396w, https:\/\/www.eldigitaldeasturias.com\/noticias\/wp-content\/uploads\/2018\/07\/football-fans-797383_960_720.jpg 753w\" sizes=\"auto, (max-width: 335px) 100vw, 335px\" \/>Berl\u00edn, 19 jun (dpa) &#8211; El defensa alem\u00e1n Mats Hummels regresa al Borussia Dortmund procedente del campe\u00f3n de la Bundesliga de f\u00fatbol, el Bayern M\u00fanich, informaron hoy fuentes de ambos clubes, en un nuevo fichaje de los gualdinegros que llevan invertidos cerca de 125 millones de euros (140 millones de d\u00f3lares) en el mercado de verano.<\/p>\n<p>El \u00fanico paso que queda es el reconocimiento m\u00e9dico obligatorio que a\u00fan debe superar el ex futbolista de la selecci\u00f3n alemana, de 30 a\u00f1os, se\u00f1alaron los equipos.<\/p>\n<p>No se dieron m\u00e1s detalles, mientras que la revista deportiva \u00abKicker\u00bb inform\u00f3 que el Dortmund pagar\u00eda hasta 38 millones de euros (42,6 millones de d\u00f3lares) por el central que vendi\u00f3 hace tres a\u00f1os al Bayern por 35 millones de euros. Se comenta que Hummels firmar\u00e1 un contrato de tres a\u00f1os de duraci\u00f3n.<\/p>\n<p>\u00abEl club de la Bundesliga Borussia Dortmund lleg\u00f3 a un principio de acuerdo con el Bayern M\u00fanich para la transferencia del defensor Mats Hummels\u00bb, dijo el Dortmund en un comunicado. \u00abEl traspaso est\u00e1 sujeto al reconocimiento m\u00e9dico, que a\u00fan se tiene que llevar a cabo\u00bb.<\/p>\n<p>Hummels lleg\u00f3 por primera vez a Dortmund en 2008 desde el Bayern y durante su estancia de ocho a\u00f1os gan\u00f3 dos t\u00edtulos de la Bundesliga y una Copa de Alemania. Militaba en el conjunto de M\u00fanich desde 2016 con el que firm\u00f3 contrato hasta 2021, gan\u00f3 tres t\u00edtulos de Liga y una Copa alemana.<\/p>\n<p>En la temporada anterior se vio relegado por Niklas S\u00fcle en el centro de la l\u00ednea defensiva del Bayern y con frecuencia tuvo que conformarse con un lugar en el banquillo.<\/p>\n<p>Adem\u00e1s, las llegadas de Lucas Hern\u00e1ndez, del Atl\u00e9tico de Madrid, y Benjamin Pavard, del Stuttgart, podr\u00edan haber dejado a Hummels m\u00e1s tiempo en el banquillo de los b\u00e1varos.<\/p>\n<p>El 70 veces internacional con Alemania tambi\u00e9n fue descartado a principios de a\u00f1o de la selecci\u00f3n nacional, junto con otros dos campeones del mundo en 2014, los tambi\u00e9n futbolistas del Bayern Jerome Boateng y Thomas M\u00fcller.<\/p>\n<p>El Dortmund, subcampe\u00f3n a solo dos puntos del Bayern la temporada pasada, est\u00e1 realizando una gran inversi\u00f3n para optar al t\u00edtulo de la Bundesliga.<\/p>\n<p>Junto a Thorgan Hazard (Borussia M\u00f6nchengladbach), los internacionales alemanes Julian Brandt (Bayer Leverkusen) y Nico Schulz (Hoffenheim), m\u00e1s la compra del espa\u00f1ol Paco Alc\u00e1cer (Barcelona) que estaba cedido, con la incorporaci\u00f3n de Hummels el Borussia Dortmund elev\u00f3 sus gastos de verano a casi 125 millones de euros.<\/p>\n","protected":false},"excerpt":{"rendered":"<p>Berl\u00edn, 19 jun (dpa) &#8211; El defensa alem\u00e1n Mats Hummels regresa al Borussia Dortmund procedente del campe\u00f3n de la Bundesliga de f\u00fatbol, el Bayern M\u00fanich, informaron hoy fuentes de ambos clubes, en un nuevo fichaje de los gualdinegros que llevan invertidos cerca de 125 millones de euros (140 millones de d\u00f3lares) en el mercado de [&hellip;]<\/p>\n","protected":false},"author":1,"featured_media":988327,"comment_status":"open","ping_status":"closed","sticky":false,"template":"","format":"standard","meta":{"footnotes":""},"categories":[190],"tags":[],"class_list":["post-1031616","post","type-post","status-publish","format-standard","has-post-thumbnail","hentry","category-deportes"],"aioseo_notices":[],"aioseo_head":"\n\t\t<!-- All in One SEO Pro 4.9.6.2 - aioseo.com -->\n\t<meta name=\"description\" content=\"Berl\u00edn, 19 jun (dpa) - El defensa alem\u00e1n Mats Hummels regresa al Borussia Dortmund procedente del campe\u00f3n de la Bundesliga de f\u00fatbol, el Bayern M\u00fanich, informaron hoy fuentes de ambos clubes, en un nuevo fichaje de los gualdinegros que llevan invertidos cerca de 125 millones de euros (140 millones de d\u00f3lares) en el mercado de\" \/>\n\t<meta name=\"robots\" content=\"max-image-preview:large\" \/>\n\t<meta name=\"author\" content=\"El Digital de Asturias\"\/>\n\t<meta name=\"google-site-verification\" content=\"UA-38556648-1\" \/>\n\t<meta name=\"msvalidate.01\" content=\"7dfe9f3f1b24437ab69f4f2559babe99\" \/>\n\t<meta name=\"keywords\" content=\"deportes\" \/>\n\t<link rel=\"canonical\" href=\"https:\/\/www.eldigitaldeasturias.com\/noticias\/mats-hummels-regresa-al-borussia-dortmund\/\" \/>\n\t<meta name=\"generator\" content=\"All in One SEO Pro (AIOSEO) 4.9.6.2\" \/>\n\t\t<meta property=\"og:locale\" content=\"es_ES\" \/>\n\t\t<meta property=\"og:site_name\" content=\"El Digital de Asturias\" \/>\n\t\t<meta property=\"og:type\" content=\"article\" \/>\n\t\t<meta property=\"og:title\" content=\"Mats Hummels regresa al Borussia Dortmund - El Digital de Asturias\" \/>\n\t\t<meta property=\"og:description\" content=\"Berl\u00edn, 19 jun (dpa) - El defensa alem\u00e1n Mats Hummels regresa al Borussia Dortmund procedente del campe\u00f3n de la Bundesliga de f\u00fatbol, el Bayern M\u00fanich, informaron hoy fuentes de ambos clubes, en un nuevo fichaje de los gualdinegros que llevan invertidos cerca de 125 millones de euros (140 millones de d\u00f3lares) en el mercado de\" \/>\n\t\t<meta property=\"og:url\" content=\"https:\/\/www.eldigitaldeasturias.com\/noticias\/mats-hummels-regresa-al-borussia-dortmund\/\" \/>\n\t\t<meta property=\"og:image\" content=\"https:\/\/www.eldigitaldeasturias.com\/noticias\/wp-content\/uploads\/2018\/07\/football-fans-797383_960_720.jpg\" \/>\n\t\t<meta property=\"og:image:secure_url\" content=\"https:\/\/www.eldigitaldeasturias.com\/noticias\/wp-content\/uploads\/2018\/07\/football-fans-797383_960_720.jpg\" \/>\n\t\t<meta property=\"og:image:width\" content=\"753\" \/>\n\t\t<meta property=\"og:image:height\" content=\"720\" \/>\n\t\t<meta property=\"article:tag\" content=\"deportes\" \/>\n\t\t<meta property=\"article:published_time\" content=\"2019-06-19T19:22:39+00:00\" \/>\n\t\t<meta property=\"article:modified_time\" content=\"2019-06-19T19:22:39+00:00\" \/>\n\t\t<meta property=\"article:publisher\" content=\"https:\/\/facebook.com\/eldigitaldeasturias\" \/>\n\t\t<meta name=\"twitter:card\" content=\"summary_large_image\" \/>\n\t\t<meta name=\"twitter:title\" content=\"Mats Hummels regresa al Borussia Dortmund - El Digital de Asturias\" \/>\n\t\t<meta name=\"twitter:description\" content=\"Berl\u00edn, 19 jun (dpa) - El defensa alem\u00e1n Mats Hummels regresa al Borussia Dortmund procedente del campe\u00f3n de la Bundesliga de f\u00fatbol, el Bayern M\u00fanich, informaron hoy fuentes de ambos clubes, en un nuevo fichaje de los gualdinegros que llevan invertidos cerca de 125 millones de euros (140 millones de d\u00f3lares) en el mercado de\" \/>\n\t\t<meta name=\"twitter:image\" content=\"https:\/\/www.eldigitaldeasturias.com\/noticias\/wp-content\/uploads\/2018\/07\/football-fans-797383_960_720.jpg\" \/>\n\t\t<meta name=\"twitter:label1\" content=\"Escrito por\" \/>\n\t\t<meta name=\"twitter:data1\" content=\"El Digital de Asturias\" \/>\n\t\t<meta name=\"twitter:label2\" content=\"Tiempo de lectura estimado\" \/>\n\t\t<meta name=\"twitter:data2\" content=\"2 minutos\" \/>\n\t\t<script type=\"application\/ld+json\" class=\"aioseo-schema\">\n\t\t\t{\"@context\":\"https:\\\/\\\/schema.org\",\"@graph\":[{\"@type\":\"BlogPosting\",\"@id\":\"https:\\\/\\\/www.eldigitaldeasturias.com\\\/noticias\\\/mats-hummels-regresa-al-borussia-dortmund\\\/#blogposting\",\"name\":\"Mats Hummels regresa al Borussia Dortmund - El Digital de Asturias\",\"headline\":\"Mats Hummels regresa al Borussia Dortmund\",\"author\":{\"@id\":\"https:\\\/\\\/www.eldigitaldeasturias.com\\\/noticias\\\/author\\\/admin\\\/#author\"},\"publisher\":{\"@id\":\"https:\\\/\\\/www.eldigitaldeasturias.com\\\/noticias\\\/#organization\"},\"image\":{\"@type\":\"ImageObject\",\"url\":\"https:\\\/\\\/www.eldigitaldeasturias.com\\\/noticias\\\/wp-content\\\/uploads\\\/2018\\\/07\\\/football-fans-797383_960_720.jpg\",\"width\":753,\"height\":720},\"datePublished\":\"2019-06-19T19:22:39+02:00\",\"dateModified\":\"2019-06-19T19:22:39+02:00\",\"inLanguage\":\"es-ES\",\"mainEntityOfPage\":{\"@id\":\"https:\\\/\\\/www.eldigitaldeasturias.com\\\/noticias\\\/mats-hummels-regresa-al-borussia-dortmund\\\/#webpage\"},\"isPartOf\":{\"@id\":\"https:\\\/\\\/www.eldigitaldeasturias.com\\\/noticias\\\/mats-hummels-regresa-al-borussia-dortmund\\\/#webpage\"},\"articleSection\":\"Deportes\"},{\"@type\":\"BreadcrumbList\",\"@id\":\"https:\\\/\\\/www.eldigitaldeasturias.com\\\/noticias\\\/mats-hummels-regresa-al-borussia-dortmund\\\/#breadcrumblist\",\"itemListElement\":[{\"@type\":\"ListItem\",\"@id\":\"https:\\\/\\\/www.eldigitaldeasturias.com\\\/noticias#listItem\",\"position\":1,\"name\":\"Home\",\"item\":\"https:\\\/\\\/www.eldigitaldeasturias.com\\\/noticias\",\"nextItem\":{\"@type\":\"ListItem\",\"@id\":\"https:\\\/\\\/www.eldigitaldeasturias.com\\\/noticias\\\/category\\\/deportes\\\/#listItem\",\"name\":\"Deportes\"}},{\"@type\":\"ListItem\",\"@id\":\"https:\\\/\\\/www.eldigitaldeasturias.com\\\/noticias\\\/category\\\/deportes\\\/#listItem\",\"position\":2,\"name\":\"Deportes\",\"item\":\"https:\\\/\\\/www.eldigitaldeasturias.com\\\/noticias\\\/category\\\/deportes\\\/\",\"nextItem\":{\"@type\":\"ListItem\",\"@id\":\"https:\\\/\\\/www.eldigitaldeasturias.com\\\/noticias\\\/mats-hummels-regresa-al-borussia-dortmund\\\/#listItem\",\"name\":\"Mats Hummels regresa al Borussia Dortmund\"},\"previousItem\":{\"@type\":\"ListItem\",\"@id\":\"https:\\\/\\\/www.eldigitaldeasturias.com\\\/noticias#listItem\",\"name\":\"Home\"}},{\"@type\":\"ListItem\",\"@id\":\"https:\\\/\\\/www.eldigitaldeasturias.com\\\/noticias\\\/mats-hummels-regresa-al-borussia-dortmund\\\/#listItem\",\"position\":3,\"name\":\"Mats Hummels regresa al Borussia Dortmund\",\"previousItem\":{\"@type\":\"ListItem\",\"@id\":\"https:\\\/\\\/www.eldigitaldeasturias.com\\\/noticias\\\/category\\\/deportes\\\/#listItem\",\"name\":\"Deportes\"}}]},{\"@type\":\"Organization\",\"@id\":\"https:\\\/\\\/www.eldigitaldeasturias.com\\\/noticias\\\/#organization\",\"name\":\"El Digital de Asturias\",\"description\":\"Hemeroteca\",\"url\":\"https:\\\/\\\/www.eldigitaldeasturias.com\\\/noticias\\\/\",\"email\":\"info@eldigitaldeasturias.com\",\"telephone\":\"+34652131393\",\"logo\":{\"@type\":\"ImageObject\",\"url\":\"https:\\\/\\\/www.eldigitaldeasturias.com\\\/noticias\\\/wp-content\\\/uploads\\\/2020\\\/12\\\/EDA.jpg\",\"@id\":\"https:\\\/\\\/www.eldigitaldeasturias.com\\\/noticias\\\/mats-hummels-regresa-al-borussia-dortmund\\\/#organizationLogo\",\"width\":649,\"height\":297},\"image\":{\"@id\":\"https:\\\/\\\/www.eldigitaldeasturias.com\\\/noticias\\\/mats-hummels-regresa-al-borussia-dortmund\\\/#organizationLogo\"},\"sameAs\":[\"https:\\\/\\\/facebook.com\\\/eldigitaldeasturias\",\"https:\\\/\\\/www.youtube.com\\\/channel\\\/UCZP-2wLEB9Rv6erhFmqVnvg\"],\"address\":{\"@id\":\"https:\\\/\\\/www.eldigitaldeasturias.com\\\/noticias\\\/#postaladdress\",\"@type\":\"PostalAddress\",\"streetAddress\":\"san antonio 4,\",\"postalCode\":\"33430\",\"addressLocality\":\"Cand\\u00e1s\",\"addressRegion\":\"Asturias\",\"addressCountry\":\"ES\"}},{\"@type\":\"Person\",\"@id\":\"https:\\\/\\\/www.eldigitaldeasturias.com\\\/noticias\\\/author\\\/admin\\\/#author\",\"url\":\"https:\\\/\\\/www.eldigitaldeasturias.com\\\/noticias\\\/author\\\/admin\\\/\",\"name\":\"El Digital de Asturias\",\"image\":{\"@type\":\"ImageObject\",\"@id\":\"https:\\\/\\\/www.eldigitaldeasturias.com\\\/noticias\\\/mats-hummels-regresa-al-borussia-dortmund\\\/#authorImage\",\"url\":\"https:\\\/\\\/www.eldigitaldeasturias.com\\\/noticias\\\/wp-content\\\/litespeed\\\/avatar\\\/18677e78aa0546b92d9dbf31ec7d7668.jpg?ver=1777290358\",\"width\":96,\"height\":96,\"caption\":\"El Digital de Asturias\"}},{\"@type\":\"WebPage\",\"@id\":\"https:\\\/\\\/www.eldigitaldeasturias.com\\\/noticias\\\/mats-hummels-regresa-al-borussia-dortmund\\\/#webpage\",\"url\":\"https:\\\/\\\/www.eldigitaldeasturias.com\\\/noticias\\\/mats-hummels-regresa-al-borussia-dortmund\\\/\",\"name\":\"Mats Hummels regresa al Borussia Dortmund - El Digital de Asturias\",\"description\":\"Berl\\u00edn, 19 jun (dpa) - El defensa alem\\u00e1n Mats Hummels regresa al Borussia Dortmund procedente del campe\\u00f3n de la Bundesliga de f\\u00fatbol, el Bayern M\\u00fanich, informaron hoy fuentes de ambos clubes, en un nuevo fichaje de los gualdinegros que llevan invertidos cerca de 125 millones de euros (140 millones de d\\u00f3lares) en el mercado de\",\"inLanguage\":\"es-ES\",\"isPartOf\":{\"@id\":\"https:\\\/\\\/www.eldigitaldeasturias.com\\\/noticias\\\/#website\"},\"breadcrumb\":{\"@id\":\"https:\\\/\\\/www.eldigitaldeasturias.com\\\/noticias\\\/mats-hummels-regresa-al-borussia-dortmund\\\/#breadcrumblist\"},\"author\":{\"@id\":\"https:\\\/\\\/www.eldigitaldeasturias.com\\\/noticias\\\/author\\\/admin\\\/#author\"},\"creator\":{\"@id\":\"https:\\\/\\\/www.eldigitaldeasturias.com\\\/noticias\\\/author\\\/admin\\\/#author\"},\"image\":{\"@type\":\"ImageObject\",\"url\":\"https:\\\/\\\/www.eldigitaldeasturias.com\\\/noticias\\\/wp-content\\\/uploads\\\/2018\\\/07\\\/football-fans-797383_960_720.jpg\",\"@id\":\"https:\\\/\\\/www.eldigitaldeasturias.com\\\/noticias\\\/mats-hummels-regresa-al-borussia-dortmund\\\/#mainImage\",\"width\":753,\"height\":720},\"primaryImageOfPage\":{\"@id\":\"https:\\\/\\\/www.eldigitaldeasturias.com\\\/noticias\\\/mats-hummels-regresa-al-borussia-dortmund\\\/#mainImage\"},\"datePublished\":\"2019-06-19T19:22:39+02:00\",\"dateModified\":\"2019-06-19T19:22:39+02:00\"},{\"@type\":\"WebSite\",\"@id\":\"https:\\\/\\\/www.eldigitaldeasturias.com\\\/noticias\\\/#website\",\"url\":\"https:\\\/\\\/www.eldigitaldeasturias.com\\\/noticias\\\/\",\"name\":\"El Digital de Asturias - Diario de actualidad y noticias\",\"alternateName\":\"El Digital de Asturias - Diario de actualidad y noticias\",\"description\":\"Hemeroteca\",\"inLanguage\":\"es-ES\",\"publisher\":{\"@id\":\"https:\\\/\\\/www.eldigitaldeasturias.com\\\/noticias\\\/#organization\"}}]}\n\t\t<\/script>\n\t\t<!-- All in One SEO Pro -->\r\n\t\t<title>Mats Hummels regresa al Borussia Dortmund - El Digital de Asturias<\/title>\n\n","aioseo_head_json":{"title":"Mats Hummels regresa al Borussia Dortmund - El Digital de Asturias","description":"Berl\u00edn, 19 jun (dpa) - El defensa alem\u00e1n Mats Hummels regresa al Borussia Dortmund procedente del campe\u00f3n de la Bundesliga de f\u00fatbol, el Bayern M\u00fanich, informaron hoy fuentes de ambos clubes, en un nuevo fichaje de los gualdinegros que llevan invertidos cerca de 125 millones de euros (140 millones de d\u00f3lares) en el mercado de","canonical_url":"https:\/\/www.eldigitaldeasturias.com\/noticias\/mats-hummels-regresa-al-borussia-dortmund\/","robots":"max-image-preview:large","keywords":"deportes","webmasterTools":{"google-site-verification":"UA-38556648-1","msvalidate.01":"7dfe9f3f1b24437ab69f4f2559babe99","miscellaneous":""},"schema":{"@context":"https:\/\/schema.org","@graph":[{"@type":"BlogPosting","@id":"https:\/\/www.eldigitaldeasturias.com\/noticias\/mats-hummels-regresa-al-borussia-dortmund\/#blogposting","name":"Mats Hummels regresa al Borussia Dortmund - El Digital de Asturias","headline":"Mats Hummels regresa al Borussia Dortmund","author":{"@id":"https:\/\/www.eldigitaldeasturias.com\/noticias\/author\/admin\/#author"},"publisher":{"@id":"https:\/\/www.eldigitaldeasturias.com\/noticias\/#organization"},"image":{"@type":"ImageObject","url":"https:\/\/www.eldigitaldeasturias.com\/noticias\/wp-content\/uploads\/2018\/07\/football-fans-797383_960_720.jpg","width":753,"height":720},"datePublished":"2019-06-19T19:22:39+02:00","dateModified":"2019-06-19T19:22:39+02:00","inLanguage":"es-ES","mainEntityOfPage":{"@id":"https:\/\/www.eldigitaldeasturias.com\/noticias\/mats-hummels-regresa-al-borussia-dortmund\/#webpage"},"isPartOf":{"@id":"https:\/\/www.eldigitaldeasturias.com\/noticias\/mats-hummels-regresa-al-borussia-dortmund\/#webpage"},"articleSection":"Deportes"},{"@type":"BreadcrumbList","@id":"https:\/\/www.eldigitaldeasturias.com\/noticias\/mats-hummels-regresa-al-borussia-dortmund\/#breadcrumblist","itemListElement":[{"@type":"ListItem","@id":"https:\/\/www.eldigitaldeasturias.com\/noticias#listItem","position":1,"name":"Home","item":"https:\/\/www.eldigitaldeasturias.com\/noticias","nextItem":{"@type":"ListItem","@id":"https:\/\/www.eldigitaldeasturias.com\/noticias\/category\/deportes\/#listItem","name":"Deportes"}},{"@type":"ListItem","@id":"https:\/\/www.eldigitaldeasturias.com\/noticias\/category\/deportes\/#listItem","position":2,"name":"Deportes","item":"https:\/\/www.eldigitaldeasturias.com\/noticias\/category\/deportes\/","nextItem":{"@type":"ListItem","@id":"https:\/\/www.eldigitaldeasturias.com\/noticias\/mats-hummels-regresa-al-borussia-dortmund\/#listItem","name":"Mats Hummels regresa al Borussia Dortmund"},"previousItem":{"@type":"ListItem","@id":"https:\/\/www.eldigitaldeasturias.com\/noticias#listItem","name":"Home"}},{"@type":"ListItem","@id":"https:\/\/www.eldigitaldeasturias.com\/noticias\/mats-hummels-regresa-al-borussia-dortmund\/#listItem","position":3,"name":"Mats Hummels regresa al Borussia Dortmund","previousItem":{"@type":"ListItem","@id":"https:\/\/www.eldigitaldeasturias.com\/noticias\/category\/deportes\/#listItem","name":"Deportes"}}]},{"@type":"Organization","@id":"https:\/\/www.eldigitaldeasturias.com\/noticias\/#organization","name":"El Digital de Asturias","description":"Hemeroteca","url":"https:\/\/www.eldigitaldeasturias.com\/noticias\/","email":"info@eldigitaldeasturias.com","telephone":"+34652131393","logo":{"@type":"ImageObject","url":"https:\/\/www.eldigitaldeasturias.com\/noticias\/wp-content\/uploads\/2020\/12\/EDA.jpg","@id":"https:\/\/www.eldigitaldeasturias.com\/noticias\/mats-hummels-regresa-al-borussia-dortmund\/#organizationLogo","width":649,"height":297},"image":{"@id":"https:\/\/www.eldigitaldeasturias.com\/noticias\/mats-hummels-regresa-al-borussia-dortmund\/#organizationLogo"},"sameAs":["https:\/\/facebook.com\/eldigitaldeasturias","https:\/\/www.youtube.com\/channel\/UCZP-2wLEB9Rv6erhFmqVnvg"],"address":{"@id":"https:\/\/www.eldigitaldeasturias.com\/noticias\/#postaladdress","@type":"PostalAddress","streetAddress":"san antonio 4,","postalCode":"33430","addressLocality":"Cand\u00e1s","addressRegion":"Asturias","addressCountry":"ES"}},{"@type":"Person","@id":"https:\/\/www.eldigitaldeasturias.com\/noticias\/author\/admin\/#author","url":"https:\/\/www.eldigitaldeasturias.com\/noticias\/author\/admin\/","name":"El Digital de Asturias","image":{"@type":"ImageObject","@id":"https:\/\/www.eldigitaldeasturias.com\/noticias\/mats-hummels-regresa-al-borussia-dortmund\/#authorImage","url":"https:\/\/www.eldigitaldeasturias.com\/noticias\/wp-content\/litespeed\/avatar\/18677e78aa0546b92d9dbf31ec7d7668.jpg?ver=1777290358","width":96,"height":96,"caption":"El Digital de Asturias"}},{"@type":"WebPage","@id":"https:\/\/www.eldigitaldeasturias.com\/noticias\/mats-hummels-regresa-al-borussia-dortmund\/#webpage","url":"https:\/\/www.eldigitaldeasturias.com\/noticias\/mats-hummels-regresa-al-borussia-dortmund\/","name":"Mats Hummels regresa al Borussia Dortmund - El Digital de Asturias","description":"Berl\u00edn, 19 jun (dpa) - El defensa alem\u00e1n Mats Hummels regresa al Borussia Dortmund procedente del campe\u00f3n de la Bundesliga de f\u00fatbol, el Bayern M\u00fanich, informaron hoy fuentes de ambos clubes, en un nuevo fichaje de los gualdinegros que llevan invertidos cerca de 125 millones de euros (140 millones de d\u00f3lares) en el mercado de","inLanguage":"es-ES","isPartOf":{"@id":"https:\/\/www.eldigitaldeasturias.com\/noticias\/#website"},"breadcrumb":{"@id":"https:\/\/www.eldigitaldeasturias.com\/noticias\/mats-hummels-regresa-al-borussia-dortmund\/#breadcrumblist"},"author":{"@id":"https:\/\/www.eldigitaldeasturias.com\/noticias\/author\/admin\/#author"},"creator":{"@id":"https:\/\/www.eldigitaldeasturias.com\/noticias\/author\/admin\/#author"},"image":{"@type":"ImageObject","url":"https:\/\/www.eldigitaldeasturias.com\/noticias\/wp-content\/uploads\/2018\/07\/football-fans-797383_960_720.jpg","@id":"https:\/\/www.eldigitaldeasturias.com\/noticias\/mats-hummels-regresa-al-borussia-dortmund\/#mainImage","width":753,"height":720},"primaryImageOfPage":{"@id":"https:\/\/www.eldigitaldeasturias.com\/noticias\/mats-hummels-regresa-al-borussia-dortmund\/#mainImage"},"datePublished":"2019-06-19T19:22:39+02:00","dateModified":"2019-06-19T19:22:39+02:00"},{"@type":"WebSite","@id":"https:\/\/www.eldigitaldeasturias.com\/noticias\/#website","url":"https:\/\/www.eldigitaldeasturias.com\/noticias\/","name":"El Digital de Asturias - Diario de actualidad y noticias","alternateName":"El Digital de Asturias - Diario de actualidad y noticias","description":"Hemeroteca","inLanguage":"es-ES","publisher":{"@id":"https:\/\/www.eldigitaldeasturias.com\/noticias\/#organization"}}]},"og:locale":"es_ES","og:site_name":"El Digital de Asturias","og:type":"article","og:title":"Mats Hummels regresa al Borussia Dortmund - El Digital de Asturias","og:description":"Berl\u00edn, 19 jun (dpa) - El defensa alem\u00e1n Mats Hummels regresa al Borussia Dortmund procedente del campe\u00f3n de la Bundesliga de f\u00fatbol, el Bayern M\u00fanich, informaron hoy fuentes de ambos clubes, en un nuevo fichaje de los gualdinegros que llevan invertidos cerca de 125 millones de euros (140 millones de d\u00f3lares) en el mercado de","og:url":"https:\/\/www.eldigitaldeasturias.com\/noticias\/mats-hummels-regresa-al-borussia-dortmund\/","og:image":"https:\/\/www.eldigitaldeasturias.com\/noticias\/wp-content\/uploads\/2018\/07\/football-fans-797383_960_720.jpg","og:image:secure_url":"https:\/\/www.eldigitaldeasturias.com\/noticias\/wp-content\/uploads\/2018\/07\/football-fans-797383_960_720.jpg","og:image:width":753,"og:image:height":720,"article:tag":["deportes"],"article:published_time":"2019-06-19T19:22:39+00:00","article:modified_time":"2019-06-19T19:22:39+00:00","article:publisher":"https:\/\/facebook.com\/eldigitaldeasturias","twitter:card":"summary_large_image","twitter:title":"Mats Hummels regresa al Borussia Dortmund - El Digital de Asturias","twitter:description":"Berl\u00edn, 19 jun (dpa) - El defensa alem\u00e1n Mats Hummels regresa al Borussia Dortmund procedente del campe\u00f3n de la Bundesliga de f\u00fatbol, el Bayern M\u00fanich, informaron hoy fuentes de ambos clubes, en un nuevo fichaje de los gualdinegros que llevan invertidos cerca de 125 millones de euros (140 millones de d\u00f3lares) en el mercado de","twitter:image":"https:\/\/www.eldigitaldeasturias.com\/noticias\/wp-content\/uploads\/2018\/07\/football-fans-797383_960_720.jpg","twitter:label1":"Escrito por","twitter:data1":"El Digital de Asturias","twitter:label2":"Tiempo de lectura estimado","twitter:data2":"2 minutos"},"aioseo_meta_data":{"post_id":"1031616","title":null,"description":null,"keywords":null,"keyphrases":null,"primary_term":null,"canonical_url":null,"og_title":null,"og_description":null,"og_object_type":"default","og_image_type":"default","og_image_url":null,"og_image_width":null,"og_image_height":null,"og_image_custom_url":null,"og_image_custom_fields":null,"og_video":null,"og_custom_url":null,"og_article_section":null,"og_article_tags":null,"twitter_use_og":false,"twitter_card":"default","twitter_image_type":"default","twitter_image_url":null,"twitter_image_custom_url":null,"twitter_image_custom_fields":null,"twitter_title":null,"twitter_description":null,"schema":{"blockGraphs":[],"customGraphs":[],"default":{"data":{"Article":[],"Course":[],"Dataset":[],"FAQPage":[],"Movie":[],"Person":[],"Product":[],"ProductReview":[],"Car":[],"Recipe":[],"Service":[],"SoftwareApplication":[],"WebPage":[]},"graphName":"","isEnabled":true},"graphs":[],"defaultGraph":"","defaultPostTypeGraph":""},"schema_type":null,"schema_type_options":null,"pillar_content":false,"robots_default":true,"robots_noindex":false,"robots_noarchive":false,"robots_nosnippet":false,"robots_nofollow":false,"robots_noimageindex":false,"robots_noodp":false,"robots_notranslate":false,"robots_max_snippet":null,"robots_max_videopreview":null,"robots_max_imagepreview":"large","priority":null,"frequency":null,"local_seo":null,"seo_analyzer_scan_date":"2025-10-18 19:24:07","breadcrumb_settings":null,"limit_modified_date":false,"open_ai":null,"ai":null,"created":"2020-12-21 11:10:14","updated":"2025-10-18 19:24:07"},"aioseo_breadcrumb":"<div class=\"aioseo-breadcrumbs\"><span class=\"aioseo-breadcrumb\">\n\t<a href=\"https:\/\/www.eldigitaldeasturias.com\/noticias\" title=\"Home\">Home<\/a>\n<\/span><span class=\"aioseo-breadcrumb-separator\">\u2013<\/span><span class=\"aioseo-breadcrumb\">\n\t<a href=\"https:\/\/www.eldigitaldeasturias.com\/noticias\/category\/deportes\/\" title=\"Deportes\">Deportes<\/a>\n<\/span><span class=\"aioseo-breadcrumb-separator\">\u2013<\/span><span class=\"aioseo-breadcrumb\">\n\t<a href=\"https:\/\/www.eldigitaldeasturias.com\/noticias\/mats-hummels-regresa-al-borussia-dortmund\/\" title=\"Mats Hummels regresa al Borussia Dortmund\">Mats Hummels regresa al Borussia Dortmund<\/a>\n<\/span><\/div>","aioseo_breadcrumb_json":[{"label":"Home","link":"https:\/\/www.eldigitaldeasturias.com\/noticias"},{"label":"Deportes","link":"https:\/\/www.eldigitaldeasturias.com\/noticias\/category\/deportes\/"},{"label":"Mats Hummels regresa al Borussia Dortmund","link":"https:\/\/www.eldigitaldeasturias.com\/noticias\/mats-hummels-regresa-al-borussia-dortmund\/"}],"_links":{"self":[{"href":"https:\/\/www.eldigitaldeasturias.com\/noticias\/wp-json\/wp\/v2\/posts\/1031616","targetHints":{"allow":["GET"]}}],"collection":[{"href":"https:\/\/www.eldigitaldeasturias.com\/noticias\/wp-json\/wp\/v2\/posts"}],"about":[{"href":"https:\/\/www.eldigitaldeasturias.com\/noticias\/wp-json\/wp\/v2\/types\/post"}],"author":[{"embeddable":true,"href":"https:\/\/www.eldigitaldeasturias.com\/noticias\/wp-json\/wp\/v2\/users\/1"}],"replies":[{"embeddable":true,"href":"https:\/\/www.eldigitaldeasturias.com\/noticias\/wp-json\/wp\/v2\/comments?post=1031616"}],"version-history":[{"count":0,"href":"https:\/\/www.eldigitaldeasturias.com\/noticias\/wp-json\/wp\/v2\/posts\/1031616\/revisions"}],"wp:featuredmedia":[{"embeddable":true,"href":"https:\/\/www.eldigitaldeasturias.com\/noticias\/wp-json\/wp\/v2\/media\/988327"}],"wp:attachment":[{"href":"https:\/\/www.eldigitaldeasturias.com\/noticias\/wp-json\/wp\/v2\/media?parent=1031616"}],"wp:term":[{"taxonomy":"category","embeddable":true,"href":"https:\/\/www.eldigitaldeasturias.com\/noticias\/wp-json\/wp\/v2\/categories?post=1031616"},{"taxonomy":"post_tag","embeddable":true,"href":"https:\/\/www.eldigitaldeasturias.com\/noticias\/wp-json\/wp\/v2\/tags?post=1031616"}],"curies":[{"name":"wp","href":"https:\/\/api.w.org\/{rel}","templated":true}]}}