{"id":1031613,"date":"2019-06-19T19:05:45","date_gmt":"2019-06-19T19:05:45","guid":{"rendered":"https:\/\/www.eldigitaldeasturias.com\/noticias\/?p=1031613"},"modified":"2019-06-19T19:05:45","modified_gmt":"2019-06-19T19:05:45","slug":"adidas-pierde-un-litigio-por-la-marca-de-las-tres-tiras","status":"publish","type":"post","link":"https:\/\/www.eldigitaldeasturias.com\/noticias\/adidas-pierde-un-litigio-por-la-marca-de-las-tres-tiras\/","title":{"rendered":"Adidas pierde un litigio por la marca de las tres tiras"},"content":{"rendered":"<p><img loading=\"lazy\" decoding=\"async\" class=\"alignleft size-medium wp-image-1031614\" src=\"https:\/\/www.eldigitaldeasturias.com\/noticias\/wp-content\/uploads\/2019\/06\/Adidas-litigio-360x242.jpg\" alt=\"\" width=\"360\" height=\"242\" srcset=\"https:\/\/www.eldigitaldeasturias.com\/noticias\/wp-content\/uploads\/2019\/06\/Adidas-litigio-360x242.jpg 360w, https:\/\/www.eldigitaldeasturias.com\/noticias\/wp-content\/uploads\/2019\/06\/Adidas-litigio-768x516.jpg 768w, https:\/\/www.eldigitaldeasturias.com\/noticias\/wp-content\/uploads\/2019\/06\/Adidas-litigio-650x437.jpg 650w, https:\/\/www.eldigitaldeasturias.com\/noticias\/wp-content\/uploads\/2019\/06\/Adidas-litigio.jpg 1007w\" sizes=\"auto, (max-width: 360px) 100vw, 360px\" \/>Luxemburgo, 19 jun (dpa) &#8211; El fabricante alem\u00e1n de art\u00edculos deportivos <strong>Adidas perdi\u00f3 una parte de sus derechos de marca de las tres tiras<\/strong>, seg\u00fan un fallo pronunciado hoy por el Tribunal General de la Uni\u00f3n Europea (UE).<\/p>\n<p>La decisi\u00f3n del mi\u00e9rcoles se limita a un modelo especial, seg\u00fan precis\u00f3 la compa\u00f1\u00eda germana. Los derechos de marca m\u00e1s amplios en la UE permanecieron intactos en sus diferentes formas para las tres tiras.<\/p>\n<p>Los jueces luxemburgueses sostuvieron hoy que la empresa no hab\u00eda demostrado que la marca que consiste en tres franjas paralelas de igual ancho y a la misma distancia en cualquier direcci\u00f3n hubiera adquirido suficiente car\u00e1cter distintivo con respecto a los consumidores en toda la UE.<\/p>\n<p>El trasfondo del caso fue una decisi\u00f3n de la Oficina de Propiedad Intelectual de la Uni\u00f3n Europea (EUIPO) en Alicante, Espa\u00f1a, tras la demanda de una empresa competidora. La cuesti\u00f3n a dirimir era si los consumidores relacionaban autom\u00e1ticamente esta forma de las tres tiras con Adidas.<\/p>\n<p>La empresa se hab\u00eda asegurado inicialmente este distintivo para<strong> vestimenta, zapatos y sombreros<\/strong>. Pero posteriormente la compa\u00f1\u00eda de art\u00edculos deportivos present\u00f3 una demanda en Luxemburgo. En el lapso de unos dos meses en teor\u00eda a\u00fan est\u00e1 abierto el camino a la m\u00e1xima instancia, el Tribunal de Justicia de la Uni\u00f3n Europea (TJUE).<\/p>\n<p>Muchas de los pruebas presentadas por Adidas eran inv\u00e1lidas, ya que presentaban por ejemplo modelos de colores invertidos, como rayas blancas sobre un fondo negro, en lugar de rayas negras sobre un fondo blanco, explicaron tambi\u00e9n los jueces luxemburgueses. Por lo tanto, las \u00fanicas pruebas de cierta relevancia se refer\u00edan solamente a cinco naciones de la UE y no pod\u00edan extrapolarse al bloque, concluyeron.<\/p>\n<p>\u00abEstamos decepcionados\u00bb, coment\u00f3 por su parte una portavoz de Adidas. Con este fallo se confirm\u00f3 que, en Europa, no puede garantizarse la protecci\u00f3n en virtud del derecho de marcas para todas las posiciones y direcciones de la marca de las tres tiras en los productos Adidas, evalu\u00f3.<\/p>\n<p>\u00abEsta decisi\u00f3n se limita a un modelo espec\u00edfico de la marca de las tres tiras y no tiene influencia sobre la amplia protecci\u00f3n del derecho de marcas que Adidas contin\u00faa teniendo al igual que antes sobre su conocida marca de las tres tiras en diferentes formas en Europa\u00bb, a\u00f1adi\u00f3 la portavoz.<\/p>\n<p>\u00abLa analizaremos ahora de manera urgente y utilizaremos las indicaciones de esta sentencia para el futuro proceder para proteger nuestra marca de las tres tiras para diferentes posicionamientos de los productos\u00bb, asever\u00f3 la vocera.<\/p>\n<p>La empresa germana no se pronunci\u00f3 sobre consecuencias financieras del fallo judicial. La acci\u00f3n de Adidas cedi\u00f3 en el curso de la jornada m\u00e1s del 1,5 por ciento de su valor.<\/p>\n<p><em>Foto: Daniel Karmann\/dpa<\/em><\/p>\n<p>&nbsp;<\/p>\n","protected":false},"excerpt":{"rendered":"<p>Luxemburgo, 19 jun (dpa) &#8211; El fabricante alem\u00e1n de art\u00edculos deportivos Adidas perdi\u00f3 una parte de sus derechos de marca de las tres tiras, seg\u00fan un fallo pronunciado hoy por el Tribunal General de la Uni\u00f3n Europea (UE). La decisi\u00f3n del mi\u00e9rcoles se limita a un modelo especial, seg\u00fan precis\u00f3 la compa\u00f1\u00eda germana. Los derechos [&hellip;]<\/p>\n","protected":false},"author":1,"featured_media":1031614,"comment_status":"open","ping_status":"closed","sticky":false,"template":"","format":"standard","meta":{"footnotes":""},"categories":[219],"tags":[],"class_list":["post-1031613","post","type-post","status-publish","format-standard","has-post-thumbnail","hentry","category-negocios-y-empresas"],"aioseo_notices":[],"aioseo_head":"\n\t\t<!-- All in One SEO Pro 4.9.6.2 - aioseo.com -->\n\t<meta name=\"description\" content=\"Luxemburgo, 19 jun (dpa) - El fabricante alem\u00e1n de art\u00edculos deportivos Adidas perdi\u00f3 una parte de sus derechos de marca de las tres tiras, seg\u00fan un fallo pronunciado hoy por el Tribunal General de la Uni\u00f3n Europea (UE). La decisi\u00f3n del mi\u00e9rcoles se limita a un modelo especial, seg\u00fan precis\u00f3 la compa\u00f1\u00eda germana. Los derechos\" \/>\n\t<meta name=\"robots\" content=\"max-image-preview:large\" \/>\n\t<meta name=\"author\" content=\"El Digital de Asturias\"\/>\n\t<meta name=\"google-site-verification\" content=\"UA-38556648-1\" \/>\n\t<meta name=\"msvalidate.01\" content=\"7dfe9f3f1b24437ab69f4f2559babe99\" \/>\n\t<meta name=\"keywords\" content=\"negocios y empresas\" \/>\n\t<link rel=\"canonical\" href=\"https:\/\/www.eldigitaldeasturias.com\/noticias\/adidas-pierde-un-litigio-por-la-marca-de-las-tres-tiras\/\" \/>\n\t<meta name=\"generator\" content=\"All in One SEO Pro (AIOSEO) 4.9.6.2\" \/>\n\t\t<meta property=\"og:locale\" content=\"es_ES\" \/>\n\t\t<meta property=\"og:site_name\" content=\"El Digital de Asturias\" \/>\n\t\t<meta property=\"og:type\" content=\"article\" \/>\n\t\t<meta property=\"og:title\" content=\"Adidas pierde un litigio por la marca de las tres tiras - El Digital de Asturias\" \/>\n\t\t<meta property=\"og:description\" content=\"Luxemburgo, 19 jun (dpa) - El fabricante alem\u00e1n de art\u00edculos deportivos Adidas perdi\u00f3 una parte de sus derechos de marca de las tres tiras, seg\u00fan un fallo pronunciado hoy por el Tribunal General de la Uni\u00f3n Europea (UE). La decisi\u00f3n del mi\u00e9rcoles se limita a un modelo especial, seg\u00fan precis\u00f3 la compa\u00f1\u00eda germana. Los derechos\" \/>\n\t\t<meta property=\"og:url\" content=\"https:\/\/www.eldigitaldeasturias.com\/noticias\/adidas-pierde-un-litigio-por-la-marca-de-las-tres-tiras\/\" \/>\n\t\t<meta property=\"og:image\" content=\"https:\/\/www.eldigitaldeasturias.com\/noticias\/wp-content\/uploads\/2019\/06\/Adidas-litigio.jpg\" \/>\n\t\t<meta property=\"og:image:secure_url\" content=\"https:\/\/www.eldigitaldeasturias.com\/noticias\/wp-content\/uploads\/2019\/06\/Adidas-litigio.jpg\" \/>\n\t\t<meta property=\"og:image:width\" content=\"1007\" \/>\n\t\t<meta property=\"og:image:height\" content=\"677\" \/>\n\t\t<meta property=\"article:tag\" content=\"negocios y empresas\" \/>\n\t\t<meta property=\"article:published_time\" content=\"2019-06-19T19:05:45+00:00\" \/>\n\t\t<meta property=\"article:modified_time\" content=\"2019-06-19T19:05:45+00:00\" \/>\n\t\t<meta property=\"article:publisher\" content=\"https:\/\/facebook.com\/eldigitaldeasturias\" \/>\n\t\t<meta name=\"twitter:card\" content=\"summary_large_image\" \/>\n\t\t<meta name=\"twitter:title\" content=\"Adidas pierde un litigio por la marca de las tres tiras - El Digital de Asturias\" \/>\n\t\t<meta name=\"twitter:description\" content=\"Luxemburgo, 19 jun (dpa) - El fabricante alem\u00e1n de art\u00edculos deportivos Adidas perdi\u00f3 una parte de sus derechos de marca de las tres tiras, seg\u00fan un fallo pronunciado hoy por el Tribunal General de la Uni\u00f3n Europea (UE). La decisi\u00f3n del mi\u00e9rcoles se limita a un modelo especial, seg\u00fan precis\u00f3 la compa\u00f1\u00eda germana. Los derechos\" \/>\n\t\t<meta name=\"twitter:image\" content=\"https:\/\/www.eldigitaldeasturias.com\/noticias\/wp-content\/uploads\/2019\/06\/Adidas-litigio.jpg\" \/>\n\t\t<meta name=\"twitter:label1\" content=\"Escrito por\" \/>\n\t\t<meta name=\"twitter:data1\" content=\"El Digital de Asturias\" \/>\n\t\t<meta name=\"twitter:label2\" content=\"Tiempo de lectura estimado\" \/>\n\t\t<meta name=\"twitter:data2\" content=\"2 minutos\" \/>\n\t\t<script type=\"application\/ld+json\" class=\"aioseo-schema\">\n\t\t\t{\"@context\":\"https:\\\/\\\/schema.org\",\"@graph\":[{\"@type\":\"BlogPosting\",\"@id\":\"https:\\\/\\\/www.eldigitaldeasturias.com\\\/noticias\\\/adidas-pierde-un-litigio-por-la-marca-de-las-tres-tiras\\\/#blogposting\",\"name\":\"Adidas pierde un litigio por la marca de las tres tiras - El Digital de Asturias\",\"headline\":\"Adidas pierde un litigio por la marca de las tres tiras\",\"author\":{\"@id\":\"https:\\\/\\\/www.eldigitaldeasturias.com\\\/noticias\\\/author\\\/admin\\\/#author\"},\"publisher\":{\"@id\":\"https:\\\/\\\/www.eldigitaldeasturias.com\\\/noticias\\\/#organization\"},\"image\":{\"@type\":\"ImageObject\",\"url\":\"https:\\\/\\\/www.eldigitaldeasturias.com\\\/noticias\\\/wp-content\\\/uploads\\\/2019\\\/06\\\/Adidas-litigio.jpg\",\"width\":1007,\"height\":677},\"datePublished\":\"2019-06-19T19:05:45+02:00\",\"dateModified\":\"2019-06-19T19:05:45+02:00\",\"inLanguage\":\"es-ES\",\"mainEntityOfPage\":{\"@id\":\"https:\\\/\\\/www.eldigitaldeasturias.com\\\/noticias\\\/adidas-pierde-un-litigio-por-la-marca-de-las-tres-tiras\\\/#webpage\"},\"isPartOf\":{\"@id\":\"https:\\\/\\\/www.eldigitaldeasturias.com\\\/noticias\\\/adidas-pierde-un-litigio-por-la-marca-de-las-tres-tiras\\\/#webpage\"},\"articleSection\":\"Negocios y Empresas\"},{\"@type\":\"BreadcrumbList\",\"@id\":\"https:\\\/\\\/www.eldigitaldeasturias.com\\\/noticias\\\/adidas-pierde-un-litigio-por-la-marca-de-las-tres-tiras\\\/#breadcrumblist\",\"itemListElement\":[{\"@type\":\"ListItem\",\"@id\":\"https:\\\/\\\/www.eldigitaldeasturias.com\\\/noticias#listItem\",\"position\":1,\"name\":\"Home\",\"item\":\"https:\\\/\\\/www.eldigitaldeasturias.com\\\/noticias\",\"nextItem\":{\"@type\":\"ListItem\",\"@id\":\"https:\\\/\\\/www.eldigitaldeasturias.com\\\/noticias\\\/category\\\/negocios-y-empresas\\\/#listItem\",\"name\":\"Negocios y Empresas\"}},{\"@type\":\"ListItem\",\"@id\":\"https:\\\/\\\/www.eldigitaldeasturias.com\\\/noticias\\\/category\\\/negocios-y-empresas\\\/#listItem\",\"position\":2,\"name\":\"Negocios y Empresas\",\"item\":\"https:\\\/\\\/www.eldigitaldeasturias.com\\\/noticias\\\/category\\\/negocios-y-empresas\\\/\",\"nextItem\":{\"@type\":\"ListItem\",\"@id\":\"https:\\\/\\\/www.eldigitaldeasturias.com\\\/noticias\\\/adidas-pierde-un-litigio-por-la-marca-de-las-tres-tiras\\\/#listItem\",\"name\":\"Adidas pierde un litigio por la marca de las tres tiras\"},\"previousItem\":{\"@type\":\"ListItem\",\"@id\":\"https:\\\/\\\/www.eldigitaldeasturias.com\\\/noticias#listItem\",\"name\":\"Home\"}},{\"@type\":\"ListItem\",\"@id\":\"https:\\\/\\\/www.eldigitaldeasturias.com\\\/noticias\\\/adidas-pierde-un-litigio-por-la-marca-de-las-tres-tiras\\\/#listItem\",\"position\":3,\"name\":\"Adidas pierde un litigio por la marca de las tres tiras\",\"previousItem\":{\"@type\":\"ListItem\",\"@id\":\"https:\\\/\\\/www.eldigitaldeasturias.com\\\/noticias\\\/category\\\/negocios-y-empresas\\\/#listItem\",\"name\":\"Negocios y Empresas\"}}]},{\"@type\":\"Organization\",\"@id\":\"https:\\\/\\\/www.eldigitaldeasturias.com\\\/noticias\\\/#organization\",\"name\":\"El Digital de Asturias\",\"description\":\"Hemeroteca\",\"url\":\"https:\\\/\\\/www.eldigitaldeasturias.com\\\/noticias\\\/\",\"email\":\"info@eldigitaldeasturias.com\",\"telephone\":\"+34652131393\",\"logo\":{\"@type\":\"ImageObject\",\"url\":\"https:\\\/\\\/www.eldigitaldeasturias.com\\\/noticias\\\/wp-content\\\/uploads\\\/2020\\\/12\\\/EDA.jpg\",\"@id\":\"https:\\\/\\\/www.eldigitaldeasturias.com\\\/noticias\\\/adidas-pierde-un-litigio-por-la-marca-de-las-tres-tiras\\\/#organizationLogo\",\"width\":649,\"height\":297},\"image\":{\"@id\":\"https:\\\/\\\/www.eldigitaldeasturias.com\\\/noticias\\\/adidas-pierde-un-litigio-por-la-marca-de-las-tres-tiras\\\/#organizationLogo\"},\"sameAs\":[\"https:\\\/\\\/facebook.com\\\/eldigitaldeasturias\",\"https:\\\/\\\/www.youtube.com\\\/channel\\\/UCZP-2wLEB9Rv6erhFmqVnvg\"],\"address\":{\"@id\":\"https:\\\/\\\/www.eldigitaldeasturias.com\\\/noticias\\\/#postaladdress\",\"@type\":\"PostalAddress\",\"streetAddress\":\"san antonio 4,\",\"postalCode\":\"33430\",\"addressLocality\":\"Cand\\u00e1s\",\"addressRegion\":\"Asturias\",\"addressCountry\":\"ES\"}},{\"@type\":\"Person\",\"@id\":\"https:\\\/\\\/www.eldigitaldeasturias.com\\\/noticias\\\/author\\\/admin\\\/#author\",\"url\":\"https:\\\/\\\/www.eldigitaldeasturias.com\\\/noticias\\\/author\\\/admin\\\/\",\"name\":\"El Digital de Asturias\",\"image\":{\"@type\":\"ImageObject\",\"@id\":\"https:\\\/\\\/www.eldigitaldeasturias.com\\\/noticias\\\/adidas-pierde-un-litigio-por-la-marca-de-las-tres-tiras\\\/#authorImage\",\"url\":\"https:\\\/\\\/www.eldigitaldeasturias.com\\\/noticias\\\/wp-content\\\/litespeed\\\/avatar\\\/18677e78aa0546b92d9dbf31ec7d7668.jpg?ver=1777290358\",\"width\":96,\"height\":96,\"caption\":\"El Digital de Asturias\"}},{\"@type\":\"WebPage\",\"@id\":\"https:\\\/\\\/www.eldigitaldeasturias.com\\\/noticias\\\/adidas-pierde-un-litigio-por-la-marca-de-las-tres-tiras\\\/#webpage\",\"url\":\"https:\\\/\\\/www.eldigitaldeasturias.com\\\/noticias\\\/adidas-pierde-un-litigio-por-la-marca-de-las-tres-tiras\\\/\",\"name\":\"Adidas pierde un litigio por la marca de las tres tiras - El Digital de Asturias\",\"description\":\"Luxemburgo, 19 jun (dpa) - El fabricante alem\\u00e1n de art\\u00edculos deportivos Adidas perdi\\u00f3 una parte de sus derechos de marca de las tres tiras, seg\\u00fan un fallo pronunciado hoy por el Tribunal General de la Uni\\u00f3n Europea (UE). La decisi\\u00f3n del mi\\u00e9rcoles se limita a un modelo especial, seg\\u00fan precis\\u00f3 la compa\\u00f1\\u00eda germana. Los derechos\",\"inLanguage\":\"es-ES\",\"isPartOf\":{\"@id\":\"https:\\\/\\\/www.eldigitaldeasturias.com\\\/noticias\\\/#website\"},\"breadcrumb\":{\"@id\":\"https:\\\/\\\/www.eldigitaldeasturias.com\\\/noticias\\\/adidas-pierde-un-litigio-por-la-marca-de-las-tres-tiras\\\/#breadcrumblist\"},\"author\":{\"@id\":\"https:\\\/\\\/www.eldigitaldeasturias.com\\\/noticias\\\/author\\\/admin\\\/#author\"},\"creator\":{\"@id\":\"https:\\\/\\\/www.eldigitaldeasturias.com\\\/noticias\\\/author\\\/admin\\\/#author\"},\"image\":{\"@type\":\"ImageObject\",\"url\":\"https:\\\/\\\/www.eldigitaldeasturias.com\\\/noticias\\\/wp-content\\\/uploads\\\/2019\\\/06\\\/Adidas-litigio.jpg\",\"@id\":\"https:\\\/\\\/www.eldigitaldeasturias.com\\\/noticias\\\/adidas-pierde-un-litigio-por-la-marca-de-las-tres-tiras\\\/#mainImage\",\"width\":1007,\"height\":677},\"primaryImageOfPage\":{\"@id\":\"https:\\\/\\\/www.eldigitaldeasturias.com\\\/noticias\\\/adidas-pierde-un-litigio-por-la-marca-de-las-tres-tiras\\\/#mainImage\"},\"datePublished\":\"2019-06-19T19:05:45+02:00\",\"dateModified\":\"2019-06-19T19:05:45+02:00\"},{\"@type\":\"WebSite\",\"@id\":\"https:\\\/\\\/www.eldigitaldeasturias.com\\\/noticias\\\/#website\",\"url\":\"https:\\\/\\\/www.eldigitaldeasturias.com\\\/noticias\\\/\",\"name\":\"El Digital de Asturias - Diario de actualidad y noticias\",\"alternateName\":\"El Digital de Asturias - Diario de actualidad y noticias\",\"description\":\"Hemeroteca\",\"inLanguage\":\"es-ES\",\"publisher\":{\"@id\":\"https:\\\/\\\/www.eldigitaldeasturias.com\\\/noticias\\\/#organization\"}}]}\n\t\t<\/script>\n\t\t<!-- All in One SEO Pro -->\r\n\t\t<title>Adidas pierde un litigio por la marca de las tres tiras - El Digital de Asturias<\/title>\n\n","aioseo_head_json":{"title":"Adidas pierde un litigio por la marca de las tres tiras - El Digital de Asturias","description":"Luxemburgo, 19 jun (dpa) - El fabricante alem\u00e1n de art\u00edculos deportivos Adidas perdi\u00f3 una parte de sus derechos de marca de las tres tiras, seg\u00fan un fallo pronunciado hoy por el Tribunal General de la Uni\u00f3n Europea (UE). La decisi\u00f3n del mi\u00e9rcoles se limita a un modelo especial, seg\u00fan precis\u00f3 la compa\u00f1\u00eda germana. Los derechos","canonical_url":"https:\/\/www.eldigitaldeasturias.com\/noticias\/adidas-pierde-un-litigio-por-la-marca-de-las-tres-tiras\/","robots":"max-image-preview:large","keywords":"negocios y empresas","webmasterTools":{"google-site-verification":"UA-38556648-1","msvalidate.01":"7dfe9f3f1b24437ab69f4f2559babe99","miscellaneous":""},"schema":{"@context":"https:\/\/schema.org","@graph":[{"@type":"BlogPosting","@id":"https:\/\/www.eldigitaldeasturias.com\/noticias\/adidas-pierde-un-litigio-por-la-marca-de-las-tres-tiras\/#blogposting","name":"Adidas pierde un litigio por la marca de las tres tiras - El Digital de Asturias","headline":"Adidas pierde un litigio por la marca de las tres tiras","author":{"@id":"https:\/\/www.eldigitaldeasturias.com\/noticias\/author\/admin\/#author"},"publisher":{"@id":"https:\/\/www.eldigitaldeasturias.com\/noticias\/#organization"},"image":{"@type":"ImageObject","url":"https:\/\/www.eldigitaldeasturias.com\/noticias\/wp-content\/uploads\/2019\/06\/Adidas-litigio.jpg","width":1007,"height":677},"datePublished":"2019-06-19T19:05:45+02:00","dateModified":"2019-06-19T19:05:45+02:00","inLanguage":"es-ES","mainEntityOfPage":{"@id":"https:\/\/www.eldigitaldeasturias.com\/noticias\/adidas-pierde-un-litigio-por-la-marca-de-las-tres-tiras\/#webpage"},"isPartOf":{"@id":"https:\/\/www.eldigitaldeasturias.com\/noticias\/adidas-pierde-un-litigio-por-la-marca-de-las-tres-tiras\/#webpage"},"articleSection":"Negocios y Empresas"},{"@type":"BreadcrumbList","@id":"https:\/\/www.eldigitaldeasturias.com\/noticias\/adidas-pierde-un-litigio-por-la-marca-de-las-tres-tiras\/#breadcrumblist","itemListElement":[{"@type":"ListItem","@id":"https:\/\/www.eldigitaldeasturias.com\/noticias#listItem","position":1,"name":"Home","item":"https:\/\/www.eldigitaldeasturias.com\/noticias","nextItem":{"@type":"ListItem","@id":"https:\/\/www.eldigitaldeasturias.com\/noticias\/category\/negocios-y-empresas\/#listItem","name":"Negocios y Empresas"}},{"@type":"ListItem","@id":"https:\/\/www.eldigitaldeasturias.com\/noticias\/category\/negocios-y-empresas\/#listItem","position":2,"name":"Negocios y Empresas","item":"https:\/\/www.eldigitaldeasturias.com\/noticias\/category\/negocios-y-empresas\/","nextItem":{"@type":"ListItem","@id":"https:\/\/www.eldigitaldeasturias.com\/noticias\/adidas-pierde-un-litigio-por-la-marca-de-las-tres-tiras\/#listItem","name":"Adidas pierde un litigio por la marca de las tres tiras"},"previousItem":{"@type":"ListItem","@id":"https:\/\/www.eldigitaldeasturias.com\/noticias#listItem","name":"Home"}},{"@type":"ListItem","@id":"https:\/\/www.eldigitaldeasturias.com\/noticias\/adidas-pierde-un-litigio-por-la-marca-de-las-tres-tiras\/#listItem","position":3,"name":"Adidas pierde un litigio por la marca de las tres tiras","previousItem":{"@type":"ListItem","@id":"https:\/\/www.eldigitaldeasturias.com\/noticias\/category\/negocios-y-empresas\/#listItem","name":"Negocios y Empresas"}}]},{"@type":"Organization","@id":"https:\/\/www.eldigitaldeasturias.com\/noticias\/#organization","name":"El Digital de Asturias","description":"Hemeroteca","url":"https:\/\/www.eldigitaldeasturias.com\/noticias\/","email":"info@eldigitaldeasturias.com","telephone":"+34652131393","logo":{"@type":"ImageObject","url":"https:\/\/www.eldigitaldeasturias.com\/noticias\/wp-content\/uploads\/2020\/12\/EDA.jpg","@id":"https:\/\/www.eldigitaldeasturias.com\/noticias\/adidas-pierde-un-litigio-por-la-marca-de-las-tres-tiras\/#organizationLogo","width":649,"height":297},"image":{"@id":"https:\/\/www.eldigitaldeasturias.com\/noticias\/adidas-pierde-un-litigio-por-la-marca-de-las-tres-tiras\/#organizationLogo"},"sameAs":["https:\/\/facebook.com\/eldigitaldeasturias","https:\/\/www.youtube.com\/channel\/UCZP-2wLEB9Rv6erhFmqVnvg"],"address":{"@id":"https:\/\/www.eldigitaldeasturias.com\/noticias\/#postaladdress","@type":"PostalAddress","streetAddress":"san antonio 4,","postalCode":"33430","addressLocality":"Cand\u00e1s","addressRegion":"Asturias","addressCountry":"ES"}},{"@type":"Person","@id":"https:\/\/www.eldigitaldeasturias.com\/noticias\/author\/admin\/#author","url":"https:\/\/www.eldigitaldeasturias.com\/noticias\/author\/admin\/","name":"El Digital de Asturias","image":{"@type":"ImageObject","@id":"https:\/\/www.eldigitaldeasturias.com\/noticias\/adidas-pierde-un-litigio-por-la-marca-de-las-tres-tiras\/#authorImage","url":"https:\/\/www.eldigitaldeasturias.com\/noticias\/wp-content\/litespeed\/avatar\/18677e78aa0546b92d9dbf31ec7d7668.jpg?ver=1777290358","width":96,"height":96,"caption":"El Digital de Asturias"}},{"@type":"WebPage","@id":"https:\/\/www.eldigitaldeasturias.com\/noticias\/adidas-pierde-un-litigio-por-la-marca-de-las-tres-tiras\/#webpage","url":"https:\/\/www.eldigitaldeasturias.com\/noticias\/adidas-pierde-un-litigio-por-la-marca-de-las-tres-tiras\/","name":"Adidas pierde un litigio por la marca de las tres tiras - El Digital de Asturias","description":"Luxemburgo, 19 jun (dpa) - El fabricante alem\u00e1n de art\u00edculos deportivos Adidas perdi\u00f3 una parte de sus derechos de marca de las tres tiras, seg\u00fan un fallo pronunciado hoy por el Tribunal General de la Uni\u00f3n Europea (UE). La decisi\u00f3n del mi\u00e9rcoles se limita a un modelo especial, seg\u00fan precis\u00f3 la compa\u00f1\u00eda germana. Los derechos","inLanguage":"es-ES","isPartOf":{"@id":"https:\/\/www.eldigitaldeasturias.com\/noticias\/#website"},"breadcrumb":{"@id":"https:\/\/www.eldigitaldeasturias.com\/noticias\/adidas-pierde-un-litigio-por-la-marca-de-las-tres-tiras\/#breadcrumblist"},"author":{"@id":"https:\/\/www.eldigitaldeasturias.com\/noticias\/author\/admin\/#author"},"creator":{"@id":"https:\/\/www.eldigitaldeasturias.com\/noticias\/author\/admin\/#author"},"image":{"@type":"ImageObject","url":"https:\/\/www.eldigitaldeasturias.com\/noticias\/wp-content\/uploads\/2019\/06\/Adidas-litigio.jpg","@id":"https:\/\/www.eldigitaldeasturias.com\/noticias\/adidas-pierde-un-litigio-por-la-marca-de-las-tres-tiras\/#mainImage","width":1007,"height":677},"primaryImageOfPage":{"@id":"https:\/\/www.eldigitaldeasturias.com\/noticias\/adidas-pierde-un-litigio-por-la-marca-de-las-tres-tiras\/#mainImage"},"datePublished":"2019-06-19T19:05:45+02:00","dateModified":"2019-06-19T19:05:45+02:00"},{"@type":"WebSite","@id":"https:\/\/www.eldigitaldeasturias.com\/noticias\/#website","url":"https:\/\/www.eldigitaldeasturias.com\/noticias\/","name":"El Digital de Asturias - Diario de actualidad y noticias","alternateName":"El Digital de Asturias - Diario de actualidad y noticias","description":"Hemeroteca","inLanguage":"es-ES","publisher":{"@id":"https:\/\/www.eldigitaldeasturias.com\/noticias\/#organization"}}]},"og:locale":"es_ES","og:site_name":"El Digital de Asturias","og:type":"article","og:title":"Adidas pierde un litigio por la marca de las tres tiras - El Digital de Asturias","og:description":"Luxemburgo, 19 jun (dpa) - El fabricante alem\u00e1n de art\u00edculos deportivos Adidas perdi\u00f3 una parte de sus derechos de marca de las tres tiras, seg\u00fan un fallo pronunciado hoy por el Tribunal General de la Uni\u00f3n Europea (UE). La decisi\u00f3n del mi\u00e9rcoles se limita a un modelo especial, seg\u00fan precis\u00f3 la compa\u00f1\u00eda germana. Los derechos","og:url":"https:\/\/www.eldigitaldeasturias.com\/noticias\/adidas-pierde-un-litigio-por-la-marca-de-las-tres-tiras\/","og:image":"https:\/\/www.eldigitaldeasturias.com\/noticias\/wp-content\/uploads\/2019\/06\/Adidas-litigio.jpg","og:image:secure_url":"https:\/\/www.eldigitaldeasturias.com\/noticias\/wp-content\/uploads\/2019\/06\/Adidas-litigio.jpg","og:image:width":1007,"og:image:height":677,"article:tag":["negocios y empresas"],"article:published_time":"2019-06-19T19:05:45+00:00","article:modified_time":"2019-06-19T19:05:45+00:00","article:publisher":"https:\/\/facebook.com\/eldigitaldeasturias","twitter:card":"summary_large_image","twitter:title":"Adidas pierde un litigio por la marca de las tres tiras - El Digital de Asturias","twitter:description":"Luxemburgo, 19 jun (dpa) - El fabricante alem\u00e1n de art\u00edculos deportivos Adidas perdi\u00f3 una parte de sus derechos de marca de las tres tiras, seg\u00fan un fallo pronunciado hoy por el Tribunal General de la Uni\u00f3n Europea (UE). La decisi\u00f3n del mi\u00e9rcoles se limita a un modelo especial, seg\u00fan precis\u00f3 la compa\u00f1\u00eda germana. Los derechos","twitter:image":"https:\/\/www.eldigitaldeasturias.com\/noticias\/wp-content\/uploads\/2019\/06\/Adidas-litigio.jpg","twitter:label1":"Escrito por","twitter:data1":"El Digital de Asturias","twitter:label2":"Tiempo de lectura estimado","twitter:data2":"2 minutos"},"aioseo_meta_data":{"post_id":"1031613","title":null,"description":null,"keywords":null,"keyphrases":null,"primary_term":null,"canonical_url":null,"og_title":null,"og_description":null,"og_object_type":"default","og_image_type":"default","og_image_url":null,"og_image_width":null,"og_image_height":null,"og_image_custom_url":null,"og_image_custom_fields":null,"og_video":null,"og_custom_url":null,"og_article_section":null,"og_article_tags":null,"twitter_use_og":false,"twitter_card":"default","twitter_image_type":"default","twitter_image_url":null,"twitter_image_custom_url":null,"twitter_image_custom_fields":null,"twitter_title":null,"twitter_description":null,"schema":{"blockGraphs":[],"customGraphs":[],"default":{"data":{"Article":[],"Course":[],"Dataset":[],"FAQPage":[],"Movie":[],"Person":[],"Product":[],"ProductReview":[],"Car":[],"Recipe":[],"Service":[],"SoftwareApplication":[],"WebPage":[]},"graphName":"","isEnabled":true},"graphs":[],"defaultGraph":"","defaultPostTypeGraph":""},"schema_type":null,"schema_type_options":null,"pillar_content":false,"robots_default":true,"robots_noindex":false,"robots_noarchive":false,"robots_nosnippet":false,"robots_nofollow":false,"robots_noimageindex":false,"robots_noodp":false,"robots_notranslate":false,"robots_max_snippet":null,"robots_max_videopreview":null,"robots_max_imagepreview":"large","priority":null,"frequency":null,"local_seo":null,"seo_analyzer_scan_date":"2025-10-18 19:24:06","breadcrumb_settings":null,"limit_modified_date":false,"open_ai":null,"ai":null,"created":"2020-12-21 11:10:14","updated":"2025-10-18 19:24:06"},"aioseo_breadcrumb":"<div class=\"aioseo-breadcrumbs\"><span class=\"aioseo-breadcrumb\">\n\t<a href=\"https:\/\/www.eldigitaldeasturias.com\/noticias\" title=\"Home\">Home<\/a>\n<\/span><span class=\"aioseo-breadcrumb-separator\">\u2013<\/span><span class=\"aioseo-breadcrumb\">\n\t<a href=\"https:\/\/www.eldigitaldeasturias.com\/noticias\/category\/negocios-y-empresas\/\" title=\"Negocios y Empresas\">Negocios y Empresas<\/a>\n<\/span><span class=\"aioseo-breadcrumb-separator\">\u2013<\/span><span class=\"aioseo-breadcrumb\">\n\t<a href=\"https:\/\/www.eldigitaldeasturias.com\/noticias\/adidas-pierde-un-litigio-por-la-marca-de-las-tres-tiras\/\" title=\"Adidas pierde un litigio por la marca de las tres tiras\">Adidas pierde un litigio por la marca de las tres tiras<\/a>\n<\/span><\/div>","aioseo_breadcrumb_json":[{"label":"Home","link":"https:\/\/www.eldigitaldeasturias.com\/noticias"},{"label":"Negocios y Empresas","link":"https:\/\/www.eldigitaldeasturias.com\/noticias\/category\/negocios-y-empresas\/"},{"label":"Adidas pierde un litigio por la marca de las tres tiras","link":"https:\/\/www.eldigitaldeasturias.com\/noticias\/adidas-pierde-un-litigio-por-la-marca-de-las-tres-tiras\/"}],"_links":{"self":[{"href":"https:\/\/www.eldigitaldeasturias.com\/noticias\/wp-json\/wp\/v2\/posts\/1031613","targetHints":{"allow":["GET"]}}],"collection":[{"href":"https:\/\/www.eldigitaldeasturias.com\/noticias\/wp-json\/wp\/v2\/posts"}],"about":[{"href":"https:\/\/www.eldigitaldeasturias.com\/noticias\/wp-json\/wp\/v2\/types\/post"}],"author":[{"embeddable":true,"href":"https:\/\/www.eldigitaldeasturias.com\/noticias\/wp-json\/wp\/v2\/users\/1"}],"replies":[{"embeddable":true,"href":"https:\/\/www.eldigitaldeasturias.com\/noticias\/wp-json\/wp\/v2\/comments?post=1031613"}],"version-history":[{"count":0,"href":"https:\/\/www.eldigitaldeasturias.com\/noticias\/wp-json\/wp\/v2\/posts\/1031613\/revisions"}],"wp:featuredmedia":[{"embeddable":true,"href":"https:\/\/www.eldigitaldeasturias.com\/noticias\/wp-json\/wp\/v2\/media\/1031614"}],"wp:attachment":[{"href":"https:\/\/www.eldigitaldeasturias.com\/noticias\/wp-json\/wp\/v2\/media?parent=1031613"}],"wp:term":[{"taxonomy":"category","embeddable":true,"href":"https:\/\/www.eldigitaldeasturias.com\/noticias\/wp-json\/wp\/v2\/categories?post=1031613"},{"taxonomy":"post_tag","embeddable":true,"href":"https:\/\/www.eldigitaldeasturias.com\/noticias\/wp-json\/wp\/v2\/tags?post=1031613"}],"curies":[{"name":"wp","href":"https:\/\/api.w.org\/{rel}","templated":true}]}}