{"id":1031583,"date":"2019-06-19T15:08:29","date_gmt":"2019-06-19T15:08:29","guid":{"rendered":"https:\/\/www.eldigitaldeasturias.com\/noticias\/?p=1031583"},"modified":"2019-06-19T15:08:29","modified_gmt":"2019-06-19T15:08:29","slug":"siguen-los-problemas-para-los-ferrari-en-la-f1","status":"publish","type":"post","link":"https:\/\/www.eldigitaldeasturias.com\/noticias\/siguen-los-problemas-para-los-ferrari-en-la-f1\/","title":{"rendered":"Siguen los problemas para los Ferrari en la F1"},"content":{"rendered":"<p><img loading=\"lazy\" decoding=\"async\" class=\"alignleft size-medium wp-image-972685\" src=\"https:\/\/www.eldigitaldeasturias.com\/noticias\/wp-content\/uploads\/2018\/03\/formula-1-630147_1280-360x239.jpg\" alt=\"\" width=\"360\" height=\"239\" srcset=\"https:\/\/www.eldigitaldeasturias.com\/noticias\/wp-content\/uploads\/2018\/03\/formula-1-630147_1280-360x239.jpg 360w, https:\/\/www.eldigitaldeasturias.com\/noticias\/wp-content\/uploads\/2018\/03\/formula-1-630147_1280-451x300.jpg 451w, https:\/\/www.eldigitaldeasturias.com\/noticias\/wp-content\/uploads\/2018\/03\/formula-1-630147_1280-768x511.jpg 768w, https:\/\/www.eldigitaldeasturias.com\/noticias\/wp-content\/uploads\/2018\/03\/formula-1-630147_1280-690x459.jpg 690w, https:\/\/www.eldigitaldeasturias.com\/noticias\/wp-content\/uploads\/2018\/03\/formula-1-630147_1280-1024x681.jpg 1024w, https:\/\/www.eldigitaldeasturias.com\/noticias\/wp-content\/uploads\/2018\/03\/formula-1-630147_1280-20x13.jpg 20w, https:\/\/www.eldigitaldeasturias.com\/noticias\/wp-content\/uploads\/2018\/03\/formula-1-630147_1280.jpg 1280w\" sizes=\"auto, (max-width: 360px) 100vw, 360px\" \/>Le Castellet (Francia), 19 jun (dpa) &#8211; El equipo <strong>Ferrari de F\u00f3rmula<\/strong> 1 en el que compite el piloto alem\u00e1n Sebastian Vettel tiene pocas esperanzas de que sus b\u00f3lidos tengan opciones de mejora en el Gran Premio de Francia, seg\u00fan dijo el jefe de la \u00abScuderia\u00bb, Mattia Binotto, antes de la prueba que se disputa el fin de semana.<\/p>\n<p>\u00abLo que tenemos ahora no ser\u00e1 la soluci\u00f3n a nuestros problemas, pero las impresiones t\u00e9cnicas que obtengamos de estos desarrollos ser\u00e1n importantes para nuestras futuras decisiones\u00bb, asegur\u00f3 Binotto antes de la octava carrera de la temporada.<\/p>\n<p>Despu\u00e9s de la <strong>decepci\u00f3n en Canad\u00e1 cuando Vettel perdi\u00f3 la victoria ante la estrella de Mercedes Lewis Hamilton<\/strong> tras una controvertida penalizaci\u00f3n de tiempo, Binotto espera otro fin de semana dif\u00edcil. \u00abSabemos que este tipo de circuitos no son especialmente ventajosos para nuestro equipo. Pero nada es imposible\u00bb, confes\u00f3, para a\u00f1adir que Ferrari mostrar\u00e1 decisi\u00f3n en la pista y saldr\u00e1 a competir.<\/p>\n<p>En Canad\u00e1, Vettel se sali\u00f3 del trazado en la vuelta 48 despu\u00e9s de un error de conducci\u00f3n y luego empuj\u00f3 a Hamilton hacia un muro. Los comisarios de carrera dictaminaron que Vettel era culpable por un estilo de conducci\u00f3n peligroso y fue penalizado.<\/p>\n<p>Ferrari sigue en sus reclamaciones ante esta decisi\u00f3n y <strong>apela a su derecho a reevaluar la situaci\u00f3n seg\u00fan dicta el reglamento<\/strong>. Con nuevas pruebas, el equipo quiere convencer a los comisarios de que revoquen su veredicto y den a Vettel la victoria en el Gran Premio de Canad\u00e1.<\/p>\n<p>&nbsp;<\/p>\n","protected":false},"excerpt":{"rendered":"<p>Le Castellet (Francia), 19 jun (dpa) &#8211; El equipo Ferrari de F\u00f3rmula 1 en el que compite el piloto alem\u00e1n Sebastian Vettel tiene pocas esperanzas de que sus b\u00f3lidos tengan opciones de mejora en el Gran Premio de Francia, seg\u00fan dijo el jefe de la \u00abScuderia\u00bb, Mattia Binotto, antes de la prueba que se disputa [&hellip;]<\/p>\n","protected":false},"author":1,"featured_media":972685,"comment_status":"open","ping_status":"closed","sticky":false,"template":"","format":"standard","meta":{"footnotes":""},"categories":[190],"tags":[],"class_list":["post-1031583","post","type-post","status-publish","format-standard","has-post-thumbnail","hentry","category-deportes"],"aioseo_notices":[],"aioseo_head":"\n\t\t<!-- All in One SEO Pro 4.9.6.2 - aioseo.com -->\n\t<meta name=\"description\" content=\"Le Castellet (Francia), 19 jun (dpa) - El equipo Ferrari de F\u00f3rmula 1 en el que compite el piloto alem\u00e1n Sebastian Vettel tiene pocas esperanzas de que sus b\u00f3lidos tengan opciones de mejora en el Gran Premio de Francia, seg\u00fan dijo el jefe de la &quot;Scuderia&quot;, Mattia Binotto, antes de la prueba que se disputa\" \/>\n\t<meta name=\"robots\" content=\"max-image-preview:large\" \/>\n\t<meta name=\"author\" content=\"El Digital de Asturias\"\/>\n\t<meta name=\"google-site-verification\" content=\"UA-38556648-1\" \/>\n\t<meta name=\"msvalidate.01\" content=\"7dfe9f3f1b24437ab69f4f2559babe99\" \/>\n\t<meta name=\"keywords\" content=\"deportes\" \/>\n\t<link rel=\"canonical\" href=\"https:\/\/www.eldigitaldeasturias.com\/noticias\/siguen-los-problemas-para-los-ferrari-en-la-f1\/\" \/>\n\t<meta name=\"generator\" content=\"All in One SEO Pro (AIOSEO) 4.9.6.2\" \/>\n\t\t<meta property=\"og:locale\" content=\"es_ES\" \/>\n\t\t<meta property=\"og:site_name\" content=\"El Digital de Asturias\" \/>\n\t\t<meta property=\"og:type\" content=\"article\" \/>\n\t\t<meta property=\"og:title\" content=\"Siguen los problemas para los Ferrari en la F1 - El Digital de Asturias\" \/>\n\t\t<meta property=\"og:description\" content=\"Le Castellet (Francia), 19 jun (dpa) - El equipo Ferrari de F\u00f3rmula 1 en el que compite el piloto alem\u00e1n Sebastian Vettel tiene pocas esperanzas de que sus b\u00f3lidos tengan opciones de mejora en el Gran Premio de Francia, seg\u00fan dijo el jefe de la &quot;Scuderia&quot;, Mattia Binotto, antes de la prueba que se disputa\" \/>\n\t\t<meta property=\"og:url\" content=\"https:\/\/www.eldigitaldeasturias.com\/noticias\/siguen-los-problemas-para-los-ferrari-en-la-f1\/\" \/>\n\t\t<meta property=\"og:image\" content=\"https:\/\/www.eldigitaldeasturias.com\/noticias\/wp-content\/uploads\/2018\/03\/formula-1-630147_1280.jpg\" \/>\n\t\t<meta property=\"og:image:secure_url\" content=\"https:\/\/www.eldigitaldeasturias.com\/noticias\/wp-content\/uploads\/2018\/03\/formula-1-630147_1280.jpg\" \/>\n\t\t<meta property=\"og:image:width\" content=\"1280\" \/>\n\t\t<meta property=\"og:image:height\" content=\"851\" \/>\n\t\t<meta property=\"article:tag\" content=\"deportes\" \/>\n\t\t<meta property=\"article:published_time\" content=\"2019-06-19T15:08:29+00:00\" \/>\n\t\t<meta property=\"article:modified_time\" content=\"2019-06-19T15:08:29+00:00\" \/>\n\t\t<meta property=\"article:publisher\" content=\"https:\/\/facebook.com\/eldigitaldeasturias\" \/>\n\t\t<meta name=\"twitter:card\" content=\"summary_large_image\" \/>\n\t\t<meta name=\"twitter:title\" content=\"Siguen los problemas para los Ferrari en la F1 - El Digital de Asturias\" \/>\n\t\t<meta name=\"twitter:description\" content=\"Le Castellet (Francia), 19 jun (dpa) - El equipo Ferrari de F\u00f3rmula 1 en el que compite el piloto alem\u00e1n Sebastian Vettel tiene pocas esperanzas de que sus b\u00f3lidos tengan opciones de mejora en el Gran Premio de Francia, seg\u00fan dijo el jefe de la &quot;Scuderia&quot;, Mattia Binotto, antes de la prueba que se disputa\" \/>\n\t\t<meta name=\"twitter:image\" content=\"https:\/\/www.eldigitaldeasturias.com\/noticias\/wp-content\/uploads\/2018\/03\/formula-1-630147_1280.jpg\" \/>\n\t\t<meta name=\"twitter:label1\" content=\"Escrito por\" \/>\n\t\t<meta name=\"twitter:data1\" content=\"El Digital de Asturias\" \/>\n\t\t<meta name=\"twitter:label2\" content=\"Tiempo de lectura estimado\" \/>\n\t\t<meta name=\"twitter:data2\" content=\"1 minuto\" \/>\n\t\t<script type=\"application\/ld+json\" class=\"aioseo-schema\">\n\t\t\t{\"@context\":\"https:\\\/\\\/schema.org\",\"@graph\":[{\"@type\":\"BlogPosting\",\"@id\":\"https:\\\/\\\/www.eldigitaldeasturias.com\\\/noticias\\\/siguen-los-problemas-para-los-ferrari-en-la-f1\\\/#blogposting\",\"name\":\"Siguen los problemas para los Ferrari en la F1 - El Digital de Asturias\",\"headline\":\"Siguen los problemas para los Ferrari en la F1\",\"author\":{\"@id\":\"https:\\\/\\\/www.eldigitaldeasturias.com\\\/noticias\\\/author\\\/admin\\\/#author\"},\"publisher\":{\"@id\":\"https:\\\/\\\/www.eldigitaldeasturias.com\\\/noticias\\\/#organization\"},\"image\":{\"@type\":\"ImageObject\",\"url\":\"https:\\\/\\\/www.eldigitaldeasturias.com\\\/noticias\\\/wp-content\\\/uploads\\\/2018\\\/03\\\/formula-1-630147_1280.jpg\",\"width\":1280,\"height\":851},\"datePublished\":\"2019-06-19T15:08:29+02:00\",\"dateModified\":\"2019-06-19T15:08:29+02:00\",\"inLanguage\":\"es-ES\",\"mainEntityOfPage\":{\"@id\":\"https:\\\/\\\/www.eldigitaldeasturias.com\\\/noticias\\\/siguen-los-problemas-para-los-ferrari-en-la-f1\\\/#webpage\"},\"isPartOf\":{\"@id\":\"https:\\\/\\\/www.eldigitaldeasturias.com\\\/noticias\\\/siguen-los-problemas-para-los-ferrari-en-la-f1\\\/#webpage\"},\"articleSection\":\"Deportes\"},{\"@type\":\"BreadcrumbList\",\"@id\":\"https:\\\/\\\/www.eldigitaldeasturias.com\\\/noticias\\\/siguen-los-problemas-para-los-ferrari-en-la-f1\\\/#breadcrumblist\",\"itemListElement\":[{\"@type\":\"ListItem\",\"@id\":\"https:\\\/\\\/www.eldigitaldeasturias.com\\\/noticias#listItem\",\"position\":1,\"name\":\"Home\",\"item\":\"https:\\\/\\\/www.eldigitaldeasturias.com\\\/noticias\",\"nextItem\":{\"@type\":\"ListItem\",\"@id\":\"https:\\\/\\\/www.eldigitaldeasturias.com\\\/noticias\\\/category\\\/deportes\\\/#listItem\",\"name\":\"Deportes\"}},{\"@type\":\"ListItem\",\"@id\":\"https:\\\/\\\/www.eldigitaldeasturias.com\\\/noticias\\\/category\\\/deportes\\\/#listItem\",\"position\":2,\"name\":\"Deportes\",\"item\":\"https:\\\/\\\/www.eldigitaldeasturias.com\\\/noticias\\\/category\\\/deportes\\\/\",\"nextItem\":{\"@type\":\"ListItem\",\"@id\":\"https:\\\/\\\/www.eldigitaldeasturias.com\\\/noticias\\\/siguen-los-problemas-para-los-ferrari-en-la-f1\\\/#listItem\",\"name\":\"Siguen los problemas para los Ferrari en la F1\"},\"previousItem\":{\"@type\":\"ListItem\",\"@id\":\"https:\\\/\\\/www.eldigitaldeasturias.com\\\/noticias#listItem\",\"name\":\"Home\"}},{\"@type\":\"ListItem\",\"@id\":\"https:\\\/\\\/www.eldigitaldeasturias.com\\\/noticias\\\/siguen-los-problemas-para-los-ferrari-en-la-f1\\\/#listItem\",\"position\":3,\"name\":\"Siguen los problemas para los Ferrari en la F1\",\"previousItem\":{\"@type\":\"ListItem\",\"@id\":\"https:\\\/\\\/www.eldigitaldeasturias.com\\\/noticias\\\/category\\\/deportes\\\/#listItem\",\"name\":\"Deportes\"}}]},{\"@type\":\"Organization\",\"@id\":\"https:\\\/\\\/www.eldigitaldeasturias.com\\\/noticias\\\/#organization\",\"name\":\"El Digital de Asturias\",\"description\":\"Hemeroteca\",\"url\":\"https:\\\/\\\/www.eldigitaldeasturias.com\\\/noticias\\\/\",\"email\":\"info@eldigitaldeasturias.com\",\"telephone\":\"+34652131393\",\"logo\":{\"@type\":\"ImageObject\",\"url\":\"https:\\\/\\\/www.eldigitaldeasturias.com\\\/noticias\\\/wp-content\\\/uploads\\\/2020\\\/12\\\/EDA.jpg\",\"@id\":\"https:\\\/\\\/www.eldigitaldeasturias.com\\\/noticias\\\/siguen-los-problemas-para-los-ferrari-en-la-f1\\\/#organizationLogo\",\"width\":649,\"height\":297},\"image\":{\"@id\":\"https:\\\/\\\/www.eldigitaldeasturias.com\\\/noticias\\\/siguen-los-problemas-para-los-ferrari-en-la-f1\\\/#organizationLogo\"},\"sameAs\":[\"https:\\\/\\\/facebook.com\\\/eldigitaldeasturias\",\"https:\\\/\\\/www.youtube.com\\\/channel\\\/UCZP-2wLEB9Rv6erhFmqVnvg\"],\"address\":{\"@id\":\"https:\\\/\\\/www.eldigitaldeasturias.com\\\/noticias\\\/#postaladdress\",\"@type\":\"PostalAddress\",\"streetAddress\":\"san antonio 4,\",\"postalCode\":\"33430\",\"addressLocality\":\"Cand\\u00e1s\",\"addressRegion\":\"Asturias\",\"addressCountry\":\"ES\"}},{\"@type\":\"Person\",\"@id\":\"https:\\\/\\\/www.eldigitaldeasturias.com\\\/noticias\\\/author\\\/admin\\\/#author\",\"url\":\"https:\\\/\\\/www.eldigitaldeasturias.com\\\/noticias\\\/author\\\/admin\\\/\",\"name\":\"El Digital de Asturias\",\"image\":{\"@type\":\"ImageObject\",\"@id\":\"https:\\\/\\\/www.eldigitaldeasturias.com\\\/noticias\\\/siguen-los-problemas-para-los-ferrari-en-la-f1\\\/#authorImage\",\"url\":\"https:\\\/\\\/www.eldigitaldeasturias.com\\\/noticias\\\/wp-content\\\/litespeed\\\/avatar\\\/18677e78aa0546b92d9dbf31ec7d7668.jpg?ver=1777290358\",\"width\":96,\"height\":96,\"caption\":\"El Digital de Asturias\"}},{\"@type\":\"WebPage\",\"@id\":\"https:\\\/\\\/www.eldigitaldeasturias.com\\\/noticias\\\/siguen-los-problemas-para-los-ferrari-en-la-f1\\\/#webpage\",\"url\":\"https:\\\/\\\/www.eldigitaldeasturias.com\\\/noticias\\\/siguen-los-problemas-para-los-ferrari-en-la-f1\\\/\",\"name\":\"Siguen los problemas para los Ferrari en la F1 - El Digital de Asturias\",\"description\":\"Le Castellet (Francia), 19 jun (dpa) - El equipo Ferrari de F\\u00f3rmula 1 en el que compite el piloto alem\\u00e1n Sebastian Vettel tiene pocas esperanzas de que sus b\\u00f3lidos tengan opciones de mejora en el Gran Premio de Francia, seg\\u00fan dijo el jefe de la \\\"Scuderia\\\", Mattia Binotto, antes de la prueba que se disputa\",\"inLanguage\":\"es-ES\",\"isPartOf\":{\"@id\":\"https:\\\/\\\/www.eldigitaldeasturias.com\\\/noticias\\\/#website\"},\"breadcrumb\":{\"@id\":\"https:\\\/\\\/www.eldigitaldeasturias.com\\\/noticias\\\/siguen-los-problemas-para-los-ferrari-en-la-f1\\\/#breadcrumblist\"},\"author\":{\"@id\":\"https:\\\/\\\/www.eldigitaldeasturias.com\\\/noticias\\\/author\\\/admin\\\/#author\"},\"creator\":{\"@id\":\"https:\\\/\\\/www.eldigitaldeasturias.com\\\/noticias\\\/author\\\/admin\\\/#author\"},\"image\":{\"@type\":\"ImageObject\",\"url\":\"https:\\\/\\\/www.eldigitaldeasturias.com\\\/noticias\\\/wp-content\\\/uploads\\\/2018\\\/03\\\/formula-1-630147_1280.jpg\",\"@id\":\"https:\\\/\\\/www.eldigitaldeasturias.com\\\/noticias\\\/siguen-los-problemas-para-los-ferrari-en-la-f1\\\/#mainImage\",\"width\":1280,\"height\":851},\"primaryImageOfPage\":{\"@id\":\"https:\\\/\\\/www.eldigitaldeasturias.com\\\/noticias\\\/siguen-los-problemas-para-los-ferrari-en-la-f1\\\/#mainImage\"},\"datePublished\":\"2019-06-19T15:08:29+02:00\",\"dateModified\":\"2019-06-19T15:08:29+02:00\"},{\"@type\":\"WebSite\",\"@id\":\"https:\\\/\\\/www.eldigitaldeasturias.com\\\/noticias\\\/#website\",\"url\":\"https:\\\/\\\/www.eldigitaldeasturias.com\\\/noticias\\\/\",\"name\":\"El Digital de Asturias - Diario de actualidad y noticias\",\"alternateName\":\"El Digital de Asturias - Diario de actualidad y noticias\",\"description\":\"Hemeroteca\",\"inLanguage\":\"es-ES\",\"publisher\":{\"@id\":\"https:\\\/\\\/www.eldigitaldeasturias.com\\\/noticias\\\/#organization\"}}]}\n\t\t<\/script>\n\t\t<!-- All in One SEO Pro -->\r\n\t\t<title>Siguen los problemas para los Ferrari en la F1 - El Digital de Asturias<\/title>\n\n","aioseo_head_json":{"title":"Siguen los problemas para los Ferrari en la F1 - El Digital de Asturias","description":"Le Castellet (Francia), 19 jun (dpa) - El equipo Ferrari de F\u00f3rmula 1 en el que compite el piloto alem\u00e1n Sebastian Vettel tiene pocas esperanzas de que sus b\u00f3lidos tengan opciones de mejora en el Gran Premio de Francia, seg\u00fan dijo el jefe de la \"Scuderia\", Mattia Binotto, antes de la prueba que se disputa","canonical_url":"https:\/\/www.eldigitaldeasturias.com\/noticias\/siguen-los-problemas-para-los-ferrari-en-la-f1\/","robots":"max-image-preview:large","keywords":"deportes","webmasterTools":{"google-site-verification":"UA-38556648-1","msvalidate.01":"7dfe9f3f1b24437ab69f4f2559babe99","miscellaneous":""},"schema":{"@context":"https:\/\/schema.org","@graph":[{"@type":"BlogPosting","@id":"https:\/\/www.eldigitaldeasturias.com\/noticias\/siguen-los-problemas-para-los-ferrari-en-la-f1\/#blogposting","name":"Siguen los problemas para los Ferrari en la F1 - El Digital de Asturias","headline":"Siguen los problemas para los Ferrari en la F1","author":{"@id":"https:\/\/www.eldigitaldeasturias.com\/noticias\/author\/admin\/#author"},"publisher":{"@id":"https:\/\/www.eldigitaldeasturias.com\/noticias\/#organization"},"image":{"@type":"ImageObject","url":"https:\/\/www.eldigitaldeasturias.com\/noticias\/wp-content\/uploads\/2018\/03\/formula-1-630147_1280.jpg","width":1280,"height":851},"datePublished":"2019-06-19T15:08:29+02:00","dateModified":"2019-06-19T15:08:29+02:00","inLanguage":"es-ES","mainEntityOfPage":{"@id":"https:\/\/www.eldigitaldeasturias.com\/noticias\/siguen-los-problemas-para-los-ferrari-en-la-f1\/#webpage"},"isPartOf":{"@id":"https:\/\/www.eldigitaldeasturias.com\/noticias\/siguen-los-problemas-para-los-ferrari-en-la-f1\/#webpage"},"articleSection":"Deportes"},{"@type":"BreadcrumbList","@id":"https:\/\/www.eldigitaldeasturias.com\/noticias\/siguen-los-problemas-para-los-ferrari-en-la-f1\/#breadcrumblist","itemListElement":[{"@type":"ListItem","@id":"https:\/\/www.eldigitaldeasturias.com\/noticias#listItem","position":1,"name":"Home","item":"https:\/\/www.eldigitaldeasturias.com\/noticias","nextItem":{"@type":"ListItem","@id":"https:\/\/www.eldigitaldeasturias.com\/noticias\/category\/deportes\/#listItem","name":"Deportes"}},{"@type":"ListItem","@id":"https:\/\/www.eldigitaldeasturias.com\/noticias\/category\/deportes\/#listItem","position":2,"name":"Deportes","item":"https:\/\/www.eldigitaldeasturias.com\/noticias\/category\/deportes\/","nextItem":{"@type":"ListItem","@id":"https:\/\/www.eldigitaldeasturias.com\/noticias\/siguen-los-problemas-para-los-ferrari-en-la-f1\/#listItem","name":"Siguen los problemas para los Ferrari en la F1"},"previousItem":{"@type":"ListItem","@id":"https:\/\/www.eldigitaldeasturias.com\/noticias#listItem","name":"Home"}},{"@type":"ListItem","@id":"https:\/\/www.eldigitaldeasturias.com\/noticias\/siguen-los-problemas-para-los-ferrari-en-la-f1\/#listItem","position":3,"name":"Siguen los problemas para los Ferrari en la F1","previousItem":{"@type":"ListItem","@id":"https:\/\/www.eldigitaldeasturias.com\/noticias\/category\/deportes\/#listItem","name":"Deportes"}}]},{"@type":"Organization","@id":"https:\/\/www.eldigitaldeasturias.com\/noticias\/#organization","name":"El Digital de Asturias","description":"Hemeroteca","url":"https:\/\/www.eldigitaldeasturias.com\/noticias\/","email":"info@eldigitaldeasturias.com","telephone":"+34652131393","logo":{"@type":"ImageObject","url":"https:\/\/www.eldigitaldeasturias.com\/noticias\/wp-content\/uploads\/2020\/12\/EDA.jpg","@id":"https:\/\/www.eldigitaldeasturias.com\/noticias\/siguen-los-problemas-para-los-ferrari-en-la-f1\/#organizationLogo","width":649,"height":297},"image":{"@id":"https:\/\/www.eldigitaldeasturias.com\/noticias\/siguen-los-problemas-para-los-ferrari-en-la-f1\/#organizationLogo"},"sameAs":["https:\/\/facebook.com\/eldigitaldeasturias","https:\/\/www.youtube.com\/channel\/UCZP-2wLEB9Rv6erhFmqVnvg"],"address":{"@id":"https:\/\/www.eldigitaldeasturias.com\/noticias\/#postaladdress","@type":"PostalAddress","streetAddress":"san antonio 4,","postalCode":"33430","addressLocality":"Cand\u00e1s","addressRegion":"Asturias","addressCountry":"ES"}},{"@type":"Person","@id":"https:\/\/www.eldigitaldeasturias.com\/noticias\/author\/admin\/#author","url":"https:\/\/www.eldigitaldeasturias.com\/noticias\/author\/admin\/","name":"El Digital de Asturias","image":{"@type":"ImageObject","@id":"https:\/\/www.eldigitaldeasturias.com\/noticias\/siguen-los-problemas-para-los-ferrari-en-la-f1\/#authorImage","url":"https:\/\/www.eldigitaldeasturias.com\/noticias\/wp-content\/litespeed\/avatar\/18677e78aa0546b92d9dbf31ec7d7668.jpg?ver=1777290358","width":96,"height":96,"caption":"El Digital de Asturias"}},{"@type":"WebPage","@id":"https:\/\/www.eldigitaldeasturias.com\/noticias\/siguen-los-problemas-para-los-ferrari-en-la-f1\/#webpage","url":"https:\/\/www.eldigitaldeasturias.com\/noticias\/siguen-los-problemas-para-los-ferrari-en-la-f1\/","name":"Siguen los problemas para los Ferrari en la F1 - El Digital de Asturias","description":"Le Castellet (Francia), 19 jun (dpa) - El equipo Ferrari de F\u00f3rmula 1 en el que compite el piloto alem\u00e1n Sebastian Vettel tiene pocas esperanzas de que sus b\u00f3lidos tengan opciones de mejora en el Gran Premio de Francia, seg\u00fan dijo el jefe de la \"Scuderia\", Mattia Binotto, antes de la prueba que se disputa","inLanguage":"es-ES","isPartOf":{"@id":"https:\/\/www.eldigitaldeasturias.com\/noticias\/#website"},"breadcrumb":{"@id":"https:\/\/www.eldigitaldeasturias.com\/noticias\/siguen-los-problemas-para-los-ferrari-en-la-f1\/#breadcrumblist"},"author":{"@id":"https:\/\/www.eldigitaldeasturias.com\/noticias\/author\/admin\/#author"},"creator":{"@id":"https:\/\/www.eldigitaldeasturias.com\/noticias\/author\/admin\/#author"},"image":{"@type":"ImageObject","url":"https:\/\/www.eldigitaldeasturias.com\/noticias\/wp-content\/uploads\/2018\/03\/formula-1-630147_1280.jpg","@id":"https:\/\/www.eldigitaldeasturias.com\/noticias\/siguen-los-problemas-para-los-ferrari-en-la-f1\/#mainImage","width":1280,"height":851},"primaryImageOfPage":{"@id":"https:\/\/www.eldigitaldeasturias.com\/noticias\/siguen-los-problemas-para-los-ferrari-en-la-f1\/#mainImage"},"datePublished":"2019-06-19T15:08:29+02:00","dateModified":"2019-06-19T15:08:29+02:00"},{"@type":"WebSite","@id":"https:\/\/www.eldigitaldeasturias.com\/noticias\/#website","url":"https:\/\/www.eldigitaldeasturias.com\/noticias\/","name":"El Digital de Asturias - Diario de actualidad y noticias","alternateName":"El Digital de Asturias - Diario de actualidad y noticias","description":"Hemeroteca","inLanguage":"es-ES","publisher":{"@id":"https:\/\/www.eldigitaldeasturias.com\/noticias\/#organization"}}]},"og:locale":"es_ES","og:site_name":"El Digital de Asturias","og:type":"article","og:title":"Siguen los problemas para los Ferrari en la F1 - El Digital de Asturias","og:description":"Le Castellet (Francia), 19 jun (dpa) - El equipo Ferrari de F\u00f3rmula 1 en el que compite el piloto alem\u00e1n Sebastian Vettel tiene pocas esperanzas de que sus b\u00f3lidos tengan opciones de mejora en el Gran Premio de Francia, seg\u00fan dijo el jefe de la &quot;Scuderia&quot;, Mattia Binotto, antes de la prueba que se disputa","og:url":"https:\/\/www.eldigitaldeasturias.com\/noticias\/siguen-los-problemas-para-los-ferrari-en-la-f1\/","og:image":"https:\/\/www.eldigitaldeasturias.com\/noticias\/wp-content\/uploads\/2018\/03\/formula-1-630147_1280.jpg","og:image:secure_url":"https:\/\/www.eldigitaldeasturias.com\/noticias\/wp-content\/uploads\/2018\/03\/formula-1-630147_1280.jpg","og:image:width":1280,"og:image:height":851,"article:tag":["deportes"],"article:published_time":"2019-06-19T15:08:29+00:00","article:modified_time":"2019-06-19T15:08:29+00:00","article:publisher":"https:\/\/facebook.com\/eldigitaldeasturias","twitter:card":"summary_large_image","twitter:title":"Siguen los problemas para los Ferrari en la F1 - El Digital de Asturias","twitter:description":"Le Castellet (Francia), 19 jun (dpa) - El equipo Ferrari de F\u00f3rmula 1 en el que compite el piloto alem\u00e1n Sebastian Vettel tiene pocas esperanzas de que sus b\u00f3lidos tengan opciones de mejora en el Gran Premio de Francia, seg\u00fan dijo el jefe de la &quot;Scuderia&quot;, Mattia Binotto, antes de la prueba que se disputa","twitter:image":"https:\/\/www.eldigitaldeasturias.com\/noticias\/wp-content\/uploads\/2018\/03\/formula-1-630147_1280.jpg","twitter:label1":"Escrito por","twitter:data1":"El Digital de Asturias","twitter:label2":"Tiempo de lectura estimado","twitter:data2":"1 minuto"},"aioseo_meta_data":{"post_id":"1031583","title":null,"description":null,"keywords":null,"keyphrases":null,"primary_term":null,"canonical_url":null,"og_title":null,"og_description":null,"og_object_type":"default","og_image_type":"default","og_image_url":null,"og_image_width":null,"og_image_height":null,"og_image_custom_url":null,"og_image_custom_fields":null,"og_video":null,"og_custom_url":null,"og_article_section":null,"og_article_tags":null,"twitter_use_og":false,"twitter_card":"default","twitter_image_type":"default","twitter_image_url":null,"twitter_image_custom_url":null,"twitter_image_custom_fields":null,"twitter_title":null,"twitter_description":null,"schema":{"blockGraphs":[],"customGraphs":[],"default":{"data":{"Article":[],"Course":[],"Dataset":[],"FAQPage":[],"Movie":[],"Person":[],"Product":[],"ProductReview":[],"Car":[],"Recipe":[],"Service":[],"SoftwareApplication":[],"WebPage":[]},"graphName":"","isEnabled":true},"graphs":[],"defaultGraph":"","defaultPostTypeGraph":""},"schema_type":null,"schema_type_options":null,"pillar_content":false,"robots_default":true,"robots_noindex":false,"robots_noarchive":false,"robots_nosnippet":false,"robots_nofollow":false,"robots_noimageindex":false,"robots_noodp":false,"robots_notranslate":false,"robots_max_snippet":null,"robots_max_videopreview":null,"robots_max_imagepreview":"large","priority":null,"frequency":null,"local_seo":null,"seo_analyzer_scan_date":"2025-10-18 19:18:41","breadcrumb_settings":null,"limit_modified_date":false,"open_ai":null,"ai":null,"created":"2020-12-21 11:10:14","updated":"2025-10-18 19:18:41"},"aioseo_breadcrumb":"<div class=\"aioseo-breadcrumbs\"><span class=\"aioseo-breadcrumb\">\n\t<a href=\"https:\/\/www.eldigitaldeasturias.com\/noticias\" title=\"Home\">Home<\/a>\n<\/span><span class=\"aioseo-breadcrumb-separator\">\u2013<\/span><span class=\"aioseo-breadcrumb\">\n\t<a href=\"https:\/\/www.eldigitaldeasturias.com\/noticias\/category\/deportes\/\" title=\"Deportes\">Deportes<\/a>\n<\/span><span class=\"aioseo-breadcrumb-separator\">\u2013<\/span><span class=\"aioseo-breadcrumb\">\n\t<a href=\"https:\/\/www.eldigitaldeasturias.com\/noticias\/siguen-los-problemas-para-los-ferrari-en-la-f1\/\" title=\"Siguen los problemas para los Ferrari en la F1\">Siguen los problemas para los Ferrari en la F1<\/a>\n<\/span><\/div>","aioseo_breadcrumb_json":[{"label":"Home","link":"https:\/\/www.eldigitaldeasturias.com\/noticias"},{"label":"Deportes","link":"https:\/\/www.eldigitaldeasturias.com\/noticias\/category\/deportes\/"},{"label":"Siguen los problemas para los Ferrari en la F1","link":"https:\/\/www.eldigitaldeasturias.com\/noticias\/siguen-los-problemas-para-los-ferrari-en-la-f1\/"}],"_links":{"self":[{"href":"https:\/\/www.eldigitaldeasturias.com\/noticias\/wp-json\/wp\/v2\/posts\/1031583","targetHints":{"allow":["GET"]}}],"collection":[{"href":"https:\/\/www.eldigitaldeasturias.com\/noticias\/wp-json\/wp\/v2\/posts"}],"about":[{"href":"https:\/\/www.eldigitaldeasturias.com\/noticias\/wp-json\/wp\/v2\/types\/post"}],"author":[{"embeddable":true,"href":"https:\/\/www.eldigitaldeasturias.com\/noticias\/wp-json\/wp\/v2\/users\/1"}],"replies":[{"embeddable":true,"href":"https:\/\/www.eldigitaldeasturias.com\/noticias\/wp-json\/wp\/v2\/comments?post=1031583"}],"version-history":[{"count":0,"href":"https:\/\/www.eldigitaldeasturias.com\/noticias\/wp-json\/wp\/v2\/posts\/1031583\/revisions"}],"wp:featuredmedia":[{"embeddable":true,"href":"https:\/\/www.eldigitaldeasturias.com\/noticias\/wp-json\/wp\/v2\/media\/972685"}],"wp:attachment":[{"href":"https:\/\/www.eldigitaldeasturias.com\/noticias\/wp-json\/wp\/v2\/media?parent=1031583"}],"wp:term":[{"taxonomy":"category","embeddable":true,"href":"https:\/\/www.eldigitaldeasturias.com\/noticias\/wp-json\/wp\/v2\/categories?post=1031583"},{"taxonomy":"post_tag","embeddable":true,"href":"https:\/\/www.eldigitaldeasturias.com\/noticias\/wp-json\/wp\/v2\/tags?post=1031583"}],"curies":[{"name":"wp","href":"https:\/\/api.w.org\/{rel}","templated":true}]}}