{"id":1031503,"date":"2019-06-19T05:58:24","date_gmt":"2019-06-19T05:58:24","guid":{"rendered":"https:\/\/www.eldigitaldeasturias.com\/noticias\/?p=1031503"},"modified":"2019-06-19T05:58:24","modified_gmt":"2019-06-19T05:58:24","slug":"siemens-vendera-a-rolls-royce-su-division-de-motores-electricos-de-aviones","status":"publish","type":"post","link":"https:\/\/www.eldigitaldeasturias.com\/noticias\/siemens-vendera-a-rolls-royce-su-division-de-motores-electricos-de-aviones\/","title":{"rendered":"Siemens vender\u00e1 a Rolls Royce su divisi\u00f3n de motores el\u00e9ctricos de aviones"},"content":{"rendered":"<p><img loading=\"lazy\" decoding=\"async\" class=\"alignleft size-medium wp-image-1031504\" src=\"https:\/\/www.eldigitaldeasturias.com\/noticias\/wp-content\/uploads\/2019\/06\/empresas-siemenes-360x241.jpg\" alt=\"\" width=\"360\" height=\"241\" srcset=\"https:\/\/www.eldigitaldeasturias.com\/noticias\/wp-content\/uploads\/2019\/06\/empresas-siemenes-360x241.jpg 360w, https:\/\/www.eldigitaldeasturias.com\/noticias\/wp-content\/uploads\/2019\/06\/empresas-siemenes-768x515.jpg 768w, https:\/\/www.eldigitaldeasturias.com\/noticias\/wp-content\/uploads\/2019\/06\/empresas-siemenes-650x435.jpg 650w, https:\/\/www.eldigitaldeasturias.com\/noticias\/wp-content\/uploads\/2019\/06\/empresas-siemenes-675x450.jpg 675w, https:\/\/www.eldigitaldeasturias.com\/noticias\/wp-content\/uploads\/2019\/06\/empresas-siemenes.jpg 1003w\" sizes=\"auto, (max-width: 360px) 100vw, 360px\" \/>M\u00fanich, 18 jun (dpa) &#8211; Siemens vender\u00e1 antes de fin de a\u00f1o al fabricante brit\u00e1nico Rolls Royce uno de sus proyectos a futuro m\u00e1s conocidos, el desarrollo de motores el\u00e9ctricos para aviones, anunci\u00f3 hoy la empresa alemana.<\/p>\n<p>La divisi\u00f3n \u00abeAircraft\u00bb logr\u00f3 en los \u00faltimos a\u00f1os varios r\u00e9cords difundidos en los medios y celebrados por el p\u00fablico.<\/p>\n<p>Un proyecto muy conocido es adem\u00e1s el desarollo de un taxi a\u00e9reo el\u00e9ctrico junto con el consorcio europeo Airbus. Esa cooperaci\u00f3n tambi\u00e9n concluir\u00e1 a fin de a\u00f1o.<\/p>\n<p>Siemens explic\u00f3 que decidi\u00f3 efectuar la venta para concentrarse en sus negocios centrales.<\/p>\n<p>\u00abPor ese motivo, las actividades de sistemas de propulsi\u00f3n el\u00e9ctricos e h\u00edbridos para aviones tendr\u00e1 perspectivas de crecimiento mucho mejores con un nuevo propietario, que est\u00e1 estrechamente vinculado a la industria aeron\u00e1utica y espacial\u00bb, se\u00f1ala el comunicado de prensa.<\/p>\n<p>El fabricante de motores Rolls Royce es el \u00abhogar perfecto\u00bb para los motores el\u00e9ctricos para aviones y un socio estrecho de Airbus, argument\u00f3 la emprsa germanas. Los 180 empleados de \u00abeAircraft\u00bb que trabajan en las ciudades alemanas de Erlangen y M\u00fanich as\u00ed como en Hungr\u00eda ser\u00e1n asumidos por Rolls Royce.<\/p>\n<p>Ninguna de las dos compa\u00f1\u00edas mencion\u00f3 el monto que pagar\u00e1 Rolls Royce por esta transacci\u00f3n.<\/p>\n<p><em>Foto: Felix K\u00e4stle\/dpa <\/em><\/p>\n","protected":false},"excerpt":{"rendered":"<p>M\u00fanich, 18 jun (dpa) &#8211; Siemens vender\u00e1 antes de fin de a\u00f1o al fabricante brit\u00e1nico Rolls Royce uno de sus proyectos a futuro m\u00e1s conocidos, el desarrollo de motores el\u00e9ctricos para aviones, anunci\u00f3 hoy la empresa alemana. La divisi\u00f3n \u00abeAircraft\u00bb logr\u00f3 en los \u00faltimos a\u00f1os varios r\u00e9cords difundidos en los medios y celebrados por el [&hellip;]<\/p>\n","protected":false},"author":1,"featured_media":1031504,"comment_status":"open","ping_status":"closed","sticky":false,"template":"","format":"standard","meta":{"footnotes":""},"categories":[219],"tags":[],"class_list":["post-1031503","post","type-post","status-publish","format-standard","has-post-thumbnail","hentry","category-negocios-y-empresas"],"aioseo_notices":[],"aioseo_head":"\n\t\t<!-- All in One SEO Pro 4.9.6.2 - aioseo.com -->\n\t<meta name=\"description\" content=\"M\u00fanich, 18 jun (dpa) - Siemens vender\u00e1 antes de fin de a\u00f1o al fabricante brit\u00e1nico Rolls Royce uno de sus proyectos a futuro m\u00e1s conocidos, el desarrollo de motores el\u00e9ctricos para aviones, anunci\u00f3 hoy la empresa alemana. La divisi\u00f3n &quot;eAircraft&quot; logr\u00f3 en los \u00faltimos a\u00f1os varios r\u00e9cords difundidos en los medios y celebrados por el\" \/>\n\t<meta name=\"robots\" content=\"max-image-preview:large\" \/>\n\t<meta name=\"author\" content=\"El Digital de Asturias\"\/>\n\t<meta name=\"google-site-verification\" content=\"UA-38556648-1\" \/>\n\t<meta name=\"msvalidate.01\" content=\"7dfe9f3f1b24437ab69f4f2559babe99\" \/>\n\t<meta name=\"keywords\" content=\"negocios y empresas\" \/>\n\t<link rel=\"canonical\" href=\"https:\/\/www.eldigitaldeasturias.com\/noticias\/siemens-vendera-a-rolls-royce-su-division-de-motores-electricos-de-aviones\/\" \/>\n\t<meta name=\"generator\" content=\"All in One SEO Pro (AIOSEO) 4.9.6.2\" \/>\n\t\t<meta property=\"og:locale\" content=\"es_ES\" \/>\n\t\t<meta property=\"og:site_name\" content=\"El Digital de Asturias\" \/>\n\t\t<meta property=\"og:type\" content=\"article\" \/>\n\t\t<meta property=\"og:title\" content=\"Siemens vender\u00e1 a Rolls Royce su divisi\u00f3n de motores el\u00e9ctricos de aviones - El Digital de Asturias\" \/>\n\t\t<meta property=\"og:description\" content=\"M\u00fanich, 18 jun (dpa) - Siemens vender\u00e1 antes de fin de a\u00f1o al fabricante brit\u00e1nico Rolls Royce uno de sus proyectos a futuro m\u00e1s conocidos, el desarrollo de motores el\u00e9ctricos para aviones, anunci\u00f3 hoy la empresa alemana. La divisi\u00f3n &quot;eAircraft&quot; logr\u00f3 en los \u00faltimos a\u00f1os varios r\u00e9cords difundidos en los medios y celebrados por el\" \/>\n\t\t<meta property=\"og:url\" content=\"https:\/\/www.eldigitaldeasturias.com\/noticias\/siemens-vendera-a-rolls-royce-su-division-de-motores-electricos-de-aviones\/\" \/>\n\t\t<meta property=\"og:image\" content=\"https:\/\/www.eldigitaldeasturias.com\/noticias\/wp-content\/uploads\/2019\/06\/empresas-siemenes.jpg\" \/>\n\t\t<meta property=\"og:image:secure_url\" content=\"https:\/\/www.eldigitaldeasturias.com\/noticias\/wp-content\/uploads\/2019\/06\/empresas-siemenes.jpg\" \/>\n\t\t<meta property=\"og:image:width\" content=\"1003\" \/>\n\t\t<meta property=\"og:image:height\" content=\"672\" \/>\n\t\t<meta property=\"article:tag\" content=\"negocios y empresas\" \/>\n\t\t<meta property=\"article:published_time\" content=\"2019-06-19T05:58:24+00:00\" \/>\n\t\t<meta property=\"article:modified_time\" content=\"2019-06-19T05:58:24+00:00\" \/>\n\t\t<meta property=\"article:publisher\" content=\"https:\/\/facebook.com\/eldigitaldeasturias\" \/>\n\t\t<meta name=\"twitter:card\" content=\"summary_large_image\" \/>\n\t\t<meta name=\"twitter:title\" content=\"Siemens vender\u00e1 a Rolls Royce su divisi\u00f3n de motores el\u00e9ctricos de aviones - El Digital de Asturias\" \/>\n\t\t<meta name=\"twitter:description\" content=\"M\u00fanich, 18 jun (dpa) - Siemens vender\u00e1 antes de fin de a\u00f1o al fabricante brit\u00e1nico Rolls Royce uno de sus proyectos a futuro m\u00e1s conocidos, el desarrollo de motores el\u00e9ctricos para aviones, anunci\u00f3 hoy la empresa alemana. La divisi\u00f3n &quot;eAircraft&quot; logr\u00f3 en los \u00faltimos a\u00f1os varios r\u00e9cords difundidos en los medios y celebrados por el\" \/>\n\t\t<meta name=\"twitter:image\" content=\"https:\/\/www.eldigitaldeasturias.com\/noticias\/wp-content\/uploads\/2019\/06\/empresas-siemenes.jpg\" \/>\n\t\t<meta name=\"twitter:label1\" content=\"Escrito por\" \/>\n\t\t<meta name=\"twitter:data1\" content=\"El Digital de Asturias\" \/>\n\t\t<meta name=\"twitter:label2\" content=\"Tiempo de lectura estimado\" \/>\n\t\t<meta name=\"twitter:data2\" content=\"1 minuto\" \/>\n\t\t<script type=\"application\/ld+json\" class=\"aioseo-schema\">\n\t\t\t{\"@context\":\"https:\\\/\\\/schema.org\",\"@graph\":[{\"@type\":\"BlogPosting\",\"@id\":\"https:\\\/\\\/www.eldigitaldeasturias.com\\\/noticias\\\/siemens-vendera-a-rolls-royce-su-division-de-motores-electricos-de-aviones\\\/#blogposting\",\"name\":\"Siemens vender\\u00e1 a Rolls Royce su divisi\\u00f3n de motores el\\u00e9ctricos de aviones - El Digital de Asturias\",\"headline\":\"Siemens vender\\u00e1 a Rolls Royce su divisi\\u00f3n de motores el\\u00e9ctricos de aviones\",\"author\":{\"@id\":\"https:\\\/\\\/www.eldigitaldeasturias.com\\\/noticias\\\/author\\\/admin\\\/#author\"},\"publisher\":{\"@id\":\"https:\\\/\\\/www.eldigitaldeasturias.com\\\/noticias\\\/#organization\"},\"image\":{\"@type\":\"ImageObject\",\"url\":\"https:\\\/\\\/www.eldigitaldeasturias.com\\\/noticias\\\/wp-content\\\/uploads\\\/2019\\\/06\\\/empresas-siemenes.jpg\",\"width\":1003,\"height\":672},\"datePublished\":\"2019-06-19T05:58:24+02:00\",\"dateModified\":\"2019-06-19T05:58:24+02:00\",\"inLanguage\":\"es-ES\",\"mainEntityOfPage\":{\"@id\":\"https:\\\/\\\/www.eldigitaldeasturias.com\\\/noticias\\\/siemens-vendera-a-rolls-royce-su-division-de-motores-electricos-de-aviones\\\/#webpage\"},\"isPartOf\":{\"@id\":\"https:\\\/\\\/www.eldigitaldeasturias.com\\\/noticias\\\/siemens-vendera-a-rolls-royce-su-division-de-motores-electricos-de-aviones\\\/#webpage\"},\"articleSection\":\"Negocios y Empresas\"},{\"@type\":\"BreadcrumbList\",\"@id\":\"https:\\\/\\\/www.eldigitaldeasturias.com\\\/noticias\\\/siemens-vendera-a-rolls-royce-su-division-de-motores-electricos-de-aviones\\\/#breadcrumblist\",\"itemListElement\":[{\"@type\":\"ListItem\",\"@id\":\"https:\\\/\\\/www.eldigitaldeasturias.com\\\/noticias#listItem\",\"position\":1,\"name\":\"Home\",\"item\":\"https:\\\/\\\/www.eldigitaldeasturias.com\\\/noticias\",\"nextItem\":{\"@type\":\"ListItem\",\"@id\":\"https:\\\/\\\/www.eldigitaldeasturias.com\\\/noticias\\\/category\\\/negocios-y-empresas\\\/#listItem\",\"name\":\"Negocios y Empresas\"}},{\"@type\":\"ListItem\",\"@id\":\"https:\\\/\\\/www.eldigitaldeasturias.com\\\/noticias\\\/category\\\/negocios-y-empresas\\\/#listItem\",\"position\":2,\"name\":\"Negocios y Empresas\",\"item\":\"https:\\\/\\\/www.eldigitaldeasturias.com\\\/noticias\\\/category\\\/negocios-y-empresas\\\/\",\"nextItem\":{\"@type\":\"ListItem\",\"@id\":\"https:\\\/\\\/www.eldigitaldeasturias.com\\\/noticias\\\/siemens-vendera-a-rolls-royce-su-division-de-motores-electricos-de-aviones\\\/#listItem\",\"name\":\"Siemens vender\\u00e1 a Rolls Royce su divisi\\u00f3n de motores el\\u00e9ctricos de aviones\"},\"previousItem\":{\"@type\":\"ListItem\",\"@id\":\"https:\\\/\\\/www.eldigitaldeasturias.com\\\/noticias#listItem\",\"name\":\"Home\"}},{\"@type\":\"ListItem\",\"@id\":\"https:\\\/\\\/www.eldigitaldeasturias.com\\\/noticias\\\/siemens-vendera-a-rolls-royce-su-division-de-motores-electricos-de-aviones\\\/#listItem\",\"position\":3,\"name\":\"Siemens vender\\u00e1 a Rolls Royce su divisi\\u00f3n de motores el\\u00e9ctricos de aviones\",\"previousItem\":{\"@type\":\"ListItem\",\"@id\":\"https:\\\/\\\/www.eldigitaldeasturias.com\\\/noticias\\\/category\\\/negocios-y-empresas\\\/#listItem\",\"name\":\"Negocios y Empresas\"}}]},{\"@type\":\"Organization\",\"@id\":\"https:\\\/\\\/www.eldigitaldeasturias.com\\\/noticias\\\/#organization\",\"name\":\"El Digital de Asturias\",\"description\":\"Hemeroteca\",\"url\":\"https:\\\/\\\/www.eldigitaldeasturias.com\\\/noticias\\\/\",\"email\":\"info@eldigitaldeasturias.com\",\"telephone\":\"+34652131393\",\"logo\":{\"@type\":\"ImageObject\",\"url\":\"https:\\\/\\\/www.eldigitaldeasturias.com\\\/noticias\\\/wp-content\\\/uploads\\\/2020\\\/12\\\/EDA.jpg\",\"@id\":\"https:\\\/\\\/www.eldigitaldeasturias.com\\\/noticias\\\/siemens-vendera-a-rolls-royce-su-division-de-motores-electricos-de-aviones\\\/#organizationLogo\",\"width\":649,\"height\":297},\"image\":{\"@id\":\"https:\\\/\\\/www.eldigitaldeasturias.com\\\/noticias\\\/siemens-vendera-a-rolls-royce-su-division-de-motores-electricos-de-aviones\\\/#organizationLogo\"},\"sameAs\":[\"https:\\\/\\\/facebook.com\\\/eldigitaldeasturias\",\"https:\\\/\\\/www.youtube.com\\\/channel\\\/UCZP-2wLEB9Rv6erhFmqVnvg\"],\"address\":{\"@id\":\"https:\\\/\\\/www.eldigitaldeasturias.com\\\/noticias\\\/#postaladdress\",\"@type\":\"PostalAddress\",\"streetAddress\":\"san antonio 4,\",\"postalCode\":\"33430\",\"addressLocality\":\"Cand\\u00e1s\",\"addressRegion\":\"Asturias\",\"addressCountry\":\"ES\"}},{\"@type\":\"Person\",\"@id\":\"https:\\\/\\\/www.eldigitaldeasturias.com\\\/noticias\\\/author\\\/admin\\\/#author\",\"url\":\"https:\\\/\\\/www.eldigitaldeasturias.com\\\/noticias\\\/author\\\/admin\\\/\",\"name\":\"El Digital de Asturias\",\"image\":{\"@type\":\"ImageObject\",\"@id\":\"https:\\\/\\\/www.eldigitaldeasturias.com\\\/noticias\\\/siemens-vendera-a-rolls-royce-su-division-de-motores-electricos-de-aviones\\\/#authorImage\",\"url\":\"https:\\\/\\\/www.eldigitaldeasturias.com\\\/noticias\\\/wp-content\\\/litespeed\\\/avatar\\\/18677e78aa0546b92d9dbf31ec7d7668.jpg?ver=1777290358\",\"width\":96,\"height\":96,\"caption\":\"El Digital de Asturias\"}},{\"@type\":\"WebPage\",\"@id\":\"https:\\\/\\\/www.eldigitaldeasturias.com\\\/noticias\\\/siemens-vendera-a-rolls-royce-su-division-de-motores-electricos-de-aviones\\\/#webpage\",\"url\":\"https:\\\/\\\/www.eldigitaldeasturias.com\\\/noticias\\\/siemens-vendera-a-rolls-royce-su-division-de-motores-electricos-de-aviones\\\/\",\"name\":\"Siemens vender\\u00e1 a Rolls Royce su divisi\\u00f3n de motores el\\u00e9ctricos de aviones - El Digital de Asturias\",\"description\":\"M\\u00fanich, 18 jun (dpa) - Siemens vender\\u00e1 antes de fin de a\\u00f1o al fabricante brit\\u00e1nico Rolls Royce uno de sus proyectos a futuro m\\u00e1s conocidos, el desarrollo de motores el\\u00e9ctricos para aviones, anunci\\u00f3 hoy la empresa alemana. La divisi\\u00f3n \\\"eAircraft\\\" logr\\u00f3 en los \\u00faltimos a\\u00f1os varios r\\u00e9cords difundidos en los medios y celebrados por el\",\"inLanguage\":\"es-ES\",\"isPartOf\":{\"@id\":\"https:\\\/\\\/www.eldigitaldeasturias.com\\\/noticias\\\/#website\"},\"breadcrumb\":{\"@id\":\"https:\\\/\\\/www.eldigitaldeasturias.com\\\/noticias\\\/siemens-vendera-a-rolls-royce-su-division-de-motores-electricos-de-aviones\\\/#breadcrumblist\"},\"author\":{\"@id\":\"https:\\\/\\\/www.eldigitaldeasturias.com\\\/noticias\\\/author\\\/admin\\\/#author\"},\"creator\":{\"@id\":\"https:\\\/\\\/www.eldigitaldeasturias.com\\\/noticias\\\/author\\\/admin\\\/#author\"},\"image\":{\"@type\":\"ImageObject\",\"url\":\"https:\\\/\\\/www.eldigitaldeasturias.com\\\/noticias\\\/wp-content\\\/uploads\\\/2019\\\/06\\\/empresas-siemenes.jpg\",\"@id\":\"https:\\\/\\\/www.eldigitaldeasturias.com\\\/noticias\\\/siemens-vendera-a-rolls-royce-su-division-de-motores-electricos-de-aviones\\\/#mainImage\",\"width\":1003,\"height\":672},\"primaryImageOfPage\":{\"@id\":\"https:\\\/\\\/www.eldigitaldeasturias.com\\\/noticias\\\/siemens-vendera-a-rolls-royce-su-division-de-motores-electricos-de-aviones\\\/#mainImage\"},\"datePublished\":\"2019-06-19T05:58:24+02:00\",\"dateModified\":\"2019-06-19T05:58:24+02:00\"},{\"@type\":\"WebSite\",\"@id\":\"https:\\\/\\\/www.eldigitaldeasturias.com\\\/noticias\\\/#website\",\"url\":\"https:\\\/\\\/www.eldigitaldeasturias.com\\\/noticias\\\/\",\"name\":\"El Digital de Asturias - Diario de actualidad y noticias\",\"alternateName\":\"El Digital de Asturias - Diario de actualidad y noticias\",\"description\":\"Hemeroteca\",\"inLanguage\":\"es-ES\",\"publisher\":{\"@id\":\"https:\\\/\\\/www.eldigitaldeasturias.com\\\/noticias\\\/#organization\"}}]}\n\t\t<\/script>\n\t\t<!-- All in One SEO Pro -->\r\n\t\t<title>Siemens vender\u00e1 a Rolls Royce su divisi\u00f3n de motores el\u00e9ctricos de aviones - El Digital de Asturias<\/title>\n\n","aioseo_head_json":{"title":"Siemens vender\u00e1 a Rolls Royce su divisi\u00f3n de motores el\u00e9ctricos de aviones - El Digital de Asturias","description":"M\u00fanich, 18 jun (dpa) - Siemens vender\u00e1 antes de fin de a\u00f1o al fabricante brit\u00e1nico Rolls Royce uno de sus proyectos a futuro m\u00e1s conocidos, el desarrollo de motores el\u00e9ctricos para aviones, anunci\u00f3 hoy la empresa alemana. La divisi\u00f3n \"eAircraft\" logr\u00f3 en los \u00faltimos a\u00f1os varios r\u00e9cords difundidos en los medios y celebrados por el","canonical_url":"https:\/\/www.eldigitaldeasturias.com\/noticias\/siemens-vendera-a-rolls-royce-su-division-de-motores-electricos-de-aviones\/","robots":"max-image-preview:large","keywords":"negocios y empresas","webmasterTools":{"google-site-verification":"UA-38556648-1","msvalidate.01":"7dfe9f3f1b24437ab69f4f2559babe99","miscellaneous":""},"schema":{"@context":"https:\/\/schema.org","@graph":[{"@type":"BlogPosting","@id":"https:\/\/www.eldigitaldeasturias.com\/noticias\/siemens-vendera-a-rolls-royce-su-division-de-motores-electricos-de-aviones\/#blogposting","name":"Siemens vender\u00e1 a Rolls Royce su divisi\u00f3n de motores el\u00e9ctricos de aviones - El Digital de Asturias","headline":"Siemens vender\u00e1 a Rolls Royce su divisi\u00f3n de motores el\u00e9ctricos de aviones","author":{"@id":"https:\/\/www.eldigitaldeasturias.com\/noticias\/author\/admin\/#author"},"publisher":{"@id":"https:\/\/www.eldigitaldeasturias.com\/noticias\/#organization"},"image":{"@type":"ImageObject","url":"https:\/\/www.eldigitaldeasturias.com\/noticias\/wp-content\/uploads\/2019\/06\/empresas-siemenes.jpg","width":1003,"height":672},"datePublished":"2019-06-19T05:58:24+02:00","dateModified":"2019-06-19T05:58:24+02:00","inLanguage":"es-ES","mainEntityOfPage":{"@id":"https:\/\/www.eldigitaldeasturias.com\/noticias\/siemens-vendera-a-rolls-royce-su-division-de-motores-electricos-de-aviones\/#webpage"},"isPartOf":{"@id":"https:\/\/www.eldigitaldeasturias.com\/noticias\/siemens-vendera-a-rolls-royce-su-division-de-motores-electricos-de-aviones\/#webpage"},"articleSection":"Negocios y Empresas"},{"@type":"BreadcrumbList","@id":"https:\/\/www.eldigitaldeasturias.com\/noticias\/siemens-vendera-a-rolls-royce-su-division-de-motores-electricos-de-aviones\/#breadcrumblist","itemListElement":[{"@type":"ListItem","@id":"https:\/\/www.eldigitaldeasturias.com\/noticias#listItem","position":1,"name":"Home","item":"https:\/\/www.eldigitaldeasturias.com\/noticias","nextItem":{"@type":"ListItem","@id":"https:\/\/www.eldigitaldeasturias.com\/noticias\/category\/negocios-y-empresas\/#listItem","name":"Negocios y Empresas"}},{"@type":"ListItem","@id":"https:\/\/www.eldigitaldeasturias.com\/noticias\/category\/negocios-y-empresas\/#listItem","position":2,"name":"Negocios y Empresas","item":"https:\/\/www.eldigitaldeasturias.com\/noticias\/category\/negocios-y-empresas\/","nextItem":{"@type":"ListItem","@id":"https:\/\/www.eldigitaldeasturias.com\/noticias\/siemens-vendera-a-rolls-royce-su-division-de-motores-electricos-de-aviones\/#listItem","name":"Siemens vender\u00e1 a Rolls Royce su divisi\u00f3n de motores el\u00e9ctricos de aviones"},"previousItem":{"@type":"ListItem","@id":"https:\/\/www.eldigitaldeasturias.com\/noticias#listItem","name":"Home"}},{"@type":"ListItem","@id":"https:\/\/www.eldigitaldeasturias.com\/noticias\/siemens-vendera-a-rolls-royce-su-division-de-motores-electricos-de-aviones\/#listItem","position":3,"name":"Siemens vender\u00e1 a Rolls Royce su divisi\u00f3n de motores el\u00e9ctricos de aviones","previousItem":{"@type":"ListItem","@id":"https:\/\/www.eldigitaldeasturias.com\/noticias\/category\/negocios-y-empresas\/#listItem","name":"Negocios y Empresas"}}]},{"@type":"Organization","@id":"https:\/\/www.eldigitaldeasturias.com\/noticias\/#organization","name":"El Digital de Asturias","description":"Hemeroteca","url":"https:\/\/www.eldigitaldeasturias.com\/noticias\/","email":"info@eldigitaldeasturias.com","telephone":"+34652131393","logo":{"@type":"ImageObject","url":"https:\/\/www.eldigitaldeasturias.com\/noticias\/wp-content\/uploads\/2020\/12\/EDA.jpg","@id":"https:\/\/www.eldigitaldeasturias.com\/noticias\/siemens-vendera-a-rolls-royce-su-division-de-motores-electricos-de-aviones\/#organizationLogo","width":649,"height":297},"image":{"@id":"https:\/\/www.eldigitaldeasturias.com\/noticias\/siemens-vendera-a-rolls-royce-su-division-de-motores-electricos-de-aviones\/#organizationLogo"},"sameAs":["https:\/\/facebook.com\/eldigitaldeasturias","https:\/\/www.youtube.com\/channel\/UCZP-2wLEB9Rv6erhFmqVnvg"],"address":{"@id":"https:\/\/www.eldigitaldeasturias.com\/noticias\/#postaladdress","@type":"PostalAddress","streetAddress":"san antonio 4,","postalCode":"33430","addressLocality":"Cand\u00e1s","addressRegion":"Asturias","addressCountry":"ES"}},{"@type":"Person","@id":"https:\/\/www.eldigitaldeasturias.com\/noticias\/author\/admin\/#author","url":"https:\/\/www.eldigitaldeasturias.com\/noticias\/author\/admin\/","name":"El Digital de Asturias","image":{"@type":"ImageObject","@id":"https:\/\/www.eldigitaldeasturias.com\/noticias\/siemens-vendera-a-rolls-royce-su-division-de-motores-electricos-de-aviones\/#authorImage","url":"https:\/\/www.eldigitaldeasturias.com\/noticias\/wp-content\/litespeed\/avatar\/18677e78aa0546b92d9dbf31ec7d7668.jpg?ver=1777290358","width":96,"height":96,"caption":"El Digital de Asturias"}},{"@type":"WebPage","@id":"https:\/\/www.eldigitaldeasturias.com\/noticias\/siemens-vendera-a-rolls-royce-su-division-de-motores-electricos-de-aviones\/#webpage","url":"https:\/\/www.eldigitaldeasturias.com\/noticias\/siemens-vendera-a-rolls-royce-su-division-de-motores-electricos-de-aviones\/","name":"Siemens vender\u00e1 a Rolls Royce su divisi\u00f3n de motores el\u00e9ctricos de aviones - El Digital de Asturias","description":"M\u00fanich, 18 jun (dpa) - Siemens vender\u00e1 antes de fin de a\u00f1o al fabricante brit\u00e1nico Rolls Royce uno de sus proyectos a futuro m\u00e1s conocidos, el desarrollo de motores el\u00e9ctricos para aviones, anunci\u00f3 hoy la empresa alemana. La divisi\u00f3n \"eAircraft\" logr\u00f3 en los \u00faltimos a\u00f1os varios r\u00e9cords difundidos en los medios y celebrados por el","inLanguage":"es-ES","isPartOf":{"@id":"https:\/\/www.eldigitaldeasturias.com\/noticias\/#website"},"breadcrumb":{"@id":"https:\/\/www.eldigitaldeasturias.com\/noticias\/siemens-vendera-a-rolls-royce-su-division-de-motores-electricos-de-aviones\/#breadcrumblist"},"author":{"@id":"https:\/\/www.eldigitaldeasturias.com\/noticias\/author\/admin\/#author"},"creator":{"@id":"https:\/\/www.eldigitaldeasturias.com\/noticias\/author\/admin\/#author"},"image":{"@type":"ImageObject","url":"https:\/\/www.eldigitaldeasturias.com\/noticias\/wp-content\/uploads\/2019\/06\/empresas-siemenes.jpg","@id":"https:\/\/www.eldigitaldeasturias.com\/noticias\/siemens-vendera-a-rolls-royce-su-division-de-motores-electricos-de-aviones\/#mainImage","width":1003,"height":672},"primaryImageOfPage":{"@id":"https:\/\/www.eldigitaldeasturias.com\/noticias\/siemens-vendera-a-rolls-royce-su-division-de-motores-electricos-de-aviones\/#mainImage"},"datePublished":"2019-06-19T05:58:24+02:00","dateModified":"2019-06-19T05:58:24+02:00"},{"@type":"WebSite","@id":"https:\/\/www.eldigitaldeasturias.com\/noticias\/#website","url":"https:\/\/www.eldigitaldeasturias.com\/noticias\/","name":"El Digital de Asturias - Diario de actualidad y noticias","alternateName":"El Digital de Asturias - Diario de actualidad y noticias","description":"Hemeroteca","inLanguage":"es-ES","publisher":{"@id":"https:\/\/www.eldigitaldeasturias.com\/noticias\/#organization"}}]},"og:locale":"es_ES","og:site_name":"El Digital de Asturias","og:type":"article","og:title":"Siemens vender\u00e1 a Rolls Royce su divisi\u00f3n de motores el\u00e9ctricos de aviones - El Digital de Asturias","og:description":"M\u00fanich, 18 jun (dpa) - Siemens vender\u00e1 antes de fin de a\u00f1o al fabricante brit\u00e1nico Rolls Royce uno de sus proyectos a futuro m\u00e1s conocidos, el desarrollo de motores el\u00e9ctricos para aviones, anunci\u00f3 hoy la empresa alemana. La divisi\u00f3n &quot;eAircraft&quot; logr\u00f3 en los \u00faltimos a\u00f1os varios r\u00e9cords difundidos en los medios y celebrados por el","og:url":"https:\/\/www.eldigitaldeasturias.com\/noticias\/siemens-vendera-a-rolls-royce-su-division-de-motores-electricos-de-aviones\/","og:image":"https:\/\/www.eldigitaldeasturias.com\/noticias\/wp-content\/uploads\/2019\/06\/empresas-siemenes.jpg","og:image:secure_url":"https:\/\/www.eldigitaldeasturias.com\/noticias\/wp-content\/uploads\/2019\/06\/empresas-siemenes.jpg","og:image:width":1003,"og:image:height":672,"article:tag":["negocios y empresas"],"article:published_time":"2019-06-19T05:58:24+00:00","article:modified_time":"2019-06-19T05:58:24+00:00","article:publisher":"https:\/\/facebook.com\/eldigitaldeasturias","twitter:card":"summary_large_image","twitter:title":"Siemens vender\u00e1 a Rolls Royce su divisi\u00f3n de motores el\u00e9ctricos de aviones - El Digital de Asturias","twitter:description":"M\u00fanich, 18 jun (dpa) - Siemens vender\u00e1 antes de fin de a\u00f1o al fabricante brit\u00e1nico Rolls Royce uno de sus proyectos a futuro m\u00e1s conocidos, el desarrollo de motores el\u00e9ctricos para aviones, anunci\u00f3 hoy la empresa alemana. La divisi\u00f3n &quot;eAircraft&quot; logr\u00f3 en los \u00faltimos a\u00f1os varios r\u00e9cords difundidos en los medios y celebrados por el","twitter:image":"https:\/\/www.eldigitaldeasturias.com\/noticias\/wp-content\/uploads\/2019\/06\/empresas-siemenes.jpg","twitter:label1":"Escrito por","twitter:data1":"El Digital de Asturias","twitter:label2":"Tiempo de lectura estimado","twitter:data2":"1 minuto"},"aioseo_meta_data":{"post_id":"1031503","title":null,"description":null,"keywords":null,"keyphrases":null,"primary_term":null,"canonical_url":null,"og_title":null,"og_description":null,"og_object_type":"default","og_image_type":"default","og_image_url":null,"og_image_width":null,"og_image_height":null,"og_image_custom_url":null,"og_image_custom_fields":null,"og_video":null,"og_custom_url":null,"og_article_section":null,"og_article_tags":null,"twitter_use_og":false,"twitter_card":"default","twitter_image_type":"default","twitter_image_url":null,"twitter_image_custom_url":null,"twitter_image_custom_fields":null,"twitter_title":null,"twitter_description":null,"schema":{"blockGraphs":[],"customGraphs":[],"default":{"data":{"Article":[],"Course":[],"Dataset":[],"FAQPage":[],"Movie":[],"Person":[],"Product":[],"ProductReview":[],"Car":[],"Recipe":[],"Service":[],"SoftwareApplication":[],"WebPage":[]},"graphName":"","isEnabled":true},"graphs":[],"defaultGraph":"","defaultPostTypeGraph":""},"schema_type":null,"schema_type_options":null,"pillar_content":false,"robots_default":true,"robots_noindex":false,"robots_noarchive":false,"robots_nosnippet":false,"robots_nofollow":false,"robots_noimageindex":false,"robots_noodp":false,"robots_notranslate":false,"robots_max_snippet":null,"robots_max_videopreview":null,"robots_max_imagepreview":"large","priority":null,"frequency":null,"local_seo":null,"seo_analyzer_scan_date":"2025-10-18 19:03:07","breadcrumb_settings":null,"limit_modified_date":false,"open_ai":null,"ai":null,"created":"2020-12-21 11:10:14","updated":"2025-10-18 19:03:07"},"aioseo_breadcrumb":"<div class=\"aioseo-breadcrumbs\"><span class=\"aioseo-breadcrumb\">\n\t<a href=\"https:\/\/www.eldigitaldeasturias.com\/noticias\" title=\"Home\">Home<\/a>\n<\/span><span class=\"aioseo-breadcrumb-separator\">\u2013<\/span><span class=\"aioseo-breadcrumb\">\n\t<a href=\"https:\/\/www.eldigitaldeasturias.com\/noticias\/category\/negocios-y-empresas\/\" title=\"Negocios y Empresas\">Negocios y Empresas<\/a>\n<\/span><span class=\"aioseo-breadcrumb-separator\">\u2013<\/span><span class=\"aioseo-breadcrumb\">\n\t<a href=\"https:\/\/www.eldigitaldeasturias.com\/noticias\/siemens-vendera-a-rolls-royce-su-division-de-motores-electricos-de-aviones\/\" title=\"Siemens vender\u00e1 a Rolls Royce su divisi\u00f3n de motores el\u00e9ctricos de aviones\">Siemens vender\u00e1 a Rolls Royce su divisi\u00f3n de motores el\u00e9ctricos de aviones<\/a>\n<\/span><\/div>","aioseo_breadcrumb_json":[{"label":"Home","link":"https:\/\/www.eldigitaldeasturias.com\/noticias"},{"label":"Negocios y Empresas","link":"https:\/\/www.eldigitaldeasturias.com\/noticias\/category\/negocios-y-empresas\/"},{"label":"Siemens vender\u00e1 a Rolls Royce su divisi\u00f3n de motores el\u00e9ctricos de aviones","link":"https:\/\/www.eldigitaldeasturias.com\/noticias\/siemens-vendera-a-rolls-royce-su-division-de-motores-electricos-de-aviones\/"}],"_links":{"self":[{"href":"https:\/\/www.eldigitaldeasturias.com\/noticias\/wp-json\/wp\/v2\/posts\/1031503","targetHints":{"allow":["GET"]}}],"collection":[{"href":"https:\/\/www.eldigitaldeasturias.com\/noticias\/wp-json\/wp\/v2\/posts"}],"about":[{"href":"https:\/\/www.eldigitaldeasturias.com\/noticias\/wp-json\/wp\/v2\/types\/post"}],"author":[{"embeddable":true,"href":"https:\/\/www.eldigitaldeasturias.com\/noticias\/wp-json\/wp\/v2\/users\/1"}],"replies":[{"embeddable":true,"href":"https:\/\/www.eldigitaldeasturias.com\/noticias\/wp-json\/wp\/v2\/comments?post=1031503"}],"version-history":[{"count":0,"href":"https:\/\/www.eldigitaldeasturias.com\/noticias\/wp-json\/wp\/v2\/posts\/1031503\/revisions"}],"wp:featuredmedia":[{"embeddable":true,"href":"https:\/\/www.eldigitaldeasturias.com\/noticias\/wp-json\/wp\/v2\/media\/1031504"}],"wp:attachment":[{"href":"https:\/\/www.eldigitaldeasturias.com\/noticias\/wp-json\/wp\/v2\/media?parent=1031503"}],"wp:term":[{"taxonomy":"category","embeddable":true,"href":"https:\/\/www.eldigitaldeasturias.com\/noticias\/wp-json\/wp\/v2\/categories?post=1031503"},{"taxonomy":"post_tag","embeddable":true,"href":"https:\/\/www.eldigitaldeasturias.com\/noticias\/wp-json\/wp\/v2\/tags?post=1031503"}],"curies":[{"name":"wp","href":"https:\/\/api.w.org\/{rel}","templated":true}]}}