{"id":1031492,"date":"2019-06-19T05:38:13","date_gmt":"2019-06-19T05:38:13","guid":{"rendered":"https:\/\/www.eldigitaldeasturias.com\/noticias\/?p=1031492"},"modified":"2019-06-19T05:38:13","modified_gmt":"2019-06-19T05:38:13","slug":"rodrygo-goes-feliz-de-llegar-a-el-real-madrid","status":"publish","type":"post","link":"https:\/\/www.eldigitaldeasturias.com\/noticias\/rodrygo-goes-feliz-de-llegar-a-el-real-madrid\/","title":{"rendered":"Rodrygo Goes feliz de llegar a el Real Madrid"},"content":{"rendered":"<p><img loading=\"lazy\" decoding=\"async\" class=\"alignleft size-medium wp-image-1031493\" src=\"https:\/\/www.eldigitaldeasturias.com\/noticias\/wp-content\/uploads\/2019\/06\/Rodrygo-Goes-360x237.jpg\" alt=\"\" width=\"360\" height=\"237\" srcset=\"https:\/\/www.eldigitaldeasturias.com\/noticias\/wp-content\/uploads\/2019\/06\/Rodrygo-Goes-360x237.jpg 360w, https:\/\/www.eldigitaldeasturias.com\/noticias\/wp-content\/uploads\/2019\/06\/Rodrygo-Goes-768x505.jpg 768w, https:\/\/www.eldigitaldeasturias.com\/noticias\/wp-content\/uploads\/2019\/06\/Rodrygo-Goes-650x427.jpg 650w, https:\/\/www.eldigitaldeasturias.com\/noticias\/wp-content\/uploads\/2019\/06\/Rodrygo-Goes.jpg 1010w\" sizes=\"auto, (max-width: 360px) 100vw, 360px\" \/>MADRID, 18 Jun. 2019 (Europa Press) &#8211;\u00a0El delantero brasile\u00f1o Rodrygo Goes se mostr\u00f3 este martes ilusionado en su puesta de largo como futbolista del Real Madrid, al que llega con el deseo de \u00abdar muchas alegr\u00edas\u00bb y dispuesto a tener \u00abpaciencia\u00bb y a estar \u00aba disposici\u00f3n\u00bb de lo que llega el club, aconsejado por la experiencia vivida por su compatriota Vinicius.<\/p>\n<p>\u00abQuiero dar las gracias a Dios por todo lo que ha hecho por m\u00ed y por mi familia, al presidente (Florentino P\u00e9rez) por la confianza y a los aficionados por todo el cari\u00f1o. Espero dar muchas alegr\u00edas\u00bb, se\u00f1al\u00f3 Rodrygo en su presentaci\u00f3n en el Palco de Honor del Santiago Bernab\u00e9u.<\/p>\n<p>Posteriormente, tras saltar al c\u00e9sped con la camiseta madridista y presentarse ante el p\u00fablico congregado, el extremo confes\u00f3 que su llegada al 13 veces campe\u00f3n de Europa era \u00abla realizacion del sue\u00f1o de cualquier ni\u00f1o\u00bb y el d\u00eda \u00abm\u00e1s feliz\u00bb de su vida.<\/p>\n<p>El joven futbolista, que apunt\u00f3 que ha mantenido contacto con Vinicius Jr \u00abdesde el momento\u00bb de su fichaje, no se mostr\u00f3 preocupado por la cantidad de estrellas del Real Madrid en su parte ofensiva y que tenga que buscarse minutos en el filial. \u00abEl Real Madrid siempre tiene a los mejores del mundo. Aqu\u00ed siempre hay mucha competencia, estoy a disposici\u00f3n del club para jugar en el primer equipo o en el Castilla\u00bb, a\u00f1adi\u00f3.<\/p>\n<p>\u00abEstoy preparado, para llegar hasta aqu\u00ed hay que estarlo y me estuve preparando todo este tiempo jugando en el Santos. Ahora, debo tener paciencia porque es mi primera temporada en Europa y s\u00e9 que puede haber momentos dif\u00edciles, pero creo va a haber muchas alegr\u00edas y debo estar preparado\u00bb, subray\u00f3 Rodrygo, que no ve el f\u00fatbol europeo \u00abtan distinto del brasile\u00f1o\u00bb. \u00abHay un nivel m\u00e1s alto, pero creo que lo tengo todo para jugar bien en esta Liga\u00bb, confi\u00f3.<\/p>\n<p>El brasile\u00f1o tambi\u00e9n sabe que la \u00abpresi\u00f3n es aqu\u00ed mucho mayor\u00bb. \u00abVinicius me ha contado su experiencia y llego en el mismo momento que \u00e9l. Me ha dicho que hay que tener paciencia, soy muy joven y tengo un futuro enorme, las cosas van a salir de forma natural\u00bb, expres\u00f3, pidiendo \u00abno hacer comparaciones\u00bb con su compatriota porque s\u00f3lo son \u00abdos j\u00f3venes con las mismas caracter\u00edsticas y en el mejor club del mundo\u00bb.<\/p>\n<p>A la hora de autodefinirse, se ve como \u00abun delantero r\u00e1pido\u00bb al que le gusta hacer \u00abmuchos goles y regates\u00bb. \u00abMe gusta jugar por las bandas, por el lado izquierdo, pero no tengo preferencia, estoy listo para jugar\u00bb, admiti\u00f3, descartando que su facilidad goleadora sea \u00abuna presi\u00f3n\u00bb para jugar en el Real Madrid.<\/p>\n<p>\u00abMe identifico un poco con Robinho o Neymar\u00bb, puntualiz\u00f3, sin entrar a valorar si le gustar\u00eda el fichaje del delantero del PSG. \u00abEs un gran jugador, pero est\u00e1 en otro equipo, a m\u00ed me gustar\u00eda ser el Rodrygo del Real Madrid\u00bb, zanj\u00f3 el delantero, que tambi\u00e9n tiene como \u00ab\u00eddolos\u00bb a otros compatriotas a los que vio \u00abjugar poco\u00bb como Ronaldo o Roberto Carlos, y al que le hace ilusi\u00f3n entrenar \u00abcon todos\u00bb sus nuevos compa\u00f1eros, quiz\u00e1 m\u00e1s con \u00abHazard o Benzema\u00bb.<\/p>\n<p>Sobre su salida de Brasil muy joven, como otros talentos del pa\u00eds, reconoci\u00f3 que \u00abes dif\u00edcil competir con el f\u00fatbol europeo, no solo por el dinero sino porque los sue\u00f1os de todo el mundo es jugar aqu\u00ed por la organizaci\u00f3n que hay\u00bb. \u00abEstoy impresionado por todo lo que han hecho cuando he llegado\u00bb, indic\u00f3.<\/p>\n<p>\u00abTodos los que me conocen saben que de ni\u00f1o siempre he sido del Real Madrid y que jugar\u00eda en el Real Madrid. Cuando vino la oferta no tuve ninguna duda, le prefer\u00eda en todo momento\u00bb, sentenci\u00f3 Rodrygo, que todav\u00eda no ha \u00abhablado\u00bb con Zin\u00e9dine Zidane. \u00abEstoy deseando que me entrene\u00bb, asegur\u00f3.<\/p>\n<p><em>Foto: Irina R.H. &#8211; Europa Press<\/em><\/p>\n<p>&nbsp;<\/p>\n","protected":false},"excerpt":{"rendered":"<p>MADRID, 18 Jun. 2019 (Europa Press) &#8211;\u00a0El delantero brasile\u00f1o Rodrygo Goes se mostr\u00f3 este martes ilusionado en su puesta de largo como futbolista del Real Madrid, al que llega con el deseo de \u00abdar muchas alegr\u00edas\u00bb y dispuesto a tener \u00abpaciencia\u00bb y a estar \u00aba disposici\u00f3n\u00bb de lo que llega el club, aconsejado por la [&hellip;]<\/p>\n","protected":false},"author":1,"featured_media":1031493,"comment_status":"open","ping_status":"closed","sticky":false,"template":"","format":"standard","meta":{"footnotes":""},"categories":[190],"tags":[],"class_list":["post-1031492","post","type-post","status-publish","format-standard","has-post-thumbnail","hentry","category-deportes"],"aioseo_notices":[],"aioseo_head":"\n\t\t<!-- All in One SEO Pro 4.9.6.2 - aioseo.com -->\n\t<meta name=\"description\" content=\"MADRID, 18 Jun. 2019 (Europa Press) - El delantero brasile\u00f1o Rodrygo Goes se mostr\u00f3 este martes ilusionado en su puesta de largo como futbolista del Real Madrid, al que llega con el deseo de &quot;dar muchas alegr\u00edas&quot; y dispuesto a tener &quot;paciencia&quot; y a estar &quot;a disposici\u00f3n&quot; de lo que llega el club, aconsejado por la\" \/>\n\t<meta name=\"robots\" content=\"max-image-preview:large\" \/>\n\t<meta name=\"author\" content=\"El Digital de Asturias\"\/>\n\t<meta name=\"google-site-verification\" content=\"UA-38556648-1\" \/>\n\t<meta name=\"msvalidate.01\" content=\"7dfe9f3f1b24437ab69f4f2559babe99\" \/>\n\t<meta name=\"keywords\" content=\"deportes\" \/>\n\t<link rel=\"canonical\" href=\"https:\/\/www.eldigitaldeasturias.com\/noticias\/rodrygo-goes-feliz-de-llegar-a-el-real-madrid\/\" \/>\n\t<meta name=\"generator\" content=\"All in One SEO Pro (AIOSEO) 4.9.6.2\" \/>\n\t\t<meta property=\"og:locale\" content=\"es_ES\" \/>\n\t\t<meta property=\"og:site_name\" content=\"El Digital de Asturias\" \/>\n\t\t<meta property=\"og:type\" content=\"article\" \/>\n\t\t<meta property=\"og:title\" content=\"Rodrygo Goes feliz de llegar a el Real Madrid - El Digital de Asturias\" \/>\n\t\t<meta property=\"og:description\" content=\"MADRID, 18 Jun. 2019 (Europa Press) - El delantero brasile\u00f1o Rodrygo Goes se mostr\u00f3 este martes ilusionado en su puesta de largo como futbolista del Real Madrid, al que llega con el deseo de &quot;dar muchas alegr\u00edas&quot; y dispuesto a tener &quot;paciencia&quot; y a estar &quot;a disposici\u00f3n&quot; de lo que llega el club, aconsejado por la\" \/>\n\t\t<meta property=\"og:url\" content=\"https:\/\/www.eldigitaldeasturias.com\/noticias\/rodrygo-goes-feliz-de-llegar-a-el-real-madrid\/\" \/>\n\t\t<meta property=\"og:image\" content=\"https:\/\/www.eldigitaldeasturias.com\/noticias\/wp-content\/uploads\/2019\/06\/Rodrygo-Goes.jpg\" \/>\n\t\t<meta property=\"og:image:secure_url\" content=\"https:\/\/www.eldigitaldeasturias.com\/noticias\/wp-content\/uploads\/2019\/06\/Rodrygo-Goes.jpg\" \/>\n\t\t<meta property=\"og:image:width\" content=\"1010\" \/>\n\t\t<meta property=\"og:image:height\" content=\"664\" \/>\n\t\t<meta property=\"article:tag\" content=\"deportes\" \/>\n\t\t<meta property=\"article:published_time\" content=\"2019-06-19T05:38:13+00:00\" \/>\n\t\t<meta property=\"article:modified_time\" content=\"2019-06-19T05:38:13+00:00\" \/>\n\t\t<meta property=\"article:publisher\" content=\"https:\/\/facebook.com\/eldigitaldeasturias\" \/>\n\t\t<meta name=\"twitter:card\" content=\"summary_large_image\" \/>\n\t\t<meta name=\"twitter:title\" content=\"Rodrygo Goes feliz de llegar a el Real Madrid - El Digital de Asturias\" \/>\n\t\t<meta name=\"twitter:description\" content=\"MADRID, 18 Jun. 2019 (Europa Press) - El delantero brasile\u00f1o Rodrygo Goes se mostr\u00f3 este martes ilusionado en su puesta de largo como futbolista del Real Madrid, al que llega con el deseo de &quot;dar muchas alegr\u00edas&quot; y dispuesto a tener &quot;paciencia&quot; y a estar &quot;a disposici\u00f3n&quot; de lo que llega el club, aconsejado por la\" \/>\n\t\t<meta name=\"twitter:image\" content=\"https:\/\/www.eldigitaldeasturias.com\/noticias\/wp-content\/uploads\/2019\/06\/Rodrygo-Goes.jpg\" \/>\n\t\t<meta name=\"twitter:label1\" content=\"Escrito por\" \/>\n\t\t<meta name=\"twitter:data1\" content=\"El Digital de Asturias\" \/>\n\t\t<meta name=\"twitter:label2\" content=\"Tiempo de lectura estimado\" \/>\n\t\t<meta name=\"twitter:data2\" content=\"3 minutos\" \/>\n\t\t<script type=\"application\/ld+json\" class=\"aioseo-schema\">\n\t\t\t{\"@context\":\"https:\\\/\\\/schema.org\",\"@graph\":[{\"@type\":\"BlogPosting\",\"@id\":\"https:\\\/\\\/www.eldigitaldeasturias.com\\\/noticias\\\/rodrygo-goes-feliz-de-llegar-a-el-real-madrid\\\/#blogposting\",\"name\":\"Rodrygo Goes feliz de llegar a el Real Madrid - El Digital de Asturias\",\"headline\":\"Rodrygo Goes feliz de llegar a el Real Madrid\",\"author\":{\"@id\":\"https:\\\/\\\/www.eldigitaldeasturias.com\\\/noticias\\\/author\\\/admin\\\/#author\"},\"publisher\":{\"@id\":\"https:\\\/\\\/www.eldigitaldeasturias.com\\\/noticias\\\/#organization\"},\"image\":{\"@type\":\"ImageObject\",\"url\":\"https:\\\/\\\/www.eldigitaldeasturias.com\\\/noticias\\\/wp-content\\\/uploads\\\/2019\\\/06\\\/Rodrygo-Goes.jpg\",\"width\":1010,\"height\":664},\"datePublished\":\"2019-06-19T05:38:13+02:00\",\"dateModified\":\"2019-06-19T05:38:13+02:00\",\"inLanguage\":\"es-ES\",\"mainEntityOfPage\":{\"@id\":\"https:\\\/\\\/www.eldigitaldeasturias.com\\\/noticias\\\/rodrygo-goes-feliz-de-llegar-a-el-real-madrid\\\/#webpage\"},\"isPartOf\":{\"@id\":\"https:\\\/\\\/www.eldigitaldeasturias.com\\\/noticias\\\/rodrygo-goes-feliz-de-llegar-a-el-real-madrid\\\/#webpage\"},\"articleSection\":\"Deportes\"},{\"@type\":\"BreadcrumbList\",\"@id\":\"https:\\\/\\\/www.eldigitaldeasturias.com\\\/noticias\\\/rodrygo-goes-feliz-de-llegar-a-el-real-madrid\\\/#breadcrumblist\",\"itemListElement\":[{\"@type\":\"ListItem\",\"@id\":\"https:\\\/\\\/www.eldigitaldeasturias.com\\\/noticias#listItem\",\"position\":1,\"name\":\"Home\",\"item\":\"https:\\\/\\\/www.eldigitaldeasturias.com\\\/noticias\",\"nextItem\":{\"@type\":\"ListItem\",\"@id\":\"https:\\\/\\\/www.eldigitaldeasturias.com\\\/noticias\\\/category\\\/deportes\\\/#listItem\",\"name\":\"Deportes\"}},{\"@type\":\"ListItem\",\"@id\":\"https:\\\/\\\/www.eldigitaldeasturias.com\\\/noticias\\\/category\\\/deportes\\\/#listItem\",\"position\":2,\"name\":\"Deportes\",\"item\":\"https:\\\/\\\/www.eldigitaldeasturias.com\\\/noticias\\\/category\\\/deportes\\\/\",\"nextItem\":{\"@type\":\"ListItem\",\"@id\":\"https:\\\/\\\/www.eldigitaldeasturias.com\\\/noticias\\\/rodrygo-goes-feliz-de-llegar-a-el-real-madrid\\\/#listItem\",\"name\":\"Rodrygo Goes feliz de llegar a el Real Madrid\"},\"previousItem\":{\"@type\":\"ListItem\",\"@id\":\"https:\\\/\\\/www.eldigitaldeasturias.com\\\/noticias#listItem\",\"name\":\"Home\"}},{\"@type\":\"ListItem\",\"@id\":\"https:\\\/\\\/www.eldigitaldeasturias.com\\\/noticias\\\/rodrygo-goes-feliz-de-llegar-a-el-real-madrid\\\/#listItem\",\"position\":3,\"name\":\"Rodrygo Goes feliz de llegar a el Real Madrid\",\"previousItem\":{\"@type\":\"ListItem\",\"@id\":\"https:\\\/\\\/www.eldigitaldeasturias.com\\\/noticias\\\/category\\\/deportes\\\/#listItem\",\"name\":\"Deportes\"}}]},{\"@type\":\"Organization\",\"@id\":\"https:\\\/\\\/www.eldigitaldeasturias.com\\\/noticias\\\/#organization\",\"name\":\"El Digital de Asturias\",\"description\":\"Hemeroteca\",\"url\":\"https:\\\/\\\/www.eldigitaldeasturias.com\\\/noticias\\\/\",\"email\":\"info@eldigitaldeasturias.com\",\"telephone\":\"+34652131393\",\"logo\":{\"@type\":\"ImageObject\",\"url\":\"https:\\\/\\\/www.eldigitaldeasturias.com\\\/noticias\\\/wp-content\\\/uploads\\\/2020\\\/12\\\/EDA.jpg\",\"@id\":\"https:\\\/\\\/www.eldigitaldeasturias.com\\\/noticias\\\/rodrygo-goes-feliz-de-llegar-a-el-real-madrid\\\/#organizationLogo\",\"width\":649,\"height\":297},\"image\":{\"@id\":\"https:\\\/\\\/www.eldigitaldeasturias.com\\\/noticias\\\/rodrygo-goes-feliz-de-llegar-a-el-real-madrid\\\/#organizationLogo\"},\"sameAs\":[\"https:\\\/\\\/facebook.com\\\/eldigitaldeasturias\",\"https:\\\/\\\/www.youtube.com\\\/channel\\\/UCZP-2wLEB9Rv6erhFmqVnvg\"],\"address\":{\"@id\":\"https:\\\/\\\/www.eldigitaldeasturias.com\\\/noticias\\\/#postaladdress\",\"@type\":\"PostalAddress\",\"streetAddress\":\"san antonio 4,\",\"postalCode\":\"33430\",\"addressLocality\":\"Cand\\u00e1s\",\"addressRegion\":\"Asturias\",\"addressCountry\":\"ES\"}},{\"@type\":\"Person\",\"@id\":\"https:\\\/\\\/www.eldigitaldeasturias.com\\\/noticias\\\/author\\\/admin\\\/#author\",\"url\":\"https:\\\/\\\/www.eldigitaldeasturias.com\\\/noticias\\\/author\\\/admin\\\/\",\"name\":\"El Digital de Asturias\",\"image\":{\"@type\":\"ImageObject\",\"@id\":\"https:\\\/\\\/www.eldigitaldeasturias.com\\\/noticias\\\/rodrygo-goes-feliz-de-llegar-a-el-real-madrid\\\/#authorImage\",\"url\":\"https:\\\/\\\/www.eldigitaldeasturias.com\\\/noticias\\\/wp-content\\\/litespeed\\\/avatar\\\/18677e78aa0546b92d9dbf31ec7d7668.jpg?ver=1777290358\",\"width\":96,\"height\":96,\"caption\":\"El Digital de Asturias\"}},{\"@type\":\"WebPage\",\"@id\":\"https:\\\/\\\/www.eldigitaldeasturias.com\\\/noticias\\\/rodrygo-goes-feliz-de-llegar-a-el-real-madrid\\\/#webpage\",\"url\":\"https:\\\/\\\/www.eldigitaldeasturias.com\\\/noticias\\\/rodrygo-goes-feliz-de-llegar-a-el-real-madrid\\\/\",\"name\":\"Rodrygo Goes feliz de llegar a el Real Madrid - El Digital de Asturias\",\"description\":\"MADRID, 18 Jun. 2019 (Europa Press) - El delantero brasile\\u00f1o Rodrygo Goes se mostr\\u00f3 este martes ilusionado en su puesta de largo como futbolista del Real Madrid, al que llega con el deseo de \\\"dar muchas alegr\\u00edas\\\" y dispuesto a tener \\\"paciencia\\\" y a estar \\\"a disposici\\u00f3n\\\" de lo que llega el club, aconsejado por la\",\"inLanguage\":\"es-ES\",\"isPartOf\":{\"@id\":\"https:\\\/\\\/www.eldigitaldeasturias.com\\\/noticias\\\/#website\"},\"breadcrumb\":{\"@id\":\"https:\\\/\\\/www.eldigitaldeasturias.com\\\/noticias\\\/rodrygo-goes-feliz-de-llegar-a-el-real-madrid\\\/#breadcrumblist\"},\"author\":{\"@id\":\"https:\\\/\\\/www.eldigitaldeasturias.com\\\/noticias\\\/author\\\/admin\\\/#author\"},\"creator\":{\"@id\":\"https:\\\/\\\/www.eldigitaldeasturias.com\\\/noticias\\\/author\\\/admin\\\/#author\"},\"image\":{\"@type\":\"ImageObject\",\"url\":\"https:\\\/\\\/www.eldigitaldeasturias.com\\\/noticias\\\/wp-content\\\/uploads\\\/2019\\\/06\\\/Rodrygo-Goes.jpg\",\"@id\":\"https:\\\/\\\/www.eldigitaldeasturias.com\\\/noticias\\\/rodrygo-goes-feliz-de-llegar-a-el-real-madrid\\\/#mainImage\",\"width\":1010,\"height\":664},\"primaryImageOfPage\":{\"@id\":\"https:\\\/\\\/www.eldigitaldeasturias.com\\\/noticias\\\/rodrygo-goes-feliz-de-llegar-a-el-real-madrid\\\/#mainImage\"},\"datePublished\":\"2019-06-19T05:38:13+02:00\",\"dateModified\":\"2019-06-19T05:38:13+02:00\"},{\"@type\":\"WebSite\",\"@id\":\"https:\\\/\\\/www.eldigitaldeasturias.com\\\/noticias\\\/#website\",\"url\":\"https:\\\/\\\/www.eldigitaldeasturias.com\\\/noticias\\\/\",\"name\":\"El Digital de Asturias - Diario de actualidad y noticias\",\"alternateName\":\"El Digital de Asturias - Diario de actualidad y noticias\",\"description\":\"Hemeroteca\",\"inLanguage\":\"es-ES\",\"publisher\":{\"@id\":\"https:\\\/\\\/www.eldigitaldeasturias.com\\\/noticias\\\/#organization\"}}]}\n\t\t<\/script>\n\t\t<!-- All in One SEO Pro -->\r\n\t\t<title>Rodrygo Goes feliz de llegar a el Real Madrid - El Digital de Asturias<\/title>\n\n","aioseo_head_json":{"title":"Rodrygo Goes feliz de llegar a el Real Madrid - El Digital de Asturias","description":"MADRID, 18 Jun. 2019 (Europa Press) - El delantero brasile\u00f1o Rodrygo Goes se mostr\u00f3 este martes ilusionado en su puesta de largo como futbolista del Real Madrid, al que llega con el deseo de \"dar muchas alegr\u00edas\" y dispuesto a tener \"paciencia\" y a estar \"a disposici\u00f3n\" de lo que llega el club, aconsejado por la","canonical_url":"https:\/\/www.eldigitaldeasturias.com\/noticias\/rodrygo-goes-feliz-de-llegar-a-el-real-madrid\/","robots":"max-image-preview:large","keywords":"deportes","webmasterTools":{"google-site-verification":"UA-38556648-1","msvalidate.01":"7dfe9f3f1b24437ab69f4f2559babe99","miscellaneous":""},"schema":{"@context":"https:\/\/schema.org","@graph":[{"@type":"BlogPosting","@id":"https:\/\/www.eldigitaldeasturias.com\/noticias\/rodrygo-goes-feliz-de-llegar-a-el-real-madrid\/#blogposting","name":"Rodrygo Goes feliz de llegar a el Real Madrid - El Digital de Asturias","headline":"Rodrygo Goes feliz de llegar a el Real Madrid","author":{"@id":"https:\/\/www.eldigitaldeasturias.com\/noticias\/author\/admin\/#author"},"publisher":{"@id":"https:\/\/www.eldigitaldeasturias.com\/noticias\/#organization"},"image":{"@type":"ImageObject","url":"https:\/\/www.eldigitaldeasturias.com\/noticias\/wp-content\/uploads\/2019\/06\/Rodrygo-Goes.jpg","width":1010,"height":664},"datePublished":"2019-06-19T05:38:13+02:00","dateModified":"2019-06-19T05:38:13+02:00","inLanguage":"es-ES","mainEntityOfPage":{"@id":"https:\/\/www.eldigitaldeasturias.com\/noticias\/rodrygo-goes-feliz-de-llegar-a-el-real-madrid\/#webpage"},"isPartOf":{"@id":"https:\/\/www.eldigitaldeasturias.com\/noticias\/rodrygo-goes-feliz-de-llegar-a-el-real-madrid\/#webpage"},"articleSection":"Deportes"},{"@type":"BreadcrumbList","@id":"https:\/\/www.eldigitaldeasturias.com\/noticias\/rodrygo-goes-feliz-de-llegar-a-el-real-madrid\/#breadcrumblist","itemListElement":[{"@type":"ListItem","@id":"https:\/\/www.eldigitaldeasturias.com\/noticias#listItem","position":1,"name":"Home","item":"https:\/\/www.eldigitaldeasturias.com\/noticias","nextItem":{"@type":"ListItem","@id":"https:\/\/www.eldigitaldeasturias.com\/noticias\/category\/deportes\/#listItem","name":"Deportes"}},{"@type":"ListItem","@id":"https:\/\/www.eldigitaldeasturias.com\/noticias\/category\/deportes\/#listItem","position":2,"name":"Deportes","item":"https:\/\/www.eldigitaldeasturias.com\/noticias\/category\/deportes\/","nextItem":{"@type":"ListItem","@id":"https:\/\/www.eldigitaldeasturias.com\/noticias\/rodrygo-goes-feliz-de-llegar-a-el-real-madrid\/#listItem","name":"Rodrygo Goes feliz de llegar a el Real Madrid"},"previousItem":{"@type":"ListItem","@id":"https:\/\/www.eldigitaldeasturias.com\/noticias#listItem","name":"Home"}},{"@type":"ListItem","@id":"https:\/\/www.eldigitaldeasturias.com\/noticias\/rodrygo-goes-feliz-de-llegar-a-el-real-madrid\/#listItem","position":3,"name":"Rodrygo Goes feliz de llegar a el Real Madrid","previousItem":{"@type":"ListItem","@id":"https:\/\/www.eldigitaldeasturias.com\/noticias\/category\/deportes\/#listItem","name":"Deportes"}}]},{"@type":"Organization","@id":"https:\/\/www.eldigitaldeasturias.com\/noticias\/#organization","name":"El Digital de Asturias","description":"Hemeroteca","url":"https:\/\/www.eldigitaldeasturias.com\/noticias\/","email":"info@eldigitaldeasturias.com","telephone":"+34652131393","logo":{"@type":"ImageObject","url":"https:\/\/www.eldigitaldeasturias.com\/noticias\/wp-content\/uploads\/2020\/12\/EDA.jpg","@id":"https:\/\/www.eldigitaldeasturias.com\/noticias\/rodrygo-goes-feliz-de-llegar-a-el-real-madrid\/#organizationLogo","width":649,"height":297},"image":{"@id":"https:\/\/www.eldigitaldeasturias.com\/noticias\/rodrygo-goes-feliz-de-llegar-a-el-real-madrid\/#organizationLogo"},"sameAs":["https:\/\/facebook.com\/eldigitaldeasturias","https:\/\/www.youtube.com\/channel\/UCZP-2wLEB9Rv6erhFmqVnvg"],"address":{"@id":"https:\/\/www.eldigitaldeasturias.com\/noticias\/#postaladdress","@type":"PostalAddress","streetAddress":"san antonio 4,","postalCode":"33430","addressLocality":"Cand\u00e1s","addressRegion":"Asturias","addressCountry":"ES"}},{"@type":"Person","@id":"https:\/\/www.eldigitaldeasturias.com\/noticias\/author\/admin\/#author","url":"https:\/\/www.eldigitaldeasturias.com\/noticias\/author\/admin\/","name":"El Digital de Asturias","image":{"@type":"ImageObject","@id":"https:\/\/www.eldigitaldeasturias.com\/noticias\/rodrygo-goes-feliz-de-llegar-a-el-real-madrid\/#authorImage","url":"https:\/\/www.eldigitaldeasturias.com\/noticias\/wp-content\/litespeed\/avatar\/18677e78aa0546b92d9dbf31ec7d7668.jpg?ver=1777290358","width":96,"height":96,"caption":"El Digital de Asturias"}},{"@type":"WebPage","@id":"https:\/\/www.eldigitaldeasturias.com\/noticias\/rodrygo-goes-feliz-de-llegar-a-el-real-madrid\/#webpage","url":"https:\/\/www.eldigitaldeasturias.com\/noticias\/rodrygo-goes-feliz-de-llegar-a-el-real-madrid\/","name":"Rodrygo Goes feliz de llegar a el Real Madrid - El Digital de Asturias","description":"MADRID, 18 Jun. 2019 (Europa Press) - El delantero brasile\u00f1o Rodrygo Goes se mostr\u00f3 este martes ilusionado en su puesta de largo como futbolista del Real Madrid, al que llega con el deseo de \"dar muchas alegr\u00edas\" y dispuesto a tener \"paciencia\" y a estar \"a disposici\u00f3n\" de lo que llega el club, aconsejado por la","inLanguage":"es-ES","isPartOf":{"@id":"https:\/\/www.eldigitaldeasturias.com\/noticias\/#website"},"breadcrumb":{"@id":"https:\/\/www.eldigitaldeasturias.com\/noticias\/rodrygo-goes-feliz-de-llegar-a-el-real-madrid\/#breadcrumblist"},"author":{"@id":"https:\/\/www.eldigitaldeasturias.com\/noticias\/author\/admin\/#author"},"creator":{"@id":"https:\/\/www.eldigitaldeasturias.com\/noticias\/author\/admin\/#author"},"image":{"@type":"ImageObject","url":"https:\/\/www.eldigitaldeasturias.com\/noticias\/wp-content\/uploads\/2019\/06\/Rodrygo-Goes.jpg","@id":"https:\/\/www.eldigitaldeasturias.com\/noticias\/rodrygo-goes-feliz-de-llegar-a-el-real-madrid\/#mainImage","width":1010,"height":664},"primaryImageOfPage":{"@id":"https:\/\/www.eldigitaldeasturias.com\/noticias\/rodrygo-goes-feliz-de-llegar-a-el-real-madrid\/#mainImage"},"datePublished":"2019-06-19T05:38:13+02:00","dateModified":"2019-06-19T05:38:13+02:00"},{"@type":"WebSite","@id":"https:\/\/www.eldigitaldeasturias.com\/noticias\/#website","url":"https:\/\/www.eldigitaldeasturias.com\/noticias\/","name":"El Digital de Asturias - Diario de actualidad y noticias","alternateName":"El Digital de Asturias - Diario de actualidad y noticias","description":"Hemeroteca","inLanguage":"es-ES","publisher":{"@id":"https:\/\/www.eldigitaldeasturias.com\/noticias\/#organization"}}]},"og:locale":"es_ES","og:site_name":"El Digital de Asturias","og:type":"article","og:title":"Rodrygo Goes feliz de llegar a el Real Madrid - El Digital de Asturias","og:description":"MADRID, 18 Jun. 2019 (Europa Press) - El delantero brasile\u00f1o Rodrygo Goes se mostr\u00f3 este martes ilusionado en su puesta de largo como futbolista del Real Madrid, al que llega con el deseo de &quot;dar muchas alegr\u00edas&quot; y dispuesto a tener &quot;paciencia&quot; y a estar &quot;a disposici\u00f3n&quot; de lo que llega el club, aconsejado por la","og:url":"https:\/\/www.eldigitaldeasturias.com\/noticias\/rodrygo-goes-feliz-de-llegar-a-el-real-madrid\/","og:image":"https:\/\/www.eldigitaldeasturias.com\/noticias\/wp-content\/uploads\/2019\/06\/Rodrygo-Goes.jpg","og:image:secure_url":"https:\/\/www.eldigitaldeasturias.com\/noticias\/wp-content\/uploads\/2019\/06\/Rodrygo-Goes.jpg","og:image:width":1010,"og:image:height":664,"article:tag":["deportes"],"article:published_time":"2019-06-19T05:38:13+00:00","article:modified_time":"2019-06-19T05:38:13+00:00","article:publisher":"https:\/\/facebook.com\/eldigitaldeasturias","twitter:card":"summary_large_image","twitter:title":"Rodrygo Goes feliz de llegar a el Real Madrid - El Digital de Asturias","twitter:description":"MADRID, 18 Jun. 2019 (Europa Press) - El delantero brasile\u00f1o Rodrygo Goes se mostr\u00f3 este martes ilusionado en su puesta de largo como futbolista del Real Madrid, al que llega con el deseo de &quot;dar muchas alegr\u00edas&quot; y dispuesto a tener &quot;paciencia&quot; y a estar &quot;a disposici\u00f3n&quot; de lo que llega el club, aconsejado por la","twitter:image":"https:\/\/www.eldigitaldeasturias.com\/noticias\/wp-content\/uploads\/2019\/06\/Rodrygo-Goes.jpg","twitter:label1":"Escrito por","twitter:data1":"El Digital de Asturias","twitter:label2":"Tiempo de lectura estimado","twitter:data2":"3 minutos"},"aioseo_meta_data":{"post_id":"1031492","title":null,"description":null,"keywords":null,"keyphrases":null,"primary_term":null,"canonical_url":null,"og_title":null,"og_description":null,"og_object_type":"default","og_image_type":"default","og_image_url":null,"og_image_width":null,"og_image_height":null,"og_image_custom_url":null,"og_image_custom_fields":null,"og_video":null,"og_custom_url":null,"og_article_section":null,"og_article_tags":null,"twitter_use_og":false,"twitter_card":"default","twitter_image_type":"default","twitter_image_url":null,"twitter_image_custom_url":null,"twitter_image_custom_fields":null,"twitter_title":null,"twitter_description":null,"schema":{"blockGraphs":[],"customGraphs":[],"default":{"data":{"Article":[],"Course":[],"Dataset":[],"FAQPage":[],"Movie":[],"Person":[],"Product":[],"ProductReview":[],"Car":[],"Recipe":[],"Service":[],"SoftwareApplication":[],"WebPage":[]},"graphName":"","isEnabled":true},"graphs":[],"defaultGraph":"","defaultPostTypeGraph":""},"schema_type":null,"schema_type_options":null,"pillar_content":false,"robots_default":true,"robots_noindex":false,"robots_noarchive":false,"robots_nosnippet":false,"robots_nofollow":false,"robots_noimageindex":false,"robots_noodp":false,"robots_notranslate":false,"robots_max_snippet":null,"robots_max_videopreview":null,"robots_max_imagepreview":"large","priority":null,"frequency":null,"local_seo":null,"seo_analyzer_scan_date":"2025-10-18 19:01:13","breadcrumb_settings":null,"limit_modified_date":false,"open_ai":null,"ai":null,"created":"2020-12-21 11:10:21","updated":"2025-10-18 19:01:13"},"aioseo_breadcrumb":"<div class=\"aioseo-breadcrumbs\"><span class=\"aioseo-breadcrumb\">\n\t<a href=\"https:\/\/www.eldigitaldeasturias.com\/noticias\" title=\"Home\">Home<\/a>\n<\/span><span class=\"aioseo-breadcrumb-separator\">\u2013<\/span><span class=\"aioseo-breadcrumb\">\n\t<a href=\"https:\/\/www.eldigitaldeasturias.com\/noticias\/category\/deportes\/\" title=\"Deportes\">Deportes<\/a>\n<\/span><span class=\"aioseo-breadcrumb-separator\">\u2013<\/span><span class=\"aioseo-breadcrumb\">\n\t<a href=\"https:\/\/www.eldigitaldeasturias.com\/noticias\/rodrygo-goes-feliz-de-llegar-a-el-real-madrid\/\" title=\"Rodrygo Goes feliz de llegar a el Real Madrid\">Rodrygo Goes feliz de llegar a el Real Madrid<\/a>\n<\/span><\/div>","aioseo_breadcrumb_json":[{"label":"Home","link":"https:\/\/www.eldigitaldeasturias.com\/noticias"},{"label":"Deportes","link":"https:\/\/www.eldigitaldeasturias.com\/noticias\/category\/deportes\/"},{"label":"Rodrygo Goes feliz de llegar a el Real Madrid","link":"https:\/\/www.eldigitaldeasturias.com\/noticias\/rodrygo-goes-feliz-de-llegar-a-el-real-madrid\/"}],"_links":{"self":[{"href":"https:\/\/www.eldigitaldeasturias.com\/noticias\/wp-json\/wp\/v2\/posts\/1031492","targetHints":{"allow":["GET"]}}],"collection":[{"href":"https:\/\/www.eldigitaldeasturias.com\/noticias\/wp-json\/wp\/v2\/posts"}],"about":[{"href":"https:\/\/www.eldigitaldeasturias.com\/noticias\/wp-json\/wp\/v2\/types\/post"}],"author":[{"embeddable":true,"href":"https:\/\/www.eldigitaldeasturias.com\/noticias\/wp-json\/wp\/v2\/users\/1"}],"replies":[{"embeddable":true,"href":"https:\/\/www.eldigitaldeasturias.com\/noticias\/wp-json\/wp\/v2\/comments?post=1031492"}],"version-history":[{"count":0,"href":"https:\/\/www.eldigitaldeasturias.com\/noticias\/wp-json\/wp\/v2\/posts\/1031492\/revisions"}],"wp:featuredmedia":[{"embeddable":true,"href":"https:\/\/www.eldigitaldeasturias.com\/noticias\/wp-json\/wp\/v2\/media\/1031493"}],"wp:attachment":[{"href":"https:\/\/www.eldigitaldeasturias.com\/noticias\/wp-json\/wp\/v2\/media?parent=1031492"}],"wp:term":[{"taxonomy":"category","embeddable":true,"href":"https:\/\/www.eldigitaldeasturias.com\/noticias\/wp-json\/wp\/v2\/categories?post=1031492"},{"taxonomy":"post_tag","embeddable":true,"href":"https:\/\/www.eldigitaldeasturias.com\/noticias\/wp-json\/wp\/v2\/tags?post=1031492"}],"curies":[{"name":"wp","href":"https:\/\/api.w.org\/{rel}","templated":true}]}}