{"id":1031407,"date":"2019-06-18T19:18:27","date_gmt":"2019-06-18T19:18:27","guid":{"rendered":"https:\/\/www.eldigitaldeasturias.com\/noticias\/?p=1031407"},"modified":"2019-06-18T19:18:27","modified_gmt":"2019-06-18T19:18:27","slug":"alicante-y-la-costa-blanca-un-mercado-que-relanza-el-sector-inmobiliario","status":"publish","type":"post","link":"https:\/\/www.eldigitaldeasturias.com\/noticias\/alicante-y-la-costa-blanca-un-mercado-que-relanza-el-sector-inmobiliario\/","title":{"rendered":"Alicante y la Costa Blanca, un mercado que relanza el sector inmobiliario"},"content":{"rendered":"<p><strong><img loading=\"lazy\" decoding=\"async\" class=\"alignleft size-medium wp-image-1031408\" src=\"https:\/\/www.eldigitaldeasturias.com\/noticias\/wp-content\/uploads\/2019\/06\/pareja-casa-360x216.jpg\" alt=\"\" width=\"360\" height=\"216\" srcset=\"https:\/\/www.eldigitaldeasturias.com\/noticias\/wp-content\/uploads\/2019\/06\/pareja-casa-360x216.jpg 360w, https:\/\/www.eldigitaldeasturias.com\/noticias\/wp-content\/uploads\/2019\/06\/pareja-casa-650x390.jpg 650w, https:\/\/www.eldigitaldeasturias.com\/noticias\/wp-content\/uploads\/2019\/06\/pareja-casa.jpg 750w\" sizes=\"auto, (max-width: 360px) 100vw, 360px\" \/>El mercado de la vivienda est\u00e1 recuperando el dinamismo en la Comunidad Valenciana<\/strong>, as\u00ed lo asegura un <strong>informe del servicio de estudios de Bankia publicado a finales del a\u00f1o 2018<\/strong>. La comunidad levantina es la tercera autonom\u00eda en compraventas. Este crecimiento se debe principalmente al tir\u00f3n de la provincia de Alicante, si bien Valencia y Castell\u00f3n tambi\u00e9n registran n\u00fameros interesantes.<\/p>\n<p>El <strong>informe Panorama de la Comunidad<\/strong>, publicado a inicios de diciembre de 2018, muestra por primera vez la radiograf\u00eda de la comunidad y en ella se pone el foco en el dinamismo de la econom\u00eda debido al repunte econ\u00f3mico, el turismo y el atractivo inversor, que justifican este alza en el mercado de la vivienda.<\/p>\n<p><strong>La Comunidad Valenciana concentra el 16% de la demanda nacional, el 11% de la contrataci\u00f3n hipotecaria y el 10% de la nueva promoci\u00f3n<\/strong>, siendo Alicante la provincia m\u00e1s relevante. En cualquier caso, se pone de manifiesto que los precios est\u00e1n mostrando un comportamiento menos alcista que la media nacional, lo que beneficia a los posibles compradores.<\/p>\n<p>En este estudio se pone de manifiesto que <strong>la compraventa de viviendas en la Comunidad de dispar\u00f3 un 18% en t\u00e9rminos interanuales durante los tres primeros trimestres del a\u00f1o 2018<\/strong>, siendo la tercera autonom\u00eda que m\u00e1s crece, tras Murcia y Castilla-La Mancha. En cuanto a las provincias, Alicante es la primera por transacciones inmobiliarias, sumando casi las mismas transacciones que las otras dos provincias auton\u00f3micas, Valencia y Castell\u00f3n.<\/p>\n<h3><strong>Alicante, la tercera provincia con m\u00e1s presi\u00f3n inmobiliaria<\/strong><\/h3>\n<p>Si atendemos a los datos de 2018, la provincia alicantina se muestra como la tercera en relevancia en cuanto a presi\u00f3n inmobiliaria. Durante los tres primeros trimestres del a\u00f1o pasado, <strong>solo Madrid y Barcelona superaban el total de operaciones inmobiliarias en t\u00e9rminos absolutas.<\/strong><\/p>\n<p>La estad\u00edstica de transacciones inmobiliarias del Ministerio de Fomento para los nueve primeros meses del a\u00f1o mostraba un total de <strong>33.249 operaciones de compraventa de vivienda, lo que significa un crecimiento del 15,12% con respecto al mismo periodo del a\u00f1o anterior.<\/strong><\/p>\n<p><strong>En Alicante se venden m\u00e1s del 7% de las viviendas que cambian de mano en Espa\u00f1a para el a\u00f1o 2018<\/strong>. Como viene sucediendo en los \u00faltimos a\u00f1os, el crecimiento del sector inmobiliario en la provincia es varios puntos superior al que experimenta el conjunto del pa\u00eds.<\/p>\n<p>El comprador extranjero es fundamental para los buenos datos de la provincia. En el acumulado entre enero y septiembre del pasado a\u00f1o, <strong>los compradores de fuera de Espa\u00f1a participaron en casi el 45% de las transacciones<\/strong>, un porcentaje que es m\u00e1s de 10 puntos superior al de este mismo \u00edndice para el a\u00f1o 2017.<\/p>\n<p>Ante esta situaci\u00f3n, resulta m\u00e1s que interesante atender a los consejos de <strong>agentes inmobiliarios en Moraira<\/strong>. En\u00a0<a href=\"https:\/\/www.bindleyproperties.com\/\" target=\"_blank\" rel=\"noopener noreferrer\"><strong><span style=\"color: #ff6600;\">bindleyproperties.com<\/span><\/strong><\/a> se est\u00e1n consolidando como una potente <strong>inmobiliaria en Moraira<\/strong> que ofrece propiedades de alto nivel en la Costa Blanca.<\/p>\n<p>Tambi\u00e9n en Moraira, uno de los centros tur\u00edsticos internacionales m\u00e1s importantes de la provincia, tiene su centro de actuaciones <a href=\"https:\/\/www.hispaniahomes.co.uk\/\" target=\"_blank\" rel=\"noopener noreferrer\"><strong><span style=\"color: #ff6600;\">hispaniahomes.co.uk<\/span><\/strong><\/a>, una <strong>inmobiliaria en Moraira especialista en el cliente vendedores<\/strong>. Sus <strong>agentes del vendedor<\/strong> ofrecen a los compradores propiedades de lujo en todo el \u00e1rea comprendida entre Moraira y Benissa.<\/p>\n<p>En el \u00e1rea de Benissa, <a href=\"https:\/\/www.benimo-villas.com\/\" target=\"_blank\" rel=\"noopener noreferrer\"><strong><span style=\"color: #ff6600;\">benimo-villas.com<\/span><\/strong><\/a> act\u00faa como <strong>inmobiliaria en Benissa Costa<\/strong>. Es una <strong>agencia inmobiliaria independiente<\/strong> que ampl\u00eda su \u00e1rea de actuaci\u00f3n hasta las localidades de Moraira y Benitachell.<\/p>\n<h3><strong>Un incremento en el valor de las operaciones<\/strong><\/h3>\n<p>Otro dato que apunta a la recuperaci\u00f3n cada vez m\u00e1s r\u00e1pida que experimenta el sector es el <strong>incremento en el valor de las operaciones<\/strong>, que crece m\u00e1s r\u00e1pido que el n\u00famero de transacciones.<\/p>\n<p>En los tres primeros trimestres del a\u00f1o pasado, <strong>la compraventa de viviendas hab\u00eda generado un valor de 4.035 millones de euros<\/strong>. Esta cifra supone un <strong>alza en el valor de las propiedades de m\u00e1s del 20%<\/strong>. El precio medio de las viviendas en la provincia de Alicante ascienda hasta los 121.350 euros, m\u00e1s de 5.000 euros superior a los 115.700 que alcanzaba la media en 2017.<\/p>\n<p>Con respecto a las <strong>viviendas de segunda mano<\/strong>, este sector sigue siendo el <strong>gran protagonista del sector<\/strong>, con una magnitud de ventas casi diez veces superior al de las viviendas de obra nueva.<\/p>\n<h3><strong>Precios contenidos y ralentizaci\u00f3n de otros sectores<\/strong><\/h3>\n<p>El dinamismo inmobiliario presente en la comunidad no tiene su reflejo en <strong>una tendencia alcista de los precios<\/strong>, o al menos es una manifestaci\u00f3n tan presente como s\u00ed ocurre en otras autonom\u00edas.<\/p>\n<p>El informe de Bankia indica que, salvo alguna ubicaci\u00f3n concreta, <strong>los precios se mantienen m\u00e1s alejados de los m\u00e1ximos que la media nacional<\/strong>. El precio metro del metro cuadrado se sit\u00faa en 1.181 euros por metro cuadrado, un 2,7% m\u00e1s.<\/p>\n<p>En el momento m\u00e1s alto de la burbuja inmobiliaria, los precios eran superiores a los actuales en m\u00e1s del 30%, mientras que <strong>desde los m\u00ednimos posteriores al pinchazo de la burbuja, el avance de los precios es del 6%.<\/strong><\/p>\n<p><strong>En cualquier caso, en las localidades con m\u00e1s de 25.000 habitantes, los precios s\u00ed han crecido m\u00e1s que en la media de la Comunidad Valenciana<\/strong>, y especialmente en Alicante, tanto en la capital como en Torrevieja o en Elche.<\/p>\n<p>Los datos del sector inmobiliario ayudan a que <strong>la Comunidad Valenciana se consolida como la cuarta econom\u00eda espa\u00f1ola en importancia<\/strong>, con un peso que gira en torno al 10% en t\u00e9rminos de producci\u00f3n y empleo.<\/p>\n<p><strong>La Comunidad Valenciana registra un crecimiento en su econom\u00eda superior al de la media espa\u00f1ola, 3,2% frente al 3% en el caso de Espa\u00f1a<\/strong>. Estos datos se deben a la especializaci\u00f3n productiva, en especial por el tir\u00f3n del sector tur\u00edstico y el impulso de la industria manufacturera agroindustrial, que se apoya en el crecimiento de las exportaciones y el auge del consumo.<\/p>\n<p>A pesar de los datos, si no tiran del carro de la econom\u00eda otros sectores que no sean el turismo, la industria manufacturera agroindustrial y el inmobiliario, es posible que la econom\u00eda valenciana entre en <strong>periodos de ralentizaci\u00f3n de su crecimiento<\/strong>, vi\u00e9ndose arrastrada por el comportamiento global de la econom\u00eda en Espa\u00f1a, que sigue un camino similar.<\/p>\n<p>&nbsp;<\/p>\n","protected":false},"excerpt":{"rendered":"<p>El mercado de la vivienda est\u00e1 recuperando el dinamismo en la Comunidad Valenciana, as\u00ed lo asegura un informe del servicio de estudios de Bankia publicado a finales del a\u00f1o 2018. La comunidad levantina es la tercera autonom\u00eda en compraventas. Este crecimiento se debe principalmente al tir\u00f3n de la provincia de Alicante, si bien Valencia y [&hellip;]<\/p>\n","protected":false},"author":1,"featured_media":1031408,"comment_status":"open","ping_status":"closed","sticky":false,"template":"","format":"standard","meta":{"footnotes":""},"categories":[219],"tags":[],"class_list":["post-1031407","post","type-post","status-publish","format-standard","has-post-thumbnail","hentry","category-negocios-y-empresas"],"aioseo_notices":[],"aioseo_head":"\n\t\t<!-- All in One SEO Pro 4.9.6.2 - aioseo.com -->\n\t<meta name=\"description\" content=\"El mercado de la vivienda est\u00e1 recuperando el dinamismo en la Comunidad Valenciana, as\u00ed lo asegura un informe del servicio de estudios de Bankia publicado a finales del a\u00f1o 2018. La comunidad levantina es la tercera autonom\u00eda en compraventas. Este crecimiento se debe principalmente al tir\u00f3n de la provincia de Alicante, si bien Valencia y\" \/>\n\t<meta name=\"robots\" content=\"max-image-preview:large\" \/>\n\t<meta name=\"author\" content=\"El Digital de Asturias\"\/>\n\t<meta name=\"google-site-verification\" content=\"UA-38556648-1\" \/>\n\t<meta name=\"msvalidate.01\" content=\"7dfe9f3f1b24437ab69f4f2559babe99\" \/>\n\t<meta name=\"keywords\" content=\"negocios y empresas\" \/>\n\t<link rel=\"canonical\" href=\"https:\/\/www.eldigitaldeasturias.com\/noticias\/alicante-y-la-costa-blanca-un-mercado-que-relanza-el-sector-inmobiliario\/\" \/>\n\t<meta name=\"generator\" content=\"All in One SEO Pro (AIOSEO) 4.9.6.2\" \/>\n\t\t<meta property=\"og:locale\" content=\"es_ES\" \/>\n\t\t<meta property=\"og:site_name\" content=\"El Digital de Asturias\" \/>\n\t\t<meta property=\"og:type\" content=\"article\" \/>\n\t\t<meta property=\"og:title\" content=\"Alicante y la Costa Blanca, un mercado que relanza el sector inmobiliario - El Digital de Asturias\" \/>\n\t\t<meta property=\"og:description\" content=\"El mercado de la vivienda est\u00e1 recuperando el dinamismo en la Comunidad Valenciana, as\u00ed lo asegura un informe del servicio de estudios de Bankia publicado a finales del a\u00f1o 2018. La comunidad levantina es la tercera autonom\u00eda en compraventas. Este crecimiento se debe principalmente al tir\u00f3n de la provincia de Alicante, si bien Valencia y\" \/>\n\t\t<meta property=\"og:url\" content=\"https:\/\/www.eldigitaldeasturias.com\/noticias\/alicante-y-la-costa-blanca-un-mercado-que-relanza-el-sector-inmobiliario\/\" \/>\n\t\t<meta property=\"og:image\" content=\"https:\/\/www.eldigitaldeasturias.com\/noticias\/wp-content\/uploads\/2019\/06\/pareja-casa.jpg\" \/>\n\t\t<meta property=\"og:image:secure_url\" content=\"https:\/\/www.eldigitaldeasturias.com\/noticias\/wp-content\/uploads\/2019\/06\/pareja-casa.jpg\" \/>\n\t\t<meta property=\"og:image:width\" content=\"750\" \/>\n\t\t<meta property=\"og:image:height\" content=\"450\" \/>\n\t\t<meta property=\"article:tag\" content=\"negocios y empresas\" \/>\n\t\t<meta property=\"article:published_time\" content=\"2019-06-18T19:18:27+00:00\" \/>\n\t\t<meta property=\"article:modified_time\" content=\"2019-06-18T19:18:27+00:00\" \/>\n\t\t<meta property=\"article:publisher\" content=\"https:\/\/facebook.com\/eldigitaldeasturias\" \/>\n\t\t<meta name=\"twitter:card\" content=\"summary_large_image\" \/>\n\t\t<meta name=\"twitter:title\" content=\"Alicante y la Costa Blanca, un mercado que relanza el sector inmobiliario - El Digital de Asturias\" \/>\n\t\t<meta name=\"twitter:description\" content=\"El mercado de la vivienda est\u00e1 recuperando el dinamismo en la Comunidad Valenciana, as\u00ed lo asegura un informe del servicio de estudios de Bankia publicado a finales del a\u00f1o 2018. La comunidad levantina es la tercera autonom\u00eda en compraventas. Este crecimiento se debe principalmente al tir\u00f3n de la provincia de Alicante, si bien Valencia y\" \/>\n\t\t<meta name=\"twitter:image\" content=\"https:\/\/www.eldigitaldeasturias.com\/noticias\/wp-content\/uploads\/2019\/06\/pareja-casa.jpg\" \/>\n\t\t<meta name=\"twitter:label1\" content=\"Escrito por\" \/>\n\t\t<meta name=\"twitter:data1\" content=\"El Digital de Asturias\" \/>\n\t\t<meta name=\"twitter:label2\" content=\"Tiempo de lectura estimado\" \/>\n\t\t<meta name=\"twitter:data2\" content=\"5 minutos\" \/>\n\t\t<script type=\"application\/ld+json\" class=\"aioseo-schema\">\n\t\t\t{\"@context\":\"https:\\\/\\\/schema.org\",\"@graph\":[{\"@type\":\"BlogPosting\",\"@id\":\"https:\\\/\\\/www.eldigitaldeasturias.com\\\/noticias\\\/alicante-y-la-costa-blanca-un-mercado-que-relanza-el-sector-inmobiliario\\\/#blogposting\",\"name\":\"Alicante y la Costa Blanca, un mercado que relanza el sector inmobiliario - El Digital de Asturias\",\"headline\":\"Alicante y la Costa Blanca, un mercado que relanza el sector inmobiliario\",\"author\":{\"@id\":\"https:\\\/\\\/www.eldigitaldeasturias.com\\\/noticias\\\/author\\\/admin\\\/#author\"},\"publisher\":{\"@id\":\"https:\\\/\\\/www.eldigitaldeasturias.com\\\/noticias\\\/#organization\"},\"image\":{\"@type\":\"ImageObject\",\"url\":\"https:\\\/\\\/www.eldigitaldeasturias.com\\\/noticias\\\/wp-content\\\/uploads\\\/2019\\\/06\\\/pareja-casa.jpg\",\"width\":750,\"height\":450},\"datePublished\":\"2019-06-18T19:18:27+02:00\",\"dateModified\":\"2019-06-18T19:18:27+02:00\",\"inLanguage\":\"es-ES\",\"mainEntityOfPage\":{\"@id\":\"https:\\\/\\\/www.eldigitaldeasturias.com\\\/noticias\\\/alicante-y-la-costa-blanca-un-mercado-que-relanza-el-sector-inmobiliario\\\/#webpage\"},\"isPartOf\":{\"@id\":\"https:\\\/\\\/www.eldigitaldeasturias.com\\\/noticias\\\/alicante-y-la-costa-blanca-un-mercado-que-relanza-el-sector-inmobiliario\\\/#webpage\"},\"articleSection\":\"Negocios y Empresas\"},{\"@type\":\"BreadcrumbList\",\"@id\":\"https:\\\/\\\/www.eldigitaldeasturias.com\\\/noticias\\\/alicante-y-la-costa-blanca-un-mercado-que-relanza-el-sector-inmobiliario\\\/#breadcrumblist\",\"itemListElement\":[{\"@type\":\"ListItem\",\"@id\":\"https:\\\/\\\/www.eldigitaldeasturias.com\\\/noticias#listItem\",\"position\":1,\"name\":\"Home\",\"item\":\"https:\\\/\\\/www.eldigitaldeasturias.com\\\/noticias\",\"nextItem\":{\"@type\":\"ListItem\",\"@id\":\"https:\\\/\\\/www.eldigitaldeasturias.com\\\/noticias\\\/category\\\/negocios-y-empresas\\\/#listItem\",\"name\":\"Negocios y Empresas\"}},{\"@type\":\"ListItem\",\"@id\":\"https:\\\/\\\/www.eldigitaldeasturias.com\\\/noticias\\\/category\\\/negocios-y-empresas\\\/#listItem\",\"position\":2,\"name\":\"Negocios y Empresas\",\"item\":\"https:\\\/\\\/www.eldigitaldeasturias.com\\\/noticias\\\/category\\\/negocios-y-empresas\\\/\",\"nextItem\":{\"@type\":\"ListItem\",\"@id\":\"https:\\\/\\\/www.eldigitaldeasturias.com\\\/noticias\\\/alicante-y-la-costa-blanca-un-mercado-que-relanza-el-sector-inmobiliario\\\/#listItem\",\"name\":\"Alicante y la Costa Blanca, un mercado que relanza el sector inmobiliario\"},\"previousItem\":{\"@type\":\"ListItem\",\"@id\":\"https:\\\/\\\/www.eldigitaldeasturias.com\\\/noticias#listItem\",\"name\":\"Home\"}},{\"@type\":\"ListItem\",\"@id\":\"https:\\\/\\\/www.eldigitaldeasturias.com\\\/noticias\\\/alicante-y-la-costa-blanca-un-mercado-que-relanza-el-sector-inmobiliario\\\/#listItem\",\"position\":3,\"name\":\"Alicante y la Costa Blanca, un mercado que relanza el sector inmobiliario\",\"previousItem\":{\"@type\":\"ListItem\",\"@id\":\"https:\\\/\\\/www.eldigitaldeasturias.com\\\/noticias\\\/category\\\/negocios-y-empresas\\\/#listItem\",\"name\":\"Negocios y Empresas\"}}]},{\"@type\":\"Organization\",\"@id\":\"https:\\\/\\\/www.eldigitaldeasturias.com\\\/noticias\\\/#organization\",\"name\":\"El Digital de Asturias\",\"description\":\"Hemeroteca\",\"url\":\"https:\\\/\\\/www.eldigitaldeasturias.com\\\/noticias\\\/\",\"email\":\"info@eldigitaldeasturias.com\",\"telephone\":\"+34652131393\",\"logo\":{\"@type\":\"ImageObject\",\"url\":\"https:\\\/\\\/www.eldigitaldeasturias.com\\\/noticias\\\/wp-content\\\/uploads\\\/2020\\\/12\\\/EDA.jpg\",\"@id\":\"https:\\\/\\\/www.eldigitaldeasturias.com\\\/noticias\\\/alicante-y-la-costa-blanca-un-mercado-que-relanza-el-sector-inmobiliario\\\/#organizationLogo\",\"width\":649,\"height\":297},\"image\":{\"@id\":\"https:\\\/\\\/www.eldigitaldeasturias.com\\\/noticias\\\/alicante-y-la-costa-blanca-un-mercado-que-relanza-el-sector-inmobiliario\\\/#organizationLogo\"},\"sameAs\":[\"https:\\\/\\\/facebook.com\\\/eldigitaldeasturias\",\"https:\\\/\\\/www.youtube.com\\\/channel\\\/UCZP-2wLEB9Rv6erhFmqVnvg\"],\"address\":{\"@id\":\"https:\\\/\\\/www.eldigitaldeasturias.com\\\/noticias\\\/#postaladdress\",\"@type\":\"PostalAddress\",\"streetAddress\":\"san antonio 4,\",\"postalCode\":\"33430\",\"addressLocality\":\"Cand\\u00e1s\",\"addressRegion\":\"Asturias\",\"addressCountry\":\"ES\"}},{\"@type\":\"Person\",\"@id\":\"https:\\\/\\\/www.eldigitaldeasturias.com\\\/noticias\\\/author\\\/admin\\\/#author\",\"url\":\"https:\\\/\\\/www.eldigitaldeasturias.com\\\/noticias\\\/author\\\/admin\\\/\",\"name\":\"El Digital de Asturias\",\"image\":{\"@type\":\"ImageObject\",\"@id\":\"https:\\\/\\\/www.eldigitaldeasturias.com\\\/noticias\\\/alicante-y-la-costa-blanca-un-mercado-que-relanza-el-sector-inmobiliario\\\/#authorImage\",\"url\":\"https:\\\/\\\/www.eldigitaldeasturias.com\\\/noticias\\\/wp-content\\\/litespeed\\\/avatar\\\/18677e78aa0546b92d9dbf31ec7d7668.jpg?ver=1777290358\",\"width\":96,\"height\":96,\"caption\":\"El Digital de Asturias\"}},{\"@type\":\"WebPage\",\"@id\":\"https:\\\/\\\/www.eldigitaldeasturias.com\\\/noticias\\\/alicante-y-la-costa-blanca-un-mercado-que-relanza-el-sector-inmobiliario\\\/#webpage\",\"url\":\"https:\\\/\\\/www.eldigitaldeasturias.com\\\/noticias\\\/alicante-y-la-costa-blanca-un-mercado-que-relanza-el-sector-inmobiliario\\\/\",\"name\":\"Alicante y la Costa Blanca, un mercado que relanza el sector inmobiliario - El Digital de Asturias\",\"description\":\"El mercado de la vivienda est\\u00e1 recuperando el dinamismo en la Comunidad Valenciana, as\\u00ed lo asegura un informe del servicio de estudios de Bankia publicado a finales del a\\u00f1o 2018. La comunidad levantina es la tercera autonom\\u00eda en compraventas. Este crecimiento se debe principalmente al tir\\u00f3n de la provincia de Alicante, si bien Valencia y\",\"inLanguage\":\"es-ES\",\"isPartOf\":{\"@id\":\"https:\\\/\\\/www.eldigitaldeasturias.com\\\/noticias\\\/#website\"},\"breadcrumb\":{\"@id\":\"https:\\\/\\\/www.eldigitaldeasturias.com\\\/noticias\\\/alicante-y-la-costa-blanca-un-mercado-que-relanza-el-sector-inmobiliario\\\/#breadcrumblist\"},\"author\":{\"@id\":\"https:\\\/\\\/www.eldigitaldeasturias.com\\\/noticias\\\/author\\\/admin\\\/#author\"},\"creator\":{\"@id\":\"https:\\\/\\\/www.eldigitaldeasturias.com\\\/noticias\\\/author\\\/admin\\\/#author\"},\"image\":{\"@type\":\"ImageObject\",\"url\":\"https:\\\/\\\/www.eldigitaldeasturias.com\\\/noticias\\\/wp-content\\\/uploads\\\/2019\\\/06\\\/pareja-casa.jpg\",\"@id\":\"https:\\\/\\\/www.eldigitaldeasturias.com\\\/noticias\\\/alicante-y-la-costa-blanca-un-mercado-que-relanza-el-sector-inmobiliario\\\/#mainImage\",\"width\":750,\"height\":450},\"primaryImageOfPage\":{\"@id\":\"https:\\\/\\\/www.eldigitaldeasturias.com\\\/noticias\\\/alicante-y-la-costa-blanca-un-mercado-que-relanza-el-sector-inmobiliario\\\/#mainImage\"},\"datePublished\":\"2019-06-18T19:18:27+02:00\",\"dateModified\":\"2019-06-18T19:18:27+02:00\"},{\"@type\":\"WebSite\",\"@id\":\"https:\\\/\\\/www.eldigitaldeasturias.com\\\/noticias\\\/#website\",\"url\":\"https:\\\/\\\/www.eldigitaldeasturias.com\\\/noticias\\\/\",\"name\":\"El Digital de Asturias - Diario de actualidad y noticias\",\"alternateName\":\"El Digital de Asturias - Diario de actualidad y noticias\",\"description\":\"Hemeroteca\",\"inLanguage\":\"es-ES\",\"publisher\":{\"@id\":\"https:\\\/\\\/www.eldigitaldeasturias.com\\\/noticias\\\/#organization\"}}]}\n\t\t<\/script>\n\t\t<!-- All in One SEO Pro -->\r\n\t\t<title>Alicante y la Costa Blanca, un mercado que relanza el sector inmobiliario - El Digital de Asturias<\/title>\n\n","aioseo_head_json":{"title":"Alicante y la Costa Blanca, un mercado que relanza el sector inmobiliario - El Digital de Asturias","description":"El mercado de la vivienda est\u00e1 recuperando el dinamismo en la Comunidad Valenciana, as\u00ed lo asegura un informe del servicio de estudios de Bankia publicado a finales del a\u00f1o 2018. La comunidad levantina es la tercera autonom\u00eda en compraventas. Este crecimiento se debe principalmente al tir\u00f3n de la provincia de Alicante, si bien Valencia y","canonical_url":"https:\/\/www.eldigitaldeasturias.com\/noticias\/alicante-y-la-costa-blanca-un-mercado-que-relanza-el-sector-inmobiliario\/","robots":"max-image-preview:large","keywords":"negocios y empresas","webmasterTools":{"google-site-verification":"UA-38556648-1","msvalidate.01":"7dfe9f3f1b24437ab69f4f2559babe99","miscellaneous":""},"schema":{"@context":"https:\/\/schema.org","@graph":[{"@type":"BlogPosting","@id":"https:\/\/www.eldigitaldeasturias.com\/noticias\/alicante-y-la-costa-blanca-un-mercado-que-relanza-el-sector-inmobiliario\/#blogposting","name":"Alicante y la Costa Blanca, un mercado que relanza el sector inmobiliario - El Digital de Asturias","headline":"Alicante y la Costa Blanca, un mercado que relanza el sector inmobiliario","author":{"@id":"https:\/\/www.eldigitaldeasturias.com\/noticias\/author\/admin\/#author"},"publisher":{"@id":"https:\/\/www.eldigitaldeasturias.com\/noticias\/#organization"},"image":{"@type":"ImageObject","url":"https:\/\/www.eldigitaldeasturias.com\/noticias\/wp-content\/uploads\/2019\/06\/pareja-casa.jpg","width":750,"height":450},"datePublished":"2019-06-18T19:18:27+02:00","dateModified":"2019-06-18T19:18:27+02:00","inLanguage":"es-ES","mainEntityOfPage":{"@id":"https:\/\/www.eldigitaldeasturias.com\/noticias\/alicante-y-la-costa-blanca-un-mercado-que-relanza-el-sector-inmobiliario\/#webpage"},"isPartOf":{"@id":"https:\/\/www.eldigitaldeasturias.com\/noticias\/alicante-y-la-costa-blanca-un-mercado-que-relanza-el-sector-inmobiliario\/#webpage"},"articleSection":"Negocios y Empresas"},{"@type":"BreadcrumbList","@id":"https:\/\/www.eldigitaldeasturias.com\/noticias\/alicante-y-la-costa-blanca-un-mercado-que-relanza-el-sector-inmobiliario\/#breadcrumblist","itemListElement":[{"@type":"ListItem","@id":"https:\/\/www.eldigitaldeasturias.com\/noticias#listItem","position":1,"name":"Home","item":"https:\/\/www.eldigitaldeasturias.com\/noticias","nextItem":{"@type":"ListItem","@id":"https:\/\/www.eldigitaldeasturias.com\/noticias\/category\/negocios-y-empresas\/#listItem","name":"Negocios y Empresas"}},{"@type":"ListItem","@id":"https:\/\/www.eldigitaldeasturias.com\/noticias\/category\/negocios-y-empresas\/#listItem","position":2,"name":"Negocios y Empresas","item":"https:\/\/www.eldigitaldeasturias.com\/noticias\/category\/negocios-y-empresas\/","nextItem":{"@type":"ListItem","@id":"https:\/\/www.eldigitaldeasturias.com\/noticias\/alicante-y-la-costa-blanca-un-mercado-que-relanza-el-sector-inmobiliario\/#listItem","name":"Alicante y la Costa Blanca, un mercado que relanza el sector inmobiliario"},"previousItem":{"@type":"ListItem","@id":"https:\/\/www.eldigitaldeasturias.com\/noticias#listItem","name":"Home"}},{"@type":"ListItem","@id":"https:\/\/www.eldigitaldeasturias.com\/noticias\/alicante-y-la-costa-blanca-un-mercado-que-relanza-el-sector-inmobiliario\/#listItem","position":3,"name":"Alicante y la Costa Blanca, un mercado que relanza el sector inmobiliario","previousItem":{"@type":"ListItem","@id":"https:\/\/www.eldigitaldeasturias.com\/noticias\/category\/negocios-y-empresas\/#listItem","name":"Negocios y Empresas"}}]},{"@type":"Organization","@id":"https:\/\/www.eldigitaldeasturias.com\/noticias\/#organization","name":"El Digital de Asturias","description":"Hemeroteca","url":"https:\/\/www.eldigitaldeasturias.com\/noticias\/","email":"info@eldigitaldeasturias.com","telephone":"+34652131393","logo":{"@type":"ImageObject","url":"https:\/\/www.eldigitaldeasturias.com\/noticias\/wp-content\/uploads\/2020\/12\/EDA.jpg","@id":"https:\/\/www.eldigitaldeasturias.com\/noticias\/alicante-y-la-costa-blanca-un-mercado-que-relanza-el-sector-inmobiliario\/#organizationLogo","width":649,"height":297},"image":{"@id":"https:\/\/www.eldigitaldeasturias.com\/noticias\/alicante-y-la-costa-blanca-un-mercado-que-relanza-el-sector-inmobiliario\/#organizationLogo"},"sameAs":["https:\/\/facebook.com\/eldigitaldeasturias","https:\/\/www.youtube.com\/channel\/UCZP-2wLEB9Rv6erhFmqVnvg"],"address":{"@id":"https:\/\/www.eldigitaldeasturias.com\/noticias\/#postaladdress","@type":"PostalAddress","streetAddress":"san antonio 4,","postalCode":"33430","addressLocality":"Cand\u00e1s","addressRegion":"Asturias","addressCountry":"ES"}},{"@type":"Person","@id":"https:\/\/www.eldigitaldeasturias.com\/noticias\/author\/admin\/#author","url":"https:\/\/www.eldigitaldeasturias.com\/noticias\/author\/admin\/","name":"El Digital de Asturias","image":{"@type":"ImageObject","@id":"https:\/\/www.eldigitaldeasturias.com\/noticias\/alicante-y-la-costa-blanca-un-mercado-que-relanza-el-sector-inmobiliario\/#authorImage","url":"https:\/\/www.eldigitaldeasturias.com\/noticias\/wp-content\/litespeed\/avatar\/18677e78aa0546b92d9dbf31ec7d7668.jpg?ver=1777290358","width":96,"height":96,"caption":"El Digital de Asturias"}},{"@type":"WebPage","@id":"https:\/\/www.eldigitaldeasturias.com\/noticias\/alicante-y-la-costa-blanca-un-mercado-que-relanza-el-sector-inmobiliario\/#webpage","url":"https:\/\/www.eldigitaldeasturias.com\/noticias\/alicante-y-la-costa-blanca-un-mercado-que-relanza-el-sector-inmobiliario\/","name":"Alicante y la Costa Blanca, un mercado que relanza el sector inmobiliario - El Digital de Asturias","description":"El mercado de la vivienda est\u00e1 recuperando el dinamismo en la Comunidad Valenciana, as\u00ed lo asegura un informe del servicio de estudios de Bankia publicado a finales del a\u00f1o 2018. La comunidad levantina es la tercera autonom\u00eda en compraventas. Este crecimiento se debe principalmente al tir\u00f3n de la provincia de Alicante, si bien Valencia y","inLanguage":"es-ES","isPartOf":{"@id":"https:\/\/www.eldigitaldeasturias.com\/noticias\/#website"},"breadcrumb":{"@id":"https:\/\/www.eldigitaldeasturias.com\/noticias\/alicante-y-la-costa-blanca-un-mercado-que-relanza-el-sector-inmobiliario\/#breadcrumblist"},"author":{"@id":"https:\/\/www.eldigitaldeasturias.com\/noticias\/author\/admin\/#author"},"creator":{"@id":"https:\/\/www.eldigitaldeasturias.com\/noticias\/author\/admin\/#author"},"image":{"@type":"ImageObject","url":"https:\/\/www.eldigitaldeasturias.com\/noticias\/wp-content\/uploads\/2019\/06\/pareja-casa.jpg","@id":"https:\/\/www.eldigitaldeasturias.com\/noticias\/alicante-y-la-costa-blanca-un-mercado-que-relanza-el-sector-inmobiliario\/#mainImage","width":750,"height":450},"primaryImageOfPage":{"@id":"https:\/\/www.eldigitaldeasturias.com\/noticias\/alicante-y-la-costa-blanca-un-mercado-que-relanza-el-sector-inmobiliario\/#mainImage"},"datePublished":"2019-06-18T19:18:27+02:00","dateModified":"2019-06-18T19:18:27+02:00"},{"@type":"WebSite","@id":"https:\/\/www.eldigitaldeasturias.com\/noticias\/#website","url":"https:\/\/www.eldigitaldeasturias.com\/noticias\/","name":"El Digital de Asturias - Diario de actualidad y noticias","alternateName":"El Digital de Asturias - Diario de actualidad y noticias","description":"Hemeroteca","inLanguage":"es-ES","publisher":{"@id":"https:\/\/www.eldigitaldeasturias.com\/noticias\/#organization"}}]},"og:locale":"es_ES","og:site_name":"El Digital de Asturias","og:type":"article","og:title":"Alicante y la Costa Blanca, un mercado que relanza el sector inmobiliario - El Digital de Asturias","og:description":"El mercado de la vivienda est\u00e1 recuperando el dinamismo en la Comunidad Valenciana, as\u00ed lo asegura un informe del servicio de estudios de Bankia publicado a finales del a\u00f1o 2018. La comunidad levantina es la tercera autonom\u00eda en compraventas. Este crecimiento se debe principalmente al tir\u00f3n de la provincia de Alicante, si bien Valencia y","og:url":"https:\/\/www.eldigitaldeasturias.com\/noticias\/alicante-y-la-costa-blanca-un-mercado-que-relanza-el-sector-inmobiliario\/","og:image":"https:\/\/www.eldigitaldeasturias.com\/noticias\/wp-content\/uploads\/2019\/06\/pareja-casa.jpg","og:image:secure_url":"https:\/\/www.eldigitaldeasturias.com\/noticias\/wp-content\/uploads\/2019\/06\/pareja-casa.jpg","og:image:width":750,"og:image:height":450,"article:tag":["negocios y empresas"],"article:published_time":"2019-06-18T19:18:27+00:00","article:modified_time":"2019-06-18T19:18:27+00:00","article:publisher":"https:\/\/facebook.com\/eldigitaldeasturias","twitter:card":"summary_large_image","twitter:title":"Alicante y la Costa Blanca, un mercado que relanza el sector inmobiliario - El Digital de Asturias","twitter:description":"El mercado de la vivienda est\u00e1 recuperando el dinamismo en la Comunidad Valenciana, as\u00ed lo asegura un informe del servicio de estudios de Bankia publicado a finales del a\u00f1o 2018. La comunidad levantina es la tercera autonom\u00eda en compraventas. Este crecimiento se debe principalmente al tir\u00f3n de la provincia de Alicante, si bien Valencia y","twitter:image":"https:\/\/www.eldigitaldeasturias.com\/noticias\/wp-content\/uploads\/2019\/06\/pareja-casa.jpg","twitter:label1":"Escrito por","twitter:data1":"El Digital de Asturias","twitter:label2":"Tiempo de lectura estimado","twitter:data2":"5 minutos"},"aioseo_meta_data":{"post_id":"1031407","title":null,"description":null,"keywords":null,"keyphrases":null,"primary_term":null,"canonical_url":null,"og_title":null,"og_description":null,"og_object_type":"default","og_image_type":"default","og_image_url":null,"og_image_width":null,"og_image_height":null,"og_image_custom_url":null,"og_image_custom_fields":null,"og_video":null,"og_custom_url":null,"og_article_section":null,"og_article_tags":null,"twitter_use_og":false,"twitter_card":"default","twitter_image_type":"default","twitter_image_url":null,"twitter_image_custom_url":null,"twitter_image_custom_fields":null,"twitter_title":null,"twitter_description":null,"schema":{"blockGraphs":[],"customGraphs":[],"default":{"data":{"Article":[],"Course":[],"Dataset":[],"FAQPage":[],"Movie":[],"Person":[],"Product":[],"ProductReview":[],"Car":[],"Recipe":[],"Service":[],"SoftwareApplication":[],"WebPage":[]},"graphName":"","isEnabled":true},"graphs":[],"defaultGraph":"","defaultPostTypeGraph":""},"schema_type":null,"schema_type_options":null,"pillar_content":false,"robots_default":true,"robots_noindex":false,"robots_noarchive":false,"robots_nosnippet":false,"robots_nofollow":false,"robots_noimageindex":false,"robots_noodp":false,"robots_notranslate":false,"robots_max_snippet":null,"robots_max_videopreview":null,"robots_max_imagepreview":"large","priority":null,"frequency":null,"local_seo":null,"seo_analyzer_scan_date":"2025-10-18 18:49:15","breadcrumb_settings":null,"limit_modified_date":false,"open_ai":null,"ai":null,"created":"2020-12-21 11:10:21","updated":"2025-10-18 18:49:15"},"aioseo_breadcrumb":"<div class=\"aioseo-breadcrumbs\"><span class=\"aioseo-breadcrumb\">\n\t<a href=\"https:\/\/www.eldigitaldeasturias.com\/noticias\" title=\"Home\">Home<\/a>\n<\/span><span class=\"aioseo-breadcrumb-separator\">\u2013<\/span><span class=\"aioseo-breadcrumb\">\n\t<a href=\"https:\/\/www.eldigitaldeasturias.com\/noticias\/category\/negocios-y-empresas\/\" title=\"Negocios y Empresas\">Negocios y Empresas<\/a>\n<\/span><span class=\"aioseo-breadcrumb-separator\">\u2013<\/span><span class=\"aioseo-breadcrumb\">\n\t<a href=\"https:\/\/www.eldigitaldeasturias.com\/noticias\/alicante-y-la-costa-blanca-un-mercado-que-relanza-el-sector-inmobiliario\/\" title=\"Alicante y la Costa Blanca, un mercado que relanza el sector inmobiliario\">Alicante y la Costa Blanca, un mercado que relanza el sector inmobiliario<\/a>\n<\/span><\/div>","aioseo_breadcrumb_json":[{"label":"Home","link":"https:\/\/www.eldigitaldeasturias.com\/noticias"},{"label":"Negocios y Empresas","link":"https:\/\/www.eldigitaldeasturias.com\/noticias\/category\/negocios-y-empresas\/"},{"label":"Alicante y la Costa Blanca, un mercado que relanza el sector inmobiliario","link":"https:\/\/www.eldigitaldeasturias.com\/noticias\/alicante-y-la-costa-blanca-un-mercado-que-relanza-el-sector-inmobiliario\/"}],"_links":{"self":[{"href":"https:\/\/www.eldigitaldeasturias.com\/noticias\/wp-json\/wp\/v2\/posts\/1031407","targetHints":{"allow":["GET"]}}],"collection":[{"href":"https:\/\/www.eldigitaldeasturias.com\/noticias\/wp-json\/wp\/v2\/posts"}],"about":[{"href":"https:\/\/www.eldigitaldeasturias.com\/noticias\/wp-json\/wp\/v2\/types\/post"}],"author":[{"embeddable":true,"href":"https:\/\/www.eldigitaldeasturias.com\/noticias\/wp-json\/wp\/v2\/users\/1"}],"replies":[{"embeddable":true,"href":"https:\/\/www.eldigitaldeasturias.com\/noticias\/wp-json\/wp\/v2\/comments?post=1031407"}],"version-history":[{"count":0,"href":"https:\/\/www.eldigitaldeasturias.com\/noticias\/wp-json\/wp\/v2\/posts\/1031407\/revisions"}],"wp:featuredmedia":[{"embeddable":true,"href":"https:\/\/www.eldigitaldeasturias.com\/noticias\/wp-json\/wp\/v2\/media\/1031408"}],"wp:attachment":[{"href":"https:\/\/www.eldigitaldeasturias.com\/noticias\/wp-json\/wp\/v2\/media?parent=1031407"}],"wp:term":[{"taxonomy":"category","embeddable":true,"href":"https:\/\/www.eldigitaldeasturias.com\/noticias\/wp-json\/wp\/v2\/categories?post=1031407"},{"taxonomy":"post_tag","embeddable":true,"href":"https:\/\/www.eldigitaldeasturias.com\/noticias\/wp-json\/wp\/v2\/tags?post=1031407"}],"curies":[{"name":"wp","href":"https:\/\/api.w.org\/{rel}","templated":true}]}}