{"id":1031389,"date":"2019-06-18T17:40:45","date_gmt":"2019-06-18T17:40:45","guid":{"rendered":"https:\/\/www.eldigitaldeasturias.com\/noticias\/?p=1031389"},"modified":"2019-06-18T17:40:45","modified_gmt":"2019-06-18T17:40:45","slug":"asturias-acoge-el-sexto-foro-del-sector-metal","status":"publish","type":"post","link":"https:\/\/www.eldigitaldeasturias.com\/noticias\/asturias-acoge-el-sexto-foro-del-sector-metal\/","title":{"rendered":"Asturias acoge el Sexto Foro del Sector Metal"},"content":{"rendered":"<p><img loading=\"lazy\" decoding=\"async\" class=\"alignleft size-medium wp-image-1031390\" src=\"https:\/\/www.eldigitaldeasturias.com\/noticias\/wp-content\/uploads\/2019\/06\/foro-sector-metal-360x203.jpg\" alt=\"\" width=\"360\" height=\"203\" srcset=\"https:\/\/www.eldigitaldeasturias.com\/noticias\/wp-content\/uploads\/2019\/06\/foro-sector-metal-360x203.jpg 360w, https:\/\/www.eldigitaldeasturias.com\/noticias\/wp-content\/uploads\/2019\/06\/foro-sector-metal-768x432.jpg 768w, https:\/\/www.eldigitaldeasturias.com\/noticias\/wp-content\/uploads\/2019\/06\/foro-sector-metal-650x366.jpg 650w, https:\/\/www.eldigitaldeasturias.com\/noticias\/wp-content\/uploads\/2019\/06\/foro-sector-metal-1024x576.jpg 1024w, https:\/\/www.eldigitaldeasturias.com\/noticias\/wp-content\/uploads\/2019\/06\/foro-sector-metal.jpg 1280w\" sizes=\"auto, (max-width: 360px) 100vw, 360px\" \/>El VI Foro del Sector Metal re\u00fane desde hoy a <strong>119 compa\u00f1\u00edas internacionales procedentes de 34 pa\u00edses que mantendr\u00e1n m\u00e1s de 1.315 entrevistas con 56 empresas asturianas<\/strong>. El consejero de Empleo, Industria y Turismo, Isaac Pola, ha inaugurado este encuentro que se celebrar\u00e1 en Gij\u00f3n hasta el jueves y que est\u00e1 organizado por la Sociedad de Promoci\u00f3n Exterior del Principado (Asturex), en colaboraci\u00f3n con la Federaci\u00f3n de Empresarios del Metal y Afines del Principado (Femetal).<\/p>\n<p>Pola ha se\u00f1alado la utilidad de este foro para mostrar las capacidades de las empresas asturianas del metal y atraer proyectos de alto valor. \u201cSe trata de un evento \u00fanico, ya que ofrece a las compa\u00f1\u00edas de la comunidad la posibilidad de recibir a sus posibles clientes en su centro de producci\u00f3n, en lugar de tener que desplazarse a vender sus productos fuera de Asturias\u201d, ha explicado. Adem\u00e1s, ha valorado el ejemplo de este sector en la aplicaci\u00f3n de las \u00faltimas tecnolog\u00edas en procesos productivos y ha subrayado el buen momento que atraviesa, as\u00ed como su contribuci\u00f3n al fortalecimiento de la econom\u00eda regional.<\/p>\n<p>En su intervenci\u00f3n, el consejero ha destacado el apoyo a la internacionalizaci\u00f3n de las empresas asturianas como uno de los pilares de la <strong>estrategia industrial que desarrolla el Gobierno de Asturias<\/strong> de forma consensuada con los agentes sociales a trav\u00e9s del Acuerdo para la Competitividad Econ\u00f3mica y la Sostenibilidad Social, dotado con 12 millones para el per\u00edodo 2016-2018.<\/p>\n<p>Para ello, el Instituto de Desarrollo Econ\u00f3mico (Idepa) y Asturex impulsan un paquete de medidas que van desde planes sectoriales para el metal y la construcci\u00f3n, misiones comerciales y de prospecci\u00f3n, participaci\u00f3n en ferias y foros, etc\u00e9tera, al respaldo financiero que prestan a la promoci\u00f3n internacional a trav\u00e9s de diferentes convocatorias de ayudas.<\/p>\n<p>En los \u00faltimos tres a\u00f1os, el Idepa ha apoyado 422 proyectos de internacionalizaci\u00f3n de empresas asturianas relacionados con la contrataci\u00f3n de t\u00e9cnicos en comercio exterior, la participaci\u00f3n en ferias internacionales, viajes comerciales, visitas a clientes o la participaci\u00f3n en licitaciones internacionales y el establecimiento de alianzas con otras empresas para crear consorcios de cooperaci\u00f3n, entre otras medidas.<\/p>\n<h4>Apoyo a la promoci\u00f3n internacional<\/h4>\n<p>Junto con el resto de programas de apoyo a la inversi\u00f3n y la innovaci\u00f3n, las acciones impulsadas por la Consejer\u00eda de Empleo para potenciar la internacionalizaci\u00f3n, basadas en iniciativas como la Estrategia de Especializaci\u00f3n Inteligente Asturias RIS3, la Industria 4.0, la participaci\u00f3n en programas de acceso a licitaciones multilaterales o la digitalizaci\u00f3n, contribuyen a afianzar un tejido industrial m\u00e1s diversificado, moderno y competitivo, a fortalecer las empresas y a posicionar sus productos y servicios en el exterior.<\/p>\n<p><strong>El Principado cuenta con m\u00e1s de 1.155 empresas del metal<\/strong>, que emplean a 28.800 trabajadores, seg\u00fan los \u00faltimos datos de la Encuesta de Poblaci\u00f3n Activa (EPA). Su aportaci\u00f3n al PIB asturiano es del 11%, con m\u00e1s de 5.000 millones, y sus exportaciones superaron en 2018 los 2.900 millones. En el primer trimestre de este a\u00f1o han continuado creciendo hasta situarse por encima de los 722 millones.<\/p>\n<p>Durante los tres d\u00edas que durar\u00e1 el foro, un grupo de empresas de la construcci\u00f3n mantendr\u00e1 reuniones organizadas con la colaboraci\u00f3n de la Confederaci\u00f3n Asturiana de la Construcci\u00f3n (CAC-Asprocon). El perfil de los participantes internacionales es el que m\u00e1s se ajusta a la demanda de las firmas expositoras, sus proyectos de inversi\u00f3n y el inter\u00e9s por el sector asturiano.<\/p>\n<p>Al acto de inauguraci\u00f3n del foro tambi\u00e9n han asistido la alcaldesa de Gij\u00f3n, Ana Gonz\u00e1lez; el vicepresidente primero de la C\u00e1mara de Comercio de Gij\u00f3n, Pedro L\u00f3pez Ferrer; el presidente de Femetal, Guillermo Ulacia, y la directora general de Asturex, Teresa Vig\u00f3n.<\/p>\n<p>&nbsp;<\/p>\n","protected":false},"excerpt":{"rendered":"<p>El VI Foro del Sector Metal re\u00fane desde hoy a 119 compa\u00f1\u00edas internacionales procedentes de 34 pa\u00edses que mantendr\u00e1n m\u00e1s de 1.315 entrevistas con 56 empresas asturianas. El consejero de Empleo, Industria y Turismo, Isaac Pola, ha inaugurado este encuentro que se celebrar\u00e1 en Gij\u00f3n hasta el jueves y que est\u00e1 organizado por la Sociedad [&hellip;]<\/p>\n","protected":false},"author":1,"featured_media":1031390,"comment_status":"open","ping_status":"closed","sticky":false,"template":"","format":"standard","meta":{"footnotes":""},"categories":[141,219],"tags":[],"class_list":["post-1031389","post","type-post","status-publish","format-standard","has-post-thumbnail","hentry","category-destacadas","category-negocios-y-empresas"],"aioseo_notices":[],"aioseo_head":"\n\t\t<!-- All in One SEO Pro 4.9.6.2 - aioseo.com -->\n\t<meta name=\"description\" content=\"El VI Foro del Sector Metal re\u00fane desde hoy a 119 compa\u00f1\u00edas internacionales procedentes de 34 pa\u00edses que mantendr\u00e1n m\u00e1s de 1.315 entrevistas con 56 empresas asturianas. El consejero de Empleo, Industria y Turismo, Isaac Pola, ha inaugurado este encuentro que se celebrar\u00e1 en Gij\u00f3n hasta el jueves y que est\u00e1 organizado por la Sociedad\" \/>\n\t<meta name=\"robots\" content=\"max-image-preview:large\" \/>\n\t<meta name=\"author\" content=\"El Digital de Asturias\"\/>\n\t<meta name=\"google-site-verification\" content=\"UA-38556648-1\" \/>\n\t<meta name=\"msvalidate.01\" content=\"7dfe9f3f1b24437ab69f4f2559babe99\" \/>\n\t<meta name=\"keywords\" content=\"destacadas,negocios y empresas\" \/>\n\t<link rel=\"canonical\" href=\"https:\/\/www.eldigitaldeasturias.com\/noticias\/asturias-acoge-el-sexto-foro-del-sector-metal\/\" \/>\n\t<meta name=\"generator\" content=\"All in One SEO Pro (AIOSEO) 4.9.6.2\" \/>\n\t\t<meta property=\"og:locale\" content=\"es_ES\" \/>\n\t\t<meta property=\"og:site_name\" content=\"El Digital de Asturias\" \/>\n\t\t<meta property=\"og:type\" content=\"article\" \/>\n\t\t<meta property=\"og:title\" content=\"Asturias acoge el Sexto Foro del Sector Metal - El Digital de Asturias\" \/>\n\t\t<meta property=\"og:description\" content=\"El VI Foro del Sector Metal re\u00fane desde hoy a 119 compa\u00f1\u00edas internacionales procedentes de 34 pa\u00edses que mantendr\u00e1n m\u00e1s de 1.315 entrevistas con 56 empresas asturianas. El consejero de Empleo, Industria y Turismo, Isaac Pola, ha inaugurado este encuentro que se celebrar\u00e1 en Gij\u00f3n hasta el jueves y que est\u00e1 organizado por la Sociedad\" \/>\n\t\t<meta property=\"og:url\" content=\"https:\/\/www.eldigitaldeasturias.com\/noticias\/asturias-acoge-el-sexto-foro-del-sector-metal\/\" \/>\n\t\t<meta property=\"og:image\" content=\"https:\/\/www.eldigitaldeasturias.com\/noticias\/wp-content\/uploads\/2019\/06\/foro-sector-metal.jpg\" \/>\n\t\t<meta property=\"og:image:secure_url\" content=\"https:\/\/www.eldigitaldeasturias.com\/noticias\/wp-content\/uploads\/2019\/06\/foro-sector-metal.jpg\" \/>\n\t\t<meta property=\"og:image:width\" content=\"1280\" \/>\n\t\t<meta property=\"og:image:height\" content=\"720\" \/>\n\t\t<meta property=\"article:tag\" content=\"destacadas\" \/>\n\t\t<meta property=\"article:tag\" content=\"negocios y empresas\" \/>\n\t\t<meta property=\"article:published_time\" content=\"2019-06-18T17:40:45+00:00\" \/>\n\t\t<meta property=\"article:modified_time\" content=\"2019-06-18T17:40:45+00:00\" \/>\n\t\t<meta property=\"article:publisher\" content=\"https:\/\/facebook.com\/eldigitaldeasturias\" \/>\n\t\t<meta name=\"twitter:card\" content=\"summary_large_image\" \/>\n\t\t<meta name=\"twitter:title\" content=\"Asturias acoge el Sexto Foro del Sector Metal - El Digital de Asturias\" \/>\n\t\t<meta name=\"twitter:description\" content=\"El VI Foro del Sector Metal re\u00fane desde hoy a 119 compa\u00f1\u00edas internacionales procedentes de 34 pa\u00edses que mantendr\u00e1n m\u00e1s de 1.315 entrevistas con 56 empresas asturianas. El consejero de Empleo, Industria y Turismo, Isaac Pola, ha inaugurado este encuentro que se celebrar\u00e1 en Gij\u00f3n hasta el jueves y que est\u00e1 organizado por la Sociedad\" \/>\n\t\t<meta name=\"twitter:image\" content=\"https:\/\/www.eldigitaldeasturias.com\/noticias\/wp-content\/uploads\/2019\/06\/foro-sector-metal.jpg\" \/>\n\t\t<meta name=\"twitter:label1\" content=\"Escrito por\" \/>\n\t\t<meta name=\"twitter:data1\" content=\"El Digital de Asturias\" \/>\n\t\t<meta name=\"twitter:label2\" content=\"Tiempo de lectura estimado\" \/>\n\t\t<meta name=\"twitter:data2\" content=\"3 minutos\" \/>\n\t\t<script type=\"application\/ld+json\" class=\"aioseo-schema\">\n\t\t\t{\"@context\":\"https:\\\/\\\/schema.org\",\"@graph\":[{\"@type\":\"BlogPosting\",\"@id\":\"https:\\\/\\\/www.eldigitaldeasturias.com\\\/noticias\\\/asturias-acoge-el-sexto-foro-del-sector-metal\\\/#blogposting\",\"name\":\"Asturias acoge el Sexto Foro del Sector Metal - El Digital de Asturias\",\"headline\":\"Asturias acoge el Sexto Foro del Sector Metal\",\"author\":{\"@id\":\"https:\\\/\\\/www.eldigitaldeasturias.com\\\/noticias\\\/author\\\/admin\\\/#author\"},\"publisher\":{\"@id\":\"https:\\\/\\\/www.eldigitaldeasturias.com\\\/noticias\\\/#organization\"},\"image\":{\"@type\":\"ImageObject\",\"url\":\"https:\\\/\\\/www.eldigitaldeasturias.com\\\/noticias\\\/wp-content\\\/uploads\\\/2019\\\/06\\\/foro-sector-metal.jpg\",\"width\":1280,\"height\":720},\"datePublished\":\"2019-06-18T17:40:45+02:00\",\"dateModified\":\"2019-06-18T17:40:45+02:00\",\"inLanguage\":\"es-ES\",\"mainEntityOfPage\":{\"@id\":\"https:\\\/\\\/www.eldigitaldeasturias.com\\\/noticias\\\/asturias-acoge-el-sexto-foro-del-sector-metal\\\/#webpage\"},\"isPartOf\":{\"@id\":\"https:\\\/\\\/www.eldigitaldeasturias.com\\\/noticias\\\/asturias-acoge-el-sexto-foro-del-sector-metal\\\/#webpage\"},\"articleSection\":\"Destacadas, Negocios y Empresas\"},{\"@type\":\"BreadcrumbList\",\"@id\":\"https:\\\/\\\/www.eldigitaldeasturias.com\\\/noticias\\\/asturias-acoge-el-sexto-foro-del-sector-metal\\\/#breadcrumblist\",\"itemListElement\":[{\"@type\":\"ListItem\",\"@id\":\"https:\\\/\\\/www.eldigitaldeasturias.com\\\/noticias#listItem\",\"position\":1,\"name\":\"Home\",\"item\":\"https:\\\/\\\/www.eldigitaldeasturias.com\\\/noticias\",\"nextItem\":{\"@type\":\"ListItem\",\"@id\":\"https:\\\/\\\/www.eldigitaldeasturias.com\\\/noticias\\\/category\\\/destacadas\\\/#listItem\",\"name\":\"Destacadas\"}},{\"@type\":\"ListItem\",\"@id\":\"https:\\\/\\\/www.eldigitaldeasturias.com\\\/noticias\\\/category\\\/destacadas\\\/#listItem\",\"position\":2,\"name\":\"Destacadas\",\"item\":\"https:\\\/\\\/www.eldigitaldeasturias.com\\\/noticias\\\/category\\\/destacadas\\\/\",\"nextItem\":{\"@type\":\"ListItem\",\"@id\":\"https:\\\/\\\/www.eldigitaldeasturias.com\\\/noticias\\\/asturias-acoge-el-sexto-foro-del-sector-metal\\\/#listItem\",\"name\":\"Asturias acoge el Sexto Foro del Sector Metal\"},\"previousItem\":{\"@type\":\"ListItem\",\"@id\":\"https:\\\/\\\/www.eldigitaldeasturias.com\\\/noticias#listItem\",\"name\":\"Home\"}},{\"@type\":\"ListItem\",\"@id\":\"https:\\\/\\\/www.eldigitaldeasturias.com\\\/noticias\\\/asturias-acoge-el-sexto-foro-del-sector-metal\\\/#listItem\",\"position\":3,\"name\":\"Asturias acoge el Sexto Foro del Sector Metal\",\"previousItem\":{\"@type\":\"ListItem\",\"@id\":\"https:\\\/\\\/www.eldigitaldeasturias.com\\\/noticias\\\/category\\\/destacadas\\\/#listItem\",\"name\":\"Destacadas\"}}]},{\"@type\":\"Organization\",\"@id\":\"https:\\\/\\\/www.eldigitaldeasturias.com\\\/noticias\\\/#organization\",\"name\":\"El Digital de Asturias\",\"description\":\"Hemeroteca\",\"url\":\"https:\\\/\\\/www.eldigitaldeasturias.com\\\/noticias\\\/\",\"email\":\"info@eldigitaldeasturias.com\",\"telephone\":\"+34652131393\",\"logo\":{\"@type\":\"ImageObject\",\"url\":\"https:\\\/\\\/www.eldigitaldeasturias.com\\\/noticias\\\/wp-content\\\/uploads\\\/2020\\\/12\\\/EDA.jpg\",\"@id\":\"https:\\\/\\\/www.eldigitaldeasturias.com\\\/noticias\\\/asturias-acoge-el-sexto-foro-del-sector-metal\\\/#organizationLogo\",\"width\":649,\"height\":297},\"image\":{\"@id\":\"https:\\\/\\\/www.eldigitaldeasturias.com\\\/noticias\\\/asturias-acoge-el-sexto-foro-del-sector-metal\\\/#organizationLogo\"},\"sameAs\":[\"https:\\\/\\\/facebook.com\\\/eldigitaldeasturias\",\"https:\\\/\\\/www.youtube.com\\\/channel\\\/UCZP-2wLEB9Rv6erhFmqVnvg\"],\"address\":{\"@id\":\"https:\\\/\\\/www.eldigitaldeasturias.com\\\/noticias\\\/#postaladdress\",\"@type\":\"PostalAddress\",\"streetAddress\":\"san antonio 4,\",\"postalCode\":\"33430\",\"addressLocality\":\"Cand\\u00e1s\",\"addressRegion\":\"Asturias\",\"addressCountry\":\"ES\"}},{\"@type\":\"Person\",\"@id\":\"https:\\\/\\\/www.eldigitaldeasturias.com\\\/noticias\\\/author\\\/admin\\\/#author\",\"url\":\"https:\\\/\\\/www.eldigitaldeasturias.com\\\/noticias\\\/author\\\/admin\\\/\",\"name\":\"El Digital de Asturias\",\"image\":{\"@type\":\"ImageObject\",\"@id\":\"https:\\\/\\\/www.eldigitaldeasturias.com\\\/noticias\\\/asturias-acoge-el-sexto-foro-del-sector-metal\\\/#authorImage\",\"url\":\"https:\\\/\\\/www.eldigitaldeasturias.com\\\/noticias\\\/wp-content\\\/litespeed\\\/avatar\\\/18677e78aa0546b92d9dbf31ec7d7668.jpg?ver=1777290358\",\"width\":96,\"height\":96,\"caption\":\"El Digital de Asturias\"}},{\"@type\":\"WebPage\",\"@id\":\"https:\\\/\\\/www.eldigitaldeasturias.com\\\/noticias\\\/asturias-acoge-el-sexto-foro-del-sector-metal\\\/#webpage\",\"url\":\"https:\\\/\\\/www.eldigitaldeasturias.com\\\/noticias\\\/asturias-acoge-el-sexto-foro-del-sector-metal\\\/\",\"name\":\"Asturias acoge el Sexto Foro del Sector Metal - El Digital de Asturias\",\"description\":\"El VI Foro del Sector Metal re\\u00fane desde hoy a 119 compa\\u00f1\\u00edas internacionales procedentes de 34 pa\\u00edses que mantendr\\u00e1n m\\u00e1s de 1.315 entrevistas con 56 empresas asturianas. El consejero de Empleo, Industria y Turismo, Isaac Pola, ha inaugurado este encuentro que se celebrar\\u00e1 en Gij\\u00f3n hasta el jueves y que est\\u00e1 organizado por la Sociedad\",\"inLanguage\":\"es-ES\",\"isPartOf\":{\"@id\":\"https:\\\/\\\/www.eldigitaldeasturias.com\\\/noticias\\\/#website\"},\"breadcrumb\":{\"@id\":\"https:\\\/\\\/www.eldigitaldeasturias.com\\\/noticias\\\/asturias-acoge-el-sexto-foro-del-sector-metal\\\/#breadcrumblist\"},\"author\":{\"@id\":\"https:\\\/\\\/www.eldigitaldeasturias.com\\\/noticias\\\/author\\\/admin\\\/#author\"},\"creator\":{\"@id\":\"https:\\\/\\\/www.eldigitaldeasturias.com\\\/noticias\\\/author\\\/admin\\\/#author\"},\"image\":{\"@type\":\"ImageObject\",\"url\":\"https:\\\/\\\/www.eldigitaldeasturias.com\\\/noticias\\\/wp-content\\\/uploads\\\/2019\\\/06\\\/foro-sector-metal.jpg\",\"@id\":\"https:\\\/\\\/www.eldigitaldeasturias.com\\\/noticias\\\/asturias-acoge-el-sexto-foro-del-sector-metal\\\/#mainImage\",\"width\":1280,\"height\":720},\"primaryImageOfPage\":{\"@id\":\"https:\\\/\\\/www.eldigitaldeasturias.com\\\/noticias\\\/asturias-acoge-el-sexto-foro-del-sector-metal\\\/#mainImage\"},\"datePublished\":\"2019-06-18T17:40:45+02:00\",\"dateModified\":\"2019-06-18T17:40:45+02:00\"},{\"@type\":\"WebSite\",\"@id\":\"https:\\\/\\\/www.eldigitaldeasturias.com\\\/noticias\\\/#website\",\"url\":\"https:\\\/\\\/www.eldigitaldeasturias.com\\\/noticias\\\/\",\"name\":\"El Digital de Asturias - Diario de actualidad y noticias\",\"alternateName\":\"El Digital de Asturias - Diario de actualidad y noticias\",\"description\":\"Hemeroteca\",\"inLanguage\":\"es-ES\",\"publisher\":{\"@id\":\"https:\\\/\\\/www.eldigitaldeasturias.com\\\/noticias\\\/#organization\"}}]}\n\t\t<\/script>\n\t\t<!-- All in One SEO Pro -->\r\n\t\t<title>Asturias acoge el Sexto Foro del Sector Metal - El Digital de Asturias<\/title>\n\n","aioseo_head_json":{"title":"Asturias acoge el Sexto Foro del Sector Metal - El Digital de Asturias","description":"El VI Foro del Sector Metal re\u00fane desde hoy a 119 compa\u00f1\u00edas internacionales procedentes de 34 pa\u00edses que mantendr\u00e1n m\u00e1s de 1.315 entrevistas con 56 empresas asturianas. El consejero de Empleo, Industria y Turismo, Isaac Pola, ha inaugurado este encuentro que se celebrar\u00e1 en Gij\u00f3n hasta el jueves y que est\u00e1 organizado por la Sociedad","canonical_url":"https:\/\/www.eldigitaldeasturias.com\/noticias\/asturias-acoge-el-sexto-foro-del-sector-metal\/","robots":"max-image-preview:large","keywords":"destacadas,negocios y empresas","webmasterTools":{"google-site-verification":"UA-38556648-1","msvalidate.01":"7dfe9f3f1b24437ab69f4f2559babe99","miscellaneous":""},"schema":{"@context":"https:\/\/schema.org","@graph":[{"@type":"BlogPosting","@id":"https:\/\/www.eldigitaldeasturias.com\/noticias\/asturias-acoge-el-sexto-foro-del-sector-metal\/#blogposting","name":"Asturias acoge el Sexto Foro del Sector Metal - El Digital de Asturias","headline":"Asturias acoge el Sexto Foro del Sector Metal","author":{"@id":"https:\/\/www.eldigitaldeasturias.com\/noticias\/author\/admin\/#author"},"publisher":{"@id":"https:\/\/www.eldigitaldeasturias.com\/noticias\/#organization"},"image":{"@type":"ImageObject","url":"https:\/\/www.eldigitaldeasturias.com\/noticias\/wp-content\/uploads\/2019\/06\/foro-sector-metal.jpg","width":1280,"height":720},"datePublished":"2019-06-18T17:40:45+02:00","dateModified":"2019-06-18T17:40:45+02:00","inLanguage":"es-ES","mainEntityOfPage":{"@id":"https:\/\/www.eldigitaldeasturias.com\/noticias\/asturias-acoge-el-sexto-foro-del-sector-metal\/#webpage"},"isPartOf":{"@id":"https:\/\/www.eldigitaldeasturias.com\/noticias\/asturias-acoge-el-sexto-foro-del-sector-metal\/#webpage"},"articleSection":"Destacadas, Negocios y Empresas"},{"@type":"BreadcrumbList","@id":"https:\/\/www.eldigitaldeasturias.com\/noticias\/asturias-acoge-el-sexto-foro-del-sector-metal\/#breadcrumblist","itemListElement":[{"@type":"ListItem","@id":"https:\/\/www.eldigitaldeasturias.com\/noticias#listItem","position":1,"name":"Home","item":"https:\/\/www.eldigitaldeasturias.com\/noticias","nextItem":{"@type":"ListItem","@id":"https:\/\/www.eldigitaldeasturias.com\/noticias\/category\/destacadas\/#listItem","name":"Destacadas"}},{"@type":"ListItem","@id":"https:\/\/www.eldigitaldeasturias.com\/noticias\/category\/destacadas\/#listItem","position":2,"name":"Destacadas","item":"https:\/\/www.eldigitaldeasturias.com\/noticias\/category\/destacadas\/","nextItem":{"@type":"ListItem","@id":"https:\/\/www.eldigitaldeasturias.com\/noticias\/asturias-acoge-el-sexto-foro-del-sector-metal\/#listItem","name":"Asturias acoge el Sexto Foro del Sector Metal"},"previousItem":{"@type":"ListItem","@id":"https:\/\/www.eldigitaldeasturias.com\/noticias#listItem","name":"Home"}},{"@type":"ListItem","@id":"https:\/\/www.eldigitaldeasturias.com\/noticias\/asturias-acoge-el-sexto-foro-del-sector-metal\/#listItem","position":3,"name":"Asturias acoge el Sexto Foro del Sector Metal","previousItem":{"@type":"ListItem","@id":"https:\/\/www.eldigitaldeasturias.com\/noticias\/category\/destacadas\/#listItem","name":"Destacadas"}}]},{"@type":"Organization","@id":"https:\/\/www.eldigitaldeasturias.com\/noticias\/#organization","name":"El Digital de Asturias","description":"Hemeroteca","url":"https:\/\/www.eldigitaldeasturias.com\/noticias\/","email":"info@eldigitaldeasturias.com","telephone":"+34652131393","logo":{"@type":"ImageObject","url":"https:\/\/www.eldigitaldeasturias.com\/noticias\/wp-content\/uploads\/2020\/12\/EDA.jpg","@id":"https:\/\/www.eldigitaldeasturias.com\/noticias\/asturias-acoge-el-sexto-foro-del-sector-metal\/#organizationLogo","width":649,"height":297},"image":{"@id":"https:\/\/www.eldigitaldeasturias.com\/noticias\/asturias-acoge-el-sexto-foro-del-sector-metal\/#organizationLogo"},"sameAs":["https:\/\/facebook.com\/eldigitaldeasturias","https:\/\/www.youtube.com\/channel\/UCZP-2wLEB9Rv6erhFmqVnvg"],"address":{"@id":"https:\/\/www.eldigitaldeasturias.com\/noticias\/#postaladdress","@type":"PostalAddress","streetAddress":"san antonio 4,","postalCode":"33430","addressLocality":"Cand\u00e1s","addressRegion":"Asturias","addressCountry":"ES"}},{"@type":"Person","@id":"https:\/\/www.eldigitaldeasturias.com\/noticias\/author\/admin\/#author","url":"https:\/\/www.eldigitaldeasturias.com\/noticias\/author\/admin\/","name":"El Digital de Asturias","image":{"@type":"ImageObject","@id":"https:\/\/www.eldigitaldeasturias.com\/noticias\/asturias-acoge-el-sexto-foro-del-sector-metal\/#authorImage","url":"https:\/\/www.eldigitaldeasturias.com\/noticias\/wp-content\/litespeed\/avatar\/18677e78aa0546b92d9dbf31ec7d7668.jpg?ver=1777290358","width":96,"height":96,"caption":"El Digital de Asturias"}},{"@type":"WebPage","@id":"https:\/\/www.eldigitaldeasturias.com\/noticias\/asturias-acoge-el-sexto-foro-del-sector-metal\/#webpage","url":"https:\/\/www.eldigitaldeasturias.com\/noticias\/asturias-acoge-el-sexto-foro-del-sector-metal\/","name":"Asturias acoge el Sexto Foro del Sector Metal - El Digital de Asturias","description":"El VI Foro del Sector Metal re\u00fane desde hoy a 119 compa\u00f1\u00edas internacionales procedentes de 34 pa\u00edses que mantendr\u00e1n m\u00e1s de 1.315 entrevistas con 56 empresas asturianas. El consejero de Empleo, Industria y Turismo, Isaac Pola, ha inaugurado este encuentro que se celebrar\u00e1 en Gij\u00f3n hasta el jueves y que est\u00e1 organizado por la Sociedad","inLanguage":"es-ES","isPartOf":{"@id":"https:\/\/www.eldigitaldeasturias.com\/noticias\/#website"},"breadcrumb":{"@id":"https:\/\/www.eldigitaldeasturias.com\/noticias\/asturias-acoge-el-sexto-foro-del-sector-metal\/#breadcrumblist"},"author":{"@id":"https:\/\/www.eldigitaldeasturias.com\/noticias\/author\/admin\/#author"},"creator":{"@id":"https:\/\/www.eldigitaldeasturias.com\/noticias\/author\/admin\/#author"},"image":{"@type":"ImageObject","url":"https:\/\/www.eldigitaldeasturias.com\/noticias\/wp-content\/uploads\/2019\/06\/foro-sector-metal.jpg","@id":"https:\/\/www.eldigitaldeasturias.com\/noticias\/asturias-acoge-el-sexto-foro-del-sector-metal\/#mainImage","width":1280,"height":720},"primaryImageOfPage":{"@id":"https:\/\/www.eldigitaldeasturias.com\/noticias\/asturias-acoge-el-sexto-foro-del-sector-metal\/#mainImage"},"datePublished":"2019-06-18T17:40:45+02:00","dateModified":"2019-06-18T17:40:45+02:00"},{"@type":"WebSite","@id":"https:\/\/www.eldigitaldeasturias.com\/noticias\/#website","url":"https:\/\/www.eldigitaldeasturias.com\/noticias\/","name":"El Digital de Asturias - Diario de actualidad y noticias","alternateName":"El Digital de Asturias - Diario de actualidad y noticias","description":"Hemeroteca","inLanguage":"es-ES","publisher":{"@id":"https:\/\/www.eldigitaldeasturias.com\/noticias\/#organization"}}]},"og:locale":"es_ES","og:site_name":"El Digital de Asturias","og:type":"article","og:title":"Asturias acoge el Sexto Foro del Sector Metal - El Digital de Asturias","og:description":"El VI Foro del Sector Metal re\u00fane desde hoy a 119 compa\u00f1\u00edas internacionales procedentes de 34 pa\u00edses que mantendr\u00e1n m\u00e1s de 1.315 entrevistas con 56 empresas asturianas. El consejero de Empleo, Industria y Turismo, Isaac Pola, ha inaugurado este encuentro que se celebrar\u00e1 en Gij\u00f3n hasta el jueves y que est\u00e1 organizado por la Sociedad","og:url":"https:\/\/www.eldigitaldeasturias.com\/noticias\/asturias-acoge-el-sexto-foro-del-sector-metal\/","og:image":"https:\/\/www.eldigitaldeasturias.com\/noticias\/wp-content\/uploads\/2019\/06\/foro-sector-metal.jpg","og:image:secure_url":"https:\/\/www.eldigitaldeasturias.com\/noticias\/wp-content\/uploads\/2019\/06\/foro-sector-metal.jpg","og:image:width":1280,"og:image:height":720,"article:tag":["destacadas","negocios y empresas"],"article:published_time":"2019-06-18T17:40:45+00:00","article:modified_time":"2019-06-18T17:40:45+00:00","article:publisher":"https:\/\/facebook.com\/eldigitaldeasturias","twitter:card":"summary_large_image","twitter:title":"Asturias acoge el Sexto Foro del Sector Metal - El Digital de Asturias","twitter:description":"El VI Foro del Sector Metal re\u00fane desde hoy a 119 compa\u00f1\u00edas internacionales procedentes de 34 pa\u00edses que mantendr\u00e1n m\u00e1s de 1.315 entrevistas con 56 empresas asturianas. El consejero de Empleo, Industria y Turismo, Isaac Pola, ha inaugurado este encuentro que se celebrar\u00e1 en Gij\u00f3n hasta el jueves y que est\u00e1 organizado por la Sociedad","twitter:image":"https:\/\/www.eldigitaldeasturias.com\/noticias\/wp-content\/uploads\/2019\/06\/foro-sector-metal.jpg","twitter:label1":"Escrito por","twitter:data1":"El Digital de Asturias","twitter:label2":"Tiempo de lectura estimado","twitter:data2":"3 minutos"},"aioseo_meta_data":{"post_id":"1031389","title":null,"description":null,"keywords":null,"keyphrases":null,"primary_term":null,"canonical_url":null,"og_title":null,"og_description":null,"og_object_type":"default","og_image_type":"default","og_image_url":null,"og_image_width":null,"og_image_height":null,"og_image_custom_url":null,"og_image_custom_fields":null,"og_video":null,"og_custom_url":null,"og_article_section":null,"og_article_tags":null,"twitter_use_og":false,"twitter_card":"default","twitter_image_type":"default","twitter_image_url":null,"twitter_image_custom_url":null,"twitter_image_custom_fields":null,"twitter_title":null,"twitter_description":null,"schema":{"blockGraphs":[],"customGraphs":[],"default":{"data":{"Article":[],"Course":[],"Dataset":[],"FAQPage":[],"Movie":[],"Person":[],"Product":[],"ProductReview":[],"Car":[],"Recipe":[],"Service":[],"SoftwareApplication":[],"WebPage":[]},"graphName":"","isEnabled":true},"graphs":[],"defaultGraph":"","defaultPostTypeGraph":""},"schema_type":null,"schema_type_options":null,"pillar_content":false,"robots_default":true,"robots_noindex":false,"robots_noarchive":false,"robots_nosnippet":false,"robots_nofollow":false,"robots_noimageindex":false,"robots_noodp":false,"robots_notranslate":false,"robots_max_snippet":null,"robots_max_videopreview":null,"robots_max_imagepreview":"large","priority":null,"frequency":null,"local_seo":null,"seo_analyzer_scan_date":"2025-10-18 18:44:07","breadcrumb_settings":null,"limit_modified_date":false,"open_ai":null,"ai":null,"created":"2020-12-21 11:10:21","updated":"2025-10-18 18:44:07"},"aioseo_breadcrumb":"<div class=\"aioseo-breadcrumbs\"><span class=\"aioseo-breadcrumb\">\n\t<a href=\"https:\/\/www.eldigitaldeasturias.com\/noticias\" title=\"Home\">Home<\/a>\n<\/span><span class=\"aioseo-breadcrumb-separator\">\u2013<\/span><span class=\"aioseo-breadcrumb\">\n\t<a href=\"https:\/\/www.eldigitaldeasturias.com\/noticias\/category\/destacadas\/\" title=\"Destacadas\">Destacadas<\/a>\n<\/span><span class=\"aioseo-breadcrumb-separator\">\u2013<\/span><span class=\"aioseo-breadcrumb\">\n\t<a href=\"https:\/\/www.eldigitaldeasturias.com\/noticias\/asturias-acoge-el-sexto-foro-del-sector-metal\/\" title=\"Asturias acoge el Sexto Foro del Sector Metal\">Asturias acoge el Sexto Foro del Sector Metal<\/a>\n<\/span><\/div>","aioseo_breadcrumb_json":[{"label":"Home","link":"https:\/\/www.eldigitaldeasturias.com\/noticias"},{"label":"Destacadas","link":"https:\/\/www.eldigitaldeasturias.com\/noticias\/category\/destacadas\/"},{"label":"Asturias acoge el Sexto Foro del Sector Metal","link":"https:\/\/www.eldigitaldeasturias.com\/noticias\/asturias-acoge-el-sexto-foro-del-sector-metal\/"}],"_links":{"self":[{"href":"https:\/\/www.eldigitaldeasturias.com\/noticias\/wp-json\/wp\/v2\/posts\/1031389","targetHints":{"allow":["GET"]}}],"collection":[{"href":"https:\/\/www.eldigitaldeasturias.com\/noticias\/wp-json\/wp\/v2\/posts"}],"about":[{"href":"https:\/\/www.eldigitaldeasturias.com\/noticias\/wp-json\/wp\/v2\/types\/post"}],"author":[{"embeddable":true,"href":"https:\/\/www.eldigitaldeasturias.com\/noticias\/wp-json\/wp\/v2\/users\/1"}],"replies":[{"embeddable":true,"href":"https:\/\/www.eldigitaldeasturias.com\/noticias\/wp-json\/wp\/v2\/comments?post=1031389"}],"version-history":[{"count":0,"href":"https:\/\/www.eldigitaldeasturias.com\/noticias\/wp-json\/wp\/v2\/posts\/1031389\/revisions"}],"wp:featuredmedia":[{"embeddable":true,"href":"https:\/\/www.eldigitaldeasturias.com\/noticias\/wp-json\/wp\/v2\/media\/1031390"}],"wp:attachment":[{"href":"https:\/\/www.eldigitaldeasturias.com\/noticias\/wp-json\/wp\/v2\/media?parent=1031389"}],"wp:term":[{"taxonomy":"category","embeddable":true,"href":"https:\/\/www.eldigitaldeasturias.com\/noticias\/wp-json\/wp\/v2\/categories?post=1031389"},{"taxonomy":"post_tag","embeddable":true,"href":"https:\/\/www.eldigitaldeasturias.com\/noticias\/wp-json\/wp\/v2\/tags?post=1031389"}],"curies":[{"name":"wp","href":"https:\/\/api.w.org\/{rel}","templated":true}]}}