{"id":1031145,"date":"2019-06-16T10:08:57","date_gmt":"2019-06-16T10:08:57","guid":{"rendered":"https:\/\/www.eldigitaldeasturias.com\/noticias\/?p=1031145"},"modified":"2019-06-16T10:08:57","modified_gmt":"2019-06-16T10:08:57","slug":"copa-america-2019-venezuela-y-peru-empatan-sin-goles","status":"publish","type":"post","link":"https:\/\/www.eldigitaldeasturias.com\/noticias\/copa-america-2019-venezuela-y-peru-empatan-sin-goles\/","title":{"rendered":"Copa Am\u00e9rica 2019: Venezuela y Per\u00fa empatan sin goles"},"content":{"rendered":"<p><img loading=\"lazy\" decoding=\"async\" class=\"alignleft size-medium wp-image-1031146\" src=\"https:\/\/www.eldigitaldeasturias.com\/noticias\/wp-content\/uploads\/2019\/06\/Copa-America-2019-360x284.jpg\" alt=\"\" width=\"360\" height=\"284\" srcset=\"https:\/\/www.eldigitaldeasturias.com\/noticias\/wp-content\/uploads\/2019\/06\/Copa-America-2019-360x284.jpg 360w, https:\/\/www.eldigitaldeasturias.com\/noticias\/wp-content\/uploads\/2019\/06\/Copa-America-2019-768x605.jpg 768w, https:\/\/www.eldigitaldeasturias.com\/noticias\/wp-content\/uploads\/2019\/06\/Copa-America-2019-609x480.jpg 609w, https:\/\/www.eldigitaldeasturias.com\/noticias\/wp-content\/uploads\/2019\/06\/Copa-America-2019.jpg 838w\" sizes=\"auto, (max-width: 360px) 100vw, 360px\" \/>MADRID, 15 Jun. 2019 (Europa Press) &#8211;\u00a0Las selecciones de <strong>Venezuela y Per\u00fa empataron<\/strong> este s\u00e1bado (0-0) <strong>en su debut en la Copa Am\u00e9rica 2019<\/strong> tras un partido, disputado en Porto Alegre, donde destac\u00f3 el portero &#8216;vinotinto&#8217; Wuilker Far\u00ed\u00f1ez, el mejor en los venezolanos para aguantar el cuarto de hora final.<\/p>\n<p>A sus 21 a\u00f1os, el cancerbero venezolano demostr\u00f3 sus hechuras de gran gaurdameta con un final excepcional, m\u00e1s apurado por la tarjeta roja directa que vio su compa\u00f1ero Luis Mago en los \u00faltimos 15 minutos. El empate deja a ambas selecciones en mitad del grupo A, que lidera la anfitriona Brasil.<\/p>\n<p><em>Foto: Kevin Langley\/CSM via ZUMA Wire\/dpa<\/em><\/p>\n<p>&nbsp;<\/p>\n","protected":false},"excerpt":{"rendered":"<p>MADRID, 15 Jun. 2019 (Europa Press) &#8211;\u00a0Las selecciones de Venezuela y Per\u00fa empataron este s\u00e1bado (0-0) en su debut en la Copa Am\u00e9rica 2019 tras un partido, disputado en Porto Alegre, donde destac\u00f3 el portero &#8216;vinotinto&#8217; Wuilker Far\u00ed\u00f1ez, el mejor en los venezolanos para aguantar el cuarto de hora final. A sus 21 a\u00f1os, el [&hellip;]<\/p>\n","protected":false},"author":1,"featured_media":1031146,"comment_status":"closed","ping_status":"closed","sticky":false,"template":"","format":"standard","meta":{"footnotes":""},"categories":[190],"tags":[],"class_list":["post-1031145","post","type-post","status-publish","format-standard","has-post-thumbnail","hentry","category-deportes"],"aioseo_notices":[],"aioseo_head":"\n\t\t<!-- All in One SEO Pro 4.9.6.2 - aioseo.com -->\n\t<meta name=\"description\" content=\"MADRID, 15 Jun. 2019 (Europa Press) - Las selecciones de Venezuela y Per\u00fa empataron este s\u00e1bado (0-0) en su debut en la Copa Am\u00e9rica 2019 tras un partido, disputado en Porto Alegre, donde destac\u00f3 el portero &#039;vinotinto&#039; Wuilker Far\u00ed\u00f1ez, el mejor en los venezolanos para aguantar el cuarto de hora final. A sus 21 a\u00f1os, el\" \/>\n\t<meta name=\"robots\" content=\"max-image-preview:large\" \/>\n\t<meta name=\"author\" content=\"El Digital de Asturias\"\/>\n\t<meta name=\"google-site-verification\" content=\"UA-38556648-1\" \/>\n\t<meta name=\"msvalidate.01\" content=\"7dfe9f3f1b24437ab69f4f2559babe99\" \/>\n\t<meta name=\"keywords\" content=\"deportes\" \/>\n\t<link rel=\"canonical\" href=\"https:\/\/www.eldigitaldeasturias.com\/noticias\/copa-america-2019-venezuela-y-peru-empatan-sin-goles\/\" \/>\n\t<meta name=\"generator\" content=\"All in One SEO Pro (AIOSEO) 4.9.6.2\" \/>\n\t\t<meta property=\"og:locale\" content=\"es_ES\" \/>\n\t\t<meta property=\"og:site_name\" content=\"El Digital de Asturias\" \/>\n\t\t<meta property=\"og:type\" content=\"article\" \/>\n\t\t<meta property=\"og:title\" content=\"Copa Am\u00e9rica 2019: Venezuela y Per\u00fa empatan sin goles - El Digital de Asturias\" \/>\n\t\t<meta property=\"og:description\" content=\"MADRID, 15 Jun. 2019 (Europa Press) - Las selecciones de Venezuela y Per\u00fa empataron este s\u00e1bado (0-0) en su debut en la Copa Am\u00e9rica 2019 tras un partido, disputado en Porto Alegre, donde destac\u00f3 el portero &#039;vinotinto&#039; Wuilker Far\u00ed\u00f1ez, el mejor en los venezolanos para aguantar el cuarto de hora final. A sus 21 a\u00f1os, el\" \/>\n\t\t<meta property=\"og:url\" content=\"https:\/\/www.eldigitaldeasturias.com\/noticias\/copa-america-2019-venezuela-y-peru-empatan-sin-goles\/\" \/>\n\t\t<meta property=\"og:image\" content=\"https:\/\/www.eldigitaldeasturias.com\/noticias\/wp-content\/uploads\/2019\/06\/Copa-America-2019.jpg\" \/>\n\t\t<meta property=\"og:image:secure_url\" content=\"https:\/\/www.eldigitaldeasturias.com\/noticias\/wp-content\/uploads\/2019\/06\/Copa-America-2019.jpg\" \/>\n\t\t<meta property=\"og:image:width\" content=\"838\" \/>\n\t\t<meta property=\"og:image:height\" content=\"660\" \/>\n\t\t<meta property=\"article:tag\" content=\"deportes\" \/>\n\t\t<meta property=\"article:published_time\" content=\"2019-06-16T10:08:57+00:00\" \/>\n\t\t<meta property=\"article:modified_time\" content=\"2019-06-16T10:08:57+00:00\" \/>\n\t\t<meta property=\"article:publisher\" content=\"https:\/\/facebook.com\/eldigitaldeasturias\" \/>\n\t\t<meta name=\"twitter:card\" content=\"summary_large_image\" \/>\n\t\t<meta name=\"twitter:title\" content=\"Copa Am\u00e9rica 2019: Venezuela y Per\u00fa empatan sin goles - El Digital de Asturias\" \/>\n\t\t<meta name=\"twitter:description\" content=\"MADRID, 15 Jun. 2019 (Europa Press) - Las selecciones de Venezuela y Per\u00fa empataron este s\u00e1bado (0-0) en su debut en la Copa Am\u00e9rica 2019 tras un partido, disputado en Porto Alegre, donde destac\u00f3 el portero &#039;vinotinto&#039; Wuilker Far\u00ed\u00f1ez, el mejor en los venezolanos para aguantar el cuarto de hora final. A sus 21 a\u00f1os, el\" \/>\n\t\t<meta name=\"twitter:image\" content=\"https:\/\/www.eldigitaldeasturias.com\/noticias\/wp-content\/uploads\/2019\/06\/Copa-America-2019.jpg\" \/>\n\t\t<meta name=\"twitter:label1\" content=\"Escrito por\" \/>\n\t\t<meta name=\"twitter:data1\" content=\"El Digital de Asturias\" \/>\n\t\t<meta name=\"twitter:label2\" content=\"Tiempo de lectura estimado\" \/>\n\t\t<meta name=\"twitter:data2\" content=\"1 minuto\" \/>\n\t\t<script type=\"application\/ld+json\" class=\"aioseo-schema\">\n\t\t\t{\"@context\":\"https:\\\/\\\/schema.org\",\"@graph\":[{\"@type\":\"BlogPosting\",\"@id\":\"https:\\\/\\\/www.eldigitaldeasturias.com\\\/noticias\\\/copa-america-2019-venezuela-y-peru-empatan-sin-goles\\\/#blogposting\",\"name\":\"Copa Am\\u00e9rica 2019: Venezuela y Per\\u00fa empatan sin goles - El Digital de Asturias\",\"headline\":\"Copa Am\\u00e9rica 2019: Venezuela y Per\\u00fa empatan sin goles\",\"author\":{\"@id\":\"https:\\\/\\\/www.eldigitaldeasturias.com\\\/noticias\\\/author\\\/admin\\\/#author\"},\"publisher\":{\"@id\":\"https:\\\/\\\/www.eldigitaldeasturias.com\\\/noticias\\\/#organization\"},\"image\":{\"@type\":\"ImageObject\",\"url\":\"https:\\\/\\\/www.eldigitaldeasturias.com\\\/noticias\\\/wp-content\\\/uploads\\\/2019\\\/06\\\/Copa-America-2019.jpg\",\"width\":838,\"height\":660},\"datePublished\":\"2019-06-16T10:08:57+02:00\",\"dateModified\":\"2019-06-16T10:08:57+02:00\",\"inLanguage\":\"es-ES\",\"mainEntityOfPage\":{\"@id\":\"https:\\\/\\\/www.eldigitaldeasturias.com\\\/noticias\\\/copa-america-2019-venezuela-y-peru-empatan-sin-goles\\\/#webpage\"},\"isPartOf\":{\"@id\":\"https:\\\/\\\/www.eldigitaldeasturias.com\\\/noticias\\\/copa-america-2019-venezuela-y-peru-empatan-sin-goles\\\/#webpage\"},\"articleSection\":\"Deportes\"},{\"@type\":\"BreadcrumbList\",\"@id\":\"https:\\\/\\\/www.eldigitaldeasturias.com\\\/noticias\\\/copa-america-2019-venezuela-y-peru-empatan-sin-goles\\\/#breadcrumblist\",\"itemListElement\":[{\"@type\":\"ListItem\",\"@id\":\"https:\\\/\\\/www.eldigitaldeasturias.com\\\/noticias#listItem\",\"position\":1,\"name\":\"Home\",\"item\":\"https:\\\/\\\/www.eldigitaldeasturias.com\\\/noticias\",\"nextItem\":{\"@type\":\"ListItem\",\"@id\":\"https:\\\/\\\/www.eldigitaldeasturias.com\\\/noticias\\\/category\\\/deportes\\\/#listItem\",\"name\":\"Deportes\"}},{\"@type\":\"ListItem\",\"@id\":\"https:\\\/\\\/www.eldigitaldeasturias.com\\\/noticias\\\/category\\\/deportes\\\/#listItem\",\"position\":2,\"name\":\"Deportes\",\"item\":\"https:\\\/\\\/www.eldigitaldeasturias.com\\\/noticias\\\/category\\\/deportes\\\/\",\"nextItem\":{\"@type\":\"ListItem\",\"@id\":\"https:\\\/\\\/www.eldigitaldeasturias.com\\\/noticias\\\/copa-america-2019-venezuela-y-peru-empatan-sin-goles\\\/#listItem\",\"name\":\"Copa Am\\u00e9rica 2019: Venezuela y Per\\u00fa empatan sin goles\"},\"previousItem\":{\"@type\":\"ListItem\",\"@id\":\"https:\\\/\\\/www.eldigitaldeasturias.com\\\/noticias#listItem\",\"name\":\"Home\"}},{\"@type\":\"ListItem\",\"@id\":\"https:\\\/\\\/www.eldigitaldeasturias.com\\\/noticias\\\/copa-america-2019-venezuela-y-peru-empatan-sin-goles\\\/#listItem\",\"position\":3,\"name\":\"Copa Am\\u00e9rica 2019: Venezuela y Per\\u00fa empatan sin goles\",\"previousItem\":{\"@type\":\"ListItem\",\"@id\":\"https:\\\/\\\/www.eldigitaldeasturias.com\\\/noticias\\\/category\\\/deportes\\\/#listItem\",\"name\":\"Deportes\"}}]},{\"@type\":\"Organization\",\"@id\":\"https:\\\/\\\/www.eldigitaldeasturias.com\\\/noticias\\\/#organization\",\"name\":\"El Digital de Asturias\",\"description\":\"Hemeroteca\",\"url\":\"https:\\\/\\\/www.eldigitaldeasturias.com\\\/noticias\\\/\",\"email\":\"info@eldigitaldeasturias.com\",\"telephone\":\"+34652131393\",\"logo\":{\"@type\":\"ImageObject\",\"url\":\"https:\\\/\\\/www.eldigitaldeasturias.com\\\/noticias\\\/wp-content\\\/uploads\\\/2020\\\/12\\\/EDA.jpg\",\"@id\":\"https:\\\/\\\/www.eldigitaldeasturias.com\\\/noticias\\\/copa-america-2019-venezuela-y-peru-empatan-sin-goles\\\/#organizationLogo\",\"width\":649,\"height\":297},\"image\":{\"@id\":\"https:\\\/\\\/www.eldigitaldeasturias.com\\\/noticias\\\/copa-america-2019-venezuela-y-peru-empatan-sin-goles\\\/#organizationLogo\"},\"sameAs\":[\"https:\\\/\\\/facebook.com\\\/eldigitaldeasturias\",\"https:\\\/\\\/www.youtube.com\\\/channel\\\/UCZP-2wLEB9Rv6erhFmqVnvg\"],\"address\":{\"@id\":\"https:\\\/\\\/www.eldigitaldeasturias.com\\\/noticias\\\/#postaladdress\",\"@type\":\"PostalAddress\",\"streetAddress\":\"san antonio 4,\",\"postalCode\":\"33430\",\"addressLocality\":\"Cand\\u00e1s\",\"addressRegion\":\"Asturias\",\"addressCountry\":\"ES\"}},{\"@type\":\"Person\",\"@id\":\"https:\\\/\\\/www.eldigitaldeasturias.com\\\/noticias\\\/author\\\/admin\\\/#author\",\"url\":\"https:\\\/\\\/www.eldigitaldeasturias.com\\\/noticias\\\/author\\\/admin\\\/\",\"name\":\"El Digital de Asturias\",\"image\":{\"@type\":\"ImageObject\",\"@id\":\"https:\\\/\\\/www.eldigitaldeasturias.com\\\/noticias\\\/copa-america-2019-venezuela-y-peru-empatan-sin-goles\\\/#authorImage\",\"url\":\"https:\\\/\\\/www.eldigitaldeasturias.com\\\/noticias\\\/wp-content\\\/litespeed\\\/avatar\\\/18677e78aa0546b92d9dbf31ec7d7668.jpg?ver=1777290358\",\"width\":96,\"height\":96,\"caption\":\"El Digital de Asturias\"}},{\"@type\":\"WebPage\",\"@id\":\"https:\\\/\\\/www.eldigitaldeasturias.com\\\/noticias\\\/copa-america-2019-venezuela-y-peru-empatan-sin-goles\\\/#webpage\",\"url\":\"https:\\\/\\\/www.eldigitaldeasturias.com\\\/noticias\\\/copa-america-2019-venezuela-y-peru-empatan-sin-goles\\\/\",\"name\":\"Copa Am\\u00e9rica 2019: Venezuela y Per\\u00fa empatan sin goles - El Digital de Asturias\",\"description\":\"MADRID, 15 Jun. 2019 (Europa Press) - Las selecciones de Venezuela y Per\\u00fa empataron este s\\u00e1bado (0-0) en su debut en la Copa Am\\u00e9rica 2019 tras un partido, disputado en Porto Alegre, donde destac\\u00f3 el portero 'vinotinto' Wuilker Far\\u00ed\\u00f1ez, el mejor en los venezolanos para aguantar el cuarto de hora final. A sus 21 a\\u00f1os, el\",\"inLanguage\":\"es-ES\",\"isPartOf\":{\"@id\":\"https:\\\/\\\/www.eldigitaldeasturias.com\\\/noticias\\\/#website\"},\"breadcrumb\":{\"@id\":\"https:\\\/\\\/www.eldigitaldeasturias.com\\\/noticias\\\/copa-america-2019-venezuela-y-peru-empatan-sin-goles\\\/#breadcrumblist\"},\"author\":{\"@id\":\"https:\\\/\\\/www.eldigitaldeasturias.com\\\/noticias\\\/author\\\/admin\\\/#author\"},\"creator\":{\"@id\":\"https:\\\/\\\/www.eldigitaldeasturias.com\\\/noticias\\\/author\\\/admin\\\/#author\"},\"image\":{\"@type\":\"ImageObject\",\"url\":\"https:\\\/\\\/www.eldigitaldeasturias.com\\\/noticias\\\/wp-content\\\/uploads\\\/2019\\\/06\\\/Copa-America-2019.jpg\",\"@id\":\"https:\\\/\\\/www.eldigitaldeasturias.com\\\/noticias\\\/copa-america-2019-venezuela-y-peru-empatan-sin-goles\\\/#mainImage\",\"width\":838,\"height\":660},\"primaryImageOfPage\":{\"@id\":\"https:\\\/\\\/www.eldigitaldeasturias.com\\\/noticias\\\/copa-america-2019-venezuela-y-peru-empatan-sin-goles\\\/#mainImage\"},\"datePublished\":\"2019-06-16T10:08:57+02:00\",\"dateModified\":\"2019-06-16T10:08:57+02:00\"},{\"@type\":\"WebSite\",\"@id\":\"https:\\\/\\\/www.eldigitaldeasturias.com\\\/noticias\\\/#website\",\"url\":\"https:\\\/\\\/www.eldigitaldeasturias.com\\\/noticias\\\/\",\"name\":\"El Digital de Asturias - Diario de actualidad y noticias\",\"alternateName\":\"El Digital de Asturias - Diario de actualidad y noticias\",\"description\":\"Hemeroteca\",\"inLanguage\":\"es-ES\",\"publisher\":{\"@id\":\"https:\\\/\\\/www.eldigitaldeasturias.com\\\/noticias\\\/#organization\"}}]}\n\t\t<\/script>\n\t\t<!-- All in One SEO Pro -->\r\n\t\t<title>Copa Am\u00e9rica 2019: Venezuela y Per\u00fa empatan sin goles - El Digital de Asturias<\/title>\n\n","aioseo_head_json":{"title":"Copa Am\u00e9rica 2019: Venezuela y Per\u00fa empatan sin goles - El Digital de Asturias","description":"MADRID, 15 Jun. 2019 (Europa Press) - Las selecciones de Venezuela y Per\u00fa empataron este s\u00e1bado (0-0) en su debut en la Copa Am\u00e9rica 2019 tras un partido, disputado en Porto Alegre, donde destac\u00f3 el portero 'vinotinto' Wuilker Far\u00ed\u00f1ez, el mejor en los venezolanos para aguantar el cuarto de hora final. A sus 21 a\u00f1os, el","canonical_url":"https:\/\/www.eldigitaldeasturias.com\/noticias\/copa-america-2019-venezuela-y-peru-empatan-sin-goles\/","robots":"max-image-preview:large","keywords":"deportes","webmasterTools":{"google-site-verification":"UA-38556648-1","msvalidate.01":"7dfe9f3f1b24437ab69f4f2559babe99","miscellaneous":""},"schema":{"@context":"https:\/\/schema.org","@graph":[{"@type":"BlogPosting","@id":"https:\/\/www.eldigitaldeasturias.com\/noticias\/copa-america-2019-venezuela-y-peru-empatan-sin-goles\/#blogposting","name":"Copa Am\u00e9rica 2019: Venezuela y Per\u00fa empatan sin goles - El Digital de Asturias","headline":"Copa Am\u00e9rica 2019: Venezuela y Per\u00fa empatan sin goles","author":{"@id":"https:\/\/www.eldigitaldeasturias.com\/noticias\/author\/admin\/#author"},"publisher":{"@id":"https:\/\/www.eldigitaldeasturias.com\/noticias\/#organization"},"image":{"@type":"ImageObject","url":"https:\/\/www.eldigitaldeasturias.com\/noticias\/wp-content\/uploads\/2019\/06\/Copa-America-2019.jpg","width":838,"height":660},"datePublished":"2019-06-16T10:08:57+02:00","dateModified":"2019-06-16T10:08:57+02:00","inLanguage":"es-ES","mainEntityOfPage":{"@id":"https:\/\/www.eldigitaldeasturias.com\/noticias\/copa-america-2019-venezuela-y-peru-empatan-sin-goles\/#webpage"},"isPartOf":{"@id":"https:\/\/www.eldigitaldeasturias.com\/noticias\/copa-america-2019-venezuela-y-peru-empatan-sin-goles\/#webpage"},"articleSection":"Deportes"},{"@type":"BreadcrumbList","@id":"https:\/\/www.eldigitaldeasturias.com\/noticias\/copa-america-2019-venezuela-y-peru-empatan-sin-goles\/#breadcrumblist","itemListElement":[{"@type":"ListItem","@id":"https:\/\/www.eldigitaldeasturias.com\/noticias#listItem","position":1,"name":"Home","item":"https:\/\/www.eldigitaldeasturias.com\/noticias","nextItem":{"@type":"ListItem","@id":"https:\/\/www.eldigitaldeasturias.com\/noticias\/category\/deportes\/#listItem","name":"Deportes"}},{"@type":"ListItem","@id":"https:\/\/www.eldigitaldeasturias.com\/noticias\/category\/deportes\/#listItem","position":2,"name":"Deportes","item":"https:\/\/www.eldigitaldeasturias.com\/noticias\/category\/deportes\/","nextItem":{"@type":"ListItem","@id":"https:\/\/www.eldigitaldeasturias.com\/noticias\/copa-america-2019-venezuela-y-peru-empatan-sin-goles\/#listItem","name":"Copa Am\u00e9rica 2019: Venezuela y Per\u00fa empatan sin goles"},"previousItem":{"@type":"ListItem","@id":"https:\/\/www.eldigitaldeasturias.com\/noticias#listItem","name":"Home"}},{"@type":"ListItem","@id":"https:\/\/www.eldigitaldeasturias.com\/noticias\/copa-america-2019-venezuela-y-peru-empatan-sin-goles\/#listItem","position":3,"name":"Copa Am\u00e9rica 2019: Venezuela y Per\u00fa empatan sin goles","previousItem":{"@type":"ListItem","@id":"https:\/\/www.eldigitaldeasturias.com\/noticias\/category\/deportes\/#listItem","name":"Deportes"}}]},{"@type":"Organization","@id":"https:\/\/www.eldigitaldeasturias.com\/noticias\/#organization","name":"El Digital de Asturias","description":"Hemeroteca","url":"https:\/\/www.eldigitaldeasturias.com\/noticias\/","email":"info@eldigitaldeasturias.com","telephone":"+34652131393","logo":{"@type":"ImageObject","url":"https:\/\/www.eldigitaldeasturias.com\/noticias\/wp-content\/uploads\/2020\/12\/EDA.jpg","@id":"https:\/\/www.eldigitaldeasturias.com\/noticias\/copa-america-2019-venezuela-y-peru-empatan-sin-goles\/#organizationLogo","width":649,"height":297},"image":{"@id":"https:\/\/www.eldigitaldeasturias.com\/noticias\/copa-america-2019-venezuela-y-peru-empatan-sin-goles\/#organizationLogo"},"sameAs":["https:\/\/facebook.com\/eldigitaldeasturias","https:\/\/www.youtube.com\/channel\/UCZP-2wLEB9Rv6erhFmqVnvg"],"address":{"@id":"https:\/\/www.eldigitaldeasturias.com\/noticias\/#postaladdress","@type":"PostalAddress","streetAddress":"san antonio 4,","postalCode":"33430","addressLocality":"Cand\u00e1s","addressRegion":"Asturias","addressCountry":"ES"}},{"@type":"Person","@id":"https:\/\/www.eldigitaldeasturias.com\/noticias\/author\/admin\/#author","url":"https:\/\/www.eldigitaldeasturias.com\/noticias\/author\/admin\/","name":"El Digital de Asturias","image":{"@type":"ImageObject","@id":"https:\/\/www.eldigitaldeasturias.com\/noticias\/copa-america-2019-venezuela-y-peru-empatan-sin-goles\/#authorImage","url":"https:\/\/www.eldigitaldeasturias.com\/noticias\/wp-content\/litespeed\/avatar\/18677e78aa0546b92d9dbf31ec7d7668.jpg?ver=1777290358","width":96,"height":96,"caption":"El Digital de Asturias"}},{"@type":"WebPage","@id":"https:\/\/www.eldigitaldeasturias.com\/noticias\/copa-america-2019-venezuela-y-peru-empatan-sin-goles\/#webpage","url":"https:\/\/www.eldigitaldeasturias.com\/noticias\/copa-america-2019-venezuela-y-peru-empatan-sin-goles\/","name":"Copa Am\u00e9rica 2019: Venezuela y Per\u00fa empatan sin goles - El Digital de Asturias","description":"MADRID, 15 Jun. 2019 (Europa Press) - Las selecciones de Venezuela y Per\u00fa empataron este s\u00e1bado (0-0) en su debut en la Copa Am\u00e9rica 2019 tras un partido, disputado en Porto Alegre, donde destac\u00f3 el portero 'vinotinto' Wuilker Far\u00ed\u00f1ez, el mejor en los venezolanos para aguantar el cuarto de hora final. A sus 21 a\u00f1os, el","inLanguage":"es-ES","isPartOf":{"@id":"https:\/\/www.eldigitaldeasturias.com\/noticias\/#website"},"breadcrumb":{"@id":"https:\/\/www.eldigitaldeasturias.com\/noticias\/copa-america-2019-venezuela-y-peru-empatan-sin-goles\/#breadcrumblist"},"author":{"@id":"https:\/\/www.eldigitaldeasturias.com\/noticias\/author\/admin\/#author"},"creator":{"@id":"https:\/\/www.eldigitaldeasturias.com\/noticias\/author\/admin\/#author"},"image":{"@type":"ImageObject","url":"https:\/\/www.eldigitaldeasturias.com\/noticias\/wp-content\/uploads\/2019\/06\/Copa-America-2019.jpg","@id":"https:\/\/www.eldigitaldeasturias.com\/noticias\/copa-america-2019-venezuela-y-peru-empatan-sin-goles\/#mainImage","width":838,"height":660},"primaryImageOfPage":{"@id":"https:\/\/www.eldigitaldeasturias.com\/noticias\/copa-america-2019-venezuela-y-peru-empatan-sin-goles\/#mainImage"},"datePublished":"2019-06-16T10:08:57+02:00","dateModified":"2019-06-16T10:08:57+02:00"},{"@type":"WebSite","@id":"https:\/\/www.eldigitaldeasturias.com\/noticias\/#website","url":"https:\/\/www.eldigitaldeasturias.com\/noticias\/","name":"El Digital de Asturias - Diario de actualidad y noticias","alternateName":"El Digital de Asturias - Diario de actualidad y noticias","description":"Hemeroteca","inLanguage":"es-ES","publisher":{"@id":"https:\/\/www.eldigitaldeasturias.com\/noticias\/#organization"}}]},"og:locale":"es_ES","og:site_name":"El Digital de Asturias","og:type":"article","og:title":"Copa Am\u00e9rica 2019: Venezuela y Per\u00fa empatan sin goles - El Digital de Asturias","og:description":"MADRID, 15 Jun. 2019 (Europa Press) - Las selecciones de Venezuela y Per\u00fa empataron este s\u00e1bado (0-0) en su debut en la Copa Am\u00e9rica 2019 tras un partido, disputado en Porto Alegre, donde destac\u00f3 el portero 'vinotinto' Wuilker Far\u00ed\u00f1ez, el mejor en los venezolanos para aguantar el cuarto de hora final. A sus 21 a\u00f1os, el","og:url":"https:\/\/www.eldigitaldeasturias.com\/noticias\/copa-america-2019-venezuela-y-peru-empatan-sin-goles\/","og:image":"https:\/\/www.eldigitaldeasturias.com\/noticias\/wp-content\/uploads\/2019\/06\/Copa-America-2019.jpg","og:image:secure_url":"https:\/\/www.eldigitaldeasturias.com\/noticias\/wp-content\/uploads\/2019\/06\/Copa-America-2019.jpg","og:image:width":838,"og:image:height":660,"article:tag":["deportes"],"article:published_time":"2019-06-16T10:08:57+00:00","article:modified_time":"2019-06-16T10:08:57+00:00","article:publisher":"https:\/\/facebook.com\/eldigitaldeasturias","twitter:card":"summary_large_image","twitter:title":"Copa Am\u00e9rica 2019: Venezuela y Per\u00fa empatan sin goles - El Digital de Asturias","twitter:description":"MADRID, 15 Jun. 2019 (Europa Press) - Las selecciones de Venezuela y Per\u00fa empataron este s\u00e1bado (0-0) en su debut en la Copa Am\u00e9rica 2019 tras un partido, disputado en Porto Alegre, donde destac\u00f3 el portero 'vinotinto' Wuilker Far\u00ed\u00f1ez, el mejor en los venezolanos para aguantar el cuarto de hora final. A sus 21 a\u00f1os, el","twitter:image":"https:\/\/www.eldigitaldeasturias.com\/noticias\/wp-content\/uploads\/2019\/06\/Copa-America-2019.jpg","twitter:label1":"Escrito por","twitter:data1":"El Digital de Asturias","twitter:label2":"Tiempo de lectura estimado","twitter:data2":"1 minuto"},"aioseo_meta_data":{"post_id":"1031145","title":null,"description":null,"keywords":null,"keyphrases":null,"primary_term":null,"canonical_url":null,"og_title":null,"og_description":null,"og_object_type":"default","og_image_type":"default","og_image_url":null,"og_image_width":null,"og_image_height":null,"og_image_custom_url":null,"og_image_custom_fields":null,"og_video":null,"og_custom_url":null,"og_article_section":null,"og_article_tags":null,"twitter_use_og":false,"twitter_card":"default","twitter_image_type":"default","twitter_image_url":null,"twitter_image_custom_url":null,"twitter_image_custom_fields":null,"twitter_title":null,"twitter_description":null,"schema":{"blockGraphs":[],"customGraphs":[],"default":{"data":{"Article":[],"Course":[],"Dataset":[],"FAQPage":[],"Movie":[],"Person":[],"Product":[],"ProductReview":[],"Car":[],"Recipe":[],"Service":[],"SoftwareApplication":[],"WebPage":[]},"graphName":"","isEnabled":true},"graphs":[],"defaultGraph":"","defaultPostTypeGraph":""},"schema_type":null,"schema_type_options":null,"pillar_content":false,"robots_default":true,"robots_noindex":false,"robots_noarchive":false,"robots_nosnippet":false,"robots_nofollow":false,"robots_noimageindex":false,"robots_noodp":false,"robots_notranslate":false,"robots_max_snippet":null,"robots_max_videopreview":null,"robots_max_imagepreview":"large","priority":null,"frequency":null,"local_seo":null,"seo_analyzer_scan_date":"2025-10-18 18:00:12","breadcrumb_settings":null,"limit_modified_date":false,"open_ai":null,"ai":null,"created":"2020-12-21 11:10:22","updated":"2025-10-18 18:00:12"},"aioseo_breadcrumb":"<div class=\"aioseo-breadcrumbs\"><span class=\"aioseo-breadcrumb\">\n\t<a href=\"https:\/\/www.eldigitaldeasturias.com\/noticias\" title=\"Home\">Home<\/a>\n<\/span><span class=\"aioseo-breadcrumb-separator\">\u2013<\/span><span class=\"aioseo-breadcrumb\">\n\t<a href=\"https:\/\/www.eldigitaldeasturias.com\/noticias\/category\/deportes\/\" title=\"Deportes\">Deportes<\/a>\n<\/span><span class=\"aioseo-breadcrumb-separator\">\u2013<\/span><span class=\"aioseo-breadcrumb\">\n\t<a href=\"https:\/\/www.eldigitaldeasturias.com\/noticias\/copa-america-2019-venezuela-y-peru-empatan-sin-goles\/\" title=\"Copa Am\u00e9rica 2019: Venezuela y Per\u00fa empatan sin goles\">Copa Am\u00e9rica 2019: Venezuela y Per\u00fa empatan sin goles<\/a>\n<\/span><\/div>","aioseo_breadcrumb_json":[{"label":"Home","link":"https:\/\/www.eldigitaldeasturias.com\/noticias"},{"label":"Deportes","link":"https:\/\/www.eldigitaldeasturias.com\/noticias\/category\/deportes\/"},{"label":"Copa Am\u00e9rica 2019: Venezuela y Per\u00fa empatan sin goles","link":"https:\/\/www.eldigitaldeasturias.com\/noticias\/copa-america-2019-venezuela-y-peru-empatan-sin-goles\/"}],"_links":{"self":[{"href":"https:\/\/www.eldigitaldeasturias.com\/noticias\/wp-json\/wp\/v2\/posts\/1031145","targetHints":{"allow":["GET"]}}],"collection":[{"href":"https:\/\/www.eldigitaldeasturias.com\/noticias\/wp-json\/wp\/v2\/posts"}],"about":[{"href":"https:\/\/www.eldigitaldeasturias.com\/noticias\/wp-json\/wp\/v2\/types\/post"}],"author":[{"embeddable":true,"href":"https:\/\/www.eldigitaldeasturias.com\/noticias\/wp-json\/wp\/v2\/users\/1"}],"replies":[{"embeddable":true,"href":"https:\/\/www.eldigitaldeasturias.com\/noticias\/wp-json\/wp\/v2\/comments?post=1031145"}],"version-history":[{"count":0,"href":"https:\/\/www.eldigitaldeasturias.com\/noticias\/wp-json\/wp\/v2\/posts\/1031145\/revisions"}],"wp:featuredmedia":[{"embeddable":true,"href":"https:\/\/www.eldigitaldeasturias.com\/noticias\/wp-json\/wp\/v2\/media\/1031146"}],"wp:attachment":[{"href":"https:\/\/www.eldigitaldeasturias.com\/noticias\/wp-json\/wp\/v2\/media?parent=1031145"}],"wp:term":[{"taxonomy":"category","embeddable":true,"href":"https:\/\/www.eldigitaldeasturias.com\/noticias\/wp-json\/wp\/v2\/categories?post=1031145"},{"taxonomy":"post_tag","embeddable":true,"href":"https:\/\/www.eldigitaldeasturias.com\/noticias\/wp-json\/wp\/v2\/tags?post=1031145"}],"curies":[{"name":"wp","href":"https:\/\/api.w.org\/{rel}","templated":true}]}}