{"id":1031106,"date":"2019-06-15T17:12:06","date_gmt":"2019-06-15T17:12:06","guid":{"rendered":"https:\/\/www.eldigitaldeasturias.com\/noticias\/?p=1031106"},"modified":"2019-06-15T17:12:06","modified_gmt":"2019-06-15T17:12:06","slug":"borussia-dortmund-abre-la-puerta-a-un-regreso-de-hummels","status":"publish","type":"post","link":"https:\/\/www.eldigitaldeasturias.com\/noticias\/borussia-dortmund-abre-la-puerta-a-un-regreso-de-hummels\/","title":{"rendered":"Borussia Dortmund abre la puerta a un regreso de Hummels"},"content":{"rendered":"<p><img loading=\"lazy\" decoding=\"async\" class=\"alignleft size-medium wp-image-988327\" src=\"https:\/\/www.eldigitaldeasturias.com\/noticias\/wp-content\/uploads\/2018\/07\/football-fans-797383_960_720-335x320.jpg\" alt=\"\" width=\"335\" height=\"320\" srcset=\"https:\/\/www.eldigitaldeasturias.com\/noticias\/wp-content\/uploads\/2018\/07\/football-fans-797383_960_720-335x320.jpg 335w, https:\/\/www.eldigitaldeasturias.com\/noticias\/wp-content\/uploads\/2018\/07\/football-fans-797383_960_720-502x480.jpg 502w, https:\/\/www.eldigitaldeasturias.com\/noticias\/wp-content\/uploads\/2018\/07\/football-fans-797383_960_720-396x377.jpg 396w, https:\/\/www.eldigitaldeasturias.com\/noticias\/wp-content\/uploads\/2018\/07\/football-fans-797383_960_720.jpg 753w\" sizes=\"auto, (max-width: 335px) 100vw, 335px\" \/>M\u00fanich, 15 jun (dpa) &#8211; El posible regreso de <strong>Mats Hummels<\/strong> al Borussia Dortmund pone en peligro la continuidad del <strong>\u00abThoMats Challenge\u00bb<\/strong>, los clips con duelos divertidos que el jugador del Bayern M\u00fanich protagoniza junto con su compa\u00f1ero b\u00e1varo <strong>Thomas M\u00fcller<\/strong>, seg\u00fan revelan hoy los diarios \u00abBild\u00bb y \u00abSport Bild\u00bb.<\/p>\n<p>De acuerdo con la fuente, el Borussia Dortmund ya ha manifestado su inter\u00e9s por el ex defensor nacional. Al parecer, el entrenador del Bayern M\u00fanich, <strong>Niko Kovac,<\/strong> acept\u00f3 una posible venta del jugador de 30 a\u00f1os.<\/p>\n<p>El director deportivo del Dortmund, <strong>Michael Zorc<\/strong>, no quiso \u00abcomentar los rumores en este momento\u00bb.<\/p>\n<p>El regreso a su antiguo equipo, en el que jug\u00f3 de 2008 a 2016, podr\u00eda ser un muy buen desaf\u00edo para Hummels. En el \u00faltimo tiempo en M\u00fanich debi\u00f3 ceder su puesto en la defensa central a <strong>Niklas S\u00fcle<\/strong> y ocup\u00f3 m\u00e1s a menudo el banco de suplentes.<\/p>\n<p>En la pr\u00f3xima temporada, tras el receso de verano (boreal), las nuevas adquisiciones amenazar\u00e1n a\u00fan m\u00e1s la continuidad del veterano jugador. <strong>Lucas Hern\u00e1ndez<\/strong>, proveniente del Atl\u00e9tico de Madrid por 80 millones de euros, y <strong>Benjam\u00edn Pavard<\/strong>, del Stuttgart, conformar\u00e1n junto a <strong>S\u00fcle<\/strong> la futura defensa del Bayern.<\/p>\n<p><strong>Hummels representa el pasado<\/strong>. Tras 70 partidos internacionales, el seleccionador alem\u00e1n Joachim L\u00f6w ya no lo tienen m\u00e1s en cuenta para la \u00abMannschaft\u00bb desde marzo, como as\u00ed tampoco a M\u00fcller y J\u00e9r\u00f4me Boateng, a quien los b\u00e1varos tambi\u00e9n dejar\u00edan ir.<\/p>\n<p>Hummels ha sido objeto de frecuentes cr\u00edticas en el \u00faltimo tiempo, sobre todo por la falta de velocidad. El contrato del defensor en M\u00fanich se extiende hasta 2021 y su valor actual en el mercado se sit\u00faa en torno a los 35 millones de euros (unos 39 millones de d\u00f3lares). Sin embargo, seg\u00fan \u00abBild\u00bb y \u00abSport Bild\u00bb, el equipo de M\u00fanich aceptar\u00eda un pago de entre 15 y 20 millones de euros por el jugador.<\/p>\n<p>Hummels, ganador de varios t\u00edtulos, podr\u00eda transmitir en Dortmund la experiencia que tal vez le haya faltado a los jugadores m\u00e1s j\u00f3venes para ganar el campeonato la reciente temporada. Junto con el capit\u00e1n Marco Reus en la delantera, el belga Axel Witsel en el mediocampo y el guardameta Roman B\u00fcrki, Hummels podr\u00eda asumir el liderazgo en la defensa.<\/p>\n<p><strong>La cuesti\u00f3n ahora es si Hummels quiere seguir el mismo camino<\/strong>. Seg\u00fan los medios, probablemente tendr\u00eda que recortar su salario, y su despedida del Dortmund hace tres a\u00f1os no fue la mejor. El entonces entrenador Thomas Tuchel responsabiliz\u00f3 al ex capit\u00e1n por la derrota en la final de la Copa Alemana contra el Bayern M\u00fanich. \u00ab\u00c9l puede hacerlo mejor\u00bb, dijo.<\/p>\n<p>Pero Tuchel hace tiempo que se fue y <strong>el Borussia se ha renovado<\/strong>. Ya en la temporada anterior, bajo la direcci\u00f3n de <strong>Lucien Favre<\/strong>, estuvo cerca de ganar el campeonato. Hummels probablemente tenga un puesto asegurado.<\/p>\n<p>Pero si su traspaso se concreta, Hummels deber\u00e1 ciertamente despedirse de generar nuevos episodios de su serie de comedias con Thomas M\u00fcller.<\/p>\n<p><em>Por Christian Hollmann (dpa)<\/em><\/p>\n<p>&nbsp;<\/p>\n<p>&nbsp;<\/p>\n","protected":false},"excerpt":{"rendered":"<p>M\u00fanich, 15 jun (dpa) &#8211; El posible regreso de Mats Hummels al Borussia Dortmund pone en peligro la continuidad del \u00abThoMats Challenge\u00bb, los clips con duelos divertidos que el jugador del Bayern M\u00fanich protagoniza junto con su compa\u00f1ero b\u00e1varo Thomas M\u00fcller, seg\u00fan revelan hoy los diarios \u00abBild\u00bb y \u00abSport Bild\u00bb. De acuerdo con la fuente, [&hellip;]<\/p>\n","protected":false},"author":1,"featured_media":988327,"comment_status":"closed","ping_status":"closed","sticky":false,"template":"","format":"standard","meta":{"footnotes":""},"categories":[190],"tags":[],"class_list":["post-1031106","post","type-post","status-publish","format-standard","has-post-thumbnail","hentry","category-deportes"],"aioseo_notices":[],"aioseo_head":"\n\t\t<!-- All in One SEO Pro 4.9.6.2 - aioseo.com -->\n\t<meta name=\"description\" content=\"M\u00fanich, 15 jun (dpa) - El posible regreso de Mats Hummels al Borussia Dortmund pone en peligro la continuidad del &quot;ThoMats Challenge&quot;, los clips con duelos divertidos que el jugador del Bayern M\u00fanich protagoniza junto con su compa\u00f1ero b\u00e1varo Thomas M\u00fcller, seg\u00fan revelan hoy los diarios &quot;Bild&quot; y &quot;Sport Bild&quot;. De acuerdo con la fuente,\" \/>\n\t<meta name=\"robots\" content=\"max-image-preview:large\" \/>\n\t<meta name=\"author\" content=\"El Digital de Asturias\"\/>\n\t<meta name=\"google-site-verification\" content=\"UA-38556648-1\" \/>\n\t<meta name=\"msvalidate.01\" content=\"7dfe9f3f1b24437ab69f4f2559babe99\" \/>\n\t<meta name=\"keywords\" content=\"deportes\" \/>\n\t<link rel=\"canonical\" href=\"https:\/\/www.eldigitaldeasturias.com\/noticias\/borussia-dortmund-abre-la-puerta-a-un-regreso-de-hummels\/\" \/>\n\t<meta name=\"generator\" content=\"All in One SEO Pro (AIOSEO) 4.9.6.2\" \/>\n\t\t<meta property=\"og:locale\" content=\"es_ES\" \/>\n\t\t<meta property=\"og:site_name\" content=\"El Digital de Asturias\" \/>\n\t\t<meta property=\"og:type\" content=\"article\" \/>\n\t\t<meta property=\"og:title\" content=\"Borussia Dortmund abre la puerta a un regreso de Hummels - El Digital de Asturias\" \/>\n\t\t<meta property=\"og:description\" content=\"M\u00fanich, 15 jun (dpa) - El posible regreso de Mats Hummels al Borussia Dortmund pone en peligro la continuidad del &quot;ThoMats Challenge&quot;, los clips con duelos divertidos que el jugador del Bayern M\u00fanich protagoniza junto con su compa\u00f1ero b\u00e1varo Thomas M\u00fcller, seg\u00fan revelan hoy los diarios &quot;Bild&quot; y &quot;Sport Bild&quot;. De acuerdo con la fuente,\" \/>\n\t\t<meta property=\"og:url\" content=\"https:\/\/www.eldigitaldeasturias.com\/noticias\/borussia-dortmund-abre-la-puerta-a-un-regreso-de-hummels\/\" \/>\n\t\t<meta property=\"og:image\" content=\"https:\/\/www.eldigitaldeasturias.com\/noticias\/wp-content\/uploads\/2018\/07\/football-fans-797383_960_720.jpg\" \/>\n\t\t<meta property=\"og:image:secure_url\" content=\"https:\/\/www.eldigitaldeasturias.com\/noticias\/wp-content\/uploads\/2018\/07\/football-fans-797383_960_720.jpg\" \/>\n\t\t<meta property=\"og:image:width\" content=\"753\" \/>\n\t\t<meta property=\"og:image:height\" content=\"720\" \/>\n\t\t<meta property=\"article:tag\" content=\"deportes\" \/>\n\t\t<meta property=\"article:published_time\" content=\"2019-06-15T17:12:06+00:00\" \/>\n\t\t<meta property=\"article:modified_time\" content=\"2019-06-15T17:12:06+00:00\" \/>\n\t\t<meta property=\"article:publisher\" content=\"https:\/\/facebook.com\/eldigitaldeasturias\" \/>\n\t\t<meta name=\"twitter:card\" content=\"summary_large_image\" \/>\n\t\t<meta name=\"twitter:title\" content=\"Borussia Dortmund abre la puerta a un regreso de Hummels - El Digital de Asturias\" \/>\n\t\t<meta name=\"twitter:description\" content=\"M\u00fanich, 15 jun (dpa) - El posible regreso de Mats Hummels al Borussia Dortmund pone en peligro la continuidad del &quot;ThoMats Challenge&quot;, los clips con duelos divertidos que el jugador del Bayern M\u00fanich protagoniza junto con su compa\u00f1ero b\u00e1varo Thomas M\u00fcller, seg\u00fan revelan hoy los diarios &quot;Bild&quot; y &quot;Sport Bild&quot;. De acuerdo con la fuente,\" \/>\n\t\t<meta name=\"twitter:image\" content=\"https:\/\/www.eldigitaldeasturias.com\/noticias\/wp-content\/uploads\/2018\/07\/football-fans-797383_960_720.jpg\" \/>\n\t\t<meta name=\"twitter:label1\" content=\"Escrito por\" \/>\n\t\t<meta name=\"twitter:data1\" content=\"El Digital de Asturias\" \/>\n\t\t<meta name=\"twitter:label2\" content=\"Tiempo de lectura estimado\" \/>\n\t\t<meta name=\"twitter:data2\" content=\"3 minutos\" \/>\n\t\t<script type=\"application\/ld+json\" class=\"aioseo-schema\">\n\t\t\t{\"@context\":\"https:\\\/\\\/schema.org\",\"@graph\":[{\"@type\":\"BlogPosting\",\"@id\":\"https:\\\/\\\/www.eldigitaldeasturias.com\\\/noticias\\\/borussia-dortmund-abre-la-puerta-a-un-regreso-de-hummels\\\/#blogposting\",\"name\":\"Borussia Dortmund abre la puerta a un regreso de Hummels - El Digital de Asturias\",\"headline\":\"Borussia Dortmund abre la puerta a un regreso de Hummels\",\"author\":{\"@id\":\"https:\\\/\\\/www.eldigitaldeasturias.com\\\/noticias\\\/author\\\/admin\\\/#author\"},\"publisher\":{\"@id\":\"https:\\\/\\\/www.eldigitaldeasturias.com\\\/noticias\\\/#organization\"},\"image\":{\"@type\":\"ImageObject\",\"url\":\"https:\\\/\\\/www.eldigitaldeasturias.com\\\/noticias\\\/wp-content\\\/uploads\\\/2018\\\/07\\\/football-fans-797383_960_720.jpg\",\"width\":753,\"height\":720},\"datePublished\":\"2019-06-15T17:12:06+02:00\",\"dateModified\":\"2019-06-15T17:12:06+02:00\",\"inLanguage\":\"es-ES\",\"mainEntityOfPage\":{\"@id\":\"https:\\\/\\\/www.eldigitaldeasturias.com\\\/noticias\\\/borussia-dortmund-abre-la-puerta-a-un-regreso-de-hummels\\\/#webpage\"},\"isPartOf\":{\"@id\":\"https:\\\/\\\/www.eldigitaldeasturias.com\\\/noticias\\\/borussia-dortmund-abre-la-puerta-a-un-regreso-de-hummels\\\/#webpage\"},\"articleSection\":\"Deportes\"},{\"@type\":\"BreadcrumbList\",\"@id\":\"https:\\\/\\\/www.eldigitaldeasturias.com\\\/noticias\\\/borussia-dortmund-abre-la-puerta-a-un-regreso-de-hummels\\\/#breadcrumblist\",\"itemListElement\":[{\"@type\":\"ListItem\",\"@id\":\"https:\\\/\\\/www.eldigitaldeasturias.com\\\/noticias#listItem\",\"position\":1,\"name\":\"Home\",\"item\":\"https:\\\/\\\/www.eldigitaldeasturias.com\\\/noticias\",\"nextItem\":{\"@type\":\"ListItem\",\"@id\":\"https:\\\/\\\/www.eldigitaldeasturias.com\\\/noticias\\\/category\\\/deportes\\\/#listItem\",\"name\":\"Deportes\"}},{\"@type\":\"ListItem\",\"@id\":\"https:\\\/\\\/www.eldigitaldeasturias.com\\\/noticias\\\/category\\\/deportes\\\/#listItem\",\"position\":2,\"name\":\"Deportes\",\"item\":\"https:\\\/\\\/www.eldigitaldeasturias.com\\\/noticias\\\/category\\\/deportes\\\/\",\"nextItem\":{\"@type\":\"ListItem\",\"@id\":\"https:\\\/\\\/www.eldigitaldeasturias.com\\\/noticias\\\/borussia-dortmund-abre-la-puerta-a-un-regreso-de-hummels\\\/#listItem\",\"name\":\"Borussia Dortmund abre la puerta a un regreso de Hummels\"},\"previousItem\":{\"@type\":\"ListItem\",\"@id\":\"https:\\\/\\\/www.eldigitaldeasturias.com\\\/noticias#listItem\",\"name\":\"Home\"}},{\"@type\":\"ListItem\",\"@id\":\"https:\\\/\\\/www.eldigitaldeasturias.com\\\/noticias\\\/borussia-dortmund-abre-la-puerta-a-un-regreso-de-hummels\\\/#listItem\",\"position\":3,\"name\":\"Borussia Dortmund abre la puerta a un regreso de Hummels\",\"previousItem\":{\"@type\":\"ListItem\",\"@id\":\"https:\\\/\\\/www.eldigitaldeasturias.com\\\/noticias\\\/category\\\/deportes\\\/#listItem\",\"name\":\"Deportes\"}}]},{\"@type\":\"Organization\",\"@id\":\"https:\\\/\\\/www.eldigitaldeasturias.com\\\/noticias\\\/#organization\",\"name\":\"El Digital de Asturias\",\"description\":\"Hemeroteca\",\"url\":\"https:\\\/\\\/www.eldigitaldeasturias.com\\\/noticias\\\/\",\"email\":\"info@eldigitaldeasturias.com\",\"telephone\":\"+34652131393\",\"logo\":{\"@type\":\"ImageObject\",\"url\":\"https:\\\/\\\/www.eldigitaldeasturias.com\\\/noticias\\\/wp-content\\\/uploads\\\/2020\\\/12\\\/EDA.jpg\",\"@id\":\"https:\\\/\\\/www.eldigitaldeasturias.com\\\/noticias\\\/borussia-dortmund-abre-la-puerta-a-un-regreso-de-hummels\\\/#organizationLogo\",\"width\":649,\"height\":297},\"image\":{\"@id\":\"https:\\\/\\\/www.eldigitaldeasturias.com\\\/noticias\\\/borussia-dortmund-abre-la-puerta-a-un-regreso-de-hummels\\\/#organizationLogo\"},\"sameAs\":[\"https:\\\/\\\/facebook.com\\\/eldigitaldeasturias\",\"https:\\\/\\\/www.youtube.com\\\/channel\\\/UCZP-2wLEB9Rv6erhFmqVnvg\"],\"address\":{\"@id\":\"https:\\\/\\\/www.eldigitaldeasturias.com\\\/noticias\\\/#postaladdress\",\"@type\":\"PostalAddress\",\"streetAddress\":\"san antonio 4,\",\"postalCode\":\"33430\",\"addressLocality\":\"Cand\\u00e1s\",\"addressRegion\":\"Asturias\",\"addressCountry\":\"ES\"}},{\"@type\":\"Person\",\"@id\":\"https:\\\/\\\/www.eldigitaldeasturias.com\\\/noticias\\\/author\\\/admin\\\/#author\",\"url\":\"https:\\\/\\\/www.eldigitaldeasturias.com\\\/noticias\\\/author\\\/admin\\\/\",\"name\":\"El Digital de Asturias\",\"image\":{\"@type\":\"ImageObject\",\"@id\":\"https:\\\/\\\/www.eldigitaldeasturias.com\\\/noticias\\\/borussia-dortmund-abre-la-puerta-a-un-regreso-de-hummels\\\/#authorImage\",\"url\":\"https:\\\/\\\/www.eldigitaldeasturias.com\\\/noticias\\\/wp-content\\\/litespeed\\\/avatar\\\/18677e78aa0546b92d9dbf31ec7d7668.jpg?ver=1777290358\",\"width\":96,\"height\":96,\"caption\":\"El Digital de Asturias\"}},{\"@type\":\"WebPage\",\"@id\":\"https:\\\/\\\/www.eldigitaldeasturias.com\\\/noticias\\\/borussia-dortmund-abre-la-puerta-a-un-regreso-de-hummels\\\/#webpage\",\"url\":\"https:\\\/\\\/www.eldigitaldeasturias.com\\\/noticias\\\/borussia-dortmund-abre-la-puerta-a-un-regreso-de-hummels\\\/\",\"name\":\"Borussia Dortmund abre la puerta a un regreso de Hummels - El Digital de Asturias\",\"description\":\"M\\u00fanich, 15 jun (dpa) - El posible regreso de Mats Hummels al Borussia Dortmund pone en peligro la continuidad del \\\"ThoMats Challenge\\\", los clips con duelos divertidos que el jugador del Bayern M\\u00fanich protagoniza junto con su compa\\u00f1ero b\\u00e1varo Thomas M\\u00fcller, seg\\u00fan revelan hoy los diarios \\\"Bild\\\" y \\\"Sport Bild\\\". De acuerdo con la fuente,\",\"inLanguage\":\"es-ES\",\"isPartOf\":{\"@id\":\"https:\\\/\\\/www.eldigitaldeasturias.com\\\/noticias\\\/#website\"},\"breadcrumb\":{\"@id\":\"https:\\\/\\\/www.eldigitaldeasturias.com\\\/noticias\\\/borussia-dortmund-abre-la-puerta-a-un-regreso-de-hummels\\\/#breadcrumblist\"},\"author\":{\"@id\":\"https:\\\/\\\/www.eldigitaldeasturias.com\\\/noticias\\\/author\\\/admin\\\/#author\"},\"creator\":{\"@id\":\"https:\\\/\\\/www.eldigitaldeasturias.com\\\/noticias\\\/author\\\/admin\\\/#author\"},\"image\":{\"@type\":\"ImageObject\",\"url\":\"https:\\\/\\\/www.eldigitaldeasturias.com\\\/noticias\\\/wp-content\\\/uploads\\\/2018\\\/07\\\/football-fans-797383_960_720.jpg\",\"@id\":\"https:\\\/\\\/www.eldigitaldeasturias.com\\\/noticias\\\/borussia-dortmund-abre-la-puerta-a-un-regreso-de-hummels\\\/#mainImage\",\"width\":753,\"height\":720},\"primaryImageOfPage\":{\"@id\":\"https:\\\/\\\/www.eldigitaldeasturias.com\\\/noticias\\\/borussia-dortmund-abre-la-puerta-a-un-regreso-de-hummels\\\/#mainImage\"},\"datePublished\":\"2019-06-15T17:12:06+02:00\",\"dateModified\":\"2019-06-15T17:12:06+02:00\"},{\"@type\":\"WebSite\",\"@id\":\"https:\\\/\\\/www.eldigitaldeasturias.com\\\/noticias\\\/#website\",\"url\":\"https:\\\/\\\/www.eldigitaldeasturias.com\\\/noticias\\\/\",\"name\":\"El Digital de Asturias - Diario de actualidad y noticias\",\"alternateName\":\"El Digital de Asturias - Diario de actualidad y noticias\",\"description\":\"Hemeroteca\",\"inLanguage\":\"es-ES\",\"publisher\":{\"@id\":\"https:\\\/\\\/www.eldigitaldeasturias.com\\\/noticias\\\/#organization\"}}]}\n\t\t<\/script>\n\t\t<!-- All in One SEO Pro -->\r\n\t\t<title>Borussia Dortmund abre la puerta a un regreso de Hummels - El Digital de Asturias<\/title>\n\n","aioseo_head_json":{"title":"Borussia Dortmund abre la puerta a un regreso de Hummels - El Digital de Asturias","description":"M\u00fanich, 15 jun (dpa) - El posible regreso de Mats Hummels al Borussia Dortmund pone en peligro la continuidad del \"ThoMats Challenge\", los clips con duelos divertidos que el jugador del Bayern M\u00fanich protagoniza junto con su compa\u00f1ero b\u00e1varo Thomas M\u00fcller, seg\u00fan revelan hoy los diarios \"Bild\" y \"Sport Bild\". De acuerdo con la fuente,","canonical_url":"https:\/\/www.eldigitaldeasturias.com\/noticias\/borussia-dortmund-abre-la-puerta-a-un-regreso-de-hummels\/","robots":"max-image-preview:large","keywords":"deportes","webmasterTools":{"google-site-verification":"UA-38556648-1","msvalidate.01":"7dfe9f3f1b24437ab69f4f2559babe99","miscellaneous":""},"schema":{"@context":"https:\/\/schema.org","@graph":[{"@type":"BlogPosting","@id":"https:\/\/www.eldigitaldeasturias.com\/noticias\/borussia-dortmund-abre-la-puerta-a-un-regreso-de-hummels\/#blogposting","name":"Borussia Dortmund abre la puerta a un regreso de Hummels - El Digital de Asturias","headline":"Borussia Dortmund abre la puerta a un regreso de Hummels","author":{"@id":"https:\/\/www.eldigitaldeasturias.com\/noticias\/author\/admin\/#author"},"publisher":{"@id":"https:\/\/www.eldigitaldeasturias.com\/noticias\/#organization"},"image":{"@type":"ImageObject","url":"https:\/\/www.eldigitaldeasturias.com\/noticias\/wp-content\/uploads\/2018\/07\/football-fans-797383_960_720.jpg","width":753,"height":720},"datePublished":"2019-06-15T17:12:06+02:00","dateModified":"2019-06-15T17:12:06+02:00","inLanguage":"es-ES","mainEntityOfPage":{"@id":"https:\/\/www.eldigitaldeasturias.com\/noticias\/borussia-dortmund-abre-la-puerta-a-un-regreso-de-hummels\/#webpage"},"isPartOf":{"@id":"https:\/\/www.eldigitaldeasturias.com\/noticias\/borussia-dortmund-abre-la-puerta-a-un-regreso-de-hummels\/#webpage"},"articleSection":"Deportes"},{"@type":"BreadcrumbList","@id":"https:\/\/www.eldigitaldeasturias.com\/noticias\/borussia-dortmund-abre-la-puerta-a-un-regreso-de-hummels\/#breadcrumblist","itemListElement":[{"@type":"ListItem","@id":"https:\/\/www.eldigitaldeasturias.com\/noticias#listItem","position":1,"name":"Home","item":"https:\/\/www.eldigitaldeasturias.com\/noticias","nextItem":{"@type":"ListItem","@id":"https:\/\/www.eldigitaldeasturias.com\/noticias\/category\/deportes\/#listItem","name":"Deportes"}},{"@type":"ListItem","@id":"https:\/\/www.eldigitaldeasturias.com\/noticias\/category\/deportes\/#listItem","position":2,"name":"Deportes","item":"https:\/\/www.eldigitaldeasturias.com\/noticias\/category\/deportes\/","nextItem":{"@type":"ListItem","@id":"https:\/\/www.eldigitaldeasturias.com\/noticias\/borussia-dortmund-abre-la-puerta-a-un-regreso-de-hummels\/#listItem","name":"Borussia Dortmund abre la puerta a un regreso de Hummels"},"previousItem":{"@type":"ListItem","@id":"https:\/\/www.eldigitaldeasturias.com\/noticias#listItem","name":"Home"}},{"@type":"ListItem","@id":"https:\/\/www.eldigitaldeasturias.com\/noticias\/borussia-dortmund-abre-la-puerta-a-un-regreso-de-hummels\/#listItem","position":3,"name":"Borussia Dortmund abre la puerta a un regreso de Hummels","previousItem":{"@type":"ListItem","@id":"https:\/\/www.eldigitaldeasturias.com\/noticias\/category\/deportes\/#listItem","name":"Deportes"}}]},{"@type":"Organization","@id":"https:\/\/www.eldigitaldeasturias.com\/noticias\/#organization","name":"El Digital de Asturias","description":"Hemeroteca","url":"https:\/\/www.eldigitaldeasturias.com\/noticias\/","email":"info@eldigitaldeasturias.com","telephone":"+34652131393","logo":{"@type":"ImageObject","url":"https:\/\/www.eldigitaldeasturias.com\/noticias\/wp-content\/uploads\/2020\/12\/EDA.jpg","@id":"https:\/\/www.eldigitaldeasturias.com\/noticias\/borussia-dortmund-abre-la-puerta-a-un-regreso-de-hummels\/#organizationLogo","width":649,"height":297},"image":{"@id":"https:\/\/www.eldigitaldeasturias.com\/noticias\/borussia-dortmund-abre-la-puerta-a-un-regreso-de-hummels\/#organizationLogo"},"sameAs":["https:\/\/facebook.com\/eldigitaldeasturias","https:\/\/www.youtube.com\/channel\/UCZP-2wLEB9Rv6erhFmqVnvg"],"address":{"@id":"https:\/\/www.eldigitaldeasturias.com\/noticias\/#postaladdress","@type":"PostalAddress","streetAddress":"san antonio 4,","postalCode":"33430","addressLocality":"Cand\u00e1s","addressRegion":"Asturias","addressCountry":"ES"}},{"@type":"Person","@id":"https:\/\/www.eldigitaldeasturias.com\/noticias\/author\/admin\/#author","url":"https:\/\/www.eldigitaldeasturias.com\/noticias\/author\/admin\/","name":"El Digital de Asturias","image":{"@type":"ImageObject","@id":"https:\/\/www.eldigitaldeasturias.com\/noticias\/borussia-dortmund-abre-la-puerta-a-un-regreso-de-hummels\/#authorImage","url":"https:\/\/www.eldigitaldeasturias.com\/noticias\/wp-content\/litespeed\/avatar\/18677e78aa0546b92d9dbf31ec7d7668.jpg?ver=1777290358","width":96,"height":96,"caption":"El Digital de Asturias"}},{"@type":"WebPage","@id":"https:\/\/www.eldigitaldeasturias.com\/noticias\/borussia-dortmund-abre-la-puerta-a-un-regreso-de-hummels\/#webpage","url":"https:\/\/www.eldigitaldeasturias.com\/noticias\/borussia-dortmund-abre-la-puerta-a-un-regreso-de-hummels\/","name":"Borussia Dortmund abre la puerta a un regreso de Hummels - El Digital de Asturias","description":"M\u00fanich, 15 jun (dpa) - El posible regreso de Mats Hummels al Borussia Dortmund pone en peligro la continuidad del \"ThoMats Challenge\", los clips con duelos divertidos que el jugador del Bayern M\u00fanich protagoniza junto con su compa\u00f1ero b\u00e1varo Thomas M\u00fcller, seg\u00fan revelan hoy los diarios \"Bild\" y \"Sport Bild\". De acuerdo con la fuente,","inLanguage":"es-ES","isPartOf":{"@id":"https:\/\/www.eldigitaldeasturias.com\/noticias\/#website"},"breadcrumb":{"@id":"https:\/\/www.eldigitaldeasturias.com\/noticias\/borussia-dortmund-abre-la-puerta-a-un-regreso-de-hummels\/#breadcrumblist"},"author":{"@id":"https:\/\/www.eldigitaldeasturias.com\/noticias\/author\/admin\/#author"},"creator":{"@id":"https:\/\/www.eldigitaldeasturias.com\/noticias\/author\/admin\/#author"},"image":{"@type":"ImageObject","url":"https:\/\/www.eldigitaldeasturias.com\/noticias\/wp-content\/uploads\/2018\/07\/football-fans-797383_960_720.jpg","@id":"https:\/\/www.eldigitaldeasturias.com\/noticias\/borussia-dortmund-abre-la-puerta-a-un-regreso-de-hummels\/#mainImage","width":753,"height":720},"primaryImageOfPage":{"@id":"https:\/\/www.eldigitaldeasturias.com\/noticias\/borussia-dortmund-abre-la-puerta-a-un-regreso-de-hummels\/#mainImage"},"datePublished":"2019-06-15T17:12:06+02:00","dateModified":"2019-06-15T17:12:06+02:00"},{"@type":"WebSite","@id":"https:\/\/www.eldigitaldeasturias.com\/noticias\/#website","url":"https:\/\/www.eldigitaldeasturias.com\/noticias\/","name":"El Digital de Asturias - Diario de actualidad y noticias","alternateName":"El Digital de Asturias - Diario de actualidad y noticias","description":"Hemeroteca","inLanguage":"es-ES","publisher":{"@id":"https:\/\/www.eldigitaldeasturias.com\/noticias\/#organization"}}]},"og:locale":"es_ES","og:site_name":"El Digital de Asturias","og:type":"article","og:title":"Borussia Dortmund abre la puerta a un regreso de Hummels - El Digital de Asturias","og:description":"M\u00fanich, 15 jun (dpa) - El posible regreso de Mats Hummels al Borussia Dortmund pone en peligro la continuidad del &quot;ThoMats Challenge&quot;, los clips con duelos divertidos que el jugador del Bayern M\u00fanich protagoniza junto con su compa\u00f1ero b\u00e1varo Thomas M\u00fcller, seg\u00fan revelan hoy los diarios &quot;Bild&quot; y &quot;Sport Bild&quot;. De acuerdo con la fuente,","og:url":"https:\/\/www.eldigitaldeasturias.com\/noticias\/borussia-dortmund-abre-la-puerta-a-un-regreso-de-hummels\/","og:image":"https:\/\/www.eldigitaldeasturias.com\/noticias\/wp-content\/uploads\/2018\/07\/football-fans-797383_960_720.jpg","og:image:secure_url":"https:\/\/www.eldigitaldeasturias.com\/noticias\/wp-content\/uploads\/2018\/07\/football-fans-797383_960_720.jpg","og:image:width":753,"og:image:height":720,"article:tag":["deportes"],"article:published_time":"2019-06-15T17:12:06+00:00","article:modified_time":"2019-06-15T17:12:06+00:00","article:publisher":"https:\/\/facebook.com\/eldigitaldeasturias","twitter:card":"summary_large_image","twitter:title":"Borussia Dortmund abre la puerta a un regreso de Hummels - El Digital de Asturias","twitter:description":"M\u00fanich, 15 jun (dpa) - El posible regreso de Mats Hummels al Borussia Dortmund pone en peligro la continuidad del &quot;ThoMats Challenge&quot;, los clips con duelos divertidos que el jugador del Bayern M\u00fanich protagoniza junto con su compa\u00f1ero b\u00e1varo Thomas M\u00fcller, seg\u00fan revelan hoy los diarios &quot;Bild&quot; y &quot;Sport Bild&quot;. De acuerdo con la fuente,","twitter:image":"https:\/\/www.eldigitaldeasturias.com\/noticias\/wp-content\/uploads\/2018\/07\/football-fans-797383_960_720.jpg","twitter:label1":"Escrito por","twitter:data1":"El Digital de Asturias","twitter:label2":"Tiempo de lectura estimado","twitter:data2":"3 minutos"},"aioseo_meta_data":{"post_id":"1031106","title":null,"description":null,"keywords":null,"keyphrases":null,"primary_term":null,"canonical_url":null,"og_title":null,"og_description":null,"og_object_type":"default","og_image_type":"default","og_image_url":null,"og_image_width":null,"og_image_height":null,"og_image_custom_url":null,"og_image_custom_fields":null,"og_video":null,"og_custom_url":null,"og_article_section":null,"og_article_tags":null,"twitter_use_og":false,"twitter_card":"default","twitter_image_type":"default","twitter_image_url":null,"twitter_image_custom_url":null,"twitter_image_custom_fields":null,"twitter_title":null,"twitter_description":null,"schema":{"blockGraphs":[],"customGraphs":[],"default":{"data":{"Article":[],"Course":[],"Dataset":[],"FAQPage":[],"Movie":[],"Person":[],"Product":[],"ProductReview":[],"Car":[],"Recipe":[],"Service":[],"SoftwareApplication":[],"WebPage":[]},"graphName":"","isEnabled":true},"graphs":[],"defaultGraph":"","defaultPostTypeGraph":""},"schema_type":null,"schema_type_options":null,"pillar_content":false,"robots_default":true,"robots_noindex":false,"robots_noarchive":false,"robots_nosnippet":false,"robots_nofollow":false,"robots_noimageindex":false,"robots_noodp":false,"robots_notranslate":false,"robots_max_snippet":null,"robots_max_videopreview":null,"robots_max_imagepreview":"large","priority":null,"frequency":null,"local_seo":null,"seo_analyzer_scan_date":"2025-10-18 17:54:21","breadcrumb_settings":null,"limit_modified_date":false,"open_ai":null,"ai":null,"created":"2020-12-21 11:10:28","updated":"2025-10-18 17:54:21"},"aioseo_breadcrumb":"<div class=\"aioseo-breadcrumbs\"><span class=\"aioseo-breadcrumb\">\n\t<a href=\"https:\/\/www.eldigitaldeasturias.com\/noticias\" title=\"Home\">Home<\/a>\n<\/span><span class=\"aioseo-breadcrumb-separator\">\u2013<\/span><span class=\"aioseo-breadcrumb\">\n\t<a href=\"https:\/\/www.eldigitaldeasturias.com\/noticias\/category\/deportes\/\" title=\"Deportes\">Deportes<\/a>\n<\/span><span class=\"aioseo-breadcrumb-separator\">\u2013<\/span><span class=\"aioseo-breadcrumb\">\n\t<a href=\"https:\/\/www.eldigitaldeasturias.com\/noticias\/borussia-dortmund-abre-la-puerta-a-un-regreso-de-hummels\/\" title=\"Borussia Dortmund abre la puerta a un regreso de Hummels\">Borussia Dortmund abre la puerta a un regreso de Hummels<\/a>\n<\/span><\/div>","aioseo_breadcrumb_json":[{"label":"Home","link":"https:\/\/www.eldigitaldeasturias.com\/noticias"},{"label":"Deportes","link":"https:\/\/www.eldigitaldeasturias.com\/noticias\/category\/deportes\/"},{"label":"Borussia Dortmund abre la puerta a un regreso de Hummels","link":"https:\/\/www.eldigitaldeasturias.com\/noticias\/borussia-dortmund-abre-la-puerta-a-un-regreso-de-hummels\/"}],"_links":{"self":[{"href":"https:\/\/www.eldigitaldeasturias.com\/noticias\/wp-json\/wp\/v2\/posts\/1031106","targetHints":{"allow":["GET"]}}],"collection":[{"href":"https:\/\/www.eldigitaldeasturias.com\/noticias\/wp-json\/wp\/v2\/posts"}],"about":[{"href":"https:\/\/www.eldigitaldeasturias.com\/noticias\/wp-json\/wp\/v2\/types\/post"}],"author":[{"embeddable":true,"href":"https:\/\/www.eldigitaldeasturias.com\/noticias\/wp-json\/wp\/v2\/users\/1"}],"replies":[{"embeddable":true,"href":"https:\/\/www.eldigitaldeasturias.com\/noticias\/wp-json\/wp\/v2\/comments?post=1031106"}],"version-history":[{"count":0,"href":"https:\/\/www.eldigitaldeasturias.com\/noticias\/wp-json\/wp\/v2\/posts\/1031106\/revisions"}],"wp:featuredmedia":[{"embeddable":true,"href":"https:\/\/www.eldigitaldeasturias.com\/noticias\/wp-json\/wp\/v2\/media\/988327"}],"wp:attachment":[{"href":"https:\/\/www.eldigitaldeasturias.com\/noticias\/wp-json\/wp\/v2\/media?parent=1031106"}],"wp:term":[{"taxonomy":"category","embeddable":true,"href":"https:\/\/www.eldigitaldeasturias.com\/noticias\/wp-json\/wp\/v2\/categories?post=1031106"},{"taxonomy":"post_tag","embeddable":true,"href":"https:\/\/www.eldigitaldeasturias.com\/noticias\/wp-json\/wp\/v2\/tags?post=1031106"}],"curies":[{"name":"wp","href":"https:\/\/api.w.org\/{rel}","templated":true}]}}