{"id":1031016,"date":"2019-06-14T19:49:02","date_gmt":"2019-06-14T19:49:02","guid":{"rendered":"https:\/\/www.eldigitaldeasturias.com\/noticias\/?p=1031016"},"modified":"2019-06-14T19:49:02","modified_gmt":"2019-06-14T19:49:02","slug":"el-real-madrid-ficha-al-japones-takefusa-kubo","status":"publish","type":"post","link":"https:\/\/www.eldigitaldeasturias.com\/noticias\/el-real-madrid-ficha-al-japones-takefusa-kubo\/","title":{"rendered":"El Real Madrid ficha al japon\u00e9s Takefusa Kubo"},"content":{"rendered":"<p><img loading=\"lazy\" decoding=\"async\" class=\"alignleft size-medium wp-image-977802\" src=\"https:\/\/www.eldigitaldeasturias.com\/noticias\/wp-content\/uploads\/2018\/04\/football-stadium-254435_960_720-360x269.jpg\" alt=\"\" width=\"360\" height=\"269\" srcset=\"https:\/\/www.eldigitaldeasturias.com\/noticias\/wp-content\/uploads\/2018\/04\/football-stadium-254435_960_720-360x269.jpg 360w, https:\/\/www.eldigitaldeasturias.com\/noticias\/wp-content\/uploads\/2018\/04\/football-stadium-254435_960_720-80x60.jpg 80w, https:\/\/www.eldigitaldeasturias.com\/noticias\/wp-content\/uploads\/2018\/04\/football-stadium-254435_960_720-265x198.jpg 265w, https:\/\/www.eldigitaldeasturias.com\/noticias\/wp-content\/uploads\/2018\/04\/football-stadium-254435_960_720-696x520.jpg 696w, https:\/\/www.eldigitaldeasturias.com\/noticias\/wp-content\/uploads\/2018\/04\/football-stadium-254435_960_720-562x420.jpg 562w, https:\/\/www.eldigitaldeasturias.com\/noticias\/wp-content\/uploads\/2018\/04\/football-stadium-254435_960_720-768x574.jpg 768w, https:\/\/www.eldigitaldeasturias.com\/noticias\/wp-content\/uploads\/2018\/04\/football-stadium-254435_960_720-643x480.jpg 643w, https:\/\/www.eldigitaldeasturias.com\/noticias\/wp-content\/uploads\/2018\/04\/football-stadium-254435_960_720-90x67.jpg 90w, https:\/\/www.eldigitaldeasturias.com\/noticias\/wp-content\/uploads\/2018\/04\/football-stadium-254435_960_720.jpg 960w\" sizes=\"auto, (max-width: 360px) 100vw, 360px\" \/>MADRID, 14 Jun. 2019 (Europa Press) &#8211;\u00a0El Real Madrid ha anunciado la contrataci\u00f3n para el Castilla del joven centrocampista japon\u00e9s Takefusa Kubo (18 a\u00f1os), que ya es internacional absoluto pese a su corta edad y que hace a\u00f1os pas\u00f3 por la cantera del Barcelona.<\/p>\n<p>\u00abTakefusa Kubo (04\/06\/2001, Kanagawa, Jap\u00f3n) reforzar\u00e1 al Castilla la pr\u00f3xima temporada. El primer filial madridista contar\u00e1 en sus filas con uno de los jugadores j\u00f3venes m\u00e1s prometedores del f\u00fatbol mundial. Un centrocampista ofensivo de excelente t\u00e9cnica, muy habilidoso, con visi\u00f3n de juego, gran regate y gol\u00bb, anunci\u00f3 el Real Madrid en un comunicado.<\/p>\n<p>Kubo llega procedente del FC Tokyo de su pa\u00eds, donde este a\u00f1o ha disputado un total de 16 partidos en los que ha marcado 5 goles. Adem\u00e1s, hace tan solo cinco d\u00edas debut\u00f3 con la selecci\u00f3n absoluta de Jap\u00f3n en un partido amistoso contra El Salvador.<\/p>\n<p>El jugador asi\u00e1tico pas\u00f3 por las categor\u00edas inferiores del Barcelona entre los a\u00f1os 2011 y 2015, cuando se march\u00f3 al FC Tokyo, y fue uno de los argumentos esgrimidos por la FIFA para sancionar al equipo azulgrana en 2014 sin poder fichar durante dos ventanas de mercado.<\/p>\n<p>&nbsp;<\/p>\n","protected":false},"excerpt":{"rendered":"<p>MADRID, 14 Jun. 2019 (Europa Press) &#8211;\u00a0El Real Madrid ha anunciado la contrataci\u00f3n para el Castilla del joven centrocampista japon\u00e9s Takefusa Kubo (18 a\u00f1os), que ya es internacional absoluto pese a su corta edad y que hace a\u00f1os pas\u00f3 por la cantera del Barcelona. \u00abTakefusa Kubo (04\/06\/2001, Kanagawa, Jap\u00f3n) reforzar\u00e1 al Castilla la pr\u00f3xima temporada. [&hellip;]<\/p>\n","protected":false},"author":1,"featured_media":977802,"comment_status":"closed","ping_status":"closed","sticky":false,"template":"","format":"standard","meta":{"footnotes":""},"categories":[190],"tags":[],"class_list":["post-1031016","post","type-post","status-publish","format-standard","has-post-thumbnail","hentry","category-deportes"],"aioseo_notices":[],"aioseo_head":"\n\t\t<!-- All in One SEO Pro 4.9.6.2 - aioseo.com -->\n\t<meta name=\"description\" content=\"MADRID, 14 Jun. 2019 (Europa Press) - El Real Madrid ha anunciado la contrataci\u00f3n para el Castilla del joven centrocampista japon\u00e9s Takefusa Kubo (18 a\u00f1os), que ya es internacional absoluto pese a su corta edad y que hace a\u00f1os pas\u00f3 por la cantera del Barcelona. &quot;Takefusa Kubo (04\/06\/2001, Kanagawa, Jap\u00f3n) reforzar\u00e1 al Castilla la pr\u00f3xima temporada.\" \/>\n\t<meta name=\"robots\" content=\"max-image-preview:large\" \/>\n\t<meta name=\"author\" content=\"El Digital de Asturias\"\/>\n\t<meta name=\"google-site-verification\" content=\"UA-38556648-1\" \/>\n\t<meta name=\"msvalidate.01\" content=\"7dfe9f3f1b24437ab69f4f2559babe99\" \/>\n\t<meta name=\"keywords\" content=\"deportes\" \/>\n\t<link rel=\"canonical\" href=\"https:\/\/www.eldigitaldeasturias.com\/noticias\/el-real-madrid-ficha-al-japones-takefusa-kubo\/\" \/>\n\t<meta name=\"generator\" content=\"All in One SEO Pro (AIOSEO) 4.9.6.2\" \/>\n\t\t<meta property=\"og:locale\" content=\"es_ES\" \/>\n\t\t<meta property=\"og:site_name\" content=\"El Digital de Asturias\" \/>\n\t\t<meta property=\"og:type\" content=\"article\" \/>\n\t\t<meta property=\"og:title\" content=\"El Real Madrid ficha al japon\u00e9s Takefusa Kubo - El Digital de Asturias\" \/>\n\t\t<meta property=\"og:description\" content=\"MADRID, 14 Jun. 2019 (Europa Press) - El Real Madrid ha anunciado la contrataci\u00f3n para el Castilla del joven centrocampista japon\u00e9s Takefusa Kubo (18 a\u00f1os), que ya es internacional absoluto pese a su corta edad y que hace a\u00f1os pas\u00f3 por la cantera del Barcelona. &quot;Takefusa Kubo (04\/06\/2001, Kanagawa, Jap\u00f3n) reforzar\u00e1 al Castilla la pr\u00f3xima temporada.\" \/>\n\t\t<meta property=\"og:url\" content=\"https:\/\/www.eldigitaldeasturias.com\/noticias\/el-real-madrid-ficha-al-japones-takefusa-kubo\/\" \/>\n\t\t<meta property=\"og:image\" content=\"https:\/\/www.eldigitaldeasturias.com\/noticias\/wp-content\/uploads\/2018\/04\/football-stadium-254435_960_720.jpg\" \/>\n\t\t<meta property=\"og:image:secure_url\" content=\"https:\/\/www.eldigitaldeasturias.com\/noticias\/wp-content\/uploads\/2018\/04\/football-stadium-254435_960_720.jpg\" \/>\n\t\t<meta property=\"og:image:width\" content=\"960\" \/>\n\t\t<meta property=\"og:image:height\" content=\"717\" \/>\n\t\t<meta property=\"article:tag\" content=\"deportes\" \/>\n\t\t<meta property=\"article:published_time\" content=\"2019-06-14T19:49:02+00:00\" \/>\n\t\t<meta property=\"article:modified_time\" content=\"2019-06-14T19:49:02+00:00\" \/>\n\t\t<meta property=\"article:publisher\" content=\"https:\/\/facebook.com\/eldigitaldeasturias\" \/>\n\t\t<meta name=\"twitter:card\" content=\"summary_large_image\" \/>\n\t\t<meta name=\"twitter:title\" content=\"El Real Madrid ficha al japon\u00e9s Takefusa Kubo - El Digital de Asturias\" \/>\n\t\t<meta name=\"twitter:description\" content=\"MADRID, 14 Jun. 2019 (Europa Press) - El Real Madrid ha anunciado la contrataci\u00f3n para el Castilla del joven centrocampista japon\u00e9s Takefusa Kubo (18 a\u00f1os), que ya es internacional absoluto pese a su corta edad y que hace a\u00f1os pas\u00f3 por la cantera del Barcelona. &quot;Takefusa Kubo (04\/06\/2001, Kanagawa, Jap\u00f3n) reforzar\u00e1 al Castilla la pr\u00f3xima temporada.\" \/>\n\t\t<meta name=\"twitter:image\" content=\"https:\/\/www.eldigitaldeasturias.com\/noticias\/wp-content\/uploads\/2018\/04\/football-stadium-254435_960_720.jpg\" \/>\n\t\t<meta name=\"twitter:label1\" content=\"Escrito por\" \/>\n\t\t<meta name=\"twitter:data1\" content=\"El Digital de Asturias\" \/>\n\t\t<meta name=\"twitter:label2\" content=\"Tiempo de lectura estimado\" \/>\n\t\t<meta name=\"twitter:data2\" content=\"1 minuto\" \/>\n\t\t<script type=\"application\/ld+json\" class=\"aioseo-schema\">\n\t\t\t{\"@context\":\"https:\\\/\\\/schema.org\",\"@graph\":[{\"@type\":\"BlogPosting\",\"@id\":\"https:\\\/\\\/www.eldigitaldeasturias.com\\\/noticias\\\/el-real-madrid-ficha-al-japones-takefusa-kubo\\\/#blogposting\",\"name\":\"El Real Madrid ficha al japon\\u00e9s Takefusa Kubo - El Digital de Asturias\",\"headline\":\"El Real Madrid ficha al japon\\u00e9s Takefusa Kubo\",\"author\":{\"@id\":\"https:\\\/\\\/www.eldigitaldeasturias.com\\\/noticias\\\/author\\\/admin\\\/#author\"},\"publisher\":{\"@id\":\"https:\\\/\\\/www.eldigitaldeasturias.com\\\/noticias\\\/#organization\"},\"image\":{\"@type\":\"ImageObject\",\"url\":\"https:\\\/\\\/www.eldigitaldeasturias.com\\\/noticias\\\/wp-content\\\/uploads\\\/2018\\\/04\\\/football-stadium-254435_960_720.jpg\",\"width\":960,\"height\":717},\"datePublished\":\"2019-06-14T19:49:02+02:00\",\"dateModified\":\"2019-06-14T19:49:02+02:00\",\"inLanguage\":\"es-ES\",\"mainEntityOfPage\":{\"@id\":\"https:\\\/\\\/www.eldigitaldeasturias.com\\\/noticias\\\/el-real-madrid-ficha-al-japones-takefusa-kubo\\\/#webpage\"},\"isPartOf\":{\"@id\":\"https:\\\/\\\/www.eldigitaldeasturias.com\\\/noticias\\\/el-real-madrid-ficha-al-japones-takefusa-kubo\\\/#webpage\"},\"articleSection\":\"Deportes\"},{\"@type\":\"BreadcrumbList\",\"@id\":\"https:\\\/\\\/www.eldigitaldeasturias.com\\\/noticias\\\/el-real-madrid-ficha-al-japones-takefusa-kubo\\\/#breadcrumblist\",\"itemListElement\":[{\"@type\":\"ListItem\",\"@id\":\"https:\\\/\\\/www.eldigitaldeasturias.com\\\/noticias#listItem\",\"position\":1,\"name\":\"Home\",\"item\":\"https:\\\/\\\/www.eldigitaldeasturias.com\\\/noticias\",\"nextItem\":{\"@type\":\"ListItem\",\"@id\":\"https:\\\/\\\/www.eldigitaldeasturias.com\\\/noticias\\\/category\\\/deportes\\\/#listItem\",\"name\":\"Deportes\"}},{\"@type\":\"ListItem\",\"@id\":\"https:\\\/\\\/www.eldigitaldeasturias.com\\\/noticias\\\/category\\\/deportes\\\/#listItem\",\"position\":2,\"name\":\"Deportes\",\"item\":\"https:\\\/\\\/www.eldigitaldeasturias.com\\\/noticias\\\/category\\\/deportes\\\/\",\"nextItem\":{\"@type\":\"ListItem\",\"@id\":\"https:\\\/\\\/www.eldigitaldeasturias.com\\\/noticias\\\/el-real-madrid-ficha-al-japones-takefusa-kubo\\\/#listItem\",\"name\":\"El Real Madrid ficha al japon\\u00e9s Takefusa Kubo\"},\"previousItem\":{\"@type\":\"ListItem\",\"@id\":\"https:\\\/\\\/www.eldigitaldeasturias.com\\\/noticias#listItem\",\"name\":\"Home\"}},{\"@type\":\"ListItem\",\"@id\":\"https:\\\/\\\/www.eldigitaldeasturias.com\\\/noticias\\\/el-real-madrid-ficha-al-japones-takefusa-kubo\\\/#listItem\",\"position\":3,\"name\":\"El Real Madrid ficha al japon\\u00e9s Takefusa Kubo\",\"previousItem\":{\"@type\":\"ListItem\",\"@id\":\"https:\\\/\\\/www.eldigitaldeasturias.com\\\/noticias\\\/category\\\/deportes\\\/#listItem\",\"name\":\"Deportes\"}}]},{\"@type\":\"Organization\",\"@id\":\"https:\\\/\\\/www.eldigitaldeasturias.com\\\/noticias\\\/#organization\",\"name\":\"El Digital de Asturias\",\"description\":\"Hemeroteca\",\"url\":\"https:\\\/\\\/www.eldigitaldeasturias.com\\\/noticias\\\/\",\"email\":\"info@eldigitaldeasturias.com\",\"telephone\":\"+34652131393\",\"logo\":{\"@type\":\"ImageObject\",\"url\":\"https:\\\/\\\/www.eldigitaldeasturias.com\\\/noticias\\\/wp-content\\\/uploads\\\/2020\\\/12\\\/EDA.jpg\",\"@id\":\"https:\\\/\\\/www.eldigitaldeasturias.com\\\/noticias\\\/el-real-madrid-ficha-al-japones-takefusa-kubo\\\/#organizationLogo\",\"width\":649,\"height\":297},\"image\":{\"@id\":\"https:\\\/\\\/www.eldigitaldeasturias.com\\\/noticias\\\/el-real-madrid-ficha-al-japones-takefusa-kubo\\\/#organizationLogo\"},\"sameAs\":[\"https:\\\/\\\/facebook.com\\\/eldigitaldeasturias\",\"https:\\\/\\\/www.youtube.com\\\/channel\\\/UCZP-2wLEB9Rv6erhFmqVnvg\"],\"address\":{\"@id\":\"https:\\\/\\\/www.eldigitaldeasturias.com\\\/noticias\\\/#postaladdress\",\"@type\":\"PostalAddress\",\"streetAddress\":\"san antonio 4,\",\"postalCode\":\"33430\",\"addressLocality\":\"Cand\\u00e1s\",\"addressRegion\":\"Asturias\",\"addressCountry\":\"ES\"}},{\"@type\":\"Person\",\"@id\":\"https:\\\/\\\/www.eldigitaldeasturias.com\\\/noticias\\\/author\\\/admin\\\/#author\",\"url\":\"https:\\\/\\\/www.eldigitaldeasturias.com\\\/noticias\\\/author\\\/admin\\\/\",\"name\":\"El Digital de Asturias\",\"image\":{\"@type\":\"ImageObject\",\"@id\":\"https:\\\/\\\/www.eldigitaldeasturias.com\\\/noticias\\\/el-real-madrid-ficha-al-japones-takefusa-kubo\\\/#authorImage\",\"url\":\"https:\\\/\\\/www.eldigitaldeasturias.com\\\/noticias\\\/wp-content\\\/litespeed\\\/avatar\\\/18677e78aa0546b92d9dbf31ec7d7668.jpg?ver=1777290358\",\"width\":96,\"height\":96,\"caption\":\"El Digital de Asturias\"}},{\"@type\":\"WebPage\",\"@id\":\"https:\\\/\\\/www.eldigitaldeasturias.com\\\/noticias\\\/el-real-madrid-ficha-al-japones-takefusa-kubo\\\/#webpage\",\"url\":\"https:\\\/\\\/www.eldigitaldeasturias.com\\\/noticias\\\/el-real-madrid-ficha-al-japones-takefusa-kubo\\\/\",\"name\":\"El Real Madrid ficha al japon\\u00e9s Takefusa Kubo - El Digital de Asturias\",\"description\":\"MADRID, 14 Jun. 2019 (Europa Press) - El Real Madrid ha anunciado la contrataci\\u00f3n para el Castilla del joven centrocampista japon\\u00e9s Takefusa Kubo (18 a\\u00f1os), que ya es internacional absoluto pese a su corta edad y que hace a\\u00f1os pas\\u00f3 por la cantera del Barcelona. \\\"Takefusa Kubo (04\\\/06\\\/2001, Kanagawa, Jap\\u00f3n) reforzar\\u00e1 al Castilla la pr\\u00f3xima temporada.\",\"inLanguage\":\"es-ES\",\"isPartOf\":{\"@id\":\"https:\\\/\\\/www.eldigitaldeasturias.com\\\/noticias\\\/#website\"},\"breadcrumb\":{\"@id\":\"https:\\\/\\\/www.eldigitaldeasturias.com\\\/noticias\\\/el-real-madrid-ficha-al-japones-takefusa-kubo\\\/#breadcrumblist\"},\"author\":{\"@id\":\"https:\\\/\\\/www.eldigitaldeasturias.com\\\/noticias\\\/author\\\/admin\\\/#author\"},\"creator\":{\"@id\":\"https:\\\/\\\/www.eldigitaldeasturias.com\\\/noticias\\\/author\\\/admin\\\/#author\"},\"image\":{\"@type\":\"ImageObject\",\"url\":\"https:\\\/\\\/www.eldigitaldeasturias.com\\\/noticias\\\/wp-content\\\/uploads\\\/2018\\\/04\\\/football-stadium-254435_960_720.jpg\",\"@id\":\"https:\\\/\\\/www.eldigitaldeasturias.com\\\/noticias\\\/el-real-madrid-ficha-al-japones-takefusa-kubo\\\/#mainImage\",\"width\":960,\"height\":717},\"primaryImageOfPage\":{\"@id\":\"https:\\\/\\\/www.eldigitaldeasturias.com\\\/noticias\\\/el-real-madrid-ficha-al-japones-takefusa-kubo\\\/#mainImage\"},\"datePublished\":\"2019-06-14T19:49:02+02:00\",\"dateModified\":\"2019-06-14T19:49:02+02:00\"},{\"@type\":\"WebSite\",\"@id\":\"https:\\\/\\\/www.eldigitaldeasturias.com\\\/noticias\\\/#website\",\"url\":\"https:\\\/\\\/www.eldigitaldeasturias.com\\\/noticias\\\/\",\"name\":\"El Digital de Asturias - Diario de actualidad y noticias\",\"alternateName\":\"El Digital de Asturias - Diario de actualidad y noticias\",\"description\":\"Hemeroteca\",\"inLanguage\":\"es-ES\",\"publisher\":{\"@id\":\"https:\\\/\\\/www.eldigitaldeasturias.com\\\/noticias\\\/#organization\"}}]}\n\t\t<\/script>\n\t\t<!-- All in One SEO Pro -->\r\n\t\t<title>El Real Madrid ficha al japon\u00e9s Takefusa Kubo - El Digital de Asturias<\/title>\n\n","aioseo_head_json":{"title":"El Real Madrid ficha al japon\u00e9s Takefusa Kubo - El Digital de Asturias","description":"MADRID, 14 Jun. 2019 (Europa Press) - El Real Madrid ha anunciado la contrataci\u00f3n para el Castilla del joven centrocampista japon\u00e9s Takefusa Kubo (18 a\u00f1os), que ya es internacional absoluto pese a su corta edad y que hace a\u00f1os pas\u00f3 por la cantera del Barcelona. \"Takefusa Kubo (04\/06\/2001, Kanagawa, Jap\u00f3n) reforzar\u00e1 al Castilla la pr\u00f3xima temporada.","canonical_url":"https:\/\/www.eldigitaldeasturias.com\/noticias\/el-real-madrid-ficha-al-japones-takefusa-kubo\/","robots":"max-image-preview:large","keywords":"deportes","webmasterTools":{"google-site-verification":"UA-38556648-1","msvalidate.01":"7dfe9f3f1b24437ab69f4f2559babe99","miscellaneous":""},"schema":{"@context":"https:\/\/schema.org","@graph":[{"@type":"BlogPosting","@id":"https:\/\/www.eldigitaldeasturias.com\/noticias\/el-real-madrid-ficha-al-japones-takefusa-kubo\/#blogposting","name":"El Real Madrid ficha al japon\u00e9s Takefusa Kubo - El Digital de Asturias","headline":"El Real Madrid ficha al japon\u00e9s Takefusa Kubo","author":{"@id":"https:\/\/www.eldigitaldeasturias.com\/noticias\/author\/admin\/#author"},"publisher":{"@id":"https:\/\/www.eldigitaldeasturias.com\/noticias\/#organization"},"image":{"@type":"ImageObject","url":"https:\/\/www.eldigitaldeasturias.com\/noticias\/wp-content\/uploads\/2018\/04\/football-stadium-254435_960_720.jpg","width":960,"height":717},"datePublished":"2019-06-14T19:49:02+02:00","dateModified":"2019-06-14T19:49:02+02:00","inLanguage":"es-ES","mainEntityOfPage":{"@id":"https:\/\/www.eldigitaldeasturias.com\/noticias\/el-real-madrid-ficha-al-japones-takefusa-kubo\/#webpage"},"isPartOf":{"@id":"https:\/\/www.eldigitaldeasturias.com\/noticias\/el-real-madrid-ficha-al-japones-takefusa-kubo\/#webpage"},"articleSection":"Deportes"},{"@type":"BreadcrumbList","@id":"https:\/\/www.eldigitaldeasturias.com\/noticias\/el-real-madrid-ficha-al-japones-takefusa-kubo\/#breadcrumblist","itemListElement":[{"@type":"ListItem","@id":"https:\/\/www.eldigitaldeasturias.com\/noticias#listItem","position":1,"name":"Home","item":"https:\/\/www.eldigitaldeasturias.com\/noticias","nextItem":{"@type":"ListItem","@id":"https:\/\/www.eldigitaldeasturias.com\/noticias\/category\/deportes\/#listItem","name":"Deportes"}},{"@type":"ListItem","@id":"https:\/\/www.eldigitaldeasturias.com\/noticias\/category\/deportes\/#listItem","position":2,"name":"Deportes","item":"https:\/\/www.eldigitaldeasturias.com\/noticias\/category\/deportes\/","nextItem":{"@type":"ListItem","@id":"https:\/\/www.eldigitaldeasturias.com\/noticias\/el-real-madrid-ficha-al-japones-takefusa-kubo\/#listItem","name":"El Real Madrid ficha al japon\u00e9s Takefusa Kubo"},"previousItem":{"@type":"ListItem","@id":"https:\/\/www.eldigitaldeasturias.com\/noticias#listItem","name":"Home"}},{"@type":"ListItem","@id":"https:\/\/www.eldigitaldeasturias.com\/noticias\/el-real-madrid-ficha-al-japones-takefusa-kubo\/#listItem","position":3,"name":"El Real Madrid ficha al japon\u00e9s Takefusa Kubo","previousItem":{"@type":"ListItem","@id":"https:\/\/www.eldigitaldeasturias.com\/noticias\/category\/deportes\/#listItem","name":"Deportes"}}]},{"@type":"Organization","@id":"https:\/\/www.eldigitaldeasturias.com\/noticias\/#organization","name":"El Digital de Asturias","description":"Hemeroteca","url":"https:\/\/www.eldigitaldeasturias.com\/noticias\/","email":"info@eldigitaldeasturias.com","telephone":"+34652131393","logo":{"@type":"ImageObject","url":"https:\/\/www.eldigitaldeasturias.com\/noticias\/wp-content\/uploads\/2020\/12\/EDA.jpg","@id":"https:\/\/www.eldigitaldeasturias.com\/noticias\/el-real-madrid-ficha-al-japones-takefusa-kubo\/#organizationLogo","width":649,"height":297},"image":{"@id":"https:\/\/www.eldigitaldeasturias.com\/noticias\/el-real-madrid-ficha-al-japones-takefusa-kubo\/#organizationLogo"},"sameAs":["https:\/\/facebook.com\/eldigitaldeasturias","https:\/\/www.youtube.com\/channel\/UCZP-2wLEB9Rv6erhFmqVnvg"],"address":{"@id":"https:\/\/www.eldigitaldeasturias.com\/noticias\/#postaladdress","@type":"PostalAddress","streetAddress":"san antonio 4,","postalCode":"33430","addressLocality":"Cand\u00e1s","addressRegion":"Asturias","addressCountry":"ES"}},{"@type":"Person","@id":"https:\/\/www.eldigitaldeasturias.com\/noticias\/author\/admin\/#author","url":"https:\/\/www.eldigitaldeasturias.com\/noticias\/author\/admin\/","name":"El Digital de Asturias","image":{"@type":"ImageObject","@id":"https:\/\/www.eldigitaldeasturias.com\/noticias\/el-real-madrid-ficha-al-japones-takefusa-kubo\/#authorImage","url":"https:\/\/www.eldigitaldeasturias.com\/noticias\/wp-content\/litespeed\/avatar\/18677e78aa0546b92d9dbf31ec7d7668.jpg?ver=1777290358","width":96,"height":96,"caption":"El Digital de Asturias"}},{"@type":"WebPage","@id":"https:\/\/www.eldigitaldeasturias.com\/noticias\/el-real-madrid-ficha-al-japones-takefusa-kubo\/#webpage","url":"https:\/\/www.eldigitaldeasturias.com\/noticias\/el-real-madrid-ficha-al-japones-takefusa-kubo\/","name":"El Real Madrid ficha al japon\u00e9s Takefusa Kubo - El Digital de Asturias","description":"MADRID, 14 Jun. 2019 (Europa Press) - El Real Madrid ha anunciado la contrataci\u00f3n para el Castilla del joven centrocampista japon\u00e9s Takefusa Kubo (18 a\u00f1os), que ya es internacional absoluto pese a su corta edad y que hace a\u00f1os pas\u00f3 por la cantera del Barcelona. \"Takefusa Kubo (04\/06\/2001, Kanagawa, Jap\u00f3n) reforzar\u00e1 al Castilla la pr\u00f3xima temporada.","inLanguage":"es-ES","isPartOf":{"@id":"https:\/\/www.eldigitaldeasturias.com\/noticias\/#website"},"breadcrumb":{"@id":"https:\/\/www.eldigitaldeasturias.com\/noticias\/el-real-madrid-ficha-al-japones-takefusa-kubo\/#breadcrumblist"},"author":{"@id":"https:\/\/www.eldigitaldeasturias.com\/noticias\/author\/admin\/#author"},"creator":{"@id":"https:\/\/www.eldigitaldeasturias.com\/noticias\/author\/admin\/#author"},"image":{"@type":"ImageObject","url":"https:\/\/www.eldigitaldeasturias.com\/noticias\/wp-content\/uploads\/2018\/04\/football-stadium-254435_960_720.jpg","@id":"https:\/\/www.eldigitaldeasturias.com\/noticias\/el-real-madrid-ficha-al-japones-takefusa-kubo\/#mainImage","width":960,"height":717},"primaryImageOfPage":{"@id":"https:\/\/www.eldigitaldeasturias.com\/noticias\/el-real-madrid-ficha-al-japones-takefusa-kubo\/#mainImage"},"datePublished":"2019-06-14T19:49:02+02:00","dateModified":"2019-06-14T19:49:02+02:00"},{"@type":"WebSite","@id":"https:\/\/www.eldigitaldeasturias.com\/noticias\/#website","url":"https:\/\/www.eldigitaldeasturias.com\/noticias\/","name":"El Digital de Asturias - Diario de actualidad y noticias","alternateName":"El Digital de Asturias - Diario de actualidad y noticias","description":"Hemeroteca","inLanguage":"es-ES","publisher":{"@id":"https:\/\/www.eldigitaldeasturias.com\/noticias\/#organization"}}]},"og:locale":"es_ES","og:site_name":"El Digital de Asturias","og:type":"article","og:title":"El Real Madrid ficha al japon\u00e9s Takefusa Kubo - El Digital de Asturias","og:description":"MADRID, 14 Jun. 2019 (Europa Press) - El Real Madrid ha anunciado la contrataci\u00f3n para el Castilla del joven centrocampista japon\u00e9s Takefusa Kubo (18 a\u00f1os), que ya es internacional absoluto pese a su corta edad y que hace a\u00f1os pas\u00f3 por la cantera del Barcelona. &quot;Takefusa Kubo (04\/06\/2001, Kanagawa, Jap\u00f3n) reforzar\u00e1 al Castilla la pr\u00f3xima temporada.","og:url":"https:\/\/www.eldigitaldeasturias.com\/noticias\/el-real-madrid-ficha-al-japones-takefusa-kubo\/","og:image":"https:\/\/www.eldigitaldeasturias.com\/noticias\/wp-content\/uploads\/2018\/04\/football-stadium-254435_960_720.jpg","og:image:secure_url":"https:\/\/www.eldigitaldeasturias.com\/noticias\/wp-content\/uploads\/2018\/04\/football-stadium-254435_960_720.jpg","og:image:width":960,"og:image:height":717,"article:tag":["deportes"],"article:published_time":"2019-06-14T19:49:02+00:00","article:modified_time":"2019-06-14T19:49:02+00:00","article:publisher":"https:\/\/facebook.com\/eldigitaldeasturias","twitter:card":"summary_large_image","twitter:title":"El Real Madrid ficha al japon\u00e9s Takefusa Kubo - El Digital de Asturias","twitter:description":"MADRID, 14 Jun. 2019 (Europa Press) - El Real Madrid ha anunciado la contrataci\u00f3n para el Castilla del joven centrocampista japon\u00e9s Takefusa Kubo (18 a\u00f1os), que ya es internacional absoluto pese a su corta edad y que hace a\u00f1os pas\u00f3 por la cantera del Barcelona. &quot;Takefusa Kubo (04\/06\/2001, Kanagawa, Jap\u00f3n) reforzar\u00e1 al Castilla la pr\u00f3xima temporada.","twitter:image":"https:\/\/www.eldigitaldeasturias.com\/noticias\/wp-content\/uploads\/2018\/04\/football-stadium-254435_960_720.jpg","twitter:label1":"Escrito por","twitter:data1":"El Digital de Asturias","twitter:label2":"Tiempo de lectura estimado","twitter:data2":"1 minuto"},"aioseo_meta_data":{"post_id":"1031016","title":null,"description":null,"keywords":null,"keyphrases":null,"primary_term":null,"canonical_url":null,"og_title":null,"og_description":null,"og_object_type":"default","og_image_type":"default","og_image_url":null,"og_image_width":null,"og_image_height":null,"og_image_custom_url":null,"og_image_custom_fields":null,"og_video":null,"og_custom_url":null,"og_article_section":null,"og_article_tags":null,"twitter_use_og":false,"twitter_card":"default","twitter_image_type":"default","twitter_image_url":null,"twitter_image_custom_url":null,"twitter_image_custom_fields":null,"twitter_title":null,"twitter_description":null,"schema":{"blockGraphs":[],"customGraphs":[],"default":{"data":{"Article":[],"Course":[],"Dataset":[],"FAQPage":[],"Movie":[],"Person":[],"Product":[],"ProductReview":[],"Car":[],"Recipe":[],"Service":[],"SoftwareApplication":[],"WebPage":[]},"graphName":"","isEnabled":true},"graphs":[],"defaultGraph":"","defaultPostTypeGraph":""},"schema_type":null,"schema_type_options":null,"pillar_content":false,"robots_default":true,"robots_noindex":false,"robots_noarchive":false,"robots_nosnippet":false,"robots_nofollow":false,"robots_noimageindex":false,"robots_noodp":false,"robots_notranslate":false,"robots_max_snippet":null,"robots_max_videopreview":null,"robots_max_imagepreview":"large","priority":null,"frequency":null,"local_seo":null,"seo_analyzer_scan_date":"2025-10-18 17:36:21","breadcrumb_settings":null,"limit_modified_date":false,"open_ai":null,"ai":null,"created":"2020-12-21 11:10:29","updated":"2025-10-18 17:36:21"},"aioseo_breadcrumb":"<div class=\"aioseo-breadcrumbs\"><span class=\"aioseo-breadcrumb\">\n\t<a href=\"https:\/\/www.eldigitaldeasturias.com\/noticias\" title=\"Home\">Home<\/a>\n<\/span><span class=\"aioseo-breadcrumb-separator\">\u2013<\/span><span class=\"aioseo-breadcrumb\">\n\t<a href=\"https:\/\/www.eldigitaldeasturias.com\/noticias\/category\/deportes\/\" title=\"Deportes\">Deportes<\/a>\n<\/span><span class=\"aioseo-breadcrumb-separator\">\u2013<\/span><span class=\"aioseo-breadcrumb\">\n\t<a href=\"https:\/\/www.eldigitaldeasturias.com\/noticias\/el-real-madrid-ficha-al-japones-takefusa-kubo\/\" title=\"El Real Madrid ficha al japon\u00e9s Takefusa Kubo\">El Real Madrid ficha al japon\u00e9s Takefusa Kubo<\/a>\n<\/span><\/div>","aioseo_breadcrumb_json":[{"label":"Home","link":"https:\/\/www.eldigitaldeasturias.com\/noticias"},{"label":"Deportes","link":"https:\/\/www.eldigitaldeasturias.com\/noticias\/category\/deportes\/"},{"label":"El Real Madrid ficha al japon\u00e9s Takefusa Kubo","link":"https:\/\/www.eldigitaldeasturias.com\/noticias\/el-real-madrid-ficha-al-japones-takefusa-kubo\/"}],"_links":{"self":[{"href":"https:\/\/www.eldigitaldeasturias.com\/noticias\/wp-json\/wp\/v2\/posts\/1031016","targetHints":{"allow":["GET"]}}],"collection":[{"href":"https:\/\/www.eldigitaldeasturias.com\/noticias\/wp-json\/wp\/v2\/posts"}],"about":[{"href":"https:\/\/www.eldigitaldeasturias.com\/noticias\/wp-json\/wp\/v2\/types\/post"}],"author":[{"embeddable":true,"href":"https:\/\/www.eldigitaldeasturias.com\/noticias\/wp-json\/wp\/v2\/users\/1"}],"replies":[{"embeddable":true,"href":"https:\/\/www.eldigitaldeasturias.com\/noticias\/wp-json\/wp\/v2\/comments?post=1031016"}],"version-history":[{"count":0,"href":"https:\/\/www.eldigitaldeasturias.com\/noticias\/wp-json\/wp\/v2\/posts\/1031016\/revisions"}],"wp:featuredmedia":[{"embeddable":true,"href":"https:\/\/www.eldigitaldeasturias.com\/noticias\/wp-json\/wp\/v2\/media\/977802"}],"wp:attachment":[{"href":"https:\/\/www.eldigitaldeasturias.com\/noticias\/wp-json\/wp\/v2\/media?parent=1031016"}],"wp:term":[{"taxonomy":"category","embeddable":true,"href":"https:\/\/www.eldigitaldeasturias.com\/noticias\/wp-json\/wp\/v2\/categories?post=1031016"},{"taxonomy":"post_tag","embeddable":true,"href":"https:\/\/www.eldigitaldeasturias.com\/noticias\/wp-json\/wp\/v2\/tags?post=1031016"}],"curies":[{"name":"wp","href":"https:\/\/api.w.org\/{rel}","templated":true}]}}