{"id":1031001,"date":"2019-06-14T17:47:46","date_gmt":"2019-06-14T17:47:46","guid":{"rendered":"https:\/\/www.eldigitaldeasturias.com\/noticias\/?p=1031001"},"modified":"2019-06-14T17:47:46","modified_gmt":"2019-06-14T17:47:46","slug":"23-jugadores-de-laliga-participaran-en-la-copa-america","status":"publish","type":"post","link":"https:\/\/www.eldigitaldeasturias.com\/noticias\/23-jugadores-de-laliga-participaran-en-la-copa-america\/","title":{"rendered":"23 jugadores de LaLiga participar\u00e1n en la Copa Am\u00e9rica"},"content":{"rendered":"<p><img loading=\"lazy\" decoding=\"async\" class=\"alignleft size-medium wp-image-969718\" src=\"https:\/\/www.eldigitaldeasturias.com\/noticias\/wp-content\/uploads\/2018\/02\/woman-638384_1280-360x239.jpg\" alt=\"\" width=\"360\" height=\"239\" srcset=\"https:\/\/www.eldigitaldeasturias.com\/noticias\/wp-content\/uploads\/2018\/02\/woman-638384_1280-360x239.jpg 360w, https:\/\/www.eldigitaldeasturias.com\/noticias\/wp-content\/uploads\/2018\/02\/woman-638384_1280-452x300.jpg 452w, https:\/\/www.eldigitaldeasturias.com\/noticias\/wp-content\/uploads\/2018\/02\/woman-638384_1280-768x510.jpg 768w, https:\/\/www.eldigitaldeasturias.com\/noticias\/wp-content\/uploads\/2018\/02\/woman-638384_1280-690x458.jpg 690w, https:\/\/www.eldigitaldeasturias.com\/noticias\/wp-content\/uploads\/2018\/02\/woman-638384_1280-1024x680.jpg 1024w, https:\/\/www.eldigitaldeasturias.com\/noticias\/wp-content\/uploads\/2018\/02\/woman-638384_1280-20x13.jpg 20w, https:\/\/www.eldigitaldeasturias.com\/noticias\/wp-content\/uploads\/2018\/02\/woman-638384_1280.jpg 1280w\" sizes=\"auto, (max-width: 360px) 100vw, 360px\" \/>MADRID, 14 Jun. 2019 (Europa Press) &#8211;\u00a0Hasta 23 jugadores de LaLiga participar\u00e1n en la Copa Am\u00e9rica de Brasil, que se celebrar\u00e1 del 14 de junio al 7 de julio. La cifra, adem\u00e1s, convierten a Espa\u00f1a en la competici\u00f3n europea con m\u00e1s representantes en la presente edici\u00f3n.<\/p>\n<p>Aqu\u00ed, 10 estrellas de LaLiga listas para mostrar lo mejor que el f\u00fatbol espa\u00f1ol tiene para ofrecer.<\/p>\n<p>1. Lionel Messi (Barcelona y Argentina).<\/p>\n<p>El capit\u00e1n del Barcelona y de Argentina, Messi, aspira a su primer trofeo con su pa\u00eds, despu\u00e9s de haber tenido una temporada personal estelar en 2018\/19, habiendo marcado 36 goles en 34 partidos en su camino hacia el r\u00e9cord del d\u00e9cimo t\u00edtulo de LaLiga Santander. Es el hombre que no hay que perder de vista, como siempre.<\/p>\n<p>2. Giovanni Lo Celso (Real Betis y Argentina).<\/p>\n<p>Lo Celso, centrocampista creativo, fue una revelaci\u00f3n del Par\u00eds Saint Germain cedida al Real Betis la temporada pasada, con nueve goles y cinco asistencias en 32 partidos de LaLiga por cuenta del siempre entretenido equipo sevillano. El argentino, que hizo permanente su traspaso en abril, es sin duda una futura estrella del f\u00fatbol mundial y ser\u00e1 clave en la b\u00fasqueda de un primer t\u00edtulo de la Copa Am\u00e9rica en m\u00e1s de 25 a\u00f1os.<\/p>\n<p>3. Eder Militao (Real Madrid y Brasil).<\/p>\n<p>Los aficionados del Real Madrid estar\u00e1n deseosos de ver a su nuevo defensa, Militao, en acci\u00f3n con Brasil, ya que el atletismo y la comprensi\u00f3n del juego de este joven de 21 a\u00f1os impresionaron enormemente en su ex club Oporto. El sao paulista, que este verano se trasladar\u00e1 al Santiago Bernab\u00e9u por un precio que ronda los 50 millones de euros, deber\u00eda reforzar a\u00fan m\u00e1s una defensa brasile\u00f1a ya repleta de gente.<\/p>\n<p>4. Arthur Melo (Barcelona y Brasil).<\/p>\n<p>La primera temporada de Arthur en LaLiga no podr\u00eda haber ido mejor, ya que el inteligente jugador se instal\u00f3 r\u00e1pidamente en el Camp Nou y desempe\u00f1\u00f3 un papel clave en la conquista del t\u00edtulo de LaLiga. Comparado con la leyenda del Bar\u00e7a y de Espa\u00f1a, Xavi Hern\u00e1ndez -que dijo que Arthur podr\u00eda \u00abmarcar una era en el Barcelona\u00bb- por su control de la pelota y su habilidad para dar juego, Arthur ser\u00e1 un pilar fundamental en el mediocampo brasile\u00f1o durante muchos a\u00f1os.<\/p>\n<p>5. Santiago Arias (Atl\u00e9tico de Madrid y Colombia).<\/p>\n<p>El lateral derecho de ataque Arias tuvo un primer a\u00f1o impresionante en LaLiga con el Atl\u00e9tico de Madrid. El medellinense es uno de los grandes favoritos de Diego Simeone y del seleccionador colombiano Carlos Queiroz; Arias ha disputado casi 50 partidos con la selecci\u00f3n desde su debut internacional en 2013.<\/p>\n<p>6. Fede Valverde (Real Madrid y Uruguay).<\/p>\n<p>Valverde, centrocampista \u00e1gil y tranquilo, fue un verdadero resplandor en medio de la temporada pasada, dif\u00edcil para el Real Madrid, consolid\u00e1ndose como un miembro importante de la plantilla del Bernab\u00e9u a pesar de tener tan s\u00f3lo 20 a\u00f1os de edad. El oriundo de Montevideo, que comenz\u00f3 su carrera en Pe\u00f1arol antes de trasladarse a la capital espa\u00f1ola en 2016, ha consolidado su puesto en la selecci\u00f3n desde que marc\u00f3 en su debut contra Paraguay en 2017.<\/p>\n<p>7. Maxi G\u00f3mez (RC Celta y Uruguay).<\/p>\n<p>No siempre fue f\u00e1cil, ya que el Celta luch\u00f3 contra el descenso el a\u00f1o pasado, pero el centrocampista emergente G\u00f3mez continu\u00f3 su desarrollo con 13 goles en 35 partidos de LaLiga Santander. Fuerte, decisivo y que no perdona en el aire, el uruguayo es el \u00faltimo de una larga lista de delanteros de talla mundial que juegan en La Celeste.<\/p>\n<p>8. Gaku Shibasaki (Getafe y Jap\u00f3n).<\/p>\n<p>La presencia de Jap\u00f3n como pa\u00eds invitado significa m\u00e1s tiempo para que destaque el creativo centrocampista del Getafe Shibasaki, que ha marcado goles emblem\u00e1ticos tanto contra el Barcelona como contra el Real Madrid. Gaku, que en 2017 pas\u00f3 del CD Tenerife al Getafe, candidato a la Liga de Campeones de la UEFA, aportar\u00e1 la chispa creativa en el mediocampo japon\u00e9s del Grupo C, en el que se enfrentar\u00e1 a Uruguay, Ecuador y Chile.<\/p>\n<p>9. Guillermo Marip\u00e1n (Alav\u00e9s y Chile).<\/p>\n<p>El central del Alav\u00e9s, Marip\u00e1n, de 25 a\u00f1os de edad, fue una roca en la defensa del Alav\u00e9s la temporada pasada, cuando el \u00e9xito de la selecci\u00f3n vasca se bas\u00f3 en la organizaci\u00f3n del equipo y en una s\u00f3lida defensa. El central nacido en Santiago, que se inici\u00f3 en la Universidad Cat\u00f3lica, buscar\u00e1 dar un paso adelante este verano en su camino hacia el reconocimiento internacional.<\/p>\n<p>10. Roberto Rosales (Venezuela y Espanyol).<\/p>\n<p>El exlateral derecho del M\u00e1laga, Rosales, fue uno de los protagonistas de la \u00faltima jornada de la temporada del Espanyol, en la que marc\u00f3 un gol vital en el \u00faltimo partido, cuando los catalanes se impusieron en la Europa League del a\u00f1o que viene. Ser\u00e1 clave para el Vino Tinto en la franja derecha.<\/p>\n<h3><strong>JUGADORES DE LALIGA EN CADA PA\u00cdS DEL TORNEO.<\/strong><\/h3>\n<p>BRASIL: Casemiro, Eder Militao (Real Madrid), Filipe Luis (Atl\u00e9tico de Madrid), Arthur y Philippe Coutinho (FC Barcelona).<\/p>\n<p>VENEZUELA: Yangel Herrera y Juanpi A\u00f1or (Huesca), Roberto Rosales (Espanyol), Mikel Villanueva (Gimn\u00e0stic de Tarragona), Darwin Machis (Cadiz CF).<\/p>\n<p>PER\u00da: Luis Adv\u00edncula (Rayo Vallecano).<\/p>\n<p>ARGENTINA: Lionel Messi (FC Barcelona), Ramiro Funes Mori (Villarreal) y Giovanni Lo Celso (Real Betis).<\/p>\n<p>COLOMBIA: Santiago Arias (Atl\u00e9tico de Madrid).<\/p>\n<p>PARAGUAY: Hern\u00e1n P\u00e9rez (Espanyol).<\/p>\n<p>URUGUAY: Jos\u00e9 Mar\u00eda Gim\u00e9nez y Diego God\u00edn (Atl\u00e9tico de Madrid), Luis Su\u00e1rez (FC Barcelona), Cristhian Stuani (Girona), Fede Valverde (Real Madrid) y Maxi G\u00f3mez (RC Celta).<\/p>\n<p>JAP\u00d3N: Gaku Shibasaki (Getafe).<\/p>\n<p>CHILE: Guillermo Marip\u00e1n (Deportivo Alav\u00e9s) y Arturo Vidal (FC Barcelona).<\/p>\n","protected":false},"excerpt":{"rendered":"<p>MADRID, 14 Jun. 2019 (Europa Press) &#8211;\u00a0Hasta 23 jugadores de LaLiga participar\u00e1n en la Copa Am\u00e9rica de Brasil, que se celebrar\u00e1 del 14 de junio al 7 de julio. La cifra, adem\u00e1s, convierten a Espa\u00f1a en la competici\u00f3n europea con m\u00e1s representantes en la presente edici\u00f3n. Aqu\u00ed, 10 estrellas de LaLiga listas para mostrar lo [&hellip;]<\/p>\n","protected":false},"author":1,"featured_media":969718,"comment_status":"closed","ping_status":"closed","sticky":false,"template":"","format":"standard","meta":{"footnotes":""},"categories":[190],"tags":[],"class_list":["post-1031001","post","type-post","status-publish","format-standard","has-post-thumbnail","hentry","category-deportes"],"aioseo_notices":[],"aioseo_head":"\n\t\t<!-- All in One SEO Pro 4.9.6.2 - aioseo.com -->\n\t<meta name=\"description\" content=\"MADRID, 14 Jun. 2019 (Europa Press) - Hasta 23 jugadores de LaLiga participar\u00e1n en la Copa Am\u00e9rica de Brasil, que se celebrar\u00e1 del 14 de junio al 7 de julio. La cifra, adem\u00e1s, convierten a Espa\u00f1a en la competici\u00f3n europea con m\u00e1s representantes en la presente edici\u00f3n. Aqu\u00ed, 10 estrellas de LaLiga listas para mostrar lo\" \/>\n\t<meta name=\"robots\" content=\"max-image-preview:large\" \/>\n\t<meta name=\"author\" content=\"El Digital de Asturias\"\/>\n\t<meta name=\"google-site-verification\" content=\"UA-38556648-1\" \/>\n\t<meta name=\"msvalidate.01\" content=\"7dfe9f3f1b24437ab69f4f2559babe99\" \/>\n\t<meta name=\"keywords\" content=\"deportes\" \/>\n\t<link rel=\"canonical\" href=\"https:\/\/www.eldigitaldeasturias.com\/noticias\/23-jugadores-de-laliga-participaran-en-la-copa-america\/\" \/>\n\t<meta name=\"generator\" content=\"All in One SEO Pro (AIOSEO) 4.9.6.2\" \/>\n\t\t<meta property=\"og:locale\" content=\"es_ES\" \/>\n\t\t<meta property=\"og:site_name\" content=\"El Digital de Asturias\" \/>\n\t\t<meta property=\"og:type\" content=\"article\" \/>\n\t\t<meta property=\"og:title\" content=\"23 jugadores de LaLiga participar\u00e1n en la Copa Am\u00e9rica - El Digital de Asturias\" \/>\n\t\t<meta property=\"og:description\" content=\"MADRID, 14 Jun. 2019 (Europa Press) - Hasta 23 jugadores de LaLiga participar\u00e1n en la Copa Am\u00e9rica de Brasil, que se celebrar\u00e1 del 14 de junio al 7 de julio. La cifra, adem\u00e1s, convierten a Espa\u00f1a en la competici\u00f3n europea con m\u00e1s representantes en la presente edici\u00f3n. Aqu\u00ed, 10 estrellas de LaLiga listas para mostrar lo\" \/>\n\t\t<meta property=\"og:url\" content=\"https:\/\/www.eldigitaldeasturias.com\/noticias\/23-jugadores-de-laliga-participaran-en-la-copa-america\/\" \/>\n\t\t<meta property=\"og:image\" content=\"https:\/\/www.eldigitaldeasturias.com\/noticias\/wp-content\/uploads\/2018\/02\/woman-638384_1280.jpg\" \/>\n\t\t<meta property=\"og:image:secure_url\" content=\"https:\/\/www.eldigitaldeasturias.com\/noticias\/wp-content\/uploads\/2018\/02\/woman-638384_1280.jpg\" \/>\n\t\t<meta property=\"og:image:width\" content=\"1280\" \/>\n\t\t<meta property=\"og:image:height\" content=\"850\" \/>\n\t\t<meta property=\"article:tag\" content=\"deportes\" \/>\n\t\t<meta property=\"article:published_time\" content=\"2019-06-14T17:47:46+00:00\" \/>\n\t\t<meta property=\"article:modified_time\" content=\"2019-06-14T17:47:46+00:00\" \/>\n\t\t<meta property=\"article:publisher\" content=\"https:\/\/facebook.com\/eldigitaldeasturias\" \/>\n\t\t<meta name=\"twitter:card\" content=\"summary_large_image\" \/>\n\t\t<meta name=\"twitter:title\" content=\"23 jugadores de LaLiga participar\u00e1n en la Copa Am\u00e9rica - El Digital de Asturias\" \/>\n\t\t<meta name=\"twitter:description\" content=\"MADRID, 14 Jun. 2019 (Europa Press) - Hasta 23 jugadores de LaLiga participar\u00e1n en la Copa Am\u00e9rica de Brasil, que se celebrar\u00e1 del 14 de junio al 7 de julio. La cifra, adem\u00e1s, convierten a Espa\u00f1a en la competici\u00f3n europea con m\u00e1s representantes en la presente edici\u00f3n. Aqu\u00ed, 10 estrellas de LaLiga listas para mostrar lo\" \/>\n\t\t<meta name=\"twitter:image\" content=\"https:\/\/www.eldigitaldeasturias.com\/noticias\/wp-content\/uploads\/2018\/02\/woman-638384_1280.jpg\" \/>\n\t\t<meta name=\"twitter:label1\" content=\"Escrito por\" \/>\n\t\t<meta name=\"twitter:data1\" content=\"El Digital de Asturias\" \/>\n\t\t<meta name=\"twitter:label2\" content=\"Tiempo de lectura estimado\" \/>\n\t\t<meta name=\"twitter:data2\" content=\"5 minutos\" \/>\n\t\t<script type=\"application\/ld+json\" class=\"aioseo-schema\">\n\t\t\t{\"@context\":\"https:\\\/\\\/schema.org\",\"@graph\":[{\"@type\":\"BlogPosting\",\"@id\":\"https:\\\/\\\/www.eldigitaldeasturias.com\\\/noticias\\\/23-jugadores-de-laliga-participaran-en-la-copa-america\\\/#blogposting\",\"name\":\"23 jugadores de LaLiga participar\\u00e1n en la Copa Am\\u00e9rica - El Digital de Asturias\",\"headline\":\"23 jugadores de LaLiga participar\\u00e1n en la Copa Am\\u00e9rica\",\"author\":{\"@id\":\"https:\\\/\\\/www.eldigitaldeasturias.com\\\/noticias\\\/author\\\/admin\\\/#author\"},\"publisher\":{\"@id\":\"https:\\\/\\\/www.eldigitaldeasturias.com\\\/noticias\\\/#organization\"},\"image\":{\"@type\":\"ImageObject\",\"url\":\"https:\\\/\\\/www.eldigitaldeasturias.com\\\/noticias\\\/wp-content\\\/uploads\\\/2018\\\/02\\\/woman-638384_1280.jpg\",\"width\":1280,\"height\":850},\"datePublished\":\"2019-06-14T17:47:46+02:00\",\"dateModified\":\"2019-06-14T17:47:46+02:00\",\"inLanguage\":\"es-ES\",\"mainEntityOfPage\":{\"@id\":\"https:\\\/\\\/www.eldigitaldeasturias.com\\\/noticias\\\/23-jugadores-de-laliga-participaran-en-la-copa-america\\\/#webpage\"},\"isPartOf\":{\"@id\":\"https:\\\/\\\/www.eldigitaldeasturias.com\\\/noticias\\\/23-jugadores-de-laliga-participaran-en-la-copa-america\\\/#webpage\"},\"articleSection\":\"Deportes\"},{\"@type\":\"BreadcrumbList\",\"@id\":\"https:\\\/\\\/www.eldigitaldeasturias.com\\\/noticias\\\/23-jugadores-de-laliga-participaran-en-la-copa-america\\\/#breadcrumblist\",\"itemListElement\":[{\"@type\":\"ListItem\",\"@id\":\"https:\\\/\\\/www.eldigitaldeasturias.com\\\/noticias#listItem\",\"position\":1,\"name\":\"Home\",\"item\":\"https:\\\/\\\/www.eldigitaldeasturias.com\\\/noticias\",\"nextItem\":{\"@type\":\"ListItem\",\"@id\":\"https:\\\/\\\/www.eldigitaldeasturias.com\\\/noticias\\\/category\\\/deportes\\\/#listItem\",\"name\":\"Deportes\"}},{\"@type\":\"ListItem\",\"@id\":\"https:\\\/\\\/www.eldigitaldeasturias.com\\\/noticias\\\/category\\\/deportes\\\/#listItem\",\"position\":2,\"name\":\"Deportes\",\"item\":\"https:\\\/\\\/www.eldigitaldeasturias.com\\\/noticias\\\/category\\\/deportes\\\/\",\"nextItem\":{\"@type\":\"ListItem\",\"@id\":\"https:\\\/\\\/www.eldigitaldeasturias.com\\\/noticias\\\/23-jugadores-de-laliga-participaran-en-la-copa-america\\\/#listItem\",\"name\":\"23 jugadores de LaLiga participar\\u00e1n en la Copa Am\\u00e9rica\"},\"previousItem\":{\"@type\":\"ListItem\",\"@id\":\"https:\\\/\\\/www.eldigitaldeasturias.com\\\/noticias#listItem\",\"name\":\"Home\"}},{\"@type\":\"ListItem\",\"@id\":\"https:\\\/\\\/www.eldigitaldeasturias.com\\\/noticias\\\/23-jugadores-de-laliga-participaran-en-la-copa-america\\\/#listItem\",\"position\":3,\"name\":\"23 jugadores de LaLiga participar\\u00e1n en la Copa Am\\u00e9rica\",\"previousItem\":{\"@type\":\"ListItem\",\"@id\":\"https:\\\/\\\/www.eldigitaldeasturias.com\\\/noticias\\\/category\\\/deportes\\\/#listItem\",\"name\":\"Deportes\"}}]},{\"@type\":\"Organization\",\"@id\":\"https:\\\/\\\/www.eldigitaldeasturias.com\\\/noticias\\\/#organization\",\"name\":\"El Digital de Asturias\",\"description\":\"Hemeroteca\",\"url\":\"https:\\\/\\\/www.eldigitaldeasturias.com\\\/noticias\\\/\",\"email\":\"info@eldigitaldeasturias.com\",\"telephone\":\"+34652131393\",\"logo\":{\"@type\":\"ImageObject\",\"url\":\"https:\\\/\\\/www.eldigitaldeasturias.com\\\/noticias\\\/wp-content\\\/uploads\\\/2020\\\/12\\\/EDA.jpg\",\"@id\":\"https:\\\/\\\/www.eldigitaldeasturias.com\\\/noticias\\\/23-jugadores-de-laliga-participaran-en-la-copa-america\\\/#organizationLogo\",\"width\":649,\"height\":297},\"image\":{\"@id\":\"https:\\\/\\\/www.eldigitaldeasturias.com\\\/noticias\\\/23-jugadores-de-laliga-participaran-en-la-copa-america\\\/#organizationLogo\"},\"sameAs\":[\"https:\\\/\\\/facebook.com\\\/eldigitaldeasturias\",\"https:\\\/\\\/www.youtube.com\\\/channel\\\/UCZP-2wLEB9Rv6erhFmqVnvg\"],\"address\":{\"@id\":\"https:\\\/\\\/www.eldigitaldeasturias.com\\\/noticias\\\/#postaladdress\",\"@type\":\"PostalAddress\",\"streetAddress\":\"san antonio 4,\",\"postalCode\":\"33430\",\"addressLocality\":\"Cand\\u00e1s\",\"addressRegion\":\"Asturias\",\"addressCountry\":\"ES\"}},{\"@type\":\"Person\",\"@id\":\"https:\\\/\\\/www.eldigitaldeasturias.com\\\/noticias\\\/author\\\/admin\\\/#author\",\"url\":\"https:\\\/\\\/www.eldigitaldeasturias.com\\\/noticias\\\/author\\\/admin\\\/\",\"name\":\"El Digital de Asturias\",\"image\":{\"@type\":\"ImageObject\",\"@id\":\"https:\\\/\\\/www.eldigitaldeasturias.com\\\/noticias\\\/23-jugadores-de-laliga-participaran-en-la-copa-america\\\/#authorImage\",\"url\":\"https:\\\/\\\/www.eldigitaldeasturias.com\\\/noticias\\\/wp-content\\\/litespeed\\\/avatar\\\/18677e78aa0546b92d9dbf31ec7d7668.jpg?ver=1777290358\",\"width\":96,\"height\":96,\"caption\":\"El Digital de Asturias\"}},{\"@type\":\"WebPage\",\"@id\":\"https:\\\/\\\/www.eldigitaldeasturias.com\\\/noticias\\\/23-jugadores-de-laliga-participaran-en-la-copa-america\\\/#webpage\",\"url\":\"https:\\\/\\\/www.eldigitaldeasturias.com\\\/noticias\\\/23-jugadores-de-laliga-participaran-en-la-copa-america\\\/\",\"name\":\"23 jugadores de LaLiga participar\\u00e1n en la Copa Am\\u00e9rica - El Digital de Asturias\",\"description\":\"MADRID, 14 Jun. 2019 (Europa Press) - Hasta 23 jugadores de LaLiga participar\\u00e1n en la Copa Am\\u00e9rica de Brasil, que se celebrar\\u00e1 del 14 de junio al 7 de julio. La cifra, adem\\u00e1s, convierten a Espa\\u00f1a en la competici\\u00f3n europea con m\\u00e1s representantes en la presente edici\\u00f3n. Aqu\\u00ed, 10 estrellas de LaLiga listas para mostrar lo\",\"inLanguage\":\"es-ES\",\"isPartOf\":{\"@id\":\"https:\\\/\\\/www.eldigitaldeasturias.com\\\/noticias\\\/#website\"},\"breadcrumb\":{\"@id\":\"https:\\\/\\\/www.eldigitaldeasturias.com\\\/noticias\\\/23-jugadores-de-laliga-participaran-en-la-copa-america\\\/#breadcrumblist\"},\"author\":{\"@id\":\"https:\\\/\\\/www.eldigitaldeasturias.com\\\/noticias\\\/author\\\/admin\\\/#author\"},\"creator\":{\"@id\":\"https:\\\/\\\/www.eldigitaldeasturias.com\\\/noticias\\\/author\\\/admin\\\/#author\"},\"image\":{\"@type\":\"ImageObject\",\"url\":\"https:\\\/\\\/www.eldigitaldeasturias.com\\\/noticias\\\/wp-content\\\/uploads\\\/2018\\\/02\\\/woman-638384_1280.jpg\",\"@id\":\"https:\\\/\\\/www.eldigitaldeasturias.com\\\/noticias\\\/23-jugadores-de-laliga-participaran-en-la-copa-america\\\/#mainImage\",\"width\":1280,\"height\":850},\"primaryImageOfPage\":{\"@id\":\"https:\\\/\\\/www.eldigitaldeasturias.com\\\/noticias\\\/23-jugadores-de-laliga-participaran-en-la-copa-america\\\/#mainImage\"},\"datePublished\":\"2019-06-14T17:47:46+02:00\",\"dateModified\":\"2019-06-14T17:47:46+02:00\"},{\"@type\":\"WebSite\",\"@id\":\"https:\\\/\\\/www.eldigitaldeasturias.com\\\/noticias\\\/#website\",\"url\":\"https:\\\/\\\/www.eldigitaldeasturias.com\\\/noticias\\\/\",\"name\":\"El Digital de Asturias - Diario de actualidad y noticias\",\"alternateName\":\"El Digital de Asturias - Diario de actualidad y noticias\",\"description\":\"Hemeroteca\",\"inLanguage\":\"es-ES\",\"publisher\":{\"@id\":\"https:\\\/\\\/www.eldigitaldeasturias.com\\\/noticias\\\/#organization\"}}]}\n\t\t<\/script>\n\t\t<!-- All in One SEO Pro -->\r\n\t\t<title>23 jugadores de LaLiga participar\u00e1n en la Copa Am\u00e9rica - El Digital de Asturias<\/title>\n\n","aioseo_head_json":{"title":"23 jugadores de LaLiga participar\u00e1n en la Copa Am\u00e9rica - El Digital de Asturias","description":"MADRID, 14 Jun. 2019 (Europa Press) - Hasta 23 jugadores de LaLiga participar\u00e1n en la Copa Am\u00e9rica de Brasil, que se celebrar\u00e1 del 14 de junio al 7 de julio. La cifra, adem\u00e1s, convierten a Espa\u00f1a en la competici\u00f3n europea con m\u00e1s representantes en la presente edici\u00f3n. Aqu\u00ed, 10 estrellas de LaLiga listas para mostrar lo","canonical_url":"https:\/\/www.eldigitaldeasturias.com\/noticias\/23-jugadores-de-laliga-participaran-en-la-copa-america\/","robots":"max-image-preview:large","keywords":"deportes","webmasterTools":{"google-site-verification":"UA-38556648-1","msvalidate.01":"7dfe9f3f1b24437ab69f4f2559babe99","miscellaneous":""},"schema":{"@context":"https:\/\/schema.org","@graph":[{"@type":"BlogPosting","@id":"https:\/\/www.eldigitaldeasturias.com\/noticias\/23-jugadores-de-laliga-participaran-en-la-copa-america\/#blogposting","name":"23 jugadores de LaLiga participar\u00e1n en la Copa Am\u00e9rica - El Digital de Asturias","headline":"23 jugadores de LaLiga participar\u00e1n en la Copa Am\u00e9rica","author":{"@id":"https:\/\/www.eldigitaldeasturias.com\/noticias\/author\/admin\/#author"},"publisher":{"@id":"https:\/\/www.eldigitaldeasturias.com\/noticias\/#organization"},"image":{"@type":"ImageObject","url":"https:\/\/www.eldigitaldeasturias.com\/noticias\/wp-content\/uploads\/2018\/02\/woman-638384_1280.jpg","width":1280,"height":850},"datePublished":"2019-06-14T17:47:46+02:00","dateModified":"2019-06-14T17:47:46+02:00","inLanguage":"es-ES","mainEntityOfPage":{"@id":"https:\/\/www.eldigitaldeasturias.com\/noticias\/23-jugadores-de-laliga-participaran-en-la-copa-america\/#webpage"},"isPartOf":{"@id":"https:\/\/www.eldigitaldeasturias.com\/noticias\/23-jugadores-de-laliga-participaran-en-la-copa-america\/#webpage"},"articleSection":"Deportes"},{"@type":"BreadcrumbList","@id":"https:\/\/www.eldigitaldeasturias.com\/noticias\/23-jugadores-de-laliga-participaran-en-la-copa-america\/#breadcrumblist","itemListElement":[{"@type":"ListItem","@id":"https:\/\/www.eldigitaldeasturias.com\/noticias#listItem","position":1,"name":"Home","item":"https:\/\/www.eldigitaldeasturias.com\/noticias","nextItem":{"@type":"ListItem","@id":"https:\/\/www.eldigitaldeasturias.com\/noticias\/category\/deportes\/#listItem","name":"Deportes"}},{"@type":"ListItem","@id":"https:\/\/www.eldigitaldeasturias.com\/noticias\/category\/deportes\/#listItem","position":2,"name":"Deportes","item":"https:\/\/www.eldigitaldeasturias.com\/noticias\/category\/deportes\/","nextItem":{"@type":"ListItem","@id":"https:\/\/www.eldigitaldeasturias.com\/noticias\/23-jugadores-de-laliga-participaran-en-la-copa-america\/#listItem","name":"23 jugadores de LaLiga participar\u00e1n en la Copa Am\u00e9rica"},"previousItem":{"@type":"ListItem","@id":"https:\/\/www.eldigitaldeasturias.com\/noticias#listItem","name":"Home"}},{"@type":"ListItem","@id":"https:\/\/www.eldigitaldeasturias.com\/noticias\/23-jugadores-de-laliga-participaran-en-la-copa-america\/#listItem","position":3,"name":"23 jugadores de LaLiga participar\u00e1n en la Copa Am\u00e9rica","previousItem":{"@type":"ListItem","@id":"https:\/\/www.eldigitaldeasturias.com\/noticias\/category\/deportes\/#listItem","name":"Deportes"}}]},{"@type":"Organization","@id":"https:\/\/www.eldigitaldeasturias.com\/noticias\/#organization","name":"El Digital de Asturias","description":"Hemeroteca","url":"https:\/\/www.eldigitaldeasturias.com\/noticias\/","email":"info@eldigitaldeasturias.com","telephone":"+34652131393","logo":{"@type":"ImageObject","url":"https:\/\/www.eldigitaldeasturias.com\/noticias\/wp-content\/uploads\/2020\/12\/EDA.jpg","@id":"https:\/\/www.eldigitaldeasturias.com\/noticias\/23-jugadores-de-laliga-participaran-en-la-copa-america\/#organizationLogo","width":649,"height":297},"image":{"@id":"https:\/\/www.eldigitaldeasturias.com\/noticias\/23-jugadores-de-laliga-participaran-en-la-copa-america\/#organizationLogo"},"sameAs":["https:\/\/facebook.com\/eldigitaldeasturias","https:\/\/www.youtube.com\/channel\/UCZP-2wLEB9Rv6erhFmqVnvg"],"address":{"@id":"https:\/\/www.eldigitaldeasturias.com\/noticias\/#postaladdress","@type":"PostalAddress","streetAddress":"san antonio 4,","postalCode":"33430","addressLocality":"Cand\u00e1s","addressRegion":"Asturias","addressCountry":"ES"}},{"@type":"Person","@id":"https:\/\/www.eldigitaldeasturias.com\/noticias\/author\/admin\/#author","url":"https:\/\/www.eldigitaldeasturias.com\/noticias\/author\/admin\/","name":"El Digital de Asturias","image":{"@type":"ImageObject","@id":"https:\/\/www.eldigitaldeasturias.com\/noticias\/23-jugadores-de-laliga-participaran-en-la-copa-america\/#authorImage","url":"https:\/\/www.eldigitaldeasturias.com\/noticias\/wp-content\/litespeed\/avatar\/18677e78aa0546b92d9dbf31ec7d7668.jpg?ver=1777290358","width":96,"height":96,"caption":"El Digital de Asturias"}},{"@type":"WebPage","@id":"https:\/\/www.eldigitaldeasturias.com\/noticias\/23-jugadores-de-laliga-participaran-en-la-copa-america\/#webpage","url":"https:\/\/www.eldigitaldeasturias.com\/noticias\/23-jugadores-de-laliga-participaran-en-la-copa-america\/","name":"23 jugadores de LaLiga participar\u00e1n en la Copa Am\u00e9rica - El Digital de Asturias","description":"MADRID, 14 Jun. 2019 (Europa Press) - Hasta 23 jugadores de LaLiga participar\u00e1n en la Copa Am\u00e9rica de Brasil, que se celebrar\u00e1 del 14 de junio al 7 de julio. La cifra, adem\u00e1s, convierten a Espa\u00f1a en la competici\u00f3n europea con m\u00e1s representantes en la presente edici\u00f3n. Aqu\u00ed, 10 estrellas de LaLiga listas para mostrar lo","inLanguage":"es-ES","isPartOf":{"@id":"https:\/\/www.eldigitaldeasturias.com\/noticias\/#website"},"breadcrumb":{"@id":"https:\/\/www.eldigitaldeasturias.com\/noticias\/23-jugadores-de-laliga-participaran-en-la-copa-america\/#breadcrumblist"},"author":{"@id":"https:\/\/www.eldigitaldeasturias.com\/noticias\/author\/admin\/#author"},"creator":{"@id":"https:\/\/www.eldigitaldeasturias.com\/noticias\/author\/admin\/#author"},"image":{"@type":"ImageObject","url":"https:\/\/www.eldigitaldeasturias.com\/noticias\/wp-content\/uploads\/2018\/02\/woman-638384_1280.jpg","@id":"https:\/\/www.eldigitaldeasturias.com\/noticias\/23-jugadores-de-laliga-participaran-en-la-copa-america\/#mainImage","width":1280,"height":850},"primaryImageOfPage":{"@id":"https:\/\/www.eldigitaldeasturias.com\/noticias\/23-jugadores-de-laliga-participaran-en-la-copa-america\/#mainImage"},"datePublished":"2019-06-14T17:47:46+02:00","dateModified":"2019-06-14T17:47:46+02:00"},{"@type":"WebSite","@id":"https:\/\/www.eldigitaldeasturias.com\/noticias\/#website","url":"https:\/\/www.eldigitaldeasturias.com\/noticias\/","name":"El Digital de Asturias - Diario de actualidad y noticias","alternateName":"El Digital de Asturias - Diario de actualidad y noticias","description":"Hemeroteca","inLanguage":"es-ES","publisher":{"@id":"https:\/\/www.eldigitaldeasturias.com\/noticias\/#organization"}}]},"og:locale":"es_ES","og:site_name":"El Digital de Asturias","og:type":"article","og:title":"23 jugadores de LaLiga participar\u00e1n en la Copa Am\u00e9rica - El Digital de Asturias","og:description":"MADRID, 14 Jun. 2019 (Europa Press) - Hasta 23 jugadores de LaLiga participar\u00e1n en la Copa Am\u00e9rica de Brasil, que se celebrar\u00e1 del 14 de junio al 7 de julio. La cifra, adem\u00e1s, convierten a Espa\u00f1a en la competici\u00f3n europea con m\u00e1s representantes en la presente edici\u00f3n. Aqu\u00ed, 10 estrellas de LaLiga listas para mostrar lo","og:url":"https:\/\/www.eldigitaldeasturias.com\/noticias\/23-jugadores-de-laliga-participaran-en-la-copa-america\/","og:image":"https:\/\/www.eldigitaldeasturias.com\/noticias\/wp-content\/uploads\/2018\/02\/woman-638384_1280.jpg","og:image:secure_url":"https:\/\/www.eldigitaldeasturias.com\/noticias\/wp-content\/uploads\/2018\/02\/woman-638384_1280.jpg","og:image:width":1280,"og:image:height":850,"article:tag":["deportes"],"article:published_time":"2019-06-14T17:47:46+00:00","article:modified_time":"2019-06-14T17:47:46+00:00","article:publisher":"https:\/\/facebook.com\/eldigitaldeasturias","twitter:card":"summary_large_image","twitter:title":"23 jugadores de LaLiga participar\u00e1n en la Copa Am\u00e9rica - El Digital de Asturias","twitter:description":"MADRID, 14 Jun. 2019 (Europa Press) - Hasta 23 jugadores de LaLiga participar\u00e1n en la Copa Am\u00e9rica de Brasil, que se celebrar\u00e1 del 14 de junio al 7 de julio. La cifra, adem\u00e1s, convierten a Espa\u00f1a en la competici\u00f3n europea con m\u00e1s representantes en la presente edici\u00f3n. Aqu\u00ed, 10 estrellas de LaLiga listas para mostrar lo","twitter:image":"https:\/\/www.eldigitaldeasturias.com\/noticias\/wp-content\/uploads\/2018\/02\/woman-638384_1280.jpg","twitter:label1":"Escrito por","twitter:data1":"El Digital de Asturias","twitter:label2":"Tiempo de lectura estimado","twitter:data2":"5 minutos"},"aioseo_meta_data":{"post_id":"1031001","title":null,"description":null,"keywords":null,"keyphrases":null,"primary_term":null,"canonical_url":null,"og_title":null,"og_description":null,"og_object_type":"default","og_image_type":"default","og_image_url":null,"og_image_width":null,"og_image_height":null,"og_image_custom_url":null,"og_image_custom_fields":null,"og_video":null,"og_custom_url":null,"og_article_section":null,"og_article_tags":null,"twitter_use_og":false,"twitter_card":"default","twitter_image_type":"default","twitter_image_url":null,"twitter_image_custom_url":null,"twitter_image_custom_fields":null,"twitter_title":null,"twitter_description":null,"schema":{"blockGraphs":[],"customGraphs":[],"default":{"data":{"Article":[],"Course":[],"Dataset":[],"FAQPage":[],"Movie":[],"Person":[],"Product":[],"ProductReview":[],"Car":[],"Recipe":[],"Service":[],"SoftwareApplication":[],"WebPage":[]},"graphName":"","isEnabled":true},"graphs":[],"defaultGraph":"","defaultPostTypeGraph":""},"schema_type":null,"schema_type_options":null,"pillar_content":false,"robots_default":true,"robots_noindex":false,"robots_noarchive":false,"robots_nosnippet":false,"robots_nofollow":false,"robots_noimageindex":false,"robots_noodp":false,"robots_notranslate":false,"robots_max_snippet":null,"robots_max_videopreview":null,"robots_max_imagepreview":"large","priority":null,"frequency":null,"local_seo":null,"seo_analyzer_scan_date":"2025-10-18 17:34:20","breadcrumb_settings":null,"limit_modified_date":false,"open_ai":null,"ai":null,"created":"2020-12-21 11:10:29","updated":"2025-10-18 17:34:20"},"aioseo_breadcrumb":"<div class=\"aioseo-breadcrumbs\"><span class=\"aioseo-breadcrumb\">\n\t<a href=\"https:\/\/www.eldigitaldeasturias.com\/noticias\" title=\"Home\">Home<\/a>\n<\/span><span class=\"aioseo-breadcrumb-separator\">\u2013<\/span><span class=\"aioseo-breadcrumb\">\n\t<a href=\"https:\/\/www.eldigitaldeasturias.com\/noticias\/category\/deportes\/\" title=\"Deportes\">Deportes<\/a>\n<\/span><span class=\"aioseo-breadcrumb-separator\">\u2013<\/span><span class=\"aioseo-breadcrumb\">\n\t<a href=\"https:\/\/www.eldigitaldeasturias.com\/noticias\/23-jugadores-de-laliga-participaran-en-la-copa-america\/\" title=\"23 jugadores de LaLiga participar\u00e1n en la Copa Am\u00e9rica\">23 jugadores de LaLiga participar\u00e1n en la Copa Am\u00e9rica<\/a>\n<\/span><\/div>","aioseo_breadcrumb_json":[{"label":"Home","link":"https:\/\/www.eldigitaldeasturias.com\/noticias"},{"label":"Deportes","link":"https:\/\/www.eldigitaldeasturias.com\/noticias\/category\/deportes\/"},{"label":"23 jugadores de LaLiga participar\u00e1n en la Copa Am\u00e9rica","link":"https:\/\/www.eldigitaldeasturias.com\/noticias\/23-jugadores-de-laliga-participaran-en-la-copa-america\/"}],"_links":{"self":[{"href":"https:\/\/www.eldigitaldeasturias.com\/noticias\/wp-json\/wp\/v2\/posts\/1031001","targetHints":{"allow":["GET"]}}],"collection":[{"href":"https:\/\/www.eldigitaldeasturias.com\/noticias\/wp-json\/wp\/v2\/posts"}],"about":[{"href":"https:\/\/www.eldigitaldeasturias.com\/noticias\/wp-json\/wp\/v2\/types\/post"}],"author":[{"embeddable":true,"href":"https:\/\/www.eldigitaldeasturias.com\/noticias\/wp-json\/wp\/v2\/users\/1"}],"replies":[{"embeddable":true,"href":"https:\/\/www.eldigitaldeasturias.com\/noticias\/wp-json\/wp\/v2\/comments?post=1031001"}],"version-history":[{"count":0,"href":"https:\/\/www.eldigitaldeasturias.com\/noticias\/wp-json\/wp\/v2\/posts\/1031001\/revisions"}],"wp:featuredmedia":[{"embeddable":true,"href":"https:\/\/www.eldigitaldeasturias.com\/noticias\/wp-json\/wp\/v2\/media\/969718"}],"wp:attachment":[{"href":"https:\/\/www.eldigitaldeasturias.com\/noticias\/wp-json\/wp\/v2\/media?parent=1031001"}],"wp:term":[{"taxonomy":"category","embeddable":true,"href":"https:\/\/www.eldigitaldeasturias.com\/noticias\/wp-json\/wp\/v2\/categories?post=1031001"},{"taxonomy":"post_tag","embeddable":true,"href":"https:\/\/www.eldigitaldeasturias.com\/noticias\/wp-json\/wp\/v2\/tags?post=1031001"}],"curies":[{"name":"wp","href":"https:\/\/api.w.org\/{rel}","templated":true}]}}