{"id":1030951,"date":"2019-06-14T15:01:47","date_gmt":"2019-06-14T15:01:47","guid":{"rendered":"https:\/\/www.eldigitaldeasturias.com\/noticias\/?p=1030951"},"modified":"2019-06-14T15:01:47","modified_gmt":"2019-06-14T15:01:47","slug":"oliver-kahn-cumple-50-anos-unido-al-bayern","status":"publish","type":"post","link":"https:\/\/www.eldigitaldeasturias.com\/noticias\/oliver-kahn-cumple-50-anos-unido-al-bayern\/","title":{"rendered":"Oliver Kahn cumple 50 a\u00f1os \u201cunido\u201d al Bayern"},"content":{"rendered":"<p><img loading=\"lazy\" decoding=\"async\" class=\"alignleft size-medium wp-image-1030952\" src=\"https:\/\/www.eldigitaldeasturias.com\/noticias\/wp-content\/uploads\/2019\/06\/Oliver-Kahn-360x243.jpg\" alt=\"\" width=\"360\" height=\"243\" srcset=\"https:\/\/www.eldigitaldeasturias.com\/noticias\/wp-content\/uploads\/2019\/06\/Oliver-Kahn-360x243.jpg 360w, https:\/\/www.eldigitaldeasturias.com\/noticias\/wp-content\/uploads\/2019\/06\/Oliver-Kahn-768x519.jpg 768w, https:\/\/www.eldigitaldeasturias.com\/noticias\/wp-content\/uploads\/2019\/06\/Oliver-Kahn-650x439.jpg 650w, https:\/\/www.eldigitaldeasturias.com\/noticias\/wp-content\/uploads\/2019\/06\/Oliver-Kahn.jpg 989w\" sizes=\"auto, (max-width: 360px) 100vw, 360px\" \/>Hamburgo\/M\u00fanich, 14 jun (dpa) &#8211; La leyenda del f\u00fatbol alem\u00e1n <strong>Oliver Kahn<\/strong> considera que su apego personal al Bayern M\u00fanich es un motivo fundamental para su prevista entrada en la junta directiva del club, antes de celebrar ma\u00f1ana su <strong>50 cumplea\u00f1os<\/strong>.<\/p>\n<p>\u00abNo hay que olvidar que <strong>el Bayern M\u00fanich fue una parte muy grande de mi vida<\/strong>. A trav\u00e9s del club tambi\u00e9n me incorpor\u00e9 a la selecci\u00f3n nacional. Creo que siento una cierta obligaci\u00f3n y despu\u00e9s una cierta gratitud por poder formar parte de un club as\u00ed\u00bb, dijo el ex guardameta de f\u00fatbol esta semana en Hamburgo, durante la \u00abSpielmacherkonferenz\u00bb.<\/p>\n<p>Siempre es cuesti\u00f3n de tiempo, y cuando todo encaja \u00abtambi\u00e9n es bastante l\u00f3gico que me ocupe de este tema\u00bb, indic\u00f3 Kahn, que <strong>jug\u00f3 en el club muniqu\u00e9s de 1994 a 2008<\/strong>.<\/p>\n<p>El ex portero iniciar\u00e1 el 1 de enero de 2020 un periodo de prueba con su ex club y, a medio plazo, <strong>sustituir\u00e1 a Karl-Heinz Rummenigge<\/strong>, cuyo contrato como director ejecutivo expira a finales de 2021. Kahn afirm\u00f3 que las conversaciones est\u00e1n muy avanzadas.<\/p>\n<p>Por otro lado, <strong>Kahn ve a la selecci\u00f3n alemana en el buen camino.<\/strong> \u201cEn general, creo que tenemos a muchos, muchos jugadores prometedores\u201d, opin\u00f3.<\/p>\n<p>\u201cTenemos mucho talento, lo que nos esperanza mucho\u201d, prosigui\u00f3, se\u00f1alando que seguir el modelo de juventud de los rivales no fue un criterio adecuado. \u201cQue esta plantilla est\u00e9 realmente preparada para luchar por el t\u00edtulo, y sea capaz de conseguir el t\u00edtulo, es algo que solo se ver\u00e1 compitiendo\u201d, advirti\u00f3.<\/p>\n<p><em>Foto: Markus Scholz\/dpa<\/em><\/p>\n<p>&nbsp;<\/p>\n","protected":false},"excerpt":{"rendered":"<p>Hamburgo\/M\u00fanich, 14 jun (dpa) &#8211; La leyenda del f\u00fatbol alem\u00e1n Oliver Kahn considera que su apego personal al Bayern M\u00fanich es un motivo fundamental para su prevista entrada en la junta directiva del club, antes de celebrar ma\u00f1ana su 50 cumplea\u00f1os. \u00abNo hay que olvidar que el Bayern M\u00fanich fue una parte muy grande de [&hellip;]<\/p>\n","protected":false},"author":1,"featured_media":1030952,"comment_status":"closed","ping_status":"closed","sticky":false,"template":"","format":"standard","meta":{"footnotes":""},"categories":[190],"tags":[],"class_list":["post-1030951","post","type-post","status-publish","format-standard","has-post-thumbnail","hentry","category-deportes"],"aioseo_notices":[],"aioseo_head":"\n\t\t<!-- All in One SEO Pro 4.9.6.2 - aioseo.com -->\n\t<meta name=\"description\" content=\"Hamburgo\/M\u00fanich, 14 jun (dpa) - La leyenda del f\u00fatbol alem\u00e1n Oliver Kahn considera que su apego personal al Bayern M\u00fanich es un motivo fundamental para su prevista entrada en la junta directiva del club, antes de celebrar ma\u00f1ana su 50 cumplea\u00f1os. &quot;No hay que olvidar que el Bayern M\u00fanich fue una parte muy grande de\" \/>\n\t<meta name=\"robots\" content=\"max-image-preview:large\" \/>\n\t<meta name=\"author\" content=\"El Digital de Asturias\"\/>\n\t<meta name=\"google-site-verification\" content=\"UA-38556648-1\" \/>\n\t<meta name=\"msvalidate.01\" content=\"7dfe9f3f1b24437ab69f4f2559babe99\" \/>\n\t<meta name=\"keywords\" content=\"deportes\" \/>\n\t<link rel=\"canonical\" href=\"https:\/\/www.eldigitaldeasturias.com\/noticias\/oliver-kahn-cumple-50-anos-unido-al-bayern\/\" \/>\n\t<meta name=\"generator\" content=\"All in One SEO Pro (AIOSEO) 4.9.6.2\" \/>\n\t\t<meta property=\"og:locale\" content=\"es_ES\" \/>\n\t\t<meta property=\"og:site_name\" content=\"El Digital de Asturias\" \/>\n\t\t<meta property=\"og:type\" content=\"article\" \/>\n\t\t<meta property=\"og:title\" content=\"Oliver Kahn cumple 50 a\u00f1os \u201cunido\u201d al Bayern - El Digital de Asturias\" \/>\n\t\t<meta property=\"og:description\" content=\"Hamburgo\/M\u00fanich, 14 jun (dpa) - La leyenda del f\u00fatbol alem\u00e1n Oliver Kahn considera que su apego personal al Bayern M\u00fanich es un motivo fundamental para su prevista entrada en la junta directiva del club, antes de celebrar ma\u00f1ana su 50 cumplea\u00f1os. &quot;No hay que olvidar que el Bayern M\u00fanich fue una parte muy grande de\" \/>\n\t\t<meta property=\"og:url\" content=\"https:\/\/www.eldigitaldeasturias.com\/noticias\/oliver-kahn-cumple-50-anos-unido-al-bayern\/\" \/>\n\t\t<meta property=\"og:image\" content=\"https:\/\/www.eldigitaldeasturias.com\/noticias\/wp-content\/uploads\/2019\/06\/Oliver-Kahn.jpg\" \/>\n\t\t<meta property=\"og:image:secure_url\" content=\"https:\/\/www.eldigitaldeasturias.com\/noticias\/wp-content\/uploads\/2019\/06\/Oliver-Kahn.jpg\" \/>\n\t\t<meta property=\"og:image:width\" content=\"989\" \/>\n\t\t<meta property=\"og:image:height\" content=\"668\" \/>\n\t\t<meta property=\"article:tag\" content=\"deportes\" \/>\n\t\t<meta property=\"article:published_time\" content=\"2019-06-14T15:01:47+00:00\" \/>\n\t\t<meta property=\"article:modified_time\" content=\"2019-06-14T15:01:47+00:00\" \/>\n\t\t<meta property=\"article:publisher\" content=\"https:\/\/facebook.com\/eldigitaldeasturias\" \/>\n\t\t<meta name=\"twitter:card\" content=\"summary_large_image\" \/>\n\t\t<meta name=\"twitter:title\" content=\"Oliver Kahn cumple 50 a\u00f1os \u201cunido\u201d al Bayern - El Digital de Asturias\" \/>\n\t\t<meta name=\"twitter:description\" content=\"Hamburgo\/M\u00fanich, 14 jun (dpa) - La leyenda del f\u00fatbol alem\u00e1n Oliver Kahn considera que su apego personal al Bayern M\u00fanich es un motivo fundamental para su prevista entrada en la junta directiva del club, antes de celebrar ma\u00f1ana su 50 cumplea\u00f1os. &quot;No hay que olvidar que el Bayern M\u00fanich fue una parte muy grande de\" \/>\n\t\t<meta name=\"twitter:image\" content=\"https:\/\/www.eldigitaldeasturias.com\/noticias\/wp-content\/uploads\/2019\/06\/Oliver-Kahn.jpg\" \/>\n\t\t<meta name=\"twitter:label1\" content=\"Escrito por\" \/>\n\t\t<meta name=\"twitter:data1\" content=\"El Digital de Asturias\" \/>\n\t\t<meta name=\"twitter:label2\" content=\"Tiempo de lectura estimado\" \/>\n\t\t<meta name=\"twitter:data2\" content=\"1 minuto\" \/>\n\t\t<script type=\"application\/ld+json\" class=\"aioseo-schema\">\n\t\t\t{\"@context\":\"https:\\\/\\\/schema.org\",\"@graph\":[{\"@type\":\"BlogPosting\",\"@id\":\"https:\\\/\\\/www.eldigitaldeasturias.com\\\/noticias\\\/oliver-kahn-cumple-50-anos-unido-al-bayern\\\/#blogposting\",\"name\":\"Oliver Kahn cumple 50 a\\u00f1os \\u201cunido\\u201d al Bayern - El Digital de Asturias\",\"headline\":\"Oliver Kahn cumple 50 a\\u00f1os \\u201cunido\\u201d al Bayern\",\"author\":{\"@id\":\"https:\\\/\\\/www.eldigitaldeasturias.com\\\/noticias\\\/author\\\/admin\\\/#author\"},\"publisher\":{\"@id\":\"https:\\\/\\\/www.eldigitaldeasturias.com\\\/noticias\\\/#organization\"},\"image\":{\"@type\":\"ImageObject\",\"url\":\"https:\\\/\\\/www.eldigitaldeasturias.com\\\/noticias\\\/wp-content\\\/uploads\\\/2019\\\/06\\\/Oliver-Kahn.jpg\",\"width\":989,\"height\":668},\"datePublished\":\"2019-06-14T15:01:47+02:00\",\"dateModified\":\"2019-06-14T15:01:47+02:00\",\"inLanguage\":\"es-ES\",\"mainEntityOfPage\":{\"@id\":\"https:\\\/\\\/www.eldigitaldeasturias.com\\\/noticias\\\/oliver-kahn-cumple-50-anos-unido-al-bayern\\\/#webpage\"},\"isPartOf\":{\"@id\":\"https:\\\/\\\/www.eldigitaldeasturias.com\\\/noticias\\\/oliver-kahn-cumple-50-anos-unido-al-bayern\\\/#webpage\"},\"articleSection\":\"Deportes\"},{\"@type\":\"BreadcrumbList\",\"@id\":\"https:\\\/\\\/www.eldigitaldeasturias.com\\\/noticias\\\/oliver-kahn-cumple-50-anos-unido-al-bayern\\\/#breadcrumblist\",\"itemListElement\":[{\"@type\":\"ListItem\",\"@id\":\"https:\\\/\\\/www.eldigitaldeasturias.com\\\/noticias#listItem\",\"position\":1,\"name\":\"Home\",\"item\":\"https:\\\/\\\/www.eldigitaldeasturias.com\\\/noticias\",\"nextItem\":{\"@type\":\"ListItem\",\"@id\":\"https:\\\/\\\/www.eldigitaldeasturias.com\\\/noticias\\\/category\\\/deportes\\\/#listItem\",\"name\":\"Deportes\"}},{\"@type\":\"ListItem\",\"@id\":\"https:\\\/\\\/www.eldigitaldeasturias.com\\\/noticias\\\/category\\\/deportes\\\/#listItem\",\"position\":2,\"name\":\"Deportes\",\"item\":\"https:\\\/\\\/www.eldigitaldeasturias.com\\\/noticias\\\/category\\\/deportes\\\/\",\"nextItem\":{\"@type\":\"ListItem\",\"@id\":\"https:\\\/\\\/www.eldigitaldeasturias.com\\\/noticias\\\/oliver-kahn-cumple-50-anos-unido-al-bayern\\\/#listItem\",\"name\":\"Oliver Kahn cumple 50 a\\u00f1os \\u201cunido\\u201d al Bayern\"},\"previousItem\":{\"@type\":\"ListItem\",\"@id\":\"https:\\\/\\\/www.eldigitaldeasturias.com\\\/noticias#listItem\",\"name\":\"Home\"}},{\"@type\":\"ListItem\",\"@id\":\"https:\\\/\\\/www.eldigitaldeasturias.com\\\/noticias\\\/oliver-kahn-cumple-50-anos-unido-al-bayern\\\/#listItem\",\"position\":3,\"name\":\"Oliver Kahn cumple 50 a\\u00f1os \\u201cunido\\u201d al Bayern\",\"previousItem\":{\"@type\":\"ListItem\",\"@id\":\"https:\\\/\\\/www.eldigitaldeasturias.com\\\/noticias\\\/category\\\/deportes\\\/#listItem\",\"name\":\"Deportes\"}}]},{\"@type\":\"Organization\",\"@id\":\"https:\\\/\\\/www.eldigitaldeasturias.com\\\/noticias\\\/#organization\",\"name\":\"El Digital de Asturias\",\"description\":\"Hemeroteca\",\"url\":\"https:\\\/\\\/www.eldigitaldeasturias.com\\\/noticias\\\/\",\"email\":\"info@eldigitaldeasturias.com\",\"telephone\":\"+34652131393\",\"logo\":{\"@type\":\"ImageObject\",\"url\":\"https:\\\/\\\/www.eldigitaldeasturias.com\\\/noticias\\\/wp-content\\\/uploads\\\/2020\\\/12\\\/EDA.jpg\",\"@id\":\"https:\\\/\\\/www.eldigitaldeasturias.com\\\/noticias\\\/oliver-kahn-cumple-50-anos-unido-al-bayern\\\/#organizationLogo\",\"width\":649,\"height\":297},\"image\":{\"@id\":\"https:\\\/\\\/www.eldigitaldeasturias.com\\\/noticias\\\/oliver-kahn-cumple-50-anos-unido-al-bayern\\\/#organizationLogo\"},\"sameAs\":[\"https:\\\/\\\/facebook.com\\\/eldigitaldeasturias\",\"https:\\\/\\\/www.youtube.com\\\/channel\\\/UCZP-2wLEB9Rv6erhFmqVnvg\"],\"address\":{\"@id\":\"https:\\\/\\\/www.eldigitaldeasturias.com\\\/noticias\\\/#postaladdress\",\"@type\":\"PostalAddress\",\"streetAddress\":\"san antonio 4,\",\"postalCode\":\"33430\",\"addressLocality\":\"Cand\\u00e1s\",\"addressRegion\":\"Asturias\",\"addressCountry\":\"ES\"}},{\"@type\":\"Person\",\"@id\":\"https:\\\/\\\/www.eldigitaldeasturias.com\\\/noticias\\\/author\\\/admin\\\/#author\",\"url\":\"https:\\\/\\\/www.eldigitaldeasturias.com\\\/noticias\\\/author\\\/admin\\\/\",\"name\":\"El Digital de Asturias\",\"image\":{\"@type\":\"ImageObject\",\"@id\":\"https:\\\/\\\/www.eldigitaldeasturias.com\\\/noticias\\\/oliver-kahn-cumple-50-anos-unido-al-bayern\\\/#authorImage\",\"url\":\"https:\\\/\\\/www.eldigitaldeasturias.com\\\/noticias\\\/wp-content\\\/litespeed\\\/avatar\\\/18677e78aa0546b92d9dbf31ec7d7668.jpg?ver=1777290358\",\"width\":96,\"height\":96,\"caption\":\"El Digital de Asturias\"}},{\"@type\":\"WebPage\",\"@id\":\"https:\\\/\\\/www.eldigitaldeasturias.com\\\/noticias\\\/oliver-kahn-cumple-50-anos-unido-al-bayern\\\/#webpage\",\"url\":\"https:\\\/\\\/www.eldigitaldeasturias.com\\\/noticias\\\/oliver-kahn-cumple-50-anos-unido-al-bayern\\\/\",\"name\":\"Oliver Kahn cumple 50 a\\u00f1os \\u201cunido\\u201d al Bayern - El Digital de Asturias\",\"description\":\"Hamburgo\\\/M\\u00fanich, 14 jun (dpa) - La leyenda del f\\u00fatbol alem\\u00e1n Oliver Kahn considera que su apego personal al Bayern M\\u00fanich es un motivo fundamental para su prevista entrada en la junta directiva del club, antes de celebrar ma\\u00f1ana su 50 cumplea\\u00f1os. \\\"No hay que olvidar que el Bayern M\\u00fanich fue una parte muy grande de\",\"inLanguage\":\"es-ES\",\"isPartOf\":{\"@id\":\"https:\\\/\\\/www.eldigitaldeasturias.com\\\/noticias\\\/#website\"},\"breadcrumb\":{\"@id\":\"https:\\\/\\\/www.eldigitaldeasturias.com\\\/noticias\\\/oliver-kahn-cumple-50-anos-unido-al-bayern\\\/#breadcrumblist\"},\"author\":{\"@id\":\"https:\\\/\\\/www.eldigitaldeasturias.com\\\/noticias\\\/author\\\/admin\\\/#author\"},\"creator\":{\"@id\":\"https:\\\/\\\/www.eldigitaldeasturias.com\\\/noticias\\\/author\\\/admin\\\/#author\"},\"image\":{\"@type\":\"ImageObject\",\"url\":\"https:\\\/\\\/www.eldigitaldeasturias.com\\\/noticias\\\/wp-content\\\/uploads\\\/2019\\\/06\\\/Oliver-Kahn.jpg\",\"@id\":\"https:\\\/\\\/www.eldigitaldeasturias.com\\\/noticias\\\/oliver-kahn-cumple-50-anos-unido-al-bayern\\\/#mainImage\",\"width\":989,\"height\":668},\"primaryImageOfPage\":{\"@id\":\"https:\\\/\\\/www.eldigitaldeasturias.com\\\/noticias\\\/oliver-kahn-cumple-50-anos-unido-al-bayern\\\/#mainImage\"},\"datePublished\":\"2019-06-14T15:01:47+02:00\",\"dateModified\":\"2019-06-14T15:01:47+02:00\"},{\"@type\":\"WebSite\",\"@id\":\"https:\\\/\\\/www.eldigitaldeasturias.com\\\/noticias\\\/#website\",\"url\":\"https:\\\/\\\/www.eldigitaldeasturias.com\\\/noticias\\\/\",\"name\":\"El Digital de Asturias - Diario de actualidad y noticias\",\"alternateName\":\"El Digital de Asturias - Diario de actualidad y noticias\",\"description\":\"Hemeroteca\",\"inLanguage\":\"es-ES\",\"publisher\":{\"@id\":\"https:\\\/\\\/www.eldigitaldeasturias.com\\\/noticias\\\/#organization\"}}]}\n\t\t<\/script>\n\t\t<!-- All in One SEO Pro -->\r\n\t\t<title>Oliver Kahn cumple 50 a\u00f1os \u201cunido\u201d al Bayern - El Digital de Asturias<\/title>\n\n","aioseo_head_json":{"title":"Oliver Kahn cumple 50 a\u00f1os \u201cunido\u201d al Bayern - El Digital de Asturias","description":"Hamburgo\/M\u00fanich, 14 jun (dpa) - La leyenda del f\u00fatbol alem\u00e1n Oliver Kahn considera que su apego personal al Bayern M\u00fanich es un motivo fundamental para su prevista entrada en la junta directiva del club, antes de celebrar ma\u00f1ana su 50 cumplea\u00f1os. \"No hay que olvidar que el Bayern M\u00fanich fue una parte muy grande de","canonical_url":"https:\/\/www.eldigitaldeasturias.com\/noticias\/oliver-kahn-cumple-50-anos-unido-al-bayern\/","robots":"max-image-preview:large","keywords":"deportes","webmasterTools":{"google-site-verification":"UA-38556648-1","msvalidate.01":"7dfe9f3f1b24437ab69f4f2559babe99","miscellaneous":""},"schema":{"@context":"https:\/\/schema.org","@graph":[{"@type":"BlogPosting","@id":"https:\/\/www.eldigitaldeasturias.com\/noticias\/oliver-kahn-cumple-50-anos-unido-al-bayern\/#blogposting","name":"Oliver Kahn cumple 50 a\u00f1os \u201cunido\u201d al Bayern - El Digital de Asturias","headline":"Oliver Kahn cumple 50 a\u00f1os \u201cunido\u201d al Bayern","author":{"@id":"https:\/\/www.eldigitaldeasturias.com\/noticias\/author\/admin\/#author"},"publisher":{"@id":"https:\/\/www.eldigitaldeasturias.com\/noticias\/#organization"},"image":{"@type":"ImageObject","url":"https:\/\/www.eldigitaldeasturias.com\/noticias\/wp-content\/uploads\/2019\/06\/Oliver-Kahn.jpg","width":989,"height":668},"datePublished":"2019-06-14T15:01:47+02:00","dateModified":"2019-06-14T15:01:47+02:00","inLanguage":"es-ES","mainEntityOfPage":{"@id":"https:\/\/www.eldigitaldeasturias.com\/noticias\/oliver-kahn-cumple-50-anos-unido-al-bayern\/#webpage"},"isPartOf":{"@id":"https:\/\/www.eldigitaldeasturias.com\/noticias\/oliver-kahn-cumple-50-anos-unido-al-bayern\/#webpage"},"articleSection":"Deportes"},{"@type":"BreadcrumbList","@id":"https:\/\/www.eldigitaldeasturias.com\/noticias\/oliver-kahn-cumple-50-anos-unido-al-bayern\/#breadcrumblist","itemListElement":[{"@type":"ListItem","@id":"https:\/\/www.eldigitaldeasturias.com\/noticias#listItem","position":1,"name":"Home","item":"https:\/\/www.eldigitaldeasturias.com\/noticias","nextItem":{"@type":"ListItem","@id":"https:\/\/www.eldigitaldeasturias.com\/noticias\/category\/deportes\/#listItem","name":"Deportes"}},{"@type":"ListItem","@id":"https:\/\/www.eldigitaldeasturias.com\/noticias\/category\/deportes\/#listItem","position":2,"name":"Deportes","item":"https:\/\/www.eldigitaldeasturias.com\/noticias\/category\/deportes\/","nextItem":{"@type":"ListItem","@id":"https:\/\/www.eldigitaldeasturias.com\/noticias\/oliver-kahn-cumple-50-anos-unido-al-bayern\/#listItem","name":"Oliver Kahn cumple 50 a\u00f1os \u201cunido\u201d al Bayern"},"previousItem":{"@type":"ListItem","@id":"https:\/\/www.eldigitaldeasturias.com\/noticias#listItem","name":"Home"}},{"@type":"ListItem","@id":"https:\/\/www.eldigitaldeasturias.com\/noticias\/oliver-kahn-cumple-50-anos-unido-al-bayern\/#listItem","position":3,"name":"Oliver Kahn cumple 50 a\u00f1os \u201cunido\u201d al Bayern","previousItem":{"@type":"ListItem","@id":"https:\/\/www.eldigitaldeasturias.com\/noticias\/category\/deportes\/#listItem","name":"Deportes"}}]},{"@type":"Organization","@id":"https:\/\/www.eldigitaldeasturias.com\/noticias\/#organization","name":"El Digital de Asturias","description":"Hemeroteca","url":"https:\/\/www.eldigitaldeasturias.com\/noticias\/","email":"info@eldigitaldeasturias.com","telephone":"+34652131393","logo":{"@type":"ImageObject","url":"https:\/\/www.eldigitaldeasturias.com\/noticias\/wp-content\/uploads\/2020\/12\/EDA.jpg","@id":"https:\/\/www.eldigitaldeasturias.com\/noticias\/oliver-kahn-cumple-50-anos-unido-al-bayern\/#organizationLogo","width":649,"height":297},"image":{"@id":"https:\/\/www.eldigitaldeasturias.com\/noticias\/oliver-kahn-cumple-50-anos-unido-al-bayern\/#organizationLogo"},"sameAs":["https:\/\/facebook.com\/eldigitaldeasturias","https:\/\/www.youtube.com\/channel\/UCZP-2wLEB9Rv6erhFmqVnvg"],"address":{"@id":"https:\/\/www.eldigitaldeasturias.com\/noticias\/#postaladdress","@type":"PostalAddress","streetAddress":"san antonio 4,","postalCode":"33430","addressLocality":"Cand\u00e1s","addressRegion":"Asturias","addressCountry":"ES"}},{"@type":"Person","@id":"https:\/\/www.eldigitaldeasturias.com\/noticias\/author\/admin\/#author","url":"https:\/\/www.eldigitaldeasturias.com\/noticias\/author\/admin\/","name":"El Digital de Asturias","image":{"@type":"ImageObject","@id":"https:\/\/www.eldigitaldeasturias.com\/noticias\/oliver-kahn-cumple-50-anos-unido-al-bayern\/#authorImage","url":"https:\/\/www.eldigitaldeasturias.com\/noticias\/wp-content\/litespeed\/avatar\/18677e78aa0546b92d9dbf31ec7d7668.jpg?ver=1777290358","width":96,"height":96,"caption":"El Digital de Asturias"}},{"@type":"WebPage","@id":"https:\/\/www.eldigitaldeasturias.com\/noticias\/oliver-kahn-cumple-50-anos-unido-al-bayern\/#webpage","url":"https:\/\/www.eldigitaldeasturias.com\/noticias\/oliver-kahn-cumple-50-anos-unido-al-bayern\/","name":"Oliver Kahn cumple 50 a\u00f1os \u201cunido\u201d al Bayern - El Digital de Asturias","description":"Hamburgo\/M\u00fanich, 14 jun (dpa) - La leyenda del f\u00fatbol alem\u00e1n Oliver Kahn considera que su apego personal al Bayern M\u00fanich es un motivo fundamental para su prevista entrada en la junta directiva del club, antes de celebrar ma\u00f1ana su 50 cumplea\u00f1os. \"No hay que olvidar que el Bayern M\u00fanich fue una parte muy grande de","inLanguage":"es-ES","isPartOf":{"@id":"https:\/\/www.eldigitaldeasturias.com\/noticias\/#website"},"breadcrumb":{"@id":"https:\/\/www.eldigitaldeasturias.com\/noticias\/oliver-kahn-cumple-50-anos-unido-al-bayern\/#breadcrumblist"},"author":{"@id":"https:\/\/www.eldigitaldeasturias.com\/noticias\/author\/admin\/#author"},"creator":{"@id":"https:\/\/www.eldigitaldeasturias.com\/noticias\/author\/admin\/#author"},"image":{"@type":"ImageObject","url":"https:\/\/www.eldigitaldeasturias.com\/noticias\/wp-content\/uploads\/2019\/06\/Oliver-Kahn.jpg","@id":"https:\/\/www.eldigitaldeasturias.com\/noticias\/oliver-kahn-cumple-50-anos-unido-al-bayern\/#mainImage","width":989,"height":668},"primaryImageOfPage":{"@id":"https:\/\/www.eldigitaldeasturias.com\/noticias\/oliver-kahn-cumple-50-anos-unido-al-bayern\/#mainImage"},"datePublished":"2019-06-14T15:01:47+02:00","dateModified":"2019-06-14T15:01:47+02:00"},{"@type":"WebSite","@id":"https:\/\/www.eldigitaldeasturias.com\/noticias\/#website","url":"https:\/\/www.eldigitaldeasturias.com\/noticias\/","name":"El Digital de Asturias - Diario de actualidad y noticias","alternateName":"El Digital de Asturias - Diario de actualidad y noticias","description":"Hemeroteca","inLanguage":"es-ES","publisher":{"@id":"https:\/\/www.eldigitaldeasturias.com\/noticias\/#organization"}}]},"og:locale":"es_ES","og:site_name":"El Digital de Asturias","og:type":"article","og:title":"Oliver Kahn cumple 50 a\u00f1os \u201cunido\u201d al Bayern - El Digital de Asturias","og:description":"Hamburgo\/M\u00fanich, 14 jun (dpa) - La leyenda del f\u00fatbol alem\u00e1n Oliver Kahn considera que su apego personal al Bayern M\u00fanich es un motivo fundamental para su prevista entrada en la junta directiva del club, antes de celebrar ma\u00f1ana su 50 cumplea\u00f1os. &quot;No hay que olvidar que el Bayern M\u00fanich fue una parte muy grande de","og:url":"https:\/\/www.eldigitaldeasturias.com\/noticias\/oliver-kahn-cumple-50-anos-unido-al-bayern\/","og:image":"https:\/\/www.eldigitaldeasturias.com\/noticias\/wp-content\/uploads\/2019\/06\/Oliver-Kahn.jpg","og:image:secure_url":"https:\/\/www.eldigitaldeasturias.com\/noticias\/wp-content\/uploads\/2019\/06\/Oliver-Kahn.jpg","og:image:width":989,"og:image:height":668,"article:tag":["deportes"],"article:published_time":"2019-06-14T15:01:47+00:00","article:modified_time":"2019-06-14T15:01:47+00:00","article:publisher":"https:\/\/facebook.com\/eldigitaldeasturias","twitter:card":"summary_large_image","twitter:title":"Oliver Kahn cumple 50 a\u00f1os \u201cunido\u201d al Bayern - El Digital de Asturias","twitter:description":"Hamburgo\/M\u00fanich, 14 jun (dpa) - La leyenda del f\u00fatbol alem\u00e1n Oliver Kahn considera que su apego personal al Bayern M\u00fanich es un motivo fundamental para su prevista entrada en la junta directiva del club, antes de celebrar ma\u00f1ana su 50 cumplea\u00f1os. &quot;No hay que olvidar que el Bayern M\u00fanich fue una parte muy grande de","twitter:image":"https:\/\/www.eldigitaldeasturias.com\/noticias\/wp-content\/uploads\/2019\/06\/Oliver-Kahn.jpg","twitter:label1":"Escrito por","twitter:data1":"El Digital de Asturias","twitter:label2":"Tiempo de lectura estimado","twitter:data2":"1 minuto"},"aioseo_meta_data":{"post_id":"1030951","title":null,"description":null,"keywords":null,"keyphrases":null,"primary_term":null,"canonical_url":null,"og_title":null,"og_description":null,"og_object_type":"default","og_image_type":"default","og_image_url":null,"og_image_width":null,"og_image_height":null,"og_image_custom_url":null,"og_image_custom_fields":null,"og_video":null,"og_custom_url":null,"og_article_section":null,"og_article_tags":null,"twitter_use_og":false,"twitter_card":"default","twitter_image_type":"default","twitter_image_url":null,"twitter_image_custom_url":null,"twitter_image_custom_fields":null,"twitter_title":null,"twitter_description":null,"schema":{"blockGraphs":[],"customGraphs":[],"default":{"data":{"Article":[],"Course":[],"Dataset":[],"FAQPage":[],"Movie":[],"Person":[],"Product":[],"ProductReview":[],"Car":[],"Recipe":[],"Service":[],"SoftwareApplication":[],"WebPage":[]},"graphName":"","isEnabled":true},"graphs":[],"defaultGraph":"","defaultPostTypeGraph":""},"schema_type":null,"schema_type_options":null,"pillar_content":false,"robots_default":true,"robots_noindex":false,"robots_noarchive":false,"robots_nosnippet":false,"robots_nofollow":false,"robots_noimageindex":false,"robots_noodp":false,"robots_notranslate":false,"robots_max_snippet":null,"robots_max_videopreview":null,"robots_max_imagepreview":"large","priority":null,"frequency":null,"local_seo":null,"seo_analyzer_scan_date":"2025-10-18 17:24:17","breadcrumb_settings":null,"limit_modified_date":false,"open_ai":null,"ai":null,"created":"2020-12-21 11:10:29","updated":"2025-10-18 17:24:17"},"aioseo_breadcrumb":"<div class=\"aioseo-breadcrumbs\"><span class=\"aioseo-breadcrumb\">\n\t<a href=\"https:\/\/www.eldigitaldeasturias.com\/noticias\" title=\"Home\">Home<\/a>\n<\/span><span class=\"aioseo-breadcrumb-separator\">\u2013<\/span><span class=\"aioseo-breadcrumb\">\n\t<a href=\"https:\/\/www.eldigitaldeasturias.com\/noticias\/category\/deportes\/\" title=\"Deportes\">Deportes<\/a>\n<\/span><span class=\"aioseo-breadcrumb-separator\">\u2013<\/span><span class=\"aioseo-breadcrumb\">\n\t<a href=\"https:\/\/www.eldigitaldeasturias.com\/noticias\/oliver-kahn-cumple-50-anos-unido-al-bayern\/\" title=\"Oliver Kahn cumple 50 a\u00f1os \u201cunido\u201d al Bayern\">Oliver Kahn cumple 50 a\u00f1os \u201cunido\u201d al Bayern<\/a>\n<\/span><\/div>","aioseo_breadcrumb_json":[{"label":"Home","link":"https:\/\/www.eldigitaldeasturias.com\/noticias"},{"label":"Deportes","link":"https:\/\/www.eldigitaldeasturias.com\/noticias\/category\/deportes\/"},{"label":"Oliver Kahn cumple 50 a\u00f1os \u201cunido\u201d al Bayern","link":"https:\/\/www.eldigitaldeasturias.com\/noticias\/oliver-kahn-cumple-50-anos-unido-al-bayern\/"}],"_links":{"self":[{"href":"https:\/\/www.eldigitaldeasturias.com\/noticias\/wp-json\/wp\/v2\/posts\/1030951","targetHints":{"allow":["GET"]}}],"collection":[{"href":"https:\/\/www.eldigitaldeasturias.com\/noticias\/wp-json\/wp\/v2\/posts"}],"about":[{"href":"https:\/\/www.eldigitaldeasturias.com\/noticias\/wp-json\/wp\/v2\/types\/post"}],"author":[{"embeddable":true,"href":"https:\/\/www.eldigitaldeasturias.com\/noticias\/wp-json\/wp\/v2\/users\/1"}],"replies":[{"embeddable":true,"href":"https:\/\/www.eldigitaldeasturias.com\/noticias\/wp-json\/wp\/v2\/comments?post=1030951"}],"version-history":[{"count":0,"href":"https:\/\/www.eldigitaldeasturias.com\/noticias\/wp-json\/wp\/v2\/posts\/1030951\/revisions"}],"wp:featuredmedia":[{"embeddable":true,"href":"https:\/\/www.eldigitaldeasturias.com\/noticias\/wp-json\/wp\/v2\/media\/1030952"}],"wp:attachment":[{"href":"https:\/\/www.eldigitaldeasturias.com\/noticias\/wp-json\/wp\/v2\/media?parent=1030951"}],"wp:term":[{"taxonomy":"category","embeddable":true,"href":"https:\/\/www.eldigitaldeasturias.com\/noticias\/wp-json\/wp\/v2\/categories?post=1030951"},{"taxonomy":"post_tag","embeddable":true,"href":"https:\/\/www.eldigitaldeasturias.com\/noticias\/wp-json\/wp\/v2\/tags?post=1030951"}],"curies":[{"name":"wp","href":"https:\/\/api.w.org\/{rel}","templated":true}]}}