{"id":1030830,"date":"2019-06-14T00:00:31","date_gmt":"2019-06-14T00:00:31","guid":{"rendered":"https:\/\/www.eldigitaldeasturias.com\/noticias\/?p=1030830"},"modified":"2019-06-14T00:00:31","modified_gmt":"2019-06-14T00:00:31","slug":"50-000-fans-reciben-a-eden-hazard-en-el-santiago-bernabeu","status":"publish","type":"post","link":"https:\/\/www.eldigitaldeasturias.com\/noticias\/50-000-fans-reciben-a-eden-hazard-en-el-santiago-bernabeu\/","title":{"rendered":"50.000 fans reciben a Eden Hazard en el Santiago Bernab\u00e9u"},"content":{"rendered":"<p><img loading=\"lazy\" decoding=\"async\" class=\"alignleft size-medium wp-image-969718\" src=\"https:\/\/www.eldigitaldeasturias.com\/noticias\/wp-content\/uploads\/2018\/02\/woman-638384_1280-360x239.jpg\" alt=\"\" width=\"360\" height=\"239\" srcset=\"https:\/\/www.eldigitaldeasturias.com\/noticias\/wp-content\/uploads\/2018\/02\/woman-638384_1280-360x239.jpg 360w, https:\/\/www.eldigitaldeasturias.com\/noticias\/wp-content\/uploads\/2018\/02\/woman-638384_1280-452x300.jpg 452w, https:\/\/www.eldigitaldeasturias.com\/noticias\/wp-content\/uploads\/2018\/02\/woman-638384_1280-768x510.jpg 768w, https:\/\/www.eldigitaldeasturias.com\/noticias\/wp-content\/uploads\/2018\/02\/woman-638384_1280-690x458.jpg 690w, https:\/\/www.eldigitaldeasturias.com\/noticias\/wp-content\/uploads\/2018\/02\/woman-638384_1280-1024x680.jpg 1024w, https:\/\/www.eldigitaldeasturias.com\/noticias\/wp-content\/uploads\/2018\/02\/woman-638384_1280-20x13.jpg 20w, https:\/\/www.eldigitaldeasturias.com\/noticias\/wp-content\/uploads\/2018\/02\/woman-638384_1280.jpg 1280w\" sizes=\"auto, (max-width: 360px) 100vw, 360px\" \/>MADRID, 14 Jun. 2019 (Europa Press) &#8211;\u00a0El flamante jugador del Real Madrid Eden Hazard se mostr\u00f3 \u00abmuy feliz\u00bb en su presentaci\u00f3n como nuevo jugador merengue, un acto que congreg\u00f3 a m\u00e1s de 50.000 seguidores en el Santiago Bernab\u00e9u, y record\u00f3 que ha cumplido su sue\u00f1o \u00abdesde peque\u00f1o\u00bb al firmar con el 13 veces campe\u00f3n de Europa.<\/p>\n<p>\u00abHola a todos\u00bb, dijo Hazard en castellano antes de comenzar su discurso. \u00abVoy a hablar en franc\u00e9s porque mi espa\u00f1ol no es muy bueno todav\u00eda. Muchas gracias al presidente, a mi familia y a todos los que no pod\u00edan venir. Tengo muchas ganas de empezar a jugar con el Real Madrid dentro de un mes\u00bb, indic\u00f3 el internacional de 28 a\u00f1os.<\/p>\n<p>\u00abDefender esta camiseta y conseguir muchos t\u00edtulos, como ha dicho el presidente, era mi sue\u00f1o desde peque\u00f1o. Siempre he querido jugar en el Real Madrid. Ahora s\u00f3lo quiero disfrutar de este momento. Ya estoy aqu\u00ed\u00bb, a\u00f1adi\u00f3 Hazard, que volvi\u00f3 a utilizar su escaso dominio del espa\u00f1ol para despedirse de la afici\u00f3n antes de pisar el c\u00e9sped del Santiago Bernab\u00e9u. \u00abGracias a todos\u00bb.<\/p>\n<p>El jugador belga pas\u00f3 reconocimiento en la Cl\u00ednica Sanitas La Moraleja a primera hora de la tarde y tras un breve trayecto en coche por la Castellana lleg\u00f3 al templo del madridismo. All\u00ed le esperaban m\u00e1s de 40.000 aficionados que fueron creciendo como la espuma con el paso de los minutos. Super\u00f3 los 50.000 el estadio blanco, que present\u00f3 un aspecto como si de un d\u00eda de partido se tratara.<\/p>\n<p>El centrocampista belga cambi\u00f3 los pantalones cortos por el traje. Se apret\u00f3 el nudo de la corbata y puso rumbo a la sala de juntas, donde firm\u00f3 su contrato de cinco temporadas con el Real Madrid. Hazard estamp\u00f3 su r\u00fabrica delante de las 13 &#8216;Champions&#8217; y de la sonrisa del presidente Florentino P\u00e9rez, sabedor de que la presencia del ex del Chelsea ha recuperado la ilusi\u00f3n en Chamart\u00edn.<\/p>\n<p>Jugador y presidente posaron con la camiseta, a\u00fan sin dorsal, para posteriormente acudir al palco. Hazard disfrut\u00f3 con un v\u00eddeo de presentaci\u00f3n antes de ganarse al madridismo con sus primeras palabras y de pisar el c\u00e9sped para dar sus primeros toques con la camiseta del conjunto blanco. Hasta 500 balones se repartieron entre los asistentes, que no quisieron perderse ni un instante de la presentaci\u00f3n.<\/p>\n<h4>\u00abTODAV\u00cdA NO SOY UN GALACTICO, PERO ESPERO SERLO\u00bb<\/h4>\n<p>Una vez en la sala de prensa, con m\u00e1s de 200 medios acreditados, Hazard respondi\u00f3 una veintena de preguntas. \u00abTodav\u00eda no soy un galactico, pero espero serlo alg\u00fan d\u00eda. Soy Eden Hazard, un buen jugador, que necesita trabajar. Voy a intentar ser el mejor jugador del mundo, pero antes he querido jugar en el mejor equipo del mundo\u00bb, indic\u00f3.<\/p>\n<p>\u00abHe tenido mucho \u00e9xito con el Chelsea y ahora quiero ganar mucho con el Real Madrid. Ya estar aqu\u00ed es un nuevo reto, pero estoy dispuesto y preparado para ello. Apoy\u00e9 al Madrid desde peque\u00f1o, poder llevar al Real Madrid y ponerme esta camiseta es todo un honor. Creo que todo va a ir muy bien\u00bb, augur\u00f3 el ex jugador &#8216;blue&#8217;.<\/p>\n<p>Preguntado por la importancia de Zidane en su fichaje, afirm\u00f3 que es algo que todo el mundo conoce. \u00abTodos sab\u00e9is que Zidane era mi \u00eddolo desde peque\u00f1o y el hecho de que sea el entrenador del Madrid ha sido un factor importante, pero no s\u00f3lo eso, yo quer\u00eda jugar en este club. En cuanto a mi posici\u00f3n no soy yo el que tengo que decidirla, a m\u00ed me gusta la izquierda o como n\u00famero 10, pero si lo tengo que hacer en otra posici\u00f3n lo har\u00e9 con placer\u00bb, manifest\u00f3.<\/p>\n<p>\u00abQuiero ganar los m\u00e1ximos t\u00edtulos posibles y crear una historia con el Real Madrid. Cuando uno juega para este club no hay una sola estrella, el equipo es la estrella en s\u00ed. Aqu\u00ed soy nuevo y en el Chelsea llevaba siete a\u00f1os jugando. Voy a intentar aportar todo lo posible para el grupo\u00bb, a\u00f1adi\u00f3 Hazard antes de echar un capote al capit\u00e1n Sergio Ramos.<\/p>\n<p>\u00ab\u00bfTirar los penaltis? El capit\u00e1n del club los tir\u00e1 muy bien, pero si me pida que los tire&#8230; aun as\u00ed yo creo que va a seguir tirando los penaltis porque los tira muy bien\u00bb, coment\u00f3 sobre el central andaluz. De igual manera que elogi\u00f3 a Benzema, \u00abel mejor delantero centro del mundo\u00bb o a su \u00abamigo\u00bb Courtois, con quien ha compartido muchas experiencias.<\/p>\n<p>\u00abMi fichaje no llega tarde, no creo que sea muy tarde, tengo 28 a\u00f1os, estoy en el mejor momento de mi carrera, entre los 27 y los 32 es el mejor momento para un futbolista y el sue\u00f1o de jugar para el Madrid ha estado ah\u00ed mucho tiempo. Pero en mi carrera he tenido varias etapas y ahora he pensado que era el momento de marcar un antes y un despu\u00e9s. Estoy en el club m\u00e1s grande del mundo y me va a permitir crecer a\u00fan m\u00e1s\u00bb, asegur\u00f3.<\/p>\n<p>\u00abTodo empez\u00f3 el a\u00f1o pasado despu\u00e9s del Mundial, pero decidi\u00ed seguir all\u00ed en el Chelsea y todo ha ido muy bien. He hecho un gran a\u00f1o personalmente y tambi\u00e9n con el equipo, ganamos la Liga Europa, y creo que era el momento perfecto para estar aqu\u00ed\u00bb, apunt\u00f3 Hazard antes de ser preguntado por el dorsal. \u00abLe he pedido a Modric de broma que me deje el 10 pero me ha dicho que no. Tengo que buscar otro n\u00famero, pero ahora mismo no es importante. Lo m\u00e1s importante es jugar con esta camiseta y con este escudo\u00bb.<\/p>\n<p>Por \u00faltimo, Hazard rechaz\u00f3 ser uno de los candidatos al &#8216;Bal\u00f3n de Oro&#8217;, pero sabe que el hecho de ser jugador del Real Madrid es algo que le acerca al trofeo. \u00abNo s\u00e9 si ser\u00e1 m\u00e1s f\u00e1cil ganarlo, pero es verdad que los \u00faltimos a\u00f1os han ido casi siempre para jugadores del Real Madrid. Ahora mismo me centro en el aspecto colectivo y luego&#8230; \u00bfpor qu\u00e9 no? est\u00e1 en mi cabeza, pero no pienso en ello todos los d\u00edas\u00bb, finaliz\u00f3.<\/p>\n<p>&nbsp;<\/p>\n","protected":false},"excerpt":{"rendered":"<p>MADRID, 14 Jun. 2019 (Europa Press) &#8211;\u00a0El flamante jugador del Real Madrid Eden Hazard se mostr\u00f3 \u00abmuy feliz\u00bb en su presentaci\u00f3n como nuevo jugador merengue, un acto que congreg\u00f3 a m\u00e1s de 50.000 seguidores en el Santiago Bernab\u00e9u, y record\u00f3 que ha cumplido su sue\u00f1o \u00abdesde peque\u00f1o\u00bb al firmar con el 13 veces campe\u00f3n de [&hellip;]<\/p>\n","protected":false},"author":1,"featured_media":969718,"comment_status":"closed","ping_status":"closed","sticky":false,"template":"","format":"standard","meta":{"footnotes":""},"categories":[190],"tags":[],"class_list":["post-1030830","post","type-post","status-publish","format-standard","has-post-thumbnail","hentry","category-deportes"],"aioseo_notices":[],"aioseo_head":"\n\t\t<!-- All in One SEO Pro 4.9.6.2 - aioseo.com -->\n\t<meta name=\"description\" content=\"MADRID, 14 Jun. 2019 (Europa Press) - El flamante jugador del Real Madrid Eden Hazard se mostr\u00f3 &quot;muy feliz&quot; en su presentaci\u00f3n como nuevo jugador merengue, un acto que congreg\u00f3 a m\u00e1s de 50.000 seguidores en el Santiago Bernab\u00e9u, y record\u00f3 que ha cumplido su sue\u00f1o &quot;desde peque\u00f1o&quot; al firmar con el 13 veces campe\u00f3n de\" \/>\n\t<meta name=\"robots\" content=\"max-image-preview:large\" \/>\n\t<meta name=\"author\" content=\"El Digital de Asturias\"\/>\n\t<meta name=\"google-site-verification\" content=\"UA-38556648-1\" \/>\n\t<meta name=\"msvalidate.01\" content=\"7dfe9f3f1b24437ab69f4f2559babe99\" \/>\n\t<meta name=\"keywords\" content=\"deportes\" \/>\n\t<link rel=\"canonical\" href=\"https:\/\/www.eldigitaldeasturias.com\/noticias\/50-000-fans-reciben-a-eden-hazard-en-el-santiago-bernabeu\/\" \/>\n\t<meta name=\"generator\" content=\"All in One SEO Pro (AIOSEO) 4.9.6.2\" \/>\n\t\t<meta property=\"og:locale\" content=\"es_ES\" \/>\n\t\t<meta property=\"og:site_name\" content=\"El Digital de Asturias\" \/>\n\t\t<meta property=\"og:type\" content=\"article\" \/>\n\t\t<meta property=\"og:title\" content=\"50.000 fans reciben a Eden Hazard en el Santiago Bernab\u00e9u - El Digital de Asturias\" \/>\n\t\t<meta property=\"og:description\" content=\"MADRID, 14 Jun. 2019 (Europa Press) - El flamante jugador del Real Madrid Eden Hazard se mostr\u00f3 &quot;muy feliz&quot; en su presentaci\u00f3n como nuevo jugador merengue, un acto que congreg\u00f3 a m\u00e1s de 50.000 seguidores en el Santiago Bernab\u00e9u, y record\u00f3 que ha cumplido su sue\u00f1o &quot;desde peque\u00f1o&quot; al firmar con el 13 veces campe\u00f3n de\" \/>\n\t\t<meta property=\"og:url\" content=\"https:\/\/www.eldigitaldeasturias.com\/noticias\/50-000-fans-reciben-a-eden-hazard-en-el-santiago-bernabeu\/\" \/>\n\t\t<meta property=\"og:image\" content=\"https:\/\/www.eldigitaldeasturias.com\/noticias\/wp-content\/uploads\/2018\/02\/woman-638384_1280.jpg\" \/>\n\t\t<meta property=\"og:image:secure_url\" content=\"https:\/\/www.eldigitaldeasturias.com\/noticias\/wp-content\/uploads\/2018\/02\/woman-638384_1280.jpg\" \/>\n\t\t<meta property=\"og:image:width\" content=\"1280\" \/>\n\t\t<meta property=\"og:image:height\" content=\"850\" \/>\n\t\t<meta property=\"article:tag\" content=\"deportes\" \/>\n\t\t<meta property=\"article:published_time\" content=\"2019-06-14T00:00:31+00:00\" \/>\n\t\t<meta property=\"article:modified_time\" content=\"2019-06-14T00:00:31+00:00\" \/>\n\t\t<meta property=\"article:publisher\" content=\"https:\/\/facebook.com\/eldigitaldeasturias\" \/>\n\t\t<meta name=\"twitter:card\" content=\"summary_large_image\" \/>\n\t\t<meta name=\"twitter:title\" content=\"50.000 fans reciben a Eden Hazard en el Santiago Bernab\u00e9u - El Digital de Asturias\" \/>\n\t\t<meta name=\"twitter:description\" content=\"MADRID, 14 Jun. 2019 (Europa Press) - El flamante jugador del Real Madrid Eden Hazard se mostr\u00f3 &quot;muy feliz&quot; en su presentaci\u00f3n como nuevo jugador merengue, un acto que congreg\u00f3 a m\u00e1s de 50.000 seguidores en el Santiago Bernab\u00e9u, y record\u00f3 que ha cumplido su sue\u00f1o &quot;desde peque\u00f1o&quot; al firmar con el 13 veces campe\u00f3n de\" \/>\n\t\t<meta name=\"twitter:image\" content=\"https:\/\/www.eldigitaldeasturias.com\/noticias\/wp-content\/uploads\/2018\/02\/woman-638384_1280.jpg\" \/>\n\t\t<meta name=\"twitter:label1\" content=\"Escrito por\" \/>\n\t\t<meta name=\"twitter:data1\" content=\"El Digital de Asturias\" \/>\n\t\t<meta name=\"twitter:label2\" content=\"Tiempo de lectura estimado\" \/>\n\t\t<meta name=\"twitter:data2\" content=\"5 minutos\" \/>\n\t\t<script type=\"application\/ld+json\" class=\"aioseo-schema\">\n\t\t\t{\"@context\":\"https:\\\/\\\/schema.org\",\"@graph\":[{\"@type\":\"BlogPosting\",\"@id\":\"https:\\\/\\\/www.eldigitaldeasturias.com\\\/noticias\\\/50-000-fans-reciben-a-eden-hazard-en-el-santiago-bernabeu\\\/#blogposting\",\"name\":\"50.000 fans reciben a Eden Hazard en el Santiago Bernab\\u00e9u - El Digital de Asturias\",\"headline\":\"50.000 fans reciben a Eden Hazard en el Santiago Bernab\\u00e9u\",\"author\":{\"@id\":\"https:\\\/\\\/www.eldigitaldeasturias.com\\\/noticias\\\/author\\\/admin\\\/#author\"},\"publisher\":{\"@id\":\"https:\\\/\\\/www.eldigitaldeasturias.com\\\/noticias\\\/#organization\"},\"image\":{\"@type\":\"ImageObject\",\"url\":\"https:\\\/\\\/www.eldigitaldeasturias.com\\\/noticias\\\/wp-content\\\/uploads\\\/2018\\\/02\\\/woman-638384_1280.jpg\",\"width\":1280,\"height\":850},\"datePublished\":\"2019-06-14T00:00:31+02:00\",\"dateModified\":\"2019-06-14T00:00:31+02:00\",\"inLanguage\":\"es-ES\",\"mainEntityOfPage\":{\"@id\":\"https:\\\/\\\/www.eldigitaldeasturias.com\\\/noticias\\\/50-000-fans-reciben-a-eden-hazard-en-el-santiago-bernabeu\\\/#webpage\"},\"isPartOf\":{\"@id\":\"https:\\\/\\\/www.eldigitaldeasturias.com\\\/noticias\\\/50-000-fans-reciben-a-eden-hazard-en-el-santiago-bernabeu\\\/#webpage\"},\"articleSection\":\"Deportes\"},{\"@type\":\"BreadcrumbList\",\"@id\":\"https:\\\/\\\/www.eldigitaldeasturias.com\\\/noticias\\\/50-000-fans-reciben-a-eden-hazard-en-el-santiago-bernabeu\\\/#breadcrumblist\",\"itemListElement\":[{\"@type\":\"ListItem\",\"@id\":\"https:\\\/\\\/www.eldigitaldeasturias.com\\\/noticias#listItem\",\"position\":1,\"name\":\"Home\",\"item\":\"https:\\\/\\\/www.eldigitaldeasturias.com\\\/noticias\",\"nextItem\":{\"@type\":\"ListItem\",\"@id\":\"https:\\\/\\\/www.eldigitaldeasturias.com\\\/noticias\\\/category\\\/deportes\\\/#listItem\",\"name\":\"Deportes\"}},{\"@type\":\"ListItem\",\"@id\":\"https:\\\/\\\/www.eldigitaldeasturias.com\\\/noticias\\\/category\\\/deportes\\\/#listItem\",\"position\":2,\"name\":\"Deportes\",\"item\":\"https:\\\/\\\/www.eldigitaldeasturias.com\\\/noticias\\\/category\\\/deportes\\\/\",\"nextItem\":{\"@type\":\"ListItem\",\"@id\":\"https:\\\/\\\/www.eldigitaldeasturias.com\\\/noticias\\\/50-000-fans-reciben-a-eden-hazard-en-el-santiago-bernabeu\\\/#listItem\",\"name\":\"50.000 fans reciben a Eden Hazard en el Santiago Bernab\\u00e9u\"},\"previousItem\":{\"@type\":\"ListItem\",\"@id\":\"https:\\\/\\\/www.eldigitaldeasturias.com\\\/noticias#listItem\",\"name\":\"Home\"}},{\"@type\":\"ListItem\",\"@id\":\"https:\\\/\\\/www.eldigitaldeasturias.com\\\/noticias\\\/50-000-fans-reciben-a-eden-hazard-en-el-santiago-bernabeu\\\/#listItem\",\"position\":3,\"name\":\"50.000 fans reciben a Eden Hazard en el Santiago Bernab\\u00e9u\",\"previousItem\":{\"@type\":\"ListItem\",\"@id\":\"https:\\\/\\\/www.eldigitaldeasturias.com\\\/noticias\\\/category\\\/deportes\\\/#listItem\",\"name\":\"Deportes\"}}]},{\"@type\":\"Organization\",\"@id\":\"https:\\\/\\\/www.eldigitaldeasturias.com\\\/noticias\\\/#organization\",\"name\":\"El Digital de Asturias\",\"description\":\"Hemeroteca\",\"url\":\"https:\\\/\\\/www.eldigitaldeasturias.com\\\/noticias\\\/\",\"email\":\"info@eldigitaldeasturias.com\",\"telephone\":\"+34652131393\",\"logo\":{\"@type\":\"ImageObject\",\"url\":\"https:\\\/\\\/www.eldigitaldeasturias.com\\\/noticias\\\/wp-content\\\/uploads\\\/2020\\\/12\\\/EDA.jpg\",\"@id\":\"https:\\\/\\\/www.eldigitaldeasturias.com\\\/noticias\\\/50-000-fans-reciben-a-eden-hazard-en-el-santiago-bernabeu\\\/#organizationLogo\",\"width\":649,\"height\":297},\"image\":{\"@id\":\"https:\\\/\\\/www.eldigitaldeasturias.com\\\/noticias\\\/50-000-fans-reciben-a-eden-hazard-en-el-santiago-bernabeu\\\/#organizationLogo\"},\"sameAs\":[\"https:\\\/\\\/facebook.com\\\/eldigitaldeasturias\",\"https:\\\/\\\/www.youtube.com\\\/channel\\\/UCZP-2wLEB9Rv6erhFmqVnvg\"],\"address\":{\"@id\":\"https:\\\/\\\/www.eldigitaldeasturias.com\\\/noticias\\\/#postaladdress\",\"@type\":\"PostalAddress\",\"streetAddress\":\"san antonio 4,\",\"postalCode\":\"33430\",\"addressLocality\":\"Cand\\u00e1s\",\"addressRegion\":\"Asturias\",\"addressCountry\":\"ES\"}},{\"@type\":\"Person\",\"@id\":\"https:\\\/\\\/www.eldigitaldeasturias.com\\\/noticias\\\/author\\\/admin\\\/#author\",\"url\":\"https:\\\/\\\/www.eldigitaldeasturias.com\\\/noticias\\\/author\\\/admin\\\/\",\"name\":\"El Digital de Asturias\",\"image\":{\"@type\":\"ImageObject\",\"@id\":\"https:\\\/\\\/www.eldigitaldeasturias.com\\\/noticias\\\/50-000-fans-reciben-a-eden-hazard-en-el-santiago-bernabeu\\\/#authorImage\",\"url\":\"https:\\\/\\\/www.eldigitaldeasturias.com\\\/noticias\\\/wp-content\\\/litespeed\\\/avatar\\\/18677e78aa0546b92d9dbf31ec7d7668.jpg?ver=1777290358\",\"width\":96,\"height\":96,\"caption\":\"El Digital de Asturias\"}},{\"@type\":\"WebPage\",\"@id\":\"https:\\\/\\\/www.eldigitaldeasturias.com\\\/noticias\\\/50-000-fans-reciben-a-eden-hazard-en-el-santiago-bernabeu\\\/#webpage\",\"url\":\"https:\\\/\\\/www.eldigitaldeasturias.com\\\/noticias\\\/50-000-fans-reciben-a-eden-hazard-en-el-santiago-bernabeu\\\/\",\"name\":\"50.000 fans reciben a Eden Hazard en el Santiago Bernab\\u00e9u - El Digital de Asturias\",\"description\":\"MADRID, 14 Jun. 2019 (Europa Press) - El flamante jugador del Real Madrid Eden Hazard se mostr\\u00f3 \\\"muy feliz\\\" en su presentaci\\u00f3n como nuevo jugador merengue, un acto que congreg\\u00f3 a m\\u00e1s de 50.000 seguidores en el Santiago Bernab\\u00e9u, y record\\u00f3 que ha cumplido su sue\\u00f1o \\\"desde peque\\u00f1o\\\" al firmar con el 13 veces campe\\u00f3n de\",\"inLanguage\":\"es-ES\",\"isPartOf\":{\"@id\":\"https:\\\/\\\/www.eldigitaldeasturias.com\\\/noticias\\\/#website\"},\"breadcrumb\":{\"@id\":\"https:\\\/\\\/www.eldigitaldeasturias.com\\\/noticias\\\/50-000-fans-reciben-a-eden-hazard-en-el-santiago-bernabeu\\\/#breadcrumblist\"},\"author\":{\"@id\":\"https:\\\/\\\/www.eldigitaldeasturias.com\\\/noticias\\\/author\\\/admin\\\/#author\"},\"creator\":{\"@id\":\"https:\\\/\\\/www.eldigitaldeasturias.com\\\/noticias\\\/author\\\/admin\\\/#author\"},\"image\":{\"@type\":\"ImageObject\",\"url\":\"https:\\\/\\\/www.eldigitaldeasturias.com\\\/noticias\\\/wp-content\\\/uploads\\\/2018\\\/02\\\/woman-638384_1280.jpg\",\"@id\":\"https:\\\/\\\/www.eldigitaldeasturias.com\\\/noticias\\\/50-000-fans-reciben-a-eden-hazard-en-el-santiago-bernabeu\\\/#mainImage\",\"width\":1280,\"height\":850},\"primaryImageOfPage\":{\"@id\":\"https:\\\/\\\/www.eldigitaldeasturias.com\\\/noticias\\\/50-000-fans-reciben-a-eden-hazard-en-el-santiago-bernabeu\\\/#mainImage\"},\"datePublished\":\"2019-06-14T00:00:31+02:00\",\"dateModified\":\"2019-06-14T00:00:31+02:00\"},{\"@type\":\"WebSite\",\"@id\":\"https:\\\/\\\/www.eldigitaldeasturias.com\\\/noticias\\\/#website\",\"url\":\"https:\\\/\\\/www.eldigitaldeasturias.com\\\/noticias\\\/\",\"name\":\"El Digital de Asturias - Diario de actualidad y noticias\",\"alternateName\":\"El Digital de Asturias - Diario de actualidad y noticias\",\"description\":\"Hemeroteca\",\"inLanguage\":\"es-ES\",\"publisher\":{\"@id\":\"https:\\\/\\\/www.eldigitaldeasturias.com\\\/noticias\\\/#organization\"}}]}\n\t\t<\/script>\n\t\t<!-- All in One SEO Pro -->\r\n\t\t<title>50.000 fans reciben a Eden Hazard en el Santiago Bernab\u00e9u - El Digital de Asturias<\/title>\n\n","aioseo_head_json":{"title":"50.000 fans reciben a Eden Hazard en el Santiago Bernab\u00e9u - El Digital de Asturias","description":"MADRID, 14 Jun. 2019 (Europa Press) - El flamante jugador del Real Madrid Eden Hazard se mostr\u00f3 \"muy feliz\" en su presentaci\u00f3n como nuevo jugador merengue, un acto que congreg\u00f3 a m\u00e1s de 50.000 seguidores en el Santiago Bernab\u00e9u, y record\u00f3 que ha cumplido su sue\u00f1o \"desde peque\u00f1o\" al firmar con el 13 veces campe\u00f3n de","canonical_url":"https:\/\/www.eldigitaldeasturias.com\/noticias\/50-000-fans-reciben-a-eden-hazard-en-el-santiago-bernabeu\/","robots":"max-image-preview:large","keywords":"deportes","webmasterTools":{"google-site-verification":"UA-38556648-1","msvalidate.01":"7dfe9f3f1b24437ab69f4f2559babe99","miscellaneous":""},"schema":{"@context":"https:\/\/schema.org","@graph":[{"@type":"BlogPosting","@id":"https:\/\/www.eldigitaldeasturias.com\/noticias\/50-000-fans-reciben-a-eden-hazard-en-el-santiago-bernabeu\/#blogposting","name":"50.000 fans reciben a Eden Hazard en el Santiago Bernab\u00e9u - El Digital de Asturias","headline":"50.000 fans reciben a Eden Hazard en el Santiago Bernab\u00e9u","author":{"@id":"https:\/\/www.eldigitaldeasturias.com\/noticias\/author\/admin\/#author"},"publisher":{"@id":"https:\/\/www.eldigitaldeasturias.com\/noticias\/#organization"},"image":{"@type":"ImageObject","url":"https:\/\/www.eldigitaldeasturias.com\/noticias\/wp-content\/uploads\/2018\/02\/woman-638384_1280.jpg","width":1280,"height":850},"datePublished":"2019-06-14T00:00:31+02:00","dateModified":"2019-06-14T00:00:31+02:00","inLanguage":"es-ES","mainEntityOfPage":{"@id":"https:\/\/www.eldigitaldeasturias.com\/noticias\/50-000-fans-reciben-a-eden-hazard-en-el-santiago-bernabeu\/#webpage"},"isPartOf":{"@id":"https:\/\/www.eldigitaldeasturias.com\/noticias\/50-000-fans-reciben-a-eden-hazard-en-el-santiago-bernabeu\/#webpage"},"articleSection":"Deportes"},{"@type":"BreadcrumbList","@id":"https:\/\/www.eldigitaldeasturias.com\/noticias\/50-000-fans-reciben-a-eden-hazard-en-el-santiago-bernabeu\/#breadcrumblist","itemListElement":[{"@type":"ListItem","@id":"https:\/\/www.eldigitaldeasturias.com\/noticias#listItem","position":1,"name":"Home","item":"https:\/\/www.eldigitaldeasturias.com\/noticias","nextItem":{"@type":"ListItem","@id":"https:\/\/www.eldigitaldeasturias.com\/noticias\/category\/deportes\/#listItem","name":"Deportes"}},{"@type":"ListItem","@id":"https:\/\/www.eldigitaldeasturias.com\/noticias\/category\/deportes\/#listItem","position":2,"name":"Deportes","item":"https:\/\/www.eldigitaldeasturias.com\/noticias\/category\/deportes\/","nextItem":{"@type":"ListItem","@id":"https:\/\/www.eldigitaldeasturias.com\/noticias\/50-000-fans-reciben-a-eden-hazard-en-el-santiago-bernabeu\/#listItem","name":"50.000 fans reciben a Eden Hazard en el Santiago Bernab\u00e9u"},"previousItem":{"@type":"ListItem","@id":"https:\/\/www.eldigitaldeasturias.com\/noticias#listItem","name":"Home"}},{"@type":"ListItem","@id":"https:\/\/www.eldigitaldeasturias.com\/noticias\/50-000-fans-reciben-a-eden-hazard-en-el-santiago-bernabeu\/#listItem","position":3,"name":"50.000 fans reciben a Eden Hazard en el Santiago Bernab\u00e9u","previousItem":{"@type":"ListItem","@id":"https:\/\/www.eldigitaldeasturias.com\/noticias\/category\/deportes\/#listItem","name":"Deportes"}}]},{"@type":"Organization","@id":"https:\/\/www.eldigitaldeasturias.com\/noticias\/#organization","name":"El Digital de Asturias","description":"Hemeroteca","url":"https:\/\/www.eldigitaldeasturias.com\/noticias\/","email":"info@eldigitaldeasturias.com","telephone":"+34652131393","logo":{"@type":"ImageObject","url":"https:\/\/www.eldigitaldeasturias.com\/noticias\/wp-content\/uploads\/2020\/12\/EDA.jpg","@id":"https:\/\/www.eldigitaldeasturias.com\/noticias\/50-000-fans-reciben-a-eden-hazard-en-el-santiago-bernabeu\/#organizationLogo","width":649,"height":297},"image":{"@id":"https:\/\/www.eldigitaldeasturias.com\/noticias\/50-000-fans-reciben-a-eden-hazard-en-el-santiago-bernabeu\/#organizationLogo"},"sameAs":["https:\/\/facebook.com\/eldigitaldeasturias","https:\/\/www.youtube.com\/channel\/UCZP-2wLEB9Rv6erhFmqVnvg"],"address":{"@id":"https:\/\/www.eldigitaldeasturias.com\/noticias\/#postaladdress","@type":"PostalAddress","streetAddress":"san antonio 4,","postalCode":"33430","addressLocality":"Cand\u00e1s","addressRegion":"Asturias","addressCountry":"ES"}},{"@type":"Person","@id":"https:\/\/www.eldigitaldeasturias.com\/noticias\/author\/admin\/#author","url":"https:\/\/www.eldigitaldeasturias.com\/noticias\/author\/admin\/","name":"El Digital de Asturias","image":{"@type":"ImageObject","@id":"https:\/\/www.eldigitaldeasturias.com\/noticias\/50-000-fans-reciben-a-eden-hazard-en-el-santiago-bernabeu\/#authorImage","url":"https:\/\/www.eldigitaldeasturias.com\/noticias\/wp-content\/litespeed\/avatar\/18677e78aa0546b92d9dbf31ec7d7668.jpg?ver=1777290358","width":96,"height":96,"caption":"El Digital de Asturias"}},{"@type":"WebPage","@id":"https:\/\/www.eldigitaldeasturias.com\/noticias\/50-000-fans-reciben-a-eden-hazard-en-el-santiago-bernabeu\/#webpage","url":"https:\/\/www.eldigitaldeasturias.com\/noticias\/50-000-fans-reciben-a-eden-hazard-en-el-santiago-bernabeu\/","name":"50.000 fans reciben a Eden Hazard en el Santiago Bernab\u00e9u - El Digital de Asturias","description":"MADRID, 14 Jun. 2019 (Europa Press) - El flamante jugador del Real Madrid Eden Hazard se mostr\u00f3 \"muy feliz\" en su presentaci\u00f3n como nuevo jugador merengue, un acto que congreg\u00f3 a m\u00e1s de 50.000 seguidores en el Santiago Bernab\u00e9u, y record\u00f3 que ha cumplido su sue\u00f1o \"desde peque\u00f1o\" al firmar con el 13 veces campe\u00f3n de","inLanguage":"es-ES","isPartOf":{"@id":"https:\/\/www.eldigitaldeasturias.com\/noticias\/#website"},"breadcrumb":{"@id":"https:\/\/www.eldigitaldeasturias.com\/noticias\/50-000-fans-reciben-a-eden-hazard-en-el-santiago-bernabeu\/#breadcrumblist"},"author":{"@id":"https:\/\/www.eldigitaldeasturias.com\/noticias\/author\/admin\/#author"},"creator":{"@id":"https:\/\/www.eldigitaldeasturias.com\/noticias\/author\/admin\/#author"},"image":{"@type":"ImageObject","url":"https:\/\/www.eldigitaldeasturias.com\/noticias\/wp-content\/uploads\/2018\/02\/woman-638384_1280.jpg","@id":"https:\/\/www.eldigitaldeasturias.com\/noticias\/50-000-fans-reciben-a-eden-hazard-en-el-santiago-bernabeu\/#mainImage","width":1280,"height":850},"primaryImageOfPage":{"@id":"https:\/\/www.eldigitaldeasturias.com\/noticias\/50-000-fans-reciben-a-eden-hazard-en-el-santiago-bernabeu\/#mainImage"},"datePublished":"2019-06-14T00:00:31+02:00","dateModified":"2019-06-14T00:00:31+02:00"},{"@type":"WebSite","@id":"https:\/\/www.eldigitaldeasturias.com\/noticias\/#website","url":"https:\/\/www.eldigitaldeasturias.com\/noticias\/","name":"El Digital de Asturias - Diario de actualidad y noticias","alternateName":"El Digital de Asturias - Diario de actualidad y noticias","description":"Hemeroteca","inLanguage":"es-ES","publisher":{"@id":"https:\/\/www.eldigitaldeasturias.com\/noticias\/#organization"}}]},"og:locale":"es_ES","og:site_name":"El Digital de Asturias","og:type":"article","og:title":"50.000 fans reciben a Eden Hazard en el Santiago Bernab\u00e9u - El Digital de Asturias","og:description":"MADRID, 14 Jun. 2019 (Europa Press) - El flamante jugador del Real Madrid Eden Hazard se mostr\u00f3 &quot;muy feliz&quot; en su presentaci\u00f3n como nuevo jugador merengue, un acto que congreg\u00f3 a m\u00e1s de 50.000 seguidores en el Santiago Bernab\u00e9u, y record\u00f3 que ha cumplido su sue\u00f1o &quot;desde peque\u00f1o&quot; al firmar con el 13 veces campe\u00f3n de","og:url":"https:\/\/www.eldigitaldeasturias.com\/noticias\/50-000-fans-reciben-a-eden-hazard-en-el-santiago-bernabeu\/","og:image":"https:\/\/www.eldigitaldeasturias.com\/noticias\/wp-content\/uploads\/2018\/02\/woman-638384_1280.jpg","og:image:secure_url":"https:\/\/www.eldigitaldeasturias.com\/noticias\/wp-content\/uploads\/2018\/02\/woman-638384_1280.jpg","og:image:width":1280,"og:image:height":850,"article:tag":["deportes"],"article:published_time":"2019-06-14T00:00:31+00:00","article:modified_time":"2019-06-14T00:00:31+00:00","article:publisher":"https:\/\/facebook.com\/eldigitaldeasturias","twitter:card":"summary_large_image","twitter:title":"50.000 fans reciben a Eden Hazard en el Santiago Bernab\u00e9u - El Digital de Asturias","twitter:description":"MADRID, 14 Jun. 2019 (Europa Press) - El flamante jugador del Real Madrid Eden Hazard se mostr\u00f3 &quot;muy feliz&quot; en su presentaci\u00f3n como nuevo jugador merengue, un acto que congreg\u00f3 a m\u00e1s de 50.000 seguidores en el Santiago Bernab\u00e9u, y record\u00f3 que ha cumplido su sue\u00f1o &quot;desde peque\u00f1o&quot; al firmar con el 13 veces campe\u00f3n de","twitter:image":"https:\/\/www.eldigitaldeasturias.com\/noticias\/wp-content\/uploads\/2018\/02\/woman-638384_1280.jpg","twitter:label1":"Escrito por","twitter:data1":"El Digital de Asturias","twitter:label2":"Tiempo de lectura estimado","twitter:data2":"5 minutos"},"aioseo_meta_data":{"post_id":"1030830","title":null,"description":null,"keywords":null,"keyphrases":null,"primary_term":null,"canonical_url":null,"og_title":null,"og_description":null,"og_object_type":"default","og_image_type":"default","og_image_url":null,"og_image_width":null,"og_image_height":null,"og_image_custom_url":null,"og_image_custom_fields":null,"og_video":null,"og_custom_url":null,"og_article_section":null,"og_article_tags":null,"twitter_use_og":false,"twitter_card":"default","twitter_image_type":"default","twitter_image_url":null,"twitter_image_custom_url":null,"twitter_image_custom_fields":null,"twitter_title":null,"twitter_description":null,"schema":{"blockGraphs":[],"customGraphs":[],"default":{"data":{"Article":[],"Course":[],"Dataset":[],"FAQPage":[],"Movie":[],"Person":[],"Product":[],"ProductReview":[],"Car":[],"Recipe":[],"Service":[],"SoftwareApplication":[],"WebPage":[]},"graphName":"","isEnabled":true},"graphs":[],"defaultGraph":"","defaultPostTypeGraph":""},"schema_type":null,"schema_type_options":null,"pillar_content":false,"robots_default":true,"robots_noindex":false,"robots_noarchive":false,"robots_nosnippet":false,"robots_nofollow":false,"robots_noimageindex":false,"robots_noodp":false,"robots_notranslate":false,"robots_max_snippet":null,"robots_max_videopreview":null,"robots_max_imagepreview":"large","priority":null,"frequency":null,"local_seo":null,"seo_analyzer_scan_date":"2025-10-18 17:01:13","breadcrumb_settings":null,"limit_modified_date":false,"open_ai":null,"ai":null,"created":"2020-12-21 11:10:30","updated":"2025-10-18 17:01:13"},"aioseo_breadcrumb":"<div class=\"aioseo-breadcrumbs\"><span class=\"aioseo-breadcrumb\">\n\t<a href=\"https:\/\/www.eldigitaldeasturias.com\/noticias\" title=\"Home\">Home<\/a>\n<\/span><span class=\"aioseo-breadcrumb-separator\">\u2013<\/span><span class=\"aioseo-breadcrumb\">\n\t<a href=\"https:\/\/www.eldigitaldeasturias.com\/noticias\/category\/deportes\/\" title=\"Deportes\">Deportes<\/a>\n<\/span><span class=\"aioseo-breadcrumb-separator\">\u2013<\/span><span class=\"aioseo-breadcrumb\">\n\t<a href=\"https:\/\/www.eldigitaldeasturias.com\/noticias\/50-000-fans-reciben-a-eden-hazard-en-el-santiago-bernabeu\/\" title=\"50.000 fans reciben a Eden Hazard en el Santiago Bernab\u00e9u\">50.000 fans reciben a Eden Hazard en el Santiago Bernab\u00e9u<\/a>\n<\/span><\/div>","aioseo_breadcrumb_json":[{"label":"Home","link":"https:\/\/www.eldigitaldeasturias.com\/noticias"},{"label":"Deportes","link":"https:\/\/www.eldigitaldeasturias.com\/noticias\/category\/deportes\/"},{"label":"50.000 fans reciben a Eden Hazard en el Santiago Bernab\u00e9u","link":"https:\/\/www.eldigitaldeasturias.com\/noticias\/50-000-fans-reciben-a-eden-hazard-en-el-santiago-bernabeu\/"}],"_links":{"self":[{"href":"https:\/\/www.eldigitaldeasturias.com\/noticias\/wp-json\/wp\/v2\/posts\/1030830","targetHints":{"allow":["GET"]}}],"collection":[{"href":"https:\/\/www.eldigitaldeasturias.com\/noticias\/wp-json\/wp\/v2\/posts"}],"about":[{"href":"https:\/\/www.eldigitaldeasturias.com\/noticias\/wp-json\/wp\/v2\/types\/post"}],"author":[{"embeddable":true,"href":"https:\/\/www.eldigitaldeasturias.com\/noticias\/wp-json\/wp\/v2\/users\/1"}],"replies":[{"embeddable":true,"href":"https:\/\/www.eldigitaldeasturias.com\/noticias\/wp-json\/wp\/v2\/comments?post=1030830"}],"version-history":[{"count":0,"href":"https:\/\/www.eldigitaldeasturias.com\/noticias\/wp-json\/wp\/v2\/posts\/1030830\/revisions"}],"wp:featuredmedia":[{"embeddable":true,"href":"https:\/\/www.eldigitaldeasturias.com\/noticias\/wp-json\/wp\/v2\/media\/969718"}],"wp:attachment":[{"href":"https:\/\/www.eldigitaldeasturias.com\/noticias\/wp-json\/wp\/v2\/media?parent=1030830"}],"wp:term":[{"taxonomy":"category","embeddable":true,"href":"https:\/\/www.eldigitaldeasturias.com\/noticias\/wp-json\/wp\/v2\/categories?post=1030830"},{"taxonomy":"post_tag","embeddable":true,"href":"https:\/\/www.eldigitaldeasturias.com\/noticias\/wp-json\/wp\/v2\/tags?post=1030830"}],"curies":[{"name":"wp","href":"https:\/\/api.w.org\/{rel}","templated":true}]}}