{"id":1030826,"date":"2019-06-13T23:56:16","date_gmt":"2019-06-13T23:56:16","guid":{"rendered":"https:\/\/www.eldigitaldeasturias.com\/noticias\/?p=1030826"},"modified":"2019-06-13T23:56:16","modified_gmt":"2019-06-13T23:56:16","slug":"ascenso-a-laliga-santander-el-rcd-mallorca-toma-ventaja","status":"publish","type":"post","link":"https:\/\/www.eldigitaldeasturias.com\/noticias\/ascenso-a-laliga-santander-el-rcd-mallorca-toma-ventaja\/","title":{"rendered":"Ascenso a LaLiga Santander: El RCD Mallorca toma ventaja"},"content":{"rendered":"<p><img loading=\"lazy\" decoding=\"async\" class=\"alignleft size-medium wp-image-1030828\" src=\"https:\/\/www.eldigitaldeasturias.com\/noticias\/wp-content\/uploads\/2019\/06\/RCD-Mallorca-360x187.jpg\" alt=\"\" width=\"360\" height=\"187\" srcset=\"https:\/\/www.eldigitaldeasturias.com\/noticias\/wp-content\/uploads\/2019\/06\/RCD-Mallorca-360x187.jpg 360w, https:\/\/www.eldigitaldeasturias.com\/noticias\/wp-content\/uploads\/2019\/06\/RCD-Mallorca-768x400.jpg 768w, https:\/\/www.eldigitaldeasturias.com\/noticias\/wp-content\/uploads\/2019\/06\/RCD-Mallorca-650x338.jpg 650w, https:\/\/www.eldigitaldeasturias.com\/noticias\/wp-content\/uploads\/2019\/06\/RCD-Mallorca.jpg 1013w\" sizes=\"auto, (max-width: 360px) 100vw, 360px\" \/>MADRID, 13 Jun. 2019 (Europa Press) &#8211;\u00a0<strong>El RCD Mallorca ha doblegado este jueves por 2-0 al Albacete Balompi\u00e9<\/strong>, gracias a los goles de Leo Su\u00e1rez y de Dani Rodr\u00edguez, y de tal manera han tomado los bermellones una clara ventaja en la segunda eliminatoria del <strong>&#8216;playoff&#8217; de ascenso a LaLiga Santander<\/strong>.<\/p>\n<p>Lejos del festival ofensivo que se hab\u00eda vivido 24 horas antes durante la otra &#8216;semi&#8217; entre RC Deportivo de La Coru\u00f1a y M\u00e1laga CF (4-2), este partido en Son Moix exhibi\u00f3 tensi\u00f3n por parte de ambos equipos y tan solo se decant\u00f3 en favor de los locales por ligeros aunque profundos detalles.<\/p>\n<p>No en vano, los primeros compases fueron de vigilancia mutua, provocando que la primera gran ocasi\u00f3n ya fuese la del tanto. \u00c9ste se fragu\u00f3 en el minuto 23 tras una buena jugada de Estupi\u00f1\u00e1n por el costado ozquierdo, seguida de una asistencia rasa de Abd\u00f3n Prats al interior del \u00e1rea.<\/p>\n<p>Ah\u00ed, bien desmarcado a la carrera, el &#8217;41&#8217; de los bermellones efectu\u00f3 un zurdazo por abajo y super\u00f3 sin problemas a Bartolom\u00e9 Nadal. Tuvo cerca la igualada el Albacete justo antes del descanso, merced a una falta directa desde la frontal del \u00e1rea y que ejecut\u00f3 por abajo Rey Manaj; pero Salva Sevilla anduvo \u00e1gil tumb\u00e1ndose sobre el c\u00e9sped e interrumpiendo el tiro.<\/p>\n<p>La segunda mitad fue mucho m\u00e1s trabada, con los dos conjuntos reclamando un penalti a cada lado. Sin embargo, el &#8216;trencilla&#8217; Pulido Santana no se\u00f1al\u00f3 ninguno y la contienda se enfri\u00f3, como si los futbolistas se hubieran dado una tregua hasta resolver la eliminatoria en el duelo de vuelta que se jugar\u00e1 el pr\u00f3ximo domingo (19.00 horas) en el estadio Carlos Belmonte.<\/p>\n<p>Pero Dani Rodr\u00edguez, cuando el cron\u00f3metro expiraba, descuadr\u00f3 los planes del &#8216;Alba&#8217; con el 2-0 e hizo sonre\u00edr a las gradas de Son Moix. Despu\u00e9s de un centro bombeado al \u00e1rea visitante, el centrocampista de Betanzos control\u00f3 un rechace en la frontal y de inmediato enganch\u00f3 una fuerte volea de izquierdas.<\/p>\n<p>Ese remate, imparable para el guardameta, puso las cosas dif\u00edciles para un cuadro manchego con \u00edmpetu pero sin mordiente arriba. El d\u00fao de Rey Manaj y Roman Zozulya gener\u00f3 inquietud, si bien nunca pusieron en verdaderos aprietos al portero local Manuel Reina y deber\u00e1n mejorar sus prestaciones en casa para voltear el marcador.<\/p>\n<h4>FICHA T\u00c9NICA.<\/h4>\n<p>RESULTADO: MALLORCA, 2 &#8211; ALBACETE, 0 (1-0, al descanso).<\/p>\n<h4>ALINEACIONES.<\/h4>\n<p>MALLORCA: Reina; Sastre, Valjent, Ra\u00edllo, Estupi\u00f1\u00e1n; Pedraza, Dani Rodr\u00edguez, Leo Su\u00e1rez (Aridai Cabrera, min. 72), Lago Junior; Salva Sevilla (Baba, min. 90) y Abd\u00f3n Prats (\u00c1lex L\u00f3pez, min. 74).<\/p>\n<p>ALBACETE: Nadal; Tejero, Gorosito, Gentiletti, Fran Garc\u00eda; Dani Torres, Aleix Febas, Susaeta (Malsa, min. 81), Bela; Manaj (Acu\u00f1a, min. 67) y Zozulya.<\/p>\n<p>&#8211;GOLES:<\/p>\n<p>1-0, min. 23: Leo Su\u00e1rez.<\/p>\n<p>2-0, min. 89: Dani Rodr\u00edguez.<\/p>\n<p>\u00c1RBITRO: Pulido Santana (C.Las Palmas). Amonest\u00f3 con tarjeta amarilla a Dani Rodr\u00edguez (min. 59) y Salva Sevilla (min. 77) por parte del Mallorca, y a Gorosito (min. 19), Manaj (min. 61), Malsa (min. 88) y Dani Torres (min. 90+1) en el Albacete.<\/p>\n<p>ESTADIO: Son Moix, 15.103 espectadores.<\/p>\n<p><em>Foto: @LALIGA \/ Europa Press<\/em><\/p>\n<p>&nbsp;<\/p>\n","protected":false},"excerpt":{"rendered":"<p>MADRID, 13 Jun. 2019 (Europa Press) &#8211;\u00a0El RCD Mallorca ha doblegado este jueves por 2-0 al Albacete Balompi\u00e9, gracias a los goles de Leo Su\u00e1rez y de Dani Rodr\u00edguez, y de tal manera han tomado los bermellones una clara ventaja en la segunda eliminatoria del &#8216;playoff&#8217; de ascenso a LaLiga Santander. Lejos del festival ofensivo [&hellip;]<\/p>\n","protected":false},"author":1,"featured_media":1030828,"comment_status":"closed","ping_status":"closed","sticky":false,"template":"","format":"standard","meta":{"footnotes":""},"categories":[190],"tags":[],"class_list":["post-1030826","post","type-post","status-publish","format-standard","has-post-thumbnail","hentry","category-deportes"],"aioseo_notices":[],"aioseo_head":"\n\t\t<!-- All in One SEO Pro 4.9.6.2 - aioseo.com -->\n\t<meta name=\"description\" content=\"MADRID, 13 Jun. 2019 (Europa Press) - El RCD Mallorca ha doblegado este jueves por 2-0 al Albacete Balompi\u00e9, gracias a los goles de Leo Su\u00e1rez y de Dani Rodr\u00edguez, y de tal manera han tomado los bermellones una clara ventaja en la segunda eliminatoria del &#039;playoff&#039; de ascenso a LaLiga Santander. Lejos del festival ofensivo\" \/>\n\t<meta name=\"robots\" content=\"max-image-preview:large\" \/>\n\t<meta name=\"author\" content=\"El Digital de Asturias\"\/>\n\t<meta name=\"google-site-verification\" content=\"UA-38556648-1\" \/>\n\t<meta name=\"msvalidate.01\" content=\"7dfe9f3f1b24437ab69f4f2559babe99\" \/>\n\t<meta name=\"keywords\" content=\"deportes\" \/>\n\t<link rel=\"canonical\" href=\"https:\/\/www.eldigitaldeasturias.com\/noticias\/ascenso-a-laliga-santander-el-rcd-mallorca-toma-ventaja\/\" \/>\n\t<meta name=\"generator\" content=\"All in One SEO Pro (AIOSEO) 4.9.6.2\" \/>\n\t\t<meta property=\"og:locale\" content=\"es_ES\" \/>\n\t\t<meta property=\"og:site_name\" content=\"El Digital de Asturias\" \/>\n\t\t<meta property=\"og:type\" content=\"article\" \/>\n\t\t<meta property=\"og:title\" content=\"Ascenso a LaLiga Santander: El RCD Mallorca toma ventaja - El Digital de Asturias\" \/>\n\t\t<meta property=\"og:description\" content=\"MADRID, 13 Jun. 2019 (Europa Press) - El RCD Mallorca ha doblegado este jueves por 2-0 al Albacete Balompi\u00e9, gracias a los goles de Leo Su\u00e1rez y de Dani Rodr\u00edguez, y de tal manera han tomado los bermellones una clara ventaja en la segunda eliminatoria del &#039;playoff&#039; de ascenso a LaLiga Santander. Lejos del festival ofensivo\" \/>\n\t\t<meta property=\"og:url\" content=\"https:\/\/www.eldigitaldeasturias.com\/noticias\/ascenso-a-laliga-santander-el-rcd-mallorca-toma-ventaja\/\" \/>\n\t\t<meta property=\"og:image\" content=\"https:\/\/www.eldigitaldeasturias.com\/noticias\/wp-content\/uploads\/2019\/06\/RCD-Mallorca.jpg\" \/>\n\t\t<meta property=\"og:image:secure_url\" content=\"https:\/\/www.eldigitaldeasturias.com\/noticias\/wp-content\/uploads\/2019\/06\/RCD-Mallorca.jpg\" \/>\n\t\t<meta property=\"og:image:width\" content=\"1013\" \/>\n\t\t<meta property=\"og:image:height\" content=\"527\" \/>\n\t\t<meta property=\"article:tag\" content=\"deportes\" \/>\n\t\t<meta property=\"article:published_time\" content=\"2019-06-13T23:56:16+00:00\" \/>\n\t\t<meta property=\"article:modified_time\" content=\"2019-06-13T23:56:16+00:00\" \/>\n\t\t<meta property=\"article:publisher\" content=\"https:\/\/facebook.com\/eldigitaldeasturias\" \/>\n\t\t<meta name=\"twitter:card\" content=\"summary_large_image\" \/>\n\t\t<meta name=\"twitter:title\" content=\"Ascenso a LaLiga Santander: El RCD Mallorca toma ventaja - El Digital de Asturias\" \/>\n\t\t<meta name=\"twitter:description\" content=\"MADRID, 13 Jun. 2019 (Europa Press) - El RCD Mallorca ha doblegado este jueves por 2-0 al Albacete Balompi\u00e9, gracias a los goles de Leo Su\u00e1rez y de Dani Rodr\u00edguez, y de tal manera han tomado los bermellones una clara ventaja en la segunda eliminatoria del &#039;playoff&#039; de ascenso a LaLiga Santander. Lejos del festival ofensivo\" \/>\n\t\t<meta name=\"twitter:image\" content=\"https:\/\/www.eldigitaldeasturias.com\/noticias\/wp-content\/uploads\/2019\/06\/RCD-Mallorca.jpg\" \/>\n\t\t<meta name=\"twitter:label1\" content=\"Escrito por\" \/>\n\t\t<meta name=\"twitter:data1\" content=\"El Digital de Asturias\" \/>\n\t\t<meta name=\"twitter:label2\" content=\"Tiempo de lectura estimado\" \/>\n\t\t<meta name=\"twitter:data2\" content=\"3 minutos\" \/>\n\t\t<script type=\"application\/ld+json\" class=\"aioseo-schema\">\n\t\t\t{\"@context\":\"https:\\\/\\\/schema.org\",\"@graph\":[{\"@type\":\"BlogPosting\",\"@id\":\"https:\\\/\\\/www.eldigitaldeasturias.com\\\/noticias\\\/ascenso-a-laliga-santander-el-rcd-mallorca-toma-ventaja\\\/#blogposting\",\"name\":\"Ascenso a LaLiga Santander: El RCD Mallorca toma ventaja - El Digital de Asturias\",\"headline\":\"Ascenso a LaLiga Santander: El RCD Mallorca toma ventaja\",\"author\":{\"@id\":\"https:\\\/\\\/www.eldigitaldeasturias.com\\\/noticias\\\/author\\\/admin\\\/#author\"},\"publisher\":{\"@id\":\"https:\\\/\\\/www.eldigitaldeasturias.com\\\/noticias\\\/#organization\"},\"image\":{\"@type\":\"ImageObject\",\"url\":\"https:\\\/\\\/www.eldigitaldeasturias.com\\\/noticias\\\/wp-content\\\/uploads\\\/2019\\\/06\\\/RCD-Mallorca.jpg\",\"width\":1013,\"height\":527},\"datePublished\":\"2019-06-13T23:56:16+02:00\",\"dateModified\":\"2019-06-13T23:56:16+02:00\",\"inLanguage\":\"es-ES\",\"mainEntityOfPage\":{\"@id\":\"https:\\\/\\\/www.eldigitaldeasturias.com\\\/noticias\\\/ascenso-a-laliga-santander-el-rcd-mallorca-toma-ventaja\\\/#webpage\"},\"isPartOf\":{\"@id\":\"https:\\\/\\\/www.eldigitaldeasturias.com\\\/noticias\\\/ascenso-a-laliga-santander-el-rcd-mallorca-toma-ventaja\\\/#webpage\"},\"articleSection\":\"Deportes\"},{\"@type\":\"BreadcrumbList\",\"@id\":\"https:\\\/\\\/www.eldigitaldeasturias.com\\\/noticias\\\/ascenso-a-laliga-santander-el-rcd-mallorca-toma-ventaja\\\/#breadcrumblist\",\"itemListElement\":[{\"@type\":\"ListItem\",\"@id\":\"https:\\\/\\\/www.eldigitaldeasturias.com\\\/noticias#listItem\",\"position\":1,\"name\":\"Home\",\"item\":\"https:\\\/\\\/www.eldigitaldeasturias.com\\\/noticias\",\"nextItem\":{\"@type\":\"ListItem\",\"@id\":\"https:\\\/\\\/www.eldigitaldeasturias.com\\\/noticias\\\/category\\\/deportes\\\/#listItem\",\"name\":\"Deportes\"}},{\"@type\":\"ListItem\",\"@id\":\"https:\\\/\\\/www.eldigitaldeasturias.com\\\/noticias\\\/category\\\/deportes\\\/#listItem\",\"position\":2,\"name\":\"Deportes\",\"item\":\"https:\\\/\\\/www.eldigitaldeasturias.com\\\/noticias\\\/category\\\/deportes\\\/\",\"nextItem\":{\"@type\":\"ListItem\",\"@id\":\"https:\\\/\\\/www.eldigitaldeasturias.com\\\/noticias\\\/ascenso-a-laliga-santander-el-rcd-mallorca-toma-ventaja\\\/#listItem\",\"name\":\"Ascenso a LaLiga Santander: El RCD Mallorca toma ventaja\"},\"previousItem\":{\"@type\":\"ListItem\",\"@id\":\"https:\\\/\\\/www.eldigitaldeasturias.com\\\/noticias#listItem\",\"name\":\"Home\"}},{\"@type\":\"ListItem\",\"@id\":\"https:\\\/\\\/www.eldigitaldeasturias.com\\\/noticias\\\/ascenso-a-laliga-santander-el-rcd-mallorca-toma-ventaja\\\/#listItem\",\"position\":3,\"name\":\"Ascenso a LaLiga Santander: El RCD Mallorca toma ventaja\",\"previousItem\":{\"@type\":\"ListItem\",\"@id\":\"https:\\\/\\\/www.eldigitaldeasturias.com\\\/noticias\\\/category\\\/deportes\\\/#listItem\",\"name\":\"Deportes\"}}]},{\"@type\":\"Organization\",\"@id\":\"https:\\\/\\\/www.eldigitaldeasturias.com\\\/noticias\\\/#organization\",\"name\":\"El Digital de Asturias\",\"description\":\"Hemeroteca\",\"url\":\"https:\\\/\\\/www.eldigitaldeasturias.com\\\/noticias\\\/\",\"email\":\"info@eldigitaldeasturias.com\",\"telephone\":\"+34652131393\",\"logo\":{\"@type\":\"ImageObject\",\"url\":\"https:\\\/\\\/www.eldigitaldeasturias.com\\\/noticias\\\/wp-content\\\/uploads\\\/2020\\\/12\\\/EDA.jpg\",\"@id\":\"https:\\\/\\\/www.eldigitaldeasturias.com\\\/noticias\\\/ascenso-a-laliga-santander-el-rcd-mallorca-toma-ventaja\\\/#organizationLogo\",\"width\":649,\"height\":297},\"image\":{\"@id\":\"https:\\\/\\\/www.eldigitaldeasturias.com\\\/noticias\\\/ascenso-a-laliga-santander-el-rcd-mallorca-toma-ventaja\\\/#organizationLogo\"},\"sameAs\":[\"https:\\\/\\\/facebook.com\\\/eldigitaldeasturias\",\"https:\\\/\\\/www.youtube.com\\\/channel\\\/UCZP-2wLEB9Rv6erhFmqVnvg\"],\"address\":{\"@id\":\"https:\\\/\\\/www.eldigitaldeasturias.com\\\/noticias\\\/#postaladdress\",\"@type\":\"PostalAddress\",\"streetAddress\":\"san antonio 4,\",\"postalCode\":\"33430\",\"addressLocality\":\"Cand\\u00e1s\",\"addressRegion\":\"Asturias\",\"addressCountry\":\"ES\"}},{\"@type\":\"Person\",\"@id\":\"https:\\\/\\\/www.eldigitaldeasturias.com\\\/noticias\\\/author\\\/admin\\\/#author\",\"url\":\"https:\\\/\\\/www.eldigitaldeasturias.com\\\/noticias\\\/author\\\/admin\\\/\",\"name\":\"El Digital de Asturias\",\"image\":{\"@type\":\"ImageObject\",\"@id\":\"https:\\\/\\\/www.eldigitaldeasturias.com\\\/noticias\\\/ascenso-a-laliga-santander-el-rcd-mallorca-toma-ventaja\\\/#authorImage\",\"url\":\"https:\\\/\\\/www.eldigitaldeasturias.com\\\/noticias\\\/wp-content\\\/litespeed\\\/avatar\\\/18677e78aa0546b92d9dbf31ec7d7668.jpg?ver=1777290358\",\"width\":96,\"height\":96,\"caption\":\"El Digital de Asturias\"}},{\"@type\":\"WebPage\",\"@id\":\"https:\\\/\\\/www.eldigitaldeasturias.com\\\/noticias\\\/ascenso-a-laliga-santander-el-rcd-mallorca-toma-ventaja\\\/#webpage\",\"url\":\"https:\\\/\\\/www.eldigitaldeasturias.com\\\/noticias\\\/ascenso-a-laliga-santander-el-rcd-mallorca-toma-ventaja\\\/\",\"name\":\"Ascenso a LaLiga Santander: El RCD Mallorca toma ventaja - El Digital de Asturias\",\"description\":\"MADRID, 13 Jun. 2019 (Europa Press) - El RCD Mallorca ha doblegado este jueves por 2-0 al Albacete Balompi\\u00e9, gracias a los goles de Leo Su\\u00e1rez y de Dani Rodr\\u00edguez, y de tal manera han tomado los bermellones una clara ventaja en la segunda eliminatoria del 'playoff' de ascenso a LaLiga Santander. Lejos del festival ofensivo\",\"inLanguage\":\"es-ES\",\"isPartOf\":{\"@id\":\"https:\\\/\\\/www.eldigitaldeasturias.com\\\/noticias\\\/#website\"},\"breadcrumb\":{\"@id\":\"https:\\\/\\\/www.eldigitaldeasturias.com\\\/noticias\\\/ascenso-a-laliga-santander-el-rcd-mallorca-toma-ventaja\\\/#breadcrumblist\"},\"author\":{\"@id\":\"https:\\\/\\\/www.eldigitaldeasturias.com\\\/noticias\\\/author\\\/admin\\\/#author\"},\"creator\":{\"@id\":\"https:\\\/\\\/www.eldigitaldeasturias.com\\\/noticias\\\/author\\\/admin\\\/#author\"},\"image\":{\"@type\":\"ImageObject\",\"url\":\"https:\\\/\\\/www.eldigitaldeasturias.com\\\/noticias\\\/wp-content\\\/uploads\\\/2019\\\/06\\\/RCD-Mallorca.jpg\",\"@id\":\"https:\\\/\\\/www.eldigitaldeasturias.com\\\/noticias\\\/ascenso-a-laliga-santander-el-rcd-mallorca-toma-ventaja\\\/#mainImage\",\"width\":1013,\"height\":527},\"primaryImageOfPage\":{\"@id\":\"https:\\\/\\\/www.eldigitaldeasturias.com\\\/noticias\\\/ascenso-a-laliga-santander-el-rcd-mallorca-toma-ventaja\\\/#mainImage\"},\"datePublished\":\"2019-06-13T23:56:16+02:00\",\"dateModified\":\"2019-06-13T23:56:16+02:00\"},{\"@type\":\"WebSite\",\"@id\":\"https:\\\/\\\/www.eldigitaldeasturias.com\\\/noticias\\\/#website\",\"url\":\"https:\\\/\\\/www.eldigitaldeasturias.com\\\/noticias\\\/\",\"name\":\"El Digital de Asturias - Diario de actualidad y noticias\",\"alternateName\":\"El Digital de Asturias - Diario de actualidad y noticias\",\"description\":\"Hemeroteca\",\"inLanguage\":\"es-ES\",\"publisher\":{\"@id\":\"https:\\\/\\\/www.eldigitaldeasturias.com\\\/noticias\\\/#organization\"}}]}\n\t\t<\/script>\n\t\t<!-- All in One SEO Pro -->\r\n\t\t<title>Ascenso a LaLiga Santander: El RCD Mallorca toma ventaja - El Digital de Asturias<\/title>\n\n","aioseo_head_json":{"title":"Ascenso a LaLiga Santander: El RCD Mallorca toma ventaja - El Digital de Asturias","description":"MADRID, 13 Jun. 2019 (Europa Press) - El RCD Mallorca ha doblegado este jueves por 2-0 al Albacete Balompi\u00e9, gracias a los goles de Leo Su\u00e1rez y de Dani Rodr\u00edguez, y de tal manera han tomado los bermellones una clara ventaja en la segunda eliminatoria del 'playoff' de ascenso a LaLiga Santander. Lejos del festival ofensivo","canonical_url":"https:\/\/www.eldigitaldeasturias.com\/noticias\/ascenso-a-laliga-santander-el-rcd-mallorca-toma-ventaja\/","robots":"max-image-preview:large","keywords":"deportes","webmasterTools":{"google-site-verification":"UA-38556648-1","msvalidate.01":"7dfe9f3f1b24437ab69f4f2559babe99","miscellaneous":""},"schema":{"@context":"https:\/\/schema.org","@graph":[{"@type":"BlogPosting","@id":"https:\/\/www.eldigitaldeasturias.com\/noticias\/ascenso-a-laliga-santander-el-rcd-mallorca-toma-ventaja\/#blogposting","name":"Ascenso a LaLiga Santander: El RCD Mallorca toma ventaja - El Digital de Asturias","headline":"Ascenso a LaLiga Santander: El RCD Mallorca toma ventaja","author":{"@id":"https:\/\/www.eldigitaldeasturias.com\/noticias\/author\/admin\/#author"},"publisher":{"@id":"https:\/\/www.eldigitaldeasturias.com\/noticias\/#organization"},"image":{"@type":"ImageObject","url":"https:\/\/www.eldigitaldeasturias.com\/noticias\/wp-content\/uploads\/2019\/06\/RCD-Mallorca.jpg","width":1013,"height":527},"datePublished":"2019-06-13T23:56:16+02:00","dateModified":"2019-06-13T23:56:16+02:00","inLanguage":"es-ES","mainEntityOfPage":{"@id":"https:\/\/www.eldigitaldeasturias.com\/noticias\/ascenso-a-laliga-santander-el-rcd-mallorca-toma-ventaja\/#webpage"},"isPartOf":{"@id":"https:\/\/www.eldigitaldeasturias.com\/noticias\/ascenso-a-laliga-santander-el-rcd-mallorca-toma-ventaja\/#webpage"},"articleSection":"Deportes"},{"@type":"BreadcrumbList","@id":"https:\/\/www.eldigitaldeasturias.com\/noticias\/ascenso-a-laliga-santander-el-rcd-mallorca-toma-ventaja\/#breadcrumblist","itemListElement":[{"@type":"ListItem","@id":"https:\/\/www.eldigitaldeasturias.com\/noticias#listItem","position":1,"name":"Home","item":"https:\/\/www.eldigitaldeasturias.com\/noticias","nextItem":{"@type":"ListItem","@id":"https:\/\/www.eldigitaldeasturias.com\/noticias\/category\/deportes\/#listItem","name":"Deportes"}},{"@type":"ListItem","@id":"https:\/\/www.eldigitaldeasturias.com\/noticias\/category\/deportes\/#listItem","position":2,"name":"Deportes","item":"https:\/\/www.eldigitaldeasturias.com\/noticias\/category\/deportes\/","nextItem":{"@type":"ListItem","@id":"https:\/\/www.eldigitaldeasturias.com\/noticias\/ascenso-a-laliga-santander-el-rcd-mallorca-toma-ventaja\/#listItem","name":"Ascenso a LaLiga Santander: El RCD Mallorca toma ventaja"},"previousItem":{"@type":"ListItem","@id":"https:\/\/www.eldigitaldeasturias.com\/noticias#listItem","name":"Home"}},{"@type":"ListItem","@id":"https:\/\/www.eldigitaldeasturias.com\/noticias\/ascenso-a-laliga-santander-el-rcd-mallorca-toma-ventaja\/#listItem","position":3,"name":"Ascenso a LaLiga Santander: El RCD Mallorca toma ventaja","previousItem":{"@type":"ListItem","@id":"https:\/\/www.eldigitaldeasturias.com\/noticias\/category\/deportes\/#listItem","name":"Deportes"}}]},{"@type":"Organization","@id":"https:\/\/www.eldigitaldeasturias.com\/noticias\/#organization","name":"El Digital de Asturias","description":"Hemeroteca","url":"https:\/\/www.eldigitaldeasturias.com\/noticias\/","email":"info@eldigitaldeasturias.com","telephone":"+34652131393","logo":{"@type":"ImageObject","url":"https:\/\/www.eldigitaldeasturias.com\/noticias\/wp-content\/uploads\/2020\/12\/EDA.jpg","@id":"https:\/\/www.eldigitaldeasturias.com\/noticias\/ascenso-a-laliga-santander-el-rcd-mallorca-toma-ventaja\/#organizationLogo","width":649,"height":297},"image":{"@id":"https:\/\/www.eldigitaldeasturias.com\/noticias\/ascenso-a-laliga-santander-el-rcd-mallorca-toma-ventaja\/#organizationLogo"},"sameAs":["https:\/\/facebook.com\/eldigitaldeasturias","https:\/\/www.youtube.com\/channel\/UCZP-2wLEB9Rv6erhFmqVnvg"],"address":{"@id":"https:\/\/www.eldigitaldeasturias.com\/noticias\/#postaladdress","@type":"PostalAddress","streetAddress":"san antonio 4,","postalCode":"33430","addressLocality":"Cand\u00e1s","addressRegion":"Asturias","addressCountry":"ES"}},{"@type":"Person","@id":"https:\/\/www.eldigitaldeasturias.com\/noticias\/author\/admin\/#author","url":"https:\/\/www.eldigitaldeasturias.com\/noticias\/author\/admin\/","name":"El Digital de Asturias","image":{"@type":"ImageObject","@id":"https:\/\/www.eldigitaldeasturias.com\/noticias\/ascenso-a-laliga-santander-el-rcd-mallorca-toma-ventaja\/#authorImage","url":"https:\/\/www.eldigitaldeasturias.com\/noticias\/wp-content\/litespeed\/avatar\/18677e78aa0546b92d9dbf31ec7d7668.jpg?ver=1777290358","width":96,"height":96,"caption":"El Digital de Asturias"}},{"@type":"WebPage","@id":"https:\/\/www.eldigitaldeasturias.com\/noticias\/ascenso-a-laliga-santander-el-rcd-mallorca-toma-ventaja\/#webpage","url":"https:\/\/www.eldigitaldeasturias.com\/noticias\/ascenso-a-laliga-santander-el-rcd-mallorca-toma-ventaja\/","name":"Ascenso a LaLiga Santander: El RCD Mallorca toma ventaja - El Digital de Asturias","description":"MADRID, 13 Jun. 2019 (Europa Press) - El RCD Mallorca ha doblegado este jueves por 2-0 al Albacete Balompi\u00e9, gracias a los goles de Leo Su\u00e1rez y de Dani Rodr\u00edguez, y de tal manera han tomado los bermellones una clara ventaja en la segunda eliminatoria del 'playoff' de ascenso a LaLiga Santander. Lejos del festival ofensivo","inLanguage":"es-ES","isPartOf":{"@id":"https:\/\/www.eldigitaldeasturias.com\/noticias\/#website"},"breadcrumb":{"@id":"https:\/\/www.eldigitaldeasturias.com\/noticias\/ascenso-a-laliga-santander-el-rcd-mallorca-toma-ventaja\/#breadcrumblist"},"author":{"@id":"https:\/\/www.eldigitaldeasturias.com\/noticias\/author\/admin\/#author"},"creator":{"@id":"https:\/\/www.eldigitaldeasturias.com\/noticias\/author\/admin\/#author"},"image":{"@type":"ImageObject","url":"https:\/\/www.eldigitaldeasturias.com\/noticias\/wp-content\/uploads\/2019\/06\/RCD-Mallorca.jpg","@id":"https:\/\/www.eldigitaldeasturias.com\/noticias\/ascenso-a-laliga-santander-el-rcd-mallorca-toma-ventaja\/#mainImage","width":1013,"height":527},"primaryImageOfPage":{"@id":"https:\/\/www.eldigitaldeasturias.com\/noticias\/ascenso-a-laliga-santander-el-rcd-mallorca-toma-ventaja\/#mainImage"},"datePublished":"2019-06-13T23:56:16+02:00","dateModified":"2019-06-13T23:56:16+02:00"},{"@type":"WebSite","@id":"https:\/\/www.eldigitaldeasturias.com\/noticias\/#website","url":"https:\/\/www.eldigitaldeasturias.com\/noticias\/","name":"El Digital de Asturias - Diario de actualidad y noticias","alternateName":"El Digital de Asturias - Diario de actualidad y noticias","description":"Hemeroteca","inLanguage":"es-ES","publisher":{"@id":"https:\/\/www.eldigitaldeasturias.com\/noticias\/#organization"}}]},"og:locale":"es_ES","og:site_name":"El Digital de Asturias","og:type":"article","og:title":"Ascenso a LaLiga Santander: El RCD Mallorca toma ventaja - El Digital de Asturias","og:description":"MADRID, 13 Jun. 2019 (Europa Press) - El RCD Mallorca ha doblegado este jueves por 2-0 al Albacete Balompi\u00e9, gracias a los goles de Leo Su\u00e1rez y de Dani Rodr\u00edguez, y de tal manera han tomado los bermellones una clara ventaja en la segunda eliminatoria del 'playoff' de ascenso a LaLiga Santander. Lejos del festival ofensivo","og:url":"https:\/\/www.eldigitaldeasturias.com\/noticias\/ascenso-a-laliga-santander-el-rcd-mallorca-toma-ventaja\/","og:image":"https:\/\/www.eldigitaldeasturias.com\/noticias\/wp-content\/uploads\/2019\/06\/RCD-Mallorca.jpg","og:image:secure_url":"https:\/\/www.eldigitaldeasturias.com\/noticias\/wp-content\/uploads\/2019\/06\/RCD-Mallorca.jpg","og:image:width":1013,"og:image:height":527,"article:tag":["deportes"],"article:published_time":"2019-06-13T23:56:16+00:00","article:modified_time":"2019-06-13T23:56:16+00:00","article:publisher":"https:\/\/facebook.com\/eldigitaldeasturias","twitter:card":"summary_large_image","twitter:title":"Ascenso a LaLiga Santander: El RCD Mallorca toma ventaja - El Digital de Asturias","twitter:description":"MADRID, 13 Jun. 2019 (Europa Press) - El RCD Mallorca ha doblegado este jueves por 2-0 al Albacete Balompi\u00e9, gracias a los goles de Leo Su\u00e1rez y de Dani Rodr\u00edguez, y de tal manera han tomado los bermellones una clara ventaja en la segunda eliminatoria del 'playoff' de ascenso a LaLiga Santander. Lejos del festival ofensivo","twitter:image":"https:\/\/www.eldigitaldeasturias.com\/noticias\/wp-content\/uploads\/2019\/06\/RCD-Mallorca.jpg","twitter:label1":"Escrito por","twitter:data1":"El Digital de Asturias","twitter:label2":"Tiempo de lectura estimado","twitter:data2":"3 minutos"},"aioseo_meta_data":{"post_id":"1030826","title":null,"description":null,"keywords":null,"keyphrases":null,"primary_term":null,"canonical_url":null,"og_title":null,"og_description":null,"og_object_type":"default","og_image_type":"default","og_image_url":null,"og_image_width":null,"og_image_height":null,"og_image_custom_url":null,"og_image_custom_fields":null,"og_video":null,"og_custom_url":null,"og_article_section":null,"og_article_tags":null,"twitter_use_og":false,"twitter_card":"default","twitter_image_type":"default","twitter_image_url":null,"twitter_image_custom_url":null,"twitter_image_custom_fields":null,"twitter_title":null,"twitter_description":null,"schema":{"blockGraphs":[],"customGraphs":[],"default":{"data":{"Article":[],"Course":[],"Dataset":[],"FAQPage":[],"Movie":[],"Person":[],"Product":[],"ProductReview":[],"Car":[],"Recipe":[],"Service":[],"SoftwareApplication":[],"WebPage":[]},"graphName":"","isEnabled":true},"graphs":[],"defaultGraph":"","defaultPostTypeGraph":""},"schema_type":null,"schema_type_options":null,"pillar_content":false,"robots_default":true,"robots_noindex":false,"robots_noarchive":false,"robots_nosnippet":false,"robots_nofollow":false,"robots_noimageindex":false,"robots_noodp":false,"robots_notranslate":false,"robots_max_snippet":null,"robots_max_videopreview":null,"robots_max_imagepreview":"large","priority":null,"frequency":null,"local_seo":null,"seo_analyzer_scan_date":"2025-10-18 16:59:14","breadcrumb_settings":null,"limit_modified_date":false,"open_ai":null,"ai":null,"created":"2020-12-21 11:10:30","updated":"2025-10-18 16:59:14"},"aioseo_breadcrumb":"<div class=\"aioseo-breadcrumbs\"><span class=\"aioseo-breadcrumb\">\n\t<a href=\"https:\/\/www.eldigitaldeasturias.com\/noticias\" title=\"Home\">Home<\/a>\n<\/span><span class=\"aioseo-breadcrumb-separator\">\u2013<\/span><span class=\"aioseo-breadcrumb\">\n\t<a href=\"https:\/\/www.eldigitaldeasturias.com\/noticias\/category\/deportes\/\" title=\"Deportes\">Deportes<\/a>\n<\/span><span class=\"aioseo-breadcrumb-separator\">\u2013<\/span><span class=\"aioseo-breadcrumb\">\n\t<a href=\"https:\/\/www.eldigitaldeasturias.com\/noticias\/ascenso-a-laliga-santander-el-rcd-mallorca-toma-ventaja\/\" title=\"Ascenso a LaLiga Santander: El RCD Mallorca toma ventaja\">Ascenso a LaLiga Santander: El RCD Mallorca toma ventaja<\/a>\n<\/span><\/div>","aioseo_breadcrumb_json":[{"label":"Home","link":"https:\/\/www.eldigitaldeasturias.com\/noticias"},{"label":"Deportes","link":"https:\/\/www.eldigitaldeasturias.com\/noticias\/category\/deportes\/"},{"label":"Ascenso a LaLiga Santander: El RCD Mallorca toma ventaja","link":"https:\/\/www.eldigitaldeasturias.com\/noticias\/ascenso-a-laliga-santander-el-rcd-mallorca-toma-ventaja\/"}],"_links":{"self":[{"href":"https:\/\/www.eldigitaldeasturias.com\/noticias\/wp-json\/wp\/v2\/posts\/1030826","targetHints":{"allow":["GET"]}}],"collection":[{"href":"https:\/\/www.eldigitaldeasturias.com\/noticias\/wp-json\/wp\/v2\/posts"}],"about":[{"href":"https:\/\/www.eldigitaldeasturias.com\/noticias\/wp-json\/wp\/v2\/types\/post"}],"author":[{"embeddable":true,"href":"https:\/\/www.eldigitaldeasturias.com\/noticias\/wp-json\/wp\/v2\/users\/1"}],"replies":[{"embeddable":true,"href":"https:\/\/www.eldigitaldeasturias.com\/noticias\/wp-json\/wp\/v2\/comments?post=1030826"}],"version-history":[{"count":0,"href":"https:\/\/www.eldigitaldeasturias.com\/noticias\/wp-json\/wp\/v2\/posts\/1030826\/revisions"}],"wp:featuredmedia":[{"embeddable":true,"href":"https:\/\/www.eldigitaldeasturias.com\/noticias\/wp-json\/wp\/v2\/media\/1030828"}],"wp:attachment":[{"href":"https:\/\/www.eldigitaldeasturias.com\/noticias\/wp-json\/wp\/v2\/media?parent=1030826"}],"wp:term":[{"taxonomy":"category","embeddable":true,"href":"https:\/\/www.eldigitaldeasturias.com\/noticias\/wp-json\/wp\/v2\/categories?post=1030826"},{"taxonomy":"post_tag","embeddable":true,"href":"https:\/\/www.eldigitaldeasturias.com\/noticias\/wp-json\/wp\/v2\/tags?post=1030826"}],"curies":[{"name":"wp","href":"https:\/\/api.w.org\/{rel}","templated":true}]}}