{"id":1030627,"date":"2019-06-13T04:06:14","date_gmt":"2019-06-13T04:06:14","guid":{"rendered":"https:\/\/www.eldigitaldeasturias.com\/noticias\/?p=1030627"},"modified":"2019-06-13T04:06:14","modified_gmt":"2019-06-13T04:06:14","slug":"ascenso-a-la-liga-santander-el-depor-mas-cerca","status":"publish","type":"post","link":"https:\/\/www.eldigitaldeasturias.com\/noticias\/ascenso-a-la-liga-santander-el-depor-mas-cerca\/","title":{"rendered":"Ascenso a la Liga Santander: El Depor m\u00e1s cerca"},"content":{"rendered":"<p><img loading=\"lazy\" decoding=\"async\" class=\"alignleft size-medium wp-image-1030628\" src=\"https:\/\/www.eldigitaldeasturias.com\/noticias\/wp-content\/uploads\/2019\/06\/DEPOR-LIGA-360x275.jpg\" alt=\"\" width=\"360\" height=\"275\" srcset=\"https:\/\/www.eldigitaldeasturias.com\/noticias\/wp-content\/uploads\/2019\/06\/DEPOR-LIGA-360x275.jpg 360w, https:\/\/www.eldigitaldeasturias.com\/noticias\/wp-content\/uploads\/2019\/06\/DEPOR-LIGA-768x588.jpg 768w, https:\/\/www.eldigitaldeasturias.com\/noticias\/wp-content\/uploads\/2019\/06\/DEPOR-LIGA-627x480.jpg 627w, https:\/\/www.eldigitaldeasturias.com\/noticias\/wp-content\/uploads\/2019\/06\/DEPOR-LIGA.jpg 881w\" sizes=\"auto, (max-width: 360px) 100vw, 360px\" \/>MADRID, 12 Jun. 2019 (Europa Press) &#8211;\u00a0El Deportivo de la Coru\u00f1a logr\u00f3 un gran resultado ante el M\u00e1laga (4-2) en el partido de ida de la primera eliminatoria del &#8216;playoff&#8217; de ascenso a la Liga Santander gracias a una remontada sensacional, pertrechada en apenas media hora m\u00e1gica para Riazor con el acierto de Carlos Fern\u00e1ndez y Borja Valle, capitales para los gallegos.<\/p>\n<p>El equipo de Jos\u00e9 Luis Mart\u00ed fue de menos a m\u00e1s y empeque\u00f1eci\u00f3 a su rival, gran favorito para ascender a Primera. En primer lugar por la trayectoria, y en segundo por su posici\u00f3n de privilegio con la tercera plaza. Sin embargo, el Depor demostr\u00f3 que -tras superar un a\u00f1o dif\u00edcil- est\u00e1 dispuesto a todo por regresar a la \u00e9lite del f\u00fatbol espa\u00f1ol.<\/p>\n<p>La empresa no fue f\u00e1cil para los coru\u00f1eses, sobre todo por el impetuoso comienzo del M\u00e1laga, que avasall\u00f3 con su dominio durante varias fases del encuentro. Principalmente por &#8216;culpa&#8217; de Ontiveros, el mejor de los andaluces y art\u00edfice de los dos goles que marc\u00f3 el cuadro de V\u00edctor S\u00e1nchez del Amo, ext\u00e9cnico del Depor, donde no guarda buenos recuerdos.<\/p>\n<p>El 0-1 fue obra de Luis Hern\u00e1ndez tras un centro del joven canterano marbell\u00ed. Ontiveros puso un caramelo en el coraz\u00f3n del \u00e1rea y el central no fall\u00f3 tras rematar muy cerca de Dani Gim\u00e9nez. Tan s\u00f3lo le dur\u00f3 dos minutos la alegr\u00eda al conjunto boquer\u00f3n despu\u00e9s de que Ricca cometiese un claro penalti sobre David Sim\u00f3n. El malaguista perdi\u00f3 la referencia de su adversario y acab\u00f3 por derribarlo en el \u00e1rea.<\/p>\n<p>Carlos Fern\u00e1ndez estuvo certero desde los 11 metros y ah\u00ed comenz\u00f3 un nuevo partido, sin embargo, la insistencia del M\u00e1laga fue mayor y los andaluces volvieron a encontrar el premio con un latigazo imparable de Ontiveros. Un disparo de casi 30 metros que vari\u00f3 su trayectoria en dos ocasiones antes de perforar la red.<\/p>\n<p>El 1-2 confirmaba el merecimiento del M\u00e1laga pese a que el Depor diese sus avisos con dos remates cruzados que descolocaron a Munir. Uno de ellos, obra de Pedro S\u00e1nchez, protagonista de la segunda mitad a los diez minutos de su reanudaci\u00f3n. Un remate en el balc\u00f3n del \u00e1rea sirvi\u00f3 para poner el empate de nuevo y tranquilizar a la grada de Riazor.<\/p>\n<h4>TRES GOLES EN LA SEGUNDA MITAD<\/h4>\n<p>Fue entonces cuando los locales comenzaron a creer en la remontada, sobre todo despu\u00e9s de que Ontiveros estrellase el bal\u00f3n en el palo a la hora de partido. Esa falta dio alas a los pupilos de Mart\u00ed y -s\u00f3lo un minuto despu\u00e9s- lograron el 3-2 con un remate de Carlos Fern\u00e1ndez sobre la misma l\u00ednea de gol. La asistencia picadita de Fede fue una maravilla.<\/p>\n<p>Pero ah\u00ed no se qued\u00f3 toda la reacci\u00f3n del Depor porque todav\u00eda hubo tiempo para el 4-2, con un chutazo de Borja Valle, y para que Ontiveros -el mejor del M\u00e1laga- viese una amarilla que le impedir\u00e1 jugar el partido de vuelta este s\u00e1bado en La Rosaleda. El Deportivo encarrila su presencia en la final por el ascenso; el M\u00e1laga tendr\u00e1 que seguir remando.<\/p>\n<h4>FICHA T\u00c9NICA.<\/h4>\n<p>RESULTADO: DEPORTIVO DE LA CORU\u00d1A, 4 &#8211; M\u00c1LAGA, 2 (1-2, al descanso).<\/p>\n<p>ALINEACIONES.<\/p>\n<p>DEPORTIVO: Dani Gim\u00e9nez; David Sim\u00f3n, Domingos Duarte, Somma, Sa\u00fal Garc\u00eda; Pedro S\u00e1nchez (Nahuel, min.69), Berganti\u00f1os, Edu Exp\u00f3sito, Fede Cartabia (Caballo, min.81); Borja Valle (Vicente G\u00f3mez, min.86) y Carlos Fern\u00e1ndez.<\/p>\n<p>M\u00c1LAGA: Munir; Iv\u00e1n Rodr\u00edguez, Luis Hern\u00e1ndez, Pau (Diego Gonz\u00e1lez, min.80), Ricca; Boulahroud (Erik Mor\u00e1n, min.66), Keidi Bare; Renato Santos, Ontiveros, Adri\u00e1n (Pacheco, min.66); y Leschuk.<\/p>\n<p>GOLES:<\/p>\n<p>0 &#8211; 1, min.18, Luis Hern\u00e1ndez.<\/p>\n<p>1 &#8211; 1, min.20, Carlos Fern\u00e1ndez, de penalti.<\/p>\n<p>1 &#8211; 2, min.37, Ontiveros.<\/p>\n<p>2 &#8211; 2, min.56, Pedro S\u00e1nchez.<\/p>\n<p>3 &#8211; 2, min.63, Carlos Fern\u00e1ndez.<\/p>\n<p>4 &#8211; 2, min.78, Borja Valle.<\/p>\n<p>\u00c1RBITRO: Soto Grado (C.Castellano-manchego). Amonest\u00f3 con tarjeta amarilla a Pedro S\u00e1nchez (min.13) en el Deportivo; y a Iv\u00e1n Rodr\u00edguez (min.25), Bare (min.30) y Ontiveros (min.91) en el M\u00e1laga.<\/p>\n<p>ESTADIO: Riazor. 24.140 espectadores.<\/p>\n<p><em>Foto: LALIGA \/ Europa Press<\/em><\/p>\n","protected":false},"excerpt":{"rendered":"<p>MADRID, 12 Jun. 2019 (Europa Press) &#8211;\u00a0El Deportivo de la Coru\u00f1a logr\u00f3 un gran resultado ante el M\u00e1laga (4-2) en el partido de ida de la primera eliminatoria del &#8216;playoff&#8217; de ascenso a la Liga Santander gracias a una remontada sensacional, pertrechada en apenas media hora m\u00e1gica para Riazor con el acierto de Carlos Fern\u00e1ndez [&hellip;]<\/p>\n","protected":false},"author":1,"featured_media":1030628,"comment_status":"closed","ping_status":"closed","sticky":false,"template":"","format":"standard","meta":{"footnotes":""},"categories":[190],"tags":[],"class_list":["post-1030627","post","type-post","status-publish","format-standard","has-post-thumbnail","hentry","category-deportes"],"aioseo_notices":[],"aioseo_head":"\n\t\t<!-- All in One SEO Pro 4.9.6.2 - aioseo.com -->\n\t<meta name=\"description\" content=\"MADRID, 12 Jun. 2019 (Europa Press) - El Deportivo de la Coru\u00f1a logr\u00f3 un gran resultado ante el M\u00e1laga (4-2) en el partido de ida de la primera eliminatoria del &#039;playoff&#039; de ascenso a la Liga Santander gracias a una remontada sensacional, pertrechada en apenas media hora m\u00e1gica para Riazor con el acierto de Carlos Fern\u00e1ndez\" \/>\n\t<meta name=\"robots\" content=\"max-image-preview:large\" \/>\n\t<meta name=\"author\" content=\"El Digital de Asturias\"\/>\n\t<meta name=\"google-site-verification\" content=\"UA-38556648-1\" \/>\n\t<meta name=\"msvalidate.01\" content=\"7dfe9f3f1b24437ab69f4f2559babe99\" \/>\n\t<meta name=\"keywords\" content=\"deportes\" \/>\n\t<link rel=\"canonical\" href=\"https:\/\/www.eldigitaldeasturias.com\/noticias\/ascenso-a-la-liga-santander-el-depor-mas-cerca\/\" \/>\n\t<meta name=\"generator\" content=\"All in One SEO Pro (AIOSEO) 4.9.6.2\" \/>\n\t\t<meta property=\"og:locale\" content=\"es_ES\" \/>\n\t\t<meta property=\"og:site_name\" content=\"El Digital de Asturias\" \/>\n\t\t<meta property=\"og:type\" content=\"article\" \/>\n\t\t<meta property=\"og:title\" content=\"Ascenso a la Liga Santander: El Depor m\u00e1s cerca - El Digital de Asturias\" \/>\n\t\t<meta property=\"og:description\" content=\"MADRID, 12 Jun. 2019 (Europa Press) - El Deportivo de la Coru\u00f1a logr\u00f3 un gran resultado ante el M\u00e1laga (4-2) en el partido de ida de la primera eliminatoria del &#039;playoff&#039; de ascenso a la Liga Santander gracias a una remontada sensacional, pertrechada en apenas media hora m\u00e1gica para Riazor con el acierto de Carlos Fern\u00e1ndez\" \/>\n\t\t<meta property=\"og:url\" content=\"https:\/\/www.eldigitaldeasturias.com\/noticias\/ascenso-a-la-liga-santander-el-depor-mas-cerca\/\" \/>\n\t\t<meta property=\"og:image\" content=\"https:\/\/www.eldigitaldeasturias.com\/noticias\/wp-content\/uploads\/2019\/06\/DEPOR-LIGA.jpg\" \/>\n\t\t<meta property=\"og:image:secure_url\" content=\"https:\/\/www.eldigitaldeasturias.com\/noticias\/wp-content\/uploads\/2019\/06\/DEPOR-LIGA.jpg\" \/>\n\t\t<meta property=\"og:image:width\" content=\"881\" \/>\n\t\t<meta property=\"og:image:height\" content=\"674\" \/>\n\t\t<meta property=\"article:tag\" content=\"deportes\" \/>\n\t\t<meta property=\"article:published_time\" content=\"2019-06-13T04:06:14+00:00\" \/>\n\t\t<meta property=\"article:modified_time\" content=\"2019-06-13T04:06:14+00:00\" \/>\n\t\t<meta property=\"article:publisher\" content=\"https:\/\/facebook.com\/eldigitaldeasturias\" \/>\n\t\t<meta name=\"twitter:card\" content=\"summary_large_image\" \/>\n\t\t<meta name=\"twitter:title\" content=\"Ascenso a la Liga Santander: El Depor m\u00e1s cerca - El Digital de Asturias\" \/>\n\t\t<meta name=\"twitter:description\" content=\"MADRID, 12 Jun. 2019 (Europa Press) - El Deportivo de la Coru\u00f1a logr\u00f3 un gran resultado ante el M\u00e1laga (4-2) en el partido de ida de la primera eliminatoria del &#039;playoff&#039; de ascenso a la Liga Santander gracias a una remontada sensacional, pertrechada en apenas media hora m\u00e1gica para Riazor con el acierto de Carlos Fern\u00e1ndez\" \/>\n\t\t<meta name=\"twitter:image\" content=\"https:\/\/www.eldigitaldeasturias.com\/noticias\/wp-content\/uploads\/2019\/06\/DEPOR-LIGA.jpg\" \/>\n\t\t<meta name=\"twitter:label1\" content=\"Escrito por\" \/>\n\t\t<meta name=\"twitter:data1\" content=\"El Digital de Asturias\" \/>\n\t\t<meta name=\"twitter:label2\" content=\"Tiempo de lectura estimado\" \/>\n\t\t<meta name=\"twitter:data2\" content=\"4 minutos\" \/>\n\t\t<script type=\"application\/ld+json\" class=\"aioseo-schema\">\n\t\t\t{\"@context\":\"https:\\\/\\\/schema.org\",\"@graph\":[{\"@type\":\"BlogPosting\",\"@id\":\"https:\\\/\\\/www.eldigitaldeasturias.com\\\/noticias\\\/ascenso-a-la-liga-santander-el-depor-mas-cerca\\\/#blogposting\",\"name\":\"Ascenso a la Liga Santander: El Depor m\\u00e1s cerca - El Digital de Asturias\",\"headline\":\"Ascenso a la Liga Santander: El Depor m\\u00e1s cerca\",\"author\":{\"@id\":\"https:\\\/\\\/www.eldigitaldeasturias.com\\\/noticias\\\/author\\\/admin\\\/#author\"},\"publisher\":{\"@id\":\"https:\\\/\\\/www.eldigitaldeasturias.com\\\/noticias\\\/#organization\"},\"image\":{\"@type\":\"ImageObject\",\"url\":\"https:\\\/\\\/www.eldigitaldeasturias.com\\\/noticias\\\/wp-content\\\/uploads\\\/2019\\\/06\\\/DEPOR-LIGA.jpg\",\"width\":881,\"height\":674},\"datePublished\":\"2019-06-13T04:06:14+02:00\",\"dateModified\":\"2019-06-13T04:06:14+02:00\",\"inLanguage\":\"es-ES\",\"mainEntityOfPage\":{\"@id\":\"https:\\\/\\\/www.eldigitaldeasturias.com\\\/noticias\\\/ascenso-a-la-liga-santander-el-depor-mas-cerca\\\/#webpage\"},\"isPartOf\":{\"@id\":\"https:\\\/\\\/www.eldigitaldeasturias.com\\\/noticias\\\/ascenso-a-la-liga-santander-el-depor-mas-cerca\\\/#webpage\"},\"articleSection\":\"Deportes\"},{\"@type\":\"BreadcrumbList\",\"@id\":\"https:\\\/\\\/www.eldigitaldeasturias.com\\\/noticias\\\/ascenso-a-la-liga-santander-el-depor-mas-cerca\\\/#breadcrumblist\",\"itemListElement\":[{\"@type\":\"ListItem\",\"@id\":\"https:\\\/\\\/www.eldigitaldeasturias.com\\\/noticias#listItem\",\"position\":1,\"name\":\"Home\",\"item\":\"https:\\\/\\\/www.eldigitaldeasturias.com\\\/noticias\",\"nextItem\":{\"@type\":\"ListItem\",\"@id\":\"https:\\\/\\\/www.eldigitaldeasturias.com\\\/noticias\\\/category\\\/deportes\\\/#listItem\",\"name\":\"Deportes\"}},{\"@type\":\"ListItem\",\"@id\":\"https:\\\/\\\/www.eldigitaldeasturias.com\\\/noticias\\\/category\\\/deportes\\\/#listItem\",\"position\":2,\"name\":\"Deportes\",\"item\":\"https:\\\/\\\/www.eldigitaldeasturias.com\\\/noticias\\\/category\\\/deportes\\\/\",\"nextItem\":{\"@type\":\"ListItem\",\"@id\":\"https:\\\/\\\/www.eldigitaldeasturias.com\\\/noticias\\\/ascenso-a-la-liga-santander-el-depor-mas-cerca\\\/#listItem\",\"name\":\"Ascenso a la Liga Santander: El Depor m\\u00e1s cerca\"},\"previousItem\":{\"@type\":\"ListItem\",\"@id\":\"https:\\\/\\\/www.eldigitaldeasturias.com\\\/noticias#listItem\",\"name\":\"Home\"}},{\"@type\":\"ListItem\",\"@id\":\"https:\\\/\\\/www.eldigitaldeasturias.com\\\/noticias\\\/ascenso-a-la-liga-santander-el-depor-mas-cerca\\\/#listItem\",\"position\":3,\"name\":\"Ascenso a la Liga Santander: El Depor m\\u00e1s cerca\",\"previousItem\":{\"@type\":\"ListItem\",\"@id\":\"https:\\\/\\\/www.eldigitaldeasturias.com\\\/noticias\\\/category\\\/deportes\\\/#listItem\",\"name\":\"Deportes\"}}]},{\"@type\":\"Organization\",\"@id\":\"https:\\\/\\\/www.eldigitaldeasturias.com\\\/noticias\\\/#organization\",\"name\":\"El Digital de Asturias\",\"description\":\"Hemeroteca\",\"url\":\"https:\\\/\\\/www.eldigitaldeasturias.com\\\/noticias\\\/\",\"email\":\"info@eldigitaldeasturias.com\",\"telephone\":\"+34652131393\",\"logo\":{\"@type\":\"ImageObject\",\"url\":\"https:\\\/\\\/www.eldigitaldeasturias.com\\\/noticias\\\/wp-content\\\/uploads\\\/2020\\\/12\\\/EDA.jpg\",\"@id\":\"https:\\\/\\\/www.eldigitaldeasturias.com\\\/noticias\\\/ascenso-a-la-liga-santander-el-depor-mas-cerca\\\/#organizationLogo\",\"width\":649,\"height\":297},\"image\":{\"@id\":\"https:\\\/\\\/www.eldigitaldeasturias.com\\\/noticias\\\/ascenso-a-la-liga-santander-el-depor-mas-cerca\\\/#organizationLogo\"},\"sameAs\":[\"https:\\\/\\\/facebook.com\\\/eldigitaldeasturias\",\"https:\\\/\\\/www.youtube.com\\\/channel\\\/UCZP-2wLEB9Rv6erhFmqVnvg\"],\"address\":{\"@id\":\"https:\\\/\\\/www.eldigitaldeasturias.com\\\/noticias\\\/#postaladdress\",\"@type\":\"PostalAddress\",\"streetAddress\":\"san antonio 4,\",\"postalCode\":\"33430\",\"addressLocality\":\"Cand\\u00e1s\",\"addressRegion\":\"Asturias\",\"addressCountry\":\"ES\"}},{\"@type\":\"Person\",\"@id\":\"https:\\\/\\\/www.eldigitaldeasturias.com\\\/noticias\\\/author\\\/admin\\\/#author\",\"url\":\"https:\\\/\\\/www.eldigitaldeasturias.com\\\/noticias\\\/author\\\/admin\\\/\",\"name\":\"El Digital de Asturias\",\"image\":{\"@type\":\"ImageObject\",\"@id\":\"https:\\\/\\\/www.eldigitaldeasturias.com\\\/noticias\\\/ascenso-a-la-liga-santander-el-depor-mas-cerca\\\/#authorImage\",\"url\":\"https:\\\/\\\/www.eldigitaldeasturias.com\\\/noticias\\\/wp-content\\\/litespeed\\\/avatar\\\/18677e78aa0546b92d9dbf31ec7d7668.jpg?ver=1777290358\",\"width\":96,\"height\":96,\"caption\":\"El Digital de Asturias\"}},{\"@type\":\"WebPage\",\"@id\":\"https:\\\/\\\/www.eldigitaldeasturias.com\\\/noticias\\\/ascenso-a-la-liga-santander-el-depor-mas-cerca\\\/#webpage\",\"url\":\"https:\\\/\\\/www.eldigitaldeasturias.com\\\/noticias\\\/ascenso-a-la-liga-santander-el-depor-mas-cerca\\\/\",\"name\":\"Ascenso a la Liga Santander: El Depor m\\u00e1s cerca - El Digital de Asturias\",\"description\":\"MADRID, 12 Jun. 2019 (Europa Press) - El Deportivo de la Coru\\u00f1a logr\\u00f3 un gran resultado ante el M\\u00e1laga (4-2) en el partido de ida de la primera eliminatoria del 'playoff' de ascenso a la Liga Santander gracias a una remontada sensacional, pertrechada en apenas media hora m\\u00e1gica para Riazor con el acierto de Carlos Fern\\u00e1ndez\",\"inLanguage\":\"es-ES\",\"isPartOf\":{\"@id\":\"https:\\\/\\\/www.eldigitaldeasturias.com\\\/noticias\\\/#website\"},\"breadcrumb\":{\"@id\":\"https:\\\/\\\/www.eldigitaldeasturias.com\\\/noticias\\\/ascenso-a-la-liga-santander-el-depor-mas-cerca\\\/#breadcrumblist\"},\"author\":{\"@id\":\"https:\\\/\\\/www.eldigitaldeasturias.com\\\/noticias\\\/author\\\/admin\\\/#author\"},\"creator\":{\"@id\":\"https:\\\/\\\/www.eldigitaldeasturias.com\\\/noticias\\\/author\\\/admin\\\/#author\"},\"image\":{\"@type\":\"ImageObject\",\"url\":\"https:\\\/\\\/www.eldigitaldeasturias.com\\\/noticias\\\/wp-content\\\/uploads\\\/2019\\\/06\\\/DEPOR-LIGA.jpg\",\"@id\":\"https:\\\/\\\/www.eldigitaldeasturias.com\\\/noticias\\\/ascenso-a-la-liga-santander-el-depor-mas-cerca\\\/#mainImage\",\"width\":881,\"height\":674},\"primaryImageOfPage\":{\"@id\":\"https:\\\/\\\/www.eldigitaldeasturias.com\\\/noticias\\\/ascenso-a-la-liga-santander-el-depor-mas-cerca\\\/#mainImage\"},\"datePublished\":\"2019-06-13T04:06:14+02:00\",\"dateModified\":\"2019-06-13T04:06:14+02:00\"},{\"@type\":\"WebSite\",\"@id\":\"https:\\\/\\\/www.eldigitaldeasturias.com\\\/noticias\\\/#website\",\"url\":\"https:\\\/\\\/www.eldigitaldeasturias.com\\\/noticias\\\/\",\"name\":\"El Digital de Asturias - Diario de actualidad y noticias\",\"alternateName\":\"El Digital de Asturias - Diario de actualidad y noticias\",\"description\":\"Hemeroteca\",\"inLanguage\":\"es-ES\",\"publisher\":{\"@id\":\"https:\\\/\\\/www.eldigitaldeasturias.com\\\/noticias\\\/#organization\"}}]}\n\t\t<\/script>\n\t\t<!-- All in One SEO Pro -->\r\n\t\t<title>Ascenso a la Liga Santander: El Depor m\u00e1s cerca - El Digital de Asturias<\/title>\n\n","aioseo_head_json":{"title":"Ascenso a la Liga Santander: El Depor m\u00e1s cerca - El Digital de Asturias","description":"MADRID, 12 Jun. 2019 (Europa Press) - El Deportivo de la Coru\u00f1a logr\u00f3 un gran resultado ante el M\u00e1laga (4-2) en el partido de ida de la primera eliminatoria del 'playoff' de ascenso a la Liga Santander gracias a una remontada sensacional, pertrechada en apenas media hora m\u00e1gica para Riazor con el acierto de Carlos Fern\u00e1ndez","canonical_url":"https:\/\/www.eldigitaldeasturias.com\/noticias\/ascenso-a-la-liga-santander-el-depor-mas-cerca\/","robots":"max-image-preview:large","keywords":"deportes","webmasterTools":{"google-site-verification":"UA-38556648-1","msvalidate.01":"7dfe9f3f1b24437ab69f4f2559babe99","miscellaneous":""},"schema":{"@context":"https:\/\/schema.org","@graph":[{"@type":"BlogPosting","@id":"https:\/\/www.eldigitaldeasturias.com\/noticias\/ascenso-a-la-liga-santander-el-depor-mas-cerca\/#blogposting","name":"Ascenso a la Liga Santander: El Depor m\u00e1s cerca - El Digital de Asturias","headline":"Ascenso a la Liga Santander: El Depor m\u00e1s cerca","author":{"@id":"https:\/\/www.eldigitaldeasturias.com\/noticias\/author\/admin\/#author"},"publisher":{"@id":"https:\/\/www.eldigitaldeasturias.com\/noticias\/#organization"},"image":{"@type":"ImageObject","url":"https:\/\/www.eldigitaldeasturias.com\/noticias\/wp-content\/uploads\/2019\/06\/DEPOR-LIGA.jpg","width":881,"height":674},"datePublished":"2019-06-13T04:06:14+02:00","dateModified":"2019-06-13T04:06:14+02:00","inLanguage":"es-ES","mainEntityOfPage":{"@id":"https:\/\/www.eldigitaldeasturias.com\/noticias\/ascenso-a-la-liga-santander-el-depor-mas-cerca\/#webpage"},"isPartOf":{"@id":"https:\/\/www.eldigitaldeasturias.com\/noticias\/ascenso-a-la-liga-santander-el-depor-mas-cerca\/#webpage"},"articleSection":"Deportes"},{"@type":"BreadcrumbList","@id":"https:\/\/www.eldigitaldeasturias.com\/noticias\/ascenso-a-la-liga-santander-el-depor-mas-cerca\/#breadcrumblist","itemListElement":[{"@type":"ListItem","@id":"https:\/\/www.eldigitaldeasturias.com\/noticias#listItem","position":1,"name":"Home","item":"https:\/\/www.eldigitaldeasturias.com\/noticias","nextItem":{"@type":"ListItem","@id":"https:\/\/www.eldigitaldeasturias.com\/noticias\/category\/deportes\/#listItem","name":"Deportes"}},{"@type":"ListItem","@id":"https:\/\/www.eldigitaldeasturias.com\/noticias\/category\/deportes\/#listItem","position":2,"name":"Deportes","item":"https:\/\/www.eldigitaldeasturias.com\/noticias\/category\/deportes\/","nextItem":{"@type":"ListItem","@id":"https:\/\/www.eldigitaldeasturias.com\/noticias\/ascenso-a-la-liga-santander-el-depor-mas-cerca\/#listItem","name":"Ascenso a la Liga Santander: El Depor m\u00e1s cerca"},"previousItem":{"@type":"ListItem","@id":"https:\/\/www.eldigitaldeasturias.com\/noticias#listItem","name":"Home"}},{"@type":"ListItem","@id":"https:\/\/www.eldigitaldeasturias.com\/noticias\/ascenso-a-la-liga-santander-el-depor-mas-cerca\/#listItem","position":3,"name":"Ascenso a la Liga Santander: El Depor m\u00e1s cerca","previousItem":{"@type":"ListItem","@id":"https:\/\/www.eldigitaldeasturias.com\/noticias\/category\/deportes\/#listItem","name":"Deportes"}}]},{"@type":"Organization","@id":"https:\/\/www.eldigitaldeasturias.com\/noticias\/#organization","name":"El Digital de Asturias","description":"Hemeroteca","url":"https:\/\/www.eldigitaldeasturias.com\/noticias\/","email":"info@eldigitaldeasturias.com","telephone":"+34652131393","logo":{"@type":"ImageObject","url":"https:\/\/www.eldigitaldeasturias.com\/noticias\/wp-content\/uploads\/2020\/12\/EDA.jpg","@id":"https:\/\/www.eldigitaldeasturias.com\/noticias\/ascenso-a-la-liga-santander-el-depor-mas-cerca\/#organizationLogo","width":649,"height":297},"image":{"@id":"https:\/\/www.eldigitaldeasturias.com\/noticias\/ascenso-a-la-liga-santander-el-depor-mas-cerca\/#organizationLogo"},"sameAs":["https:\/\/facebook.com\/eldigitaldeasturias","https:\/\/www.youtube.com\/channel\/UCZP-2wLEB9Rv6erhFmqVnvg"],"address":{"@id":"https:\/\/www.eldigitaldeasturias.com\/noticias\/#postaladdress","@type":"PostalAddress","streetAddress":"san antonio 4,","postalCode":"33430","addressLocality":"Cand\u00e1s","addressRegion":"Asturias","addressCountry":"ES"}},{"@type":"Person","@id":"https:\/\/www.eldigitaldeasturias.com\/noticias\/author\/admin\/#author","url":"https:\/\/www.eldigitaldeasturias.com\/noticias\/author\/admin\/","name":"El Digital de Asturias","image":{"@type":"ImageObject","@id":"https:\/\/www.eldigitaldeasturias.com\/noticias\/ascenso-a-la-liga-santander-el-depor-mas-cerca\/#authorImage","url":"https:\/\/www.eldigitaldeasturias.com\/noticias\/wp-content\/litespeed\/avatar\/18677e78aa0546b92d9dbf31ec7d7668.jpg?ver=1777290358","width":96,"height":96,"caption":"El Digital de Asturias"}},{"@type":"WebPage","@id":"https:\/\/www.eldigitaldeasturias.com\/noticias\/ascenso-a-la-liga-santander-el-depor-mas-cerca\/#webpage","url":"https:\/\/www.eldigitaldeasturias.com\/noticias\/ascenso-a-la-liga-santander-el-depor-mas-cerca\/","name":"Ascenso a la Liga Santander: El Depor m\u00e1s cerca - El Digital de Asturias","description":"MADRID, 12 Jun. 2019 (Europa Press) - El Deportivo de la Coru\u00f1a logr\u00f3 un gran resultado ante el M\u00e1laga (4-2) en el partido de ida de la primera eliminatoria del 'playoff' de ascenso a la Liga Santander gracias a una remontada sensacional, pertrechada en apenas media hora m\u00e1gica para Riazor con el acierto de Carlos Fern\u00e1ndez","inLanguage":"es-ES","isPartOf":{"@id":"https:\/\/www.eldigitaldeasturias.com\/noticias\/#website"},"breadcrumb":{"@id":"https:\/\/www.eldigitaldeasturias.com\/noticias\/ascenso-a-la-liga-santander-el-depor-mas-cerca\/#breadcrumblist"},"author":{"@id":"https:\/\/www.eldigitaldeasturias.com\/noticias\/author\/admin\/#author"},"creator":{"@id":"https:\/\/www.eldigitaldeasturias.com\/noticias\/author\/admin\/#author"},"image":{"@type":"ImageObject","url":"https:\/\/www.eldigitaldeasturias.com\/noticias\/wp-content\/uploads\/2019\/06\/DEPOR-LIGA.jpg","@id":"https:\/\/www.eldigitaldeasturias.com\/noticias\/ascenso-a-la-liga-santander-el-depor-mas-cerca\/#mainImage","width":881,"height":674},"primaryImageOfPage":{"@id":"https:\/\/www.eldigitaldeasturias.com\/noticias\/ascenso-a-la-liga-santander-el-depor-mas-cerca\/#mainImage"},"datePublished":"2019-06-13T04:06:14+02:00","dateModified":"2019-06-13T04:06:14+02:00"},{"@type":"WebSite","@id":"https:\/\/www.eldigitaldeasturias.com\/noticias\/#website","url":"https:\/\/www.eldigitaldeasturias.com\/noticias\/","name":"El Digital de Asturias - Diario de actualidad y noticias","alternateName":"El Digital de Asturias - Diario de actualidad y noticias","description":"Hemeroteca","inLanguage":"es-ES","publisher":{"@id":"https:\/\/www.eldigitaldeasturias.com\/noticias\/#organization"}}]},"og:locale":"es_ES","og:site_name":"El Digital de Asturias","og:type":"article","og:title":"Ascenso a la Liga Santander: El Depor m\u00e1s cerca - El Digital de Asturias","og:description":"MADRID, 12 Jun. 2019 (Europa Press) - El Deportivo de la Coru\u00f1a logr\u00f3 un gran resultado ante el M\u00e1laga (4-2) en el partido de ida de la primera eliminatoria del 'playoff' de ascenso a la Liga Santander gracias a una remontada sensacional, pertrechada en apenas media hora m\u00e1gica para Riazor con el acierto de Carlos Fern\u00e1ndez","og:url":"https:\/\/www.eldigitaldeasturias.com\/noticias\/ascenso-a-la-liga-santander-el-depor-mas-cerca\/","og:image":"https:\/\/www.eldigitaldeasturias.com\/noticias\/wp-content\/uploads\/2019\/06\/DEPOR-LIGA.jpg","og:image:secure_url":"https:\/\/www.eldigitaldeasturias.com\/noticias\/wp-content\/uploads\/2019\/06\/DEPOR-LIGA.jpg","og:image:width":881,"og:image:height":674,"article:tag":["deportes"],"article:published_time":"2019-06-13T04:06:14+00:00","article:modified_time":"2019-06-13T04:06:14+00:00","article:publisher":"https:\/\/facebook.com\/eldigitaldeasturias","twitter:card":"summary_large_image","twitter:title":"Ascenso a la Liga Santander: El Depor m\u00e1s cerca - El Digital de Asturias","twitter:description":"MADRID, 12 Jun. 2019 (Europa Press) - El Deportivo de la Coru\u00f1a logr\u00f3 un gran resultado ante el M\u00e1laga (4-2) en el partido de ida de la primera eliminatoria del 'playoff' de ascenso a la Liga Santander gracias a una remontada sensacional, pertrechada en apenas media hora m\u00e1gica para Riazor con el acierto de Carlos Fern\u00e1ndez","twitter:image":"https:\/\/www.eldigitaldeasturias.com\/noticias\/wp-content\/uploads\/2019\/06\/DEPOR-LIGA.jpg","twitter:label1":"Escrito por","twitter:data1":"El Digital de Asturias","twitter:label2":"Tiempo de lectura estimado","twitter:data2":"4 minutos"},"aioseo_meta_data":{"post_id":"1030627","title":null,"description":null,"keywords":null,"keyphrases":null,"primary_term":null,"canonical_url":null,"og_title":null,"og_description":null,"og_object_type":"default","og_image_type":"default","og_image_url":null,"og_image_width":null,"og_image_height":null,"og_image_custom_url":null,"og_image_custom_fields":null,"og_video":null,"og_custom_url":null,"og_article_section":null,"og_article_tags":null,"twitter_use_og":false,"twitter_card":"default","twitter_image_type":"default","twitter_image_url":null,"twitter_image_custom_url":null,"twitter_image_custom_fields":null,"twitter_title":null,"twitter_description":null,"schema":{"blockGraphs":[],"customGraphs":[],"default":{"data":{"Article":[],"Course":[],"Dataset":[],"FAQPage":[],"Movie":[],"Person":[],"Product":[],"ProductReview":[],"Car":[],"Recipe":[],"Service":[],"SoftwareApplication":[],"WebPage":[]},"graphName":"","isEnabled":true},"graphs":[],"defaultGraph":"","defaultPostTypeGraph":""},"schema_type":null,"schema_type_options":null,"pillar_content":false,"robots_default":true,"robots_noindex":false,"robots_noarchive":false,"robots_nosnippet":false,"robots_nofollow":false,"robots_noimageindex":false,"robots_noodp":false,"robots_notranslate":false,"robots_max_snippet":null,"robots_max_videopreview":null,"robots_max_imagepreview":"large","priority":null,"frequency":null,"local_seo":null,"seo_analyzer_scan_date":"2025-10-18 16:18:10","breadcrumb_settings":null,"limit_modified_date":false,"open_ai":null,"ai":null,"created":"2020-12-21 11:10:37","updated":"2025-10-18 16:18:10"},"aioseo_breadcrumb":"<div class=\"aioseo-breadcrumbs\"><span class=\"aioseo-breadcrumb\">\n\t<a href=\"https:\/\/www.eldigitaldeasturias.com\/noticias\" title=\"Home\">Home<\/a>\n<\/span><span class=\"aioseo-breadcrumb-separator\">\u2013<\/span><span class=\"aioseo-breadcrumb\">\n\t<a href=\"https:\/\/www.eldigitaldeasturias.com\/noticias\/category\/deportes\/\" title=\"Deportes\">Deportes<\/a>\n<\/span><span class=\"aioseo-breadcrumb-separator\">\u2013<\/span><span class=\"aioseo-breadcrumb\">\n\t<a href=\"https:\/\/www.eldigitaldeasturias.com\/noticias\/ascenso-a-la-liga-santander-el-depor-mas-cerca\/\" title=\"Ascenso a la Liga Santander: El Depor m\u00e1s cerca\">Ascenso a la Liga Santander: El Depor m\u00e1s cerca<\/a>\n<\/span><\/div>","aioseo_breadcrumb_json":[{"label":"Home","link":"https:\/\/www.eldigitaldeasturias.com\/noticias"},{"label":"Deportes","link":"https:\/\/www.eldigitaldeasturias.com\/noticias\/category\/deportes\/"},{"label":"Ascenso a la Liga Santander: El Depor m\u00e1s cerca","link":"https:\/\/www.eldigitaldeasturias.com\/noticias\/ascenso-a-la-liga-santander-el-depor-mas-cerca\/"}],"_links":{"self":[{"href":"https:\/\/www.eldigitaldeasturias.com\/noticias\/wp-json\/wp\/v2\/posts\/1030627","targetHints":{"allow":["GET"]}}],"collection":[{"href":"https:\/\/www.eldigitaldeasturias.com\/noticias\/wp-json\/wp\/v2\/posts"}],"about":[{"href":"https:\/\/www.eldigitaldeasturias.com\/noticias\/wp-json\/wp\/v2\/types\/post"}],"author":[{"embeddable":true,"href":"https:\/\/www.eldigitaldeasturias.com\/noticias\/wp-json\/wp\/v2\/users\/1"}],"replies":[{"embeddable":true,"href":"https:\/\/www.eldigitaldeasturias.com\/noticias\/wp-json\/wp\/v2\/comments?post=1030627"}],"version-history":[{"count":0,"href":"https:\/\/www.eldigitaldeasturias.com\/noticias\/wp-json\/wp\/v2\/posts\/1030627\/revisions"}],"wp:featuredmedia":[{"embeddable":true,"href":"https:\/\/www.eldigitaldeasturias.com\/noticias\/wp-json\/wp\/v2\/media\/1030628"}],"wp:attachment":[{"href":"https:\/\/www.eldigitaldeasturias.com\/noticias\/wp-json\/wp\/v2\/media?parent=1030627"}],"wp:term":[{"taxonomy":"category","embeddable":true,"href":"https:\/\/www.eldigitaldeasturias.com\/noticias\/wp-json\/wp\/v2\/categories?post=1030627"},{"taxonomy":"post_tag","embeddable":true,"href":"https:\/\/www.eldigitaldeasturias.com\/noticias\/wp-json\/wp\/v2\/tags?post=1030627"}],"curies":[{"name":"wp","href":"https:\/\/api.w.org\/{rel}","templated":true}]}}