{"id":1030593,"date":"2019-06-12T19:57:31","date_gmt":"2019-06-12T19:57:31","guid":{"rendered":"https:\/\/www.eldigitaldeasturias.com\/noticias\/?p=1030593"},"modified":"2019-06-12T19:57:31","modified_gmt":"2019-06-12T19:57:31","slug":"presentada-la-xvi-travesera-cafes-oquendo-picos-de-europa","status":"publish","type":"post","link":"https:\/\/www.eldigitaldeasturias.com\/noticias\/presentada-la-xvi-travesera-cafes-oquendo-picos-de-europa\/","title":{"rendered":"Presentada la \u201cXVI Travesera Caf\u00e9s Oquendo Picos de Europa\u201d"},"content":{"rendered":"<p><img loading=\"lazy\" decoding=\"async\" class=\"alignleft size-medium wp-image-1030594\" src=\"https:\/\/www.eldigitaldeasturias.com\/noticias\/wp-content\/uploads\/2019\/06\/XVI-Travesera-Cafes-Oquendo-Picos-de-Europa-360x227.jpg\" alt=\"\" width=\"360\" height=\"227\" srcset=\"https:\/\/www.eldigitaldeasturias.com\/noticias\/wp-content\/uploads\/2019\/06\/XVI-Travesera-Cafes-Oquendo-Picos-de-Europa-360x227.jpg 360w, https:\/\/www.eldigitaldeasturias.com\/noticias\/wp-content\/uploads\/2019\/06\/XVI-Travesera-Cafes-Oquendo-Picos-de-Europa-768x484.jpg 768w, https:\/\/www.eldigitaldeasturias.com\/noticias\/wp-content\/uploads\/2019\/06\/XVI-Travesera-Cafes-Oquendo-Picos-de-Europa-650x410.jpg 650w, https:\/\/www.eldigitaldeasturias.com\/noticias\/wp-content\/uploads\/2019\/06\/XVI-Travesera-Cafes-Oquendo-Picos-de-Europa.jpg 987w\" sizes=\"auto, (max-width: 360px) 100vw, 360px\" \/>El viceconsejero de Cultura y Deporte, Vicente Dom\u00ednguez, ha participado en la presentaci\u00f3n de la<strong> XVI Travesera Caf\u00e9s Oquendo Picos de Europa<\/strong>, junto con David M\u00e9ndez, miembro del comit\u00e9 organizador de la Travesera, Jos\u00e9 Carlos Rodr\u00edguez, director comercial de Caf\u00e9s Oquendo, y Esther Bello, vocal de la Federaci\u00f3n de Monta\u00f1a del Principado de Asturias.<\/p>\n<p><strong>La XVI Travesera Caf\u00e9s Oquendo Picos de Europa<\/strong>, prueba pionera de las carreras de monta\u00f1a en Espa\u00f1a, est\u00e1 organizada por el Grupo de Monta\u00f1a Ensidesa de Gij\u00f3n y la Federaci\u00f3n de Monta\u00f1a del Principado de Asturias. La prueba transcurre por los 75 kil\u00f3metros que van desde El Repelao hasta Arenas de Cabrales, y atraviesa los tres grandes macizos de los Picos de Europa.<\/p>\n<p>La organizaci\u00f3n considera que<strong> la Travesera es una prueba \u201c\u00fanica en el mundo\u201d<\/strong>, tanto por su dificultad, con sus 13,000 metros de desnivel, como por los parajes por la que discurre, la mayor parte de ellos, en el interior del Parque Nacional.<\/p>\n<p>En esta edici\u00f3n se han inscrito corredores procedentes de Francia, Italia, Portugal, Alemania, B\u00e9lgica, Dinamarca, Finlandia, Reino Unido y Holanda, adem\u00e1s de Espa\u00f1a, que tendr\u00e1 representantes de todas las comunidades aut\u00f3nomas.<\/p>\n<p>&nbsp;<\/p>\n","protected":false},"excerpt":{"rendered":"<p>El viceconsejero de Cultura y Deporte, Vicente Dom\u00ednguez, ha participado en la presentaci\u00f3n de la XVI Travesera Caf\u00e9s Oquendo Picos de Europa, junto con David M\u00e9ndez, miembro del comit\u00e9 organizador de la Travesera, Jos\u00e9 Carlos Rodr\u00edguez, director comercial de Caf\u00e9s Oquendo, y Esther Bello, vocal de la Federaci\u00f3n de Monta\u00f1a del Principado de Asturias. La [&hellip;]<\/p>\n","protected":false},"author":1,"featured_media":1030594,"comment_status":"closed","ping_status":"closed","sticky":false,"template":"","format":"standard","meta":{"footnotes":""},"categories":[190,141],"tags":[],"class_list":["post-1030593","post","type-post","status-publish","format-standard","has-post-thumbnail","hentry","category-deportes","category-destacadas"],"aioseo_notices":[],"aioseo_head":"\n\t\t<!-- All in One SEO Pro 4.9.6.2 - aioseo.com -->\n\t<meta name=\"description\" content=\"El viceconsejero de Cultura y Deporte, Vicente Dom\u00ednguez, ha participado en la presentaci\u00f3n de la XVI Travesera Caf\u00e9s Oquendo Picos de Europa, junto con David M\u00e9ndez, miembro del comit\u00e9 organizador de la Travesera, Jos\u00e9 Carlos Rodr\u00edguez, director comercial de Caf\u00e9s Oquendo, y Esther Bello, vocal de la Federaci\u00f3n de Monta\u00f1a del Principado de Asturias. La\" \/>\n\t<meta name=\"robots\" content=\"max-image-preview:large\" \/>\n\t<meta name=\"author\" content=\"El Digital de Asturias\"\/>\n\t<meta name=\"google-site-verification\" content=\"UA-38556648-1\" \/>\n\t<meta name=\"msvalidate.01\" content=\"7dfe9f3f1b24437ab69f4f2559babe99\" \/>\n\t<meta name=\"keywords\" content=\"deportes,destacadas\" \/>\n\t<link rel=\"canonical\" href=\"https:\/\/www.eldigitaldeasturias.com\/noticias\/presentada-la-xvi-travesera-cafes-oquendo-picos-de-europa\/\" \/>\n\t<meta name=\"generator\" content=\"All in One SEO Pro (AIOSEO) 4.9.6.2\" \/>\n\t\t<meta property=\"og:locale\" content=\"es_ES\" \/>\n\t\t<meta property=\"og:site_name\" content=\"El Digital de Asturias\" \/>\n\t\t<meta property=\"og:type\" content=\"article\" \/>\n\t\t<meta property=\"og:title\" content=\"Presentada la \u201cXVI Travesera Caf\u00e9s Oquendo Picos de Europa\u201d - El Digital de Asturias\" \/>\n\t\t<meta property=\"og:description\" content=\"El viceconsejero de Cultura y Deporte, Vicente Dom\u00ednguez, ha participado en la presentaci\u00f3n de la XVI Travesera Caf\u00e9s Oquendo Picos de Europa, junto con David M\u00e9ndez, miembro del comit\u00e9 organizador de la Travesera, Jos\u00e9 Carlos Rodr\u00edguez, director comercial de Caf\u00e9s Oquendo, y Esther Bello, vocal de la Federaci\u00f3n de Monta\u00f1a del Principado de Asturias. La\" \/>\n\t\t<meta property=\"og:url\" content=\"https:\/\/www.eldigitaldeasturias.com\/noticias\/presentada-la-xvi-travesera-cafes-oquendo-picos-de-europa\/\" \/>\n\t\t<meta property=\"og:image\" content=\"https:\/\/www.eldigitaldeasturias.com\/noticias\/wp-content\/uploads\/2019\/06\/XVI-Travesera-Cafes-Oquendo-Picos-de-Europa.jpg\" \/>\n\t\t<meta property=\"og:image:secure_url\" content=\"https:\/\/www.eldigitaldeasturias.com\/noticias\/wp-content\/uploads\/2019\/06\/XVI-Travesera-Cafes-Oquendo-Picos-de-Europa.jpg\" \/>\n\t\t<meta property=\"og:image:width\" content=\"987\" \/>\n\t\t<meta property=\"og:image:height\" content=\"622\" \/>\n\t\t<meta property=\"article:tag\" content=\"deportes\" \/>\n\t\t<meta property=\"article:tag\" content=\"destacadas\" \/>\n\t\t<meta property=\"article:published_time\" content=\"2019-06-12T19:57:31+00:00\" \/>\n\t\t<meta property=\"article:modified_time\" content=\"2019-06-12T19:57:31+00:00\" \/>\n\t\t<meta property=\"article:publisher\" content=\"https:\/\/facebook.com\/eldigitaldeasturias\" \/>\n\t\t<meta name=\"twitter:card\" content=\"summary_large_image\" \/>\n\t\t<meta name=\"twitter:title\" content=\"Presentada la \u201cXVI Travesera Caf\u00e9s Oquendo Picos de Europa\u201d - El Digital de Asturias\" \/>\n\t\t<meta name=\"twitter:description\" content=\"El viceconsejero de Cultura y Deporte, Vicente Dom\u00ednguez, ha participado en la presentaci\u00f3n de la XVI Travesera Caf\u00e9s Oquendo Picos de Europa, junto con David M\u00e9ndez, miembro del comit\u00e9 organizador de la Travesera, Jos\u00e9 Carlos Rodr\u00edguez, director comercial de Caf\u00e9s Oquendo, y Esther Bello, vocal de la Federaci\u00f3n de Monta\u00f1a del Principado de Asturias. La\" \/>\n\t\t<meta name=\"twitter:image\" content=\"https:\/\/www.eldigitaldeasturias.com\/noticias\/wp-content\/uploads\/2019\/06\/XVI-Travesera-Cafes-Oquendo-Picos-de-Europa.jpg\" \/>\n\t\t<meta name=\"twitter:label1\" content=\"Escrito por\" \/>\n\t\t<meta name=\"twitter:data1\" content=\"El Digital de Asturias\" \/>\n\t\t<meta name=\"twitter:label2\" content=\"Tiempo de lectura estimado\" \/>\n\t\t<meta name=\"twitter:data2\" content=\"1 minuto\" \/>\n\t\t<script type=\"application\/ld+json\" class=\"aioseo-schema\">\n\t\t\t{\"@context\":\"https:\\\/\\\/schema.org\",\"@graph\":[{\"@type\":\"BlogPosting\",\"@id\":\"https:\\\/\\\/www.eldigitaldeasturias.com\\\/noticias\\\/presentada-la-xvi-travesera-cafes-oquendo-picos-de-europa\\\/#blogposting\",\"name\":\"Presentada la \\u201cXVI Travesera Caf\\u00e9s Oquendo Picos de Europa\\u201d - El Digital de Asturias\",\"headline\":\"Presentada la \\u201cXVI Travesera Caf\\u00e9s Oquendo Picos de Europa\\u201d\",\"author\":{\"@id\":\"https:\\\/\\\/www.eldigitaldeasturias.com\\\/noticias\\\/author\\\/admin\\\/#author\"},\"publisher\":{\"@id\":\"https:\\\/\\\/www.eldigitaldeasturias.com\\\/noticias\\\/#organization\"},\"image\":{\"@type\":\"ImageObject\",\"url\":\"https:\\\/\\\/www.eldigitaldeasturias.com\\\/noticias\\\/wp-content\\\/uploads\\\/2019\\\/06\\\/XVI-Travesera-Cafes-Oquendo-Picos-de-Europa.jpg\",\"width\":987,\"height\":622},\"datePublished\":\"2019-06-12T19:57:31+02:00\",\"dateModified\":\"2019-06-12T19:57:31+02:00\",\"inLanguage\":\"es-ES\",\"mainEntityOfPage\":{\"@id\":\"https:\\\/\\\/www.eldigitaldeasturias.com\\\/noticias\\\/presentada-la-xvi-travesera-cafes-oquendo-picos-de-europa\\\/#webpage\"},\"isPartOf\":{\"@id\":\"https:\\\/\\\/www.eldigitaldeasturias.com\\\/noticias\\\/presentada-la-xvi-travesera-cafes-oquendo-picos-de-europa\\\/#webpage\"},\"articleSection\":\"Deportes, Destacadas\"},{\"@type\":\"BreadcrumbList\",\"@id\":\"https:\\\/\\\/www.eldigitaldeasturias.com\\\/noticias\\\/presentada-la-xvi-travesera-cafes-oquendo-picos-de-europa\\\/#breadcrumblist\",\"itemListElement\":[{\"@type\":\"ListItem\",\"@id\":\"https:\\\/\\\/www.eldigitaldeasturias.com\\\/noticias#listItem\",\"position\":1,\"name\":\"Home\",\"item\":\"https:\\\/\\\/www.eldigitaldeasturias.com\\\/noticias\",\"nextItem\":{\"@type\":\"ListItem\",\"@id\":\"https:\\\/\\\/www.eldigitaldeasturias.com\\\/noticias\\\/category\\\/destacadas\\\/#listItem\",\"name\":\"Destacadas\"}},{\"@type\":\"ListItem\",\"@id\":\"https:\\\/\\\/www.eldigitaldeasturias.com\\\/noticias\\\/category\\\/destacadas\\\/#listItem\",\"position\":2,\"name\":\"Destacadas\",\"item\":\"https:\\\/\\\/www.eldigitaldeasturias.com\\\/noticias\\\/category\\\/destacadas\\\/\",\"nextItem\":{\"@type\":\"ListItem\",\"@id\":\"https:\\\/\\\/www.eldigitaldeasturias.com\\\/noticias\\\/presentada-la-xvi-travesera-cafes-oquendo-picos-de-europa\\\/#listItem\",\"name\":\"Presentada la \\u201cXVI Travesera Caf\\u00e9s Oquendo Picos de Europa\\u201d\"},\"previousItem\":{\"@type\":\"ListItem\",\"@id\":\"https:\\\/\\\/www.eldigitaldeasturias.com\\\/noticias#listItem\",\"name\":\"Home\"}},{\"@type\":\"ListItem\",\"@id\":\"https:\\\/\\\/www.eldigitaldeasturias.com\\\/noticias\\\/presentada-la-xvi-travesera-cafes-oquendo-picos-de-europa\\\/#listItem\",\"position\":3,\"name\":\"Presentada la \\u201cXVI Travesera Caf\\u00e9s Oquendo Picos de Europa\\u201d\",\"previousItem\":{\"@type\":\"ListItem\",\"@id\":\"https:\\\/\\\/www.eldigitaldeasturias.com\\\/noticias\\\/category\\\/destacadas\\\/#listItem\",\"name\":\"Destacadas\"}}]},{\"@type\":\"Organization\",\"@id\":\"https:\\\/\\\/www.eldigitaldeasturias.com\\\/noticias\\\/#organization\",\"name\":\"El Digital de Asturias\",\"description\":\"Hemeroteca\",\"url\":\"https:\\\/\\\/www.eldigitaldeasturias.com\\\/noticias\\\/\",\"email\":\"info@eldigitaldeasturias.com\",\"telephone\":\"+34652131393\",\"logo\":{\"@type\":\"ImageObject\",\"url\":\"https:\\\/\\\/www.eldigitaldeasturias.com\\\/noticias\\\/wp-content\\\/uploads\\\/2020\\\/12\\\/EDA.jpg\",\"@id\":\"https:\\\/\\\/www.eldigitaldeasturias.com\\\/noticias\\\/presentada-la-xvi-travesera-cafes-oquendo-picos-de-europa\\\/#organizationLogo\",\"width\":649,\"height\":297},\"image\":{\"@id\":\"https:\\\/\\\/www.eldigitaldeasturias.com\\\/noticias\\\/presentada-la-xvi-travesera-cafes-oquendo-picos-de-europa\\\/#organizationLogo\"},\"sameAs\":[\"https:\\\/\\\/facebook.com\\\/eldigitaldeasturias\",\"https:\\\/\\\/www.youtube.com\\\/channel\\\/UCZP-2wLEB9Rv6erhFmqVnvg\"],\"address\":{\"@id\":\"https:\\\/\\\/www.eldigitaldeasturias.com\\\/noticias\\\/#postaladdress\",\"@type\":\"PostalAddress\",\"streetAddress\":\"san antonio 4,\",\"postalCode\":\"33430\",\"addressLocality\":\"Cand\\u00e1s\",\"addressRegion\":\"Asturias\",\"addressCountry\":\"ES\"}},{\"@type\":\"Person\",\"@id\":\"https:\\\/\\\/www.eldigitaldeasturias.com\\\/noticias\\\/author\\\/admin\\\/#author\",\"url\":\"https:\\\/\\\/www.eldigitaldeasturias.com\\\/noticias\\\/author\\\/admin\\\/\",\"name\":\"El Digital de Asturias\",\"image\":{\"@type\":\"ImageObject\",\"@id\":\"https:\\\/\\\/www.eldigitaldeasturias.com\\\/noticias\\\/presentada-la-xvi-travesera-cafes-oquendo-picos-de-europa\\\/#authorImage\",\"url\":\"https:\\\/\\\/www.eldigitaldeasturias.com\\\/noticias\\\/wp-content\\\/litespeed\\\/avatar\\\/18677e78aa0546b92d9dbf31ec7d7668.jpg?ver=1777290358\",\"width\":96,\"height\":96,\"caption\":\"El Digital de Asturias\"}},{\"@type\":\"WebPage\",\"@id\":\"https:\\\/\\\/www.eldigitaldeasturias.com\\\/noticias\\\/presentada-la-xvi-travesera-cafes-oquendo-picos-de-europa\\\/#webpage\",\"url\":\"https:\\\/\\\/www.eldigitaldeasturias.com\\\/noticias\\\/presentada-la-xvi-travesera-cafes-oquendo-picos-de-europa\\\/\",\"name\":\"Presentada la \\u201cXVI Travesera Caf\\u00e9s Oquendo Picos de Europa\\u201d - El Digital de Asturias\",\"description\":\"El viceconsejero de Cultura y Deporte, Vicente Dom\\u00ednguez, ha participado en la presentaci\\u00f3n de la XVI Travesera Caf\\u00e9s Oquendo Picos de Europa, junto con David M\\u00e9ndez, miembro del comit\\u00e9 organizador de la Travesera, Jos\\u00e9 Carlos Rodr\\u00edguez, director comercial de Caf\\u00e9s Oquendo, y Esther Bello, vocal de la Federaci\\u00f3n de Monta\\u00f1a del Principado de Asturias. La\",\"inLanguage\":\"es-ES\",\"isPartOf\":{\"@id\":\"https:\\\/\\\/www.eldigitaldeasturias.com\\\/noticias\\\/#website\"},\"breadcrumb\":{\"@id\":\"https:\\\/\\\/www.eldigitaldeasturias.com\\\/noticias\\\/presentada-la-xvi-travesera-cafes-oquendo-picos-de-europa\\\/#breadcrumblist\"},\"author\":{\"@id\":\"https:\\\/\\\/www.eldigitaldeasturias.com\\\/noticias\\\/author\\\/admin\\\/#author\"},\"creator\":{\"@id\":\"https:\\\/\\\/www.eldigitaldeasturias.com\\\/noticias\\\/author\\\/admin\\\/#author\"},\"image\":{\"@type\":\"ImageObject\",\"url\":\"https:\\\/\\\/www.eldigitaldeasturias.com\\\/noticias\\\/wp-content\\\/uploads\\\/2019\\\/06\\\/XVI-Travesera-Cafes-Oquendo-Picos-de-Europa.jpg\",\"@id\":\"https:\\\/\\\/www.eldigitaldeasturias.com\\\/noticias\\\/presentada-la-xvi-travesera-cafes-oquendo-picos-de-europa\\\/#mainImage\",\"width\":987,\"height\":622},\"primaryImageOfPage\":{\"@id\":\"https:\\\/\\\/www.eldigitaldeasturias.com\\\/noticias\\\/presentada-la-xvi-travesera-cafes-oquendo-picos-de-europa\\\/#mainImage\"},\"datePublished\":\"2019-06-12T19:57:31+02:00\",\"dateModified\":\"2019-06-12T19:57:31+02:00\"},{\"@type\":\"WebSite\",\"@id\":\"https:\\\/\\\/www.eldigitaldeasturias.com\\\/noticias\\\/#website\",\"url\":\"https:\\\/\\\/www.eldigitaldeasturias.com\\\/noticias\\\/\",\"name\":\"El Digital de Asturias - Diario de actualidad y noticias\",\"alternateName\":\"El Digital de Asturias - Diario de actualidad y noticias\",\"description\":\"Hemeroteca\",\"inLanguage\":\"es-ES\",\"publisher\":{\"@id\":\"https:\\\/\\\/www.eldigitaldeasturias.com\\\/noticias\\\/#organization\"}}]}\n\t\t<\/script>\n\t\t<!-- All in One SEO Pro -->\r\n\t\t<title>Presentada la \u201cXVI Travesera Caf\u00e9s Oquendo Picos de Europa\u201d - El Digital de Asturias<\/title>\n\n","aioseo_head_json":{"title":"Presentada la \u201cXVI Travesera Caf\u00e9s Oquendo Picos de Europa\u201d - El Digital de Asturias","description":"El viceconsejero de Cultura y Deporte, Vicente Dom\u00ednguez, ha participado en la presentaci\u00f3n de la XVI Travesera Caf\u00e9s Oquendo Picos de Europa, junto con David M\u00e9ndez, miembro del comit\u00e9 organizador de la Travesera, Jos\u00e9 Carlos Rodr\u00edguez, director comercial de Caf\u00e9s Oquendo, y Esther Bello, vocal de la Federaci\u00f3n de Monta\u00f1a del Principado de Asturias. La","canonical_url":"https:\/\/www.eldigitaldeasturias.com\/noticias\/presentada-la-xvi-travesera-cafes-oquendo-picos-de-europa\/","robots":"max-image-preview:large","keywords":"deportes,destacadas","webmasterTools":{"google-site-verification":"UA-38556648-1","msvalidate.01":"7dfe9f3f1b24437ab69f4f2559babe99","miscellaneous":""},"schema":{"@context":"https:\/\/schema.org","@graph":[{"@type":"BlogPosting","@id":"https:\/\/www.eldigitaldeasturias.com\/noticias\/presentada-la-xvi-travesera-cafes-oquendo-picos-de-europa\/#blogposting","name":"Presentada la \u201cXVI Travesera Caf\u00e9s Oquendo Picos de Europa\u201d - El Digital de Asturias","headline":"Presentada la \u201cXVI Travesera Caf\u00e9s Oquendo Picos de Europa\u201d","author":{"@id":"https:\/\/www.eldigitaldeasturias.com\/noticias\/author\/admin\/#author"},"publisher":{"@id":"https:\/\/www.eldigitaldeasturias.com\/noticias\/#organization"},"image":{"@type":"ImageObject","url":"https:\/\/www.eldigitaldeasturias.com\/noticias\/wp-content\/uploads\/2019\/06\/XVI-Travesera-Cafes-Oquendo-Picos-de-Europa.jpg","width":987,"height":622},"datePublished":"2019-06-12T19:57:31+02:00","dateModified":"2019-06-12T19:57:31+02:00","inLanguage":"es-ES","mainEntityOfPage":{"@id":"https:\/\/www.eldigitaldeasturias.com\/noticias\/presentada-la-xvi-travesera-cafes-oquendo-picos-de-europa\/#webpage"},"isPartOf":{"@id":"https:\/\/www.eldigitaldeasturias.com\/noticias\/presentada-la-xvi-travesera-cafes-oquendo-picos-de-europa\/#webpage"},"articleSection":"Deportes, Destacadas"},{"@type":"BreadcrumbList","@id":"https:\/\/www.eldigitaldeasturias.com\/noticias\/presentada-la-xvi-travesera-cafes-oquendo-picos-de-europa\/#breadcrumblist","itemListElement":[{"@type":"ListItem","@id":"https:\/\/www.eldigitaldeasturias.com\/noticias#listItem","position":1,"name":"Home","item":"https:\/\/www.eldigitaldeasturias.com\/noticias","nextItem":{"@type":"ListItem","@id":"https:\/\/www.eldigitaldeasturias.com\/noticias\/category\/destacadas\/#listItem","name":"Destacadas"}},{"@type":"ListItem","@id":"https:\/\/www.eldigitaldeasturias.com\/noticias\/category\/destacadas\/#listItem","position":2,"name":"Destacadas","item":"https:\/\/www.eldigitaldeasturias.com\/noticias\/category\/destacadas\/","nextItem":{"@type":"ListItem","@id":"https:\/\/www.eldigitaldeasturias.com\/noticias\/presentada-la-xvi-travesera-cafes-oquendo-picos-de-europa\/#listItem","name":"Presentada la \u201cXVI Travesera Caf\u00e9s Oquendo Picos de Europa\u201d"},"previousItem":{"@type":"ListItem","@id":"https:\/\/www.eldigitaldeasturias.com\/noticias#listItem","name":"Home"}},{"@type":"ListItem","@id":"https:\/\/www.eldigitaldeasturias.com\/noticias\/presentada-la-xvi-travesera-cafes-oquendo-picos-de-europa\/#listItem","position":3,"name":"Presentada la \u201cXVI Travesera Caf\u00e9s Oquendo Picos de Europa\u201d","previousItem":{"@type":"ListItem","@id":"https:\/\/www.eldigitaldeasturias.com\/noticias\/category\/destacadas\/#listItem","name":"Destacadas"}}]},{"@type":"Organization","@id":"https:\/\/www.eldigitaldeasturias.com\/noticias\/#organization","name":"El Digital de Asturias","description":"Hemeroteca","url":"https:\/\/www.eldigitaldeasturias.com\/noticias\/","email":"info@eldigitaldeasturias.com","telephone":"+34652131393","logo":{"@type":"ImageObject","url":"https:\/\/www.eldigitaldeasturias.com\/noticias\/wp-content\/uploads\/2020\/12\/EDA.jpg","@id":"https:\/\/www.eldigitaldeasturias.com\/noticias\/presentada-la-xvi-travesera-cafes-oquendo-picos-de-europa\/#organizationLogo","width":649,"height":297},"image":{"@id":"https:\/\/www.eldigitaldeasturias.com\/noticias\/presentada-la-xvi-travesera-cafes-oquendo-picos-de-europa\/#organizationLogo"},"sameAs":["https:\/\/facebook.com\/eldigitaldeasturias","https:\/\/www.youtube.com\/channel\/UCZP-2wLEB9Rv6erhFmqVnvg"],"address":{"@id":"https:\/\/www.eldigitaldeasturias.com\/noticias\/#postaladdress","@type":"PostalAddress","streetAddress":"san antonio 4,","postalCode":"33430","addressLocality":"Cand\u00e1s","addressRegion":"Asturias","addressCountry":"ES"}},{"@type":"Person","@id":"https:\/\/www.eldigitaldeasturias.com\/noticias\/author\/admin\/#author","url":"https:\/\/www.eldigitaldeasturias.com\/noticias\/author\/admin\/","name":"El Digital de Asturias","image":{"@type":"ImageObject","@id":"https:\/\/www.eldigitaldeasturias.com\/noticias\/presentada-la-xvi-travesera-cafes-oquendo-picos-de-europa\/#authorImage","url":"https:\/\/www.eldigitaldeasturias.com\/noticias\/wp-content\/litespeed\/avatar\/18677e78aa0546b92d9dbf31ec7d7668.jpg?ver=1777290358","width":96,"height":96,"caption":"El Digital de Asturias"}},{"@type":"WebPage","@id":"https:\/\/www.eldigitaldeasturias.com\/noticias\/presentada-la-xvi-travesera-cafes-oquendo-picos-de-europa\/#webpage","url":"https:\/\/www.eldigitaldeasturias.com\/noticias\/presentada-la-xvi-travesera-cafes-oquendo-picos-de-europa\/","name":"Presentada la \u201cXVI Travesera Caf\u00e9s Oquendo Picos de Europa\u201d - El Digital de Asturias","description":"El viceconsejero de Cultura y Deporte, Vicente Dom\u00ednguez, ha participado en la presentaci\u00f3n de la XVI Travesera Caf\u00e9s Oquendo Picos de Europa, junto con David M\u00e9ndez, miembro del comit\u00e9 organizador de la Travesera, Jos\u00e9 Carlos Rodr\u00edguez, director comercial de Caf\u00e9s Oquendo, y Esther Bello, vocal de la Federaci\u00f3n de Monta\u00f1a del Principado de Asturias. La","inLanguage":"es-ES","isPartOf":{"@id":"https:\/\/www.eldigitaldeasturias.com\/noticias\/#website"},"breadcrumb":{"@id":"https:\/\/www.eldigitaldeasturias.com\/noticias\/presentada-la-xvi-travesera-cafes-oquendo-picos-de-europa\/#breadcrumblist"},"author":{"@id":"https:\/\/www.eldigitaldeasturias.com\/noticias\/author\/admin\/#author"},"creator":{"@id":"https:\/\/www.eldigitaldeasturias.com\/noticias\/author\/admin\/#author"},"image":{"@type":"ImageObject","url":"https:\/\/www.eldigitaldeasturias.com\/noticias\/wp-content\/uploads\/2019\/06\/XVI-Travesera-Cafes-Oquendo-Picos-de-Europa.jpg","@id":"https:\/\/www.eldigitaldeasturias.com\/noticias\/presentada-la-xvi-travesera-cafes-oquendo-picos-de-europa\/#mainImage","width":987,"height":622},"primaryImageOfPage":{"@id":"https:\/\/www.eldigitaldeasturias.com\/noticias\/presentada-la-xvi-travesera-cafes-oquendo-picos-de-europa\/#mainImage"},"datePublished":"2019-06-12T19:57:31+02:00","dateModified":"2019-06-12T19:57:31+02:00"},{"@type":"WebSite","@id":"https:\/\/www.eldigitaldeasturias.com\/noticias\/#website","url":"https:\/\/www.eldigitaldeasturias.com\/noticias\/","name":"El Digital de Asturias - Diario de actualidad y noticias","alternateName":"El Digital de Asturias - Diario de actualidad y noticias","description":"Hemeroteca","inLanguage":"es-ES","publisher":{"@id":"https:\/\/www.eldigitaldeasturias.com\/noticias\/#organization"}}]},"og:locale":"es_ES","og:site_name":"El Digital de Asturias","og:type":"article","og:title":"Presentada la \u201cXVI Travesera Caf\u00e9s Oquendo Picos de Europa\u201d - El Digital de Asturias","og:description":"El viceconsejero de Cultura y Deporte, Vicente Dom\u00ednguez, ha participado en la presentaci\u00f3n de la XVI Travesera Caf\u00e9s Oquendo Picos de Europa, junto con David M\u00e9ndez, miembro del comit\u00e9 organizador de la Travesera, Jos\u00e9 Carlos Rodr\u00edguez, director comercial de Caf\u00e9s Oquendo, y Esther Bello, vocal de la Federaci\u00f3n de Monta\u00f1a del Principado de Asturias. La","og:url":"https:\/\/www.eldigitaldeasturias.com\/noticias\/presentada-la-xvi-travesera-cafes-oquendo-picos-de-europa\/","og:image":"https:\/\/www.eldigitaldeasturias.com\/noticias\/wp-content\/uploads\/2019\/06\/XVI-Travesera-Cafes-Oquendo-Picos-de-Europa.jpg","og:image:secure_url":"https:\/\/www.eldigitaldeasturias.com\/noticias\/wp-content\/uploads\/2019\/06\/XVI-Travesera-Cafes-Oquendo-Picos-de-Europa.jpg","og:image:width":987,"og:image:height":622,"article:tag":["deportes","destacadas"],"article:published_time":"2019-06-12T19:57:31+00:00","article:modified_time":"2019-06-12T19:57:31+00:00","article:publisher":"https:\/\/facebook.com\/eldigitaldeasturias","twitter:card":"summary_large_image","twitter:title":"Presentada la \u201cXVI Travesera Caf\u00e9s Oquendo Picos de Europa\u201d - El Digital de Asturias","twitter:description":"El viceconsejero de Cultura y Deporte, Vicente Dom\u00ednguez, ha participado en la presentaci\u00f3n de la XVI Travesera Caf\u00e9s Oquendo Picos de Europa, junto con David M\u00e9ndez, miembro del comit\u00e9 organizador de la Travesera, Jos\u00e9 Carlos Rodr\u00edguez, director comercial de Caf\u00e9s Oquendo, y Esther Bello, vocal de la Federaci\u00f3n de Monta\u00f1a del Principado de Asturias. La","twitter:image":"https:\/\/www.eldigitaldeasturias.com\/noticias\/wp-content\/uploads\/2019\/06\/XVI-Travesera-Cafes-Oquendo-Picos-de-Europa.jpg","twitter:label1":"Escrito por","twitter:data1":"El Digital de Asturias","twitter:label2":"Tiempo de lectura estimado","twitter:data2":"1 minuto"},"aioseo_meta_data":{"post_id":"1030593","title":null,"description":null,"keywords":null,"keyphrases":null,"primary_term":null,"canonical_url":null,"og_title":null,"og_description":null,"og_object_type":"default","og_image_type":"default","og_image_url":null,"og_image_width":null,"og_image_height":null,"og_image_custom_url":null,"og_image_custom_fields":null,"og_video":null,"og_custom_url":null,"og_article_section":null,"og_article_tags":null,"twitter_use_og":false,"twitter_card":"default","twitter_image_type":"default","twitter_image_url":null,"twitter_image_custom_url":null,"twitter_image_custom_fields":null,"twitter_title":null,"twitter_description":null,"schema":{"blockGraphs":[],"customGraphs":[],"default":{"data":{"Article":[],"Course":[],"Dataset":[],"FAQPage":[],"Movie":[],"Person":[],"Product":[],"ProductReview":[],"Car":[],"Recipe":[],"Service":[],"SoftwareApplication":[],"WebPage":[]},"graphName":"","isEnabled":true},"graphs":[],"defaultGraph":"","defaultPostTypeGraph":""},"schema_type":null,"schema_type_options":null,"pillar_content":false,"robots_default":true,"robots_noindex":false,"robots_noarchive":false,"robots_nosnippet":false,"robots_nofollow":false,"robots_noimageindex":false,"robots_noodp":false,"robots_notranslate":false,"robots_max_snippet":null,"robots_max_videopreview":null,"robots_max_imagepreview":"large","priority":null,"frequency":null,"local_seo":null,"seo_analyzer_scan_date":"2025-10-18 16:11:10","breadcrumb_settings":null,"limit_modified_date":false,"open_ai":null,"ai":null,"created":"2020-12-21 11:10:37","updated":"2025-10-18 16:11:10"},"aioseo_breadcrumb":"<div class=\"aioseo-breadcrumbs\"><span class=\"aioseo-breadcrumb\">\n\t<a href=\"https:\/\/www.eldigitaldeasturias.com\/noticias\" title=\"Home\">Home<\/a>\n<\/span><span class=\"aioseo-breadcrumb-separator\">\u2013<\/span><span class=\"aioseo-breadcrumb\">\n\t<a href=\"https:\/\/www.eldigitaldeasturias.com\/noticias\/category\/destacadas\/\" title=\"Destacadas\">Destacadas<\/a>\n<\/span><span class=\"aioseo-breadcrumb-separator\">\u2013<\/span><span class=\"aioseo-breadcrumb\">\n\t<a href=\"https:\/\/www.eldigitaldeasturias.com\/noticias\/presentada-la-xvi-travesera-cafes-oquendo-picos-de-europa\/\" title=\"Presentada la \u201cXVI Travesera Caf\u00e9s Oquendo Picos de Europa\u201d\">Presentada la \u201cXVI Travesera Caf\u00e9s Oquendo Picos de Europa\u201d<\/a>\n<\/span><\/div>","aioseo_breadcrumb_json":[{"label":"Home","link":"https:\/\/www.eldigitaldeasturias.com\/noticias"},{"label":"Destacadas","link":"https:\/\/www.eldigitaldeasturias.com\/noticias\/category\/destacadas\/"},{"label":"Presentada la \u201cXVI Travesera Caf\u00e9s Oquendo Picos de Europa\u201d","link":"https:\/\/www.eldigitaldeasturias.com\/noticias\/presentada-la-xvi-travesera-cafes-oquendo-picos-de-europa\/"}],"_links":{"self":[{"href":"https:\/\/www.eldigitaldeasturias.com\/noticias\/wp-json\/wp\/v2\/posts\/1030593","targetHints":{"allow":["GET"]}}],"collection":[{"href":"https:\/\/www.eldigitaldeasturias.com\/noticias\/wp-json\/wp\/v2\/posts"}],"about":[{"href":"https:\/\/www.eldigitaldeasturias.com\/noticias\/wp-json\/wp\/v2\/types\/post"}],"author":[{"embeddable":true,"href":"https:\/\/www.eldigitaldeasturias.com\/noticias\/wp-json\/wp\/v2\/users\/1"}],"replies":[{"embeddable":true,"href":"https:\/\/www.eldigitaldeasturias.com\/noticias\/wp-json\/wp\/v2\/comments?post=1030593"}],"version-history":[{"count":0,"href":"https:\/\/www.eldigitaldeasturias.com\/noticias\/wp-json\/wp\/v2\/posts\/1030593\/revisions"}],"wp:featuredmedia":[{"embeddable":true,"href":"https:\/\/www.eldigitaldeasturias.com\/noticias\/wp-json\/wp\/v2\/media\/1030594"}],"wp:attachment":[{"href":"https:\/\/www.eldigitaldeasturias.com\/noticias\/wp-json\/wp\/v2\/media?parent=1030593"}],"wp:term":[{"taxonomy":"category","embeddable":true,"href":"https:\/\/www.eldigitaldeasturias.com\/noticias\/wp-json\/wp\/v2\/categories?post=1030593"},{"taxonomy":"post_tag","embeddable":true,"href":"https:\/\/www.eldigitaldeasturias.com\/noticias\/wp-json\/wp\/v2\/tags?post=1030593"}],"curies":[{"name":"wp","href":"https:\/\/api.w.org\/{rel}","templated":true}]}}