{"id":1030587,"date":"2019-06-12T19:27:08","date_gmt":"2019-06-12T19:27:08","guid":{"rendered":"https:\/\/www.eldigitaldeasturias.com\/noticias\/?p=1030587"},"modified":"2019-06-12T19:27:08","modified_gmt":"2019-06-12T19:27:08","slug":"las-ventas-de-mercedes-benz-de-daimler-vuelven-a-caer-en-mayo","status":"publish","type":"post","link":"https:\/\/www.eldigitaldeasturias.com\/noticias\/las-ventas-de-mercedes-benz-de-daimler-vuelven-a-caer-en-mayo\/","title":{"rendered":"Las ventas de Mercedes-Benz de Daimler vuelven a caer en mayo"},"content":{"rendered":"<p><img loading=\"lazy\" decoding=\"async\" class=\"alignleft size-medium wp-image-1008086\" src=\"https:\/\/www.eldigitaldeasturias.com\/noticias\/wp-content\/uploads\/2018\/11\/traffic-332857_960_720-360x240.jpg\" alt=\"\" width=\"360\" height=\"240\" srcset=\"https:\/\/www.eldigitaldeasturias.com\/noticias\/wp-content\/uploads\/2018\/11\/traffic-332857_960_720-360x240.jpg 360w, https:\/\/www.eldigitaldeasturias.com\/noticias\/wp-content\/uploads\/2018\/11\/traffic-332857_960_720-768x512.jpg 768w, https:\/\/www.eldigitaldeasturias.com\/noticias\/wp-content\/uploads\/2018\/11\/traffic-332857_960_720-650x433.jpg 650w, https:\/\/www.eldigitaldeasturias.com\/noticias\/wp-content\/uploads\/2018\/11\/traffic-332857_960_720.jpg 960w\" sizes=\"auto, (max-width: 360px) 100vw, 360px\" \/>Stuttgart (Alemania), 12 jun (dpa) &#8211; La marca Mercedes-Benz del fabricante alem\u00e1n de autom\u00f3viles Daimler vendi\u00f3 en mayo 195.690 unidades en todo el mundo, un 1,3 por ciento menos que en el mismo mes del a\u00f1o anterior, anunci\u00f3 hoy la compa\u00f1\u00eda que cotiza en el \u00edndice burs\u00e1til germano Dax.<\/p>\n<p>Particularmente destacado es el ligero descenso registrado en el importante mercado de China, que no pudo ser compensado por el plus obtenido en Alemania y Europa.<\/p>\n<p>En lo que va de a\u00f1o, Mercedes vendi\u00f3 938.499 autom\u00f3viles despu\u00e9s de cinco meses, lo que representa un 4,7 por ciento menos que el a\u00f1o pasado.<\/p>\n<p>Su rival por excelencia, la marca alemana BMW, que quiere volver a superar a Mercedes el pr\u00f3ximo a\u00f1o en la venta de autos premium, a\u00fan tiene que presentar sus cifras de mayo.<\/p>\n<p>Audi, la filial de Volkswagen, vendi\u00f3 de enero a mayo 739.450 autom\u00f3viles, un 5,8 por ciento menos.<\/p>\n<p>En Daimler, de acuerdo con la compa\u00f1\u00eda, las cifras de ventas de Daimler se ven perjudicadas por los cambios de modelo de los SUV de la ciudad.<\/p>\n<p>\u00abEstamos muy seguros de que en la segunda mitad del a\u00f1o, los impulsos de venta clave de nuestra ofensiva del modelo se har\u00e1n patentes particularmente en los SUV\u00bb, dijo Britta Seeger, jefa de ventas de autom\u00f3viles de Daimler. Los cambios de modelo en la clase de veh\u00edculos compactos ya dieron sus frutos.<\/p>\n<p>&nbsp;<\/p>\n","protected":false},"excerpt":{"rendered":"<p>Stuttgart (Alemania), 12 jun (dpa) &#8211; La marca Mercedes-Benz del fabricante alem\u00e1n de autom\u00f3viles Daimler vendi\u00f3 en mayo 195.690 unidades en todo el mundo, un 1,3 por ciento menos que en el mismo mes del a\u00f1o anterior, anunci\u00f3 hoy la compa\u00f1\u00eda que cotiza en el \u00edndice burs\u00e1til germano Dax. Particularmente destacado es el ligero descenso [&hellip;]<\/p>\n","protected":false},"author":1,"featured_media":1008086,"comment_status":"closed","ping_status":"closed","sticky":false,"template":"","format":"standard","meta":{"footnotes":""},"categories":[219],"tags":[],"class_list":["post-1030587","post","type-post","status-publish","format-standard","has-post-thumbnail","hentry","category-negocios-y-empresas"],"aioseo_notices":[],"aioseo_head":"\n\t\t<!-- All in One SEO Pro 4.9.6.2 - aioseo.com -->\n\t<meta name=\"description\" content=\"Stuttgart (Alemania), 12 jun (dpa) - La marca Mercedes-Benz del fabricante alem\u00e1n de autom\u00f3viles Daimler vendi\u00f3 en mayo 195.690 unidades en todo el mundo, un 1,3 por ciento menos que en el mismo mes del a\u00f1o anterior, anunci\u00f3 hoy la compa\u00f1\u00eda que cotiza en el \u00edndice burs\u00e1til germano Dax. Particularmente destacado es el ligero descenso\" \/>\n\t<meta name=\"robots\" content=\"max-image-preview:large\" \/>\n\t<meta name=\"author\" content=\"El Digital de Asturias\"\/>\n\t<meta name=\"google-site-verification\" content=\"UA-38556648-1\" \/>\n\t<meta name=\"msvalidate.01\" content=\"7dfe9f3f1b24437ab69f4f2559babe99\" \/>\n\t<meta name=\"keywords\" content=\"negocios y empresas\" \/>\n\t<link rel=\"canonical\" href=\"https:\/\/www.eldigitaldeasturias.com\/noticias\/las-ventas-de-mercedes-benz-de-daimler-vuelven-a-caer-en-mayo\/\" \/>\n\t<meta name=\"generator\" content=\"All in One SEO Pro (AIOSEO) 4.9.6.2\" \/>\n\t\t<meta property=\"og:locale\" content=\"es_ES\" \/>\n\t\t<meta property=\"og:site_name\" content=\"El Digital de Asturias\" \/>\n\t\t<meta property=\"og:type\" content=\"article\" \/>\n\t\t<meta property=\"og:title\" content=\"Las ventas de Mercedes-Benz de Daimler vuelven a caer en mayo - El Digital de Asturias\" \/>\n\t\t<meta property=\"og:description\" content=\"Stuttgart (Alemania), 12 jun (dpa) - La marca Mercedes-Benz del fabricante alem\u00e1n de autom\u00f3viles Daimler vendi\u00f3 en mayo 195.690 unidades en todo el mundo, un 1,3 por ciento menos que en el mismo mes del a\u00f1o anterior, anunci\u00f3 hoy la compa\u00f1\u00eda que cotiza en el \u00edndice burs\u00e1til germano Dax. Particularmente destacado es el ligero descenso\" \/>\n\t\t<meta property=\"og:url\" content=\"https:\/\/www.eldigitaldeasturias.com\/noticias\/las-ventas-de-mercedes-benz-de-daimler-vuelven-a-caer-en-mayo\/\" \/>\n\t\t<meta property=\"og:image\" content=\"https:\/\/www.eldigitaldeasturias.com\/noticias\/wp-content\/uploads\/2018\/11\/traffic-332857_960_720.jpg\" \/>\n\t\t<meta property=\"og:image:secure_url\" content=\"https:\/\/www.eldigitaldeasturias.com\/noticias\/wp-content\/uploads\/2018\/11\/traffic-332857_960_720.jpg\" \/>\n\t\t<meta property=\"og:image:width\" content=\"960\" \/>\n\t\t<meta property=\"og:image:height\" content=\"640\" \/>\n\t\t<meta property=\"article:tag\" content=\"negocios y empresas\" \/>\n\t\t<meta property=\"article:published_time\" content=\"2019-06-12T19:27:08+00:00\" \/>\n\t\t<meta property=\"article:modified_time\" content=\"2019-06-12T19:27:08+00:00\" \/>\n\t\t<meta property=\"article:publisher\" content=\"https:\/\/facebook.com\/eldigitaldeasturias\" \/>\n\t\t<meta name=\"twitter:card\" content=\"summary_large_image\" \/>\n\t\t<meta name=\"twitter:title\" content=\"Las ventas de Mercedes-Benz de Daimler vuelven a caer en mayo - El Digital de Asturias\" \/>\n\t\t<meta name=\"twitter:description\" content=\"Stuttgart (Alemania), 12 jun (dpa) - La marca Mercedes-Benz del fabricante alem\u00e1n de autom\u00f3viles Daimler vendi\u00f3 en mayo 195.690 unidades en todo el mundo, un 1,3 por ciento menos que en el mismo mes del a\u00f1o anterior, anunci\u00f3 hoy la compa\u00f1\u00eda que cotiza en el \u00edndice burs\u00e1til germano Dax. Particularmente destacado es el ligero descenso\" \/>\n\t\t<meta name=\"twitter:image\" content=\"https:\/\/www.eldigitaldeasturias.com\/noticias\/wp-content\/uploads\/2018\/11\/traffic-332857_960_720.jpg\" \/>\n\t\t<meta name=\"twitter:label1\" content=\"Escrito por\" \/>\n\t\t<meta name=\"twitter:data1\" content=\"El Digital de Asturias\" \/>\n\t\t<meta name=\"twitter:label2\" content=\"Tiempo de lectura estimado\" \/>\n\t\t<meta name=\"twitter:data2\" content=\"1 minuto\" \/>\n\t\t<script type=\"application\/ld+json\" class=\"aioseo-schema\">\n\t\t\t{\"@context\":\"https:\\\/\\\/schema.org\",\"@graph\":[{\"@type\":\"BlogPosting\",\"@id\":\"https:\\\/\\\/www.eldigitaldeasturias.com\\\/noticias\\\/las-ventas-de-mercedes-benz-de-daimler-vuelven-a-caer-en-mayo\\\/#blogposting\",\"name\":\"Las ventas de Mercedes-Benz de Daimler vuelven a caer en mayo - El Digital de Asturias\",\"headline\":\"Las ventas de Mercedes-Benz de Daimler vuelven a caer en mayo\",\"author\":{\"@id\":\"https:\\\/\\\/www.eldigitaldeasturias.com\\\/noticias\\\/author\\\/admin\\\/#author\"},\"publisher\":{\"@id\":\"https:\\\/\\\/www.eldigitaldeasturias.com\\\/noticias\\\/#organization\"},\"image\":{\"@type\":\"ImageObject\",\"url\":\"https:\\\/\\\/www.eldigitaldeasturias.com\\\/noticias\\\/wp-content\\\/uploads\\\/2018\\\/11\\\/traffic-332857_960_720.jpg\",\"width\":960,\"height\":640,\"caption\":\"traffic\"},\"datePublished\":\"2019-06-12T19:27:08+02:00\",\"dateModified\":\"2019-06-12T19:27:08+02:00\",\"inLanguage\":\"es-ES\",\"mainEntityOfPage\":{\"@id\":\"https:\\\/\\\/www.eldigitaldeasturias.com\\\/noticias\\\/las-ventas-de-mercedes-benz-de-daimler-vuelven-a-caer-en-mayo\\\/#webpage\"},\"isPartOf\":{\"@id\":\"https:\\\/\\\/www.eldigitaldeasturias.com\\\/noticias\\\/las-ventas-de-mercedes-benz-de-daimler-vuelven-a-caer-en-mayo\\\/#webpage\"},\"articleSection\":\"Negocios y Empresas\"},{\"@type\":\"BreadcrumbList\",\"@id\":\"https:\\\/\\\/www.eldigitaldeasturias.com\\\/noticias\\\/las-ventas-de-mercedes-benz-de-daimler-vuelven-a-caer-en-mayo\\\/#breadcrumblist\",\"itemListElement\":[{\"@type\":\"ListItem\",\"@id\":\"https:\\\/\\\/www.eldigitaldeasturias.com\\\/noticias#listItem\",\"position\":1,\"name\":\"Home\",\"item\":\"https:\\\/\\\/www.eldigitaldeasturias.com\\\/noticias\",\"nextItem\":{\"@type\":\"ListItem\",\"@id\":\"https:\\\/\\\/www.eldigitaldeasturias.com\\\/noticias\\\/category\\\/negocios-y-empresas\\\/#listItem\",\"name\":\"Negocios y Empresas\"}},{\"@type\":\"ListItem\",\"@id\":\"https:\\\/\\\/www.eldigitaldeasturias.com\\\/noticias\\\/category\\\/negocios-y-empresas\\\/#listItem\",\"position\":2,\"name\":\"Negocios y Empresas\",\"item\":\"https:\\\/\\\/www.eldigitaldeasturias.com\\\/noticias\\\/category\\\/negocios-y-empresas\\\/\",\"nextItem\":{\"@type\":\"ListItem\",\"@id\":\"https:\\\/\\\/www.eldigitaldeasturias.com\\\/noticias\\\/las-ventas-de-mercedes-benz-de-daimler-vuelven-a-caer-en-mayo\\\/#listItem\",\"name\":\"Las ventas de Mercedes-Benz de Daimler vuelven a caer en mayo\"},\"previousItem\":{\"@type\":\"ListItem\",\"@id\":\"https:\\\/\\\/www.eldigitaldeasturias.com\\\/noticias#listItem\",\"name\":\"Home\"}},{\"@type\":\"ListItem\",\"@id\":\"https:\\\/\\\/www.eldigitaldeasturias.com\\\/noticias\\\/las-ventas-de-mercedes-benz-de-daimler-vuelven-a-caer-en-mayo\\\/#listItem\",\"position\":3,\"name\":\"Las ventas de Mercedes-Benz de Daimler vuelven a caer en mayo\",\"previousItem\":{\"@type\":\"ListItem\",\"@id\":\"https:\\\/\\\/www.eldigitaldeasturias.com\\\/noticias\\\/category\\\/negocios-y-empresas\\\/#listItem\",\"name\":\"Negocios y Empresas\"}}]},{\"@type\":\"Organization\",\"@id\":\"https:\\\/\\\/www.eldigitaldeasturias.com\\\/noticias\\\/#organization\",\"name\":\"El Digital de Asturias\",\"description\":\"Hemeroteca\",\"url\":\"https:\\\/\\\/www.eldigitaldeasturias.com\\\/noticias\\\/\",\"email\":\"info@eldigitaldeasturias.com\",\"telephone\":\"+34652131393\",\"logo\":{\"@type\":\"ImageObject\",\"url\":\"https:\\\/\\\/www.eldigitaldeasturias.com\\\/noticias\\\/wp-content\\\/uploads\\\/2020\\\/12\\\/EDA.jpg\",\"@id\":\"https:\\\/\\\/www.eldigitaldeasturias.com\\\/noticias\\\/las-ventas-de-mercedes-benz-de-daimler-vuelven-a-caer-en-mayo\\\/#organizationLogo\",\"width\":649,\"height\":297},\"image\":{\"@id\":\"https:\\\/\\\/www.eldigitaldeasturias.com\\\/noticias\\\/las-ventas-de-mercedes-benz-de-daimler-vuelven-a-caer-en-mayo\\\/#organizationLogo\"},\"sameAs\":[\"https:\\\/\\\/facebook.com\\\/eldigitaldeasturias\",\"https:\\\/\\\/www.youtube.com\\\/channel\\\/UCZP-2wLEB9Rv6erhFmqVnvg\"],\"address\":{\"@id\":\"https:\\\/\\\/www.eldigitaldeasturias.com\\\/noticias\\\/#postaladdress\",\"@type\":\"PostalAddress\",\"streetAddress\":\"san antonio 4,\",\"postalCode\":\"33430\",\"addressLocality\":\"Cand\\u00e1s\",\"addressRegion\":\"Asturias\",\"addressCountry\":\"ES\"}},{\"@type\":\"Person\",\"@id\":\"https:\\\/\\\/www.eldigitaldeasturias.com\\\/noticias\\\/author\\\/admin\\\/#author\",\"url\":\"https:\\\/\\\/www.eldigitaldeasturias.com\\\/noticias\\\/author\\\/admin\\\/\",\"name\":\"El Digital de Asturias\",\"image\":{\"@type\":\"ImageObject\",\"@id\":\"https:\\\/\\\/www.eldigitaldeasturias.com\\\/noticias\\\/las-ventas-de-mercedes-benz-de-daimler-vuelven-a-caer-en-mayo\\\/#authorImage\",\"url\":\"https:\\\/\\\/www.eldigitaldeasturias.com\\\/noticias\\\/wp-content\\\/litespeed\\\/avatar\\\/18677e78aa0546b92d9dbf31ec7d7668.jpg?ver=1777290358\",\"width\":96,\"height\":96,\"caption\":\"El Digital de Asturias\"}},{\"@type\":\"WebPage\",\"@id\":\"https:\\\/\\\/www.eldigitaldeasturias.com\\\/noticias\\\/las-ventas-de-mercedes-benz-de-daimler-vuelven-a-caer-en-mayo\\\/#webpage\",\"url\":\"https:\\\/\\\/www.eldigitaldeasturias.com\\\/noticias\\\/las-ventas-de-mercedes-benz-de-daimler-vuelven-a-caer-en-mayo\\\/\",\"name\":\"Las ventas de Mercedes-Benz de Daimler vuelven a caer en mayo - El Digital de Asturias\",\"description\":\"Stuttgart (Alemania), 12 jun (dpa) - La marca Mercedes-Benz del fabricante alem\\u00e1n de autom\\u00f3viles Daimler vendi\\u00f3 en mayo 195.690 unidades en todo el mundo, un 1,3 por ciento menos que en el mismo mes del a\\u00f1o anterior, anunci\\u00f3 hoy la compa\\u00f1\\u00eda que cotiza en el \\u00edndice burs\\u00e1til germano Dax. Particularmente destacado es el ligero descenso\",\"inLanguage\":\"es-ES\",\"isPartOf\":{\"@id\":\"https:\\\/\\\/www.eldigitaldeasturias.com\\\/noticias\\\/#website\"},\"breadcrumb\":{\"@id\":\"https:\\\/\\\/www.eldigitaldeasturias.com\\\/noticias\\\/las-ventas-de-mercedes-benz-de-daimler-vuelven-a-caer-en-mayo\\\/#breadcrumblist\"},\"author\":{\"@id\":\"https:\\\/\\\/www.eldigitaldeasturias.com\\\/noticias\\\/author\\\/admin\\\/#author\"},\"creator\":{\"@id\":\"https:\\\/\\\/www.eldigitaldeasturias.com\\\/noticias\\\/author\\\/admin\\\/#author\"},\"image\":{\"@type\":\"ImageObject\",\"url\":\"https:\\\/\\\/www.eldigitaldeasturias.com\\\/noticias\\\/wp-content\\\/uploads\\\/2018\\\/11\\\/traffic-332857_960_720.jpg\",\"@id\":\"https:\\\/\\\/www.eldigitaldeasturias.com\\\/noticias\\\/las-ventas-de-mercedes-benz-de-daimler-vuelven-a-caer-en-mayo\\\/#mainImage\",\"width\":960,\"height\":640,\"caption\":\"traffic\"},\"primaryImageOfPage\":{\"@id\":\"https:\\\/\\\/www.eldigitaldeasturias.com\\\/noticias\\\/las-ventas-de-mercedes-benz-de-daimler-vuelven-a-caer-en-mayo\\\/#mainImage\"},\"datePublished\":\"2019-06-12T19:27:08+02:00\",\"dateModified\":\"2019-06-12T19:27:08+02:00\"},{\"@type\":\"WebSite\",\"@id\":\"https:\\\/\\\/www.eldigitaldeasturias.com\\\/noticias\\\/#website\",\"url\":\"https:\\\/\\\/www.eldigitaldeasturias.com\\\/noticias\\\/\",\"name\":\"El Digital de Asturias - Diario de actualidad y noticias\",\"alternateName\":\"El Digital de Asturias - Diario de actualidad y noticias\",\"description\":\"Hemeroteca\",\"inLanguage\":\"es-ES\",\"publisher\":{\"@id\":\"https:\\\/\\\/www.eldigitaldeasturias.com\\\/noticias\\\/#organization\"}}]}\n\t\t<\/script>\n\t\t<!-- All in One SEO Pro -->\r\n\t\t<title>Las ventas de Mercedes-Benz de Daimler vuelven a caer en mayo - El Digital de Asturias<\/title>\n\n","aioseo_head_json":{"title":"Las ventas de Mercedes-Benz de Daimler vuelven a caer en mayo - El Digital de Asturias","description":"Stuttgart (Alemania), 12 jun (dpa) - La marca Mercedes-Benz del fabricante alem\u00e1n de autom\u00f3viles Daimler vendi\u00f3 en mayo 195.690 unidades en todo el mundo, un 1,3 por ciento menos que en el mismo mes del a\u00f1o anterior, anunci\u00f3 hoy la compa\u00f1\u00eda que cotiza en el \u00edndice burs\u00e1til germano Dax. Particularmente destacado es el ligero descenso","canonical_url":"https:\/\/www.eldigitaldeasturias.com\/noticias\/las-ventas-de-mercedes-benz-de-daimler-vuelven-a-caer-en-mayo\/","robots":"max-image-preview:large","keywords":"negocios y empresas","webmasterTools":{"google-site-verification":"UA-38556648-1","msvalidate.01":"7dfe9f3f1b24437ab69f4f2559babe99","miscellaneous":""},"schema":{"@context":"https:\/\/schema.org","@graph":[{"@type":"BlogPosting","@id":"https:\/\/www.eldigitaldeasturias.com\/noticias\/las-ventas-de-mercedes-benz-de-daimler-vuelven-a-caer-en-mayo\/#blogposting","name":"Las ventas de Mercedes-Benz de Daimler vuelven a caer en mayo - El Digital de Asturias","headline":"Las ventas de Mercedes-Benz de Daimler vuelven a caer en mayo","author":{"@id":"https:\/\/www.eldigitaldeasturias.com\/noticias\/author\/admin\/#author"},"publisher":{"@id":"https:\/\/www.eldigitaldeasturias.com\/noticias\/#organization"},"image":{"@type":"ImageObject","url":"https:\/\/www.eldigitaldeasturias.com\/noticias\/wp-content\/uploads\/2018\/11\/traffic-332857_960_720.jpg","width":960,"height":640,"caption":"traffic"},"datePublished":"2019-06-12T19:27:08+02:00","dateModified":"2019-06-12T19:27:08+02:00","inLanguage":"es-ES","mainEntityOfPage":{"@id":"https:\/\/www.eldigitaldeasturias.com\/noticias\/las-ventas-de-mercedes-benz-de-daimler-vuelven-a-caer-en-mayo\/#webpage"},"isPartOf":{"@id":"https:\/\/www.eldigitaldeasturias.com\/noticias\/las-ventas-de-mercedes-benz-de-daimler-vuelven-a-caer-en-mayo\/#webpage"},"articleSection":"Negocios y Empresas"},{"@type":"BreadcrumbList","@id":"https:\/\/www.eldigitaldeasturias.com\/noticias\/las-ventas-de-mercedes-benz-de-daimler-vuelven-a-caer-en-mayo\/#breadcrumblist","itemListElement":[{"@type":"ListItem","@id":"https:\/\/www.eldigitaldeasturias.com\/noticias#listItem","position":1,"name":"Home","item":"https:\/\/www.eldigitaldeasturias.com\/noticias","nextItem":{"@type":"ListItem","@id":"https:\/\/www.eldigitaldeasturias.com\/noticias\/category\/negocios-y-empresas\/#listItem","name":"Negocios y Empresas"}},{"@type":"ListItem","@id":"https:\/\/www.eldigitaldeasturias.com\/noticias\/category\/negocios-y-empresas\/#listItem","position":2,"name":"Negocios y Empresas","item":"https:\/\/www.eldigitaldeasturias.com\/noticias\/category\/negocios-y-empresas\/","nextItem":{"@type":"ListItem","@id":"https:\/\/www.eldigitaldeasturias.com\/noticias\/las-ventas-de-mercedes-benz-de-daimler-vuelven-a-caer-en-mayo\/#listItem","name":"Las ventas de Mercedes-Benz de Daimler vuelven a caer en mayo"},"previousItem":{"@type":"ListItem","@id":"https:\/\/www.eldigitaldeasturias.com\/noticias#listItem","name":"Home"}},{"@type":"ListItem","@id":"https:\/\/www.eldigitaldeasturias.com\/noticias\/las-ventas-de-mercedes-benz-de-daimler-vuelven-a-caer-en-mayo\/#listItem","position":3,"name":"Las ventas de Mercedes-Benz de Daimler vuelven a caer en mayo","previousItem":{"@type":"ListItem","@id":"https:\/\/www.eldigitaldeasturias.com\/noticias\/category\/negocios-y-empresas\/#listItem","name":"Negocios y Empresas"}}]},{"@type":"Organization","@id":"https:\/\/www.eldigitaldeasturias.com\/noticias\/#organization","name":"El Digital de Asturias","description":"Hemeroteca","url":"https:\/\/www.eldigitaldeasturias.com\/noticias\/","email":"info@eldigitaldeasturias.com","telephone":"+34652131393","logo":{"@type":"ImageObject","url":"https:\/\/www.eldigitaldeasturias.com\/noticias\/wp-content\/uploads\/2020\/12\/EDA.jpg","@id":"https:\/\/www.eldigitaldeasturias.com\/noticias\/las-ventas-de-mercedes-benz-de-daimler-vuelven-a-caer-en-mayo\/#organizationLogo","width":649,"height":297},"image":{"@id":"https:\/\/www.eldigitaldeasturias.com\/noticias\/las-ventas-de-mercedes-benz-de-daimler-vuelven-a-caer-en-mayo\/#organizationLogo"},"sameAs":["https:\/\/facebook.com\/eldigitaldeasturias","https:\/\/www.youtube.com\/channel\/UCZP-2wLEB9Rv6erhFmqVnvg"],"address":{"@id":"https:\/\/www.eldigitaldeasturias.com\/noticias\/#postaladdress","@type":"PostalAddress","streetAddress":"san antonio 4,","postalCode":"33430","addressLocality":"Cand\u00e1s","addressRegion":"Asturias","addressCountry":"ES"}},{"@type":"Person","@id":"https:\/\/www.eldigitaldeasturias.com\/noticias\/author\/admin\/#author","url":"https:\/\/www.eldigitaldeasturias.com\/noticias\/author\/admin\/","name":"El Digital de Asturias","image":{"@type":"ImageObject","@id":"https:\/\/www.eldigitaldeasturias.com\/noticias\/las-ventas-de-mercedes-benz-de-daimler-vuelven-a-caer-en-mayo\/#authorImage","url":"https:\/\/www.eldigitaldeasturias.com\/noticias\/wp-content\/litespeed\/avatar\/18677e78aa0546b92d9dbf31ec7d7668.jpg?ver=1777290358","width":96,"height":96,"caption":"El Digital de Asturias"}},{"@type":"WebPage","@id":"https:\/\/www.eldigitaldeasturias.com\/noticias\/las-ventas-de-mercedes-benz-de-daimler-vuelven-a-caer-en-mayo\/#webpage","url":"https:\/\/www.eldigitaldeasturias.com\/noticias\/las-ventas-de-mercedes-benz-de-daimler-vuelven-a-caer-en-mayo\/","name":"Las ventas de Mercedes-Benz de Daimler vuelven a caer en mayo - El Digital de Asturias","description":"Stuttgart (Alemania), 12 jun (dpa) - La marca Mercedes-Benz del fabricante alem\u00e1n de autom\u00f3viles Daimler vendi\u00f3 en mayo 195.690 unidades en todo el mundo, un 1,3 por ciento menos que en el mismo mes del a\u00f1o anterior, anunci\u00f3 hoy la compa\u00f1\u00eda que cotiza en el \u00edndice burs\u00e1til germano Dax. Particularmente destacado es el ligero descenso","inLanguage":"es-ES","isPartOf":{"@id":"https:\/\/www.eldigitaldeasturias.com\/noticias\/#website"},"breadcrumb":{"@id":"https:\/\/www.eldigitaldeasturias.com\/noticias\/las-ventas-de-mercedes-benz-de-daimler-vuelven-a-caer-en-mayo\/#breadcrumblist"},"author":{"@id":"https:\/\/www.eldigitaldeasturias.com\/noticias\/author\/admin\/#author"},"creator":{"@id":"https:\/\/www.eldigitaldeasturias.com\/noticias\/author\/admin\/#author"},"image":{"@type":"ImageObject","url":"https:\/\/www.eldigitaldeasturias.com\/noticias\/wp-content\/uploads\/2018\/11\/traffic-332857_960_720.jpg","@id":"https:\/\/www.eldigitaldeasturias.com\/noticias\/las-ventas-de-mercedes-benz-de-daimler-vuelven-a-caer-en-mayo\/#mainImage","width":960,"height":640,"caption":"traffic"},"primaryImageOfPage":{"@id":"https:\/\/www.eldigitaldeasturias.com\/noticias\/las-ventas-de-mercedes-benz-de-daimler-vuelven-a-caer-en-mayo\/#mainImage"},"datePublished":"2019-06-12T19:27:08+02:00","dateModified":"2019-06-12T19:27:08+02:00"},{"@type":"WebSite","@id":"https:\/\/www.eldigitaldeasturias.com\/noticias\/#website","url":"https:\/\/www.eldigitaldeasturias.com\/noticias\/","name":"El Digital de Asturias - Diario de actualidad y noticias","alternateName":"El Digital de Asturias - Diario de actualidad y noticias","description":"Hemeroteca","inLanguage":"es-ES","publisher":{"@id":"https:\/\/www.eldigitaldeasturias.com\/noticias\/#organization"}}]},"og:locale":"es_ES","og:site_name":"El Digital de Asturias","og:type":"article","og:title":"Las ventas de Mercedes-Benz de Daimler vuelven a caer en mayo - El Digital de Asturias","og:description":"Stuttgart (Alemania), 12 jun (dpa) - La marca Mercedes-Benz del fabricante alem\u00e1n de autom\u00f3viles Daimler vendi\u00f3 en mayo 195.690 unidades en todo el mundo, un 1,3 por ciento menos que en el mismo mes del a\u00f1o anterior, anunci\u00f3 hoy la compa\u00f1\u00eda que cotiza en el \u00edndice burs\u00e1til germano Dax. Particularmente destacado es el ligero descenso","og:url":"https:\/\/www.eldigitaldeasturias.com\/noticias\/las-ventas-de-mercedes-benz-de-daimler-vuelven-a-caer-en-mayo\/","og:image":"https:\/\/www.eldigitaldeasturias.com\/noticias\/wp-content\/uploads\/2018\/11\/traffic-332857_960_720.jpg","og:image:secure_url":"https:\/\/www.eldigitaldeasturias.com\/noticias\/wp-content\/uploads\/2018\/11\/traffic-332857_960_720.jpg","og:image:width":960,"og:image:height":640,"article:tag":["negocios y empresas"],"article:published_time":"2019-06-12T19:27:08+00:00","article:modified_time":"2019-06-12T19:27:08+00:00","article:publisher":"https:\/\/facebook.com\/eldigitaldeasturias","twitter:card":"summary_large_image","twitter:title":"Las ventas de Mercedes-Benz de Daimler vuelven a caer en mayo - El Digital de Asturias","twitter:description":"Stuttgart (Alemania), 12 jun (dpa) - La marca Mercedes-Benz del fabricante alem\u00e1n de autom\u00f3viles Daimler vendi\u00f3 en mayo 195.690 unidades en todo el mundo, un 1,3 por ciento menos que en el mismo mes del a\u00f1o anterior, anunci\u00f3 hoy la compa\u00f1\u00eda que cotiza en el \u00edndice burs\u00e1til germano Dax. Particularmente destacado es el ligero descenso","twitter:image":"https:\/\/www.eldigitaldeasturias.com\/noticias\/wp-content\/uploads\/2018\/11\/traffic-332857_960_720.jpg","twitter:label1":"Escrito por","twitter:data1":"El Digital de Asturias","twitter:label2":"Tiempo de lectura estimado","twitter:data2":"1 minuto"},"aioseo_meta_data":{"post_id":"1030587","title":null,"description":null,"keywords":null,"keyphrases":null,"primary_term":null,"canonical_url":null,"og_title":null,"og_description":null,"og_object_type":"default","og_image_type":"default","og_image_url":null,"og_image_width":null,"og_image_height":null,"og_image_custom_url":null,"og_image_custom_fields":null,"og_video":null,"og_custom_url":null,"og_article_section":null,"og_article_tags":null,"twitter_use_og":false,"twitter_card":"default","twitter_image_type":"default","twitter_image_url":null,"twitter_image_custom_url":null,"twitter_image_custom_fields":null,"twitter_title":null,"twitter_description":null,"schema":{"blockGraphs":[],"customGraphs":[],"default":{"data":{"Article":[],"Course":[],"Dataset":[],"FAQPage":[],"Movie":[],"Person":[],"Product":[],"ProductReview":[],"Car":[],"Recipe":[],"Service":[],"SoftwareApplication":[],"WebPage":[]},"graphName":"","isEnabled":true},"graphs":[],"defaultGraph":"","defaultPostTypeGraph":""},"schema_type":null,"schema_type_options":null,"pillar_content":false,"robots_default":true,"robots_noindex":false,"robots_noarchive":false,"robots_nosnippet":false,"robots_nofollow":false,"robots_noimageindex":false,"robots_noodp":false,"robots_notranslate":false,"robots_max_snippet":null,"robots_max_videopreview":null,"robots_max_imagepreview":"large","priority":null,"frequency":null,"local_seo":null,"seo_analyzer_scan_date":"2025-10-18 16:11:08","breadcrumb_settings":null,"limit_modified_date":false,"open_ai":null,"ai":null,"created":"2020-12-21 11:10:37","updated":"2025-10-18 16:11:08"},"aioseo_breadcrumb":"<div class=\"aioseo-breadcrumbs\"><span class=\"aioseo-breadcrumb\">\n\t<a href=\"https:\/\/www.eldigitaldeasturias.com\/noticias\" title=\"Home\">Home<\/a>\n<\/span><span class=\"aioseo-breadcrumb-separator\">\u2013<\/span><span class=\"aioseo-breadcrumb\">\n\t<a href=\"https:\/\/www.eldigitaldeasturias.com\/noticias\/category\/negocios-y-empresas\/\" title=\"Negocios y Empresas\">Negocios y Empresas<\/a>\n<\/span><span class=\"aioseo-breadcrumb-separator\">\u2013<\/span><span class=\"aioseo-breadcrumb\">\n\t<a href=\"https:\/\/www.eldigitaldeasturias.com\/noticias\/las-ventas-de-mercedes-benz-de-daimler-vuelven-a-caer-en-mayo\/\" title=\"Las ventas de Mercedes-Benz de Daimler vuelven a caer en mayo\">Las ventas de Mercedes-Benz de Daimler vuelven a caer en mayo<\/a>\n<\/span><\/div>","aioseo_breadcrumb_json":[{"label":"Home","link":"https:\/\/www.eldigitaldeasturias.com\/noticias"},{"label":"Negocios y Empresas","link":"https:\/\/www.eldigitaldeasturias.com\/noticias\/category\/negocios-y-empresas\/"},{"label":"Las ventas de Mercedes-Benz de Daimler vuelven a caer en mayo","link":"https:\/\/www.eldigitaldeasturias.com\/noticias\/las-ventas-de-mercedes-benz-de-daimler-vuelven-a-caer-en-mayo\/"}],"_links":{"self":[{"href":"https:\/\/www.eldigitaldeasturias.com\/noticias\/wp-json\/wp\/v2\/posts\/1030587","targetHints":{"allow":["GET"]}}],"collection":[{"href":"https:\/\/www.eldigitaldeasturias.com\/noticias\/wp-json\/wp\/v2\/posts"}],"about":[{"href":"https:\/\/www.eldigitaldeasturias.com\/noticias\/wp-json\/wp\/v2\/types\/post"}],"author":[{"embeddable":true,"href":"https:\/\/www.eldigitaldeasturias.com\/noticias\/wp-json\/wp\/v2\/users\/1"}],"replies":[{"embeddable":true,"href":"https:\/\/www.eldigitaldeasturias.com\/noticias\/wp-json\/wp\/v2\/comments?post=1030587"}],"version-history":[{"count":0,"href":"https:\/\/www.eldigitaldeasturias.com\/noticias\/wp-json\/wp\/v2\/posts\/1030587\/revisions"}],"wp:featuredmedia":[{"embeddable":true,"href":"https:\/\/www.eldigitaldeasturias.com\/noticias\/wp-json\/wp\/v2\/media\/1008086"}],"wp:attachment":[{"href":"https:\/\/www.eldigitaldeasturias.com\/noticias\/wp-json\/wp\/v2\/media?parent=1030587"}],"wp:term":[{"taxonomy":"category","embeddable":true,"href":"https:\/\/www.eldigitaldeasturias.com\/noticias\/wp-json\/wp\/v2\/categories?post=1030587"},{"taxonomy":"post_tag","embeddable":true,"href":"https:\/\/www.eldigitaldeasturias.com\/noticias\/wp-json\/wp\/v2\/tags?post=1030587"}],"curies":[{"name":"wp","href":"https:\/\/api.w.org\/{rel}","templated":true}]}}