{"id":1030528,"date":"2019-06-12T15:16:38","date_gmt":"2019-06-12T15:16:38","guid":{"rendered":"https:\/\/www.eldigitaldeasturias.com\/noticias\/?p=1030528"},"modified":"2019-06-12T15:16:38","modified_gmt":"2019-06-12T15:16:38","slug":"catar-desafia-el-bloqueo-del-golfo","status":"publish","type":"post","link":"https:\/\/www.eldigitaldeasturias.com\/noticias\/catar-desafia-el-bloqueo-del-golfo\/","title":{"rendered":"Catar desaf\u00eda el bloqueo del Golfo"},"content":{"rendered":"<p><img loading=\"lazy\" decoding=\"async\" class=\"alignleft size-medium wp-image-1030529\" src=\"https:\/\/www.eldigitaldeasturias.com\/noticias\/wp-content\/uploads\/2019\/06\/Bloqueo-Catar-360x237.jpg\" alt=\"\" width=\"360\" height=\"237\" srcset=\"https:\/\/www.eldigitaldeasturias.com\/noticias\/wp-content\/uploads\/2019\/06\/Bloqueo-Catar-360x237.jpg 360w, https:\/\/www.eldigitaldeasturias.com\/noticias\/wp-content\/uploads\/2019\/06\/Bloqueo-Catar-768x505.jpg 768w, https:\/\/www.eldigitaldeasturias.com\/noticias\/wp-content\/uploads\/2019\/06\/Bloqueo-Catar-650x427.jpg 650w, https:\/\/www.eldigitaldeasturias.com\/noticias\/wp-content\/uploads\/2019\/06\/Bloqueo-Catar.jpg 1021w\" sizes=\"auto, (max-width: 360px) 100vw, 360px\" \/>Doha (dpa) &#8211; Catar obtuvo el triunfo m\u00e1s reciente en <strong>la Guerra Fr\u00eda del Golfo<\/strong> a unos 5.000 kil\u00f3metros de su capital.<\/p>\n<p>La FIFA decidi\u00f3 en Par\u00eds que el Mundial de Clubes se realice este a\u00f1o y el pr\u00f3ximo en el rico emirato del Golfo. Es un certamen que no tiene gran importancia en el Cercano Oriente pero en 2017 fue albergado por un archirrival de Catar, los Emiratos \u00c1rabes Unidos.<\/p>\n<p>Catar, anfitri\u00f3n del Mundial de f\u00fatbol de 2022, recibi\u00f3 este prestigioso \u00e9xito con enorme alegr\u00eda. Adem\u00e1s, llega en el momento justo para el emirato, porque en junio se cumple el segundo aniversario del bloqueo contra el peque\u00f1o pa\u00eds en el desierto.<\/p>\n<p>Arabia Saud\u00ed, los Emiratos \u00c1rabes Unidos y B\u00e1hrein acordaron el 5 de junio de 2018 cerrar sus fronteras con Catar, suspendieron todos los vuelos y el comercio bilateral, a la vez que cortaron las relaciones diplom\u00e1ticas. De la noche a la ma\u00f1ana, el emirato se hall\u00f3 aislado y atrapado entre naciones hostiles.<\/p>\n<p>Hasta el d\u00eda de hoy, no hay se\u00f1ales de una disminuci\u00f3n de la tensi\u00f3n en esta Guerra Fr\u00eda. Los Estados que llevan adelante el bloqueo siguen reiterando las mismas acusaciones contra Qatar: el emirato apoya el terrorismo e interfiere en los asuntos de otros pa\u00edses.<\/p>\n<p>Y a esto se suman las supuestas estrechas relaciones con el Ir\u00e1n chi\u00ed, en\u00e9migo ac\u00e9rrimo de los sun\u00edes de Arabia Saud\u00ed.<\/p>\n<p>Catar rechaza todas las acusaciones. Y tambi\u00e9n muchos observadores ven en el bloqueo sobre todo un intento de parte de la potencia regional, Arabia Saud\u00ed, de poner en vereda al peque\u00f1o pa\u00eds.<\/p>\n<p><strong>Catar sufri\u00f3 fuertemente las consecuencias del bloqueo<\/strong>, en especial al inicio. De un d\u00eda para el otro se suspendieron las importaciones de alimentos desde Arabia Saud\u00ed de las que depend\u00eda el emirato, entre ellos leche, yogurt y carne.<\/p>\n<p>Turqu\u00eda, un aliado cercano, intervino. A los saud\u00edes les gustaba viajar a Catar para escapar de las estrictas normas religiosas de su pa\u00eds durante unos d\u00edas y pasar sus vacaciones en el emirato. Hasta el d\u00eda de hoy, muchas habitaciones de hotel en Catar siguen vac\u00edas porque estos visitantes ya no pueden cruzar la frontera cerrada.<\/p>\n<p>El bloqueo tambi\u00e9n corta los lazos familiares, ya que ambos pa\u00edses est\u00e1n estrechamente entrelazados: los saud\u00edes y los catar\u00edes estudian, trabajan y viven en cualquiera de los dos pa\u00edses. Por eso, muchos matrimonios cuentan con un integrante de cada pa\u00eds.<\/p>\n<p>Como el catar\u00ed Mohammed Abdelhadi al Ajbabi, cuya esposa es oriunda del suroeste de Arabia Saud\u00ed. Antes del bloqueo s\u00f3lo necesitaban un billete y unas dos horas de vuelo para visitar a su familia, dice el funcionario de 28 a\u00f1os.<\/p>\n<p>Desde el aislamiento de Catar, han tenido que volar primero a Om\u00e1n o a otro pa\u00eds, y de all\u00ed a Arabia Saud\u00ed. En verano se quieren reunir todos en Turqu\u00eda.<\/p>\n<p>Las recientes cumbres del Consejo de Cooperaci\u00f3n del Golfo (CCG) y de la Liga \u00c1rabe en la ciudad saud\u00ed de La Meca demostraron lo g\u00e9lidas que son las relaciones.<\/p>\n<p>Si bien Catar decidi\u00f3 enviar al primer ministro Abdullah bin Nassir, el primer representante de tan alto rango en mucho tiempo en ese tipo de reuniones, el funcionario tuvo una recepci\u00f3n m\u00e1s que fr\u00eda.<\/p>\n<p>El rey de Arabia Saud\u00ed, Salmanm estrech\u00f3 fugazmente la mano del hu\u00e9sped no querido s\u00f3lo ante la gran insistencia del emir de Kuwait. Y despu\u00e9s de las cumbres, los rivales no pararon de lanzarse acusaciones.<\/p>\n<p>Especialmente la crisis entre la Arabia Saud\u00ed sun\u00ed y su archienemigo chi\u00ed Ir\u00e1n profundiza a\u00fan m\u00e1s las trincheras. Riad, junto con los Estados Unidos como aliado cercano, ha intensificado la ret\u00f3rica hasta tal punto que parece incluso posible un conflicto militar en la regi\u00f3n. Catar quedar\u00eda entre ambos frentes.<\/p>\n<p><strong>Arabia Saud\u00ed tambi\u00e9n est\u00e1 considerando la posibilidad de aislar la pen\u00ednsula de Catar de la pen\u00ednsula ar\u00e1biga mediante un canal<\/strong> situado a un kil\u00f3metro de la frontera. Tambi\u00e9n hay planes para almacenar all\u00ed los residuos de las centrales nucleares que Riad quiere construir.<\/p>\n<p>Hasta ahora, Arabia Saud\u00ed no se ha acercado a su objetivo. Fuera del mundo \u00e1rabe, el emirato goza de apoyo. La econom\u00eda tambi\u00e9n se muestra robusta, sobre todo porque Catar es el mayor exportador mundial de gas licuado de petr\u00f3leo y puede contar con unos ingresos estables procedentes de las exportaciones.<\/p>\n<p>Adem\u00e1s, <strong>la econom\u00eda de Catar se ha adaptado con \u00e9xito al doble impacto de los bajos precios del petr\u00f3leo y las distorsiones diplom\u00e1ticas<\/strong>, concluye el Fondo Monetario Internacional.<\/p>\n<p>Los preparativos para el <strong>Mundial de f\u00fatbol de 2022<\/strong> tambi\u00e9n parecen continuar a pesar de las preocupaciones al comienzo del bloqueo. El mes pasado Catar inaugur\u00f3 el primero de siete estadios completamente nuevos. Tambi\u00e9n ha comenzado a funcionar una l\u00ednea del nuevo metro.<\/p>\n<p><strong>El Mundial de Clubes que se disputar\u00e1 a finales de este a\u00f1o<\/strong> ser\u00e1 la primera gran prueba a la que ser\u00e1 sometido Catar de cara a la Copa del Mundo. Tal vez un equipo saud\u00ed se clasifique para el torneo de los mejores clubes del mundo, y entonces tendr\u00e1 que visitar a rega\u00f1adientes al pa\u00eds del enemigo.<\/p>\n<p><em>Por Jan Kuhlmann (dpa)<\/em><\/p>\n<p><em>Foto: Andreas Gebert\/dpa <\/em><\/p>\n","protected":false},"excerpt":{"rendered":"<p>Doha (dpa) &#8211; Catar obtuvo el triunfo m\u00e1s reciente en la Guerra Fr\u00eda del Golfo a unos 5.000 kil\u00f3metros de su capital. La FIFA decidi\u00f3 en Par\u00eds que el Mundial de Clubes se realice este a\u00f1o y el pr\u00f3ximo en el rico emirato del Golfo. Es un certamen que no tiene gran importancia en el [&hellip;]<\/p>\n","protected":false},"author":1,"featured_media":1030529,"comment_status":"closed","ping_status":"closed","sticky":false,"template":"","format":"standard","meta":{"footnotes":""},"categories":[190],"tags":[],"class_list":["post-1030528","post","type-post","status-publish","format-standard","has-post-thumbnail","hentry","category-deportes"],"aioseo_notices":[],"aioseo_head":"\n\t\t<!-- All in One SEO Pro 4.9.6.2 - aioseo.com -->\n\t<meta name=\"description\" content=\"Doha (dpa) - Catar obtuvo el triunfo m\u00e1s reciente en la Guerra Fr\u00eda del Golfo a unos 5.000 kil\u00f3metros de su capital. La FIFA decidi\u00f3 en Par\u00eds que el Mundial de Clubes se realice este a\u00f1o y el pr\u00f3ximo en el rico emirato del Golfo. Es un certamen que no tiene gran importancia en el\" \/>\n\t<meta name=\"robots\" content=\"max-image-preview:large\" \/>\n\t<meta name=\"author\" content=\"El Digital de Asturias\"\/>\n\t<meta name=\"google-site-verification\" content=\"UA-38556648-1\" \/>\n\t<meta name=\"msvalidate.01\" content=\"7dfe9f3f1b24437ab69f4f2559babe99\" \/>\n\t<meta name=\"keywords\" content=\"deportes\" \/>\n\t<link rel=\"canonical\" href=\"https:\/\/www.eldigitaldeasturias.com\/noticias\/catar-desafia-el-bloqueo-del-golfo\/\" \/>\n\t<meta name=\"generator\" content=\"All in One SEO Pro (AIOSEO) 4.9.6.2\" \/>\n\t\t<meta property=\"og:locale\" content=\"es_ES\" \/>\n\t\t<meta property=\"og:site_name\" content=\"El Digital de Asturias\" \/>\n\t\t<meta property=\"og:type\" content=\"article\" \/>\n\t\t<meta property=\"og:title\" content=\"Catar desaf\u00eda el bloqueo del Golfo - El Digital de Asturias\" \/>\n\t\t<meta property=\"og:description\" content=\"Doha (dpa) - Catar obtuvo el triunfo m\u00e1s reciente en la Guerra Fr\u00eda del Golfo a unos 5.000 kil\u00f3metros de su capital. La FIFA decidi\u00f3 en Par\u00eds que el Mundial de Clubes se realice este a\u00f1o y el pr\u00f3ximo en el rico emirato del Golfo. Es un certamen que no tiene gran importancia en el\" \/>\n\t\t<meta property=\"og:url\" content=\"https:\/\/www.eldigitaldeasturias.com\/noticias\/catar-desafia-el-bloqueo-del-golfo\/\" \/>\n\t\t<meta property=\"og:image\" content=\"https:\/\/www.eldigitaldeasturias.com\/noticias\/wp-content\/uploads\/2019\/06\/Bloqueo-Catar.jpg\" \/>\n\t\t<meta property=\"og:image:secure_url\" content=\"https:\/\/www.eldigitaldeasturias.com\/noticias\/wp-content\/uploads\/2019\/06\/Bloqueo-Catar.jpg\" \/>\n\t\t<meta property=\"og:image:width\" content=\"1021\" \/>\n\t\t<meta property=\"og:image:height\" content=\"671\" \/>\n\t\t<meta property=\"article:tag\" content=\"deportes\" \/>\n\t\t<meta property=\"article:published_time\" content=\"2019-06-12T15:16:38+00:00\" \/>\n\t\t<meta property=\"article:modified_time\" content=\"2019-06-12T15:16:38+00:00\" \/>\n\t\t<meta property=\"article:publisher\" content=\"https:\/\/facebook.com\/eldigitaldeasturias\" \/>\n\t\t<meta name=\"twitter:card\" content=\"summary_large_image\" \/>\n\t\t<meta name=\"twitter:title\" content=\"Catar desaf\u00eda el bloqueo del Golfo - El Digital de Asturias\" \/>\n\t\t<meta name=\"twitter:description\" content=\"Doha (dpa) - Catar obtuvo el triunfo m\u00e1s reciente en la Guerra Fr\u00eda del Golfo a unos 5.000 kil\u00f3metros de su capital. La FIFA decidi\u00f3 en Par\u00eds que el Mundial de Clubes se realice este a\u00f1o y el pr\u00f3ximo en el rico emirato del Golfo. Es un certamen que no tiene gran importancia en el\" \/>\n\t\t<meta name=\"twitter:image\" content=\"https:\/\/www.eldigitaldeasturias.com\/noticias\/wp-content\/uploads\/2019\/06\/Bloqueo-Catar.jpg\" \/>\n\t\t<meta name=\"twitter:label1\" content=\"Escrito por\" \/>\n\t\t<meta name=\"twitter:data1\" content=\"El Digital de Asturias\" \/>\n\t\t<meta name=\"twitter:label2\" content=\"Tiempo de lectura estimado\" \/>\n\t\t<meta name=\"twitter:data2\" content=\"5 minutos\" \/>\n\t\t<script type=\"application\/ld+json\" class=\"aioseo-schema\">\n\t\t\t{\"@context\":\"https:\\\/\\\/schema.org\",\"@graph\":[{\"@type\":\"BlogPosting\",\"@id\":\"https:\\\/\\\/www.eldigitaldeasturias.com\\\/noticias\\\/catar-desafia-el-bloqueo-del-golfo\\\/#blogposting\",\"name\":\"Catar desaf\\u00eda el bloqueo del Golfo - El Digital de Asturias\",\"headline\":\"Catar desaf\\u00eda el bloqueo del Golfo\",\"author\":{\"@id\":\"https:\\\/\\\/www.eldigitaldeasturias.com\\\/noticias\\\/author\\\/admin\\\/#author\"},\"publisher\":{\"@id\":\"https:\\\/\\\/www.eldigitaldeasturias.com\\\/noticias\\\/#organization\"},\"image\":{\"@type\":\"ImageObject\",\"url\":\"https:\\\/\\\/www.eldigitaldeasturias.com\\\/noticias\\\/wp-content\\\/uploads\\\/2019\\\/06\\\/Bloqueo-Catar.jpg\",\"width\":1021,\"height\":671},\"datePublished\":\"2019-06-12T15:16:38+02:00\",\"dateModified\":\"2019-06-12T15:16:38+02:00\",\"inLanguage\":\"es-ES\",\"mainEntityOfPage\":{\"@id\":\"https:\\\/\\\/www.eldigitaldeasturias.com\\\/noticias\\\/catar-desafia-el-bloqueo-del-golfo\\\/#webpage\"},\"isPartOf\":{\"@id\":\"https:\\\/\\\/www.eldigitaldeasturias.com\\\/noticias\\\/catar-desafia-el-bloqueo-del-golfo\\\/#webpage\"},\"articleSection\":\"Deportes\"},{\"@type\":\"BreadcrumbList\",\"@id\":\"https:\\\/\\\/www.eldigitaldeasturias.com\\\/noticias\\\/catar-desafia-el-bloqueo-del-golfo\\\/#breadcrumblist\",\"itemListElement\":[{\"@type\":\"ListItem\",\"@id\":\"https:\\\/\\\/www.eldigitaldeasturias.com\\\/noticias#listItem\",\"position\":1,\"name\":\"Home\",\"item\":\"https:\\\/\\\/www.eldigitaldeasturias.com\\\/noticias\",\"nextItem\":{\"@type\":\"ListItem\",\"@id\":\"https:\\\/\\\/www.eldigitaldeasturias.com\\\/noticias\\\/category\\\/deportes\\\/#listItem\",\"name\":\"Deportes\"}},{\"@type\":\"ListItem\",\"@id\":\"https:\\\/\\\/www.eldigitaldeasturias.com\\\/noticias\\\/category\\\/deportes\\\/#listItem\",\"position\":2,\"name\":\"Deportes\",\"item\":\"https:\\\/\\\/www.eldigitaldeasturias.com\\\/noticias\\\/category\\\/deportes\\\/\",\"nextItem\":{\"@type\":\"ListItem\",\"@id\":\"https:\\\/\\\/www.eldigitaldeasturias.com\\\/noticias\\\/catar-desafia-el-bloqueo-del-golfo\\\/#listItem\",\"name\":\"Catar desaf\\u00eda el bloqueo del Golfo\"},\"previousItem\":{\"@type\":\"ListItem\",\"@id\":\"https:\\\/\\\/www.eldigitaldeasturias.com\\\/noticias#listItem\",\"name\":\"Home\"}},{\"@type\":\"ListItem\",\"@id\":\"https:\\\/\\\/www.eldigitaldeasturias.com\\\/noticias\\\/catar-desafia-el-bloqueo-del-golfo\\\/#listItem\",\"position\":3,\"name\":\"Catar desaf\\u00eda el bloqueo del Golfo\",\"previousItem\":{\"@type\":\"ListItem\",\"@id\":\"https:\\\/\\\/www.eldigitaldeasturias.com\\\/noticias\\\/category\\\/deportes\\\/#listItem\",\"name\":\"Deportes\"}}]},{\"@type\":\"Organization\",\"@id\":\"https:\\\/\\\/www.eldigitaldeasturias.com\\\/noticias\\\/#organization\",\"name\":\"El Digital de Asturias\",\"description\":\"Hemeroteca\",\"url\":\"https:\\\/\\\/www.eldigitaldeasturias.com\\\/noticias\\\/\",\"email\":\"info@eldigitaldeasturias.com\",\"telephone\":\"+34652131393\",\"logo\":{\"@type\":\"ImageObject\",\"url\":\"https:\\\/\\\/www.eldigitaldeasturias.com\\\/noticias\\\/wp-content\\\/uploads\\\/2020\\\/12\\\/EDA.jpg\",\"@id\":\"https:\\\/\\\/www.eldigitaldeasturias.com\\\/noticias\\\/catar-desafia-el-bloqueo-del-golfo\\\/#organizationLogo\",\"width\":649,\"height\":297},\"image\":{\"@id\":\"https:\\\/\\\/www.eldigitaldeasturias.com\\\/noticias\\\/catar-desafia-el-bloqueo-del-golfo\\\/#organizationLogo\"},\"sameAs\":[\"https:\\\/\\\/facebook.com\\\/eldigitaldeasturias\",\"https:\\\/\\\/www.youtube.com\\\/channel\\\/UCZP-2wLEB9Rv6erhFmqVnvg\"],\"address\":{\"@id\":\"https:\\\/\\\/www.eldigitaldeasturias.com\\\/noticias\\\/#postaladdress\",\"@type\":\"PostalAddress\",\"streetAddress\":\"san antonio 4,\",\"postalCode\":\"33430\",\"addressLocality\":\"Cand\\u00e1s\",\"addressRegion\":\"Asturias\",\"addressCountry\":\"ES\"}},{\"@type\":\"Person\",\"@id\":\"https:\\\/\\\/www.eldigitaldeasturias.com\\\/noticias\\\/author\\\/admin\\\/#author\",\"url\":\"https:\\\/\\\/www.eldigitaldeasturias.com\\\/noticias\\\/author\\\/admin\\\/\",\"name\":\"El Digital de Asturias\",\"image\":{\"@type\":\"ImageObject\",\"@id\":\"https:\\\/\\\/www.eldigitaldeasturias.com\\\/noticias\\\/catar-desafia-el-bloqueo-del-golfo\\\/#authorImage\",\"url\":\"https:\\\/\\\/www.eldigitaldeasturias.com\\\/noticias\\\/wp-content\\\/litespeed\\\/avatar\\\/18677e78aa0546b92d9dbf31ec7d7668.jpg?ver=1777290358\",\"width\":96,\"height\":96,\"caption\":\"El Digital de Asturias\"}},{\"@type\":\"WebPage\",\"@id\":\"https:\\\/\\\/www.eldigitaldeasturias.com\\\/noticias\\\/catar-desafia-el-bloqueo-del-golfo\\\/#webpage\",\"url\":\"https:\\\/\\\/www.eldigitaldeasturias.com\\\/noticias\\\/catar-desafia-el-bloqueo-del-golfo\\\/\",\"name\":\"Catar desaf\\u00eda el bloqueo del Golfo - El Digital de Asturias\",\"description\":\"Doha (dpa) - Catar obtuvo el triunfo m\\u00e1s reciente en la Guerra Fr\\u00eda del Golfo a unos 5.000 kil\\u00f3metros de su capital. La FIFA decidi\\u00f3 en Par\\u00eds que el Mundial de Clubes se realice este a\\u00f1o y el pr\\u00f3ximo en el rico emirato del Golfo. Es un certamen que no tiene gran importancia en el\",\"inLanguage\":\"es-ES\",\"isPartOf\":{\"@id\":\"https:\\\/\\\/www.eldigitaldeasturias.com\\\/noticias\\\/#website\"},\"breadcrumb\":{\"@id\":\"https:\\\/\\\/www.eldigitaldeasturias.com\\\/noticias\\\/catar-desafia-el-bloqueo-del-golfo\\\/#breadcrumblist\"},\"author\":{\"@id\":\"https:\\\/\\\/www.eldigitaldeasturias.com\\\/noticias\\\/author\\\/admin\\\/#author\"},\"creator\":{\"@id\":\"https:\\\/\\\/www.eldigitaldeasturias.com\\\/noticias\\\/author\\\/admin\\\/#author\"},\"image\":{\"@type\":\"ImageObject\",\"url\":\"https:\\\/\\\/www.eldigitaldeasturias.com\\\/noticias\\\/wp-content\\\/uploads\\\/2019\\\/06\\\/Bloqueo-Catar.jpg\",\"@id\":\"https:\\\/\\\/www.eldigitaldeasturias.com\\\/noticias\\\/catar-desafia-el-bloqueo-del-golfo\\\/#mainImage\",\"width\":1021,\"height\":671},\"primaryImageOfPage\":{\"@id\":\"https:\\\/\\\/www.eldigitaldeasturias.com\\\/noticias\\\/catar-desafia-el-bloqueo-del-golfo\\\/#mainImage\"},\"datePublished\":\"2019-06-12T15:16:38+02:00\",\"dateModified\":\"2019-06-12T15:16:38+02:00\"},{\"@type\":\"WebSite\",\"@id\":\"https:\\\/\\\/www.eldigitaldeasturias.com\\\/noticias\\\/#website\",\"url\":\"https:\\\/\\\/www.eldigitaldeasturias.com\\\/noticias\\\/\",\"name\":\"El Digital de Asturias - Diario de actualidad y noticias\",\"alternateName\":\"El Digital de Asturias - Diario de actualidad y noticias\",\"description\":\"Hemeroteca\",\"inLanguage\":\"es-ES\",\"publisher\":{\"@id\":\"https:\\\/\\\/www.eldigitaldeasturias.com\\\/noticias\\\/#organization\"}}]}\n\t\t<\/script>\n\t\t<!-- All in One SEO Pro -->\r\n\t\t<title>Catar desaf\u00eda el bloqueo del Golfo - El Digital de Asturias<\/title>\n\n","aioseo_head_json":{"title":"Catar desaf\u00eda el bloqueo del Golfo - El Digital de Asturias","description":"Doha (dpa) - Catar obtuvo el triunfo m\u00e1s reciente en la Guerra Fr\u00eda del Golfo a unos 5.000 kil\u00f3metros de su capital. La FIFA decidi\u00f3 en Par\u00eds que el Mundial de Clubes se realice este a\u00f1o y el pr\u00f3ximo en el rico emirato del Golfo. Es un certamen que no tiene gran importancia en el","canonical_url":"https:\/\/www.eldigitaldeasturias.com\/noticias\/catar-desafia-el-bloqueo-del-golfo\/","robots":"max-image-preview:large","keywords":"deportes","webmasterTools":{"google-site-verification":"UA-38556648-1","msvalidate.01":"7dfe9f3f1b24437ab69f4f2559babe99","miscellaneous":""},"schema":{"@context":"https:\/\/schema.org","@graph":[{"@type":"BlogPosting","@id":"https:\/\/www.eldigitaldeasturias.com\/noticias\/catar-desafia-el-bloqueo-del-golfo\/#blogposting","name":"Catar desaf\u00eda el bloqueo del Golfo - El Digital de Asturias","headline":"Catar desaf\u00eda el bloqueo del Golfo","author":{"@id":"https:\/\/www.eldigitaldeasturias.com\/noticias\/author\/admin\/#author"},"publisher":{"@id":"https:\/\/www.eldigitaldeasturias.com\/noticias\/#organization"},"image":{"@type":"ImageObject","url":"https:\/\/www.eldigitaldeasturias.com\/noticias\/wp-content\/uploads\/2019\/06\/Bloqueo-Catar.jpg","width":1021,"height":671},"datePublished":"2019-06-12T15:16:38+02:00","dateModified":"2019-06-12T15:16:38+02:00","inLanguage":"es-ES","mainEntityOfPage":{"@id":"https:\/\/www.eldigitaldeasturias.com\/noticias\/catar-desafia-el-bloqueo-del-golfo\/#webpage"},"isPartOf":{"@id":"https:\/\/www.eldigitaldeasturias.com\/noticias\/catar-desafia-el-bloqueo-del-golfo\/#webpage"},"articleSection":"Deportes"},{"@type":"BreadcrumbList","@id":"https:\/\/www.eldigitaldeasturias.com\/noticias\/catar-desafia-el-bloqueo-del-golfo\/#breadcrumblist","itemListElement":[{"@type":"ListItem","@id":"https:\/\/www.eldigitaldeasturias.com\/noticias#listItem","position":1,"name":"Home","item":"https:\/\/www.eldigitaldeasturias.com\/noticias","nextItem":{"@type":"ListItem","@id":"https:\/\/www.eldigitaldeasturias.com\/noticias\/category\/deportes\/#listItem","name":"Deportes"}},{"@type":"ListItem","@id":"https:\/\/www.eldigitaldeasturias.com\/noticias\/category\/deportes\/#listItem","position":2,"name":"Deportes","item":"https:\/\/www.eldigitaldeasturias.com\/noticias\/category\/deportes\/","nextItem":{"@type":"ListItem","@id":"https:\/\/www.eldigitaldeasturias.com\/noticias\/catar-desafia-el-bloqueo-del-golfo\/#listItem","name":"Catar desaf\u00eda el bloqueo del Golfo"},"previousItem":{"@type":"ListItem","@id":"https:\/\/www.eldigitaldeasturias.com\/noticias#listItem","name":"Home"}},{"@type":"ListItem","@id":"https:\/\/www.eldigitaldeasturias.com\/noticias\/catar-desafia-el-bloqueo-del-golfo\/#listItem","position":3,"name":"Catar desaf\u00eda el bloqueo del Golfo","previousItem":{"@type":"ListItem","@id":"https:\/\/www.eldigitaldeasturias.com\/noticias\/category\/deportes\/#listItem","name":"Deportes"}}]},{"@type":"Organization","@id":"https:\/\/www.eldigitaldeasturias.com\/noticias\/#organization","name":"El Digital de Asturias","description":"Hemeroteca","url":"https:\/\/www.eldigitaldeasturias.com\/noticias\/","email":"info@eldigitaldeasturias.com","telephone":"+34652131393","logo":{"@type":"ImageObject","url":"https:\/\/www.eldigitaldeasturias.com\/noticias\/wp-content\/uploads\/2020\/12\/EDA.jpg","@id":"https:\/\/www.eldigitaldeasturias.com\/noticias\/catar-desafia-el-bloqueo-del-golfo\/#organizationLogo","width":649,"height":297},"image":{"@id":"https:\/\/www.eldigitaldeasturias.com\/noticias\/catar-desafia-el-bloqueo-del-golfo\/#organizationLogo"},"sameAs":["https:\/\/facebook.com\/eldigitaldeasturias","https:\/\/www.youtube.com\/channel\/UCZP-2wLEB9Rv6erhFmqVnvg"],"address":{"@id":"https:\/\/www.eldigitaldeasturias.com\/noticias\/#postaladdress","@type":"PostalAddress","streetAddress":"san antonio 4,","postalCode":"33430","addressLocality":"Cand\u00e1s","addressRegion":"Asturias","addressCountry":"ES"}},{"@type":"Person","@id":"https:\/\/www.eldigitaldeasturias.com\/noticias\/author\/admin\/#author","url":"https:\/\/www.eldigitaldeasturias.com\/noticias\/author\/admin\/","name":"El Digital de Asturias","image":{"@type":"ImageObject","@id":"https:\/\/www.eldigitaldeasturias.com\/noticias\/catar-desafia-el-bloqueo-del-golfo\/#authorImage","url":"https:\/\/www.eldigitaldeasturias.com\/noticias\/wp-content\/litespeed\/avatar\/18677e78aa0546b92d9dbf31ec7d7668.jpg?ver=1777290358","width":96,"height":96,"caption":"El Digital de Asturias"}},{"@type":"WebPage","@id":"https:\/\/www.eldigitaldeasturias.com\/noticias\/catar-desafia-el-bloqueo-del-golfo\/#webpage","url":"https:\/\/www.eldigitaldeasturias.com\/noticias\/catar-desafia-el-bloqueo-del-golfo\/","name":"Catar desaf\u00eda el bloqueo del Golfo - El Digital de Asturias","description":"Doha (dpa) - Catar obtuvo el triunfo m\u00e1s reciente en la Guerra Fr\u00eda del Golfo a unos 5.000 kil\u00f3metros de su capital. La FIFA decidi\u00f3 en Par\u00eds que el Mundial de Clubes se realice este a\u00f1o y el pr\u00f3ximo en el rico emirato del Golfo. Es un certamen que no tiene gran importancia en el","inLanguage":"es-ES","isPartOf":{"@id":"https:\/\/www.eldigitaldeasturias.com\/noticias\/#website"},"breadcrumb":{"@id":"https:\/\/www.eldigitaldeasturias.com\/noticias\/catar-desafia-el-bloqueo-del-golfo\/#breadcrumblist"},"author":{"@id":"https:\/\/www.eldigitaldeasturias.com\/noticias\/author\/admin\/#author"},"creator":{"@id":"https:\/\/www.eldigitaldeasturias.com\/noticias\/author\/admin\/#author"},"image":{"@type":"ImageObject","url":"https:\/\/www.eldigitaldeasturias.com\/noticias\/wp-content\/uploads\/2019\/06\/Bloqueo-Catar.jpg","@id":"https:\/\/www.eldigitaldeasturias.com\/noticias\/catar-desafia-el-bloqueo-del-golfo\/#mainImage","width":1021,"height":671},"primaryImageOfPage":{"@id":"https:\/\/www.eldigitaldeasturias.com\/noticias\/catar-desafia-el-bloqueo-del-golfo\/#mainImage"},"datePublished":"2019-06-12T15:16:38+02:00","dateModified":"2019-06-12T15:16:38+02:00"},{"@type":"WebSite","@id":"https:\/\/www.eldigitaldeasturias.com\/noticias\/#website","url":"https:\/\/www.eldigitaldeasturias.com\/noticias\/","name":"El Digital de Asturias - Diario de actualidad y noticias","alternateName":"El Digital de Asturias - Diario de actualidad y noticias","description":"Hemeroteca","inLanguage":"es-ES","publisher":{"@id":"https:\/\/www.eldigitaldeasturias.com\/noticias\/#organization"}}]},"og:locale":"es_ES","og:site_name":"El Digital de Asturias","og:type":"article","og:title":"Catar desaf\u00eda el bloqueo del Golfo - El Digital de Asturias","og:description":"Doha (dpa) - Catar obtuvo el triunfo m\u00e1s reciente en la Guerra Fr\u00eda del Golfo a unos 5.000 kil\u00f3metros de su capital. La FIFA decidi\u00f3 en Par\u00eds que el Mundial de Clubes se realice este a\u00f1o y el pr\u00f3ximo en el rico emirato del Golfo. Es un certamen que no tiene gran importancia en el","og:url":"https:\/\/www.eldigitaldeasturias.com\/noticias\/catar-desafia-el-bloqueo-del-golfo\/","og:image":"https:\/\/www.eldigitaldeasturias.com\/noticias\/wp-content\/uploads\/2019\/06\/Bloqueo-Catar.jpg","og:image:secure_url":"https:\/\/www.eldigitaldeasturias.com\/noticias\/wp-content\/uploads\/2019\/06\/Bloqueo-Catar.jpg","og:image:width":1021,"og:image:height":671,"article:tag":["deportes"],"article:published_time":"2019-06-12T15:16:38+00:00","article:modified_time":"2019-06-12T15:16:38+00:00","article:publisher":"https:\/\/facebook.com\/eldigitaldeasturias","twitter:card":"summary_large_image","twitter:title":"Catar desaf\u00eda el bloqueo del Golfo - El Digital de Asturias","twitter:description":"Doha (dpa) - Catar obtuvo el triunfo m\u00e1s reciente en la Guerra Fr\u00eda del Golfo a unos 5.000 kil\u00f3metros de su capital. La FIFA decidi\u00f3 en Par\u00eds que el Mundial de Clubes se realice este a\u00f1o y el pr\u00f3ximo en el rico emirato del Golfo. Es un certamen que no tiene gran importancia en el","twitter:image":"https:\/\/www.eldigitaldeasturias.com\/noticias\/wp-content\/uploads\/2019\/06\/Bloqueo-Catar.jpg","twitter:label1":"Escrito por","twitter:data1":"El Digital de Asturias","twitter:label2":"Tiempo de lectura estimado","twitter:data2":"5 minutos"},"aioseo_meta_data":{"post_id":"1030528","title":null,"description":null,"keywords":null,"keyphrases":null,"primary_term":null,"canonical_url":null,"og_title":null,"og_description":null,"og_object_type":"default","og_image_type":"default","og_image_url":null,"og_image_width":null,"og_image_height":null,"og_image_custom_url":null,"og_image_custom_fields":null,"og_video":null,"og_custom_url":null,"og_article_section":null,"og_article_tags":null,"twitter_use_og":false,"twitter_card":"default","twitter_image_type":"default","twitter_image_url":null,"twitter_image_custom_url":null,"twitter_image_custom_fields":null,"twitter_title":null,"twitter_description":null,"schema":{"blockGraphs":[],"customGraphs":[],"default":{"data":{"Article":[],"Course":[],"Dataset":[],"FAQPage":[],"Movie":[],"Person":[],"Product":[],"ProductReview":[],"Car":[],"Recipe":[],"Service":[],"SoftwareApplication":[],"WebPage":[]},"graphName":"","isEnabled":true},"graphs":[],"defaultGraph":"","defaultPostTypeGraph":""},"schema_type":null,"schema_type_options":null,"pillar_content":false,"robots_default":true,"robots_noindex":false,"robots_noarchive":false,"robots_nosnippet":false,"robots_nofollow":false,"robots_noimageindex":false,"robots_noodp":false,"robots_notranslate":false,"robots_max_snippet":null,"robots_max_videopreview":null,"robots_max_imagepreview":"large","priority":null,"frequency":null,"local_seo":null,"seo_analyzer_scan_date":"2025-10-18 15:59:07","breadcrumb_settings":null,"limit_modified_date":false,"open_ai":null,"ai":null,"created":"2020-12-21 11:10:37","updated":"2025-10-18 15:59:07"},"aioseo_breadcrumb":"<div class=\"aioseo-breadcrumbs\"><span class=\"aioseo-breadcrumb\">\n\t<a href=\"https:\/\/www.eldigitaldeasturias.com\/noticias\" title=\"Home\">Home<\/a>\n<\/span><span class=\"aioseo-breadcrumb-separator\">\u2013<\/span><span class=\"aioseo-breadcrumb\">\n\t<a href=\"https:\/\/www.eldigitaldeasturias.com\/noticias\/category\/deportes\/\" title=\"Deportes\">Deportes<\/a>\n<\/span><span class=\"aioseo-breadcrumb-separator\">\u2013<\/span><span class=\"aioseo-breadcrumb\">\n\t<a href=\"https:\/\/www.eldigitaldeasturias.com\/noticias\/catar-desafia-el-bloqueo-del-golfo\/\" title=\"Catar desaf\u00eda el bloqueo del Golfo\">Catar desaf\u00eda el bloqueo del Golfo<\/a>\n<\/span><\/div>","aioseo_breadcrumb_json":[{"label":"Home","link":"https:\/\/www.eldigitaldeasturias.com\/noticias"},{"label":"Deportes","link":"https:\/\/www.eldigitaldeasturias.com\/noticias\/category\/deportes\/"},{"label":"Catar desaf\u00eda el bloqueo del Golfo","link":"https:\/\/www.eldigitaldeasturias.com\/noticias\/catar-desafia-el-bloqueo-del-golfo\/"}],"_links":{"self":[{"href":"https:\/\/www.eldigitaldeasturias.com\/noticias\/wp-json\/wp\/v2\/posts\/1030528","targetHints":{"allow":["GET"]}}],"collection":[{"href":"https:\/\/www.eldigitaldeasturias.com\/noticias\/wp-json\/wp\/v2\/posts"}],"about":[{"href":"https:\/\/www.eldigitaldeasturias.com\/noticias\/wp-json\/wp\/v2\/types\/post"}],"author":[{"embeddable":true,"href":"https:\/\/www.eldigitaldeasturias.com\/noticias\/wp-json\/wp\/v2\/users\/1"}],"replies":[{"embeddable":true,"href":"https:\/\/www.eldigitaldeasturias.com\/noticias\/wp-json\/wp\/v2\/comments?post=1030528"}],"version-history":[{"count":0,"href":"https:\/\/www.eldigitaldeasturias.com\/noticias\/wp-json\/wp\/v2\/posts\/1030528\/revisions"}],"wp:featuredmedia":[{"embeddable":true,"href":"https:\/\/www.eldigitaldeasturias.com\/noticias\/wp-json\/wp\/v2\/media\/1030529"}],"wp:attachment":[{"href":"https:\/\/www.eldigitaldeasturias.com\/noticias\/wp-json\/wp\/v2\/media?parent=1030528"}],"wp:term":[{"taxonomy":"category","embeddable":true,"href":"https:\/\/www.eldigitaldeasturias.com\/noticias\/wp-json\/wp\/v2\/categories?post=1030528"},{"taxonomy":"post_tag","embeddable":true,"href":"https:\/\/www.eldigitaldeasturias.com\/noticias\/wp-json\/wp\/v2\/tags?post=1030528"}],"curies":[{"name":"wp","href":"https:\/\/api.w.org\/{rel}","templated":true}]}}