{"id":1030487,"date":"2019-06-11T22:25:37","date_gmt":"2019-06-11T22:25:37","guid":{"rendered":"https:\/\/www.eldigitaldeasturias.com\/noticias\/?p=1030487"},"modified":"2019-06-11T22:25:37","modified_gmt":"2019-06-11T22:25:37","slug":"bierhoff-sane-seria-bueno-para-la-bundesliga","status":"publish","type":"post","link":"https:\/\/www.eldigitaldeasturias.com\/noticias\/bierhoff-sane-seria-bueno-para-la-bundesliga\/","title":{"rendered":"Bierhoff: \u00abSan\u00e9 ser\u00eda bueno para la Bundesliga\u00bb"},"content":{"rendered":"<p><img loading=\"lazy\" decoding=\"async\" class=\"alignleft size-medium wp-image-1030488\" src=\"https:\/\/www.eldigitaldeasturias.com\/noticias\/wp-content\/uploads\/2019\/06\/Bierhoff-sobre-Sane-360x259.jpg\" alt=\"\" width=\"360\" height=\"259\" srcset=\"https:\/\/www.eldigitaldeasturias.com\/noticias\/wp-content\/uploads\/2019\/06\/Bierhoff-sobre-Sane-360x259.jpg 360w, https:\/\/www.eldigitaldeasturias.com\/noticias\/wp-content\/uploads\/2019\/06\/Bierhoff-sobre-Sane-768x553.jpg 768w, https:\/\/www.eldigitaldeasturias.com\/noticias\/wp-content\/uploads\/2019\/06\/Bierhoff-sobre-Sane-650x468.jpg 650w, https:\/\/www.eldigitaldeasturias.com\/noticias\/wp-content\/uploads\/2019\/06\/Bierhoff-sobre-Sane.jpg 926w\" sizes=\"auto, (max-width: 360px) 100vw, 360px\" \/>Maguncia (Alemania), 11 jun (dpa) &#8211; Oliver Bierhoff, director deportivo de la Federaci\u00f3n Alemana de F\u00fatbol (DFB, seg\u00fan sus siglas en alem\u00e1n), consider\u00f3 que los jugadores j\u00f3venes como Leroy San\u00e9, Serge Gnabry y Julian Brandt pueden ser una gran oportunidad para la selecci\u00f3n alemana de f\u00fatbol.<\/p>\n<p>\u00abVeo con alegr\u00eda lo r\u00e1pido que crecen algunos jugadores. Si tomo a Lerey y lo comparo con la \u00e9poca anterior al Mundial. O a Brandt o a Gnabry. Son todos jugadores que ya destacaron con nosotros a pesar de que reci\u00e9n tienen 20 a\u00f1os. Lo que tiene que venir ahora es la continuidad\u00bb, alert\u00f3 el ex jugador en declaraciones que publica hoy el portal \u00abSportbuzzer\u00bb.<\/p>\n<p>San\u00e9, de 23 a\u00f1os, al que el Bayern M\u00fanich quisiera comprar al Manchester City, Gnabry, de la misma edad, que ya juega en el club b\u00e1varo, y Brandt, tambi\u00e9n de 23, que pr\u00f3ximamente jugar\u00e1 en el Dortmund, \u00abencarnan otra generaci\u00f3n, con otras formas\u00bb, dijo Bierhoff. \u00abCreo que los espectadores tienen ganas de eso\u00bb.<\/p>\n<p>Tambi\u00e9n Kai Havertz del Leverkusen, que el d\u00eda del partido clasificatorio de la Eurocopa contra Estonia cumpli\u00f3 20 a\u00f1os, Timo Werner del Leipzig, de 23, el defensor Lukas Klostermann, tambi\u00e9n del Leipzig y de 23, Niklas S\u00fcle del Bayern, de 23, Thilo Kehrer del Paris Saint-Germain, de 22, Leon Goretzka del Bayern, de 24, y Jonathan Tah del Leverkusen, de 23, forman parte de esa nueva generaci\u00f3n de portadores de esperanza.<\/p>\n<p>Lo importante es que en sus clubes jueguen al m\u00e1s alto nivel regularmente, subray\u00f3 Bierhoff. Por eso, es tan bueno el cambio de Brandt del Bayer Leverkusen al Borussia Dortmund, \u00abporque en el Dortmund puede dar sus pr\u00f3ximos pasos, sin irse enseguida al Barcelona o al Real Madrid\u00bb.<\/p>\n<p>En cuanto a San\u00e9, puede imponerse en cualquier lugar, considera Bierhoff. \u00abComo sea, a la Bundesliga le har\u00eda bien si un jugador como Leroy San\u00e9 estuviera aqu\u00ed\u00bb.<\/p>\n<p><em>Foto: Uwe Anspach\/dpa<\/em><\/p>\n<p>&nbsp;<\/p>\n","protected":false},"excerpt":{"rendered":"<p>Maguncia (Alemania), 11 jun (dpa) &#8211; Oliver Bierhoff, director deportivo de la Federaci\u00f3n Alemana de F\u00fatbol (DFB, seg\u00fan sus siglas en alem\u00e1n), consider\u00f3 que los jugadores j\u00f3venes como Leroy San\u00e9, Serge Gnabry y Julian Brandt pueden ser una gran oportunidad para la selecci\u00f3n alemana de f\u00fatbol. \u00abVeo con alegr\u00eda lo r\u00e1pido que crecen algunos jugadores. [&hellip;]<\/p>\n","protected":false},"author":1,"featured_media":1030488,"comment_status":"closed","ping_status":"closed","sticky":false,"template":"","format":"standard","meta":{"footnotes":""},"categories":[190],"tags":[],"class_list":["post-1030487","post","type-post","status-publish","format-standard","has-post-thumbnail","hentry","category-deportes"],"aioseo_notices":[],"aioseo_head":"\n\t\t<!-- All in One SEO Pro 4.9.6.2 - aioseo.com -->\n\t<meta name=\"description\" content=\"Maguncia (Alemania), 11 jun (dpa) - Oliver Bierhoff, director deportivo de la Federaci\u00f3n Alemana de F\u00fatbol (DFB, seg\u00fan sus siglas en alem\u00e1n), consider\u00f3 que los jugadores j\u00f3venes como Leroy San\u00e9, Serge Gnabry y Julian Brandt pueden ser una gran oportunidad para la selecci\u00f3n alemana de f\u00fatbol. &quot;Veo con alegr\u00eda lo r\u00e1pido que crecen algunos jugadores.\" \/>\n\t<meta name=\"robots\" content=\"max-image-preview:large\" \/>\n\t<meta name=\"author\" content=\"El Digital de Asturias\"\/>\n\t<meta name=\"google-site-verification\" content=\"UA-38556648-1\" \/>\n\t<meta name=\"msvalidate.01\" content=\"7dfe9f3f1b24437ab69f4f2559babe99\" \/>\n\t<meta name=\"keywords\" content=\"deportes\" \/>\n\t<link rel=\"canonical\" href=\"https:\/\/www.eldigitaldeasturias.com\/noticias\/bierhoff-sane-seria-bueno-para-la-bundesliga\/\" \/>\n\t<meta name=\"generator\" content=\"All in One SEO Pro (AIOSEO) 4.9.6.2\" \/>\n\t\t<meta property=\"og:locale\" content=\"es_ES\" \/>\n\t\t<meta property=\"og:site_name\" content=\"El Digital de Asturias\" \/>\n\t\t<meta property=\"og:type\" content=\"article\" \/>\n\t\t<meta property=\"og:title\" content=\"Bierhoff: \u00abSan\u00e9 ser\u00eda bueno para la Bundesliga\u00bb - El Digital de Asturias\" \/>\n\t\t<meta property=\"og:description\" content=\"Maguncia (Alemania), 11 jun (dpa) - Oliver Bierhoff, director deportivo de la Federaci\u00f3n Alemana de F\u00fatbol (DFB, seg\u00fan sus siglas en alem\u00e1n), consider\u00f3 que los jugadores j\u00f3venes como Leroy San\u00e9, Serge Gnabry y Julian Brandt pueden ser una gran oportunidad para la selecci\u00f3n alemana de f\u00fatbol. &quot;Veo con alegr\u00eda lo r\u00e1pido que crecen algunos jugadores.\" \/>\n\t\t<meta property=\"og:url\" content=\"https:\/\/www.eldigitaldeasturias.com\/noticias\/bierhoff-sane-seria-bueno-para-la-bundesliga\/\" \/>\n\t\t<meta property=\"og:image\" content=\"https:\/\/www.eldigitaldeasturias.com\/noticias\/wp-content\/uploads\/2019\/06\/Bierhoff-sobre-Sane.jpg\" \/>\n\t\t<meta property=\"og:image:secure_url\" content=\"https:\/\/www.eldigitaldeasturias.com\/noticias\/wp-content\/uploads\/2019\/06\/Bierhoff-sobre-Sane.jpg\" \/>\n\t\t<meta property=\"og:image:width\" content=\"926\" \/>\n\t\t<meta property=\"og:image:height\" content=\"667\" \/>\n\t\t<meta property=\"article:tag\" content=\"deportes\" \/>\n\t\t<meta property=\"article:published_time\" content=\"2019-06-11T22:25:37+00:00\" \/>\n\t\t<meta property=\"article:modified_time\" content=\"2019-06-11T22:25:37+00:00\" \/>\n\t\t<meta property=\"article:publisher\" content=\"https:\/\/facebook.com\/eldigitaldeasturias\" \/>\n\t\t<meta name=\"twitter:card\" content=\"summary_large_image\" \/>\n\t\t<meta name=\"twitter:title\" content=\"Bierhoff: \u00abSan\u00e9 ser\u00eda bueno para la Bundesliga\u00bb - El Digital de Asturias\" \/>\n\t\t<meta name=\"twitter:description\" content=\"Maguncia (Alemania), 11 jun (dpa) - Oliver Bierhoff, director deportivo de la Federaci\u00f3n Alemana de F\u00fatbol (DFB, seg\u00fan sus siglas en alem\u00e1n), consider\u00f3 que los jugadores j\u00f3venes como Leroy San\u00e9, Serge Gnabry y Julian Brandt pueden ser una gran oportunidad para la selecci\u00f3n alemana de f\u00fatbol. &quot;Veo con alegr\u00eda lo r\u00e1pido que crecen algunos jugadores.\" \/>\n\t\t<meta name=\"twitter:image\" content=\"https:\/\/www.eldigitaldeasturias.com\/noticias\/wp-content\/uploads\/2019\/06\/Bierhoff-sobre-Sane.jpg\" \/>\n\t\t<meta name=\"twitter:label1\" content=\"Escrito por\" \/>\n\t\t<meta name=\"twitter:data1\" content=\"El Digital de Asturias\" \/>\n\t\t<meta name=\"twitter:label2\" content=\"Tiempo de lectura estimado\" \/>\n\t\t<meta name=\"twitter:data2\" content=\"2 minutos\" \/>\n\t\t<script type=\"application\/ld+json\" class=\"aioseo-schema\">\n\t\t\t{\"@context\":\"https:\\\/\\\/schema.org\",\"@graph\":[{\"@type\":\"BlogPosting\",\"@id\":\"https:\\\/\\\/www.eldigitaldeasturias.com\\\/noticias\\\/bierhoff-sane-seria-bueno-para-la-bundesliga\\\/#blogposting\",\"name\":\"Bierhoff: \\u00abSan\\u00e9 ser\\u00eda bueno para la Bundesliga\\u00bb - El Digital de Asturias\",\"headline\":\"Bierhoff: \\u00abSan\\u00e9 ser\\u00eda bueno para la Bundesliga\\u00bb\",\"author\":{\"@id\":\"https:\\\/\\\/www.eldigitaldeasturias.com\\\/noticias\\\/author\\\/admin\\\/#author\"},\"publisher\":{\"@id\":\"https:\\\/\\\/www.eldigitaldeasturias.com\\\/noticias\\\/#organization\"},\"image\":{\"@type\":\"ImageObject\",\"url\":\"https:\\\/\\\/www.eldigitaldeasturias.com\\\/noticias\\\/wp-content\\\/uploads\\\/2019\\\/06\\\/Bierhoff-sobre-Sane.jpg\",\"width\":926,\"height\":667},\"datePublished\":\"2019-06-11T22:25:37+02:00\",\"dateModified\":\"2019-06-11T22:25:37+02:00\",\"inLanguage\":\"es-ES\",\"mainEntityOfPage\":{\"@id\":\"https:\\\/\\\/www.eldigitaldeasturias.com\\\/noticias\\\/bierhoff-sane-seria-bueno-para-la-bundesliga\\\/#webpage\"},\"isPartOf\":{\"@id\":\"https:\\\/\\\/www.eldigitaldeasturias.com\\\/noticias\\\/bierhoff-sane-seria-bueno-para-la-bundesliga\\\/#webpage\"},\"articleSection\":\"Deportes\"},{\"@type\":\"BreadcrumbList\",\"@id\":\"https:\\\/\\\/www.eldigitaldeasturias.com\\\/noticias\\\/bierhoff-sane-seria-bueno-para-la-bundesliga\\\/#breadcrumblist\",\"itemListElement\":[{\"@type\":\"ListItem\",\"@id\":\"https:\\\/\\\/www.eldigitaldeasturias.com\\\/noticias#listItem\",\"position\":1,\"name\":\"Home\",\"item\":\"https:\\\/\\\/www.eldigitaldeasturias.com\\\/noticias\",\"nextItem\":{\"@type\":\"ListItem\",\"@id\":\"https:\\\/\\\/www.eldigitaldeasturias.com\\\/noticias\\\/category\\\/deportes\\\/#listItem\",\"name\":\"Deportes\"}},{\"@type\":\"ListItem\",\"@id\":\"https:\\\/\\\/www.eldigitaldeasturias.com\\\/noticias\\\/category\\\/deportes\\\/#listItem\",\"position\":2,\"name\":\"Deportes\",\"item\":\"https:\\\/\\\/www.eldigitaldeasturias.com\\\/noticias\\\/category\\\/deportes\\\/\",\"nextItem\":{\"@type\":\"ListItem\",\"@id\":\"https:\\\/\\\/www.eldigitaldeasturias.com\\\/noticias\\\/bierhoff-sane-seria-bueno-para-la-bundesliga\\\/#listItem\",\"name\":\"Bierhoff: \\u00abSan\\u00e9 ser\\u00eda bueno para la Bundesliga\\u00bb\"},\"previousItem\":{\"@type\":\"ListItem\",\"@id\":\"https:\\\/\\\/www.eldigitaldeasturias.com\\\/noticias#listItem\",\"name\":\"Home\"}},{\"@type\":\"ListItem\",\"@id\":\"https:\\\/\\\/www.eldigitaldeasturias.com\\\/noticias\\\/bierhoff-sane-seria-bueno-para-la-bundesliga\\\/#listItem\",\"position\":3,\"name\":\"Bierhoff: \\u00abSan\\u00e9 ser\\u00eda bueno para la Bundesliga\\u00bb\",\"previousItem\":{\"@type\":\"ListItem\",\"@id\":\"https:\\\/\\\/www.eldigitaldeasturias.com\\\/noticias\\\/category\\\/deportes\\\/#listItem\",\"name\":\"Deportes\"}}]},{\"@type\":\"Organization\",\"@id\":\"https:\\\/\\\/www.eldigitaldeasturias.com\\\/noticias\\\/#organization\",\"name\":\"El Digital de Asturias\",\"description\":\"Hemeroteca\",\"url\":\"https:\\\/\\\/www.eldigitaldeasturias.com\\\/noticias\\\/\",\"email\":\"info@eldigitaldeasturias.com\",\"telephone\":\"+34652131393\",\"logo\":{\"@type\":\"ImageObject\",\"url\":\"https:\\\/\\\/www.eldigitaldeasturias.com\\\/noticias\\\/wp-content\\\/uploads\\\/2020\\\/12\\\/EDA.jpg\",\"@id\":\"https:\\\/\\\/www.eldigitaldeasturias.com\\\/noticias\\\/bierhoff-sane-seria-bueno-para-la-bundesliga\\\/#organizationLogo\",\"width\":649,\"height\":297},\"image\":{\"@id\":\"https:\\\/\\\/www.eldigitaldeasturias.com\\\/noticias\\\/bierhoff-sane-seria-bueno-para-la-bundesliga\\\/#organizationLogo\"},\"sameAs\":[\"https:\\\/\\\/facebook.com\\\/eldigitaldeasturias\",\"https:\\\/\\\/www.youtube.com\\\/channel\\\/UCZP-2wLEB9Rv6erhFmqVnvg\"],\"address\":{\"@id\":\"https:\\\/\\\/www.eldigitaldeasturias.com\\\/noticias\\\/#postaladdress\",\"@type\":\"PostalAddress\",\"streetAddress\":\"san antonio 4,\",\"postalCode\":\"33430\",\"addressLocality\":\"Cand\\u00e1s\",\"addressRegion\":\"Asturias\",\"addressCountry\":\"ES\"}},{\"@type\":\"Person\",\"@id\":\"https:\\\/\\\/www.eldigitaldeasturias.com\\\/noticias\\\/author\\\/admin\\\/#author\",\"url\":\"https:\\\/\\\/www.eldigitaldeasturias.com\\\/noticias\\\/author\\\/admin\\\/\",\"name\":\"El Digital de Asturias\",\"image\":{\"@type\":\"ImageObject\",\"@id\":\"https:\\\/\\\/www.eldigitaldeasturias.com\\\/noticias\\\/bierhoff-sane-seria-bueno-para-la-bundesliga\\\/#authorImage\",\"url\":\"https:\\\/\\\/www.eldigitaldeasturias.com\\\/noticias\\\/wp-content\\\/litespeed\\\/avatar\\\/18677e78aa0546b92d9dbf31ec7d7668.jpg?ver=1777290358\",\"width\":96,\"height\":96,\"caption\":\"El Digital de Asturias\"}},{\"@type\":\"WebPage\",\"@id\":\"https:\\\/\\\/www.eldigitaldeasturias.com\\\/noticias\\\/bierhoff-sane-seria-bueno-para-la-bundesliga\\\/#webpage\",\"url\":\"https:\\\/\\\/www.eldigitaldeasturias.com\\\/noticias\\\/bierhoff-sane-seria-bueno-para-la-bundesliga\\\/\",\"name\":\"Bierhoff: \\u00abSan\\u00e9 ser\\u00eda bueno para la Bundesliga\\u00bb - El Digital de Asturias\",\"description\":\"Maguncia (Alemania), 11 jun (dpa) - Oliver Bierhoff, director deportivo de la Federaci\\u00f3n Alemana de F\\u00fatbol (DFB, seg\\u00fan sus siglas en alem\\u00e1n), consider\\u00f3 que los jugadores j\\u00f3venes como Leroy San\\u00e9, Serge Gnabry y Julian Brandt pueden ser una gran oportunidad para la selecci\\u00f3n alemana de f\\u00fatbol. \\\"Veo con alegr\\u00eda lo r\\u00e1pido que crecen algunos jugadores.\",\"inLanguage\":\"es-ES\",\"isPartOf\":{\"@id\":\"https:\\\/\\\/www.eldigitaldeasturias.com\\\/noticias\\\/#website\"},\"breadcrumb\":{\"@id\":\"https:\\\/\\\/www.eldigitaldeasturias.com\\\/noticias\\\/bierhoff-sane-seria-bueno-para-la-bundesliga\\\/#breadcrumblist\"},\"author\":{\"@id\":\"https:\\\/\\\/www.eldigitaldeasturias.com\\\/noticias\\\/author\\\/admin\\\/#author\"},\"creator\":{\"@id\":\"https:\\\/\\\/www.eldigitaldeasturias.com\\\/noticias\\\/author\\\/admin\\\/#author\"},\"image\":{\"@type\":\"ImageObject\",\"url\":\"https:\\\/\\\/www.eldigitaldeasturias.com\\\/noticias\\\/wp-content\\\/uploads\\\/2019\\\/06\\\/Bierhoff-sobre-Sane.jpg\",\"@id\":\"https:\\\/\\\/www.eldigitaldeasturias.com\\\/noticias\\\/bierhoff-sane-seria-bueno-para-la-bundesliga\\\/#mainImage\",\"width\":926,\"height\":667},\"primaryImageOfPage\":{\"@id\":\"https:\\\/\\\/www.eldigitaldeasturias.com\\\/noticias\\\/bierhoff-sane-seria-bueno-para-la-bundesliga\\\/#mainImage\"},\"datePublished\":\"2019-06-11T22:25:37+02:00\",\"dateModified\":\"2019-06-11T22:25:37+02:00\"},{\"@type\":\"WebSite\",\"@id\":\"https:\\\/\\\/www.eldigitaldeasturias.com\\\/noticias\\\/#website\",\"url\":\"https:\\\/\\\/www.eldigitaldeasturias.com\\\/noticias\\\/\",\"name\":\"El Digital de Asturias - Diario de actualidad y noticias\",\"alternateName\":\"El Digital de Asturias - Diario de actualidad y noticias\",\"description\":\"Hemeroteca\",\"inLanguage\":\"es-ES\",\"publisher\":{\"@id\":\"https:\\\/\\\/www.eldigitaldeasturias.com\\\/noticias\\\/#organization\"}}]}\n\t\t<\/script>\n\t\t<!-- All in One SEO Pro -->\r\n\t\t<title>Bierhoff: \u00abSan\u00e9 ser\u00eda bueno para la Bundesliga\u00bb - El Digital de Asturias<\/title>\n\n","aioseo_head_json":{"title":"Bierhoff: \u00abSan\u00e9 ser\u00eda bueno para la Bundesliga\u00bb - El Digital de Asturias","description":"Maguncia (Alemania), 11 jun (dpa) - Oliver Bierhoff, director deportivo de la Federaci\u00f3n Alemana de F\u00fatbol (DFB, seg\u00fan sus siglas en alem\u00e1n), consider\u00f3 que los jugadores j\u00f3venes como Leroy San\u00e9, Serge Gnabry y Julian Brandt pueden ser una gran oportunidad para la selecci\u00f3n alemana de f\u00fatbol. \"Veo con alegr\u00eda lo r\u00e1pido que crecen algunos jugadores.","canonical_url":"https:\/\/www.eldigitaldeasturias.com\/noticias\/bierhoff-sane-seria-bueno-para-la-bundesliga\/","robots":"max-image-preview:large","keywords":"deportes","webmasterTools":{"google-site-verification":"UA-38556648-1","msvalidate.01":"7dfe9f3f1b24437ab69f4f2559babe99","miscellaneous":""},"schema":{"@context":"https:\/\/schema.org","@graph":[{"@type":"BlogPosting","@id":"https:\/\/www.eldigitaldeasturias.com\/noticias\/bierhoff-sane-seria-bueno-para-la-bundesliga\/#blogposting","name":"Bierhoff: \u00abSan\u00e9 ser\u00eda bueno para la Bundesliga\u00bb - El Digital de Asturias","headline":"Bierhoff: \u00abSan\u00e9 ser\u00eda bueno para la Bundesliga\u00bb","author":{"@id":"https:\/\/www.eldigitaldeasturias.com\/noticias\/author\/admin\/#author"},"publisher":{"@id":"https:\/\/www.eldigitaldeasturias.com\/noticias\/#organization"},"image":{"@type":"ImageObject","url":"https:\/\/www.eldigitaldeasturias.com\/noticias\/wp-content\/uploads\/2019\/06\/Bierhoff-sobre-Sane.jpg","width":926,"height":667},"datePublished":"2019-06-11T22:25:37+02:00","dateModified":"2019-06-11T22:25:37+02:00","inLanguage":"es-ES","mainEntityOfPage":{"@id":"https:\/\/www.eldigitaldeasturias.com\/noticias\/bierhoff-sane-seria-bueno-para-la-bundesliga\/#webpage"},"isPartOf":{"@id":"https:\/\/www.eldigitaldeasturias.com\/noticias\/bierhoff-sane-seria-bueno-para-la-bundesliga\/#webpage"},"articleSection":"Deportes"},{"@type":"BreadcrumbList","@id":"https:\/\/www.eldigitaldeasturias.com\/noticias\/bierhoff-sane-seria-bueno-para-la-bundesliga\/#breadcrumblist","itemListElement":[{"@type":"ListItem","@id":"https:\/\/www.eldigitaldeasturias.com\/noticias#listItem","position":1,"name":"Home","item":"https:\/\/www.eldigitaldeasturias.com\/noticias","nextItem":{"@type":"ListItem","@id":"https:\/\/www.eldigitaldeasturias.com\/noticias\/category\/deportes\/#listItem","name":"Deportes"}},{"@type":"ListItem","@id":"https:\/\/www.eldigitaldeasturias.com\/noticias\/category\/deportes\/#listItem","position":2,"name":"Deportes","item":"https:\/\/www.eldigitaldeasturias.com\/noticias\/category\/deportes\/","nextItem":{"@type":"ListItem","@id":"https:\/\/www.eldigitaldeasturias.com\/noticias\/bierhoff-sane-seria-bueno-para-la-bundesliga\/#listItem","name":"Bierhoff: \u00abSan\u00e9 ser\u00eda bueno para la Bundesliga\u00bb"},"previousItem":{"@type":"ListItem","@id":"https:\/\/www.eldigitaldeasturias.com\/noticias#listItem","name":"Home"}},{"@type":"ListItem","@id":"https:\/\/www.eldigitaldeasturias.com\/noticias\/bierhoff-sane-seria-bueno-para-la-bundesliga\/#listItem","position":3,"name":"Bierhoff: \u00abSan\u00e9 ser\u00eda bueno para la Bundesliga\u00bb","previousItem":{"@type":"ListItem","@id":"https:\/\/www.eldigitaldeasturias.com\/noticias\/category\/deportes\/#listItem","name":"Deportes"}}]},{"@type":"Organization","@id":"https:\/\/www.eldigitaldeasturias.com\/noticias\/#organization","name":"El Digital de Asturias","description":"Hemeroteca","url":"https:\/\/www.eldigitaldeasturias.com\/noticias\/","email":"info@eldigitaldeasturias.com","telephone":"+34652131393","logo":{"@type":"ImageObject","url":"https:\/\/www.eldigitaldeasturias.com\/noticias\/wp-content\/uploads\/2020\/12\/EDA.jpg","@id":"https:\/\/www.eldigitaldeasturias.com\/noticias\/bierhoff-sane-seria-bueno-para-la-bundesliga\/#organizationLogo","width":649,"height":297},"image":{"@id":"https:\/\/www.eldigitaldeasturias.com\/noticias\/bierhoff-sane-seria-bueno-para-la-bundesliga\/#organizationLogo"},"sameAs":["https:\/\/facebook.com\/eldigitaldeasturias","https:\/\/www.youtube.com\/channel\/UCZP-2wLEB9Rv6erhFmqVnvg"],"address":{"@id":"https:\/\/www.eldigitaldeasturias.com\/noticias\/#postaladdress","@type":"PostalAddress","streetAddress":"san antonio 4,","postalCode":"33430","addressLocality":"Cand\u00e1s","addressRegion":"Asturias","addressCountry":"ES"}},{"@type":"Person","@id":"https:\/\/www.eldigitaldeasturias.com\/noticias\/author\/admin\/#author","url":"https:\/\/www.eldigitaldeasturias.com\/noticias\/author\/admin\/","name":"El Digital de Asturias","image":{"@type":"ImageObject","@id":"https:\/\/www.eldigitaldeasturias.com\/noticias\/bierhoff-sane-seria-bueno-para-la-bundesliga\/#authorImage","url":"https:\/\/www.eldigitaldeasturias.com\/noticias\/wp-content\/litespeed\/avatar\/18677e78aa0546b92d9dbf31ec7d7668.jpg?ver=1777290358","width":96,"height":96,"caption":"El Digital de Asturias"}},{"@type":"WebPage","@id":"https:\/\/www.eldigitaldeasturias.com\/noticias\/bierhoff-sane-seria-bueno-para-la-bundesliga\/#webpage","url":"https:\/\/www.eldigitaldeasturias.com\/noticias\/bierhoff-sane-seria-bueno-para-la-bundesliga\/","name":"Bierhoff: \u00abSan\u00e9 ser\u00eda bueno para la Bundesliga\u00bb - El Digital de Asturias","description":"Maguncia (Alemania), 11 jun (dpa) - Oliver Bierhoff, director deportivo de la Federaci\u00f3n Alemana de F\u00fatbol (DFB, seg\u00fan sus siglas en alem\u00e1n), consider\u00f3 que los jugadores j\u00f3venes como Leroy San\u00e9, Serge Gnabry y Julian Brandt pueden ser una gran oportunidad para la selecci\u00f3n alemana de f\u00fatbol. \"Veo con alegr\u00eda lo r\u00e1pido que crecen algunos jugadores.","inLanguage":"es-ES","isPartOf":{"@id":"https:\/\/www.eldigitaldeasturias.com\/noticias\/#website"},"breadcrumb":{"@id":"https:\/\/www.eldigitaldeasturias.com\/noticias\/bierhoff-sane-seria-bueno-para-la-bundesliga\/#breadcrumblist"},"author":{"@id":"https:\/\/www.eldigitaldeasturias.com\/noticias\/author\/admin\/#author"},"creator":{"@id":"https:\/\/www.eldigitaldeasturias.com\/noticias\/author\/admin\/#author"},"image":{"@type":"ImageObject","url":"https:\/\/www.eldigitaldeasturias.com\/noticias\/wp-content\/uploads\/2019\/06\/Bierhoff-sobre-Sane.jpg","@id":"https:\/\/www.eldigitaldeasturias.com\/noticias\/bierhoff-sane-seria-bueno-para-la-bundesliga\/#mainImage","width":926,"height":667},"primaryImageOfPage":{"@id":"https:\/\/www.eldigitaldeasturias.com\/noticias\/bierhoff-sane-seria-bueno-para-la-bundesliga\/#mainImage"},"datePublished":"2019-06-11T22:25:37+02:00","dateModified":"2019-06-11T22:25:37+02:00"},{"@type":"WebSite","@id":"https:\/\/www.eldigitaldeasturias.com\/noticias\/#website","url":"https:\/\/www.eldigitaldeasturias.com\/noticias\/","name":"El Digital de Asturias - Diario de actualidad y noticias","alternateName":"El Digital de Asturias - Diario de actualidad y noticias","description":"Hemeroteca","inLanguage":"es-ES","publisher":{"@id":"https:\/\/www.eldigitaldeasturias.com\/noticias\/#organization"}}]},"og:locale":"es_ES","og:site_name":"El Digital de Asturias","og:type":"article","og:title":"Bierhoff: \u00abSan\u00e9 ser\u00eda bueno para la Bundesliga\u00bb - El Digital de Asturias","og:description":"Maguncia (Alemania), 11 jun (dpa) - Oliver Bierhoff, director deportivo de la Federaci\u00f3n Alemana de F\u00fatbol (DFB, seg\u00fan sus siglas en alem\u00e1n), consider\u00f3 que los jugadores j\u00f3venes como Leroy San\u00e9, Serge Gnabry y Julian Brandt pueden ser una gran oportunidad para la selecci\u00f3n alemana de f\u00fatbol. &quot;Veo con alegr\u00eda lo r\u00e1pido que crecen algunos jugadores.","og:url":"https:\/\/www.eldigitaldeasturias.com\/noticias\/bierhoff-sane-seria-bueno-para-la-bundesliga\/","og:image":"https:\/\/www.eldigitaldeasturias.com\/noticias\/wp-content\/uploads\/2019\/06\/Bierhoff-sobre-Sane.jpg","og:image:secure_url":"https:\/\/www.eldigitaldeasturias.com\/noticias\/wp-content\/uploads\/2019\/06\/Bierhoff-sobre-Sane.jpg","og:image:width":926,"og:image:height":667,"article:tag":["deportes"],"article:published_time":"2019-06-11T22:25:37+00:00","article:modified_time":"2019-06-11T22:25:37+00:00","article:publisher":"https:\/\/facebook.com\/eldigitaldeasturias","twitter:card":"summary_large_image","twitter:title":"Bierhoff: \u00abSan\u00e9 ser\u00eda bueno para la Bundesliga\u00bb - El Digital de Asturias","twitter:description":"Maguncia (Alemania), 11 jun (dpa) - Oliver Bierhoff, director deportivo de la Federaci\u00f3n Alemana de F\u00fatbol (DFB, seg\u00fan sus siglas en alem\u00e1n), consider\u00f3 que los jugadores j\u00f3venes como Leroy San\u00e9, Serge Gnabry y Julian Brandt pueden ser una gran oportunidad para la selecci\u00f3n alemana de f\u00fatbol. &quot;Veo con alegr\u00eda lo r\u00e1pido que crecen algunos jugadores.","twitter:image":"https:\/\/www.eldigitaldeasturias.com\/noticias\/wp-content\/uploads\/2019\/06\/Bierhoff-sobre-Sane.jpg","twitter:label1":"Escrito por","twitter:data1":"El Digital de Asturias","twitter:label2":"Tiempo de lectura estimado","twitter:data2":"2 minutos"},"aioseo_meta_data":{"post_id":"1030487","title":null,"description":null,"keywords":null,"keyphrases":null,"primary_term":null,"canonical_url":null,"og_title":null,"og_description":null,"og_object_type":"default","og_image_type":"default","og_image_url":null,"og_image_width":null,"og_image_height":null,"og_image_custom_url":null,"og_image_custom_fields":null,"og_video":null,"og_custom_url":null,"og_article_section":null,"og_article_tags":null,"twitter_use_og":false,"twitter_card":"default","twitter_image_type":"default","twitter_image_url":null,"twitter_image_custom_url":null,"twitter_image_custom_fields":null,"twitter_title":null,"twitter_description":null,"schema":{"blockGraphs":[],"customGraphs":[],"default":{"data":{"Article":[],"Course":[],"Dataset":[],"FAQPage":[],"Movie":[],"Person":[],"Product":[],"ProductReview":[],"Car":[],"Recipe":[],"Service":[],"SoftwareApplication":[],"WebPage":[]},"graphName":"","isEnabled":true},"graphs":[],"defaultGraph":"","defaultPostTypeGraph":""},"schema_type":null,"schema_type_options":null,"pillar_content":false,"robots_default":true,"robots_noindex":false,"robots_noarchive":false,"robots_nosnippet":false,"robots_nofollow":false,"robots_noimageindex":false,"robots_noodp":false,"robots_notranslate":false,"robots_max_snippet":null,"robots_max_videopreview":null,"robots_max_imagepreview":"large","priority":null,"frequency":null,"local_seo":null,"seo_analyzer_scan_date":"2025-10-18 15:51:08","breadcrumb_settings":null,"limit_modified_date":false,"open_ai":null,"ai":null,"created":"2020-12-21 11:10:37","updated":"2025-10-18 15:51:08"},"aioseo_breadcrumb":"<div class=\"aioseo-breadcrumbs\"><span class=\"aioseo-breadcrumb\">\n\t<a href=\"https:\/\/www.eldigitaldeasturias.com\/noticias\" title=\"Home\">Home<\/a>\n<\/span><span class=\"aioseo-breadcrumb-separator\">\u2013<\/span><span class=\"aioseo-breadcrumb\">\n\t<a href=\"https:\/\/www.eldigitaldeasturias.com\/noticias\/category\/deportes\/\" title=\"Deportes\">Deportes<\/a>\n<\/span><span class=\"aioseo-breadcrumb-separator\">\u2013<\/span><span class=\"aioseo-breadcrumb\">\n\t<a href=\"https:\/\/www.eldigitaldeasturias.com\/noticias\/bierhoff-sane-seria-bueno-para-la-bundesliga\/\" title=\"Bierhoff: \u00abSan\u00e9 ser\u00eda bueno para la Bundesliga\u00bb\">Bierhoff: \u00abSan\u00e9 ser\u00eda bueno para la Bundesliga\u00bb<\/a>\n<\/span><\/div>","aioseo_breadcrumb_json":[{"label":"Home","link":"https:\/\/www.eldigitaldeasturias.com\/noticias"},{"label":"Deportes","link":"https:\/\/www.eldigitaldeasturias.com\/noticias\/category\/deportes\/"},{"label":"Bierhoff: \u00abSan\u00e9 ser\u00eda bueno para la Bundesliga\u00bb","link":"https:\/\/www.eldigitaldeasturias.com\/noticias\/bierhoff-sane-seria-bueno-para-la-bundesliga\/"}],"_links":{"self":[{"href":"https:\/\/www.eldigitaldeasturias.com\/noticias\/wp-json\/wp\/v2\/posts\/1030487","targetHints":{"allow":["GET"]}}],"collection":[{"href":"https:\/\/www.eldigitaldeasturias.com\/noticias\/wp-json\/wp\/v2\/posts"}],"about":[{"href":"https:\/\/www.eldigitaldeasturias.com\/noticias\/wp-json\/wp\/v2\/types\/post"}],"author":[{"embeddable":true,"href":"https:\/\/www.eldigitaldeasturias.com\/noticias\/wp-json\/wp\/v2\/users\/1"}],"replies":[{"embeddable":true,"href":"https:\/\/www.eldigitaldeasturias.com\/noticias\/wp-json\/wp\/v2\/comments?post=1030487"}],"version-history":[{"count":0,"href":"https:\/\/www.eldigitaldeasturias.com\/noticias\/wp-json\/wp\/v2\/posts\/1030487\/revisions"}],"wp:featuredmedia":[{"embeddable":true,"href":"https:\/\/www.eldigitaldeasturias.com\/noticias\/wp-json\/wp\/v2\/media\/1030488"}],"wp:attachment":[{"href":"https:\/\/www.eldigitaldeasturias.com\/noticias\/wp-json\/wp\/v2\/media?parent=1030487"}],"wp:term":[{"taxonomy":"category","embeddable":true,"href":"https:\/\/www.eldigitaldeasturias.com\/noticias\/wp-json\/wp\/v2\/categories?post=1030487"},{"taxonomy":"post_tag","embeddable":true,"href":"https:\/\/www.eldigitaldeasturias.com\/noticias\/wp-json\/wp\/v2\/tags?post=1030487"}],"curies":[{"name":"wp","href":"https:\/\/api.w.org\/{rel}","templated":true}]}}