{"id":1030484,"date":"2019-06-11T22:21:42","date_gmt":"2019-06-11T22:21:42","guid":{"rendered":"https:\/\/www.eldigitaldeasturias.com\/noticias\/?p=1030484"},"modified":"2019-06-11T22:21:42","modified_gmt":"2019-06-11T22:21:42","slug":"mundial-femenino-2019-alemania-jugara-sin-marozsan","status":"publish","type":"post","link":"https:\/\/www.eldigitaldeasturias.com\/noticias\/mundial-femenino-2019-alemania-jugara-sin-marozsan\/","title":{"rendered":"Mundial femenino 2019: Alemania jugar\u00e1 sin Marozsan"},"content":{"rendered":"<p><img loading=\"lazy\" decoding=\"async\" class=\"alignleft size-medium wp-image-1030485\" src=\"https:\/\/www.eldigitaldeasturias.com\/noticias\/wp-content\/uploads\/2019\/06\/Dzsenifer-Marozsan-360x233.jpg\" alt=\"\" width=\"360\" height=\"233\" srcset=\"https:\/\/www.eldigitaldeasturias.com\/noticias\/wp-content\/uploads\/2019\/06\/Dzsenifer-Marozsan-360x233.jpg 360w, https:\/\/www.eldigitaldeasturias.com\/noticias\/wp-content\/uploads\/2019\/06\/Dzsenifer-Marozsan-768x496.jpg 768w, https:\/\/www.eldigitaldeasturias.com\/noticias\/wp-content\/uploads\/2019\/06\/Dzsenifer-Marozsan-650x420.jpg 650w, https:\/\/www.eldigitaldeasturias.com\/noticias\/wp-content\/uploads\/2019\/06\/Dzsenifer-Marozsan-1024x662.jpg 1024w, https:\/\/www.eldigitaldeasturias.com\/noticias\/wp-content\/uploads\/2019\/06\/Dzsenifer-Marozsan.jpg 1029w\" sizes=\"auto, (max-width: 360px) 100vw, 360px\" \/>Lille (Francia), 11 jun (dpa) &#8211; La selecci\u00f3n alemana se las tendr\u00e1 que arreglar sin <strong>Dzsenifer Marozsan<\/strong> durante la fase de grupos del Mundial de f\u00fatbol femenino en Francia despu\u00e9s de que la jugadora se quebrara en el partido inicial contra China el dedo medio del pie izquierdo, inform\u00f3 hoy la seleccionadora Marina Voss-Tecklenburg.<\/p>\n<p>Antes del segundo partido de la fase de grupos ante Espa\u00f1a que se juega ma\u00f1ana, la entrenadora coment\u00f3 la lesi\u00f3n de la jugadora de la Federaci\u00f3n Alemana de F\u00fatbol (DFB, seg\u00fan sus siglas en alem\u00e1n) en la ciudad de Valenciennes.<\/p>\n<p>\u00abPor supuesto que fue un shock y primero tuvimos que digerirlo todas\u00bb, dijo Voss-Tecklenburg de 51 a\u00f1os. \u00abSu salida me duele, tambi\u00e9n a m\u00ed en lo personal. Y Dzseni tuvo que procesarlo primero\u00bb, se\u00f1al\u00f3.<\/p>\n<p>Marozsan, de 27 a\u00f1os, de la triunfadora Liga de Campeones Olympique Lyon, faltar\u00e1 al menos hasta el tercer partido de la fase de grupos inclusive, que se disputar\u00e1 contra Sud\u00e1frica el lunes pr\u00f3ximo en Montpellier.<\/p>\n<p>Voss-Teckleburg no pudo decir a\u00fan c\u00f3mo seguir\u00e1 esto. \u00abNo podemos brindar un pron\u00f3stico. Ahora tenemos que compensarlo como equipo y adaptar nuestra forma de juego\u00bb, indic\u00f3.<\/p>\n<p><em>Foto: Sebastian Gollnow\/dpa<\/em><\/p>\n<p>&nbsp;<\/p>\n","protected":false},"excerpt":{"rendered":"<p>Lille (Francia), 11 jun (dpa) &#8211; La selecci\u00f3n alemana se las tendr\u00e1 que arreglar sin Dzsenifer Marozsan durante la fase de grupos del Mundial de f\u00fatbol femenino en Francia despu\u00e9s de que la jugadora se quebrara en el partido inicial contra China el dedo medio del pie izquierdo, inform\u00f3 hoy la seleccionadora Marina Voss-Tecklenburg. Antes [&hellip;]<\/p>\n","protected":false},"author":1,"featured_media":1030485,"comment_status":"closed","ping_status":"closed","sticky":false,"template":"","format":"standard","meta":{"footnotes":""},"categories":[190],"tags":[],"class_list":["post-1030484","post","type-post","status-publish","format-standard","has-post-thumbnail","hentry","category-deportes"],"aioseo_notices":[],"aioseo_head":"\n\t\t<!-- All in One SEO Pro 4.9.6.2 - aioseo.com -->\n\t<meta name=\"description\" content=\"Lille (Francia), 11 jun (dpa) - La selecci\u00f3n alemana se las tendr\u00e1 que arreglar sin Dzsenifer Marozsan durante la fase de grupos del Mundial de f\u00fatbol femenino en Francia despu\u00e9s de que la jugadora se quebrara en el partido inicial contra China el dedo medio del pie izquierdo, inform\u00f3 hoy la seleccionadora Marina Voss-Tecklenburg. Antes\" \/>\n\t<meta name=\"robots\" content=\"max-image-preview:large\" \/>\n\t<meta name=\"author\" content=\"El Digital de Asturias\"\/>\n\t<meta name=\"google-site-verification\" content=\"UA-38556648-1\" \/>\n\t<meta name=\"msvalidate.01\" content=\"7dfe9f3f1b24437ab69f4f2559babe99\" \/>\n\t<meta name=\"keywords\" content=\"deportes\" \/>\n\t<link rel=\"canonical\" href=\"https:\/\/www.eldigitaldeasturias.com\/noticias\/mundial-femenino-2019-alemania-jugara-sin-marozsan\/\" \/>\n\t<meta name=\"generator\" content=\"All in One SEO Pro (AIOSEO) 4.9.6.2\" \/>\n\t\t<meta property=\"og:locale\" content=\"es_ES\" \/>\n\t\t<meta property=\"og:site_name\" content=\"El Digital de Asturias\" \/>\n\t\t<meta property=\"og:type\" content=\"article\" \/>\n\t\t<meta property=\"og:title\" content=\"Mundial femenino 2019: Alemania jugar\u00e1 sin Marozsan - El Digital de Asturias\" \/>\n\t\t<meta property=\"og:description\" content=\"Lille (Francia), 11 jun (dpa) - La selecci\u00f3n alemana se las tendr\u00e1 que arreglar sin Dzsenifer Marozsan durante la fase de grupos del Mundial de f\u00fatbol femenino en Francia despu\u00e9s de que la jugadora se quebrara en el partido inicial contra China el dedo medio del pie izquierdo, inform\u00f3 hoy la seleccionadora Marina Voss-Tecklenburg. Antes\" \/>\n\t\t<meta property=\"og:url\" content=\"https:\/\/www.eldigitaldeasturias.com\/noticias\/mundial-femenino-2019-alemania-jugara-sin-marozsan\/\" \/>\n\t\t<meta property=\"og:image\" content=\"https:\/\/www.eldigitaldeasturias.com\/noticias\/wp-content\/uploads\/2019\/06\/Dzsenifer-Marozsan.jpg\" \/>\n\t\t<meta property=\"og:image:secure_url\" content=\"https:\/\/www.eldigitaldeasturias.com\/noticias\/wp-content\/uploads\/2019\/06\/Dzsenifer-Marozsan.jpg\" \/>\n\t\t<meta property=\"og:image:width\" content=\"1029\" \/>\n\t\t<meta property=\"og:image:height\" content=\"665\" \/>\n\t\t<meta property=\"article:tag\" content=\"deportes\" \/>\n\t\t<meta property=\"article:published_time\" content=\"2019-06-11T22:21:42+00:00\" \/>\n\t\t<meta property=\"article:modified_time\" content=\"2019-06-11T22:21:42+00:00\" \/>\n\t\t<meta property=\"article:publisher\" content=\"https:\/\/facebook.com\/eldigitaldeasturias\" \/>\n\t\t<meta name=\"twitter:card\" content=\"summary_large_image\" \/>\n\t\t<meta name=\"twitter:title\" content=\"Mundial femenino 2019: Alemania jugar\u00e1 sin Marozsan - El Digital de Asturias\" \/>\n\t\t<meta name=\"twitter:description\" content=\"Lille (Francia), 11 jun (dpa) - La selecci\u00f3n alemana se las tendr\u00e1 que arreglar sin Dzsenifer Marozsan durante la fase de grupos del Mundial de f\u00fatbol femenino en Francia despu\u00e9s de que la jugadora se quebrara en el partido inicial contra China el dedo medio del pie izquierdo, inform\u00f3 hoy la seleccionadora Marina Voss-Tecklenburg. Antes\" \/>\n\t\t<meta name=\"twitter:image\" content=\"https:\/\/www.eldigitaldeasturias.com\/noticias\/wp-content\/uploads\/2019\/06\/Dzsenifer-Marozsan.jpg\" \/>\n\t\t<meta name=\"twitter:label1\" content=\"Escrito por\" \/>\n\t\t<meta name=\"twitter:data1\" content=\"El Digital de Asturias\" \/>\n\t\t<meta name=\"twitter:label2\" content=\"Tiempo de lectura estimado\" \/>\n\t\t<meta name=\"twitter:data2\" content=\"1 minuto\" \/>\n\t\t<script type=\"application\/ld+json\" class=\"aioseo-schema\">\n\t\t\t{\"@context\":\"https:\\\/\\\/schema.org\",\"@graph\":[{\"@type\":\"BlogPosting\",\"@id\":\"https:\\\/\\\/www.eldigitaldeasturias.com\\\/noticias\\\/mundial-femenino-2019-alemania-jugara-sin-marozsan\\\/#blogposting\",\"name\":\"Mundial femenino 2019: Alemania jugar\\u00e1 sin Marozsan - El Digital de Asturias\",\"headline\":\"Mundial femenino 2019: Alemania jugar\\u00e1 sin Marozsan\",\"author\":{\"@id\":\"https:\\\/\\\/www.eldigitaldeasturias.com\\\/noticias\\\/author\\\/admin\\\/#author\"},\"publisher\":{\"@id\":\"https:\\\/\\\/www.eldigitaldeasturias.com\\\/noticias\\\/#organization\"},\"image\":{\"@type\":\"ImageObject\",\"url\":\"https:\\\/\\\/www.eldigitaldeasturias.com\\\/noticias\\\/wp-content\\\/uploads\\\/2019\\\/06\\\/Dzsenifer-Marozsan.jpg\",\"width\":1029,\"height\":665},\"datePublished\":\"2019-06-11T22:21:42+02:00\",\"dateModified\":\"2019-06-11T22:21:42+02:00\",\"inLanguage\":\"es-ES\",\"mainEntityOfPage\":{\"@id\":\"https:\\\/\\\/www.eldigitaldeasturias.com\\\/noticias\\\/mundial-femenino-2019-alemania-jugara-sin-marozsan\\\/#webpage\"},\"isPartOf\":{\"@id\":\"https:\\\/\\\/www.eldigitaldeasturias.com\\\/noticias\\\/mundial-femenino-2019-alemania-jugara-sin-marozsan\\\/#webpage\"},\"articleSection\":\"Deportes\"},{\"@type\":\"BreadcrumbList\",\"@id\":\"https:\\\/\\\/www.eldigitaldeasturias.com\\\/noticias\\\/mundial-femenino-2019-alemania-jugara-sin-marozsan\\\/#breadcrumblist\",\"itemListElement\":[{\"@type\":\"ListItem\",\"@id\":\"https:\\\/\\\/www.eldigitaldeasturias.com\\\/noticias#listItem\",\"position\":1,\"name\":\"Home\",\"item\":\"https:\\\/\\\/www.eldigitaldeasturias.com\\\/noticias\",\"nextItem\":{\"@type\":\"ListItem\",\"@id\":\"https:\\\/\\\/www.eldigitaldeasturias.com\\\/noticias\\\/category\\\/deportes\\\/#listItem\",\"name\":\"Deportes\"}},{\"@type\":\"ListItem\",\"@id\":\"https:\\\/\\\/www.eldigitaldeasturias.com\\\/noticias\\\/category\\\/deportes\\\/#listItem\",\"position\":2,\"name\":\"Deportes\",\"item\":\"https:\\\/\\\/www.eldigitaldeasturias.com\\\/noticias\\\/category\\\/deportes\\\/\",\"nextItem\":{\"@type\":\"ListItem\",\"@id\":\"https:\\\/\\\/www.eldigitaldeasturias.com\\\/noticias\\\/mundial-femenino-2019-alemania-jugara-sin-marozsan\\\/#listItem\",\"name\":\"Mundial femenino 2019: Alemania jugar\\u00e1 sin Marozsan\"},\"previousItem\":{\"@type\":\"ListItem\",\"@id\":\"https:\\\/\\\/www.eldigitaldeasturias.com\\\/noticias#listItem\",\"name\":\"Home\"}},{\"@type\":\"ListItem\",\"@id\":\"https:\\\/\\\/www.eldigitaldeasturias.com\\\/noticias\\\/mundial-femenino-2019-alemania-jugara-sin-marozsan\\\/#listItem\",\"position\":3,\"name\":\"Mundial femenino 2019: Alemania jugar\\u00e1 sin Marozsan\",\"previousItem\":{\"@type\":\"ListItem\",\"@id\":\"https:\\\/\\\/www.eldigitaldeasturias.com\\\/noticias\\\/category\\\/deportes\\\/#listItem\",\"name\":\"Deportes\"}}]},{\"@type\":\"Organization\",\"@id\":\"https:\\\/\\\/www.eldigitaldeasturias.com\\\/noticias\\\/#organization\",\"name\":\"El Digital de Asturias\",\"description\":\"Hemeroteca\",\"url\":\"https:\\\/\\\/www.eldigitaldeasturias.com\\\/noticias\\\/\",\"email\":\"info@eldigitaldeasturias.com\",\"telephone\":\"+34652131393\",\"logo\":{\"@type\":\"ImageObject\",\"url\":\"https:\\\/\\\/www.eldigitaldeasturias.com\\\/noticias\\\/wp-content\\\/uploads\\\/2020\\\/12\\\/EDA.jpg\",\"@id\":\"https:\\\/\\\/www.eldigitaldeasturias.com\\\/noticias\\\/mundial-femenino-2019-alemania-jugara-sin-marozsan\\\/#organizationLogo\",\"width\":649,\"height\":297},\"image\":{\"@id\":\"https:\\\/\\\/www.eldigitaldeasturias.com\\\/noticias\\\/mundial-femenino-2019-alemania-jugara-sin-marozsan\\\/#organizationLogo\"},\"sameAs\":[\"https:\\\/\\\/facebook.com\\\/eldigitaldeasturias\",\"https:\\\/\\\/www.youtube.com\\\/channel\\\/UCZP-2wLEB9Rv6erhFmqVnvg\"],\"address\":{\"@id\":\"https:\\\/\\\/www.eldigitaldeasturias.com\\\/noticias\\\/#postaladdress\",\"@type\":\"PostalAddress\",\"streetAddress\":\"san antonio 4,\",\"postalCode\":\"33430\",\"addressLocality\":\"Cand\\u00e1s\",\"addressRegion\":\"Asturias\",\"addressCountry\":\"ES\"}},{\"@type\":\"Person\",\"@id\":\"https:\\\/\\\/www.eldigitaldeasturias.com\\\/noticias\\\/author\\\/admin\\\/#author\",\"url\":\"https:\\\/\\\/www.eldigitaldeasturias.com\\\/noticias\\\/author\\\/admin\\\/\",\"name\":\"El Digital de Asturias\",\"image\":{\"@type\":\"ImageObject\",\"@id\":\"https:\\\/\\\/www.eldigitaldeasturias.com\\\/noticias\\\/mundial-femenino-2019-alemania-jugara-sin-marozsan\\\/#authorImage\",\"url\":\"https:\\\/\\\/www.eldigitaldeasturias.com\\\/noticias\\\/wp-content\\\/litespeed\\\/avatar\\\/18677e78aa0546b92d9dbf31ec7d7668.jpg?ver=1777290358\",\"width\":96,\"height\":96,\"caption\":\"El Digital de Asturias\"}},{\"@type\":\"WebPage\",\"@id\":\"https:\\\/\\\/www.eldigitaldeasturias.com\\\/noticias\\\/mundial-femenino-2019-alemania-jugara-sin-marozsan\\\/#webpage\",\"url\":\"https:\\\/\\\/www.eldigitaldeasturias.com\\\/noticias\\\/mundial-femenino-2019-alemania-jugara-sin-marozsan\\\/\",\"name\":\"Mundial femenino 2019: Alemania jugar\\u00e1 sin Marozsan - El Digital de Asturias\",\"description\":\"Lille (Francia), 11 jun (dpa) - La selecci\\u00f3n alemana se las tendr\\u00e1 que arreglar sin Dzsenifer Marozsan durante la fase de grupos del Mundial de f\\u00fatbol femenino en Francia despu\\u00e9s de que la jugadora se quebrara en el partido inicial contra China el dedo medio del pie izquierdo, inform\\u00f3 hoy la seleccionadora Marina Voss-Tecklenburg. Antes\",\"inLanguage\":\"es-ES\",\"isPartOf\":{\"@id\":\"https:\\\/\\\/www.eldigitaldeasturias.com\\\/noticias\\\/#website\"},\"breadcrumb\":{\"@id\":\"https:\\\/\\\/www.eldigitaldeasturias.com\\\/noticias\\\/mundial-femenino-2019-alemania-jugara-sin-marozsan\\\/#breadcrumblist\"},\"author\":{\"@id\":\"https:\\\/\\\/www.eldigitaldeasturias.com\\\/noticias\\\/author\\\/admin\\\/#author\"},\"creator\":{\"@id\":\"https:\\\/\\\/www.eldigitaldeasturias.com\\\/noticias\\\/author\\\/admin\\\/#author\"},\"image\":{\"@type\":\"ImageObject\",\"url\":\"https:\\\/\\\/www.eldigitaldeasturias.com\\\/noticias\\\/wp-content\\\/uploads\\\/2019\\\/06\\\/Dzsenifer-Marozsan.jpg\",\"@id\":\"https:\\\/\\\/www.eldigitaldeasturias.com\\\/noticias\\\/mundial-femenino-2019-alemania-jugara-sin-marozsan\\\/#mainImage\",\"width\":1029,\"height\":665},\"primaryImageOfPage\":{\"@id\":\"https:\\\/\\\/www.eldigitaldeasturias.com\\\/noticias\\\/mundial-femenino-2019-alemania-jugara-sin-marozsan\\\/#mainImage\"},\"datePublished\":\"2019-06-11T22:21:42+02:00\",\"dateModified\":\"2019-06-11T22:21:42+02:00\"},{\"@type\":\"WebSite\",\"@id\":\"https:\\\/\\\/www.eldigitaldeasturias.com\\\/noticias\\\/#website\",\"url\":\"https:\\\/\\\/www.eldigitaldeasturias.com\\\/noticias\\\/\",\"name\":\"El Digital de Asturias - Diario de actualidad y noticias\",\"alternateName\":\"El Digital de Asturias - Diario de actualidad y noticias\",\"description\":\"Hemeroteca\",\"inLanguage\":\"es-ES\",\"publisher\":{\"@id\":\"https:\\\/\\\/www.eldigitaldeasturias.com\\\/noticias\\\/#organization\"}}]}\n\t\t<\/script>\n\t\t<!-- All in One SEO Pro -->\r\n\t\t<title>Mundial femenino 2019: Alemania jugar\u00e1 sin Marozsan - El Digital de Asturias<\/title>\n\n","aioseo_head_json":{"title":"Mundial femenino 2019: Alemania jugar\u00e1 sin Marozsan - El Digital de Asturias","description":"Lille (Francia), 11 jun (dpa) - La selecci\u00f3n alemana se las tendr\u00e1 que arreglar sin Dzsenifer Marozsan durante la fase de grupos del Mundial de f\u00fatbol femenino en Francia despu\u00e9s de que la jugadora se quebrara en el partido inicial contra China el dedo medio del pie izquierdo, inform\u00f3 hoy la seleccionadora Marina Voss-Tecklenburg. Antes","canonical_url":"https:\/\/www.eldigitaldeasturias.com\/noticias\/mundial-femenino-2019-alemania-jugara-sin-marozsan\/","robots":"max-image-preview:large","keywords":"deportes","webmasterTools":{"google-site-verification":"UA-38556648-1","msvalidate.01":"7dfe9f3f1b24437ab69f4f2559babe99","miscellaneous":""},"schema":{"@context":"https:\/\/schema.org","@graph":[{"@type":"BlogPosting","@id":"https:\/\/www.eldigitaldeasturias.com\/noticias\/mundial-femenino-2019-alemania-jugara-sin-marozsan\/#blogposting","name":"Mundial femenino 2019: Alemania jugar\u00e1 sin Marozsan - El Digital de Asturias","headline":"Mundial femenino 2019: Alemania jugar\u00e1 sin Marozsan","author":{"@id":"https:\/\/www.eldigitaldeasturias.com\/noticias\/author\/admin\/#author"},"publisher":{"@id":"https:\/\/www.eldigitaldeasturias.com\/noticias\/#organization"},"image":{"@type":"ImageObject","url":"https:\/\/www.eldigitaldeasturias.com\/noticias\/wp-content\/uploads\/2019\/06\/Dzsenifer-Marozsan.jpg","width":1029,"height":665},"datePublished":"2019-06-11T22:21:42+02:00","dateModified":"2019-06-11T22:21:42+02:00","inLanguage":"es-ES","mainEntityOfPage":{"@id":"https:\/\/www.eldigitaldeasturias.com\/noticias\/mundial-femenino-2019-alemania-jugara-sin-marozsan\/#webpage"},"isPartOf":{"@id":"https:\/\/www.eldigitaldeasturias.com\/noticias\/mundial-femenino-2019-alemania-jugara-sin-marozsan\/#webpage"},"articleSection":"Deportes"},{"@type":"BreadcrumbList","@id":"https:\/\/www.eldigitaldeasturias.com\/noticias\/mundial-femenino-2019-alemania-jugara-sin-marozsan\/#breadcrumblist","itemListElement":[{"@type":"ListItem","@id":"https:\/\/www.eldigitaldeasturias.com\/noticias#listItem","position":1,"name":"Home","item":"https:\/\/www.eldigitaldeasturias.com\/noticias","nextItem":{"@type":"ListItem","@id":"https:\/\/www.eldigitaldeasturias.com\/noticias\/category\/deportes\/#listItem","name":"Deportes"}},{"@type":"ListItem","@id":"https:\/\/www.eldigitaldeasturias.com\/noticias\/category\/deportes\/#listItem","position":2,"name":"Deportes","item":"https:\/\/www.eldigitaldeasturias.com\/noticias\/category\/deportes\/","nextItem":{"@type":"ListItem","@id":"https:\/\/www.eldigitaldeasturias.com\/noticias\/mundial-femenino-2019-alemania-jugara-sin-marozsan\/#listItem","name":"Mundial femenino 2019: Alemania jugar\u00e1 sin Marozsan"},"previousItem":{"@type":"ListItem","@id":"https:\/\/www.eldigitaldeasturias.com\/noticias#listItem","name":"Home"}},{"@type":"ListItem","@id":"https:\/\/www.eldigitaldeasturias.com\/noticias\/mundial-femenino-2019-alemania-jugara-sin-marozsan\/#listItem","position":3,"name":"Mundial femenino 2019: Alemania jugar\u00e1 sin Marozsan","previousItem":{"@type":"ListItem","@id":"https:\/\/www.eldigitaldeasturias.com\/noticias\/category\/deportes\/#listItem","name":"Deportes"}}]},{"@type":"Organization","@id":"https:\/\/www.eldigitaldeasturias.com\/noticias\/#organization","name":"El Digital de Asturias","description":"Hemeroteca","url":"https:\/\/www.eldigitaldeasturias.com\/noticias\/","email":"info@eldigitaldeasturias.com","telephone":"+34652131393","logo":{"@type":"ImageObject","url":"https:\/\/www.eldigitaldeasturias.com\/noticias\/wp-content\/uploads\/2020\/12\/EDA.jpg","@id":"https:\/\/www.eldigitaldeasturias.com\/noticias\/mundial-femenino-2019-alemania-jugara-sin-marozsan\/#organizationLogo","width":649,"height":297},"image":{"@id":"https:\/\/www.eldigitaldeasturias.com\/noticias\/mundial-femenino-2019-alemania-jugara-sin-marozsan\/#organizationLogo"},"sameAs":["https:\/\/facebook.com\/eldigitaldeasturias","https:\/\/www.youtube.com\/channel\/UCZP-2wLEB9Rv6erhFmqVnvg"],"address":{"@id":"https:\/\/www.eldigitaldeasturias.com\/noticias\/#postaladdress","@type":"PostalAddress","streetAddress":"san antonio 4,","postalCode":"33430","addressLocality":"Cand\u00e1s","addressRegion":"Asturias","addressCountry":"ES"}},{"@type":"Person","@id":"https:\/\/www.eldigitaldeasturias.com\/noticias\/author\/admin\/#author","url":"https:\/\/www.eldigitaldeasturias.com\/noticias\/author\/admin\/","name":"El Digital de Asturias","image":{"@type":"ImageObject","@id":"https:\/\/www.eldigitaldeasturias.com\/noticias\/mundial-femenino-2019-alemania-jugara-sin-marozsan\/#authorImage","url":"https:\/\/www.eldigitaldeasturias.com\/noticias\/wp-content\/litespeed\/avatar\/18677e78aa0546b92d9dbf31ec7d7668.jpg?ver=1777290358","width":96,"height":96,"caption":"El Digital de Asturias"}},{"@type":"WebPage","@id":"https:\/\/www.eldigitaldeasturias.com\/noticias\/mundial-femenino-2019-alemania-jugara-sin-marozsan\/#webpage","url":"https:\/\/www.eldigitaldeasturias.com\/noticias\/mundial-femenino-2019-alemania-jugara-sin-marozsan\/","name":"Mundial femenino 2019: Alemania jugar\u00e1 sin Marozsan - El Digital de Asturias","description":"Lille (Francia), 11 jun (dpa) - La selecci\u00f3n alemana se las tendr\u00e1 que arreglar sin Dzsenifer Marozsan durante la fase de grupos del Mundial de f\u00fatbol femenino en Francia despu\u00e9s de que la jugadora se quebrara en el partido inicial contra China el dedo medio del pie izquierdo, inform\u00f3 hoy la seleccionadora Marina Voss-Tecklenburg. Antes","inLanguage":"es-ES","isPartOf":{"@id":"https:\/\/www.eldigitaldeasturias.com\/noticias\/#website"},"breadcrumb":{"@id":"https:\/\/www.eldigitaldeasturias.com\/noticias\/mundial-femenino-2019-alemania-jugara-sin-marozsan\/#breadcrumblist"},"author":{"@id":"https:\/\/www.eldigitaldeasturias.com\/noticias\/author\/admin\/#author"},"creator":{"@id":"https:\/\/www.eldigitaldeasturias.com\/noticias\/author\/admin\/#author"},"image":{"@type":"ImageObject","url":"https:\/\/www.eldigitaldeasturias.com\/noticias\/wp-content\/uploads\/2019\/06\/Dzsenifer-Marozsan.jpg","@id":"https:\/\/www.eldigitaldeasturias.com\/noticias\/mundial-femenino-2019-alemania-jugara-sin-marozsan\/#mainImage","width":1029,"height":665},"primaryImageOfPage":{"@id":"https:\/\/www.eldigitaldeasturias.com\/noticias\/mundial-femenino-2019-alemania-jugara-sin-marozsan\/#mainImage"},"datePublished":"2019-06-11T22:21:42+02:00","dateModified":"2019-06-11T22:21:42+02:00"},{"@type":"WebSite","@id":"https:\/\/www.eldigitaldeasturias.com\/noticias\/#website","url":"https:\/\/www.eldigitaldeasturias.com\/noticias\/","name":"El Digital de Asturias - Diario de actualidad y noticias","alternateName":"El Digital de Asturias - Diario de actualidad y noticias","description":"Hemeroteca","inLanguage":"es-ES","publisher":{"@id":"https:\/\/www.eldigitaldeasturias.com\/noticias\/#organization"}}]},"og:locale":"es_ES","og:site_name":"El Digital de Asturias","og:type":"article","og:title":"Mundial femenino 2019: Alemania jugar\u00e1 sin Marozsan - El Digital de Asturias","og:description":"Lille (Francia), 11 jun (dpa) - La selecci\u00f3n alemana se las tendr\u00e1 que arreglar sin Dzsenifer Marozsan durante la fase de grupos del Mundial de f\u00fatbol femenino en Francia despu\u00e9s de que la jugadora se quebrara en el partido inicial contra China el dedo medio del pie izquierdo, inform\u00f3 hoy la seleccionadora Marina Voss-Tecklenburg. Antes","og:url":"https:\/\/www.eldigitaldeasturias.com\/noticias\/mundial-femenino-2019-alemania-jugara-sin-marozsan\/","og:image":"https:\/\/www.eldigitaldeasturias.com\/noticias\/wp-content\/uploads\/2019\/06\/Dzsenifer-Marozsan.jpg","og:image:secure_url":"https:\/\/www.eldigitaldeasturias.com\/noticias\/wp-content\/uploads\/2019\/06\/Dzsenifer-Marozsan.jpg","og:image:width":1029,"og:image:height":665,"article:tag":["deportes"],"article:published_time":"2019-06-11T22:21:42+00:00","article:modified_time":"2019-06-11T22:21:42+00:00","article:publisher":"https:\/\/facebook.com\/eldigitaldeasturias","twitter:card":"summary_large_image","twitter:title":"Mundial femenino 2019: Alemania jugar\u00e1 sin Marozsan - El Digital de Asturias","twitter:description":"Lille (Francia), 11 jun (dpa) - La selecci\u00f3n alemana se las tendr\u00e1 que arreglar sin Dzsenifer Marozsan durante la fase de grupos del Mundial de f\u00fatbol femenino en Francia despu\u00e9s de que la jugadora se quebrara en el partido inicial contra China el dedo medio del pie izquierdo, inform\u00f3 hoy la seleccionadora Marina Voss-Tecklenburg. Antes","twitter:image":"https:\/\/www.eldigitaldeasturias.com\/noticias\/wp-content\/uploads\/2019\/06\/Dzsenifer-Marozsan.jpg","twitter:label1":"Escrito por","twitter:data1":"El Digital de Asturias","twitter:label2":"Tiempo de lectura estimado","twitter:data2":"1 minuto"},"aioseo_meta_data":{"post_id":"1030484","title":null,"description":null,"keywords":null,"keyphrases":null,"primary_term":null,"canonical_url":null,"og_title":null,"og_description":null,"og_object_type":"default","og_image_type":"default","og_image_url":null,"og_image_width":null,"og_image_height":null,"og_image_custom_url":null,"og_image_custom_fields":null,"og_video":null,"og_custom_url":null,"og_article_section":null,"og_article_tags":null,"twitter_use_og":false,"twitter_card":"default","twitter_image_type":"default","twitter_image_url":null,"twitter_image_custom_url":null,"twitter_image_custom_fields":null,"twitter_title":null,"twitter_description":null,"schema":{"blockGraphs":[],"customGraphs":[],"default":{"data":{"Article":[],"Course":[],"Dataset":[],"FAQPage":[],"Movie":[],"Person":[],"Product":[],"ProductReview":[],"Car":[],"Recipe":[],"Service":[],"SoftwareApplication":[],"WebPage":[]},"graphName":"","isEnabled":true},"graphs":[],"defaultGraph":"","defaultPostTypeGraph":""},"schema_type":null,"schema_type_options":null,"pillar_content":false,"robots_default":true,"robots_noindex":false,"robots_noarchive":false,"robots_nosnippet":false,"robots_nofollow":false,"robots_noimageindex":false,"robots_noodp":false,"robots_notranslate":false,"robots_max_snippet":null,"robots_max_videopreview":null,"robots_max_imagepreview":"large","priority":null,"frequency":null,"local_seo":null,"seo_analyzer_scan_date":"2025-10-18 15:51:07","breadcrumb_settings":null,"limit_modified_date":false,"open_ai":null,"ai":null,"created":"2020-12-21 11:10:37","updated":"2025-10-18 15:51:07"},"aioseo_breadcrumb":"<div class=\"aioseo-breadcrumbs\"><span class=\"aioseo-breadcrumb\">\n\t<a href=\"https:\/\/www.eldigitaldeasturias.com\/noticias\" title=\"Home\">Home<\/a>\n<\/span><span class=\"aioseo-breadcrumb-separator\">\u2013<\/span><span class=\"aioseo-breadcrumb\">\n\t<a href=\"https:\/\/www.eldigitaldeasturias.com\/noticias\/category\/deportes\/\" title=\"Deportes\">Deportes<\/a>\n<\/span><span class=\"aioseo-breadcrumb-separator\">\u2013<\/span><span class=\"aioseo-breadcrumb\">\n\t<a href=\"https:\/\/www.eldigitaldeasturias.com\/noticias\/mundial-femenino-2019-alemania-jugara-sin-marozsan\/\" title=\"Mundial femenino 2019: Alemania jugar\u00e1 sin Marozsan\">Mundial femenino 2019: Alemania jugar\u00e1 sin Marozsan<\/a>\n<\/span><\/div>","aioseo_breadcrumb_json":[{"label":"Home","link":"https:\/\/www.eldigitaldeasturias.com\/noticias"},{"label":"Deportes","link":"https:\/\/www.eldigitaldeasturias.com\/noticias\/category\/deportes\/"},{"label":"Mundial femenino 2019: Alemania jugar\u00e1 sin Marozsan","link":"https:\/\/www.eldigitaldeasturias.com\/noticias\/mundial-femenino-2019-alemania-jugara-sin-marozsan\/"}],"_links":{"self":[{"href":"https:\/\/www.eldigitaldeasturias.com\/noticias\/wp-json\/wp\/v2\/posts\/1030484","targetHints":{"allow":["GET"]}}],"collection":[{"href":"https:\/\/www.eldigitaldeasturias.com\/noticias\/wp-json\/wp\/v2\/posts"}],"about":[{"href":"https:\/\/www.eldigitaldeasturias.com\/noticias\/wp-json\/wp\/v2\/types\/post"}],"author":[{"embeddable":true,"href":"https:\/\/www.eldigitaldeasturias.com\/noticias\/wp-json\/wp\/v2\/users\/1"}],"replies":[{"embeddable":true,"href":"https:\/\/www.eldigitaldeasturias.com\/noticias\/wp-json\/wp\/v2\/comments?post=1030484"}],"version-history":[{"count":0,"href":"https:\/\/www.eldigitaldeasturias.com\/noticias\/wp-json\/wp\/v2\/posts\/1030484\/revisions"}],"wp:featuredmedia":[{"embeddable":true,"href":"https:\/\/www.eldigitaldeasturias.com\/noticias\/wp-json\/wp\/v2\/media\/1030485"}],"wp:attachment":[{"href":"https:\/\/www.eldigitaldeasturias.com\/noticias\/wp-json\/wp\/v2\/media?parent=1030484"}],"wp:term":[{"taxonomy":"category","embeddable":true,"href":"https:\/\/www.eldigitaldeasturias.com\/noticias\/wp-json\/wp\/v2\/categories?post=1030484"},{"taxonomy":"post_tag","embeddable":true,"href":"https:\/\/www.eldigitaldeasturias.com\/noticias\/wp-json\/wp\/v2\/tags?post=1030484"}],"curies":[{"name":"wp","href":"https:\/\/api.w.org\/{rel}","templated":true}]}}