{"id":1030480,"date":"2019-06-11T22:17:08","date_gmt":"2019-06-11T22:17:08","guid":{"rendered":"https:\/\/www.eldigitaldeasturias.com\/noticias\/?p=1030480"},"modified":"2019-06-11T22:17:08","modified_gmt":"2019-06-11T22:17:08","slug":"huawei-reconoce-un-frenazo-de-las-ventas-en-alemania","status":"publish","type":"post","link":"https:\/\/www.eldigitaldeasturias.com\/noticias\/huawei-reconoce-un-frenazo-de-las-ventas-en-alemania\/","title":{"rendered":"Huawei reconoce un frenazo de las ventas en Alemania"},"content":{"rendered":"<p><img loading=\"lazy\" decoding=\"async\" class=\"alignleft size-medium wp-image-780675\" src=\"https:\/\/www.eldigitaldeasturias.com\/noticias\/wp-content\/uploads\/2015\/04\/euros-360x198.jpg\" alt=\"\" width=\"360\" height=\"198\" srcset=\"https:\/\/www.eldigitaldeasturias.com\/noticias\/wp-content\/uploads\/2015\/04\/euros-360x198.jpg 360w, https:\/\/www.eldigitaldeasturias.com\/noticias\/wp-content\/uploads\/2015\/04\/euros-480x264.jpg 480w, https:\/\/www.eldigitaldeasturias.com\/noticias\/wp-content\/uploads\/2015\/04\/euros-20x11.jpg 20w, https:\/\/www.eldigitaldeasturias.com\/noticias\/wp-content\/uploads\/2015\/04\/euros.jpg 655w\" sizes=\"auto, (max-width: 360px) 100vw, 360px\" \/>D\u00fcsseldorf (Alemania), 11 jun (dpa) &#8211; La empresa china Huawei reconoci\u00f3 que las sanciones estadounidenses frenan la venta de sus smartphones en Alemania, de acuerdo con las declaraciones del jefe de Huawei Alemania, David Wang, al diario \u00abRheinische Post\u00bb de hoy.<\/p>\n<p>\u00abNuestra cuota de mercado en Alemania aument\u00f3 en los \u00faltimos a\u00f1os a m\u00e1s del 20 por ciento, hasta hace poco. Ahora, l\u00f3gicamente, la venta est\u00e1 algo detenida\u00bb, dijo Wang. El motivo es que los clientes temen que Huawei ya no cuente con las actualizaciones para el sistema operativo Android de Google.<\/p>\n<p>Estados Unidos coloc\u00f3 a Huawei en la lista negra de empresas con las que las compa\u00f1\u00edas estadounidenses no pueden mantener relaciones comerciales sin un permiso especial.<\/p>\n<p>La regla a\u00fan no rige para sistemas operativos hasta mediados de agosto, pero seg\u00fan informaciones de medios, Google quiere obtener una exenci\u00f3n a largo plazo.<\/p>\n<p>Huawei ya hab\u00eda anunciado que podr\u00eda contar con un sistema operativo propio para ser lanzado al mercado a m\u00e1s tardar para la primera mitad del a\u00f1o que viene. Para el mercado europeo es sin embargo importante la integraci\u00f3n de los servicios de Google.<\/p>\n<p>Wang subray\u00f3 asimismo que Huawei parte de la base de una cooperaci\u00f3n con proveedores alemanes de telefon\u00eda m\u00f3vil en la construcci\u00f3n de redes 5G s\u00faper veloces. \u00abActualmente brindamos elementos de red para la ampliaci\u00f3n de las redes LTE de Deutsche Telekom, Vodafone Alemania y Telef\u00f3nica Alemania\u00bb, dijo el gerente de Huawei.<\/p>\n<p>\u00abPartimos de la base de que contaremos con estas tres empresas tambi\u00e9n en la construcci\u00f3n de las futuras redes 5G\u00bb, a\u00f1adi\u00f3. Huawei quiere cumplir tambi\u00e9n con los requisitos de seguridad esperados para proveedores 5G. \u00abJam\u00e1s hubo en ning\u00fan lado indicios de que se incluyeran puertas traseras en nuestro software\u00bb, subray\u00f3 Wang.<\/p>\n<p>&nbsp;<\/p>\n","protected":false},"excerpt":{"rendered":"<p>D\u00fcsseldorf (Alemania), 11 jun (dpa) &#8211; La empresa china Huawei reconoci\u00f3 que las sanciones estadounidenses frenan la venta de sus smartphones en Alemania, de acuerdo con las declaraciones del jefe de Huawei Alemania, David Wang, al diario \u00abRheinische Post\u00bb de hoy. \u00abNuestra cuota de mercado en Alemania aument\u00f3 en los \u00faltimos a\u00f1os a m\u00e1s del [&hellip;]<\/p>\n","protected":false},"author":1,"featured_media":780683,"comment_status":"closed","ping_status":"closed","sticky":false,"template":"","format":"standard","meta":{"footnotes":""},"categories":[219],"tags":[],"class_list":["post-1030480","post","type-post","status-publish","format-standard","has-post-thumbnail","hentry","category-negocios-y-empresas"],"aioseo_notices":[],"aioseo_head":"\n\t\t<!-- All in One SEO Pro 4.9.6.2 - aioseo.com -->\n\t<meta name=\"description\" content=\"D\u00fcsseldorf (Alemania), 11 jun (dpa) - La empresa china Huawei reconoci\u00f3 que las sanciones estadounidenses frenan la venta de sus smartphones en Alemania, de acuerdo con las declaraciones del jefe de Huawei Alemania, David Wang, al diario &quot;Rheinische Post&quot; de hoy. &quot;Nuestra cuota de mercado en Alemania aument\u00f3 en los \u00faltimos a\u00f1os a m\u00e1s del\" \/>\n\t<meta name=\"robots\" content=\"max-image-preview:large\" \/>\n\t<meta name=\"author\" content=\"El Digital de Asturias\"\/>\n\t<meta name=\"google-site-verification\" content=\"UA-38556648-1\" \/>\n\t<meta name=\"msvalidate.01\" content=\"7dfe9f3f1b24437ab69f4f2559babe99\" \/>\n\t<meta name=\"keywords\" content=\"negocios y empresas\" \/>\n\t<link rel=\"canonical\" href=\"https:\/\/www.eldigitaldeasturias.com\/noticias\/huawei-reconoce-un-frenazo-de-las-ventas-en-alemania\/\" \/>\n\t<meta name=\"generator\" content=\"All in One SEO Pro (AIOSEO) 4.9.6.2\" \/>\n\t\t<meta property=\"og:locale\" content=\"es_ES\" \/>\n\t\t<meta property=\"og:site_name\" content=\"El Digital de Asturias\" \/>\n\t\t<meta property=\"og:type\" content=\"article\" \/>\n\t\t<meta property=\"og:title\" content=\"Huawei reconoce un frenazo de las ventas en Alemania - El Digital de Asturias\" \/>\n\t\t<meta property=\"og:description\" content=\"D\u00fcsseldorf (Alemania), 11 jun (dpa) - La empresa china Huawei reconoci\u00f3 que las sanciones estadounidenses frenan la venta de sus smartphones en Alemania, de acuerdo con las declaraciones del jefe de Huawei Alemania, David Wang, al diario &quot;Rheinische Post&quot; de hoy. &quot;Nuestra cuota de mercado en Alemania aument\u00f3 en los \u00faltimos a\u00f1os a m\u00e1s del\" \/>\n\t\t<meta property=\"og:url\" content=\"https:\/\/www.eldigitaldeasturias.com\/noticias\/huawei-reconoce-un-frenazo-de-las-ventas-en-alemania\/\" \/>\n\t\t<meta property=\"og:image\" content=\"https:\/\/www.eldigitaldeasturias.com\/noticias\/wp-content\/uploads\/2015\/04\/euros1.jpg\" \/>\n\t\t<meta property=\"og:image:secure_url\" content=\"https:\/\/www.eldigitaldeasturias.com\/noticias\/wp-content\/uploads\/2015\/04\/euros1.jpg\" \/>\n\t\t<meta property=\"og:image:width\" content=\"655\" \/>\n\t\t<meta property=\"og:image:height\" content=\"360\" \/>\n\t\t<meta property=\"article:tag\" content=\"negocios y empresas\" \/>\n\t\t<meta property=\"article:published_time\" content=\"2019-06-11T22:17:08+00:00\" \/>\n\t\t<meta property=\"article:modified_time\" content=\"2019-06-11T22:17:08+00:00\" \/>\n\t\t<meta property=\"article:publisher\" content=\"https:\/\/facebook.com\/eldigitaldeasturias\" \/>\n\t\t<meta name=\"twitter:card\" content=\"summary_large_image\" \/>\n\t\t<meta name=\"twitter:title\" content=\"Huawei reconoce un frenazo de las ventas en Alemania - El Digital de Asturias\" \/>\n\t\t<meta name=\"twitter:description\" content=\"D\u00fcsseldorf (Alemania), 11 jun (dpa) - La empresa china Huawei reconoci\u00f3 que las sanciones estadounidenses frenan la venta de sus smartphones en Alemania, de acuerdo con las declaraciones del jefe de Huawei Alemania, David Wang, al diario &quot;Rheinische Post&quot; de hoy. &quot;Nuestra cuota de mercado en Alemania aument\u00f3 en los \u00faltimos a\u00f1os a m\u00e1s del\" \/>\n\t\t<meta name=\"twitter:image\" content=\"https:\/\/www.eldigitaldeasturias.com\/noticias\/wp-content\/uploads\/2015\/04\/euros1.jpg\" \/>\n\t\t<meta name=\"twitter:label1\" content=\"Escrito por\" \/>\n\t\t<meta name=\"twitter:data1\" content=\"El Digital de Asturias\" \/>\n\t\t<meta name=\"twitter:label2\" content=\"Tiempo de lectura estimado\" \/>\n\t\t<meta name=\"twitter:data2\" content=\"2 minutos\" \/>\n\t\t<script type=\"application\/ld+json\" class=\"aioseo-schema\">\n\t\t\t{\"@context\":\"https:\\\/\\\/schema.org\",\"@graph\":[{\"@type\":\"BlogPosting\",\"@id\":\"https:\\\/\\\/www.eldigitaldeasturias.com\\\/noticias\\\/huawei-reconoce-un-frenazo-de-las-ventas-en-alemania\\\/#blogposting\",\"name\":\"Huawei reconoce un frenazo de las ventas en Alemania - El Digital de Asturias\",\"headline\":\"Huawei reconoce un frenazo de las ventas en Alemania\",\"author\":{\"@id\":\"https:\\\/\\\/www.eldigitaldeasturias.com\\\/noticias\\\/author\\\/admin\\\/#author\"},\"publisher\":{\"@id\":\"https:\\\/\\\/www.eldigitaldeasturias.com\\\/noticias\\\/#organization\"},\"image\":{\"@type\":\"ImageObject\",\"url\":\"https:\\\/\\\/www.eldigitaldeasturias.com\\\/noticias\\\/wp-content\\\/uploads\\\/2015\\\/04\\\/euros1.jpg\",\"width\":655,\"height\":360,\"caption\":\"euros\"},\"datePublished\":\"2019-06-11T22:17:08+02:00\",\"dateModified\":\"2019-06-11T22:17:08+02:00\",\"inLanguage\":\"es-ES\",\"mainEntityOfPage\":{\"@id\":\"https:\\\/\\\/www.eldigitaldeasturias.com\\\/noticias\\\/huawei-reconoce-un-frenazo-de-las-ventas-en-alemania\\\/#webpage\"},\"isPartOf\":{\"@id\":\"https:\\\/\\\/www.eldigitaldeasturias.com\\\/noticias\\\/huawei-reconoce-un-frenazo-de-las-ventas-en-alemania\\\/#webpage\"},\"articleSection\":\"Negocios y Empresas\"},{\"@type\":\"BreadcrumbList\",\"@id\":\"https:\\\/\\\/www.eldigitaldeasturias.com\\\/noticias\\\/huawei-reconoce-un-frenazo-de-las-ventas-en-alemania\\\/#breadcrumblist\",\"itemListElement\":[{\"@type\":\"ListItem\",\"@id\":\"https:\\\/\\\/www.eldigitaldeasturias.com\\\/noticias#listItem\",\"position\":1,\"name\":\"Home\",\"item\":\"https:\\\/\\\/www.eldigitaldeasturias.com\\\/noticias\",\"nextItem\":{\"@type\":\"ListItem\",\"@id\":\"https:\\\/\\\/www.eldigitaldeasturias.com\\\/noticias\\\/category\\\/negocios-y-empresas\\\/#listItem\",\"name\":\"Negocios y Empresas\"}},{\"@type\":\"ListItem\",\"@id\":\"https:\\\/\\\/www.eldigitaldeasturias.com\\\/noticias\\\/category\\\/negocios-y-empresas\\\/#listItem\",\"position\":2,\"name\":\"Negocios y Empresas\",\"item\":\"https:\\\/\\\/www.eldigitaldeasturias.com\\\/noticias\\\/category\\\/negocios-y-empresas\\\/\",\"nextItem\":{\"@type\":\"ListItem\",\"@id\":\"https:\\\/\\\/www.eldigitaldeasturias.com\\\/noticias\\\/huawei-reconoce-un-frenazo-de-las-ventas-en-alemania\\\/#listItem\",\"name\":\"Huawei reconoce un frenazo de las ventas en Alemania\"},\"previousItem\":{\"@type\":\"ListItem\",\"@id\":\"https:\\\/\\\/www.eldigitaldeasturias.com\\\/noticias#listItem\",\"name\":\"Home\"}},{\"@type\":\"ListItem\",\"@id\":\"https:\\\/\\\/www.eldigitaldeasturias.com\\\/noticias\\\/huawei-reconoce-un-frenazo-de-las-ventas-en-alemania\\\/#listItem\",\"position\":3,\"name\":\"Huawei reconoce un frenazo de las ventas en Alemania\",\"previousItem\":{\"@type\":\"ListItem\",\"@id\":\"https:\\\/\\\/www.eldigitaldeasturias.com\\\/noticias\\\/category\\\/negocios-y-empresas\\\/#listItem\",\"name\":\"Negocios y Empresas\"}}]},{\"@type\":\"Organization\",\"@id\":\"https:\\\/\\\/www.eldigitaldeasturias.com\\\/noticias\\\/#organization\",\"name\":\"El Digital de Asturias\",\"description\":\"Hemeroteca\",\"url\":\"https:\\\/\\\/www.eldigitaldeasturias.com\\\/noticias\\\/\",\"email\":\"info@eldigitaldeasturias.com\",\"telephone\":\"+34652131393\",\"logo\":{\"@type\":\"ImageObject\",\"url\":\"https:\\\/\\\/www.eldigitaldeasturias.com\\\/noticias\\\/wp-content\\\/uploads\\\/2020\\\/12\\\/EDA.jpg\",\"@id\":\"https:\\\/\\\/www.eldigitaldeasturias.com\\\/noticias\\\/huawei-reconoce-un-frenazo-de-las-ventas-en-alemania\\\/#organizationLogo\",\"width\":649,\"height\":297},\"image\":{\"@id\":\"https:\\\/\\\/www.eldigitaldeasturias.com\\\/noticias\\\/huawei-reconoce-un-frenazo-de-las-ventas-en-alemania\\\/#organizationLogo\"},\"sameAs\":[\"https:\\\/\\\/facebook.com\\\/eldigitaldeasturias\",\"https:\\\/\\\/www.youtube.com\\\/channel\\\/UCZP-2wLEB9Rv6erhFmqVnvg\"],\"address\":{\"@id\":\"https:\\\/\\\/www.eldigitaldeasturias.com\\\/noticias\\\/#postaladdress\",\"@type\":\"PostalAddress\",\"streetAddress\":\"san antonio 4,\",\"postalCode\":\"33430\",\"addressLocality\":\"Cand\\u00e1s\",\"addressRegion\":\"Asturias\",\"addressCountry\":\"ES\"}},{\"@type\":\"Person\",\"@id\":\"https:\\\/\\\/www.eldigitaldeasturias.com\\\/noticias\\\/author\\\/admin\\\/#author\",\"url\":\"https:\\\/\\\/www.eldigitaldeasturias.com\\\/noticias\\\/author\\\/admin\\\/\",\"name\":\"El Digital de Asturias\",\"image\":{\"@type\":\"ImageObject\",\"@id\":\"https:\\\/\\\/www.eldigitaldeasturias.com\\\/noticias\\\/huawei-reconoce-un-frenazo-de-las-ventas-en-alemania\\\/#authorImage\",\"url\":\"https:\\\/\\\/www.eldigitaldeasturias.com\\\/noticias\\\/wp-content\\\/litespeed\\\/avatar\\\/18677e78aa0546b92d9dbf31ec7d7668.jpg?ver=1777290358\",\"width\":96,\"height\":96,\"caption\":\"El Digital de Asturias\"}},{\"@type\":\"WebPage\",\"@id\":\"https:\\\/\\\/www.eldigitaldeasturias.com\\\/noticias\\\/huawei-reconoce-un-frenazo-de-las-ventas-en-alemania\\\/#webpage\",\"url\":\"https:\\\/\\\/www.eldigitaldeasturias.com\\\/noticias\\\/huawei-reconoce-un-frenazo-de-las-ventas-en-alemania\\\/\",\"name\":\"Huawei reconoce un frenazo de las ventas en Alemania - El Digital de Asturias\",\"description\":\"D\\u00fcsseldorf (Alemania), 11 jun (dpa) - La empresa china Huawei reconoci\\u00f3 que las sanciones estadounidenses frenan la venta de sus smartphones en Alemania, de acuerdo con las declaraciones del jefe de Huawei Alemania, David Wang, al diario \\\"Rheinische Post\\\" de hoy. \\\"Nuestra cuota de mercado en Alemania aument\\u00f3 en los \\u00faltimos a\\u00f1os a m\\u00e1s del\",\"inLanguage\":\"es-ES\",\"isPartOf\":{\"@id\":\"https:\\\/\\\/www.eldigitaldeasturias.com\\\/noticias\\\/#website\"},\"breadcrumb\":{\"@id\":\"https:\\\/\\\/www.eldigitaldeasturias.com\\\/noticias\\\/huawei-reconoce-un-frenazo-de-las-ventas-en-alemania\\\/#breadcrumblist\"},\"author\":{\"@id\":\"https:\\\/\\\/www.eldigitaldeasturias.com\\\/noticias\\\/author\\\/admin\\\/#author\"},\"creator\":{\"@id\":\"https:\\\/\\\/www.eldigitaldeasturias.com\\\/noticias\\\/author\\\/admin\\\/#author\"},\"image\":{\"@type\":\"ImageObject\",\"url\":\"https:\\\/\\\/www.eldigitaldeasturias.com\\\/noticias\\\/wp-content\\\/uploads\\\/2015\\\/04\\\/euros1.jpg\",\"@id\":\"https:\\\/\\\/www.eldigitaldeasturias.com\\\/noticias\\\/huawei-reconoce-un-frenazo-de-las-ventas-en-alemania\\\/#mainImage\",\"width\":655,\"height\":360,\"caption\":\"euros\"},\"primaryImageOfPage\":{\"@id\":\"https:\\\/\\\/www.eldigitaldeasturias.com\\\/noticias\\\/huawei-reconoce-un-frenazo-de-las-ventas-en-alemania\\\/#mainImage\"},\"datePublished\":\"2019-06-11T22:17:08+02:00\",\"dateModified\":\"2019-06-11T22:17:08+02:00\"},{\"@type\":\"WebSite\",\"@id\":\"https:\\\/\\\/www.eldigitaldeasturias.com\\\/noticias\\\/#website\",\"url\":\"https:\\\/\\\/www.eldigitaldeasturias.com\\\/noticias\\\/\",\"name\":\"El Digital de Asturias - Diario de actualidad y noticias\",\"alternateName\":\"El Digital de Asturias - Diario de actualidad y noticias\",\"description\":\"Hemeroteca\",\"inLanguage\":\"es-ES\",\"publisher\":{\"@id\":\"https:\\\/\\\/www.eldigitaldeasturias.com\\\/noticias\\\/#organization\"}}]}\n\t\t<\/script>\n\t\t<!-- All in One SEO Pro -->\r\n\t\t<title>Huawei reconoce un frenazo de las ventas en Alemania - El Digital de Asturias<\/title>\n\n","aioseo_head_json":{"title":"Huawei reconoce un frenazo de las ventas en Alemania - El Digital de Asturias","description":"D\u00fcsseldorf (Alemania), 11 jun (dpa) - La empresa china Huawei reconoci\u00f3 que las sanciones estadounidenses frenan la venta de sus smartphones en Alemania, de acuerdo con las declaraciones del jefe de Huawei Alemania, David Wang, al diario \"Rheinische Post\" de hoy. \"Nuestra cuota de mercado en Alemania aument\u00f3 en los \u00faltimos a\u00f1os a m\u00e1s del","canonical_url":"https:\/\/www.eldigitaldeasturias.com\/noticias\/huawei-reconoce-un-frenazo-de-las-ventas-en-alemania\/","robots":"max-image-preview:large","keywords":"negocios y empresas","webmasterTools":{"google-site-verification":"UA-38556648-1","msvalidate.01":"7dfe9f3f1b24437ab69f4f2559babe99","miscellaneous":""},"schema":{"@context":"https:\/\/schema.org","@graph":[{"@type":"BlogPosting","@id":"https:\/\/www.eldigitaldeasturias.com\/noticias\/huawei-reconoce-un-frenazo-de-las-ventas-en-alemania\/#blogposting","name":"Huawei reconoce un frenazo de las ventas en Alemania - El Digital de Asturias","headline":"Huawei reconoce un frenazo de las ventas en Alemania","author":{"@id":"https:\/\/www.eldigitaldeasturias.com\/noticias\/author\/admin\/#author"},"publisher":{"@id":"https:\/\/www.eldigitaldeasturias.com\/noticias\/#organization"},"image":{"@type":"ImageObject","url":"https:\/\/www.eldigitaldeasturias.com\/noticias\/wp-content\/uploads\/2015\/04\/euros1.jpg","width":655,"height":360,"caption":"euros"},"datePublished":"2019-06-11T22:17:08+02:00","dateModified":"2019-06-11T22:17:08+02:00","inLanguage":"es-ES","mainEntityOfPage":{"@id":"https:\/\/www.eldigitaldeasturias.com\/noticias\/huawei-reconoce-un-frenazo-de-las-ventas-en-alemania\/#webpage"},"isPartOf":{"@id":"https:\/\/www.eldigitaldeasturias.com\/noticias\/huawei-reconoce-un-frenazo-de-las-ventas-en-alemania\/#webpage"},"articleSection":"Negocios y Empresas"},{"@type":"BreadcrumbList","@id":"https:\/\/www.eldigitaldeasturias.com\/noticias\/huawei-reconoce-un-frenazo-de-las-ventas-en-alemania\/#breadcrumblist","itemListElement":[{"@type":"ListItem","@id":"https:\/\/www.eldigitaldeasturias.com\/noticias#listItem","position":1,"name":"Home","item":"https:\/\/www.eldigitaldeasturias.com\/noticias","nextItem":{"@type":"ListItem","@id":"https:\/\/www.eldigitaldeasturias.com\/noticias\/category\/negocios-y-empresas\/#listItem","name":"Negocios y Empresas"}},{"@type":"ListItem","@id":"https:\/\/www.eldigitaldeasturias.com\/noticias\/category\/negocios-y-empresas\/#listItem","position":2,"name":"Negocios y Empresas","item":"https:\/\/www.eldigitaldeasturias.com\/noticias\/category\/negocios-y-empresas\/","nextItem":{"@type":"ListItem","@id":"https:\/\/www.eldigitaldeasturias.com\/noticias\/huawei-reconoce-un-frenazo-de-las-ventas-en-alemania\/#listItem","name":"Huawei reconoce un frenazo de las ventas en Alemania"},"previousItem":{"@type":"ListItem","@id":"https:\/\/www.eldigitaldeasturias.com\/noticias#listItem","name":"Home"}},{"@type":"ListItem","@id":"https:\/\/www.eldigitaldeasturias.com\/noticias\/huawei-reconoce-un-frenazo-de-las-ventas-en-alemania\/#listItem","position":3,"name":"Huawei reconoce un frenazo de las ventas en Alemania","previousItem":{"@type":"ListItem","@id":"https:\/\/www.eldigitaldeasturias.com\/noticias\/category\/negocios-y-empresas\/#listItem","name":"Negocios y Empresas"}}]},{"@type":"Organization","@id":"https:\/\/www.eldigitaldeasturias.com\/noticias\/#organization","name":"El Digital de Asturias","description":"Hemeroteca","url":"https:\/\/www.eldigitaldeasturias.com\/noticias\/","email":"info@eldigitaldeasturias.com","telephone":"+34652131393","logo":{"@type":"ImageObject","url":"https:\/\/www.eldigitaldeasturias.com\/noticias\/wp-content\/uploads\/2020\/12\/EDA.jpg","@id":"https:\/\/www.eldigitaldeasturias.com\/noticias\/huawei-reconoce-un-frenazo-de-las-ventas-en-alemania\/#organizationLogo","width":649,"height":297},"image":{"@id":"https:\/\/www.eldigitaldeasturias.com\/noticias\/huawei-reconoce-un-frenazo-de-las-ventas-en-alemania\/#organizationLogo"},"sameAs":["https:\/\/facebook.com\/eldigitaldeasturias","https:\/\/www.youtube.com\/channel\/UCZP-2wLEB9Rv6erhFmqVnvg"],"address":{"@id":"https:\/\/www.eldigitaldeasturias.com\/noticias\/#postaladdress","@type":"PostalAddress","streetAddress":"san antonio 4,","postalCode":"33430","addressLocality":"Cand\u00e1s","addressRegion":"Asturias","addressCountry":"ES"}},{"@type":"Person","@id":"https:\/\/www.eldigitaldeasturias.com\/noticias\/author\/admin\/#author","url":"https:\/\/www.eldigitaldeasturias.com\/noticias\/author\/admin\/","name":"El Digital de Asturias","image":{"@type":"ImageObject","@id":"https:\/\/www.eldigitaldeasturias.com\/noticias\/huawei-reconoce-un-frenazo-de-las-ventas-en-alemania\/#authorImage","url":"https:\/\/www.eldigitaldeasturias.com\/noticias\/wp-content\/litespeed\/avatar\/18677e78aa0546b92d9dbf31ec7d7668.jpg?ver=1777290358","width":96,"height":96,"caption":"El Digital de Asturias"}},{"@type":"WebPage","@id":"https:\/\/www.eldigitaldeasturias.com\/noticias\/huawei-reconoce-un-frenazo-de-las-ventas-en-alemania\/#webpage","url":"https:\/\/www.eldigitaldeasturias.com\/noticias\/huawei-reconoce-un-frenazo-de-las-ventas-en-alemania\/","name":"Huawei reconoce un frenazo de las ventas en Alemania - El Digital de Asturias","description":"D\u00fcsseldorf (Alemania), 11 jun (dpa) - La empresa china Huawei reconoci\u00f3 que las sanciones estadounidenses frenan la venta de sus smartphones en Alemania, de acuerdo con las declaraciones del jefe de Huawei Alemania, David Wang, al diario \"Rheinische Post\" de hoy. \"Nuestra cuota de mercado en Alemania aument\u00f3 en los \u00faltimos a\u00f1os a m\u00e1s del","inLanguage":"es-ES","isPartOf":{"@id":"https:\/\/www.eldigitaldeasturias.com\/noticias\/#website"},"breadcrumb":{"@id":"https:\/\/www.eldigitaldeasturias.com\/noticias\/huawei-reconoce-un-frenazo-de-las-ventas-en-alemania\/#breadcrumblist"},"author":{"@id":"https:\/\/www.eldigitaldeasturias.com\/noticias\/author\/admin\/#author"},"creator":{"@id":"https:\/\/www.eldigitaldeasturias.com\/noticias\/author\/admin\/#author"},"image":{"@type":"ImageObject","url":"https:\/\/www.eldigitaldeasturias.com\/noticias\/wp-content\/uploads\/2015\/04\/euros1.jpg","@id":"https:\/\/www.eldigitaldeasturias.com\/noticias\/huawei-reconoce-un-frenazo-de-las-ventas-en-alemania\/#mainImage","width":655,"height":360,"caption":"euros"},"primaryImageOfPage":{"@id":"https:\/\/www.eldigitaldeasturias.com\/noticias\/huawei-reconoce-un-frenazo-de-las-ventas-en-alemania\/#mainImage"},"datePublished":"2019-06-11T22:17:08+02:00","dateModified":"2019-06-11T22:17:08+02:00"},{"@type":"WebSite","@id":"https:\/\/www.eldigitaldeasturias.com\/noticias\/#website","url":"https:\/\/www.eldigitaldeasturias.com\/noticias\/","name":"El Digital de Asturias - Diario de actualidad y noticias","alternateName":"El Digital de Asturias - Diario de actualidad y noticias","description":"Hemeroteca","inLanguage":"es-ES","publisher":{"@id":"https:\/\/www.eldigitaldeasturias.com\/noticias\/#organization"}}]},"og:locale":"es_ES","og:site_name":"El Digital de Asturias","og:type":"article","og:title":"Huawei reconoce un frenazo de las ventas en Alemania - El Digital de Asturias","og:description":"D\u00fcsseldorf (Alemania), 11 jun (dpa) - La empresa china Huawei reconoci\u00f3 que las sanciones estadounidenses frenan la venta de sus smartphones en Alemania, de acuerdo con las declaraciones del jefe de Huawei Alemania, David Wang, al diario &quot;Rheinische Post&quot; de hoy. &quot;Nuestra cuota de mercado en Alemania aument\u00f3 en los \u00faltimos a\u00f1os a m\u00e1s del","og:url":"https:\/\/www.eldigitaldeasturias.com\/noticias\/huawei-reconoce-un-frenazo-de-las-ventas-en-alemania\/","og:image":"https:\/\/www.eldigitaldeasturias.com\/noticias\/wp-content\/uploads\/2015\/04\/euros1.jpg","og:image:secure_url":"https:\/\/www.eldigitaldeasturias.com\/noticias\/wp-content\/uploads\/2015\/04\/euros1.jpg","og:image:width":655,"og:image:height":360,"article:tag":["negocios y empresas"],"article:published_time":"2019-06-11T22:17:08+00:00","article:modified_time":"2019-06-11T22:17:08+00:00","article:publisher":"https:\/\/facebook.com\/eldigitaldeasturias","twitter:card":"summary_large_image","twitter:title":"Huawei reconoce un frenazo de las ventas en Alemania - El Digital de Asturias","twitter:description":"D\u00fcsseldorf (Alemania), 11 jun (dpa) - La empresa china Huawei reconoci\u00f3 que las sanciones estadounidenses frenan la venta de sus smartphones en Alemania, de acuerdo con las declaraciones del jefe de Huawei Alemania, David Wang, al diario &quot;Rheinische Post&quot; de hoy. &quot;Nuestra cuota de mercado en Alemania aument\u00f3 en los \u00faltimos a\u00f1os a m\u00e1s del","twitter:image":"https:\/\/www.eldigitaldeasturias.com\/noticias\/wp-content\/uploads\/2015\/04\/euros1.jpg","twitter:label1":"Escrito por","twitter:data1":"El Digital de Asturias","twitter:label2":"Tiempo de lectura estimado","twitter:data2":"2 minutos"},"aioseo_meta_data":{"post_id":"1030480","title":null,"description":null,"keywords":null,"keyphrases":null,"primary_term":null,"canonical_url":null,"og_title":null,"og_description":null,"og_object_type":"default","og_image_type":"default","og_image_url":null,"og_image_width":null,"og_image_height":null,"og_image_custom_url":null,"og_image_custom_fields":null,"og_video":null,"og_custom_url":null,"og_article_section":null,"og_article_tags":null,"twitter_use_og":false,"twitter_card":"default","twitter_image_type":"default","twitter_image_url":null,"twitter_image_custom_url":null,"twitter_image_custom_fields":null,"twitter_title":null,"twitter_description":null,"schema":{"blockGraphs":[],"customGraphs":[],"default":{"data":{"Article":[],"Course":[],"Dataset":[],"FAQPage":[],"Movie":[],"Person":[],"Product":[],"ProductReview":[],"Car":[],"Recipe":[],"Service":[],"SoftwareApplication":[],"WebPage":[]},"graphName":"","isEnabled":true},"graphs":[],"defaultGraph":"","defaultPostTypeGraph":""},"schema_type":null,"schema_type_options":null,"pillar_content":false,"robots_default":true,"robots_noindex":false,"robots_noarchive":false,"robots_nosnippet":false,"robots_nofollow":false,"robots_noimageindex":false,"robots_noodp":false,"robots_notranslate":false,"robots_max_snippet":null,"robots_max_videopreview":null,"robots_max_imagepreview":"large","priority":null,"frequency":null,"local_seo":null,"seo_analyzer_scan_date":"2025-10-18 15:49:06","breadcrumb_settings":null,"limit_modified_date":false,"open_ai":null,"ai":null,"created":"2020-12-21 11:10:37","updated":"2025-10-18 15:49:06"},"aioseo_breadcrumb":"<div class=\"aioseo-breadcrumbs\"><span class=\"aioseo-breadcrumb\">\n\t<a href=\"https:\/\/www.eldigitaldeasturias.com\/noticias\" title=\"Home\">Home<\/a>\n<\/span><span class=\"aioseo-breadcrumb-separator\">\u2013<\/span><span class=\"aioseo-breadcrumb\">\n\t<a href=\"https:\/\/www.eldigitaldeasturias.com\/noticias\/category\/negocios-y-empresas\/\" title=\"Negocios y Empresas\">Negocios y Empresas<\/a>\n<\/span><span class=\"aioseo-breadcrumb-separator\">\u2013<\/span><span class=\"aioseo-breadcrumb\">\n\t<a href=\"https:\/\/www.eldigitaldeasturias.com\/noticias\/huawei-reconoce-un-frenazo-de-las-ventas-en-alemania\/\" title=\"Huawei reconoce un frenazo de las ventas en Alemania\">Huawei reconoce un frenazo de las ventas en Alemania<\/a>\n<\/span><\/div>","aioseo_breadcrumb_json":[{"label":"Home","link":"https:\/\/www.eldigitaldeasturias.com\/noticias"},{"label":"Negocios y Empresas","link":"https:\/\/www.eldigitaldeasturias.com\/noticias\/category\/negocios-y-empresas\/"},{"label":"Huawei reconoce un frenazo de las ventas en Alemania","link":"https:\/\/www.eldigitaldeasturias.com\/noticias\/huawei-reconoce-un-frenazo-de-las-ventas-en-alemania\/"}],"_links":{"self":[{"href":"https:\/\/www.eldigitaldeasturias.com\/noticias\/wp-json\/wp\/v2\/posts\/1030480","targetHints":{"allow":["GET"]}}],"collection":[{"href":"https:\/\/www.eldigitaldeasturias.com\/noticias\/wp-json\/wp\/v2\/posts"}],"about":[{"href":"https:\/\/www.eldigitaldeasturias.com\/noticias\/wp-json\/wp\/v2\/types\/post"}],"author":[{"embeddable":true,"href":"https:\/\/www.eldigitaldeasturias.com\/noticias\/wp-json\/wp\/v2\/users\/1"}],"replies":[{"embeddable":true,"href":"https:\/\/www.eldigitaldeasturias.com\/noticias\/wp-json\/wp\/v2\/comments?post=1030480"}],"version-history":[{"count":0,"href":"https:\/\/www.eldigitaldeasturias.com\/noticias\/wp-json\/wp\/v2\/posts\/1030480\/revisions"}],"wp:featuredmedia":[{"embeddable":true,"href":"https:\/\/www.eldigitaldeasturias.com\/noticias\/wp-json\/wp\/v2\/media\/780683"}],"wp:attachment":[{"href":"https:\/\/www.eldigitaldeasturias.com\/noticias\/wp-json\/wp\/v2\/media?parent=1030480"}],"wp:term":[{"taxonomy":"category","embeddable":true,"href":"https:\/\/www.eldigitaldeasturias.com\/noticias\/wp-json\/wp\/v2\/categories?post=1030480"},{"taxonomy":"post_tag","embeddable":true,"href":"https:\/\/www.eldigitaldeasturias.com\/noticias\/wp-json\/wp\/v2\/tags?post=1030480"}],"curies":[{"name":"wp","href":"https:\/\/api.w.org\/{rel}","templated":true}]}}