{"id":1030418,"date":"2019-06-11T08:56:54","date_gmt":"2019-06-11T08:56:54","guid":{"rendered":"https:\/\/www.eldigitaldeasturias.com\/noticias\/?p=1030418"},"modified":"2019-06-11T08:56:54","modified_gmt":"2019-06-11T08:56:54","slug":"la-solucion-mas-eficaz-y-comoda-para-fichar-en-el-trabajo","status":"publish","type":"post","link":"https:\/\/www.eldigitaldeasturias.com\/noticias\/la-solucion-mas-eficaz-y-comoda-para-fichar-en-el-trabajo\/","title":{"rendered":"La soluci\u00f3n m\u00e1s eficaz y c\u00f3moda para fichar en el trabajo"},"content":{"rendered":"<p><span style=\"font-weight: 400;\"><img loading=\"lazy\" decoding=\"async\" class=\"alignleft size-medium wp-image-1030419\" src=\"https:\/\/www.eldigitaldeasturias.com\/noticias\/wp-content\/uploads\/2019\/06\/fichar-trabajo-360x237.jpg\" alt=\"\" width=\"360\" height=\"237\" srcset=\"https:\/\/www.eldigitaldeasturias.com\/noticias\/wp-content\/uploads\/2019\/06\/fichar-trabajo-360x237.jpg 360w, https:\/\/www.eldigitaldeasturias.com\/noticias\/wp-content\/uploads\/2019\/06\/fichar-trabajo.jpg 583w\" sizes=\"auto, (max-width: 360px) 100vw, 360px\" \/>Fichar en el trabajo ya no es una opci\u00f3n de las empresas sino una norma que deben cumplir. El pasado 12 de mayo entr\u00f3 en vigor el<\/span><b> Decreto Ley de Protecci\u00f3n Social<\/b><span style=\"font-weight: 400;\"> con el que se introdujo el registro obligatorio de horario en todas las empresas durante la jornada laboral. Cada trabajador debe indicar el momento en el que entra y en el que se ausenta de su puesto de trabajo. Un nueva normativa que obliga a las empresas a buscar la f\u00f3rmula m\u00e1s eficaz que permita a sus empleados <\/span><span style=\"color: #ff6600;\"><a style=\"color: #ff6600;\" href=\"https:\/\/fichareneltrabajo.com\/\" target=\"_blank\" rel=\"nofollow noopener noreferrer\"><b>fichar en el trabajo.<\/b><\/a><\/span><\/p>\n<p><span style=\"font-weight: 400;\">Esta medida, que tiene el objetivo de <\/span><b>proteger a los trabajadores<\/b><span style=\"font-weight: 400;\"> contabilizando las horas extraordinarias que dedican a sus tareas, no ha estado exenta de controversia debido a los diferentes contextos en los que act\u00faan las compa\u00f1\u00edas.<\/span><\/p>\n<h2><strong>C\u00f3mo fichar en el trabajo<\/strong><\/h2>\n<p><span style=\"font-weight: 400;\">Lo m\u00e1s importante de esta norma es que se traslada la responsabilidad a las empresas de poner los medios necesarios para que sus trabajadores puedan realizar correctamente su fichaje. Es decir, encontrar el m\u00e9todo que mejor se adapte a sus necesidades pero en el que quede registro de las horas efectivas en las que un empleado est\u00e1 en su puesto de trabajo, contabilizando ausencias, retrasos o descansos pero tambi\u00e9n horas de m\u00e1s. Un registro que debe ser archivado durante cuatro a\u00f1os.<\/span><\/p>\n<p><span style=\"font-weight: 400;\">En cualquier caso, la ley no expresa de forma concreta qu\u00e9 m\u00e9todo deben emplear las empresas para llevar a cabo este registro de datos. Es decir, es una decisi\u00f3n que puede tomar el propio gerente en consenso con sus trabajadores. Por tanto, las compa\u00f1\u00edas buscan <\/span><b>la forma m\u00e1s eficaz, c\u00f3moda y adaptada al ritmo de su empresa.<\/b><span style=\"font-weight: 400;\"> Y esto pasa por aplicar todo tipo de m\u00e9todos, desde los m\u00e1s arcaicos como el uso de papel y bol\u00edgrafo como los m\u00e1s sofisticados con la utilizaci\u00f3n de aplicaciones m\u00f3viles intuitivas y precisas.<\/span><\/p>\n<p><span style=\"font-weight: 400;\">La <\/span><b>APP Fichar en el Trabajo<\/b><span style=\"font-weight: 400;\"> supone un ahorro en costosos sistemas tradicionales de fichaje. Es accesible especialmente para los peque\u00f1os y medianos empresarios que han tenido que adaptarse a la ley de forma r\u00e1pida. El sistema es sencillo: el empresario dispone de una plataforma web con acceso a toda la informaci\u00f3n y una APP (tanto para Android como para IOS) que se puede descargar f\u00e1cilmente en el tel\u00e9fono m\u00f3vil y permite a los trabajadores dejar constancia de sus horas de trabajo.<\/span><\/p>\n<p><span style=\"font-weight: 400;\">En este sentido, la aplicaci\u00f3n ofrece dos posibilidades: que el trabajador pueda realizar las entradas y salidas desde su propio tel\u00e9fono o bien un sistema fijo de fichaje en el puesto de trabajo, una Tablet donde el empleado introduce un c\u00f3digo de fichaje.<\/span><\/p>\n<h2><strong>Beneficios de utilizar una APP para fichar <\/strong><\/h2>\n<p><b>Bajo coste:<\/b><span style=\"font-weight: 400;\"> Se trata de un sistema muy econ\u00f3mico, sin inversi\u00f3n inicial y con una tarifa mensual muy reducida. La APP se puede instalar en cualquier dispositivo m\u00f3vil por lo que es accesible para cualquier empleado. El sistema creado por Fichar en el Trabajo no contempla un cobro por adelantado, ni permanencia ni penalizaciones. Es una opci\u00f3n low cost que cubre todas las garant\u00edas.<\/span><\/p>\n<p><b>Soporte t\u00e9cnico: <\/b><span style=\"font-weight: 400;\">Es importante contar con un soporte t\u00e9cnico que te ayude de forma r\u00e1pida y eficaz a resolver cualquier tipo de incidencia. La atenci\u00f3n al cliente es lo que marca la diferencia.<\/span><\/p>\n<p><b>Simplicidad en el sistema: <\/b><span style=\"font-weight: 400;\">Que todos los actores implicados en la empresa puedan aprender en un solo d\u00eda a utilizar el sistema de fichaje lo convierte en un producto fiable y c\u00f3modo. Actualmente, la mayor\u00eda de la gente est\u00e1 familiarizada con el uso y manejo de aplicaciones por lo que no supone un esfuerzo de aprendizaje.<\/span><\/p>\n<p><b>Seguridad: <\/b><span style=\"font-weight: 400;\">Los datos de entrada y salida del puesto de trabajo son valores muy importantes tanto para el trabajador como para la compa\u00f1\u00eda. Por tanto, deben ser tratados con el m\u00e1ximo rigor. La APP Fichar en el Trabajo ha sido desarrollada por expertos en programaci\u00f3n y han incorporado un <\/span><b>sistema de control horario con validaci\u00f3n por bloques (Block Chain)<\/b><span style=\"font-weight: 400;\"> garante de la veracidad de los datos. Otro punto que puede preocupar a las compa\u00f1\u00edas es el<\/span><b> Reglamento General de Protecci\u00f3n de Datos<\/b><span style=\"font-weight: 400;\"> (RGPD) y es imprescindible que los sistemas de fichaje lo cumplan.<\/span><\/p>\n<p><b>Acceso a los datos en cualquier momento: \u00a0<\/b><span style=\"font-weight: 400;\">Empresa y trabajadores tendr\u00e1n acceso a los datos acumulados. El gerente tiene la opci\u00f3n de descargar los informes que la aplicaci\u00f3n genera con los registros de los trabajadores, y consultar estad\u00edsticas y otros datos de inter\u00e9s. Ellos, por su parte, tambi\u00e9n pueden consultar su estado, sus horas trabajadas y sus estad\u00edsticas. Adem\u00e1s, en el caso de una posible inspecci\u00f3n de trabajo los datos quedar\u00edan convenientemente almacenados y listos para su consulta.<\/span><\/p>\n<p><span style=\"font-weight: 400;\">Es clave recordar que ante el incumplimiento de esta normativa <\/span><b>existen sanciones <\/b><span style=\"font-weight: 400;\">para las empresas que van desde los 626 hasta los 6.250 euros. Por tanto, la elecci\u00f3n de un buen sistema de fichaje es de vital importancia.<\/span><\/p>\n<p>&nbsp;<\/p>\n","protected":false},"excerpt":{"rendered":"<p>Fichar en el trabajo ya no es una opci\u00f3n de las empresas sino una norma que deben cumplir. El pasado 12 de mayo entr\u00f3 en vigor el Decreto Ley de Protecci\u00f3n Social con el que se introdujo el registro obligatorio de horario en todas las empresas durante la jornada laboral. Cada trabajador debe indicar el [&hellip;]<\/p>\n","protected":false},"author":1,"featured_media":1030419,"comment_status":"closed","ping_status":"closed","sticky":false,"template":"","format":"standard","meta":{"footnotes":""},"categories":[219],"tags":[],"class_list":["post-1030418","post","type-post","status-publish","format-standard","has-post-thumbnail","hentry","category-negocios-y-empresas"],"aioseo_notices":[],"aioseo_head":"\n\t\t<!-- All in One SEO Pro 4.9.6.2 - aioseo.com -->\n\t<meta name=\"description\" content=\"Fichar en el trabajo ya no es una opci\u00f3n de las empresas sino una norma que deben cumplir. El pasado 12 de mayo entr\u00f3 en vigor el Decreto Ley de Protecci\u00f3n Social con el que se introdujo el registro obligatorio de horario en todas las empresas durante la jornada laboral. Cada trabajador debe indicar el\" \/>\n\t<meta name=\"robots\" content=\"max-image-preview:large\" \/>\n\t<meta name=\"author\" content=\"El Digital de Asturias\"\/>\n\t<meta name=\"google-site-verification\" content=\"UA-38556648-1\" \/>\n\t<meta name=\"msvalidate.01\" content=\"7dfe9f3f1b24437ab69f4f2559babe99\" \/>\n\t<meta name=\"keywords\" content=\"negocios y empresas\" \/>\n\t<link rel=\"canonical\" href=\"https:\/\/www.eldigitaldeasturias.com\/noticias\/la-solucion-mas-eficaz-y-comoda-para-fichar-en-el-trabajo\/\" \/>\n\t<meta name=\"generator\" content=\"All in One SEO Pro (AIOSEO) 4.9.6.2\" \/>\n\t\t<meta property=\"og:locale\" content=\"es_ES\" \/>\n\t\t<meta property=\"og:site_name\" content=\"El Digital de Asturias\" \/>\n\t\t<meta property=\"og:type\" content=\"article\" \/>\n\t\t<meta property=\"og:title\" content=\"La soluci\u00f3n m\u00e1s eficaz y c\u00f3moda para fichar en el trabajo - El Digital de Asturias\" \/>\n\t\t<meta property=\"og:description\" content=\"Fichar en el trabajo ya no es una opci\u00f3n de las empresas sino una norma que deben cumplir. El pasado 12 de mayo entr\u00f3 en vigor el Decreto Ley de Protecci\u00f3n Social con el que se introdujo el registro obligatorio de horario en todas las empresas durante la jornada laboral. Cada trabajador debe indicar el\" \/>\n\t\t<meta property=\"og:url\" content=\"https:\/\/www.eldigitaldeasturias.com\/noticias\/la-solucion-mas-eficaz-y-comoda-para-fichar-en-el-trabajo\/\" \/>\n\t\t<meta property=\"og:image\" content=\"https:\/\/www.eldigitaldeasturias.com\/noticias\/wp-content\/uploads\/2019\/06\/fichar-trabajo.jpg\" \/>\n\t\t<meta property=\"og:image:secure_url\" content=\"https:\/\/www.eldigitaldeasturias.com\/noticias\/wp-content\/uploads\/2019\/06\/fichar-trabajo.jpg\" \/>\n\t\t<meta property=\"og:image:width\" content=\"583\" \/>\n\t\t<meta property=\"og:image:height\" content=\"384\" \/>\n\t\t<meta property=\"article:tag\" content=\"negocios y empresas\" \/>\n\t\t<meta property=\"article:published_time\" content=\"2019-06-11T08:56:54+00:00\" \/>\n\t\t<meta property=\"article:modified_time\" content=\"2019-06-11T08:56:54+00:00\" \/>\n\t\t<meta property=\"article:publisher\" content=\"https:\/\/facebook.com\/eldigitaldeasturias\" \/>\n\t\t<meta name=\"twitter:card\" content=\"summary_large_image\" \/>\n\t\t<meta name=\"twitter:title\" content=\"La soluci\u00f3n m\u00e1s eficaz y c\u00f3moda para fichar en el trabajo - El Digital de Asturias\" \/>\n\t\t<meta name=\"twitter:description\" content=\"Fichar en el trabajo ya no es una opci\u00f3n de las empresas sino una norma que deben cumplir. El pasado 12 de mayo entr\u00f3 en vigor el Decreto Ley de Protecci\u00f3n Social con el que se introdujo el registro obligatorio de horario en todas las empresas durante la jornada laboral. Cada trabajador debe indicar el\" \/>\n\t\t<meta name=\"twitter:image\" content=\"https:\/\/www.eldigitaldeasturias.com\/noticias\/wp-content\/uploads\/2019\/06\/fichar-trabajo.jpg\" \/>\n\t\t<meta name=\"twitter:label1\" content=\"Escrito por\" \/>\n\t\t<meta name=\"twitter:data1\" content=\"El Digital de Asturias\" \/>\n\t\t<meta name=\"twitter:label2\" content=\"Tiempo de lectura estimado\" \/>\n\t\t<meta name=\"twitter:data2\" content=\"4 minutos\" \/>\n\t\t<script type=\"application\/ld+json\" class=\"aioseo-schema\">\n\t\t\t{\"@context\":\"https:\\\/\\\/schema.org\",\"@graph\":[{\"@type\":\"BlogPosting\",\"@id\":\"https:\\\/\\\/www.eldigitaldeasturias.com\\\/noticias\\\/la-solucion-mas-eficaz-y-comoda-para-fichar-en-el-trabajo\\\/#blogposting\",\"name\":\"La soluci\\u00f3n m\\u00e1s eficaz y c\\u00f3moda para fichar en el trabajo - El Digital de Asturias\",\"headline\":\"La soluci\\u00f3n m\\u00e1s eficaz y c\\u00f3moda para fichar en el trabajo\",\"author\":{\"@id\":\"https:\\\/\\\/www.eldigitaldeasturias.com\\\/noticias\\\/author\\\/admin\\\/#author\"},\"publisher\":{\"@id\":\"https:\\\/\\\/www.eldigitaldeasturias.com\\\/noticias\\\/#organization\"},\"image\":{\"@type\":\"ImageObject\",\"url\":\"https:\\\/\\\/www.eldigitaldeasturias.com\\\/noticias\\\/wp-content\\\/uploads\\\/2019\\\/06\\\/fichar-trabajo.jpg\",\"width\":583,\"height\":384},\"datePublished\":\"2019-06-11T08:56:54+02:00\",\"dateModified\":\"2019-06-11T08:56:54+02:00\",\"inLanguage\":\"es-ES\",\"mainEntityOfPage\":{\"@id\":\"https:\\\/\\\/www.eldigitaldeasturias.com\\\/noticias\\\/la-solucion-mas-eficaz-y-comoda-para-fichar-en-el-trabajo\\\/#webpage\"},\"isPartOf\":{\"@id\":\"https:\\\/\\\/www.eldigitaldeasturias.com\\\/noticias\\\/la-solucion-mas-eficaz-y-comoda-para-fichar-en-el-trabajo\\\/#webpage\"},\"articleSection\":\"Negocios y Empresas\"},{\"@type\":\"BreadcrumbList\",\"@id\":\"https:\\\/\\\/www.eldigitaldeasturias.com\\\/noticias\\\/la-solucion-mas-eficaz-y-comoda-para-fichar-en-el-trabajo\\\/#breadcrumblist\",\"itemListElement\":[{\"@type\":\"ListItem\",\"@id\":\"https:\\\/\\\/www.eldigitaldeasturias.com\\\/noticias#listItem\",\"position\":1,\"name\":\"Home\",\"item\":\"https:\\\/\\\/www.eldigitaldeasturias.com\\\/noticias\",\"nextItem\":{\"@type\":\"ListItem\",\"@id\":\"https:\\\/\\\/www.eldigitaldeasturias.com\\\/noticias\\\/category\\\/negocios-y-empresas\\\/#listItem\",\"name\":\"Negocios y Empresas\"}},{\"@type\":\"ListItem\",\"@id\":\"https:\\\/\\\/www.eldigitaldeasturias.com\\\/noticias\\\/category\\\/negocios-y-empresas\\\/#listItem\",\"position\":2,\"name\":\"Negocios y Empresas\",\"item\":\"https:\\\/\\\/www.eldigitaldeasturias.com\\\/noticias\\\/category\\\/negocios-y-empresas\\\/\",\"nextItem\":{\"@type\":\"ListItem\",\"@id\":\"https:\\\/\\\/www.eldigitaldeasturias.com\\\/noticias\\\/la-solucion-mas-eficaz-y-comoda-para-fichar-en-el-trabajo\\\/#listItem\",\"name\":\"La soluci\\u00f3n m\\u00e1s eficaz y c\\u00f3moda para fichar en el trabajo\"},\"previousItem\":{\"@type\":\"ListItem\",\"@id\":\"https:\\\/\\\/www.eldigitaldeasturias.com\\\/noticias#listItem\",\"name\":\"Home\"}},{\"@type\":\"ListItem\",\"@id\":\"https:\\\/\\\/www.eldigitaldeasturias.com\\\/noticias\\\/la-solucion-mas-eficaz-y-comoda-para-fichar-en-el-trabajo\\\/#listItem\",\"position\":3,\"name\":\"La soluci\\u00f3n m\\u00e1s eficaz y c\\u00f3moda para fichar en el trabajo\",\"previousItem\":{\"@type\":\"ListItem\",\"@id\":\"https:\\\/\\\/www.eldigitaldeasturias.com\\\/noticias\\\/category\\\/negocios-y-empresas\\\/#listItem\",\"name\":\"Negocios y Empresas\"}}]},{\"@type\":\"Organization\",\"@id\":\"https:\\\/\\\/www.eldigitaldeasturias.com\\\/noticias\\\/#organization\",\"name\":\"El Digital de Asturias\",\"description\":\"Hemeroteca\",\"url\":\"https:\\\/\\\/www.eldigitaldeasturias.com\\\/noticias\\\/\",\"email\":\"info@eldigitaldeasturias.com\",\"telephone\":\"+34652131393\",\"logo\":{\"@type\":\"ImageObject\",\"url\":\"https:\\\/\\\/www.eldigitaldeasturias.com\\\/noticias\\\/wp-content\\\/uploads\\\/2020\\\/12\\\/EDA.jpg\",\"@id\":\"https:\\\/\\\/www.eldigitaldeasturias.com\\\/noticias\\\/la-solucion-mas-eficaz-y-comoda-para-fichar-en-el-trabajo\\\/#organizationLogo\",\"width\":649,\"height\":297},\"image\":{\"@id\":\"https:\\\/\\\/www.eldigitaldeasturias.com\\\/noticias\\\/la-solucion-mas-eficaz-y-comoda-para-fichar-en-el-trabajo\\\/#organizationLogo\"},\"sameAs\":[\"https:\\\/\\\/facebook.com\\\/eldigitaldeasturias\",\"https:\\\/\\\/www.youtube.com\\\/channel\\\/UCZP-2wLEB9Rv6erhFmqVnvg\"],\"address\":{\"@id\":\"https:\\\/\\\/www.eldigitaldeasturias.com\\\/noticias\\\/#postaladdress\",\"@type\":\"PostalAddress\",\"streetAddress\":\"san antonio 4,\",\"postalCode\":\"33430\",\"addressLocality\":\"Cand\\u00e1s\",\"addressRegion\":\"Asturias\",\"addressCountry\":\"ES\"}},{\"@type\":\"Person\",\"@id\":\"https:\\\/\\\/www.eldigitaldeasturias.com\\\/noticias\\\/author\\\/admin\\\/#author\",\"url\":\"https:\\\/\\\/www.eldigitaldeasturias.com\\\/noticias\\\/author\\\/admin\\\/\",\"name\":\"El Digital de Asturias\",\"image\":{\"@type\":\"ImageObject\",\"@id\":\"https:\\\/\\\/www.eldigitaldeasturias.com\\\/noticias\\\/la-solucion-mas-eficaz-y-comoda-para-fichar-en-el-trabajo\\\/#authorImage\",\"url\":\"https:\\\/\\\/www.eldigitaldeasturias.com\\\/noticias\\\/wp-content\\\/litespeed\\\/avatar\\\/18677e78aa0546b92d9dbf31ec7d7668.jpg?ver=1777290358\",\"width\":96,\"height\":96,\"caption\":\"El Digital de Asturias\"}},{\"@type\":\"WebPage\",\"@id\":\"https:\\\/\\\/www.eldigitaldeasturias.com\\\/noticias\\\/la-solucion-mas-eficaz-y-comoda-para-fichar-en-el-trabajo\\\/#webpage\",\"url\":\"https:\\\/\\\/www.eldigitaldeasturias.com\\\/noticias\\\/la-solucion-mas-eficaz-y-comoda-para-fichar-en-el-trabajo\\\/\",\"name\":\"La soluci\\u00f3n m\\u00e1s eficaz y c\\u00f3moda para fichar en el trabajo - El Digital de Asturias\",\"description\":\"Fichar en el trabajo ya no es una opci\\u00f3n de las empresas sino una norma que deben cumplir. El pasado 12 de mayo entr\\u00f3 en vigor el Decreto Ley de Protecci\\u00f3n Social con el que se introdujo el registro obligatorio de horario en todas las empresas durante la jornada laboral. Cada trabajador debe indicar el\",\"inLanguage\":\"es-ES\",\"isPartOf\":{\"@id\":\"https:\\\/\\\/www.eldigitaldeasturias.com\\\/noticias\\\/#website\"},\"breadcrumb\":{\"@id\":\"https:\\\/\\\/www.eldigitaldeasturias.com\\\/noticias\\\/la-solucion-mas-eficaz-y-comoda-para-fichar-en-el-trabajo\\\/#breadcrumblist\"},\"author\":{\"@id\":\"https:\\\/\\\/www.eldigitaldeasturias.com\\\/noticias\\\/author\\\/admin\\\/#author\"},\"creator\":{\"@id\":\"https:\\\/\\\/www.eldigitaldeasturias.com\\\/noticias\\\/author\\\/admin\\\/#author\"},\"image\":{\"@type\":\"ImageObject\",\"url\":\"https:\\\/\\\/www.eldigitaldeasturias.com\\\/noticias\\\/wp-content\\\/uploads\\\/2019\\\/06\\\/fichar-trabajo.jpg\",\"@id\":\"https:\\\/\\\/www.eldigitaldeasturias.com\\\/noticias\\\/la-solucion-mas-eficaz-y-comoda-para-fichar-en-el-trabajo\\\/#mainImage\",\"width\":583,\"height\":384},\"primaryImageOfPage\":{\"@id\":\"https:\\\/\\\/www.eldigitaldeasturias.com\\\/noticias\\\/la-solucion-mas-eficaz-y-comoda-para-fichar-en-el-trabajo\\\/#mainImage\"},\"datePublished\":\"2019-06-11T08:56:54+02:00\",\"dateModified\":\"2019-06-11T08:56:54+02:00\"},{\"@type\":\"WebSite\",\"@id\":\"https:\\\/\\\/www.eldigitaldeasturias.com\\\/noticias\\\/#website\",\"url\":\"https:\\\/\\\/www.eldigitaldeasturias.com\\\/noticias\\\/\",\"name\":\"El Digital de Asturias - Diario de actualidad y noticias\",\"alternateName\":\"El Digital de Asturias - Diario de actualidad y noticias\",\"description\":\"Hemeroteca\",\"inLanguage\":\"es-ES\",\"publisher\":{\"@id\":\"https:\\\/\\\/www.eldigitaldeasturias.com\\\/noticias\\\/#organization\"}}]}\n\t\t<\/script>\n\t\t<!-- All in One SEO Pro -->\r\n\t\t<title>La soluci\u00f3n m\u00e1s eficaz y c\u00f3moda para fichar en el trabajo - El Digital de Asturias<\/title>\n\n","aioseo_head_json":{"title":"La soluci\u00f3n m\u00e1s eficaz y c\u00f3moda para fichar en el trabajo - El Digital de Asturias","description":"Fichar en el trabajo ya no es una opci\u00f3n de las empresas sino una norma que deben cumplir. El pasado 12 de mayo entr\u00f3 en vigor el Decreto Ley de Protecci\u00f3n Social con el que se introdujo el registro obligatorio de horario en todas las empresas durante la jornada laboral. Cada trabajador debe indicar el","canonical_url":"https:\/\/www.eldigitaldeasturias.com\/noticias\/la-solucion-mas-eficaz-y-comoda-para-fichar-en-el-trabajo\/","robots":"max-image-preview:large","keywords":"negocios y empresas","webmasterTools":{"google-site-verification":"UA-38556648-1","msvalidate.01":"7dfe9f3f1b24437ab69f4f2559babe99","miscellaneous":""},"schema":{"@context":"https:\/\/schema.org","@graph":[{"@type":"BlogPosting","@id":"https:\/\/www.eldigitaldeasturias.com\/noticias\/la-solucion-mas-eficaz-y-comoda-para-fichar-en-el-trabajo\/#blogposting","name":"La soluci\u00f3n m\u00e1s eficaz y c\u00f3moda para fichar en el trabajo - El Digital de Asturias","headline":"La soluci\u00f3n m\u00e1s eficaz y c\u00f3moda para fichar en el trabajo","author":{"@id":"https:\/\/www.eldigitaldeasturias.com\/noticias\/author\/admin\/#author"},"publisher":{"@id":"https:\/\/www.eldigitaldeasturias.com\/noticias\/#organization"},"image":{"@type":"ImageObject","url":"https:\/\/www.eldigitaldeasturias.com\/noticias\/wp-content\/uploads\/2019\/06\/fichar-trabajo.jpg","width":583,"height":384},"datePublished":"2019-06-11T08:56:54+02:00","dateModified":"2019-06-11T08:56:54+02:00","inLanguage":"es-ES","mainEntityOfPage":{"@id":"https:\/\/www.eldigitaldeasturias.com\/noticias\/la-solucion-mas-eficaz-y-comoda-para-fichar-en-el-trabajo\/#webpage"},"isPartOf":{"@id":"https:\/\/www.eldigitaldeasturias.com\/noticias\/la-solucion-mas-eficaz-y-comoda-para-fichar-en-el-trabajo\/#webpage"},"articleSection":"Negocios y Empresas"},{"@type":"BreadcrumbList","@id":"https:\/\/www.eldigitaldeasturias.com\/noticias\/la-solucion-mas-eficaz-y-comoda-para-fichar-en-el-trabajo\/#breadcrumblist","itemListElement":[{"@type":"ListItem","@id":"https:\/\/www.eldigitaldeasturias.com\/noticias#listItem","position":1,"name":"Home","item":"https:\/\/www.eldigitaldeasturias.com\/noticias","nextItem":{"@type":"ListItem","@id":"https:\/\/www.eldigitaldeasturias.com\/noticias\/category\/negocios-y-empresas\/#listItem","name":"Negocios y Empresas"}},{"@type":"ListItem","@id":"https:\/\/www.eldigitaldeasturias.com\/noticias\/category\/negocios-y-empresas\/#listItem","position":2,"name":"Negocios y Empresas","item":"https:\/\/www.eldigitaldeasturias.com\/noticias\/category\/negocios-y-empresas\/","nextItem":{"@type":"ListItem","@id":"https:\/\/www.eldigitaldeasturias.com\/noticias\/la-solucion-mas-eficaz-y-comoda-para-fichar-en-el-trabajo\/#listItem","name":"La soluci\u00f3n m\u00e1s eficaz y c\u00f3moda para fichar en el trabajo"},"previousItem":{"@type":"ListItem","@id":"https:\/\/www.eldigitaldeasturias.com\/noticias#listItem","name":"Home"}},{"@type":"ListItem","@id":"https:\/\/www.eldigitaldeasturias.com\/noticias\/la-solucion-mas-eficaz-y-comoda-para-fichar-en-el-trabajo\/#listItem","position":3,"name":"La soluci\u00f3n m\u00e1s eficaz y c\u00f3moda para fichar en el trabajo","previousItem":{"@type":"ListItem","@id":"https:\/\/www.eldigitaldeasturias.com\/noticias\/category\/negocios-y-empresas\/#listItem","name":"Negocios y Empresas"}}]},{"@type":"Organization","@id":"https:\/\/www.eldigitaldeasturias.com\/noticias\/#organization","name":"El Digital de Asturias","description":"Hemeroteca","url":"https:\/\/www.eldigitaldeasturias.com\/noticias\/","email":"info@eldigitaldeasturias.com","telephone":"+34652131393","logo":{"@type":"ImageObject","url":"https:\/\/www.eldigitaldeasturias.com\/noticias\/wp-content\/uploads\/2020\/12\/EDA.jpg","@id":"https:\/\/www.eldigitaldeasturias.com\/noticias\/la-solucion-mas-eficaz-y-comoda-para-fichar-en-el-trabajo\/#organizationLogo","width":649,"height":297},"image":{"@id":"https:\/\/www.eldigitaldeasturias.com\/noticias\/la-solucion-mas-eficaz-y-comoda-para-fichar-en-el-trabajo\/#organizationLogo"},"sameAs":["https:\/\/facebook.com\/eldigitaldeasturias","https:\/\/www.youtube.com\/channel\/UCZP-2wLEB9Rv6erhFmqVnvg"],"address":{"@id":"https:\/\/www.eldigitaldeasturias.com\/noticias\/#postaladdress","@type":"PostalAddress","streetAddress":"san antonio 4,","postalCode":"33430","addressLocality":"Cand\u00e1s","addressRegion":"Asturias","addressCountry":"ES"}},{"@type":"Person","@id":"https:\/\/www.eldigitaldeasturias.com\/noticias\/author\/admin\/#author","url":"https:\/\/www.eldigitaldeasturias.com\/noticias\/author\/admin\/","name":"El Digital de Asturias","image":{"@type":"ImageObject","@id":"https:\/\/www.eldigitaldeasturias.com\/noticias\/la-solucion-mas-eficaz-y-comoda-para-fichar-en-el-trabajo\/#authorImage","url":"https:\/\/www.eldigitaldeasturias.com\/noticias\/wp-content\/litespeed\/avatar\/18677e78aa0546b92d9dbf31ec7d7668.jpg?ver=1777290358","width":96,"height":96,"caption":"El Digital de Asturias"}},{"@type":"WebPage","@id":"https:\/\/www.eldigitaldeasturias.com\/noticias\/la-solucion-mas-eficaz-y-comoda-para-fichar-en-el-trabajo\/#webpage","url":"https:\/\/www.eldigitaldeasturias.com\/noticias\/la-solucion-mas-eficaz-y-comoda-para-fichar-en-el-trabajo\/","name":"La soluci\u00f3n m\u00e1s eficaz y c\u00f3moda para fichar en el trabajo - El Digital de Asturias","description":"Fichar en el trabajo ya no es una opci\u00f3n de las empresas sino una norma que deben cumplir. El pasado 12 de mayo entr\u00f3 en vigor el Decreto Ley de Protecci\u00f3n Social con el que se introdujo el registro obligatorio de horario en todas las empresas durante la jornada laboral. Cada trabajador debe indicar el","inLanguage":"es-ES","isPartOf":{"@id":"https:\/\/www.eldigitaldeasturias.com\/noticias\/#website"},"breadcrumb":{"@id":"https:\/\/www.eldigitaldeasturias.com\/noticias\/la-solucion-mas-eficaz-y-comoda-para-fichar-en-el-trabajo\/#breadcrumblist"},"author":{"@id":"https:\/\/www.eldigitaldeasturias.com\/noticias\/author\/admin\/#author"},"creator":{"@id":"https:\/\/www.eldigitaldeasturias.com\/noticias\/author\/admin\/#author"},"image":{"@type":"ImageObject","url":"https:\/\/www.eldigitaldeasturias.com\/noticias\/wp-content\/uploads\/2019\/06\/fichar-trabajo.jpg","@id":"https:\/\/www.eldigitaldeasturias.com\/noticias\/la-solucion-mas-eficaz-y-comoda-para-fichar-en-el-trabajo\/#mainImage","width":583,"height":384},"primaryImageOfPage":{"@id":"https:\/\/www.eldigitaldeasturias.com\/noticias\/la-solucion-mas-eficaz-y-comoda-para-fichar-en-el-trabajo\/#mainImage"},"datePublished":"2019-06-11T08:56:54+02:00","dateModified":"2019-06-11T08:56:54+02:00"},{"@type":"WebSite","@id":"https:\/\/www.eldigitaldeasturias.com\/noticias\/#website","url":"https:\/\/www.eldigitaldeasturias.com\/noticias\/","name":"El Digital de Asturias - Diario de actualidad y noticias","alternateName":"El Digital de Asturias - Diario de actualidad y noticias","description":"Hemeroteca","inLanguage":"es-ES","publisher":{"@id":"https:\/\/www.eldigitaldeasturias.com\/noticias\/#organization"}}]},"og:locale":"es_ES","og:site_name":"El Digital de Asturias","og:type":"article","og:title":"La soluci\u00f3n m\u00e1s eficaz y c\u00f3moda para fichar en el trabajo - El Digital de Asturias","og:description":"Fichar en el trabajo ya no es una opci\u00f3n de las empresas sino una norma que deben cumplir. El pasado 12 de mayo entr\u00f3 en vigor el Decreto Ley de Protecci\u00f3n Social con el que se introdujo el registro obligatorio de horario en todas las empresas durante la jornada laboral. Cada trabajador debe indicar el","og:url":"https:\/\/www.eldigitaldeasturias.com\/noticias\/la-solucion-mas-eficaz-y-comoda-para-fichar-en-el-trabajo\/","og:image":"https:\/\/www.eldigitaldeasturias.com\/noticias\/wp-content\/uploads\/2019\/06\/fichar-trabajo.jpg","og:image:secure_url":"https:\/\/www.eldigitaldeasturias.com\/noticias\/wp-content\/uploads\/2019\/06\/fichar-trabajo.jpg","og:image:width":583,"og:image:height":384,"article:tag":["negocios y empresas"],"article:published_time":"2019-06-11T08:56:54+00:00","article:modified_time":"2019-06-11T08:56:54+00:00","article:publisher":"https:\/\/facebook.com\/eldigitaldeasturias","twitter:card":"summary_large_image","twitter:title":"La soluci\u00f3n m\u00e1s eficaz y c\u00f3moda para fichar en el trabajo - El Digital de Asturias","twitter:description":"Fichar en el trabajo ya no es una opci\u00f3n de las empresas sino una norma que deben cumplir. El pasado 12 de mayo entr\u00f3 en vigor el Decreto Ley de Protecci\u00f3n Social con el que se introdujo el registro obligatorio de horario en todas las empresas durante la jornada laboral. Cada trabajador debe indicar el","twitter:image":"https:\/\/www.eldigitaldeasturias.com\/noticias\/wp-content\/uploads\/2019\/06\/fichar-trabajo.jpg","twitter:label1":"Escrito por","twitter:data1":"El Digital de Asturias","twitter:label2":"Tiempo de lectura estimado","twitter:data2":"4 minutos"},"aioseo_meta_data":{"post_id":"1030418","title":null,"description":null,"keywords":null,"keyphrases":null,"primary_term":null,"canonical_url":null,"og_title":null,"og_description":null,"og_object_type":"default","og_image_type":"default","og_image_url":null,"og_image_width":null,"og_image_height":null,"og_image_custom_url":null,"og_image_custom_fields":null,"og_video":null,"og_custom_url":null,"og_article_section":null,"og_article_tags":null,"twitter_use_og":false,"twitter_card":"default","twitter_image_type":"default","twitter_image_url":null,"twitter_image_custom_url":null,"twitter_image_custom_fields":null,"twitter_title":null,"twitter_description":null,"schema":{"blockGraphs":[],"customGraphs":[],"default":{"data":{"Article":[],"Course":[],"Dataset":[],"FAQPage":[],"Movie":[],"Person":[],"Product":[],"ProductReview":[],"Car":[],"Recipe":[],"Service":[],"SoftwareApplication":[],"WebPage":[]},"graphName":"","isEnabled":true},"graphs":[],"defaultGraph":"","defaultPostTypeGraph":""},"schema_type":null,"schema_type_options":null,"pillar_content":false,"robots_default":true,"robots_noindex":false,"robots_noarchive":false,"robots_nosnippet":false,"robots_nofollow":false,"robots_noimageindex":false,"robots_noodp":false,"robots_notranslate":false,"robots_max_snippet":null,"robots_max_videopreview":null,"robots_max_imagepreview":"large","priority":null,"frequency":null,"local_seo":null,"seo_analyzer_scan_date":"2025-10-18 15:37:21","breadcrumb_settings":null,"limit_modified_date":false,"open_ai":null,"ai":null,"created":"2020-12-21 11:10:43","updated":"2025-10-18 15:37:21"},"aioseo_breadcrumb":"<div class=\"aioseo-breadcrumbs\"><span class=\"aioseo-breadcrumb\">\n\t<a href=\"https:\/\/www.eldigitaldeasturias.com\/noticias\" title=\"Home\">Home<\/a>\n<\/span><span class=\"aioseo-breadcrumb-separator\">\u2013<\/span><span class=\"aioseo-breadcrumb\">\n\t<a href=\"https:\/\/www.eldigitaldeasturias.com\/noticias\/category\/negocios-y-empresas\/\" title=\"Negocios y Empresas\">Negocios y Empresas<\/a>\n<\/span><span class=\"aioseo-breadcrumb-separator\">\u2013<\/span><span class=\"aioseo-breadcrumb\">\n\t<a href=\"https:\/\/www.eldigitaldeasturias.com\/noticias\/la-solucion-mas-eficaz-y-comoda-para-fichar-en-el-trabajo\/\" title=\"La soluci\u00f3n m\u00e1s eficaz y c\u00f3moda para fichar en el trabajo\">La soluci\u00f3n m\u00e1s eficaz y c\u00f3moda para fichar en el trabajo<\/a>\n<\/span><\/div>","aioseo_breadcrumb_json":[{"label":"Home","link":"https:\/\/www.eldigitaldeasturias.com\/noticias"},{"label":"Negocios y Empresas","link":"https:\/\/www.eldigitaldeasturias.com\/noticias\/category\/negocios-y-empresas\/"},{"label":"La soluci\u00f3n m\u00e1s eficaz y c\u00f3moda para fichar en el trabajo","link":"https:\/\/www.eldigitaldeasturias.com\/noticias\/la-solucion-mas-eficaz-y-comoda-para-fichar-en-el-trabajo\/"}],"_links":{"self":[{"href":"https:\/\/www.eldigitaldeasturias.com\/noticias\/wp-json\/wp\/v2\/posts\/1030418","targetHints":{"allow":["GET"]}}],"collection":[{"href":"https:\/\/www.eldigitaldeasturias.com\/noticias\/wp-json\/wp\/v2\/posts"}],"about":[{"href":"https:\/\/www.eldigitaldeasturias.com\/noticias\/wp-json\/wp\/v2\/types\/post"}],"author":[{"embeddable":true,"href":"https:\/\/www.eldigitaldeasturias.com\/noticias\/wp-json\/wp\/v2\/users\/1"}],"replies":[{"embeddable":true,"href":"https:\/\/www.eldigitaldeasturias.com\/noticias\/wp-json\/wp\/v2\/comments?post=1030418"}],"version-history":[{"count":0,"href":"https:\/\/www.eldigitaldeasturias.com\/noticias\/wp-json\/wp\/v2\/posts\/1030418\/revisions"}],"wp:featuredmedia":[{"embeddable":true,"href":"https:\/\/www.eldigitaldeasturias.com\/noticias\/wp-json\/wp\/v2\/media\/1030419"}],"wp:attachment":[{"href":"https:\/\/www.eldigitaldeasturias.com\/noticias\/wp-json\/wp\/v2\/media?parent=1030418"}],"wp:term":[{"taxonomy":"category","embeddable":true,"href":"https:\/\/www.eldigitaldeasturias.com\/noticias\/wp-json\/wp\/v2\/categories?post=1030418"},{"taxonomy":"post_tag","embeddable":true,"href":"https:\/\/www.eldigitaldeasturias.com\/noticias\/wp-json\/wp\/v2\/tags?post=1030418"}],"curies":[{"name":"wp","href":"https:\/\/api.w.org\/{rel}","templated":true}]}}