{"id":1030355,"date":"2019-06-11T00:19:42","date_gmt":"2019-06-11T00:19:42","guid":{"rendered":"https:\/\/www.eldigitaldeasturias.com\/noticias\/?p=1030355"},"modified":"2019-06-11T00:19:42","modified_gmt":"2019-06-11T00:19:42","slug":"las-ventas-de-las-marcas-propias-del-grupo-osborne-crecieron-un-3-en-2018","status":"publish","type":"post","link":"https:\/\/www.eldigitaldeasturias.com\/noticias\/las-ventas-de-las-marcas-propias-del-grupo-osborne-crecieron-un-3-en-2018\/","title":{"rendered":"Las ventas de las marcas propias del Grupo Osborne crecieron un 3% en 2018"},"content":{"rendered":"<p><img loading=\"lazy\" decoding=\"async\" class=\"alignleft size-medium wp-image-1030356\" src=\"https:\/\/www.eldigitaldeasturias.com\/noticias\/wp-content\/uploads\/2019\/06\/1560162660_Toro_de_Osborne-360x240.jpg\" alt=\"\" width=\"360\" height=\"240\" srcset=\"https:\/\/www.eldigitaldeasturias.com\/noticias\/wp-content\/uploads\/2019\/06\/1560162660_Toro_de_Osborne-360x240.jpg 360w, https:\/\/www.eldigitaldeasturias.com\/noticias\/wp-content\/uploads\/2019\/06\/1560162660_Toro_de_Osborne-768x512.jpg 768w, https:\/\/www.eldigitaldeasturias.com\/noticias\/wp-content\/uploads\/2019\/06\/1560162660_Toro_de_Osborne-650x433.jpg 650w, https:\/\/www.eldigitaldeasturias.com\/noticias\/wp-content\/uploads\/2019\/06\/1560162660_Toro_de_Osborne-1536x1020.jpg 1536w, https:\/\/www.eldigitaldeasturias.com\/noticias\/wp-content\/uploads\/2019\/06\/1560162660_Toro_de_Osborne-1024x683.jpg 1024w, https:\/\/www.eldigitaldeasturias.com\/noticias\/wp-content\/uploads\/2019\/06\/1560162660_Toro_de_Osborne-675x450.jpg 675w\" sizes=\"auto, (max-width: 360px) 100vw, 360px\" \/>Osborne acaba de celebrar su Junta General de Accionistas en la que se han aprobado las cuentas del ejercicio 2018 y se han compartido las principales l\u00edneas del Plan Estrat\u00e9gico 2019-2021: el crecimiento de las marcas propias\u00a0<em>premium<\/em>, la actividad de distribuci\u00f3n en Espa\u00f1a y la consolidaci\u00f3n de la organizaci\u00f3n sustentada en el orgullo de pertenencia, el esp\u00edritu de equipo, la innovaci\u00f3n y la orientaci\u00f3n a resultados.<\/p>\n<p>En 2018 la compa\u00f1\u00eda alcanz\u00f3 unas ventas netas de 218 millones de euros y un Beneficio de Explotaci\u00f3n de 36,5 millones de euros. Los hitos de negocio m\u00e1s relevantes de 2018 han sido:<\/p>\n<ol>\n<li>El incremento de la cifra de negocio de las marcas propias (+3% respecto a 2017), con el desarrollo sobresaliente de Nord\u00e9s, que se convierte ya en la primera marca en Espa\u00f1a en el segmento de ginebras por encima de 20 euros y que desembarca con \u00e9xito en distintos mercados internacionales.<\/li>\n<li>El refuerzo del posicionamiento de Cinco Jotas en el mundo del lujo, consolidando su valor en los distintos canales y mercados, manteniendo el impulso de la internacionalizaci\u00f3n y apostando por la inversi\u00f3n en comunicaci\u00f3n de la marca. La firma del nuevo protocolo del porcino en 2018 entre los gobiernos de Espa\u00f1a y China supone una extraordinaria oportunidad.<\/li>\n<li>La apuesta por la innovaci\u00f3n y la extensi\u00f3n de gama en Carlos I (Carlos I Amontillado y Pedro Xim\u00e9nez y la edici\u00f3n exclusiva Carlos I 1520 que se alz\u00f3 con la medalla de oro en los prestigiosos World Spirits Awards). Carlos I es el brandy de Jerez solera gran reserva m\u00e1s vendido en el mundo.<\/li>\n<li>La apertura del Centro de Experiencias Enotur\u00edsticas de Bodegas Montecillo, que refuerza la apuesta de la marca por su posicionamiento\u00a0<em>premium<\/em>. Montecillo recibi\u00f3 en 2018 diversos premios y reconocimientos en el Concours Mondial de Bruxelles, en los premios Decanter y en el International Wine Challenge, entre otros.<\/li>\n<li>El refuerzo de la posici\u00f3n competitiva de marcas ic\u00f3nicas como An\u00eds del Mono, Veterano o Magno.<\/li>\n<li>La consolidaci\u00f3n de las principales \u201cmarcas asociadas\u201d entre las que destacan 100 Pipers Scotch Whisky, Passport Scotch Whisky y Brockmans Gin, y a las que se ha unido en 2018 el ron nicarag\u00fcense Flor de Ca\u00f1a premiado como el mejor productor de ron del mundo por la International Wine &amp; Spirits Competition.<\/li>\n<li>La toma de participaci\u00f3n en la sociedad Galician Original Drinks como veh\u00edculo para acelerar la innovaci\u00f3n en la categor\u00eda de bebidas espirituosas.<\/li>\n<li>El impulso de las actividades de la Fundaci\u00f3n Osborne orientadas a facilitar la formaci\u00f3n, la empleabilidad y el emprendimiento entre los j\u00f3venes, mediantes convenios y colaboraciones con distintas entidades como la Fundaci\u00f3n Once, la Fundaci\u00f3n La Caixa o la Universidad de C\u00e1diz entre otras.<\/li>\n<\/ol>\n<p>En palabras de Ignacio Osborne, presidente de la compa\u00f1\u00eda, \u201cel ejercicio 2018 ha sido un a\u00f1o clave en el que hemos renovado y reforzado nuestra organizaci\u00f3n y en el que hemos aprobado un plan estrat\u00e9gico sustentado en el crecimiento de nuestras marcas premium y en la innovaci\u00f3n y el desarrollo del portafolio\u201d.<\/p>\n","protected":false},"excerpt":{"rendered":"<p>Osborne acaba de celebrar su Junta General de Accionistas en la que se han aprobado las cuentas del ejercicio 2018 y se han compartido las principales l\u00edneas del Plan Estrat\u00e9gico 2019-2021: el crecimiento de las marcas propias\u00a0premium, la actividad de distribuci\u00f3n en Espa\u00f1a y la consolidaci\u00f3n de la organizaci\u00f3n sustentada en el orgullo de pertenencia, [&hellip;]<\/p>\n","protected":false},"author":1,"featured_media":1030356,"comment_status":"closed","ping_status":"closed","sticky":false,"template":"","format":"standard","meta":{"footnotes":""},"categories":[219],"tags":[],"class_list":["post-1030355","post","type-post","status-publish","format-standard","has-post-thumbnail","hentry","category-negocios-y-empresas"],"aioseo_notices":[],"aioseo_head":"\n\t\t<!-- All in One SEO Pro 4.9.6.2 - aioseo.com -->\n\t<meta name=\"description\" content=\"Osborne acaba de celebrar su Junta General de Accionistas en la que se han aprobado las cuentas del ejercicio 2018 y se han compartido las principales l\u00edneas del Plan Estrat\u00e9gico 2019-2021: el crecimiento de las marcas propias premium, la actividad de distribuci\u00f3n en Espa\u00f1a y la consolidaci\u00f3n de la organizaci\u00f3n sustentada en el orgullo de pertenencia,\" \/>\n\t<meta name=\"robots\" content=\"max-image-preview:large\" \/>\n\t<meta name=\"author\" content=\"El Digital de Asturias\"\/>\n\t<meta name=\"google-site-verification\" content=\"UA-38556648-1\" \/>\n\t<meta name=\"msvalidate.01\" content=\"7dfe9f3f1b24437ab69f4f2559babe99\" \/>\n\t<meta name=\"keywords\" content=\"negocios y empresas\" \/>\n\t<link rel=\"canonical\" href=\"https:\/\/www.eldigitaldeasturias.com\/noticias\/las-ventas-de-las-marcas-propias-del-grupo-osborne-crecieron-un-3-en-2018\/\" \/>\n\t<meta name=\"generator\" content=\"All in One SEO Pro (AIOSEO) 4.9.6.2\" \/>\n\t\t<meta property=\"og:locale\" content=\"es_ES\" \/>\n\t\t<meta property=\"og:site_name\" content=\"El Digital de Asturias\" \/>\n\t\t<meta property=\"og:type\" content=\"article\" \/>\n\t\t<meta property=\"og:title\" content=\"Las ventas de las marcas propias del Grupo Osborne crecieron un 3% en 2018 - El Digital de Asturias\" \/>\n\t\t<meta property=\"og:description\" content=\"Osborne acaba de celebrar su Junta General de Accionistas en la que se han aprobado las cuentas del ejercicio 2018 y se han compartido las principales l\u00edneas del Plan Estrat\u00e9gico 2019-2021: el crecimiento de las marcas propias premium, la actividad de distribuci\u00f3n en Espa\u00f1a y la consolidaci\u00f3n de la organizaci\u00f3n sustentada en el orgullo de pertenencia,\" \/>\n\t\t<meta property=\"og:url\" content=\"https:\/\/www.eldigitaldeasturias.com\/noticias\/las-ventas-de-las-marcas-propias-del-grupo-osborne-crecieron-un-3-en-2018\/\" \/>\n\t\t<meta property=\"og:image\" content=\"https:\/\/www.eldigitaldeasturias.com\/noticias\/wp-content\/uploads\/2019\/06\/1560162660_Toro_de_Osborne.jpg\" \/>\n\t\t<meta property=\"og:image:secure_url\" content=\"https:\/\/www.eldigitaldeasturias.com\/noticias\/wp-content\/uploads\/2019\/06\/1560162660_Toro_de_Osborne.jpg\" \/>\n\t\t<meta property=\"og:image:width\" content=\"2835\" \/>\n\t\t<meta property=\"og:image:height\" content=\"1890\" \/>\n\t\t<meta property=\"article:tag\" content=\"negocios y empresas\" \/>\n\t\t<meta property=\"article:published_time\" content=\"2019-06-11T00:19:42+00:00\" \/>\n\t\t<meta property=\"article:modified_time\" content=\"2019-06-11T00:19:42+00:00\" \/>\n\t\t<meta property=\"article:publisher\" content=\"https:\/\/facebook.com\/eldigitaldeasturias\" \/>\n\t\t<meta name=\"twitter:card\" content=\"summary_large_image\" \/>\n\t\t<meta name=\"twitter:title\" content=\"Las ventas de las marcas propias del Grupo Osborne crecieron un 3% en 2018 - El Digital de Asturias\" \/>\n\t\t<meta name=\"twitter:description\" content=\"Osborne acaba de celebrar su Junta General de Accionistas en la que se han aprobado las cuentas del ejercicio 2018 y se han compartido las principales l\u00edneas del Plan Estrat\u00e9gico 2019-2021: el crecimiento de las marcas propias premium, la actividad de distribuci\u00f3n en Espa\u00f1a y la consolidaci\u00f3n de la organizaci\u00f3n sustentada en el orgullo de pertenencia,\" \/>\n\t\t<meta name=\"twitter:image\" content=\"https:\/\/www.eldigitaldeasturias.com\/noticias\/wp-content\/uploads\/2019\/06\/1560162660_Toro_de_Osborne.jpg\" \/>\n\t\t<meta name=\"twitter:label1\" content=\"Escrito por\" \/>\n\t\t<meta name=\"twitter:data1\" content=\"El Digital de Asturias\" \/>\n\t\t<meta name=\"twitter:label2\" content=\"Tiempo de lectura estimado\" \/>\n\t\t<meta name=\"twitter:data2\" content=\"3 minutos\" \/>\n\t\t<script type=\"application\/ld+json\" class=\"aioseo-schema\">\n\t\t\t{\"@context\":\"https:\\\/\\\/schema.org\",\"@graph\":[{\"@type\":\"BlogPosting\",\"@id\":\"https:\\\/\\\/www.eldigitaldeasturias.com\\\/noticias\\\/las-ventas-de-las-marcas-propias-del-grupo-osborne-crecieron-un-3-en-2018\\\/#blogposting\",\"name\":\"Las ventas de las marcas propias del Grupo Osborne crecieron un 3% en 2018 - El Digital de Asturias\",\"headline\":\"Las ventas de las marcas propias del Grupo Osborne crecieron un 3% en 2018\",\"author\":{\"@id\":\"https:\\\/\\\/www.eldigitaldeasturias.com\\\/noticias\\\/author\\\/admin\\\/#author\"},\"publisher\":{\"@id\":\"https:\\\/\\\/www.eldigitaldeasturias.com\\\/noticias\\\/#organization\"},\"image\":{\"@type\":\"ImageObject\",\"url\":\"https:\\\/\\\/www.eldigitaldeasturias.com\\\/noticias\\\/wp-content\\\/uploads\\\/2019\\\/06\\\/1560162660_Toro_de_Osborne.jpg\",\"width\":2835,\"height\":1890},\"datePublished\":\"2019-06-11T00:19:42+02:00\",\"dateModified\":\"2019-06-11T00:19:42+02:00\",\"inLanguage\":\"es-ES\",\"mainEntityOfPage\":{\"@id\":\"https:\\\/\\\/www.eldigitaldeasturias.com\\\/noticias\\\/las-ventas-de-las-marcas-propias-del-grupo-osborne-crecieron-un-3-en-2018\\\/#webpage\"},\"isPartOf\":{\"@id\":\"https:\\\/\\\/www.eldigitaldeasturias.com\\\/noticias\\\/las-ventas-de-las-marcas-propias-del-grupo-osborne-crecieron-un-3-en-2018\\\/#webpage\"},\"articleSection\":\"Negocios y Empresas\"},{\"@type\":\"BreadcrumbList\",\"@id\":\"https:\\\/\\\/www.eldigitaldeasturias.com\\\/noticias\\\/las-ventas-de-las-marcas-propias-del-grupo-osborne-crecieron-un-3-en-2018\\\/#breadcrumblist\",\"itemListElement\":[{\"@type\":\"ListItem\",\"@id\":\"https:\\\/\\\/www.eldigitaldeasturias.com\\\/noticias#listItem\",\"position\":1,\"name\":\"Home\",\"item\":\"https:\\\/\\\/www.eldigitaldeasturias.com\\\/noticias\",\"nextItem\":{\"@type\":\"ListItem\",\"@id\":\"https:\\\/\\\/www.eldigitaldeasturias.com\\\/noticias\\\/category\\\/negocios-y-empresas\\\/#listItem\",\"name\":\"Negocios y Empresas\"}},{\"@type\":\"ListItem\",\"@id\":\"https:\\\/\\\/www.eldigitaldeasturias.com\\\/noticias\\\/category\\\/negocios-y-empresas\\\/#listItem\",\"position\":2,\"name\":\"Negocios y Empresas\",\"item\":\"https:\\\/\\\/www.eldigitaldeasturias.com\\\/noticias\\\/category\\\/negocios-y-empresas\\\/\",\"nextItem\":{\"@type\":\"ListItem\",\"@id\":\"https:\\\/\\\/www.eldigitaldeasturias.com\\\/noticias\\\/las-ventas-de-las-marcas-propias-del-grupo-osborne-crecieron-un-3-en-2018\\\/#listItem\",\"name\":\"Las ventas de las marcas propias del Grupo Osborne crecieron un 3% en 2018\"},\"previousItem\":{\"@type\":\"ListItem\",\"@id\":\"https:\\\/\\\/www.eldigitaldeasturias.com\\\/noticias#listItem\",\"name\":\"Home\"}},{\"@type\":\"ListItem\",\"@id\":\"https:\\\/\\\/www.eldigitaldeasturias.com\\\/noticias\\\/las-ventas-de-las-marcas-propias-del-grupo-osborne-crecieron-un-3-en-2018\\\/#listItem\",\"position\":3,\"name\":\"Las ventas de las marcas propias del Grupo Osborne crecieron un 3% en 2018\",\"previousItem\":{\"@type\":\"ListItem\",\"@id\":\"https:\\\/\\\/www.eldigitaldeasturias.com\\\/noticias\\\/category\\\/negocios-y-empresas\\\/#listItem\",\"name\":\"Negocios y Empresas\"}}]},{\"@type\":\"Organization\",\"@id\":\"https:\\\/\\\/www.eldigitaldeasturias.com\\\/noticias\\\/#organization\",\"name\":\"El Digital de Asturias\",\"description\":\"Hemeroteca\",\"url\":\"https:\\\/\\\/www.eldigitaldeasturias.com\\\/noticias\\\/\",\"email\":\"info@eldigitaldeasturias.com\",\"telephone\":\"+34652131393\",\"logo\":{\"@type\":\"ImageObject\",\"url\":\"https:\\\/\\\/www.eldigitaldeasturias.com\\\/noticias\\\/wp-content\\\/uploads\\\/2020\\\/12\\\/EDA.jpg\",\"@id\":\"https:\\\/\\\/www.eldigitaldeasturias.com\\\/noticias\\\/las-ventas-de-las-marcas-propias-del-grupo-osborne-crecieron-un-3-en-2018\\\/#organizationLogo\",\"width\":649,\"height\":297},\"image\":{\"@id\":\"https:\\\/\\\/www.eldigitaldeasturias.com\\\/noticias\\\/las-ventas-de-las-marcas-propias-del-grupo-osborne-crecieron-un-3-en-2018\\\/#organizationLogo\"},\"sameAs\":[\"https:\\\/\\\/facebook.com\\\/eldigitaldeasturias\",\"https:\\\/\\\/www.youtube.com\\\/channel\\\/UCZP-2wLEB9Rv6erhFmqVnvg\"],\"address\":{\"@id\":\"https:\\\/\\\/www.eldigitaldeasturias.com\\\/noticias\\\/#postaladdress\",\"@type\":\"PostalAddress\",\"streetAddress\":\"san antonio 4,\",\"postalCode\":\"33430\",\"addressLocality\":\"Cand\\u00e1s\",\"addressRegion\":\"Asturias\",\"addressCountry\":\"ES\"}},{\"@type\":\"Person\",\"@id\":\"https:\\\/\\\/www.eldigitaldeasturias.com\\\/noticias\\\/author\\\/admin\\\/#author\",\"url\":\"https:\\\/\\\/www.eldigitaldeasturias.com\\\/noticias\\\/author\\\/admin\\\/\",\"name\":\"El Digital de Asturias\",\"image\":{\"@type\":\"ImageObject\",\"@id\":\"https:\\\/\\\/www.eldigitaldeasturias.com\\\/noticias\\\/las-ventas-de-las-marcas-propias-del-grupo-osborne-crecieron-un-3-en-2018\\\/#authorImage\",\"url\":\"https:\\\/\\\/www.eldigitaldeasturias.com\\\/noticias\\\/wp-content\\\/litespeed\\\/avatar\\\/18677e78aa0546b92d9dbf31ec7d7668.jpg?ver=1777290358\",\"width\":96,\"height\":96,\"caption\":\"El Digital de Asturias\"}},{\"@type\":\"WebPage\",\"@id\":\"https:\\\/\\\/www.eldigitaldeasturias.com\\\/noticias\\\/las-ventas-de-las-marcas-propias-del-grupo-osborne-crecieron-un-3-en-2018\\\/#webpage\",\"url\":\"https:\\\/\\\/www.eldigitaldeasturias.com\\\/noticias\\\/las-ventas-de-las-marcas-propias-del-grupo-osborne-crecieron-un-3-en-2018\\\/\",\"name\":\"Las ventas de las marcas propias del Grupo Osborne crecieron un 3% en 2018 - El Digital de Asturias\",\"description\":\"Osborne acaba de celebrar su Junta General de Accionistas en la que se han aprobado las cuentas del ejercicio 2018 y se han compartido las principales l\\u00edneas del Plan Estrat\\u00e9gico 2019-2021: el crecimiento de las marcas propias premium, la actividad de distribuci\\u00f3n en Espa\\u00f1a y la consolidaci\\u00f3n de la organizaci\\u00f3n sustentada en el orgullo de pertenencia,\",\"inLanguage\":\"es-ES\",\"isPartOf\":{\"@id\":\"https:\\\/\\\/www.eldigitaldeasturias.com\\\/noticias\\\/#website\"},\"breadcrumb\":{\"@id\":\"https:\\\/\\\/www.eldigitaldeasturias.com\\\/noticias\\\/las-ventas-de-las-marcas-propias-del-grupo-osborne-crecieron-un-3-en-2018\\\/#breadcrumblist\"},\"author\":{\"@id\":\"https:\\\/\\\/www.eldigitaldeasturias.com\\\/noticias\\\/author\\\/admin\\\/#author\"},\"creator\":{\"@id\":\"https:\\\/\\\/www.eldigitaldeasturias.com\\\/noticias\\\/author\\\/admin\\\/#author\"},\"image\":{\"@type\":\"ImageObject\",\"url\":\"https:\\\/\\\/www.eldigitaldeasturias.com\\\/noticias\\\/wp-content\\\/uploads\\\/2019\\\/06\\\/1560162660_Toro_de_Osborne.jpg\",\"@id\":\"https:\\\/\\\/www.eldigitaldeasturias.com\\\/noticias\\\/las-ventas-de-las-marcas-propias-del-grupo-osborne-crecieron-un-3-en-2018\\\/#mainImage\",\"width\":2835,\"height\":1890},\"primaryImageOfPage\":{\"@id\":\"https:\\\/\\\/www.eldigitaldeasturias.com\\\/noticias\\\/las-ventas-de-las-marcas-propias-del-grupo-osborne-crecieron-un-3-en-2018\\\/#mainImage\"},\"datePublished\":\"2019-06-11T00:19:42+02:00\",\"dateModified\":\"2019-06-11T00:19:42+02:00\"},{\"@type\":\"WebSite\",\"@id\":\"https:\\\/\\\/www.eldigitaldeasturias.com\\\/noticias\\\/#website\",\"url\":\"https:\\\/\\\/www.eldigitaldeasturias.com\\\/noticias\\\/\",\"name\":\"El Digital de Asturias - Diario de actualidad y noticias\",\"alternateName\":\"El Digital de Asturias - Diario de actualidad y noticias\",\"description\":\"Hemeroteca\",\"inLanguage\":\"es-ES\",\"publisher\":{\"@id\":\"https:\\\/\\\/www.eldigitaldeasturias.com\\\/noticias\\\/#organization\"}}]}\n\t\t<\/script>\n\t\t<!-- All in One SEO Pro -->\r\n\t\t<title>Las ventas de las marcas propias del Grupo Osborne crecieron un 3% en 2018 - El Digital de Asturias<\/title>\n\n","aioseo_head_json":{"title":"Las ventas de las marcas propias del Grupo Osborne crecieron un 3% en 2018 - El Digital de Asturias","description":"Osborne acaba de celebrar su Junta General de Accionistas en la que se han aprobado las cuentas del ejercicio 2018 y se han compartido las principales l\u00edneas del Plan Estrat\u00e9gico 2019-2021: el crecimiento de las marcas propias premium, la actividad de distribuci\u00f3n en Espa\u00f1a y la consolidaci\u00f3n de la organizaci\u00f3n sustentada en el orgullo de pertenencia,","canonical_url":"https:\/\/www.eldigitaldeasturias.com\/noticias\/las-ventas-de-las-marcas-propias-del-grupo-osborne-crecieron-un-3-en-2018\/","robots":"max-image-preview:large","keywords":"negocios y empresas","webmasterTools":{"google-site-verification":"UA-38556648-1","msvalidate.01":"7dfe9f3f1b24437ab69f4f2559babe99","miscellaneous":""},"schema":{"@context":"https:\/\/schema.org","@graph":[{"@type":"BlogPosting","@id":"https:\/\/www.eldigitaldeasturias.com\/noticias\/las-ventas-de-las-marcas-propias-del-grupo-osborne-crecieron-un-3-en-2018\/#blogposting","name":"Las ventas de las marcas propias del Grupo Osborne crecieron un 3% en 2018 - El Digital de Asturias","headline":"Las ventas de las marcas propias del Grupo Osborne crecieron un 3% en 2018","author":{"@id":"https:\/\/www.eldigitaldeasturias.com\/noticias\/author\/admin\/#author"},"publisher":{"@id":"https:\/\/www.eldigitaldeasturias.com\/noticias\/#organization"},"image":{"@type":"ImageObject","url":"https:\/\/www.eldigitaldeasturias.com\/noticias\/wp-content\/uploads\/2019\/06\/1560162660_Toro_de_Osborne.jpg","width":2835,"height":1890},"datePublished":"2019-06-11T00:19:42+02:00","dateModified":"2019-06-11T00:19:42+02:00","inLanguage":"es-ES","mainEntityOfPage":{"@id":"https:\/\/www.eldigitaldeasturias.com\/noticias\/las-ventas-de-las-marcas-propias-del-grupo-osborne-crecieron-un-3-en-2018\/#webpage"},"isPartOf":{"@id":"https:\/\/www.eldigitaldeasturias.com\/noticias\/las-ventas-de-las-marcas-propias-del-grupo-osborne-crecieron-un-3-en-2018\/#webpage"},"articleSection":"Negocios y Empresas"},{"@type":"BreadcrumbList","@id":"https:\/\/www.eldigitaldeasturias.com\/noticias\/las-ventas-de-las-marcas-propias-del-grupo-osborne-crecieron-un-3-en-2018\/#breadcrumblist","itemListElement":[{"@type":"ListItem","@id":"https:\/\/www.eldigitaldeasturias.com\/noticias#listItem","position":1,"name":"Home","item":"https:\/\/www.eldigitaldeasturias.com\/noticias","nextItem":{"@type":"ListItem","@id":"https:\/\/www.eldigitaldeasturias.com\/noticias\/category\/negocios-y-empresas\/#listItem","name":"Negocios y Empresas"}},{"@type":"ListItem","@id":"https:\/\/www.eldigitaldeasturias.com\/noticias\/category\/negocios-y-empresas\/#listItem","position":2,"name":"Negocios y Empresas","item":"https:\/\/www.eldigitaldeasturias.com\/noticias\/category\/negocios-y-empresas\/","nextItem":{"@type":"ListItem","@id":"https:\/\/www.eldigitaldeasturias.com\/noticias\/las-ventas-de-las-marcas-propias-del-grupo-osborne-crecieron-un-3-en-2018\/#listItem","name":"Las ventas de las marcas propias del Grupo Osborne crecieron un 3% en 2018"},"previousItem":{"@type":"ListItem","@id":"https:\/\/www.eldigitaldeasturias.com\/noticias#listItem","name":"Home"}},{"@type":"ListItem","@id":"https:\/\/www.eldigitaldeasturias.com\/noticias\/las-ventas-de-las-marcas-propias-del-grupo-osborne-crecieron-un-3-en-2018\/#listItem","position":3,"name":"Las ventas de las marcas propias del Grupo Osborne crecieron un 3% en 2018","previousItem":{"@type":"ListItem","@id":"https:\/\/www.eldigitaldeasturias.com\/noticias\/category\/negocios-y-empresas\/#listItem","name":"Negocios y Empresas"}}]},{"@type":"Organization","@id":"https:\/\/www.eldigitaldeasturias.com\/noticias\/#organization","name":"El Digital de Asturias","description":"Hemeroteca","url":"https:\/\/www.eldigitaldeasturias.com\/noticias\/","email":"info@eldigitaldeasturias.com","telephone":"+34652131393","logo":{"@type":"ImageObject","url":"https:\/\/www.eldigitaldeasturias.com\/noticias\/wp-content\/uploads\/2020\/12\/EDA.jpg","@id":"https:\/\/www.eldigitaldeasturias.com\/noticias\/las-ventas-de-las-marcas-propias-del-grupo-osborne-crecieron-un-3-en-2018\/#organizationLogo","width":649,"height":297},"image":{"@id":"https:\/\/www.eldigitaldeasturias.com\/noticias\/las-ventas-de-las-marcas-propias-del-grupo-osborne-crecieron-un-3-en-2018\/#organizationLogo"},"sameAs":["https:\/\/facebook.com\/eldigitaldeasturias","https:\/\/www.youtube.com\/channel\/UCZP-2wLEB9Rv6erhFmqVnvg"],"address":{"@id":"https:\/\/www.eldigitaldeasturias.com\/noticias\/#postaladdress","@type":"PostalAddress","streetAddress":"san antonio 4,","postalCode":"33430","addressLocality":"Cand\u00e1s","addressRegion":"Asturias","addressCountry":"ES"}},{"@type":"Person","@id":"https:\/\/www.eldigitaldeasturias.com\/noticias\/author\/admin\/#author","url":"https:\/\/www.eldigitaldeasturias.com\/noticias\/author\/admin\/","name":"El Digital de Asturias","image":{"@type":"ImageObject","@id":"https:\/\/www.eldigitaldeasturias.com\/noticias\/las-ventas-de-las-marcas-propias-del-grupo-osborne-crecieron-un-3-en-2018\/#authorImage","url":"https:\/\/www.eldigitaldeasturias.com\/noticias\/wp-content\/litespeed\/avatar\/18677e78aa0546b92d9dbf31ec7d7668.jpg?ver=1777290358","width":96,"height":96,"caption":"El Digital de Asturias"}},{"@type":"WebPage","@id":"https:\/\/www.eldigitaldeasturias.com\/noticias\/las-ventas-de-las-marcas-propias-del-grupo-osborne-crecieron-un-3-en-2018\/#webpage","url":"https:\/\/www.eldigitaldeasturias.com\/noticias\/las-ventas-de-las-marcas-propias-del-grupo-osborne-crecieron-un-3-en-2018\/","name":"Las ventas de las marcas propias del Grupo Osborne crecieron un 3% en 2018 - El Digital de Asturias","description":"Osborne acaba de celebrar su Junta General de Accionistas en la que se han aprobado las cuentas del ejercicio 2018 y se han compartido las principales l\u00edneas del Plan Estrat\u00e9gico 2019-2021: el crecimiento de las marcas propias premium, la actividad de distribuci\u00f3n en Espa\u00f1a y la consolidaci\u00f3n de la organizaci\u00f3n sustentada en el orgullo de pertenencia,","inLanguage":"es-ES","isPartOf":{"@id":"https:\/\/www.eldigitaldeasturias.com\/noticias\/#website"},"breadcrumb":{"@id":"https:\/\/www.eldigitaldeasturias.com\/noticias\/las-ventas-de-las-marcas-propias-del-grupo-osborne-crecieron-un-3-en-2018\/#breadcrumblist"},"author":{"@id":"https:\/\/www.eldigitaldeasturias.com\/noticias\/author\/admin\/#author"},"creator":{"@id":"https:\/\/www.eldigitaldeasturias.com\/noticias\/author\/admin\/#author"},"image":{"@type":"ImageObject","url":"https:\/\/www.eldigitaldeasturias.com\/noticias\/wp-content\/uploads\/2019\/06\/1560162660_Toro_de_Osborne.jpg","@id":"https:\/\/www.eldigitaldeasturias.com\/noticias\/las-ventas-de-las-marcas-propias-del-grupo-osborne-crecieron-un-3-en-2018\/#mainImage","width":2835,"height":1890},"primaryImageOfPage":{"@id":"https:\/\/www.eldigitaldeasturias.com\/noticias\/las-ventas-de-las-marcas-propias-del-grupo-osborne-crecieron-un-3-en-2018\/#mainImage"},"datePublished":"2019-06-11T00:19:42+02:00","dateModified":"2019-06-11T00:19:42+02:00"},{"@type":"WebSite","@id":"https:\/\/www.eldigitaldeasturias.com\/noticias\/#website","url":"https:\/\/www.eldigitaldeasturias.com\/noticias\/","name":"El Digital de Asturias - Diario de actualidad y noticias","alternateName":"El Digital de Asturias - Diario de actualidad y noticias","description":"Hemeroteca","inLanguage":"es-ES","publisher":{"@id":"https:\/\/www.eldigitaldeasturias.com\/noticias\/#organization"}}]},"og:locale":"es_ES","og:site_name":"El Digital de Asturias","og:type":"article","og:title":"Las ventas de las marcas propias del Grupo Osborne crecieron un 3% en 2018 - El Digital de Asturias","og:description":"Osborne acaba de celebrar su Junta General de Accionistas en la que se han aprobado las cuentas del ejercicio 2018 y se han compartido las principales l\u00edneas del Plan Estrat\u00e9gico 2019-2021: el crecimiento de las marcas propias premium, la actividad de distribuci\u00f3n en Espa\u00f1a y la consolidaci\u00f3n de la organizaci\u00f3n sustentada en el orgullo de pertenencia,","og:url":"https:\/\/www.eldigitaldeasturias.com\/noticias\/las-ventas-de-las-marcas-propias-del-grupo-osborne-crecieron-un-3-en-2018\/","og:image":"https:\/\/www.eldigitaldeasturias.com\/noticias\/wp-content\/uploads\/2019\/06\/1560162660_Toro_de_Osborne.jpg","og:image:secure_url":"https:\/\/www.eldigitaldeasturias.com\/noticias\/wp-content\/uploads\/2019\/06\/1560162660_Toro_de_Osborne.jpg","og:image:width":2835,"og:image:height":1890,"article:tag":["negocios y empresas"],"article:published_time":"2019-06-11T00:19:42+00:00","article:modified_time":"2019-06-11T00:19:42+00:00","article:publisher":"https:\/\/facebook.com\/eldigitaldeasturias","twitter:card":"summary_large_image","twitter:title":"Las ventas de las marcas propias del Grupo Osborne crecieron un 3% en 2018 - El Digital de Asturias","twitter:description":"Osborne acaba de celebrar su Junta General de Accionistas en la que se han aprobado las cuentas del ejercicio 2018 y se han compartido las principales l\u00edneas del Plan Estrat\u00e9gico 2019-2021: el crecimiento de las marcas propias premium, la actividad de distribuci\u00f3n en Espa\u00f1a y la consolidaci\u00f3n de la organizaci\u00f3n sustentada en el orgullo de pertenencia,","twitter:image":"https:\/\/www.eldigitaldeasturias.com\/noticias\/wp-content\/uploads\/2019\/06\/1560162660_Toro_de_Osborne.jpg","twitter:label1":"Escrito por","twitter:data1":"El Digital de Asturias","twitter:label2":"Tiempo de lectura estimado","twitter:data2":"3 minutos"},"aioseo_meta_data":{"post_id":"1030355","title":null,"description":null,"keywords":null,"keyphrases":null,"primary_term":null,"canonical_url":null,"og_title":null,"og_description":null,"og_object_type":"default","og_image_type":"default","og_image_url":null,"og_image_width":null,"og_image_height":null,"og_image_custom_url":null,"og_image_custom_fields":null,"og_video":null,"og_custom_url":null,"og_article_section":null,"og_article_tags":null,"twitter_use_og":false,"twitter_card":"default","twitter_image_type":"default","twitter_image_url":null,"twitter_image_custom_url":null,"twitter_image_custom_fields":null,"twitter_title":null,"twitter_description":null,"schema":{"blockGraphs":[],"customGraphs":[],"default":{"data":{"Article":[],"Course":[],"Dataset":[],"FAQPage":[],"Movie":[],"Person":[],"Product":[],"ProductReview":[],"Car":[],"Recipe":[],"Service":[],"SoftwareApplication":[],"WebPage":[]},"graphName":"","isEnabled":true},"graphs":[],"defaultGraph":"","defaultPostTypeGraph":""},"schema_type":null,"schema_type_options":null,"pillar_content":false,"robots_default":true,"robots_noindex":false,"robots_noarchive":false,"robots_nosnippet":false,"robots_nofollow":false,"robots_noimageindex":false,"robots_noodp":false,"robots_notranslate":false,"robots_max_snippet":null,"robots_max_videopreview":null,"robots_max_imagepreview":"large","priority":null,"frequency":null,"local_seo":null,"seo_analyzer_scan_date":"2025-10-18 15:24:08","breadcrumb_settings":null,"limit_modified_date":false,"open_ai":null,"ai":null,"created":"2020-12-21 11:10:44","updated":"2025-10-18 15:24:08"},"aioseo_breadcrumb":"<div class=\"aioseo-breadcrumbs\"><span class=\"aioseo-breadcrumb\">\n\t<a href=\"https:\/\/www.eldigitaldeasturias.com\/noticias\" title=\"Home\">Home<\/a>\n<\/span><span class=\"aioseo-breadcrumb-separator\">\u2013<\/span><span class=\"aioseo-breadcrumb\">\n\t<a href=\"https:\/\/www.eldigitaldeasturias.com\/noticias\/category\/negocios-y-empresas\/\" title=\"Negocios y Empresas\">Negocios y Empresas<\/a>\n<\/span><span class=\"aioseo-breadcrumb-separator\">\u2013<\/span><span class=\"aioseo-breadcrumb\">\n\t<a href=\"https:\/\/www.eldigitaldeasturias.com\/noticias\/las-ventas-de-las-marcas-propias-del-grupo-osborne-crecieron-un-3-en-2018\/\" title=\"Las ventas de las marcas propias del Grupo Osborne crecieron un 3% en 2018\">Las ventas de las marcas propias del Grupo Osborne crecieron un 3% en 2018<\/a>\n<\/span><\/div>","aioseo_breadcrumb_json":[{"label":"Home","link":"https:\/\/www.eldigitaldeasturias.com\/noticias"},{"label":"Negocios y Empresas","link":"https:\/\/www.eldigitaldeasturias.com\/noticias\/category\/negocios-y-empresas\/"},{"label":"Las ventas de las marcas propias del Grupo Osborne crecieron un 3% en 2018","link":"https:\/\/www.eldigitaldeasturias.com\/noticias\/las-ventas-de-las-marcas-propias-del-grupo-osborne-crecieron-un-3-en-2018\/"}],"_links":{"self":[{"href":"https:\/\/www.eldigitaldeasturias.com\/noticias\/wp-json\/wp\/v2\/posts\/1030355","targetHints":{"allow":["GET"]}}],"collection":[{"href":"https:\/\/www.eldigitaldeasturias.com\/noticias\/wp-json\/wp\/v2\/posts"}],"about":[{"href":"https:\/\/www.eldigitaldeasturias.com\/noticias\/wp-json\/wp\/v2\/types\/post"}],"author":[{"embeddable":true,"href":"https:\/\/www.eldigitaldeasturias.com\/noticias\/wp-json\/wp\/v2\/users\/1"}],"replies":[{"embeddable":true,"href":"https:\/\/www.eldigitaldeasturias.com\/noticias\/wp-json\/wp\/v2\/comments?post=1030355"}],"version-history":[{"count":0,"href":"https:\/\/www.eldigitaldeasturias.com\/noticias\/wp-json\/wp\/v2\/posts\/1030355\/revisions"}],"wp:featuredmedia":[{"embeddable":true,"href":"https:\/\/www.eldigitaldeasturias.com\/noticias\/wp-json\/wp\/v2\/media\/1030356"}],"wp:attachment":[{"href":"https:\/\/www.eldigitaldeasturias.com\/noticias\/wp-json\/wp\/v2\/media?parent=1030355"}],"wp:term":[{"taxonomy":"category","embeddable":true,"href":"https:\/\/www.eldigitaldeasturias.com\/noticias\/wp-json\/wp\/v2\/categories?post=1030355"},{"taxonomy":"post_tag","embeddable":true,"href":"https:\/\/www.eldigitaldeasturias.com\/noticias\/wp-json\/wp\/v2\/tags?post=1030355"}],"curies":[{"name":"wp","href":"https:\/\/api.w.org\/{rel}","templated":true}]}}