{"id":1030349,"date":"2019-06-11T00:16:11","date_gmt":"2019-06-11T00:16:11","guid":{"rendered":"https:\/\/www.eldigitaldeasturias.com\/noticias\/?p=1030349"},"modified":"2019-06-11T00:16:11","modified_gmt":"2019-06-11T00:16:11","slug":"%e2%80%8bla-britanica-katharine-hamnett-todo-un-icono-de-la-moda-sera-premio-de-honor-en-los-ied-design-awards","status":"publish","type":"post","link":"https:\/\/www.eldigitaldeasturias.com\/noticias\/%e2%80%8bla-britanica-katharine-hamnett-todo-un-icono-de-la-moda-sera-premio-de-honor-en-los-ied-design-awards\/","title":{"rendered":"\u200bLa brit\u00e1nica Katharine Hamnett, todo un icono de la moda, ser\u00e1 premio de honor en los IED Design Awards"},"content":{"rendered":"<p><img loading=\"lazy\" decoding=\"async\" class=\"alignleft size-medium wp-image-1030350\" src=\"https:\/\/www.eldigitaldeasturias.com\/noticias\/wp-content\/uploads\/2019\/06\/1559910002_KH_portrait_SLOE_tee-265x320.jpg\" alt=\"\" width=\"265\" height=\"320\" srcset=\"https:\/\/www.eldigitaldeasturias.com\/noticias\/wp-content\/uploads\/2019\/06\/1559910002_KH_portrait_SLOE_tee-265x320.jpg 265w, https:\/\/www.eldigitaldeasturias.com\/noticias\/wp-content\/uploads\/2019\/06\/1559910002_KH_portrait_SLOE_tee-768x928.jpg 768w, https:\/\/www.eldigitaldeasturias.com\/noticias\/wp-content\/uploads\/2019\/06\/1559910002_KH_portrait_SLOE_tee-397x480.jpg 397w, https:\/\/www.eldigitaldeasturias.com\/noticias\/wp-content\/uploads\/2019\/06\/1559910002_KH_portrait_SLOE_tee-1024x1237.jpg 1024w, https:\/\/www.eldigitaldeasturias.com\/noticias\/wp-content\/uploads\/2019\/06\/1559910002_KH_portrait_SLOE_tee.jpg 1043w\" sizes=\"auto, (max-width: 265px) 100vw, 265px\" \/>la escuela de dise\u00f1o\u00a0<span style=\"color: #ff6600;\"><a style=\"color: #ff6600;\" href=\"http:\/\/www.iedmadrid.com\/\" target=\"_blank\" rel=\"nofollow noopener noreferrer\"><strong>IED Madrid<\/strong><\/a><\/span>\u00a0homenajea anualmente a aquellos dise\u00f1adores y marcas que durante el \u00faltimo a\u00f1o han contribuido a poner en valor el papel del dise\u00f1o y la creatividad,\u00a0<strong>acercando el mundo del dise\u00f1o al p\u00fablico general.\u00a0<\/strong>Para ello, la instituci\u00f3n cre\u00f3 en 2016 sus premios\u00a0<a href=\"http:\/\/www.iedesignawards.com\/\" target=\"_blank\" rel=\"nofollow noopener noreferrer\"><span style=\"color: #ff6600;\"><strong>IED Design Awards<\/strong><\/span><\/a>, que este pr\u00f3ximo 20 de junio celebran su IV edici\u00f3n, en el marco de los jardines de la Embajada de Italia en Madrid.<\/p>\n<p>Las\u00a0<strong>18 categor\u00edas<\/strong>\u00a0propuestas este a\u00f1o engloban el mundo de la\u00a0<strong>moda, el dise\u00f1o audiovisual y tecnol\u00f3gico, el branding, el management relacionado con el dise\u00f1o, el interiorismo y el dise\u00f1o de producto<\/strong>, y como broche final, un\u00a0<strong>galard\u00f3n honor\u00edfico a toda una carrera dedicada al dise\u00f1o,\u00a0<\/strong>que este a\u00f1o se otorgar\u00e1 la ic\u00f3nica dise\u00f1adora brit\u00e1nica\u00a0<strong>Katharine Hamnett<\/strong>, una de las activistas m\u00e1s prominentes del mundo de la moda mundial, en lucha por la sostenibilidad del sector desde hace m\u00e1s de 30 a\u00f1os y conocida en todo el mundo por ser\u00a0<strong>una de las<\/strong>\u00a0<strong>pioneras de la moda brit\u00e1nica contempor\u00e1nea.<\/strong><\/p>\n<p>Invent\u00f3 la camiseta con eslogan, copiada hasta la saciedad, fue la primera en utilizar tejido vaquero desgastado y defendi\u00f3 el algod\u00f3n org\u00e1nico mucho antes de que hubiera consciencia de lo perjudicial que el sistema de producci\u00f3n convencional resultaba para el medio ambiente. Katharine Hamnett influy\u00f3 en la pol\u00edtica y la cultura popular brit\u00e1nica con la fuerza de su trabajo, especialmente en la d\u00e9cada de los 80. Adem\u00e1s,\u00a0<strong>fue la primera dise\u00f1adora en ganar el premio \u00abDise\u00f1adora del A\u00f1o\u00bb del British Fashion Council en 1984<\/strong>, un reputado premio que posteriormente han ganado nombres de la talla de John Galliano, Vivienne Westwood, Alexander McQueen o Stella McCartney.<\/p>\n<p>Katharine Hamnett naci\u00f3 en 1947. Tras trabajar en el sector de la moda en Londres, Par\u00eds, Roma, Hong Kong y Nueva York,\u00a0<strong>lanza su propia firma, Katharine Hamnett London, en 1979.\u00a0<\/strong>Sus colecciones de la \u00e9poca \u2014de est\u00e9tica unisex e inspiradas en la ropa de trabajo\u2014 tienen estatus de culto, y tambi\u00e9n desarroll\u00f3 l\u00edneas de denim, relojes, gafas, bolsos y zapatos. Pero fueron sus camisetas con mensaje las que la convirtieron en un referente.<\/p>\n<p>Katharine Hamnett se hizo famosa por inventar la camiseta con eslogan. Al imprimir mensajes de car\u00e1cter pol\u00edtico con letras grandes en simples camisetas, caus\u00f3 furor en la d\u00e9cada de los 80. Estas camisetas estaban dise\u00f1adas para que pudieran copiarse f\u00e1cilmente con el objetivo de que sus mensajes llegaran al m\u00e1ximo n\u00famero de personas posible. Una de sus camisetas con eslogan m\u00e1s famosas fue la \u00abCHOOSE LIFE\u00bb (elegid la vida), un mensaje antib\u00e9lico que visti\u00f3 George Michael en uno de los v\u00eddeos de Wham!. Otros modelos bien conocidos fueron \u201cUSE A CONDOM\u201d (usa cond\u00f3n) o \u201cPEACE\u201d (paz). Con el tiempo, los mensajes de Katharine Hamnett se centrar\u00edan en la pol\u00edtica antimisiles, la dram\u00e1tica situaci\u00f3n de \u00c1frica y la sostenibilidad medioambiental.<\/p>\n<p>Katharine Hamnett proporcion\u00f3 a muchos de los grandes fot\u00f3grafos de moda internacionales su primer trabajo en publicidad. Ellen von Unwerth, Juergen Teller y Terry Richardson empezaron a trabajar en campa\u00f1as publicitarias de Katharine Hamnett al principio de su carrera profesional. Tambi\u00e9n lanz\u00f3 a la fama a muchas de las supermodelos m\u00e1s famosas: Claudia Schiffer, Nadja Auermann y Naomi Campbell protagonizaron campa\u00f1as publicitarias y desfiles de moda de la dise\u00f1adora.<\/p>\n<p>A d\u00eda de hoy, Katharine Hamnett lleva m\u00e1s de tres d\u00e9cadas ejerciendo una gran influencia en el mundo de la moda. No ha cejado en su empe\u00f1o por hacer campa\u00f1a para cambiar el sector de la moda desde dentro, participando en muchas iniciativas ecol\u00f3gicas e impartiendo conferencias sobre sostenibilidad en todo el mundo.<\/p>\n","protected":false},"excerpt":{"rendered":"<p>la escuela de dise\u00f1o\u00a0IED Madrid\u00a0homenajea anualmente a aquellos dise\u00f1adores y marcas que durante el \u00faltimo a\u00f1o han contribuido a poner en valor el papel del dise\u00f1o y la creatividad,\u00a0acercando el mundo del dise\u00f1o al p\u00fablico general.\u00a0Para ello, la instituci\u00f3n cre\u00f3 en 2016 sus premios\u00a0IED Design Awards, que este pr\u00f3ximo 20 de junio celebran su IV [&hellip;]<\/p>\n","protected":false},"author":1,"featured_media":1030350,"comment_status":"closed","ping_status":"closed","sticky":false,"template":"","format":"standard","meta":{"footnotes":""},"categories":[219],"tags":[],"class_list":["post-1030349","post","type-post","status-publish","format-standard","has-post-thumbnail","hentry","category-negocios-y-empresas"],"aioseo_notices":[],"aioseo_head":"\n\t\t<!-- All in One SEO Pro 4.9.6.2 - aioseo.com -->\n\t<meta name=\"description\" content=\"la escuela de dise\u00f1o IED Madrid homenajea anualmente a aquellos dise\u00f1adores y marcas que durante el \u00faltimo a\u00f1o han contribuido a poner en valor el papel del dise\u00f1o y la creatividad, acercando el mundo del dise\u00f1o al p\u00fablico general. Para ello, la instituci\u00f3n cre\u00f3 en 2016 sus premios IED Design Awards, que este pr\u00f3ximo 20 de junio celebran su IV\" \/>\n\t<meta name=\"robots\" content=\"max-image-preview:large\" \/>\n\t<meta name=\"author\" content=\"El Digital de Asturias\"\/>\n\t<meta name=\"google-site-verification\" content=\"UA-38556648-1\" \/>\n\t<meta name=\"msvalidate.01\" content=\"7dfe9f3f1b24437ab69f4f2559babe99\" \/>\n\t<meta name=\"keywords\" content=\"negocios y empresas\" \/>\n\t<link rel=\"canonical\" href=\"https:\/\/www.eldigitaldeasturias.com\/noticias\/%e2%80%8bla-britanica-katharine-hamnett-todo-un-icono-de-la-moda-sera-premio-de-honor-en-los-ied-design-awards\/\" \/>\n\t<meta name=\"generator\" content=\"All in One SEO Pro (AIOSEO) 4.9.6.2\" \/>\n\t\t<meta property=\"og:locale\" content=\"es_ES\" \/>\n\t\t<meta property=\"og:site_name\" content=\"El Digital de Asturias\" \/>\n\t\t<meta property=\"og:type\" content=\"article\" \/>\n\t\t<meta property=\"og:title\" content=\"\u200bLa brit\u00e1nica Katharine Hamnett, todo un icono de la moda, ser\u00e1 premio de honor en los IED Design Awards - El Digital de Asturias\" \/>\n\t\t<meta property=\"og:description\" content=\"la escuela de dise\u00f1o IED Madrid homenajea anualmente a aquellos dise\u00f1adores y marcas que durante el \u00faltimo a\u00f1o han contribuido a poner en valor el papel del dise\u00f1o y la creatividad, acercando el mundo del dise\u00f1o al p\u00fablico general. Para ello, la instituci\u00f3n cre\u00f3 en 2016 sus premios IED Design Awards, que este pr\u00f3ximo 20 de junio celebran su IV\" \/>\n\t\t<meta property=\"og:url\" content=\"https:\/\/www.eldigitaldeasturias.com\/noticias\/%e2%80%8bla-britanica-katharine-hamnett-todo-un-icono-de-la-moda-sera-premio-de-honor-en-los-ied-design-awards\/\" \/>\n\t\t<meta property=\"og:image\" content=\"https:\/\/www.eldigitaldeasturias.com\/noticias\/wp-content\/uploads\/2019\/06\/1559910002_KH_portrait_SLOE_tee.jpg\" \/>\n\t\t<meta property=\"og:image:secure_url\" content=\"https:\/\/www.eldigitaldeasturias.com\/noticias\/wp-content\/uploads\/2019\/06\/1559910002_KH_portrait_SLOE_tee.jpg\" \/>\n\t\t<meta property=\"og:image:width\" content=\"1043\" \/>\n\t\t<meta property=\"og:image:height\" content=\"1260\" \/>\n\t\t<meta property=\"article:tag\" content=\"negocios y empresas\" \/>\n\t\t<meta property=\"article:published_time\" content=\"2019-06-11T00:16:11+00:00\" \/>\n\t\t<meta property=\"article:modified_time\" content=\"2019-06-11T00:16:11+00:00\" \/>\n\t\t<meta property=\"article:publisher\" content=\"https:\/\/facebook.com\/eldigitaldeasturias\" \/>\n\t\t<meta name=\"twitter:card\" content=\"summary_large_image\" \/>\n\t\t<meta name=\"twitter:title\" content=\"\u200bLa brit\u00e1nica Katharine Hamnett, todo un icono de la moda, ser\u00e1 premio de honor en los IED Design Awards - El Digital de Asturias\" \/>\n\t\t<meta name=\"twitter:description\" content=\"la escuela de dise\u00f1o IED Madrid homenajea anualmente a aquellos dise\u00f1adores y marcas que durante el \u00faltimo a\u00f1o han contribuido a poner en valor el papel del dise\u00f1o y la creatividad, acercando el mundo del dise\u00f1o al p\u00fablico general. Para ello, la instituci\u00f3n cre\u00f3 en 2016 sus premios IED Design Awards, que este pr\u00f3ximo 20 de junio celebran su IV\" \/>\n\t\t<meta name=\"twitter:image\" content=\"https:\/\/www.eldigitaldeasturias.com\/noticias\/wp-content\/uploads\/2019\/06\/1559910002_KH_portrait_SLOE_tee.jpg\" \/>\n\t\t<meta name=\"twitter:label1\" content=\"Escrito por\" \/>\n\t\t<meta name=\"twitter:data1\" content=\"El Digital de Asturias\" \/>\n\t\t<meta name=\"twitter:label2\" content=\"Tiempo de lectura estimado\" \/>\n\t\t<meta name=\"twitter:data2\" content=\"3 minutos\" \/>\n\t\t<script type=\"application\/ld+json\" class=\"aioseo-schema\">\n\t\t\t{\"@context\":\"https:\\\/\\\/schema.org\",\"@graph\":[{\"@type\":\"BlogPosting\",\"@id\":\"https:\\\/\\\/www.eldigitaldeasturias.com\\\/noticias\\\/%e2%80%8bla-britanica-katharine-hamnett-todo-un-icono-de-la-moda-sera-premio-de-honor-en-los-ied-design-awards\\\/#blogposting\",\"name\":\"\\u200bLa brit\\u00e1nica Katharine Hamnett, todo un icono de la moda, ser\\u00e1 premio de honor en los IED Design Awards - El Digital de Asturias\",\"headline\":\"\\u200bLa brit\\u00e1nica Katharine Hamnett, todo un icono de la moda, ser\\u00e1 premio de honor en los IED Design Awards\",\"author\":{\"@id\":\"https:\\\/\\\/www.eldigitaldeasturias.com\\\/noticias\\\/author\\\/admin\\\/#author\"},\"publisher\":{\"@id\":\"https:\\\/\\\/www.eldigitaldeasturias.com\\\/noticias\\\/#organization\"},\"image\":{\"@type\":\"ImageObject\",\"url\":\"https:\\\/\\\/www.eldigitaldeasturias.com\\\/noticias\\\/wp-content\\\/uploads\\\/2019\\\/06\\\/1559910002_KH_portrait_SLOE_tee.jpg\",\"width\":1043,\"height\":1260},\"datePublished\":\"2019-06-11T00:16:11+02:00\",\"dateModified\":\"2019-06-11T00:16:11+02:00\",\"inLanguage\":\"es-ES\",\"mainEntityOfPage\":{\"@id\":\"https:\\\/\\\/www.eldigitaldeasturias.com\\\/noticias\\\/%e2%80%8bla-britanica-katharine-hamnett-todo-un-icono-de-la-moda-sera-premio-de-honor-en-los-ied-design-awards\\\/#webpage\"},\"isPartOf\":{\"@id\":\"https:\\\/\\\/www.eldigitaldeasturias.com\\\/noticias\\\/%e2%80%8bla-britanica-katharine-hamnett-todo-un-icono-de-la-moda-sera-premio-de-honor-en-los-ied-design-awards\\\/#webpage\"},\"articleSection\":\"Negocios y Empresas\"},{\"@type\":\"BreadcrumbList\",\"@id\":\"https:\\\/\\\/www.eldigitaldeasturias.com\\\/noticias\\\/%e2%80%8bla-britanica-katharine-hamnett-todo-un-icono-de-la-moda-sera-premio-de-honor-en-los-ied-design-awards\\\/#breadcrumblist\",\"itemListElement\":[{\"@type\":\"ListItem\",\"@id\":\"https:\\\/\\\/www.eldigitaldeasturias.com\\\/noticias#listItem\",\"position\":1,\"name\":\"Home\",\"item\":\"https:\\\/\\\/www.eldigitaldeasturias.com\\\/noticias\",\"nextItem\":{\"@type\":\"ListItem\",\"@id\":\"https:\\\/\\\/www.eldigitaldeasturias.com\\\/noticias\\\/category\\\/negocios-y-empresas\\\/#listItem\",\"name\":\"Negocios y Empresas\"}},{\"@type\":\"ListItem\",\"@id\":\"https:\\\/\\\/www.eldigitaldeasturias.com\\\/noticias\\\/category\\\/negocios-y-empresas\\\/#listItem\",\"position\":2,\"name\":\"Negocios y Empresas\",\"item\":\"https:\\\/\\\/www.eldigitaldeasturias.com\\\/noticias\\\/category\\\/negocios-y-empresas\\\/\",\"nextItem\":{\"@type\":\"ListItem\",\"@id\":\"https:\\\/\\\/www.eldigitaldeasturias.com\\\/noticias\\\/%e2%80%8bla-britanica-katharine-hamnett-todo-un-icono-de-la-moda-sera-premio-de-honor-en-los-ied-design-awards\\\/#listItem\",\"name\":\"\\u200bLa brit\\u00e1nica Katharine Hamnett, todo un icono de la moda, ser\\u00e1 premio de honor en los IED Design Awards\"},\"previousItem\":{\"@type\":\"ListItem\",\"@id\":\"https:\\\/\\\/www.eldigitaldeasturias.com\\\/noticias#listItem\",\"name\":\"Home\"}},{\"@type\":\"ListItem\",\"@id\":\"https:\\\/\\\/www.eldigitaldeasturias.com\\\/noticias\\\/%e2%80%8bla-britanica-katharine-hamnett-todo-un-icono-de-la-moda-sera-premio-de-honor-en-los-ied-design-awards\\\/#listItem\",\"position\":3,\"name\":\"\\u200bLa brit\\u00e1nica Katharine Hamnett, todo un icono de la moda, ser\\u00e1 premio de honor en los IED Design Awards\",\"previousItem\":{\"@type\":\"ListItem\",\"@id\":\"https:\\\/\\\/www.eldigitaldeasturias.com\\\/noticias\\\/category\\\/negocios-y-empresas\\\/#listItem\",\"name\":\"Negocios y Empresas\"}}]},{\"@type\":\"Organization\",\"@id\":\"https:\\\/\\\/www.eldigitaldeasturias.com\\\/noticias\\\/#organization\",\"name\":\"El Digital de Asturias\",\"description\":\"Hemeroteca\",\"url\":\"https:\\\/\\\/www.eldigitaldeasturias.com\\\/noticias\\\/\",\"email\":\"info@eldigitaldeasturias.com\",\"telephone\":\"+34652131393\",\"logo\":{\"@type\":\"ImageObject\",\"url\":\"https:\\\/\\\/www.eldigitaldeasturias.com\\\/noticias\\\/wp-content\\\/uploads\\\/2020\\\/12\\\/EDA.jpg\",\"@id\":\"https:\\\/\\\/www.eldigitaldeasturias.com\\\/noticias\\\/%e2%80%8bla-britanica-katharine-hamnett-todo-un-icono-de-la-moda-sera-premio-de-honor-en-los-ied-design-awards\\\/#organizationLogo\",\"width\":649,\"height\":297},\"image\":{\"@id\":\"https:\\\/\\\/www.eldigitaldeasturias.com\\\/noticias\\\/%e2%80%8bla-britanica-katharine-hamnett-todo-un-icono-de-la-moda-sera-premio-de-honor-en-los-ied-design-awards\\\/#organizationLogo\"},\"sameAs\":[\"https:\\\/\\\/facebook.com\\\/eldigitaldeasturias\",\"https:\\\/\\\/www.youtube.com\\\/channel\\\/UCZP-2wLEB9Rv6erhFmqVnvg\"],\"address\":{\"@id\":\"https:\\\/\\\/www.eldigitaldeasturias.com\\\/noticias\\\/#postaladdress\",\"@type\":\"PostalAddress\",\"streetAddress\":\"san antonio 4,\",\"postalCode\":\"33430\",\"addressLocality\":\"Cand\\u00e1s\",\"addressRegion\":\"Asturias\",\"addressCountry\":\"ES\"}},{\"@type\":\"Person\",\"@id\":\"https:\\\/\\\/www.eldigitaldeasturias.com\\\/noticias\\\/author\\\/admin\\\/#author\",\"url\":\"https:\\\/\\\/www.eldigitaldeasturias.com\\\/noticias\\\/author\\\/admin\\\/\",\"name\":\"El Digital de Asturias\",\"image\":{\"@type\":\"ImageObject\",\"@id\":\"https:\\\/\\\/www.eldigitaldeasturias.com\\\/noticias\\\/%e2%80%8bla-britanica-katharine-hamnett-todo-un-icono-de-la-moda-sera-premio-de-honor-en-los-ied-design-awards\\\/#authorImage\",\"url\":\"https:\\\/\\\/www.eldigitaldeasturias.com\\\/noticias\\\/wp-content\\\/litespeed\\\/avatar\\\/18677e78aa0546b92d9dbf31ec7d7668.jpg?ver=1777290358\",\"width\":96,\"height\":96,\"caption\":\"El Digital de Asturias\"}},{\"@type\":\"WebPage\",\"@id\":\"https:\\\/\\\/www.eldigitaldeasturias.com\\\/noticias\\\/%e2%80%8bla-britanica-katharine-hamnett-todo-un-icono-de-la-moda-sera-premio-de-honor-en-los-ied-design-awards\\\/#webpage\",\"url\":\"https:\\\/\\\/www.eldigitaldeasturias.com\\\/noticias\\\/%e2%80%8bla-britanica-katharine-hamnett-todo-un-icono-de-la-moda-sera-premio-de-honor-en-los-ied-design-awards\\\/\",\"name\":\"\\u200bLa brit\\u00e1nica Katharine Hamnett, todo un icono de la moda, ser\\u00e1 premio de honor en los IED Design Awards - El Digital de Asturias\",\"description\":\"la escuela de dise\\u00f1o IED Madrid homenajea anualmente a aquellos dise\\u00f1adores y marcas que durante el \\u00faltimo a\\u00f1o han contribuido a poner en valor el papel del dise\\u00f1o y la creatividad, acercando el mundo del dise\\u00f1o al p\\u00fablico general. Para ello, la instituci\\u00f3n cre\\u00f3 en 2016 sus premios IED Design Awards, que este pr\\u00f3ximo 20 de junio celebran su IV\",\"inLanguage\":\"es-ES\",\"isPartOf\":{\"@id\":\"https:\\\/\\\/www.eldigitaldeasturias.com\\\/noticias\\\/#website\"},\"breadcrumb\":{\"@id\":\"https:\\\/\\\/www.eldigitaldeasturias.com\\\/noticias\\\/%e2%80%8bla-britanica-katharine-hamnett-todo-un-icono-de-la-moda-sera-premio-de-honor-en-los-ied-design-awards\\\/#breadcrumblist\"},\"author\":{\"@id\":\"https:\\\/\\\/www.eldigitaldeasturias.com\\\/noticias\\\/author\\\/admin\\\/#author\"},\"creator\":{\"@id\":\"https:\\\/\\\/www.eldigitaldeasturias.com\\\/noticias\\\/author\\\/admin\\\/#author\"},\"image\":{\"@type\":\"ImageObject\",\"url\":\"https:\\\/\\\/www.eldigitaldeasturias.com\\\/noticias\\\/wp-content\\\/uploads\\\/2019\\\/06\\\/1559910002_KH_portrait_SLOE_tee.jpg\",\"@id\":\"https:\\\/\\\/www.eldigitaldeasturias.com\\\/noticias\\\/%e2%80%8bla-britanica-katharine-hamnett-todo-un-icono-de-la-moda-sera-premio-de-honor-en-los-ied-design-awards\\\/#mainImage\",\"width\":1043,\"height\":1260},\"primaryImageOfPage\":{\"@id\":\"https:\\\/\\\/www.eldigitaldeasturias.com\\\/noticias\\\/%e2%80%8bla-britanica-katharine-hamnett-todo-un-icono-de-la-moda-sera-premio-de-honor-en-los-ied-design-awards\\\/#mainImage\"},\"datePublished\":\"2019-06-11T00:16:11+02:00\",\"dateModified\":\"2019-06-11T00:16:11+02:00\"},{\"@type\":\"WebSite\",\"@id\":\"https:\\\/\\\/www.eldigitaldeasturias.com\\\/noticias\\\/#website\",\"url\":\"https:\\\/\\\/www.eldigitaldeasturias.com\\\/noticias\\\/\",\"name\":\"El Digital de Asturias - Diario de actualidad y noticias\",\"alternateName\":\"El Digital de Asturias - Diario de actualidad y noticias\",\"description\":\"Hemeroteca\",\"inLanguage\":\"es-ES\",\"publisher\":{\"@id\":\"https:\\\/\\\/www.eldigitaldeasturias.com\\\/noticias\\\/#organization\"}}]}\n\t\t<\/script>\n\t\t<!-- All in One SEO Pro -->\r\n\t\t<title>\u200bLa brit\u00e1nica Katharine Hamnett, todo un icono de la moda, ser\u00e1 premio de honor en los IED Design Awards - El Digital de Asturias<\/title>\n\n","aioseo_head_json":{"title":"\u200bLa brit\u00e1nica Katharine Hamnett, todo un icono de la moda, ser\u00e1 premio de honor en los IED Design Awards - El Digital de Asturias","description":"la escuela de dise\u00f1o IED Madrid homenajea anualmente a aquellos dise\u00f1adores y marcas que durante el \u00faltimo a\u00f1o han contribuido a poner en valor el papel del dise\u00f1o y la creatividad, acercando el mundo del dise\u00f1o al p\u00fablico general. Para ello, la instituci\u00f3n cre\u00f3 en 2016 sus premios IED Design Awards, que este pr\u00f3ximo 20 de junio celebran su IV","canonical_url":"https:\/\/www.eldigitaldeasturias.com\/noticias\/%e2%80%8bla-britanica-katharine-hamnett-todo-un-icono-de-la-moda-sera-premio-de-honor-en-los-ied-design-awards\/","robots":"max-image-preview:large","keywords":"negocios y empresas","webmasterTools":{"google-site-verification":"UA-38556648-1","msvalidate.01":"7dfe9f3f1b24437ab69f4f2559babe99","miscellaneous":""},"schema":{"@context":"https:\/\/schema.org","@graph":[{"@type":"BlogPosting","@id":"https:\/\/www.eldigitaldeasturias.com\/noticias\/%e2%80%8bla-britanica-katharine-hamnett-todo-un-icono-de-la-moda-sera-premio-de-honor-en-los-ied-design-awards\/#blogposting","name":"\u200bLa brit\u00e1nica Katharine Hamnett, todo un icono de la moda, ser\u00e1 premio de honor en los IED Design Awards - El Digital de Asturias","headline":"\u200bLa brit\u00e1nica Katharine Hamnett, todo un icono de la moda, ser\u00e1 premio de honor en los IED Design Awards","author":{"@id":"https:\/\/www.eldigitaldeasturias.com\/noticias\/author\/admin\/#author"},"publisher":{"@id":"https:\/\/www.eldigitaldeasturias.com\/noticias\/#organization"},"image":{"@type":"ImageObject","url":"https:\/\/www.eldigitaldeasturias.com\/noticias\/wp-content\/uploads\/2019\/06\/1559910002_KH_portrait_SLOE_tee.jpg","width":1043,"height":1260},"datePublished":"2019-06-11T00:16:11+02:00","dateModified":"2019-06-11T00:16:11+02:00","inLanguage":"es-ES","mainEntityOfPage":{"@id":"https:\/\/www.eldigitaldeasturias.com\/noticias\/%e2%80%8bla-britanica-katharine-hamnett-todo-un-icono-de-la-moda-sera-premio-de-honor-en-los-ied-design-awards\/#webpage"},"isPartOf":{"@id":"https:\/\/www.eldigitaldeasturias.com\/noticias\/%e2%80%8bla-britanica-katharine-hamnett-todo-un-icono-de-la-moda-sera-premio-de-honor-en-los-ied-design-awards\/#webpage"},"articleSection":"Negocios y Empresas"},{"@type":"BreadcrumbList","@id":"https:\/\/www.eldigitaldeasturias.com\/noticias\/%e2%80%8bla-britanica-katharine-hamnett-todo-un-icono-de-la-moda-sera-premio-de-honor-en-los-ied-design-awards\/#breadcrumblist","itemListElement":[{"@type":"ListItem","@id":"https:\/\/www.eldigitaldeasturias.com\/noticias#listItem","position":1,"name":"Home","item":"https:\/\/www.eldigitaldeasturias.com\/noticias","nextItem":{"@type":"ListItem","@id":"https:\/\/www.eldigitaldeasturias.com\/noticias\/category\/negocios-y-empresas\/#listItem","name":"Negocios y Empresas"}},{"@type":"ListItem","@id":"https:\/\/www.eldigitaldeasturias.com\/noticias\/category\/negocios-y-empresas\/#listItem","position":2,"name":"Negocios y Empresas","item":"https:\/\/www.eldigitaldeasturias.com\/noticias\/category\/negocios-y-empresas\/","nextItem":{"@type":"ListItem","@id":"https:\/\/www.eldigitaldeasturias.com\/noticias\/%e2%80%8bla-britanica-katharine-hamnett-todo-un-icono-de-la-moda-sera-premio-de-honor-en-los-ied-design-awards\/#listItem","name":"\u200bLa brit\u00e1nica Katharine Hamnett, todo un icono de la moda, ser\u00e1 premio de honor en los IED Design Awards"},"previousItem":{"@type":"ListItem","@id":"https:\/\/www.eldigitaldeasturias.com\/noticias#listItem","name":"Home"}},{"@type":"ListItem","@id":"https:\/\/www.eldigitaldeasturias.com\/noticias\/%e2%80%8bla-britanica-katharine-hamnett-todo-un-icono-de-la-moda-sera-premio-de-honor-en-los-ied-design-awards\/#listItem","position":3,"name":"\u200bLa brit\u00e1nica Katharine Hamnett, todo un icono de la moda, ser\u00e1 premio de honor en los IED Design Awards","previousItem":{"@type":"ListItem","@id":"https:\/\/www.eldigitaldeasturias.com\/noticias\/category\/negocios-y-empresas\/#listItem","name":"Negocios y Empresas"}}]},{"@type":"Organization","@id":"https:\/\/www.eldigitaldeasturias.com\/noticias\/#organization","name":"El Digital de Asturias","description":"Hemeroteca","url":"https:\/\/www.eldigitaldeasturias.com\/noticias\/","email":"info@eldigitaldeasturias.com","telephone":"+34652131393","logo":{"@type":"ImageObject","url":"https:\/\/www.eldigitaldeasturias.com\/noticias\/wp-content\/uploads\/2020\/12\/EDA.jpg","@id":"https:\/\/www.eldigitaldeasturias.com\/noticias\/%e2%80%8bla-britanica-katharine-hamnett-todo-un-icono-de-la-moda-sera-premio-de-honor-en-los-ied-design-awards\/#organizationLogo","width":649,"height":297},"image":{"@id":"https:\/\/www.eldigitaldeasturias.com\/noticias\/%e2%80%8bla-britanica-katharine-hamnett-todo-un-icono-de-la-moda-sera-premio-de-honor-en-los-ied-design-awards\/#organizationLogo"},"sameAs":["https:\/\/facebook.com\/eldigitaldeasturias","https:\/\/www.youtube.com\/channel\/UCZP-2wLEB9Rv6erhFmqVnvg"],"address":{"@id":"https:\/\/www.eldigitaldeasturias.com\/noticias\/#postaladdress","@type":"PostalAddress","streetAddress":"san antonio 4,","postalCode":"33430","addressLocality":"Cand\u00e1s","addressRegion":"Asturias","addressCountry":"ES"}},{"@type":"Person","@id":"https:\/\/www.eldigitaldeasturias.com\/noticias\/author\/admin\/#author","url":"https:\/\/www.eldigitaldeasturias.com\/noticias\/author\/admin\/","name":"El Digital de Asturias","image":{"@type":"ImageObject","@id":"https:\/\/www.eldigitaldeasturias.com\/noticias\/%e2%80%8bla-britanica-katharine-hamnett-todo-un-icono-de-la-moda-sera-premio-de-honor-en-los-ied-design-awards\/#authorImage","url":"https:\/\/www.eldigitaldeasturias.com\/noticias\/wp-content\/litespeed\/avatar\/18677e78aa0546b92d9dbf31ec7d7668.jpg?ver=1777290358","width":96,"height":96,"caption":"El Digital de Asturias"}},{"@type":"WebPage","@id":"https:\/\/www.eldigitaldeasturias.com\/noticias\/%e2%80%8bla-britanica-katharine-hamnett-todo-un-icono-de-la-moda-sera-premio-de-honor-en-los-ied-design-awards\/#webpage","url":"https:\/\/www.eldigitaldeasturias.com\/noticias\/%e2%80%8bla-britanica-katharine-hamnett-todo-un-icono-de-la-moda-sera-premio-de-honor-en-los-ied-design-awards\/","name":"\u200bLa brit\u00e1nica Katharine Hamnett, todo un icono de la moda, ser\u00e1 premio de honor en los IED Design Awards - El Digital de Asturias","description":"la escuela de dise\u00f1o IED Madrid homenajea anualmente a aquellos dise\u00f1adores y marcas que durante el \u00faltimo a\u00f1o han contribuido a poner en valor el papel del dise\u00f1o y la creatividad, acercando el mundo del dise\u00f1o al p\u00fablico general. Para ello, la instituci\u00f3n cre\u00f3 en 2016 sus premios IED Design Awards, que este pr\u00f3ximo 20 de junio celebran su IV","inLanguage":"es-ES","isPartOf":{"@id":"https:\/\/www.eldigitaldeasturias.com\/noticias\/#website"},"breadcrumb":{"@id":"https:\/\/www.eldigitaldeasturias.com\/noticias\/%e2%80%8bla-britanica-katharine-hamnett-todo-un-icono-de-la-moda-sera-premio-de-honor-en-los-ied-design-awards\/#breadcrumblist"},"author":{"@id":"https:\/\/www.eldigitaldeasturias.com\/noticias\/author\/admin\/#author"},"creator":{"@id":"https:\/\/www.eldigitaldeasturias.com\/noticias\/author\/admin\/#author"},"image":{"@type":"ImageObject","url":"https:\/\/www.eldigitaldeasturias.com\/noticias\/wp-content\/uploads\/2019\/06\/1559910002_KH_portrait_SLOE_tee.jpg","@id":"https:\/\/www.eldigitaldeasturias.com\/noticias\/%e2%80%8bla-britanica-katharine-hamnett-todo-un-icono-de-la-moda-sera-premio-de-honor-en-los-ied-design-awards\/#mainImage","width":1043,"height":1260},"primaryImageOfPage":{"@id":"https:\/\/www.eldigitaldeasturias.com\/noticias\/%e2%80%8bla-britanica-katharine-hamnett-todo-un-icono-de-la-moda-sera-premio-de-honor-en-los-ied-design-awards\/#mainImage"},"datePublished":"2019-06-11T00:16:11+02:00","dateModified":"2019-06-11T00:16:11+02:00"},{"@type":"WebSite","@id":"https:\/\/www.eldigitaldeasturias.com\/noticias\/#website","url":"https:\/\/www.eldigitaldeasturias.com\/noticias\/","name":"El Digital de Asturias - Diario de actualidad y noticias","alternateName":"El Digital de Asturias - Diario de actualidad y noticias","description":"Hemeroteca","inLanguage":"es-ES","publisher":{"@id":"https:\/\/www.eldigitaldeasturias.com\/noticias\/#organization"}}]},"og:locale":"es_ES","og:site_name":"El Digital de Asturias","og:type":"article","og:title":"\u200bLa brit\u00e1nica Katharine Hamnett, todo un icono de la moda, ser\u00e1 premio de honor en los IED Design Awards - El Digital de Asturias","og:description":"la escuela de dise\u00f1o IED Madrid homenajea anualmente a aquellos dise\u00f1adores y marcas que durante el \u00faltimo a\u00f1o han contribuido a poner en valor el papel del dise\u00f1o y la creatividad, acercando el mundo del dise\u00f1o al p\u00fablico general. Para ello, la instituci\u00f3n cre\u00f3 en 2016 sus premios IED Design Awards, que este pr\u00f3ximo 20 de junio celebran su IV","og:url":"https:\/\/www.eldigitaldeasturias.com\/noticias\/%e2%80%8bla-britanica-katharine-hamnett-todo-un-icono-de-la-moda-sera-premio-de-honor-en-los-ied-design-awards\/","og:image":"https:\/\/www.eldigitaldeasturias.com\/noticias\/wp-content\/uploads\/2019\/06\/1559910002_KH_portrait_SLOE_tee.jpg","og:image:secure_url":"https:\/\/www.eldigitaldeasturias.com\/noticias\/wp-content\/uploads\/2019\/06\/1559910002_KH_portrait_SLOE_tee.jpg","og:image:width":1043,"og:image:height":1260,"article:tag":["negocios y empresas"],"article:published_time":"2019-06-11T00:16:11+00:00","article:modified_time":"2019-06-11T00:16:11+00:00","article:publisher":"https:\/\/facebook.com\/eldigitaldeasturias","twitter:card":"summary_large_image","twitter:title":"\u200bLa brit\u00e1nica Katharine Hamnett, todo un icono de la moda, ser\u00e1 premio de honor en los IED Design Awards - El Digital de Asturias","twitter:description":"la escuela de dise\u00f1o IED Madrid homenajea anualmente a aquellos dise\u00f1adores y marcas que durante el \u00faltimo a\u00f1o han contribuido a poner en valor el papel del dise\u00f1o y la creatividad, acercando el mundo del dise\u00f1o al p\u00fablico general. Para ello, la instituci\u00f3n cre\u00f3 en 2016 sus premios IED Design Awards, que este pr\u00f3ximo 20 de junio celebran su IV","twitter:image":"https:\/\/www.eldigitaldeasturias.com\/noticias\/wp-content\/uploads\/2019\/06\/1559910002_KH_portrait_SLOE_tee.jpg","twitter:label1":"Escrito por","twitter:data1":"El Digital de Asturias","twitter:label2":"Tiempo de lectura estimado","twitter:data2":"3 minutos"},"aioseo_meta_data":{"post_id":"1030349","title":null,"description":null,"keywords":null,"keyphrases":null,"primary_term":null,"canonical_url":null,"og_title":null,"og_description":null,"og_object_type":"default","og_image_type":"default","og_image_url":null,"og_image_width":null,"og_image_height":null,"og_image_custom_url":null,"og_image_custom_fields":null,"og_video":null,"og_custom_url":null,"og_article_section":null,"og_article_tags":null,"twitter_use_og":false,"twitter_card":"default","twitter_image_type":"default","twitter_image_url":null,"twitter_image_custom_url":null,"twitter_image_custom_fields":null,"twitter_title":null,"twitter_description":null,"schema":{"blockGraphs":[],"customGraphs":[],"default":{"data":{"Article":[],"Course":[],"Dataset":[],"FAQPage":[],"Movie":[],"Person":[],"Product":[],"ProductReview":[],"Car":[],"Recipe":[],"Service":[],"SoftwareApplication":[],"WebPage":[]},"graphName":"","isEnabled":true},"graphs":[],"defaultGraph":"","defaultPostTypeGraph":""},"schema_type":null,"schema_type_options":null,"pillar_content":false,"robots_default":true,"robots_noindex":false,"robots_noarchive":false,"robots_nosnippet":false,"robots_nofollow":false,"robots_noimageindex":false,"robots_noodp":false,"robots_notranslate":false,"robots_max_snippet":null,"robots_max_videopreview":null,"robots_max_imagepreview":"large","priority":null,"frequency":null,"local_seo":null,"seo_analyzer_scan_date":"2025-10-18 15:24:06","breadcrumb_settings":null,"limit_modified_date":false,"open_ai":null,"ai":null,"created":"2020-12-21 11:10:44","updated":"2025-10-18 15:24:06"},"aioseo_breadcrumb":"<div class=\"aioseo-breadcrumbs\"><span class=\"aioseo-breadcrumb\">\n\t<a href=\"https:\/\/www.eldigitaldeasturias.com\/noticias\" title=\"Home\">Home<\/a>\n<\/span><span class=\"aioseo-breadcrumb-separator\">\u2013<\/span><span class=\"aioseo-breadcrumb\">\n\t<a href=\"https:\/\/www.eldigitaldeasturias.com\/noticias\/category\/negocios-y-empresas\/\" title=\"Negocios y Empresas\">Negocios y Empresas<\/a>\n<\/span><span class=\"aioseo-breadcrumb-separator\">\u2013<\/span><span class=\"aioseo-breadcrumb\">\n\t<a href=\"https:\/\/www.eldigitaldeasturias.com\/noticias\/%e2%80%8bla-britanica-katharine-hamnett-todo-un-icono-de-la-moda-sera-premio-de-honor-en-los-ied-design-awards\/\" title=\"\u200bLa brit\u00e1nica Katharine Hamnett, todo un icono de la moda, ser\u00e1 premio de honor en los IED Design Awards\">\u200bLa brit\u00e1nica Katharine Hamnett, todo un icono de la moda, ser\u00e1 premio de honor en los IED Design Awards<\/a>\n<\/span><\/div>","aioseo_breadcrumb_json":[{"label":"Home","link":"https:\/\/www.eldigitaldeasturias.com\/noticias"},{"label":"Negocios y Empresas","link":"https:\/\/www.eldigitaldeasturias.com\/noticias\/category\/negocios-y-empresas\/"},{"label":"\u200bLa brit\u00e1nica Katharine Hamnett, todo un icono de la moda, ser\u00e1 premio de honor en los IED Design Awards","link":"https:\/\/www.eldigitaldeasturias.com\/noticias\/%e2%80%8bla-britanica-katharine-hamnett-todo-un-icono-de-la-moda-sera-premio-de-honor-en-los-ied-design-awards\/"}],"_links":{"self":[{"href":"https:\/\/www.eldigitaldeasturias.com\/noticias\/wp-json\/wp\/v2\/posts\/1030349","targetHints":{"allow":["GET"]}}],"collection":[{"href":"https:\/\/www.eldigitaldeasturias.com\/noticias\/wp-json\/wp\/v2\/posts"}],"about":[{"href":"https:\/\/www.eldigitaldeasturias.com\/noticias\/wp-json\/wp\/v2\/types\/post"}],"author":[{"embeddable":true,"href":"https:\/\/www.eldigitaldeasturias.com\/noticias\/wp-json\/wp\/v2\/users\/1"}],"replies":[{"embeddable":true,"href":"https:\/\/www.eldigitaldeasturias.com\/noticias\/wp-json\/wp\/v2\/comments?post=1030349"}],"version-history":[{"count":0,"href":"https:\/\/www.eldigitaldeasturias.com\/noticias\/wp-json\/wp\/v2\/posts\/1030349\/revisions"}],"wp:featuredmedia":[{"embeddable":true,"href":"https:\/\/www.eldigitaldeasturias.com\/noticias\/wp-json\/wp\/v2\/media\/1030350"}],"wp:attachment":[{"href":"https:\/\/www.eldigitaldeasturias.com\/noticias\/wp-json\/wp\/v2\/media?parent=1030349"}],"wp:term":[{"taxonomy":"category","embeddable":true,"href":"https:\/\/www.eldigitaldeasturias.com\/noticias\/wp-json\/wp\/v2\/categories?post=1030349"},{"taxonomy":"post_tag","embeddable":true,"href":"https:\/\/www.eldigitaldeasturias.com\/noticias\/wp-json\/wp\/v2\/tags?post=1030349"}],"curies":[{"name":"wp","href":"https:\/\/api.w.org\/{rel}","templated":true}]}}