{"id":1030346,"date":"2019-06-11T00:12:49","date_gmt":"2019-06-11T00:12:49","guid":{"rendered":"https:\/\/www.eldigitaldeasturias.com\/noticias\/?p=1030346"},"modified":"2019-06-11T00:12:49","modified_gmt":"2019-06-11T00:12:49","slug":"abel-caballero-clausura-el-congreso-internacional-de-mkt-digital-sed-2019","status":"publish","type":"post","link":"https:\/\/www.eldigitaldeasturias.com\/noticias\/abel-caballero-clausura-el-congreso-internacional-de-mkt-digital-sed-2019\/","title":{"rendered":"Abel Caballero clausura el Congreso internacional de MKT digital SED 2019"},"content":{"rendered":"<p><img loading=\"lazy\" decoding=\"async\" class=\"alignleft size-medium wp-image-1030347\" src=\"https:\/\/www.eldigitaldeasturias.com\/noticias\/wp-content\/uploads\/2019\/06\/1560140778_imageSEDClausura-360x154.png\" alt=\"\" width=\"360\" height=\"154\" srcset=\"https:\/\/www.eldigitaldeasturias.com\/noticias\/wp-content\/uploads\/2019\/06\/1560140778_imageSEDClausura-360x154.png 360w, https:\/\/www.eldigitaldeasturias.com\/noticias\/wp-content\/uploads\/2019\/06\/1560140778_imageSEDClausura-650x278.png 650w, https:\/\/www.eldigitaldeasturias.com\/noticias\/wp-content\/uploads\/2019\/06\/1560140778_imageSEDClausura-675x290.png 675w, https:\/\/www.eldigitaldeasturias.com\/noticias\/wp-content\/uploads\/2019\/06\/1560140778_imageSEDClausura.png 678w\" sizes=\"auto, (max-width: 360px) 100vw, 360px\" \/>El evento fue inaugurado el d\u00eda 5 de junio en el C\u00edrculo de Empresarios de Galicia y<strong>\u00a0estuvo organizado por\u00a0<em>El Padrino\u00a0<\/em>\u00c1lvaro Mendoza<\/strong>, considerado como el n\u00famero 1 en Marketing digital en Am\u00e9rica Latina\u00a0<strong>y Benlly Hidalgo<\/strong>, experto en desarrollo e implementaci\u00f3n de estrategia empresarial, ambos fundadores adem\u00e1s del\u00a0<span style=\"color: #ff6600;\"><strong><a style=\"color: #ff6600;\" href=\"https:\/\/clubdemarketingglobal.com\/congreso\/\" target=\"_blank\" rel=\"nofollow noopener noreferrer\">Club de Marketing Global<\/a><\/strong><\/span>.<\/p>\n<p>El evento\u00a0<strong>cont\u00f3 con el respaldo de distintas empresas, organizaciones y personalidades relevantes, entre ellas con la distinguida presencia del Alcalde de Vigo: Abel Caballero<\/strong>, quien reconoci\u00f3 la importancia del SED 2019 para desarrollar el crecimiento empresarial en el mundo digital. Adem\u00e1s, invit\u00f3 a todos los asistentes de #SomosEmprendedoresDigitales del Club de Marketing Global a la ceremonia de encendido de luces navide\u00f1as de este a\u00f1o.<\/p>\n<p>Durante tres d\u00edas consecutivos, el Club de Marketing Global de la ciudad de\u00a0<strong>Vigo, en Espa\u00f1a, se convirti\u00f3 en el epicentro del emprendimiento mundial donde se dieron cita m\u00e1s de 22 ponentes internacionales<\/strong>. Sed 2019 fue el espacio ideal donde emprendedores y p\u00fablico asistente tuvieron la oportunidad de intercambiar experiencias y mejores pr\u00e1cticas, establecer relaciones con diferentes influencers del marketing online o entre personas que tienen una idea de negocio y buscan inversores o socios. Adem\u00e1s, se realiz\u00f3 la presentaci\u00f3n de diversos casos de personas que han emprendido desde cero, c\u00f3mo evolucionaron y c\u00f3mo han sido sus estrategias de negocios por Internet.<\/p>\n<p>Entre los ponentes se cont\u00f3 con la presencia de Alex Mediano: n\u00famero 1 en Coaching estrat\u00e9gico para emprendedores e Isabel Lucas, experta en visibilidad y promoci\u00f3n del emprendedor en medios de comunicaci\u00f3n, ambos de LIOC Editorial; \u00c1lvaro Fontela de Raiola Networks (considerado como el mejor Hosting seg\u00fan el Club de Marketing Global); Geni Ramos de InfusionSoft Espa\u00f1a, n\u00famero 1 en automatizaci\u00f3n digital; Miguel Florido, premio ABC Mejor Web\/Blog; Roc\u00edo Baselga de Hotmart; Nacho Mu\u00f1oz, n\u00famero 1 en mentalidad de abundancia; Ir\u00eda \u00c1lvarez, directora del Club de Marketing; Luis Villanueva, n\u00famero 1 en posicionamiento SEO; David Sobrino, experto en WhatsApp Marketing; Carlos Fern\u00e1ndez, n\u00famero 1 en Neuromarketing; Laurent Rousseau, especialista en desarrollo directivo y Abilio Rodrigues, especialista en Facebook Ads.<\/p>\n<p>Sin lugar a dudas,\u00a0<strong>SED 2019 sent\u00f3 las bases de las estrategias de comercializaci\u00f3n llevadas a cabo en los medios digitales<\/strong>, y fij\u00f3 los paradigmas a seguir este a\u00f1o en el \u00e1mbito del emprendimiento, el networking, el mundo del marketing online y empresarial.<\/p>\n","protected":false},"excerpt":{"rendered":"<p>El evento fue inaugurado el d\u00eda 5 de junio en el C\u00edrculo de Empresarios de Galicia y\u00a0estuvo organizado por\u00a0El Padrino\u00a0\u00c1lvaro Mendoza, considerado como el n\u00famero 1 en Marketing digital en Am\u00e9rica Latina\u00a0y Benlly Hidalgo, experto en desarrollo e implementaci\u00f3n de estrategia empresarial, ambos fundadores adem\u00e1s del\u00a0Club de Marketing Global. El evento\u00a0cont\u00f3 con el respaldo de [&hellip;]<\/p>\n","protected":false},"author":1,"featured_media":1030347,"comment_status":"closed","ping_status":"closed","sticky":false,"template":"","format":"standard","meta":{"footnotes":""},"categories":[219],"tags":[],"class_list":["post-1030346","post","type-post","status-publish","format-standard","has-post-thumbnail","hentry","category-negocios-y-empresas"],"aioseo_notices":[],"aioseo_head":"\n\t\t<!-- All in One SEO Pro 4.9.6.2 - aioseo.com -->\n\t<meta name=\"description\" content=\"El evento fue inaugurado el d\u00eda 5 de junio en el C\u00edrculo de Empresarios de Galicia y estuvo organizado por El Padrino \u00c1lvaro Mendoza, considerado como el n\u00famero 1 en Marketing digital en Am\u00e9rica Latina y Benlly Hidalgo, experto en desarrollo e implementaci\u00f3n de estrategia empresarial, ambos fundadores adem\u00e1s del Club de Marketing Global. El evento cont\u00f3 con el respaldo de\" \/>\n\t<meta name=\"robots\" content=\"max-image-preview:large\" \/>\n\t<meta name=\"author\" content=\"El Digital de Asturias\"\/>\n\t<meta name=\"google-site-verification\" content=\"UA-38556648-1\" \/>\n\t<meta name=\"msvalidate.01\" content=\"7dfe9f3f1b24437ab69f4f2559babe99\" \/>\n\t<meta name=\"keywords\" content=\"negocios y empresas\" \/>\n\t<link rel=\"canonical\" href=\"https:\/\/www.eldigitaldeasturias.com\/noticias\/abel-caballero-clausura-el-congreso-internacional-de-mkt-digital-sed-2019\/\" \/>\n\t<meta name=\"generator\" content=\"All in One SEO Pro (AIOSEO) 4.9.6.2\" \/>\n\t\t<meta property=\"og:locale\" content=\"es_ES\" \/>\n\t\t<meta property=\"og:site_name\" content=\"El Digital de Asturias\" \/>\n\t\t<meta property=\"og:type\" content=\"article\" \/>\n\t\t<meta property=\"og:title\" content=\"Abel Caballero clausura el Congreso internacional de MKT digital SED 2019 - El Digital de Asturias\" \/>\n\t\t<meta property=\"og:description\" content=\"El evento fue inaugurado el d\u00eda 5 de junio en el C\u00edrculo de Empresarios de Galicia y estuvo organizado por El Padrino \u00c1lvaro Mendoza, considerado como el n\u00famero 1 en Marketing digital en Am\u00e9rica Latina y Benlly Hidalgo, experto en desarrollo e implementaci\u00f3n de estrategia empresarial, ambos fundadores adem\u00e1s del Club de Marketing Global. El evento cont\u00f3 con el respaldo de\" \/>\n\t\t<meta property=\"og:url\" content=\"https:\/\/www.eldigitaldeasturias.com\/noticias\/abel-caballero-clausura-el-congreso-internacional-de-mkt-digital-sed-2019\/\" \/>\n\t\t<meta property=\"og:image\" content=\"https:\/\/www.eldigitaldeasturias.com\/noticias\/wp-content\/uploads\/2019\/06\/1560140778_imageSEDClausura.png\" \/>\n\t\t<meta property=\"og:image:secure_url\" content=\"https:\/\/www.eldigitaldeasturias.com\/noticias\/wp-content\/uploads\/2019\/06\/1560140778_imageSEDClausura.png\" \/>\n\t\t<meta property=\"og:image:width\" content=\"678\" \/>\n\t\t<meta property=\"og:image:height\" content=\"290\" \/>\n\t\t<meta property=\"article:tag\" content=\"negocios y empresas\" \/>\n\t\t<meta property=\"article:published_time\" content=\"2019-06-11T00:12:49+00:00\" \/>\n\t\t<meta property=\"article:modified_time\" content=\"2019-06-11T00:12:49+00:00\" \/>\n\t\t<meta property=\"article:publisher\" content=\"https:\/\/facebook.com\/eldigitaldeasturias\" \/>\n\t\t<meta name=\"twitter:card\" content=\"summary_large_image\" \/>\n\t\t<meta name=\"twitter:title\" content=\"Abel Caballero clausura el Congreso internacional de MKT digital SED 2019 - El Digital de Asturias\" \/>\n\t\t<meta name=\"twitter:description\" content=\"El evento fue inaugurado el d\u00eda 5 de junio en el C\u00edrculo de Empresarios de Galicia y estuvo organizado por El Padrino \u00c1lvaro Mendoza, considerado como el n\u00famero 1 en Marketing digital en Am\u00e9rica Latina y Benlly Hidalgo, experto en desarrollo e implementaci\u00f3n de estrategia empresarial, ambos fundadores adem\u00e1s del Club de Marketing Global. El evento cont\u00f3 con el respaldo de\" \/>\n\t\t<meta name=\"twitter:image\" content=\"https:\/\/www.eldigitaldeasturias.com\/noticias\/wp-content\/uploads\/2019\/06\/1560140778_imageSEDClausura.png\" \/>\n\t\t<meta name=\"twitter:label1\" content=\"Escrito por\" \/>\n\t\t<meta name=\"twitter:data1\" content=\"El Digital de Asturias\" \/>\n\t\t<meta name=\"twitter:label2\" content=\"Tiempo de lectura estimado\" \/>\n\t\t<meta name=\"twitter:data2\" content=\"2 minutos\" \/>\n\t\t<script type=\"application\/ld+json\" class=\"aioseo-schema\">\n\t\t\t{\"@context\":\"https:\\\/\\\/schema.org\",\"@graph\":[{\"@type\":\"BlogPosting\",\"@id\":\"https:\\\/\\\/www.eldigitaldeasturias.com\\\/noticias\\\/abel-caballero-clausura-el-congreso-internacional-de-mkt-digital-sed-2019\\\/#blogposting\",\"name\":\"Abel Caballero clausura el Congreso internacional de MKT digital SED 2019 - El Digital de Asturias\",\"headline\":\"Abel Caballero clausura el Congreso internacional de MKT digital SED 2019\",\"author\":{\"@id\":\"https:\\\/\\\/www.eldigitaldeasturias.com\\\/noticias\\\/author\\\/admin\\\/#author\"},\"publisher\":{\"@id\":\"https:\\\/\\\/www.eldigitaldeasturias.com\\\/noticias\\\/#organization\"},\"image\":{\"@type\":\"ImageObject\",\"url\":\"https:\\\/\\\/www.eldigitaldeasturias.com\\\/noticias\\\/wp-content\\\/uploads\\\/2019\\\/06\\\/1560140778_imageSEDClausura.png\",\"width\":678,\"height\":290},\"datePublished\":\"2019-06-11T00:12:49+02:00\",\"dateModified\":\"2019-06-11T00:12:49+02:00\",\"inLanguage\":\"es-ES\",\"mainEntityOfPage\":{\"@id\":\"https:\\\/\\\/www.eldigitaldeasturias.com\\\/noticias\\\/abel-caballero-clausura-el-congreso-internacional-de-mkt-digital-sed-2019\\\/#webpage\"},\"isPartOf\":{\"@id\":\"https:\\\/\\\/www.eldigitaldeasturias.com\\\/noticias\\\/abel-caballero-clausura-el-congreso-internacional-de-mkt-digital-sed-2019\\\/#webpage\"},\"articleSection\":\"Negocios y Empresas\"},{\"@type\":\"BreadcrumbList\",\"@id\":\"https:\\\/\\\/www.eldigitaldeasturias.com\\\/noticias\\\/abel-caballero-clausura-el-congreso-internacional-de-mkt-digital-sed-2019\\\/#breadcrumblist\",\"itemListElement\":[{\"@type\":\"ListItem\",\"@id\":\"https:\\\/\\\/www.eldigitaldeasturias.com\\\/noticias#listItem\",\"position\":1,\"name\":\"Home\",\"item\":\"https:\\\/\\\/www.eldigitaldeasturias.com\\\/noticias\",\"nextItem\":{\"@type\":\"ListItem\",\"@id\":\"https:\\\/\\\/www.eldigitaldeasturias.com\\\/noticias\\\/category\\\/negocios-y-empresas\\\/#listItem\",\"name\":\"Negocios y Empresas\"}},{\"@type\":\"ListItem\",\"@id\":\"https:\\\/\\\/www.eldigitaldeasturias.com\\\/noticias\\\/category\\\/negocios-y-empresas\\\/#listItem\",\"position\":2,\"name\":\"Negocios y Empresas\",\"item\":\"https:\\\/\\\/www.eldigitaldeasturias.com\\\/noticias\\\/category\\\/negocios-y-empresas\\\/\",\"nextItem\":{\"@type\":\"ListItem\",\"@id\":\"https:\\\/\\\/www.eldigitaldeasturias.com\\\/noticias\\\/abel-caballero-clausura-el-congreso-internacional-de-mkt-digital-sed-2019\\\/#listItem\",\"name\":\"Abel Caballero clausura el Congreso internacional de MKT digital SED 2019\"},\"previousItem\":{\"@type\":\"ListItem\",\"@id\":\"https:\\\/\\\/www.eldigitaldeasturias.com\\\/noticias#listItem\",\"name\":\"Home\"}},{\"@type\":\"ListItem\",\"@id\":\"https:\\\/\\\/www.eldigitaldeasturias.com\\\/noticias\\\/abel-caballero-clausura-el-congreso-internacional-de-mkt-digital-sed-2019\\\/#listItem\",\"position\":3,\"name\":\"Abel Caballero clausura el Congreso internacional de MKT digital SED 2019\",\"previousItem\":{\"@type\":\"ListItem\",\"@id\":\"https:\\\/\\\/www.eldigitaldeasturias.com\\\/noticias\\\/category\\\/negocios-y-empresas\\\/#listItem\",\"name\":\"Negocios y Empresas\"}}]},{\"@type\":\"Organization\",\"@id\":\"https:\\\/\\\/www.eldigitaldeasturias.com\\\/noticias\\\/#organization\",\"name\":\"El Digital de Asturias\",\"description\":\"Hemeroteca\",\"url\":\"https:\\\/\\\/www.eldigitaldeasturias.com\\\/noticias\\\/\",\"email\":\"info@eldigitaldeasturias.com\",\"telephone\":\"+34652131393\",\"logo\":{\"@type\":\"ImageObject\",\"url\":\"https:\\\/\\\/www.eldigitaldeasturias.com\\\/noticias\\\/wp-content\\\/uploads\\\/2020\\\/12\\\/EDA.jpg\",\"@id\":\"https:\\\/\\\/www.eldigitaldeasturias.com\\\/noticias\\\/abel-caballero-clausura-el-congreso-internacional-de-mkt-digital-sed-2019\\\/#organizationLogo\",\"width\":649,\"height\":297},\"image\":{\"@id\":\"https:\\\/\\\/www.eldigitaldeasturias.com\\\/noticias\\\/abel-caballero-clausura-el-congreso-internacional-de-mkt-digital-sed-2019\\\/#organizationLogo\"},\"sameAs\":[\"https:\\\/\\\/facebook.com\\\/eldigitaldeasturias\",\"https:\\\/\\\/www.youtube.com\\\/channel\\\/UCZP-2wLEB9Rv6erhFmqVnvg\"],\"address\":{\"@id\":\"https:\\\/\\\/www.eldigitaldeasturias.com\\\/noticias\\\/#postaladdress\",\"@type\":\"PostalAddress\",\"streetAddress\":\"san antonio 4,\",\"postalCode\":\"33430\",\"addressLocality\":\"Cand\\u00e1s\",\"addressRegion\":\"Asturias\",\"addressCountry\":\"ES\"}},{\"@type\":\"Person\",\"@id\":\"https:\\\/\\\/www.eldigitaldeasturias.com\\\/noticias\\\/author\\\/admin\\\/#author\",\"url\":\"https:\\\/\\\/www.eldigitaldeasturias.com\\\/noticias\\\/author\\\/admin\\\/\",\"name\":\"El Digital de Asturias\",\"image\":{\"@type\":\"ImageObject\",\"@id\":\"https:\\\/\\\/www.eldigitaldeasturias.com\\\/noticias\\\/abel-caballero-clausura-el-congreso-internacional-de-mkt-digital-sed-2019\\\/#authorImage\",\"url\":\"https:\\\/\\\/www.eldigitaldeasturias.com\\\/noticias\\\/wp-content\\\/litespeed\\\/avatar\\\/18677e78aa0546b92d9dbf31ec7d7668.jpg?ver=1777290358\",\"width\":96,\"height\":96,\"caption\":\"El Digital de Asturias\"}},{\"@type\":\"WebPage\",\"@id\":\"https:\\\/\\\/www.eldigitaldeasturias.com\\\/noticias\\\/abel-caballero-clausura-el-congreso-internacional-de-mkt-digital-sed-2019\\\/#webpage\",\"url\":\"https:\\\/\\\/www.eldigitaldeasturias.com\\\/noticias\\\/abel-caballero-clausura-el-congreso-internacional-de-mkt-digital-sed-2019\\\/\",\"name\":\"Abel Caballero clausura el Congreso internacional de MKT digital SED 2019 - El Digital de Asturias\",\"description\":\"El evento fue inaugurado el d\\u00eda 5 de junio en el C\\u00edrculo de Empresarios de Galicia y estuvo organizado por El Padrino \\u00c1lvaro Mendoza, considerado como el n\\u00famero 1 en Marketing digital en Am\\u00e9rica Latina y Benlly Hidalgo, experto en desarrollo e implementaci\\u00f3n de estrategia empresarial, ambos fundadores adem\\u00e1s del Club de Marketing Global. El evento cont\\u00f3 con el respaldo de\",\"inLanguage\":\"es-ES\",\"isPartOf\":{\"@id\":\"https:\\\/\\\/www.eldigitaldeasturias.com\\\/noticias\\\/#website\"},\"breadcrumb\":{\"@id\":\"https:\\\/\\\/www.eldigitaldeasturias.com\\\/noticias\\\/abel-caballero-clausura-el-congreso-internacional-de-mkt-digital-sed-2019\\\/#breadcrumblist\"},\"author\":{\"@id\":\"https:\\\/\\\/www.eldigitaldeasturias.com\\\/noticias\\\/author\\\/admin\\\/#author\"},\"creator\":{\"@id\":\"https:\\\/\\\/www.eldigitaldeasturias.com\\\/noticias\\\/author\\\/admin\\\/#author\"},\"image\":{\"@type\":\"ImageObject\",\"url\":\"https:\\\/\\\/www.eldigitaldeasturias.com\\\/noticias\\\/wp-content\\\/uploads\\\/2019\\\/06\\\/1560140778_imageSEDClausura.png\",\"@id\":\"https:\\\/\\\/www.eldigitaldeasturias.com\\\/noticias\\\/abel-caballero-clausura-el-congreso-internacional-de-mkt-digital-sed-2019\\\/#mainImage\",\"width\":678,\"height\":290},\"primaryImageOfPage\":{\"@id\":\"https:\\\/\\\/www.eldigitaldeasturias.com\\\/noticias\\\/abel-caballero-clausura-el-congreso-internacional-de-mkt-digital-sed-2019\\\/#mainImage\"},\"datePublished\":\"2019-06-11T00:12:49+02:00\",\"dateModified\":\"2019-06-11T00:12:49+02:00\"},{\"@type\":\"WebSite\",\"@id\":\"https:\\\/\\\/www.eldigitaldeasturias.com\\\/noticias\\\/#website\",\"url\":\"https:\\\/\\\/www.eldigitaldeasturias.com\\\/noticias\\\/\",\"name\":\"El Digital de Asturias - Diario de actualidad y noticias\",\"alternateName\":\"El Digital de Asturias - Diario de actualidad y noticias\",\"description\":\"Hemeroteca\",\"inLanguage\":\"es-ES\",\"publisher\":{\"@id\":\"https:\\\/\\\/www.eldigitaldeasturias.com\\\/noticias\\\/#organization\"}}]}\n\t\t<\/script>\n\t\t<!-- All in One SEO Pro -->\r\n\t\t<title>Abel Caballero clausura el Congreso internacional de MKT digital SED 2019 - El Digital de Asturias<\/title>\n\n","aioseo_head_json":{"title":"Abel Caballero clausura el Congreso internacional de MKT digital SED 2019 - El Digital de Asturias","description":"El evento fue inaugurado el d\u00eda 5 de junio en el C\u00edrculo de Empresarios de Galicia y estuvo organizado por El Padrino \u00c1lvaro Mendoza, considerado como el n\u00famero 1 en Marketing digital en Am\u00e9rica Latina y Benlly Hidalgo, experto en desarrollo e implementaci\u00f3n de estrategia empresarial, ambos fundadores adem\u00e1s del Club de Marketing Global. El evento cont\u00f3 con el respaldo de","canonical_url":"https:\/\/www.eldigitaldeasturias.com\/noticias\/abel-caballero-clausura-el-congreso-internacional-de-mkt-digital-sed-2019\/","robots":"max-image-preview:large","keywords":"negocios y empresas","webmasterTools":{"google-site-verification":"UA-38556648-1","msvalidate.01":"7dfe9f3f1b24437ab69f4f2559babe99","miscellaneous":""},"schema":{"@context":"https:\/\/schema.org","@graph":[{"@type":"BlogPosting","@id":"https:\/\/www.eldigitaldeasturias.com\/noticias\/abel-caballero-clausura-el-congreso-internacional-de-mkt-digital-sed-2019\/#blogposting","name":"Abel Caballero clausura el Congreso internacional de MKT digital SED 2019 - El Digital de Asturias","headline":"Abel Caballero clausura el Congreso internacional de MKT digital SED 2019","author":{"@id":"https:\/\/www.eldigitaldeasturias.com\/noticias\/author\/admin\/#author"},"publisher":{"@id":"https:\/\/www.eldigitaldeasturias.com\/noticias\/#organization"},"image":{"@type":"ImageObject","url":"https:\/\/www.eldigitaldeasturias.com\/noticias\/wp-content\/uploads\/2019\/06\/1560140778_imageSEDClausura.png","width":678,"height":290},"datePublished":"2019-06-11T00:12:49+02:00","dateModified":"2019-06-11T00:12:49+02:00","inLanguage":"es-ES","mainEntityOfPage":{"@id":"https:\/\/www.eldigitaldeasturias.com\/noticias\/abel-caballero-clausura-el-congreso-internacional-de-mkt-digital-sed-2019\/#webpage"},"isPartOf":{"@id":"https:\/\/www.eldigitaldeasturias.com\/noticias\/abel-caballero-clausura-el-congreso-internacional-de-mkt-digital-sed-2019\/#webpage"},"articleSection":"Negocios y Empresas"},{"@type":"BreadcrumbList","@id":"https:\/\/www.eldigitaldeasturias.com\/noticias\/abel-caballero-clausura-el-congreso-internacional-de-mkt-digital-sed-2019\/#breadcrumblist","itemListElement":[{"@type":"ListItem","@id":"https:\/\/www.eldigitaldeasturias.com\/noticias#listItem","position":1,"name":"Home","item":"https:\/\/www.eldigitaldeasturias.com\/noticias","nextItem":{"@type":"ListItem","@id":"https:\/\/www.eldigitaldeasturias.com\/noticias\/category\/negocios-y-empresas\/#listItem","name":"Negocios y Empresas"}},{"@type":"ListItem","@id":"https:\/\/www.eldigitaldeasturias.com\/noticias\/category\/negocios-y-empresas\/#listItem","position":2,"name":"Negocios y Empresas","item":"https:\/\/www.eldigitaldeasturias.com\/noticias\/category\/negocios-y-empresas\/","nextItem":{"@type":"ListItem","@id":"https:\/\/www.eldigitaldeasturias.com\/noticias\/abel-caballero-clausura-el-congreso-internacional-de-mkt-digital-sed-2019\/#listItem","name":"Abel Caballero clausura el Congreso internacional de MKT digital SED 2019"},"previousItem":{"@type":"ListItem","@id":"https:\/\/www.eldigitaldeasturias.com\/noticias#listItem","name":"Home"}},{"@type":"ListItem","@id":"https:\/\/www.eldigitaldeasturias.com\/noticias\/abel-caballero-clausura-el-congreso-internacional-de-mkt-digital-sed-2019\/#listItem","position":3,"name":"Abel Caballero clausura el Congreso internacional de MKT digital SED 2019","previousItem":{"@type":"ListItem","@id":"https:\/\/www.eldigitaldeasturias.com\/noticias\/category\/negocios-y-empresas\/#listItem","name":"Negocios y Empresas"}}]},{"@type":"Organization","@id":"https:\/\/www.eldigitaldeasturias.com\/noticias\/#organization","name":"El Digital de Asturias","description":"Hemeroteca","url":"https:\/\/www.eldigitaldeasturias.com\/noticias\/","email":"info@eldigitaldeasturias.com","telephone":"+34652131393","logo":{"@type":"ImageObject","url":"https:\/\/www.eldigitaldeasturias.com\/noticias\/wp-content\/uploads\/2020\/12\/EDA.jpg","@id":"https:\/\/www.eldigitaldeasturias.com\/noticias\/abel-caballero-clausura-el-congreso-internacional-de-mkt-digital-sed-2019\/#organizationLogo","width":649,"height":297},"image":{"@id":"https:\/\/www.eldigitaldeasturias.com\/noticias\/abel-caballero-clausura-el-congreso-internacional-de-mkt-digital-sed-2019\/#organizationLogo"},"sameAs":["https:\/\/facebook.com\/eldigitaldeasturias","https:\/\/www.youtube.com\/channel\/UCZP-2wLEB9Rv6erhFmqVnvg"],"address":{"@id":"https:\/\/www.eldigitaldeasturias.com\/noticias\/#postaladdress","@type":"PostalAddress","streetAddress":"san antonio 4,","postalCode":"33430","addressLocality":"Cand\u00e1s","addressRegion":"Asturias","addressCountry":"ES"}},{"@type":"Person","@id":"https:\/\/www.eldigitaldeasturias.com\/noticias\/author\/admin\/#author","url":"https:\/\/www.eldigitaldeasturias.com\/noticias\/author\/admin\/","name":"El Digital de Asturias","image":{"@type":"ImageObject","@id":"https:\/\/www.eldigitaldeasturias.com\/noticias\/abel-caballero-clausura-el-congreso-internacional-de-mkt-digital-sed-2019\/#authorImage","url":"https:\/\/www.eldigitaldeasturias.com\/noticias\/wp-content\/litespeed\/avatar\/18677e78aa0546b92d9dbf31ec7d7668.jpg?ver=1777290358","width":96,"height":96,"caption":"El Digital de Asturias"}},{"@type":"WebPage","@id":"https:\/\/www.eldigitaldeasturias.com\/noticias\/abel-caballero-clausura-el-congreso-internacional-de-mkt-digital-sed-2019\/#webpage","url":"https:\/\/www.eldigitaldeasturias.com\/noticias\/abel-caballero-clausura-el-congreso-internacional-de-mkt-digital-sed-2019\/","name":"Abel Caballero clausura el Congreso internacional de MKT digital SED 2019 - El Digital de Asturias","description":"El evento fue inaugurado el d\u00eda 5 de junio en el C\u00edrculo de Empresarios de Galicia y estuvo organizado por El Padrino \u00c1lvaro Mendoza, considerado como el n\u00famero 1 en Marketing digital en Am\u00e9rica Latina y Benlly Hidalgo, experto en desarrollo e implementaci\u00f3n de estrategia empresarial, ambos fundadores adem\u00e1s del Club de Marketing Global. El evento cont\u00f3 con el respaldo de","inLanguage":"es-ES","isPartOf":{"@id":"https:\/\/www.eldigitaldeasturias.com\/noticias\/#website"},"breadcrumb":{"@id":"https:\/\/www.eldigitaldeasturias.com\/noticias\/abel-caballero-clausura-el-congreso-internacional-de-mkt-digital-sed-2019\/#breadcrumblist"},"author":{"@id":"https:\/\/www.eldigitaldeasturias.com\/noticias\/author\/admin\/#author"},"creator":{"@id":"https:\/\/www.eldigitaldeasturias.com\/noticias\/author\/admin\/#author"},"image":{"@type":"ImageObject","url":"https:\/\/www.eldigitaldeasturias.com\/noticias\/wp-content\/uploads\/2019\/06\/1560140778_imageSEDClausura.png","@id":"https:\/\/www.eldigitaldeasturias.com\/noticias\/abel-caballero-clausura-el-congreso-internacional-de-mkt-digital-sed-2019\/#mainImage","width":678,"height":290},"primaryImageOfPage":{"@id":"https:\/\/www.eldigitaldeasturias.com\/noticias\/abel-caballero-clausura-el-congreso-internacional-de-mkt-digital-sed-2019\/#mainImage"},"datePublished":"2019-06-11T00:12:49+02:00","dateModified":"2019-06-11T00:12:49+02:00"},{"@type":"WebSite","@id":"https:\/\/www.eldigitaldeasturias.com\/noticias\/#website","url":"https:\/\/www.eldigitaldeasturias.com\/noticias\/","name":"El Digital de Asturias - Diario de actualidad y noticias","alternateName":"El Digital de Asturias - Diario de actualidad y noticias","description":"Hemeroteca","inLanguage":"es-ES","publisher":{"@id":"https:\/\/www.eldigitaldeasturias.com\/noticias\/#organization"}}]},"og:locale":"es_ES","og:site_name":"El Digital de Asturias","og:type":"article","og:title":"Abel Caballero clausura el Congreso internacional de MKT digital SED 2019 - El Digital de Asturias","og:description":"El evento fue inaugurado el d\u00eda 5 de junio en el C\u00edrculo de Empresarios de Galicia y estuvo organizado por El Padrino \u00c1lvaro Mendoza, considerado como el n\u00famero 1 en Marketing digital en Am\u00e9rica Latina y Benlly Hidalgo, experto en desarrollo e implementaci\u00f3n de estrategia empresarial, ambos fundadores adem\u00e1s del Club de Marketing Global. El evento cont\u00f3 con el respaldo de","og:url":"https:\/\/www.eldigitaldeasturias.com\/noticias\/abel-caballero-clausura-el-congreso-internacional-de-mkt-digital-sed-2019\/","og:image":"https:\/\/www.eldigitaldeasturias.com\/noticias\/wp-content\/uploads\/2019\/06\/1560140778_imageSEDClausura.png","og:image:secure_url":"https:\/\/www.eldigitaldeasturias.com\/noticias\/wp-content\/uploads\/2019\/06\/1560140778_imageSEDClausura.png","og:image:width":678,"og:image:height":290,"article:tag":["negocios y empresas"],"article:published_time":"2019-06-11T00:12:49+00:00","article:modified_time":"2019-06-11T00:12:49+00:00","article:publisher":"https:\/\/facebook.com\/eldigitaldeasturias","twitter:card":"summary_large_image","twitter:title":"Abel Caballero clausura el Congreso internacional de MKT digital SED 2019 - El Digital de Asturias","twitter:description":"El evento fue inaugurado el d\u00eda 5 de junio en el C\u00edrculo de Empresarios de Galicia y estuvo organizado por El Padrino \u00c1lvaro Mendoza, considerado como el n\u00famero 1 en Marketing digital en Am\u00e9rica Latina y Benlly Hidalgo, experto en desarrollo e implementaci\u00f3n de estrategia empresarial, ambos fundadores adem\u00e1s del Club de Marketing Global. El evento cont\u00f3 con el respaldo de","twitter:image":"https:\/\/www.eldigitaldeasturias.com\/noticias\/wp-content\/uploads\/2019\/06\/1560140778_imageSEDClausura.png","twitter:label1":"Escrito por","twitter:data1":"El Digital de Asturias","twitter:label2":"Tiempo de lectura estimado","twitter:data2":"2 minutos"},"aioseo_meta_data":{"post_id":"1030346","title":null,"description":null,"keywords":null,"keyphrases":null,"primary_term":null,"canonical_url":null,"og_title":null,"og_description":null,"og_object_type":"default","og_image_type":"default","og_image_url":null,"og_image_width":null,"og_image_height":null,"og_image_custom_url":null,"og_image_custom_fields":null,"og_video":null,"og_custom_url":null,"og_article_section":null,"og_article_tags":null,"twitter_use_og":false,"twitter_card":"default","twitter_image_type":"default","twitter_image_url":null,"twitter_image_custom_url":null,"twitter_image_custom_fields":null,"twitter_title":null,"twitter_description":null,"schema":{"blockGraphs":[],"customGraphs":[],"default":{"data":{"Article":[],"Course":[],"Dataset":[],"FAQPage":[],"Movie":[],"Person":[],"Product":[],"ProductReview":[],"Car":[],"Recipe":[],"Service":[],"SoftwareApplication":[],"WebPage":[]},"graphName":"","isEnabled":true},"graphs":[],"defaultGraph":"","defaultPostTypeGraph":""},"schema_type":null,"schema_type_options":null,"pillar_content":false,"robots_default":true,"robots_noindex":false,"robots_noarchive":false,"robots_nosnippet":false,"robots_nofollow":false,"robots_noimageindex":false,"robots_noodp":false,"robots_notranslate":false,"robots_max_snippet":null,"robots_max_videopreview":null,"robots_max_imagepreview":"large","priority":null,"frequency":null,"local_seo":null,"seo_analyzer_scan_date":"2025-10-18 15:22:12","breadcrumb_settings":null,"limit_modified_date":false,"open_ai":null,"ai":null,"created":"2020-12-21 11:10:44","updated":"2025-10-18 15:22:12"},"aioseo_breadcrumb":"<div class=\"aioseo-breadcrumbs\"><span class=\"aioseo-breadcrumb\">\n\t<a href=\"https:\/\/www.eldigitaldeasturias.com\/noticias\" title=\"Home\">Home<\/a>\n<\/span><span class=\"aioseo-breadcrumb-separator\">\u2013<\/span><span class=\"aioseo-breadcrumb\">\n\t<a href=\"https:\/\/www.eldigitaldeasturias.com\/noticias\/category\/negocios-y-empresas\/\" title=\"Negocios y Empresas\">Negocios y Empresas<\/a>\n<\/span><span class=\"aioseo-breadcrumb-separator\">\u2013<\/span><span class=\"aioseo-breadcrumb\">\n\t<a href=\"https:\/\/www.eldigitaldeasturias.com\/noticias\/abel-caballero-clausura-el-congreso-internacional-de-mkt-digital-sed-2019\/\" title=\"Abel Caballero clausura el Congreso internacional de MKT digital SED 2019\">Abel Caballero clausura el Congreso internacional de MKT digital SED 2019<\/a>\n<\/span><\/div>","aioseo_breadcrumb_json":[{"label":"Home","link":"https:\/\/www.eldigitaldeasturias.com\/noticias"},{"label":"Negocios y Empresas","link":"https:\/\/www.eldigitaldeasturias.com\/noticias\/category\/negocios-y-empresas\/"},{"label":"Abel Caballero clausura el Congreso internacional de MKT digital SED 2019","link":"https:\/\/www.eldigitaldeasturias.com\/noticias\/abel-caballero-clausura-el-congreso-internacional-de-mkt-digital-sed-2019\/"}],"_links":{"self":[{"href":"https:\/\/www.eldigitaldeasturias.com\/noticias\/wp-json\/wp\/v2\/posts\/1030346","targetHints":{"allow":["GET"]}}],"collection":[{"href":"https:\/\/www.eldigitaldeasturias.com\/noticias\/wp-json\/wp\/v2\/posts"}],"about":[{"href":"https:\/\/www.eldigitaldeasturias.com\/noticias\/wp-json\/wp\/v2\/types\/post"}],"author":[{"embeddable":true,"href":"https:\/\/www.eldigitaldeasturias.com\/noticias\/wp-json\/wp\/v2\/users\/1"}],"replies":[{"embeddable":true,"href":"https:\/\/www.eldigitaldeasturias.com\/noticias\/wp-json\/wp\/v2\/comments?post=1030346"}],"version-history":[{"count":0,"href":"https:\/\/www.eldigitaldeasturias.com\/noticias\/wp-json\/wp\/v2\/posts\/1030346\/revisions"}],"wp:featuredmedia":[{"embeddable":true,"href":"https:\/\/www.eldigitaldeasturias.com\/noticias\/wp-json\/wp\/v2\/media\/1030347"}],"wp:attachment":[{"href":"https:\/\/www.eldigitaldeasturias.com\/noticias\/wp-json\/wp\/v2\/media?parent=1030346"}],"wp:term":[{"taxonomy":"category","embeddable":true,"href":"https:\/\/www.eldigitaldeasturias.com\/noticias\/wp-json\/wp\/v2\/categories?post=1030346"},{"taxonomy":"post_tag","embeddable":true,"href":"https:\/\/www.eldigitaldeasturias.com\/noticias\/wp-json\/wp\/v2\/tags?post=1030346"}],"curies":[{"name":"wp","href":"https:\/\/api.w.org\/{rel}","templated":true}]}}