{"id":1030318,"date":"2019-06-10T20:39:20","date_gmt":"2019-06-10T20:39:20","guid":{"rendered":"https:\/\/www.eldigitaldeasturias.com\/noticias\/?p=1030318"},"modified":"2019-06-10T20:39:20","modified_gmt":"2019-06-10T20:39:20","slug":"zverev-se-muestra-entusiasmado-ante-el-torneo-de-stuttgart","status":"publish","type":"post","link":"https:\/\/www.eldigitaldeasturias.com\/noticias\/zverev-se-muestra-entusiasmado-ante-el-torneo-de-stuttgart\/","title":{"rendered":"Zverev se muestra entusiasmado ante el torneo de Stuttgart"},"content":{"rendered":"<p><img loading=\"lazy\" decoding=\"async\" class=\"alignleft size-medium wp-image-1030319\" src=\"https:\/\/www.eldigitaldeasturias.com\/noticias\/wp-content\/uploads\/2019\/06\/Alexander-Zverev-360x245.jpg\" alt=\"\" width=\"360\" height=\"245\" srcset=\"https:\/\/www.eldigitaldeasturias.com\/noticias\/wp-content\/uploads\/2019\/06\/Alexander-Zverev-360x245.jpg 360w, https:\/\/www.eldigitaldeasturias.com\/noticias\/wp-content\/uploads\/2019\/06\/Alexander-Zverev-768x522.jpg 768w, https:\/\/www.eldigitaldeasturias.com\/noticias\/wp-content\/uploads\/2019\/06\/Alexander-Zverev-650x442.jpg 650w, https:\/\/www.eldigitaldeasturias.com\/noticias\/wp-content\/uploads\/2019\/06\/Alexander-Zverev.jpg 982w\" sizes=\"auto, (max-width: 360px) 100vw, 360px\" \/>Stuttgart, 10 jun (dpa) &#8211; Alexander Zverev, el mejor tenista de Alemania, asegur\u00f3 hoy que no teme que su reciente decisi\u00f3n de jugar el torneo de Stuttgart signifique una carga que lo perjudique de cara a Wimbledon.<\/p>\n<p>\u00abMe siento relativamente bien f\u00edsicamente\u00bb, declar\u00f3 el jugador de 22 a\u00f1os en Stuttgart. \u00abHe estado mejorando mi rendimiento durante las \u00faltimas semanas. Por eso decid\u00ed que es una buena idea seguir jugando. Tambi\u00e9n mentalmente siempre es refrescante para m\u00ed estar en Alemania\u00bb, agreg\u00f3.<\/p>\n<p>Tras su eliminaci\u00f3n en cuartos de final del Abierto de Francia de Par\u00eds, Zverev hab\u00eda anunciado que se tomar\u00eda un breve descanso y no comenzar\u00eda la temporada de c\u00e9sped hasta la pr\u00f3xima semana en Halle, Westfalia.<\/p>\n<p>Pero despu\u00e9s de una conversaci\u00f3n posterior con el director del torneo de Stuttgart, Edwin Weindorfer, cambi\u00f3 sus planes y ahora, por primera vez desde 2015, regres\u00f3 al torneo en la capital del estado de Baden-W\u00fcrttemberg.<\/p>\n<p>\u00abEl de Stuttgart es un torneo en el que espero seguir jugando durante muchos a\u00f1os m\u00e1s\u00bb, expres\u00f3 Zverev, quien jugar\u00e1 su duod\u00e9cimo torneo en doce semanas.<\/p>\n<p>En este torneo sobre hierba, el jugador n\u00famero cinco del ranking mundial asumir\u00e1 el papel de atracci\u00f3n central, ante la ausencia de la estrella suiza Roger Federer.<\/p>\n<p>Se espera que esta noche llegue a Stuttgart su entrenador, Ivan Lendl, quien no lo sigui\u00f3 durante la temporada de pista de arcilla.<\/p>\n<p>Zverev jugar\u00e1 el jueves, despu\u00e9s de haber quedado exceptuado de disputar la primera ronda, y se medir\u00e1 con el alem\u00e1n Dustin Brown o el australiano John Millman de Australia, a quien ya enfrent\u00f3 en el Abierto de Francia.<\/p>\n<p>Por su parte, Mischa Zverev, hermano mayor de Alexander, cay\u00f3 hoy ante el franc\u00e9s Jo-Wilfried Tsonga por 6-3, 6-0 en la primera ronda en Stuttgart, un resultado que increment\u00f3 la serie de derrotas registradas por el germano en los \u00faltimos meses.<\/p>\n<p>En lo que va del a\u00f1o, el tenista de Hamburgo de 31 a\u00f1os solo gan\u00f3 un partido individual y ocupa el puesto 114 del ranking mundial.<\/p>\n<p>Mischa Zverev, semifinalista del certamen de Stuttgart en 2017, hab\u00eda obtenido una wildcard para esta edici\u00f3n del torneo dotado con premios por 754.540 euros (853.360 d\u00f3lares).<\/p>\n<p>Asimismo, el alem\u00e1n Philipp Kohlschreiber, integrante del equipo de la Copa Davis, tambi\u00e9n qued\u00f3 eliminado sorpresivamente en la primera ronda al caer ante el serbio Miomir Kecmanovic por 6:4, 5:7, 3:6.<\/p>\n<p>El tenista de Augsburgo, dos veces finalista del certamen sobre hierba de Stuttgart, era visto como el favorito para ganar el partido contra Kecmanovic, de 19 a\u00f1os y n\u00famero 83 del ranking de la ATP, pero tuvo que darse por vencido tras casi dos horas.<\/p>\n<p><em>Foto: Silas Stein\/dpa<\/em><\/p>\n<p>&nbsp;<\/p>\n","protected":false},"excerpt":{"rendered":"<p>Stuttgart, 10 jun (dpa) &#8211; Alexander Zverev, el mejor tenista de Alemania, asegur\u00f3 hoy que no teme que su reciente decisi\u00f3n de jugar el torneo de Stuttgart signifique una carga que lo perjudique de cara a Wimbledon. \u00abMe siento relativamente bien f\u00edsicamente\u00bb, declar\u00f3 el jugador de 22 a\u00f1os en Stuttgart. \u00abHe estado mejorando mi rendimiento [&hellip;]<\/p>\n","protected":false},"author":1,"featured_media":1030319,"comment_status":"closed","ping_status":"closed","sticky":false,"template":"","format":"standard","meta":{"footnotes":""},"categories":[190],"tags":[],"class_list":["post-1030318","post","type-post","status-publish","format-standard","has-post-thumbnail","hentry","category-deportes"],"aioseo_notices":[],"aioseo_head":"\n\t\t<!-- All in One SEO Pro 4.9.6.2 - aioseo.com -->\n\t<meta name=\"description\" content=\"Stuttgart, 10 jun (dpa) - Alexander Zverev, el mejor tenista de Alemania, asegur\u00f3 hoy que no teme que su reciente decisi\u00f3n de jugar el torneo de Stuttgart signifique una carga que lo perjudique de cara a Wimbledon. &quot;Me siento relativamente bien f\u00edsicamente&quot;, declar\u00f3 el jugador de 22 a\u00f1os en Stuttgart. &quot;He estado mejorando mi rendimiento\" \/>\n\t<meta name=\"robots\" content=\"max-image-preview:large\" \/>\n\t<meta name=\"author\" content=\"El Digital de Asturias\"\/>\n\t<meta name=\"google-site-verification\" content=\"UA-38556648-1\" \/>\n\t<meta name=\"msvalidate.01\" content=\"7dfe9f3f1b24437ab69f4f2559babe99\" \/>\n\t<meta name=\"keywords\" content=\"deportes\" \/>\n\t<link rel=\"canonical\" href=\"https:\/\/www.eldigitaldeasturias.com\/noticias\/zverev-se-muestra-entusiasmado-ante-el-torneo-de-stuttgart\/\" \/>\n\t<meta name=\"generator\" content=\"All in One SEO Pro (AIOSEO) 4.9.6.2\" \/>\n\t\t<meta property=\"og:locale\" content=\"es_ES\" \/>\n\t\t<meta property=\"og:site_name\" content=\"El Digital de Asturias\" \/>\n\t\t<meta property=\"og:type\" content=\"article\" \/>\n\t\t<meta property=\"og:title\" content=\"Zverev se muestra entusiasmado ante el torneo de Stuttgart - El Digital de Asturias\" \/>\n\t\t<meta property=\"og:description\" content=\"Stuttgart, 10 jun (dpa) - Alexander Zverev, el mejor tenista de Alemania, asegur\u00f3 hoy que no teme que su reciente decisi\u00f3n de jugar el torneo de Stuttgart signifique una carga que lo perjudique de cara a Wimbledon. &quot;Me siento relativamente bien f\u00edsicamente&quot;, declar\u00f3 el jugador de 22 a\u00f1os en Stuttgart. &quot;He estado mejorando mi rendimiento\" \/>\n\t\t<meta property=\"og:url\" content=\"https:\/\/www.eldigitaldeasturias.com\/noticias\/zverev-se-muestra-entusiasmado-ante-el-torneo-de-stuttgart\/\" \/>\n\t\t<meta property=\"og:image\" content=\"https:\/\/www.eldigitaldeasturias.com\/noticias\/wp-content\/uploads\/2019\/06\/Alexander-Zverev.jpg\" \/>\n\t\t<meta property=\"og:image:secure_url\" content=\"https:\/\/www.eldigitaldeasturias.com\/noticias\/wp-content\/uploads\/2019\/06\/Alexander-Zverev.jpg\" \/>\n\t\t<meta property=\"og:image:width\" content=\"982\" \/>\n\t\t<meta property=\"og:image:height\" content=\"668\" \/>\n\t\t<meta property=\"article:tag\" content=\"deportes\" \/>\n\t\t<meta property=\"article:published_time\" content=\"2019-06-10T20:39:20+00:00\" \/>\n\t\t<meta property=\"article:modified_time\" content=\"2019-06-10T20:39:20+00:00\" \/>\n\t\t<meta property=\"article:publisher\" content=\"https:\/\/facebook.com\/eldigitaldeasturias\" \/>\n\t\t<meta name=\"twitter:card\" content=\"summary_large_image\" \/>\n\t\t<meta name=\"twitter:title\" content=\"Zverev se muestra entusiasmado ante el torneo de Stuttgart - El Digital de Asturias\" \/>\n\t\t<meta name=\"twitter:description\" content=\"Stuttgart, 10 jun (dpa) - Alexander Zverev, el mejor tenista de Alemania, asegur\u00f3 hoy que no teme que su reciente decisi\u00f3n de jugar el torneo de Stuttgart signifique una carga que lo perjudique de cara a Wimbledon. &quot;Me siento relativamente bien f\u00edsicamente&quot;, declar\u00f3 el jugador de 22 a\u00f1os en Stuttgart. &quot;He estado mejorando mi rendimiento\" \/>\n\t\t<meta name=\"twitter:image\" content=\"https:\/\/www.eldigitaldeasturias.com\/noticias\/wp-content\/uploads\/2019\/06\/Alexander-Zverev.jpg\" \/>\n\t\t<meta name=\"twitter:label1\" content=\"Escrito por\" \/>\n\t\t<meta name=\"twitter:data1\" content=\"El Digital de Asturias\" \/>\n\t\t<meta name=\"twitter:label2\" content=\"Tiempo de lectura estimado\" \/>\n\t\t<meta name=\"twitter:data2\" content=\"2 minutos\" \/>\n\t\t<script type=\"application\/ld+json\" class=\"aioseo-schema\">\n\t\t\t{\"@context\":\"https:\\\/\\\/schema.org\",\"@graph\":[{\"@type\":\"BlogPosting\",\"@id\":\"https:\\\/\\\/www.eldigitaldeasturias.com\\\/noticias\\\/zverev-se-muestra-entusiasmado-ante-el-torneo-de-stuttgart\\\/#blogposting\",\"name\":\"Zverev se muestra entusiasmado ante el torneo de Stuttgart - El Digital de Asturias\",\"headline\":\"Zverev se muestra entusiasmado ante el torneo de Stuttgart\",\"author\":{\"@id\":\"https:\\\/\\\/www.eldigitaldeasturias.com\\\/noticias\\\/author\\\/admin\\\/#author\"},\"publisher\":{\"@id\":\"https:\\\/\\\/www.eldigitaldeasturias.com\\\/noticias\\\/#organization\"},\"image\":{\"@type\":\"ImageObject\",\"url\":\"https:\\\/\\\/www.eldigitaldeasturias.com\\\/noticias\\\/wp-content\\\/uploads\\\/2019\\\/06\\\/Alexander-Zverev.jpg\",\"width\":982,\"height\":668},\"datePublished\":\"2019-06-10T20:39:20+02:00\",\"dateModified\":\"2019-06-10T20:39:20+02:00\",\"inLanguage\":\"es-ES\",\"mainEntityOfPage\":{\"@id\":\"https:\\\/\\\/www.eldigitaldeasturias.com\\\/noticias\\\/zverev-se-muestra-entusiasmado-ante-el-torneo-de-stuttgart\\\/#webpage\"},\"isPartOf\":{\"@id\":\"https:\\\/\\\/www.eldigitaldeasturias.com\\\/noticias\\\/zverev-se-muestra-entusiasmado-ante-el-torneo-de-stuttgart\\\/#webpage\"},\"articleSection\":\"Deportes\"},{\"@type\":\"BreadcrumbList\",\"@id\":\"https:\\\/\\\/www.eldigitaldeasturias.com\\\/noticias\\\/zverev-se-muestra-entusiasmado-ante-el-torneo-de-stuttgart\\\/#breadcrumblist\",\"itemListElement\":[{\"@type\":\"ListItem\",\"@id\":\"https:\\\/\\\/www.eldigitaldeasturias.com\\\/noticias#listItem\",\"position\":1,\"name\":\"Home\",\"item\":\"https:\\\/\\\/www.eldigitaldeasturias.com\\\/noticias\",\"nextItem\":{\"@type\":\"ListItem\",\"@id\":\"https:\\\/\\\/www.eldigitaldeasturias.com\\\/noticias\\\/category\\\/deportes\\\/#listItem\",\"name\":\"Deportes\"}},{\"@type\":\"ListItem\",\"@id\":\"https:\\\/\\\/www.eldigitaldeasturias.com\\\/noticias\\\/category\\\/deportes\\\/#listItem\",\"position\":2,\"name\":\"Deportes\",\"item\":\"https:\\\/\\\/www.eldigitaldeasturias.com\\\/noticias\\\/category\\\/deportes\\\/\",\"nextItem\":{\"@type\":\"ListItem\",\"@id\":\"https:\\\/\\\/www.eldigitaldeasturias.com\\\/noticias\\\/zverev-se-muestra-entusiasmado-ante-el-torneo-de-stuttgart\\\/#listItem\",\"name\":\"Zverev se muestra entusiasmado ante el torneo de Stuttgart\"},\"previousItem\":{\"@type\":\"ListItem\",\"@id\":\"https:\\\/\\\/www.eldigitaldeasturias.com\\\/noticias#listItem\",\"name\":\"Home\"}},{\"@type\":\"ListItem\",\"@id\":\"https:\\\/\\\/www.eldigitaldeasturias.com\\\/noticias\\\/zverev-se-muestra-entusiasmado-ante-el-torneo-de-stuttgart\\\/#listItem\",\"position\":3,\"name\":\"Zverev se muestra entusiasmado ante el torneo de Stuttgart\",\"previousItem\":{\"@type\":\"ListItem\",\"@id\":\"https:\\\/\\\/www.eldigitaldeasturias.com\\\/noticias\\\/category\\\/deportes\\\/#listItem\",\"name\":\"Deportes\"}}]},{\"@type\":\"Organization\",\"@id\":\"https:\\\/\\\/www.eldigitaldeasturias.com\\\/noticias\\\/#organization\",\"name\":\"El Digital de Asturias\",\"description\":\"Hemeroteca\",\"url\":\"https:\\\/\\\/www.eldigitaldeasturias.com\\\/noticias\\\/\",\"email\":\"info@eldigitaldeasturias.com\",\"telephone\":\"+34652131393\",\"logo\":{\"@type\":\"ImageObject\",\"url\":\"https:\\\/\\\/www.eldigitaldeasturias.com\\\/noticias\\\/wp-content\\\/uploads\\\/2020\\\/12\\\/EDA.jpg\",\"@id\":\"https:\\\/\\\/www.eldigitaldeasturias.com\\\/noticias\\\/zverev-se-muestra-entusiasmado-ante-el-torneo-de-stuttgart\\\/#organizationLogo\",\"width\":649,\"height\":297},\"image\":{\"@id\":\"https:\\\/\\\/www.eldigitaldeasturias.com\\\/noticias\\\/zverev-se-muestra-entusiasmado-ante-el-torneo-de-stuttgart\\\/#organizationLogo\"},\"sameAs\":[\"https:\\\/\\\/facebook.com\\\/eldigitaldeasturias\",\"https:\\\/\\\/www.youtube.com\\\/channel\\\/UCZP-2wLEB9Rv6erhFmqVnvg\"],\"address\":{\"@id\":\"https:\\\/\\\/www.eldigitaldeasturias.com\\\/noticias\\\/#postaladdress\",\"@type\":\"PostalAddress\",\"streetAddress\":\"san antonio 4,\",\"postalCode\":\"33430\",\"addressLocality\":\"Cand\\u00e1s\",\"addressRegion\":\"Asturias\",\"addressCountry\":\"ES\"}},{\"@type\":\"Person\",\"@id\":\"https:\\\/\\\/www.eldigitaldeasturias.com\\\/noticias\\\/author\\\/admin\\\/#author\",\"url\":\"https:\\\/\\\/www.eldigitaldeasturias.com\\\/noticias\\\/author\\\/admin\\\/\",\"name\":\"El Digital de Asturias\",\"image\":{\"@type\":\"ImageObject\",\"@id\":\"https:\\\/\\\/www.eldigitaldeasturias.com\\\/noticias\\\/zverev-se-muestra-entusiasmado-ante-el-torneo-de-stuttgart\\\/#authorImage\",\"url\":\"https:\\\/\\\/www.eldigitaldeasturias.com\\\/noticias\\\/wp-content\\\/litespeed\\\/avatar\\\/18677e78aa0546b92d9dbf31ec7d7668.jpg?ver=1777290358\",\"width\":96,\"height\":96,\"caption\":\"El Digital de Asturias\"}},{\"@type\":\"WebPage\",\"@id\":\"https:\\\/\\\/www.eldigitaldeasturias.com\\\/noticias\\\/zverev-se-muestra-entusiasmado-ante-el-torneo-de-stuttgart\\\/#webpage\",\"url\":\"https:\\\/\\\/www.eldigitaldeasturias.com\\\/noticias\\\/zverev-se-muestra-entusiasmado-ante-el-torneo-de-stuttgart\\\/\",\"name\":\"Zverev se muestra entusiasmado ante el torneo de Stuttgart - El Digital de Asturias\",\"description\":\"Stuttgart, 10 jun (dpa) - Alexander Zverev, el mejor tenista de Alemania, asegur\\u00f3 hoy que no teme que su reciente decisi\\u00f3n de jugar el torneo de Stuttgart signifique una carga que lo perjudique de cara a Wimbledon. \\\"Me siento relativamente bien f\\u00edsicamente\\\", declar\\u00f3 el jugador de 22 a\\u00f1os en Stuttgart. \\\"He estado mejorando mi rendimiento\",\"inLanguage\":\"es-ES\",\"isPartOf\":{\"@id\":\"https:\\\/\\\/www.eldigitaldeasturias.com\\\/noticias\\\/#website\"},\"breadcrumb\":{\"@id\":\"https:\\\/\\\/www.eldigitaldeasturias.com\\\/noticias\\\/zverev-se-muestra-entusiasmado-ante-el-torneo-de-stuttgart\\\/#breadcrumblist\"},\"author\":{\"@id\":\"https:\\\/\\\/www.eldigitaldeasturias.com\\\/noticias\\\/author\\\/admin\\\/#author\"},\"creator\":{\"@id\":\"https:\\\/\\\/www.eldigitaldeasturias.com\\\/noticias\\\/author\\\/admin\\\/#author\"},\"image\":{\"@type\":\"ImageObject\",\"url\":\"https:\\\/\\\/www.eldigitaldeasturias.com\\\/noticias\\\/wp-content\\\/uploads\\\/2019\\\/06\\\/Alexander-Zverev.jpg\",\"@id\":\"https:\\\/\\\/www.eldigitaldeasturias.com\\\/noticias\\\/zverev-se-muestra-entusiasmado-ante-el-torneo-de-stuttgart\\\/#mainImage\",\"width\":982,\"height\":668},\"primaryImageOfPage\":{\"@id\":\"https:\\\/\\\/www.eldigitaldeasturias.com\\\/noticias\\\/zverev-se-muestra-entusiasmado-ante-el-torneo-de-stuttgart\\\/#mainImage\"},\"datePublished\":\"2019-06-10T20:39:20+02:00\",\"dateModified\":\"2019-06-10T20:39:20+02:00\"},{\"@type\":\"WebSite\",\"@id\":\"https:\\\/\\\/www.eldigitaldeasturias.com\\\/noticias\\\/#website\",\"url\":\"https:\\\/\\\/www.eldigitaldeasturias.com\\\/noticias\\\/\",\"name\":\"El Digital de Asturias - Diario de actualidad y noticias\",\"alternateName\":\"El Digital de Asturias - Diario de actualidad y noticias\",\"description\":\"Hemeroteca\",\"inLanguage\":\"es-ES\",\"publisher\":{\"@id\":\"https:\\\/\\\/www.eldigitaldeasturias.com\\\/noticias\\\/#organization\"}}]}\n\t\t<\/script>\n\t\t<!-- All in One SEO Pro -->\r\n\t\t<title>Zverev se muestra entusiasmado ante el torneo de Stuttgart - El Digital de Asturias<\/title>\n\n","aioseo_head_json":{"title":"Zverev se muestra entusiasmado ante el torneo de Stuttgart - El Digital de Asturias","description":"Stuttgart, 10 jun (dpa) - Alexander Zverev, el mejor tenista de Alemania, asegur\u00f3 hoy que no teme que su reciente decisi\u00f3n de jugar el torneo de Stuttgart signifique una carga que lo perjudique de cara a Wimbledon. \"Me siento relativamente bien f\u00edsicamente\", declar\u00f3 el jugador de 22 a\u00f1os en Stuttgart. \"He estado mejorando mi rendimiento","canonical_url":"https:\/\/www.eldigitaldeasturias.com\/noticias\/zverev-se-muestra-entusiasmado-ante-el-torneo-de-stuttgart\/","robots":"max-image-preview:large","keywords":"deportes","webmasterTools":{"google-site-verification":"UA-38556648-1","msvalidate.01":"7dfe9f3f1b24437ab69f4f2559babe99","miscellaneous":""},"schema":{"@context":"https:\/\/schema.org","@graph":[{"@type":"BlogPosting","@id":"https:\/\/www.eldigitaldeasturias.com\/noticias\/zverev-se-muestra-entusiasmado-ante-el-torneo-de-stuttgart\/#blogposting","name":"Zverev se muestra entusiasmado ante el torneo de Stuttgart - El Digital de Asturias","headline":"Zverev se muestra entusiasmado ante el torneo de Stuttgart","author":{"@id":"https:\/\/www.eldigitaldeasturias.com\/noticias\/author\/admin\/#author"},"publisher":{"@id":"https:\/\/www.eldigitaldeasturias.com\/noticias\/#organization"},"image":{"@type":"ImageObject","url":"https:\/\/www.eldigitaldeasturias.com\/noticias\/wp-content\/uploads\/2019\/06\/Alexander-Zverev.jpg","width":982,"height":668},"datePublished":"2019-06-10T20:39:20+02:00","dateModified":"2019-06-10T20:39:20+02:00","inLanguage":"es-ES","mainEntityOfPage":{"@id":"https:\/\/www.eldigitaldeasturias.com\/noticias\/zverev-se-muestra-entusiasmado-ante-el-torneo-de-stuttgart\/#webpage"},"isPartOf":{"@id":"https:\/\/www.eldigitaldeasturias.com\/noticias\/zverev-se-muestra-entusiasmado-ante-el-torneo-de-stuttgart\/#webpage"},"articleSection":"Deportes"},{"@type":"BreadcrumbList","@id":"https:\/\/www.eldigitaldeasturias.com\/noticias\/zverev-se-muestra-entusiasmado-ante-el-torneo-de-stuttgart\/#breadcrumblist","itemListElement":[{"@type":"ListItem","@id":"https:\/\/www.eldigitaldeasturias.com\/noticias#listItem","position":1,"name":"Home","item":"https:\/\/www.eldigitaldeasturias.com\/noticias","nextItem":{"@type":"ListItem","@id":"https:\/\/www.eldigitaldeasturias.com\/noticias\/category\/deportes\/#listItem","name":"Deportes"}},{"@type":"ListItem","@id":"https:\/\/www.eldigitaldeasturias.com\/noticias\/category\/deportes\/#listItem","position":2,"name":"Deportes","item":"https:\/\/www.eldigitaldeasturias.com\/noticias\/category\/deportes\/","nextItem":{"@type":"ListItem","@id":"https:\/\/www.eldigitaldeasturias.com\/noticias\/zverev-se-muestra-entusiasmado-ante-el-torneo-de-stuttgart\/#listItem","name":"Zverev se muestra entusiasmado ante el torneo de Stuttgart"},"previousItem":{"@type":"ListItem","@id":"https:\/\/www.eldigitaldeasturias.com\/noticias#listItem","name":"Home"}},{"@type":"ListItem","@id":"https:\/\/www.eldigitaldeasturias.com\/noticias\/zverev-se-muestra-entusiasmado-ante-el-torneo-de-stuttgart\/#listItem","position":3,"name":"Zverev se muestra entusiasmado ante el torneo de Stuttgart","previousItem":{"@type":"ListItem","@id":"https:\/\/www.eldigitaldeasturias.com\/noticias\/category\/deportes\/#listItem","name":"Deportes"}}]},{"@type":"Organization","@id":"https:\/\/www.eldigitaldeasturias.com\/noticias\/#organization","name":"El Digital de Asturias","description":"Hemeroteca","url":"https:\/\/www.eldigitaldeasturias.com\/noticias\/","email":"info@eldigitaldeasturias.com","telephone":"+34652131393","logo":{"@type":"ImageObject","url":"https:\/\/www.eldigitaldeasturias.com\/noticias\/wp-content\/uploads\/2020\/12\/EDA.jpg","@id":"https:\/\/www.eldigitaldeasturias.com\/noticias\/zverev-se-muestra-entusiasmado-ante-el-torneo-de-stuttgart\/#organizationLogo","width":649,"height":297},"image":{"@id":"https:\/\/www.eldigitaldeasturias.com\/noticias\/zverev-se-muestra-entusiasmado-ante-el-torneo-de-stuttgart\/#organizationLogo"},"sameAs":["https:\/\/facebook.com\/eldigitaldeasturias","https:\/\/www.youtube.com\/channel\/UCZP-2wLEB9Rv6erhFmqVnvg"],"address":{"@id":"https:\/\/www.eldigitaldeasturias.com\/noticias\/#postaladdress","@type":"PostalAddress","streetAddress":"san antonio 4,","postalCode":"33430","addressLocality":"Cand\u00e1s","addressRegion":"Asturias","addressCountry":"ES"}},{"@type":"Person","@id":"https:\/\/www.eldigitaldeasturias.com\/noticias\/author\/admin\/#author","url":"https:\/\/www.eldigitaldeasturias.com\/noticias\/author\/admin\/","name":"El Digital de Asturias","image":{"@type":"ImageObject","@id":"https:\/\/www.eldigitaldeasturias.com\/noticias\/zverev-se-muestra-entusiasmado-ante-el-torneo-de-stuttgart\/#authorImage","url":"https:\/\/www.eldigitaldeasturias.com\/noticias\/wp-content\/litespeed\/avatar\/18677e78aa0546b92d9dbf31ec7d7668.jpg?ver=1777290358","width":96,"height":96,"caption":"El Digital de Asturias"}},{"@type":"WebPage","@id":"https:\/\/www.eldigitaldeasturias.com\/noticias\/zverev-se-muestra-entusiasmado-ante-el-torneo-de-stuttgart\/#webpage","url":"https:\/\/www.eldigitaldeasturias.com\/noticias\/zverev-se-muestra-entusiasmado-ante-el-torneo-de-stuttgart\/","name":"Zverev se muestra entusiasmado ante el torneo de Stuttgart - El Digital de Asturias","description":"Stuttgart, 10 jun (dpa) - Alexander Zverev, el mejor tenista de Alemania, asegur\u00f3 hoy que no teme que su reciente decisi\u00f3n de jugar el torneo de Stuttgart signifique una carga que lo perjudique de cara a Wimbledon. \"Me siento relativamente bien f\u00edsicamente\", declar\u00f3 el jugador de 22 a\u00f1os en Stuttgart. \"He estado mejorando mi rendimiento","inLanguage":"es-ES","isPartOf":{"@id":"https:\/\/www.eldigitaldeasturias.com\/noticias\/#website"},"breadcrumb":{"@id":"https:\/\/www.eldigitaldeasturias.com\/noticias\/zverev-se-muestra-entusiasmado-ante-el-torneo-de-stuttgart\/#breadcrumblist"},"author":{"@id":"https:\/\/www.eldigitaldeasturias.com\/noticias\/author\/admin\/#author"},"creator":{"@id":"https:\/\/www.eldigitaldeasturias.com\/noticias\/author\/admin\/#author"},"image":{"@type":"ImageObject","url":"https:\/\/www.eldigitaldeasturias.com\/noticias\/wp-content\/uploads\/2019\/06\/Alexander-Zverev.jpg","@id":"https:\/\/www.eldigitaldeasturias.com\/noticias\/zverev-se-muestra-entusiasmado-ante-el-torneo-de-stuttgart\/#mainImage","width":982,"height":668},"primaryImageOfPage":{"@id":"https:\/\/www.eldigitaldeasturias.com\/noticias\/zverev-se-muestra-entusiasmado-ante-el-torneo-de-stuttgart\/#mainImage"},"datePublished":"2019-06-10T20:39:20+02:00","dateModified":"2019-06-10T20:39:20+02:00"},{"@type":"WebSite","@id":"https:\/\/www.eldigitaldeasturias.com\/noticias\/#website","url":"https:\/\/www.eldigitaldeasturias.com\/noticias\/","name":"El Digital de Asturias - Diario de actualidad y noticias","alternateName":"El Digital de Asturias - Diario de actualidad y noticias","description":"Hemeroteca","inLanguage":"es-ES","publisher":{"@id":"https:\/\/www.eldigitaldeasturias.com\/noticias\/#organization"}}]},"og:locale":"es_ES","og:site_name":"El Digital de Asturias","og:type":"article","og:title":"Zverev se muestra entusiasmado ante el torneo de Stuttgart - El Digital de Asturias","og:description":"Stuttgart, 10 jun (dpa) - Alexander Zverev, el mejor tenista de Alemania, asegur\u00f3 hoy que no teme que su reciente decisi\u00f3n de jugar el torneo de Stuttgart signifique una carga que lo perjudique de cara a Wimbledon. &quot;Me siento relativamente bien f\u00edsicamente&quot;, declar\u00f3 el jugador de 22 a\u00f1os en Stuttgart. &quot;He estado mejorando mi rendimiento","og:url":"https:\/\/www.eldigitaldeasturias.com\/noticias\/zverev-se-muestra-entusiasmado-ante-el-torneo-de-stuttgart\/","og:image":"https:\/\/www.eldigitaldeasturias.com\/noticias\/wp-content\/uploads\/2019\/06\/Alexander-Zverev.jpg","og:image:secure_url":"https:\/\/www.eldigitaldeasturias.com\/noticias\/wp-content\/uploads\/2019\/06\/Alexander-Zverev.jpg","og:image:width":982,"og:image:height":668,"article:tag":["deportes"],"article:published_time":"2019-06-10T20:39:20+00:00","article:modified_time":"2019-06-10T20:39:20+00:00","article:publisher":"https:\/\/facebook.com\/eldigitaldeasturias","twitter:card":"summary_large_image","twitter:title":"Zverev se muestra entusiasmado ante el torneo de Stuttgart - El Digital de Asturias","twitter:description":"Stuttgart, 10 jun (dpa) - Alexander Zverev, el mejor tenista de Alemania, asegur\u00f3 hoy que no teme que su reciente decisi\u00f3n de jugar el torneo de Stuttgart signifique una carga que lo perjudique de cara a Wimbledon. &quot;Me siento relativamente bien f\u00edsicamente&quot;, declar\u00f3 el jugador de 22 a\u00f1os en Stuttgart. &quot;He estado mejorando mi rendimiento","twitter:image":"https:\/\/www.eldigitaldeasturias.com\/noticias\/wp-content\/uploads\/2019\/06\/Alexander-Zverev.jpg","twitter:label1":"Escrito por","twitter:data1":"El Digital de Asturias","twitter:label2":"Tiempo de lectura estimado","twitter:data2":"2 minutos"},"aioseo_meta_data":{"post_id":"1030318","title":null,"description":null,"keywords":null,"keyphrases":null,"primary_term":null,"canonical_url":null,"og_title":null,"og_description":null,"og_object_type":"default","og_image_type":"default","og_image_url":null,"og_image_width":null,"og_image_height":null,"og_image_custom_url":null,"og_image_custom_fields":null,"og_video":null,"og_custom_url":null,"og_article_section":null,"og_article_tags":null,"twitter_use_og":false,"twitter_card":"default","twitter_image_type":"default","twitter_image_url":null,"twitter_image_custom_url":null,"twitter_image_custom_fields":null,"twitter_title":null,"twitter_description":null,"schema":{"blockGraphs":[],"customGraphs":[],"default":{"data":{"Article":[],"Course":[],"Dataset":[],"FAQPage":[],"Movie":[],"Person":[],"Product":[],"ProductReview":[],"Car":[],"Recipe":[],"Service":[],"SoftwareApplication":[],"WebPage":[]},"graphName":"","isEnabled":true},"graphs":[]},"schema_type":null,"schema_type_options":null,"pillar_content":false,"robots_default":true,"robots_noindex":false,"robots_noarchive":false,"robots_nosnippet":false,"robots_nofollow":false,"robots_noimageindex":false,"robots_noodp":false,"robots_notranslate":false,"robots_max_snippet":null,"robots_max_videopreview":null,"robots_max_imagepreview":"large","priority":null,"frequency":null,"local_seo":null,"seo_analyzer_scan_date":"2025-10-18 15:17:18","breadcrumb_settings":null,"limit_modified_date":false,"open_ai":null,"ai":null,"created":"2020-12-21 11:10:44","updated":"2025-10-18 15:17:18"},"aioseo_breadcrumb":"<div class=\"aioseo-breadcrumbs\"><span class=\"aioseo-breadcrumb\">\n\t<a href=\"https:\/\/www.eldigitaldeasturias.com\/noticias\" title=\"Home\">Home<\/a>\n<\/span><span class=\"aioseo-breadcrumb-separator\">\u2013<\/span><span class=\"aioseo-breadcrumb\">\n\t<a href=\"https:\/\/www.eldigitaldeasturias.com\/noticias\/category\/deportes\/\" title=\"Deportes\">Deportes<\/a>\n<\/span><span class=\"aioseo-breadcrumb-separator\">\u2013<\/span><span class=\"aioseo-breadcrumb\">\n\t<a href=\"https:\/\/www.eldigitaldeasturias.com\/noticias\/zverev-se-muestra-entusiasmado-ante-el-torneo-de-stuttgart\/\" title=\"Zverev se muestra entusiasmado ante el torneo de Stuttgart\">Zverev se muestra entusiasmado ante el torneo de Stuttgart<\/a>\n<\/span><\/div>","aioseo_breadcrumb_json":[{"label":"Home","link":"https:\/\/www.eldigitaldeasturias.com\/noticias"},{"label":"Deportes","link":"https:\/\/www.eldigitaldeasturias.com\/noticias\/category\/deportes\/"},{"label":"Zverev se muestra entusiasmado ante el torneo de Stuttgart","link":"https:\/\/www.eldigitaldeasturias.com\/noticias\/zverev-se-muestra-entusiasmado-ante-el-torneo-de-stuttgart\/"}],"_links":{"self":[{"href":"https:\/\/www.eldigitaldeasturias.com\/noticias\/wp-json\/wp\/v2\/posts\/1030318","targetHints":{"allow":["GET"]}}],"collection":[{"href":"https:\/\/www.eldigitaldeasturias.com\/noticias\/wp-json\/wp\/v2\/posts"}],"about":[{"href":"https:\/\/www.eldigitaldeasturias.com\/noticias\/wp-json\/wp\/v2\/types\/post"}],"author":[{"embeddable":true,"href":"https:\/\/www.eldigitaldeasturias.com\/noticias\/wp-json\/wp\/v2\/users\/1"}],"replies":[{"embeddable":true,"href":"https:\/\/www.eldigitaldeasturias.com\/noticias\/wp-json\/wp\/v2\/comments?post=1030318"}],"version-history":[{"count":0,"href":"https:\/\/www.eldigitaldeasturias.com\/noticias\/wp-json\/wp\/v2\/posts\/1030318\/revisions"}],"wp:featuredmedia":[{"embeddable":true,"href":"https:\/\/www.eldigitaldeasturias.com\/noticias\/wp-json\/wp\/v2\/media\/1030319"}],"wp:attachment":[{"href":"https:\/\/www.eldigitaldeasturias.com\/noticias\/wp-json\/wp\/v2\/media?parent=1030318"}],"wp:term":[{"taxonomy":"category","embeddable":true,"href":"https:\/\/www.eldigitaldeasturias.com\/noticias\/wp-json\/wp\/v2\/categories?post=1030318"},{"taxonomy":"post_tag","embeddable":true,"href":"https:\/\/www.eldigitaldeasturias.com\/noticias\/wp-json\/wp\/v2\/tags?post=1030318"}],"curies":[{"name":"wp","href":"https:\/\/api.w.org\/{rel}","templated":true}]}}