{"id":1030307,"date":"2019-06-10T19:24:23","date_gmt":"2019-06-10T19:24:23","guid":{"rendered":"https:\/\/www.eldigitaldeasturias.com\/noticias\/?p=1030307"},"modified":"2019-06-10T19:24:23","modified_gmt":"2019-06-10T19:24:23","slug":"kerber-cae-a-sexto-lugar-del-ranking-wta","status":"publish","type":"post","link":"https:\/\/www.eldigitaldeasturias.com\/noticias\/kerber-cae-a-sexto-lugar-del-ranking-wta\/","title":{"rendered":"Kerber cae a sexto lugar del ranking WTA"},"content":{"rendered":"<p><img loading=\"lazy\" decoding=\"async\" class=\"alignleft size-medium wp-image-1030308\" src=\"https:\/\/www.eldigitaldeasturias.com\/noticias\/wp-content\/uploads\/2019\/06\/Kerber-360x234.jpg\" alt=\"\" width=\"360\" height=\"234\" srcset=\"https:\/\/www.eldigitaldeasturias.com\/noticias\/wp-content\/uploads\/2019\/06\/Kerber-360x234.jpg 360w, https:\/\/www.eldigitaldeasturias.com\/noticias\/wp-content\/uploads\/2019\/06\/Kerber-768x498.jpg 768w, https:\/\/www.eldigitaldeasturias.com\/noticias\/wp-content\/uploads\/2019\/06\/Kerber-650x422.jpg 650w, https:\/\/www.eldigitaldeasturias.com\/noticias\/wp-content\/uploads\/2019\/06\/Kerber-1024x665.jpg 1024w, https:\/\/www.eldigitaldeasturias.com\/noticias\/wp-content\/uploads\/2019\/06\/Kerber.jpg 1034w\" sizes=\"auto, (max-width: 360px) 100vw, 360px\" \/>Par\u00eds, 10 jun (dpa) &#8211; La campeona alemana de Wimbledon Angelique Kerber cay\u00f3 al sexto puesto del ranking mundial de la asociaci\u00f3n rectora del tenis femenino WTA, tras haber quedado eliminada en la primera ronda del Abierto de Francia, seg\u00fan la clasificaci\u00f3n publicada hoy por la entidad.<\/p>\n<p>Su compatriota Julia G\u00f6rges tambi\u00e9n perdi\u00f3 un puesto y ocupa ahora el decimonoveno lugar a nivel internacional.<\/p>\n<p>La japonesa Naomi Osaka contin\u00faa encabezando el ranking femenino a pesar de haber quedado fuera del Abierto de Francia en octavos de final, mientras que la australiana Ashleigh Barty, que se coron\u00f3 campeona en Roland Garros, trep\u00f3 del octavo al segundo puesto de la clasificaci\u00f3n.<\/p>\n<p>En el ranking de la ATP, el alem\u00e1n Alexander Zverev contin\u00faa en el quinto escalaf\u00f3n. El hamburgu\u00e9s de 22 a\u00f1os qued\u00f3 eliminado en cuartos de final del Abierto de Francia al perder contra Novak Djokovic.<\/p>\n<p>El serbio encabeza el ranking masculino con gran ventaja por delante del espa\u00f1ol <strong>Rafael Nadal<\/strong>, ganador del Abierto de Francia.<\/p>\n<p><em>Foto: Marijan Murat\/dpa <\/em><\/p>\n","protected":false},"excerpt":{"rendered":"<p>Par\u00eds, 10 jun (dpa) &#8211; La campeona alemana de Wimbledon Angelique Kerber cay\u00f3 al sexto puesto del ranking mundial de la asociaci\u00f3n rectora del tenis femenino WTA, tras haber quedado eliminada en la primera ronda del Abierto de Francia, seg\u00fan la clasificaci\u00f3n publicada hoy por la entidad. Su compatriota Julia G\u00f6rges tambi\u00e9n perdi\u00f3 un puesto [&hellip;]<\/p>\n","protected":false},"author":1,"featured_media":1030308,"comment_status":"closed","ping_status":"closed","sticky":false,"template":"","format":"standard","meta":{"footnotes":""},"categories":[190],"tags":[],"class_list":["post-1030307","post","type-post","status-publish","format-standard","has-post-thumbnail","hentry","category-deportes"],"aioseo_notices":[],"aioseo_head":"\n\t\t<!-- All in One SEO Pro 4.9.6.2 - aioseo.com -->\n\t<meta name=\"description\" content=\"Par\u00eds, 10 jun (dpa) - La campeona alemana de Wimbledon Angelique Kerber cay\u00f3 al sexto puesto del ranking mundial de la asociaci\u00f3n rectora del tenis femenino WTA, tras haber quedado eliminada en la primera ronda del Abierto de Francia, seg\u00fan la clasificaci\u00f3n publicada hoy por la entidad. Su compatriota Julia G\u00f6rges tambi\u00e9n perdi\u00f3 un puesto\" \/>\n\t<meta name=\"robots\" content=\"max-image-preview:large\" \/>\n\t<meta name=\"author\" content=\"El Digital de Asturias\"\/>\n\t<meta name=\"google-site-verification\" content=\"UA-38556648-1\" \/>\n\t<meta name=\"msvalidate.01\" content=\"7dfe9f3f1b24437ab69f4f2559babe99\" \/>\n\t<meta name=\"keywords\" content=\"deportes\" \/>\n\t<link rel=\"canonical\" href=\"https:\/\/www.eldigitaldeasturias.com\/noticias\/kerber-cae-a-sexto-lugar-del-ranking-wta\/\" \/>\n\t<meta name=\"generator\" content=\"All in One SEO Pro (AIOSEO) 4.9.6.2\" \/>\n\t\t<meta property=\"og:locale\" content=\"es_ES\" \/>\n\t\t<meta property=\"og:site_name\" content=\"El Digital de Asturias\" \/>\n\t\t<meta property=\"og:type\" content=\"article\" \/>\n\t\t<meta property=\"og:title\" content=\"Kerber cae a sexto lugar del ranking WTA - El Digital de Asturias\" \/>\n\t\t<meta property=\"og:description\" content=\"Par\u00eds, 10 jun (dpa) - La campeona alemana de Wimbledon Angelique Kerber cay\u00f3 al sexto puesto del ranking mundial de la asociaci\u00f3n rectora del tenis femenino WTA, tras haber quedado eliminada en la primera ronda del Abierto de Francia, seg\u00fan la clasificaci\u00f3n publicada hoy por la entidad. Su compatriota Julia G\u00f6rges tambi\u00e9n perdi\u00f3 un puesto\" \/>\n\t\t<meta property=\"og:url\" content=\"https:\/\/www.eldigitaldeasturias.com\/noticias\/kerber-cae-a-sexto-lugar-del-ranking-wta\/\" \/>\n\t\t<meta property=\"og:image\" content=\"https:\/\/www.eldigitaldeasturias.com\/noticias\/wp-content\/uploads\/2019\/06\/Kerber.jpg\" \/>\n\t\t<meta property=\"og:image:secure_url\" content=\"https:\/\/www.eldigitaldeasturias.com\/noticias\/wp-content\/uploads\/2019\/06\/Kerber.jpg\" \/>\n\t\t<meta property=\"og:image:width\" content=\"1034\" \/>\n\t\t<meta property=\"og:image:height\" content=\"671\" \/>\n\t\t<meta property=\"article:tag\" content=\"deportes\" \/>\n\t\t<meta property=\"article:published_time\" content=\"2019-06-10T19:24:23+00:00\" \/>\n\t\t<meta property=\"article:modified_time\" content=\"2019-06-10T19:24:23+00:00\" \/>\n\t\t<meta property=\"article:publisher\" content=\"https:\/\/facebook.com\/eldigitaldeasturias\" \/>\n\t\t<meta name=\"twitter:card\" content=\"summary_large_image\" \/>\n\t\t<meta name=\"twitter:title\" content=\"Kerber cae a sexto lugar del ranking WTA - El Digital de Asturias\" \/>\n\t\t<meta name=\"twitter:description\" content=\"Par\u00eds, 10 jun (dpa) - La campeona alemana de Wimbledon Angelique Kerber cay\u00f3 al sexto puesto del ranking mundial de la asociaci\u00f3n rectora del tenis femenino WTA, tras haber quedado eliminada en la primera ronda del Abierto de Francia, seg\u00fan la clasificaci\u00f3n publicada hoy por la entidad. Su compatriota Julia G\u00f6rges tambi\u00e9n perdi\u00f3 un puesto\" \/>\n\t\t<meta name=\"twitter:image\" content=\"https:\/\/www.eldigitaldeasturias.com\/noticias\/wp-content\/uploads\/2019\/06\/Kerber.jpg\" \/>\n\t\t<meta name=\"twitter:label1\" content=\"Escrito por\" \/>\n\t\t<meta name=\"twitter:data1\" content=\"El Digital de Asturias\" \/>\n\t\t<meta name=\"twitter:label2\" content=\"Tiempo de lectura estimado\" \/>\n\t\t<meta name=\"twitter:data2\" content=\"1 minuto\" \/>\n\t\t<script type=\"application\/ld+json\" class=\"aioseo-schema\">\n\t\t\t{\"@context\":\"https:\\\/\\\/schema.org\",\"@graph\":[{\"@type\":\"BlogPosting\",\"@id\":\"https:\\\/\\\/www.eldigitaldeasturias.com\\\/noticias\\\/kerber-cae-a-sexto-lugar-del-ranking-wta\\\/#blogposting\",\"name\":\"Kerber cae a sexto lugar del ranking WTA - El Digital de Asturias\",\"headline\":\"Kerber cae a sexto lugar del ranking WTA\",\"author\":{\"@id\":\"https:\\\/\\\/www.eldigitaldeasturias.com\\\/noticias\\\/author\\\/admin\\\/#author\"},\"publisher\":{\"@id\":\"https:\\\/\\\/www.eldigitaldeasturias.com\\\/noticias\\\/#organization\"},\"image\":{\"@type\":\"ImageObject\",\"url\":\"https:\\\/\\\/www.eldigitaldeasturias.com\\\/noticias\\\/wp-content\\\/uploads\\\/2019\\\/06\\\/Kerber.jpg\",\"width\":1034,\"height\":671},\"datePublished\":\"2019-06-10T19:24:23+02:00\",\"dateModified\":\"2019-06-10T19:24:23+02:00\",\"inLanguage\":\"es-ES\",\"mainEntityOfPage\":{\"@id\":\"https:\\\/\\\/www.eldigitaldeasturias.com\\\/noticias\\\/kerber-cae-a-sexto-lugar-del-ranking-wta\\\/#webpage\"},\"isPartOf\":{\"@id\":\"https:\\\/\\\/www.eldigitaldeasturias.com\\\/noticias\\\/kerber-cae-a-sexto-lugar-del-ranking-wta\\\/#webpage\"},\"articleSection\":\"Deportes\"},{\"@type\":\"BreadcrumbList\",\"@id\":\"https:\\\/\\\/www.eldigitaldeasturias.com\\\/noticias\\\/kerber-cae-a-sexto-lugar-del-ranking-wta\\\/#breadcrumblist\",\"itemListElement\":[{\"@type\":\"ListItem\",\"@id\":\"https:\\\/\\\/www.eldigitaldeasturias.com\\\/noticias#listItem\",\"position\":1,\"name\":\"Home\",\"item\":\"https:\\\/\\\/www.eldigitaldeasturias.com\\\/noticias\",\"nextItem\":{\"@type\":\"ListItem\",\"@id\":\"https:\\\/\\\/www.eldigitaldeasturias.com\\\/noticias\\\/category\\\/deportes\\\/#listItem\",\"name\":\"Deportes\"}},{\"@type\":\"ListItem\",\"@id\":\"https:\\\/\\\/www.eldigitaldeasturias.com\\\/noticias\\\/category\\\/deportes\\\/#listItem\",\"position\":2,\"name\":\"Deportes\",\"item\":\"https:\\\/\\\/www.eldigitaldeasturias.com\\\/noticias\\\/category\\\/deportes\\\/\",\"nextItem\":{\"@type\":\"ListItem\",\"@id\":\"https:\\\/\\\/www.eldigitaldeasturias.com\\\/noticias\\\/kerber-cae-a-sexto-lugar-del-ranking-wta\\\/#listItem\",\"name\":\"Kerber cae a sexto lugar del ranking WTA\"},\"previousItem\":{\"@type\":\"ListItem\",\"@id\":\"https:\\\/\\\/www.eldigitaldeasturias.com\\\/noticias#listItem\",\"name\":\"Home\"}},{\"@type\":\"ListItem\",\"@id\":\"https:\\\/\\\/www.eldigitaldeasturias.com\\\/noticias\\\/kerber-cae-a-sexto-lugar-del-ranking-wta\\\/#listItem\",\"position\":3,\"name\":\"Kerber cae a sexto lugar del ranking WTA\",\"previousItem\":{\"@type\":\"ListItem\",\"@id\":\"https:\\\/\\\/www.eldigitaldeasturias.com\\\/noticias\\\/category\\\/deportes\\\/#listItem\",\"name\":\"Deportes\"}}]},{\"@type\":\"Organization\",\"@id\":\"https:\\\/\\\/www.eldigitaldeasturias.com\\\/noticias\\\/#organization\",\"name\":\"El Digital de Asturias\",\"description\":\"Hemeroteca\",\"url\":\"https:\\\/\\\/www.eldigitaldeasturias.com\\\/noticias\\\/\",\"email\":\"info@eldigitaldeasturias.com\",\"telephone\":\"+34652131393\",\"logo\":{\"@type\":\"ImageObject\",\"url\":\"https:\\\/\\\/www.eldigitaldeasturias.com\\\/noticias\\\/wp-content\\\/uploads\\\/2020\\\/12\\\/EDA.jpg\",\"@id\":\"https:\\\/\\\/www.eldigitaldeasturias.com\\\/noticias\\\/kerber-cae-a-sexto-lugar-del-ranking-wta\\\/#organizationLogo\",\"width\":649,\"height\":297},\"image\":{\"@id\":\"https:\\\/\\\/www.eldigitaldeasturias.com\\\/noticias\\\/kerber-cae-a-sexto-lugar-del-ranking-wta\\\/#organizationLogo\"},\"sameAs\":[\"https:\\\/\\\/facebook.com\\\/eldigitaldeasturias\",\"https:\\\/\\\/www.youtube.com\\\/channel\\\/UCZP-2wLEB9Rv6erhFmqVnvg\"],\"address\":{\"@id\":\"https:\\\/\\\/www.eldigitaldeasturias.com\\\/noticias\\\/#postaladdress\",\"@type\":\"PostalAddress\",\"streetAddress\":\"san antonio 4,\",\"postalCode\":\"33430\",\"addressLocality\":\"Cand\\u00e1s\",\"addressRegion\":\"Asturias\",\"addressCountry\":\"ES\"}},{\"@type\":\"Person\",\"@id\":\"https:\\\/\\\/www.eldigitaldeasturias.com\\\/noticias\\\/author\\\/admin\\\/#author\",\"url\":\"https:\\\/\\\/www.eldigitaldeasturias.com\\\/noticias\\\/author\\\/admin\\\/\",\"name\":\"El Digital de Asturias\",\"image\":{\"@type\":\"ImageObject\",\"@id\":\"https:\\\/\\\/www.eldigitaldeasturias.com\\\/noticias\\\/kerber-cae-a-sexto-lugar-del-ranking-wta\\\/#authorImage\",\"url\":\"https:\\\/\\\/www.eldigitaldeasturias.com\\\/noticias\\\/wp-content\\\/litespeed\\\/avatar\\\/18677e78aa0546b92d9dbf31ec7d7668.jpg?ver=1777290358\",\"width\":96,\"height\":96,\"caption\":\"El Digital de Asturias\"}},{\"@type\":\"WebPage\",\"@id\":\"https:\\\/\\\/www.eldigitaldeasturias.com\\\/noticias\\\/kerber-cae-a-sexto-lugar-del-ranking-wta\\\/#webpage\",\"url\":\"https:\\\/\\\/www.eldigitaldeasturias.com\\\/noticias\\\/kerber-cae-a-sexto-lugar-del-ranking-wta\\\/\",\"name\":\"Kerber cae a sexto lugar del ranking WTA - El Digital de Asturias\",\"description\":\"Par\\u00eds, 10 jun (dpa) - La campeona alemana de Wimbledon Angelique Kerber cay\\u00f3 al sexto puesto del ranking mundial de la asociaci\\u00f3n rectora del tenis femenino WTA, tras haber quedado eliminada en la primera ronda del Abierto de Francia, seg\\u00fan la clasificaci\\u00f3n publicada hoy por la entidad. Su compatriota Julia G\\u00f6rges tambi\\u00e9n perdi\\u00f3 un puesto\",\"inLanguage\":\"es-ES\",\"isPartOf\":{\"@id\":\"https:\\\/\\\/www.eldigitaldeasturias.com\\\/noticias\\\/#website\"},\"breadcrumb\":{\"@id\":\"https:\\\/\\\/www.eldigitaldeasturias.com\\\/noticias\\\/kerber-cae-a-sexto-lugar-del-ranking-wta\\\/#breadcrumblist\"},\"author\":{\"@id\":\"https:\\\/\\\/www.eldigitaldeasturias.com\\\/noticias\\\/author\\\/admin\\\/#author\"},\"creator\":{\"@id\":\"https:\\\/\\\/www.eldigitaldeasturias.com\\\/noticias\\\/author\\\/admin\\\/#author\"},\"image\":{\"@type\":\"ImageObject\",\"url\":\"https:\\\/\\\/www.eldigitaldeasturias.com\\\/noticias\\\/wp-content\\\/uploads\\\/2019\\\/06\\\/Kerber.jpg\",\"@id\":\"https:\\\/\\\/www.eldigitaldeasturias.com\\\/noticias\\\/kerber-cae-a-sexto-lugar-del-ranking-wta\\\/#mainImage\",\"width\":1034,\"height\":671},\"primaryImageOfPage\":{\"@id\":\"https:\\\/\\\/www.eldigitaldeasturias.com\\\/noticias\\\/kerber-cae-a-sexto-lugar-del-ranking-wta\\\/#mainImage\"},\"datePublished\":\"2019-06-10T19:24:23+02:00\",\"dateModified\":\"2019-06-10T19:24:23+02:00\"},{\"@type\":\"WebSite\",\"@id\":\"https:\\\/\\\/www.eldigitaldeasturias.com\\\/noticias\\\/#website\",\"url\":\"https:\\\/\\\/www.eldigitaldeasturias.com\\\/noticias\\\/\",\"name\":\"El Digital de Asturias - Diario de actualidad y noticias\",\"alternateName\":\"El Digital de Asturias - Diario de actualidad y noticias\",\"description\":\"Hemeroteca\",\"inLanguage\":\"es-ES\",\"publisher\":{\"@id\":\"https:\\\/\\\/www.eldigitaldeasturias.com\\\/noticias\\\/#organization\"}}]}\n\t\t<\/script>\n\t\t<!-- All in One SEO Pro -->\r\n\t\t<title>Kerber cae a sexto lugar del ranking WTA - El Digital de Asturias<\/title>\n\n","aioseo_head_json":{"title":"Kerber cae a sexto lugar del ranking WTA - El Digital de Asturias","description":"Par\u00eds, 10 jun (dpa) - La campeona alemana de Wimbledon Angelique Kerber cay\u00f3 al sexto puesto del ranking mundial de la asociaci\u00f3n rectora del tenis femenino WTA, tras haber quedado eliminada en la primera ronda del Abierto de Francia, seg\u00fan la clasificaci\u00f3n publicada hoy por la entidad. Su compatriota Julia G\u00f6rges tambi\u00e9n perdi\u00f3 un puesto","canonical_url":"https:\/\/www.eldigitaldeasturias.com\/noticias\/kerber-cae-a-sexto-lugar-del-ranking-wta\/","robots":"max-image-preview:large","keywords":"deportes","webmasterTools":{"google-site-verification":"UA-38556648-1","msvalidate.01":"7dfe9f3f1b24437ab69f4f2559babe99","miscellaneous":""},"schema":{"@context":"https:\/\/schema.org","@graph":[{"@type":"BlogPosting","@id":"https:\/\/www.eldigitaldeasturias.com\/noticias\/kerber-cae-a-sexto-lugar-del-ranking-wta\/#blogposting","name":"Kerber cae a sexto lugar del ranking WTA - El Digital de Asturias","headline":"Kerber cae a sexto lugar del ranking WTA","author":{"@id":"https:\/\/www.eldigitaldeasturias.com\/noticias\/author\/admin\/#author"},"publisher":{"@id":"https:\/\/www.eldigitaldeasturias.com\/noticias\/#organization"},"image":{"@type":"ImageObject","url":"https:\/\/www.eldigitaldeasturias.com\/noticias\/wp-content\/uploads\/2019\/06\/Kerber.jpg","width":1034,"height":671},"datePublished":"2019-06-10T19:24:23+02:00","dateModified":"2019-06-10T19:24:23+02:00","inLanguage":"es-ES","mainEntityOfPage":{"@id":"https:\/\/www.eldigitaldeasturias.com\/noticias\/kerber-cae-a-sexto-lugar-del-ranking-wta\/#webpage"},"isPartOf":{"@id":"https:\/\/www.eldigitaldeasturias.com\/noticias\/kerber-cae-a-sexto-lugar-del-ranking-wta\/#webpage"},"articleSection":"Deportes"},{"@type":"BreadcrumbList","@id":"https:\/\/www.eldigitaldeasturias.com\/noticias\/kerber-cae-a-sexto-lugar-del-ranking-wta\/#breadcrumblist","itemListElement":[{"@type":"ListItem","@id":"https:\/\/www.eldigitaldeasturias.com\/noticias#listItem","position":1,"name":"Home","item":"https:\/\/www.eldigitaldeasturias.com\/noticias","nextItem":{"@type":"ListItem","@id":"https:\/\/www.eldigitaldeasturias.com\/noticias\/category\/deportes\/#listItem","name":"Deportes"}},{"@type":"ListItem","@id":"https:\/\/www.eldigitaldeasturias.com\/noticias\/category\/deportes\/#listItem","position":2,"name":"Deportes","item":"https:\/\/www.eldigitaldeasturias.com\/noticias\/category\/deportes\/","nextItem":{"@type":"ListItem","@id":"https:\/\/www.eldigitaldeasturias.com\/noticias\/kerber-cae-a-sexto-lugar-del-ranking-wta\/#listItem","name":"Kerber cae a sexto lugar del ranking WTA"},"previousItem":{"@type":"ListItem","@id":"https:\/\/www.eldigitaldeasturias.com\/noticias#listItem","name":"Home"}},{"@type":"ListItem","@id":"https:\/\/www.eldigitaldeasturias.com\/noticias\/kerber-cae-a-sexto-lugar-del-ranking-wta\/#listItem","position":3,"name":"Kerber cae a sexto lugar del ranking WTA","previousItem":{"@type":"ListItem","@id":"https:\/\/www.eldigitaldeasturias.com\/noticias\/category\/deportes\/#listItem","name":"Deportes"}}]},{"@type":"Organization","@id":"https:\/\/www.eldigitaldeasturias.com\/noticias\/#organization","name":"El Digital de Asturias","description":"Hemeroteca","url":"https:\/\/www.eldigitaldeasturias.com\/noticias\/","email":"info@eldigitaldeasturias.com","telephone":"+34652131393","logo":{"@type":"ImageObject","url":"https:\/\/www.eldigitaldeasturias.com\/noticias\/wp-content\/uploads\/2020\/12\/EDA.jpg","@id":"https:\/\/www.eldigitaldeasturias.com\/noticias\/kerber-cae-a-sexto-lugar-del-ranking-wta\/#organizationLogo","width":649,"height":297},"image":{"@id":"https:\/\/www.eldigitaldeasturias.com\/noticias\/kerber-cae-a-sexto-lugar-del-ranking-wta\/#organizationLogo"},"sameAs":["https:\/\/facebook.com\/eldigitaldeasturias","https:\/\/www.youtube.com\/channel\/UCZP-2wLEB9Rv6erhFmqVnvg"],"address":{"@id":"https:\/\/www.eldigitaldeasturias.com\/noticias\/#postaladdress","@type":"PostalAddress","streetAddress":"san antonio 4,","postalCode":"33430","addressLocality":"Cand\u00e1s","addressRegion":"Asturias","addressCountry":"ES"}},{"@type":"Person","@id":"https:\/\/www.eldigitaldeasturias.com\/noticias\/author\/admin\/#author","url":"https:\/\/www.eldigitaldeasturias.com\/noticias\/author\/admin\/","name":"El Digital de Asturias","image":{"@type":"ImageObject","@id":"https:\/\/www.eldigitaldeasturias.com\/noticias\/kerber-cae-a-sexto-lugar-del-ranking-wta\/#authorImage","url":"https:\/\/www.eldigitaldeasturias.com\/noticias\/wp-content\/litespeed\/avatar\/18677e78aa0546b92d9dbf31ec7d7668.jpg?ver=1777290358","width":96,"height":96,"caption":"El Digital de Asturias"}},{"@type":"WebPage","@id":"https:\/\/www.eldigitaldeasturias.com\/noticias\/kerber-cae-a-sexto-lugar-del-ranking-wta\/#webpage","url":"https:\/\/www.eldigitaldeasturias.com\/noticias\/kerber-cae-a-sexto-lugar-del-ranking-wta\/","name":"Kerber cae a sexto lugar del ranking WTA - El Digital de Asturias","description":"Par\u00eds, 10 jun (dpa) - La campeona alemana de Wimbledon Angelique Kerber cay\u00f3 al sexto puesto del ranking mundial de la asociaci\u00f3n rectora del tenis femenino WTA, tras haber quedado eliminada en la primera ronda del Abierto de Francia, seg\u00fan la clasificaci\u00f3n publicada hoy por la entidad. Su compatriota Julia G\u00f6rges tambi\u00e9n perdi\u00f3 un puesto","inLanguage":"es-ES","isPartOf":{"@id":"https:\/\/www.eldigitaldeasturias.com\/noticias\/#website"},"breadcrumb":{"@id":"https:\/\/www.eldigitaldeasturias.com\/noticias\/kerber-cae-a-sexto-lugar-del-ranking-wta\/#breadcrumblist"},"author":{"@id":"https:\/\/www.eldigitaldeasturias.com\/noticias\/author\/admin\/#author"},"creator":{"@id":"https:\/\/www.eldigitaldeasturias.com\/noticias\/author\/admin\/#author"},"image":{"@type":"ImageObject","url":"https:\/\/www.eldigitaldeasturias.com\/noticias\/wp-content\/uploads\/2019\/06\/Kerber.jpg","@id":"https:\/\/www.eldigitaldeasturias.com\/noticias\/kerber-cae-a-sexto-lugar-del-ranking-wta\/#mainImage","width":1034,"height":671},"primaryImageOfPage":{"@id":"https:\/\/www.eldigitaldeasturias.com\/noticias\/kerber-cae-a-sexto-lugar-del-ranking-wta\/#mainImage"},"datePublished":"2019-06-10T19:24:23+02:00","dateModified":"2019-06-10T19:24:23+02:00"},{"@type":"WebSite","@id":"https:\/\/www.eldigitaldeasturias.com\/noticias\/#website","url":"https:\/\/www.eldigitaldeasturias.com\/noticias\/","name":"El Digital de Asturias - Diario de actualidad y noticias","alternateName":"El Digital de Asturias - Diario de actualidad y noticias","description":"Hemeroteca","inLanguage":"es-ES","publisher":{"@id":"https:\/\/www.eldigitaldeasturias.com\/noticias\/#organization"}}]},"og:locale":"es_ES","og:site_name":"El Digital de Asturias","og:type":"article","og:title":"Kerber cae a sexto lugar del ranking WTA - El Digital de Asturias","og:description":"Par\u00eds, 10 jun (dpa) - La campeona alemana de Wimbledon Angelique Kerber cay\u00f3 al sexto puesto del ranking mundial de la asociaci\u00f3n rectora del tenis femenino WTA, tras haber quedado eliminada en la primera ronda del Abierto de Francia, seg\u00fan la clasificaci\u00f3n publicada hoy por la entidad. Su compatriota Julia G\u00f6rges tambi\u00e9n perdi\u00f3 un puesto","og:url":"https:\/\/www.eldigitaldeasturias.com\/noticias\/kerber-cae-a-sexto-lugar-del-ranking-wta\/","og:image":"https:\/\/www.eldigitaldeasturias.com\/noticias\/wp-content\/uploads\/2019\/06\/Kerber.jpg","og:image:secure_url":"https:\/\/www.eldigitaldeasturias.com\/noticias\/wp-content\/uploads\/2019\/06\/Kerber.jpg","og:image:width":1034,"og:image:height":671,"article:tag":["deportes"],"article:published_time":"2019-06-10T19:24:23+00:00","article:modified_time":"2019-06-10T19:24:23+00:00","article:publisher":"https:\/\/facebook.com\/eldigitaldeasturias","twitter:card":"summary_large_image","twitter:title":"Kerber cae a sexto lugar del ranking WTA - El Digital de Asturias","twitter:description":"Par\u00eds, 10 jun (dpa) - La campeona alemana de Wimbledon Angelique Kerber cay\u00f3 al sexto puesto del ranking mundial de la asociaci\u00f3n rectora del tenis femenino WTA, tras haber quedado eliminada en la primera ronda del Abierto de Francia, seg\u00fan la clasificaci\u00f3n publicada hoy por la entidad. Su compatriota Julia G\u00f6rges tambi\u00e9n perdi\u00f3 un puesto","twitter:image":"https:\/\/www.eldigitaldeasturias.com\/noticias\/wp-content\/uploads\/2019\/06\/Kerber.jpg","twitter:label1":"Escrito por","twitter:data1":"El Digital de Asturias","twitter:label2":"Tiempo de lectura estimado","twitter:data2":"1 minuto"},"aioseo_meta_data":{"post_id":"1030307","title":null,"description":null,"keywords":null,"keyphrases":null,"primary_term":null,"canonical_url":null,"og_title":null,"og_description":null,"og_object_type":"default","og_image_type":"default","og_image_url":null,"og_image_width":null,"og_image_height":null,"og_image_custom_url":null,"og_image_custom_fields":null,"og_video":null,"og_custom_url":null,"og_article_section":null,"og_article_tags":null,"twitter_use_og":false,"twitter_card":"default","twitter_image_type":"default","twitter_image_url":null,"twitter_image_custom_url":null,"twitter_image_custom_fields":null,"twitter_title":null,"twitter_description":null,"schema":{"blockGraphs":[],"customGraphs":[],"default":{"data":{"Article":[],"Course":[],"Dataset":[],"FAQPage":[],"Movie":[],"Person":[],"Product":[],"ProductReview":[],"Car":[],"Recipe":[],"Service":[],"SoftwareApplication":[],"WebPage":[]},"graphName":"","isEnabled":true},"graphs":[],"defaultGraph":"","defaultPostTypeGraph":""},"schema_type":null,"schema_type_options":null,"pillar_content":false,"robots_default":true,"robots_noindex":false,"robots_noarchive":false,"robots_nosnippet":false,"robots_nofollow":false,"robots_noimageindex":false,"robots_noodp":false,"robots_notranslate":false,"robots_max_snippet":null,"robots_max_videopreview":null,"robots_max_imagepreview":"large","priority":null,"frequency":null,"local_seo":null,"seo_analyzer_scan_date":"2025-10-18 15:15:13","breadcrumb_settings":null,"limit_modified_date":false,"open_ai":null,"ai":null,"created":"2020-12-21 11:10:44","updated":"2025-10-18 15:15:13"},"aioseo_breadcrumb":"<div class=\"aioseo-breadcrumbs\"><span class=\"aioseo-breadcrumb\">\n\t<a href=\"https:\/\/www.eldigitaldeasturias.com\/noticias\" title=\"Home\">Home<\/a>\n<\/span><span class=\"aioseo-breadcrumb-separator\">\u2013<\/span><span class=\"aioseo-breadcrumb\">\n\t<a href=\"https:\/\/www.eldigitaldeasturias.com\/noticias\/category\/deportes\/\" title=\"Deportes\">Deportes<\/a>\n<\/span><span class=\"aioseo-breadcrumb-separator\">\u2013<\/span><span class=\"aioseo-breadcrumb\">\n\t<a href=\"https:\/\/www.eldigitaldeasturias.com\/noticias\/kerber-cae-a-sexto-lugar-del-ranking-wta\/\" title=\"Kerber cae a sexto lugar del ranking WTA\">Kerber cae a sexto lugar del ranking WTA<\/a>\n<\/span><\/div>","aioseo_breadcrumb_json":[{"label":"Home","link":"https:\/\/www.eldigitaldeasturias.com\/noticias"},{"label":"Deportes","link":"https:\/\/www.eldigitaldeasturias.com\/noticias\/category\/deportes\/"},{"label":"Kerber cae a sexto lugar del ranking WTA","link":"https:\/\/www.eldigitaldeasturias.com\/noticias\/kerber-cae-a-sexto-lugar-del-ranking-wta\/"}],"_links":{"self":[{"href":"https:\/\/www.eldigitaldeasturias.com\/noticias\/wp-json\/wp\/v2\/posts\/1030307","targetHints":{"allow":["GET"]}}],"collection":[{"href":"https:\/\/www.eldigitaldeasturias.com\/noticias\/wp-json\/wp\/v2\/posts"}],"about":[{"href":"https:\/\/www.eldigitaldeasturias.com\/noticias\/wp-json\/wp\/v2\/types\/post"}],"author":[{"embeddable":true,"href":"https:\/\/www.eldigitaldeasturias.com\/noticias\/wp-json\/wp\/v2\/users\/1"}],"replies":[{"embeddable":true,"href":"https:\/\/www.eldigitaldeasturias.com\/noticias\/wp-json\/wp\/v2\/comments?post=1030307"}],"version-history":[{"count":0,"href":"https:\/\/www.eldigitaldeasturias.com\/noticias\/wp-json\/wp\/v2\/posts\/1030307\/revisions"}],"wp:featuredmedia":[{"embeddable":true,"href":"https:\/\/www.eldigitaldeasturias.com\/noticias\/wp-json\/wp\/v2\/media\/1030308"}],"wp:attachment":[{"href":"https:\/\/www.eldigitaldeasturias.com\/noticias\/wp-json\/wp\/v2\/media?parent=1030307"}],"wp:term":[{"taxonomy":"category","embeddable":true,"href":"https:\/\/www.eldigitaldeasturias.com\/noticias\/wp-json\/wp\/v2\/categories?post=1030307"},{"taxonomy":"post_tag","embeddable":true,"href":"https:\/\/www.eldigitaldeasturias.com\/noticias\/wp-json\/wp\/v2\/tags?post=1030307"}],"curies":[{"name":"wp","href":"https:\/\/api.w.org\/{rel}","templated":true}]}}