{"id":1030249,"date":"2019-06-10T12:58:14","date_gmt":"2019-06-10T12:58:14","guid":{"rendered":"https:\/\/www.eldigitaldeasturias.com\/noticias\/?p=1030249"},"modified":"2019-06-10T12:58:14","modified_gmt":"2019-06-10T12:58:14","slug":"vettel-recibe-numerosos-apoyos-tras-la-penalizacion-en-canada","status":"publish","type":"post","link":"https:\/\/www.eldigitaldeasturias.com\/noticias\/vettel-recibe-numerosos-apoyos-tras-la-penalizacion-en-canada\/","title":{"rendered":"Vettel recibe numerosos apoyos tras la penalizaci\u00f3n en Canad\u00e1"},"content":{"rendered":"<p><img loading=\"lazy\" decoding=\"async\" class=\"alignleft size-medium wp-image-1030250\" src=\"https:\/\/www.eldigitaldeasturias.com\/noticias\/wp-content\/uploads\/2019\/06\/S-Vettel-dpa-360x248.jpg\" alt=\"\" width=\"360\" height=\"248\" srcset=\"https:\/\/www.eldigitaldeasturias.com\/noticias\/wp-content\/uploads\/2019\/06\/S-Vettel-dpa-360x248.jpg 360w, https:\/\/www.eldigitaldeasturias.com\/noticias\/wp-content\/uploads\/2019\/06\/S-Vettel-dpa-768x529.jpg 768w, https:\/\/www.eldigitaldeasturias.com\/noticias\/wp-content\/uploads\/2019\/06\/S-Vettel-dpa-650x448.jpg 650w, https:\/\/www.eldigitaldeasturias.com\/noticias\/wp-content\/uploads\/2019\/06\/S-Vettel-dpa.jpg 981w\" sizes=\"auto, (max-width: 360px) 100vw, 360px\" \/>Montreal (Canad\u00e1), 10 jun (dpa) &#8211; El piloto alem\u00e1n de F\u00f3rmula 1 Sebastian Vettel recibi\u00f3 gran apoyo del ambiente deportivo tras la penalizaci\u00f3n que se le aplic\u00f3 en el Gran Premio de Canad\u00e1, carrera que gan\u00f3 el brit\u00e1nico Lewis Hamilton a pesar de que Vettel lleg\u00f3 primero a la meta en Montreal.<\/p>\n<p>\u00abEsa es la peor decisi\u00f3n que han tomado\u00bb, tuite\u00f3 el ex campe\u00f3n de motociclismo Casey Stoner en direcci\u00f3n hacia la F\u00f3rmula 1.<\/p>\n<p>Por su parte, el ex campe\u00f3n de F\u00f3rmula 1 Nigel Mansell escribi\u00f3: \u00abMuy, muy vergonzoso. No fue un placer ver esta carrera. Dos campeones conducen en forma brillante, pero termina con el resultado equivocado\u00bb.<\/p>\n<p>Despu\u00e9s de que Vettel casi empujara hacia la valla a su rival Hamilton tras un error de conducci\u00f3n, los comisarios de la carrera de Montreal impusieron una multa de cinco segundos al alem\u00e1n.<\/p>\n<p>Vettel cruz\u00f3 la l\u00ednea de la meta en primer lugar, pero tuvo que conformarse con el segundo puesto detr\u00e1s de Hamilton, que ahora le aventaja en 62 puntos en la clasificaci\u00f3n.<\/p>\n<p>\u00abLo que sucedi\u00f3 en Canad\u00e1 no es aceptable en este nivel de nuestro gran deporte\u00bb, tuite\u00f3 la legendaria estrella estadounidense del automovilismo Mario Andretti. Los errores de los pilotos debidos a duros duelos no deber\u00edan ser castigados de esta manera, agreg\u00f3.<\/p>\n<p>El piloto escoc\u00e9s Scot Allan McNish coment\u00f3: \u00abNo s\u00e9 qu\u00e9 otra cosa deber\u00eda haber hecho Vettel. Una decisi\u00f3n dura para Vettel\u00bb.<\/p>\n<p>\u00abEs una pena, pero esa fue una situaci\u00f3n normal en una carrera. S\u00ed, Sebastian cometi\u00f3 un error, pero no se mereci\u00f3 este castigo\u00bb, opin\u00f3 a su vez el ex campe\u00f3n mundial Jenson Button en el canal de televisi\u00f3n Sky.<\/p>\n<p><em>Foto: Jan Woitas\/zb\/dpa <\/em><\/p>\n","protected":false},"excerpt":{"rendered":"<p>Montreal (Canad\u00e1), 10 jun (dpa) &#8211; El piloto alem\u00e1n de F\u00f3rmula 1 Sebastian Vettel recibi\u00f3 gran apoyo del ambiente deportivo tras la penalizaci\u00f3n que se le aplic\u00f3 en el Gran Premio de Canad\u00e1, carrera que gan\u00f3 el brit\u00e1nico Lewis Hamilton a pesar de que Vettel lleg\u00f3 primero a la meta en Montreal. \u00abEsa es la [&hellip;]<\/p>\n","protected":false},"author":1,"featured_media":1030250,"comment_status":"closed","ping_status":"closed","sticky":false,"template":"","format":"standard","meta":{"footnotes":""},"categories":[190],"tags":[],"class_list":["post-1030249","post","type-post","status-publish","format-standard","has-post-thumbnail","hentry","category-deportes"],"aioseo_notices":[],"aioseo_head":"\n\t\t<!-- All in One SEO Pro 4.9.6.2 - aioseo.com -->\n\t<meta name=\"description\" content=\"Montreal (Canad\u00e1), 10 jun (dpa) - El piloto alem\u00e1n de F\u00f3rmula 1 Sebastian Vettel recibi\u00f3 gran apoyo del ambiente deportivo tras la penalizaci\u00f3n que se le aplic\u00f3 en el Gran Premio de Canad\u00e1, carrera que gan\u00f3 el brit\u00e1nico Lewis Hamilton a pesar de que Vettel lleg\u00f3 primero a la meta en Montreal. &quot;Esa es la\" \/>\n\t<meta name=\"robots\" content=\"max-image-preview:large\" \/>\n\t<meta name=\"author\" content=\"El Digital de Asturias\"\/>\n\t<meta name=\"google-site-verification\" content=\"UA-38556648-1\" \/>\n\t<meta name=\"msvalidate.01\" content=\"7dfe9f3f1b24437ab69f4f2559babe99\" \/>\n\t<meta name=\"keywords\" content=\"deportes\" \/>\n\t<link rel=\"canonical\" href=\"https:\/\/www.eldigitaldeasturias.com\/noticias\/vettel-recibe-numerosos-apoyos-tras-la-penalizacion-en-canada\/\" \/>\n\t<meta name=\"generator\" content=\"All in One SEO Pro (AIOSEO) 4.9.6.2\" \/>\n\t\t<meta property=\"og:locale\" content=\"es_ES\" \/>\n\t\t<meta property=\"og:site_name\" content=\"El Digital de Asturias\" \/>\n\t\t<meta property=\"og:type\" content=\"article\" \/>\n\t\t<meta property=\"og:title\" content=\"Vettel recibe numerosos apoyos tras la penalizaci\u00f3n en Canad\u00e1 - El Digital de Asturias\" \/>\n\t\t<meta property=\"og:description\" content=\"Montreal (Canad\u00e1), 10 jun (dpa) - El piloto alem\u00e1n de F\u00f3rmula 1 Sebastian Vettel recibi\u00f3 gran apoyo del ambiente deportivo tras la penalizaci\u00f3n que se le aplic\u00f3 en el Gran Premio de Canad\u00e1, carrera que gan\u00f3 el brit\u00e1nico Lewis Hamilton a pesar de que Vettel lleg\u00f3 primero a la meta en Montreal. &quot;Esa es la\" \/>\n\t\t<meta property=\"og:url\" content=\"https:\/\/www.eldigitaldeasturias.com\/noticias\/vettel-recibe-numerosos-apoyos-tras-la-penalizacion-en-canada\/\" \/>\n\t\t<meta property=\"og:image\" content=\"https:\/\/www.eldigitaldeasturias.com\/noticias\/wp-content\/uploads\/2019\/06\/S-Vettel-dpa.jpg\" \/>\n\t\t<meta property=\"og:image:secure_url\" content=\"https:\/\/www.eldigitaldeasturias.com\/noticias\/wp-content\/uploads\/2019\/06\/S-Vettel-dpa.jpg\" \/>\n\t\t<meta property=\"og:image:width\" content=\"981\" \/>\n\t\t<meta property=\"og:image:height\" content=\"676\" \/>\n\t\t<meta property=\"article:tag\" content=\"deportes\" \/>\n\t\t<meta property=\"article:published_time\" content=\"2019-06-10T12:58:14+00:00\" \/>\n\t\t<meta property=\"article:modified_time\" content=\"2019-06-10T12:58:14+00:00\" \/>\n\t\t<meta property=\"article:publisher\" content=\"https:\/\/facebook.com\/eldigitaldeasturias\" \/>\n\t\t<meta name=\"twitter:card\" content=\"summary_large_image\" \/>\n\t\t<meta name=\"twitter:title\" content=\"Vettel recibe numerosos apoyos tras la penalizaci\u00f3n en Canad\u00e1 - El Digital de Asturias\" \/>\n\t\t<meta name=\"twitter:description\" content=\"Montreal (Canad\u00e1), 10 jun (dpa) - El piloto alem\u00e1n de F\u00f3rmula 1 Sebastian Vettel recibi\u00f3 gran apoyo del ambiente deportivo tras la penalizaci\u00f3n que se le aplic\u00f3 en el Gran Premio de Canad\u00e1, carrera que gan\u00f3 el brit\u00e1nico Lewis Hamilton a pesar de que Vettel lleg\u00f3 primero a la meta en Montreal. &quot;Esa es la\" \/>\n\t\t<meta name=\"twitter:image\" content=\"https:\/\/www.eldigitaldeasturias.com\/noticias\/wp-content\/uploads\/2019\/06\/S-Vettel-dpa.jpg\" \/>\n\t\t<meta name=\"twitter:label1\" content=\"Escrito por\" \/>\n\t\t<meta name=\"twitter:data1\" content=\"El Digital de Asturias\" \/>\n\t\t<meta name=\"twitter:label2\" content=\"Tiempo de lectura estimado\" \/>\n\t\t<meta name=\"twitter:data2\" content=\"1 minuto\" \/>\n\t\t<script type=\"application\/ld+json\" class=\"aioseo-schema\">\n\t\t\t{\"@context\":\"https:\\\/\\\/schema.org\",\"@graph\":[{\"@type\":\"BlogPosting\",\"@id\":\"https:\\\/\\\/www.eldigitaldeasturias.com\\\/noticias\\\/vettel-recibe-numerosos-apoyos-tras-la-penalizacion-en-canada\\\/#blogposting\",\"name\":\"Vettel recibe numerosos apoyos tras la penalizaci\\u00f3n en Canad\\u00e1 - El Digital de Asturias\",\"headline\":\"Vettel recibe numerosos apoyos tras la penalizaci\\u00f3n en Canad\\u00e1\",\"author\":{\"@id\":\"https:\\\/\\\/www.eldigitaldeasturias.com\\\/noticias\\\/author\\\/admin\\\/#author\"},\"publisher\":{\"@id\":\"https:\\\/\\\/www.eldigitaldeasturias.com\\\/noticias\\\/#organization\"},\"image\":{\"@type\":\"ImageObject\",\"url\":\"https:\\\/\\\/www.eldigitaldeasturias.com\\\/noticias\\\/wp-content\\\/uploads\\\/2019\\\/06\\\/S-Vettel-dpa.jpg\",\"width\":981,\"height\":676},\"datePublished\":\"2019-06-10T12:58:14+02:00\",\"dateModified\":\"2019-06-10T12:58:14+02:00\",\"inLanguage\":\"es-ES\",\"mainEntityOfPage\":{\"@id\":\"https:\\\/\\\/www.eldigitaldeasturias.com\\\/noticias\\\/vettel-recibe-numerosos-apoyos-tras-la-penalizacion-en-canada\\\/#webpage\"},\"isPartOf\":{\"@id\":\"https:\\\/\\\/www.eldigitaldeasturias.com\\\/noticias\\\/vettel-recibe-numerosos-apoyos-tras-la-penalizacion-en-canada\\\/#webpage\"},\"articleSection\":\"Deportes\"},{\"@type\":\"BreadcrumbList\",\"@id\":\"https:\\\/\\\/www.eldigitaldeasturias.com\\\/noticias\\\/vettel-recibe-numerosos-apoyos-tras-la-penalizacion-en-canada\\\/#breadcrumblist\",\"itemListElement\":[{\"@type\":\"ListItem\",\"@id\":\"https:\\\/\\\/www.eldigitaldeasturias.com\\\/noticias#listItem\",\"position\":1,\"name\":\"Home\",\"item\":\"https:\\\/\\\/www.eldigitaldeasturias.com\\\/noticias\",\"nextItem\":{\"@type\":\"ListItem\",\"@id\":\"https:\\\/\\\/www.eldigitaldeasturias.com\\\/noticias\\\/category\\\/deportes\\\/#listItem\",\"name\":\"Deportes\"}},{\"@type\":\"ListItem\",\"@id\":\"https:\\\/\\\/www.eldigitaldeasturias.com\\\/noticias\\\/category\\\/deportes\\\/#listItem\",\"position\":2,\"name\":\"Deportes\",\"item\":\"https:\\\/\\\/www.eldigitaldeasturias.com\\\/noticias\\\/category\\\/deportes\\\/\",\"nextItem\":{\"@type\":\"ListItem\",\"@id\":\"https:\\\/\\\/www.eldigitaldeasturias.com\\\/noticias\\\/vettel-recibe-numerosos-apoyos-tras-la-penalizacion-en-canada\\\/#listItem\",\"name\":\"Vettel recibe numerosos apoyos tras la penalizaci\\u00f3n en Canad\\u00e1\"},\"previousItem\":{\"@type\":\"ListItem\",\"@id\":\"https:\\\/\\\/www.eldigitaldeasturias.com\\\/noticias#listItem\",\"name\":\"Home\"}},{\"@type\":\"ListItem\",\"@id\":\"https:\\\/\\\/www.eldigitaldeasturias.com\\\/noticias\\\/vettel-recibe-numerosos-apoyos-tras-la-penalizacion-en-canada\\\/#listItem\",\"position\":3,\"name\":\"Vettel recibe numerosos apoyos tras la penalizaci\\u00f3n en Canad\\u00e1\",\"previousItem\":{\"@type\":\"ListItem\",\"@id\":\"https:\\\/\\\/www.eldigitaldeasturias.com\\\/noticias\\\/category\\\/deportes\\\/#listItem\",\"name\":\"Deportes\"}}]},{\"@type\":\"Organization\",\"@id\":\"https:\\\/\\\/www.eldigitaldeasturias.com\\\/noticias\\\/#organization\",\"name\":\"El Digital de Asturias\",\"description\":\"Hemeroteca\",\"url\":\"https:\\\/\\\/www.eldigitaldeasturias.com\\\/noticias\\\/\",\"email\":\"info@eldigitaldeasturias.com\",\"telephone\":\"+34652131393\",\"logo\":{\"@type\":\"ImageObject\",\"url\":\"https:\\\/\\\/www.eldigitaldeasturias.com\\\/noticias\\\/wp-content\\\/uploads\\\/2020\\\/12\\\/EDA.jpg\",\"@id\":\"https:\\\/\\\/www.eldigitaldeasturias.com\\\/noticias\\\/vettel-recibe-numerosos-apoyos-tras-la-penalizacion-en-canada\\\/#organizationLogo\",\"width\":649,\"height\":297},\"image\":{\"@id\":\"https:\\\/\\\/www.eldigitaldeasturias.com\\\/noticias\\\/vettel-recibe-numerosos-apoyos-tras-la-penalizacion-en-canada\\\/#organizationLogo\"},\"sameAs\":[\"https:\\\/\\\/facebook.com\\\/eldigitaldeasturias\",\"https:\\\/\\\/www.youtube.com\\\/channel\\\/UCZP-2wLEB9Rv6erhFmqVnvg\"],\"address\":{\"@id\":\"https:\\\/\\\/www.eldigitaldeasturias.com\\\/noticias\\\/#postaladdress\",\"@type\":\"PostalAddress\",\"streetAddress\":\"san antonio 4,\",\"postalCode\":\"33430\",\"addressLocality\":\"Cand\\u00e1s\",\"addressRegion\":\"Asturias\",\"addressCountry\":\"ES\"}},{\"@type\":\"Person\",\"@id\":\"https:\\\/\\\/www.eldigitaldeasturias.com\\\/noticias\\\/author\\\/admin\\\/#author\",\"url\":\"https:\\\/\\\/www.eldigitaldeasturias.com\\\/noticias\\\/author\\\/admin\\\/\",\"name\":\"El Digital de Asturias\",\"image\":{\"@type\":\"ImageObject\",\"@id\":\"https:\\\/\\\/www.eldigitaldeasturias.com\\\/noticias\\\/vettel-recibe-numerosos-apoyos-tras-la-penalizacion-en-canada\\\/#authorImage\",\"url\":\"https:\\\/\\\/www.eldigitaldeasturias.com\\\/noticias\\\/wp-content\\\/litespeed\\\/avatar\\\/18677e78aa0546b92d9dbf31ec7d7668.jpg?ver=1777290358\",\"width\":96,\"height\":96,\"caption\":\"El Digital de Asturias\"}},{\"@type\":\"WebPage\",\"@id\":\"https:\\\/\\\/www.eldigitaldeasturias.com\\\/noticias\\\/vettel-recibe-numerosos-apoyos-tras-la-penalizacion-en-canada\\\/#webpage\",\"url\":\"https:\\\/\\\/www.eldigitaldeasturias.com\\\/noticias\\\/vettel-recibe-numerosos-apoyos-tras-la-penalizacion-en-canada\\\/\",\"name\":\"Vettel recibe numerosos apoyos tras la penalizaci\\u00f3n en Canad\\u00e1 - El Digital de Asturias\",\"description\":\"Montreal (Canad\\u00e1), 10 jun (dpa) - El piloto alem\\u00e1n de F\\u00f3rmula 1 Sebastian Vettel recibi\\u00f3 gran apoyo del ambiente deportivo tras la penalizaci\\u00f3n que se le aplic\\u00f3 en el Gran Premio de Canad\\u00e1, carrera que gan\\u00f3 el brit\\u00e1nico Lewis Hamilton a pesar de que Vettel lleg\\u00f3 primero a la meta en Montreal. \\\"Esa es la\",\"inLanguage\":\"es-ES\",\"isPartOf\":{\"@id\":\"https:\\\/\\\/www.eldigitaldeasturias.com\\\/noticias\\\/#website\"},\"breadcrumb\":{\"@id\":\"https:\\\/\\\/www.eldigitaldeasturias.com\\\/noticias\\\/vettel-recibe-numerosos-apoyos-tras-la-penalizacion-en-canada\\\/#breadcrumblist\"},\"author\":{\"@id\":\"https:\\\/\\\/www.eldigitaldeasturias.com\\\/noticias\\\/author\\\/admin\\\/#author\"},\"creator\":{\"@id\":\"https:\\\/\\\/www.eldigitaldeasturias.com\\\/noticias\\\/author\\\/admin\\\/#author\"},\"image\":{\"@type\":\"ImageObject\",\"url\":\"https:\\\/\\\/www.eldigitaldeasturias.com\\\/noticias\\\/wp-content\\\/uploads\\\/2019\\\/06\\\/S-Vettel-dpa.jpg\",\"@id\":\"https:\\\/\\\/www.eldigitaldeasturias.com\\\/noticias\\\/vettel-recibe-numerosos-apoyos-tras-la-penalizacion-en-canada\\\/#mainImage\",\"width\":981,\"height\":676},\"primaryImageOfPage\":{\"@id\":\"https:\\\/\\\/www.eldigitaldeasturias.com\\\/noticias\\\/vettel-recibe-numerosos-apoyos-tras-la-penalizacion-en-canada\\\/#mainImage\"},\"datePublished\":\"2019-06-10T12:58:14+02:00\",\"dateModified\":\"2019-06-10T12:58:14+02:00\"},{\"@type\":\"WebSite\",\"@id\":\"https:\\\/\\\/www.eldigitaldeasturias.com\\\/noticias\\\/#website\",\"url\":\"https:\\\/\\\/www.eldigitaldeasturias.com\\\/noticias\\\/\",\"name\":\"El Digital de Asturias - Diario de actualidad y noticias\",\"alternateName\":\"El Digital de Asturias - Diario de actualidad y noticias\",\"description\":\"Hemeroteca\",\"inLanguage\":\"es-ES\",\"publisher\":{\"@id\":\"https:\\\/\\\/www.eldigitaldeasturias.com\\\/noticias\\\/#organization\"}}]}\n\t\t<\/script>\n\t\t<!-- All in One SEO Pro -->\r\n\t\t<title>Vettel recibe numerosos apoyos tras la penalizaci\u00f3n en Canad\u00e1 - El Digital de Asturias<\/title>\n\n","aioseo_head_json":{"title":"Vettel recibe numerosos apoyos tras la penalizaci\u00f3n en Canad\u00e1 - El Digital de Asturias","description":"Montreal (Canad\u00e1), 10 jun (dpa) - El piloto alem\u00e1n de F\u00f3rmula 1 Sebastian Vettel recibi\u00f3 gran apoyo del ambiente deportivo tras la penalizaci\u00f3n que se le aplic\u00f3 en el Gran Premio de Canad\u00e1, carrera que gan\u00f3 el brit\u00e1nico Lewis Hamilton a pesar de que Vettel lleg\u00f3 primero a la meta en Montreal. \"Esa es la","canonical_url":"https:\/\/www.eldigitaldeasturias.com\/noticias\/vettel-recibe-numerosos-apoyos-tras-la-penalizacion-en-canada\/","robots":"max-image-preview:large","keywords":"deportes","webmasterTools":{"google-site-verification":"UA-38556648-1","msvalidate.01":"7dfe9f3f1b24437ab69f4f2559babe99","miscellaneous":""},"schema":{"@context":"https:\/\/schema.org","@graph":[{"@type":"BlogPosting","@id":"https:\/\/www.eldigitaldeasturias.com\/noticias\/vettel-recibe-numerosos-apoyos-tras-la-penalizacion-en-canada\/#blogposting","name":"Vettel recibe numerosos apoyos tras la penalizaci\u00f3n en Canad\u00e1 - El Digital de Asturias","headline":"Vettel recibe numerosos apoyos tras la penalizaci\u00f3n en Canad\u00e1","author":{"@id":"https:\/\/www.eldigitaldeasturias.com\/noticias\/author\/admin\/#author"},"publisher":{"@id":"https:\/\/www.eldigitaldeasturias.com\/noticias\/#organization"},"image":{"@type":"ImageObject","url":"https:\/\/www.eldigitaldeasturias.com\/noticias\/wp-content\/uploads\/2019\/06\/S-Vettel-dpa.jpg","width":981,"height":676},"datePublished":"2019-06-10T12:58:14+02:00","dateModified":"2019-06-10T12:58:14+02:00","inLanguage":"es-ES","mainEntityOfPage":{"@id":"https:\/\/www.eldigitaldeasturias.com\/noticias\/vettel-recibe-numerosos-apoyos-tras-la-penalizacion-en-canada\/#webpage"},"isPartOf":{"@id":"https:\/\/www.eldigitaldeasturias.com\/noticias\/vettel-recibe-numerosos-apoyos-tras-la-penalizacion-en-canada\/#webpage"},"articleSection":"Deportes"},{"@type":"BreadcrumbList","@id":"https:\/\/www.eldigitaldeasturias.com\/noticias\/vettel-recibe-numerosos-apoyos-tras-la-penalizacion-en-canada\/#breadcrumblist","itemListElement":[{"@type":"ListItem","@id":"https:\/\/www.eldigitaldeasturias.com\/noticias#listItem","position":1,"name":"Home","item":"https:\/\/www.eldigitaldeasturias.com\/noticias","nextItem":{"@type":"ListItem","@id":"https:\/\/www.eldigitaldeasturias.com\/noticias\/category\/deportes\/#listItem","name":"Deportes"}},{"@type":"ListItem","@id":"https:\/\/www.eldigitaldeasturias.com\/noticias\/category\/deportes\/#listItem","position":2,"name":"Deportes","item":"https:\/\/www.eldigitaldeasturias.com\/noticias\/category\/deportes\/","nextItem":{"@type":"ListItem","@id":"https:\/\/www.eldigitaldeasturias.com\/noticias\/vettel-recibe-numerosos-apoyos-tras-la-penalizacion-en-canada\/#listItem","name":"Vettel recibe numerosos apoyos tras la penalizaci\u00f3n en Canad\u00e1"},"previousItem":{"@type":"ListItem","@id":"https:\/\/www.eldigitaldeasturias.com\/noticias#listItem","name":"Home"}},{"@type":"ListItem","@id":"https:\/\/www.eldigitaldeasturias.com\/noticias\/vettel-recibe-numerosos-apoyos-tras-la-penalizacion-en-canada\/#listItem","position":3,"name":"Vettel recibe numerosos apoyos tras la penalizaci\u00f3n en Canad\u00e1","previousItem":{"@type":"ListItem","@id":"https:\/\/www.eldigitaldeasturias.com\/noticias\/category\/deportes\/#listItem","name":"Deportes"}}]},{"@type":"Organization","@id":"https:\/\/www.eldigitaldeasturias.com\/noticias\/#organization","name":"El Digital de Asturias","description":"Hemeroteca","url":"https:\/\/www.eldigitaldeasturias.com\/noticias\/","email":"info@eldigitaldeasturias.com","telephone":"+34652131393","logo":{"@type":"ImageObject","url":"https:\/\/www.eldigitaldeasturias.com\/noticias\/wp-content\/uploads\/2020\/12\/EDA.jpg","@id":"https:\/\/www.eldigitaldeasturias.com\/noticias\/vettel-recibe-numerosos-apoyos-tras-la-penalizacion-en-canada\/#organizationLogo","width":649,"height":297},"image":{"@id":"https:\/\/www.eldigitaldeasturias.com\/noticias\/vettel-recibe-numerosos-apoyos-tras-la-penalizacion-en-canada\/#organizationLogo"},"sameAs":["https:\/\/facebook.com\/eldigitaldeasturias","https:\/\/www.youtube.com\/channel\/UCZP-2wLEB9Rv6erhFmqVnvg"],"address":{"@id":"https:\/\/www.eldigitaldeasturias.com\/noticias\/#postaladdress","@type":"PostalAddress","streetAddress":"san antonio 4,","postalCode":"33430","addressLocality":"Cand\u00e1s","addressRegion":"Asturias","addressCountry":"ES"}},{"@type":"Person","@id":"https:\/\/www.eldigitaldeasturias.com\/noticias\/author\/admin\/#author","url":"https:\/\/www.eldigitaldeasturias.com\/noticias\/author\/admin\/","name":"El Digital de Asturias","image":{"@type":"ImageObject","@id":"https:\/\/www.eldigitaldeasturias.com\/noticias\/vettel-recibe-numerosos-apoyos-tras-la-penalizacion-en-canada\/#authorImage","url":"https:\/\/www.eldigitaldeasturias.com\/noticias\/wp-content\/litespeed\/avatar\/18677e78aa0546b92d9dbf31ec7d7668.jpg?ver=1777290358","width":96,"height":96,"caption":"El Digital de Asturias"}},{"@type":"WebPage","@id":"https:\/\/www.eldigitaldeasturias.com\/noticias\/vettel-recibe-numerosos-apoyos-tras-la-penalizacion-en-canada\/#webpage","url":"https:\/\/www.eldigitaldeasturias.com\/noticias\/vettel-recibe-numerosos-apoyos-tras-la-penalizacion-en-canada\/","name":"Vettel recibe numerosos apoyos tras la penalizaci\u00f3n en Canad\u00e1 - El Digital de Asturias","description":"Montreal (Canad\u00e1), 10 jun (dpa) - El piloto alem\u00e1n de F\u00f3rmula 1 Sebastian Vettel recibi\u00f3 gran apoyo del ambiente deportivo tras la penalizaci\u00f3n que se le aplic\u00f3 en el Gran Premio de Canad\u00e1, carrera que gan\u00f3 el brit\u00e1nico Lewis Hamilton a pesar de que Vettel lleg\u00f3 primero a la meta en Montreal. \"Esa es la","inLanguage":"es-ES","isPartOf":{"@id":"https:\/\/www.eldigitaldeasturias.com\/noticias\/#website"},"breadcrumb":{"@id":"https:\/\/www.eldigitaldeasturias.com\/noticias\/vettel-recibe-numerosos-apoyos-tras-la-penalizacion-en-canada\/#breadcrumblist"},"author":{"@id":"https:\/\/www.eldigitaldeasturias.com\/noticias\/author\/admin\/#author"},"creator":{"@id":"https:\/\/www.eldigitaldeasturias.com\/noticias\/author\/admin\/#author"},"image":{"@type":"ImageObject","url":"https:\/\/www.eldigitaldeasturias.com\/noticias\/wp-content\/uploads\/2019\/06\/S-Vettel-dpa.jpg","@id":"https:\/\/www.eldigitaldeasturias.com\/noticias\/vettel-recibe-numerosos-apoyos-tras-la-penalizacion-en-canada\/#mainImage","width":981,"height":676},"primaryImageOfPage":{"@id":"https:\/\/www.eldigitaldeasturias.com\/noticias\/vettel-recibe-numerosos-apoyos-tras-la-penalizacion-en-canada\/#mainImage"},"datePublished":"2019-06-10T12:58:14+02:00","dateModified":"2019-06-10T12:58:14+02:00"},{"@type":"WebSite","@id":"https:\/\/www.eldigitaldeasturias.com\/noticias\/#website","url":"https:\/\/www.eldigitaldeasturias.com\/noticias\/","name":"El Digital de Asturias - Diario de actualidad y noticias","alternateName":"El Digital de Asturias - Diario de actualidad y noticias","description":"Hemeroteca","inLanguage":"es-ES","publisher":{"@id":"https:\/\/www.eldigitaldeasturias.com\/noticias\/#organization"}}]},"og:locale":"es_ES","og:site_name":"El Digital de Asturias","og:type":"article","og:title":"Vettel recibe numerosos apoyos tras la penalizaci\u00f3n en Canad\u00e1 - El Digital de Asturias","og:description":"Montreal (Canad\u00e1), 10 jun (dpa) - El piloto alem\u00e1n de F\u00f3rmula 1 Sebastian Vettel recibi\u00f3 gran apoyo del ambiente deportivo tras la penalizaci\u00f3n que se le aplic\u00f3 en el Gran Premio de Canad\u00e1, carrera que gan\u00f3 el brit\u00e1nico Lewis Hamilton a pesar de que Vettel lleg\u00f3 primero a la meta en Montreal. &quot;Esa es la","og:url":"https:\/\/www.eldigitaldeasturias.com\/noticias\/vettel-recibe-numerosos-apoyos-tras-la-penalizacion-en-canada\/","og:image":"https:\/\/www.eldigitaldeasturias.com\/noticias\/wp-content\/uploads\/2019\/06\/S-Vettel-dpa.jpg","og:image:secure_url":"https:\/\/www.eldigitaldeasturias.com\/noticias\/wp-content\/uploads\/2019\/06\/S-Vettel-dpa.jpg","og:image:width":981,"og:image:height":676,"article:tag":["deportes"],"article:published_time":"2019-06-10T12:58:14+00:00","article:modified_time":"2019-06-10T12:58:14+00:00","article:publisher":"https:\/\/facebook.com\/eldigitaldeasturias","twitter:card":"summary_large_image","twitter:title":"Vettel recibe numerosos apoyos tras la penalizaci\u00f3n en Canad\u00e1 - El Digital de Asturias","twitter:description":"Montreal (Canad\u00e1), 10 jun (dpa) - El piloto alem\u00e1n de F\u00f3rmula 1 Sebastian Vettel recibi\u00f3 gran apoyo del ambiente deportivo tras la penalizaci\u00f3n que se le aplic\u00f3 en el Gran Premio de Canad\u00e1, carrera que gan\u00f3 el brit\u00e1nico Lewis Hamilton a pesar de que Vettel lleg\u00f3 primero a la meta en Montreal. &quot;Esa es la","twitter:image":"https:\/\/www.eldigitaldeasturias.com\/noticias\/wp-content\/uploads\/2019\/06\/S-Vettel-dpa.jpg","twitter:label1":"Escrito por","twitter:data1":"El Digital de Asturias","twitter:label2":"Tiempo de lectura estimado","twitter:data2":"1 minuto"},"aioseo_meta_data":{"post_id":"1030249","title":null,"description":null,"keywords":null,"keyphrases":null,"primary_term":null,"canonical_url":null,"og_title":null,"og_description":null,"og_object_type":"default","og_image_type":"default","og_image_url":null,"og_image_width":null,"og_image_height":null,"og_image_custom_url":null,"og_image_custom_fields":null,"og_video":null,"og_custom_url":null,"og_article_section":null,"og_article_tags":null,"twitter_use_og":false,"twitter_card":"default","twitter_image_type":"default","twitter_image_url":null,"twitter_image_custom_url":null,"twitter_image_custom_fields":null,"twitter_title":null,"twitter_description":null,"schema":{"blockGraphs":[],"customGraphs":[],"default":{"data":{"Article":[],"Course":[],"Dataset":[],"FAQPage":[],"Movie":[],"Person":[],"Product":[],"ProductReview":[],"Car":[],"Recipe":[],"Service":[],"SoftwareApplication":[],"WebPage":[]},"graphName":"","isEnabled":true},"graphs":[],"defaultGraph":"","defaultPostTypeGraph":""},"schema_type":null,"schema_type_options":null,"pillar_content":false,"robots_default":true,"robots_noindex":false,"robots_noarchive":false,"robots_nosnippet":false,"robots_nofollow":false,"robots_noimageindex":false,"robots_noodp":false,"robots_notranslate":false,"robots_max_snippet":null,"robots_max_videopreview":null,"robots_max_imagepreview":"large","priority":null,"frequency":null,"local_seo":null,"seo_analyzer_scan_date":"2025-10-18 15:02:10","breadcrumb_settings":null,"limit_modified_date":false,"open_ai":null,"ai":null,"created":"2020-12-21 11:10:44","updated":"2025-10-18 15:02:10"},"aioseo_breadcrumb":"<div class=\"aioseo-breadcrumbs\"><span class=\"aioseo-breadcrumb\">\n\t<a href=\"https:\/\/www.eldigitaldeasturias.com\/noticias\" title=\"Home\">Home<\/a>\n<\/span><span class=\"aioseo-breadcrumb-separator\">\u2013<\/span><span class=\"aioseo-breadcrumb\">\n\t<a href=\"https:\/\/www.eldigitaldeasturias.com\/noticias\/category\/deportes\/\" title=\"Deportes\">Deportes<\/a>\n<\/span><span class=\"aioseo-breadcrumb-separator\">\u2013<\/span><span class=\"aioseo-breadcrumb\">\n\t<a href=\"https:\/\/www.eldigitaldeasturias.com\/noticias\/vettel-recibe-numerosos-apoyos-tras-la-penalizacion-en-canada\/\" title=\"Vettel recibe numerosos apoyos tras la penalizaci\u00f3n en Canad\u00e1\">Vettel recibe numerosos apoyos tras la penalizaci\u00f3n en Canad\u00e1<\/a>\n<\/span><\/div>","aioseo_breadcrumb_json":[{"label":"Home","link":"https:\/\/www.eldigitaldeasturias.com\/noticias"},{"label":"Deportes","link":"https:\/\/www.eldigitaldeasturias.com\/noticias\/category\/deportes\/"},{"label":"Vettel recibe numerosos apoyos tras la penalizaci\u00f3n en Canad\u00e1","link":"https:\/\/www.eldigitaldeasturias.com\/noticias\/vettel-recibe-numerosos-apoyos-tras-la-penalizacion-en-canada\/"}],"_links":{"self":[{"href":"https:\/\/www.eldigitaldeasturias.com\/noticias\/wp-json\/wp\/v2\/posts\/1030249","targetHints":{"allow":["GET"]}}],"collection":[{"href":"https:\/\/www.eldigitaldeasturias.com\/noticias\/wp-json\/wp\/v2\/posts"}],"about":[{"href":"https:\/\/www.eldigitaldeasturias.com\/noticias\/wp-json\/wp\/v2\/types\/post"}],"author":[{"embeddable":true,"href":"https:\/\/www.eldigitaldeasturias.com\/noticias\/wp-json\/wp\/v2\/users\/1"}],"replies":[{"embeddable":true,"href":"https:\/\/www.eldigitaldeasturias.com\/noticias\/wp-json\/wp\/v2\/comments?post=1030249"}],"version-history":[{"count":0,"href":"https:\/\/www.eldigitaldeasturias.com\/noticias\/wp-json\/wp\/v2\/posts\/1030249\/revisions"}],"wp:featuredmedia":[{"embeddable":true,"href":"https:\/\/www.eldigitaldeasturias.com\/noticias\/wp-json\/wp\/v2\/media\/1030250"}],"wp:attachment":[{"href":"https:\/\/www.eldigitaldeasturias.com\/noticias\/wp-json\/wp\/v2\/media?parent=1030249"}],"wp:term":[{"taxonomy":"category","embeddable":true,"href":"https:\/\/www.eldigitaldeasturias.com\/noticias\/wp-json\/wp\/v2\/categories?post=1030249"},{"taxonomy":"post_tag","embeddable":true,"href":"https:\/\/www.eldigitaldeasturias.com\/noticias\/wp-json\/wp\/v2\/tags?post=1030249"}],"curies":[{"name":"wp","href":"https:\/\/api.w.org\/{rel}","templated":true}]}}