{"id":1030230,"date":"2019-06-09T18:38:39","date_gmt":"2019-06-09T18:38:39","guid":{"rendered":"https:\/\/www.eldigitaldeasturias.com\/noticias\/?p=1030230"},"modified":"2019-06-09T18:38:39","modified_gmt":"2019-06-09T18:38:39","slug":"vinedos-y-bodegas-gormaz-vinos-caracteristicos-sorianos-de-ribera-del-duero","status":"publish","type":"post","link":"https:\/\/www.eldigitaldeasturias.com\/noticias\/vinedos-y-bodegas-gormaz-vinos-caracteristicos-sorianos-de-ribera-del-duero\/","title":{"rendered":"Vi\u00f1edos y Bodegas Gormaz, vinos caracter\u00edsticos sorianos de Ribera del Duero"},"content":{"rendered":"<p><strong><img loading=\"lazy\" decoding=\"async\" class=\"alignleft size-medium wp-image-1030231\" src=\"https:\/\/www.eldigitaldeasturias.com\/noticias\/wp-content\/uploads\/2019\/06\/1559900825_bodegas-360x249.jpg\" alt=\"\" width=\"360\" height=\"249\" srcset=\"https:\/\/www.eldigitaldeasturias.com\/noticias\/wp-content\/uploads\/2019\/06\/1559900825_bodegas-360x249.jpg 360w, https:\/\/www.eldigitaldeasturias.com\/noticias\/wp-content\/uploads\/2019\/06\/1559900825_bodegas.jpg 768w, https:\/\/www.eldigitaldeasturias.com\/noticias\/wp-content\/uploads\/2019\/06\/1559900825_bodegas-650x450.jpg 650w\" sizes=\"auto, (max-width: 360px) 100vw, 360px\" \/>Vi\u00f1edos y Bodegas Gormaz<\/strong>\u00a0se ha situado en el punto de referencia y de mira de las mejores bodegas de la\u00a0<strong>Ribera del Duero soriana<\/strong>, gracias a la localizaci\u00f3n tan al l\u00edmite del vi\u00f1edo, la altitud y las condiciones climatol\u00f3gicas tan variables entre el d\u00eda y la noche. Adem\u00e1s, el trabajo artesanal de la en\u00f3loga Mar\u00eda Jos\u00e9 Garc\u00eda y su equipo t\u00e9cnico ha hecho que la bodega sume cada vez m\u00e1s premios internacionales, como 94 puntos y \u201c<strong>Selecci\u00f3n del Editor<\/strong>\u201d de la revista americana\u00a0<strong>Wine Enthusiast<\/strong>\u00a0o<strong>\u00a0Medalla de Plata\u00a0<\/strong>en el<strong>\u00a0Concurso Mundial de Bruselas<\/strong>\u00a0para el\u00a0<strong>Reserva<\/strong>\u00a0de la marca emblem\u00e1tica de la bodega:\u00a0<strong>12 Linajes<\/strong>.<\/p>\n<p>Las nuevas instalaciones buscar\u00e1n adaptar la bodega a peque\u00f1as elaboraciones y\u00a0<strong>microvinificaciones<\/strong>\u00a0para elaborar vinos por parcelas y parajes. Esta nueva \u201cBodega- boutique\u201d ayudar\u00e1 a trasladar el\u00a0<strong>terroir\u00a0<\/strong>y elaborar el vino de la cepa a la botella en un proceso puramente mimado y artesanal. La bodega contar\u00e1 con una sala de barricas para los\u00a0<span style=\"color: #ff6600;\"><strong><a style=\"color: #ff6600;\" href=\"https:\/\/riojaactual.com\/los-vinos-de-ribera-del-duero-representados-por-vinedos-y-bodegas-gormaz\/\" target=\"_blank\" rel=\"nofollow noopener noreferrer\">vinos caracter\u00edsticos de Ribera del Duero<\/a><\/strong><\/span>\u00a0con edici\u00f3n limitada, una sala de catas y una tienda.<\/p>\n<p>La bodega es propietaria de la marca m\u00e1s noble de Soria:\u00a0<strong>12 Linajes<\/strong>. Su gama principal hace honor al escudo de los\u00a0<strong>12 linajes sorianos<\/strong>\u00a0cuya historia y escudo est\u00e1 presente en el centro de\u00a0<strong>Soria.\u00a0<\/strong>Su imagen es<strong>\u00a0vanguardista<\/strong>, con aires de\u00a0<strong>sofisticaci\u00f3n<\/strong>\u00a0y<strong>\u00a0minimalismo.\u00a0<\/strong>12 Linajes se<strong>\u00a0<\/strong>presenta como un vino que nace de la tierra, elaborado en vi\u00f1edo de la zona del\u00a0<strong>Valle de Atauta<\/strong>, en peque\u00f1os parajes de\u00a0<strong>vi\u00f1as<\/strong>\u00a0muy\u00a0<strong>viejas<\/strong>.<\/p>\n<p><strong>12 Linajes Roble<\/strong>\u00a0se ha elaborado a partir de una vendimia manual, en una selecci\u00f3n de vi\u00f1edos de m\u00e1s de 60 a\u00f1os de antig\u00fcedad y con\u00a0<strong>suelo franco arenoso<\/strong>\u00a0y\u00a0<strong>arcilloso calc\u00e1reo<\/strong>. Su envejecimiento es de 5 meses en barrica de roble americano.<\/p>\n<p><strong>12 Linajes Crianza<\/strong>\u00a0nace en vi\u00f1edos de m\u00e1s de 70 a\u00f1os en vi\u00f1edos con\u00a0<strong>clima mediterr\u00e1neo<\/strong><strong>continental,<\/strong>\u00a0con altitudes extremas de 900 metros en un\u00a0<strong>entorno rural<\/strong>\u00a0muy particular. Tiene un envejecimiento de 14 meses en\u00a0<strong>barrica\u00a0<\/strong>de<strong>\u00a0roble franc\u00e9s<\/strong>\u00a0y\u00a0<strong>americano<\/strong>, con afinamiento en botella durante m\u00ednimo 12 meses.<\/p>\n<p><strong>12 Linajes Reserva<\/strong>\u00a0ha sido elaborado artesanalmente, desde la selecci\u00f3n en vi\u00f1edos de 80 a\u00f1os con\u00a0<strong>suelos franco arenoso<\/strong>\u00a0y<strong>\u00a0predominio calizo<\/strong>. Su envejecimiento es de 24 meses en barrica de roble franc\u00e9s, para dotar al vino de una mayor\u00a0<strong>untuosidad<\/strong>\u00a0en boca, y americano para despu\u00e9s pasar por un afinamiento en botella de 18 meses.<\/p>\n<p>Por otro lado, 12 Linajes cuenta con dos vinos de edici\u00f3n limitada:\u00a0<strong>12 Linajes Finca los Arenales\u00a0<\/strong>y\u00a0<strong>12 Linajes Grano a Grano<\/strong>, ambos fieles a su origen, al car\u00e1cter de su entorno y a su<strong>\u00a0ecosistema privilegiado.<\/strong><\/p>\n<p>Este nuevo vino, 12 Linajes \u201cFinca Los Arenales\u201d atesora la riqueza de un entorno \u00fanico, que por su\u00a0<strong>ecosistema\u00a0<\/strong>y la edad de las vi\u00f1as constituye uno de los patrimonios m\u00e1s valiosos de la Ribera del Duero. En su primera a\u00f1ada, 12 Linajes Finca Los Arenales cuenta con una producci\u00f3n exclusiva y limitada de 1.738 botellas. Es un vino \u00fanico\u00a0<strong>100% Tinta del Pa\u00eds<\/strong>procedente de peque\u00f1os vi\u00f1edos localizados en tres municipios de la Ribera del Duero Soriana\u00a0<strong>(Ines, Atauta y Mi\u00f1o de San Esteban<\/strong>), distribuidos en 11 parcelas que suman 1,74 hect\u00e1reas. Las vi\u00f1as, prefilox\u00e9ricas, est\u00e1n plantadas en vaso, con rendimientos que rondan los 2.500 kg\/ha.<\/p>\n<p>12 Linajes Finca Los Arenales es un vino fiel a su nombre, ya que revela la condici\u00f3n de sus\u00a0<strong>suelos arenosos<\/strong>\u00a0en los tres parajes donde crecen las cepas. El proceso de elaboraci\u00f3n de este especial vino de la Ribera del Duero Soriana se basa en el respeto m\u00e1ximo del fruto y de una mimada elaboraci\u00f3n manual.\u00a0<strong>Luis Guti\u00e9rrez (Robert Parker, Wine Advocate)<\/strong>\u00a0destaca de este vino: \u201cla mineralidad y frescura as\u00ed como la elaboraci\u00f3n cuidada del vino\u201d.<\/p>\n<p>Por otro lado, 12 Linajes Grano a Grano es un vino que ha nacido a partir de las\u00a0<strong>uvas vendimiadas\u00a0<\/strong>en una \u00fanica parcela:\u00a0<strong>Quintanilla de Tres Barrios<\/strong>, plantada sobre<strong>\u00a0suelos arenosos\u00a0<\/strong>con canto rodado. Las cepas de la variedad\u00a0<strong>Tinta Fina<\/strong>\u00a0son prefilox\u00e9ricas y su rendimiento ronda los 1.500 kg\/ha, con lo que se obtiene apenas 1 kg por cepa. Los racimos son de granos muy sueltos, lo que favorece el\u00a0<strong>desgranado manual, uva a uva<\/strong>. Elemento de este vino\u00a0<strong>Edici\u00f3n limitada<\/strong>, sin\u00f3nimo de\u00a0<strong>exclusividad<\/strong>.<\/p>\n<p>Otra marca de Vi\u00f1edos y Bodegas Gormaz que tambi\u00e9n empieza a adaptarse a un mercado mucho m\u00e1s din\u00e1mico es\u00a0<strong>Vi\u00f1a Gormaz<\/strong>. Su caracter\u00edstica principal son los suelos, elementos que han sido destacados en la nueva etiqueta para su\u00a0<strong>Joven, Roble\u00a0<\/strong>y<strong>\u00a0Crianza.<\/strong><\/p>\n<p><strong>Vi\u00f1a Gormaz Joven: suelos franco arenosos.\u00a0<\/strong>Un vino con gran aporte en los\u00a0<strong>aromas<\/strong>\u00a0ya que este tipo de suelos benefician una maduraci\u00f3n m\u00e1s r\u00e1pida.<\/p>\n<p><strong>Vi\u00f1a Gormaz Roble: francos de predominio arcillo-calc\u00e1reo.\u00a0<\/strong>Un vino m\u00e1s\u00a0<strong>elegante<\/strong>\u00a0y estructurado gracias a un suelo de textura fina con mayor retenci\u00f3n de agua y nutrientes.<\/p>\n<p><strong>Vi\u00f1a Gormaz Crianza: Francos de predominio arenoso-calc\u00e1reo.\u00a0<\/strong>Un vino con color intenso y baja acidez, de capa alta y taninos potentes.<\/p>\n","protected":false},"excerpt":{"rendered":"<p>Vi\u00f1edos y Bodegas Gormaz\u00a0se ha situado en el punto de referencia y de mira de las mejores bodegas de la\u00a0Ribera del Duero soriana, gracias a la localizaci\u00f3n tan al l\u00edmite del vi\u00f1edo, la altitud y las condiciones climatol\u00f3gicas tan variables entre el d\u00eda y la noche. Adem\u00e1s, el trabajo artesanal de la en\u00f3loga Mar\u00eda Jos\u00e9 [&hellip;]<\/p>\n","protected":false},"author":1,"featured_media":1030231,"comment_status":"closed","ping_status":"closed","sticky":false,"template":"","format":"standard","meta":{"footnotes":""},"categories":[219],"tags":[],"class_list":["post-1030230","post","type-post","status-publish","format-standard","has-post-thumbnail","hentry","category-negocios-y-empresas"],"aioseo_notices":[],"aioseo_head":"\n\t\t<!-- All in One SEO Pro 4.9.6.2 - aioseo.com -->\n\t<meta name=\"description\" content=\"Vi\u00f1edos y Bodegas Gormaz se ha situado en el punto de referencia y de mira de las mejores bodegas de la Ribera del Duero soriana, gracias a la localizaci\u00f3n tan al l\u00edmite del vi\u00f1edo, la altitud y las condiciones climatol\u00f3gicas tan variables entre el d\u00eda y la noche. Adem\u00e1s, el trabajo artesanal de la en\u00f3loga Mar\u00eda Jos\u00e9\" \/>\n\t<meta name=\"robots\" content=\"max-image-preview:large\" \/>\n\t<meta name=\"author\" content=\"El Digital de Asturias\"\/>\n\t<meta name=\"google-site-verification\" content=\"UA-38556648-1\" \/>\n\t<meta name=\"msvalidate.01\" content=\"7dfe9f3f1b24437ab69f4f2559babe99\" \/>\n\t<meta name=\"keywords\" content=\"negocios y empresas\" \/>\n\t<link rel=\"canonical\" href=\"https:\/\/www.eldigitaldeasturias.com\/noticias\/vinedos-y-bodegas-gormaz-vinos-caracteristicos-sorianos-de-ribera-del-duero\/\" \/>\n\t<meta name=\"generator\" content=\"All in One SEO Pro (AIOSEO) 4.9.6.2\" \/>\n\t\t<meta property=\"og:locale\" content=\"es_ES\" \/>\n\t\t<meta property=\"og:site_name\" content=\"El Digital de Asturias\" \/>\n\t\t<meta property=\"og:type\" content=\"article\" \/>\n\t\t<meta property=\"og:title\" content=\"Vi\u00f1edos y Bodegas Gormaz, vinos caracter\u00edsticos sorianos de Ribera del Duero - El Digital de Asturias\" \/>\n\t\t<meta property=\"og:description\" content=\"Vi\u00f1edos y Bodegas Gormaz se ha situado en el punto de referencia y de mira de las mejores bodegas de la Ribera del Duero soriana, gracias a la localizaci\u00f3n tan al l\u00edmite del vi\u00f1edo, la altitud y las condiciones climatol\u00f3gicas tan variables entre el d\u00eda y la noche. Adem\u00e1s, el trabajo artesanal de la en\u00f3loga Mar\u00eda Jos\u00e9\" \/>\n\t\t<meta property=\"og:url\" content=\"https:\/\/www.eldigitaldeasturias.com\/noticias\/vinedos-y-bodegas-gormaz-vinos-caracteristicos-sorianos-de-ribera-del-duero\/\" \/>\n\t\t<meta property=\"og:image\" content=\"https:\/\/www.eldigitaldeasturias.com\/noticias\/wp-content\/uploads\/2019\/06\/1559900825_bodegas.jpg\" \/>\n\t\t<meta property=\"og:image:secure_url\" content=\"https:\/\/www.eldigitaldeasturias.com\/noticias\/wp-content\/uploads\/2019\/06\/1559900825_bodegas.jpg\" \/>\n\t\t<meta property=\"og:image:width\" content=\"768\" \/>\n\t\t<meta property=\"og:image:height\" content=\"532\" \/>\n\t\t<meta property=\"article:tag\" content=\"negocios y empresas\" \/>\n\t\t<meta property=\"article:published_time\" content=\"2019-06-09T18:38:39+00:00\" \/>\n\t\t<meta property=\"article:modified_time\" content=\"2019-06-09T18:38:39+00:00\" \/>\n\t\t<meta property=\"article:publisher\" content=\"https:\/\/facebook.com\/eldigitaldeasturias\" \/>\n\t\t<meta name=\"twitter:card\" content=\"summary_large_image\" \/>\n\t\t<meta name=\"twitter:title\" content=\"Vi\u00f1edos y Bodegas Gormaz, vinos caracter\u00edsticos sorianos de Ribera del Duero - El Digital de Asturias\" \/>\n\t\t<meta name=\"twitter:description\" content=\"Vi\u00f1edos y Bodegas Gormaz se ha situado en el punto de referencia y de mira de las mejores bodegas de la Ribera del Duero soriana, gracias a la localizaci\u00f3n tan al l\u00edmite del vi\u00f1edo, la altitud y las condiciones climatol\u00f3gicas tan variables entre el d\u00eda y la noche. Adem\u00e1s, el trabajo artesanal de la en\u00f3loga Mar\u00eda Jos\u00e9\" \/>\n\t\t<meta name=\"twitter:image\" content=\"https:\/\/www.eldigitaldeasturias.com\/noticias\/wp-content\/uploads\/2019\/06\/1559900825_bodegas.jpg\" \/>\n\t\t<meta name=\"twitter:label1\" content=\"Escrito por\" \/>\n\t\t<meta name=\"twitter:data1\" content=\"El Digital de Asturias\" \/>\n\t\t<meta name=\"twitter:label2\" content=\"Tiempo de lectura estimado\" \/>\n\t\t<meta name=\"twitter:data2\" content=\"4 minutos\" \/>\n\t\t<script type=\"application\/ld+json\" class=\"aioseo-schema\">\n\t\t\t{\"@context\":\"https:\\\/\\\/schema.org\",\"@graph\":[{\"@type\":\"BlogPosting\",\"@id\":\"https:\\\/\\\/www.eldigitaldeasturias.com\\\/noticias\\\/vinedos-y-bodegas-gormaz-vinos-caracteristicos-sorianos-de-ribera-del-duero\\\/#blogposting\",\"name\":\"Vi\\u00f1edos y Bodegas Gormaz, vinos caracter\\u00edsticos sorianos de Ribera del Duero - El Digital de Asturias\",\"headline\":\"Vi\\u00f1edos y Bodegas Gormaz, vinos caracter\\u00edsticos sorianos de Ribera del Duero\",\"author\":{\"@id\":\"https:\\\/\\\/www.eldigitaldeasturias.com\\\/noticias\\\/author\\\/admin\\\/#author\"},\"publisher\":{\"@id\":\"https:\\\/\\\/www.eldigitaldeasturias.com\\\/noticias\\\/#organization\"},\"image\":{\"@type\":\"ImageObject\",\"url\":\"https:\\\/\\\/www.eldigitaldeasturias.com\\\/noticias\\\/wp-content\\\/uploads\\\/2019\\\/06\\\/1559900825_bodegas.jpg\",\"width\":768,\"height\":532},\"datePublished\":\"2019-06-09T18:38:39+02:00\",\"dateModified\":\"2019-06-09T18:38:39+02:00\",\"inLanguage\":\"es-ES\",\"mainEntityOfPage\":{\"@id\":\"https:\\\/\\\/www.eldigitaldeasturias.com\\\/noticias\\\/vinedos-y-bodegas-gormaz-vinos-caracteristicos-sorianos-de-ribera-del-duero\\\/#webpage\"},\"isPartOf\":{\"@id\":\"https:\\\/\\\/www.eldigitaldeasturias.com\\\/noticias\\\/vinedos-y-bodegas-gormaz-vinos-caracteristicos-sorianos-de-ribera-del-duero\\\/#webpage\"},\"articleSection\":\"Negocios y Empresas\"},{\"@type\":\"BreadcrumbList\",\"@id\":\"https:\\\/\\\/www.eldigitaldeasturias.com\\\/noticias\\\/vinedos-y-bodegas-gormaz-vinos-caracteristicos-sorianos-de-ribera-del-duero\\\/#breadcrumblist\",\"itemListElement\":[{\"@type\":\"ListItem\",\"@id\":\"https:\\\/\\\/www.eldigitaldeasturias.com\\\/noticias#listItem\",\"position\":1,\"name\":\"Home\",\"item\":\"https:\\\/\\\/www.eldigitaldeasturias.com\\\/noticias\",\"nextItem\":{\"@type\":\"ListItem\",\"@id\":\"https:\\\/\\\/www.eldigitaldeasturias.com\\\/noticias\\\/category\\\/negocios-y-empresas\\\/#listItem\",\"name\":\"Negocios y Empresas\"}},{\"@type\":\"ListItem\",\"@id\":\"https:\\\/\\\/www.eldigitaldeasturias.com\\\/noticias\\\/category\\\/negocios-y-empresas\\\/#listItem\",\"position\":2,\"name\":\"Negocios y Empresas\",\"item\":\"https:\\\/\\\/www.eldigitaldeasturias.com\\\/noticias\\\/category\\\/negocios-y-empresas\\\/\",\"nextItem\":{\"@type\":\"ListItem\",\"@id\":\"https:\\\/\\\/www.eldigitaldeasturias.com\\\/noticias\\\/vinedos-y-bodegas-gormaz-vinos-caracteristicos-sorianos-de-ribera-del-duero\\\/#listItem\",\"name\":\"Vi\\u00f1edos y Bodegas Gormaz, vinos caracter\\u00edsticos sorianos de Ribera del Duero\"},\"previousItem\":{\"@type\":\"ListItem\",\"@id\":\"https:\\\/\\\/www.eldigitaldeasturias.com\\\/noticias#listItem\",\"name\":\"Home\"}},{\"@type\":\"ListItem\",\"@id\":\"https:\\\/\\\/www.eldigitaldeasturias.com\\\/noticias\\\/vinedos-y-bodegas-gormaz-vinos-caracteristicos-sorianos-de-ribera-del-duero\\\/#listItem\",\"position\":3,\"name\":\"Vi\\u00f1edos y Bodegas Gormaz, vinos caracter\\u00edsticos sorianos de Ribera del Duero\",\"previousItem\":{\"@type\":\"ListItem\",\"@id\":\"https:\\\/\\\/www.eldigitaldeasturias.com\\\/noticias\\\/category\\\/negocios-y-empresas\\\/#listItem\",\"name\":\"Negocios y Empresas\"}}]},{\"@type\":\"Organization\",\"@id\":\"https:\\\/\\\/www.eldigitaldeasturias.com\\\/noticias\\\/#organization\",\"name\":\"El Digital de Asturias\",\"description\":\"Hemeroteca\",\"url\":\"https:\\\/\\\/www.eldigitaldeasturias.com\\\/noticias\\\/\",\"email\":\"info@eldigitaldeasturias.com\",\"telephone\":\"+34652131393\",\"logo\":{\"@type\":\"ImageObject\",\"url\":\"https:\\\/\\\/www.eldigitaldeasturias.com\\\/noticias\\\/wp-content\\\/uploads\\\/2020\\\/12\\\/EDA.jpg\",\"@id\":\"https:\\\/\\\/www.eldigitaldeasturias.com\\\/noticias\\\/vinedos-y-bodegas-gormaz-vinos-caracteristicos-sorianos-de-ribera-del-duero\\\/#organizationLogo\",\"width\":649,\"height\":297},\"image\":{\"@id\":\"https:\\\/\\\/www.eldigitaldeasturias.com\\\/noticias\\\/vinedos-y-bodegas-gormaz-vinos-caracteristicos-sorianos-de-ribera-del-duero\\\/#organizationLogo\"},\"sameAs\":[\"https:\\\/\\\/facebook.com\\\/eldigitaldeasturias\",\"https:\\\/\\\/www.youtube.com\\\/channel\\\/UCZP-2wLEB9Rv6erhFmqVnvg\"],\"address\":{\"@id\":\"https:\\\/\\\/www.eldigitaldeasturias.com\\\/noticias\\\/#postaladdress\",\"@type\":\"PostalAddress\",\"streetAddress\":\"san antonio 4,\",\"postalCode\":\"33430\",\"addressLocality\":\"Cand\\u00e1s\",\"addressRegion\":\"Asturias\",\"addressCountry\":\"ES\"}},{\"@type\":\"Person\",\"@id\":\"https:\\\/\\\/www.eldigitaldeasturias.com\\\/noticias\\\/author\\\/admin\\\/#author\",\"url\":\"https:\\\/\\\/www.eldigitaldeasturias.com\\\/noticias\\\/author\\\/admin\\\/\",\"name\":\"El Digital de Asturias\",\"image\":{\"@type\":\"ImageObject\",\"@id\":\"https:\\\/\\\/www.eldigitaldeasturias.com\\\/noticias\\\/vinedos-y-bodegas-gormaz-vinos-caracteristicos-sorianos-de-ribera-del-duero\\\/#authorImage\",\"url\":\"https:\\\/\\\/www.eldigitaldeasturias.com\\\/noticias\\\/wp-content\\\/litespeed\\\/avatar\\\/18677e78aa0546b92d9dbf31ec7d7668.jpg?ver=1777290358\",\"width\":96,\"height\":96,\"caption\":\"El Digital de Asturias\"}},{\"@type\":\"WebPage\",\"@id\":\"https:\\\/\\\/www.eldigitaldeasturias.com\\\/noticias\\\/vinedos-y-bodegas-gormaz-vinos-caracteristicos-sorianos-de-ribera-del-duero\\\/#webpage\",\"url\":\"https:\\\/\\\/www.eldigitaldeasturias.com\\\/noticias\\\/vinedos-y-bodegas-gormaz-vinos-caracteristicos-sorianos-de-ribera-del-duero\\\/\",\"name\":\"Vi\\u00f1edos y Bodegas Gormaz, vinos caracter\\u00edsticos sorianos de Ribera del Duero - El Digital de Asturias\",\"description\":\"Vi\\u00f1edos y Bodegas Gormaz se ha situado en el punto de referencia y de mira de las mejores bodegas de la Ribera del Duero soriana, gracias a la localizaci\\u00f3n tan al l\\u00edmite del vi\\u00f1edo, la altitud y las condiciones climatol\\u00f3gicas tan variables entre el d\\u00eda y la noche. Adem\\u00e1s, el trabajo artesanal de la en\\u00f3loga Mar\\u00eda Jos\\u00e9\",\"inLanguage\":\"es-ES\",\"isPartOf\":{\"@id\":\"https:\\\/\\\/www.eldigitaldeasturias.com\\\/noticias\\\/#website\"},\"breadcrumb\":{\"@id\":\"https:\\\/\\\/www.eldigitaldeasturias.com\\\/noticias\\\/vinedos-y-bodegas-gormaz-vinos-caracteristicos-sorianos-de-ribera-del-duero\\\/#breadcrumblist\"},\"author\":{\"@id\":\"https:\\\/\\\/www.eldigitaldeasturias.com\\\/noticias\\\/author\\\/admin\\\/#author\"},\"creator\":{\"@id\":\"https:\\\/\\\/www.eldigitaldeasturias.com\\\/noticias\\\/author\\\/admin\\\/#author\"},\"image\":{\"@type\":\"ImageObject\",\"url\":\"https:\\\/\\\/www.eldigitaldeasturias.com\\\/noticias\\\/wp-content\\\/uploads\\\/2019\\\/06\\\/1559900825_bodegas.jpg\",\"@id\":\"https:\\\/\\\/www.eldigitaldeasturias.com\\\/noticias\\\/vinedos-y-bodegas-gormaz-vinos-caracteristicos-sorianos-de-ribera-del-duero\\\/#mainImage\",\"width\":768,\"height\":532},\"primaryImageOfPage\":{\"@id\":\"https:\\\/\\\/www.eldigitaldeasturias.com\\\/noticias\\\/vinedos-y-bodegas-gormaz-vinos-caracteristicos-sorianos-de-ribera-del-duero\\\/#mainImage\"},\"datePublished\":\"2019-06-09T18:38:39+02:00\",\"dateModified\":\"2019-06-09T18:38:39+02:00\"},{\"@type\":\"WebSite\",\"@id\":\"https:\\\/\\\/www.eldigitaldeasturias.com\\\/noticias\\\/#website\",\"url\":\"https:\\\/\\\/www.eldigitaldeasturias.com\\\/noticias\\\/\",\"name\":\"El Digital de Asturias - Diario de actualidad y noticias\",\"alternateName\":\"El Digital de Asturias - Diario de actualidad y noticias\",\"description\":\"Hemeroteca\",\"inLanguage\":\"es-ES\",\"publisher\":{\"@id\":\"https:\\\/\\\/www.eldigitaldeasturias.com\\\/noticias\\\/#organization\"}}]}\n\t\t<\/script>\n\t\t<!-- All in One SEO Pro -->\r\n\t\t<title>Vi\u00f1edos y Bodegas Gormaz, vinos caracter\u00edsticos sorianos de Ribera del Duero - El Digital de Asturias<\/title>\n\n","aioseo_head_json":{"title":"Vi\u00f1edos y Bodegas Gormaz, vinos caracter\u00edsticos sorianos de Ribera del Duero - El Digital de Asturias","description":"Vi\u00f1edos y Bodegas Gormaz se ha situado en el punto de referencia y de mira de las mejores bodegas de la Ribera del Duero soriana, gracias a la localizaci\u00f3n tan al l\u00edmite del vi\u00f1edo, la altitud y las condiciones climatol\u00f3gicas tan variables entre el d\u00eda y la noche. Adem\u00e1s, el trabajo artesanal de la en\u00f3loga Mar\u00eda Jos\u00e9","canonical_url":"https:\/\/www.eldigitaldeasturias.com\/noticias\/vinedos-y-bodegas-gormaz-vinos-caracteristicos-sorianos-de-ribera-del-duero\/","robots":"max-image-preview:large","keywords":"negocios y empresas","webmasterTools":{"google-site-verification":"UA-38556648-1","msvalidate.01":"7dfe9f3f1b24437ab69f4f2559babe99","miscellaneous":""},"schema":{"@context":"https:\/\/schema.org","@graph":[{"@type":"BlogPosting","@id":"https:\/\/www.eldigitaldeasturias.com\/noticias\/vinedos-y-bodegas-gormaz-vinos-caracteristicos-sorianos-de-ribera-del-duero\/#blogposting","name":"Vi\u00f1edos y Bodegas Gormaz, vinos caracter\u00edsticos sorianos de Ribera del Duero - El Digital de Asturias","headline":"Vi\u00f1edos y Bodegas Gormaz, vinos caracter\u00edsticos sorianos de Ribera del Duero","author":{"@id":"https:\/\/www.eldigitaldeasturias.com\/noticias\/author\/admin\/#author"},"publisher":{"@id":"https:\/\/www.eldigitaldeasturias.com\/noticias\/#organization"},"image":{"@type":"ImageObject","url":"https:\/\/www.eldigitaldeasturias.com\/noticias\/wp-content\/uploads\/2019\/06\/1559900825_bodegas.jpg","width":768,"height":532},"datePublished":"2019-06-09T18:38:39+02:00","dateModified":"2019-06-09T18:38:39+02:00","inLanguage":"es-ES","mainEntityOfPage":{"@id":"https:\/\/www.eldigitaldeasturias.com\/noticias\/vinedos-y-bodegas-gormaz-vinos-caracteristicos-sorianos-de-ribera-del-duero\/#webpage"},"isPartOf":{"@id":"https:\/\/www.eldigitaldeasturias.com\/noticias\/vinedos-y-bodegas-gormaz-vinos-caracteristicos-sorianos-de-ribera-del-duero\/#webpage"},"articleSection":"Negocios y Empresas"},{"@type":"BreadcrumbList","@id":"https:\/\/www.eldigitaldeasturias.com\/noticias\/vinedos-y-bodegas-gormaz-vinos-caracteristicos-sorianos-de-ribera-del-duero\/#breadcrumblist","itemListElement":[{"@type":"ListItem","@id":"https:\/\/www.eldigitaldeasturias.com\/noticias#listItem","position":1,"name":"Home","item":"https:\/\/www.eldigitaldeasturias.com\/noticias","nextItem":{"@type":"ListItem","@id":"https:\/\/www.eldigitaldeasturias.com\/noticias\/category\/negocios-y-empresas\/#listItem","name":"Negocios y Empresas"}},{"@type":"ListItem","@id":"https:\/\/www.eldigitaldeasturias.com\/noticias\/category\/negocios-y-empresas\/#listItem","position":2,"name":"Negocios y Empresas","item":"https:\/\/www.eldigitaldeasturias.com\/noticias\/category\/negocios-y-empresas\/","nextItem":{"@type":"ListItem","@id":"https:\/\/www.eldigitaldeasturias.com\/noticias\/vinedos-y-bodegas-gormaz-vinos-caracteristicos-sorianos-de-ribera-del-duero\/#listItem","name":"Vi\u00f1edos y Bodegas Gormaz, vinos caracter\u00edsticos sorianos de Ribera del Duero"},"previousItem":{"@type":"ListItem","@id":"https:\/\/www.eldigitaldeasturias.com\/noticias#listItem","name":"Home"}},{"@type":"ListItem","@id":"https:\/\/www.eldigitaldeasturias.com\/noticias\/vinedos-y-bodegas-gormaz-vinos-caracteristicos-sorianos-de-ribera-del-duero\/#listItem","position":3,"name":"Vi\u00f1edos y Bodegas Gormaz, vinos caracter\u00edsticos sorianos de Ribera del Duero","previousItem":{"@type":"ListItem","@id":"https:\/\/www.eldigitaldeasturias.com\/noticias\/category\/negocios-y-empresas\/#listItem","name":"Negocios y Empresas"}}]},{"@type":"Organization","@id":"https:\/\/www.eldigitaldeasturias.com\/noticias\/#organization","name":"El Digital de Asturias","description":"Hemeroteca","url":"https:\/\/www.eldigitaldeasturias.com\/noticias\/","email":"info@eldigitaldeasturias.com","telephone":"+34652131393","logo":{"@type":"ImageObject","url":"https:\/\/www.eldigitaldeasturias.com\/noticias\/wp-content\/uploads\/2020\/12\/EDA.jpg","@id":"https:\/\/www.eldigitaldeasturias.com\/noticias\/vinedos-y-bodegas-gormaz-vinos-caracteristicos-sorianos-de-ribera-del-duero\/#organizationLogo","width":649,"height":297},"image":{"@id":"https:\/\/www.eldigitaldeasturias.com\/noticias\/vinedos-y-bodegas-gormaz-vinos-caracteristicos-sorianos-de-ribera-del-duero\/#organizationLogo"},"sameAs":["https:\/\/facebook.com\/eldigitaldeasturias","https:\/\/www.youtube.com\/channel\/UCZP-2wLEB9Rv6erhFmqVnvg"],"address":{"@id":"https:\/\/www.eldigitaldeasturias.com\/noticias\/#postaladdress","@type":"PostalAddress","streetAddress":"san antonio 4,","postalCode":"33430","addressLocality":"Cand\u00e1s","addressRegion":"Asturias","addressCountry":"ES"}},{"@type":"Person","@id":"https:\/\/www.eldigitaldeasturias.com\/noticias\/author\/admin\/#author","url":"https:\/\/www.eldigitaldeasturias.com\/noticias\/author\/admin\/","name":"El Digital de Asturias","image":{"@type":"ImageObject","@id":"https:\/\/www.eldigitaldeasturias.com\/noticias\/vinedos-y-bodegas-gormaz-vinos-caracteristicos-sorianos-de-ribera-del-duero\/#authorImage","url":"https:\/\/www.eldigitaldeasturias.com\/noticias\/wp-content\/litespeed\/avatar\/18677e78aa0546b92d9dbf31ec7d7668.jpg?ver=1777290358","width":96,"height":96,"caption":"El Digital de Asturias"}},{"@type":"WebPage","@id":"https:\/\/www.eldigitaldeasturias.com\/noticias\/vinedos-y-bodegas-gormaz-vinos-caracteristicos-sorianos-de-ribera-del-duero\/#webpage","url":"https:\/\/www.eldigitaldeasturias.com\/noticias\/vinedos-y-bodegas-gormaz-vinos-caracteristicos-sorianos-de-ribera-del-duero\/","name":"Vi\u00f1edos y Bodegas Gormaz, vinos caracter\u00edsticos sorianos de Ribera del Duero - El Digital de Asturias","description":"Vi\u00f1edos y Bodegas Gormaz se ha situado en el punto de referencia y de mira de las mejores bodegas de la Ribera del Duero soriana, gracias a la localizaci\u00f3n tan al l\u00edmite del vi\u00f1edo, la altitud y las condiciones climatol\u00f3gicas tan variables entre el d\u00eda y la noche. Adem\u00e1s, el trabajo artesanal de la en\u00f3loga Mar\u00eda Jos\u00e9","inLanguage":"es-ES","isPartOf":{"@id":"https:\/\/www.eldigitaldeasturias.com\/noticias\/#website"},"breadcrumb":{"@id":"https:\/\/www.eldigitaldeasturias.com\/noticias\/vinedos-y-bodegas-gormaz-vinos-caracteristicos-sorianos-de-ribera-del-duero\/#breadcrumblist"},"author":{"@id":"https:\/\/www.eldigitaldeasturias.com\/noticias\/author\/admin\/#author"},"creator":{"@id":"https:\/\/www.eldigitaldeasturias.com\/noticias\/author\/admin\/#author"},"image":{"@type":"ImageObject","url":"https:\/\/www.eldigitaldeasturias.com\/noticias\/wp-content\/uploads\/2019\/06\/1559900825_bodegas.jpg","@id":"https:\/\/www.eldigitaldeasturias.com\/noticias\/vinedos-y-bodegas-gormaz-vinos-caracteristicos-sorianos-de-ribera-del-duero\/#mainImage","width":768,"height":532},"primaryImageOfPage":{"@id":"https:\/\/www.eldigitaldeasturias.com\/noticias\/vinedos-y-bodegas-gormaz-vinos-caracteristicos-sorianos-de-ribera-del-duero\/#mainImage"},"datePublished":"2019-06-09T18:38:39+02:00","dateModified":"2019-06-09T18:38:39+02:00"},{"@type":"WebSite","@id":"https:\/\/www.eldigitaldeasturias.com\/noticias\/#website","url":"https:\/\/www.eldigitaldeasturias.com\/noticias\/","name":"El Digital de Asturias - Diario de actualidad y noticias","alternateName":"El Digital de Asturias - Diario de actualidad y noticias","description":"Hemeroteca","inLanguage":"es-ES","publisher":{"@id":"https:\/\/www.eldigitaldeasturias.com\/noticias\/#organization"}}]},"og:locale":"es_ES","og:site_name":"El Digital de Asturias","og:type":"article","og:title":"Vi\u00f1edos y Bodegas Gormaz, vinos caracter\u00edsticos sorianos de Ribera del Duero - El Digital de Asturias","og:description":"Vi\u00f1edos y Bodegas Gormaz se ha situado en el punto de referencia y de mira de las mejores bodegas de la Ribera del Duero soriana, gracias a la localizaci\u00f3n tan al l\u00edmite del vi\u00f1edo, la altitud y las condiciones climatol\u00f3gicas tan variables entre el d\u00eda y la noche. Adem\u00e1s, el trabajo artesanal de la en\u00f3loga Mar\u00eda Jos\u00e9","og:url":"https:\/\/www.eldigitaldeasturias.com\/noticias\/vinedos-y-bodegas-gormaz-vinos-caracteristicos-sorianos-de-ribera-del-duero\/","og:image":"https:\/\/www.eldigitaldeasturias.com\/noticias\/wp-content\/uploads\/2019\/06\/1559900825_bodegas.jpg","og:image:secure_url":"https:\/\/www.eldigitaldeasturias.com\/noticias\/wp-content\/uploads\/2019\/06\/1559900825_bodegas.jpg","og:image:width":768,"og:image:height":532,"article:tag":["negocios y empresas"],"article:published_time":"2019-06-09T18:38:39+00:00","article:modified_time":"2019-06-09T18:38:39+00:00","article:publisher":"https:\/\/facebook.com\/eldigitaldeasturias","twitter:card":"summary_large_image","twitter:title":"Vi\u00f1edos y Bodegas Gormaz, vinos caracter\u00edsticos sorianos de Ribera del Duero - El Digital de Asturias","twitter:description":"Vi\u00f1edos y Bodegas Gormaz se ha situado en el punto de referencia y de mira de las mejores bodegas de la Ribera del Duero soriana, gracias a la localizaci\u00f3n tan al l\u00edmite del vi\u00f1edo, la altitud y las condiciones climatol\u00f3gicas tan variables entre el d\u00eda y la noche. Adem\u00e1s, el trabajo artesanal de la en\u00f3loga Mar\u00eda Jos\u00e9","twitter:image":"https:\/\/www.eldigitaldeasturias.com\/noticias\/wp-content\/uploads\/2019\/06\/1559900825_bodegas.jpg","twitter:label1":"Escrito por","twitter:data1":"El Digital de Asturias","twitter:label2":"Tiempo de lectura estimado","twitter:data2":"4 minutos"},"aioseo_meta_data":{"post_id":"1030230","title":null,"description":null,"keywords":null,"keyphrases":null,"primary_term":null,"canonical_url":null,"og_title":null,"og_description":null,"og_object_type":"default","og_image_type":"default","og_image_url":null,"og_image_width":null,"og_image_height":null,"og_image_custom_url":null,"og_image_custom_fields":null,"og_video":null,"og_custom_url":null,"og_article_section":null,"og_article_tags":null,"twitter_use_og":false,"twitter_card":"default","twitter_image_type":"default","twitter_image_url":null,"twitter_image_custom_url":null,"twitter_image_custom_fields":null,"twitter_title":null,"twitter_description":null,"schema":{"blockGraphs":[],"customGraphs":[],"default":{"data":{"Article":[],"Course":[],"Dataset":[],"FAQPage":[],"Movie":[],"Person":[],"Product":[],"ProductReview":[],"Car":[],"Recipe":[],"Service":[],"SoftwareApplication":[],"WebPage":[]},"graphName":"","isEnabled":true},"graphs":[],"defaultGraph":"","defaultPostTypeGraph":""},"schema_type":null,"schema_type_options":null,"pillar_content":false,"robots_default":true,"robots_noindex":false,"robots_noarchive":false,"robots_nosnippet":false,"robots_nofollow":false,"robots_noimageindex":false,"robots_noodp":false,"robots_notranslate":false,"robots_max_snippet":null,"robots_max_videopreview":null,"robots_max_imagepreview":"large","priority":null,"frequency":null,"local_seo":null,"seo_analyzer_scan_date":"2025-10-18 15:00:10","breadcrumb_settings":null,"limit_modified_date":false,"open_ai":null,"ai":null,"created":"2020-12-21 11:10:44","updated":"2025-10-18 15:00:10"},"aioseo_breadcrumb":"<div class=\"aioseo-breadcrumbs\"><span class=\"aioseo-breadcrumb\">\n\t<a href=\"https:\/\/www.eldigitaldeasturias.com\/noticias\" title=\"Home\">Home<\/a>\n<\/span><span class=\"aioseo-breadcrumb-separator\">\u2013<\/span><span class=\"aioseo-breadcrumb\">\n\t<a href=\"https:\/\/www.eldigitaldeasturias.com\/noticias\/category\/negocios-y-empresas\/\" title=\"Negocios y Empresas\">Negocios y Empresas<\/a>\n<\/span><span class=\"aioseo-breadcrumb-separator\">\u2013<\/span><span class=\"aioseo-breadcrumb\">\n\t<a href=\"https:\/\/www.eldigitaldeasturias.com\/noticias\/vinedos-y-bodegas-gormaz-vinos-caracteristicos-sorianos-de-ribera-del-duero\/\" title=\"Vi\u00f1edos y Bodegas Gormaz, vinos caracter\u00edsticos sorianos de Ribera del Duero\">Vi\u00f1edos y Bodegas Gormaz, vinos caracter\u00edsticos sorianos de Ribera del Duero<\/a>\n<\/span><\/div>","aioseo_breadcrumb_json":[{"label":"Home","link":"https:\/\/www.eldigitaldeasturias.com\/noticias"},{"label":"Negocios y Empresas","link":"https:\/\/www.eldigitaldeasturias.com\/noticias\/category\/negocios-y-empresas\/"},{"label":"Vi\u00f1edos y Bodegas Gormaz, vinos caracter\u00edsticos sorianos de Ribera del Duero","link":"https:\/\/www.eldigitaldeasturias.com\/noticias\/vinedos-y-bodegas-gormaz-vinos-caracteristicos-sorianos-de-ribera-del-duero\/"}],"_links":{"self":[{"href":"https:\/\/www.eldigitaldeasturias.com\/noticias\/wp-json\/wp\/v2\/posts\/1030230","targetHints":{"allow":["GET"]}}],"collection":[{"href":"https:\/\/www.eldigitaldeasturias.com\/noticias\/wp-json\/wp\/v2\/posts"}],"about":[{"href":"https:\/\/www.eldigitaldeasturias.com\/noticias\/wp-json\/wp\/v2\/types\/post"}],"author":[{"embeddable":true,"href":"https:\/\/www.eldigitaldeasturias.com\/noticias\/wp-json\/wp\/v2\/users\/1"}],"replies":[{"embeddable":true,"href":"https:\/\/www.eldigitaldeasturias.com\/noticias\/wp-json\/wp\/v2\/comments?post=1030230"}],"version-history":[{"count":0,"href":"https:\/\/www.eldigitaldeasturias.com\/noticias\/wp-json\/wp\/v2\/posts\/1030230\/revisions"}],"wp:featuredmedia":[{"embeddable":true,"href":"https:\/\/www.eldigitaldeasturias.com\/noticias\/wp-json\/wp\/v2\/media\/1030231"}],"wp:attachment":[{"href":"https:\/\/www.eldigitaldeasturias.com\/noticias\/wp-json\/wp\/v2\/media?parent=1030230"}],"wp:term":[{"taxonomy":"category","embeddable":true,"href":"https:\/\/www.eldigitaldeasturias.com\/noticias\/wp-json\/wp\/v2\/categories?post=1030230"},{"taxonomy":"post_tag","embeddable":true,"href":"https:\/\/www.eldigitaldeasturias.com\/noticias\/wp-json\/wp\/v2\/tags?post=1030230"}],"curies":[{"name":"wp","href":"https:\/\/api.w.org\/{rel}","templated":true}]}}