{"id":1030210,"date":"2019-06-09T17:56:08","date_gmt":"2019-06-09T17:56:08","guid":{"rendered":"https:\/\/www.eldigitaldeasturias.com\/noticias\/?p=1030210"},"modified":"2019-06-09T17:56:08","modified_gmt":"2019-06-09T17:56:08","slug":"roland-garros-2019-alemania-conquista-los-dobles","status":"publish","type":"post","link":"https:\/\/www.eldigitaldeasturias.com\/noticias\/roland-garros-2019-alemania-conquista-los-dobles\/","title":{"rendered":"Roland Garros 2019: Alemania conquista los dobles"},"content":{"rendered":"<p><img loading=\"lazy\" decoding=\"async\" class=\"alignleft size-medium wp-image-978237\" src=\"https:\/\/www.eldigitaldeasturias.com\/noticias\/wp-content\/uploads\/2018\/04\/tennis-923659_960_720-360x270.jpg\" alt=\"\" width=\"360\" height=\"270\" srcset=\"https:\/\/www.eldigitaldeasturias.com\/noticias\/wp-content\/uploads\/2018\/04\/tennis-923659_960_720-360x270.jpg 360w, https:\/\/www.eldigitaldeasturias.com\/noticias\/wp-content\/uploads\/2018\/04\/tennis-923659_960_720-400x300.jpg 400w, https:\/\/www.eldigitaldeasturias.com\/noticias\/wp-content\/uploads\/2018\/04\/tennis-923659_960_720-768x576.jpg 768w, https:\/\/www.eldigitaldeasturias.com\/noticias\/wp-content\/uploads\/2018\/04\/tennis-923659_960_720-640x480.jpg 640w, https:\/\/www.eldigitaldeasturias.com\/noticias\/wp-content\/uploads\/2018\/04\/tennis-923659_960_720.jpg 960w, https:\/\/www.eldigitaldeasturias.com\/noticias\/wp-content\/uploads\/2018\/04\/tennis-923659_960_720-20x15.jpg 20w\" sizes=\"auto, (max-width: 360px) 100vw, 360px\" \/>Par\u00eds, 9 jun (dpa) \u2013 La primera victoria de una pareja de dobles alemana en el Abierto de Francia tras 82 a\u00f1os promet\u00eda hacer historia, pero el triunfo de Kevin Krawietz y Andreas Mies no finaliz\u00f3 durante la madrugada de hoy con la promesa de los dos tenistas germanos.<\/p>\n<p>\u00abEsta noche derribaremos la Torre Eiffel\u00bb, dijeron al t\u00e9rmino del partido del s\u00e1bado, tras derrotar a la pareja local formada por Jeremy Chardy y Fabrice Martin por 6-2 y 7-6 (7-3).<\/p>\n<p>En el momento de la conferencia de prensa, la familia de los jugadores germanos y el grupo de 52 personas se sentaron en el restaurante al pie de la cancha central y celebraron con vino y refrescos un resultado que se puede describir sin las exageraciones habituales como sensacional e hist\u00f3rico.<\/p>\n<p>La promesa no se cumpli\u00f3 y hoy el monumento parisino segu\u00eda en su lugar.<\/p>\n<p>En la historia del tenis profesional, la llamada Era Abierta, iniciada en 1968, una pareja integrada por alemanes nunca hab\u00eda ganado el t\u00edtulo en un torneo de Grand Slam. Los \u00faltimos ganadores germanos en uno de los cuatro torneos ten\u00edsticos m\u00e1s importantes fueron Gottfried von Cramm y Henner Henkel en 1937, cuando vencieron en Roland Garros.<\/p>\n<p>\u00abNuestro sue\u00f1o se ha hecho realidad\u00bb, dijo Mies, natural de Colonia despu\u00e9s de la victoria, mientras la copa Jacques Brugnon esperaba en el centro de una mesa en el reducido espacio destinado a entrevistar a los jugadores, junto a las dos peque\u00f1as r\u00e9plicas destinadas a \u00e9l y a su compa\u00f1ero Krawietz, natural de Coburgo.<\/p>\n<p>Mies dej\u00f3 la universidad y ahora est\u00e1 en la l\u00ednea de los grandes d\u00faos alemanes despu\u00e9s de dos maravillosas semanas en Par\u00eds: Boris Becker y Michael Stich ganaron la medalla de oro ol\u00edmpica en Barcelona 1992, mientras que Rainer Sch\u00fcttler y Nicolas Kiefer ganaron la de plata en Atenas 2004.<\/p>\n<p>Tambi\u00e9n hubo dobles ganadores alemanes en torneos de Grand Slam: Philipp Petzschner triunf\u00f3 con el austriaco J\u00fcrgen Melzer en Wimbledon en 2010 y en el Abierto de Estados Unidos de 2011, mientras que Stich gan\u00f3 junto al estadounidense John McEnroe en Wimbledon en 1992.<\/p>\n<p>Sin embargo, el hecho de que dos alemanes est\u00e9n juntos en el podio m\u00e1s alto de la etapa del Grand Slam entusiasm\u00f3 a figuras como Boris Becker, Barbara Rittner o Julia G\u00f6rge, que esperan que el tenis siga populariz\u00e1ndose en toda Alemania.<\/p>\n<p>Los dos tambi\u00e9n llevan mucho tiempo en la lista de nominados para representar a Alemania en la Copa Davis, un equipo que jugar\u00e1 en noviembre tras la designaci\u00f3n del capit\u00e1n Michael Kohlmann. Los nombres de Krawietz y Mies solo eran reconocidos por los entendidos. Hasta ahora.<\/p>\n<p><em>Por Wolfgang M\u00fcller (dpa)<\/em><\/p>\n","protected":false},"excerpt":{"rendered":"<p>Par\u00eds, 9 jun (dpa) \u2013 La primera victoria de una pareja de dobles alemana en el Abierto de Francia tras 82 a\u00f1os promet\u00eda hacer historia, pero el triunfo de Kevin Krawietz y Andreas Mies no finaliz\u00f3 durante la madrugada de hoy con la promesa de los dos tenistas germanos. \u00abEsta noche derribaremos la Torre Eiffel\u00bb, [&hellip;]<\/p>\n","protected":false},"author":1,"featured_media":978237,"comment_status":"closed","ping_status":"closed","sticky":false,"template":"","format":"standard","meta":{"footnotes":""},"categories":[190],"tags":[],"class_list":["post-1030210","post","type-post","status-publish","format-standard","has-post-thumbnail","hentry","category-deportes"],"aioseo_notices":[],"aioseo_head":"\n\t\t<!-- All in One SEO Pro 4.9.6.2 - aioseo.com -->\n\t<meta name=\"description\" content=\"Par\u00eds, 9 jun (dpa) \u2013 La primera victoria de una pareja de dobles alemana en el Abierto de Francia tras 82 a\u00f1os promet\u00eda hacer historia, pero el triunfo de Kevin Krawietz y Andreas Mies no finaliz\u00f3 durante la madrugada de hoy con la promesa de los dos tenistas germanos. &quot;Esta noche derribaremos la Torre Eiffel&quot;,\" \/>\n\t<meta name=\"robots\" content=\"max-image-preview:large\" \/>\n\t<meta name=\"author\" content=\"El Digital de Asturias\"\/>\n\t<meta name=\"google-site-verification\" content=\"UA-38556648-1\" \/>\n\t<meta name=\"msvalidate.01\" content=\"7dfe9f3f1b24437ab69f4f2559babe99\" \/>\n\t<meta name=\"keywords\" content=\"deportes\" \/>\n\t<link rel=\"canonical\" href=\"https:\/\/www.eldigitaldeasturias.com\/noticias\/roland-garros-2019-alemania-conquista-los-dobles\/\" \/>\n\t<meta name=\"generator\" content=\"All in One SEO Pro (AIOSEO) 4.9.6.2\" \/>\n\t\t<meta property=\"og:locale\" content=\"es_ES\" \/>\n\t\t<meta property=\"og:site_name\" content=\"El Digital de Asturias\" \/>\n\t\t<meta property=\"og:type\" content=\"article\" \/>\n\t\t<meta property=\"og:title\" content=\"Roland Garros 2019: Alemania conquista los dobles - El Digital de Asturias\" \/>\n\t\t<meta property=\"og:description\" content=\"Par\u00eds, 9 jun (dpa) \u2013 La primera victoria de una pareja de dobles alemana en el Abierto de Francia tras 82 a\u00f1os promet\u00eda hacer historia, pero el triunfo de Kevin Krawietz y Andreas Mies no finaliz\u00f3 durante la madrugada de hoy con la promesa de los dos tenistas germanos. &quot;Esta noche derribaremos la Torre Eiffel&quot;,\" \/>\n\t\t<meta property=\"og:url\" content=\"https:\/\/www.eldigitaldeasturias.com\/noticias\/roland-garros-2019-alemania-conquista-los-dobles\/\" \/>\n\t\t<meta property=\"og:image\" content=\"https:\/\/www.eldigitaldeasturias.com\/noticias\/wp-content\/uploads\/2018\/04\/tennis-923659_960_720.jpg\" \/>\n\t\t<meta property=\"og:image:secure_url\" content=\"https:\/\/www.eldigitaldeasturias.com\/noticias\/wp-content\/uploads\/2018\/04\/tennis-923659_960_720.jpg\" \/>\n\t\t<meta property=\"og:image:width\" content=\"960\" \/>\n\t\t<meta property=\"og:image:height\" content=\"720\" \/>\n\t\t<meta property=\"article:tag\" content=\"deportes\" \/>\n\t\t<meta property=\"article:published_time\" content=\"2019-06-09T17:56:08+00:00\" \/>\n\t\t<meta property=\"article:modified_time\" content=\"2019-06-09T17:56:08+00:00\" \/>\n\t\t<meta property=\"article:publisher\" content=\"https:\/\/facebook.com\/eldigitaldeasturias\" \/>\n\t\t<meta name=\"twitter:card\" content=\"summary_large_image\" \/>\n\t\t<meta name=\"twitter:title\" content=\"Roland Garros 2019: Alemania conquista los dobles - El Digital de Asturias\" \/>\n\t\t<meta name=\"twitter:description\" content=\"Par\u00eds, 9 jun (dpa) \u2013 La primera victoria de una pareja de dobles alemana en el Abierto de Francia tras 82 a\u00f1os promet\u00eda hacer historia, pero el triunfo de Kevin Krawietz y Andreas Mies no finaliz\u00f3 durante la madrugada de hoy con la promesa de los dos tenistas germanos. &quot;Esta noche derribaremos la Torre Eiffel&quot;,\" \/>\n\t\t<meta name=\"twitter:image\" content=\"https:\/\/www.eldigitaldeasturias.com\/noticias\/wp-content\/uploads\/2018\/04\/tennis-923659_960_720.jpg\" \/>\n\t\t<meta name=\"twitter:label1\" content=\"Escrito por\" \/>\n\t\t<meta name=\"twitter:data1\" content=\"El Digital de Asturias\" \/>\n\t\t<meta name=\"twitter:label2\" content=\"Tiempo de lectura estimado\" \/>\n\t\t<meta name=\"twitter:data2\" content=\"2 minutos\" \/>\n\t\t<script type=\"application\/ld+json\" class=\"aioseo-schema\">\n\t\t\t{\"@context\":\"https:\\\/\\\/schema.org\",\"@graph\":[{\"@type\":\"BlogPosting\",\"@id\":\"https:\\\/\\\/www.eldigitaldeasturias.com\\\/noticias\\\/roland-garros-2019-alemania-conquista-los-dobles\\\/#blogposting\",\"name\":\"Roland Garros 2019: Alemania conquista los dobles - El Digital de Asturias\",\"headline\":\"Roland Garros 2019: Alemania conquista los dobles\",\"author\":{\"@id\":\"https:\\\/\\\/www.eldigitaldeasturias.com\\\/noticias\\\/author\\\/admin\\\/#author\"},\"publisher\":{\"@id\":\"https:\\\/\\\/www.eldigitaldeasturias.com\\\/noticias\\\/#organization\"},\"image\":{\"@type\":\"ImageObject\",\"url\":\"https:\\\/\\\/www.eldigitaldeasturias.com\\\/noticias\\\/wp-content\\\/uploads\\\/2018\\\/04\\\/tennis-923659_960_720.jpg\",\"width\":960,\"height\":720},\"datePublished\":\"2019-06-09T17:56:08+02:00\",\"dateModified\":\"2019-06-09T17:56:08+02:00\",\"inLanguage\":\"es-ES\",\"mainEntityOfPage\":{\"@id\":\"https:\\\/\\\/www.eldigitaldeasturias.com\\\/noticias\\\/roland-garros-2019-alemania-conquista-los-dobles\\\/#webpage\"},\"isPartOf\":{\"@id\":\"https:\\\/\\\/www.eldigitaldeasturias.com\\\/noticias\\\/roland-garros-2019-alemania-conquista-los-dobles\\\/#webpage\"},\"articleSection\":\"Deportes\"},{\"@type\":\"BreadcrumbList\",\"@id\":\"https:\\\/\\\/www.eldigitaldeasturias.com\\\/noticias\\\/roland-garros-2019-alemania-conquista-los-dobles\\\/#breadcrumblist\",\"itemListElement\":[{\"@type\":\"ListItem\",\"@id\":\"https:\\\/\\\/www.eldigitaldeasturias.com\\\/noticias#listItem\",\"position\":1,\"name\":\"Home\",\"item\":\"https:\\\/\\\/www.eldigitaldeasturias.com\\\/noticias\",\"nextItem\":{\"@type\":\"ListItem\",\"@id\":\"https:\\\/\\\/www.eldigitaldeasturias.com\\\/noticias\\\/category\\\/deportes\\\/#listItem\",\"name\":\"Deportes\"}},{\"@type\":\"ListItem\",\"@id\":\"https:\\\/\\\/www.eldigitaldeasturias.com\\\/noticias\\\/category\\\/deportes\\\/#listItem\",\"position\":2,\"name\":\"Deportes\",\"item\":\"https:\\\/\\\/www.eldigitaldeasturias.com\\\/noticias\\\/category\\\/deportes\\\/\",\"nextItem\":{\"@type\":\"ListItem\",\"@id\":\"https:\\\/\\\/www.eldigitaldeasturias.com\\\/noticias\\\/roland-garros-2019-alemania-conquista-los-dobles\\\/#listItem\",\"name\":\"Roland Garros 2019: Alemania conquista los dobles\"},\"previousItem\":{\"@type\":\"ListItem\",\"@id\":\"https:\\\/\\\/www.eldigitaldeasturias.com\\\/noticias#listItem\",\"name\":\"Home\"}},{\"@type\":\"ListItem\",\"@id\":\"https:\\\/\\\/www.eldigitaldeasturias.com\\\/noticias\\\/roland-garros-2019-alemania-conquista-los-dobles\\\/#listItem\",\"position\":3,\"name\":\"Roland Garros 2019: Alemania conquista los dobles\",\"previousItem\":{\"@type\":\"ListItem\",\"@id\":\"https:\\\/\\\/www.eldigitaldeasturias.com\\\/noticias\\\/category\\\/deportes\\\/#listItem\",\"name\":\"Deportes\"}}]},{\"@type\":\"Organization\",\"@id\":\"https:\\\/\\\/www.eldigitaldeasturias.com\\\/noticias\\\/#organization\",\"name\":\"El Digital de Asturias\",\"description\":\"Hemeroteca\",\"url\":\"https:\\\/\\\/www.eldigitaldeasturias.com\\\/noticias\\\/\",\"email\":\"info@eldigitaldeasturias.com\",\"telephone\":\"+34652131393\",\"logo\":{\"@type\":\"ImageObject\",\"url\":\"https:\\\/\\\/www.eldigitaldeasturias.com\\\/noticias\\\/wp-content\\\/uploads\\\/2020\\\/12\\\/EDA.jpg\",\"@id\":\"https:\\\/\\\/www.eldigitaldeasturias.com\\\/noticias\\\/roland-garros-2019-alemania-conquista-los-dobles\\\/#organizationLogo\",\"width\":649,\"height\":297},\"image\":{\"@id\":\"https:\\\/\\\/www.eldigitaldeasturias.com\\\/noticias\\\/roland-garros-2019-alemania-conquista-los-dobles\\\/#organizationLogo\"},\"sameAs\":[\"https:\\\/\\\/facebook.com\\\/eldigitaldeasturias\",\"https:\\\/\\\/www.youtube.com\\\/channel\\\/UCZP-2wLEB9Rv6erhFmqVnvg\"],\"address\":{\"@id\":\"https:\\\/\\\/www.eldigitaldeasturias.com\\\/noticias\\\/#postaladdress\",\"@type\":\"PostalAddress\",\"streetAddress\":\"san antonio 4,\",\"postalCode\":\"33430\",\"addressLocality\":\"Cand\\u00e1s\",\"addressRegion\":\"Asturias\",\"addressCountry\":\"ES\"}},{\"@type\":\"Person\",\"@id\":\"https:\\\/\\\/www.eldigitaldeasturias.com\\\/noticias\\\/author\\\/admin\\\/#author\",\"url\":\"https:\\\/\\\/www.eldigitaldeasturias.com\\\/noticias\\\/author\\\/admin\\\/\",\"name\":\"El Digital de Asturias\",\"image\":{\"@type\":\"ImageObject\",\"@id\":\"https:\\\/\\\/www.eldigitaldeasturias.com\\\/noticias\\\/roland-garros-2019-alemania-conquista-los-dobles\\\/#authorImage\",\"url\":\"https:\\\/\\\/www.eldigitaldeasturias.com\\\/noticias\\\/wp-content\\\/litespeed\\\/avatar\\\/18677e78aa0546b92d9dbf31ec7d7668.jpg?ver=1777290358\",\"width\":96,\"height\":96,\"caption\":\"El Digital de Asturias\"}},{\"@type\":\"WebPage\",\"@id\":\"https:\\\/\\\/www.eldigitaldeasturias.com\\\/noticias\\\/roland-garros-2019-alemania-conquista-los-dobles\\\/#webpage\",\"url\":\"https:\\\/\\\/www.eldigitaldeasturias.com\\\/noticias\\\/roland-garros-2019-alemania-conquista-los-dobles\\\/\",\"name\":\"Roland Garros 2019: Alemania conquista los dobles - El Digital de Asturias\",\"description\":\"Par\\u00eds, 9 jun (dpa) \\u2013 La primera victoria de una pareja de dobles alemana en el Abierto de Francia tras 82 a\\u00f1os promet\\u00eda hacer historia, pero el triunfo de Kevin Krawietz y Andreas Mies no finaliz\\u00f3 durante la madrugada de hoy con la promesa de los dos tenistas germanos. \\\"Esta noche derribaremos la Torre Eiffel\\\",\",\"inLanguage\":\"es-ES\",\"isPartOf\":{\"@id\":\"https:\\\/\\\/www.eldigitaldeasturias.com\\\/noticias\\\/#website\"},\"breadcrumb\":{\"@id\":\"https:\\\/\\\/www.eldigitaldeasturias.com\\\/noticias\\\/roland-garros-2019-alemania-conquista-los-dobles\\\/#breadcrumblist\"},\"author\":{\"@id\":\"https:\\\/\\\/www.eldigitaldeasturias.com\\\/noticias\\\/author\\\/admin\\\/#author\"},\"creator\":{\"@id\":\"https:\\\/\\\/www.eldigitaldeasturias.com\\\/noticias\\\/author\\\/admin\\\/#author\"},\"image\":{\"@type\":\"ImageObject\",\"url\":\"https:\\\/\\\/www.eldigitaldeasturias.com\\\/noticias\\\/wp-content\\\/uploads\\\/2018\\\/04\\\/tennis-923659_960_720.jpg\",\"@id\":\"https:\\\/\\\/www.eldigitaldeasturias.com\\\/noticias\\\/roland-garros-2019-alemania-conquista-los-dobles\\\/#mainImage\",\"width\":960,\"height\":720},\"primaryImageOfPage\":{\"@id\":\"https:\\\/\\\/www.eldigitaldeasturias.com\\\/noticias\\\/roland-garros-2019-alemania-conquista-los-dobles\\\/#mainImage\"},\"datePublished\":\"2019-06-09T17:56:08+02:00\",\"dateModified\":\"2019-06-09T17:56:08+02:00\"},{\"@type\":\"WebSite\",\"@id\":\"https:\\\/\\\/www.eldigitaldeasturias.com\\\/noticias\\\/#website\",\"url\":\"https:\\\/\\\/www.eldigitaldeasturias.com\\\/noticias\\\/\",\"name\":\"El Digital de Asturias - Diario de actualidad y noticias\",\"alternateName\":\"El Digital de Asturias - Diario de actualidad y noticias\",\"description\":\"Hemeroteca\",\"inLanguage\":\"es-ES\",\"publisher\":{\"@id\":\"https:\\\/\\\/www.eldigitaldeasturias.com\\\/noticias\\\/#organization\"}}]}\n\t\t<\/script>\n\t\t<!-- All in One SEO Pro -->\r\n\t\t<title>Roland Garros 2019: Alemania conquista los dobles - El Digital de Asturias<\/title>\n\n","aioseo_head_json":{"title":"Roland Garros 2019: Alemania conquista los dobles - El Digital de Asturias","description":"Par\u00eds, 9 jun (dpa) \u2013 La primera victoria de una pareja de dobles alemana en el Abierto de Francia tras 82 a\u00f1os promet\u00eda hacer historia, pero el triunfo de Kevin Krawietz y Andreas Mies no finaliz\u00f3 durante la madrugada de hoy con la promesa de los dos tenistas germanos. \"Esta noche derribaremos la Torre Eiffel\",","canonical_url":"https:\/\/www.eldigitaldeasturias.com\/noticias\/roland-garros-2019-alemania-conquista-los-dobles\/","robots":"max-image-preview:large","keywords":"deportes","webmasterTools":{"google-site-verification":"UA-38556648-1","msvalidate.01":"7dfe9f3f1b24437ab69f4f2559babe99","miscellaneous":""},"schema":{"@context":"https:\/\/schema.org","@graph":[{"@type":"BlogPosting","@id":"https:\/\/www.eldigitaldeasturias.com\/noticias\/roland-garros-2019-alemania-conquista-los-dobles\/#blogposting","name":"Roland Garros 2019: Alemania conquista los dobles - El Digital de Asturias","headline":"Roland Garros 2019: Alemania conquista los dobles","author":{"@id":"https:\/\/www.eldigitaldeasturias.com\/noticias\/author\/admin\/#author"},"publisher":{"@id":"https:\/\/www.eldigitaldeasturias.com\/noticias\/#organization"},"image":{"@type":"ImageObject","url":"https:\/\/www.eldigitaldeasturias.com\/noticias\/wp-content\/uploads\/2018\/04\/tennis-923659_960_720.jpg","width":960,"height":720},"datePublished":"2019-06-09T17:56:08+02:00","dateModified":"2019-06-09T17:56:08+02:00","inLanguage":"es-ES","mainEntityOfPage":{"@id":"https:\/\/www.eldigitaldeasturias.com\/noticias\/roland-garros-2019-alemania-conquista-los-dobles\/#webpage"},"isPartOf":{"@id":"https:\/\/www.eldigitaldeasturias.com\/noticias\/roland-garros-2019-alemania-conquista-los-dobles\/#webpage"},"articleSection":"Deportes"},{"@type":"BreadcrumbList","@id":"https:\/\/www.eldigitaldeasturias.com\/noticias\/roland-garros-2019-alemania-conquista-los-dobles\/#breadcrumblist","itemListElement":[{"@type":"ListItem","@id":"https:\/\/www.eldigitaldeasturias.com\/noticias#listItem","position":1,"name":"Home","item":"https:\/\/www.eldigitaldeasturias.com\/noticias","nextItem":{"@type":"ListItem","@id":"https:\/\/www.eldigitaldeasturias.com\/noticias\/category\/deportes\/#listItem","name":"Deportes"}},{"@type":"ListItem","@id":"https:\/\/www.eldigitaldeasturias.com\/noticias\/category\/deportes\/#listItem","position":2,"name":"Deportes","item":"https:\/\/www.eldigitaldeasturias.com\/noticias\/category\/deportes\/","nextItem":{"@type":"ListItem","@id":"https:\/\/www.eldigitaldeasturias.com\/noticias\/roland-garros-2019-alemania-conquista-los-dobles\/#listItem","name":"Roland Garros 2019: Alemania conquista los dobles"},"previousItem":{"@type":"ListItem","@id":"https:\/\/www.eldigitaldeasturias.com\/noticias#listItem","name":"Home"}},{"@type":"ListItem","@id":"https:\/\/www.eldigitaldeasturias.com\/noticias\/roland-garros-2019-alemania-conquista-los-dobles\/#listItem","position":3,"name":"Roland Garros 2019: Alemania conquista los dobles","previousItem":{"@type":"ListItem","@id":"https:\/\/www.eldigitaldeasturias.com\/noticias\/category\/deportes\/#listItem","name":"Deportes"}}]},{"@type":"Organization","@id":"https:\/\/www.eldigitaldeasturias.com\/noticias\/#organization","name":"El Digital de Asturias","description":"Hemeroteca","url":"https:\/\/www.eldigitaldeasturias.com\/noticias\/","email":"info@eldigitaldeasturias.com","telephone":"+34652131393","logo":{"@type":"ImageObject","url":"https:\/\/www.eldigitaldeasturias.com\/noticias\/wp-content\/uploads\/2020\/12\/EDA.jpg","@id":"https:\/\/www.eldigitaldeasturias.com\/noticias\/roland-garros-2019-alemania-conquista-los-dobles\/#organizationLogo","width":649,"height":297},"image":{"@id":"https:\/\/www.eldigitaldeasturias.com\/noticias\/roland-garros-2019-alemania-conquista-los-dobles\/#organizationLogo"},"sameAs":["https:\/\/facebook.com\/eldigitaldeasturias","https:\/\/www.youtube.com\/channel\/UCZP-2wLEB9Rv6erhFmqVnvg"],"address":{"@id":"https:\/\/www.eldigitaldeasturias.com\/noticias\/#postaladdress","@type":"PostalAddress","streetAddress":"san antonio 4,","postalCode":"33430","addressLocality":"Cand\u00e1s","addressRegion":"Asturias","addressCountry":"ES"}},{"@type":"Person","@id":"https:\/\/www.eldigitaldeasturias.com\/noticias\/author\/admin\/#author","url":"https:\/\/www.eldigitaldeasturias.com\/noticias\/author\/admin\/","name":"El Digital de Asturias","image":{"@type":"ImageObject","@id":"https:\/\/www.eldigitaldeasturias.com\/noticias\/roland-garros-2019-alemania-conquista-los-dobles\/#authorImage","url":"https:\/\/www.eldigitaldeasturias.com\/noticias\/wp-content\/litespeed\/avatar\/18677e78aa0546b92d9dbf31ec7d7668.jpg?ver=1777290358","width":96,"height":96,"caption":"El Digital de Asturias"}},{"@type":"WebPage","@id":"https:\/\/www.eldigitaldeasturias.com\/noticias\/roland-garros-2019-alemania-conquista-los-dobles\/#webpage","url":"https:\/\/www.eldigitaldeasturias.com\/noticias\/roland-garros-2019-alemania-conquista-los-dobles\/","name":"Roland Garros 2019: Alemania conquista los dobles - El Digital de Asturias","description":"Par\u00eds, 9 jun (dpa) \u2013 La primera victoria de una pareja de dobles alemana en el Abierto de Francia tras 82 a\u00f1os promet\u00eda hacer historia, pero el triunfo de Kevin Krawietz y Andreas Mies no finaliz\u00f3 durante la madrugada de hoy con la promesa de los dos tenistas germanos. \"Esta noche derribaremos la Torre Eiffel\",","inLanguage":"es-ES","isPartOf":{"@id":"https:\/\/www.eldigitaldeasturias.com\/noticias\/#website"},"breadcrumb":{"@id":"https:\/\/www.eldigitaldeasturias.com\/noticias\/roland-garros-2019-alemania-conquista-los-dobles\/#breadcrumblist"},"author":{"@id":"https:\/\/www.eldigitaldeasturias.com\/noticias\/author\/admin\/#author"},"creator":{"@id":"https:\/\/www.eldigitaldeasturias.com\/noticias\/author\/admin\/#author"},"image":{"@type":"ImageObject","url":"https:\/\/www.eldigitaldeasturias.com\/noticias\/wp-content\/uploads\/2018\/04\/tennis-923659_960_720.jpg","@id":"https:\/\/www.eldigitaldeasturias.com\/noticias\/roland-garros-2019-alemania-conquista-los-dobles\/#mainImage","width":960,"height":720},"primaryImageOfPage":{"@id":"https:\/\/www.eldigitaldeasturias.com\/noticias\/roland-garros-2019-alemania-conquista-los-dobles\/#mainImage"},"datePublished":"2019-06-09T17:56:08+02:00","dateModified":"2019-06-09T17:56:08+02:00"},{"@type":"WebSite","@id":"https:\/\/www.eldigitaldeasturias.com\/noticias\/#website","url":"https:\/\/www.eldigitaldeasturias.com\/noticias\/","name":"El Digital de Asturias - Diario de actualidad y noticias","alternateName":"El Digital de Asturias - Diario de actualidad y noticias","description":"Hemeroteca","inLanguage":"es-ES","publisher":{"@id":"https:\/\/www.eldigitaldeasturias.com\/noticias\/#organization"}}]},"og:locale":"es_ES","og:site_name":"El Digital de Asturias","og:type":"article","og:title":"Roland Garros 2019: Alemania conquista los dobles - El Digital de Asturias","og:description":"Par\u00eds, 9 jun (dpa) \u2013 La primera victoria de una pareja de dobles alemana en el Abierto de Francia tras 82 a\u00f1os promet\u00eda hacer historia, pero el triunfo de Kevin Krawietz y Andreas Mies no finaliz\u00f3 durante la madrugada de hoy con la promesa de los dos tenistas germanos. &quot;Esta noche derribaremos la Torre Eiffel&quot;,","og:url":"https:\/\/www.eldigitaldeasturias.com\/noticias\/roland-garros-2019-alemania-conquista-los-dobles\/","og:image":"https:\/\/www.eldigitaldeasturias.com\/noticias\/wp-content\/uploads\/2018\/04\/tennis-923659_960_720.jpg","og:image:secure_url":"https:\/\/www.eldigitaldeasturias.com\/noticias\/wp-content\/uploads\/2018\/04\/tennis-923659_960_720.jpg","og:image:width":960,"og:image:height":720,"article:tag":["deportes"],"article:published_time":"2019-06-09T17:56:08+00:00","article:modified_time":"2019-06-09T17:56:08+00:00","article:publisher":"https:\/\/facebook.com\/eldigitaldeasturias","twitter:card":"summary_large_image","twitter:title":"Roland Garros 2019: Alemania conquista los dobles - El Digital de Asturias","twitter:description":"Par\u00eds, 9 jun (dpa) \u2013 La primera victoria de una pareja de dobles alemana en el Abierto de Francia tras 82 a\u00f1os promet\u00eda hacer historia, pero el triunfo de Kevin Krawietz y Andreas Mies no finaliz\u00f3 durante la madrugada de hoy con la promesa de los dos tenistas germanos. &quot;Esta noche derribaremos la Torre Eiffel&quot;,","twitter:image":"https:\/\/www.eldigitaldeasturias.com\/noticias\/wp-content\/uploads\/2018\/04\/tennis-923659_960_720.jpg","twitter:label1":"Escrito por","twitter:data1":"El Digital de Asturias","twitter:label2":"Tiempo de lectura estimado","twitter:data2":"2 minutos"},"aioseo_meta_data":{"post_id":"1030210","title":null,"description":null,"keywords":null,"keyphrases":null,"primary_term":null,"canonical_url":null,"og_title":null,"og_description":null,"og_object_type":"default","og_image_type":"default","og_image_url":null,"og_image_width":null,"og_image_height":null,"og_image_custom_url":null,"og_image_custom_fields":null,"og_video":null,"og_custom_url":null,"og_article_section":null,"og_article_tags":null,"twitter_use_og":false,"twitter_card":"default","twitter_image_type":"default","twitter_image_url":null,"twitter_image_custom_url":null,"twitter_image_custom_fields":null,"twitter_title":null,"twitter_description":null,"schema":{"blockGraphs":[],"customGraphs":[],"default":{"data":{"Article":[],"Course":[],"Dataset":[],"FAQPage":[],"Movie":[],"Person":[],"Product":[],"ProductReview":[],"Car":[],"Recipe":[],"Service":[],"SoftwareApplication":[],"WebPage":[]},"graphName":"","isEnabled":true},"graphs":[],"defaultGraph":"","defaultPostTypeGraph":""},"schema_type":null,"schema_type_options":null,"pillar_content":false,"robots_default":true,"robots_noindex":false,"robots_noarchive":false,"robots_nosnippet":false,"robots_nofollow":false,"robots_noimageindex":false,"robots_noodp":false,"robots_notranslate":false,"robots_max_snippet":null,"robots_max_videopreview":null,"robots_max_imagepreview":"large","priority":null,"frequency":null,"local_seo":null,"seo_analyzer_scan_date":"2025-10-18 14:56:12","breadcrumb_settings":null,"limit_modified_date":false,"open_ai":null,"ai":null,"created":"2020-12-21 11:10:44","updated":"2025-10-18 14:56:12"},"aioseo_breadcrumb":"<div class=\"aioseo-breadcrumbs\"><span class=\"aioseo-breadcrumb\">\n\t<a href=\"https:\/\/www.eldigitaldeasturias.com\/noticias\" title=\"Home\">Home<\/a>\n<\/span><span class=\"aioseo-breadcrumb-separator\">\u2013<\/span><span class=\"aioseo-breadcrumb\">\n\t<a href=\"https:\/\/www.eldigitaldeasturias.com\/noticias\/category\/deportes\/\" title=\"Deportes\">Deportes<\/a>\n<\/span><span class=\"aioseo-breadcrumb-separator\">\u2013<\/span><span class=\"aioseo-breadcrumb\">\n\t<a href=\"https:\/\/www.eldigitaldeasturias.com\/noticias\/roland-garros-2019-alemania-conquista-los-dobles\/\" title=\"Roland Garros 2019: Alemania conquista los dobles\">Roland Garros 2019: Alemania conquista los dobles<\/a>\n<\/span><\/div>","aioseo_breadcrumb_json":[{"label":"Home","link":"https:\/\/www.eldigitaldeasturias.com\/noticias"},{"label":"Deportes","link":"https:\/\/www.eldigitaldeasturias.com\/noticias\/category\/deportes\/"},{"label":"Roland Garros 2019: Alemania conquista los dobles","link":"https:\/\/www.eldigitaldeasturias.com\/noticias\/roland-garros-2019-alemania-conquista-los-dobles\/"}],"_links":{"self":[{"href":"https:\/\/www.eldigitaldeasturias.com\/noticias\/wp-json\/wp\/v2\/posts\/1030210","targetHints":{"allow":["GET"]}}],"collection":[{"href":"https:\/\/www.eldigitaldeasturias.com\/noticias\/wp-json\/wp\/v2\/posts"}],"about":[{"href":"https:\/\/www.eldigitaldeasturias.com\/noticias\/wp-json\/wp\/v2\/types\/post"}],"author":[{"embeddable":true,"href":"https:\/\/www.eldigitaldeasturias.com\/noticias\/wp-json\/wp\/v2\/users\/1"}],"replies":[{"embeddable":true,"href":"https:\/\/www.eldigitaldeasturias.com\/noticias\/wp-json\/wp\/v2\/comments?post=1030210"}],"version-history":[{"count":0,"href":"https:\/\/www.eldigitaldeasturias.com\/noticias\/wp-json\/wp\/v2\/posts\/1030210\/revisions"}],"wp:featuredmedia":[{"embeddable":true,"href":"https:\/\/www.eldigitaldeasturias.com\/noticias\/wp-json\/wp\/v2\/media\/978237"}],"wp:attachment":[{"href":"https:\/\/www.eldigitaldeasturias.com\/noticias\/wp-json\/wp\/v2\/media?parent=1030210"}],"wp:term":[{"taxonomy":"category","embeddable":true,"href":"https:\/\/www.eldigitaldeasturias.com\/noticias\/wp-json\/wp\/v2\/categories?post=1030210"},{"taxonomy":"post_tag","embeddable":true,"href":"https:\/\/www.eldigitaldeasturias.com\/noticias\/wp-json\/wp\/v2\/tags?post=1030210"}],"curies":[{"name":"wp","href":"https:\/\/api.w.org\/{rel}","templated":true}]}}