{"id":1030116,"date":"2019-06-08T21:28:58","date_gmt":"2019-06-08T21:28:58","guid":{"rendered":"https:\/\/www.eldigitaldeasturias.com\/noticias\/?p=1030116"},"modified":"2019-06-08T21:28:58","modified_gmt":"2019-06-08T21:28:58","slug":"los-efectos-del-impuesto-minimo-mundial-a-las-grandes-empresas","status":"publish","type":"post","link":"https:\/\/www.eldigitaldeasturias.com\/noticias\/los-efectos-del-impuesto-minimo-mundial-a-las-grandes-empresas\/","title":{"rendered":"Los efectos del impuesto m\u00ednimo mundial a las grandes empresas"},"content":{"rendered":"<p><img loading=\"lazy\" decoding=\"async\" class=\"alignleft size-medium wp-image-822740\" src=\"https:\/\/www.eldigitaldeasturias.com\/noticias\/wp-content\/uploads\/2015\/11\/euros-360x241.jpg\" alt=\"\" width=\"360\" height=\"241\" srcset=\"https:\/\/www.eldigitaldeasturias.com\/noticias\/wp-content\/uploads\/2015\/11\/euros-360x241.jpg 360w, https:\/\/www.eldigitaldeasturias.com\/noticias\/wp-content\/uploads\/2015\/11\/euros-696x466.jpg 696w, https:\/\/www.eldigitaldeasturias.com\/noticias\/wp-content\/uploads\/2015\/11\/euros-627x420.jpg 627w, https:\/\/www.eldigitaldeasturias.com\/noticias\/wp-content\/uploads\/2015\/11\/euros-768x515.jpg 768w, https:\/\/www.eldigitaldeasturias.com\/noticias\/wp-content\/uploads\/2015\/11\/euros-650x436.jpg 650w, https:\/\/www.eldigitaldeasturias.com\/noticias\/wp-content\/uploads\/2015\/11\/euros.jpg 800w\" sizes=\"auto, (max-width: 360px) 100vw, 360px\" \/>Fukuoka (Jap\u00f3n), 8 jun (dpa) &#8211; El inminente acuerdo sobre un <strong>impuesto m\u00ednimo mundial para las grandes empresas<\/strong> tambi\u00e9n generar\u00e1 ingresos adicionales para Alemania, anticip\u00f3 hoy el ministro alem\u00e1n de Finanzas, Olaf Scholz, en Jap\u00f3n.<\/p>\n<p>\u00abEl sistema de impuestos m\u00ednimos definitivamente generar\u00e1 ingresos adicionales\u00bb, dijo Scholz en la reuni\u00f3n de las autoridades econ\u00f3micas de los principales pa\u00edses industrializados y emergentes que integran el Grupo de los 20 (G20) en Fukuoka, Jap\u00f3n.<\/p>\n<p>En cuanto a la redistribuci\u00f3n de los derechos fiscales nacionales, Scholz dijo: \u00abPor lo dem\u00e1s, por supuesto, somos una gran naci\u00f3n exportadora. Si se definen nuevas normas tributarias a la econom\u00eda digital -y podemos suponer con seguridad que se har\u00e1- tambi\u00e9n trabajaremos para que no haya ninguna que ponga en peligro los impuestos que recaudamos hoy\u00bb.<\/p>\n<p>El trasfondo de esto es que gigantes digitales como Google y Facebook pagan un impuesto significativamente menor en promedio que las empresas industriales tradicionales. Por lo tanto, <strong>el G20 quiere introducir unos tipos m\u00ednimos mundiales para evitar una fuga a los para\u00edsos fiscales<\/strong>.<\/p>\n<p>Al mismo tiempo, los derechos fiscales deber\u00e1n regularse nuevamente. Hasta ahora, en primer lugar se gravaba a empresas con sede o presencia f\u00edsica en el pa\u00eds. Alemania se beneficia de ello ya que es una potencia industrial y exportadora. En el futuro,<\/p>\n<p>En el futuro, esto deber\u00eda orientarse m\u00e1s hacia los pa\u00edses en los que se encuentran los mercados o los usuarios de servicios en l\u00ednea. <strong>Los acuerdos concretos sobre el nuevo sistema tributario deber\u00edan alcanzarse para 2020 a m\u00e1s tardar<\/strong>.<\/p>\n<p>&nbsp;<\/p>\n","protected":false},"excerpt":{"rendered":"<p>Fukuoka (Jap\u00f3n), 8 jun (dpa) &#8211; El inminente acuerdo sobre un impuesto m\u00ednimo mundial para las grandes empresas tambi\u00e9n generar\u00e1 ingresos adicionales para Alemania, anticip\u00f3 hoy el ministro alem\u00e1n de Finanzas, Olaf Scholz, en Jap\u00f3n. \u00abEl sistema de impuestos m\u00ednimos definitivamente generar\u00e1 ingresos adicionales\u00bb, dijo Scholz en la reuni\u00f3n de las autoridades econ\u00f3micas de los [&hellip;]<\/p>\n","protected":false},"author":1,"featured_media":1011340,"comment_status":"closed","ping_status":"closed","sticky":false,"template":"","format":"standard","meta":{"footnotes":""},"categories":[219],"tags":[],"class_list":["post-1030116","post","type-post","status-publish","format-standard","has-post-thumbnail","hentry","category-negocios-y-empresas"],"aioseo_notices":[],"aioseo_head":"\n\t\t<!-- All in One SEO Pro 4.9.6.2 - aioseo.com -->\n\t<meta name=\"description\" content=\"Fukuoka (Jap\u00f3n), 8 jun (dpa) - El inminente acuerdo sobre un impuesto m\u00ednimo mundial para las grandes empresas tambi\u00e9n generar\u00e1 ingresos adicionales para Alemania, anticip\u00f3 hoy el ministro alem\u00e1n de Finanzas, Olaf Scholz, en Jap\u00f3n. &quot;El sistema de impuestos m\u00ednimos definitivamente generar\u00e1 ingresos adicionales&quot;, dijo Scholz en la reuni\u00f3n de las autoridades econ\u00f3micas de los\" \/>\n\t<meta name=\"robots\" content=\"max-image-preview:large\" \/>\n\t<meta name=\"author\" content=\"El Digital de Asturias\"\/>\n\t<meta name=\"google-site-verification\" content=\"UA-38556648-1\" \/>\n\t<meta name=\"msvalidate.01\" content=\"7dfe9f3f1b24437ab69f4f2559babe99\" \/>\n\t<meta name=\"keywords\" content=\"negocios y empresas\" \/>\n\t<link rel=\"canonical\" href=\"https:\/\/www.eldigitaldeasturias.com\/noticias\/los-efectos-del-impuesto-minimo-mundial-a-las-grandes-empresas\/\" \/>\n\t<meta name=\"generator\" content=\"All in One SEO Pro (AIOSEO) 4.9.6.2\" \/>\n\t\t<meta property=\"og:locale\" content=\"es_ES\" \/>\n\t\t<meta property=\"og:site_name\" content=\"El Digital de Asturias\" \/>\n\t\t<meta property=\"og:type\" content=\"article\" \/>\n\t\t<meta property=\"og:title\" content=\"Los efectos del impuesto m\u00ednimo mundial a las grandes empresas - El Digital de Asturias\" \/>\n\t\t<meta property=\"og:description\" content=\"Fukuoka (Jap\u00f3n), 8 jun (dpa) - El inminente acuerdo sobre un impuesto m\u00ednimo mundial para las grandes empresas tambi\u00e9n generar\u00e1 ingresos adicionales para Alemania, anticip\u00f3 hoy el ministro alem\u00e1n de Finanzas, Olaf Scholz, en Jap\u00f3n. &quot;El sistema de impuestos m\u00ednimos definitivamente generar\u00e1 ingresos adicionales&quot;, dijo Scholz en la reuni\u00f3n de las autoridades econ\u00f3micas de los\" \/>\n\t\t<meta property=\"og:url\" content=\"https:\/\/www.eldigitaldeasturias.com\/noticias\/los-efectos-del-impuesto-minimo-mundial-a-las-grandes-empresas\/\" \/>\n\t\t<meta property=\"og:image\" content=\"https:\/\/www.eldigitaldeasturias.com\/noticias\/wp-content\/uploads\/2018\/12\/1531812134890billetes_euros1_estandardn.jpg\" \/>\n\t\t<meta property=\"og:image:secure_url\" content=\"https:\/\/www.eldigitaldeasturias.com\/noticias\/wp-content\/uploads\/2018\/12\/1531812134890billetes_euros1_estandardn.jpg\" \/>\n\t\t<meta property=\"og:image:width\" content=\"930\" \/>\n\t\t<meta property=\"og:image:height\" content=\"548\" \/>\n\t\t<meta property=\"article:tag\" content=\"negocios y empresas\" \/>\n\t\t<meta property=\"article:published_time\" content=\"2019-06-08T21:28:58+00:00\" \/>\n\t\t<meta property=\"article:modified_time\" content=\"2019-06-08T21:28:58+00:00\" \/>\n\t\t<meta property=\"article:publisher\" content=\"https:\/\/facebook.com\/eldigitaldeasturias\" \/>\n\t\t<meta name=\"twitter:card\" content=\"summary_large_image\" \/>\n\t\t<meta name=\"twitter:title\" content=\"Los efectos del impuesto m\u00ednimo mundial a las grandes empresas - El Digital de Asturias\" \/>\n\t\t<meta name=\"twitter:description\" content=\"Fukuoka (Jap\u00f3n), 8 jun (dpa) - El inminente acuerdo sobre un impuesto m\u00ednimo mundial para las grandes empresas tambi\u00e9n generar\u00e1 ingresos adicionales para Alemania, anticip\u00f3 hoy el ministro alem\u00e1n de Finanzas, Olaf Scholz, en Jap\u00f3n. &quot;El sistema de impuestos m\u00ednimos definitivamente generar\u00e1 ingresos adicionales&quot;, dijo Scholz en la reuni\u00f3n de las autoridades econ\u00f3micas de los\" \/>\n\t\t<meta name=\"twitter:image\" content=\"https:\/\/www.eldigitaldeasturias.com\/noticias\/wp-content\/uploads\/2018\/12\/1531812134890billetes_euros1_estandardn.jpg\" \/>\n\t\t<meta name=\"twitter:label1\" content=\"Escrito por\" \/>\n\t\t<meta name=\"twitter:data1\" content=\"El Digital de Asturias\" \/>\n\t\t<meta name=\"twitter:label2\" content=\"Tiempo de lectura estimado\" \/>\n\t\t<meta name=\"twitter:data2\" content=\"1 minuto\" \/>\n\t\t<script type=\"application\/ld+json\" class=\"aioseo-schema\">\n\t\t\t{\"@context\":\"https:\\\/\\\/schema.org\",\"@graph\":[{\"@type\":\"BlogPosting\",\"@id\":\"https:\\\/\\\/www.eldigitaldeasturias.com\\\/noticias\\\/los-efectos-del-impuesto-minimo-mundial-a-las-grandes-empresas\\\/#blogposting\",\"name\":\"Los efectos del impuesto m\\u00ednimo mundial a las grandes empresas - El Digital de Asturias\",\"headline\":\"Los efectos del impuesto m\\u00ednimo mundial a las grandes empresas\",\"author\":{\"@id\":\"https:\\\/\\\/www.eldigitaldeasturias.com\\\/noticias\\\/author\\\/admin\\\/#author\"},\"publisher\":{\"@id\":\"https:\\\/\\\/www.eldigitaldeasturias.com\\\/noticias\\\/#organization\"},\"image\":{\"@type\":\"ImageObject\",\"url\":\"https:\\\/\\\/www.eldigitaldeasturias.com\\\/noticias\\\/wp-content\\\/uploads\\\/2018\\\/12\\\/1531812134890billetes_euros1_estandardn.jpg\",\"width\":930,\"height\":548},\"datePublished\":\"2019-06-08T21:28:58+02:00\",\"dateModified\":\"2019-06-08T21:28:58+02:00\",\"inLanguage\":\"es-ES\",\"mainEntityOfPage\":{\"@id\":\"https:\\\/\\\/www.eldigitaldeasturias.com\\\/noticias\\\/los-efectos-del-impuesto-minimo-mundial-a-las-grandes-empresas\\\/#webpage\"},\"isPartOf\":{\"@id\":\"https:\\\/\\\/www.eldigitaldeasturias.com\\\/noticias\\\/los-efectos-del-impuesto-minimo-mundial-a-las-grandes-empresas\\\/#webpage\"},\"articleSection\":\"Negocios y Empresas\"},{\"@type\":\"BreadcrumbList\",\"@id\":\"https:\\\/\\\/www.eldigitaldeasturias.com\\\/noticias\\\/los-efectos-del-impuesto-minimo-mundial-a-las-grandes-empresas\\\/#breadcrumblist\",\"itemListElement\":[{\"@type\":\"ListItem\",\"@id\":\"https:\\\/\\\/www.eldigitaldeasturias.com\\\/noticias#listItem\",\"position\":1,\"name\":\"Home\",\"item\":\"https:\\\/\\\/www.eldigitaldeasturias.com\\\/noticias\",\"nextItem\":{\"@type\":\"ListItem\",\"@id\":\"https:\\\/\\\/www.eldigitaldeasturias.com\\\/noticias\\\/category\\\/negocios-y-empresas\\\/#listItem\",\"name\":\"Negocios y Empresas\"}},{\"@type\":\"ListItem\",\"@id\":\"https:\\\/\\\/www.eldigitaldeasturias.com\\\/noticias\\\/category\\\/negocios-y-empresas\\\/#listItem\",\"position\":2,\"name\":\"Negocios y Empresas\",\"item\":\"https:\\\/\\\/www.eldigitaldeasturias.com\\\/noticias\\\/category\\\/negocios-y-empresas\\\/\",\"nextItem\":{\"@type\":\"ListItem\",\"@id\":\"https:\\\/\\\/www.eldigitaldeasturias.com\\\/noticias\\\/los-efectos-del-impuesto-minimo-mundial-a-las-grandes-empresas\\\/#listItem\",\"name\":\"Los efectos del impuesto m\\u00ednimo mundial a las grandes empresas\"},\"previousItem\":{\"@type\":\"ListItem\",\"@id\":\"https:\\\/\\\/www.eldigitaldeasturias.com\\\/noticias#listItem\",\"name\":\"Home\"}},{\"@type\":\"ListItem\",\"@id\":\"https:\\\/\\\/www.eldigitaldeasturias.com\\\/noticias\\\/los-efectos-del-impuesto-minimo-mundial-a-las-grandes-empresas\\\/#listItem\",\"position\":3,\"name\":\"Los efectos del impuesto m\\u00ednimo mundial a las grandes empresas\",\"previousItem\":{\"@type\":\"ListItem\",\"@id\":\"https:\\\/\\\/www.eldigitaldeasturias.com\\\/noticias\\\/category\\\/negocios-y-empresas\\\/#listItem\",\"name\":\"Negocios y Empresas\"}}]},{\"@type\":\"Organization\",\"@id\":\"https:\\\/\\\/www.eldigitaldeasturias.com\\\/noticias\\\/#organization\",\"name\":\"El Digital de Asturias\",\"description\":\"Hemeroteca\",\"url\":\"https:\\\/\\\/www.eldigitaldeasturias.com\\\/noticias\\\/\",\"email\":\"info@eldigitaldeasturias.com\",\"telephone\":\"+34652131393\",\"logo\":{\"@type\":\"ImageObject\",\"url\":\"https:\\\/\\\/www.eldigitaldeasturias.com\\\/noticias\\\/wp-content\\\/uploads\\\/2020\\\/12\\\/EDA.jpg\",\"@id\":\"https:\\\/\\\/www.eldigitaldeasturias.com\\\/noticias\\\/los-efectos-del-impuesto-minimo-mundial-a-las-grandes-empresas\\\/#organizationLogo\",\"width\":649,\"height\":297},\"image\":{\"@id\":\"https:\\\/\\\/www.eldigitaldeasturias.com\\\/noticias\\\/los-efectos-del-impuesto-minimo-mundial-a-las-grandes-empresas\\\/#organizationLogo\"},\"sameAs\":[\"https:\\\/\\\/facebook.com\\\/eldigitaldeasturias\",\"https:\\\/\\\/www.youtube.com\\\/channel\\\/UCZP-2wLEB9Rv6erhFmqVnvg\"],\"address\":{\"@id\":\"https:\\\/\\\/www.eldigitaldeasturias.com\\\/noticias\\\/#postaladdress\",\"@type\":\"PostalAddress\",\"streetAddress\":\"san antonio 4,\",\"postalCode\":\"33430\",\"addressLocality\":\"Cand\\u00e1s\",\"addressRegion\":\"Asturias\",\"addressCountry\":\"ES\"}},{\"@type\":\"Person\",\"@id\":\"https:\\\/\\\/www.eldigitaldeasturias.com\\\/noticias\\\/author\\\/admin\\\/#author\",\"url\":\"https:\\\/\\\/www.eldigitaldeasturias.com\\\/noticias\\\/author\\\/admin\\\/\",\"name\":\"El Digital de Asturias\",\"image\":{\"@type\":\"ImageObject\",\"@id\":\"https:\\\/\\\/www.eldigitaldeasturias.com\\\/noticias\\\/los-efectos-del-impuesto-minimo-mundial-a-las-grandes-empresas\\\/#authorImage\",\"url\":\"https:\\\/\\\/www.eldigitaldeasturias.com\\\/noticias\\\/wp-content\\\/litespeed\\\/avatar\\\/18677e78aa0546b92d9dbf31ec7d7668.jpg?ver=1777290358\",\"width\":96,\"height\":96,\"caption\":\"El Digital de Asturias\"}},{\"@type\":\"WebPage\",\"@id\":\"https:\\\/\\\/www.eldigitaldeasturias.com\\\/noticias\\\/los-efectos-del-impuesto-minimo-mundial-a-las-grandes-empresas\\\/#webpage\",\"url\":\"https:\\\/\\\/www.eldigitaldeasturias.com\\\/noticias\\\/los-efectos-del-impuesto-minimo-mundial-a-las-grandes-empresas\\\/\",\"name\":\"Los efectos del impuesto m\\u00ednimo mundial a las grandes empresas - El Digital de Asturias\",\"description\":\"Fukuoka (Jap\\u00f3n), 8 jun (dpa) - El inminente acuerdo sobre un impuesto m\\u00ednimo mundial para las grandes empresas tambi\\u00e9n generar\\u00e1 ingresos adicionales para Alemania, anticip\\u00f3 hoy el ministro alem\\u00e1n de Finanzas, Olaf Scholz, en Jap\\u00f3n. \\\"El sistema de impuestos m\\u00ednimos definitivamente generar\\u00e1 ingresos adicionales\\\", dijo Scholz en la reuni\\u00f3n de las autoridades econ\\u00f3micas de los\",\"inLanguage\":\"es-ES\",\"isPartOf\":{\"@id\":\"https:\\\/\\\/www.eldigitaldeasturias.com\\\/noticias\\\/#website\"},\"breadcrumb\":{\"@id\":\"https:\\\/\\\/www.eldigitaldeasturias.com\\\/noticias\\\/los-efectos-del-impuesto-minimo-mundial-a-las-grandes-empresas\\\/#breadcrumblist\"},\"author\":{\"@id\":\"https:\\\/\\\/www.eldigitaldeasturias.com\\\/noticias\\\/author\\\/admin\\\/#author\"},\"creator\":{\"@id\":\"https:\\\/\\\/www.eldigitaldeasturias.com\\\/noticias\\\/author\\\/admin\\\/#author\"},\"image\":{\"@type\":\"ImageObject\",\"url\":\"https:\\\/\\\/www.eldigitaldeasturias.com\\\/noticias\\\/wp-content\\\/uploads\\\/2018\\\/12\\\/1531812134890billetes_euros1_estandardn.jpg\",\"@id\":\"https:\\\/\\\/www.eldigitaldeasturias.com\\\/noticias\\\/los-efectos-del-impuesto-minimo-mundial-a-las-grandes-empresas\\\/#mainImage\",\"width\":930,\"height\":548},\"primaryImageOfPage\":{\"@id\":\"https:\\\/\\\/www.eldigitaldeasturias.com\\\/noticias\\\/los-efectos-del-impuesto-minimo-mundial-a-las-grandes-empresas\\\/#mainImage\"},\"datePublished\":\"2019-06-08T21:28:58+02:00\",\"dateModified\":\"2019-06-08T21:28:58+02:00\"},{\"@type\":\"WebSite\",\"@id\":\"https:\\\/\\\/www.eldigitaldeasturias.com\\\/noticias\\\/#website\",\"url\":\"https:\\\/\\\/www.eldigitaldeasturias.com\\\/noticias\\\/\",\"name\":\"El Digital de Asturias - Diario de actualidad y noticias\",\"alternateName\":\"El Digital de Asturias - Diario de actualidad y noticias\",\"description\":\"Hemeroteca\",\"inLanguage\":\"es-ES\",\"publisher\":{\"@id\":\"https:\\\/\\\/www.eldigitaldeasturias.com\\\/noticias\\\/#organization\"}}]}\n\t\t<\/script>\n\t\t<!-- All in One SEO Pro -->\r\n\t\t<title>Los efectos del impuesto m\u00ednimo mundial a las grandes empresas - El Digital de Asturias<\/title>\n\n","aioseo_head_json":{"title":"Los efectos del impuesto m\u00ednimo mundial a las grandes empresas - El Digital de Asturias","description":"Fukuoka (Jap\u00f3n), 8 jun (dpa) - El inminente acuerdo sobre un impuesto m\u00ednimo mundial para las grandes empresas tambi\u00e9n generar\u00e1 ingresos adicionales para Alemania, anticip\u00f3 hoy el ministro alem\u00e1n de Finanzas, Olaf Scholz, en Jap\u00f3n. \"El sistema de impuestos m\u00ednimos definitivamente generar\u00e1 ingresos adicionales\", dijo Scholz en la reuni\u00f3n de las autoridades econ\u00f3micas de los","canonical_url":"https:\/\/www.eldigitaldeasturias.com\/noticias\/los-efectos-del-impuesto-minimo-mundial-a-las-grandes-empresas\/","robots":"max-image-preview:large","keywords":"negocios y empresas","webmasterTools":{"google-site-verification":"UA-38556648-1","msvalidate.01":"7dfe9f3f1b24437ab69f4f2559babe99","miscellaneous":""},"schema":{"@context":"https:\/\/schema.org","@graph":[{"@type":"BlogPosting","@id":"https:\/\/www.eldigitaldeasturias.com\/noticias\/los-efectos-del-impuesto-minimo-mundial-a-las-grandes-empresas\/#blogposting","name":"Los efectos del impuesto m\u00ednimo mundial a las grandes empresas - El Digital de Asturias","headline":"Los efectos del impuesto m\u00ednimo mundial a las grandes empresas","author":{"@id":"https:\/\/www.eldigitaldeasturias.com\/noticias\/author\/admin\/#author"},"publisher":{"@id":"https:\/\/www.eldigitaldeasturias.com\/noticias\/#organization"},"image":{"@type":"ImageObject","url":"https:\/\/www.eldigitaldeasturias.com\/noticias\/wp-content\/uploads\/2018\/12\/1531812134890billetes_euros1_estandardn.jpg","width":930,"height":548},"datePublished":"2019-06-08T21:28:58+02:00","dateModified":"2019-06-08T21:28:58+02:00","inLanguage":"es-ES","mainEntityOfPage":{"@id":"https:\/\/www.eldigitaldeasturias.com\/noticias\/los-efectos-del-impuesto-minimo-mundial-a-las-grandes-empresas\/#webpage"},"isPartOf":{"@id":"https:\/\/www.eldigitaldeasturias.com\/noticias\/los-efectos-del-impuesto-minimo-mundial-a-las-grandes-empresas\/#webpage"},"articleSection":"Negocios y Empresas"},{"@type":"BreadcrumbList","@id":"https:\/\/www.eldigitaldeasturias.com\/noticias\/los-efectos-del-impuesto-minimo-mundial-a-las-grandes-empresas\/#breadcrumblist","itemListElement":[{"@type":"ListItem","@id":"https:\/\/www.eldigitaldeasturias.com\/noticias#listItem","position":1,"name":"Home","item":"https:\/\/www.eldigitaldeasturias.com\/noticias","nextItem":{"@type":"ListItem","@id":"https:\/\/www.eldigitaldeasturias.com\/noticias\/category\/negocios-y-empresas\/#listItem","name":"Negocios y Empresas"}},{"@type":"ListItem","@id":"https:\/\/www.eldigitaldeasturias.com\/noticias\/category\/negocios-y-empresas\/#listItem","position":2,"name":"Negocios y Empresas","item":"https:\/\/www.eldigitaldeasturias.com\/noticias\/category\/negocios-y-empresas\/","nextItem":{"@type":"ListItem","@id":"https:\/\/www.eldigitaldeasturias.com\/noticias\/los-efectos-del-impuesto-minimo-mundial-a-las-grandes-empresas\/#listItem","name":"Los efectos del impuesto m\u00ednimo mundial a las grandes empresas"},"previousItem":{"@type":"ListItem","@id":"https:\/\/www.eldigitaldeasturias.com\/noticias#listItem","name":"Home"}},{"@type":"ListItem","@id":"https:\/\/www.eldigitaldeasturias.com\/noticias\/los-efectos-del-impuesto-minimo-mundial-a-las-grandes-empresas\/#listItem","position":3,"name":"Los efectos del impuesto m\u00ednimo mundial a las grandes empresas","previousItem":{"@type":"ListItem","@id":"https:\/\/www.eldigitaldeasturias.com\/noticias\/category\/negocios-y-empresas\/#listItem","name":"Negocios y Empresas"}}]},{"@type":"Organization","@id":"https:\/\/www.eldigitaldeasturias.com\/noticias\/#organization","name":"El Digital de Asturias","description":"Hemeroteca","url":"https:\/\/www.eldigitaldeasturias.com\/noticias\/","email":"info@eldigitaldeasturias.com","telephone":"+34652131393","logo":{"@type":"ImageObject","url":"https:\/\/www.eldigitaldeasturias.com\/noticias\/wp-content\/uploads\/2020\/12\/EDA.jpg","@id":"https:\/\/www.eldigitaldeasturias.com\/noticias\/los-efectos-del-impuesto-minimo-mundial-a-las-grandes-empresas\/#organizationLogo","width":649,"height":297},"image":{"@id":"https:\/\/www.eldigitaldeasturias.com\/noticias\/los-efectos-del-impuesto-minimo-mundial-a-las-grandes-empresas\/#organizationLogo"},"sameAs":["https:\/\/facebook.com\/eldigitaldeasturias","https:\/\/www.youtube.com\/channel\/UCZP-2wLEB9Rv6erhFmqVnvg"],"address":{"@id":"https:\/\/www.eldigitaldeasturias.com\/noticias\/#postaladdress","@type":"PostalAddress","streetAddress":"san antonio 4,","postalCode":"33430","addressLocality":"Cand\u00e1s","addressRegion":"Asturias","addressCountry":"ES"}},{"@type":"Person","@id":"https:\/\/www.eldigitaldeasturias.com\/noticias\/author\/admin\/#author","url":"https:\/\/www.eldigitaldeasturias.com\/noticias\/author\/admin\/","name":"El Digital de Asturias","image":{"@type":"ImageObject","@id":"https:\/\/www.eldigitaldeasturias.com\/noticias\/los-efectos-del-impuesto-minimo-mundial-a-las-grandes-empresas\/#authorImage","url":"https:\/\/www.eldigitaldeasturias.com\/noticias\/wp-content\/litespeed\/avatar\/18677e78aa0546b92d9dbf31ec7d7668.jpg?ver=1777290358","width":96,"height":96,"caption":"El Digital de Asturias"}},{"@type":"WebPage","@id":"https:\/\/www.eldigitaldeasturias.com\/noticias\/los-efectos-del-impuesto-minimo-mundial-a-las-grandes-empresas\/#webpage","url":"https:\/\/www.eldigitaldeasturias.com\/noticias\/los-efectos-del-impuesto-minimo-mundial-a-las-grandes-empresas\/","name":"Los efectos del impuesto m\u00ednimo mundial a las grandes empresas - El Digital de Asturias","description":"Fukuoka (Jap\u00f3n), 8 jun (dpa) - El inminente acuerdo sobre un impuesto m\u00ednimo mundial para las grandes empresas tambi\u00e9n generar\u00e1 ingresos adicionales para Alemania, anticip\u00f3 hoy el ministro alem\u00e1n de Finanzas, Olaf Scholz, en Jap\u00f3n. \"El sistema de impuestos m\u00ednimos definitivamente generar\u00e1 ingresos adicionales\", dijo Scholz en la reuni\u00f3n de las autoridades econ\u00f3micas de los","inLanguage":"es-ES","isPartOf":{"@id":"https:\/\/www.eldigitaldeasturias.com\/noticias\/#website"},"breadcrumb":{"@id":"https:\/\/www.eldigitaldeasturias.com\/noticias\/los-efectos-del-impuesto-minimo-mundial-a-las-grandes-empresas\/#breadcrumblist"},"author":{"@id":"https:\/\/www.eldigitaldeasturias.com\/noticias\/author\/admin\/#author"},"creator":{"@id":"https:\/\/www.eldigitaldeasturias.com\/noticias\/author\/admin\/#author"},"image":{"@type":"ImageObject","url":"https:\/\/www.eldigitaldeasturias.com\/noticias\/wp-content\/uploads\/2018\/12\/1531812134890billetes_euros1_estandardn.jpg","@id":"https:\/\/www.eldigitaldeasturias.com\/noticias\/los-efectos-del-impuesto-minimo-mundial-a-las-grandes-empresas\/#mainImage","width":930,"height":548},"primaryImageOfPage":{"@id":"https:\/\/www.eldigitaldeasturias.com\/noticias\/los-efectos-del-impuesto-minimo-mundial-a-las-grandes-empresas\/#mainImage"},"datePublished":"2019-06-08T21:28:58+02:00","dateModified":"2019-06-08T21:28:58+02:00"},{"@type":"WebSite","@id":"https:\/\/www.eldigitaldeasturias.com\/noticias\/#website","url":"https:\/\/www.eldigitaldeasturias.com\/noticias\/","name":"El Digital de Asturias - Diario de actualidad y noticias","alternateName":"El Digital de Asturias - Diario de actualidad y noticias","description":"Hemeroteca","inLanguage":"es-ES","publisher":{"@id":"https:\/\/www.eldigitaldeasturias.com\/noticias\/#organization"}}]},"og:locale":"es_ES","og:site_name":"El Digital de Asturias","og:type":"article","og:title":"Los efectos del impuesto m\u00ednimo mundial a las grandes empresas - El Digital de Asturias","og:description":"Fukuoka (Jap\u00f3n), 8 jun (dpa) - El inminente acuerdo sobre un impuesto m\u00ednimo mundial para las grandes empresas tambi\u00e9n generar\u00e1 ingresos adicionales para Alemania, anticip\u00f3 hoy el ministro alem\u00e1n de Finanzas, Olaf Scholz, en Jap\u00f3n. &quot;El sistema de impuestos m\u00ednimos definitivamente generar\u00e1 ingresos adicionales&quot;, dijo Scholz en la reuni\u00f3n de las autoridades econ\u00f3micas de los","og:url":"https:\/\/www.eldigitaldeasturias.com\/noticias\/los-efectos-del-impuesto-minimo-mundial-a-las-grandes-empresas\/","og:image":"https:\/\/www.eldigitaldeasturias.com\/noticias\/wp-content\/uploads\/2018\/12\/1531812134890billetes_euros1_estandardn.jpg","og:image:secure_url":"https:\/\/www.eldigitaldeasturias.com\/noticias\/wp-content\/uploads\/2018\/12\/1531812134890billetes_euros1_estandardn.jpg","og:image:width":930,"og:image:height":548,"article:tag":["negocios y empresas"],"article:published_time":"2019-06-08T21:28:58+00:00","article:modified_time":"2019-06-08T21:28:58+00:00","article:publisher":"https:\/\/facebook.com\/eldigitaldeasturias","twitter:card":"summary_large_image","twitter:title":"Los efectos del impuesto m\u00ednimo mundial a las grandes empresas - El Digital de Asturias","twitter:description":"Fukuoka (Jap\u00f3n), 8 jun (dpa) - El inminente acuerdo sobre un impuesto m\u00ednimo mundial para las grandes empresas tambi\u00e9n generar\u00e1 ingresos adicionales para Alemania, anticip\u00f3 hoy el ministro alem\u00e1n de Finanzas, Olaf Scholz, en Jap\u00f3n. &quot;El sistema de impuestos m\u00ednimos definitivamente generar\u00e1 ingresos adicionales&quot;, dijo Scholz en la reuni\u00f3n de las autoridades econ\u00f3micas de los","twitter:image":"https:\/\/www.eldigitaldeasturias.com\/noticias\/wp-content\/uploads\/2018\/12\/1531812134890billetes_euros1_estandardn.jpg","twitter:label1":"Escrito por","twitter:data1":"El Digital de Asturias","twitter:label2":"Tiempo de lectura estimado","twitter:data2":"1 minuto"},"aioseo_meta_data":{"post_id":"1030116","title":null,"description":null,"keywords":null,"keyphrases":null,"primary_term":null,"canonical_url":null,"og_title":null,"og_description":null,"og_object_type":"default","og_image_type":"default","og_image_url":null,"og_image_width":null,"og_image_height":null,"og_image_custom_url":null,"og_image_custom_fields":null,"og_video":null,"og_custom_url":null,"og_article_section":null,"og_article_tags":null,"twitter_use_og":false,"twitter_card":"default","twitter_image_type":"default","twitter_image_url":null,"twitter_image_custom_url":null,"twitter_image_custom_fields":null,"twitter_title":null,"twitter_description":null,"schema":{"blockGraphs":[],"customGraphs":[],"default":{"data":{"Article":[],"Course":[],"Dataset":[],"FAQPage":[],"Movie":[],"Person":[],"Product":[],"ProductReview":[],"Car":[],"Recipe":[],"Service":[],"SoftwareApplication":[],"WebPage":[]},"graphName":"","isEnabled":true},"graphs":[],"defaultGraph":"","defaultPostTypeGraph":""},"schema_type":null,"schema_type_options":null,"pillar_content":false,"robots_default":true,"robots_noindex":false,"robots_noarchive":false,"robots_nosnippet":false,"robots_nofollow":false,"robots_noimageindex":false,"robots_noodp":false,"robots_notranslate":false,"robots_max_snippet":null,"robots_max_videopreview":null,"robots_max_imagepreview":"large","priority":null,"frequency":null,"local_seo":null,"seo_analyzer_scan_date":"2025-10-18 14:33:11","breadcrumb_settings":null,"limit_modified_date":false,"open_ai":null,"ai":null,"created":"2020-12-21 11:10:44","updated":"2025-10-18 14:33:11"},"aioseo_breadcrumb":"<div class=\"aioseo-breadcrumbs\"><span class=\"aioseo-breadcrumb\">\n\t<a href=\"https:\/\/www.eldigitaldeasturias.com\/noticias\" title=\"Home\">Home<\/a>\n<\/span><span class=\"aioseo-breadcrumb-separator\">\u2013<\/span><span class=\"aioseo-breadcrumb\">\n\t<a href=\"https:\/\/www.eldigitaldeasturias.com\/noticias\/category\/negocios-y-empresas\/\" title=\"Negocios y Empresas\">Negocios y Empresas<\/a>\n<\/span><span class=\"aioseo-breadcrumb-separator\">\u2013<\/span><span class=\"aioseo-breadcrumb\">\n\t<a href=\"https:\/\/www.eldigitaldeasturias.com\/noticias\/los-efectos-del-impuesto-minimo-mundial-a-las-grandes-empresas\/\" title=\"Los efectos del impuesto m\u00ednimo mundial a las grandes empresas\">Los efectos del impuesto m\u00ednimo mundial a las grandes empresas<\/a>\n<\/span><\/div>","aioseo_breadcrumb_json":[{"label":"Home","link":"https:\/\/www.eldigitaldeasturias.com\/noticias"},{"label":"Negocios y Empresas","link":"https:\/\/www.eldigitaldeasturias.com\/noticias\/category\/negocios-y-empresas\/"},{"label":"Los efectos del impuesto m\u00ednimo mundial a las grandes empresas","link":"https:\/\/www.eldigitaldeasturias.com\/noticias\/los-efectos-del-impuesto-minimo-mundial-a-las-grandes-empresas\/"}],"_links":{"self":[{"href":"https:\/\/www.eldigitaldeasturias.com\/noticias\/wp-json\/wp\/v2\/posts\/1030116","targetHints":{"allow":["GET"]}}],"collection":[{"href":"https:\/\/www.eldigitaldeasturias.com\/noticias\/wp-json\/wp\/v2\/posts"}],"about":[{"href":"https:\/\/www.eldigitaldeasturias.com\/noticias\/wp-json\/wp\/v2\/types\/post"}],"author":[{"embeddable":true,"href":"https:\/\/www.eldigitaldeasturias.com\/noticias\/wp-json\/wp\/v2\/users\/1"}],"replies":[{"embeddable":true,"href":"https:\/\/www.eldigitaldeasturias.com\/noticias\/wp-json\/wp\/v2\/comments?post=1030116"}],"version-history":[{"count":0,"href":"https:\/\/www.eldigitaldeasturias.com\/noticias\/wp-json\/wp\/v2\/posts\/1030116\/revisions"}],"wp:featuredmedia":[{"embeddable":true,"href":"https:\/\/www.eldigitaldeasturias.com\/noticias\/wp-json\/wp\/v2\/media\/1011340"}],"wp:attachment":[{"href":"https:\/\/www.eldigitaldeasturias.com\/noticias\/wp-json\/wp\/v2\/media?parent=1030116"}],"wp:term":[{"taxonomy":"category","embeddable":true,"href":"https:\/\/www.eldigitaldeasturias.com\/noticias\/wp-json\/wp\/v2\/categories?post=1030116"},{"taxonomy":"post_tag","embeddable":true,"href":"https:\/\/www.eldigitaldeasturias.com\/noticias\/wp-json\/wp\/v2\/tags?post=1030116"}],"curies":[{"name":"wp","href":"https:\/\/api.w.org\/{rel}","templated":true}]}}