{"id":1030108,"date":"2019-06-08T21:18:46","date_gmt":"2019-06-08T21:18:46","guid":{"rendered":"https:\/\/www.eldigitaldeasturias.com\/noticias\/?p=1030108"},"modified":"2019-06-08T21:18:46","modified_gmt":"2019-06-08T21:18:46","slug":"el-alba-berlin-confia-en-la-continuidad-de-aito-garcia-reneses","status":"publish","type":"post","link":"https:\/\/www.eldigitaldeasturias.com\/noticias\/el-alba-berlin-confia-en-la-continuidad-de-aito-garcia-reneses\/","title":{"rendered":"El ALBA Berl\u00edn conf\u00eda en la continuidad de A\u00edto Garc\u00eda Reneses"},"content":{"rendered":"<p><img loading=\"lazy\" decoding=\"async\" class=\"alignleft size-medium wp-image-1030109\" src=\"https:\/\/www.eldigitaldeasturias.com\/noticias\/wp-content\/uploads\/2019\/06\/AITO-ALBA-dpa-360x273.jpg\" alt=\"\" width=\"360\" height=\"273\" srcset=\"https:\/\/www.eldigitaldeasturias.com\/noticias\/wp-content\/uploads\/2019\/06\/AITO-ALBA-dpa-360x273.jpg 360w, https:\/\/www.eldigitaldeasturias.com\/noticias\/wp-content\/uploads\/2019\/06\/AITO-ALBA-dpa-768x581.jpg 768w, https:\/\/www.eldigitaldeasturias.com\/noticias\/wp-content\/uploads\/2019\/06\/AITO-ALBA-dpa-634x480.jpg 634w, https:\/\/www.eldigitaldeasturias.com\/noticias\/wp-content\/uploads\/2019\/06\/AITO-ALBA-dpa.jpg 889w\" sizes=\"auto, (max-width: 360px) 100vw, 360px\" \/>Berl\u00edn, 8 jun (dpa) &#8211; El club alem\u00e1n de baloncesto ALBA Berl\u00edn apuesta por la continuidad del entrenador espa\u00f1ol <strong>A\u00edto Garc\u00eda Reneses<\/strong>, se\u00f1al\u00f3 el director deportivo del equipo, Himar Ojeda, al diario \u00abBild\u00bb en su edici\u00f3n de hoy.<\/p>\n<p>\u00abParto de que A\u00edto se queda. No estoy preocupado por este tema\u00bb, dijo Ojeda. El t\u00e9cnico espa\u00f1ol, de 72 a\u00f1os, dirige con \u00e9xito al conjunto de la capital desde 2017 y tiene la posibilidad de firmar un nuevo contrato. El actual expira al final de la temporada.<\/p>\n<p>\u00abCuando se juegue el \u00faltimo partido, se ir\u00e1 a casa y nos llamar\u00e1 en verano (boreal)\u00bb, dijo su compatriota Ojeda. A\u00edto, quien entre otras cosas llev\u00f3 a Espa\u00f1a a la plata ol\u00edmpica en Pek\u00edn en 2008, ha desarrollado una buena labor en Berl\u00edn y ha logrado mucho con un equipo joven.<\/p>\n<p>Bajo el mando del veterano t\u00e9cnico, el ALBA logr\u00f3 en los \u00faltimos dos a\u00f1os meterse dos veces en la final de la Copa Alemana y el a\u00f1o pasado en la serie final de la Bundesliga. Adem\u00e1s, en abril llev\u00f3 al club a jugar la final de la Eurocup.<\/p>\n<p><strong>Garc\u00eda Reneses todav\u00eda no pudo ganar un t\u00edtulo en Alemania<\/strong>, pero a\u00fan podr\u00eda hacerlo en las pr\u00f3ximas semanas. Al ALBA le falta una victoria m\u00e1s para volver a entrar en la final de los playoffs por el t\u00edtulo del campeonato germano.<\/p>\n<p>Ma\u00f1ana se enfrentar\u00e1 al <strong>EWE Baskets Oldenburg<\/strong> en el tercer partido de las semifinales de la serie al mejor de cinco.<\/p>\n<p><em>Foto: Monika Skolimowska\/ZB\/dpa\u00a0<\/em><\/p>\n<p>&nbsp;<\/p>\n<p>&nbsp;<\/p>\n","protected":false},"excerpt":{"rendered":"<p>Berl\u00edn, 8 jun (dpa) &#8211; El club alem\u00e1n de baloncesto ALBA Berl\u00edn apuesta por la continuidad del entrenador espa\u00f1ol A\u00edto Garc\u00eda Reneses, se\u00f1al\u00f3 el director deportivo del equipo, Himar Ojeda, al diario \u00abBild\u00bb en su edici\u00f3n de hoy. \u00abParto de que A\u00edto se queda. No estoy preocupado por este tema\u00bb, dijo Ojeda. El t\u00e9cnico espa\u00f1ol, [&hellip;]<\/p>\n","protected":false},"author":1,"featured_media":1030109,"comment_status":"closed","ping_status":"closed","sticky":false,"template":"","format":"standard","meta":{"footnotes":""},"categories":[190],"tags":[],"class_list":["post-1030108","post","type-post","status-publish","format-standard","has-post-thumbnail","hentry","category-deportes"],"aioseo_notices":[],"aioseo_head":"\n\t\t<!-- All in One SEO Pro 4.9.6.2 - aioseo.com -->\n\t<meta name=\"description\" content=\"Berl\u00edn, 8 jun (dpa) - El club alem\u00e1n de baloncesto ALBA Berl\u00edn apuesta por la continuidad del entrenador espa\u00f1ol A\u00edto Garc\u00eda Reneses, se\u00f1al\u00f3 el director deportivo del equipo, Himar Ojeda, al diario &quot;Bild&quot; en su edici\u00f3n de hoy. &quot;Parto de que A\u00edto se queda. No estoy preocupado por este tema&quot;, dijo Ojeda. El t\u00e9cnico espa\u00f1ol,\" \/>\n\t<meta name=\"robots\" content=\"max-image-preview:large\" \/>\n\t<meta name=\"author\" content=\"El Digital de Asturias\"\/>\n\t<meta name=\"google-site-verification\" content=\"UA-38556648-1\" \/>\n\t<meta name=\"msvalidate.01\" content=\"7dfe9f3f1b24437ab69f4f2559babe99\" \/>\n\t<meta name=\"keywords\" content=\"deportes\" \/>\n\t<link rel=\"canonical\" href=\"https:\/\/www.eldigitaldeasturias.com\/noticias\/el-alba-berlin-confia-en-la-continuidad-de-aito-garcia-reneses\/\" \/>\n\t<meta name=\"generator\" content=\"All in One SEO Pro (AIOSEO) 4.9.6.2\" \/>\n\t\t<meta property=\"og:locale\" content=\"es_ES\" \/>\n\t\t<meta property=\"og:site_name\" content=\"El Digital de Asturias\" \/>\n\t\t<meta property=\"og:type\" content=\"article\" \/>\n\t\t<meta property=\"og:title\" content=\"El ALBA Berl\u00edn conf\u00eda en la continuidad de A\u00edto Garc\u00eda Reneses - El Digital de Asturias\" \/>\n\t\t<meta property=\"og:description\" content=\"Berl\u00edn, 8 jun (dpa) - El club alem\u00e1n de baloncesto ALBA Berl\u00edn apuesta por la continuidad del entrenador espa\u00f1ol A\u00edto Garc\u00eda Reneses, se\u00f1al\u00f3 el director deportivo del equipo, Himar Ojeda, al diario &quot;Bild&quot; en su edici\u00f3n de hoy. &quot;Parto de que A\u00edto se queda. No estoy preocupado por este tema&quot;, dijo Ojeda. El t\u00e9cnico espa\u00f1ol,\" \/>\n\t\t<meta property=\"og:url\" content=\"https:\/\/www.eldigitaldeasturias.com\/noticias\/el-alba-berlin-confia-en-la-continuidad-de-aito-garcia-reneses\/\" \/>\n\t\t<meta property=\"og:image\" content=\"https:\/\/www.eldigitaldeasturias.com\/noticias\/wp-content\/uploads\/2019\/06\/AITO-ALBA-dpa.jpg\" \/>\n\t\t<meta property=\"og:image:secure_url\" content=\"https:\/\/www.eldigitaldeasturias.com\/noticias\/wp-content\/uploads\/2019\/06\/AITO-ALBA-dpa.jpg\" \/>\n\t\t<meta property=\"og:image:width\" content=\"889\" \/>\n\t\t<meta property=\"og:image:height\" content=\"673\" \/>\n\t\t<meta property=\"article:tag\" content=\"deportes\" \/>\n\t\t<meta property=\"article:published_time\" content=\"2019-06-08T21:18:46+00:00\" \/>\n\t\t<meta property=\"article:modified_time\" content=\"2019-06-08T21:18:46+00:00\" \/>\n\t\t<meta property=\"article:publisher\" content=\"https:\/\/facebook.com\/eldigitaldeasturias\" \/>\n\t\t<meta name=\"twitter:card\" content=\"summary_large_image\" \/>\n\t\t<meta name=\"twitter:title\" content=\"El ALBA Berl\u00edn conf\u00eda en la continuidad de A\u00edto Garc\u00eda Reneses - El Digital de Asturias\" \/>\n\t\t<meta name=\"twitter:description\" content=\"Berl\u00edn, 8 jun (dpa) - El club alem\u00e1n de baloncesto ALBA Berl\u00edn apuesta por la continuidad del entrenador espa\u00f1ol A\u00edto Garc\u00eda Reneses, se\u00f1al\u00f3 el director deportivo del equipo, Himar Ojeda, al diario &quot;Bild&quot; en su edici\u00f3n de hoy. &quot;Parto de que A\u00edto se queda. No estoy preocupado por este tema&quot;, dijo Ojeda. El t\u00e9cnico espa\u00f1ol,\" \/>\n\t\t<meta name=\"twitter:image\" content=\"https:\/\/www.eldigitaldeasturias.com\/noticias\/wp-content\/uploads\/2019\/06\/AITO-ALBA-dpa.jpg\" \/>\n\t\t<meta name=\"twitter:label1\" content=\"Escrito por\" \/>\n\t\t<meta name=\"twitter:data1\" content=\"El Digital de Asturias\" \/>\n\t\t<meta name=\"twitter:label2\" content=\"Tiempo de lectura estimado\" \/>\n\t\t<meta name=\"twitter:data2\" content=\"1 minuto\" \/>\n\t\t<script type=\"application\/ld+json\" class=\"aioseo-schema\">\n\t\t\t{\"@context\":\"https:\\\/\\\/schema.org\",\"@graph\":[{\"@type\":\"BlogPosting\",\"@id\":\"https:\\\/\\\/www.eldigitaldeasturias.com\\\/noticias\\\/el-alba-berlin-confia-en-la-continuidad-de-aito-garcia-reneses\\\/#blogposting\",\"name\":\"El ALBA Berl\\u00edn conf\\u00eda en la continuidad de A\\u00edto Garc\\u00eda Reneses - El Digital de Asturias\",\"headline\":\"El ALBA Berl\\u00edn conf\\u00eda en la continuidad de A\\u00edto Garc\\u00eda Reneses\",\"author\":{\"@id\":\"https:\\\/\\\/www.eldigitaldeasturias.com\\\/noticias\\\/author\\\/admin\\\/#author\"},\"publisher\":{\"@id\":\"https:\\\/\\\/www.eldigitaldeasturias.com\\\/noticias\\\/#organization\"},\"image\":{\"@type\":\"ImageObject\",\"url\":\"https:\\\/\\\/www.eldigitaldeasturias.com\\\/noticias\\\/wp-content\\\/uploads\\\/2019\\\/06\\\/AITO-ALBA-dpa.jpg\",\"width\":889,\"height\":673},\"datePublished\":\"2019-06-08T21:18:46+02:00\",\"dateModified\":\"2019-06-08T21:18:46+02:00\",\"inLanguage\":\"es-ES\",\"mainEntityOfPage\":{\"@id\":\"https:\\\/\\\/www.eldigitaldeasturias.com\\\/noticias\\\/el-alba-berlin-confia-en-la-continuidad-de-aito-garcia-reneses\\\/#webpage\"},\"isPartOf\":{\"@id\":\"https:\\\/\\\/www.eldigitaldeasturias.com\\\/noticias\\\/el-alba-berlin-confia-en-la-continuidad-de-aito-garcia-reneses\\\/#webpage\"},\"articleSection\":\"Deportes\"},{\"@type\":\"BreadcrumbList\",\"@id\":\"https:\\\/\\\/www.eldigitaldeasturias.com\\\/noticias\\\/el-alba-berlin-confia-en-la-continuidad-de-aito-garcia-reneses\\\/#breadcrumblist\",\"itemListElement\":[{\"@type\":\"ListItem\",\"@id\":\"https:\\\/\\\/www.eldigitaldeasturias.com\\\/noticias#listItem\",\"position\":1,\"name\":\"Home\",\"item\":\"https:\\\/\\\/www.eldigitaldeasturias.com\\\/noticias\",\"nextItem\":{\"@type\":\"ListItem\",\"@id\":\"https:\\\/\\\/www.eldigitaldeasturias.com\\\/noticias\\\/category\\\/deportes\\\/#listItem\",\"name\":\"Deportes\"}},{\"@type\":\"ListItem\",\"@id\":\"https:\\\/\\\/www.eldigitaldeasturias.com\\\/noticias\\\/category\\\/deportes\\\/#listItem\",\"position\":2,\"name\":\"Deportes\",\"item\":\"https:\\\/\\\/www.eldigitaldeasturias.com\\\/noticias\\\/category\\\/deportes\\\/\",\"nextItem\":{\"@type\":\"ListItem\",\"@id\":\"https:\\\/\\\/www.eldigitaldeasturias.com\\\/noticias\\\/el-alba-berlin-confia-en-la-continuidad-de-aito-garcia-reneses\\\/#listItem\",\"name\":\"El ALBA Berl\\u00edn conf\\u00eda en la continuidad de A\\u00edto Garc\\u00eda Reneses\"},\"previousItem\":{\"@type\":\"ListItem\",\"@id\":\"https:\\\/\\\/www.eldigitaldeasturias.com\\\/noticias#listItem\",\"name\":\"Home\"}},{\"@type\":\"ListItem\",\"@id\":\"https:\\\/\\\/www.eldigitaldeasturias.com\\\/noticias\\\/el-alba-berlin-confia-en-la-continuidad-de-aito-garcia-reneses\\\/#listItem\",\"position\":3,\"name\":\"El ALBA Berl\\u00edn conf\\u00eda en la continuidad de A\\u00edto Garc\\u00eda Reneses\",\"previousItem\":{\"@type\":\"ListItem\",\"@id\":\"https:\\\/\\\/www.eldigitaldeasturias.com\\\/noticias\\\/category\\\/deportes\\\/#listItem\",\"name\":\"Deportes\"}}]},{\"@type\":\"Organization\",\"@id\":\"https:\\\/\\\/www.eldigitaldeasturias.com\\\/noticias\\\/#organization\",\"name\":\"El Digital de Asturias\",\"description\":\"Hemeroteca\",\"url\":\"https:\\\/\\\/www.eldigitaldeasturias.com\\\/noticias\\\/\",\"email\":\"info@eldigitaldeasturias.com\",\"telephone\":\"+34652131393\",\"logo\":{\"@type\":\"ImageObject\",\"url\":\"https:\\\/\\\/www.eldigitaldeasturias.com\\\/noticias\\\/wp-content\\\/uploads\\\/2020\\\/12\\\/EDA.jpg\",\"@id\":\"https:\\\/\\\/www.eldigitaldeasturias.com\\\/noticias\\\/el-alba-berlin-confia-en-la-continuidad-de-aito-garcia-reneses\\\/#organizationLogo\",\"width\":649,\"height\":297},\"image\":{\"@id\":\"https:\\\/\\\/www.eldigitaldeasturias.com\\\/noticias\\\/el-alba-berlin-confia-en-la-continuidad-de-aito-garcia-reneses\\\/#organizationLogo\"},\"sameAs\":[\"https:\\\/\\\/facebook.com\\\/eldigitaldeasturias\",\"https:\\\/\\\/www.youtube.com\\\/channel\\\/UCZP-2wLEB9Rv6erhFmqVnvg\"],\"address\":{\"@id\":\"https:\\\/\\\/www.eldigitaldeasturias.com\\\/noticias\\\/#postaladdress\",\"@type\":\"PostalAddress\",\"streetAddress\":\"san antonio 4,\",\"postalCode\":\"33430\",\"addressLocality\":\"Cand\\u00e1s\",\"addressRegion\":\"Asturias\",\"addressCountry\":\"ES\"}},{\"@type\":\"Person\",\"@id\":\"https:\\\/\\\/www.eldigitaldeasturias.com\\\/noticias\\\/author\\\/admin\\\/#author\",\"url\":\"https:\\\/\\\/www.eldigitaldeasturias.com\\\/noticias\\\/author\\\/admin\\\/\",\"name\":\"El Digital de Asturias\",\"image\":{\"@type\":\"ImageObject\",\"@id\":\"https:\\\/\\\/www.eldigitaldeasturias.com\\\/noticias\\\/el-alba-berlin-confia-en-la-continuidad-de-aito-garcia-reneses\\\/#authorImage\",\"url\":\"https:\\\/\\\/www.eldigitaldeasturias.com\\\/noticias\\\/wp-content\\\/litespeed\\\/avatar\\\/18677e78aa0546b92d9dbf31ec7d7668.jpg?ver=1777290358\",\"width\":96,\"height\":96,\"caption\":\"El Digital de Asturias\"}},{\"@type\":\"WebPage\",\"@id\":\"https:\\\/\\\/www.eldigitaldeasturias.com\\\/noticias\\\/el-alba-berlin-confia-en-la-continuidad-de-aito-garcia-reneses\\\/#webpage\",\"url\":\"https:\\\/\\\/www.eldigitaldeasturias.com\\\/noticias\\\/el-alba-berlin-confia-en-la-continuidad-de-aito-garcia-reneses\\\/\",\"name\":\"El ALBA Berl\\u00edn conf\\u00eda en la continuidad de A\\u00edto Garc\\u00eda Reneses - El Digital de Asturias\",\"description\":\"Berl\\u00edn, 8 jun (dpa) - El club alem\\u00e1n de baloncesto ALBA Berl\\u00edn apuesta por la continuidad del entrenador espa\\u00f1ol A\\u00edto Garc\\u00eda Reneses, se\\u00f1al\\u00f3 el director deportivo del equipo, Himar Ojeda, al diario \\\"Bild\\\" en su edici\\u00f3n de hoy. \\\"Parto de que A\\u00edto se queda. No estoy preocupado por este tema\\\", dijo Ojeda. El t\\u00e9cnico espa\\u00f1ol,\",\"inLanguage\":\"es-ES\",\"isPartOf\":{\"@id\":\"https:\\\/\\\/www.eldigitaldeasturias.com\\\/noticias\\\/#website\"},\"breadcrumb\":{\"@id\":\"https:\\\/\\\/www.eldigitaldeasturias.com\\\/noticias\\\/el-alba-berlin-confia-en-la-continuidad-de-aito-garcia-reneses\\\/#breadcrumblist\"},\"author\":{\"@id\":\"https:\\\/\\\/www.eldigitaldeasturias.com\\\/noticias\\\/author\\\/admin\\\/#author\"},\"creator\":{\"@id\":\"https:\\\/\\\/www.eldigitaldeasturias.com\\\/noticias\\\/author\\\/admin\\\/#author\"},\"image\":{\"@type\":\"ImageObject\",\"url\":\"https:\\\/\\\/www.eldigitaldeasturias.com\\\/noticias\\\/wp-content\\\/uploads\\\/2019\\\/06\\\/AITO-ALBA-dpa.jpg\",\"@id\":\"https:\\\/\\\/www.eldigitaldeasturias.com\\\/noticias\\\/el-alba-berlin-confia-en-la-continuidad-de-aito-garcia-reneses\\\/#mainImage\",\"width\":889,\"height\":673},\"primaryImageOfPage\":{\"@id\":\"https:\\\/\\\/www.eldigitaldeasturias.com\\\/noticias\\\/el-alba-berlin-confia-en-la-continuidad-de-aito-garcia-reneses\\\/#mainImage\"},\"datePublished\":\"2019-06-08T21:18:46+02:00\",\"dateModified\":\"2019-06-08T21:18:46+02:00\"},{\"@type\":\"WebSite\",\"@id\":\"https:\\\/\\\/www.eldigitaldeasturias.com\\\/noticias\\\/#website\",\"url\":\"https:\\\/\\\/www.eldigitaldeasturias.com\\\/noticias\\\/\",\"name\":\"El Digital de Asturias - Diario de actualidad y noticias\",\"alternateName\":\"El Digital de Asturias - Diario de actualidad y noticias\",\"description\":\"Hemeroteca\",\"inLanguage\":\"es-ES\",\"publisher\":{\"@id\":\"https:\\\/\\\/www.eldigitaldeasturias.com\\\/noticias\\\/#organization\"}}]}\n\t\t<\/script>\n\t\t<!-- All in One SEO Pro -->\r\n\t\t<title>El ALBA Berl\u00edn conf\u00eda en la continuidad de A\u00edto Garc\u00eda Reneses - El Digital de Asturias<\/title>\n\n","aioseo_head_json":{"title":"El ALBA Berl\u00edn conf\u00eda en la continuidad de A\u00edto Garc\u00eda Reneses - El Digital de Asturias","description":"Berl\u00edn, 8 jun (dpa) - El club alem\u00e1n de baloncesto ALBA Berl\u00edn apuesta por la continuidad del entrenador espa\u00f1ol A\u00edto Garc\u00eda Reneses, se\u00f1al\u00f3 el director deportivo del equipo, Himar Ojeda, al diario \"Bild\" en su edici\u00f3n de hoy. \"Parto de que A\u00edto se queda. No estoy preocupado por este tema\", dijo Ojeda. El t\u00e9cnico espa\u00f1ol,","canonical_url":"https:\/\/www.eldigitaldeasturias.com\/noticias\/el-alba-berlin-confia-en-la-continuidad-de-aito-garcia-reneses\/","robots":"max-image-preview:large","keywords":"deportes","webmasterTools":{"google-site-verification":"UA-38556648-1","msvalidate.01":"7dfe9f3f1b24437ab69f4f2559babe99","miscellaneous":""},"schema":{"@context":"https:\/\/schema.org","@graph":[{"@type":"BlogPosting","@id":"https:\/\/www.eldigitaldeasturias.com\/noticias\/el-alba-berlin-confia-en-la-continuidad-de-aito-garcia-reneses\/#blogposting","name":"El ALBA Berl\u00edn conf\u00eda en la continuidad de A\u00edto Garc\u00eda Reneses - El Digital de Asturias","headline":"El ALBA Berl\u00edn conf\u00eda en la continuidad de A\u00edto Garc\u00eda Reneses","author":{"@id":"https:\/\/www.eldigitaldeasturias.com\/noticias\/author\/admin\/#author"},"publisher":{"@id":"https:\/\/www.eldigitaldeasturias.com\/noticias\/#organization"},"image":{"@type":"ImageObject","url":"https:\/\/www.eldigitaldeasturias.com\/noticias\/wp-content\/uploads\/2019\/06\/AITO-ALBA-dpa.jpg","width":889,"height":673},"datePublished":"2019-06-08T21:18:46+02:00","dateModified":"2019-06-08T21:18:46+02:00","inLanguage":"es-ES","mainEntityOfPage":{"@id":"https:\/\/www.eldigitaldeasturias.com\/noticias\/el-alba-berlin-confia-en-la-continuidad-de-aito-garcia-reneses\/#webpage"},"isPartOf":{"@id":"https:\/\/www.eldigitaldeasturias.com\/noticias\/el-alba-berlin-confia-en-la-continuidad-de-aito-garcia-reneses\/#webpage"},"articleSection":"Deportes"},{"@type":"BreadcrumbList","@id":"https:\/\/www.eldigitaldeasturias.com\/noticias\/el-alba-berlin-confia-en-la-continuidad-de-aito-garcia-reneses\/#breadcrumblist","itemListElement":[{"@type":"ListItem","@id":"https:\/\/www.eldigitaldeasturias.com\/noticias#listItem","position":1,"name":"Home","item":"https:\/\/www.eldigitaldeasturias.com\/noticias","nextItem":{"@type":"ListItem","@id":"https:\/\/www.eldigitaldeasturias.com\/noticias\/category\/deportes\/#listItem","name":"Deportes"}},{"@type":"ListItem","@id":"https:\/\/www.eldigitaldeasturias.com\/noticias\/category\/deportes\/#listItem","position":2,"name":"Deportes","item":"https:\/\/www.eldigitaldeasturias.com\/noticias\/category\/deportes\/","nextItem":{"@type":"ListItem","@id":"https:\/\/www.eldigitaldeasturias.com\/noticias\/el-alba-berlin-confia-en-la-continuidad-de-aito-garcia-reneses\/#listItem","name":"El ALBA Berl\u00edn conf\u00eda en la continuidad de A\u00edto Garc\u00eda Reneses"},"previousItem":{"@type":"ListItem","@id":"https:\/\/www.eldigitaldeasturias.com\/noticias#listItem","name":"Home"}},{"@type":"ListItem","@id":"https:\/\/www.eldigitaldeasturias.com\/noticias\/el-alba-berlin-confia-en-la-continuidad-de-aito-garcia-reneses\/#listItem","position":3,"name":"El ALBA Berl\u00edn conf\u00eda en la continuidad de A\u00edto Garc\u00eda Reneses","previousItem":{"@type":"ListItem","@id":"https:\/\/www.eldigitaldeasturias.com\/noticias\/category\/deportes\/#listItem","name":"Deportes"}}]},{"@type":"Organization","@id":"https:\/\/www.eldigitaldeasturias.com\/noticias\/#organization","name":"El Digital de Asturias","description":"Hemeroteca","url":"https:\/\/www.eldigitaldeasturias.com\/noticias\/","email":"info@eldigitaldeasturias.com","telephone":"+34652131393","logo":{"@type":"ImageObject","url":"https:\/\/www.eldigitaldeasturias.com\/noticias\/wp-content\/uploads\/2020\/12\/EDA.jpg","@id":"https:\/\/www.eldigitaldeasturias.com\/noticias\/el-alba-berlin-confia-en-la-continuidad-de-aito-garcia-reneses\/#organizationLogo","width":649,"height":297},"image":{"@id":"https:\/\/www.eldigitaldeasturias.com\/noticias\/el-alba-berlin-confia-en-la-continuidad-de-aito-garcia-reneses\/#organizationLogo"},"sameAs":["https:\/\/facebook.com\/eldigitaldeasturias","https:\/\/www.youtube.com\/channel\/UCZP-2wLEB9Rv6erhFmqVnvg"],"address":{"@id":"https:\/\/www.eldigitaldeasturias.com\/noticias\/#postaladdress","@type":"PostalAddress","streetAddress":"san antonio 4,","postalCode":"33430","addressLocality":"Cand\u00e1s","addressRegion":"Asturias","addressCountry":"ES"}},{"@type":"Person","@id":"https:\/\/www.eldigitaldeasturias.com\/noticias\/author\/admin\/#author","url":"https:\/\/www.eldigitaldeasturias.com\/noticias\/author\/admin\/","name":"El Digital de Asturias","image":{"@type":"ImageObject","@id":"https:\/\/www.eldigitaldeasturias.com\/noticias\/el-alba-berlin-confia-en-la-continuidad-de-aito-garcia-reneses\/#authorImage","url":"https:\/\/www.eldigitaldeasturias.com\/noticias\/wp-content\/litespeed\/avatar\/18677e78aa0546b92d9dbf31ec7d7668.jpg?ver=1777290358","width":96,"height":96,"caption":"El Digital de Asturias"}},{"@type":"WebPage","@id":"https:\/\/www.eldigitaldeasturias.com\/noticias\/el-alba-berlin-confia-en-la-continuidad-de-aito-garcia-reneses\/#webpage","url":"https:\/\/www.eldigitaldeasturias.com\/noticias\/el-alba-berlin-confia-en-la-continuidad-de-aito-garcia-reneses\/","name":"El ALBA Berl\u00edn conf\u00eda en la continuidad de A\u00edto Garc\u00eda Reneses - El Digital de Asturias","description":"Berl\u00edn, 8 jun (dpa) - El club alem\u00e1n de baloncesto ALBA Berl\u00edn apuesta por la continuidad del entrenador espa\u00f1ol A\u00edto Garc\u00eda Reneses, se\u00f1al\u00f3 el director deportivo del equipo, Himar Ojeda, al diario \"Bild\" en su edici\u00f3n de hoy. \"Parto de que A\u00edto se queda. No estoy preocupado por este tema\", dijo Ojeda. El t\u00e9cnico espa\u00f1ol,","inLanguage":"es-ES","isPartOf":{"@id":"https:\/\/www.eldigitaldeasturias.com\/noticias\/#website"},"breadcrumb":{"@id":"https:\/\/www.eldigitaldeasturias.com\/noticias\/el-alba-berlin-confia-en-la-continuidad-de-aito-garcia-reneses\/#breadcrumblist"},"author":{"@id":"https:\/\/www.eldigitaldeasturias.com\/noticias\/author\/admin\/#author"},"creator":{"@id":"https:\/\/www.eldigitaldeasturias.com\/noticias\/author\/admin\/#author"},"image":{"@type":"ImageObject","url":"https:\/\/www.eldigitaldeasturias.com\/noticias\/wp-content\/uploads\/2019\/06\/AITO-ALBA-dpa.jpg","@id":"https:\/\/www.eldigitaldeasturias.com\/noticias\/el-alba-berlin-confia-en-la-continuidad-de-aito-garcia-reneses\/#mainImage","width":889,"height":673},"primaryImageOfPage":{"@id":"https:\/\/www.eldigitaldeasturias.com\/noticias\/el-alba-berlin-confia-en-la-continuidad-de-aito-garcia-reneses\/#mainImage"},"datePublished":"2019-06-08T21:18:46+02:00","dateModified":"2019-06-08T21:18:46+02:00"},{"@type":"WebSite","@id":"https:\/\/www.eldigitaldeasturias.com\/noticias\/#website","url":"https:\/\/www.eldigitaldeasturias.com\/noticias\/","name":"El Digital de Asturias - Diario de actualidad y noticias","alternateName":"El Digital de Asturias - Diario de actualidad y noticias","description":"Hemeroteca","inLanguage":"es-ES","publisher":{"@id":"https:\/\/www.eldigitaldeasturias.com\/noticias\/#organization"}}]},"og:locale":"es_ES","og:site_name":"El Digital de Asturias","og:type":"article","og:title":"El ALBA Berl\u00edn conf\u00eda en la continuidad de A\u00edto Garc\u00eda Reneses - El Digital de Asturias","og:description":"Berl\u00edn, 8 jun (dpa) - El club alem\u00e1n de baloncesto ALBA Berl\u00edn apuesta por la continuidad del entrenador espa\u00f1ol A\u00edto Garc\u00eda Reneses, se\u00f1al\u00f3 el director deportivo del equipo, Himar Ojeda, al diario &quot;Bild&quot; en su edici\u00f3n de hoy. &quot;Parto de que A\u00edto se queda. No estoy preocupado por este tema&quot;, dijo Ojeda. El t\u00e9cnico espa\u00f1ol,","og:url":"https:\/\/www.eldigitaldeasturias.com\/noticias\/el-alba-berlin-confia-en-la-continuidad-de-aito-garcia-reneses\/","og:image":"https:\/\/www.eldigitaldeasturias.com\/noticias\/wp-content\/uploads\/2019\/06\/AITO-ALBA-dpa.jpg","og:image:secure_url":"https:\/\/www.eldigitaldeasturias.com\/noticias\/wp-content\/uploads\/2019\/06\/AITO-ALBA-dpa.jpg","og:image:width":889,"og:image:height":673,"article:tag":["deportes"],"article:published_time":"2019-06-08T21:18:46+00:00","article:modified_time":"2019-06-08T21:18:46+00:00","article:publisher":"https:\/\/facebook.com\/eldigitaldeasturias","twitter:card":"summary_large_image","twitter:title":"El ALBA Berl\u00edn conf\u00eda en la continuidad de A\u00edto Garc\u00eda Reneses - El Digital de Asturias","twitter:description":"Berl\u00edn, 8 jun (dpa) - El club alem\u00e1n de baloncesto ALBA Berl\u00edn apuesta por la continuidad del entrenador espa\u00f1ol A\u00edto Garc\u00eda Reneses, se\u00f1al\u00f3 el director deportivo del equipo, Himar Ojeda, al diario &quot;Bild&quot; en su edici\u00f3n de hoy. &quot;Parto de que A\u00edto se queda. No estoy preocupado por este tema&quot;, dijo Ojeda. El t\u00e9cnico espa\u00f1ol,","twitter:image":"https:\/\/www.eldigitaldeasturias.com\/noticias\/wp-content\/uploads\/2019\/06\/AITO-ALBA-dpa.jpg","twitter:label1":"Escrito por","twitter:data1":"El Digital de Asturias","twitter:label2":"Tiempo de lectura estimado","twitter:data2":"1 minuto"},"aioseo_meta_data":{"post_id":"1030108","title":null,"description":null,"keywords":null,"keyphrases":null,"primary_term":null,"canonical_url":null,"og_title":null,"og_description":null,"og_object_type":"default","og_image_type":"default","og_image_url":null,"og_image_width":null,"og_image_height":null,"og_image_custom_url":null,"og_image_custom_fields":null,"og_video":null,"og_custom_url":null,"og_article_section":null,"og_article_tags":null,"twitter_use_og":false,"twitter_card":"default","twitter_image_type":"default","twitter_image_url":null,"twitter_image_custom_url":null,"twitter_image_custom_fields":null,"twitter_title":null,"twitter_description":null,"schema":{"blockGraphs":[],"customGraphs":[],"default":{"data":{"Article":[],"Course":[],"Dataset":[],"FAQPage":[],"Movie":[],"Person":[],"Product":[],"ProductReview":[],"Car":[],"Recipe":[],"Service":[],"SoftwareApplication":[],"WebPage":[]},"graphName":"","isEnabled":true},"graphs":[],"defaultGraph":"","defaultPostTypeGraph":""},"schema_type":null,"schema_type_options":null,"pillar_content":false,"robots_default":true,"robots_noindex":false,"robots_noarchive":false,"robots_nosnippet":false,"robots_nofollow":false,"robots_noimageindex":false,"robots_noodp":false,"robots_notranslate":false,"robots_max_snippet":null,"robots_max_videopreview":null,"robots_max_imagepreview":"large","priority":null,"frequency":null,"local_seo":null,"seo_analyzer_scan_date":"2025-10-18 14:33:07","breadcrumb_settings":null,"limit_modified_date":false,"open_ai":null,"ai":null,"created":"2020-12-21 11:10:44","updated":"2025-10-18 14:33:07"},"aioseo_breadcrumb":"<div class=\"aioseo-breadcrumbs\"><span class=\"aioseo-breadcrumb\">\n\t<a href=\"https:\/\/www.eldigitaldeasturias.com\/noticias\" title=\"Home\">Home<\/a>\n<\/span><span class=\"aioseo-breadcrumb-separator\">\u2013<\/span><span class=\"aioseo-breadcrumb\">\n\t<a href=\"https:\/\/www.eldigitaldeasturias.com\/noticias\/category\/deportes\/\" title=\"Deportes\">Deportes<\/a>\n<\/span><span class=\"aioseo-breadcrumb-separator\">\u2013<\/span><span class=\"aioseo-breadcrumb\">\n\t<a href=\"https:\/\/www.eldigitaldeasturias.com\/noticias\/el-alba-berlin-confia-en-la-continuidad-de-aito-garcia-reneses\/\" title=\"El ALBA Berl\u00edn conf\u00eda en la continuidad de A\u00edto Garc\u00eda Reneses\">El ALBA Berl\u00edn conf\u00eda en la continuidad de A\u00edto Garc\u00eda Reneses<\/a>\n<\/span><\/div>","aioseo_breadcrumb_json":[{"label":"Home","link":"https:\/\/www.eldigitaldeasturias.com\/noticias"},{"label":"Deportes","link":"https:\/\/www.eldigitaldeasturias.com\/noticias\/category\/deportes\/"},{"label":"El ALBA Berl\u00edn conf\u00eda en la continuidad de A\u00edto Garc\u00eda Reneses","link":"https:\/\/www.eldigitaldeasturias.com\/noticias\/el-alba-berlin-confia-en-la-continuidad-de-aito-garcia-reneses\/"}],"_links":{"self":[{"href":"https:\/\/www.eldigitaldeasturias.com\/noticias\/wp-json\/wp\/v2\/posts\/1030108","targetHints":{"allow":["GET"]}}],"collection":[{"href":"https:\/\/www.eldigitaldeasturias.com\/noticias\/wp-json\/wp\/v2\/posts"}],"about":[{"href":"https:\/\/www.eldigitaldeasturias.com\/noticias\/wp-json\/wp\/v2\/types\/post"}],"author":[{"embeddable":true,"href":"https:\/\/www.eldigitaldeasturias.com\/noticias\/wp-json\/wp\/v2\/users\/1"}],"replies":[{"embeddable":true,"href":"https:\/\/www.eldigitaldeasturias.com\/noticias\/wp-json\/wp\/v2\/comments?post=1030108"}],"version-history":[{"count":0,"href":"https:\/\/www.eldigitaldeasturias.com\/noticias\/wp-json\/wp\/v2\/posts\/1030108\/revisions"}],"wp:featuredmedia":[{"embeddable":true,"href":"https:\/\/www.eldigitaldeasturias.com\/noticias\/wp-json\/wp\/v2\/media\/1030109"}],"wp:attachment":[{"href":"https:\/\/www.eldigitaldeasturias.com\/noticias\/wp-json\/wp\/v2\/media?parent=1030108"}],"wp:term":[{"taxonomy":"category","embeddable":true,"href":"https:\/\/www.eldigitaldeasturias.com\/noticias\/wp-json\/wp\/v2\/categories?post=1030108"},{"taxonomy":"post_tag","embeddable":true,"href":"https:\/\/www.eldigitaldeasturias.com\/noticias\/wp-json\/wp\/v2\/tags?post=1030108"}],"curies":[{"name":"wp","href":"https:\/\/api.w.org\/{rel}","templated":true}]}}