{"id":1029916,"date":"2019-06-06T18:00:35","date_gmt":"2019-06-06T18:00:35","guid":{"rendered":"https:\/\/www.eldigitaldeasturias.com\/noticias\/?p=1029916"},"modified":"2019-06-06T18:00:35","modified_gmt":"2019-06-06T18:00:35","slug":"wolfgang-steubin-muestra-su-respeto-por-kovac","status":"publish","type":"post","link":"https:\/\/www.eldigitaldeasturias.com\/noticias\/wolfgang-steubin-muestra-su-respeto-por-kovac\/","title":{"rendered":"Wolfgang Steubin muestra su respeto por Kovac"},"content":{"rendered":"<p><img loading=\"lazy\" decoding=\"async\" class=\"alignleft size-medium wp-image-985209\" src=\"https:\/\/www.eldigitaldeasturias.com\/noticias\/wp-content\/uploads\/2018\/06\/football-1406106_960_720-360x241.jpg\" alt=\"\" width=\"360\" height=\"241\" srcset=\"https:\/\/www.eldigitaldeasturias.com\/noticias\/wp-content\/uploads\/2018\/06\/football-1406106_960_720-360x241.jpg 360w, https:\/\/www.eldigitaldeasturias.com\/noticias\/wp-content\/uploads\/2018\/06\/football-1406106_960_720-448x300.jpg 448w, https:\/\/www.eldigitaldeasturias.com\/noticias\/wp-content\/uploads\/2018\/06\/football-1406106_960_720-768x514.jpg 768w, https:\/\/www.eldigitaldeasturias.com\/noticias\/wp-content\/uploads\/2018\/06\/football-1406106_960_720-690x462.jpg 690w, https:\/\/www.eldigitaldeasturias.com\/noticias\/wp-content\/uploads\/2018\/06\/football-1406106_960_720-20x13.jpg 20w, https:\/\/www.eldigitaldeasturias.com\/noticias\/wp-content\/uploads\/2018\/06\/football-1406106_960_720.jpg 960w\" sizes=\"auto, (max-width: 360px) 100vw, 360px\" \/>Fr\u00e1ncfort, 6 jun (dpa) &#8211; El jefe de la junta directiva del Eintracht Frankfurt, Wolfgang Steubing, critic\u00f3 duramente al Bayern M\u00fanich, actual campe\u00f3n de la liga alemana de f\u00fatbol, por el trato otorgado a su entrenador Nivo Kovac, seg\u00fan declaraciones que el peri\u00f3dico alem\u00e1n \u00abBild\u00bb publica hoy.<\/p>\n<p>Preguntado sobre si entiende el comportamiento del jefe del Bayern, Karl-Heinz Rummenigge, Steubing respondi\u00f3 de manera categ\u00f3rica: \u00abNo. \u00a1Jam\u00e1s podr\u00eda tratar as\u00ed a mi entrenador! \u00a1Nunca! Si mi entrenador logra un t\u00edtulo, lo fecilitar\u00eda. Y si tuviera que decirle algo, se lo dir\u00eda directamente. Nunca le dar\u00eda a mi entrenador tan poca aceptaci\u00f3n y respeto\u00bb.<\/p>\n<p>Kovac, anterior entrenador del Eintracht Frankfurt, obtuvo un doblete en su primera temporada en el banquillo del Bayern, a pesar de lo cual tuvo que esperar para ser confirmado para la pr\u00f3xima temporada.<\/p>\n<p>El Bayern M\u00fanich se alz\u00f3 esta temporada con el t\u00edtulo de la Bundesliga y con el de la Copa Alemana.<\/p>\n<p>En ese sentido, Steubing elogi\u00f3 las virtudes de Kovac como entrenador, quien obtuvo con el Frankfurt el t\u00edtulo de la Copa Alemana en 2018. \u00abEspero que el Bayern vuelvan a encontrar como sucesor (de Kovac) a alguien que sea tan correcto, decente y disciplinado como Niko. Realmente no es tan sencillo\u00bb, coment\u00f3 Steubing.<\/p>\n","protected":false},"excerpt":{"rendered":"<p>Fr\u00e1ncfort, 6 jun (dpa) &#8211; El jefe de la junta directiva del Eintracht Frankfurt, Wolfgang Steubing, critic\u00f3 duramente al Bayern M\u00fanich, actual campe\u00f3n de la liga alemana de f\u00fatbol, por el trato otorgado a su entrenador Nivo Kovac, seg\u00fan declaraciones que el peri\u00f3dico alem\u00e1n \u00abBild\u00bb publica hoy. Preguntado sobre si entiende el comportamiento del jefe [&hellip;]<\/p>\n","protected":false},"author":1,"featured_media":985209,"comment_status":"closed","ping_status":"closed","sticky":false,"template":"","format":"standard","meta":{"footnotes":""},"categories":[190],"tags":[],"class_list":["post-1029916","post","type-post","status-publish","format-standard","has-post-thumbnail","hentry","category-deportes"],"aioseo_notices":[],"aioseo_head":"\n\t\t<!-- All in One SEO Pro 4.9.6.2 - aioseo.com -->\n\t<meta name=\"description\" content=\"Fr\u00e1ncfort, 6 jun (dpa) - El jefe de la junta directiva del Eintracht Frankfurt, Wolfgang Steubing, critic\u00f3 duramente al Bayern M\u00fanich, actual campe\u00f3n de la liga alemana de f\u00fatbol, por el trato otorgado a su entrenador Nivo Kovac, seg\u00fan declaraciones que el peri\u00f3dico alem\u00e1n &quot;Bild&quot; publica hoy. Preguntado sobre si entiende el comportamiento del jefe\" \/>\n\t<meta name=\"robots\" content=\"max-image-preview:large\" \/>\n\t<meta name=\"author\" content=\"El Digital de Asturias\"\/>\n\t<meta name=\"google-site-verification\" content=\"UA-38556648-1\" \/>\n\t<meta name=\"msvalidate.01\" content=\"7dfe9f3f1b24437ab69f4f2559babe99\" \/>\n\t<meta name=\"keywords\" content=\"deportes\" \/>\n\t<link rel=\"canonical\" href=\"https:\/\/www.eldigitaldeasturias.com\/noticias\/wolfgang-steubin-muestra-su-respeto-por-kovac\/\" \/>\n\t<meta name=\"generator\" content=\"All in One SEO Pro (AIOSEO) 4.9.6.2\" \/>\n\t\t<meta property=\"og:locale\" content=\"es_ES\" \/>\n\t\t<meta property=\"og:site_name\" content=\"El Digital de Asturias\" \/>\n\t\t<meta property=\"og:type\" content=\"article\" \/>\n\t\t<meta property=\"og:title\" content=\"Wolfgang Steubin muestra su respeto por Kovac - El Digital de Asturias\" \/>\n\t\t<meta property=\"og:description\" content=\"Fr\u00e1ncfort, 6 jun (dpa) - El jefe de la junta directiva del Eintracht Frankfurt, Wolfgang Steubing, critic\u00f3 duramente al Bayern M\u00fanich, actual campe\u00f3n de la liga alemana de f\u00fatbol, por el trato otorgado a su entrenador Nivo Kovac, seg\u00fan declaraciones que el peri\u00f3dico alem\u00e1n &quot;Bild&quot; publica hoy. Preguntado sobre si entiende el comportamiento del jefe\" \/>\n\t\t<meta property=\"og:url\" content=\"https:\/\/www.eldigitaldeasturias.com\/noticias\/wolfgang-steubin-muestra-su-respeto-por-kovac\/\" \/>\n\t\t<meta property=\"og:image\" content=\"https:\/\/www.eldigitaldeasturias.com\/noticias\/wp-content\/uploads\/2018\/06\/football-1406106_960_720.jpg\" \/>\n\t\t<meta property=\"og:image:secure_url\" content=\"https:\/\/www.eldigitaldeasturias.com\/noticias\/wp-content\/uploads\/2018\/06\/football-1406106_960_720.jpg\" \/>\n\t\t<meta property=\"og:image:width\" content=\"960\" \/>\n\t\t<meta property=\"og:image:height\" content=\"643\" \/>\n\t\t<meta property=\"article:tag\" content=\"deportes\" \/>\n\t\t<meta property=\"article:published_time\" content=\"2019-06-06T18:00:35+00:00\" \/>\n\t\t<meta property=\"article:modified_time\" content=\"2019-06-06T18:00:35+00:00\" \/>\n\t\t<meta property=\"article:publisher\" content=\"https:\/\/facebook.com\/eldigitaldeasturias\" \/>\n\t\t<meta name=\"twitter:card\" content=\"summary_large_image\" \/>\n\t\t<meta name=\"twitter:title\" content=\"Wolfgang Steubin muestra su respeto por Kovac - El Digital de Asturias\" \/>\n\t\t<meta name=\"twitter:description\" content=\"Fr\u00e1ncfort, 6 jun (dpa) - El jefe de la junta directiva del Eintracht Frankfurt, Wolfgang Steubing, critic\u00f3 duramente al Bayern M\u00fanich, actual campe\u00f3n de la liga alemana de f\u00fatbol, por el trato otorgado a su entrenador Nivo Kovac, seg\u00fan declaraciones que el peri\u00f3dico alem\u00e1n &quot;Bild&quot; publica hoy. Preguntado sobre si entiende el comportamiento del jefe\" \/>\n\t\t<meta name=\"twitter:image\" content=\"https:\/\/www.eldigitaldeasturias.com\/noticias\/wp-content\/uploads\/2018\/06\/football-1406106_960_720.jpg\" \/>\n\t\t<meta name=\"twitter:label1\" content=\"Escrito por\" \/>\n\t\t<meta name=\"twitter:data1\" content=\"El Digital de Asturias\" \/>\n\t\t<meta name=\"twitter:label2\" content=\"Tiempo de lectura estimado\" \/>\n\t\t<meta name=\"twitter:data2\" content=\"1 minuto\" \/>\n\t\t<script type=\"application\/ld+json\" class=\"aioseo-schema\">\n\t\t\t{\"@context\":\"https:\\\/\\\/schema.org\",\"@graph\":[{\"@type\":\"BlogPosting\",\"@id\":\"https:\\\/\\\/www.eldigitaldeasturias.com\\\/noticias\\\/wolfgang-steubin-muestra-su-respeto-por-kovac\\\/#blogposting\",\"name\":\"Wolfgang Steubin muestra su respeto por Kovac - El Digital de Asturias\",\"headline\":\"Wolfgang Steubin muestra su respeto por Kovac\",\"author\":{\"@id\":\"https:\\\/\\\/www.eldigitaldeasturias.com\\\/noticias\\\/author\\\/admin\\\/#author\"},\"publisher\":{\"@id\":\"https:\\\/\\\/www.eldigitaldeasturias.com\\\/noticias\\\/#organization\"},\"image\":{\"@type\":\"ImageObject\",\"url\":\"https:\\\/\\\/www.eldigitaldeasturias.com\\\/noticias\\\/wp-content\\\/uploads\\\/2018\\\/06\\\/football-1406106_960_720.jpg\",\"width\":960,\"height\":643},\"datePublished\":\"2019-06-06T18:00:35+02:00\",\"dateModified\":\"2019-06-06T18:00:35+02:00\",\"inLanguage\":\"es-ES\",\"mainEntityOfPage\":{\"@id\":\"https:\\\/\\\/www.eldigitaldeasturias.com\\\/noticias\\\/wolfgang-steubin-muestra-su-respeto-por-kovac\\\/#webpage\"},\"isPartOf\":{\"@id\":\"https:\\\/\\\/www.eldigitaldeasturias.com\\\/noticias\\\/wolfgang-steubin-muestra-su-respeto-por-kovac\\\/#webpage\"},\"articleSection\":\"Deportes\"},{\"@type\":\"BreadcrumbList\",\"@id\":\"https:\\\/\\\/www.eldigitaldeasturias.com\\\/noticias\\\/wolfgang-steubin-muestra-su-respeto-por-kovac\\\/#breadcrumblist\",\"itemListElement\":[{\"@type\":\"ListItem\",\"@id\":\"https:\\\/\\\/www.eldigitaldeasturias.com\\\/noticias#listItem\",\"position\":1,\"name\":\"Home\",\"item\":\"https:\\\/\\\/www.eldigitaldeasturias.com\\\/noticias\",\"nextItem\":{\"@type\":\"ListItem\",\"@id\":\"https:\\\/\\\/www.eldigitaldeasturias.com\\\/noticias\\\/category\\\/deportes\\\/#listItem\",\"name\":\"Deportes\"}},{\"@type\":\"ListItem\",\"@id\":\"https:\\\/\\\/www.eldigitaldeasturias.com\\\/noticias\\\/category\\\/deportes\\\/#listItem\",\"position\":2,\"name\":\"Deportes\",\"item\":\"https:\\\/\\\/www.eldigitaldeasturias.com\\\/noticias\\\/category\\\/deportes\\\/\",\"nextItem\":{\"@type\":\"ListItem\",\"@id\":\"https:\\\/\\\/www.eldigitaldeasturias.com\\\/noticias\\\/wolfgang-steubin-muestra-su-respeto-por-kovac\\\/#listItem\",\"name\":\"Wolfgang Steubin muestra su respeto por Kovac\"},\"previousItem\":{\"@type\":\"ListItem\",\"@id\":\"https:\\\/\\\/www.eldigitaldeasturias.com\\\/noticias#listItem\",\"name\":\"Home\"}},{\"@type\":\"ListItem\",\"@id\":\"https:\\\/\\\/www.eldigitaldeasturias.com\\\/noticias\\\/wolfgang-steubin-muestra-su-respeto-por-kovac\\\/#listItem\",\"position\":3,\"name\":\"Wolfgang Steubin muestra su respeto por Kovac\",\"previousItem\":{\"@type\":\"ListItem\",\"@id\":\"https:\\\/\\\/www.eldigitaldeasturias.com\\\/noticias\\\/category\\\/deportes\\\/#listItem\",\"name\":\"Deportes\"}}]},{\"@type\":\"Organization\",\"@id\":\"https:\\\/\\\/www.eldigitaldeasturias.com\\\/noticias\\\/#organization\",\"name\":\"El Digital de Asturias\",\"description\":\"Hemeroteca\",\"url\":\"https:\\\/\\\/www.eldigitaldeasturias.com\\\/noticias\\\/\",\"email\":\"info@eldigitaldeasturias.com\",\"telephone\":\"+34652131393\",\"logo\":{\"@type\":\"ImageObject\",\"url\":\"https:\\\/\\\/www.eldigitaldeasturias.com\\\/noticias\\\/wp-content\\\/uploads\\\/2020\\\/12\\\/EDA.jpg\",\"@id\":\"https:\\\/\\\/www.eldigitaldeasturias.com\\\/noticias\\\/wolfgang-steubin-muestra-su-respeto-por-kovac\\\/#organizationLogo\",\"width\":649,\"height\":297},\"image\":{\"@id\":\"https:\\\/\\\/www.eldigitaldeasturias.com\\\/noticias\\\/wolfgang-steubin-muestra-su-respeto-por-kovac\\\/#organizationLogo\"},\"sameAs\":[\"https:\\\/\\\/facebook.com\\\/eldigitaldeasturias\",\"https:\\\/\\\/www.youtube.com\\\/channel\\\/UCZP-2wLEB9Rv6erhFmqVnvg\"],\"address\":{\"@id\":\"https:\\\/\\\/www.eldigitaldeasturias.com\\\/noticias\\\/#postaladdress\",\"@type\":\"PostalAddress\",\"streetAddress\":\"san antonio 4,\",\"postalCode\":\"33430\",\"addressLocality\":\"Cand\\u00e1s\",\"addressRegion\":\"Asturias\",\"addressCountry\":\"ES\"}},{\"@type\":\"Person\",\"@id\":\"https:\\\/\\\/www.eldigitaldeasturias.com\\\/noticias\\\/author\\\/admin\\\/#author\",\"url\":\"https:\\\/\\\/www.eldigitaldeasturias.com\\\/noticias\\\/author\\\/admin\\\/\",\"name\":\"El Digital de Asturias\",\"image\":{\"@type\":\"ImageObject\",\"@id\":\"https:\\\/\\\/www.eldigitaldeasturias.com\\\/noticias\\\/wolfgang-steubin-muestra-su-respeto-por-kovac\\\/#authorImage\",\"url\":\"https:\\\/\\\/www.eldigitaldeasturias.com\\\/noticias\\\/wp-content\\\/litespeed\\\/avatar\\\/18677e78aa0546b92d9dbf31ec7d7668.jpg?ver=1777290358\",\"width\":96,\"height\":96,\"caption\":\"El Digital de Asturias\"}},{\"@type\":\"WebPage\",\"@id\":\"https:\\\/\\\/www.eldigitaldeasturias.com\\\/noticias\\\/wolfgang-steubin-muestra-su-respeto-por-kovac\\\/#webpage\",\"url\":\"https:\\\/\\\/www.eldigitaldeasturias.com\\\/noticias\\\/wolfgang-steubin-muestra-su-respeto-por-kovac\\\/\",\"name\":\"Wolfgang Steubin muestra su respeto por Kovac - El Digital de Asturias\",\"description\":\"Fr\\u00e1ncfort, 6 jun (dpa) - El jefe de la junta directiva del Eintracht Frankfurt, Wolfgang Steubing, critic\\u00f3 duramente al Bayern M\\u00fanich, actual campe\\u00f3n de la liga alemana de f\\u00fatbol, por el trato otorgado a su entrenador Nivo Kovac, seg\\u00fan declaraciones que el peri\\u00f3dico alem\\u00e1n \\\"Bild\\\" publica hoy. Preguntado sobre si entiende el comportamiento del jefe\",\"inLanguage\":\"es-ES\",\"isPartOf\":{\"@id\":\"https:\\\/\\\/www.eldigitaldeasturias.com\\\/noticias\\\/#website\"},\"breadcrumb\":{\"@id\":\"https:\\\/\\\/www.eldigitaldeasturias.com\\\/noticias\\\/wolfgang-steubin-muestra-su-respeto-por-kovac\\\/#breadcrumblist\"},\"author\":{\"@id\":\"https:\\\/\\\/www.eldigitaldeasturias.com\\\/noticias\\\/author\\\/admin\\\/#author\"},\"creator\":{\"@id\":\"https:\\\/\\\/www.eldigitaldeasturias.com\\\/noticias\\\/author\\\/admin\\\/#author\"},\"image\":{\"@type\":\"ImageObject\",\"url\":\"https:\\\/\\\/www.eldigitaldeasturias.com\\\/noticias\\\/wp-content\\\/uploads\\\/2018\\\/06\\\/football-1406106_960_720.jpg\",\"@id\":\"https:\\\/\\\/www.eldigitaldeasturias.com\\\/noticias\\\/wolfgang-steubin-muestra-su-respeto-por-kovac\\\/#mainImage\",\"width\":960,\"height\":643},\"primaryImageOfPage\":{\"@id\":\"https:\\\/\\\/www.eldigitaldeasturias.com\\\/noticias\\\/wolfgang-steubin-muestra-su-respeto-por-kovac\\\/#mainImage\"},\"datePublished\":\"2019-06-06T18:00:35+02:00\",\"dateModified\":\"2019-06-06T18:00:35+02:00\"},{\"@type\":\"WebSite\",\"@id\":\"https:\\\/\\\/www.eldigitaldeasturias.com\\\/noticias\\\/#website\",\"url\":\"https:\\\/\\\/www.eldigitaldeasturias.com\\\/noticias\\\/\",\"name\":\"El Digital de Asturias - Diario de actualidad y noticias\",\"alternateName\":\"El Digital de Asturias - Diario de actualidad y noticias\",\"description\":\"Hemeroteca\",\"inLanguage\":\"es-ES\",\"publisher\":{\"@id\":\"https:\\\/\\\/www.eldigitaldeasturias.com\\\/noticias\\\/#organization\"}}]}\n\t\t<\/script>\n\t\t<!-- All in One SEO Pro -->\r\n\t\t<title>Wolfgang Steubin muestra su respeto por Kovac - El Digital de Asturias<\/title>\n\n","aioseo_head_json":{"title":"Wolfgang Steubin muestra su respeto por Kovac - El Digital de Asturias","description":"Fr\u00e1ncfort, 6 jun (dpa) - El jefe de la junta directiva del Eintracht Frankfurt, Wolfgang Steubing, critic\u00f3 duramente al Bayern M\u00fanich, actual campe\u00f3n de la liga alemana de f\u00fatbol, por el trato otorgado a su entrenador Nivo Kovac, seg\u00fan declaraciones que el peri\u00f3dico alem\u00e1n \"Bild\" publica hoy. Preguntado sobre si entiende el comportamiento del jefe","canonical_url":"https:\/\/www.eldigitaldeasturias.com\/noticias\/wolfgang-steubin-muestra-su-respeto-por-kovac\/","robots":"max-image-preview:large","keywords":"deportes","webmasterTools":{"google-site-verification":"UA-38556648-1","msvalidate.01":"7dfe9f3f1b24437ab69f4f2559babe99","miscellaneous":""},"schema":{"@context":"https:\/\/schema.org","@graph":[{"@type":"BlogPosting","@id":"https:\/\/www.eldigitaldeasturias.com\/noticias\/wolfgang-steubin-muestra-su-respeto-por-kovac\/#blogposting","name":"Wolfgang Steubin muestra su respeto por Kovac - El Digital de Asturias","headline":"Wolfgang Steubin muestra su respeto por Kovac","author":{"@id":"https:\/\/www.eldigitaldeasturias.com\/noticias\/author\/admin\/#author"},"publisher":{"@id":"https:\/\/www.eldigitaldeasturias.com\/noticias\/#organization"},"image":{"@type":"ImageObject","url":"https:\/\/www.eldigitaldeasturias.com\/noticias\/wp-content\/uploads\/2018\/06\/football-1406106_960_720.jpg","width":960,"height":643},"datePublished":"2019-06-06T18:00:35+02:00","dateModified":"2019-06-06T18:00:35+02:00","inLanguage":"es-ES","mainEntityOfPage":{"@id":"https:\/\/www.eldigitaldeasturias.com\/noticias\/wolfgang-steubin-muestra-su-respeto-por-kovac\/#webpage"},"isPartOf":{"@id":"https:\/\/www.eldigitaldeasturias.com\/noticias\/wolfgang-steubin-muestra-su-respeto-por-kovac\/#webpage"},"articleSection":"Deportes"},{"@type":"BreadcrumbList","@id":"https:\/\/www.eldigitaldeasturias.com\/noticias\/wolfgang-steubin-muestra-su-respeto-por-kovac\/#breadcrumblist","itemListElement":[{"@type":"ListItem","@id":"https:\/\/www.eldigitaldeasturias.com\/noticias#listItem","position":1,"name":"Home","item":"https:\/\/www.eldigitaldeasturias.com\/noticias","nextItem":{"@type":"ListItem","@id":"https:\/\/www.eldigitaldeasturias.com\/noticias\/category\/deportes\/#listItem","name":"Deportes"}},{"@type":"ListItem","@id":"https:\/\/www.eldigitaldeasturias.com\/noticias\/category\/deportes\/#listItem","position":2,"name":"Deportes","item":"https:\/\/www.eldigitaldeasturias.com\/noticias\/category\/deportes\/","nextItem":{"@type":"ListItem","@id":"https:\/\/www.eldigitaldeasturias.com\/noticias\/wolfgang-steubin-muestra-su-respeto-por-kovac\/#listItem","name":"Wolfgang Steubin muestra su respeto por Kovac"},"previousItem":{"@type":"ListItem","@id":"https:\/\/www.eldigitaldeasturias.com\/noticias#listItem","name":"Home"}},{"@type":"ListItem","@id":"https:\/\/www.eldigitaldeasturias.com\/noticias\/wolfgang-steubin-muestra-su-respeto-por-kovac\/#listItem","position":3,"name":"Wolfgang Steubin muestra su respeto por Kovac","previousItem":{"@type":"ListItem","@id":"https:\/\/www.eldigitaldeasturias.com\/noticias\/category\/deportes\/#listItem","name":"Deportes"}}]},{"@type":"Organization","@id":"https:\/\/www.eldigitaldeasturias.com\/noticias\/#organization","name":"El Digital de Asturias","description":"Hemeroteca","url":"https:\/\/www.eldigitaldeasturias.com\/noticias\/","email":"info@eldigitaldeasturias.com","telephone":"+34652131393","logo":{"@type":"ImageObject","url":"https:\/\/www.eldigitaldeasturias.com\/noticias\/wp-content\/uploads\/2020\/12\/EDA.jpg","@id":"https:\/\/www.eldigitaldeasturias.com\/noticias\/wolfgang-steubin-muestra-su-respeto-por-kovac\/#organizationLogo","width":649,"height":297},"image":{"@id":"https:\/\/www.eldigitaldeasturias.com\/noticias\/wolfgang-steubin-muestra-su-respeto-por-kovac\/#organizationLogo"},"sameAs":["https:\/\/facebook.com\/eldigitaldeasturias","https:\/\/www.youtube.com\/channel\/UCZP-2wLEB9Rv6erhFmqVnvg"],"address":{"@id":"https:\/\/www.eldigitaldeasturias.com\/noticias\/#postaladdress","@type":"PostalAddress","streetAddress":"san antonio 4,","postalCode":"33430","addressLocality":"Cand\u00e1s","addressRegion":"Asturias","addressCountry":"ES"}},{"@type":"Person","@id":"https:\/\/www.eldigitaldeasturias.com\/noticias\/author\/admin\/#author","url":"https:\/\/www.eldigitaldeasturias.com\/noticias\/author\/admin\/","name":"El Digital de Asturias","image":{"@type":"ImageObject","@id":"https:\/\/www.eldigitaldeasturias.com\/noticias\/wolfgang-steubin-muestra-su-respeto-por-kovac\/#authorImage","url":"https:\/\/www.eldigitaldeasturias.com\/noticias\/wp-content\/litespeed\/avatar\/18677e78aa0546b92d9dbf31ec7d7668.jpg?ver=1777290358","width":96,"height":96,"caption":"El Digital de Asturias"}},{"@type":"WebPage","@id":"https:\/\/www.eldigitaldeasturias.com\/noticias\/wolfgang-steubin-muestra-su-respeto-por-kovac\/#webpage","url":"https:\/\/www.eldigitaldeasturias.com\/noticias\/wolfgang-steubin-muestra-su-respeto-por-kovac\/","name":"Wolfgang Steubin muestra su respeto por Kovac - El Digital de Asturias","description":"Fr\u00e1ncfort, 6 jun (dpa) - El jefe de la junta directiva del Eintracht Frankfurt, Wolfgang Steubing, critic\u00f3 duramente al Bayern M\u00fanich, actual campe\u00f3n de la liga alemana de f\u00fatbol, por el trato otorgado a su entrenador Nivo Kovac, seg\u00fan declaraciones que el peri\u00f3dico alem\u00e1n \"Bild\" publica hoy. Preguntado sobre si entiende el comportamiento del jefe","inLanguage":"es-ES","isPartOf":{"@id":"https:\/\/www.eldigitaldeasturias.com\/noticias\/#website"},"breadcrumb":{"@id":"https:\/\/www.eldigitaldeasturias.com\/noticias\/wolfgang-steubin-muestra-su-respeto-por-kovac\/#breadcrumblist"},"author":{"@id":"https:\/\/www.eldigitaldeasturias.com\/noticias\/author\/admin\/#author"},"creator":{"@id":"https:\/\/www.eldigitaldeasturias.com\/noticias\/author\/admin\/#author"},"image":{"@type":"ImageObject","url":"https:\/\/www.eldigitaldeasturias.com\/noticias\/wp-content\/uploads\/2018\/06\/football-1406106_960_720.jpg","@id":"https:\/\/www.eldigitaldeasturias.com\/noticias\/wolfgang-steubin-muestra-su-respeto-por-kovac\/#mainImage","width":960,"height":643},"primaryImageOfPage":{"@id":"https:\/\/www.eldigitaldeasturias.com\/noticias\/wolfgang-steubin-muestra-su-respeto-por-kovac\/#mainImage"},"datePublished":"2019-06-06T18:00:35+02:00","dateModified":"2019-06-06T18:00:35+02:00"},{"@type":"WebSite","@id":"https:\/\/www.eldigitaldeasturias.com\/noticias\/#website","url":"https:\/\/www.eldigitaldeasturias.com\/noticias\/","name":"El Digital de Asturias - Diario de actualidad y noticias","alternateName":"El Digital de Asturias - Diario de actualidad y noticias","description":"Hemeroteca","inLanguage":"es-ES","publisher":{"@id":"https:\/\/www.eldigitaldeasturias.com\/noticias\/#organization"}}]},"og:locale":"es_ES","og:site_name":"El Digital de Asturias","og:type":"article","og:title":"Wolfgang Steubin muestra su respeto por Kovac - El Digital de Asturias","og:description":"Fr\u00e1ncfort, 6 jun (dpa) - El jefe de la junta directiva del Eintracht Frankfurt, Wolfgang Steubing, critic\u00f3 duramente al Bayern M\u00fanich, actual campe\u00f3n de la liga alemana de f\u00fatbol, por el trato otorgado a su entrenador Nivo Kovac, seg\u00fan declaraciones que el peri\u00f3dico alem\u00e1n &quot;Bild&quot; publica hoy. Preguntado sobre si entiende el comportamiento del jefe","og:url":"https:\/\/www.eldigitaldeasturias.com\/noticias\/wolfgang-steubin-muestra-su-respeto-por-kovac\/","og:image":"https:\/\/www.eldigitaldeasturias.com\/noticias\/wp-content\/uploads\/2018\/06\/football-1406106_960_720.jpg","og:image:secure_url":"https:\/\/www.eldigitaldeasturias.com\/noticias\/wp-content\/uploads\/2018\/06\/football-1406106_960_720.jpg","og:image:width":960,"og:image:height":643,"article:tag":["deportes"],"article:published_time":"2019-06-06T18:00:35+00:00","article:modified_time":"2019-06-06T18:00:35+00:00","article:publisher":"https:\/\/facebook.com\/eldigitaldeasturias","twitter:card":"summary_large_image","twitter:title":"Wolfgang Steubin muestra su respeto por Kovac - El Digital de Asturias","twitter:description":"Fr\u00e1ncfort, 6 jun (dpa) - El jefe de la junta directiva del Eintracht Frankfurt, Wolfgang Steubing, critic\u00f3 duramente al Bayern M\u00fanich, actual campe\u00f3n de la liga alemana de f\u00fatbol, por el trato otorgado a su entrenador Nivo Kovac, seg\u00fan declaraciones que el peri\u00f3dico alem\u00e1n &quot;Bild&quot; publica hoy. Preguntado sobre si entiende el comportamiento del jefe","twitter:image":"https:\/\/www.eldigitaldeasturias.com\/noticias\/wp-content\/uploads\/2018\/06\/football-1406106_960_720.jpg","twitter:label1":"Escrito por","twitter:data1":"El Digital de Asturias","twitter:label2":"Tiempo de lectura estimado","twitter:data2":"1 minuto"},"aioseo_meta_data":{"post_id":"1029916","title":null,"description":null,"keywords":null,"keyphrases":null,"primary_term":null,"canonical_url":null,"og_title":null,"og_description":null,"og_object_type":"default","og_image_type":"default","og_image_url":null,"og_image_width":null,"og_image_height":null,"og_image_custom_url":null,"og_image_custom_fields":null,"og_video":null,"og_custom_url":null,"og_article_section":null,"og_article_tags":null,"twitter_use_og":false,"twitter_card":"default","twitter_image_type":"default","twitter_image_url":null,"twitter_image_custom_url":null,"twitter_image_custom_fields":null,"twitter_title":null,"twitter_description":null,"schema":{"blockGraphs":[],"customGraphs":[],"default":{"data":{"Article":[],"Course":[],"Dataset":[],"FAQPage":[],"Movie":[],"Person":[],"Product":[],"ProductReview":[],"Car":[],"Recipe":[],"Service":[],"SoftwareApplication":[],"WebPage":[]},"graphName":"","isEnabled":true},"graphs":[],"defaultGraph":"","defaultPostTypeGraph":""},"schema_type":null,"schema_type_options":null,"pillar_content":false,"robots_default":true,"robots_noindex":false,"robots_noarchive":false,"robots_nosnippet":false,"robots_nofollow":false,"robots_noimageindex":false,"robots_noodp":false,"robots_notranslate":false,"robots_max_snippet":null,"robots_max_videopreview":null,"robots_max_imagepreview":"large","priority":null,"frequency":null,"local_seo":null,"seo_analyzer_scan_date":"2025-10-18 13:54:06","breadcrumb_settings":null,"limit_modified_date":false,"open_ai":null,"ai":null,"created":"2020-12-21 11:10:53","updated":"2025-10-18 13:54:06"},"aioseo_breadcrumb":"<div class=\"aioseo-breadcrumbs\"><span class=\"aioseo-breadcrumb\">\n\t<a href=\"https:\/\/www.eldigitaldeasturias.com\/noticias\" title=\"Home\">Home<\/a>\n<\/span><span class=\"aioseo-breadcrumb-separator\">\u2013<\/span><span class=\"aioseo-breadcrumb\">\n\t<a href=\"https:\/\/www.eldigitaldeasturias.com\/noticias\/category\/deportes\/\" title=\"Deportes\">Deportes<\/a>\n<\/span><span class=\"aioseo-breadcrumb-separator\">\u2013<\/span><span class=\"aioseo-breadcrumb\">\n\t<a href=\"https:\/\/www.eldigitaldeasturias.com\/noticias\/wolfgang-steubin-muestra-su-respeto-por-kovac\/\" title=\"Wolfgang Steubin muestra su respeto por Kovac\">Wolfgang Steubin muestra su respeto por Kovac<\/a>\n<\/span><\/div>","aioseo_breadcrumb_json":[{"label":"Home","link":"https:\/\/www.eldigitaldeasturias.com\/noticias"},{"label":"Deportes","link":"https:\/\/www.eldigitaldeasturias.com\/noticias\/category\/deportes\/"},{"label":"Wolfgang Steubin muestra su respeto por Kovac","link":"https:\/\/www.eldigitaldeasturias.com\/noticias\/wolfgang-steubin-muestra-su-respeto-por-kovac\/"}],"_links":{"self":[{"href":"https:\/\/www.eldigitaldeasturias.com\/noticias\/wp-json\/wp\/v2\/posts\/1029916","targetHints":{"allow":["GET"]}}],"collection":[{"href":"https:\/\/www.eldigitaldeasturias.com\/noticias\/wp-json\/wp\/v2\/posts"}],"about":[{"href":"https:\/\/www.eldigitaldeasturias.com\/noticias\/wp-json\/wp\/v2\/types\/post"}],"author":[{"embeddable":true,"href":"https:\/\/www.eldigitaldeasturias.com\/noticias\/wp-json\/wp\/v2\/users\/1"}],"replies":[{"embeddable":true,"href":"https:\/\/www.eldigitaldeasturias.com\/noticias\/wp-json\/wp\/v2\/comments?post=1029916"}],"version-history":[{"count":0,"href":"https:\/\/www.eldigitaldeasturias.com\/noticias\/wp-json\/wp\/v2\/posts\/1029916\/revisions"}],"wp:featuredmedia":[{"embeddable":true,"href":"https:\/\/www.eldigitaldeasturias.com\/noticias\/wp-json\/wp\/v2\/media\/985209"}],"wp:attachment":[{"href":"https:\/\/www.eldigitaldeasturias.com\/noticias\/wp-json\/wp\/v2\/media?parent=1029916"}],"wp:term":[{"taxonomy":"category","embeddable":true,"href":"https:\/\/www.eldigitaldeasturias.com\/noticias\/wp-json\/wp\/v2\/categories?post=1029916"},{"taxonomy":"post_tag","embeddable":true,"href":"https:\/\/www.eldigitaldeasturias.com\/noticias\/wp-json\/wp\/v2\/tags?post=1029916"}],"curies":[{"name":"wp","href":"https:\/\/api.w.org\/{rel}","templated":true}]}}