{"id":1029913,"date":"2019-06-06T17:56:33","date_gmt":"2019-06-06T17:56:33","guid":{"rendered":"https:\/\/www.eldigitaldeasturias.com\/noticias\/?p=1029913"},"modified":"2019-06-06T17:56:33","modified_gmt":"2019-06-06T17:56:33","slug":"marco-reus-dolio-mucho-perder-la-bundesliga","status":"publish","type":"post","link":"https:\/\/www.eldigitaldeasturias.com\/noticias\/marco-reus-dolio-mucho-perder-la-bundesliga\/","title":{"rendered":"Marco Reus: \u201cDoli\u00f3 mucho perder la Bundesliga\u201d"},"content":{"rendered":"<p><img loading=\"lazy\" decoding=\"async\" class=\"alignleft size-medium wp-image-1029914\" src=\"https:\/\/www.eldigitaldeasturias.com\/noticias\/wp-content\/uploads\/2019\/06\/Marco-Reus-BVB-360x244.jpg\" alt=\"\" width=\"360\" height=\"244\" srcset=\"https:\/\/www.eldigitaldeasturias.com\/noticias\/wp-content\/uploads\/2019\/06\/Marco-Reus-BVB-360x244.jpg 360w, https:\/\/www.eldigitaldeasturias.com\/noticias\/wp-content\/uploads\/2019\/06\/Marco-Reus-BVB-768x520.jpg 768w, https:\/\/www.eldigitaldeasturias.com\/noticias\/wp-content\/uploads\/2019\/06\/Marco-Reus-BVB-650x440.jpg 650w, https:\/\/www.eldigitaldeasturias.com\/noticias\/wp-content\/uploads\/2019\/06\/Marco-Reus-BVB.jpg 995w\" sizes=\"auto, (max-width: 360px) 100vw, 360px\" \/>Dortmund, 6 jun (dpa) &#8211; El capit\u00e1n del Borrussia Dortmund, Marco Reus, lament\u00f3 no haber aprovechado la oportunidad que su equipo tuvo esta temporada de hacerse con el t\u00edtulo de la Bundesliga, seg\u00fan indic\u00f3 en declaraciones a la revista especializada alemana \u00abKicker\u00bb.<\/p>\n<p>\u00abDoli\u00f3 mucho, ya que esta vez la oportunidad era incre\u00edblemente grande\u00bb, dijo el jugador de 30 a\u00f1os, quien tambi\u00e9n reconoci\u00f3 que no podr\u00e1 quit\u00e1rselo de la cabeza hasta que finalice la actual concentraci\u00f3n de la selecci\u00f3n alemana y pueda irse de vacaciones.<\/p>\n<p>El equipo de Dortmund lleg\u00f3 a tener una ventaja de hasta nueve puntos con respecto al Bayern M\u00fanich, quien finalmente logr\u00f3 hacerse con el t\u00edtulo de la liga alemana.<\/p>\n<p>Reus admiti\u00f3 sufrir una doble frustaci\u00f3n por este hecho. \u00abNo es solo que no consigui\u00e9ramos el t\u00edtulo, sino que tenemos que hacernos responsables por no haberlo hecho, ya que en su momento estuvimos muy por delante\u00bb.<\/p>\n<p>Conforme se acerca el final de su carrera, la consecuci\u00f3n del t\u00edtulo liguero cobra m\u00e1s importancia para Reus, quien sin embargo es optimista: \u00abEn los pr\u00f3ximos dos o tres seguramente se lograr\u00e1\u00bb.<\/p>\n<p><em>Foto: Federico Gambarini\/dpa<\/em><\/p>\n","protected":false},"excerpt":{"rendered":"<p>Dortmund, 6 jun (dpa) &#8211; El capit\u00e1n del Borrussia Dortmund, Marco Reus, lament\u00f3 no haber aprovechado la oportunidad que su equipo tuvo esta temporada de hacerse con el t\u00edtulo de la Bundesliga, seg\u00fan indic\u00f3 en declaraciones a la revista especializada alemana \u00abKicker\u00bb. \u00abDoli\u00f3 mucho, ya que esta vez la oportunidad era incre\u00edblemente grande\u00bb, dijo el [&hellip;]<\/p>\n","protected":false},"author":1,"featured_media":1029914,"comment_status":"closed","ping_status":"closed","sticky":false,"template":"","format":"standard","meta":{"footnotes":""},"categories":[190],"tags":[],"class_list":["post-1029913","post","type-post","status-publish","format-standard","has-post-thumbnail","hentry","category-deportes"],"aioseo_notices":[],"aioseo_head":"\n\t\t<!-- All in One SEO Pro 4.9.6.2 - aioseo.com -->\n\t<meta name=\"description\" content=\"Dortmund, 6 jun (dpa) - El capit\u00e1n del Borrussia Dortmund, Marco Reus, lament\u00f3 no haber aprovechado la oportunidad que su equipo tuvo esta temporada de hacerse con el t\u00edtulo de la Bundesliga, seg\u00fan indic\u00f3 en declaraciones a la revista especializada alemana &quot;Kicker&quot;. &quot;Doli\u00f3 mucho, ya que esta vez la oportunidad era incre\u00edblemente grande&quot;, dijo el\" \/>\n\t<meta name=\"robots\" content=\"max-image-preview:large\" \/>\n\t<meta name=\"author\" content=\"El Digital de Asturias\"\/>\n\t<meta name=\"google-site-verification\" content=\"UA-38556648-1\" \/>\n\t<meta name=\"msvalidate.01\" content=\"7dfe9f3f1b24437ab69f4f2559babe99\" \/>\n\t<meta name=\"keywords\" content=\"deportes\" \/>\n\t<link rel=\"canonical\" href=\"https:\/\/www.eldigitaldeasturias.com\/noticias\/marco-reus-dolio-mucho-perder-la-bundesliga\/\" \/>\n\t<meta name=\"generator\" content=\"All in One SEO Pro (AIOSEO) 4.9.6.2\" \/>\n\t\t<meta property=\"og:locale\" content=\"es_ES\" \/>\n\t\t<meta property=\"og:site_name\" content=\"El Digital de Asturias\" \/>\n\t\t<meta property=\"og:type\" content=\"article\" \/>\n\t\t<meta property=\"og:title\" content=\"Marco Reus: \u201cDoli\u00f3 mucho perder la Bundesliga\u201d - El Digital de Asturias\" \/>\n\t\t<meta property=\"og:description\" content=\"Dortmund, 6 jun (dpa) - El capit\u00e1n del Borrussia Dortmund, Marco Reus, lament\u00f3 no haber aprovechado la oportunidad que su equipo tuvo esta temporada de hacerse con el t\u00edtulo de la Bundesliga, seg\u00fan indic\u00f3 en declaraciones a la revista especializada alemana &quot;Kicker&quot;. &quot;Doli\u00f3 mucho, ya que esta vez la oportunidad era incre\u00edblemente grande&quot;, dijo el\" \/>\n\t\t<meta property=\"og:url\" content=\"https:\/\/www.eldigitaldeasturias.com\/noticias\/marco-reus-dolio-mucho-perder-la-bundesliga\/\" \/>\n\t\t<meta property=\"og:image\" content=\"https:\/\/www.eldigitaldeasturias.com\/noticias\/wp-content\/uploads\/2019\/06\/Marco-Reus-BVB.jpg\" \/>\n\t\t<meta property=\"og:image:secure_url\" content=\"https:\/\/www.eldigitaldeasturias.com\/noticias\/wp-content\/uploads\/2019\/06\/Marco-Reus-BVB.jpg\" \/>\n\t\t<meta property=\"og:image:width\" content=\"995\" \/>\n\t\t<meta property=\"og:image:height\" content=\"674\" \/>\n\t\t<meta property=\"article:tag\" content=\"deportes\" \/>\n\t\t<meta property=\"article:published_time\" content=\"2019-06-06T17:56:33+00:00\" \/>\n\t\t<meta property=\"article:modified_time\" content=\"2019-06-06T17:56:33+00:00\" \/>\n\t\t<meta property=\"article:publisher\" content=\"https:\/\/facebook.com\/eldigitaldeasturias\" \/>\n\t\t<meta name=\"twitter:card\" content=\"summary_large_image\" \/>\n\t\t<meta name=\"twitter:title\" content=\"Marco Reus: \u201cDoli\u00f3 mucho perder la Bundesliga\u201d - El Digital de Asturias\" \/>\n\t\t<meta name=\"twitter:description\" content=\"Dortmund, 6 jun (dpa) - El capit\u00e1n del Borrussia Dortmund, Marco Reus, lament\u00f3 no haber aprovechado la oportunidad que su equipo tuvo esta temporada de hacerse con el t\u00edtulo de la Bundesliga, seg\u00fan indic\u00f3 en declaraciones a la revista especializada alemana &quot;Kicker&quot;. &quot;Doli\u00f3 mucho, ya que esta vez la oportunidad era incre\u00edblemente grande&quot;, dijo el\" \/>\n\t\t<meta name=\"twitter:image\" content=\"https:\/\/www.eldigitaldeasturias.com\/noticias\/wp-content\/uploads\/2019\/06\/Marco-Reus-BVB.jpg\" \/>\n\t\t<meta name=\"twitter:label1\" content=\"Escrito por\" \/>\n\t\t<meta name=\"twitter:data1\" content=\"El Digital de Asturias\" \/>\n\t\t<meta name=\"twitter:label2\" content=\"Tiempo de lectura estimado\" \/>\n\t\t<meta name=\"twitter:data2\" content=\"1 minuto\" \/>\n\t\t<script type=\"application\/ld+json\" class=\"aioseo-schema\">\n\t\t\t{\"@context\":\"https:\\\/\\\/schema.org\",\"@graph\":[{\"@type\":\"BlogPosting\",\"@id\":\"https:\\\/\\\/www.eldigitaldeasturias.com\\\/noticias\\\/marco-reus-dolio-mucho-perder-la-bundesliga\\\/#blogposting\",\"name\":\"Marco Reus: \\u201cDoli\\u00f3 mucho perder la Bundesliga\\u201d - El Digital de Asturias\",\"headline\":\"Marco Reus: \\u201cDoli\\u00f3 mucho perder la Bundesliga\\u201d\",\"author\":{\"@id\":\"https:\\\/\\\/www.eldigitaldeasturias.com\\\/noticias\\\/author\\\/admin\\\/#author\"},\"publisher\":{\"@id\":\"https:\\\/\\\/www.eldigitaldeasturias.com\\\/noticias\\\/#organization\"},\"image\":{\"@type\":\"ImageObject\",\"url\":\"https:\\\/\\\/www.eldigitaldeasturias.com\\\/noticias\\\/wp-content\\\/uploads\\\/2019\\\/06\\\/Marco-Reus-BVB.jpg\",\"width\":995,\"height\":674},\"datePublished\":\"2019-06-06T17:56:33+02:00\",\"dateModified\":\"2019-06-06T17:56:33+02:00\",\"inLanguage\":\"es-ES\",\"mainEntityOfPage\":{\"@id\":\"https:\\\/\\\/www.eldigitaldeasturias.com\\\/noticias\\\/marco-reus-dolio-mucho-perder-la-bundesliga\\\/#webpage\"},\"isPartOf\":{\"@id\":\"https:\\\/\\\/www.eldigitaldeasturias.com\\\/noticias\\\/marco-reus-dolio-mucho-perder-la-bundesliga\\\/#webpage\"},\"articleSection\":\"Deportes\"},{\"@type\":\"BreadcrumbList\",\"@id\":\"https:\\\/\\\/www.eldigitaldeasturias.com\\\/noticias\\\/marco-reus-dolio-mucho-perder-la-bundesliga\\\/#breadcrumblist\",\"itemListElement\":[{\"@type\":\"ListItem\",\"@id\":\"https:\\\/\\\/www.eldigitaldeasturias.com\\\/noticias#listItem\",\"position\":1,\"name\":\"Home\",\"item\":\"https:\\\/\\\/www.eldigitaldeasturias.com\\\/noticias\",\"nextItem\":{\"@type\":\"ListItem\",\"@id\":\"https:\\\/\\\/www.eldigitaldeasturias.com\\\/noticias\\\/category\\\/deportes\\\/#listItem\",\"name\":\"Deportes\"}},{\"@type\":\"ListItem\",\"@id\":\"https:\\\/\\\/www.eldigitaldeasturias.com\\\/noticias\\\/category\\\/deportes\\\/#listItem\",\"position\":2,\"name\":\"Deportes\",\"item\":\"https:\\\/\\\/www.eldigitaldeasturias.com\\\/noticias\\\/category\\\/deportes\\\/\",\"nextItem\":{\"@type\":\"ListItem\",\"@id\":\"https:\\\/\\\/www.eldigitaldeasturias.com\\\/noticias\\\/marco-reus-dolio-mucho-perder-la-bundesliga\\\/#listItem\",\"name\":\"Marco Reus: \\u201cDoli\\u00f3 mucho perder la Bundesliga\\u201d\"},\"previousItem\":{\"@type\":\"ListItem\",\"@id\":\"https:\\\/\\\/www.eldigitaldeasturias.com\\\/noticias#listItem\",\"name\":\"Home\"}},{\"@type\":\"ListItem\",\"@id\":\"https:\\\/\\\/www.eldigitaldeasturias.com\\\/noticias\\\/marco-reus-dolio-mucho-perder-la-bundesliga\\\/#listItem\",\"position\":3,\"name\":\"Marco Reus: \\u201cDoli\\u00f3 mucho perder la Bundesliga\\u201d\",\"previousItem\":{\"@type\":\"ListItem\",\"@id\":\"https:\\\/\\\/www.eldigitaldeasturias.com\\\/noticias\\\/category\\\/deportes\\\/#listItem\",\"name\":\"Deportes\"}}]},{\"@type\":\"Organization\",\"@id\":\"https:\\\/\\\/www.eldigitaldeasturias.com\\\/noticias\\\/#organization\",\"name\":\"El Digital de Asturias\",\"description\":\"Hemeroteca\",\"url\":\"https:\\\/\\\/www.eldigitaldeasturias.com\\\/noticias\\\/\",\"email\":\"info@eldigitaldeasturias.com\",\"telephone\":\"+34652131393\",\"logo\":{\"@type\":\"ImageObject\",\"url\":\"https:\\\/\\\/www.eldigitaldeasturias.com\\\/noticias\\\/wp-content\\\/uploads\\\/2020\\\/12\\\/EDA.jpg\",\"@id\":\"https:\\\/\\\/www.eldigitaldeasturias.com\\\/noticias\\\/marco-reus-dolio-mucho-perder-la-bundesliga\\\/#organizationLogo\",\"width\":649,\"height\":297},\"image\":{\"@id\":\"https:\\\/\\\/www.eldigitaldeasturias.com\\\/noticias\\\/marco-reus-dolio-mucho-perder-la-bundesliga\\\/#organizationLogo\"},\"sameAs\":[\"https:\\\/\\\/facebook.com\\\/eldigitaldeasturias\",\"https:\\\/\\\/www.youtube.com\\\/channel\\\/UCZP-2wLEB9Rv6erhFmqVnvg\"],\"address\":{\"@id\":\"https:\\\/\\\/www.eldigitaldeasturias.com\\\/noticias\\\/#postaladdress\",\"@type\":\"PostalAddress\",\"streetAddress\":\"san antonio 4,\",\"postalCode\":\"33430\",\"addressLocality\":\"Cand\\u00e1s\",\"addressRegion\":\"Asturias\",\"addressCountry\":\"ES\"}},{\"@type\":\"Person\",\"@id\":\"https:\\\/\\\/www.eldigitaldeasturias.com\\\/noticias\\\/author\\\/admin\\\/#author\",\"url\":\"https:\\\/\\\/www.eldigitaldeasturias.com\\\/noticias\\\/author\\\/admin\\\/\",\"name\":\"El Digital de Asturias\",\"image\":{\"@type\":\"ImageObject\",\"@id\":\"https:\\\/\\\/www.eldigitaldeasturias.com\\\/noticias\\\/marco-reus-dolio-mucho-perder-la-bundesliga\\\/#authorImage\",\"url\":\"https:\\\/\\\/www.eldigitaldeasturias.com\\\/noticias\\\/wp-content\\\/litespeed\\\/avatar\\\/18677e78aa0546b92d9dbf31ec7d7668.jpg?ver=1777290358\",\"width\":96,\"height\":96,\"caption\":\"El Digital de Asturias\"}},{\"@type\":\"WebPage\",\"@id\":\"https:\\\/\\\/www.eldigitaldeasturias.com\\\/noticias\\\/marco-reus-dolio-mucho-perder-la-bundesliga\\\/#webpage\",\"url\":\"https:\\\/\\\/www.eldigitaldeasturias.com\\\/noticias\\\/marco-reus-dolio-mucho-perder-la-bundesliga\\\/\",\"name\":\"Marco Reus: \\u201cDoli\\u00f3 mucho perder la Bundesliga\\u201d - El Digital de Asturias\",\"description\":\"Dortmund, 6 jun (dpa) - El capit\\u00e1n del Borrussia Dortmund, Marco Reus, lament\\u00f3 no haber aprovechado la oportunidad que su equipo tuvo esta temporada de hacerse con el t\\u00edtulo de la Bundesliga, seg\\u00fan indic\\u00f3 en declaraciones a la revista especializada alemana \\\"Kicker\\\". \\\"Doli\\u00f3 mucho, ya que esta vez la oportunidad era incre\\u00edblemente grande\\\", dijo el\",\"inLanguage\":\"es-ES\",\"isPartOf\":{\"@id\":\"https:\\\/\\\/www.eldigitaldeasturias.com\\\/noticias\\\/#website\"},\"breadcrumb\":{\"@id\":\"https:\\\/\\\/www.eldigitaldeasturias.com\\\/noticias\\\/marco-reus-dolio-mucho-perder-la-bundesliga\\\/#breadcrumblist\"},\"author\":{\"@id\":\"https:\\\/\\\/www.eldigitaldeasturias.com\\\/noticias\\\/author\\\/admin\\\/#author\"},\"creator\":{\"@id\":\"https:\\\/\\\/www.eldigitaldeasturias.com\\\/noticias\\\/author\\\/admin\\\/#author\"},\"image\":{\"@type\":\"ImageObject\",\"url\":\"https:\\\/\\\/www.eldigitaldeasturias.com\\\/noticias\\\/wp-content\\\/uploads\\\/2019\\\/06\\\/Marco-Reus-BVB.jpg\",\"@id\":\"https:\\\/\\\/www.eldigitaldeasturias.com\\\/noticias\\\/marco-reus-dolio-mucho-perder-la-bundesliga\\\/#mainImage\",\"width\":995,\"height\":674},\"primaryImageOfPage\":{\"@id\":\"https:\\\/\\\/www.eldigitaldeasturias.com\\\/noticias\\\/marco-reus-dolio-mucho-perder-la-bundesliga\\\/#mainImage\"},\"datePublished\":\"2019-06-06T17:56:33+02:00\",\"dateModified\":\"2019-06-06T17:56:33+02:00\"},{\"@type\":\"WebSite\",\"@id\":\"https:\\\/\\\/www.eldigitaldeasturias.com\\\/noticias\\\/#website\",\"url\":\"https:\\\/\\\/www.eldigitaldeasturias.com\\\/noticias\\\/\",\"name\":\"El Digital de Asturias - Diario de actualidad y noticias\",\"alternateName\":\"El Digital de Asturias - Diario de actualidad y noticias\",\"description\":\"Hemeroteca\",\"inLanguage\":\"es-ES\",\"publisher\":{\"@id\":\"https:\\\/\\\/www.eldigitaldeasturias.com\\\/noticias\\\/#organization\"}}]}\n\t\t<\/script>\n\t\t<!-- All in One SEO Pro -->\r\n\t\t<title>Marco Reus: \u201cDoli\u00f3 mucho perder la Bundesliga\u201d - El Digital de Asturias<\/title>\n\n","aioseo_head_json":{"title":"Marco Reus: \u201cDoli\u00f3 mucho perder la Bundesliga\u201d - El Digital de Asturias","description":"Dortmund, 6 jun (dpa) - El capit\u00e1n del Borrussia Dortmund, Marco Reus, lament\u00f3 no haber aprovechado la oportunidad que su equipo tuvo esta temporada de hacerse con el t\u00edtulo de la Bundesliga, seg\u00fan indic\u00f3 en declaraciones a la revista especializada alemana \"Kicker\". \"Doli\u00f3 mucho, ya que esta vez la oportunidad era incre\u00edblemente grande\", dijo el","canonical_url":"https:\/\/www.eldigitaldeasturias.com\/noticias\/marco-reus-dolio-mucho-perder-la-bundesliga\/","robots":"max-image-preview:large","keywords":"deportes","webmasterTools":{"google-site-verification":"UA-38556648-1","msvalidate.01":"7dfe9f3f1b24437ab69f4f2559babe99","miscellaneous":""},"schema":{"@context":"https:\/\/schema.org","@graph":[{"@type":"BlogPosting","@id":"https:\/\/www.eldigitaldeasturias.com\/noticias\/marco-reus-dolio-mucho-perder-la-bundesliga\/#blogposting","name":"Marco Reus: \u201cDoli\u00f3 mucho perder la Bundesliga\u201d - El Digital de Asturias","headline":"Marco Reus: \u201cDoli\u00f3 mucho perder la Bundesliga\u201d","author":{"@id":"https:\/\/www.eldigitaldeasturias.com\/noticias\/author\/admin\/#author"},"publisher":{"@id":"https:\/\/www.eldigitaldeasturias.com\/noticias\/#organization"},"image":{"@type":"ImageObject","url":"https:\/\/www.eldigitaldeasturias.com\/noticias\/wp-content\/uploads\/2019\/06\/Marco-Reus-BVB.jpg","width":995,"height":674},"datePublished":"2019-06-06T17:56:33+02:00","dateModified":"2019-06-06T17:56:33+02:00","inLanguage":"es-ES","mainEntityOfPage":{"@id":"https:\/\/www.eldigitaldeasturias.com\/noticias\/marco-reus-dolio-mucho-perder-la-bundesliga\/#webpage"},"isPartOf":{"@id":"https:\/\/www.eldigitaldeasturias.com\/noticias\/marco-reus-dolio-mucho-perder-la-bundesliga\/#webpage"},"articleSection":"Deportes"},{"@type":"BreadcrumbList","@id":"https:\/\/www.eldigitaldeasturias.com\/noticias\/marco-reus-dolio-mucho-perder-la-bundesliga\/#breadcrumblist","itemListElement":[{"@type":"ListItem","@id":"https:\/\/www.eldigitaldeasturias.com\/noticias#listItem","position":1,"name":"Home","item":"https:\/\/www.eldigitaldeasturias.com\/noticias","nextItem":{"@type":"ListItem","@id":"https:\/\/www.eldigitaldeasturias.com\/noticias\/category\/deportes\/#listItem","name":"Deportes"}},{"@type":"ListItem","@id":"https:\/\/www.eldigitaldeasturias.com\/noticias\/category\/deportes\/#listItem","position":2,"name":"Deportes","item":"https:\/\/www.eldigitaldeasturias.com\/noticias\/category\/deportes\/","nextItem":{"@type":"ListItem","@id":"https:\/\/www.eldigitaldeasturias.com\/noticias\/marco-reus-dolio-mucho-perder-la-bundesliga\/#listItem","name":"Marco Reus: \u201cDoli\u00f3 mucho perder la Bundesliga\u201d"},"previousItem":{"@type":"ListItem","@id":"https:\/\/www.eldigitaldeasturias.com\/noticias#listItem","name":"Home"}},{"@type":"ListItem","@id":"https:\/\/www.eldigitaldeasturias.com\/noticias\/marco-reus-dolio-mucho-perder-la-bundesliga\/#listItem","position":3,"name":"Marco Reus: \u201cDoli\u00f3 mucho perder la Bundesliga\u201d","previousItem":{"@type":"ListItem","@id":"https:\/\/www.eldigitaldeasturias.com\/noticias\/category\/deportes\/#listItem","name":"Deportes"}}]},{"@type":"Organization","@id":"https:\/\/www.eldigitaldeasturias.com\/noticias\/#organization","name":"El Digital de Asturias","description":"Hemeroteca","url":"https:\/\/www.eldigitaldeasturias.com\/noticias\/","email":"info@eldigitaldeasturias.com","telephone":"+34652131393","logo":{"@type":"ImageObject","url":"https:\/\/www.eldigitaldeasturias.com\/noticias\/wp-content\/uploads\/2020\/12\/EDA.jpg","@id":"https:\/\/www.eldigitaldeasturias.com\/noticias\/marco-reus-dolio-mucho-perder-la-bundesliga\/#organizationLogo","width":649,"height":297},"image":{"@id":"https:\/\/www.eldigitaldeasturias.com\/noticias\/marco-reus-dolio-mucho-perder-la-bundesliga\/#organizationLogo"},"sameAs":["https:\/\/facebook.com\/eldigitaldeasturias","https:\/\/www.youtube.com\/channel\/UCZP-2wLEB9Rv6erhFmqVnvg"],"address":{"@id":"https:\/\/www.eldigitaldeasturias.com\/noticias\/#postaladdress","@type":"PostalAddress","streetAddress":"san antonio 4,","postalCode":"33430","addressLocality":"Cand\u00e1s","addressRegion":"Asturias","addressCountry":"ES"}},{"@type":"Person","@id":"https:\/\/www.eldigitaldeasturias.com\/noticias\/author\/admin\/#author","url":"https:\/\/www.eldigitaldeasturias.com\/noticias\/author\/admin\/","name":"El Digital de Asturias","image":{"@type":"ImageObject","@id":"https:\/\/www.eldigitaldeasturias.com\/noticias\/marco-reus-dolio-mucho-perder-la-bundesliga\/#authorImage","url":"https:\/\/www.eldigitaldeasturias.com\/noticias\/wp-content\/litespeed\/avatar\/18677e78aa0546b92d9dbf31ec7d7668.jpg?ver=1777290358","width":96,"height":96,"caption":"El Digital de Asturias"}},{"@type":"WebPage","@id":"https:\/\/www.eldigitaldeasturias.com\/noticias\/marco-reus-dolio-mucho-perder-la-bundesliga\/#webpage","url":"https:\/\/www.eldigitaldeasturias.com\/noticias\/marco-reus-dolio-mucho-perder-la-bundesliga\/","name":"Marco Reus: \u201cDoli\u00f3 mucho perder la Bundesliga\u201d - El Digital de Asturias","description":"Dortmund, 6 jun (dpa) - El capit\u00e1n del Borrussia Dortmund, Marco Reus, lament\u00f3 no haber aprovechado la oportunidad que su equipo tuvo esta temporada de hacerse con el t\u00edtulo de la Bundesliga, seg\u00fan indic\u00f3 en declaraciones a la revista especializada alemana \"Kicker\". \"Doli\u00f3 mucho, ya que esta vez la oportunidad era incre\u00edblemente grande\", dijo el","inLanguage":"es-ES","isPartOf":{"@id":"https:\/\/www.eldigitaldeasturias.com\/noticias\/#website"},"breadcrumb":{"@id":"https:\/\/www.eldigitaldeasturias.com\/noticias\/marco-reus-dolio-mucho-perder-la-bundesliga\/#breadcrumblist"},"author":{"@id":"https:\/\/www.eldigitaldeasturias.com\/noticias\/author\/admin\/#author"},"creator":{"@id":"https:\/\/www.eldigitaldeasturias.com\/noticias\/author\/admin\/#author"},"image":{"@type":"ImageObject","url":"https:\/\/www.eldigitaldeasturias.com\/noticias\/wp-content\/uploads\/2019\/06\/Marco-Reus-BVB.jpg","@id":"https:\/\/www.eldigitaldeasturias.com\/noticias\/marco-reus-dolio-mucho-perder-la-bundesliga\/#mainImage","width":995,"height":674},"primaryImageOfPage":{"@id":"https:\/\/www.eldigitaldeasturias.com\/noticias\/marco-reus-dolio-mucho-perder-la-bundesliga\/#mainImage"},"datePublished":"2019-06-06T17:56:33+02:00","dateModified":"2019-06-06T17:56:33+02:00"},{"@type":"WebSite","@id":"https:\/\/www.eldigitaldeasturias.com\/noticias\/#website","url":"https:\/\/www.eldigitaldeasturias.com\/noticias\/","name":"El Digital de Asturias - Diario de actualidad y noticias","alternateName":"El Digital de Asturias - Diario de actualidad y noticias","description":"Hemeroteca","inLanguage":"es-ES","publisher":{"@id":"https:\/\/www.eldigitaldeasturias.com\/noticias\/#organization"}}]},"og:locale":"es_ES","og:site_name":"El Digital de Asturias","og:type":"article","og:title":"Marco Reus: \u201cDoli\u00f3 mucho perder la Bundesliga\u201d - El Digital de Asturias","og:description":"Dortmund, 6 jun (dpa) - El capit\u00e1n del Borrussia Dortmund, Marco Reus, lament\u00f3 no haber aprovechado la oportunidad que su equipo tuvo esta temporada de hacerse con el t\u00edtulo de la Bundesliga, seg\u00fan indic\u00f3 en declaraciones a la revista especializada alemana &quot;Kicker&quot;. &quot;Doli\u00f3 mucho, ya que esta vez la oportunidad era incre\u00edblemente grande&quot;, dijo el","og:url":"https:\/\/www.eldigitaldeasturias.com\/noticias\/marco-reus-dolio-mucho-perder-la-bundesliga\/","og:image":"https:\/\/www.eldigitaldeasturias.com\/noticias\/wp-content\/uploads\/2019\/06\/Marco-Reus-BVB.jpg","og:image:secure_url":"https:\/\/www.eldigitaldeasturias.com\/noticias\/wp-content\/uploads\/2019\/06\/Marco-Reus-BVB.jpg","og:image:width":995,"og:image:height":674,"article:tag":["deportes"],"article:published_time":"2019-06-06T17:56:33+00:00","article:modified_time":"2019-06-06T17:56:33+00:00","article:publisher":"https:\/\/facebook.com\/eldigitaldeasturias","twitter:card":"summary_large_image","twitter:title":"Marco Reus: \u201cDoli\u00f3 mucho perder la Bundesliga\u201d - El Digital de Asturias","twitter:description":"Dortmund, 6 jun (dpa) - El capit\u00e1n del Borrussia Dortmund, Marco Reus, lament\u00f3 no haber aprovechado la oportunidad que su equipo tuvo esta temporada de hacerse con el t\u00edtulo de la Bundesliga, seg\u00fan indic\u00f3 en declaraciones a la revista especializada alemana &quot;Kicker&quot;. &quot;Doli\u00f3 mucho, ya que esta vez la oportunidad era incre\u00edblemente grande&quot;, dijo el","twitter:image":"https:\/\/www.eldigitaldeasturias.com\/noticias\/wp-content\/uploads\/2019\/06\/Marco-Reus-BVB.jpg","twitter:label1":"Escrito por","twitter:data1":"El Digital de Asturias","twitter:label2":"Tiempo de lectura estimado","twitter:data2":"1 minuto"},"aioseo_meta_data":{"post_id":"1029913","title":null,"description":null,"keywords":null,"keyphrases":null,"primary_term":null,"canonical_url":null,"og_title":null,"og_description":null,"og_object_type":"default","og_image_type":"default","og_image_url":null,"og_image_width":null,"og_image_height":null,"og_image_custom_url":null,"og_image_custom_fields":null,"og_video":null,"og_custom_url":null,"og_article_section":null,"og_article_tags":null,"twitter_use_og":false,"twitter_card":"default","twitter_image_type":"default","twitter_image_url":null,"twitter_image_custom_url":null,"twitter_image_custom_fields":null,"twitter_title":null,"twitter_description":null,"schema":{"blockGraphs":[],"customGraphs":[],"default":{"data":{"Article":[],"Course":[],"Dataset":[],"FAQPage":[],"Movie":[],"Person":[],"Product":[],"ProductReview":[],"Car":[],"Recipe":[],"Service":[],"SoftwareApplication":[],"WebPage":[]},"graphName":"","isEnabled":true},"graphs":[],"defaultGraph":"","defaultPostTypeGraph":""},"schema_type":null,"schema_type_options":null,"pillar_content":false,"robots_default":true,"robots_noindex":false,"robots_noarchive":false,"robots_nosnippet":false,"robots_nofollow":false,"robots_noimageindex":false,"robots_noodp":false,"robots_notranslate":false,"robots_max_snippet":null,"robots_max_videopreview":null,"robots_max_imagepreview":"large","priority":null,"frequency":null,"local_seo":null,"seo_analyzer_scan_date":"2025-10-18 13:52:11","breadcrumb_settings":null,"limit_modified_date":false,"open_ai":null,"ai":null,"created":"2020-12-21 11:10:53","updated":"2025-10-18 13:52:11"},"aioseo_breadcrumb":"<div class=\"aioseo-breadcrumbs\"><span class=\"aioseo-breadcrumb\">\n\t<a href=\"https:\/\/www.eldigitaldeasturias.com\/noticias\" title=\"Home\">Home<\/a>\n<\/span><span class=\"aioseo-breadcrumb-separator\">\u2013<\/span><span class=\"aioseo-breadcrumb\">\n\t<a href=\"https:\/\/www.eldigitaldeasturias.com\/noticias\/category\/deportes\/\" title=\"Deportes\">Deportes<\/a>\n<\/span><span class=\"aioseo-breadcrumb-separator\">\u2013<\/span><span class=\"aioseo-breadcrumb\">\n\t<a href=\"https:\/\/www.eldigitaldeasturias.com\/noticias\/marco-reus-dolio-mucho-perder-la-bundesliga\/\" title=\"Marco Reus: \u201cDoli\u00f3 mucho perder la Bundesliga\u201d\">Marco Reus: \u201cDoli\u00f3 mucho perder la Bundesliga\u201d<\/a>\n<\/span><\/div>","aioseo_breadcrumb_json":[{"label":"Home","link":"https:\/\/www.eldigitaldeasturias.com\/noticias"},{"label":"Deportes","link":"https:\/\/www.eldigitaldeasturias.com\/noticias\/category\/deportes\/"},{"label":"Marco Reus: \u201cDoli\u00f3 mucho perder la Bundesliga\u201d","link":"https:\/\/www.eldigitaldeasturias.com\/noticias\/marco-reus-dolio-mucho-perder-la-bundesliga\/"}],"_links":{"self":[{"href":"https:\/\/www.eldigitaldeasturias.com\/noticias\/wp-json\/wp\/v2\/posts\/1029913","targetHints":{"allow":["GET"]}}],"collection":[{"href":"https:\/\/www.eldigitaldeasturias.com\/noticias\/wp-json\/wp\/v2\/posts"}],"about":[{"href":"https:\/\/www.eldigitaldeasturias.com\/noticias\/wp-json\/wp\/v2\/types\/post"}],"author":[{"embeddable":true,"href":"https:\/\/www.eldigitaldeasturias.com\/noticias\/wp-json\/wp\/v2\/users\/1"}],"replies":[{"embeddable":true,"href":"https:\/\/www.eldigitaldeasturias.com\/noticias\/wp-json\/wp\/v2\/comments?post=1029913"}],"version-history":[{"count":0,"href":"https:\/\/www.eldigitaldeasturias.com\/noticias\/wp-json\/wp\/v2\/posts\/1029913\/revisions"}],"wp:featuredmedia":[{"embeddable":true,"href":"https:\/\/www.eldigitaldeasturias.com\/noticias\/wp-json\/wp\/v2\/media\/1029914"}],"wp:attachment":[{"href":"https:\/\/www.eldigitaldeasturias.com\/noticias\/wp-json\/wp\/v2\/media?parent=1029913"}],"wp:term":[{"taxonomy":"category","embeddable":true,"href":"https:\/\/www.eldigitaldeasturias.com\/noticias\/wp-json\/wp\/v2\/categories?post=1029913"},{"taxonomy":"post_tag","embeddable":true,"href":"https:\/\/www.eldigitaldeasturias.com\/noticias\/wp-json\/wp\/v2\/tags?post=1029913"}],"curies":[{"name":"wp","href":"https:\/\/api.w.org\/{rel}","templated":true}]}}