{"id":1029880,"date":"2019-06-06T14:49:39","date_gmt":"2019-06-06T14:49:39","guid":{"rendered":"https:\/\/www.eldigitaldeasturias.com\/noticias\/?p=1029880"},"modified":"2019-06-06T14:49:39","modified_gmt":"2019-06-06T14:49:39","slug":"estas-pensando-en-darte-de-alta-como-autonomo-consejos-y-sugerencias","status":"publish","type":"post","link":"https:\/\/www.eldigitaldeasturias.com\/noticias\/estas-pensando-en-darte-de-alta-como-autonomo-consejos-y-sugerencias\/","title":{"rendered":"\u00bfEst\u00e1s pensando en darte de alta como aut\u00f3nomo? Consejos y sugerencias"},"content":{"rendered":"<p><img loading=\"lazy\" decoding=\"async\" class=\"alignleft size-medium wp-image-1029881\" src=\"https:\/\/www.eldigitaldeasturias.com\/noticias\/wp-content\/uploads\/2019\/06\/business-1067978_960_720-360x240.jpg\" alt=\"\" width=\"360\" height=\"240\" srcset=\"https:\/\/www.eldigitaldeasturias.com\/noticias\/wp-content\/uploads\/2019\/06\/business-1067978_960_720-360x240.jpg 360w, https:\/\/www.eldigitaldeasturias.com\/noticias\/wp-content\/uploads\/2019\/06\/business-1067978_960_720-768x512.jpg 768w, https:\/\/www.eldigitaldeasturias.com\/noticias\/wp-content\/uploads\/2019\/06\/business-1067978_960_720-650x433.jpg 650w, https:\/\/www.eldigitaldeasturias.com\/noticias\/wp-content\/uploads\/2019\/06\/business-1067978_960_720-675x450.jpg 675w, https:\/\/www.eldigitaldeasturias.com\/noticias\/wp-content\/uploads\/2019\/06\/business-1067978_960_720.jpg 960w\" sizes=\"auto, (max-width: 360px) 100vw, 360px\" \/>\u00bfHas contemplado la posibilidad de <strong>darte de alta como aut\u00f3nomo<\/strong> y comenzar a emprender este a\u00f1o 2019? En p\u00e1ginas web especializadas, como\u00a0<a href=\"https:\/\/www.serautonomo.net\/\" target=\"_blank\" rel=\"noopener noreferrer\"><span style=\"color: #ff6600;\"><strong>en Ser Aut\u00f3nomo<\/strong><\/span><\/a>, puedes encontrar informaci\u00f3n completa sobre el proceso de darse de alta como aut\u00f3nomo o trabajador por cuenta propia, pero a continuaci\u00f3n daremos algunas pinceladas sobre los factores importantes a tener en cuenta, como cu\u00e1ndo es recomendable darse de alta, cu\u00e1nto vas a pagar de cuota de aut\u00f3nomos o qu\u00e9 impuestos trimestrales debes presentar ante Hacienda.<\/p>\n<h3><strong>\u00bfCu\u00e1ndo darse de alta como aut\u00f3nomo?<\/strong><\/h3>\n<p>En contra de lo que mucha gente piensa, en el preciso momento en el que se comienza a ejercer una actividad por cuenta propia, y a cobrar una tarifa por ella, <strong>es necesario darse de alta como aut\u00f3nomo,<\/strong> aunque con matices. Seg\u00fan declar\u00f3 el jurista Adri\u00e1n Todol\u00ed, no resulta necesario darse de alta como aut\u00f3nomo si se ejerce una actividad espor\u00e1dica por la que se cobra, pero que no es tu actividad principal.<\/p>\n<p>Para aclararlo mejor, diremos que <strong>si el profesional factura menos del equivalente al salario m\u00ednimo interprofesional (SMI) no resulta necesario darse de alta.<\/strong><\/p>\n<p>Sin embargo, s\u00ed es cierto que muchos emprendedores caminan inicialmente apoy\u00e1ndose en vac\u00edos legales y deciden formar parte de cooperativas de aut\u00f3nomos para facturar a trav\u00e9s de ellas y ahorrarse ciertos costes como la cuota de aut\u00f3nomos. Este tipo de cooperativas facturan con el nombre de la cooperativa y en nombre del falso aut\u00f3nomo y cobran una comisi\u00f3n por ello. Factoo es una de las m\u00e1s populares, pero es importante informarse bien para no terminar siendo multado por la Seguridad Social por cuotas impagadas, tal como sucedi\u00f3 el pasado a\u00f1o 2018 cuando salt\u00f3 el esc\u00e1ndalo.<\/p>\n<p><a href=\"https:\/\/www.serautonomo.net\/primeros-pasos\" target=\"_blank\" rel=\"noopener noreferrer\"><span style=\"color: #ff6600;\"><strong>Para empezar lee aqu\u00ed<\/strong><\/span><\/a> los primeros pasos que debes seguir para darte de alta como aut\u00f3nomo porque resulta necesario darse de alta en el Impuesto de Actividades Econ\u00f3micas (IAE), en el censo de Hacienda y en la Seguridad Social. Adem\u00e1s, si vas a disponer de local propio necesitar\u00e1s licencia de apertura y licencia de obras, en caso de ser necesario. Adem\u00e1s, si vas a tener empleados deber\u00e1s\u00a0gestionar la inscripci\u00f3n de la empresa a la Seguridad Social, as\u00ed como la afiliaci\u00f3n y alta de los trabajadores contratados. Tambi\u00e9n necesitar\u00e1s alta en el Registro Mercantil y el Libro de Visitas.<\/p>\n<h3><strong>Cuota de aut\u00f3nomos<\/strong><\/h3>\n<p>Para saber <a href=\"https:\/\/www.serautonomo.net\/cuota-de-autonomos\" target=\"_blank\" rel=\"noopener noreferrer\"><span style=\"color: #ff6600;\"><strong>cu\u00e1nto tienes que pagar<\/strong><\/span><\/a> te recomendamos solicitar cita en tu oficina de la Seguridad Social m\u00e1s cercana y, en funci\u00f3n de tu base de cotizaci\u00f3n, edad y tu actividad, podr\u00e1 decirte en qu\u00e9 ep\u00edgrafes darte de alta y cu\u00e1l ser\u00e1 la cuota que pagar\u00e1s mensualmente. Tambi\u00e9n puedes contratar un gestor que se encargue de realizarte los tr\u00e1mites para darse de alta como aut\u00f3nomo y para que, posteriormente, lleve el control de tu facturaci\u00f3n y de tus impuestos.<\/p>\n<p>En 2019 la cuota de aut\u00f3nomos <strong>se sit\u00faa en un rango que va desde los 278,90 euros a los 283,30 euros para la base de cotizaci\u00f3n m\u00ednima<\/strong>, salvo si eres aut\u00f3nomo por primera vez, en cuyo caso podr\u00e1s acogerte a la tarifa plana.<\/p>\n<p>La tarifa plana que entr\u00f3 en vigor el pasado 1 de enero del 2019 conlleva una cuota de 60 euros para la base m\u00ednima de cotizaci\u00f3n durante los primeros 12 meses. Despu\u00e9s, entre los 12 y los 18 meses de actividad se pasar\u00eda a pagar 141,65 euros que se elevar\u00edan hasta los 198,31 euros entre los meses 18 y 24. Es decir, no pagar\u00e1s la cuota de aut\u00f3nomo completa hasta que lleves dos a\u00f1os dado de alta como aut\u00f3nomo, lo que te supondr\u00e1 un ahorro de gastos importante.<\/p>\n<p>Respecto a la cuota de aut\u00f3nomos est\u00e1ndar, <strong>hay que tener en cuenta los porcentajes establecidos por la Seguridad Social a la hora de calcularla y se realiza sobre la base de cotizaci\u00f3n.<\/strong> As\u00ed, para contingencias comunes ser\u00e1 un 29,80% de la base de cotizaci\u00f3n, mientras que para contingencias profesionales hablamos de un 29,30% al que se suma la cantidad dependiente del CNAE, que var\u00eda entre un 1,5% y un 6%. Para el cese de actividad ser\u00eda un 31,50%. Por eso, en funci\u00f3n de la base de cotizaci\u00f3n que elijas, pagar\u00e1s una cuota u otra.<\/p>\n<h3><strong>Impuestos trimestrales<\/strong><\/h3>\n<p>En cuesti\u00f3n de obligaciones fiscales, el aut\u00f3nomo deber\u00e1 presentar determinados impuestos cada trimestre y al final del a\u00f1o, entre ellos, el IVA, (modelo 303) el IRPF (modelo 130) y las retenciones a cuenta del IRPF a trav\u00e9s del modelo 130 (cuando existen rentas de terceros). Anualmente deber\u00e1n presentar la liuidaci\u00f3n anual de IRPF (modelo 100), el resumen anual del IVA (modelo 390), las retenciones que se hayan practicado (modelos 180 y 190) y el modelo 347 de operaciones con terceros.<\/p>\n<p>A estas obligaciones fiscales habr\u00e1 que a\u00f1adir la declaraci\u00f3n de la renta que se presenta cada a\u00f1o entre los meses de abril y junio.<\/p>\n<p>Por Nuria C\u00e1maras<\/p>\n<p>&nbsp;<\/p>\n","protected":false},"excerpt":{"rendered":"<p>\u00bfHas contemplado la posibilidad de darte de alta como aut\u00f3nomo y comenzar a emprender este a\u00f1o 2019? En p\u00e1ginas web especializadas, como\u00a0en Ser Aut\u00f3nomo, puedes encontrar informaci\u00f3n completa sobre el proceso de darse de alta como aut\u00f3nomo o trabajador por cuenta propia, pero a continuaci\u00f3n daremos algunas pinceladas sobre los factores importantes a tener en [&hellip;]<\/p>\n","protected":false},"author":1,"featured_media":1029881,"comment_status":"closed","ping_status":"closed","sticky":false,"template":"","format":"standard","meta":{"footnotes":""},"categories":[219],"tags":[],"class_list":["post-1029880","post","type-post","status-publish","format-standard","has-post-thumbnail","hentry","category-negocios-y-empresas"],"aioseo_notices":[],"aioseo_head":"\n\t\t<!-- All in One SEO Pro 4.9.6.2 - aioseo.com -->\n\t<meta name=\"description\" content=\"\u00bfHas contemplado la posibilidad de darte de alta como aut\u00f3nomo y comenzar a emprender este a\u00f1o 2019? En p\u00e1ginas web especializadas, como en Ser Aut\u00f3nomo, puedes encontrar informaci\u00f3n completa sobre el proceso de darse de alta como aut\u00f3nomo o trabajador por cuenta propia, pero a continuaci\u00f3n daremos algunas pinceladas sobre los factores importantes a tener en\" \/>\n\t<meta name=\"robots\" content=\"max-image-preview:large\" \/>\n\t<meta name=\"author\" content=\"El Digital de Asturias\"\/>\n\t<meta name=\"google-site-verification\" content=\"UA-38556648-1\" \/>\n\t<meta name=\"msvalidate.01\" content=\"7dfe9f3f1b24437ab69f4f2559babe99\" \/>\n\t<meta name=\"keywords\" content=\"negocios y empresas\" \/>\n\t<link rel=\"canonical\" href=\"https:\/\/www.eldigitaldeasturias.com\/noticias\/estas-pensando-en-darte-de-alta-como-autonomo-consejos-y-sugerencias\/\" \/>\n\t<meta name=\"generator\" content=\"All in One SEO Pro (AIOSEO) 4.9.6.2\" \/>\n\t\t<meta property=\"og:locale\" content=\"es_ES\" \/>\n\t\t<meta property=\"og:site_name\" content=\"El Digital de Asturias\" \/>\n\t\t<meta property=\"og:type\" content=\"article\" \/>\n\t\t<meta property=\"og:title\" content=\"\u00bfEst\u00e1s pensando en darte de alta como aut\u00f3nomo? Consejos y sugerencias - El Digital de Asturias\" \/>\n\t\t<meta property=\"og:description\" content=\"\u00bfHas contemplado la posibilidad de darte de alta como aut\u00f3nomo y comenzar a emprender este a\u00f1o 2019? En p\u00e1ginas web especializadas, como en Ser Aut\u00f3nomo, puedes encontrar informaci\u00f3n completa sobre el proceso de darse de alta como aut\u00f3nomo o trabajador por cuenta propia, pero a continuaci\u00f3n daremos algunas pinceladas sobre los factores importantes a tener en\" \/>\n\t\t<meta property=\"og:url\" content=\"https:\/\/www.eldigitaldeasturias.com\/noticias\/estas-pensando-en-darte-de-alta-como-autonomo-consejos-y-sugerencias\/\" \/>\n\t\t<meta property=\"og:image\" content=\"https:\/\/www.eldigitaldeasturias.com\/noticias\/wp-content\/uploads\/2019\/06\/business-1067978_960_720.jpg\" \/>\n\t\t<meta property=\"og:image:secure_url\" content=\"https:\/\/www.eldigitaldeasturias.com\/noticias\/wp-content\/uploads\/2019\/06\/business-1067978_960_720.jpg\" \/>\n\t\t<meta property=\"og:image:width\" content=\"960\" \/>\n\t\t<meta property=\"og:image:height\" content=\"640\" \/>\n\t\t<meta property=\"article:tag\" content=\"negocios y empresas\" \/>\n\t\t<meta property=\"article:published_time\" content=\"2019-06-06T14:49:39+00:00\" \/>\n\t\t<meta property=\"article:modified_time\" content=\"2019-06-06T14:49:39+00:00\" \/>\n\t\t<meta property=\"article:publisher\" content=\"https:\/\/facebook.com\/eldigitaldeasturias\" \/>\n\t\t<meta name=\"twitter:card\" content=\"summary_large_image\" \/>\n\t\t<meta name=\"twitter:title\" content=\"\u00bfEst\u00e1s pensando en darte de alta como aut\u00f3nomo? Consejos y sugerencias - El Digital de Asturias\" \/>\n\t\t<meta name=\"twitter:description\" content=\"\u00bfHas contemplado la posibilidad de darte de alta como aut\u00f3nomo y comenzar a emprender este a\u00f1o 2019? En p\u00e1ginas web especializadas, como en Ser Aut\u00f3nomo, puedes encontrar informaci\u00f3n completa sobre el proceso de darse de alta como aut\u00f3nomo o trabajador por cuenta propia, pero a continuaci\u00f3n daremos algunas pinceladas sobre los factores importantes a tener en\" \/>\n\t\t<meta name=\"twitter:image\" content=\"https:\/\/www.eldigitaldeasturias.com\/noticias\/wp-content\/uploads\/2019\/06\/business-1067978_960_720.jpg\" \/>\n\t\t<meta name=\"twitter:label1\" content=\"Escrito por\" \/>\n\t\t<meta name=\"twitter:data1\" content=\"El Digital de Asturias\" \/>\n\t\t<meta name=\"twitter:label2\" content=\"Tiempo de lectura estimado\" \/>\n\t\t<meta name=\"twitter:data2\" content=\"4 minutos\" \/>\n\t\t<script type=\"application\/ld+json\" class=\"aioseo-schema\">\n\t\t\t{\"@context\":\"https:\\\/\\\/schema.org\",\"@graph\":[{\"@type\":\"BlogPosting\",\"@id\":\"https:\\\/\\\/www.eldigitaldeasturias.com\\\/noticias\\\/estas-pensando-en-darte-de-alta-como-autonomo-consejos-y-sugerencias\\\/#blogposting\",\"name\":\"\\u00bfEst\\u00e1s pensando en darte de alta como aut\\u00f3nomo? Consejos y sugerencias - El Digital de Asturias\",\"headline\":\"\\u00bfEst\\u00e1s pensando en darte de alta como aut\\u00f3nomo? Consejos y sugerencias\",\"author\":{\"@id\":\"https:\\\/\\\/www.eldigitaldeasturias.com\\\/noticias\\\/author\\\/admin\\\/#author\"},\"publisher\":{\"@id\":\"https:\\\/\\\/www.eldigitaldeasturias.com\\\/noticias\\\/#organization\"},\"image\":{\"@type\":\"ImageObject\",\"url\":\"https:\\\/\\\/www.eldigitaldeasturias.com\\\/noticias\\\/wp-content\\\/uploads\\\/2019\\\/06\\\/business-1067978_960_720.jpg\",\"width\":960,\"height\":640},\"datePublished\":\"2019-06-06T14:49:39+02:00\",\"dateModified\":\"2019-06-06T14:49:39+02:00\",\"inLanguage\":\"es-ES\",\"mainEntityOfPage\":{\"@id\":\"https:\\\/\\\/www.eldigitaldeasturias.com\\\/noticias\\\/estas-pensando-en-darte-de-alta-como-autonomo-consejos-y-sugerencias\\\/#webpage\"},\"isPartOf\":{\"@id\":\"https:\\\/\\\/www.eldigitaldeasturias.com\\\/noticias\\\/estas-pensando-en-darte-de-alta-como-autonomo-consejos-y-sugerencias\\\/#webpage\"},\"articleSection\":\"Negocios y Empresas\"},{\"@type\":\"BreadcrumbList\",\"@id\":\"https:\\\/\\\/www.eldigitaldeasturias.com\\\/noticias\\\/estas-pensando-en-darte-de-alta-como-autonomo-consejos-y-sugerencias\\\/#breadcrumblist\",\"itemListElement\":[{\"@type\":\"ListItem\",\"@id\":\"https:\\\/\\\/www.eldigitaldeasturias.com\\\/noticias#listItem\",\"position\":1,\"name\":\"Home\",\"item\":\"https:\\\/\\\/www.eldigitaldeasturias.com\\\/noticias\",\"nextItem\":{\"@type\":\"ListItem\",\"@id\":\"https:\\\/\\\/www.eldigitaldeasturias.com\\\/noticias\\\/category\\\/negocios-y-empresas\\\/#listItem\",\"name\":\"Negocios y Empresas\"}},{\"@type\":\"ListItem\",\"@id\":\"https:\\\/\\\/www.eldigitaldeasturias.com\\\/noticias\\\/category\\\/negocios-y-empresas\\\/#listItem\",\"position\":2,\"name\":\"Negocios y Empresas\",\"item\":\"https:\\\/\\\/www.eldigitaldeasturias.com\\\/noticias\\\/category\\\/negocios-y-empresas\\\/\",\"nextItem\":{\"@type\":\"ListItem\",\"@id\":\"https:\\\/\\\/www.eldigitaldeasturias.com\\\/noticias\\\/estas-pensando-en-darte-de-alta-como-autonomo-consejos-y-sugerencias\\\/#listItem\",\"name\":\"\\u00bfEst\\u00e1s pensando en darte de alta como aut\\u00f3nomo? Consejos y sugerencias\"},\"previousItem\":{\"@type\":\"ListItem\",\"@id\":\"https:\\\/\\\/www.eldigitaldeasturias.com\\\/noticias#listItem\",\"name\":\"Home\"}},{\"@type\":\"ListItem\",\"@id\":\"https:\\\/\\\/www.eldigitaldeasturias.com\\\/noticias\\\/estas-pensando-en-darte-de-alta-como-autonomo-consejos-y-sugerencias\\\/#listItem\",\"position\":3,\"name\":\"\\u00bfEst\\u00e1s pensando en darte de alta como aut\\u00f3nomo? Consejos y sugerencias\",\"previousItem\":{\"@type\":\"ListItem\",\"@id\":\"https:\\\/\\\/www.eldigitaldeasturias.com\\\/noticias\\\/category\\\/negocios-y-empresas\\\/#listItem\",\"name\":\"Negocios y Empresas\"}}]},{\"@type\":\"Organization\",\"@id\":\"https:\\\/\\\/www.eldigitaldeasturias.com\\\/noticias\\\/#organization\",\"name\":\"El Digital de Asturias\",\"description\":\"Hemeroteca\",\"url\":\"https:\\\/\\\/www.eldigitaldeasturias.com\\\/noticias\\\/\",\"email\":\"info@eldigitaldeasturias.com\",\"telephone\":\"+34652131393\",\"logo\":{\"@type\":\"ImageObject\",\"url\":\"https:\\\/\\\/www.eldigitaldeasturias.com\\\/noticias\\\/wp-content\\\/uploads\\\/2020\\\/12\\\/EDA.jpg\",\"@id\":\"https:\\\/\\\/www.eldigitaldeasturias.com\\\/noticias\\\/estas-pensando-en-darte-de-alta-como-autonomo-consejos-y-sugerencias\\\/#organizationLogo\",\"width\":649,\"height\":297},\"image\":{\"@id\":\"https:\\\/\\\/www.eldigitaldeasturias.com\\\/noticias\\\/estas-pensando-en-darte-de-alta-como-autonomo-consejos-y-sugerencias\\\/#organizationLogo\"},\"sameAs\":[\"https:\\\/\\\/facebook.com\\\/eldigitaldeasturias\",\"https:\\\/\\\/www.youtube.com\\\/channel\\\/UCZP-2wLEB9Rv6erhFmqVnvg\"],\"address\":{\"@id\":\"https:\\\/\\\/www.eldigitaldeasturias.com\\\/noticias\\\/#postaladdress\",\"@type\":\"PostalAddress\",\"streetAddress\":\"san antonio 4,\",\"postalCode\":\"33430\",\"addressLocality\":\"Cand\\u00e1s\",\"addressRegion\":\"Asturias\",\"addressCountry\":\"ES\"}},{\"@type\":\"Person\",\"@id\":\"https:\\\/\\\/www.eldigitaldeasturias.com\\\/noticias\\\/author\\\/admin\\\/#author\",\"url\":\"https:\\\/\\\/www.eldigitaldeasturias.com\\\/noticias\\\/author\\\/admin\\\/\",\"name\":\"El Digital de Asturias\",\"image\":{\"@type\":\"ImageObject\",\"@id\":\"https:\\\/\\\/www.eldigitaldeasturias.com\\\/noticias\\\/estas-pensando-en-darte-de-alta-como-autonomo-consejos-y-sugerencias\\\/#authorImage\",\"url\":\"https:\\\/\\\/www.eldigitaldeasturias.com\\\/noticias\\\/wp-content\\\/litespeed\\\/avatar\\\/18677e78aa0546b92d9dbf31ec7d7668.jpg?ver=1777290358\",\"width\":96,\"height\":96,\"caption\":\"El Digital de Asturias\"}},{\"@type\":\"WebPage\",\"@id\":\"https:\\\/\\\/www.eldigitaldeasturias.com\\\/noticias\\\/estas-pensando-en-darte-de-alta-como-autonomo-consejos-y-sugerencias\\\/#webpage\",\"url\":\"https:\\\/\\\/www.eldigitaldeasturias.com\\\/noticias\\\/estas-pensando-en-darte-de-alta-como-autonomo-consejos-y-sugerencias\\\/\",\"name\":\"\\u00bfEst\\u00e1s pensando en darte de alta como aut\\u00f3nomo? Consejos y sugerencias - El Digital de Asturias\",\"description\":\"\\u00bfHas contemplado la posibilidad de darte de alta como aut\\u00f3nomo y comenzar a emprender este a\\u00f1o 2019? En p\\u00e1ginas web especializadas, como en Ser Aut\\u00f3nomo, puedes encontrar informaci\\u00f3n completa sobre el proceso de darse de alta como aut\\u00f3nomo o trabajador por cuenta propia, pero a continuaci\\u00f3n daremos algunas pinceladas sobre los factores importantes a tener en\",\"inLanguage\":\"es-ES\",\"isPartOf\":{\"@id\":\"https:\\\/\\\/www.eldigitaldeasturias.com\\\/noticias\\\/#website\"},\"breadcrumb\":{\"@id\":\"https:\\\/\\\/www.eldigitaldeasturias.com\\\/noticias\\\/estas-pensando-en-darte-de-alta-como-autonomo-consejos-y-sugerencias\\\/#breadcrumblist\"},\"author\":{\"@id\":\"https:\\\/\\\/www.eldigitaldeasturias.com\\\/noticias\\\/author\\\/admin\\\/#author\"},\"creator\":{\"@id\":\"https:\\\/\\\/www.eldigitaldeasturias.com\\\/noticias\\\/author\\\/admin\\\/#author\"},\"image\":{\"@type\":\"ImageObject\",\"url\":\"https:\\\/\\\/www.eldigitaldeasturias.com\\\/noticias\\\/wp-content\\\/uploads\\\/2019\\\/06\\\/business-1067978_960_720.jpg\",\"@id\":\"https:\\\/\\\/www.eldigitaldeasturias.com\\\/noticias\\\/estas-pensando-en-darte-de-alta-como-autonomo-consejos-y-sugerencias\\\/#mainImage\",\"width\":960,\"height\":640},\"primaryImageOfPage\":{\"@id\":\"https:\\\/\\\/www.eldigitaldeasturias.com\\\/noticias\\\/estas-pensando-en-darte-de-alta-como-autonomo-consejos-y-sugerencias\\\/#mainImage\"},\"datePublished\":\"2019-06-06T14:49:39+02:00\",\"dateModified\":\"2019-06-06T14:49:39+02:00\"},{\"@type\":\"WebSite\",\"@id\":\"https:\\\/\\\/www.eldigitaldeasturias.com\\\/noticias\\\/#website\",\"url\":\"https:\\\/\\\/www.eldigitaldeasturias.com\\\/noticias\\\/\",\"name\":\"El Digital de Asturias - Diario de actualidad y noticias\",\"alternateName\":\"El Digital de Asturias - Diario de actualidad y noticias\",\"description\":\"Hemeroteca\",\"inLanguage\":\"es-ES\",\"publisher\":{\"@id\":\"https:\\\/\\\/www.eldigitaldeasturias.com\\\/noticias\\\/#organization\"}}]}\n\t\t<\/script>\n\t\t<!-- All in One SEO Pro -->\r\n\t\t<title>\u00bfEst\u00e1s pensando en darte de alta como aut\u00f3nomo? Consejos y sugerencias - El Digital de Asturias<\/title>\n\n","aioseo_head_json":{"title":"\u00bfEst\u00e1s pensando en darte de alta como aut\u00f3nomo? Consejos y sugerencias - El Digital de Asturias","description":"\u00bfHas contemplado la posibilidad de darte de alta como aut\u00f3nomo y comenzar a emprender este a\u00f1o 2019? En p\u00e1ginas web especializadas, como en Ser Aut\u00f3nomo, puedes encontrar informaci\u00f3n completa sobre el proceso de darse de alta como aut\u00f3nomo o trabajador por cuenta propia, pero a continuaci\u00f3n daremos algunas pinceladas sobre los factores importantes a tener en","canonical_url":"https:\/\/www.eldigitaldeasturias.com\/noticias\/estas-pensando-en-darte-de-alta-como-autonomo-consejos-y-sugerencias\/","robots":"max-image-preview:large","keywords":"negocios y empresas","webmasterTools":{"google-site-verification":"UA-38556648-1","msvalidate.01":"7dfe9f3f1b24437ab69f4f2559babe99","miscellaneous":""},"schema":{"@context":"https:\/\/schema.org","@graph":[{"@type":"BlogPosting","@id":"https:\/\/www.eldigitaldeasturias.com\/noticias\/estas-pensando-en-darte-de-alta-como-autonomo-consejos-y-sugerencias\/#blogposting","name":"\u00bfEst\u00e1s pensando en darte de alta como aut\u00f3nomo? Consejos y sugerencias - El Digital de Asturias","headline":"\u00bfEst\u00e1s pensando en darte de alta como aut\u00f3nomo? Consejos y sugerencias","author":{"@id":"https:\/\/www.eldigitaldeasturias.com\/noticias\/author\/admin\/#author"},"publisher":{"@id":"https:\/\/www.eldigitaldeasturias.com\/noticias\/#organization"},"image":{"@type":"ImageObject","url":"https:\/\/www.eldigitaldeasturias.com\/noticias\/wp-content\/uploads\/2019\/06\/business-1067978_960_720.jpg","width":960,"height":640},"datePublished":"2019-06-06T14:49:39+02:00","dateModified":"2019-06-06T14:49:39+02:00","inLanguage":"es-ES","mainEntityOfPage":{"@id":"https:\/\/www.eldigitaldeasturias.com\/noticias\/estas-pensando-en-darte-de-alta-como-autonomo-consejos-y-sugerencias\/#webpage"},"isPartOf":{"@id":"https:\/\/www.eldigitaldeasturias.com\/noticias\/estas-pensando-en-darte-de-alta-como-autonomo-consejos-y-sugerencias\/#webpage"},"articleSection":"Negocios y Empresas"},{"@type":"BreadcrumbList","@id":"https:\/\/www.eldigitaldeasturias.com\/noticias\/estas-pensando-en-darte-de-alta-como-autonomo-consejos-y-sugerencias\/#breadcrumblist","itemListElement":[{"@type":"ListItem","@id":"https:\/\/www.eldigitaldeasturias.com\/noticias#listItem","position":1,"name":"Home","item":"https:\/\/www.eldigitaldeasturias.com\/noticias","nextItem":{"@type":"ListItem","@id":"https:\/\/www.eldigitaldeasturias.com\/noticias\/category\/negocios-y-empresas\/#listItem","name":"Negocios y Empresas"}},{"@type":"ListItem","@id":"https:\/\/www.eldigitaldeasturias.com\/noticias\/category\/negocios-y-empresas\/#listItem","position":2,"name":"Negocios y Empresas","item":"https:\/\/www.eldigitaldeasturias.com\/noticias\/category\/negocios-y-empresas\/","nextItem":{"@type":"ListItem","@id":"https:\/\/www.eldigitaldeasturias.com\/noticias\/estas-pensando-en-darte-de-alta-como-autonomo-consejos-y-sugerencias\/#listItem","name":"\u00bfEst\u00e1s pensando en darte de alta como aut\u00f3nomo? Consejos y sugerencias"},"previousItem":{"@type":"ListItem","@id":"https:\/\/www.eldigitaldeasturias.com\/noticias#listItem","name":"Home"}},{"@type":"ListItem","@id":"https:\/\/www.eldigitaldeasturias.com\/noticias\/estas-pensando-en-darte-de-alta-como-autonomo-consejos-y-sugerencias\/#listItem","position":3,"name":"\u00bfEst\u00e1s pensando en darte de alta como aut\u00f3nomo? Consejos y sugerencias","previousItem":{"@type":"ListItem","@id":"https:\/\/www.eldigitaldeasturias.com\/noticias\/category\/negocios-y-empresas\/#listItem","name":"Negocios y Empresas"}}]},{"@type":"Organization","@id":"https:\/\/www.eldigitaldeasturias.com\/noticias\/#organization","name":"El Digital de Asturias","description":"Hemeroteca","url":"https:\/\/www.eldigitaldeasturias.com\/noticias\/","email":"info@eldigitaldeasturias.com","telephone":"+34652131393","logo":{"@type":"ImageObject","url":"https:\/\/www.eldigitaldeasturias.com\/noticias\/wp-content\/uploads\/2020\/12\/EDA.jpg","@id":"https:\/\/www.eldigitaldeasturias.com\/noticias\/estas-pensando-en-darte-de-alta-como-autonomo-consejos-y-sugerencias\/#organizationLogo","width":649,"height":297},"image":{"@id":"https:\/\/www.eldigitaldeasturias.com\/noticias\/estas-pensando-en-darte-de-alta-como-autonomo-consejos-y-sugerencias\/#organizationLogo"},"sameAs":["https:\/\/facebook.com\/eldigitaldeasturias","https:\/\/www.youtube.com\/channel\/UCZP-2wLEB9Rv6erhFmqVnvg"],"address":{"@id":"https:\/\/www.eldigitaldeasturias.com\/noticias\/#postaladdress","@type":"PostalAddress","streetAddress":"san antonio 4,","postalCode":"33430","addressLocality":"Cand\u00e1s","addressRegion":"Asturias","addressCountry":"ES"}},{"@type":"Person","@id":"https:\/\/www.eldigitaldeasturias.com\/noticias\/author\/admin\/#author","url":"https:\/\/www.eldigitaldeasturias.com\/noticias\/author\/admin\/","name":"El Digital de Asturias","image":{"@type":"ImageObject","@id":"https:\/\/www.eldigitaldeasturias.com\/noticias\/estas-pensando-en-darte-de-alta-como-autonomo-consejos-y-sugerencias\/#authorImage","url":"https:\/\/www.eldigitaldeasturias.com\/noticias\/wp-content\/litespeed\/avatar\/18677e78aa0546b92d9dbf31ec7d7668.jpg?ver=1777290358","width":96,"height":96,"caption":"El Digital de Asturias"}},{"@type":"WebPage","@id":"https:\/\/www.eldigitaldeasturias.com\/noticias\/estas-pensando-en-darte-de-alta-como-autonomo-consejos-y-sugerencias\/#webpage","url":"https:\/\/www.eldigitaldeasturias.com\/noticias\/estas-pensando-en-darte-de-alta-como-autonomo-consejos-y-sugerencias\/","name":"\u00bfEst\u00e1s pensando en darte de alta como aut\u00f3nomo? Consejos y sugerencias - El Digital de Asturias","description":"\u00bfHas contemplado la posibilidad de darte de alta como aut\u00f3nomo y comenzar a emprender este a\u00f1o 2019? En p\u00e1ginas web especializadas, como en Ser Aut\u00f3nomo, puedes encontrar informaci\u00f3n completa sobre el proceso de darse de alta como aut\u00f3nomo o trabajador por cuenta propia, pero a continuaci\u00f3n daremos algunas pinceladas sobre los factores importantes a tener en","inLanguage":"es-ES","isPartOf":{"@id":"https:\/\/www.eldigitaldeasturias.com\/noticias\/#website"},"breadcrumb":{"@id":"https:\/\/www.eldigitaldeasturias.com\/noticias\/estas-pensando-en-darte-de-alta-como-autonomo-consejos-y-sugerencias\/#breadcrumblist"},"author":{"@id":"https:\/\/www.eldigitaldeasturias.com\/noticias\/author\/admin\/#author"},"creator":{"@id":"https:\/\/www.eldigitaldeasturias.com\/noticias\/author\/admin\/#author"},"image":{"@type":"ImageObject","url":"https:\/\/www.eldigitaldeasturias.com\/noticias\/wp-content\/uploads\/2019\/06\/business-1067978_960_720.jpg","@id":"https:\/\/www.eldigitaldeasturias.com\/noticias\/estas-pensando-en-darte-de-alta-como-autonomo-consejos-y-sugerencias\/#mainImage","width":960,"height":640},"primaryImageOfPage":{"@id":"https:\/\/www.eldigitaldeasturias.com\/noticias\/estas-pensando-en-darte-de-alta-como-autonomo-consejos-y-sugerencias\/#mainImage"},"datePublished":"2019-06-06T14:49:39+02:00","dateModified":"2019-06-06T14:49:39+02:00"},{"@type":"WebSite","@id":"https:\/\/www.eldigitaldeasturias.com\/noticias\/#website","url":"https:\/\/www.eldigitaldeasturias.com\/noticias\/","name":"El Digital de Asturias - Diario de actualidad y noticias","alternateName":"El Digital de Asturias - Diario de actualidad y noticias","description":"Hemeroteca","inLanguage":"es-ES","publisher":{"@id":"https:\/\/www.eldigitaldeasturias.com\/noticias\/#organization"}}]},"og:locale":"es_ES","og:site_name":"El Digital de Asturias","og:type":"article","og:title":"\u00bfEst\u00e1s pensando en darte de alta como aut\u00f3nomo? Consejos y sugerencias - El Digital de Asturias","og:description":"\u00bfHas contemplado la posibilidad de darte de alta como aut\u00f3nomo y comenzar a emprender este a\u00f1o 2019? En p\u00e1ginas web especializadas, como en Ser Aut\u00f3nomo, puedes encontrar informaci\u00f3n completa sobre el proceso de darse de alta como aut\u00f3nomo o trabajador por cuenta propia, pero a continuaci\u00f3n daremos algunas pinceladas sobre los factores importantes a tener en","og:url":"https:\/\/www.eldigitaldeasturias.com\/noticias\/estas-pensando-en-darte-de-alta-como-autonomo-consejos-y-sugerencias\/","og:image":"https:\/\/www.eldigitaldeasturias.com\/noticias\/wp-content\/uploads\/2019\/06\/business-1067978_960_720.jpg","og:image:secure_url":"https:\/\/www.eldigitaldeasturias.com\/noticias\/wp-content\/uploads\/2019\/06\/business-1067978_960_720.jpg","og:image:width":960,"og:image:height":640,"article:tag":["negocios y empresas"],"article:published_time":"2019-06-06T14:49:39+00:00","article:modified_time":"2019-06-06T14:49:39+00:00","article:publisher":"https:\/\/facebook.com\/eldigitaldeasturias","twitter:card":"summary_large_image","twitter:title":"\u00bfEst\u00e1s pensando en darte de alta como aut\u00f3nomo? Consejos y sugerencias - El Digital de Asturias","twitter:description":"\u00bfHas contemplado la posibilidad de darte de alta como aut\u00f3nomo y comenzar a emprender este a\u00f1o 2019? En p\u00e1ginas web especializadas, como en Ser Aut\u00f3nomo, puedes encontrar informaci\u00f3n completa sobre el proceso de darse de alta como aut\u00f3nomo o trabajador por cuenta propia, pero a continuaci\u00f3n daremos algunas pinceladas sobre los factores importantes a tener en","twitter:image":"https:\/\/www.eldigitaldeasturias.com\/noticias\/wp-content\/uploads\/2019\/06\/business-1067978_960_720.jpg","twitter:label1":"Escrito por","twitter:data1":"El Digital de Asturias","twitter:label2":"Tiempo de lectura estimado","twitter:data2":"4 minutos"},"aioseo_meta_data":{"post_id":"1029880","title":null,"description":null,"keywords":null,"keyphrases":null,"primary_term":null,"canonical_url":null,"og_title":null,"og_description":null,"og_object_type":"default","og_image_type":"default","og_image_url":null,"og_image_width":null,"og_image_height":null,"og_image_custom_url":null,"og_image_custom_fields":null,"og_video":null,"og_custom_url":null,"og_article_section":null,"og_article_tags":null,"twitter_use_og":false,"twitter_card":"default","twitter_image_type":"default","twitter_image_url":null,"twitter_image_custom_url":null,"twitter_image_custom_fields":null,"twitter_title":null,"twitter_description":null,"schema":{"blockGraphs":[],"customGraphs":[],"default":{"data":{"Article":[],"Course":[],"Dataset":[],"FAQPage":[],"Movie":[],"Person":[],"Product":[],"ProductReview":[],"Car":[],"Recipe":[],"Service":[],"SoftwareApplication":[],"WebPage":[]},"graphName":"","isEnabled":true},"graphs":[],"defaultGraph":"","defaultPostTypeGraph":""},"schema_type":null,"schema_type_options":null,"pillar_content":false,"robots_default":true,"robots_noindex":false,"robots_noarchive":false,"robots_nosnippet":false,"robots_nofollow":false,"robots_noimageindex":false,"robots_noodp":false,"robots_notranslate":false,"robots_max_snippet":null,"robots_max_videopreview":null,"robots_max_imagepreview":"large","priority":null,"frequency":null,"local_seo":null,"seo_analyzer_scan_date":"2025-10-18 13:46:07","breadcrumb_settings":null,"limit_modified_date":false,"open_ai":null,"ai":null,"created":"2020-12-21 11:10:54","updated":"2025-10-18 13:46:07"},"aioseo_breadcrumb":"<div class=\"aioseo-breadcrumbs\"><span class=\"aioseo-breadcrumb\">\n\t<a href=\"https:\/\/www.eldigitaldeasturias.com\/noticias\" title=\"Home\">Home<\/a>\n<\/span><span class=\"aioseo-breadcrumb-separator\">\u2013<\/span><span class=\"aioseo-breadcrumb\">\n\t<a href=\"https:\/\/www.eldigitaldeasturias.com\/noticias\/category\/negocios-y-empresas\/\" title=\"Negocios y Empresas\">Negocios y Empresas<\/a>\n<\/span><span class=\"aioseo-breadcrumb-separator\">\u2013<\/span><span class=\"aioseo-breadcrumb\">\n\t<a href=\"https:\/\/www.eldigitaldeasturias.com\/noticias\/estas-pensando-en-darte-de-alta-como-autonomo-consejos-y-sugerencias\/\" title=\"\u00bfEst\u00e1s pensando en darte de alta como aut\u00f3nomo? Consejos y sugerencias\">\u00bfEst\u00e1s pensando en darte de alta como aut\u00f3nomo? Consejos y sugerencias<\/a>\n<\/span><\/div>","aioseo_breadcrumb_json":[{"label":"Home","link":"https:\/\/www.eldigitaldeasturias.com\/noticias"},{"label":"Negocios y Empresas","link":"https:\/\/www.eldigitaldeasturias.com\/noticias\/category\/negocios-y-empresas\/"},{"label":"\u00bfEst\u00e1s pensando en darte de alta como aut\u00f3nomo? Consejos y sugerencias","link":"https:\/\/www.eldigitaldeasturias.com\/noticias\/estas-pensando-en-darte-de-alta-como-autonomo-consejos-y-sugerencias\/"}],"_links":{"self":[{"href":"https:\/\/www.eldigitaldeasturias.com\/noticias\/wp-json\/wp\/v2\/posts\/1029880","targetHints":{"allow":["GET"]}}],"collection":[{"href":"https:\/\/www.eldigitaldeasturias.com\/noticias\/wp-json\/wp\/v2\/posts"}],"about":[{"href":"https:\/\/www.eldigitaldeasturias.com\/noticias\/wp-json\/wp\/v2\/types\/post"}],"author":[{"embeddable":true,"href":"https:\/\/www.eldigitaldeasturias.com\/noticias\/wp-json\/wp\/v2\/users\/1"}],"replies":[{"embeddable":true,"href":"https:\/\/www.eldigitaldeasturias.com\/noticias\/wp-json\/wp\/v2\/comments?post=1029880"}],"version-history":[{"count":0,"href":"https:\/\/www.eldigitaldeasturias.com\/noticias\/wp-json\/wp\/v2\/posts\/1029880\/revisions"}],"wp:featuredmedia":[{"embeddable":true,"href":"https:\/\/www.eldigitaldeasturias.com\/noticias\/wp-json\/wp\/v2\/media\/1029881"}],"wp:attachment":[{"href":"https:\/\/www.eldigitaldeasturias.com\/noticias\/wp-json\/wp\/v2\/media?parent=1029880"}],"wp:term":[{"taxonomy":"category","embeddable":true,"href":"https:\/\/www.eldigitaldeasturias.com\/noticias\/wp-json\/wp\/v2\/categories?post=1029880"},{"taxonomy":"post_tag","embeddable":true,"href":"https:\/\/www.eldigitaldeasturias.com\/noticias\/wp-json\/wp\/v2\/tags?post=1029880"}],"curies":[{"name":"wp","href":"https:\/\/api.w.org\/{rel}","templated":true}]}}