{"id":1029798,"date":"2019-06-05T18:25:12","date_gmt":"2019-06-05T18:25:12","guid":{"rendered":"https:\/\/www.eldigitaldeasturias.com\/noticias\/?p=1029798"},"modified":"2019-06-05T18:25:12","modified_gmt":"2019-06-05T18:25:12","slug":"moradillo-store-aterriza-en-malaga-y-palma","status":"publish","type":"post","link":"https:\/\/www.eldigitaldeasturias.com\/noticias\/moradillo-store-aterriza-en-malaga-y-palma\/","title":{"rendered":"Moradillo Store aterriza en M\u00e1laga y Palma"},"content":{"rendered":"<p><img loading=\"lazy\" decoding=\"async\" class=\"alignleft size-medium wp-image-1029799\" src=\"https:\/\/www.eldigitaldeasturias.com\/noticias\/wp-content\/uploads\/2019\/06\/1559727771_20190529191659_1_-360x270.jpg\" alt=\"\" width=\"360\" height=\"270\" srcset=\"https:\/\/www.eldigitaldeasturias.com\/noticias\/wp-content\/uploads\/2019\/06\/1559727771_20190529191659_1_-360x270.jpg 360w, https:\/\/www.eldigitaldeasturias.com\/noticias\/wp-content\/uploads\/2019\/06\/1559727771_20190529191659_1_-768x576.jpg 768w, https:\/\/www.eldigitaldeasturias.com\/noticias\/wp-content\/uploads\/2019\/06\/1559727771_20190529191659_1_-640x480.jpg 640w, https:\/\/www.eldigitaldeasturias.com\/noticias\/wp-content\/uploads\/2019\/06\/1559727771_20190529191659_1_-1024x768.jpg 1024w, https:\/\/www.eldigitaldeasturias.com\/noticias\/wp-content\/uploads\/2019\/06\/1559727771_20190529191659_1_.jpg 2000w\" sizes=\"auto, (max-width: 360px) 100vw, 360px\" \/>Las tiendas de sof\u00e1s\u00a0<strong><em>Moradillo Store<\/em><\/strong>, concepto que da nombre a la\u00a0<strong>red de tiendas\u00a0<\/strong>del fabricante de mueble tapizado\u00a0<strong>Moradillo<\/strong>, est\u00e1 de enhorabuena con la apertura de dos nuevos establecimientos en Andaluc\u00eda y las Islas Baleares.<\/p>\n<p>El nuevo local de Palma, situado en Avinguda de l\u2019Argentina n\u00famero 22, en el coraz\u00f3n de la capital balear, cuenta con una amplia superficie de exposici\u00f3n de 250 metros cuadrados donde los clientes pueden encontrar una gran variedad de ambientes decorativos para el sal\u00f3n formados por modelos y estilos de sof\u00e1s de todo tipo: modulares, rinconeras, chaise longe, deslizantes, sof\u00e1s relax, butacas y otros productos tapizados de la colecci\u00f3n Moradillo.<\/p>\n<p>Por su parte, Moradillo Store M\u00e1laga abri\u00f3 sus puertas al p\u00fablico el pasado 22 de mayo. Situado en la calle Hilera n\u00ba 9, la tienda es un gran espacio dedicado a la decoraci\u00f3n, en el que los clientes podr\u00e1n ver y probar una selecci\u00f3n de modelos de sof\u00e1s pertenecientes al \u00faltimo cat\u00e1logo de la firma, as\u00ed como otros elementos de decoraci\u00f3n para el sal\u00f3n: mobiliario auxiliar, iluminaci\u00f3n, etc.<\/p>\n<p>En las tiendas Moradillo Store los clientes podr\u00e1n descubrir la amplia gama de producto de Moradillo, as\u00ed como todas las opciones de personalizaci\u00f3n disponibles, se\u00f1a de identidad de los modelos de la firma: Configuraciones a medida, enorme diversidad de tapizados, sentadas, terminaciones y materiales entre los que elegir, para conseguir crear el mobiliario tapizado perfecto para cada sal\u00f3n.<\/p>\n<p>Moradillo, tras consolidarse en el mercado nacional como uno de los fabricantes espa\u00f1oles de sof\u00e1s de dise\u00f1o y producto tapizado de referencia, inici\u00f3 en 2012 con la apertura de su primera tienda en Las Rozas-Madrid la creaci\u00f3n de su propia red de tiendas mono-marca denominada Moradillo Store.<\/p>\n<p>Estas \u00faltimas incorporaciones de M\u00e1laga y Palma se unen a los actuales siete puntos de venta que Moradillo Store tiene en Espa\u00f1a: dos en Madrid \u2013Las Rozas y Pr\u00edncipe de Vergara\u2013, dos en Las Palmas de Gran Canarias \u2013Las Palmas (Triana) y Las Palmas (Mesa y L\u00f3pez)\u2013, Zamora y Zaragoza, junto a uno m\u00e1s situado en Andorra.<\/p>\n<p><strong>M\u00e1s sobre Moradillo Store<\/strong><\/p>\n<p>Adentrarse en Moradillo Store es entrar de lleno en una forma especial de sentir cada pieza de mueble tapizado. En las nueve tiendas especializadas en sof\u00e1s, sof\u00e1s-cama, butacas, pufs y todo tipo de mueble tapizado, se disfruta de una enorme variedad de modelos y una atenci\u00f3n absolutamente profesional. Y todo ello con la calidad, buen gusto, garant\u00eda y experiencia de Moradillo, fabricante espa\u00f1ol que atesora m\u00e1s de 45 a\u00f1os de dedicaci\u00f3n al mueble tapizado.<\/p>\n<p><strong>M\u00e1s sobre Moradillo<\/strong><\/p>\n<p>Moradillo ha forjado una historia de \u00e9xito desde su creaci\u00f3n bas\u00e1ndose en cuatro premisas esenciales: calidad extraordinaria, personalizaci\u00f3n, refinamiento en el dise\u00f1o y la b\u00fasqueda de la satisfacci\u00f3n de los clientes como fin \u00faltimo. Hoy, tras m\u00e1s de 45 de a\u00f1os de experiencia, se ha logrado dar forma a los deseos de los clientes conjugando la tecnolog\u00eda de \u00faltima generaci\u00f3n con los exquisitos acabados que proporcionan las sabias manos de los artesanos, dando como resultado un producto m\u00edtico, de calidad \u00fanica, extraordinario en cada uno de sus acabados y detalles. Toda una filosof\u00eda y unos valores que residen en el ADN de cada pieza que se fabrica y que s\u00f3lo la etiqueta de autenticidad de Moradillo, con todo lo que representa, puede garantizar.<\/p>\n<p>Irlanda, B\u00e9lgica, Francia, India, Panam\u00e1, M\u00e9xico, Portugal, Ucrania, Rusia, EEUU, Reino Unido, Andorra y Estonia son algunos de los pa\u00edses en los que Moradillo est\u00e1 presente.<\/p>\n","protected":false},"excerpt":{"rendered":"<p>Las tiendas de sof\u00e1s\u00a0Moradillo Store, concepto que da nombre a la\u00a0red de tiendas\u00a0del fabricante de mueble tapizado\u00a0Moradillo, est\u00e1 de enhorabuena con la apertura de dos nuevos establecimientos en Andaluc\u00eda y las Islas Baleares. El nuevo local de Palma, situado en Avinguda de l\u2019Argentina n\u00famero 22, en el coraz\u00f3n de la capital balear, cuenta con una [&hellip;]<\/p>\n","protected":false},"author":1,"featured_media":1029799,"comment_status":"closed","ping_status":"closed","sticky":false,"template":"","format":"standard","meta":{"footnotes":""},"categories":[219],"tags":[],"class_list":["post-1029798","post","type-post","status-publish","format-standard","has-post-thumbnail","hentry","category-negocios-y-empresas"],"aioseo_notices":[],"aioseo_head":"\n\t\t<!-- All in One SEO Pro 4.9.6.2 - aioseo.com -->\n\t<meta name=\"description\" content=\"Las tiendas de sof\u00e1s Moradillo Store, concepto que da nombre a la red de tiendas del fabricante de mueble tapizado Moradillo, est\u00e1 de enhorabuena con la apertura de dos nuevos establecimientos en Andaluc\u00eda y las Islas Baleares. El nuevo local de Palma, situado en Avinguda de l\u2019Argentina n\u00famero 22, en el coraz\u00f3n de la capital balear, cuenta con una\" \/>\n\t<meta name=\"robots\" content=\"max-image-preview:large\" \/>\n\t<meta name=\"author\" content=\"El Digital de Asturias\"\/>\n\t<meta name=\"google-site-verification\" content=\"UA-38556648-1\" \/>\n\t<meta name=\"msvalidate.01\" content=\"7dfe9f3f1b24437ab69f4f2559babe99\" \/>\n\t<meta name=\"keywords\" content=\"negocios y empresas\" \/>\n\t<link rel=\"canonical\" href=\"https:\/\/www.eldigitaldeasturias.com\/noticias\/moradillo-store-aterriza-en-malaga-y-palma\/\" \/>\n\t<meta name=\"generator\" content=\"All in One SEO Pro (AIOSEO) 4.9.6.2\" \/>\n\t\t<meta property=\"og:locale\" content=\"es_ES\" \/>\n\t\t<meta property=\"og:site_name\" content=\"El Digital de Asturias\" \/>\n\t\t<meta property=\"og:type\" content=\"article\" \/>\n\t\t<meta property=\"og:title\" content=\"Moradillo Store aterriza en M\u00e1laga y Palma - El Digital de Asturias\" \/>\n\t\t<meta property=\"og:description\" content=\"Las tiendas de sof\u00e1s Moradillo Store, concepto que da nombre a la red de tiendas del fabricante de mueble tapizado Moradillo, est\u00e1 de enhorabuena con la apertura de dos nuevos establecimientos en Andaluc\u00eda y las Islas Baleares. El nuevo local de Palma, situado en Avinguda de l\u2019Argentina n\u00famero 22, en el coraz\u00f3n de la capital balear, cuenta con una\" \/>\n\t\t<meta property=\"og:url\" content=\"https:\/\/www.eldigitaldeasturias.com\/noticias\/moradillo-store-aterriza-en-malaga-y-palma\/\" \/>\n\t\t<meta property=\"og:image\" content=\"https:\/\/www.eldigitaldeasturias.com\/noticias\/wp-content\/uploads\/2019\/06\/1559727771_20190529191659_1_.jpg\" \/>\n\t\t<meta property=\"og:image:secure_url\" content=\"https:\/\/www.eldigitaldeasturias.com\/noticias\/wp-content\/uploads\/2019\/06\/1559727771_20190529191659_1_.jpg\" \/>\n\t\t<meta property=\"og:image:width\" content=\"2000\" \/>\n\t\t<meta property=\"og:image:height\" content=\"1500\" \/>\n\t\t<meta property=\"article:tag\" content=\"negocios y empresas\" \/>\n\t\t<meta property=\"article:published_time\" content=\"2019-06-05T18:25:12+00:00\" \/>\n\t\t<meta property=\"article:modified_time\" content=\"2019-06-05T18:25:12+00:00\" \/>\n\t\t<meta property=\"article:publisher\" content=\"https:\/\/facebook.com\/eldigitaldeasturias\" \/>\n\t\t<meta name=\"twitter:card\" content=\"summary_large_image\" \/>\n\t\t<meta name=\"twitter:title\" content=\"Moradillo Store aterriza en M\u00e1laga y Palma - El Digital de Asturias\" \/>\n\t\t<meta name=\"twitter:description\" content=\"Las tiendas de sof\u00e1s Moradillo Store, concepto que da nombre a la red de tiendas del fabricante de mueble tapizado Moradillo, est\u00e1 de enhorabuena con la apertura de dos nuevos establecimientos en Andaluc\u00eda y las Islas Baleares. El nuevo local de Palma, situado en Avinguda de l\u2019Argentina n\u00famero 22, en el coraz\u00f3n de la capital balear, cuenta con una\" \/>\n\t\t<meta name=\"twitter:image\" content=\"https:\/\/www.eldigitaldeasturias.com\/noticias\/wp-content\/uploads\/2019\/06\/1559727771_20190529191659_1_.jpg\" \/>\n\t\t<meta name=\"twitter:label1\" content=\"Escrito por\" \/>\n\t\t<meta name=\"twitter:data1\" content=\"El Digital de Asturias\" \/>\n\t\t<meta name=\"twitter:label2\" content=\"Tiempo de lectura estimado\" \/>\n\t\t<meta name=\"twitter:data2\" content=\"3 minutos\" \/>\n\t\t<script type=\"application\/ld+json\" class=\"aioseo-schema\">\n\t\t\t{\"@context\":\"https:\\\/\\\/schema.org\",\"@graph\":[{\"@type\":\"BlogPosting\",\"@id\":\"https:\\\/\\\/www.eldigitaldeasturias.com\\\/noticias\\\/moradillo-store-aterriza-en-malaga-y-palma\\\/#blogposting\",\"name\":\"Moradillo Store aterriza en M\\u00e1laga y Palma - El Digital de Asturias\",\"headline\":\"Moradillo Store aterriza en M\\u00e1laga y Palma\",\"author\":{\"@id\":\"https:\\\/\\\/www.eldigitaldeasturias.com\\\/noticias\\\/author\\\/admin\\\/#author\"},\"publisher\":{\"@id\":\"https:\\\/\\\/www.eldigitaldeasturias.com\\\/noticias\\\/#organization\"},\"image\":{\"@type\":\"ImageObject\",\"url\":\"https:\\\/\\\/www.eldigitaldeasturias.com\\\/noticias\\\/wp-content\\\/uploads\\\/2019\\\/06\\\/1559727771_20190529191659_1_.jpg\",\"width\":2000,\"height\":1500},\"datePublished\":\"2019-06-05T18:25:12+02:00\",\"dateModified\":\"2019-06-05T18:25:12+02:00\",\"inLanguage\":\"es-ES\",\"mainEntityOfPage\":{\"@id\":\"https:\\\/\\\/www.eldigitaldeasturias.com\\\/noticias\\\/moradillo-store-aterriza-en-malaga-y-palma\\\/#webpage\"},\"isPartOf\":{\"@id\":\"https:\\\/\\\/www.eldigitaldeasturias.com\\\/noticias\\\/moradillo-store-aterriza-en-malaga-y-palma\\\/#webpage\"},\"articleSection\":\"Negocios y Empresas\"},{\"@type\":\"BreadcrumbList\",\"@id\":\"https:\\\/\\\/www.eldigitaldeasturias.com\\\/noticias\\\/moradillo-store-aterriza-en-malaga-y-palma\\\/#breadcrumblist\",\"itemListElement\":[{\"@type\":\"ListItem\",\"@id\":\"https:\\\/\\\/www.eldigitaldeasturias.com\\\/noticias#listItem\",\"position\":1,\"name\":\"Home\",\"item\":\"https:\\\/\\\/www.eldigitaldeasturias.com\\\/noticias\",\"nextItem\":{\"@type\":\"ListItem\",\"@id\":\"https:\\\/\\\/www.eldigitaldeasturias.com\\\/noticias\\\/category\\\/negocios-y-empresas\\\/#listItem\",\"name\":\"Negocios y Empresas\"}},{\"@type\":\"ListItem\",\"@id\":\"https:\\\/\\\/www.eldigitaldeasturias.com\\\/noticias\\\/category\\\/negocios-y-empresas\\\/#listItem\",\"position\":2,\"name\":\"Negocios y Empresas\",\"item\":\"https:\\\/\\\/www.eldigitaldeasturias.com\\\/noticias\\\/category\\\/negocios-y-empresas\\\/\",\"nextItem\":{\"@type\":\"ListItem\",\"@id\":\"https:\\\/\\\/www.eldigitaldeasturias.com\\\/noticias\\\/moradillo-store-aterriza-en-malaga-y-palma\\\/#listItem\",\"name\":\"Moradillo Store aterriza en M\\u00e1laga y Palma\"},\"previousItem\":{\"@type\":\"ListItem\",\"@id\":\"https:\\\/\\\/www.eldigitaldeasturias.com\\\/noticias#listItem\",\"name\":\"Home\"}},{\"@type\":\"ListItem\",\"@id\":\"https:\\\/\\\/www.eldigitaldeasturias.com\\\/noticias\\\/moradillo-store-aterriza-en-malaga-y-palma\\\/#listItem\",\"position\":3,\"name\":\"Moradillo Store aterriza en M\\u00e1laga y Palma\",\"previousItem\":{\"@type\":\"ListItem\",\"@id\":\"https:\\\/\\\/www.eldigitaldeasturias.com\\\/noticias\\\/category\\\/negocios-y-empresas\\\/#listItem\",\"name\":\"Negocios y Empresas\"}}]},{\"@type\":\"Organization\",\"@id\":\"https:\\\/\\\/www.eldigitaldeasturias.com\\\/noticias\\\/#organization\",\"name\":\"El Digital de Asturias\",\"description\":\"Hemeroteca\",\"url\":\"https:\\\/\\\/www.eldigitaldeasturias.com\\\/noticias\\\/\",\"email\":\"info@eldigitaldeasturias.com\",\"telephone\":\"+34652131393\",\"logo\":{\"@type\":\"ImageObject\",\"url\":\"https:\\\/\\\/www.eldigitaldeasturias.com\\\/noticias\\\/wp-content\\\/uploads\\\/2020\\\/12\\\/EDA.jpg\",\"@id\":\"https:\\\/\\\/www.eldigitaldeasturias.com\\\/noticias\\\/moradillo-store-aterriza-en-malaga-y-palma\\\/#organizationLogo\",\"width\":649,\"height\":297},\"image\":{\"@id\":\"https:\\\/\\\/www.eldigitaldeasturias.com\\\/noticias\\\/moradillo-store-aterriza-en-malaga-y-palma\\\/#organizationLogo\"},\"sameAs\":[\"https:\\\/\\\/facebook.com\\\/eldigitaldeasturias\",\"https:\\\/\\\/www.youtube.com\\\/channel\\\/UCZP-2wLEB9Rv6erhFmqVnvg\"],\"address\":{\"@id\":\"https:\\\/\\\/www.eldigitaldeasturias.com\\\/noticias\\\/#postaladdress\",\"@type\":\"PostalAddress\",\"streetAddress\":\"san antonio 4,\",\"postalCode\":\"33430\",\"addressLocality\":\"Cand\\u00e1s\",\"addressRegion\":\"Asturias\",\"addressCountry\":\"ES\"}},{\"@type\":\"Person\",\"@id\":\"https:\\\/\\\/www.eldigitaldeasturias.com\\\/noticias\\\/author\\\/admin\\\/#author\",\"url\":\"https:\\\/\\\/www.eldigitaldeasturias.com\\\/noticias\\\/author\\\/admin\\\/\",\"name\":\"El Digital de Asturias\",\"image\":{\"@type\":\"ImageObject\",\"@id\":\"https:\\\/\\\/www.eldigitaldeasturias.com\\\/noticias\\\/moradillo-store-aterriza-en-malaga-y-palma\\\/#authorImage\",\"url\":\"https:\\\/\\\/www.eldigitaldeasturias.com\\\/noticias\\\/wp-content\\\/litespeed\\\/avatar\\\/18677e78aa0546b92d9dbf31ec7d7668.jpg?ver=1777290358\",\"width\":96,\"height\":96,\"caption\":\"El Digital de Asturias\"}},{\"@type\":\"WebPage\",\"@id\":\"https:\\\/\\\/www.eldigitaldeasturias.com\\\/noticias\\\/moradillo-store-aterriza-en-malaga-y-palma\\\/#webpage\",\"url\":\"https:\\\/\\\/www.eldigitaldeasturias.com\\\/noticias\\\/moradillo-store-aterriza-en-malaga-y-palma\\\/\",\"name\":\"Moradillo Store aterriza en M\\u00e1laga y Palma - El Digital de Asturias\",\"description\":\"Las tiendas de sof\\u00e1s Moradillo Store, concepto que da nombre a la red de tiendas del fabricante de mueble tapizado Moradillo, est\\u00e1 de enhorabuena con la apertura de dos nuevos establecimientos en Andaluc\\u00eda y las Islas Baleares. El nuevo local de Palma, situado en Avinguda de l\\u2019Argentina n\\u00famero 22, en el coraz\\u00f3n de la capital balear, cuenta con una\",\"inLanguage\":\"es-ES\",\"isPartOf\":{\"@id\":\"https:\\\/\\\/www.eldigitaldeasturias.com\\\/noticias\\\/#website\"},\"breadcrumb\":{\"@id\":\"https:\\\/\\\/www.eldigitaldeasturias.com\\\/noticias\\\/moradillo-store-aterriza-en-malaga-y-palma\\\/#breadcrumblist\"},\"author\":{\"@id\":\"https:\\\/\\\/www.eldigitaldeasturias.com\\\/noticias\\\/author\\\/admin\\\/#author\"},\"creator\":{\"@id\":\"https:\\\/\\\/www.eldigitaldeasturias.com\\\/noticias\\\/author\\\/admin\\\/#author\"},\"image\":{\"@type\":\"ImageObject\",\"url\":\"https:\\\/\\\/www.eldigitaldeasturias.com\\\/noticias\\\/wp-content\\\/uploads\\\/2019\\\/06\\\/1559727771_20190529191659_1_.jpg\",\"@id\":\"https:\\\/\\\/www.eldigitaldeasturias.com\\\/noticias\\\/moradillo-store-aterriza-en-malaga-y-palma\\\/#mainImage\",\"width\":2000,\"height\":1500},\"primaryImageOfPage\":{\"@id\":\"https:\\\/\\\/www.eldigitaldeasturias.com\\\/noticias\\\/moradillo-store-aterriza-en-malaga-y-palma\\\/#mainImage\"},\"datePublished\":\"2019-06-05T18:25:12+02:00\",\"dateModified\":\"2019-06-05T18:25:12+02:00\"},{\"@type\":\"WebSite\",\"@id\":\"https:\\\/\\\/www.eldigitaldeasturias.com\\\/noticias\\\/#website\",\"url\":\"https:\\\/\\\/www.eldigitaldeasturias.com\\\/noticias\\\/\",\"name\":\"El Digital de Asturias - Diario de actualidad y noticias\",\"alternateName\":\"El Digital de Asturias - Diario de actualidad y noticias\",\"description\":\"Hemeroteca\",\"inLanguage\":\"es-ES\",\"publisher\":{\"@id\":\"https:\\\/\\\/www.eldigitaldeasturias.com\\\/noticias\\\/#organization\"}}]}\n\t\t<\/script>\n\t\t<!-- All in One SEO Pro -->\r\n\t\t<title>Moradillo Store aterriza en M\u00e1laga y Palma - El Digital de Asturias<\/title>\n\n","aioseo_head_json":{"title":"Moradillo Store aterriza en M\u00e1laga y Palma - El Digital de Asturias","description":"Las tiendas de sof\u00e1s Moradillo Store, concepto que da nombre a la red de tiendas del fabricante de mueble tapizado Moradillo, est\u00e1 de enhorabuena con la apertura de dos nuevos establecimientos en Andaluc\u00eda y las Islas Baleares. El nuevo local de Palma, situado en Avinguda de l\u2019Argentina n\u00famero 22, en el coraz\u00f3n de la capital balear, cuenta con una","canonical_url":"https:\/\/www.eldigitaldeasturias.com\/noticias\/moradillo-store-aterriza-en-malaga-y-palma\/","robots":"max-image-preview:large","keywords":"negocios y empresas","webmasterTools":{"google-site-verification":"UA-38556648-1","msvalidate.01":"7dfe9f3f1b24437ab69f4f2559babe99","miscellaneous":""},"schema":{"@context":"https:\/\/schema.org","@graph":[{"@type":"BlogPosting","@id":"https:\/\/www.eldigitaldeasturias.com\/noticias\/moradillo-store-aterriza-en-malaga-y-palma\/#blogposting","name":"Moradillo Store aterriza en M\u00e1laga y Palma - El Digital de Asturias","headline":"Moradillo Store aterriza en M\u00e1laga y Palma","author":{"@id":"https:\/\/www.eldigitaldeasturias.com\/noticias\/author\/admin\/#author"},"publisher":{"@id":"https:\/\/www.eldigitaldeasturias.com\/noticias\/#organization"},"image":{"@type":"ImageObject","url":"https:\/\/www.eldigitaldeasturias.com\/noticias\/wp-content\/uploads\/2019\/06\/1559727771_20190529191659_1_.jpg","width":2000,"height":1500},"datePublished":"2019-06-05T18:25:12+02:00","dateModified":"2019-06-05T18:25:12+02:00","inLanguage":"es-ES","mainEntityOfPage":{"@id":"https:\/\/www.eldigitaldeasturias.com\/noticias\/moradillo-store-aterriza-en-malaga-y-palma\/#webpage"},"isPartOf":{"@id":"https:\/\/www.eldigitaldeasturias.com\/noticias\/moradillo-store-aterriza-en-malaga-y-palma\/#webpage"},"articleSection":"Negocios y Empresas"},{"@type":"BreadcrumbList","@id":"https:\/\/www.eldigitaldeasturias.com\/noticias\/moradillo-store-aterriza-en-malaga-y-palma\/#breadcrumblist","itemListElement":[{"@type":"ListItem","@id":"https:\/\/www.eldigitaldeasturias.com\/noticias#listItem","position":1,"name":"Home","item":"https:\/\/www.eldigitaldeasturias.com\/noticias","nextItem":{"@type":"ListItem","@id":"https:\/\/www.eldigitaldeasturias.com\/noticias\/category\/negocios-y-empresas\/#listItem","name":"Negocios y Empresas"}},{"@type":"ListItem","@id":"https:\/\/www.eldigitaldeasturias.com\/noticias\/category\/negocios-y-empresas\/#listItem","position":2,"name":"Negocios y Empresas","item":"https:\/\/www.eldigitaldeasturias.com\/noticias\/category\/negocios-y-empresas\/","nextItem":{"@type":"ListItem","@id":"https:\/\/www.eldigitaldeasturias.com\/noticias\/moradillo-store-aterriza-en-malaga-y-palma\/#listItem","name":"Moradillo Store aterriza en M\u00e1laga y Palma"},"previousItem":{"@type":"ListItem","@id":"https:\/\/www.eldigitaldeasturias.com\/noticias#listItem","name":"Home"}},{"@type":"ListItem","@id":"https:\/\/www.eldigitaldeasturias.com\/noticias\/moradillo-store-aterriza-en-malaga-y-palma\/#listItem","position":3,"name":"Moradillo Store aterriza en M\u00e1laga y Palma","previousItem":{"@type":"ListItem","@id":"https:\/\/www.eldigitaldeasturias.com\/noticias\/category\/negocios-y-empresas\/#listItem","name":"Negocios y Empresas"}}]},{"@type":"Organization","@id":"https:\/\/www.eldigitaldeasturias.com\/noticias\/#organization","name":"El Digital de Asturias","description":"Hemeroteca","url":"https:\/\/www.eldigitaldeasturias.com\/noticias\/","email":"info@eldigitaldeasturias.com","telephone":"+34652131393","logo":{"@type":"ImageObject","url":"https:\/\/www.eldigitaldeasturias.com\/noticias\/wp-content\/uploads\/2020\/12\/EDA.jpg","@id":"https:\/\/www.eldigitaldeasturias.com\/noticias\/moradillo-store-aterriza-en-malaga-y-palma\/#organizationLogo","width":649,"height":297},"image":{"@id":"https:\/\/www.eldigitaldeasturias.com\/noticias\/moradillo-store-aterriza-en-malaga-y-palma\/#organizationLogo"},"sameAs":["https:\/\/facebook.com\/eldigitaldeasturias","https:\/\/www.youtube.com\/channel\/UCZP-2wLEB9Rv6erhFmqVnvg"],"address":{"@id":"https:\/\/www.eldigitaldeasturias.com\/noticias\/#postaladdress","@type":"PostalAddress","streetAddress":"san antonio 4,","postalCode":"33430","addressLocality":"Cand\u00e1s","addressRegion":"Asturias","addressCountry":"ES"}},{"@type":"Person","@id":"https:\/\/www.eldigitaldeasturias.com\/noticias\/author\/admin\/#author","url":"https:\/\/www.eldigitaldeasturias.com\/noticias\/author\/admin\/","name":"El Digital de Asturias","image":{"@type":"ImageObject","@id":"https:\/\/www.eldigitaldeasturias.com\/noticias\/moradillo-store-aterriza-en-malaga-y-palma\/#authorImage","url":"https:\/\/www.eldigitaldeasturias.com\/noticias\/wp-content\/litespeed\/avatar\/18677e78aa0546b92d9dbf31ec7d7668.jpg?ver=1777290358","width":96,"height":96,"caption":"El Digital de Asturias"}},{"@type":"WebPage","@id":"https:\/\/www.eldigitaldeasturias.com\/noticias\/moradillo-store-aterriza-en-malaga-y-palma\/#webpage","url":"https:\/\/www.eldigitaldeasturias.com\/noticias\/moradillo-store-aterriza-en-malaga-y-palma\/","name":"Moradillo Store aterriza en M\u00e1laga y Palma - El Digital de Asturias","description":"Las tiendas de sof\u00e1s Moradillo Store, concepto que da nombre a la red de tiendas del fabricante de mueble tapizado Moradillo, est\u00e1 de enhorabuena con la apertura de dos nuevos establecimientos en Andaluc\u00eda y las Islas Baleares. El nuevo local de Palma, situado en Avinguda de l\u2019Argentina n\u00famero 22, en el coraz\u00f3n de la capital balear, cuenta con una","inLanguage":"es-ES","isPartOf":{"@id":"https:\/\/www.eldigitaldeasturias.com\/noticias\/#website"},"breadcrumb":{"@id":"https:\/\/www.eldigitaldeasturias.com\/noticias\/moradillo-store-aterriza-en-malaga-y-palma\/#breadcrumblist"},"author":{"@id":"https:\/\/www.eldigitaldeasturias.com\/noticias\/author\/admin\/#author"},"creator":{"@id":"https:\/\/www.eldigitaldeasturias.com\/noticias\/author\/admin\/#author"},"image":{"@type":"ImageObject","url":"https:\/\/www.eldigitaldeasturias.com\/noticias\/wp-content\/uploads\/2019\/06\/1559727771_20190529191659_1_.jpg","@id":"https:\/\/www.eldigitaldeasturias.com\/noticias\/moradillo-store-aterriza-en-malaga-y-palma\/#mainImage","width":2000,"height":1500},"primaryImageOfPage":{"@id":"https:\/\/www.eldigitaldeasturias.com\/noticias\/moradillo-store-aterriza-en-malaga-y-palma\/#mainImage"},"datePublished":"2019-06-05T18:25:12+02:00","dateModified":"2019-06-05T18:25:12+02:00"},{"@type":"WebSite","@id":"https:\/\/www.eldigitaldeasturias.com\/noticias\/#website","url":"https:\/\/www.eldigitaldeasturias.com\/noticias\/","name":"El Digital de Asturias - Diario de actualidad y noticias","alternateName":"El Digital de Asturias - Diario de actualidad y noticias","description":"Hemeroteca","inLanguage":"es-ES","publisher":{"@id":"https:\/\/www.eldigitaldeasturias.com\/noticias\/#organization"}}]},"og:locale":"es_ES","og:site_name":"El Digital de Asturias","og:type":"article","og:title":"Moradillo Store aterriza en M\u00e1laga y Palma - El Digital de Asturias","og:description":"Las tiendas de sof\u00e1s Moradillo Store, concepto que da nombre a la red de tiendas del fabricante de mueble tapizado Moradillo, est\u00e1 de enhorabuena con la apertura de dos nuevos establecimientos en Andaluc\u00eda y las Islas Baleares. El nuevo local de Palma, situado en Avinguda de l\u2019Argentina n\u00famero 22, en el coraz\u00f3n de la capital balear, cuenta con una","og:url":"https:\/\/www.eldigitaldeasturias.com\/noticias\/moradillo-store-aterriza-en-malaga-y-palma\/","og:image":"https:\/\/www.eldigitaldeasturias.com\/noticias\/wp-content\/uploads\/2019\/06\/1559727771_20190529191659_1_.jpg","og:image:secure_url":"https:\/\/www.eldigitaldeasturias.com\/noticias\/wp-content\/uploads\/2019\/06\/1559727771_20190529191659_1_.jpg","og:image:width":2000,"og:image:height":1500,"article:tag":["negocios y empresas"],"article:published_time":"2019-06-05T18:25:12+00:00","article:modified_time":"2019-06-05T18:25:12+00:00","article:publisher":"https:\/\/facebook.com\/eldigitaldeasturias","twitter:card":"summary_large_image","twitter:title":"Moradillo Store aterriza en M\u00e1laga y Palma - El Digital de Asturias","twitter:description":"Las tiendas de sof\u00e1s Moradillo Store, concepto que da nombre a la red de tiendas del fabricante de mueble tapizado Moradillo, est\u00e1 de enhorabuena con la apertura de dos nuevos establecimientos en Andaluc\u00eda y las Islas Baleares. El nuevo local de Palma, situado en Avinguda de l\u2019Argentina n\u00famero 22, en el coraz\u00f3n de la capital balear, cuenta con una","twitter:image":"https:\/\/www.eldigitaldeasturias.com\/noticias\/wp-content\/uploads\/2019\/06\/1559727771_20190529191659_1_.jpg","twitter:label1":"Escrito por","twitter:data1":"El Digital de Asturias","twitter:label2":"Tiempo de lectura estimado","twitter:data2":"3 minutos"},"aioseo_meta_data":{"post_id":"1029798","title":null,"description":null,"keywords":null,"keyphrases":null,"primary_term":null,"canonical_url":null,"og_title":null,"og_description":null,"og_object_type":"default","og_image_type":"default","og_image_url":null,"og_image_width":null,"og_image_height":null,"og_image_custom_url":null,"og_image_custom_fields":null,"og_video":null,"og_custom_url":null,"og_article_section":null,"og_article_tags":null,"twitter_use_og":false,"twitter_card":"default","twitter_image_type":"default","twitter_image_url":null,"twitter_image_custom_url":null,"twitter_image_custom_fields":null,"twitter_title":null,"twitter_description":null,"schema":{"blockGraphs":[],"customGraphs":[],"default":{"data":{"Article":[],"Course":[],"Dataset":[],"FAQPage":[],"Movie":[],"Person":[],"Product":[],"ProductReview":[],"Car":[],"Recipe":[],"Service":[],"SoftwareApplication":[],"WebPage":[]},"graphName":"","isEnabled":true},"graphs":[],"defaultGraph":"","defaultPostTypeGraph":""},"schema_type":null,"schema_type_options":null,"pillar_content":false,"robots_default":true,"robots_noindex":false,"robots_noarchive":false,"robots_nosnippet":false,"robots_nofollow":false,"robots_noimageindex":false,"robots_noodp":false,"robots_notranslate":false,"robots_max_snippet":null,"robots_max_videopreview":null,"robots_max_imagepreview":"large","priority":null,"frequency":null,"local_seo":null,"seo_analyzer_scan_date":"2025-10-18 13:28:10","breadcrumb_settings":null,"limit_modified_date":false,"open_ai":null,"ai":null,"created":"2020-12-21 10:54:06","updated":"2025-10-18 13:28:10"},"aioseo_breadcrumb":"<div class=\"aioseo-breadcrumbs\"><span class=\"aioseo-breadcrumb\">\n\t<a href=\"https:\/\/www.eldigitaldeasturias.com\/noticias\" title=\"Home\">Home<\/a>\n<\/span><span class=\"aioseo-breadcrumb-separator\">\u2013<\/span><span class=\"aioseo-breadcrumb\">\n\t<a href=\"https:\/\/www.eldigitaldeasturias.com\/noticias\/category\/negocios-y-empresas\/\" title=\"Negocios y Empresas\">Negocios y Empresas<\/a>\n<\/span><span class=\"aioseo-breadcrumb-separator\">\u2013<\/span><span class=\"aioseo-breadcrumb\">\n\t<a href=\"https:\/\/www.eldigitaldeasturias.com\/noticias\/moradillo-store-aterriza-en-malaga-y-palma\/\" title=\"Moradillo Store aterriza en M\u00e1laga y Palma\">Moradillo Store aterriza en M\u00e1laga y Palma<\/a>\n<\/span><\/div>","aioseo_breadcrumb_json":[{"label":"Home","link":"https:\/\/www.eldigitaldeasturias.com\/noticias"},{"label":"Negocios y Empresas","link":"https:\/\/www.eldigitaldeasturias.com\/noticias\/category\/negocios-y-empresas\/"},{"label":"Moradillo Store aterriza en M\u00e1laga y Palma","link":"https:\/\/www.eldigitaldeasturias.com\/noticias\/moradillo-store-aterriza-en-malaga-y-palma\/"}],"_links":{"self":[{"href":"https:\/\/www.eldigitaldeasturias.com\/noticias\/wp-json\/wp\/v2\/posts\/1029798","targetHints":{"allow":["GET"]}}],"collection":[{"href":"https:\/\/www.eldigitaldeasturias.com\/noticias\/wp-json\/wp\/v2\/posts"}],"about":[{"href":"https:\/\/www.eldigitaldeasturias.com\/noticias\/wp-json\/wp\/v2\/types\/post"}],"author":[{"embeddable":true,"href":"https:\/\/www.eldigitaldeasturias.com\/noticias\/wp-json\/wp\/v2\/users\/1"}],"replies":[{"embeddable":true,"href":"https:\/\/www.eldigitaldeasturias.com\/noticias\/wp-json\/wp\/v2\/comments?post=1029798"}],"version-history":[{"count":0,"href":"https:\/\/www.eldigitaldeasturias.com\/noticias\/wp-json\/wp\/v2\/posts\/1029798\/revisions"}],"wp:featuredmedia":[{"embeddable":true,"href":"https:\/\/www.eldigitaldeasturias.com\/noticias\/wp-json\/wp\/v2\/media\/1029799"}],"wp:attachment":[{"href":"https:\/\/www.eldigitaldeasturias.com\/noticias\/wp-json\/wp\/v2\/media?parent=1029798"}],"wp:term":[{"taxonomy":"category","embeddable":true,"href":"https:\/\/www.eldigitaldeasturias.com\/noticias\/wp-json\/wp\/v2\/categories?post=1029798"},{"taxonomy":"post_tag","embeddable":true,"href":"https:\/\/www.eldigitaldeasturias.com\/noticias\/wp-json\/wp\/v2\/tags?post=1029798"}],"curies":[{"name":"wp","href":"https:\/\/api.w.org\/{rel}","templated":true}]}}