{"id":1029795,"date":"2019-06-05T17:22:40","date_gmt":"2019-06-05T17:22:40","guid":{"rendered":"https:\/\/www.eldigitaldeasturias.com\/noticias\/?p=1029795"},"modified":"2019-06-05T17:22:40","modified_gmt":"2019-06-05T17:22:40","slug":"miguel-martinez-la-inspeccion-de-trabajo-se-pronunciara-sobre-el-registro-horario-en-unos-dias","status":"publish","type":"post","link":"https:\/\/www.eldigitaldeasturias.com\/noticias\/miguel-martinez-la-inspeccion-de-trabajo-se-pronunciara-sobre-el-registro-horario-en-unos-dias\/","title":{"rendered":"Miguel Mart\u00ednez: &#8216;La Inspecci\u00f3n de Trabajo se pronunciar\u00e1 sobre el registro horario en unos d\u00edas&#8217;"},"content":{"rendered":"<p><strong><img loading=\"lazy\" decoding=\"async\" class=\"alignleft size-medium wp-image-1029796\" src=\"https:\/\/www.eldigitaldeasturias.com\/noticias\/wp-content\/uploads\/2019\/06\/1559664832_de_izq._a_dcha_Laura_Morcillo_Omar_Molina_Mar_a_de_la_O_Mart_nez_Miguel_Mart_nez_Miguel_Fresneda_y_Gonzalo_Jim_nez-360x245.jpg\" alt=\"\" width=\"360\" height=\"245\" srcset=\"https:\/\/www.eldigitaldeasturias.com\/noticias\/wp-content\/uploads\/2019\/06\/1559664832_de_izq._a_dcha_Laura_Morcillo_Omar_Molina_Mar_a_de_la_O_Mart_nez_Miguel_Mart_nez_Miguel_Fresneda_y_Gonzalo_Jim_nez-360x245.jpg 360w, https:\/\/www.eldigitaldeasturias.com\/noticias\/wp-content\/uploads\/2019\/06\/1559664832_de_izq._a_dcha_Laura_Morcillo_Omar_Molina_Mar_a_de_la_O_Mart_nez_Miguel_Mart_nez_Miguel_Fresneda_y_Gonzalo_Jim_nez-768x522.jpg 768w, https:\/\/www.eldigitaldeasturias.com\/noticias\/wp-content\/uploads\/2019\/06\/1559664832_de_izq._a_dcha_Laura_Morcillo_Omar_Molina_Mar_a_de_la_O_Mart_nez_Miguel_Mart_nez_Miguel_Fresneda_y_Gonzalo_Jim_nez-650x442.jpg 650w, https:\/\/www.eldigitaldeasturias.com\/noticias\/wp-content\/uploads\/2019\/06\/1559664832_de_izq._a_dcha_Laura_Morcillo_Omar_Molina_Mar_a_de_la_O_Mart_nez_Miguel_Mart_nez_Miguel_Fresneda_y_Gonzalo_Jim_nez.jpg 871w\" sizes=\"auto, (max-width: 360px) 100vw, 360px\" \/>El Real Decreto Ley 8\/2019 de 8 de marzo\u00a0<\/strong>ha supuesto la obligaci\u00f3n de las empresas a la hora de implantar un sistema de registro de la jornada laboral efectiva de los trabajadores a tiempo completo desde el pasado 12 de mayo. Las empresas est\u00e1n tardando en reaccionar a pesar de que la Inspecci\u00f3n de Trabajo dependiente del Ministerio de Trabajo, Migraciones y Seguridad Social ya ha dado instrucciones claras de control y vigilancia de esta cuesti\u00f3n.<\/p>\n<p>Con objeto de analizar las nuevas cuestiones que se presentan,\u00a0<strong>Lefebvre<\/strong>\u00a0ha organizado una jornada en la que ha contado con la presencia de\u00a0<strong>Miguel Mart\u00ednez<\/strong>, inspector de Treball i Seguretat Social;\u00a0<strong>Omar Molina<\/strong>, director de \u00c1rea Laboral en el despacho Dur\u00e1n-Sindreu, y\u00a0<strong>Miguel Fresneda<\/strong>, CEO de Woffu y experto en integraci\u00f3n de soluciones tecnol\u00f3gicas para el control horario en las empresas, en un encuentro moderado por\u00a0<strong>Mar\u00eda de la O Mart\u00ednez<\/strong>, directora de Innovaci\u00f3n de producto de Lefebvre.<\/p>\n<p>Durante el encuentro tambi\u00e9n se ha presentado la nueva soluci\u00f3n\u00a0<strong>Tempo RRHH<\/strong>\u00a0desarrollada por la compa\u00f1\u00eda para facilitar a las empresas la gesti\u00f3n eficaz del control horario.<\/p>\n<p>Miguel Mart\u00ednez\u00a0ha se\u00f1alado la problem\u00e1tica que implica la obligaci\u00f3n del registro de la jornada porque \u00abla casu\u00edstica es enorme. El legislador ha dejado la puerta abierta para que se adapte a los diferentes casos que se pueden dar\u00bb. El inspector ha se\u00f1alado las posibles infracciones a las que se enfrentan las empresas, m\u00e1s all\u00e1 de la infracci\u00f3n grave por incumplimiento de la obligaci\u00f3n del registro de la jornada, como puede ser la falta de comunicaci\u00f3n a la representaci\u00f3n legal de los trabajadores. Adem\u00e1s, ha explicado los criterios objetivos que se tienen en cuenta a la hora de graduar las sanciones, incluyendo el incremento por reincidencia. Como ha se\u00f1alado, en los pr\u00f3ximos d\u00edas la ITSS dar\u00e1 a conocer su criterio para solventar las dudas de las empresas sobre c\u00f3mo cumplir con la nueva normativa.<\/p>\n<p>Para Miguel Fresneda, \u00abLa Ley de control horario es una oportunidad. El tiempo es el activo m\u00e1s importante que tienen las empresas y necesitan digitalizarlo\u00bb. Con el objetivo de facilitar esta tarea a las empresas, principalmente medianas y grandes, Lefebvre ha creado\u00a0<a href=\"https:\/\/estapasando.lefebvre.es\/tempo-rrhh-control-horario\/#benefits\" target=\"_blank\" rel=\"nofollow noopener noreferrer\"><strong><span style=\"color: #ff6600;\">Tempo RRHH<\/span><\/strong><\/a>, una soluci\u00f3n que, seg\u00fan Miguel Fresneda, responsable de la tecnolog\u00eda que hay detr\u00e1s de esta herramienta, \u00abmejora la interacci\u00f3n entre personas y su compromiso laboral, hace m\u00e1s f\u00e1cil y productiva la gesti\u00f3n del tiempo, permite al empleado focalizarse al 100 % en su trabajo y genera informaci\u00f3n transparente fundamental para los departamentos de personal\u00bb.<\/p>\n<p>Seg\u00fan Omar Molina: \u00abTenemos que explicar a la plantilla el motivo del registro horario; no es para controlar ni una cuesti\u00f3n de desconfianza. Para ello hay que concienciar a la plantilla sobre los beneficios de dicho control horario\u00bb. Y a\u00f1ade: \u00abEs muy importante mantener una negociaci\u00f3n real con los representantes de los trabajadores de cara a poder solventar todas las lagunas que pueden darse seg\u00fan la tipolog\u00eda de cada empresa\u00bb. Asimismo ha resaltado que \u00abpara delimitar qu\u00e9 se entiende por tiempo de trabajo efectivo vs. tiempo de descanso se puede acudir a la directiva 88\/2003\/CE, que define ambos conceptos\u00bb.<\/p>\n<p>Hay que tener en cuenta que la obligatoriedad de esta nueva norma rige tambi\u00e9n para trabajadores desplazados o incluso a los que trabajen en su domicilio.\u00a0\u00abLa norma no determina el sistema de registro. Lo deja a la libre elecci\u00f3n de la empresa, que deber\u00e1 garantizar la fiabilidad e invariabilidad de los datos y registrar cada d\u00eda de servicio, haciendo constar la hora de inicio y finalizaci\u00f3n de jornada\u00bb, asegura Molina.<\/p>\n<p>Para Miguel Fresneda, esta coyuntura debe verse como una oportunidad de mejora en las empresas. \u00abNo se trata de implementar un control de horario sino de realizar una gesti\u00f3n m\u00e1s eficiente de las ausencias, las bajas, los permisos y las vacaciones de los empleados\u00bb.<\/p>\n<p>Seg\u00fan datos extra\u00eddos de la herramienta\u00a0<strong>Tempo RRHH<\/strong>, cuya tecnolog\u00eda est\u00e1 implantada ya en m\u00e1s de 100 empresas, su utilizaci\u00f3n permitir\u00e1\u00a0<strong>ahorrar un 86 % de tiempo en gesti\u00f3n de presencia<\/strong>, reducir el\u00a0<strong>absentismo en un 20 %<\/strong>\u00a0y un\u00a0<strong>ahorro de un 85% en costes de gesti\u00f3n de ausencias<\/strong>.<\/p>\n<p>Una de las cuestiones que m\u00e1s preocupan a empresas con trabajadores desplazados es que la obligatoriedad de esta nueva norma tambi\u00e9n les afecta a ellos, incluso a aquellos que trabajen en su domicilio. \u00abLa norma no determina el sistema de registro, lo deja a libre elecci\u00f3n de la empresa que deber\u00e1 garantizar la fiabilidad e invariabilidad de los datos y registrar cada d\u00eda de servicio, haciendo constar la hora de inicio y finalizaci\u00f3n de jornada\u00bb, aclara Miguel Mart\u00ednez.<\/p>\n","protected":false},"excerpt":{"rendered":"<p>El Real Decreto Ley 8\/2019 de 8 de marzo\u00a0ha supuesto la obligaci\u00f3n de las empresas a la hora de implantar un sistema de registro de la jornada laboral efectiva de los trabajadores a tiempo completo desde el pasado 12 de mayo. Las empresas est\u00e1n tardando en reaccionar a pesar de que la Inspecci\u00f3n de Trabajo [&hellip;]<\/p>\n","protected":false},"author":1,"featured_media":1029796,"comment_status":"closed","ping_status":"closed","sticky":false,"template":"","format":"standard","meta":{"footnotes":""},"categories":[219],"tags":[],"class_list":["post-1029795","post","type-post","status-publish","format-standard","has-post-thumbnail","hentry","category-negocios-y-empresas"],"aioseo_notices":[],"aioseo_head":"\n\t\t<!-- All in One SEO Pro 4.9.6.2 - aioseo.com -->\n\t<meta name=\"description\" content=\"El Real Decreto Ley 8\/2019 de 8 de marzo ha supuesto la obligaci\u00f3n de las empresas a la hora de implantar un sistema de registro de la jornada laboral efectiva de los trabajadores a tiempo completo desde el pasado 12 de mayo. Las empresas est\u00e1n tardando en reaccionar a pesar de que la Inspecci\u00f3n de Trabajo\" \/>\n\t<meta name=\"robots\" content=\"max-image-preview:large\" \/>\n\t<meta name=\"author\" content=\"El Digital de Asturias\"\/>\n\t<meta name=\"google-site-verification\" content=\"UA-38556648-1\" \/>\n\t<meta name=\"msvalidate.01\" content=\"7dfe9f3f1b24437ab69f4f2559babe99\" \/>\n\t<meta name=\"keywords\" content=\"negocios y empresas\" \/>\n\t<link rel=\"canonical\" href=\"https:\/\/www.eldigitaldeasturias.com\/noticias\/miguel-martinez-la-inspeccion-de-trabajo-se-pronunciara-sobre-el-registro-horario-en-unos-dias\/\" \/>\n\t<meta name=\"generator\" content=\"All in One SEO Pro (AIOSEO) 4.9.6.2\" \/>\n\t\t<meta property=\"og:locale\" content=\"es_ES\" \/>\n\t\t<meta property=\"og:site_name\" content=\"El Digital de Asturias\" \/>\n\t\t<meta property=\"og:type\" content=\"article\" \/>\n\t\t<meta property=\"og:title\" content=\"Miguel Mart\u00ednez: \u2018La Inspecci\u00f3n de Trabajo se pronunciar\u00e1 sobre el registro horario en unos d\u00edas\u2019 - El Digital de Asturias\" \/>\n\t\t<meta property=\"og:description\" content=\"El Real Decreto Ley 8\/2019 de 8 de marzo ha supuesto la obligaci\u00f3n de las empresas a la hora de implantar un sistema de registro de la jornada laboral efectiva de los trabajadores a tiempo completo desde el pasado 12 de mayo. Las empresas est\u00e1n tardando en reaccionar a pesar de que la Inspecci\u00f3n de Trabajo\" \/>\n\t\t<meta property=\"og:url\" content=\"https:\/\/www.eldigitaldeasturias.com\/noticias\/miguel-martinez-la-inspeccion-de-trabajo-se-pronunciara-sobre-el-registro-horario-en-unos-dias\/\" \/>\n\t\t<meta property=\"og:image\" content=\"https:\/\/www.eldigitaldeasturias.com\/noticias\/wp-content\/uploads\/2019\/06\/1559664832_de_izq._a_dcha_Laura_Morcillo_Omar_Molina_Mar_a_de_la_O_Mart_nez_Miguel_Mart_nez_Miguel_Fresneda_y_Gonzalo_Jim_nez.jpg\" \/>\n\t\t<meta property=\"og:image:secure_url\" content=\"https:\/\/www.eldigitaldeasturias.com\/noticias\/wp-content\/uploads\/2019\/06\/1559664832_de_izq._a_dcha_Laura_Morcillo_Omar_Molina_Mar_a_de_la_O_Mart_nez_Miguel_Mart_nez_Miguel_Fresneda_y_Gonzalo_Jim_nez.jpg\" \/>\n\t\t<meta property=\"og:image:width\" content=\"871\" \/>\n\t\t<meta property=\"og:image:height\" content=\"592\" \/>\n\t\t<meta property=\"article:tag\" content=\"negocios y empresas\" \/>\n\t\t<meta property=\"article:published_time\" content=\"2019-06-05T17:22:40+00:00\" \/>\n\t\t<meta property=\"article:modified_time\" content=\"2019-06-05T17:22:40+00:00\" \/>\n\t\t<meta property=\"article:publisher\" content=\"https:\/\/facebook.com\/eldigitaldeasturias\" \/>\n\t\t<meta name=\"twitter:card\" content=\"summary_large_image\" \/>\n\t\t<meta name=\"twitter:title\" content=\"Miguel Mart\u00ednez: \u2018La Inspecci\u00f3n de Trabajo se pronunciar\u00e1 sobre el registro horario en unos d\u00edas\u2019 - El Digital de Asturias\" \/>\n\t\t<meta name=\"twitter:description\" content=\"El Real Decreto Ley 8\/2019 de 8 de marzo ha supuesto la obligaci\u00f3n de las empresas a la hora de implantar un sistema de registro de la jornada laboral efectiva de los trabajadores a tiempo completo desde el pasado 12 de mayo. Las empresas est\u00e1n tardando en reaccionar a pesar de que la Inspecci\u00f3n de Trabajo\" \/>\n\t\t<meta name=\"twitter:image\" content=\"https:\/\/www.eldigitaldeasturias.com\/noticias\/wp-content\/uploads\/2019\/06\/1559664832_de_izq._a_dcha_Laura_Morcillo_Omar_Molina_Mar_a_de_la_O_Mart_nez_Miguel_Mart_nez_Miguel_Fresneda_y_Gonzalo_Jim_nez.jpg\" \/>\n\t\t<meta name=\"twitter:label1\" content=\"Escrito por\" \/>\n\t\t<meta name=\"twitter:data1\" content=\"El Digital de Asturias\" \/>\n\t\t<meta name=\"twitter:label2\" content=\"Tiempo de lectura estimado\" \/>\n\t\t<meta name=\"twitter:data2\" content=\"4 minutos\" \/>\n\t\t<script type=\"application\/ld+json\" class=\"aioseo-schema\">\n\t\t\t{\"@context\":\"https:\\\/\\\/schema.org\",\"@graph\":[{\"@type\":\"BlogPosting\",\"@id\":\"https:\\\/\\\/www.eldigitaldeasturias.com\\\/noticias\\\/miguel-martinez-la-inspeccion-de-trabajo-se-pronunciara-sobre-el-registro-horario-en-unos-dias\\\/#blogposting\",\"name\":\"Miguel Mart\\u00ednez: \\u2018La Inspecci\\u00f3n de Trabajo se pronunciar\\u00e1 sobre el registro horario en unos d\\u00edas\\u2019 - El Digital de Asturias\",\"headline\":\"Miguel Mart\\u00ednez: &#8216;La Inspecci\\u00f3n de Trabajo se pronunciar\\u00e1 sobre el registro horario en unos d\\u00edas&#8217;\",\"author\":{\"@id\":\"https:\\\/\\\/www.eldigitaldeasturias.com\\\/noticias\\\/author\\\/admin\\\/#author\"},\"publisher\":{\"@id\":\"https:\\\/\\\/www.eldigitaldeasturias.com\\\/noticias\\\/#organization\"},\"image\":{\"@type\":\"ImageObject\",\"url\":\"https:\\\/\\\/www.eldigitaldeasturias.com\\\/noticias\\\/wp-content\\\/uploads\\\/2019\\\/06\\\/1559664832_de_izq._a_dcha_Laura_Morcillo_Omar_Molina_Mar_a_de_la_O_Mart_nez_Miguel_Mart_nez_Miguel_Fresneda_y_Gonzalo_Jim_nez.jpg\",\"width\":871,\"height\":592},\"datePublished\":\"2019-06-05T17:22:40+02:00\",\"dateModified\":\"2019-06-05T17:22:40+02:00\",\"inLanguage\":\"es-ES\",\"mainEntityOfPage\":{\"@id\":\"https:\\\/\\\/www.eldigitaldeasturias.com\\\/noticias\\\/miguel-martinez-la-inspeccion-de-trabajo-se-pronunciara-sobre-el-registro-horario-en-unos-dias\\\/#webpage\"},\"isPartOf\":{\"@id\":\"https:\\\/\\\/www.eldigitaldeasturias.com\\\/noticias\\\/miguel-martinez-la-inspeccion-de-trabajo-se-pronunciara-sobre-el-registro-horario-en-unos-dias\\\/#webpage\"},\"articleSection\":\"Negocios y Empresas\"},{\"@type\":\"BreadcrumbList\",\"@id\":\"https:\\\/\\\/www.eldigitaldeasturias.com\\\/noticias\\\/miguel-martinez-la-inspeccion-de-trabajo-se-pronunciara-sobre-el-registro-horario-en-unos-dias\\\/#breadcrumblist\",\"itemListElement\":[{\"@type\":\"ListItem\",\"@id\":\"https:\\\/\\\/www.eldigitaldeasturias.com\\\/noticias#listItem\",\"position\":1,\"name\":\"Home\",\"item\":\"https:\\\/\\\/www.eldigitaldeasturias.com\\\/noticias\",\"nextItem\":{\"@type\":\"ListItem\",\"@id\":\"https:\\\/\\\/www.eldigitaldeasturias.com\\\/noticias\\\/category\\\/negocios-y-empresas\\\/#listItem\",\"name\":\"Negocios y Empresas\"}},{\"@type\":\"ListItem\",\"@id\":\"https:\\\/\\\/www.eldigitaldeasturias.com\\\/noticias\\\/category\\\/negocios-y-empresas\\\/#listItem\",\"position\":2,\"name\":\"Negocios y Empresas\",\"item\":\"https:\\\/\\\/www.eldigitaldeasturias.com\\\/noticias\\\/category\\\/negocios-y-empresas\\\/\",\"nextItem\":{\"@type\":\"ListItem\",\"@id\":\"https:\\\/\\\/www.eldigitaldeasturias.com\\\/noticias\\\/miguel-martinez-la-inspeccion-de-trabajo-se-pronunciara-sobre-el-registro-horario-en-unos-dias\\\/#listItem\",\"name\":\"Miguel Mart\\u00ednez: &#8216;La Inspecci\\u00f3n de Trabajo se pronunciar\\u00e1 sobre el registro horario en unos d\\u00edas&#8217;\"},\"previousItem\":{\"@type\":\"ListItem\",\"@id\":\"https:\\\/\\\/www.eldigitaldeasturias.com\\\/noticias#listItem\",\"name\":\"Home\"}},{\"@type\":\"ListItem\",\"@id\":\"https:\\\/\\\/www.eldigitaldeasturias.com\\\/noticias\\\/miguel-martinez-la-inspeccion-de-trabajo-se-pronunciara-sobre-el-registro-horario-en-unos-dias\\\/#listItem\",\"position\":3,\"name\":\"Miguel Mart\\u00ednez: &#8216;La Inspecci\\u00f3n de Trabajo se pronunciar\\u00e1 sobre el registro horario en unos d\\u00edas&#8217;\",\"previousItem\":{\"@type\":\"ListItem\",\"@id\":\"https:\\\/\\\/www.eldigitaldeasturias.com\\\/noticias\\\/category\\\/negocios-y-empresas\\\/#listItem\",\"name\":\"Negocios y Empresas\"}}]},{\"@type\":\"Organization\",\"@id\":\"https:\\\/\\\/www.eldigitaldeasturias.com\\\/noticias\\\/#organization\",\"name\":\"El Digital de Asturias\",\"description\":\"Hemeroteca\",\"url\":\"https:\\\/\\\/www.eldigitaldeasturias.com\\\/noticias\\\/\",\"email\":\"info@eldigitaldeasturias.com\",\"telephone\":\"+34652131393\",\"logo\":{\"@type\":\"ImageObject\",\"url\":\"https:\\\/\\\/www.eldigitaldeasturias.com\\\/noticias\\\/wp-content\\\/uploads\\\/2020\\\/12\\\/EDA.jpg\",\"@id\":\"https:\\\/\\\/www.eldigitaldeasturias.com\\\/noticias\\\/miguel-martinez-la-inspeccion-de-trabajo-se-pronunciara-sobre-el-registro-horario-en-unos-dias\\\/#organizationLogo\",\"width\":649,\"height\":297},\"image\":{\"@id\":\"https:\\\/\\\/www.eldigitaldeasturias.com\\\/noticias\\\/miguel-martinez-la-inspeccion-de-trabajo-se-pronunciara-sobre-el-registro-horario-en-unos-dias\\\/#organizationLogo\"},\"sameAs\":[\"https:\\\/\\\/facebook.com\\\/eldigitaldeasturias\",\"https:\\\/\\\/www.youtube.com\\\/channel\\\/UCZP-2wLEB9Rv6erhFmqVnvg\"],\"address\":{\"@id\":\"https:\\\/\\\/www.eldigitaldeasturias.com\\\/noticias\\\/#postaladdress\",\"@type\":\"PostalAddress\",\"streetAddress\":\"san antonio 4,\",\"postalCode\":\"33430\",\"addressLocality\":\"Cand\\u00e1s\",\"addressRegion\":\"Asturias\",\"addressCountry\":\"ES\"}},{\"@type\":\"Person\",\"@id\":\"https:\\\/\\\/www.eldigitaldeasturias.com\\\/noticias\\\/author\\\/admin\\\/#author\",\"url\":\"https:\\\/\\\/www.eldigitaldeasturias.com\\\/noticias\\\/author\\\/admin\\\/\",\"name\":\"El Digital de Asturias\",\"image\":{\"@type\":\"ImageObject\",\"@id\":\"https:\\\/\\\/www.eldigitaldeasturias.com\\\/noticias\\\/miguel-martinez-la-inspeccion-de-trabajo-se-pronunciara-sobre-el-registro-horario-en-unos-dias\\\/#authorImage\",\"url\":\"https:\\\/\\\/www.eldigitaldeasturias.com\\\/noticias\\\/wp-content\\\/litespeed\\\/avatar\\\/18677e78aa0546b92d9dbf31ec7d7668.jpg?ver=1777290358\",\"width\":96,\"height\":96,\"caption\":\"El Digital de Asturias\"}},{\"@type\":\"WebPage\",\"@id\":\"https:\\\/\\\/www.eldigitaldeasturias.com\\\/noticias\\\/miguel-martinez-la-inspeccion-de-trabajo-se-pronunciara-sobre-el-registro-horario-en-unos-dias\\\/#webpage\",\"url\":\"https:\\\/\\\/www.eldigitaldeasturias.com\\\/noticias\\\/miguel-martinez-la-inspeccion-de-trabajo-se-pronunciara-sobre-el-registro-horario-en-unos-dias\\\/\",\"name\":\"Miguel Mart\\u00ednez: \\u2018La Inspecci\\u00f3n de Trabajo se pronunciar\\u00e1 sobre el registro horario en unos d\\u00edas\\u2019 - El Digital de Asturias\",\"description\":\"El Real Decreto Ley 8\\\/2019 de 8 de marzo ha supuesto la obligaci\\u00f3n de las empresas a la hora de implantar un sistema de registro de la jornada laboral efectiva de los trabajadores a tiempo completo desde el pasado 12 de mayo. Las empresas est\\u00e1n tardando en reaccionar a pesar de que la Inspecci\\u00f3n de Trabajo\",\"inLanguage\":\"es-ES\",\"isPartOf\":{\"@id\":\"https:\\\/\\\/www.eldigitaldeasturias.com\\\/noticias\\\/#website\"},\"breadcrumb\":{\"@id\":\"https:\\\/\\\/www.eldigitaldeasturias.com\\\/noticias\\\/miguel-martinez-la-inspeccion-de-trabajo-se-pronunciara-sobre-el-registro-horario-en-unos-dias\\\/#breadcrumblist\"},\"author\":{\"@id\":\"https:\\\/\\\/www.eldigitaldeasturias.com\\\/noticias\\\/author\\\/admin\\\/#author\"},\"creator\":{\"@id\":\"https:\\\/\\\/www.eldigitaldeasturias.com\\\/noticias\\\/author\\\/admin\\\/#author\"},\"image\":{\"@type\":\"ImageObject\",\"url\":\"https:\\\/\\\/www.eldigitaldeasturias.com\\\/noticias\\\/wp-content\\\/uploads\\\/2019\\\/06\\\/1559664832_de_izq._a_dcha_Laura_Morcillo_Omar_Molina_Mar_a_de_la_O_Mart_nez_Miguel_Mart_nez_Miguel_Fresneda_y_Gonzalo_Jim_nez.jpg\",\"@id\":\"https:\\\/\\\/www.eldigitaldeasturias.com\\\/noticias\\\/miguel-martinez-la-inspeccion-de-trabajo-se-pronunciara-sobre-el-registro-horario-en-unos-dias\\\/#mainImage\",\"width\":871,\"height\":592},\"primaryImageOfPage\":{\"@id\":\"https:\\\/\\\/www.eldigitaldeasturias.com\\\/noticias\\\/miguel-martinez-la-inspeccion-de-trabajo-se-pronunciara-sobre-el-registro-horario-en-unos-dias\\\/#mainImage\"},\"datePublished\":\"2019-06-05T17:22:40+02:00\",\"dateModified\":\"2019-06-05T17:22:40+02:00\"},{\"@type\":\"WebSite\",\"@id\":\"https:\\\/\\\/www.eldigitaldeasturias.com\\\/noticias\\\/#website\",\"url\":\"https:\\\/\\\/www.eldigitaldeasturias.com\\\/noticias\\\/\",\"name\":\"El Digital de Asturias - Diario de actualidad y noticias\",\"alternateName\":\"El Digital de Asturias - Diario de actualidad y noticias\",\"description\":\"Hemeroteca\",\"inLanguage\":\"es-ES\",\"publisher\":{\"@id\":\"https:\\\/\\\/www.eldigitaldeasturias.com\\\/noticias\\\/#organization\"}}]}\n\t\t<\/script>\n\t\t<!-- All in One SEO Pro -->\r\n\t\t<title>Miguel Mart\u00ednez: \u2018La Inspecci\u00f3n de Trabajo se pronunciar\u00e1 sobre el registro horario en unos d\u00edas\u2019 - El Digital de Asturias<\/title>\n\n","aioseo_head_json":{"title":"Miguel Mart\u00ednez: \u2018La Inspecci\u00f3n de Trabajo se pronunciar\u00e1 sobre el registro horario en unos d\u00edas\u2019 - El Digital de Asturias","description":"El Real Decreto Ley 8\/2019 de 8 de marzo ha supuesto la obligaci\u00f3n de las empresas a la hora de implantar un sistema de registro de la jornada laboral efectiva de los trabajadores a tiempo completo desde el pasado 12 de mayo. Las empresas est\u00e1n tardando en reaccionar a pesar de que la Inspecci\u00f3n de Trabajo","canonical_url":"https:\/\/www.eldigitaldeasturias.com\/noticias\/miguel-martinez-la-inspeccion-de-trabajo-se-pronunciara-sobre-el-registro-horario-en-unos-dias\/","robots":"max-image-preview:large","keywords":"negocios y empresas","webmasterTools":{"google-site-verification":"UA-38556648-1","msvalidate.01":"7dfe9f3f1b24437ab69f4f2559babe99","miscellaneous":""},"schema":{"@context":"https:\/\/schema.org","@graph":[{"@type":"BlogPosting","@id":"https:\/\/www.eldigitaldeasturias.com\/noticias\/miguel-martinez-la-inspeccion-de-trabajo-se-pronunciara-sobre-el-registro-horario-en-unos-dias\/#blogposting","name":"Miguel Mart\u00ednez: \u2018La Inspecci\u00f3n de Trabajo se pronunciar\u00e1 sobre el registro horario en unos d\u00edas\u2019 - El Digital de Asturias","headline":"Miguel Mart\u00ednez: &#8216;La Inspecci\u00f3n de Trabajo se pronunciar\u00e1 sobre el registro horario en unos d\u00edas&#8217;","author":{"@id":"https:\/\/www.eldigitaldeasturias.com\/noticias\/author\/admin\/#author"},"publisher":{"@id":"https:\/\/www.eldigitaldeasturias.com\/noticias\/#organization"},"image":{"@type":"ImageObject","url":"https:\/\/www.eldigitaldeasturias.com\/noticias\/wp-content\/uploads\/2019\/06\/1559664832_de_izq._a_dcha_Laura_Morcillo_Omar_Molina_Mar_a_de_la_O_Mart_nez_Miguel_Mart_nez_Miguel_Fresneda_y_Gonzalo_Jim_nez.jpg","width":871,"height":592},"datePublished":"2019-06-05T17:22:40+02:00","dateModified":"2019-06-05T17:22:40+02:00","inLanguage":"es-ES","mainEntityOfPage":{"@id":"https:\/\/www.eldigitaldeasturias.com\/noticias\/miguel-martinez-la-inspeccion-de-trabajo-se-pronunciara-sobre-el-registro-horario-en-unos-dias\/#webpage"},"isPartOf":{"@id":"https:\/\/www.eldigitaldeasturias.com\/noticias\/miguel-martinez-la-inspeccion-de-trabajo-se-pronunciara-sobre-el-registro-horario-en-unos-dias\/#webpage"},"articleSection":"Negocios y Empresas"},{"@type":"BreadcrumbList","@id":"https:\/\/www.eldigitaldeasturias.com\/noticias\/miguel-martinez-la-inspeccion-de-trabajo-se-pronunciara-sobre-el-registro-horario-en-unos-dias\/#breadcrumblist","itemListElement":[{"@type":"ListItem","@id":"https:\/\/www.eldigitaldeasturias.com\/noticias#listItem","position":1,"name":"Home","item":"https:\/\/www.eldigitaldeasturias.com\/noticias","nextItem":{"@type":"ListItem","@id":"https:\/\/www.eldigitaldeasturias.com\/noticias\/category\/negocios-y-empresas\/#listItem","name":"Negocios y Empresas"}},{"@type":"ListItem","@id":"https:\/\/www.eldigitaldeasturias.com\/noticias\/category\/negocios-y-empresas\/#listItem","position":2,"name":"Negocios y Empresas","item":"https:\/\/www.eldigitaldeasturias.com\/noticias\/category\/negocios-y-empresas\/","nextItem":{"@type":"ListItem","@id":"https:\/\/www.eldigitaldeasturias.com\/noticias\/miguel-martinez-la-inspeccion-de-trabajo-se-pronunciara-sobre-el-registro-horario-en-unos-dias\/#listItem","name":"Miguel Mart\u00ednez: &#8216;La Inspecci\u00f3n de Trabajo se pronunciar\u00e1 sobre el registro horario en unos d\u00edas&#8217;"},"previousItem":{"@type":"ListItem","@id":"https:\/\/www.eldigitaldeasturias.com\/noticias#listItem","name":"Home"}},{"@type":"ListItem","@id":"https:\/\/www.eldigitaldeasturias.com\/noticias\/miguel-martinez-la-inspeccion-de-trabajo-se-pronunciara-sobre-el-registro-horario-en-unos-dias\/#listItem","position":3,"name":"Miguel Mart\u00ednez: &#8216;La Inspecci\u00f3n de Trabajo se pronunciar\u00e1 sobre el registro horario en unos d\u00edas&#8217;","previousItem":{"@type":"ListItem","@id":"https:\/\/www.eldigitaldeasturias.com\/noticias\/category\/negocios-y-empresas\/#listItem","name":"Negocios y Empresas"}}]},{"@type":"Organization","@id":"https:\/\/www.eldigitaldeasturias.com\/noticias\/#organization","name":"El Digital de Asturias","description":"Hemeroteca","url":"https:\/\/www.eldigitaldeasturias.com\/noticias\/","email":"info@eldigitaldeasturias.com","telephone":"+34652131393","logo":{"@type":"ImageObject","url":"https:\/\/www.eldigitaldeasturias.com\/noticias\/wp-content\/uploads\/2020\/12\/EDA.jpg","@id":"https:\/\/www.eldigitaldeasturias.com\/noticias\/miguel-martinez-la-inspeccion-de-trabajo-se-pronunciara-sobre-el-registro-horario-en-unos-dias\/#organizationLogo","width":649,"height":297},"image":{"@id":"https:\/\/www.eldigitaldeasturias.com\/noticias\/miguel-martinez-la-inspeccion-de-trabajo-se-pronunciara-sobre-el-registro-horario-en-unos-dias\/#organizationLogo"},"sameAs":["https:\/\/facebook.com\/eldigitaldeasturias","https:\/\/www.youtube.com\/channel\/UCZP-2wLEB9Rv6erhFmqVnvg"],"address":{"@id":"https:\/\/www.eldigitaldeasturias.com\/noticias\/#postaladdress","@type":"PostalAddress","streetAddress":"san antonio 4,","postalCode":"33430","addressLocality":"Cand\u00e1s","addressRegion":"Asturias","addressCountry":"ES"}},{"@type":"Person","@id":"https:\/\/www.eldigitaldeasturias.com\/noticias\/author\/admin\/#author","url":"https:\/\/www.eldigitaldeasturias.com\/noticias\/author\/admin\/","name":"El Digital de Asturias","image":{"@type":"ImageObject","@id":"https:\/\/www.eldigitaldeasturias.com\/noticias\/miguel-martinez-la-inspeccion-de-trabajo-se-pronunciara-sobre-el-registro-horario-en-unos-dias\/#authorImage","url":"https:\/\/www.eldigitaldeasturias.com\/noticias\/wp-content\/litespeed\/avatar\/18677e78aa0546b92d9dbf31ec7d7668.jpg?ver=1777290358","width":96,"height":96,"caption":"El Digital de Asturias"}},{"@type":"WebPage","@id":"https:\/\/www.eldigitaldeasturias.com\/noticias\/miguel-martinez-la-inspeccion-de-trabajo-se-pronunciara-sobre-el-registro-horario-en-unos-dias\/#webpage","url":"https:\/\/www.eldigitaldeasturias.com\/noticias\/miguel-martinez-la-inspeccion-de-trabajo-se-pronunciara-sobre-el-registro-horario-en-unos-dias\/","name":"Miguel Mart\u00ednez: \u2018La Inspecci\u00f3n de Trabajo se pronunciar\u00e1 sobre el registro horario en unos d\u00edas\u2019 - El Digital de Asturias","description":"El Real Decreto Ley 8\/2019 de 8 de marzo ha supuesto la obligaci\u00f3n de las empresas a la hora de implantar un sistema de registro de la jornada laboral efectiva de los trabajadores a tiempo completo desde el pasado 12 de mayo. Las empresas est\u00e1n tardando en reaccionar a pesar de que la Inspecci\u00f3n de Trabajo","inLanguage":"es-ES","isPartOf":{"@id":"https:\/\/www.eldigitaldeasturias.com\/noticias\/#website"},"breadcrumb":{"@id":"https:\/\/www.eldigitaldeasturias.com\/noticias\/miguel-martinez-la-inspeccion-de-trabajo-se-pronunciara-sobre-el-registro-horario-en-unos-dias\/#breadcrumblist"},"author":{"@id":"https:\/\/www.eldigitaldeasturias.com\/noticias\/author\/admin\/#author"},"creator":{"@id":"https:\/\/www.eldigitaldeasturias.com\/noticias\/author\/admin\/#author"},"image":{"@type":"ImageObject","url":"https:\/\/www.eldigitaldeasturias.com\/noticias\/wp-content\/uploads\/2019\/06\/1559664832_de_izq._a_dcha_Laura_Morcillo_Omar_Molina_Mar_a_de_la_O_Mart_nez_Miguel_Mart_nez_Miguel_Fresneda_y_Gonzalo_Jim_nez.jpg","@id":"https:\/\/www.eldigitaldeasturias.com\/noticias\/miguel-martinez-la-inspeccion-de-trabajo-se-pronunciara-sobre-el-registro-horario-en-unos-dias\/#mainImage","width":871,"height":592},"primaryImageOfPage":{"@id":"https:\/\/www.eldigitaldeasturias.com\/noticias\/miguel-martinez-la-inspeccion-de-trabajo-se-pronunciara-sobre-el-registro-horario-en-unos-dias\/#mainImage"},"datePublished":"2019-06-05T17:22:40+02:00","dateModified":"2019-06-05T17:22:40+02:00"},{"@type":"WebSite","@id":"https:\/\/www.eldigitaldeasturias.com\/noticias\/#website","url":"https:\/\/www.eldigitaldeasturias.com\/noticias\/","name":"El Digital de Asturias - Diario de actualidad y noticias","alternateName":"El Digital de Asturias - Diario de actualidad y noticias","description":"Hemeroteca","inLanguage":"es-ES","publisher":{"@id":"https:\/\/www.eldigitaldeasturias.com\/noticias\/#organization"}}]},"og:locale":"es_ES","og:site_name":"El Digital de Asturias","og:type":"article","og:title":"Miguel Mart\u00ednez: \u2018La Inspecci\u00f3n de Trabajo se pronunciar\u00e1 sobre el registro horario en unos d\u00edas\u2019 - El Digital de Asturias","og:description":"El Real Decreto Ley 8\/2019 de 8 de marzo ha supuesto la obligaci\u00f3n de las empresas a la hora de implantar un sistema de registro de la jornada laboral efectiva de los trabajadores a tiempo completo desde el pasado 12 de mayo. Las empresas est\u00e1n tardando en reaccionar a pesar de que la Inspecci\u00f3n de Trabajo","og:url":"https:\/\/www.eldigitaldeasturias.com\/noticias\/miguel-martinez-la-inspeccion-de-trabajo-se-pronunciara-sobre-el-registro-horario-en-unos-dias\/","og:image":"https:\/\/www.eldigitaldeasturias.com\/noticias\/wp-content\/uploads\/2019\/06\/1559664832_de_izq._a_dcha_Laura_Morcillo_Omar_Molina_Mar_a_de_la_O_Mart_nez_Miguel_Mart_nez_Miguel_Fresneda_y_Gonzalo_Jim_nez.jpg","og:image:secure_url":"https:\/\/www.eldigitaldeasturias.com\/noticias\/wp-content\/uploads\/2019\/06\/1559664832_de_izq._a_dcha_Laura_Morcillo_Omar_Molina_Mar_a_de_la_O_Mart_nez_Miguel_Mart_nez_Miguel_Fresneda_y_Gonzalo_Jim_nez.jpg","og:image:width":871,"og:image:height":592,"article:tag":["negocios y empresas"],"article:published_time":"2019-06-05T17:22:40+00:00","article:modified_time":"2019-06-05T17:22:40+00:00","article:publisher":"https:\/\/facebook.com\/eldigitaldeasturias","twitter:card":"summary_large_image","twitter:title":"Miguel Mart\u00ednez: \u2018La Inspecci\u00f3n de Trabajo se pronunciar\u00e1 sobre el registro horario en unos d\u00edas\u2019 - El Digital de Asturias","twitter:description":"El Real Decreto Ley 8\/2019 de 8 de marzo ha supuesto la obligaci\u00f3n de las empresas a la hora de implantar un sistema de registro de la jornada laboral efectiva de los trabajadores a tiempo completo desde el pasado 12 de mayo. Las empresas est\u00e1n tardando en reaccionar a pesar de que la Inspecci\u00f3n de Trabajo","twitter:image":"https:\/\/www.eldigitaldeasturias.com\/noticias\/wp-content\/uploads\/2019\/06\/1559664832_de_izq._a_dcha_Laura_Morcillo_Omar_Molina_Mar_a_de_la_O_Mart_nez_Miguel_Mart_nez_Miguel_Fresneda_y_Gonzalo_Jim_nez.jpg","twitter:label1":"Escrito por","twitter:data1":"El Digital de Asturias","twitter:label2":"Tiempo de lectura estimado","twitter:data2":"4 minutos"},"aioseo_meta_data":{"post_id":"1029795","title":null,"description":null,"keywords":null,"keyphrases":null,"primary_term":null,"canonical_url":null,"og_title":null,"og_description":null,"og_object_type":"default","og_image_type":"default","og_image_url":null,"og_image_width":null,"og_image_height":null,"og_image_custom_url":null,"og_image_custom_fields":null,"og_video":null,"og_custom_url":null,"og_article_section":null,"og_article_tags":null,"twitter_use_og":false,"twitter_card":"default","twitter_image_type":"default","twitter_image_url":null,"twitter_image_custom_url":null,"twitter_image_custom_fields":null,"twitter_title":null,"twitter_description":null,"schema":{"blockGraphs":[],"customGraphs":[],"default":{"data":{"Article":[],"Course":[],"Dataset":[],"FAQPage":[],"Movie":[],"Person":[],"Product":[],"ProductReview":[],"Car":[],"Recipe":[],"Service":[],"SoftwareApplication":[],"WebPage":[]},"graphName":"","isEnabled":true},"graphs":[],"defaultGraph":"","defaultPostTypeGraph":""},"schema_type":null,"schema_type_options":null,"pillar_content":false,"robots_default":true,"robots_noindex":false,"robots_noarchive":false,"robots_nosnippet":false,"robots_nofollow":false,"robots_noimageindex":false,"robots_noodp":false,"robots_notranslate":false,"robots_max_snippet":null,"robots_max_videopreview":null,"robots_max_imagepreview":"large","priority":null,"frequency":null,"local_seo":null,"seo_analyzer_scan_date":"2025-10-18 13:28:09","breadcrumb_settings":null,"limit_modified_date":false,"open_ai":null,"ai":null,"created":"2020-12-21 11:10:54","updated":"2025-10-18 13:28:10"},"aioseo_breadcrumb":"<div class=\"aioseo-breadcrumbs\"><span class=\"aioseo-breadcrumb\">\n\t<a href=\"https:\/\/www.eldigitaldeasturias.com\/noticias\" title=\"Home\">Home<\/a>\n<\/span><span class=\"aioseo-breadcrumb-separator\">\u2013<\/span><span class=\"aioseo-breadcrumb\">\n\t<a href=\"https:\/\/www.eldigitaldeasturias.com\/noticias\/category\/negocios-y-empresas\/\" title=\"Negocios y Empresas\">Negocios y Empresas<\/a>\n<\/span><span class=\"aioseo-breadcrumb-separator\">\u2013<\/span><span class=\"aioseo-breadcrumb\">\n\t<a href=\"https:\/\/www.eldigitaldeasturias.com\/noticias\/miguel-martinez-la-inspeccion-de-trabajo-se-pronunciara-sobre-el-registro-horario-en-unos-dias\/\" title=\"Miguel Mart\u00ednez: \u2018La Inspecci\u00f3n de Trabajo se pronunciar\u00e1 sobre el registro horario en unos d\u00edas\u2019\">Miguel Mart\u00ednez: \u2018La Inspecci\u00f3n de Trabajo se pronunciar\u00e1 sobre el registro horario en unos d\u00edas\u2019<\/a>\n<\/span><\/div>","aioseo_breadcrumb_json":[{"label":"Home","link":"https:\/\/www.eldigitaldeasturias.com\/noticias"},{"label":"Negocios y Empresas","link":"https:\/\/www.eldigitaldeasturias.com\/noticias\/category\/negocios-y-empresas\/"},{"label":"Miguel Mart\u00ednez: &#8216;La Inspecci\u00f3n de Trabajo se pronunciar\u00e1 sobre el registro horario en unos d\u00edas&#8217;","link":"https:\/\/www.eldigitaldeasturias.com\/noticias\/miguel-martinez-la-inspeccion-de-trabajo-se-pronunciara-sobre-el-registro-horario-en-unos-dias\/"}],"_links":{"self":[{"href":"https:\/\/www.eldigitaldeasturias.com\/noticias\/wp-json\/wp\/v2\/posts\/1029795","targetHints":{"allow":["GET"]}}],"collection":[{"href":"https:\/\/www.eldigitaldeasturias.com\/noticias\/wp-json\/wp\/v2\/posts"}],"about":[{"href":"https:\/\/www.eldigitaldeasturias.com\/noticias\/wp-json\/wp\/v2\/types\/post"}],"author":[{"embeddable":true,"href":"https:\/\/www.eldigitaldeasturias.com\/noticias\/wp-json\/wp\/v2\/users\/1"}],"replies":[{"embeddable":true,"href":"https:\/\/www.eldigitaldeasturias.com\/noticias\/wp-json\/wp\/v2\/comments?post=1029795"}],"version-history":[{"count":0,"href":"https:\/\/www.eldigitaldeasturias.com\/noticias\/wp-json\/wp\/v2\/posts\/1029795\/revisions"}],"wp:featuredmedia":[{"embeddable":true,"href":"https:\/\/www.eldigitaldeasturias.com\/noticias\/wp-json\/wp\/v2\/media\/1029796"}],"wp:attachment":[{"href":"https:\/\/www.eldigitaldeasturias.com\/noticias\/wp-json\/wp\/v2\/media?parent=1029795"}],"wp:term":[{"taxonomy":"category","embeddable":true,"href":"https:\/\/www.eldigitaldeasturias.com\/noticias\/wp-json\/wp\/v2\/categories?post=1029795"},{"taxonomy":"post_tag","embeddable":true,"href":"https:\/\/www.eldigitaldeasturias.com\/noticias\/wp-json\/wp\/v2\/tags?post=1029795"}],"curies":[{"name":"wp","href":"https:\/\/api.w.org\/{rel}","templated":true}]}}