{"id":1029792,"date":"2019-06-05T17:18:49","date_gmt":"2019-06-05T17:18:49","guid":{"rendered":"https:\/\/www.eldigitaldeasturias.com\/noticias\/?p=1029792"},"modified":"2019-06-05T17:18:49","modified_gmt":"2019-06-05T17:18:49","slug":"decelera-cierra-su-quinta-edicion-en-menorca-con-cerca-de-200-participantes","status":"publish","type":"post","link":"https:\/\/www.eldigitaldeasturias.com\/noticias\/decelera-cierra-su-quinta-edicion-en-menorca-con-cerca-de-200-participantes\/","title":{"rendered":"Decelera cierra su quinta edici\u00f3n en Menorca con cerca de 200 participantes"},"content":{"rendered":"<p><a href=\"https:\/\/decelera.com\/\" target=\"_blank\" rel=\"nofollow noopener noreferrer\"><em><span style=\"color: #ff6600;\"><strong><img loading=\"lazy\" decoding=\"async\" class=\"alignleft size-medium wp-image-1029793\" src=\"https:\/\/www.eldigitaldeasturias.com\/noticias\/wp-content\/uploads\/2019\/06\/1559664557_Decelera_Menorca_2019._Foto_por_Paula_Jaume-360x240.jpg\" alt=\"\" width=\"360\" height=\"240\" srcset=\"https:\/\/www.eldigitaldeasturias.com\/noticias\/wp-content\/uploads\/2019\/06\/1559664557_Decelera_Menorca_2019._Foto_por_Paula_Jaume-360x240.jpg 360w, https:\/\/www.eldigitaldeasturias.com\/noticias\/wp-content\/uploads\/2019\/06\/1559664557_Decelera_Menorca_2019._Foto_por_Paula_Jaume.jpg 640w\" sizes=\"auto, (max-width: 360px) 100vw, 360px\" \/>Decelera<\/strong><\/span><\/em><\/a>, el primer movimiento mundial de desaceleraci\u00f3n de startups tecno-sostenibles, acaba de clausurar la quinta edici\u00f3n de su programa, que se ha celebrado en la isla de Menorca entre el 24 de mayo y el 4 de junio.<\/p>\n<p>A lo largo de estos d\u00edas, han pasado por el programa de desaceleraci\u00f3n\u00a0<strong>casi 200 participantes,<\/strong>\u00a0entre los que se encuentran\u00a0<strong>medio centenar de emprendedores, 60 l\u00edderes empresariales (<\/strong><em><strong>Experience Makers)<\/strong><\/em><strong>, una veintena de inversores y miembros de equipos de una decena de corporaciones y aliados de\u00a0<\/strong><em><strong>Deceler<\/strong><\/em><strong>a,<\/strong>\u00a0como Schneider Electric y Endeavor Espa\u00f1a, partners estrat\u00e9gicos de esta edici\u00f3n.<\/p>\n<p>La metodolog\u00eda\u00a0<em>Decelera<\/em>\u00a0se ha desarrollado en tres fases fundamentales:\u00a0<em>Breathe, Focus<\/em>\u00a0y\u00a0<em>Grow<\/em>, que se traducen en los tres objetivos clave que persigue este movimiento: desconectar a los emprendedores de las actividades diarias que no le dejan pensar en la estrategia, validar su modelo de negocio con l\u00edderes empresariales y analizar las posibilidades de inversi\u00f3n mediante encuentros one-to-one con inversores y venture capitals internacionales, como\u00a0<em><strong>Nauta Capital,\u00a0Highland Europe,\u00a0The Venture City,\u00a0Cidron\u00a0Ventures<\/strong><\/em>.<\/p>\n<p>Inversores que tienen la oportunidad de conocer al equipo humano que hay detr\u00e1s de cada startup y reducir as\u00ed el riesgo de una futura inversi\u00f3n en el proyecto. As\u00ed, Magnues Rinnan, de Cidron Ventures, puntualiz\u00f3 \u201che notado en esta edici\u00f3n una consolidaci\u00f3n de la metodolog\u00eda\u00a0<em>Decelera\u00a0<\/em>por la calidad de las startups seleccionadas y un punto de madurez de los proyectos m\u00e1s elevado que en a\u00f1os anteriores\u201d.<\/p>\n<p><em>Decelera<\/em>\u00a0Menorca ha contado con una amplia diversidad de actividades enfocadas a abrir la mente de los emprendedores y valorar de manera conjunta los puntos fuertes y d\u00e9biles de cada negocio, mediante charlas inspiracionales, deporte, jornadas culinarias, debates o din\u00e1micas centradas en la sostenibilidad de la isla, como el plogging. Adem\u00e1s, las startups participantes han tenido la oportunidad de realizar encuentros one-to-one con estos l\u00edderes empresariales y con los inversores participantes. En concreto, en esta edici\u00f3n se han celebrado 750 de estas reuniones.<\/p>\n<p><strong>Tras el cierre de esta quinta edici\u00f3n, la comunidad\u00a0<\/strong><em><strong>Decelera<\/strong><\/em><strong>\u00a0suma ya un total de 600 miembros de m\u00e1s de cincuenta pa\u00edses,\u00a0<\/strong>conformada por l\u00edderes empresariales, inversores, corporaciones y Alumni -emprendedores de todas las ediciones del programa- con fuertes lazos de uni\u00f3n entre todos ellos para contribuir al crecimiento sostenible y \u00e9xito de cada startup que forma parte de esta Comunidad.<\/p>\n<h4><strong>Una veintena de startups desaceleradas para escalar de manera sostenible\u00a0<\/strong><\/h4>\n<p>A partir de ahora, <strong>los emprendedores participantes en esta edici\u00f3n contar\u00e1n durante un total de 18 meses con el apoyo del equipo\u00a0<\/strong><em><strong>Decelera<\/strong><\/em><strong>\u00a0para continuar con su escalabilidad y atracci\u00f3n de inversi\u00f3n.<\/strong><\/p>\n<p>\u201cEl programa de\u00a0<em>Decelera<\/em>\u00a0no s\u00f3lo dura las dos semanas que estamos en la isla. Esto no es m\u00e1s que el comienzo. Ahora las startups han vivido la experiencia de nuestra metodolog\u00eda y conocen la importancia del factor humano para garantizar un futuro responsable y la necesidad de contar con un buen equipo humano para el crecimiento de \u00e9xito de su proyecto. Es, por tanto, el momento de seguir acompa\u00f1\u00e1ndolas en su crecimiento y atracci\u00f3n de inversi\u00f3n\u201d, recuerda\u00a0<strong>Marcos Mart\u00edn, CEO de\u00a0<\/strong><em><strong>Decelera<\/strong><\/em><strong>\u00a0Menorca.<\/strong><\/p>\n<p>Todas las iniciativas participantes en este edici\u00f3n de\u00a0<em>Decelera\u00a0<\/em>est\u00e1n relacionada con al menos uno de los 17 Objetivos de Desarrollo Sostenible (ODS) de las Naciones Unidas y cuenta con potencial de crecimiento.<\/p>\n<p><strong>Entre ellas, destacan tres startups que cuentan con el apoyo y patrocinio de uno de los principales partners de esta edici\u00f3n,<span style=\"color: #ff6600;\">\u00a0<\/span><\/strong><span style=\"color: #ff6600;\"><a style=\"color: #ff6600;\" href=\"https:\/\/www.se.com\/es\/es\/\" target=\"_blank\" rel=\"nofollow noopener noreferrer\"><strong>Schneider Electric<\/strong><\/a><\/span><strong>, por la contribuci\u00f3n de estas iniciativas a un futuro energ\u00e9tico sostenible.\u00a0<\/strong>Concretamente, se trata de\u00a0Future Sight (soluciones inmersivas de realidad aumentada, mixta y virtual para mantener a las empresas de la industria del petr\u00f3leo y el gas eficientes y segura);\u00a0Teiacare\u00a0(sistema para la monitorizaci\u00f3n continua y sin contacto en pacientes de hospitales y residencias de ancianos, que utiliza el reconocimiento facial, el procesamiento de se\u00f1ales y Deep Learning inteligente para detectar signos tempranos de problemas card\u00edacos y respiratorios), y\u00a0Senseye\u00a0(software para automatizar la comprensi\u00f3n y predicci\u00f3n del estado de las m\u00e1quinas industriales, que identifica autom\u00e1ticamente los problemas y proporciona pron\u00f3sticos precisos de la vida \u00fatil de los activos que supervisa).<\/p>\n<p>Durante el desarrollo de\u00a0<em>Decelera<\/em>, Silvayn Peinau, responsable de innovaci\u00f3n EMEA de\u00a0Schneider Electric\u00a0acompa\u00f1\u00f3 a estas startups para conocer en profundidad sus negocios y el equipo humano que los lidera para poder ver futuras formas de colaboraci\u00f3n conjunta.<\/p>\n<p>Esta quinta edici\u00f3n ha contado tambi\u00e9n con el apoyo de\u00a0NIU<a href=\"https:\/\/www.niu.ad\/ca\/\" rel=\"nofollow\">,<\/a>\u00a0la incubadora y aceleradora de empresas de\u00a0Andorra Telecom, cuyo principal responsable,\u00a0<strong>Miquel Gouarr\u00e9<\/strong>, resalt\u00f3 la apuesta de Andorra por la innovaci\u00f3n y, adem\u00e1s, asegur\u00f3 \u201cparticipar en este foro no s\u00f3lo permite dar a conocer nuestra incubadora a emprendedores e inversores, tambi\u00e9n es una oportunidad para presentar las opciones que ofrece el pa\u00eds para que startups o empresas de largo recorrido vengan a desarrollar y probar sus productos en Andorra\u00bb.<\/p>\n<p>Adem\u00e1s, han respaldado esta edici\u00f3n de\u00a0<em>Decelera<\/em>, partners como\u00a0Why Tenerife,\u00a0IE XL,\u00a0Twilio Sendgrid\u00a0y\u00a0Fundaci\u00f3 Centre &#8211; Bit, con su apoyo a los emprendedores participantes en esta edici\u00f3n mediante diferentes din\u00e1micas, encuentros 1:1 y servicios a largo plazo para la Comunidad\u00a0<em>Decelera.<\/em><\/p>\n<h4><strong>Lecciones aprendidas en Decelera Menorca 2019\u00a0<\/strong><\/h4>\n<p>Entre las lecciones aprendidas por los emprendedores durante <em>Decelera<\/em>\u00a0Menorca 2019 destacan tem\u00e1ticas como la importancia del factor humano, la inspiraci\u00f3n, el fracaso como aprendizaje o la aplicaci\u00f3n de la tecnolog\u00eda en nuestras vidas.<\/p>\n<p>Lecciones aportadas en las charlas inspiracionales de destacados l\u00edderes empresariales como\u00a0<strong>Pablo Rabanal<\/strong><strong>, fundador y CEO de Reclamador.es y uno de los emprendedores incluidos en la prestigiosa red de Endeavor Espa\u00f1a\u00a0<\/strong>(partner de\u00a0<em>Decelera<\/em>), que record\u00f3 la importancia de la inspiraci\u00f3n: \u201cno debemos dejar de creer firmemente en lo que hacemos porque, aunque todos queremos generar dinero, nuestras acciones deben tener tambi\u00e9n el prop\u00f3sito de crear un impacto social positivo\u201d.<\/p>\n<p>Por su parte,\u00a0Mario Alonso Puig, aport\u00f3 las claves para aprender a conectar con uno mismo, indicando \u201csi mostramos preocupaci\u00f3n por el futuro es porque lo consideramos una amenaza\u201d.<\/p>\n<p>En esta l\u00ednea,\u00a0<strong>David Braun<\/strong><strong>,<\/strong>\u00a0asesor de las startups seleccionadas por el programa de hiper-aceleraci\u00f3n Google en Launchpad y experto en tecnolog\u00eda deportiva les anim\u00f3 a cambiar su concepto sobre el fracaso: \u201ctenemos que re-definir esta palabra. En el fracaso o ganas o aprendes, pero nunca fracasas. Fracasando aprendes mucho m\u00e1s que si no lo hicieras\u201d, asegur\u00f3 Braun.<\/p>\n<p>La elecci\u00f3n y gesti\u00f3n del equipo humano de las startups como punto clave para su \u00e9xito fue defendido por\u00a0<strong>Jos\u00e9 Manuel Villanueva, co-fundador de Privalia<\/strong>: \u00abla vida es demasiado corta para perder el tiempo. Si el l\u00edder es un trabajador duro y cercano a su equipo, el proyecto funcionar\u00e1. Creer en el proyecto, ser directo, saber escuchar y contar con la educaci\u00f3n adecuada son factores fundamentales para el liderazgo\u201d.<\/p>\n<p>La importancia de implementar una cultura empresarial en el seno de las startups fue el factor clave aportado por\u00a0Jason Eckenroth, co-fundador de\u00a0Sovereignty, que apunt\u00f3 \u201clos valores y cultura de una empresa no se crean, est\u00e1n ah\u00ed. Existe un c\u00f3digo que est\u00e1 debajo y que permite que el negocio funcione. Es necesario detectarlo para poder interiorizarlos y que el proyecto crezca con los valores que les identifica\u201d.<\/p>\n<p>Asimismo, Ricardo Mesquita, responsable de\u00a0IE XL, record\u00f3 a los emprendedores la importancia de contar con habilidades h\u00edbridas porque \u00ablas empresas est\u00e1n buscando talento t\u00e9cnico y cada d\u00eda es m\u00e1s dif\u00edcil encontrar candidatos con estas competencias\u201d.<\/p>\n<p>La visi\u00f3n del futuro con la aplicaci\u00f3n de una tecnolog\u00eda enfocada en el factor humano fue la tem\u00e1tica de la charla impartida por\u00a0Gerd Leonhard, futurista, humanista, autor de \u2018Technology vs. Humanity\u2019 y CEO The Futures Agency, que resalt\u00f3 \u201cla tecnolog\u00eda no es buena ni mala, depende del uso que le demos\u201d. Adem\u00e1s, comparti\u00f3 con los emprendedores cuatro consejos para el \u00e9xito de sus proyectos: \u201ccrea algo significativo y con poder; desarrolla proyectos interesantes para el ecosistema; prima la interacci\u00f3n sobre la reacci\u00f3n, y ten en cuenta las consecuencias de lo que se est\u00e1 creando para un desarrollo sostenible\u201d.<\/p>\n<p>Bajo este paradigma ofreci\u00f3 tambi\u00e9n su visi\u00f3n\u00a0<strong>Anastasia Dedyukhina<\/strong>\u00a0-creadora de\u00a0Consciously Digital, un proyecto para el minimalismo digital que plantea una nueva relaci\u00f3n usuario-tel\u00e9fono-. Durante su participaci\u00f3n en\u00a0<em>Decelera<\/em>\u00a0Menorca asegur\u00f3 \u201cel mal uso de la tecnolog\u00eda y la conexi\u00f3n a los dispositivos digitales afecta de forma importante a la creatividad de los emprendedores. Es necesario encontrar espacios diarios donde desconectar para que la creatividad surja\u201d.<\/p>\n<p>Por su parte,\u00a0<strong>M<\/strong><strong>artin Varsavsky<\/strong>, partner del movimiento\u00a0<em>Decelera<\/em>\u00a0y emprendedor de \u00e9xito, augur\u00f3 durante una amplia jornada compartida con los asistentes a esta edici\u00f3n \u201clo que me preocupa es la tecnolog\u00eda que permite que los humanos hagan el mal\u201d. Y a\u00f1ad\u00eda \u00ablas personas muestran preocupaci\u00f3n por el futuro de la inteligencia artificial, les preocupa que tome el control. Pero me cuesta creerlo. La gente tiende a sobrestimar lo que puede hacer la IA a corto y largo plazo\u201d.<\/p>\n","protected":false},"excerpt":{"rendered":"<p>Decelera, el primer movimiento mundial de desaceleraci\u00f3n de startups tecno-sostenibles, acaba de clausurar la quinta edici\u00f3n de su programa, que se ha celebrado en la isla de Menorca entre el 24 de mayo y el 4 de junio. A lo largo de estos d\u00edas, han pasado por el programa de desaceleraci\u00f3n\u00a0casi 200 participantes,\u00a0entre los que [&hellip;]<\/p>\n","protected":false},"author":1,"featured_media":1029793,"comment_status":"closed","ping_status":"closed","sticky":false,"template":"","format":"standard","meta":{"footnotes":""},"categories":[219],"tags":[],"class_list":["post-1029792","post","type-post","status-publish","format-standard","has-post-thumbnail","hentry","category-negocios-y-empresas"],"aioseo_notices":[],"aioseo_head":"\n\t\t<!-- All in One SEO Pro 4.9.6.2 - aioseo.com -->\n\t<meta name=\"description\" content=\"Decelera, el primer movimiento mundial de desaceleraci\u00f3n de startups tecno-sostenibles, acaba de clausurar la quinta edici\u00f3n de su programa, que se ha celebrado en la isla de Menorca entre el 24 de mayo y el 4 de junio. A lo largo de estos d\u00edas, han pasado por el programa de desaceleraci\u00f3n casi 200 participantes, entre los que\" \/>\n\t<meta name=\"robots\" content=\"max-image-preview:large\" \/>\n\t<meta name=\"author\" content=\"El Digital de Asturias\"\/>\n\t<meta name=\"google-site-verification\" content=\"UA-38556648-1\" \/>\n\t<meta name=\"msvalidate.01\" content=\"7dfe9f3f1b24437ab69f4f2559babe99\" \/>\n\t<meta name=\"keywords\" content=\"negocios y empresas\" \/>\n\t<link rel=\"canonical\" href=\"https:\/\/www.eldigitaldeasturias.com\/noticias\/decelera-cierra-su-quinta-edicion-en-menorca-con-cerca-de-200-participantes\/\" \/>\n\t<meta name=\"generator\" content=\"All in One SEO Pro (AIOSEO) 4.9.6.2\" \/>\n\t\t<meta property=\"og:locale\" content=\"es_ES\" \/>\n\t\t<meta property=\"og:site_name\" content=\"El Digital de Asturias\" \/>\n\t\t<meta property=\"og:type\" content=\"article\" \/>\n\t\t<meta property=\"og:title\" content=\"Decelera cierra su quinta edici\u00f3n en Menorca con cerca de 200 participantes - El Digital de Asturias\" \/>\n\t\t<meta property=\"og:description\" content=\"Decelera, el primer movimiento mundial de desaceleraci\u00f3n de startups tecno-sostenibles, acaba de clausurar la quinta edici\u00f3n de su programa, que se ha celebrado en la isla de Menorca entre el 24 de mayo y el 4 de junio. A lo largo de estos d\u00edas, han pasado por el programa de desaceleraci\u00f3n casi 200 participantes, entre los que\" \/>\n\t\t<meta property=\"og:url\" content=\"https:\/\/www.eldigitaldeasturias.com\/noticias\/decelera-cierra-su-quinta-edicion-en-menorca-con-cerca-de-200-participantes\/\" \/>\n\t\t<meta property=\"og:image\" content=\"https:\/\/www.eldigitaldeasturias.com\/noticias\/wp-content\/uploads\/2019\/06\/1559664557_Decelera_Menorca_2019._Foto_por_Paula_Jaume.jpg\" \/>\n\t\t<meta property=\"og:image:secure_url\" content=\"https:\/\/www.eldigitaldeasturias.com\/noticias\/wp-content\/uploads\/2019\/06\/1559664557_Decelera_Menorca_2019._Foto_por_Paula_Jaume.jpg\" \/>\n\t\t<meta property=\"og:image:width\" content=\"640\" \/>\n\t\t<meta property=\"og:image:height\" content=\"427\" \/>\n\t\t<meta property=\"article:tag\" content=\"negocios y empresas\" \/>\n\t\t<meta property=\"article:published_time\" content=\"2019-06-05T17:18:49+00:00\" \/>\n\t\t<meta property=\"article:modified_time\" content=\"2019-06-05T17:18:49+00:00\" \/>\n\t\t<meta property=\"article:publisher\" content=\"https:\/\/facebook.com\/eldigitaldeasturias\" \/>\n\t\t<meta name=\"twitter:card\" content=\"summary_large_image\" \/>\n\t\t<meta name=\"twitter:title\" content=\"Decelera cierra su quinta edici\u00f3n en Menorca con cerca de 200 participantes - El Digital de Asturias\" \/>\n\t\t<meta name=\"twitter:description\" content=\"Decelera, el primer movimiento mundial de desaceleraci\u00f3n de startups tecno-sostenibles, acaba de clausurar la quinta edici\u00f3n de su programa, que se ha celebrado en la isla de Menorca entre el 24 de mayo y el 4 de junio. A lo largo de estos d\u00edas, han pasado por el programa de desaceleraci\u00f3n casi 200 participantes, entre los que\" \/>\n\t\t<meta name=\"twitter:image\" content=\"https:\/\/www.eldigitaldeasturias.com\/noticias\/wp-content\/uploads\/2019\/06\/1559664557_Decelera_Menorca_2019._Foto_por_Paula_Jaume.jpg\" \/>\n\t\t<meta name=\"twitter:label1\" content=\"Escrito por\" \/>\n\t\t<meta name=\"twitter:data1\" content=\"El Digital de Asturias\" \/>\n\t\t<meta name=\"twitter:label2\" content=\"Tiempo de lectura estimado\" \/>\n\t\t<meta name=\"twitter:data2\" content=\"8 minutos\" \/>\n\t\t<script type=\"application\/ld+json\" class=\"aioseo-schema\">\n\t\t\t{\"@context\":\"https:\\\/\\\/schema.org\",\"@graph\":[{\"@type\":\"BlogPosting\",\"@id\":\"https:\\\/\\\/www.eldigitaldeasturias.com\\\/noticias\\\/decelera-cierra-su-quinta-edicion-en-menorca-con-cerca-de-200-participantes\\\/#blogposting\",\"name\":\"Decelera cierra su quinta edici\\u00f3n en Menorca con cerca de 200 participantes - El Digital de Asturias\",\"headline\":\"Decelera cierra su quinta edici\\u00f3n en Menorca con cerca de 200 participantes\",\"author\":{\"@id\":\"https:\\\/\\\/www.eldigitaldeasturias.com\\\/noticias\\\/author\\\/admin\\\/#author\"},\"publisher\":{\"@id\":\"https:\\\/\\\/www.eldigitaldeasturias.com\\\/noticias\\\/#organization\"},\"image\":{\"@type\":\"ImageObject\",\"url\":\"https:\\\/\\\/www.eldigitaldeasturias.com\\\/noticias\\\/wp-content\\\/uploads\\\/2019\\\/06\\\/1559664557_Decelera_Menorca_2019._Foto_por_Paula_Jaume.jpg\",\"width\":640,\"height\":427},\"datePublished\":\"2019-06-05T17:18:49+02:00\",\"dateModified\":\"2019-06-05T17:18:49+02:00\",\"inLanguage\":\"es-ES\",\"mainEntityOfPage\":{\"@id\":\"https:\\\/\\\/www.eldigitaldeasturias.com\\\/noticias\\\/decelera-cierra-su-quinta-edicion-en-menorca-con-cerca-de-200-participantes\\\/#webpage\"},\"isPartOf\":{\"@id\":\"https:\\\/\\\/www.eldigitaldeasturias.com\\\/noticias\\\/decelera-cierra-su-quinta-edicion-en-menorca-con-cerca-de-200-participantes\\\/#webpage\"},\"articleSection\":\"Negocios y Empresas\"},{\"@type\":\"BreadcrumbList\",\"@id\":\"https:\\\/\\\/www.eldigitaldeasturias.com\\\/noticias\\\/decelera-cierra-su-quinta-edicion-en-menorca-con-cerca-de-200-participantes\\\/#breadcrumblist\",\"itemListElement\":[{\"@type\":\"ListItem\",\"@id\":\"https:\\\/\\\/www.eldigitaldeasturias.com\\\/noticias#listItem\",\"position\":1,\"name\":\"Home\",\"item\":\"https:\\\/\\\/www.eldigitaldeasturias.com\\\/noticias\",\"nextItem\":{\"@type\":\"ListItem\",\"@id\":\"https:\\\/\\\/www.eldigitaldeasturias.com\\\/noticias\\\/category\\\/negocios-y-empresas\\\/#listItem\",\"name\":\"Negocios y Empresas\"}},{\"@type\":\"ListItem\",\"@id\":\"https:\\\/\\\/www.eldigitaldeasturias.com\\\/noticias\\\/category\\\/negocios-y-empresas\\\/#listItem\",\"position\":2,\"name\":\"Negocios y Empresas\",\"item\":\"https:\\\/\\\/www.eldigitaldeasturias.com\\\/noticias\\\/category\\\/negocios-y-empresas\\\/\",\"nextItem\":{\"@type\":\"ListItem\",\"@id\":\"https:\\\/\\\/www.eldigitaldeasturias.com\\\/noticias\\\/decelera-cierra-su-quinta-edicion-en-menorca-con-cerca-de-200-participantes\\\/#listItem\",\"name\":\"Decelera cierra su quinta edici\\u00f3n en Menorca con cerca de 200 participantes\"},\"previousItem\":{\"@type\":\"ListItem\",\"@id\":\"https:\\\/\\\/www.eldigitaldeasturias.com\\\/noticias#listItem\",\"name\":\"Home\"}},{\"@type\":\"ListItem\",\"@id\":\"https:\\\/\\\/www.eldigitaldeasturias.com\\\/noticias\\\/decelera-cierra-su-quinta-edicion-en-menorca-con-cerca-de-200-participantes\\\/#listItem\",\"position\":3,\"name\":\"Decelera cierra su quinta edici\\u00f3n en Menorca con cerca de 200 participantes\",\"previousItem\":{\"@type\":\"ListItem\",\"@id\":\"https:\\\/\\\/www.eldigitaldeasturias.com\\\/noticias\\\/category\\\/negocios-y-empresas\\\/#listItem\",\"name\":\"Negocios y Empresas\"}}]},{\"@type\":\"Organization\",\"@id\":\"https:\\\/\\\/www.eldigitaldeasturias.com\\\/noticias\\\/#organization\",\"name\":\"El Digital de Asturias\",\"description\":\"Hemeroteca\",\"url\":\"https:\\\/\\\/www.eldigitaldeasturias.com\\\/noticias\\\/\",\"email\":\"info@eldigitaldeasturias.com\",\"telephone\":\"+34652131393\",\"logo\":{\"@type\":\"ImageObject\",\"url\":\"https:\\\/\\\/www.eldigitaldeasturias.com\\\/noticias\\\/wp-content\\\/uploads\\\/2020\\\/12\\\/EDA.jpg\",\"@id\":\"https:\\\/\\\/www.eldigitaldeasturias.com\\\/noticias\\\/decelera-cierra-su-quinta-edicion-en-menorca-con-cerca-de-200-participantes\\\/#organizationLogo\",\"width\":649,\"height\":297},\"image\":{\"@id\":\"https:\\\/\\\/www.eldigitaldeasturias.com\\\/noticias\\\/decelera-cierra-su-quinta-edicion-en-menorca-con-cerca-de-200-participantes\\\/#organizationLogo\"},\"sameAs\":[\"https:\\\/\\\/facebook.com\\\/eldigitaldeasturias\",\"https:\\\/\\\/www.youtube.com\\\/channel\\\/UCZP-2wLEB9Rv6erhFmqVnvg\"],\"address\":{\"@id\":\"https:\\\/\\\/www.eldigitaldeasturias.com\\\/noticias\\\/#postaladdress\",\"@type\":\"PostalAddress\",\"streetAddress\":\"san antonio 4,\",\"postalCode\":\"33430\",\"addressLocality\":\"Cand\\u00e1s\",\"addressRegion\":\"Asturias\",\"addressCountry\":\"ES\"}},{\"@type\":\"Person\",\"@id\":\"https:\\\/\\\/www.eldigitaldeasturias.com\\\/noticias\\\/author\\\/admin\\\/#author\",\"url\":\"https:\\\/\\\/www.eldigitaldeasturias.com\\\/noticias\\\/author\\\/admin\\\/\",\"name\":\"El Digital de Asturias\",\"image\":{\"@type\":\"ImageObject\",\"@id\":\"https:\\\/\\\/www.eldigitaldeasturias.com\\\/noticias\\\/decelera-cierra-su-quinta-edicion-en-menorca-con-cerca-de-200-participantes\\\/#authorImage\",\"url\":\"https:\\\/\\\/www.eldigitaldeasturias.com\\\/noticias\\\/wp-content\\\/litespeed\\\/avatar\\\/18677e78aa0546b92d9dbf31ec7d7668.jpg?ver=1777290358\",\"width\":96,\"height\":96,\"caption\":\"El Digital de Asturias\"}},{\"@type\":\"WebPage\",\"@id\":\"https:\\\/\\\/www.eldigitaldeasturias.com\\\/noticias\\\/decelera-cierra-su-quinta-edicion-en-menorca-con-cerca-de-200-participantes\\\/#webpage\",\"url\":\"https:\\\/\\\/www.eldigitaldeasturias.com\\\/noticias\\\/decelera-cierra-su-quinta-edicion-en-menorca-con-cerca-de-200-participantes\\\/\",\"name\":\"Decelera cierra su quinta edici\\u00f3n en Menorca con cerca de 200 participantes - El Digital de Asturias\",\"description\":\"Decelera, el primer movimiento mundial de desaceleraci\\u00f3n de startups tecno-sostenibles, acaba de clausurar la quinta edici\\u00f3n de su programa, que se ha celebrado en la isla de Menorca entre el 24 de mayo y el 4 de junio. A lo largo de estos d\\u00edas, han pasado por el programa de desaceleraci\\u00f3n casi 200 participantes, entre los que\",\"inLanguage\":\"es-ES\",\"isPartOf\":{\"@id\":\"https:\\\/\\\/www.eldigitaldeasturias.com\\\/noticias\\\/#website\"},\"breadcrumb\":{\"@id\":\"https:\\\/\\\/www.eldigitaldeasturias.com\\\/noticias\\\/decelera-cierra-su-quinta-edicion-en-menorca-con-cerca-de-200-participantes\\\/#breadcrumblist\"},\"author\":{\"@id\":\"https:\\\/\\\/www.eldigitaldeasturias.com\\\/noticias\\\/author\\\/admin\\\/#author\"},\"creator\":{\"@id\":\"https:\\\/\\\/www.eldigitaldeasturias.com\\\/noticias\\\/author\\\/admin\\\/#author\"},\"image\":{\"@type\":\"ImageObject\",\"url\":\"https:\\\/\\\/www.eldigitaldeasturias.com\\\/noticias\\\/wp-content\\\/uploads\\\/2019\\\/06\\\/1559664557_Decelera_Menorca_2019._Foto_por_Paula_Jaume.jpg\",\"@id\":\"https:\\\/\\\/www.eldigitaldeasturias.com\\\/noticias\\\/decelera-cierra-su-quinta-edicion-en-menorca-con-cerca-de-200-participantes\\\/#mainImage\",\"width\":640,\"height\":427},\"primaryImageOfPage\":{\"@id\":\"https:\\\/\\\/www.eldigitaldeasturias.com\\\/noticias\\\/decelera-cierra-su-quinta-edicion-en-menorca-con-cerca-de-200-participantes\\\/#mainImage\"},\"datePublished\":\"2019-06-05T17:18:49+02:00\",\"dateModified\":\"2019-06-05T17:18:49+02:00\"},{\"@type\":\"WebSite\",\"@id\":\"https:\\\/\\\/www.eldigitaldeasturias.com\\\/noticias\\\/#website\",\"url\":\"https:\\\/\\\/www.eldigitaldeasturias.com\\\/noticias\\\/\",\"name\":\"El Digital de Asturias - Diario de actualidad y noticias\",\"alternateName\":\"El Digital de Asturias - Diario de actualidad y noticias\",\"description\":\"Hemeroteca\",\"inLanguage\":\"es-ES\",\"publisher\":{\"@id\":\"https:\\\/\\\/www.eldigitaldeasturias.com\\\/noticias\\\/#organization\"}}]}\n\t\t<\/script>\n\t\t<!-- All in One SEO Pro -->\r\n\t\t<title>Decelera cierra su quinta edici\u00f3n en Menorca con cerca de 200 participantes - El Digital de Asturias<\/title>\n\n","aioseo_head_json":{"title":"Decelera cierra su quinta edici\u00f3n en Menorca con cerca de 200 participantes - El Digital de Asturias","description":"Decelera, el primer movimiento mundial de desaceleraci\u00f3n de startups tecno-sostenibles, acaba de clausurar la quinta edici\u00f3n de su programa, que se ha celebrado en la isla de Menorca entre el 24 de mayo y el 4 de junio. A lo largo de estos d\u00edas, han pasado por el programa de desaceleraci\u00f3n casi 200 participantes, entre los que","canonical_url":"https:\/\/www.eldigitaldeasturias.com\/noticias\/decelera-cierra-su-quinta-edicion-en-menorca-con-cerca-de-200-participantes\/","robots":"max-image-preview:large","keywords":"negocios y empresas","webmasterTools":{"google-site-verification":"UA-38556648-1","msvalidate.01":"7dfe9f3f1b24437ab69f4f2559babe99","miscellaneous":""},"schema":{"@context":"https:\/\/schema.org","@graph":[{"@type":"BlogPosting","@id":"https:\/\/www.eldigitaldeasturias.com\/noticias\/decelera-cierra-su-quinta-edicion-en-menorca-con-cerca-de-200-participantes\/#blogposting","name":"Decelera cierra su quinta edici\u00f3n en Menorca con cerca de 200 participantes - El Digital de Asturias","headline":"Decelera cierra su quinta edici\u00f3n en Menorca con cerca de 200 participantes","author":{"@id":"https:\/\/www.eldigitaldeasturias.com\/noticias\/author\/admin\/#author"},"publisher":{"@id":"https:\/\/www.eldigitaldeasturias.com\/noticias\/#organization"},"image":{"@type":"ImageObject","url":"https:\/\/www.eldigitaldeasturias.com\/noticias\/wp-content\/uploads\/2019\/06\/1559664557_Decelera_Menorca_2019._Foto_por_Paula_Jaume.jpg","width":640,"height":427},"datePublished":"2019-06-05T17:18:49+02:00","dateModified":"2019-06-05T17:18:49+02:00","inLanguage":"es-ES","mainEntityOfPage":{"@id":"https:\/\/www.eldigitaldeasturias.com\/noticias\/decelera-cierra-su-quinta-edicion-en-menorca-con-cerca-de-200-participantes\/#webpage"},"isPartOf":{"@id":"https:\/\/www.eldigitaldeasturias.com\/noticias\/decelera-cierra-su-quinta-edicion-en-menorca-con-cerca-de-200-participantes\/#webpage"},"articleSection":"Negocios y Empresas"},{"@type":"BreadcrumbList","@id":"https:\/\/www.eldigitaldeasturias.com\/noticias\/decelera-cierra-su-quinta-edicion-en-menorca-con-cerca-de-200-participantes\/#breadcrumblist","itemListElement":[{"@type":"ListItem","@id":"https:\/\/www.eldigitaldeasturias.com\/noticias#listItem","position":1,"name":"Home","item":"https:\/\/www.eldigitaldeasturias.com\/noticias","nextItem":{"@type":"ListItem","@id":"https:\/\/www.eldigitaldeasturias.com\/noticias\/category\/negocios-y-empresas\/#listItem","name":"Negocios y Empresas"}},{"@type":"ListItem","@id":"https:\/\/www.eldigitaldeasturias.com\/noticias\/category\/negocios-y-empresas\/#listItem","position":2,"name":"Negocios y Empresas","item":"https:\/\/www.eldigitaldeasturias.com\/noticias\/category\/negocios-y-empresas\/","nextItem":{"@type":"ListItem","@id":"https:\/\/www.eldigitaldeasturias.com\/noticias\/decelera-cierra-su-quinta-edicion-en-menorca-con-cerca-de-200-participantes\/#listItem","name":"Decelera cierra su quinta edici\u00f3n en Menorca con cerca de 200 participantes"},"previousItem":{"@type":"ListItem","@id":"https:\/\/www.eldigitaldeasturias.com\/noticias#listItem","name":"Home"}},{"@type":"ListItem","@id":"https:\/\/www.eldigitaldeasturias.com\/noticias\/decelera-cierra-su-quinta-edicion-en-menorca-con-cerca-de-200-participantes\/#listItem","position":3,"name":"Decelera cierra su quinta edici\u00f3n en Menorca con cerca de 200 participantes","previousItem":{"@type":"ListItem","@id":"https:\/\/www.eldigitaldeasturias.com\/noticias\/category\/negocios-y-empresas\/#listItem","name":"Negocios y Empresas"}}]},{"@type":"Organization","@id":"https:\/\/www.eldigitaldeasturias.com\/noticias\/#organization","name":"El Digital de Asturias","description":"Hemeroteca","url":"https:\/\/www.eldigitaldeasturias.com\/noticias\/","email":"info@eldigitaldeasturias.com","telephone":"+34652131393","logo":{"@type":"ImageObject","url":"https:\/\/www.eldigitaldeasturias.com\/noticias\/wp-content\/uploads\/2020\/12\/EDA.jpg","@id":"https:\/\/www.eldigitaldeasturias.com\/noticias\/decelera-cierra-su-quinta-edicion-en-menorca-con-cerca-de-200-participantes\/#organizationLogo","width":649,"height":297},"image":{"@id":"https:\/\/www.eldigitaldeasturias.com\/noticias\/decelera-cierra-su-quinta-edicion-en-menorca-con-cerca-de-200-participantes\/#organizationLogo"},"sameAs":["https:\/\/facebook.com\/eldigitaldeasturias","https:\/\/www.youtube.com\/channel\/UCZP-2wLEB9Rv6erhFmqVnvg"],"address":{"@id":"https:\/\/www.eldigitaldeasturias.com\/noticias\/#postaladdress","@type":"PostalAddress","streetAddress":"san antonio 4,","postalCode":"33430","addressLocality":"Cand\u00e1s","addressRegion":"Asturias","addressCountry":"ES"}},{"@type":"Person","@id":"https:\/\/www.eldigitaldeasturias.com\/noticias\/author\/admin\/#author","url":"https:\/\/www.eldigitaldeasturias.com\/noticias\/author\/admin\/","name":"El Digital de Asturias","image":{"@type":"ImageObject","@id":"https:\/\/www.eldigitaldeasturias.com\/noticias\/decelera-cierra-su-quinta-edicion-en-menorca-con-cerca-de-200-participantes\/#authorImage","url":"https:\/\/www.eldigitaldeasturias.com\/noticias\/wp-content\/litespeed\/avatar\/18677e78aa0546b92d9dbf31ec7d7668.jpg?ver=1777290358","width":96,"height":96,"caption":"El Digital de Asturias"}},{"@type":"WebPage","@id":"https:\/\/www.eldigitaldeasturias.com\/noticias\/decelera-cierra-su-quinta-edicion-en-menorca-con-cerca-de-200-participantes\/#webpage","url":"https:\/\/www.eldigitaldeasturias.com\/noticias\/decelera-cierra-su-quinta-edicion-en-menorca-con-cerca-de-200-participantes\/","name":"Decelera cierra su quinta edici\u00f3n en Menorca con cerca de 200 participantes - El Digital de Asturias","description":"Decelera, el primer movimiento mundial de desaceleraci\u00f3n de startups tecno-sostenibles, acaba de clausurar la quinta edici\u00f3n de su programa, que se ha celebrado en la isla de Menorca entre el 24 de mayo y el 4 de junio. A lo largo de estos d\u00edas, han pasado por el programa de desaceleraci\u00f3n casi 200 participantes, entre los que","inLanguage":"es-ES","isPartOf":{"@id":"https:\/\/www.eldigitaldeasturias.com\/noticias\/#website"},"breadcrumb":{"@id":"https:\/\/www.eldigitaldeasturias.com\/noticias\/decelera-cierra-su-quinta-edicion-en-menorca-con-cerca-de-200-participantes\/#breadcrumblist"},"author":{"@id":"https:\/\/www.eldigitaldeasturias.com\/noticias\/author\/admin\/#author"},"creator":{"@id":"https:\/\/www.eldigitaldeasturias.com\/noticias\/author\/admin\/#author"},"image":{"@type":"ImageObject","url":"https:\/\/www.eldigitaldeasturias.com\/noticias\/wp-content\/uploads\/2019\/06\/1559664557_Decelera_Menorca_2019._Foto_por_Paula_Jaume.jpg","@id":"https:\/\/www.eldigitaldeasturias.com\/noticias\/decelera-cierra-su-quinta-edicion-en-menorca-con-cerca-de-200-participantes\/#mainImage","width":640,"height":427},"primaryImageOfPage":{"@id":"https:\/\/www.eldigitaldeasturias.com\/noticias\/decelera-cierra-su-quinta-edicion-en-menorca-con-cerca-de-200-participantes\/#mainImage"},"datePublished":"2019-06-05T17:18:49+02:00","dateModified":"2019-06-05T17:18:49+02:00"},{"@type":"WebSite","@id":"https:\/\/www.eldigitaldeasturias.com\/noticias\/#website","url":"https:\/\/www.eldigitaldeasturias.com\/noticias\/","name":"El Digital de Asturias - Diario de actualidad y noticias","alternateName":"El Digital de Asturias - Diario de actualidad y noticias","description":"Hemeroteca","inLanguage":"es-ES","publisher":{"@id":"https:\/\/www.eldigitaldeasturias.com\/noticias\/#organization"}}]},"og:locale":"es_ES","og:site_name":"El Digital de Asturias","og:type":"article","og:title":"Decelera cierra su quinta edici\u00f3n en Menorca con cerca de 200 participantes - El Digital de Asturias","og:description":"Decelera, el primer movimiento mundial de desaceleraci\u00f3n de startups tecno-sostenibles, acaba de clausurar la quinta edici\u00f3n de su programa, que se ha celebrado en la isla de Menorca entre el 24 de mayo y el 4 de junio. A lo largo de estos d\u00edas, han pasado por el programa de desaceleraci\u00f3n casi 200 participantes, entre los que","og:url":"https:\/\/www.eldigitaldeasturias.com\/noticias\/decelera-cierra-su-quinta-edicion-en-menorca-con-cerca-de-200-participantes\/","og:image":"https:\/\/www.eldigitaldeasturias.com\/noticias\/wp-content\/uploads\/2019\/06\/1559664557_Decelera_Menorca_2019._Foto_por_Paula_Jaume.jpg","og:image:secure_url":"https:\/\/www.eldigitaldeasturias.com\/noticias\/wp-content\/uploads\/2019\/06\/1559664557_Decelera_Menorca_2019._Foto_por_Paula_Jaume.jpg","og:image:width":640,"og:image:height":427,"article:tag":["negocios y empresas"],"article:published_time":"2019-06-05T17:18:49+00:00","article:modified_time":"2019-06-05T17:18:49+00:00","article:publisher":"https:\/\/facebook.com\/eldigitaldeasturias","twitter:card":"summary_large_image","twitter:title":"Decelera cierra su quinta edici\u00f3n en Menorca con cerca de 200 participantes - El Digital de Asturias","twitter:description":"Decelera, el primer movimiento mundial de desaceleraci\u00f3n de startups tecno-sostenibles, acaba de clausurar la quinta edici\u00f3n de su programa, que se ha celebrado en la isla de Menorca entre el 24 de mayo y el 4 de junio. A lo largo de estos d\u00edas, han pasado por el programa de desaceleraci\u00f3n casi 200 participantes, entre los que","twitter:image":"https:\/\/www.eldigitaldeasturias.com\/noticias\/wp-content\/uploads\/2019\/06\/1559664557_Decelera_Menorca_2019._Foto_por_Paula_Jaume.jpg","twitter:label1":"Escrito por","twitter:data1":"El Digital de Asturias","twitter:label2":"Tiempo de lectura estimado","twitter:data2":"8 minutos"},"aioseo_meta_data":{"post_id":"1029792","title":null,"description":null,"keywords":null,"keyphrases":null,"primary_term":null,"canonical_url":null,"og_title":null,"og_description":null,"og_object_type":"default","og_image_type":"default","og_image_url":null,"og_image_width":null,"og_image_height":null,"og_image_custom_url":null,"og_image_custom_fields":null,"og_video":null,"og_custom_url":null,"og_article_section":null,"og_article_tags":null,"twitter_use_og":false,"twitter_card":"default","twitter_image_type":"default","twitter_image_url":null,"twitter_image_custom_url":null,"twitter_image_custom_fields":null,"twitter_title":null,"twitter_description":null,"schema":{"blockGraphs":[],"customGraphs":[],"default":{"data":{"Article":[],"Course":[],"Dataset":[],"FAQPage":[],"Movie":[],"Person":[],"Product":[],"ProductReview":[],"Car":[],"Recipe":[],"Service":[],"SoftwareApplication":[],"WebPage":[]},"graphName":"","isEnabled":true},"graphs":[],"defaultGraph":"","defaultPostTypeGraph":""},"schema_type":null,"schema_type_options":null,"pillar_content":false,"robots_default":true,"robots_noindex":false,"robots_noarchive":false,"robots_nosnippet":false,"robots_nofollow":false,"robots_noimageindex":false,"robots_noodp":false,"robots_notranslate":false,"robots_max_snippet":null,"robots_max_videopreview":null,"robots_max_imagepreview":"large","priority":null,"frequency":null,"local_seo":null,"seo_analyzer_scan_date":"2025-10-18 13:28:09","breadcrumb_settings":null,"limit_modified_date":false,"open_ai":null,"ai":null,"created":"2020-12-21 11:10:54","updated":"2025-10-18 13:28:09"},"aioseo_breadcrumb":"<div class=\"aioseo-breadcrumbs\"><span class=\"aioseo-breadcrumb\">\n\t<a href=\"https:\/\/www.eldigitaldeasturias.com\/noticias\" title=\"Home\">Home<\/a>\n<\/span><span class=\"aioseo-breadcrumb-separator\">\u2013<\/span><span class=\"aioseo-breadcrumb\">\n\t<a href=\"https:\/\/www.eldigitaldeasturias.com\/noticias\/category\/negocios-y-empresas\/\" title=\"Negocios y Empresas\">Negocios y Empresas<\/a>\n<\/span><span class=\"aioseo-breadcrumb-separator\">\u2013<\/span><span class=\"aioseo-breadcrumb\">\n\t<a href=\"https:\/\/www.eldigitaldeasturias.com\/noticias\/decelera-cierra-su-quinta-edicion-en-menorca-con-cerca-de-200-participantes\/\" title=\"Decelera cierra su quinta edici\u00f3n en Menorca con cerca de 200 participantes\">Decelera cierra su quinta edici\u00f3n en Menorca con cerca de 200 participantes<\/a>\n<\/span><\/div>","aioseo_breadcrumb_json":[{"label":"Home","link":"https:\/\/www.eldigitaldeasturias.com\/noticias"},{"label":"Negocios y Empresas","link":"https:\/\/www.eldigitaldeasturias.com\/noticias\/category\/negocios-y-empresas\/"},{"label":"Decelera cierra su quinta edici\u00f3n en Menorca con cerca de 200 participantes","link":"https:\/\/www.eldigitaldeasturias.com\/noticias\/decelera-cierra-su-quinta-edicion-en-menorca-con-cerca-de-200-participantes\/"}],"_links":{"self":[{"href":"https:\/\/www.eldigitaldeasturias.com\/noticias\/wp-json\/wp\/v2\/posts\/1029792","targetHints":{"allow":["GET"]}}],"collection":[{"href":"https:\/\/www.eldigitaldeasturias.com\/noticias\/wp-json\/wp\/v2\/posts"}],"about":[{"href":"https:\/\/www.eldigitaldeasturias.com\/noticias\/wp-json\/wp\/v2\/types\/post"}],"author":[{"embeddable":true,"href":"https:\/\/www.eldigitaldeasturias.com\/noticias\/wp-json\/wp\/v2\/users\/1"}],"replies":[{"embeddable":true,"href":"https:\/\/www.eldigitaldeasturias.com\/noticias\/wp-json\/wp\/v2\/comments?post=1029792"}],"version-history":[{"count":0,"href":"https:\/\/www.eldigitaldeasturias.com\/noticias\/wp-json\/wp\/v2\/posts\/1029792\/revisions"}],"wp:featuredmedia":[{"embeddable":true,"href":"https:\/\/www.eldigitaldeasturias.com\/noticias\/wp-json\/wp\/v2\/media\/1029793"}],"wp:attachment":[{"href":"https:\/\/www.eldigitaldeasturias.com\/noticias\/wp-json\/wp\/v2\/media?parent=1029792"}],"wp:term":[{"taxonomy":"category","embeddable":true,"href":"https:\/\/www.eldigitaldeasturias.com\/noticias\/wp-json\/wp\/v2\/categories?post=1029792"},{"taxonomy":"post_tag","embeddable":true,"href":"https:\/\/www.eldigitaldeasturias.com\/noticias\/wp-json\/wp\/v2\/tags?post=1029792"}],"curies":[{"name":"wp","href":"https:\/\/api.w.org\/{rel}","templated":true}]}}